{"id":49666,"date":"2023-04-03T09:33:00","date_gmt":"2023-04-03T07:33:00","guid":{"rendered":"https:\/\/socialdesignmagazine.com\/mag\/?p=49666"},"modified":"2023-04-02T15:40:04","modified_gmt":"2023-04-02T13:40:04","slug":"liu-jo-living-al-salone-del-mobile-milano-con-la-collezione-coquille-limbottito-che-avvolge-e-contiene-come-il-guscio-di-una-conchiglia","status":"publish","type":"post","link":"https:\/\/socialdesignmagazine.com\/mag\/news\/design-news\/liu-jo-living-al-salone-del-mobile-milano-con-la-collezione-coquille-limbottito-che-avvolge-e-contiene-come-il-guscio-di-una-conchiglia\/","title":{"rendered":"Liu Jo Living al Salone del Mobile.Milano con la collezione Coquille: l&#8217;imbottito che avvolge e contiene come il guscio di una conchiglia","gt_translate_keys":[{"key":"rendered","format":"text"}]},"content":{"rendered":"\n<p>Liu Jo \u00e8 una famosa azienda italiana che, negli ultimi anni, ha deciso di espandersi nel mondo dell&#8217;arredamento e del design attraverso la sua divisione Living. In occasione del prossimo Salone del Mobile di Milano, Liu Jo Living presenter\u00e0 la sua nuova collezione di imbottiti chiamata Coquille.<\/p>\n\n\n\n<p>La collezione, ideata dal designer Simone Cagnazzo, \u00e8 ispirata al mondo delle conchiglie, come suggerisce il nome stesso. Le sedute Coquille sono state pensate come un abbraccio, un invito al relax e al riposo quotidiano. La collezione si presenta come un nido morbido, avvolgente e accogliente, proprio come il guscio di una conchiglia.<\/p>\n\n\n\n<p>L&#8217;idea alla base della collezione \u00e8 quella di offrire un ritaglio di relax ideale in ogni ambiente della casa. Per questo motivo, la Coquille di Liu Jo Living \u00e8 configurabile in diverse versioni, dal divano alla poltrona, dal day bed al pouf. La versatilit\u00e0 degli arredi \u00e8 garantita dalla sfoderabilit\u00e0 dei rivestimenti, permettendo di cambiare facilmente l&#8217;aspetto degli imbottiti e di personalizzare gli ambienti con un tocco di stile.<\/p>\n\n\n\n<p>Gli elementi della collezione Coquille sono caratterizzati dalla presenza di un&#8217;imbottitura in poliuretano, tela di cotone e fioccogel, appoggiata su una struttura metallica tubolare sostenuta da piedini in metallo verniciato a polvere. Tutti gli elementi della collezione hanno un aspetto scultoreo e iconico, che si adatta perfettamente ad ogni tipo di arredamento.<\/p>\n\n\n\n<p>Liu Jo Living ha fatto della sostenibilit\u00e0 uno dei suoi principi fondamentali. La collezione Coquille, infatti, \u00e8 stata realizzata seguendo i principi del riuso e del riciclo dei materiali, al fine di garantire una progettazione sostenibile ed eco-friendly. La filiera produttiva dell&#8217;azienda rispetta le radici del know-how tipico dell&#8217;artigianalit\u00e0 italiana, garantendo una produzione di alta qualit\u00e0 e duratura nel tempo.<\/p>\n\n\n\n<p>La filosofia creativa di Liu Jo Living \u00e8 sinonimo di &#8220;sartoria sociale&#8221;, ovvero la produzione di arredi e complementi d&#8217;arredo che rispondono alle esigenze della vita quotidiana, senza mai dimenticare l&#8217;importanza della sostenibilit\u00e0 ambientale. In questo modo, Liu Jo Living dimostra di avere a cuore le tematiche delicate e attuali, attraverso la creazione di prodotti unici e di alta qualit\u00e0, che rispettano l&#8217;ambiente e le persone che li utilizzano.<\/p>\n\n\n\n<figure class=\"wp-block-gallery has-nested-images columns-1 is-cropped wp-block-gallery-1 is-layout-flex wp-block-gallery-is-layout-flex\">\n<figure class=\"wp-block-image size-large\"><img loading=\"lazy\" decoding=\"async\" width=\"1024\" height=\"1536\" data-attachment-id=\"49667\" data-permalink=\"https:\/\/socialdesignmagazine.com\/mag\/news\/design-news\/liu-jo-living-al-salone-del-mobile-milano-con-la-collezione-coquille-limbottito-che-avvolge-e-contiene-come-il-guscio-di-una-conchiglia\/attachment\/liu-jo_coquille_01\/#content\" data-orig-file=\"https:\/\/socialdesignmagazine.com\/mag\/wp-content\/uploads\/2023\/04\/Liu-Jo_Coquille_01.jpg\" data-orig-size=\"1200,1800\" data-comments-opened=\"1\" data-image-meta=\"{&quot;aperture&quot;:&quot;0&quot;,&quot;credit&quot;:&quot;&quot;,&quot;camera&quot;:&quot;&quot;,&quot;caption&quot;:&quot;&quot;,&quot;created_timestamp&quot;:&quot;0&quot;,&quot;copyright&quot;:&quot;&quot;,&quot;focal_length&quot;:&quot;0&quot;,&quot;iso&quot;:&quot;0&quot;,&quot;shutter_speed&quot;:&quot;0&quot;,&quot;title&quot;:&quot;&quot;,&quot;orientation&quot;:&quot;0&quot;}\" data-image-title=\"Liu Jo Coquille\" data-image-description=\"\" data-image-caption=\"\" data-medium-file=\"https:\/\/socialdesignmagazine.com\/mag\/wp-content\/uploads\/2023\/04\/Liu-Jo_Coquille_01-438x283.jpg\" data-large-file=\"https:\/\/socialdesignmagazine.com\/mag\/wp-content\/uploads\/2023\/04\/Liu-Jo_Coquille_01-1024x1536.jpg\" data-id=\"49667\" src=\"https:\/\/socialdesignmagazine.com\/mag\/wp-content\/uploads\/2023\/04\/Liu-Jo_Coquille_01-1024x1536.jpg\" alt=\"Liu Jo Coquille\" class=\"wp-image-49667\" srcset=\"https:\/\/socialdesignmagazine.com\/mag\/wp-content\/uploads\/2023\/04\/Liu-Jo_Coquille_01-1024x1536.jpg 1024w, https:\/\/socialdesignmagazine.com\/mag\/wp-content\/uploads\/2023\/04\/Liu-Jo_Coquille_01-768x1152.jpg 768w, https:\/\/socialdesignmagazine.com\/mag\/wp-content\/uploads\/2023\/04\/Liu-Jo_Coquille_01.jpg 1200w\" sizes=\"auto, (max-width: 1024px) 100vw, 1024px\" \/><\/figure>\n\n\n\n<figure class=\"wp-block-image size-large\"><img loading=\"lazy\" decoding=\"async\" width=\"1024\" height=\"1536\" data-attachment-id=\"49668\" data-permalink=\"https:\/\/socialdesignmagazine.com\/mag\/news\/design-news\/liu-jo-living-al-salone-del-mobile-milano-con-la-collezione-coquille-limbottito-che-avvolge-e-contiene-come-il-guscio-di-una-conchiglia\/attachment\/liu-jo_coquille_02\/#content\" data-orig-file=\"https:\/\/socialdesignmagazine.com\/mag\/wp-content\/uploads\/2023\/04\/Liu-Jo_Coquille_02.jpg\" data-orig-size=\"1200,1800\" data-comments-opened=\"1\" data-image-meta=\"{&quot;aperture&quot;:&quot;0&quot;,&quot;credit&quot;:&quot;&quot;,&quot;camera&quot;:&quot;&quot;,&quot;caption&quot;:&quot;&quot;,&quot;created_timestamp&quot;:&quot;0&quot;,&quot;copyright&quot;:&quot;&quot;,&quot;focal_length&quot;:&quot;0&quot;,&quot;iso&quot;:&quot;0&quot;,&quot;shutter_speed&quot;:&quot;0&quot;,&quot;title&quot;:&quot;&quot;,&quot;orientation&quot;:&quot;0&quot;}\" data-image-title=\"Liu Jo Coquille\" data-image-description=\"\" data-image-caption=\"\" data-medium-file=\"https:\/\/socialdesignmagazine.com\/mag\/wp-content\/uploads\/2023\/04\/Liu-Jo_Coquille_02-438x283.jpg\" data-large-file=\"https:\/\/socialdesignmagazine.com\/mag\/wp-content\/uploads\/2023\/04\/Liu-Jo_Coquille_02-1024x1536.jpg\" data-id=\"49668\" src=\"https:\/\/socialdesignmagazine.com\/mag\/wp-content\/uploads\/2023\/04\/Liu-Jo_Coquille_02-1024x1536.jpg\" alt=\"Liu Jo Coquille\" class=\"wp-image-49668\" srcset=\"https:\/\/socialdesignmagazine.com\/mag\/wp-content\/uploads\/2023\/04\/Liu-Jo_Coquille_02-1024x1536.jpg 1024w, https:\/\/socialdesignmagazine.com\/mag\/wp-content\/uploads\/2023\/04\/Liu-Jo_Coquille_02-768x1152.jpg 768w, https:\/\/socialdesignmagazine.com\/mag\/wp-content\/uploads\/2023\/04\/Liu-Jo_Coquille_02.jpg 1200w\" sizes=\"auto, (max-width: 1024px) 100vw, 1024px\" \/><\/figure>\n\n\n\n<figure class=\"wp-block-image size-large\"><img loading=\"lazy\" decoding=\"async\" width=\"1024\" height=\"1280\" data-attachment-id=\"49669\" data-permalink=\"https:\/\/socialdesignmagazine.com\/mag\/news\/design-news\/liu-jo-living-al-salone-del-mobile-milano-con-la-collezione-coquille-limbottito-che-avvolge-e-contiene-come-il-guscio-di-una-conchiglia\/attachment\/liu-jo_coquille_02_poltrona\/#content\" data-orig-file=\"https:\/\/socialdesignmagazine.com\/mag\/wp-content\/uploads\/2023\/04\/Liu-Jo_Coquille_02_Poltrona.jpg\" data-orig-size=\"1200,1500\" data-comments-opened=\"1\" data-image-meta=\"{&quot;aperture&quot;:&quot;0&quot;,&quot;credit&quot;:&quot;&quot;,&quot;camera&quot;:&quot;&quot;,&quot;caption&quot;:&quot;&quot;,&quot;created_timestamp&quot;:&quot;0&quot;,&quot;copyright&quot;:&quot;&quot;,&quot;focal_length&quot;:&quot;0&quot;,&quot;iso&quot;:&quot;0&quot;,&quot;shutter_speed&quot;:&quot;0&quot;,&quot;title&quot;:&quot;&quot;,&quot;orientation&quot;:&quot;0&quot;}\" data-image-title=\"Liu Jo Coquille Poltrona\" data-image-description=\"\" data-image-caption=\"\" data-medium-file=\"https:\/\/socialdesignmagazine.com\/mag\/wp-content\/uploads\/2023\/04\/Liu-Jo_Coquille_02_Poltrona-438x283.jpg\" data-large-file=\"https:\/\/socialdesignmagazine.com\/mag\/wp-content\/uploads\/2023\/04\/Liu-Jo_Coquille_02_Poltrona-1024x1280.jpg\" data-id=\"49669\" src=\"https:\/\/socialdesignmagazine.com\/mag\/wp-content\/uploads\/2023\/04\/Liu-Jo_Coquille_02_Poltrona-1024x1280.jpg\" alt=\"Liu Jo Coquille Poltrona\" class=\"wp-image-49669\" srcset=\"https:\/\/socialdesignmagazine.com\/mag\/wp-content\/uploads\/2023\/04\/Liu-Jo_Coquille_02_Poltrona-1024x1280.jpg 1024w, https:\/\/socialdesignmagazine.com\/mag\/wp-content\/uploads\/2023\/04\/Liu-Jo_Coquille_02_Poltrona-768x960.jpg 768w, https:\/\/socialdesignmagazine.com\/mag\/wp-content\/uploads\/2023\/04\/Liu-Jo_Coquille_02_Poltrona.jpg 1200w\" sizes=\"auto, (max-width: 1024px) 100vw, 1024px\" \/><\/figure>\n\n\n\n<figure class=\"wp-block-image size-large\"><img loading=\"lazy\" decoding=\"async\" width=\"1024\" height=\"639\" data-attachment-id=\"49671\" data-permalink=\"https:\/\/socialdesignmagazine.com\/mag\/news\/design-news\/liu-jo-living-al-salone-del-mobile-milano-con-la-collezione-coquille-limbottito-che-avvolge-e-contiene-come-il-guscio-di-una-conchiglia\/attachment\/liu-jo_coquille_03\/#content\" data-orig-file=\"https:\/\/socialdesignmagazine.com\/mag\/wp-content\/uploads\/2023\/04\/Liu-Jo_Coquille_03.jpg\" data-orig-size=\"1200,749\" data-comments-opened=\"1\" data-image-meta=\"{&quot;aperture&quot;:&quot;0&quot;,&quot;credit&quot;:&quot;&quot;,&quot;camera&quot;:&quot;&quot;,&quot;caption&quot;:&quot;&quot;,&quot;created_timestamp&quot;:&quot;0&quot;,&quot;copyright&quot;:&quot;&quot;,&quot;focal_length&quot;:&quot;0&quot;,&quot;iso&quot;:&quot;0&quot;,&quot;shutter_speed&quot;:&quot;0&quot;,&quot;title&quot;:&quot;&quot;,&quot;orientation&quot;:&quot;0&quot;}\" data-image-title=\"Liu Jo Coquille\" data-image-description=\"\" data-image-caption=\"\" data-medium-file=\"https:\/\/socialdesignmagazine.com\/mag\/wp-content\/uploads\/2023\/04\/Liu-Jo_Coquille_03-438x283.jpg\" data-large-file=\"https:\/\/socialdesignmagazine.com\/mag\/wp-content\/uploads\/2023\/04\/Liu-Jo_Coquille_03-1024x639.jpg\" data-id=\"49671\" src=\"https:\/\/socialdesignmagazine.com\/mag\/wp-content\/uploads\/2023\/04\/Liu-Jo_Coquille_03-1024x639.jpg\" alt=\"Liu Jo Coquille\" class=\"wp-image-49671\" srcset=\"https:\/\/socialdesignmagazine.com\/mag\/wp-content\/uploads\/2023\/04\/Liu-Jo_Coquille_03-1024x639.jpg 1024w, https:\/\/socialdesignmagazine.com\/mag\/wp-content\/uploads\/2023\/04\/Liu-Jo_Coquille_03-768x479.jpg 768w, https:\/\/socialdesignmagazine.com\/mag\/wp-content\/uploads\/2023\/04\/Liu-Jo_Coquille_03.jpg 1200w\" sizes=\"auto, (max-width: 1024px) 100vw, 1024px\" \/><\/figure>\n\n\n\n<figure class=\"wp-block-image size-large\"><img loading=\"lazy\" decoding=\"async\" width=\"1024\" height=\"1280\" data-attachment-id=\"49673\" data-permalink=\"https:\/\/socialdesignmagazine.com\/mag\/news\/design-news\/liu-jo-living-al-salone-del-mobile-milano-con-la-collezione-coquille-limbottito-che-avvolge-e-contiene-come-il-guscio-di-una-conchiglia\/attachment\/liu-jo_coquille_divano\/#content\" data-orig-file=\"https:\/\/socialdesignmagazine.com\/mag\/wp-content\/uploads\/2023\/04\/Liu-Jo_Coquille_Divano.jpg\" data-orig-size=\"1200,1500\" data-comments-opened=\"1\" data-image-meta=\"{&quot;aperture&quot;:&quot;0&quot;,&quot;credit&quot;:&quot;&quot;,&quot;camera&quot;:&quot;&quot;,&quot;caption&quot;:&quot;&quot;,&quot;created_timestamp&quot;:&quot;0&quot;,&quot;copyright&quot;:&quot;&quot;,&quot;focal_length&quot;:&quot;0&quot;,&quot;iso&quot;:&quot;0&quot;,&quot;shutter_speed&quot;:&quot;0&quot;,&quot;title&quot;:&quot;&quot;,&quot;orientation&quot;:&quot;0&quot;}\" data-image-title=\"Liu Jo Coquille Divano\" data-image-description=\"\" data-image-caption=\"\" data-medium-file=\"https:\/\/socialdesignmagazine.com\/mag\/wp-content\/uploads\/2023\/04\/Liu-Jo_Coquille_Divano-438x283.jpg\" data-large-file=\"https:\/\/socialdesignmagazine.com\/mag\/wp-content\/uploads\/2023\/04\/Liu-Jo_Coquille_Divano-1024x1280.jpg\" data-id=\"49673\" src=\"https:\/\/socialdesignmagazine.com\/mag\/wp-content\/uploads\/2023\/04\/Liu-Jo_Coquille_Divano-1024x1280.jpg\" alt=\"Liu Jo Coquille Divano\" class=\"wp-image-49673\" srcset=\"https:\/\/socialdesignmagazine.com\/mag\/wp-content\/uploads\/2023\/04\/Liu-Jo_Coquille_Divano-1024x1280.jpg 1024w, https:\/\/socialdesignmagazine.com\/mag\/wp-content\/uploads\/2023\/04\/Liu-Jo_Coquille_Divano-768x960.jpg 768w, https:\/\/socialdesignmagazine.com\/mag\/wp-content\/uploads\/2023\/04\/Liu-Jo_Coquille_Divano.jpg 1200w\" sizes=\"auto, (max-width: 1024px) 100vw, 1024px\" \/><\/figure>\n\n\n\n<figure class=\"wp-block-image size-large\"><img loading=\"lazy\" decoding=\"async\" width=\"1024\" height=\"683\" data-attachment-id=\"49672\" data-permalink=\"https:\/\/socialdesignmagazine.com\/mag\/news\/design-news\/liu-jo-living-al-salone-del-mobile-milano-con-la-collezione-coquille-limbottito-che-avvolge-e-contiene-come-il-guscio-di-una-conchiglia\/attachment\/liu-jo_coquille_divano_cl01\/#content\" data-orig-file=\"https:\/\/socialdesignmagazine.com\/mag\/wp-content\/uploads\/2023\/04\/Liu-Jo_Coquille_Divano_CL01.jpg\" data-orig-size=\"1200,800\" data-comments-opened=\"1\" data-image-meta=\"{&quot;aperture&quot;:&quot;0&quot;,&quot;credit&quot;:&quot;&quot;,&quot;camera&quot;:&quot;&quot;,&quot;caption&quot;:&quot;&quot;,&quot;created_timestamp&quot;:&quot;0&quot;,&quot;copyright&quot;:&quot;&quot;,&quot;focal_length&quot;:&quot;0&quot;,&quot;iso&quot;:&quot;0&quot;,&quot;shutter_speed&quot;:&quot;0&quot;,&quot;title&quot;:&quot;&quot;,&quot;orientation&quot;:&quot;0&quot;}\" data-image-title=\"Liu Jo Coquille Divano CL\" data-image-description=\"\" data-image-caption=\"\" data-medium-file=\"https:\/\/socialdesignmagazine.com\/mag\/wp-content\/uploads\/2023\/04\/Liu-Jo_Coquille_Divano_CL01-438x283.jpg\" data-large-file=\"https:\/\/socialdesignmagazine.com\/mag\/wp-content\/uploads\/2023\/04\/Liu-Jo_Coquille_Divano_CL01-1024x683.jpg\" data-id=\"49672\" src=\"https:\/\/socialdesignmagazine.com\/mag\/wp-content\/uploads\/2023\/04\/Liu-Jo_Coquille_Divano_CL01-1024x683.jpg\" alt=\"Liu Jo Coquille Divano CL\" class=\"wp-image-49672\" srcset=\"https:\/\/socialdesignmagazine.com\/mag\/wp-content\/uploads\/2023\/04\/Liu-Jo_Coquille_Divano_CL01-1024x683.jpg 1024w, https:\/\/socialdesignmagazine.com\/mag\/wp-content\/uploads\/2023\/04\/Liu-Jo_Coquille_Divano_CL01-100x66.jpg 100w, https:\/\/socialdesignmagazine.com\/mag\/wp-content\/uploads\/2023\/04\/Liu-Jo_Coquille_Divano_CL01-768x512.jpg 768w, https:\/\/socialdesignmagazine.com\/mag\/wp-content\/uploads\/2023\/04\/Liu-Jo_Coquille_Divano_CL01.jpg 1200w\" sizes=\"auto, (max-width: 1024px) 100vw, 1024px\" \/><\/figure>\n\n\n\n<figure class=\"wp-block-image size-large\"><img loading=\"lazy\" decoding=\"async\" width=\"1024\" height=\"1024\" data-attachment-id=\"49670\" data-permalink=\"https:\/\/socialdesignmagazine.com\/mag\/news\/design-news\/liu-jo-living-al-salone-del-mobile-milano-con-la-collezione-coquille-limbottito-che-avvolge-e-contiene-come-il-guscio-di-una-conchiglia\/attachment\/liu-jo_coquille_poltrona_cl01\/#content\" data-orig-file=\"https:\/\/socialdesignmagazine.com\/mag\/wp-content\/uploads\/2023\/04\/Liu-Jo_Coquille_Poltrona_CL01.jpg\" data-orig-size=\"1200,1200\" data-comments-opened=\"1\" data-image-meta=\"{&quot;aperture&quot;:&quot;0&quot;,&quot;credit&quot;:&quot;&quot;,&quot;camera&quot;:&quot;&quot;,&quot;caption&quot;:&quot;&quot;,&quot;created_timestamp&quot;:&quot;0&quot;,&quot;copyright&quot;:&quot;&quot;,&quot;focal_length&quot;:&quot;0&quot;,&quot;iso&quot;:&quot;0&quot;,&quot;shutter_speed&quot;:&quot;0&quot;,&quot;title&quot;:&quot;&quot;,&quot;orientation&quot;:&quot;0&quot;}\" data-image-title=\"Liu Jo Coquille Poltrona CL\" data-image-description=\"\" data-image-caption=\"\" data-medium-file=\"https:\/\/socialdesignmagazine.com\/mag\/wp-content\/uploads\/2023\/04\/Liu-Jo_Coquille_Poltrona_CL01-438x283.jpg\" data-large-file=\"https:\/\/socialdesignmagazine.com\/mag\/wp-content\/uploads\/2023\/04\/Liu-Jo_Coquille_Poltrona_CL01-1024x1024.jpg\" data-id=\"49670\" src=\"https:\/\/socialdesignmagazine.com\/mag\/wp-content\/uploads\/2023\/04\/Liu-Jo_Coquille_Poltrona_CL01-1024x1024.jpg\" alt=\"Liu Jo Coquille Poltrona CL\" class=\"wp-image-49670\" srcset=\"https:\/\/socialdesignmagazine.com\/mag\/wp-content\/uploads\/2023\/04\/Liu-Jo_Coquille_Poltrona_CL01-1024x1024.jpg 1024w, https:\/\/socialdesignmagazine.com\/mag\/wp-content\/uploads\/2023\/04\/Liu-Jo_Coquille_Poltrona_CL01-768x768.jpg 768w, https:\/\/socialdesignmagazine.com\/mag\/wp-content\/uploads\/2023\/04\/Liu-Jo_Coquille_Poltrona_CL01.jpg 1200w\" sizes=\"auto, (max-width: 1024px) 100vw, 1024px\" \/><\/figure>\n\n\n\n<figure class=\"wp-block-image size-large\"><img loading=\"lazy\" decoding=\"async\" width=\"1024\" height=\"1024\" data-attachment-id=\"49674\" data-permalink=\"https:\/\/socialdesignmagazine.com\/mag\/news\/design-news\/liu-jo-living-al-salone-del-mobile-milano-con-la-collezione-coquille-limbottito-che-avvolge-e-contiene-come-il-guscio-di-una-conchiglia\/attachment\/liu-jo_coquille_poltrona_cl02\/#content\" data-orig-file=\"https:\/\/socialdesignmagazine.com\/mag\/wp-content\/uploads\/2023\/04\/Liu-Jo_Coquille_Poltrona_CL02.jpg\" data-orig-size=\"1200,1200\" data-comments-opened=\"1\" data-image-meta=\"{&quot;aperture&quot;:&quot;0&quot;,&quot;credit&quot;:&quot;&quot;,&quot;camera&quot;:&quot;&quot;,&quot;caption&quot;:&quot;&quot;,&quot;created_timestamp&quot;:&quot;0&quot;,&quot;copyright&quot;:&quot;&quot;,&quot;focal_length&quot;:&quot;0&quot;,&quot;iso&quot;:&quot;0&quot;,&quot;shutter_speed&quot;:&quot;0&quot;,&quot;title&quot;:&quot;&quot;,&quot;orientation&quot;:&quot;0&quot;}\" data-image-title=\"Liu Jo Coquille Poltrona CL\" data-image-description=\"\" data-image-caption=\"\" data-medium-file=\"https:\/\/socialdesignmagazine.com\/mag\/wp-content\/uploads\/2023\/04\/Liu-Jo_Coquille_Poltrona_CL02-438x283.jpg\" data-large-file=\"https:\/\/socialdesignmagazine.com\/mag\/wp-content\/uploads\/2023\/04\/Liu-Jo_Coquille_Poltrona_CL02-1024x1024.jpg\" data-id=\"49674\" src=\"https:\/\/socialdesignmagazine.com\/mag\/wp-content\/uploads\/2023\/04\/Liu-Jo_Coquille_Poltrona_CL02-1024x1024.jpg\" alt=\"Liu Jo Coquille Poltrona CL\" class=\"wp-image-49674\" srcset=\"https:\/\/socialdesignmagazine.com\/mag\/wp-content\/uploads\/2023\/04\/Liu-Jo_Coquille_Poltrona_CL02-1024x1024.jpg 1024w, https:\/\/socialdesignmagazine.com\/mag\/wp-content\/uploads\/2023\/04\/Liu-Jo_Coquille_Poltrona_CL02-768x768.jpg 768w, https:\/\/socialdesignmagazine.com\/mag\/wp-content\/uploads\/2023\/04\/Liu-Jo_Coquille_Poltrona_CL02.jpg 1200w\" sizes=\"auto, (max-width: 1024px) 100vw, 1024px\" \/><\/figure>\n<\/figure>\n\n\n\n<figure class=\"wp-block-gallery has-nested-images columns-1 is-cropped wp-block-gallery-2 is-layout-flex wp-block-gallery-is-layout-flex\">\n<figure class=\"wp-block-image size-large\"><img loading=\"lazy\" decoding=\"async\" width=\"1024\" height=\"1024\" data-attachment-id=\"49675\" data-permalink=\"https:\/\/socialdesignmagazine.com\/mag\/news\/design-news\/liu-jo-living-al-salone-del-mobile-milano-con-la-collezione-coquille-limbottito-che-avvolge-e-contiene-come-il-guscio-di-una-conchiglia\/attachment\/liu-jo_coquille_1_a\/#content\" data-orig-file=\"https:\/\/socialdesignmagazine.com\/mag\/wp-content\/uploads\/2023\/04\/Liu-Jo_Coquille_1_a.jpg\" data-orig-size=\"1350,1350\" data-comments-opened=\"1\" data-image-meta=\"{&quot;aperture&quot;:&quot;0&quot;,&quot;credit&quot;:&quot;&quot;,&quot;camera&quot;:&quot;&quot;,&quot;caption&quot;:&quot;&quot;,&quot;created_timestamp&quot;:&quot;0&quot;,&quot;copyright&quot;:&quot;&quot;,&quot;focal_length&quot;:&quot;0&quot;,&quot;iso&quot;:&quot;0&quot;,&quot;shutter_speed&quot;:&quot;0&quot;,&quot;title&quot;:&quot;&quot;,&quot;orientation&quot;:&quot;0&quot;}\" data-image-title=\"Liu Jo Coquille a\" data-image-description=\"\" data-image-caption=\"\" data-medium-file=\"https:\/\/socialdesignmagazine.com\/mag\/wp-content\/uploads\/2023\/04\/Liu-Jo_Coquille_1_a-438x283.jpg\" data-large-file=\"https:\/\/socialdesignmagazine.com\/mag\/wp-content\/uploads\/2023\/04\/Liu-Jo_Coquille_1_a-1024x1024.jpg\" data-id=\"49675\" src=\"https:\/\/socialdesignmagazine.com\/mag\/wp-content\/uploads\/2023\/04\/Liu-Jo_Coquille_1_a-1024x1024.jpg\" alt=\"Liu Jo Coquille a\" class=\"wp-image-49675\" srcset=\"https:\/\/socialdesignmagazine.com\/mag\/wp-content\/uploads\/2023\/04\/Liu-Jo_Coquille_1_a-1024x1024.jpg 1024w, https:\/\/socialdesignmagazine.com\/mag\/wp-content\/uploads\/2023\/04\/Liu-Jo_Coquille_1_a-768x768.jpg 768w, https:\/\/socialdesignmagazine.com\/mag\/wp-content\/uploads\/2023\/04\/Liu-Jo_Coquille_1_a.jpg 1350w\" sizes=\"auto, (max-width: 1024px) 100vw, 1024px\" \/><\/figure>\n\n\n\n<figure class=\"wp-block-image size-large\"><img loading=\"lazy\" decoding=\"async\" width=\"1024\" height=\"1024\" data-attachment-id=\"49678\" data-permalink=\"https:\/\/socialdesignmagazine.com\/mag\/news\/design-news\/liu-jo-living-al-salone-del-mobile-milano-con-la-collezione-coquille-limbottito-che-avvolge-e-contiene-come-il-guscio-di-una-conchiglia\/attachment\/liu-jo_coquille_1_b\/#content\" data-orig-file=\"https:\/\/socialdesignmagazine.com\/mag\/wp-content\/uploads\/2023\/04\/Liu-Jo_Coquille_1_b.jpg\" data-orig-size=\"1350,1350\" data-comments-opened=\"1\" data-image-meta=\"{&quot;aperture&quot;:&quot;0&quot;,&quot;credit&quot;:&quot;&quot;,&quot;camera&quot;:&quot;&quot;,&quot;caption&quot;:&quot;&quot;,&quot;created_timestamp&quot;:&quot;0&quot;,&quot;copyright&quot;:&quot;&quot;,&quot;focal_length&quot;:&quot;0&quot;,&quot;iso&quot;:&quot;0&quot;,&quot;shutter_speed&quot;:&quot;0&quot;,&quot;title&quot;:&quot;&quot;,&quot;orientation&quot;:&quot;0&quot;}\" data-image-title=\"Liu Jo Coquille b\" data-image-description=\"\" data-image-caption=\"\" data-medium-file=\"https:\/\/socialdesignmagazine.com\/mag\/wp-content\/uploads\/2023\/04\/Liu-Jo_Coquille_1_b-438x283.jpg\" data-large-file=\"https:\/\/socialdesignmagazine.com\/mag\/wp-content\/uploads\/2023\/04\/Liu-Jo_Coquille_1_b-1024x1024.jpg\" data-id=\"49678\" src=\"https:\/\/socialdesignmagazine.com\/mag\/wp-content\/uploads\/2023\/04\/Liu-Jo_Coquille_1_b-1024x1024.jpg\" alt=\"Liu Jo Coquille b\" class=\"wp-image-49678\" srcset=\"https:\/\/socialdesignmagazine.com\/mag\/wp-content\/uploads\/2023\/04\/Liu-Jo_Coquille_1_b-1024x1024.jpg 1024w, https:\/\/socialdesignmagazine.com\/mag\/wp-content\/uploads\/2023\/04\/Liu-Jo_Coquille_1_b-768x768.jpg 768w, https:\/\/socialdesignmagazine.com\/mag\/wp-content\/uploads\/2023\/04\/Liu-Jo_Coquille_1_b.jpg 1350w\" sizes=\"auto, (max-width: 1024px) 100vw, 1024px\" \/><\/figure>\n\n\n\n<figure class=\"wp-block-image size-large\"><img loading=\"lazy\" decoding=\"async\" width=\"1024\" height=\"1024\" data-attachment-id=\"49676\" data-permalink=\"https:\/\/socialdesignmagazine.com\/mag\/news\/design-news\/liu-jo-living-al-salone-del-mobile-milano-con-la-collezione-coquille-limbottito-che-avvolge-e-contiene-come-il-guscio-di-una-conchiglia\/attachment\/liu-jo_coquille_2_a\/#content\" data-orig-file=\"https:\/\/socialdesignmagazine.com\/mag\/wp-content\/uploads\/2023\/04\/Liu-Jo_Coquille_2_a.jpg\" data-orig-size=\"1350,1350\" data-comments-opened=\"1\" data-image-meta=\"{&quot;aperture&quot;:&quot;0&quot;,&quot;credit&quot;:&quot;&quot;,&quot;camera&quot;:&quot;&quot;,&quot;caption&quot;:&quot;&quot;,&quot;created_timestamp&quot;:&quot;0&quot;,&quot;copyright&quot;:&quot;&quot;,&quot;focal_length&quot;:&quot;0&quot;,&quot;iso&quot;:&quot;0&quot;,&quot;shutter_speed&quot;:&quot;0&quot;,&quot;title&quot;:&quot;&quot;,&quot;orientation&quot;:&quot;0&quot;}\" data-image-title=\"Liu Jo Coquille a\" data-image-description=\"\" data-image-caption=\"\" data-medium-file=\"https:\/\/socialdesignmagazine.com\/mag\/wp-content\/uploads\/2023\/04\/Liu-Jo_Coquille_2_a-438x283.jpg\" data-large-file=\"https:\/\/socialdesignmagazine.com\/mag\/wp-content\/uploads\/2023\/04\/Liu-Jo_Coquille_2_a-1024x1024.jpg\" data-id=\"49676\" src=\"https:\/\/socialdesignmagazine.com\/mag\/wp-content\/uploads\/2023\/04\/Liu-Jo_Coquille_2_a-1024x1024.jpg\" alt=\"Liu Jo Coquille a\" class=\"wp-image-49676\" srcset=\"https:\/\/socialdesignmagazine.com\/mag\/wp-content\/uploads\/2023\/04\/Liu-Jo_Coquille_2_a-1024x1024.jpg 1024w, https:\/\/socialdesignmagazine.com\/mag\/wp-content\/uploads\/2023\/04\/Liu-Jo_Coquille_2_a-768x768.jpg 768w, https:\/\/socialdesignmagazine.com\/mag\/wp-content\/uploads\/2023\/04\/Liu-Jo_Coquille_2_a.jpg 1350w\" sizes=\"auto, (max-width: 1024px) 100vw, 1024px\" \/><\/figure>\n\n\n\n<figure class=\"wp-block-image size-large\"><img loading=\"lazy\" decoding=\"async\" width=\"1024\" height=\"1024\" data-attachment-id=\"49677\" data-permalink=\"https:\/\/socialdesignmagazine.com\/mag\/news\/design-news\/liu-jo-living-al-salone-del-mobile-milano-con-la-collezione-coquille-limbottito-che-avvolge-e-contiene-come-il-guscio-di-una-conchiglia\/attachment\/liu-jo_coquille_2_b\/#content\" data-orig-file=\"https:\/\/socialdesignmagazine.com\/mag\/wp-content\/uploads\/2023\/04\/Liu-Jo_Coquille_2_b.jpg\" data-orig-size=\"1350,1350\" data-comments-opened=\"1\" data-image-meta=\"{&quot;aperture&quot;:&quot;0&quot;,&quot;credit&quot;:&quot;&quot;,&quot;camera&quot;:&quot;&quot;,&quot;caption&quot;:&quot;&quot;,&quot;created_timestamp&quot;:&quot;0&quot;,&quot;copyright&quot;:&quot;&quot;,&quot;focal_length&quot;:&quot;0&quot;,&quot;iso&quot;:&quot;0&quot;,&quot;shutter_speed&quot;:&quot;0&quot;,&quot;title&quot;:&quot;&quot;,&quot;orientation&quot;:&quot;0&quot;}\" data-image-title=\"Liu Jo Coquille b\" data-image-description=\"\" data-image-caption=\"\" data-medium-file=\"https:\/\/socialdesignmagazine.com\/mag\/wp-content\/uploads\/2023\/04\/Liu-Jo_Coquille_2_b-438x283.jpg\" data-large-file=\"https:\/\/socialdesignmagazine.com\/mag\/wp-content\/uploads\/2023\/04\/Liu-Jo_Coquille_2_b-1024x1024.jpg\" data-id=\"49677\" src=\"https:\/\/socialdesignmagazine.com\/mag\/wp-content\/uploads\/2023\/04\/Liu-Jo_Coquille_2_b-1024x1024.jpg\" alt=\"Liu Jo Coquille b\" class=\"wp-image-49677\" srcset=\"https:\/\/socialdesignmagazine.com\/mag\/wp-content\/uploads\/2023\/04\/Liu-Jo_Coquille_2_b-1024x1024.jpg 1024w, https:\/\/socialdesignmagazine.com\/mag\/wp-content\/uploads\/2023\/04\/Liu-Jo_Coquille_2_b-768x768.jpg 768w, https:\/\/socialdesignmagazine.com\/mag\/wp-content\/uploads\/2023\/04\/Liu-Jo_Coquille_2_b.jpg 1350w\" sizes=\"auto, (max-width: 1024px) 100vw, 1024px\" \/><\/figure>\n<\/figure>\n","protected":false,"gt_translate_keys":[{"key":"rendered","format":"html"}]},"excerpt":{"rendered":"<p>Liu Jo ha deciso di espandersi nel mondo dell&#8217;arredamento e del design attraverso la sua divisione Living. In occasione del prossimo Salone del Mobile di Milano, Liu Jo Living presenter\u00e0 la sua nuova collezione di imbottiti chiamata Coquille.<\/p>\n","protected":false,"gt_translate_keys":[{"key":"rendered","format":"html"}]},"author":1,"featured_media":49671,"comment_status":"open","ping_status":"open","sticky":false,"template":"","format":"standard","meta":{"jetpack_post_was_ever_published":false,"_jetpack_newsletter_access":"","_jetpack_dont_email_post_to_subs":false,"_jetpack_newsletter_tier_id":0,"_jetpack_memberships_contains_paywalled_content":false,"_jetpack_memberships_contains_paid_content":false,"footnotes":"","_wpscppro_dont_share_socialmedia":false,"_wpscppro_custom_social_share_image":0,"_facebook_share_type":"","_twitter_share_type":"","_linkedin_share_type":"","_pinterest_share_type":"","_linkedin_share_type_page":"","_instagram_share_type":"","_medium_share_type":"","_threads_share_type":"","_google_business_share_type":"","_selected_social_profile":[],"_wpsp_enable_custom_social_template":false,"_wpsp_social_scheduling":{"enabled":false,"datetime":null,"platforms":[],"status":"template_only","dateOption":"today","timeOption":"now","customDays":"","customHours":"","customDate":"","customTime":"","schedulingType":"absolute"},"_wpsp_active_default_template":true},"categories":[17],"tags":[37,6500,1943,6475,6476,6474],"class_list":["post-49666","post","type-post","status-publish","format-standard","has-post-thumbnail","hentry","category-design-news","tag-divano","tag-fuorisalone-2023","tag-imbottiti","tag-mdw-2023","tag-milano-design-week-2023","tag-salone-del-mobile-2023"],"yoast_head":"<!-- This site is optimized with the Yoast SEO plugin v27.2 - https:\/\/yoast.com\/product\/yoast-seo-wordpress\/ -->\n<title>Liu Jo Living al Salone del Mobile.Milano con la collezione Coquille: l&#039;imbottito che avvolge e contiene come il guscio di una conchiglia - Social Design Magazine<\/title>\n<meta name=\"description\" content=\"Liu Jo ha deciso di espandersi nel mondo dell&#039;arredamento e del design attraverso la sua divisione Living. In occasione del prossimo Salone del Mobile di Milano, Liu Jo Living presenter\u00e0 la sua nuova collezione di imbottiti chiamata Coquille.\" \/>\n<meta name=\"robots\" content=\"index, follow, max-snippet:-1, max-image-preview:large, max-video-preview:-1\" \/>\n<link rel=\"canonical\" href=\"https:\/\/socialdesignmagazine.com\/mag\/news\/design-news\/liu-jo-living-al-salone-del-mobile-milano-con-la-collezione-coquille-limbottito-che-avvolge-e-contiene-come-il-guscio-di-una-conchiglia\/\" \/>\n<meta property=\"og:locale\" content=\"it_IT\" \/>\n<meta property=\"og:type\" content=\"article\" \/>\n<meta property=\"og:title\" content=\"Liu Jo Living al Salone del Mobile.Milano con la collezione Coquille: l&#039;imbottito che avvolge e contiene come il guscio di una conchiglia - Social Design Magazine\" \/>\n<meta property=\"og:description\" content=\"Liu Jo ha deciso di espandersi nel mondo dell&#039;arredamento e del design attraverso la sua divisione Living. In occasione del prossimo Salone del Mobile di Milano, Liu Jo Living presenter\u00e0 la sua nuova collezione di imbottiti chiamata Coquille.\" \/>\n<meta property=\"og:url\" content=\"https:\/\/socialdesignmagazine.com\/mag\/news\/design-news\/liu-jo-living-al-salone-del-mobile-milano-con-la-collezione-coquille-limbottito-che-avvolge-e-contiene-come-il-guscio-di-una-conchiglia\/\" \/>\n<meta property=\"og:site_name\" content=\"Social Design Magazine\" \/>\n<meta property=\"article:publisher\" content=\"https:\/\/www.facebook.com\/socialdesignmag\" \/>\n<meta property=\"article:author\" content=\"https:\/\/www.facebook.com\/benedettofiori\" \/>\n<meta property=\"article:published_time\" content=\"2023-04-03T07:33:00+00:00\" \/>\n<meta property=\"og:image\" content=\"https:\/\/socialdesignmagazine.com\/mag\/wp-content\/uploads\/2023\/04\/Liu-Jo_Coquille_03.jpg\" \/>\n\t<meta property=\"og:image:width\" content=\"1200\" \/>\n\t<meta property=\"og:image:height\" content=\"749\" \/>\n\t<meta property=\"og:image:type\" content=\"image\/jpeg\" \/>\n<meta name=\"author\" content=\"Benedetto Fiori\" \/>\n<meta name=\"twitter:card\" content=\"summary_large_image\" \/>\n<meta name=\"twitter:creator\" content=\"@benedettofiori\" \/>\n<meta name=\"twitter:site\" content=\"@socialdesignmag\" \/>\n<meta name=\"twitter:label1\" content=\"Scritto da\" \/>\n\t<meta name=\"twitter:data1\" content=\"Benedetto Fiori\" \/>\n\t<meta name=\"twitter:label2\" content=\"Tempo di lettura stimato\" \/>\n\t<meta name=\"twitter:data2\" content=\"5 minuti\" \/>\n<script type=\"application\/ld+json\" class=\"yoast-schema-graph\">{\"@context\":\"https:\/\/schema.org\",\"@graph\":[{\"@type\":\"Article\",\"@id\":\"https:\/\/socialdesignmagazine.com\/mag\/news\/design-news\/liu-jo-living-al-salone-del-mobile-milano-con-la-collezione-coquille-limbottito-che-avvolge-e-contiene-come-il-guscio-di-una-conchiglia\/#article\",\"isPartOf\":{\"@id\":\"https:\/\/socialdesignmagazine.com\/mag\/news\/design-news\/liu-jo-living-al-salone-del-mobile-milano-con-la-collezione-coquille-limbottito-che-avvolge-e-contiene-come-il-guscio-di-una-conchiglia\/\"},\"author\":{\"name\":\"Benedetto Fiori\",\"@id\":\"https:\/\/socialdesignmagazine.com\/mag\/#\/schema\/person\/61e20205cc363c315e6aabd33a045846\"},\"headline\":\"Liu Jo Living al Salone del Mobile.Milano con la collezione Coquille: l&#8217;imbottito che avvolge e contiene come il guscio di una conchiglia\",\"datePublished\":\"2023-04-03T07:33:00+00:00\",\"mainEntityOfPage\":{\"@id\":\"https:\/\/socialdesignmagazine.com\/mag\/news\/design-news\/liu-jo-living-al-salone-del-mobile-milano-con-la-collezione-coquille-limbottito-che-avvolge-e-contiene-come-il-guscio-di-una-conchiglia\/\"},\"wordCount\":376,\"commentCount\":0,\"publisher\":{\"@id\":\"https:\/\/socialdesignmagazine.com\/mag\/#organization\"},\"image\":{\"@id\":\"https:\/\/socialdesignmagazine.com\/mag\/news\/design-news\/liu-jo-living-al-salone-del-mobile-milano-con-la-collezione-coquille-limbottito-che-avvolge-e-contiene-come-il-guscio-di-una-conchiglia\/#primaryimage\"},\"thumbnailUrl\":\"https:\/\/socialdesignmagazine.com\/mag\/wp-content\/uploads\/2023\/04\/Liu-Jo_Coquille_03.jpg\",\"keywords\":[\"divano\",\"fuorisalone 2023\",\"imbottiti\",\"mdw 2023\",\"milano design week 2023\",\"salone del mobile 2023\"],\"articleSection\":[\"Design News\"],\"inLanguage\":\"it-IT\",\"potentialAction\":[{\"@type\":\"CommentAction\",\"name\":\"Comment\",\"target\":[\"https:\/\/socialdesignmagazine.com\/mag\/news\/design-news\/liu-jo-living-al-salone-del-mobile-milano-con-la-collezione-coquille-limbottito-che-avvolge-e-contiene-come-il-guscio-di-una-conchiglia\/#respond\"]}]},{\"@type\":\"WebPage\",\"@id\":\"https:\/\/socialdesignmagazine.com\/mag\/news\/design-news\/liu-jo-living-al-salone-del-mobile-milano-con-la-collezione-coquille-limbottito-che-avvolge-e-contiene-come-il-guscio-di-una-conchiglia\/\",\"url\":\"https:\/\/socialdesignmagazine.com\/mag\/news\/design-news\/liu-jo-living-al-salone-del-mobile-milano-con-la-collezione-coquille-limbottito-che-avvolge-e-contiene-come-il-guscio-di-una-conchiglia\/\",\"name\":\"Liu Jo Living al Salone del Mobile.Milano con la collezione Coquille: l'imbottito che avvolge e contiene come il guscio di una conchiglia - Social Design Magazine\",\"isPartOf\":{\"@id\":\"https:\/\/socialdesignmagazine.com\/mag\/#website\"},\"primaryImageOfPage\":{\"@id\":\"https:\/\/socialdesignmagazine.com\/mag\/news\/design-news\/liu-jo-living-al-salone-del-mobile-milano-con-la-collezione-coquille-limbottito-che-avvolge-e-contiene-come-il-guscio-di-una-conchiglia\/#primaryimage\"},\"image\":{\"@id\":\"https:\/\/socialdesignmagazine.com\/mag\/news\/design-news\/liu-jo-living-al-salone-del-mobile-milano-con-la-collezione-coquille-limbottito-che-avvolge-e-contiene-come-il-guscio-di-una-conchiglia\/#primaryimage\"},\"thumbnailUrl\":\"https:\/\/socialdesignmagazine.com\/mag\/wp-content\/uploads\/2023\/04\/Liu-Jo_Coquille_03.jpg\",\"datePublished\":\"2023-04-03T07:33:00+00:00\",\"description\":\"Liu Jo ha deciso di espandersi nel mondo dell'arredamento e del design attraverso la sua divisione Living. In occasione del prossimo Salone del Mobile di Milano, Liu Jo Living presenter\u00e0 la sua nuova collezione di imbottiti chiamata Coquille.\",\"breadcrumb\":{\"@id\":\"https:\/\/socialdesignmagazine.com\/mag\/news\/design-news\/liu-jo-living-al-salone-del-mobile-milano-con-la-collezione-coquille-limbottito-che-avvolge-e-contiene-come-il-guscio-di-una-conchiglia\/#breadcrumb\"},\"inLanguage\":\"it-IT\",\"potentialAction\":[{\"@type\":\"ReadAction\",\"target\":[\"https:\/\/socialdesignmagazine.com\/mag\/news\/design-news\/liu-jo-living-al-salone-del-mobile-milano-con-la-collezione-coquille-limbottito-che-avvolge-e-contiene-come-il-guscio-di-una-conchiglia\/\"]}]},{\"@type\":\"ImageObject\",\"inLanguage\":\"it-IT\",\"@id\":\"https:\/\/socialdesignmagazine.com\/mag\/news\/design-news\/liu-jo-living-al-salone-del-mobile-milano-con-la-collezione-coquille-limbottito-che-avvolge-e-contiene-come-il-guscio-di-una-conchiglia\/#primaryimage\",\"url\":\"https:\/\/socialdesignmagazine.com\/mag\/wp-content\/uploads\/2023\/04\/Liu-Jo_Coquille_03.jpg\",\"contentUrl\":\"https:\/\/socialdesignmagazine.com\/mag\/wp-content\/uploads\/2023\/04\/Liu-Jo_Coquille_03.jpg\",\"width\":1200,\"height\":749,\"caption\":\"Liu Jo Coquille\"},{\"@type\":\"BreadcrumbList\",\"@id\":\"https:\/\/socialdesignmagazine.com\/mag\/news\/design-news\/liu-jo-living-al-salone-del-mobile-milano-con-la-collezione-coquille-limbottito-che-avvolge-e-contiene-come-il-guscio-di-una-conchiglia\/#breadcrumb\",\"itemListElement\":[{\"@type\":\"ListItem\",\"position\":1,\"name\":\"Home\",\"item\":\"https:\/\/socialdesignmagazine.com\/mag\/\"},{\"@type\":\"ListItem\",\"position\":2,\"name\":\"News\",\"item\":\"https:\/\/socialdesignmagazine.com\/mag\/news\/\"},{\"@type\":\"ListItem\",\"position\":3,\"name\":\"Design News\",\"item\":\"https:\/\/socialdesignmagazine.com\/mag\/news\/design-news\/\"},{\"@type\":\"ListItem\",\"position\":4,\"name\":\"Liu Jo Living al Salone del Mobile.Milano con la collezione Coquille: l&#8217;imbottito che avvolge e contiene come il guscio di una conchiglia\"}]},{\"@type\":\"WebSite\",\"@id\":\"https:\/\/socialdesignmagazine.com\/mag\/#website\",\"url\":\"https:\/\/socialdesignmagazine.com\/mag\/\",\"name\":\"Social Design Magazine\",\"description\":\"Social Magazine su Design, Architettura, Arte, Grafica\",\"publisher\":{\"@id\":\"https:\/\/socialdesignmagazine.com\/mag\/#organization\"},\"potentialAction\":[{\"@type\":\"SearchAction\",\"target\":{\"@type\":\"EntryPoint\",\"urlTemplate\":\"https:\/\/socialdesignmagazine.com\/mag\/?s={search_term_string}\"},\"query-input\":{\"@type\":\"PropertyValueSpecification\",\"valueRequired\":true,\"valueName\":\"search_term_string\"}}],\"inLanguage\":\"it-IT\"},{\"@type\":\"Organization\",\"@id\":\"https:\/\/socialdesignmagazine.com\/mag\/#organization\",\"name\":\"Social Design Magazine\",\"url\":\"https:\/\/socialdesignmagazine.com\/mag\/\",\"logo\":{\"@type\":\"ImageObject\",\"inLanguage\":\"it-IT\",\"@id\":\"https:\/\/socialdesignmagazine.com\/mag\/#\/schema\/logo\/image\/\",\"url\":\"https:\/\/socialdesignmagazine.com\/mag\/wp-content\/uploads\/2017\/01\/logo_favicon_11.png\",\"contentUrl\":\"https:\/\/socialdesignmagazine.com\/mag\/wp-content\/uploads\/2017\/01\/logo_favicon_11.png\",\"width\":1024,\"height\":1024,\"caption\":\"Social Design Magazine\"},\"image\":{\"@id\":\"https:\/\/socialdesignmagazine.com\/mag\/#\/schema\/logo\/image\/\"},\"sameAs\":[\"https:\/\/www.facebook.com\/socialdesignmag\",\"https:\/\/x.com\/socialdesignmag\",\"http:\/\/instagram.com\/social_design_magazine\/\",\"http:\/\/pinterest.com\/socialdesignmag\/\",\"http:\/\/www.youtube.com\/user\/socialdesignmagazine\"]},{\"@type\":\"Person\",\"@id\":\"https:\/\/socialdesignmagazine.com\/mag\/#\/schema\/person\/61e20205cc363c315e6aabd33a045846\",\"name\":\"Benedetto Fiori\",\"image\":{\"@type\":\"ImageObject\",\"inLanguage\":\"it-IT\",\"@id\":\"https:\/\/secure.gravatar.com\/avatar\/450a48cefa36da63d920ad70aa660bd10725b1c6093800242e5efdb397759033?s=96&d=mm&r=g\",\"url\":\"https:\/\/secure.gravatar.com\/avatar\/450a48cefa36da63d920ad70aa660bd10725b1c6093800242e5efdb397759033?s=96&d=mm&r=g\",\"contentUrl\":\"https:\/\/secure.gravatar.com\/avatar\/450a48cefa36da63d920ad70aa660bd10725b1c6093800242e5efdb397759033?s=96&d=mm&r=g\",\"caption\":\"Benedetto Fiori\"},\"description\":\"Web | Twitter | Facebook | Shutterstock Founder &amp; Editor in Chief di Social Design Magazine. Attratto da sempre da tutto ci\u00f2 che \u00e8 creativit\u00e0, design, architettura. Dopo aver studiato Architettura all'Universit\u00e0 di Firenze, si \u00e8 impegnato in molteplici campi: comunicazione grafica, progettazione di allestimenti fieristici, brand design, Interior Design.\",\"sameAs\":[\"http:\/\/benedettofiori.com\",\"https:\/\/www.facebook.com\/benedettofiori\",\"https:\/\/x.com\/benedettofiori\"],\"url\":\"https:\/\/socialdesignmagazine.com\/mag\/author\/benedetto\/\"}]}<\/script>\n<!-- \/ Yoast SEO plugin. -->","yoast_head_json":{"title":"Liu Jo Living al Salone del Mobile.Milano con la collezione Coquille: l'imbottito che avvolge e contiene come il guscio di una conchiglia - Social Design Magazine","description":"Liu Jo ha deciso di espandersi nel mondo dell'arredamento e del design attraverso la sua divisione Living. In occasione del prossimo Salone del Mobile di Milano, Liu Jo Living presenter\u00e0 la sua nuova collezione di imbottiti chiamata Coquille.","robots":{"index":"index","follow":"follow","max-snippet":"max-snippet:-1","max-image-preview":"max-image-preview:large","max-video-preview":"max-video-preview:-1"},"canonical":"https:\/\/socialdesignmagazine.com\/mag\/news\/design-news\/liu-jo-living-al-salone-del-mobile-milano-con-la-collezione-coquille-limbottito-che-avvolge-e-contiene-come-il-guscio-di-una-conchiglia\/","og_locale":"it_IT","og_type":"article","og_title":"Liu Jo Living al Salone del Mobile.Milano con la collezione Coquille: l'imbottito che avvolge e contiene come il guscio di una conchiglia - Social Design Magazine","og_description":"Liu Jo ha deciso di espandersi nel mondo dell'arredamento e del design attraverso la sua divisione Living. In occasione del prossimo Salone del Mobile di Milano, Liu Jo Living presenter\u00e0 la sua nuova collezione di imbottiti chiamata Coquille.","og_url":"https:\/\/socialdesignmagazine.com\/mag\/news\/design-news\/liu-jo-living-al-salone-del-mobile-milano-con-la-collezione-coquille-limbottito-che-avvolge-e-contiene-come-il-guscio-di-una-conchiglia\/","og_site_name":"Social Design Magazine","article_publisher":"https:\/\/www.facebook.com\/socialdesignmag","article_author":"https:\/\/www.facebook.com\/benedettofiori","article_published_time":"2023-04-03T07:33:00+00:00","og_image":[{"width":1200,"height":749,"url":"https:\/\/socialdesignmagazine.com\/mag\/wp-content\/uploads\/2023\/04\/Liu-Jo_Coquille_03.jpg","type":"image\/jpeg"}],"author":"Benedetto Fiori","twitter_card":"summary_large_image","twitter_creator":"@benedettofiori","twitter_site":"@socialdesignmag","twitter_misc":{"Scritto da":"Benedetto Fiori","Tempo di lettura stimato":"5 minuti"},"schema":{"@context":"https:\/\/schema.org","@graph":[{"@type":"Article","@id":"https:\/\/socialdesignmagazine.com\/mag\/news\/design-news\/liu-jo-living-al-salone-del-mobile-milano-con-la-collezione-coquille-limbottito-che-avvolge-e-contiene-come-il-guscio-di-una-conchiglia\/#article","isPartOf":{"@id":"https:\/\/socialdesignmagazine.com\/mag\/news\/design-news\/liu-jo-living-al-salone-del-mobile-milano-con-la-collezione-coquille-limbottito-che-avvolge-e-contiene-come-il-guscio-di-una-conchiglia\/"},"author":{"name":"Benedetto Fiori","@id":"https:\/\/socialdesignmagazine.com\/mag\/#\/schema\/person\/61e20205cc363c315e6aabd33a045846"},"headline":"Liu Jo Living al Salone del Mobile.Milano con la collezione Coquille: l&#8217;imbottito che avvolge e contiene come il guscio di una conchiglia","datePublished":"2023-04-03T07:33:00+00:00","mainEntityOfPage":{"@id":"https:\/\/socialdesignmagazine.com\/mag\/news\/design-news\/liu-jo-living-al-salone-del-mobile-milano-con-la-collezione-coquille-limbottito-che-avvolge-e-contiene-come-il-guscio-di-una-conchiglia\/"},"wordCount":376,"commentCount":0,"publisher":{"@id":"https:\/\/socialdesignmagazine.com\/mag\/#organization"},"image":{"@id":"https:\/\/socialdesignmagazine.com\/mag\/news\/design-news\/liu-jo-living-al-salone-del-mobile-milano-con-la-collezione-coquille-limbottito-che-avvolge-e-contiene-come-il-guscio-di-una-conchiglia\/#primaryimage"},"thumbnailUrl":"https:\/\/socialdesignmagazine.com\/mag\/wp-content\/uploads\/2023\/04\/Liu-Jo_Coquille_03.jpg","keywords":["divano","fuorisalone 2023","imbottiti","mdw 2023","milano design week 2023","salone del mobile 2023"],"articleSection":["Design News"],"inLanguage":"it-IT","potentialAction":[{"@type":"CommentAction","name":"Comment","target":["https:\/\/socialdesignmagazine.com\/mag\/news\/design-news\/liu-jo-living-al-salone-del-mobile-milano-con-la-collezione-coquille-limbottito-che-avvolge-e-contiene-come-il-guscio-di-una-conchiglia\/#respond"]}]},{"@type":"WebPage","@id":"https:\/\/socialdesignmagazine.com\/mag\/news\/design-news\/liu-jo-living-al-salone-del-mobile-milano-con-la-collezione-coquille-limbottito-che-avvolge-e-contiene-come-il-guscio-di-una-conchiglia\/","url":"https:\/\/socialdesignmagazine.com\/mag\/news\/design-news\/liu-jo-living-al-salone-del-mobile-milano-con-la-collezione-coquille-limbottito-che-avvolge-e-contiene-come-il-guscio-di-una-conchiglia\/","name":"Liu Jo Living al Salone del Mobile.Milano con la collezione Coquille: l'imbottito che avvolge e contiene come il guscio di una conchiglia - Social Design Magazine","isPartOf":{"@id":"https:\/\/socialdesignmagazine.com\/mag\/#website"},"primaryImageOfPage":{"@id":"https:\/\/socialdesignmagazine.com\/mag\/news\/design-news\/liu-jo-living-al-salone-del-mobile-milano-con-la-collezione-coquille-limbottito-che-avvolge-e-contiene-come-il-guscio-di-una-conchiglia\/#primaryimage"},"image":{"@id":"https:\/\/socialdesignmagazine.com\/mag\/news\/design-news\/liu-jo-living-al-salone-del-mobile-milano-con-la-collezione-coquille-limbottito-che-avvolge-e-contiene-come-il-guscio-di-una-conchiglia\/#primaryimage"},"thumbnailUrl":"https:\/\/socialdesignmagazine.com\/mag\/wp-content\/uploads\/2023\/04\/Liu-Jo_Coquille_03.jpg","datePublished":"2023-04-03T07:33:00+00:00","description":"Liu Jo ha deciso di espandersi nel mondo dell'arredamento e del design attraverso la sua divisione Living. In occasione del prossimo Salone del Mobile di Milano, Liu Jo Living presenter\u00e0 la sua nuova collezione di imbottiti chiamata Coquille.","breadcrumb":{"@id":"https:\/\/socialdesignmagazine.com\/mag\/news\/design-news\/liu-jo-living-al-salone-del-mobile-milano-con-la-collezione-coquille-limbottito-che-avvolge-e-contiene-come-il-guscio-di-una-conchiglia\/#breadcrumb"},"inLanguage":"it-IT","potentialAction":[{"@type":"ReadAction","target":["https:\/\/socialdesignmagazine.com\/mag\/news\/design-news\/liu-jo-living-al-salone-del-mobile-milano-con-la-collezione-coquille-limbottito-che-avvolge-e-contiene-come-il-guscio-di-una-conchiglia\/"]}]},{"@type":"ImageObject","inLanguage":"it-IT","@id":"https:\/\/socialdesignmagazine.com\/mag\/news\/design-news\/liu-jo-living-al-salone-del-mobile-milano-con-la-collezione-coquille-limbottito-che-avvolge-e-contiene-come-il-guscio-di-una-conchiglia\/#primaryimage","url":"https:\/\/socialdesignmagazine.com\/mag\/wp-content\/uploads\/2023\/04\/Liu-Jo_Coquille_03.jpg","contentUrl":"https:\/\/socialdesignmagazine.com\/mag\/wp-content\/uploads\/2023\/04\/Liu-Jo_Coquille_03.jpg","width":1200,"height":749,"caption":"Liu Jo Coquille"},{"@type":"BreadcrumbList","@id":"https:\/\/socialdesignmagazine.com\/mag\/news\/design-news\/liu-jo-living-al-salone-del-mobile-milano-con-la-collezione-coquille-limbottito-che-avvolge-e-contiene-come-il-guscio-di-una-conchiglia\/#breadcrumb","itemListElement":[{"@type":"ListItem","position":1,"name":"Home","item":"https:\/\/socialdesignmagazine.com\/mag\/"},{"@type":"ListItem","position":2,"name":"News","item":"https:\/\/socialdesignmagazine.com\/mag\/news\/"},{"@type":"ListItem","position":3,"name":"Design News","item":"https:\/\/socialdesignmagazine.com\/mag\/news\/design-news\/"},{"@type":"ListItem","position":4,"name":"Liu Jo Living al Salone del Mobile.Milano con la collezione Coquille: l&#8217;imbottito che avvolge e contiene come il guscio di una conchiglia"}]},{"@type":"WebSite","@id":"https:\/\/socialdesignmagazine.com\/mag\/#website","url":"https:\/\/socialdesignmagazine.com\/mag\/","name":"Social Design Magazine","description":"Social Magazine su Design, Architettura, Arte, Grafica","publisher":{"@id":"https:\/\/socialdesignmagazine.com\/mag\/#organization"},"potentialAction":[{"@type":"SearchAction","target":{"@type":"EntryPoint","urlTemplate":"https:\/\/socialdesignmagazine.com\/mag\/?s={search_term_string}"},"query-input":{"@type":"PropertyValueSpecification","valueRequired":true,"valueName":"search_term_string"}}],"inLanguage":"it-IT"},{"@type":"Organization","@id":"https:\/\/socialdesignmagazine.com\/mag\/#organization","name":"Social Design Magazine","url":"https:\/\/socialdesignmagazine.com\/mag\/","logo":{"@type":"ImageObject","inLanguage":"it-IT","@id":"https:\/\/socialdesignmagazine.com\/mag\/#\/schema\/logo\/image\/","url":"https:\/\/socialdesignmagazine.com\/mag\/wp-content\/uploads\/2017\/01\/logo_favicon_11.png","contentUrl":"https:\/\/socialdesignmagazine.com\/mag\/wp-content\/uploads\/2017\/01\/logo_favicon_11.png","width":1024,"height":1024,"caption":"Social Design Magazine"},"image":{"@id":"https:\/\/socialdesignmagazine.com\/mag\/#\/schema\/logo\/image\/"},"sameAs":["https:\/\/www.facebook.com\/socialdesignmag","https:\/\/x.com\/socialdesignmag","http:\/\/instagram.com\/social_design_magazine\/","http:\/\/pinterest.com\/socialdesignmag\/","http:\/\/www.youtube.com\/user\/socialdesignmagazine"]},{"@type":"Person","@id":"https:\/\/socialdesignmagazine.com\/mag\/#\/schema\/person\/61e20205cc363c315e6aabd33a045846","name":"Benedetto Fiori","image":{"@type":"ImageObject","inLanguage":"it-IT","@id":"https:\/\/secure.gravatar.com\/avatar\/450a48cefa36da63d920ad70aa660bd10725b1c6093800242e5efdb397759033?s=96&d=mm&r=g","url":"https:\/\/secure.gravatar.com\/avatar\/450a48cefa36da63d920ad70aa660bd10725b1c6093800242e5efdb397759033?s=96&d=mm&r=g","contentUrl":"https:\/\/secure.gravatar.com\/avatar\/450a48cefa36da63d920ad70aa660bd10725b1c6093800242e5efdb397759033?s=96&d=mm&r=g","caption":"Benedetto Fiori"},"description":"Web | Twitter | Facebook | Shutterstock Founder &amp; Editor in Chief di Social Design Magazine. Attratto da sempre da tutto ci\u00f2 che \u00e8 creativit\u00e0, design, architettura. Dopo aver studiato Architettura all'Universit\u00e0 di Firenze, si \u00e8 impegnato in molteplici campi: comunicazione grafica, progettazione di allestimenti fieristici, brand design, Interior Design.","sameAs":["http:\/\/benedettofiori.com","https:\/\/www.facebook.com\/benedettofiori","https:\/\/x.com\/benedettofiori"],"url":"https:\/\/socialdesignmagazine.com\/mag\/author\/benedetto\/"}]}},"jetpack_featured_media_url":"https:\/\/socialdesignmagazine.com\/mag\/wp-content\/uploads\/2023\/04\/Liu-Jo_Coquille_03.jpg","jetpack_sharing_enabled":true,"jetpack_shortlink":"https:\/\/wp.me\/p6cV7V-cV4","gt_translate_keys":[{"key":"link","format":"url"}],"_links":{"self":[{"href":"https:\/\/socialdesignmagazine.com\/mag\/wp-json\/wp\/v2\/posts\/49666","targetHints":{"allow":["GET"]}}],"collection":[{"href":"https:\/\/socialdesignmagazine.com\/mag\/wp-json\/wp\/v2\/posts"}],"about":[{"href":"https:\/\/socialdesignmagazine.com\/mag\/wp-json\/wp\/v2\/types\/post"}],"author":[{"embeddable":true,"href":"https:\/\/socialdesignmagazine.com\/mag\/wp-json\/wp\/v2\/users\/1"}],"replies":[{"embeddable":true,"href":"https:\/\/socialdesignmagazine.com\/mag\/wp-json\/wp\/v2\/comments?post=49666"}],"version-history":[{"count":1,"href":"https:\/\/socialdesignmagazine.com\/mag\/wp-json\/wp\/v2\/posts\/49666\/revisions"}],"predecessor-version":[{"id":49679,"href":"https:\/\/socialdesignmagazine.com\/mag\/wp-json\/wp\/v2\/posts\/49666\/revisions\/49679"}],"wp:featuredmedia":[{"embeddable":true,"href":"https:\/\/socialdesignmagazine.com\/mag\/wp-json\/wp\/v2\/media\/49671"}],"wp:attachment":[{"href":"https:\/\/socialdesignmagazine.com\/mag\/wp-json\/wp\/v2\/media?parent=49666"}],"wp:term":[{"taxonomy":"category","embeddable":true,"href":"https:\/\/socialdesignmagazine.com\/mag\/wp-json\/wp\/v2\/categories?post=49666"},{"taxonomy":"post_tag","embeddable":true,"href":"https:\/\/socialdesignmagazine.com\/mag\/wp-json\/wp\/v2\/tags?post=49666"}],"curies":[{"name":"wp","href":"https:\/\/api.w.org\/{rel}","templated":true}]}}