{"id":51524,"date":"2023-06-02T10:09:00","date_gmt":"2023-06-02T08:09:00","guid":{"rendered":"https:\/\/socialdesignmagazine.com\/mag\/?p=51524"},"modified":"2023-05-29T14:10:00","modified_gmt":"2023-05-29T12:10:00","slug":"the-rock-cabins-un-resort-di-cabine-ecologiche-nel-cuore-dellungheria","status":"publish","type":"post","link":"https:\/\/socialdesignmagazine.com\/mag\/architettura\/the-rock-cabins-un-resort-di-cabine-ecologiche-nel-cuore-dellungheria\/","title":{"rendered":"The Rock Cabins: Un resort di cabine ecologiche nel cuore dell&#8217;Ungheria","gt_translate_keys":[{"key":"rendered","format":"text"}]},"content":{"rendered":"\n<p>The Rock Cabins \u00e8 un resort di cabine ecologiche che si integrano perfettamente nel paesaggio circostante, con forme organiche e materiali sostenibili come il legno. Le cabine offrono comfort e relax per le coppie, con cucine, aree pranzo, docce e sauna a infrarossi.<\/p>\n\n\n\n<p>Il progetto dello studio di architettura Hello Wood \u00e8 stato realizzato a Cs\u00f3romf\u00f6lde, un ex fondo agricolo in Ungheria che in passato \u00e8 stato sede di programmi educativi e festival di architettura, offrendo un&#8217;atmosfera mistica. L&#8217;obiettivo era quello di costruire un resort di cabine che si integrasse perfettamente con il paesaggio di campi e colline. La forma organica delle cabine crea un legame tra l&#8217;ambiente naturale e quello costruito. L&#8217;uso del legno per le abitazioni suggerisce una vicinanza alla natura, ricordando i materiali che sono stati sempre presenti nell&#8217;architettura tradizionale di questa zona. In totale sono state costruite sei cabine sul terreno. Gli edifici sono progettati per offrire un elevato livello di comfort e relax per una coppia, con gli appartamenti dotati di cucina, zona pranzo e doccia direttamente collegati alla sauna a infrarossi. Ogni cabina ha una grande terrazza rivolta verso il panorama, dotata di una jacuzzi per 2 persone. Con la costruzione del resort di cabine siamo riusciti a fornire posti di lavoro per i locali e sostenere il turismo della zona.<\/p>\n\n\n\n<p>Hello Wood \u00e8 uno studio di architettura internazionale con sede a Budapest, in Ungheria, specializzato nel lavorare con materiali sostenibili, principalmente legno, per creare design unici, che si tratti di cabine, progetti di grande scala o installazioni sociali.<\/p>\n\n\n\n<figure class=\"wp-block-gallery has-nested-images columns-1 is-cropped wp-block-gallery-1 is-layout-flex wp-block-gallery-is-layout-flex\">\n<figure class=\"wp-block-image size-large\"><img loading=\"lazy\" decoding=\"async\" width=\"1024\" height=\"682\" data-attachment-id=\"51531\" data-permalink=\"https:\/\/socialdesignmagazine.com\/mag\/architettura\/the-rock-cabins-un-resort-di-cabine-ecologiche-nel-cuore-dellungheria\/attachment\/the-rock-cabins-un-resort-di-cabine-ecologiche-design-hello-wood-002\/#content\" data-orig-file=\"https:\/\/socialdesignmagazine.com\/mag\/wp-content\/uploads\/2023\/05\/The-Rock-Cabins-Un-resort-di-cabine-ecologiche.-design-Hello-Wood-002.jpg\" data-orig-size=\"2000,1333\" data-comments-opened=\"1\" data-image-meta=\"{&quot;aperture&quot;:&quot;0&quot;,&quot;credit&quot;:&quot;&quot;,&quot;camera&quot;:&quot;&quot;,&quot;caption&quot;:&quot;&quot;,&quot;created_timestamp&quot;:&quot;0&quot;,&quot;copyright&quot;:&quot;&quot;,&quot;focal_length&quot;:&quot;0&quot;,&quot;iso&quot;:&quot;0&quot;,&quot;shutter_speed&quot;:&quot;0&quot;,&quot;title&quot;:&quot;&quot;,&quot;orientation&quot;:&quot;0&quot;}\" data-image-title=\"The Rock Cabins Un resort di cabine ecologiche. design Hello Wood\" data-image-description=\"\" data-image-caption=\"\" data-medium-file=\"https:\/\/socialdesignmagazine.com\/mag\/wp-content\/uploads\/2023\/05\/The-Rock-Cabins-Un-resort-di-cabine-ecologiche.-design-Hello-Wood-002-438x283.jpg\" data-large-file=\"https:\/\/socialdesignmagazine.com\/mag\/wp-content\/uploads\/2023\/05\/The-Rock-Cabins-Un-resort-di-cabine-ecologiche.-design-Hello-Wood-002-1024x682.jpg\" data-id=\"51531\" src=\"https:\/\/socialdesignmagazine.com\/mag\/wp-content\/uploads\/2023\/05\/The-Rock-Cabins-Un-resort-di-cabine-ecologiche.-design-Hello-Wood-002-1024x682.jpg\" alt=\"The Rock Cabins Un resort di cabine ecologiche. design Hello Wood\" class=\"wp-image-51531\" srcset=\"https:\/\/socialdesignmagazine.com\/mag\/wp-content\/uploads\/2023\/05\/The-Rock-Cabins-Un-resort-di-cabine-ecologiche.-design-Hello-Wood-002-1024x682.jpg 1024w, https:\/\/socialdesignmagazine.com\/mag\/wp-content\/uploads\/2023\/05\/The-Rock-Cabins-Un-resort-di-cabine-ecologiche.-design-Hello-Wood-002-100x66.jpg 100w, https:\/\/socialdesignmagazine.com\/mag\/wp-content\/uploads\/2023\/05\/The-Rock-Cabins-Un-resort-di-cabine-ecologiche.-design-Hello-Wood-002-768x512.jpg 768w, https:\/\/socialdesignmagazine.com\/mag\/wp-content\/uploads\/2023\/05\/The-Rock-Cabins-Un-resort-di-cabine-ecologiche.-design-Hello-Wood-002-1536x1024.jpg 1536w, https:\/\/socialdesignmagazine.com\/mag\/wp-content\/uploads\/2023\/05\/The-Rock-Cabins-Un-resort-di-cabine-ecologiche.-design-Hello-Wood-002.jpg 2000w\" sizes=\"auto, (max-width: 1024px) 100vw, 1024px\" \/><\/figure>\n\n\n\n<figure class=\"wp-block-image size-large\"><img loading=\"lazy\" decoding=\"async\" width=\"1024\" height=\"682\" data-attachment-id=\"51528\" data-permalink=\"https:\/\/socialdesignmagazine.com\/mag\/architettura\/the-rock-cabins-un-resort-di-cabine-ecologiche-nel-cuore-dellungheria\/attachment\/the-rock-cabins-un-resort-di-cabine-ecologiche-design-hello-wood-003\/#content\" data-orig-file=\"https:\/\/socialdesignmagazine.com\/mag\/wp-content\/uploads\/2023\/05\/The-Rock-Cabins-Un-resort-di-cabine-ecologiche.-design-Hello-Wood-003.jpg\" data-orig-size=\"2000,1333\" data-comments-opened=\"1\" data-image-meta=\"{&quot;aperture&quot;:&quot;0&quot;,&quot;credit&quot;:&quot;&quot;,&quot;camera&quot;:&quot;&quot;,&quot;caption&quot;:&quot;&quot;,&quot;created_timestamp&quot;:&quot;0&quot;,&quot;copyright&quot;:&quot;&quot;,&quot;focal_length&quot;:&quot;0&quot;,&quot;iso&quot;:&quot;0&quot;,&quot;shutter_speed&quot;:&quot;0&quot;,&quot;title&quot;:&quot;&quot;,&quot;orientation&quot;:&quot;0&quot;}\" data-image-title=\"The Rock Cabins Un resort di cabine ecologiche. design Hello Wood\" data-image-description=\"\" data-image-caption=\"\" data-medium-file=\"https:\/\/socialdesignmagazine.com\/mag\/wp-content\/uploads\/2023\/05\/The-Rock-Cabins-Un-resort-di-cabine-ecologiche.-design-Hello-Wood-003-438x283.jpg\" data-large-file=\"https:\/\/socialdesignmagazine.com\/mag\/wp-content\/uploads\/2023\/05\/The-Rock-Cabins-Un-resort-di-cabine-ecologiche.-design-Hello-Wood-003-1024x682.jpg\" data-id=\"51528\" src=\"https:\/\/socialdesignmagazine.com\/mag\/wp-content\/uploads\/2023\/05\/The-Rock-Cabins-Un-resort-di-cabine-ecologiche.-design-Hello-Wood-003-1024x682.jpg\" alt=\"The Rock Cabins Un resort di cabine ecologiche. design Hello Wood\" class=\"wp-image-51528\" srcset=\"https:\/\/socialdesignmagazine.com\/mag\/wp-content\/uploads\/2023\/05\/The-Rock-Cabins-Un-resort-di-cabine-ecologiche.-design-Hello-Wood-003-1024x682.jpg 1024w, https:\/\/socialdesignmagazine.com\/mag\/wp-content\/uploads\/2023\/05\/The-Rock-Cabins-Un-resort-di-cabine-ecologiche.-design-Hello-Wood-003-100x66.jpg 100w, https:\/\/socialdesignmagazine.com\/mag\/wp-content\/uploads\/2023\/05\/The-Rock-Cabins-Un-resort-di-cabine-ecologiche.-design-Hello-Wood-003-768x512.jpg 768w, https:\/\/socialdesignmagazine.com\/mag\/wp-content\/uploads\/2023\/05\/The-Rock-Cabins-Un-resort-di-cabine-ecologiche.-design-Hello-Wood-003-1536x1024.jpg 1536w, https:\/\/socialdesignmagazine.com\/mag\/wp-content\/uploads\/2023\/05\/The-Rock-Cabins-Un-resort-di-cabine-ecologiche.-design-Hello-Wood-003.jpg 2000w\" sizes=\"auto, (max-width: 1024px) 100vw, 1024px\" \/><\/figure>\n\n\n\n<figure class=\"wp-block-image size-large\"><img loading=\"lazy\" decoding=\"async\" width=\"1024\" height=\"682\" data-attachment-id=\"51535\" data-permalink=\"https:\/\/socialdesignmagazine.com\/mag\/architettura\/the-rock-cabins-un-resort-di-cabine-ecologiche-nel-cuore-dellungheria\/attachment\/the-rock-cabins-un-resort-di-cabine-ecologiche-design-hello-wood-004\/#content\" data-orig-file=\"https:\/\/socialdesignmagazine.com\/mag\/wp-content\/uploads\/2023\/05\/The-Rock-Cabins-Un-resort-di-cabine-ecologiche.-design-Hello-Wood-004.jpg\" data-orig-size=\"2000,1333\" data-comments-opened=\"1\" data-image-meta=\"{&quot;aperture&quot;:&quot;0&quot;,&quot;credit&quot;:&quot;&quot;,&quot;camera&quot;:&quot;&quot;,&quot;caption&quot;:&quot;&quot;,&quot;created_timestamp&quot;:&quot;0&quot;,&quot;copyright&quot;:&quot;&quot;,&quot;focal_length&quot;:&quot;0&quot;,&quot;iso&quot;:&quot;0&quot;,&quot;shutter_speed&quot;:&quot;0&quot;,&quot;title&quot;:&quot;&quot;,&quot;orientation&quot;:&quot;0&quot;}\" data-image-title=\"The Rock Cabins Un resort di cabine ecologiche. design Hello Wood\" data-image-description=\"\" data-image-caption=\"\" data-medium-file=\"https:\/\/socialdesignmagazine.com\/mag\/wp-content\/uploads\/2023\/05\/The-Rock-Cabins-Un-resort-di-cabine-ecologiche.-design-Hello-Wood-004-438x283.jpg\" data-large-file=\"https:\/\/socialdesignmagazine.com\/mag\/wp-content\/uploads\/2023\/05\/The-Rock-Cabins-Un-resort-di-cabine-ecologiche.-design-Hello-Wood-004-1024x682.jpg\" data-id=\"51535\" src=\"https:\/\/socialdesignmagazine.com\/mag\/wp-content\/uploads\/2023\/05\/The-Rock-Cabins-Un-resort-di-cabine-ecologiche.-design-Hello-Wood-004-1024x682.jpg\" alt=\"The Rock Cabins Un resort di cabine ecologiche. design Hello Wood\" class=\"wp-image-51535\" srcset=\"https:\/\/socialdesignmagazine.com\/mag\/wp-content\/uploads\/2023\/05\/The-Rock-Cabins-Un-resort-di-cabine-ecologiche.-design-Hello-Wood-004-1024x682.jpg 1024w, https:\/\/socialdesignmagazine.com\/mag\/wp-content\/uploads\/2023\/05\/The-Rock-Cabins-Un-resort-di-cabine-ecologiche.-design-Hello-Wood-004-100x66.jpg 100w, https:\/\/socialdesignmagazine.com\/mag\/wp-content\/uploads\/2023\/05\/The-Rock-Cabins-Un-resort-di-cabine-ecologiche.-design-Hello-Wood-004-768x512.jpg 768w, https:\/\/socialdesignmagazine.com\/mag\/wp-content\/uploads\/2023\/05\/The-Rock-Cabins-Un-resort-di-cabine-ecologiche.-design-Hello-Wood-004-1536x1024.jpg 1536w, https:\/\/socialdesignmagazine.com\/mag\/wp-content\/uploads\/2023\/05\/The-Rock-Cabins-Un-resort-di-cabine-ecologiche.-design-Hello-Wood-004.jpg 2000w\" sizes=\"auto, (max-width: 1024px) 100vw, 1024px\" \/><\/figure>\n\n\n\n<figure class=\"wp-block-image size-large\"><img loading=\"lazy\" decoding=\"async\" width=\"1024\" height=\"682\" data-attachment-id=\"51534\" data-permalink=\"https:\/\/socialdesignmagazine.com\/mag\/architettura\/the-rock-cabins-un-resort-di-cabine-ecologiche-nel-cuore-dellungheria\/attachment\/the-rock-cabins-un-resort-di-cabine-ecologiche-design-hello-wood-011\/#content\" data-orig-file=\"https:\/\/socialdesignmagazine.com\/mag\/wp-content\/uploads\/2023\/05\/The-Rock-Cabins-Un-resort-di-cabine-ecologiche.-design-Hello-Wood-011.jpg\" data-orig-size=\"2000,1333\" data-comments-opened=\"1\" data-image-meta=\"{&quot;aperture&quot;:&quot;0&quot;,&quot;credit&quot;:&quot;&quot;,&quot;camera&quot;:&quot;&quot;,&quot;caption&quot;:&quot;&quot;,&quot;created_timestamp&quot;:&quot;0&quot;,&quot;copyright&quot;:&quot;&quot;,&quot;focal_length&quot;:&quot;0&quot;,&quot;iso&quot;:&quot;0&quot;,&quot;shutter_speed&quot;:&quot;0&quot;,&quot;title&quot;:&quot;&quot;,&quot;orientation&quot;:&quot;0&quot;}\" data-image-title=\"The Rock Cabins Un resort di cabine ecologiche. design Hello Wood\" data-image-description=\"\" data-image-caption=\"\" data-medium-file=\"https:\/\/socialdesignmagazine.com\/mag\/wp-content\/uploads\/2023\/05\/The-Rock-Cabins-Un-resort-di-cabine-ecologiche.-design-Hello-Wood-011-438x283.jpg\" data-large-file=\"https:\/\/socialdesignmagazine.com\/mag\/wp-content\/uploads\/2023\/05\/The-Rock-Cabins-Un-resort-di-cabine-ecologiche.-design-Hello-Wood-011-1024x682.jpg\" data-id=\"51534\" src=\"https:\/\/socialdesignmagazine.com\/mag\/wp-content\/uploads\/2023\/05\/The-Rock-Cabins-Un-resort-di-cabine-ecologiche.-design-Hello-Wood-011-1024x682.jpg\" alt=\"The Rock Cabins Un resort di cabine ecologiche. design Hello Wood\" class=\"wp-image-51534\" srcset=\"https:\/\/socialdesignmagazine.com\/mag\/wp-content\/uploads\/2023\/05\/The-Rock-Cabins-Un-resort-di-cabine-ecologiche.-design-Hello-Wood-011-1024x682.jpg 1024w, https:\/\/socialdesignmagazine.com\/mag\/wp-content\/uploads\/2023\/05\/The-Rock-Cabins-Un-resort-di-cabine-ecologiche.-design-Hello-Wood-011-100x66.jpg 100w, https:\/\/socialdesignmagazine.com\/mag\/wp-content\/uploads\/2023\/05\/The-Rock-Cabins-Un-resort-di-cabine-ecologiche.-design-Hello-Wood-011-768x512.jpg 768w, https:\/\/socialdesignmagazine.com\/mag\/wp-content\/uploads\/2023\/05\/The-Rock-Cabins-Un-resort-di-cabine-ecologiche.-design-Hello-Wood-011-1536x1024.jpg 1536w, https:\/\/socialdesignmagazine.com\/mag\/wp-content\/uploads\/2023\/05\/The-Rock-Cabins-Un-resort-di-cabine-ecologiche.-design-Hello-Wood-011.jpg 2000w\" sizes=\"auto, (max-width: 1024px) 100vw, 1024px\" \/><\/figure>\n\n\n\n<figure class=\"wp-block-image size-large\"><img loading=\"lazy\" decoding=\"async\" width=\"1024\" height=\"683\" data-attachment-id=\"51529\" data-permalink=\"https:\/\/socialdesignmagazine.com\/mag\/architettura\/the-rock-cabins-un-resort-di-cabine-ecologiche-nel-cuore-dellungheria\/attachment\/the-rock-cabins-un-resort-di-cabine-ecologiche-design-hello-wood-005\/#content\" data-orig-file=\"https:\/\/socialdesignmagazine.com\/mag\/wp-content\/uploads\/2023\/05\/The-Rock-Cabins-Un-resort-di-cabine-ecologiche.-design-Hello-Wood-005.jpg\" data-orig-size=\"2000,1334\" data-comments-opened=\"1\" data-image-meta=\"{&quot;aperture&quot;:&quot;0&quot;,&quot;credit&quot;:&quot;&quot;,&quot;camera&quot;:&quot;&quot;,&quot;caption&quot;:&quot;&quot;,&quot;created_timestamp&quot;:&quot;0&quot;,&quot;copyright&quot;:&quot;&quot;,&quot;focal_length&quot;:&quot;0&quot;,&quot;iso&quot;:&quot;0&quot;,&quot;shutter_speed&quot;:&quot;0&quot;,&quot;title&quot;:&quot;&quot;,&quot;orientation&quot;:&quot;0&quot;}\" data-image-title=\"The Rock Cabins Un resort di cabine ecologiche. design Hello Wood\" data-image-description=\"\" data-image-caption=\"\" data-medium-file=\"https:\/\/socialdesignmagazine.com\/mag\/wp-content\/uploads\/2023\/05\/The-Rock-Cabins-Un-resort-di-cabine-ecologiche.-design-Hello-Wood-005-438x283.jpg\" data-large-file=\"https:\/\/socialdesignmagazine.com\/mag\/wp-content\/uploads\/2023\/05\/The-Rock-Cabins-Un-resort-di-cabine-ecologiche.-design-Hello-Wood-005-1024x683.jpg\" data-id=\"51529\" src=\"https:\/\/socialdesignmagazine.com\/mag\/wp-content\/uploads\/2023\/05\/The-Rock-Cabins-Un-resort-di-cabine-ecologiche.-design-Hello-Wood-005-1024x683.jpg\" alt=\"The Rock Cabins Un resort di cabine ecologiche. design Hello Wood\" class=\"wp-image-51529\" srcset=\"https:\/\/socialdesignmagazine.com\/mag\/wp-content\/uploads\/2023\/05\/The-Rock-Cabins-Un-resort-di-cabine-ecologiche.-design-Hello-Wood-005-1024x683.jpg 1024w, https:\/\/socialdesignmagazine.com\/mag\/wp-content\/uploads\/2023\/05\/The-Rock-Cabins-Un-resort-di-cabine-ecologiche.-design-Hello-Wood-005-100x66.jpg 100w, https:\/\/socialdesignmagazine.com\/mag\/wp-content\/uploads\/2023\/05\/The-Rock-Cabins-Un-resort-di-cabine-ecologiche.-design-Hello-Wood-005-768x512.jpg 768w, https:\/\/socialdesignmagazine.com\/mag\/wp-content\/uploads\/2023\/05\/The-Rock-Cabins-Un-resort-di-cabine-ecologiche.-design-Hello-Wood-005-1536x1025.jpg 1536w, https:\/\/socialdesignmagazine.com\/mag\/wp-content\/uploads\/2023\/05\/The-Rock-Cabins-Un-resort-di-cabine-ecologiche.-design-Hello-Wood-005.jpg 2000w\" sizes=\"auto, (max-width: 1024px) 100vw, 1024px\" \/><\/figure>\n\n\n\n<figure class=\"wp-block-image size-large\"><img loading=\"lazy\" decoding=\"async\" width=\"1024\" height=\"682\" data-attachment-id=\"51527\" data-permalink=\"https:\/\/socialdesignmagazine.com\/mag\/architettura\/the-rock-cabins-un-resort-di-cabine-ecologiche-nel-cuore-dellungheria\/attachment\/the-rock-cabins-un-resort-di-cabine-ecologiche-design-hello-wood-006\/#content\" data-orig-file=\"https:\/\/socialdesignmagazine.com\/mag\/wp-content\/uploads\/2023\/05\/The-Rock-Cabins-Un-resort-di-cabine-ecologiche.-design-Hello-Wood-006.jpg\" data-orig-size=\"2000,1333\" data-comments-opened=\"1\" data-image-meta=\"{&quot;aperture&quot;:&quot;0&quot;,&quot;credit&quot;:&quot;&quot;,&quot;camera&quot;:&quot;&quot;,&quot;caption&quot;:&quot;&quot;,&quot;created_timestamp&quot;:&quot;0&quot;,&quot;copyright&quot;:&quot;&quot;,&quot;focal_length&quot;:&quot;0&quot;,&quot;iso&quot;:&quot;0&quot;,&quot;shutter_speed&quot;:&quot;0&quot;,&quot;title&quot;:&quot;&quot;,&quot;orientation&quot;:&quot;0&quot;}\" data-image-title=\"The Rock Cabins Un resort di cabine ecologiche. design Hello Wood\" data-image-description=\"\" data-image-caption=\"\" data-medium-file=\"https:\/\/socialdesignmagazine.com\/mag\/wp-content\/uploads\/2023\/05\/The-Rock-Cabins-Un-resort-di-cabine-ecologiche.-design-Hello-Wood-006-438x283.jpg\" data-large-file=\"https:\/\/socialdesignmagazine.com\/mag\/wp-content\/uploads\/2023\/05\/The-Rock-Cabins-Un-resort-di-cabine-ecologiche.-design-Hello-Wood-006-1024x682.jpg\" data-id=\"51527\" src=\"https:\/\/socialdesignmagazine.com\/mag\/wp-content\/uploads\/2023\/05\/The-Rock-Cabins-Un-resort-di-cabine-ecologiche.-design-Hello-Wood-006-1024x682.jpg\" alt=\"The Rock Cabins Un resort di cabine ecologiche. design Hello Wood\" class=\"wp-image-51527\" srcset=\"https:\/\/socialdesignmagazine.com\/mag\/wp-content\/uploads\/2023\/05\/The-Rock-Cabins-Un-resort-di-cabine-ecologiche.-design-Hello-Wood-006-1024x682.jpg 1024w, https:\/\/socialdesignmagazine.com\/mag\/wp-content\/uploads\/2023\/05\/The-Rock-Cabins-Un-resort-di-cabine-ecologiche.-design-Hello-Wood-006-100x66.jpg 100w, https:\/\/socialdesignmagazine.com\/mag\/wp-content\/uploads\/2023\/05\/The-Rock-Cabins-Un-resort-di-cabine-ecologiche.-design-Hello-Wood-006-768x512.jpg 768w, https:\/\/socialdesignmagazine.com\/mag\/wp-content\/uploads\/2023\/05\/The-Rock-Cabins-Un-resort-di-cabine-ecologiche.-design-Hello-Wood-006-1536x1024.jpg 1536w, https:\/\/socialdesignmagazine.com\/mag\/wp-content\/uploads\/2023\/05\/The-Rock-Cabins-Un-resort-di-cabine-ecologiche.-design-Hello-Wood-006.jpg 2000w\" sizes=\"auto, (max-width: 1024px) 100vw, 1024px\" \/><\/figure>\n\n\n\n<figure class=\"wp-block-image size-large\"><img loading=\"lazy\" decoding=\"async\" width=\"1024\" height=\"682\" data-attachment-id=\"51532\" data-permalink=\"https:\/\/socialdesignmagazine.com\/mag\/architettura\/the-rock-cabins-un-resort-di-cabine-ecologiche-nel-cuore-dellungheria\/attachment\/the-rock-cabins-un-resort-di-cabine-ecologiche-design-hello-wood-010\/#content\" data-orig-file=\"https:\/\/socialdesignmagazine.com\/mag\/wp-content\/uploads\/2023\/05\/The-Rock-Cabins-Un-resort-di-cabine-ecologiche.-design-Hello-Wood-010.jpg\" data-orig-size=\"2000,1333\" data-comments-opened=\"1\" data-image-meta=\"{&quot;aperture&quot;:&quot;0&quot;,&quot;credit&quot;:&quot;&quot;,&quot;camera&quot;:&quot;&quot;,&quot;caption&quot;:&quot;&quot;,&quot;created_timestamp&quot;:&quot;0&quot;,&quot;copyright&quot;:&quot;&quot;,&quot;focal_length&quot;:&quot;0&quot;,&quot;iso&quot;:&quot;0&quot;,&quot;shutter_speed&quot;:&quot;0&quot;,&quot;title&quot;:&quot;&quot;,&quot;orientation&quot;:&quot;0&quot;}\" data-image-title=\"The Rock Cabins Un resort di cabine ecologiche. design Hello Wood\" data-image-description=\"\" data-image-caption=\"\" data-medium-file=\"https:\/\/socialdesignmagazine.com\/mag\/wp-content\/uploads\/2023\/05\/The-Rock-Cabins-Un-resort-di-cabine-ecologiche.-design-Hello-Wood-010-438x283.jpg\" data-large-file=\"https:\/\/socialdesignmagazine.com\/mag\/wp-content\/uploads\/2023\/05\/The-Rock-Cabins-Un-resort-di-cabine-ecologiche.-design-Hello-Wood-010-1024x682.jpg\" data-id=\"51532\" src=\"https:\/\/socialdesignmagazine.com\/mag\/wp-content\/uploads\/2023\/05\/The-Rock-Cabins-Un-resort-di-cabine-ecologiche.-design-Hello-Wood-010-1024x682.jpg\" alt=\"The Rock Cabins Un resort di cabine ecologiche. design Hello Wood\" class=\"wp-image-51532\" srcset=\"https:\/\/socialdesignmagazine.com\/mag\/wp-content\/uploads\/2023\/05\/The-Rock-Cabins-Un-resort-di-cabine-ecologiche.-design-Hello-Wood-010-1024x682.jpg 1024w, https:\/\/socialdesignmagazine.com\/mag\/wp-content\/uploads\/2023\/05\/The-Rock-Cabins-Un-resort-di-cabine-ecologiche.-design-Hello-Wood-010-100x66.jpg 100w, https:\/\/socialdesignmagazine.com\/mag\/wp-content\/uploads\/2023\/05\/The-Rock-Cabins-Un-resort-di-cabine-ecologiche.-design-Hello-Wood-010-768x512.jpg 768w, https:\/\/socialdesignmagazine.com\/mag\/wp-content\/uploads\/2023\/05\/The-Rock-Cabins-Un-resort-di-cabine-ecologiche.-design-Hello-Wood-010-1536x1024.jpg 1536w, https:\/\/socialdesignmagazine.com\/mag\/wp-content\/uploads\/2023\/05\/The-Rock-Cabins-Un-resort-di-cabine-ecologiche.-design-Hello-Wood-010.jpg 2000w\" sizes=\"auto, (max-width: 1024px) 100vw, 1024px\" \/><\/figure>\n\n\n\n<figure class=\"wp-block-image size-large\"><img loading=\"lazy\" decoding=\"async\" width=\"1024\" height=\"1536\" data-attachment-id=\"51525\" data-permalink=\"https:\/\/socialdesignmagazine.com\/mag\/architettura\/the-rock-cabins-un-resort-di-cabine-ecologiche-nel-cuore-dellungheria\/attachment\/the-rock-cabins-un-resort-di-cabine-ecologiche-design-hello-wood-007\/#content\" data-orig-file=\"https:\/\/socialdesignmagazine.com\/mag\/wp-content\/uploads\/2023\/05\/The-Rock-Cabins-Un-resort-di-cabine-ecologiche.-design-Hello-Wood-007.jpg\" data-orig-size=\"1333,2000\" data-comments-opened=\"1\" data-image-meta=\"{&quot;aperture&quot;:&quot;0&quot;,&quot;credit&quot;:&quot;&quot;,&quot;camera&quot;:&quot;&quot;,&quot;caption&quot;:&quot;&quot;,&quot;created_timestamp&quot;:&quot;0&quot;,&quot;copyright&quot;:&quot;&quot;,&quot;focal_length&quot;:&quot;0&quot;,&quot;iso&quot;:&quot;0&quot;,&quot;shutter_speed&quot;:&quot;0&quot;,&quot;title&quot;:&quot;&quot;,&quot;orientation&quot;:&quot;0&quot;}\" data-image-title=\"The Rock Cabins Un resort di cabine ecologiche. design Hello Wood\" data-image-description=\"\" data-image-caption=\"\" data-medium-file=\"https:\/\/socialdesignmagazine.com\/mag\/wp-content\/uploads\/2023\/05\/The-Rock-Cabins-Un-resort-di-cabine-ecologiche.-design-Hello-Wood-007-438x283.jpg\" data-large-file=\"https:\/\/socialdesignmagazine.com\/mag\/wp-content\/uploads\/2023\/05\/The-Rock-Cabins-Un-resort-di-cabine-ecologiche.-design-Hello-Wood-007-1024x1536.jpg\" data-id=\"51525\" src=\"https:\/\/socialdesignmagazine.com\/mag\/wp-content\/uploads\/2023\/05\/The-Rock-Cabins-Un-resort-di-cabine-ecologiche.-design-Hello-Wood-007-1024x1536.jpg\" alt=\"The Rock Cabins Un resort di cabine ecologiche. design Hello Wood\" class=\"wp-image-51525\" srcset=\"https:\/\/socialdesignmagazine.com\/mag\/wp-content\/uploads\/2023\/05\/The-Rock-Cabins-Un-resort-di-cabine-ecologiche.-design-Hello-Wood-007-1024x1536.jpg 1024w, https:\/\/socialdesignmagazine.com\/mag\/wp-content\/uploads\/2023\/05\/The-Rock-Cabins-Un-resort-di-cabine-ecologiche.-design-Hello-Wood-007-768x1152.jpg 768w, https:\/\/socialdesignmagazine.com\/mag\/wp-content\/uploads\/2023\/05\/The-Rock-Cabins-Un-resort-di-cabine-ecologiche.-design-Hello-Wood-007.jpg 1333w\" sizes=\"auto, (max-width: 1024px) 100vw, 1024px\" \/><\/figure>\n\n\n\n<figure class=\"wp-block-image size-large\"><img loading=\"lazy\" decoding=\"async\" width=\"1024\" height=\"682\" data-attachment-id=\"51533\" data-permalink=\"https:\/\/socialdesignmagazine.com\/mag\/architettura\/the-rock-cabins-un-resort-di-cabine-ecologiche-nel-cuore-dellungheria\/attachment\/the-rock-cabins-un-resort-di-cabine-ecologiche-design-hello-wood-009\/#content\" data-orig-file=\"https:\/\/socialdesignmagazine.com\/mag\/wp-content\/uploads\/2023\/05\/The-Rock-Cabins-Un-resort-di-cabine-ecologiche.-design-Hello-Wood-009.jpg\" data-orig-size=\"2000,1333\" data-comments-opened=\"1\" data-image-meta=\"{&quot;aperture&quot;:&quot;0&quot;,&quot;credit&quot;:&quot;&quot;,&quot;camera&quot;:&quot;&quot;,&quot;caption&quot;:&quot;&quot;,&quot;created_timestamp&quot;:&quot;0&quot;,&quot;copyright&quot;:&quot;&quot;,&quot;focal_length&quot;:&quot;0&quot;,&quot;iso&quot;:&quot;0&quot;,&quot;shutter_speed&quot;:&quot;0&quot;,&quot;title&quot;:&quot;&quot;,&quot;orientation&quot;:&quot;0&quot;}\" data-image-title=\"The Rock Cabins Un resort di cabine ecologiche. design Hello Wood\" data-image-description=\"\" data-image-caption=\"\" data-medium-file=\"https:\/\/socialdesignmagazine.com\/mag\/wp-content\/uploads\/2023\/05\/The-Rock-Cabins-Un-resort-di-cabine-ecologiche.-design-Hello-Wood-009-438x283.jpg\" data-large-file=\"https:\/\/socialdesignmagazine.com\/mag\/wp-content\/uploads\/2023\/05\/The-Rock-Cabins-Un-resort-di-cabine-ecologiche.-design-Hello-Wood-009-1024x682.jpg\" data-id=\"51533\" src=\"https:\/\/socialdesignmagazine.com\/mag\/wp-content\/uploads\/2023\/05\/The-Rock-Cabins-Un-resort-di-cabine-ecologiche.-design-Hello-Wood-009-1024x682.jpg\" alt=\"The Rock Cabins Un resort di cabine ecologiche. design Hello Wood\" class=\"wp-image-51533\" srcset=\"https:\/\/socialdesignmagazine.com\/mag\/wp-content\/uploads\/2023\/05\/The-Rock-Cabins-Un-resort-di-cabine-ecologiche.-design-Hello-Wood-009-1024x682.jpg 1024w, https:\/\/socialdesignmagazine.com\/mag\/wp-content\/uploads\/2023\/05\/The-Rock-Cabins-Un-resort-di-cabine-ecologiche.-design-Hello-Wood-009-100x66.jpg 100w, https:\/\/socialdesignmagazine.com\/mag\/wp-content\/uploads\/2023\/05\/The-Rock-Cabins-Un-resort-di-cabine-ecologiche.-design-Hello-Wood-009-768x512.jpg 768w, https:\/\/socialdesignmagazine.com\/mag\/wp-content\/uploads\/2023\/05\/The-Rock-Cabins-Un-resort-di-cabine-ecologiche.-design-Hello-Wood-009-1536x1024.jpg 1536w, https:\/\/socialdesignmagazine.com\/mag\/wp-content\/uploads\/2023\/05\/The-Rock-Cabins-Un-resort-di-cabine-ecologiche.-design-Hello-Wood-009.jpg 2000w\" sizes=\"auto, (max-width: 1024px) 100vw, 1024px\" \/><\/figure>\n\n\n\n<figure class=\"wp-block-image size-large\"><img loading=\"lazy\" decoding=\"async\" width=\"1024\" height=\"1536\" data-attachment-id=\"51530\" data-permalink=\"https:\/\/socialdesignmagazine.com\/mag\/architettura\/the-rock-cabins-un-resort-di-cabine-ecologiche-nel-cuore-dellungheria\/attachment\/the-rock-cabins-un-resort-di-cabine-ecologiche-design-hello-wood-008\/#content\" data-orig-file=\"https:\/\/socialdesignmagazine.com\/mag\/wp-content\/uploads\/2023\/05\/The-Rock-Cabins-Un-resort-di-cabine-ecologiche.-design-Hello-Wood-008.jpg\" data-orig-size=\"1333,2000\" data-comments-opened=\"1\" data-image-meta=\"{&quot;aperture&quot;:&quot;0&quot;,&quot;credit&quot;:&quot;&quot;,&quot;camera&quot;:&quot;&quot;,&quot;caption&quot;:&quot;&quot;,&quot;created_timestamp&quot;:&quot;0&quot;,&quot;copyright&quot;:&quot;&quot;,&quot;focal_length&quot;:&quot;0&quot;,&quot;iso&quot;:&quot;0&quot;,&quot;shutter_speed&quot;:&quot;0&quot;,&quot;title&quot;:&quot;&quot;,&quot;orientation&quot;:&quot;0&quot;}\" data-image-title=\"The Rock Cabins Un resort di cabine ecologiche. design Hello Wood\" data-image-description=\"\" data-image-caption=\"\" data-medium-file=\"https:\/\/socialdesignmagazine.com\/mag\/wp-content\/uploads\/2023\/05\/The-Rock-Cabins-Un-resort-di-cabine-ecologiche.-design-Hello-Wood-008-438x283.jpg\" data-large-file=\"https:\/\/socialdesignmagazine.com\/mag\/wp-content\/uploads\/2023\/05\/The-Rock-Cabins-Un-resort-di-cabine-ecologiche.-design-Hello-Wood-008-1024x1536.jpg\" data-id=\"51530\" src=\"https:\/\/socialdesignmagazine.com\/mag\/wp-content\/uploads\/2023\/05\/The-Rock-Cabins-Un-resort-di-cabine-ecologiche.-design-Hello-Wood-008-1024x1536.jpg\" alt=\"The Rock Cabins Un resort di cabine ecologiche. design Hello Wood\" class=\"wp-image-51530\" srcset=\"https:\/\/socialdesignmagazine.com\/mag\/wp-content\/uploads\/2023\/05\/The-Rock-Cabins-Un-resort-di-cabine-ecologiche.-design-Hello-Wood-008-1024x1536.jpg 1024w, https:\/\/socialdesignmagazine.com\/mag\/wp-content\/uploads\/2023\/05\/The-Rock-Cabins-Un-resort-di-cabine-ecologiche.-design-Hello-Wood-008-768x1152.jpg 768w, https:\/\/socialdesignmagazine.com\/mag\/wp-content\/uploads\/2023\/05\/The-Rock-Cabins-Un-resort-di-cabine-ecologiche.-design-Hello-Wood-008.jpg 1333w\" sizes=\"auto, (max-width: 1024px) 100vw, 1024px\" \/><\/figure>\n\n\n\n<figure class=\"wp-block-image size-large\"><img loading=\"lazy\" decoding=\"async\" width=\"1024\" height=\"683\" data-attachment-id=\"51526\" data-permalink=\"https:\/\/socialdesignmagazine.com\/mag\/architettura\/the-rock-cabins-un-resort-di-cabine-ecologiche-nel-cuore-dellungheria\/attachment\/the-rock-cabins-un-resort-di-cabine-ecologiche-design-hello-wood-001\/#content\" data-orig-file=\"https:\/\/socialdesignmagazine.com\/mag\/wp-content\/uploads\/2023\/05\/The-Rock-Cabins-Un-resort-di-cabine-ecologiche.-design-Hello-Wood-001.jpg\" data-orig-size=\"2000,1334\" data-comments-opened=\"1\" data-image-meta=\"{&quot;aperture&quot;:&quot;0&quot;,&quot;credit&quot;:&quot;&quot;,&quot;camera&quot;:&quot;&quot;,&quot;caption&quot;:&quot;&quot;,&quot;created_timestamp&quot;:&quot;0&quot;,&quot;copyright&quot;:&quot;&quot;,&quot;focal_length&quot;:&quot;0&quot;,&quot;iso&quot;:&quot;0&quot;,&quot;shutter_speed&quot;:&quot;0&quot;,&quot;title&quot;:&quot;&quot;,&quot;orientation&quot;:&quot;0&quot;}\" data-image-title=\"The Rock Cabins Un resort di cabine ecologiche. design Hello Wood\" data-image-description=\"\" data-image-caption=\"\" data-medium-file=\"https:\/\/socialdesignmagazine.com\/mag\/wp-content\/uploads\/2023\/05\/The-Rock-Cabins-Un-resort-di-cabine-ecologiche.-design-Hello-Wood-001-438x283.jpg\" data-large-file=\"https:\/\/socialdesignmagazine.com\/mag\/wp-content\/uploads\/2023\/05\/The-Rock-Cabins-Un-resort-di-cabine-ecologiche.-design-Hello-Wood-001-1024x683.jpg\" data-id=\"51526\" src=\"https:\/\/socialdesignmagazine.com\/mag\/wp-content\/uploads\/2023\/05\/The-Rock-Cabins-Un-resort-di-cabine-ecologiche.-design-Hello-Wood-001-1024x683.jpg\" alt=\"The Rock Cabins Un resort di cabine ecologiche. design Hello Wood\" class=\"wp-image-51526\" srcset=\"https:\/\/socialdesignmagazine.com\/mag\/wp-content\/uploads\/2023\/05\/The-Rock-Cabins-Un-resort-di-cabine-ecologiche.-design-Hello-Wood-001-1024x683.jpg 1024w, https:\/\/socialdesignmagazine.com\/mag\/wp-content\/uploads\/2023\/05\/The-Rock-Cabins-Un-resort-di-cabine-ecologiche.-design-Hello-Wood-001-100x66.jpg 100w, https:\/\/socialdesignmagazine.com\/mag\/wp-content\/uploads\/2023\/05\/The-Rock-Cabins-Un-resort-di-cabine-ecologiche.-design-Hello-Wood-001-768x512.jpg 768w, https:\/\/socialdesignmagazine.com\/mag\/wp-content\/uploads\/2023\/05\/The-Rock-Cabins-Un-resort-di-cabine-ecologiche.-design-Hello-Wood-001-1536x1025.jpg 1536w, https:\/\/socialdesignmagazine.com\/mag\/wp-content\/uploads\/2023\/05\/The-Rock-Cabins-Un-resort-di-cabine-ecologiche.-design-Hello-Wood-001.jpg 2000w\" sizes=\"auto, (max-width: 1024px) 100vw, 1024px\" \/><\/figure>\n<\/figure>\n\n\n\n<h2 class=\"wp-block-heading\">Project info<\/h2>\n\n\n\n<p><strong>Company\/Firm:<\/strong> Hello Wood Zrt.<br><strong>Lead Designer:<\/strong> P\u00e9ter Pozs\u00e1r, Tam\u00e1s F\u00fcl\u00f6p, Andr\u00e1s Husz\u00e1r<br><strong>Design Team:<\/strong> D\u00e1vid R\u00e1day, Kriszti\u00e1n T\u00f3th, P\u00e9ter Oravecz<br><strong>Architect:<\/strong> Hello Wood Zrt.<br><strong>Interior Designer:<\/strong> Hello Wood Zrt.<br><strong>Const. Company:<\/strong> Hello Wood Zrt.<br><strong>Photo Credit:<\/strong> M\u00e1t\u00e9 Lakos<br><strong>Location:<\/strong> Cs\u00f3romf\u00f6lde, Hungary<br><strong>Project Date:<\/strong> February of 2022<br><strong>Project Link:<\/strong> <a rel=\"nofollow\" href=\"https:\/\/drive.google.com\/file\/d\/1uhrudNC9s-X0HrUsuDOHFXFudUU8a9hW\/view?usp=sharing\">view<\/a><\/p>\n","protected":false,"gt_translate_keys":[{"key":"rendered","format":"html"}]},"excerpt":{"rendered":"<p>The Rock Cabins \u00e8 un resort di cabine ecologiche che si integrano perfettamente nel paesaggio circostante, con forme organiche e materiali sostenibili come il legno.<\/p>\n","protected":false,"gt_translate_keys":[{"key":"rendered","format":"html"}]},"author":1,"featured_media":51534,"comment_status":"open","ping_status":"open","sticky":false,"template":"","format":"standard","meta":{"jetpack_post_was_ever_published":false,"_jetpack_newsletter_access":"","_jetpack_dont_email_post_to_subs":false,"_jetpack_newsletter_tier_id":0,"_jetpack_memberships_contains_paywalled_content":false,"_jetpack_memberships_contains_paid_content":false,"footnotes":"","_wpscppro_dont_share_socialmedia":false,"_wpscppro_custom_social_share_image":0,"_facebook_share_type":"","_twitter_share_type":"","_linkedin_share_type":"","_pinterest_share_type":"","_linkedin_share_type_page":"","_instagram_share_type":"","_medium_share_type":"","_threads_share_type":"","_google_business_share_type":"","_selected_social_profile":[],"_wpsp_enable_custom_social_template":false,"_wpsp_social_scheduling":{"enabled":false,"datetime":null,"platforms":[],"status":"template_only","dateOption":"today","timeOption":"now","customDays":"","customHours":"","customDate":"","customTime":"","schedulingType":"absolute"},"_wpsp_active_default_template":true},"categories":[15],"tags":[5451,2292,179,3898,3518],"class_list":["post-51524","post","type-post","status-publish","format-standard","has-post-thumbnail","hentry","category-architettura","tag-architettura","tag-interior-design","tag-legno","tag-resort","tag-tiny-houses"],"yoast_head":"<!-- This site is optimized with the Yoast SEO plugin v27.2 - https:\/\/yoast.com\/product\/yoast-seo-wordpress\/ -->\n<title>The Rock Cabins: Un resort di cabine ecologiche nel cuore dell&#039;Ungheria - Social Design Magazine<\/title>\n<meta name=\"description\" content=\"The Rock Cabins \u00e8 un resort di cabine ecologiche che si integrano perfettamente nel paesaggio circostante, con forme organiche e materiali sostenibili come il legno.\" \/>\n<meta name=\"robots\" content=\"index, follow, max-snippet:-1, max-image-preview:large, max-video-preview:-1\" \/>\n<link rel=\"canonical\" href=\"https:\/\/socialdesignmagazine.com\/mag\/architettura\/the-rock-cabins-un-resort-di-cabine-ecologiche-nel-cuore-dellungheria\/\" \/>\n<meta property=\"og:locale\" content=\"it_IT\" \/>\n<meta property=\"og:type\" content=\"article\" \/>\n<meta property=\"og:title\" content=\"The Rock Cabins: Un resort di cabine ecologiche nel cuore dell&#039;Ungheria - Social Design Magazine\" \/>\n<meta property=\"og:description\" content=\"The Rock Cabins \u00e8 un resort di cabine ecologiche che si integrano perfettamente nel paesaggio circostante, con forme organiche e materiali sostenibili come il legno.\" \/>\n<meta property=\"og:url\" content=\"http:\/\/socialdesignmagazine.com\/mag\/architettura\/the-rock-cabins-un-resort-di-cabine-ecologiche-nel-cuore-dellungheria\/\" \/>\n<meta property=\"og:site_name\" content=\"Social Design Magazine\" \/>\n<meta property=\"article:publisher\" content=\"https:\/\/www.facebook.com\/socialdesignmag\" \/>\n<meta property=\"article:author\" content=\"https:\/\/www.facebook.com\/benedettofiori\" \/>\n<meta property=\"article:published_time\" content=\"2023-06-02T08:09:00+00:00\" \/>\n<meta property=\"og:image\" content=\"https:\/\/socialdesignmagazine.com\/mag\/wp-content\/uploads\/2023\/05\/The-Rock-Cabins-Un-resort-di-cabine-ecologiche.-design-Hello-Wood-011.jpg\" \/>\n\t<meta property=\"og:image:width\" content=\"2000\" \/>\n\t<meta property=\"og:image:height\" content=\"1333\" \/>\n\t<meta property=\"og:image:type\" content=\"image\/jpeg\" \/>\n<meta name=\"author\" content=\"Benedetto Fiori\" \/>\n<meta name=\"twitter:card\" content=\"summary_large_image\" \/>\n<meta name=\"twitter:creator\" content=\"@benedettofiori\" \/>\n<meta name=\"twitter:site\" content=\"@socialdesignmag\" \/>\n<meta name=\"twitter:label1\" content=\"Scritto da\" \/>\n\t<meta name=\"twitter:data1\" content=\"Benedetto Fiori\" \/>\n\t<meta name=\"twitter:label2\" content=\"Tempo di lettura stimato\" \/>\n\t<meta name=\"twitter:data2\" content=\"4 minuti\" \/>\n<script type=\"application\/ld+json\" class=\"yoast-schema-graph\">{\"@context\":\"https:\/\/schema.org\",\"@graph\":[{\"@type\":\"Article\",\"@id\":\"https:\/\/socialdesignmagazine.com\/mag\/architettura\/the-rock-cabins-un-resort-di-cabine-ecologiche-nel-cuore-dellungheria\/#article\",\"isPartOf\":{\"@id\":\"https:\/\/socialdesignmagazine.com\/mag\/architettura\/the-rock-cabins-un-resort-di-cabine-ecologiche-nel-cuore-dellungheria\/\"},\"author\":{\"name\":\"Benedetto Fiori\",\"@id\":\"https:\/\/socialdesignmagazine.com\/mag\/#\/schema\/person\/61e20205cc363c315e6aabd33a045846\"},\"headline\":\"The Rock Cabins: Un resort di cabine ecologiche nel cuore dell&#8217;Ungheria\",\"datePublished\":\"2023-06-02T08:09:00+00:00\",\"mainEntityOfPage\":{\"@id\":\"https:\/\/socialdesignmagazine.com\/mag\/architettura\/the-rock-cabins-un-resort-di-cabine-ecologiche-nel-cuore-dellungheria\/\"},\"wordCount\":335,\"commentCount\":0,\"publisher\":{\"@id\":\"https:\/\/socialdesignmagazine.com\/mag\/#organization\"},\"image\":{\"@id\":\"https:\/\/socialdesignmagazine.com\/mag\/architettura\/the-rock-cabins-un-resort-di-cabine-ecologiche-nel-cuore-dellungheria\/#primaryimage\"},\"thumbnailUrl\":\"https:\/\/socialdesignmagazine.com\/mag\/wp-content\/uploads\/2023\/05\/The-Rock-Cabins-Un-resort-di-cabine-ecologiche.-design-Hello-Wood-011.jpg\",\"keywords\":[\"architettura\",\"interior design\",\"legno\",\"resort\",\"tiny houses\"],\"articleSection\":[\"Architettura\"],\"inLanguage\":\"it-IT\",\"potentialAction\":[{\"@type\":\"CommentAction\",\"name\":\"Comment\",\"target\":[\"https:\/\/socialdesignmagazine.com\/mag\/architettura\/the-rock-cabins-un-resort-di-cabine-ecologiche-nel-cuore-dellungheria\/#respond\"]}]},{\"@type\":\"WebPage\",\"@id\":\"https:\/\/socialdesignmagazine.com\/mag\/architettura\/the-rock-cabins-un-resort-di-cabine-ecologiche-nel-cuore-dellungheria\/\",\"url\":\"https:\/\/socialdesignmagazine.com\/mag\/architettura\/the-rock-cabins-un-resort-di-cabine-ecologiche-nel-cuore-dellungheria\/\",\"name\":\"The Rock Cabins: Un resort di cabine ecologiche nel cuore dell'Ungheria - Social Design Magazine\",\"isPartOf\":{\"@id\":\"https:\/\/socialdesignmagazine.com\/mag\/#website\"},\"primaryImageOfPage\":{\"@id\":\"https:\/\/socialdesignmagazine.com\/mag\/architettura\/the-rock-cabins-un-resort-di-cabine-ecologiche-nel-cuore-dellungheria\/#primaryimage\"},\"image\":{\"@id\":\"https:\/\/socialdesignmagazine.com\/mag\/architettura\/the-rock-cabins-un-resort-di-cabine-ecologiche-nel-cuore-dellungheria\/#primaryimage\"},\"thumbnailUrl\":\"https:\/\/socialdesignmagazine.com\/mag\/wp-content\/uploads\/2023\/05\/The-Rock-Cabins-Un-resort-di-cabine-ecologiche.-design-Hello-Wood-011.jpg\",\"datePublished\":\"2023-06-02T08:09:00+00:00\",\"description\":\"The Rock Cabins \u00e8 un resort di cabine ecologiche che si integrano perfettamente nel paesaggio circostante, con forme organiche e materiali sostenibili come il legno.\",\"breadcrumb\":{\"@id\":\"https:\/\/socialdesignmagazine.com\/mag\/architettura\/the-rock-cabins-un-resort-di-cabine-ecologiche-nel-cuore-dellungheria\/#breadcrumb\"},\"inLanguage\":\"it-IT\",\"potentialAction\":[{\"@type\":\"ReadAction\",\"target\":[\"https:\/\/socialdesignmagazine.com\/mag\/architettura\/the-rock-cabins-un-resort-di-cabine-ecologiche-nel-cuore-dellungheria\/\"]}]},{\"@type\":\"ImageObject\",\"inLanguage\":\"it-IT\",\"@id\":\"https:\/\/socialdesignmagazine.com\/mag\/architettura\/the-rock-cabins-un-resort-di-cabine-ecologiche-nel-cuore-dellungheria\/#primaryimage\",\"url\":\"https:\/\/socialdesignmagazine.com\/mag\/wp-content\/uploads\/2023\/05\/The-Rock-Cabins-Un-resort-di-cabine-ecologiche.-design-Hello-Wood-011.jpg\",\"contentUrl\":\"https:\/\/socialdesignmagazine.com\/mag\/wp-content\/uploads\/2023\/05\/The-Rock-Cabins-Un-resort-di-cabine-ecologiche.-design-Hello-Wood-011.jpg\",\"width\":2000,\"height\":1333,\"caption\":\"The Rock Cabins Un resort di cabine ecologiche. design Hello Wood\"},{\"@type\":\"BreadcrumbList\",\"@id\":\"https:\/\/socialdesignmagazine.com\/mag\/architettura\/the-rock-cabins-un-resort-di-cabine-ecologiche-nel-cuore-dellungheria\/#breadcrumb\",\"itemListElement\":[{\"@type\":\"ListItem\",\"position\":1,\"name\":\"Home\",\"item\":\"https:\/\/socialdesignmagazine.com\/mag\/\"},{\"@type\":\"ListItem\",\"position\":2,\"name\":\"Architettura\",\"item\":\"https:\/\/socialdesignmagazine.com\/mag\/architettura\/\"},{\"@type\":\"ListItem\",\"position\":3,\"name\":\"The Rock Cabins: Un resort di cabine ecologiche nel cuore dell&#8217;Ungheria\"}]},{\"@type\":\"WebSite\",\"@id\":\"https:\/\/socialdesignmagazine.com\/mag\/#website\",\"url\":\"https:\/\/socialdesignmagazine.com\/mag\/\",\"name\":\"Social Design Magazine\",\"description\":\"Social Magazine su Design, Architettura, Arte, Grafica\",\"publisher\":{\"@id\":\"https:\/\/socialdesignmagazine.com\/mag\/#organization\"},\"potentialAction\":[{\"@type\":\"SearchAction\",\"target\":{\"@type\":\"EntryPoint\",\"urlTemplate\":\"https:\/\/socialdesignmagazine.com\/mag\/?s={search_term_string}\"},\"query-input\":{\"@type\":\"PropertyValueSpecification\",\"valueRequired\":true,\"valueName\":\"search_term_string\"}}],\"inLanguage\":\"it-IT\"},{\"@type\":\"Organization\",\"@id\":\"https:\/\/socialdesignmagazine.com\/mag\/#organization\",\"name\":\"Social Design Magazine\",\"url\":\"https:\/\/socialdesignmagazine.com\/mag\/\",\"logo\":{\"@type\":\"ImageObject\",\"inLanguage\":\"it-IT\",\"@id\":\"https:\/\/socialdesignmagazine.com\/mag\/#\/schema\/logo\/image\/\",\"url\":\"https:\/\/socialdesignmagazine.com\/mag\/wp-content\/uploads\/2017\/01\/logo_favicon_11.png\",\"contentUrl\":\"https:\/\/socialdesignmagazine.com\/mag\/wp-content\/uploads\/2017\/01\/logo_favicon_11.png\",\"width\":1024,\"height\":1024,\"caption\":\"Social Design Magazine\"},\"image\":{\"@id\":\"https:\/\/socialdesignmagazine.com\/mag\/#\/schema\/logo\/image\/\"},\"sameAs\":[\"https:\/\/www.facebook.com\/socialdesignmag\",\"https:\/\/x.com\/socialdesignmag\",\"http:\/\/instagram.com\/social_design_magazine\/\",\"http:\/\/pinterest.com\/socialdesignmag\/\",\"http:\/\/www.youtube.com\/user\/socialdesignmagazine\"]},{\"@type\":\"Person\",\"@id\":\"https:\/\/socialdesignmagazine.com\/mag\/#\/schema\/person\/61e20205cc363c315e6aabd33a045846\",\"name\":\"Benedetto Fiori\",\"image\":{\"@type\":\"ImageObject\",\"inLanguage\":\"it-IT\",\"@id\":\"https:\/\/secure.gravatar.com\/avatar\/450a48cefa36da63d920ad70aa660bd10725b1c6093800242e5efdb397759033?s=96&d=mm&r=g\",\"url\":\"https:\/\/secure.gravatar.com\/avatar\/450a48cefa36da63d920ad70aa660bd10725b1c6093800242e5efdb397759033?s=96&d=mm&r=g\",\"contentUrl\":\"https:\/\/secure.gravatar.com\/avatar\/450a48cefa36da63d920ad70aa660bd10725b1c6093800242e5efdb397759033?s=96&d=mm&r=g\",\"caption\":\"Benedetto Fiori\"},\"description\":\"Web | Twitter | Facebook | Shutterstock Founder &amp; Editor in Chief di Social Design Magazine. Attratto da sempre da tutto ci\u00f2 che \u00e8 creativit\u00e0, design, architettura. Dopo aver studiato Architettura all'Universit\u00e0 di Firenze, si \u00e8 impegnato in molteplici campi: comunicazione grafica, progettazione di allestimenti fieristici, brand design, Interior Design.\",\"sameAs\":[\"http:\/\/benedettofiori.com\",\"https:\/\/www.facebook.com\/benedettofiori\",\"https:\/\/x.com\/benedettofiori\"],\"url\":\"https:\/\/socialdesignmagazine.com\/mag\/author\/benedetto\/\"}]}<\/script>\n<!-- \/ Yoast SEO plugin. -->","yoast_head_json":{"title":"The Rock Cabins: Un resort di cabine ecologiche nel cuore dell'Ungheria - Social Design Magazine","description":"The Rock Cabins \u00e8 un resort di cabine ecologiche che si integrano perfettamente nel paesaggio circostante, con forme organiche e materiali sostenibili come il legno.","robots":{"index":"index","follow":"follow","max-snippet":"max-snippet:-1","max-image-preview":"max-image-preview:large","max-video-preview":"max-video-preview:-1"},"canonical":"https:\/\/socialdesignmagazine.com\/mag\/architettura\/the-rock-cabins-un-resort-di-cabine-ecologiche-nel-cuore-dellungheria\/","og_locale":"it_IT","og_type":"article","og_title":"The Rock Cabins: Un resort di cabine ecologiche nel cuore dell'Ungheria - Social Design Magazine","og_description":"The Rock Cabins \u00e8 un resort di cabine ecologiche che si integrano perfettamente nel paesaggio circostante, con forme organiche e materiali sostenibili come il legno.","og_url":"http:\/\/socialdesignmagazine.com\/mag\/architettura\/the-rock-cabins-un-resort-di-cabine-ecologiche-nel-cuore-dellungheria\/","og_site_name":"Social Design Magazine","article_publisher":"https:\/\/www.facebook.com\/socialdesignmag","article_author":"https:\/\/www.facebook.com\/benedettofiori","article_published_time":"2023-06-02T08:09:00+00:00","og_image":[{"width":2000,"height":1333,"url":"https:\/\/socialdesignmagazine.com\/mag\/wp-content\/uploads\/2023\/05\/The-Rock-Cabins-Un-resort-di-cabine-ecologiche.-design-Hello-Wood-011.jpg","type":"image\/jpeg"}],"author":"Benedetto Fiori","twitter_card":"summary_large_image","twitter_creator":"@benedettofiori","twitter_site":"@socialdesignmag","twitter_misc":{"Scritto da":"Benedetto Fiori","Tempo di lettura stimato":"4 minuti"},"schema":{"@context":"https:\/\/schema.org","@graph":[{"@type":"Article","@id":"https:\/\/socialdesignmagazine.com\/mag\/architettura\/the-rock-cabins-un-resort-di-cabine-ecologiche-nel-cuore-dellungheria\/#article","isPartOf":{"@id":"https:\/\/socialdesignmagazine.com\/mag\/architettura\/the-rock-cabins-un-resort-di-cabine-ecologiche-nel-cuore-dellungheria\/"},"author":{"name":"Benedetto Fiori","@id":"https:\/\/socialdesignmagazine.com\/mag\/#\/schema\/person\/61e20205cc363c315e6aabd33a045846"},"headline":"The Rock Cabins: Un resort di cabine ecologiche nel cuore dell&#8217;Ungheria","datePublished":"2023-06-02T08:09:00+00:00","mainEntityOfPage":{"@id":"https:\/\/socialdesignmagazine.com\/mag\/architettura\/the-rock-cabins-un-resort-di-cabine-ecologiche-nel-cuore-dellungheria\/"},"wordCount":335,"commentCount":0,"publisher":{"@id":"https:\/\/socialdesignmagazine.com\/mag\/#organization"},"image":{"@id":"https:\/\/socialdesignmagazine.com\/mag\/architettura\/the-rock-cabins-un-resort-di-cabine-ecologiche-nel-cuore-dellungheria\/#primaryimage"},"thumbnailUrl":"https:\/\/socialdesignmagazine.com\/mag\/wp-content\/uploads\/2023\/05\/The-Rock-Cabins-Un-resort-di-cabine-ecologiche.-design-Hello-Wood-011.jpg","keywords":["architettura","interior design","legno","resort","tiny houses"],"articleSection":["Architettura"],"inLanguage":"it-IT","potentialAction":[{"@type":"CommentAction","name":"Comment","target":["https:\/\/socialdesignmagazine.com\/mag\/architettura\/the-rock-cabins-un-resort-di-cabine-ecologiche-nel-cuore-dellungheria\/#respond"]}]},{"@type":"WebPage","@id":"https:\/\/socialdesignmagazine.com\/mag\/architettura\/the-rock-cabins-un-resort-di-cabine-ecologiche-nel-cuore-dellungheria\/","url":"https:\/\/socialdesignmagazine.com\/mag\/architettura\/the-rock-cabins-un-resort-di-cabine-ecologiche-nel-cuore-dellungheria\/","name":"The Rock Cabins: Un resort di cabine ecologiche nel cuore dell'Ungheria - Social Design Magazine","isPartOf":{"@id":"https:\/\/socialdesignmagazine.com\/mag\/#website"},"primaryImageOfPage":{"@id":"https:\/\/socialdesignmagazine.com\/mag\/architettura\/the-rock-cabins-un-resort-di-cabine-ecologiche-nel-cuore-dellungheria\/#primaryimage"},"image":{"@id":"https:\/\/socialdesignmagazine.com\/mag\/architettura\/the-rock-cabins-un-resort-di-cabine-ecologiche-nel-cuore-dellungheria\/#primaryimage"},"thumbnailUrl":"https:\/\/socialdesignmagazine.com\/mag\/wp-content\/uploads\/2023\/05\/The-Rock-Cabins-Un-resort-di-cabine-ecologiche.-design-Hello-Wood-011.jpg","datePublished":"2023-06-02T08:09:00+00:00","description":"The Rock Cabins \u00e8 un resort di cabine ecologiche che si integrano perfettamente nel paesaggio circostante, con forme organiche e materiali sostenibili come il legno.","breadcrumb":{"@id":"https:\/\/socialdesignmagazine.com\/mag\/architettura\/the-rock-cabins-un-resort-di-cabine-ecologiche-nel-cuore-dellungheria\/#breadcrumb"},"inLanguage":"it-IT","potentialAction":[{"@type":"ReadAction","target":["https:\/\/socialdesignmagazine.com\/mag\/architettura\/the-rock-cabins-un-resort-di-cabine-ecologiche-nel-cuore-dellungheria\/"]}]},{"@type":"ImageObject","inLanguage":"it-IT","@id":"https:\/\/socialdesignmagazine.com\/mag\/architettura\/the-rock-cabins-un-resort-di-cabine-ecologiche-nel-cuore-dellungheria\/#primaryimage","url":"https:\/\/socialdesignmagazine.com\/mag\/wp-content\/uploads\/2023\/05\/The-Rock-Cabins-Un-resort-di-cabine-ecologiche.-design-Hello-Wood-011.jpg","contentUrl":"https:\/\/socialdesignmagazine.com\/mag\/wp-content\/uploads\/2023\/05\/The-Rock-Cabins-Un-resort-di-cabine-ecologiche.-design-Hello-Wood-011.jpg","width":2000,"height":1333,"caption":"The Rock Cabins Un resort di cabine ecologiche. design Hello Wood"},{"@type":"BreadcrumbList","@id":"https:\/\/socialdesignmagazine.com\/mag\/architettura\/the-rock-cabins-un-resort-di-cabine-ecologiche-nel-cuore-dellungheria\/#breadcrumb","itemListElement":[{"@type":"ListItem","position":1,"name":"Home","item":"https:\/\/socialdesignmagazine.com\/mag\/"},{"@type":"ListItem","position":2,"name":"Architettura","item":"https:\/\/socialdesignmagazine.com\/mag\/architettura\/"},{"@type":"ListItem","position":3,"name":"The Rock Cabins: Un resort di cabine ecologiche nel cuore dell&#8217;Ungheria"}]},{"@type":"WebSite","@id":"https:\/\/socialdesignmagazine.com\/mag\/#website","url":"https:\/\/socialdesignmagazine.com\/mag\/","name":"Social Design Magazine","description":"Social Magazine su Design, Architettura, Arte, Grafica","publisher":{"@id":"https:\/\/socialdesignmagazine.com\/mag\/#organization"},"potentialAction":[{"@type":"SearchAction","target":{"@type":"EntryPoint","urlTemplate":"https:\/\/socialdesignmagazine.com\/mag\/?s={search_term_string}"},"query-input":{"@type":"PropertyValueSpecification","valueRequired":true,"valueName":"search_term_string"}}],"inLanguage":"it-IT"},{"@type":"Organization","@id":"https:\/\/socialdesignmagazine.com\/mag\/#organization","name":"Social Design Magazine","url":"https:\/\/socialdesignmagazine.com\/mag\/","logo":{"@type":"ImageObject","inLanguage":"it-IT","@id":"https:\/\/socialdesignmagazine.com\/mag\/#\/schema\/logo\/image\/","url":"https:\/\/socialdesignmagazine.com\/mag\/wp-content\/uploads\/2017\/01\/logo_favicon_11.png","contentUrl":"https:\/\/socialdesignmagazine.com\/mag\/wp-content\/uploads\/2017\/01\/logo_favicon_11.png","width":1024,"height":1024,"caption":"Social Design Magazine"},"image":{"@id":"https:\/\/socialdesignmagazine.com\/mag\/#\/schema\/logo\/image\/"},"sameAs":["https:\/\/www.facebook.com\/socialdesignmag","https:\/\/x.com\/socialdesignmag","http:\/\/instagram.com\/social_design_magazine\/","http:\/\/pinterest.com\/socialdesignmag\/","http:\/\/www.youtube.com\/user\/socialdesignmagazine"]},{"@type":"Person","@id":"https:\/\/socialdesignmagazine.com\/mag\/#\/schema\/person\/61e20205cc363c315e6aabd33a045846","name":"Benedetto Fiori","image":{"@type":"ImageObject","inLanguage":"it-IT","@id":"https:\/\/secure.gravatar.com\/avatar\/450a48cefa36da63d920ad70aa660bd10725b1c6093800242e5efdb397759033?s=96&d=mm&r=g","url":"https:\/\/secure.gravatar.com\/avatar\/450a48cefa36da63d920ad70aa660bd10725b1c6093800242e5efdb397759033?s=96&d=mm&r=g","contentUrl":"https:\/\/secure.gravatar.com\/avatar\/450a48cefa36da63d920ad70aa660bd10725b1c6093800242e5efdb397759033?s=96&d=mm&r=g","caption":"Benedetto Fiori"},"description":"Web | Twitter | Facebook | Shutterstock Founder &amp; Editor in Chief di Social Design Magazine. Attratto da sempre da tutto ci\u00f2 che \u00e8 creativit\u00e0, design, architettura. Dopo aver studiato Architettura all'Universit\u00e0 di Firenze, si \u00e8 impegnato in molteplici campi: comunicazione grafica, progettazione di allestimenti fieristici, brand design, Interior Design.","sameAs":["http:\/\/benedettofiori.com","https:\/\/www.facebook.com\/benedettofiori","https:\/\/x.com\/benedettofiori"],"url":"https:\/\/socialdesignmagazine.com\/mag\/author\/benedetto\/"}]}},"jetpack_featured_media_url":"https:\/\/socialdesignmagazine.com\/mag\/wp-content\/uploads\/2023\/05\/The-Rock-Cabins-Un-resort-di-cabine-ecologiche.-design-Hello-Wood-011.jpg","jetpack_sharing_enabled":true,"jetpack_shortlink":"https:\/\/wp.me\/p6cV7V-dp2","gt_translate_keys":[{"key":"link","format":"url"}],"_links":{"self":[{"href":"https:\/\/socialdesignmagazine.com\/mag\/wp-json\/wp\/v2\/posts\/51524","targetHints":{"allow":["GET"]}}],"collection":[{"href":"https:\/\/socialdesignmagazine.com\/mag\/wp-json\/wp\/v2\/posts"}],"about":[{"href":"https:\/\/socialdesignmagazine.com\/mag\/wp-json\/wp\/v2\/types\/post"}],"author":[{"embeddable":true,"href":"https:\/\/socialdesignmagazine.com\/mag\/wp-json\/wp\/v2\/users\/1"}],"replies":[{"embeddable":true,"href":"https:\/\/socialdesignmagazine.com\/mag\/wp-json\/wp\/v2\/comments?post=51524"}],"version-history":[{"count":1,"href":"https:\/\/socialdesignmagazine.com\/mag\/wp-json\/wp\/v2\/posts\/51524\/revisions"}],"predecessor-version":[{"id":51536,"href":"https:\/\/socialdesignmagazine.com\/mag\/wp-json\/wp\/v2\/posts\/51524\/revisions\/51536"}],"wp:featuredmedia":[{"embeddable":true,"href":"https:\/\/socialdesignmagazine.com\/mag\/wp-json\/wp\/v2\/media\/51534"}],"wp:attachment":[{"href":"https:\/\/socialdesignmagazine.com\/mag\/wp-json\/wp\/v2\/media?parent=51524"}],"wp:term":[{"taxonomy":"category","embeddable":true,"href":"https:\/\/socialdesignmagazine.com\/mag\/wp-json\/wp\/v2\/categories?post=51524"},{"taxonomy":"post_tag","embeddable":true,"href":"https:\/\/socialdesignmagazine.com\/mag\/wp-json\/wp\/v2\/tags?post=51524"}],"curies":[{"name":"wp","href":"https:\/\/api.w.org\/{rel}","templated":true}]}}