{"id":527,"date":"2012-01-31T13:10:29","date_gmt":"2012-01-31T12:10:29","guid":{"rendered":"https:\/\/socialdesignmagazine.com\/mag\/s6-design\/c35-design\/design-sostenibile-ad-arena-design-2012\/"},"modified":"2024-05-10T15:15:44","modified_gmt":"2024-05-10T13:15:44","slug":"design-sostenibile-ad-arena-design-2012","status":"publish","type":"post","link":"https:\/\/socialdesignmagazine.com\/mag\/design\/design-sostenibile-ad-arena-design-2012\/","title":{"rendered":"Design sostenibile ad arena DESIGN 2012","gt_translate_keys":[{"key":"rendered","format":"text"}]},"content":{"rendered":"\n<p>Un evento per i progettisti, produttori e appassionati di design &#8211; <a class=\"jcepopup\" rel=\"nofollow\" href=\"http:\/\/www.arenadesign.pl\/pl\/\"><strong>arena DESIGN 2012<\/strong><\/a> &#8211; che Si terr\u00e0 tra il 5 e l&#8217;8 marzo 2012 nei locali della Fiera Internazionale di Pozna\u0144 in Polonia.<\/p>\n\n\n\n<p>Fin dall&#8217;inizio della sua esistenza, l&#8217;obiettivo principale di <strong>arena <\/strong><strong>DESIGN <\/strong>\u00e8 stata quella di attirare l&#8217;attenzione sul ruolo chiave della progettazione nella costruzione di un vantaggio competitivo delle imprese. Il punto centrale di <strong>arena <\/strong><strong>DESIGN<\/strong> sono i progettisti ed i loro progetti, che tesi ad attrarre il mondo del business.<\/p>\n\n\n\n<p>Arena design sostenibile<br>Il filo conduttore di questa edizione di <strong>arena <\/strong><strong>DESIGN<\/strong> \u00e8 la progettazione sostenibile. Seminari e conferenze permetteranno di conoscere il soggetto.<\/p>\n\n\n\n<p>Le innovazioni tecnologiche rappresentano uno sviluppo sostenibile riflesse nelle modalit\u00e0 di progettazione applicata di Fran\u00e7ois Azambourg, l&#8217;ospite speciale di <strong>arena <\/strong><strong>DESIGN<\/strong>. Il designer francese \u00e8 famoso per la sua inventiva in termini di materiali, riducendo sia i costi di produzione che di distribuzione di mobili. I visitatori della manifestazione <strong>arena <\/strong><strong>DESIGN<\/strong> avranno l&#8217;opportunit\u00e0 di conoscere Fran\u00e7ois Azambourg le sue idee ed assistere alla sua lezione.<\/p>\n\n\n\n<p><strong>Conferenze e workshop<\/strong> su progettazione ecocompatibile saranno condotte da Alistair Faud-Luca, autore del Manuale di progettazione ecocompatibile, che \u00e8 stato tradotto in molte lingue. L&#8217;esperto britannico in design sostenibile discuter\u00e0 la sua collaborazione con designer, architetti e produttori che promuovono atteggiamenti ecologici e sociali.<\/p>\n\n\n\n<p>I visitatori di <strong>arena <\/strong><strong>DESIGN<\/strong> avranno anche la possibilit\u00e0 di frequentare la lezione di Janusz Kaniewski, uno dei pi\u00f9 importanti designer polacchi.<\/p>\n\n\n\n<p><strong>TOP DESIGN Award per i prodotti con un design perfetto<\/strong><br>La premiazione del <strong>&#8220;2012 TOP DESIGN award&#8221;<\/strong> sar\u00e0 un evento importante del 2012 di<strong> arena <\/strong><strong>DESIGN<\/strong>. I vincitori si unirano al gruppo di imprese che lo hanno gi\u00e0 ricevuto, che comprende aziende come Hansgrohe, Thonet, Balma Design, Zelmer, Vox Industrie, PROFIM, Bymorritz, Fun Factory, Schattdecor, Marmorin, Manufaktura Ceramiczna Krystyna Kaszuba-Wac\u0142awek o Fl\u00fcgger . Tutti i prodotti nominati per il premio TOP DESIGN saranno esposti in una mostra nella zona di design.<\/p>\n\n\n\n<p><strong>Mostre<\/strong><br>Il marchio Kartell presenter\u00e0 i suoi mobili in plastica culto, compresi i disegni di designer di fama mondiale quali Ron Arad, Ferruccio Laviani, Piero Lissoni, Philippe Starck e Patricia Urquiola. Come parte di <strong>arena <\/strong><strong>DESIGN<\/strong> sar\u00e0 organizzata, una mostra di articoli per la tavola disegnata da Donna Karan, una stilista americana, per Lenox, produttore di porcellana. Rosenthal, invece, presenter\u00e0 le sue ceramiche disegnata da Christophe de la Fontaine, giovane designer Lussemburghese.<\/p>\n\n\n\n<p>I visitatori potranno conoscere le offerte di istituzioni e associazioni legate al design, cos\u00ec come quelle di aziende e studi di progettazione. <strong>arena <\/strong><strong>DESIGN<\/strong> sar\u00e0 anche uno spazio per presentare la giovane generazione di progettisti, tra cui gli studenti delle universit\u00e0 artistici e tecnici presenti alla <strong>arena <\/strong><strong>DESIGN<\/strong>.<\/p>\n\n\n<div class=\"wp-block-image\">\n<figure class=\"aligncenter size-large\"><img loading=\"lazy\" decoding=\"async\" width=\"720\" height=\"480\" data-attachment-id=\"6994\" data-permalink=\"https:\/\/socialdesignmagazine.com\/mag\/design\/design-sostenibile-ad-arena-design-2012\/attachment\/audrey_gruppo_colore_a\/#content\" data-orig-file=\"https:\/\/socialdesignmagazine.com\/mag\/wp-content\/uploads\/2012\/01\/benedetto_arena_design_AUDREY_GRUPPO_COLORE_A.jpg\" data-orig-size=\"720,480\" data-comments-opened=\"1\" data-image-meta=\"{&quot;aperture&quot;:&quot;0&quot;,&quot;credit&quot;:&quot;&quot;,&quot;camera&quot;:&quot;&quot;,&quot;caption&quot;:&quot;&quot;,&quot;created_timestamp&quot;:&quot;0&quot;,&quot;copyright&quot;:&quot;&quot;,&quot;focal_length&quot;:&quot;0&quot;,&quot;iso&quot;:&quot;0&quot;,&quot;shutter_speed&quot;:&quot;0&quot;,&quot;title&quot;:&quot;&quot;,&quot;orientation&quot;:&quot;0&quot;}\" data-image-title=\"AUDREY_GRUPPO_COLORE_A\" data-image-description=\"\" data-image-caption=\"&lt;p&gt;AUDREY GRUPPO COLORE A&lt;\/p&gt;\n\" data-medium-file=\"https:\/\/socialdesignmagazine.com\/mag\/wp-content\/uploads\/2012\/01\/benedetto_arena_design_AUDREY_GRUPPO_COLORE_A-396x256.jpg\" data-large-file=\"https:\/\/socialdesignmagazine.com\/mag\/wp-content\/uploads\/2012\/01\/benedetto_arena_design_AUDREY_GRUPPO_COLORE_A.jpg\" src=\"https:\/\/socialdesignmagazine.com\/mag\/wp-content\/uploads\/2012\/01\/benedetto_arena_design_AUDREY_GRUPPO_COLORE_A.jpg\" alt=\"AUDREY_GRUPPO_COLORE_A\" class=\"wp-image-6994\" srcset=\"https:\/\/socialdesignmagazine.com\/mag\/wp-content\/uploads\/2012\/01\/benedetto_arena_design_AUDREY_GRUPPO_COLORE_A.jpg 720w, https:\/\/socialdesignmagazine.com\/mag\/wp-content\/uploads\/2012\/01\/benedetto_arena_design_AUDREY_GRUPPO_COLORE_A-100x66.jpg 100w\" sizes=\"auto, (max-width: 720px) 100vw, 720px\" \/><figcaption class=\"wp-element-caption\">AUDREY GRUPPO COLORE A<\/figcaption><\/figure>\n<\/div>\n\n<div class=\"wp-block-image\">\n<figure class=\"aligncenter size-large\"><img loading=\"lazy\" decoding=\"async\" width=\"720\" height=\"889\" data-attachment-id=\"6995\" data-permalink=\"https:\/\/socialdesignmagazine.com\/mag\/design\/design-sostenibile-ad-arena-design-2012\/attachment\/f-azambourg-4_hd\/#content\" data-orig-file=\"https:\/\/socialdesignmagazine.com\/mag\/wp-content\/uploads\/2012\/01\/benedetto_arena_design_f.azambourg-4_hd.jpg\" data-orig-size=\"720,889\" data-comments-opened=\"1\" data-image-meta=\"{&quot;aperture&quot;:&quot;0&quot;,&quot;credit&quot;:&quot;&quot;,&quot;camera&quot;:&quot;&quot;,&quot;caption&quot;:&quot;&quot;,&quot;created_timestamp&quot;:&quot;0&quot;,&quot;copyright&quot;:&quot;&quot;,&quot;focal_length&quot;:&quot;0&quot;,&quot;iso&quot;:&quot;0&quot;,&quot;shutter_speed&quot;:&quot;0&quot;,&quot;title&quot;:&quot;&quot;,&quot;orientation&quot;:&quot;0&quot;}\" data-image-title=\"f.azambourg-4_hd\" data-image-description=\"\" data-image-caption=\"&lt;p&gt;arena DESIGN special guest&lt;\/p&gt;\n\" data-medium-file=\"https:\/\/socialdesignmagazine.com\/mag\/wp-content\/uploads\/2012\/01\/benedetto_arena_design_f.azambourg-4_hd-396x256.jpg\" data-large-file=\"https:\/\/socialdesignmagazine.com\/mag\/wp-content\/uploads\/2012\/01\/benedetto_arena_design_f.azambourg-4_hd.jpg\" src=\"https:\/\/socialdesignmagazine.com\/mag\/wp-content\/uploads\/2012\/01\/benedetto_arena_design_f.azambourg-4_hd.jpg\" alt=\"f.azambourg-4_hd\" class=\"wp-image-6995\"\/><figcaption class=\"wp-element-caption\">arena DESIGN special guest<\/figcaption><\/figure>\n<\/div>\n\n<div class=\"wp-block-image\">\n<figure class=\"aligncenter size-large\"><img loading=\"lazy\" decoding=\"async\" width=\"720\" height=\"480\" data-attachment-id=\"6996\" data-permalink=\"https:\/\/socialdesignmagazine.com\/mag\/design\/design-sostenibile-ad-arena-design-2012\/attachment\/mb-516_low\/#content\" data-orig-file=\"https:\/\/socialdesignmagazine.com\/mag\/wp-content\/uploads\/2012\/01\/benedetto_arena_design_MB-516_low.jpg\" data-orig-size=\"720,480\" data-comments-opened=\"1\" data-image-meta=\"{&quot;aperture&quot;:&quot;0&quot;,&quot;credit&quot;:&quot;&quot;,&quot;camera&quot;:&quot;&quot;,&quot;caption&quot;:&quot;&quot;,&quot;created_timestamp&quot;:&quot;0&quot;,&quot;copyright&quot;:&quot;&quot;,&quot;focal_length&quot;:&quot;0&quot;,&quot;iso&quot;:&quot;0&quot;,&quot;shutter_speed&quot;:&quot;0&quot;,&quot;title&quot;:&quot;&quot;,&quot;orientation&quot;:&quot;0&quot;}\" data-image-title=\"MB-516_low\" data-image-description=\"\" data-image-caption=\"&lt;p&gt;last edition of arena DESIGN&lt;\/p&gt;\n\" data-medium-file=\"https:\/\/socialdesignmagazine.com\/mag\/wp-content\/uploads\/2012\/01\/benedetto_arena_design_MB-516_low-396x256.jpg\" data-large-file=\"https:\/\/socialdesignmagazine.com\/mag\/wp-content\/uploads\/2012\/01\/benedetto_arena_design_MB-516_low.jpg\" src=\"https:\/\/socialdesignmagazine.com\/mag\/wp-content\/uploads\/2012\/01\/benedetto_arena_design_MB-516_low.jpg\" alt=\"MB-516_low\" class=\"wp-image-6996\" srcset=\"https:\/\/socialdesignmagazine.com\/mag\/wp-content\/uploads\/2012\/01\/benedetto_arena_design_MB-516_low.jpg 720w, https:\/\/socialdesignmagazine.com\/mag\/wp-content\/uploads\/2012\/01\/benedetto_arena_design_MB-516_low-100x66.jpg 100w\" sizes=\"auto, (max-width: 720px) 100vw, 720px\" \/><figcaption class=\"wp-element-caption\">last edition of arena DESIGN<\/figcaption><\/figure>\n<\/div>","protected":false,"gt_translate_keys":[{"key":"rendered","format":"html"}]},"excerpt":{"rendered":"<p>Un evento per i progettisti, produttori e appassionati di design &#8211; arena DESIGN 2012 &#8211; che Si terr\u00e0 tra il 5 e l&#8217;8 marzo 2012 nei locali della Fiera Internazionale di Pozna\u0144 in Polonia.<\/p>\n","protected":false,"gt_translate_keys":[{"key":"rendered","format":"html"}]},"author":1,"featured_media":6993,"comment_status":"open","ping_status":"open","sticky":false,"template":"","format":"standard","meta":{"jetpack_post_was_ever_published":false,"_jetpack_newsletter_access":"","_jetpack_dont_email_post_to_subs":false,"_jetpack_newsletter_tier_id":0,"_jetpack_memberships_contains_paywalled_content":false,"_jetpack_memberships_contains_paid_content":false,"footnotes":"","_wpscppro_dont_share_socialmedia":false,"_wpscppro_custom_social_share_image":0,"_facebook_share_type":"","_twitter_share_type":"","_linkedin_share_type":"","_pinterest_share_type":"","_linkedin_share_type_page":"","_instagram_share_type":"","_medium_share_type":"","_threads_share_type":"","_google_business_share_type":"","_selected_social_profile":[],"_wpsp_enable_custom_social_template":false,"_wpsp_social_scheduling":{"enabled":false,"datetime":null,"platforms":[],"status":"template_only","dateOption":"today","timeOption":"now","customDays":"","customHours":"","customDate":"","customTime":"","schedulingType":"absolute"},"_wpsp_active_default_template":true},"categories":[13],"tags":[1813,1653,418],"class_list":["post-527","post","type-post","status-publish","format-standard","has-post-thumbnail","hentry","category-design","tag-fiera","tag-polonia","tag-sostenibile"],"yoast_head":"<!-- This site is optimized with the Yoast SEO plugin v27.2 - https:\/\/yoast.com\/product\/yoast-seo-wordpress\/ -->\n<title>Design sostenibile ad arena DESIGN 2012 - Social Design Magazine<\/title>\n<meta name=\"description\" content=\"Un evento per i progettisti, produttori e appassionati di design - arena DESIGN 2012 - che Si terr\u00e0 tra il 5 e l&#039;8 marzo 2012 nei locali della Fiera Internazionale di Pozna\u0144 in Polonia.\" \/>\n<meta name=\"robots\" content=\"index, follow, max-snippet:-1, max-image-preview:large, max-video-preview:-1\" \/>\n<link rel=\"canonical\" href=\"https:\/\/socialdesignmagazine.com\/mag\/design\/design-sostenibile-ad-arena-design-2012\/\" \/>\n<meta property=\"og:locale\" content=\"it_IT\" \/>\n<meta property=\"og:type\" content=\"article\" \/>\n<meta property=\"og:title\" content=\"Design sostenibile ad arena DESIGN 2012 - Social Design Magazine\" \/>\n<meta property=\"og:description\" content=\"Un evento per i progettisti, produttori e appassionati di design - arena DESIGN 2012 - che Si terr\u00e0 tra il 5 e l&#039;8 marzo 2012 nei locali della Fiera Internazionale di Pozna\u0144 in Polonia.\" \/>\n<meta property=\"og:url\" content=\"http:\/\/socialdesignmagazine.com\/mag\/design\/design-sostenibile-ad-arena-design-2012\/\" \/>\n<meta property=\"og:site_name\" content=\"Social Design Magazine\" \/>\n<meta property=\"article:publisher\" content=\"https:\/\/www.facebook.com\/socialdesignmag\" \/>\n<meta property=\"article:author\" content=\"https:\/\/www.facebook.com\/benedettofiori\" \/>\n<meta property=\"article:published_time\" content=\"2012-01-31T12:10:29+00:00\" \/>\n<meta property=\"article:modified_time\" content=\"2024-05-10T13:15:44+00:00\" \/>\n<meta property=\"og:image\" content=\"https:\/\/socialdesignmagazine.com\/mag\/wp-content\/uploads\/2012\/01\/benedetto_arena_design_Arena_Design__Prossima_edizione__5_8_marzo_2012.png\" \/>\n\t<meta property=\"og:image:width\" content=\"720\" \/>\n\t<meta property=\"og:image:height\" content=\"220\" \/>\n\t<meta property=\"og:image:type\" content=\"image\/png\" \/>\n<meta name=\"author\" content=\"Benedetto Fiori\" \/>\n<meta name=\"twitter:card\" content=\"summary_large_image\" \/>\n<meta name=\"twitter:creator\" content=\"@benedettofiori\" \/>\n<meta name=\"twitter:site\" content=\"@socialdesignmag\" \/>\n<meta name=\"twitter:label1\" content=\"Scritto da\" \/>\n\t<meta name=\"twitter:data1\" content=\"Benedetto Fiori\" \/>\n\t<meta name=\"twitter:label2\" content=\"Tempo di lettura stimato\" \/>\n\t<meta name=\"twitter:data2\" content=\"4 minuti\" \/>\n<script type=\"application\/ld+json\" class=\"yoast-schema-graph\">{\"@context\":\"https:\/\/schema.org\",\"@graph\":[{\"@type\":\"Article\",\"@id\":\"https:\/\/socialdesignmagazine.com\/mag\/design\/design-sostenibile-ad-arena-design-2012\/#article\",\"isPartOf\":{\"@id\":\"https:\/\/socialdesignmagazine.com\/mag\/design\/design-sostenibile-ad-arena-design-2012\/\"},\"author\":{\"name\":\"Benedetto Fiori\",\"@id\":\"https:\/\/socialdesignmagazine.com\/mag\/#\/schema\/person\/61e20205cc363c315e6aabd33a045846\"},\"headline\":\"Design sostenibile ad arena DESIGN 2012\",\"datePublished\":\"2012-01-31T12:10:29+00:00\",\"dateModified\":\"2024-05-10T13:15:44+00:00\",\"mainEntityOfPage\":{\"@id\":\"https:\/\/socialdesignmagazine.com\/mag\/design\/design-sostenibile-ad-arena-design-2012\/\"},\"wordCount\":457,\"commentCount\":0,\"publisher\":{\"@id\":\"https:\/\/socialdesignmagazine.com\/mag\/#organization\"},\"image\":{\"@id\":\"https:\/\/socialdesignmagazine.com\/mag\/design\/design-sostenibile-ad-arena-design-2012\/#primaryimage\"},\"thumbnailUrl\":\"https:\/\/socialdesignmagazine.com\/mag\/wp-content\/uploads\/2012\/01\/benedetto_arena_design_Arena_Design__Prossima_edizione__5_8_marzo_2012.png\",\"keywords\":[\"fiera\",\"polonia\",\"sostenibile\"],\"articleSection\":[\"Design\"],\"inLanguage\":\"it-IT\",\"potentialAction\":[{\"@type\":\"CommentAction\",\"name\":\"Comment\",\"target\":[\"https:\/\/socialdesignmagazine.com\/mag\/design\/design-sostenibile-ad-arena-design-2012\/#respond\"]}]},{\"@type\":\"WebPage\",\"@id\":\"https:\/\/socialdesignmagazine.com\/mag\/design\/design-sostenibile-ad-arena-design-2012\/\",\"url\":\"https:\/\/socialdesignmagazine.com\/mag\/design\/design-sostenibile-ad-arena-design-2012\/\",\"name\":\"Design sostenibile ad arena DESIGN 2012 - Social Design Magazine\",\"isPartOf\":{\"@id\":\"https:\/\/socialdesignmagazine.com\/mag\/#website\"},\"primaryImageOfPage\":{\"@id\":\"https:\/\/socialdesignmagazine.com\/mag\/design\/design-sostenibile-ad-arena-design-2012\/#primaryimage\"},\"image\":{\"@id\":\"https:\/\/socialdesignmagazine.com\/mag\/design\/design-sostenibile-ad-arena-design-2012\/#primaryimage\"},\"thumbnailUrl\":\"https:\/\/socialdesignmagazine.com\/mag\/wp-content\/uploads\/2012\/01\/benedetto_arena_design_Arena_Design__Prossima_edizione__5_8_marzo_2012.png\",\"datePublished\":\"2012-01-31T12:10:29+00:00\",\"dateModified\":\"2024-05-10T13:15:44+00:00\",\"description\":\"Un evento per i progettisti, produttori e appassionati di design - arena DESIGN 2012 - che Si terr\u00e0 tra il 5 e l'8 marzo 2012 nei locali della Fiera Internazionale di Pozna\u0144 in Polonia.\",\"breadcrumb\":{\"@id\":\"https:\/\/socialdesignmagazine.com\/mag\/design\/design-sostenibile-ad-arena-design-2012\/#breadcrumb\"},\"inLanguage\":\"it-IT\",\"potentialAction\":[{\"@type\":\"ReadAction\",\"target\":[\"https:\/\/socialdesignmagazine.com\/mag\/design\/design-sostenibile-ad-arena-design-2012\/\"]}]},{\"@type\":\"ImageObject\",\"inLanguage\":\"it-IT\",\"@id\":\"https:\/\/socialdesignmagazine.com\/mag\/design\/design-sostenibile-ad-arena-design-2012\/#primaryimage\",\"url\":\"https:\/\/socialdesignmagazine.com\/mag\/wp-content\/uploads\/2012\/01\/benedetto_arena_design_Arena_Design__Prossima_edizione__5_8_marzo_2012.png\",\"contentUrl\":\"https:\/\/socialdesignmagazine.com\/mag\/wp-content\/uploads\/2012\/01\/benedetto_arena_design_Arena_Design__Prossima_edizione__5_8_marzo_2012.png\",\"width\":720,\"height\":220,\"caption\":\"Arena_Design__Prossima_edizione__5_8_marzo_2012\"},{\"@type\":\"BreadcrumbList\",\"@id\":\"https:\/\/socialdesignmagazine.com\/mag\/design\/design-sostenibile-ad-arena-design-2012\/#breadcrumb\",\"itemListElement\":[{\"@type\":\"ListItem\",\"position\":1,\"name\":\"Home\",\"item\":\"https:\/\/socialdesignmagazine.com\/mag\/\"},{\"@type\":\"ListItem\",\"position\":2,\"name\":\"Design\",\"item\":\"https:\/\/socialdesignmagazine.com\/mag\/design\/\"},{\"@type\":\"ListItem\",\"position\":3,\"name\":\"Design sostenibile ad arena DESIGN 2012\"}]},{\"@type\":\"WebSite\",\"@id\":\"https:\/\/socialdesignmagazine.com\/mag\/#website\",\"url\":\"https:\/\/socialdesignmagazine.com\/mag\/\",\"name\":\"Social Design Magazine\",\"description\":\"Social Magazine su Design, Architettura, Arte, Grafica\",\"publisher\":{\"@id\":\"https:\/\/socialdesignmagazine.com\/mag\/#organization\"},\"potentialAction\":[{\"@type\":\"SearchAction\",\"target\":{\"@type\":\"EntryPoint\",\"urlTemplate\":\"https:\/\/socialdesignmagazine.com\/mag\/?s={search_term_string}\"},\"query-input\":{\"@type\":\"PropertyValueSpecification\",\"valueRequired\":true,\"valueName\":\"search_term_string\"}}],\"inLanguage\":\"it-IT\"},{\"@type\":\"Organization\",\"@id\":\"https:\/\/socialdesignmagazine.com\/mag\/#organization\",\"name\":\"Social Design Magazine\",\"url\":\"https:\/\/socialdesignmagazine.com\/mag\/\",\"logo\":{\"@type\":\"ImageObject\",\"inLanguage\":\"it-IT\",\"@id\":\"https:\/\/socialdesignmagazine.com\/mag\/#\/schema\/logo\/image\/\",\"url\":\"https:\/\/socialdesignmagazine.com\/mag\/wp-content\/uploads\/2017\/01\/logo_favicon_11.png\",\"contentUrl\":\"https:\/\/socialdesignmagazine.com\/mag\/wp-content\/uploads\/2017\/01\/logo_favicon_11.png\",\"width\":1024,\"height\":1024,\"caption\":\"Social Design Magazine\"},\"image\":{\"@id\":\"https:\/\/socialdesignmagazine.com\/mag\/#\/schema\/logo\/image\/\"},\"sameAs\":[\"https:\/\/www.facebook.com\/socialdesignmag\",\"https:\/\/x.com\/socialdesignmag\",\"http:\/\/instagram.com\/social_design_magazine\/\",\"http:\/\/pinterest.com\/socialdesignmag\/\",\"http:\/\/www.youtube.com\/user\/socialdesignmagazine\"]},{\"@type\":\"Person\",\"@id\":\"https:\/\/socialdesignmagazine.com\/mag\/#\/schema\/person\/61e20205cc363c315e6aabd33a045846\",\"name\":\"Benedetto Fiori\",\"image\":{\"@type\":\"ImageObject\",\"inLanguage\":\"it-IT\",\"@id\":\"https:\/\/secure.gravatar.com\/avatar\/450a48cefa36da63d920ad70aa660bd10725b1c6093800242e5efdb397759033?s=96&d=mm&r=g\",\"url\":\"https:\/\/secure.gravatar.com\/avatar\/450a48cefa36da63d920ad70aa660bd10725b1c6093800242e5efdb397759033?s=96&d=mm&r=g\",\"contentUrl\":\"https:\/\/secure.gravatar.com\/avatar\/450a48cefa36da63d920ad70aa660bd10725b1c6093800242e5efdb397759033?s=96&d=mm&r=g\",\"caption\":\"Benedetto Fiori\"},\"description\":\"Web | Twitter | Facebook | Shutterstock Founder &amp; Editor in Chief di Social Design Magazine. Attratto da sempre da tutto ci\u00f2 che \u00e8 creativit\u00e0, design, architettura. Dopo aver studiato Architettura all'Universit\u00e0 di Firenze, si \u00e8 impegnato in molteplici campi: comunicazione grafica, progettazione di allestimenti fieristici, brand design, Interior Design.\",\"sameAs\":[\"http:\/\/benedettofiori.com\",\"https:\/\/www.facebook.com\/benedettofiori\",\"https:\/\/x.com\/benedettofiori\"],\"url\":\"https:\/\/socialdesignmagazine.com\/mag\/author\/benedetto\/\"}]}<\/script>\n<!-- \/ Yoast SEO plugin. -->","yoast_head_json":{"title":"Design sostenibile ad arena DESIGN 2012 - Social Design Magazine","description":"Un evento per i progettisti, produttori e appassionati di design - arena DESIGN 2012 - che Si terr\u00e0 tra il 5 e l'8 marzo 2012 nei locali della Fiera Internazionale di Pozna\u0144 in Polonia.","robots":{"index":"index","follow":"follow","max-snippet":"max-snippet:-1","max-image-preview":"max-image-preview:large","max-video-preview":"max-video-preview:-1"},"canonical":"https:\/\/socialdesignmagazine.com\/mag\/design\/design-sostenibile-ad-arena-design-2012\/","og_locale":"it_IT","og_type":"article","og_title":"Design sostenibile ad arena DESIGN 2012 - Social Design Magazine","og_description":"Un evento per i progettisti, produttori e appassionati di design - arena DESIGN 2012 - che Si terr\u00e0 tra il 5 e l'8 marzo 2012 nei locali della Fiera Internazionale di Pozna\u0144 in Polonia.","og_url":"http:\/\/socialdesignmagazine.com\/mag\/design\/design-sostenibile-ad-arena-design-2012\/","og_site_name":"Social Design Magazine","article_publisher":"https:\/\/www.facebook.com\/socialdesignmag","article_author":"https:\/\/www.facebook.com\/benedettofiori","article_published_time":"2012-01-31T12:10:29+00:00","article_modified_time":"2024-05-10T13:15:44+00:00","og_image":[{"width":720,"height":220,"url":"https:\/\/socialdesignmagazine.com\/mag\/wp-content\/uploads\/2012\/01\/benedetto_arena_design_Arena_Design__Prossima_edizione__5_8_marzo_2012.png","type":"image\/png"}],"author":"Benedetto Fiori","twitter_card":"summary_large_image","twitter_creator":"@benedettofiori","twitter_site":"@socialdesignmag","twitter_misc":{"Scritto da":"Benedetto Fiori","Tempo di lettura stimato":"4 minuti"},"schema":{"@context":"https:\/\/schema.org","@graph":[{"@type":"Article","@id":"https:\/\/socialdesignmagazine.com\/mag\/design\/design-sostenibile-ad-arena-design-2012\/#article","isPartOf":{"@id":"https:\/\/socialdesignmagazine.com\/mag\/design\/design-sostenibile-ad-arena-design-2012\/"},"author":{"name":"Benedetto Fiori","@id":"https:\/\/socialdesignmagazine.com\/mag\/#\/schema\/person\/61e20205cc363c315e6aabd33a045846"},"headline":"Design sostenibile ad arena DESIGN 2012","datePublished":"2012-01-31T12:10:29+00:00","dateModified":"2024-05-10T13:15:44+00:00","mainEntityOfPage":{"@id":"https:\/\/socialdesignmagazine.com\/mag\/design\/design-sostenibile-ad-arena-design-2012\/"},"wordCount":457,"commentCount":0,"publisher":{"@id":"https:\/\/socialdesignmagazine.com\/mag\/#organization"},"image":{"@id":"https:\/\/socialdesignmagazine.com\/mag\/design\/design-sostenibile-ad-arena-design-2012\/#primaryimage"},"thumbnailUrl":"https:\/\/socialdesignmagazine.com\/mag\/wp-content\/uploads\/2012\/01\/benedetto_arena_design_Arena_Design__Prossima_edizione__5_8_marzo_2012.png","keywords":["fiera","polonia","sostenibile"],"articleSection":["Design"],"inLanguage":"it-IT","potentialAction":[{"@type":"CommentAction","name":"Comment","target":["https:\/\/socialdesignmagazine.com\/mag\/design\/design-sostenibile-ad-arena-design-2012\/#respond"]}]},{"@type":"WebPage","@id":"https:\/\/socialdesignmagazine.com\/mag\/design\/design-sostenibile-ad-arena-design-2012\/","url":"https:\/\/socialdesignmagazine.com\/mag\/design\/design-sostenibile-ad-arena-design-2012\/","name":"Design sostenibile ad arena DESIGN 2012 - Social Design Magazine","isPartOf":{"@id":"https:\/\/socialdesignmagazine.com\/mag\/#website"},"primaryImageOfPage":{"@id":"https:\/\/socialdesignmagazine.com\/mag\/design\/design-sostenibile-ad-arena-design-2012\/#primaryimage"},"image":{"@id":"https:\/\/socialdesignmagazine.com\/mag\/design\/design-sostenibile-ad-arena-design-2012\/#primaryimage"},"thumbnailUrl":"https:\/\/socialdesignmagazine.com\/mag\/wp-content\/uploads\/2012\/01\/benedetto_arena_design_Arena_Design__Prossima_edizione__5_8_marzo_2012.png","datePublished":"2012-01-31T12:10:29+00:00","dateModified":"2024-05-10T13:15:44+00:00","description":"Un evento per i progettisti, produttori e appassionati di design - arena DESIGN 2012 - che Si terr\u00e0 tra il 5 e l'8 marzo 2012 nei locali della Fiera Internazionale di Pozna\u0144 in Polonia.","breadcrumb":{"@id":"https:\/\/socialdesignmagazine.com\/mag\/design\/design-sostenibile-ad-arena-design-2012\/#breadcrumb"},"inLanguage":"it-IT","potentialAction":[{"@type":"ReadAction","target":["https:\/\/socialdesignmagazine.com\/mag\/design\/design-sostenibile-ad-arena-design-2012\/"]}]},{"@type":"ImageObject","inLanguage":"it-IT","@id":"https:\/\/socialdesignmagazine.com\/mag\/design\/design-sostenibile-ad-arena-design-2012\/#primaryimage","url":"https:\/\/socialdesignmagazine.com\/mag\/wp-content\/uploads\/2012\/01\/benedetto_arena_design_Arena_Design__Prossima_edizione__5_8_marzo_2012.png","contentUrl":"https:\/\/socialdesignmagazine.com\/mag\/wp-content\/uploads\/2012\/01\/benedetto_arena_design_Arena_Design__Prossima_edizione__5_8_marzo_2012.png","width":720,"height":220,"caption":"Arena_Design__Prossima_edizione__5_8_marzo_2012"},{"@type":"BreadcrumbList","@id":"https:\/\/socialdesignmagazine.com\/mag\/design\/design-sostenibile-ad-arena-design-2012\/#breadcrumb","itemListElement":[{"@type":"ListItem","position":1,"name":"Home","item":"https:\/\/socialdesignmagazine.com\/mag\/"},{"@type":"ListItem","position":2,"name":"Design","item":"https:\/\/socialdesignmagazine.com\/mag\/design\/"},{"@type":"ListItem","position":3,"name":"Design sostenibile ad arena DESIGN 2012"}]},{"@type":"WebSite","@id":"https:\/\/socialdesignmagazine.com\/mag\/#website","url":"https:\/\/socialdesignmagazine.com\/mag\/","name":"Social Design Magazine","description":"Social Magazine su Design, Architettura, Arte, Grafica","publisher":{"@id":"https:\/\/socialdesignmagazine.com\/mag\/#organization"},"potentialAction":[{"@type":"SearchAction","target":{"@type":"EntryPoint","urlTemplate":"https:\/\/socialdesignmagazine.com\/mag\/?s={search_term_string}"},"query-input":{"@type":"PropertyValueSpecification","valueRequired":true,"valueName":"search_term_string"}}],"inLanguage":"it-IT"},{"@type":"Organization","@id":"https:\/\/socialdesignmagazine.com\/mag\/#organization","name":"Social Design Magazine","url":"https:\/\/socialdesignmagazine.com\/mag\/","logo":{"@type":"ImageObject","inLanguage":"it-IT","@id":"https:\/\/socialdesignmagazine.com\/mag\/#\/schema\/logo\/image\/","url":"https:\/\/socialdesignmagazine.com\/mag\/wp-content\/uploads\/2017\/01\/logo_favicon_11.png","contentUrl":"https:\/\/socialdesignmagazine.com\/mag\/wp-content\/uploads\/2017\/01\/logo_favicon_11.png","width":1024,"height":1024,"caption":"Social Design Magazine"},"image":{"@id":"https:\/\/socialdesignmagazine.com\/mag\/#\/schema\/logo\/image\/"},"sameAs":["https:\/\/www.facebook.com\/socialdesignmag","https:\/\/x.com\/socialdesignmag","http:\/\/instagram.com\/social_design_magazine\/","http:\/\/pinterest.com\/socialdesignmag\/","http:\/\/www.youtube.com\/user\/socialdesignmagazine"]},{"@type":"Person","@id":"https:\/\/socialdesignmagazine.com\/mag\/#\/schema\/person\/61e20205cc363c315e6aabd33a045846","name":"Benedetto Fiori","image":{"@type":"ImageObject","inLanguage":"it-IT","@id":"https:\/\/secure.gravatar.com\/avatar\/450a48cefa36da63d920ad70aa660bd10725b1c6093800242e5efdb397759033?s=96&d=mm&r=g","url":"https:\/\/secure.gravatar.com\/avatar\/450a48cefa36da63d920ad70aa660bd10725b1c6093800242e5efdb397759033?s=96&d=mm&r=g","contentUrl":"https:\/\/secure.gravatar.com\/avatar\/450a48cefa36da63d920ad70aa660bd10725b1c6093800242e5efdb397759033?s=96&d=mm&r=g","caption":"Benedetto Fiori"},"description":"Web | Twitter | Facebook | Shutterstock Founder &amp; Editor in Chief di Social Design Magazine. Attratto da sempre da tutto ci\u00f2 che \u00e8 creativit\u00e0, design, architettura. Dopo aver studiato Architettura all'Universit\u00e0 di Firenze, si \u00e8 impegnato in molteplici campi: comunicazione grafica, progettazione di allestimenti fieristici, brand design, Interior Design.","sameAs":["http:\/\/benedettofiori.com","https:\/\/www.facebook.com\/benedettofiori","https:\/\/x.com\/benedettofiori"],"url":"https:\/\/socialdesignmagazine.com\/mag\/author\/benedetto\/"}]}},"jetpack_featured_media_url":"https:\/\/socialdesignmagazine.com\/mag\/wp-content\/uploads\/2012\/01\/benedetto_arena_design_Arena_Design__Prossima_edizione__5_8_marzo_2012.png","jetpack_sharing_enabled":true,"jetpack_shortlink":"https:\/\/wp.me\/p6cV7V-8v","gt_translate_keys":[{"key":"link","format":"url"}],"_links":{"self":[{"href":"https:\/\/socialdesignmagazine.com\/mag\/wp-json\/wp\/v2\/posts\/527","targetHints":{"allow":["GET"]}}],"collection":[{"href":"https:\/\/socialdesignmagazine.com\/mag\/wp-json\/wp\/v2\/posts"}],"about":[{"href":"https:\/\/socialdesignmagazine.com\/mag\/wp-json\/wp\/v2\/types\/post"}],"author":[{"embeddable":true,"href":"https:\/\/socialdesignmagazine.com\/mag\/wp-json\/wp\/v2\/users\/1"}],"replies":[{"embeddable":true,"href":"https:\/\/socialdesignmagazine.com\/mag\/wp-json\/wp\/v2\/comments?post=527"}],"version-history":[{"count":3,"href":"https:\/\/socialdesignmagazine.com\/mag\/wp-json\/wp\/v2\/posts\/527\/revisions"}],"predecessor-version":[{"id":59570,"href":"https:\/\/socialdesignmagazine.com\/mag\/wp-json\/wp\/v2\/posts\/527\/revisions\/59570"}],"wp:featuredmedia":[{"embeddable":true,"href":"https:\/\/socialdesignmagazine.com\/mag\/wp-json\/wp\/v2\/media\/6993"}],"wp:attachment":[{"href":"https:\/\/socialdesignmagazine.com\/mag\/wp-json\/wp\/v2\/media?parent=527"}],"wp:term":[{"taxonomy":"category","embeddable":true,"href":"https:\/\/socialdesignmagazine.com\/mag\/wp-json\/wp\/v2\/categories?post=527"},{"taxonomy":"post_tag","embeddable":true,"href":"https:\/\/socialdesignmagazine.com\/mag\/wp-json\/wp\/v2\/tags?post=527"}],"curies":[{"name":"wp","href":"https:\/\/api.w.org\/{rel}","templated":true}]}}