{"id":53428,"date":"2023-07-03T20:00:00","date_gmt":"2023-07-03T18:00:00","guid":{"rendered":"https:\/\/socialdesignmagazine.com\/mag\/?p=53428"},"modified":"2023-06-26T10:28:45","modified_gmt":"2023-06-26T08:28:45","slug":"architettura-universitaria-a-santa-cruz-sobrieta-e-vitalita-si-fondono","status":"publish","type":"post","link":"https:\/\/socialdesignmagazine.com\/mag\/architettura\/architettura-universitaria-a-santa-cruz-sobrieta-e-vitalita-si-fondono\/","title":{"rendered":"Architettura universitaria a Santa Cruz: Sobriet\u00e0 e vitalit\u00e0 si fondono","gt_translate_keys":[{"key":"rendered","format":"text"}]},"content":{"rendered":"\n<h2 class=\"wp-block-heading\">Jo\u00e3o Nuno Macedo ha progettato l&#8217;edificio Santa Cruz, caratterizzato da linee pulite e sobrie, che si fonde armoniosamente nel contesto urbano. L&#8217;edificio, sviluppato per il mercato universitario, offre appartamenti con un design contemporaneo e vivace, creando uno spazio che accoglie coloro che iniziano una nuova fase accademica o professionale.<\/h2>\n\n\n\n<p>Nel contesto di una strada caratterizzata da un aspetto freddo, grigio e inadeguato nelle sue costruzioni, con immagini fuori contesto e facciate sorprendenti, si trovavano inizialmente due case a un solo piano. Gli edifici variavano da tipiche costruzioni storiche ad altre pi\u00f9 contemporanee o orientate verso tale intenzione. L&#8217;obiettivo era quello di semplificare con linee pulite e sobrie, creando qualcosa che si fondesse senza enfasi nel contesto, qualcosa di leggero che potesse adattarsi ai molteplici futuri possibili che la strada potrebbe affrontare.<\/p>\n\n\n\n<p>L&#8217;edificio si presenta come un volume a livello stradale, sospeso sul cortile interno sopra il piano interrato, che ospita il parcheggio. Fondamentalmente, si tratta di un volume sospeso che non interferisce con gli edifici circostanti.<\/p>\n\n\n\n<p>Il progetto \u00e8 stato sviluppato con un target di mercato universitario, e quindi l&#8217;interno dell&#8217;edificio \u00e8 stato concepito in base a questo concetto, con appartamenti caratterizzati da una distribuzione semplice dei piani e da elementi pi\u00f9 avanguardistici che lavorano in perfetta armonia.<\/p>\n\n\n\n<p>Attraverso l&#8217;uso del colore, si \u00e8 voluto creare un senso di vivacit\u00e0 che non imponesse restrizioni, ma rendesse lo spazio fluido rispetto ai diversi contesti che questa tipologia di edificio potrebbe incontrare. \u00c8 stato ritenuto imperativo conferire carattere a questo spazio interno, in modo che potesse essere vissuto da qualcuno, da qualcuno che sta iniziando una nuova vita accademica o professionale o semplicemente di passaggio temporaneo. Questo spazio dovrebbe essere per loro un luogo che permetta loro di sentirsi a casa, il loro rifugio momentaneo.<\/p>\n\n\n\n<figure class=\"wp-block-gallery has-nested-images columns-1 is-cropped wp-block-gallery-1 is-layout-flex wp-block-gallery-is-layout-flex\">\n<figure class=\"wp-block-image size-large\"><img loading=\"lazy\" decoding=\"async\" width=\"1024\" height=\"940\" data-attachment-id=\"53437\" data-permalink=\"https:\/\/socialdesignmagazine.com\/mag\/architettura\/architettura-universitaria-a-santa-cruz-sobrieta-e-vitalita-si-fondono\/attachment\/architettura-universitaria-a-santa-cruz-sobrieta-e-vitalita-si-fondono-joao-nuno-macedo-051\/#content\" data-orig-file=\"https:\/\/socialdesignmagazine.com\/mag\/wp-content\/uploads\/2023\/06\/Architettura-universitaria-a-Santa-Cruz.-Sobrieta-e-vitalita-si-fondono.-Joao-Nuno-Macedo-051-scaled.jpg\" data-orig-size=\"2560,2350\" data-comments-opened=\"1\" data-image-meta=\"{&quot;aperture&quot;:&quot;0&quot;,&quot;credit&quot;:&quot;&quot;,&quot;camera&quot;:&quot;&quot;,&quot;caption&quot;:&quot;&quot;,&quot;created_timestamp&quot;:&quot;0&quot;,&quot;copyright&quot;:&quot;&quot;,&quot;focal_length&quot;:&quot;0&quot;,&quot;iso&quot;:&quot;0&quot;,&quot;shutter_speed&quot;:&quot;0&quot;,&quot;title&quot;:&quot;&quot;,&quot;orientation&quot;:&quot;0&quot;}\" data-image-title=\"Architettura universitaria a Santa Cruz. Sobrieta e vitalita si fondono. Joao Nuno Macedo\" data-image-description=\"\" data-image-caption=\"\" data-medium-file=\"https:\/\/socialdesignmagazine.com\/mag\/wp-content\/uploads\/2023\/06\/Architettura-universitaria-a-Santa-Cruz.-Sobrieta-e-vitalita-si-fondono.-Joao-Nuno-Macedo-051-438x283.jpg\" data-large-file=\"https:\/\/socialdesignmagazine.com\/mag\/wp-content\/uploads\/2023\/06\/Architettura-universitaria-a-Santa-Cruz.-Sobrieta-e-vitalita-si-fondono.-Joao-Nuno-Macedo-051-1024x940.jpg\" data-id=\"53437\" src=\"https:\/\/socialdesignmagazine.com\/mag\/wp-content\/uploads\/2023\/06\/Architettura-universitaria-a-Santa-Cruz.-Sobrieta-e-vitalita-si-fondono.-Joao-Nuno-Macedo-051-1024x940.jpg\" alt=\"Architettura universitaria a Santa Cruz. Sobrieta e vitalita si fondono. Joao Nuno Macedo\" class=\"wp-image-53437\" srcset=\"https:\/\/socialdesignmagazine.com\/mag\/wp-content\/uploads\/2023\/06\/Architettura-universitaria-a-Santa-Cruz.-Sobrieta-e-vitalita-si-fondono.-Joao-Nuno-Macedo-051-1024x940.jpg 1024w, https:\/\/socialdesignmagazine.com\/mag\/wp-content\/uploads\/2023\/06\/Architettura-universitaria-a-Santa-Cruz.-Sobrieta-e-vitalita-si-fondono.-Joao-Nuno-Macedo-051-768x705.jpg 768w, https:\/\/socialdesignmagazine.com\/mag\/wp-content\/uploads\/2023\/06\/Architettura-universitaria-a-Santa-Cruz.-Sobrieta-e-vitalita-si-fondono.-Joao-Nuno-Macedo-051-1536x1410.jpg 1536w, https:\/\/socialdesignmagazine.com\/mag\/wp-content\/uploads\/2023\/06\/Architettura-universitaria-a-Santa-Cruz.-Sobrieta-e-vitalita-si-fondono.-Joao-Nuno-Macedo-051-2048x1880.jpg 2048w\" sizes=\"auto, (max-width: 1024px) 100vw, 1024px\" \/><\/figure>\n\n\n\n<figure class=\"wp-block-image size-large\"><img loading=\"lazy\" decoding=\"async\" width=\"1024\" height=\"1536\" data-attachment-id=\"53438\" data-permalink=\"https:\/\/socialdesignmagazine.com\/mag\/architettura\/architettura-universitaria-a-santa-cruz-sobrieta-e-vitalita-si-fondono\/attachment\/architettura-universitaria-a-santa-cruz-sobrieta-e-vitalita-si-fondono-joao-nuno-macedo-052\/#content\" data-orig-file=\"https:\/\/socialdesignmagazine.com\/mag\/wp-content\/uploads\/2023\/06\/Architettura-universitaria-a-Santa-Cruz.-Sobrieta-e-vitalita-si-fondono.-Joao-Nuno-Macedo-052-scaled.jpg\" data-orig-size=\"1707,2560\" data-comments-opened=\"1\" data-image-meta=\"{&quot;aperture&quot;:&quot;0&quot;,&quot;credit&quot;:&quot;&quot;,&quot;camera&quot;:&quot;&quot;,&quot;caption&quot;:&quot;&quot;,&quot;created_timestamp&quot;:&quot;0&quot;,&quot;copyright&quot;:&quot;&quot;,&quot;focal_length&quot;:&quot;0&quot;,&quot;iso&quot;:&quot;0&quot;,&quot;shutter_speed&quot;:&quot;0&quot;,&quot;title&quot;:&quot;&quot;,&quot;orientation&quot;:&quot;0&quot;}\" data-image-title=\"Architettura universitaria a Santa Cruz. Sobrieta e vitalita si fondono. Joao Nuno Macedo\" data-image-description=\"\" data-image-caption=\"\" data-medium-file=\"https:\/\/socialdesignmagazine.com\/mag\/wp-content\/uploads\/2023\/06\/Architettura-universitaria-a-Santa-Cruz.-Sobrieta-e-vitalita-si-fondono.-Joao-Nuno-Macedo-052-438x283.jpg\" data-large-file=\"https:\/\/socialdesignmagazine.com\/mag\/wp-content\/uploads\/2023\/06\/Architettura-universitaria-a-Santa-Cruz.-Sobrieta-e-vitalita-si-fondono.-Joao-Nuno-Macedo-052-1024x1536.jpg\" data-id=\"53438\" src=\"https:\/\/socialdesignmagazine.com\/mag\/wp-content\/uploads\/2023\/06\/Architettura-universitaria-a-Santa-Cruz.-Sobrieta-e-vitalita-si-fondono.-Joao-Nuno-Macedo-052-1024x1536.jpg\" alt=\"Architettura universitaria a Santa Cruz. Sobrieta e vitalita si fondono. Joao Nuno Macedo\" class=\"wp-image-53438\" srcset=\"https:\/\/socialdesignmagazine.com\/mag\/wp-content\/uploads\/2023\/06\/Architettura-universitaria-a-Santa-Cruz.-Sobrieta-e-vitalita-si-fondono.-Joao-Nuno-Macedo-052-1024x1536.jpg 1024w, https:\/\/socialdesignmagazine.com\/mag\/wp-content\/uploads\/2023\/06\/Architettura-universitaria-a-Santa-Cruz.-Sobrieta-e-vitalita-si-fondono.-Joao-Nuno-Macedo-052-768x1152.jpg 768w, https:\/\/socialdesignmagazine.com\/mag\/wp-content\/uploads\/2023\/06\/Architettura-universitaria-a-Santa-Cruz.-Sobrieta-e-vitalita-si-fondono.-Joao-Nuno-Macedo-052-1366x2048.jpg 1366w, https:\/\/socialdesignmagazine.com\/mag\/wp-content\/uploads\/2023\/06\/Architettura-universitaria-a-Santa-Cruz.-Sobrieta-e-vitalita-si-fondono.-Joao-Nuno-Macedo-052-scaled.jpg 1707w\" sizes=\"auto, (max-width: 1024px) 100vw, 1024px\" \/><\/figure>\n\n\n\n<figure class=\"wp-block-image size-large\"><img loading=\"lazy\" decoding=\"async\" width=\"1024\" height=\"683\" data-attachment-id=\"53439\" data-permalink=\"https:\/\/socialdesignmagazine.com\/mag\/architettura\/architettura-universitaria-a-santa-cruz-sobrieta-e-vitalita-si-fondono\/attachment\/architettura-universitaria-a-santa-cruz-sobrieta-e-vitalita-si-fondono-joao-nuno-macedo-053\/#content\" data-orig-file=\"https:\/\/socialdesignmagazine.com\/mag\/wp-content\/uploads\/2023\/06\/Architettura-universitaria-a-Santa-Cruz.-Sobrieta-e-vitalita-si-fondono.-Joao-Nuno-Macedo-053-scaled.jpg\" data-orig-size=\"2560,1707\" data-comments-opened=\"1\" data-image-meta=\"{&quot;aperture&quot;:&quot;0&quot;,&quot;credit&quot;:&quot;&quot;,&quot;camera&quot;:&quot;&quot;,&quot;caption&quot;:&quot;&quot;,&quot;created_timestamp&quot;:&quot;0&quot;,&quot;copyright&quot;:&quot;&quot;,&quot;focal_length&quot;:&quot;0&quot;,&quot;iso&quot;:&quot;0&quot;,&quot;shutter_speed&quot;:&quot;0&quot;,&quot;title&quot;:&quot;&quot;,&quot;orientation&quot;:&quot;0&quot;}\" data-image-title=\"Architettura universitaria a Santa Cruz. Sobrieta e vitalita si fondono. Joao Nuno Macedo\" data-image-description=\"\" data-image-caption=\"\" data-medium-file=\"https:\/\/socialdesignmagazine.com\/mag\/wp-content\/uploads\/2023\/06\/Architettura-universitaria-a-Santa-Cruz.-Sobrieta-e-vitalita-si-fondono.-Joao-Nuno-Macedo-053-438x283.jpg\" data-large-file=\"https:\/\/socialdesignmagazine.com\/mag\/wp-content\/uploads\/2023\/06\/Architettura-universitaria-a-Santa-Cruz.-Sobrieta-e-vitalita-si-fondono.-Joao-Nuno-Macedo-053-1024x683.jpg\" data-id=\"53439\" src=\"https:\/\/socialdesignmagazine.com\/mag\/wp-content\/uploads\/2023\/06\/Architettura-universitaria-a-Santa-Cruz.-Sobrieta-e-vitalita-si-fondono.-Joao-Nuno-Macedo-053-1024x683.jpg\" alt=\"Architettura universitaria a Santa Cruz. Sobrieta e vitalita si fondono. Joao Nuno Macedo\" class=\"wp-image-53439\" srcset=\"https:\/\/socialdesignmagazine.com\/mag\/wp-content\/uploads\/2023\/06\/Architettura-universitaria-a-Santa-Cruz.-Sobrieta-e-vitalita-si-fondono.-Joao-Nuno-Macedo-053-1024x683.jpg 1024w, https:\/\/socialdesignmagazine.com\/mag\/wp-content\/uploads\/2023\/06\/Architettura-universitaria-a-Santa-Cruz.-Sobrieta-e-vitalita-si-fondono.-Joao-Nuno-Macedo-053-100x66.jpg 100w, https:\/\/socialdesignmagazine.com\/mag\/wp-content\/uploads\/2023\/06\/Architettura-universitaria-a-Santa-Cruz.-Sobrieta-e-vitalita-si-fondono.-Joao-Nuno-Macedo-053-768x512.jpg 768w, https:\/\/socialdesignmagazine.com\/mag\/wp-content\/uploads\/2023\/06\/Architettura-universitaria-a-Santa-Cruz.-Sobrieta-e-vitalita-si-fondono.-Joao-Nuno-Macedo-053-1536x1024.jpg 1536w, https:\/\/socialdesignmagazine.com\/mag\/wp-content\/uploads\/2023\/06\/Architettura-universitaria-a-Santa-Cruz.-Sobrieta-e-vitalita-si-fondono.-Joao-Nuno-Macedo-053-2048x1366.jpg 2048w\" sizes=\"auto, (max-width: 1024px) 100vw, 1024px\" \/><\/figure>\n\n\n\n<figure class=\"wp-block-image size-large\"><img loading=\"lazy\" decoding=\"async\" width=\"1024\" height=\"1536\" data-attachment-id=\"53440\" data-permalink=\"https:\/\/socialdesignmagazine.com\/mag\/architettura\/architettura-universitaria-a-santa-cruz-sobrieta-e-vitalita-si-fondono\/attachment\/architettura-universitaria-a-santa-cruz-sobrieta-e-vitalita-si-fondono-joao-nuno-macedo-054\/#content\" data-orig-file=\"https:\/\/socialdesignmagazine.com\/mag\/wp-content\/uploads\/2023\/06\/Architettura-universitaria-a-Santa-Cruz.-Sobrieta-e-vitalita-si-fondono.-Joao-Nuno-Macedo-054-scaled.jpg\" data-orig-size=\"1707,2560\" data-comments-opened=\"1\" data-image-meta=\"{&quot;aperture&quot;:&quot;0&quot;,&quot;credit&quot;:&quot;&quot;,&quot;camera&quot;:&quot;&quot;,&quot;caption&quot;:&quot;&quot;,&quot;created_timestamp&quot;:&quot;0&quot;,&quot;copyright&quot;:&quot;&quot;,&quot;focal_length&quot;:&quot;0&quot;,&quot;iso&quot;:&quot;0&quot;,&quot;shutter_speed&quot;:&quot;0&quot;,&quot;title&quot;:&quot;&quot;,&quot;orientation&quot;:&quot;0&quot;}\" data-image-title=\"Architettura universitaria a Santa Cruz. Sobrieta e vitalita si fondono. Joao Nuno Macedo\" data-image-description=\"\" data-image-caption=\"\" data-medium-file=\"https:\/\/socialdesignmagazine.com\/mag\/wp-content\/uploads\/2023\/06\/Architettura-universitaria-a-Santa-Cruz.-Sobrieta-e-vitalita-si-fondono.-Joao-Nuno-Macedo-054-438x283.jpg\" data-large-file=\"https:\/\/socialdesignmagazine.com\/mag\/wp-content\/uploads\/2023\/06\/Architettura-universitaria-a-Santa-Cruz.-Sobrieta-e-vitalita-si-fondono.-Joao-Nuno-Macedo-054-1024x1536.jpg\" data-id=\"53440\" src=\"https:\/\/socialdesignmagazine.com\/mag\/wp-content\/uploads\/2023\/06\/Architettura-universitaria-a-Santa-Cruz.-Sobrieta-e-vitalita-si-fondono.-Joao-Nuno-Macedo-054-1024x1536.jpg\" alt=\"Architettura universitaria a Santa Cruz. Sobrieta e vitalita si fondono. Joao Nuno Macedo\" class=\"wp-image-53440\" srcset=\"https:\/\/socialdesignmagazine.com\/mag\/wp-content\/uploads\/2023\/06\/Architettura-universitaria-a-Santa-Cruz.-Sobrieta-e-vitalita-si-fondono.-Joao-Nuno-Macedo-054-1024x1536.jpg 1024w, https:\/\/socialdesignmagazine.com\/mag\/wp-content\/uploads\/2023\/06\/Architettura-universitaria-a-Santa-Cruz.-Sobrieta-e-vitalita-si-fondono.-Joao-Nuno-Macedo-054-768x1152.jpg 768w, https:\/\/socialdesignmagazine.com\/mag\/wp-content\/uploads\/2023\/06\/Architettura-universitaria-a-Santa-Cruz.-Sobrieta-e-vitalita-si-fondono.-Joao-Nuno-Macedo-054-1366x2048.jpg 1366w, https:\/\/socialdesignmagazine.com\/mag\/wp-content\/uploads\/2023\/06\/Architettura-universitaria-a-Santa-Cruz.-Sobrieta-e-vitalita-si-fondono.-Joao-Nuno-Macedo-054-scaled.jpg 1707w\" sizes=\"auto, (max-width: 1024px) 100vw, 1024px\" \/><\/figure>\n\n\n\n<figure class=\"wp-block-image size-large\"><img loading=\"lazy\" decoding=\"async\" width=\"1024\" height=\"888\" data-attachment-id=\"53441\" data-permalink=\"https:\/\/socialdesignmagazine.com\/mag\/architettura\/architettura-universitaria-a-santa-cruz-sobrieta-e-vitalita-si-fondono\/attachment\/architettura-universitaria-a-santa-cruz-sobrieta-e-vitalita-si-fondono-joao-nuno-macedo-055\/#content\" data-orig-file=\"https:\/\/socialdesignmagazine.com\/mag\/wp-content\/uploads\/2023\/06\/Architettura-universitaria-a-Santa-Cruz.-Sobrieta-e-vitalita-si-fondono.-Joao-Nuno-Macedo-055-scaled.jpg\" data-orig-size=\"2560,2221\" data-comments-opened=\"1\" data-image-meta=\"{&quot;aperture&quot;:&quot;0&quot;,&quot;credit&quot;:&quot;&quot;,&quot;camera&quot;:&quot;&quot;,&quot;caption&quot;:&quot;&quot;,&quot;created_timestamp&quot;:&quot;0&quot;,&quot;copyright&quot;:&quot;&quot;,&quot;focal_length&quot;:&quot;0&quot;,&quot;iso&quot;:&quot;0&quot;,&quot;shutter_speed&quot;:&quot;0&quot;,&quot;title&quot;:&quot;&quot;,&quot;orientation&quot;:&quot;0&quot;}\" data-image-title=\"Architettura universitaria a Santa Cruz. Sobrieta e vitalita si fondono. Joao Nuno Macedo\" data-image-description=\"\" data-image-caption=\"\" data-medium-file=\"https:\/\/socialdesignmagazine.com\/mag\/wp-content\/uploads\/2023\/06\/Architettura-universitaria-a-Santa-Cruz.-Sobrieta-e-vitalita-si-fondono.-Joao-Nuno-Macedo-055-438x283.jpg\" data-large-file=\"https:\/\/socialdesignmagazine.com\/mag\/wp-content\/uploads\/2023\/06\/Architettura-universitaria-a-Santa-Cruz.-Sobrieta-e-vitalita-si-fondono.-Joao-Nuno-Macedo-055-1024x888.jpg\" data-id=\"53441\" src=\"https:\/\/socialdesignmagazine.com\/mag\/wp-content\/uploads\/2023\/06\/Architettura-universitaria-a-Santa-Cruz.-Sobrieta-e-vitalita-si-fondono.-Joao-Nuno-Macedo-055-1024x888.jpg\" alt=\"Architettura universitaria a Santa Cruz. Sobrieta e vitalita si fondono. Joao Nuno Macedo\" class=\"wp-image-53441\" srcset=\"https:\/\/socialdesignmagazine.com\/mag\/wp-content\/uploads\/2023\/06\/Architettura-universitaria-a-Santa-Cruz.-Sobrieta-e-vitalita-si-fondono.-Joao-Nuno-Macedo-055-1024x888.jpg 1024w, https:\/\/socialdesignmagazine.com\/mag\/wp-content\/uploads\/2023\/06\/Architettura-universitaria-a-Santa-Cruz.-Sobrieta-e-vitalita-si-fondono.-Joao-Nuno-Macedo-055-768x666.jpg 768w, https:\/\/socialdesignmagazine.com\/mag\/wp-content\/uploads\/2023\/06\/Architettura-universitaria-a-Santa-Cruz.-Sobrieta-e-vitalita-si-fondono.-Joao-Nuno-Macedo-055-1536x1332.jpg 1536w, https:\/\/socialdesignmagazine.com\/mag\/wp-content\/uploads\/2023\/06\/Architettura-universitaria-a-Santa-Cruz.-Sobrieta-e-vitalita-si-fondono.-Joao-Nuno-Macedo-055-2048x1777.jpg 2048w\" sizes=\"auto, (max-width: 1024px) 100vw, 1024px\" \/><\/figure>\n\n\n\n<figure class=\"wp-block-image size-large\"><img loading=\"lazy\" decoding=\"async\" width=\"1024\" height=\"1275\" data-attachment-id=\"53442\" data-permalink=\"https:\/\/socialdesignmagazine.com\/mag\/architettura\/architettura-universitaria-a-santa-cruz-sobrieta-e-vitalita-si-fondono\/attachment\/architettura-universitaria-a-santa-cruz-sobrieta-e-vitalita-si-fondono-joao-nuno-macedo-001\/#content\" data-orig-file=\"https:\/\/socialdesignmagazine.com\/mag\/wp-content\/uploads\/2023\/06\/Architettura-universitaria-a-Santa-Cruz.-Sobrieta-e-vitalita-si-fondono.-Joao-Nuno-Macedo-001-scaled.jpg\" data-orig-size=\"2055,2560\" data-comments-opened=\"1\" data-image-meta=\"{&quot;aperture&quot;:&quot;0&quot;,&quot;credit&quot;:&quot;&quot;,&quot;camera&quot;:&quot;&quot;,&quot;caption&quot;:&quot;&quot;,&quot;created_timestamp&quot;:&quot;0&quot;,&quot;copyright&quot;:&quot;&quot;,&quot;focal_length&quot;:&quot;0&quot;,&quot;iso&quot;:&quot;0&quot;,&quot;shutter_speed&quot;:&quot;0&quot;,&quot;title&quot;:&quot;&quot;,&quot;orientation&quot;:&quot;0&quot;}\" data-image-title=\"Architettura universitaria a Santa Cruz. Sobrieta e vitalita si fondono. Joao Nuno Macedo\" data-image-description=\"\" data-image-caption=\"\" data-medium-file=\"https:\/\/socialdesignmagazine.com\/mag\/wp-content\/uploads\/2023\/06\/Architettura-universitaria-a-Santa-Cruz.-Sobrieta-e-vitalita-si-fondono.-Joao-Nuno-Macedo-001-438x283.jpg\" data-large-file=\"https:\/\/socialdesignmagazine.com\/mag\/wp-content\/uploads\/2023\/06\/Architettura-universitaria-a-Santa-Cruz.-Sobrieta-e-vitalita-si-fondono.-Joao-Nuno-Macedo-001-1024x1275.jpg\" data-id=\"53442\" src=\"https:\/\/socialdesignmagazine.com\/mag\/wp-content\/uploads\/2023\/06\/Architettura-universitaria-a-Santa-Cruz.-Sobrieta-e-vitalita-si-fondono.-Joao-Nuno-Macedo-001-1024x1275.jpg\" alt=\"Architettura universitaria a Santa Cruz. Sobrieta e vitalita si fondono. Joao Nuno Macedo\" class=\"wp-image-53442\" srcset=\"https:\/\/socialdesignmagazine.com\/mag\/wp-content\/uploads\/2023\/06\/Architettura-universitaria-a-Santa-Cruz.-Sobrieta-e-vitalita-si-fondono.-Joao-Nuno-Macedo-001-1024x1275.jpg 1024w, https:\/\/socialdesignmagazine.com\/mag\/wp-content\/uploads\/2023\/06\/Architettura-universitaria-a-Santa-Cruz.-Sobrieta-e-vitalita-si-fondono.-Joao-Nuno-Macedo-001-768x957.jpg 768w, https:\/\/socialdesignmagazine.com\/mag\/wp-content\/uploads\/2023\/06\/Architettura-universitaria-a-Santa-Cruz.-Sobrieta-e-vitalita-si-fondono.-Joao-Nuno-Macedo-001-1233x1536.jpg 1233w, https:\/\/socialdesignmagazine.com\/mag\/wp-content\/uploads\/2023\/06\/Architettura-universitaria-a-Santa-Cruz.-Sobrieta-e-vitalita-si-fondono.-Joao-Nuno-Macedo-001-1644x2048.jpg 1644w\" sizes=\"auto, (max-width: 1024px) 100vw, 1024px\" \/><\/figure>\n\n\n\n<figure class=\"wp-block-image size-large\"><img loading=\"lazy\" decoding=\"async\" width=\"1024\" height=\"1536\" data-attachment-id=\"53443\" data-permalink=\"https:\/\/socialdesignmagazine.com\/mag\/architettura\/architettura-universitaria-a-santa-cruz-sobrieta-e-vitalita-si-fondono\/attachment\/architettura-universitaria-a-santa-cruz-sobrieta-e-vitalita-si-fondono-joao-nuno-macedo-002\/#content\" data-orig-file=\"https:\/\/socialdesignmagazine.com\/mag\/wp-content\/uploads\/2023\/06\/Architettura-universitaria-a-Santa-Cruz.-Sobrieta-e-vitalita-si-fondono.-Joao-Nuno-Macedo-002-scaled.jpg\" data-orig-size=\"1707,2560\" data-comments-opened=\"1\" data-image-meta=\"{&quot;aperture&quot;:&quot;0&quot;,&quot;credit&quot;:&quot;&quot;,&quot;camera&quot;:&quot;&quot;,&quot;caption&quot;:&quot;&quot;,&quot;created_timestamp&quot;:&quot;0&quot;,&quot;copyright&quot;:&quot;&quot;,&quot;focal_length&quot;:&quot;0&quot;,&quot;iso&quot;:&quot;0&quot;,&quot;shutter_speed&quot;:&quot;0&quot;,&quot;title&quot;:&quot;&quot;,&quot;orientation&quot;:&quot;0&quot;}\" data-image-title=\"Architettura universitaria a Santa Cruz. Sobrieta e vitalita si fondono. Joao Nuno Macedo\" data-image-description=\"\" data-image-caption=\"\" data-medium-file=\"https:\/\/socialdesignmagazine.com\/mag\/wp-content\/uploads\/2023\/06\/Architettura-universitaria-a-Santa-Cruz.-Sobrieta-e-vitalita-si-fondono.-Joao-Nuno-Macedo-002-438x283.jpg\" data-large-file=\"https:\/\/socialdesignmagazine.com\/mag\/wp-content\/uploads\/2023\/06\/Architettura-universitaria-a-Santa-Cruz.-Sobrieta-e-vitalita-si-fondono.-Joao-Nuno-Macedo-002-1024x1536.jpg\" data-id=\"53443\" src=\"https:\/\/socialdesignmagazine.com\/mag\/wp-content\/uploads\/2023\/06\/Architettura-universitaria-a-Santa-Cruz.-Sobrieta-e-vitalita-si-fondono.-Joao-Nuno-Macedo-002-1024x1536.jpg\" alt=\"Architettura universitaria a Santa Cruz. Sobrieta e vitalita si fondono. Joao Nuno Macedo\" class=\"wp-image-53443\" srcset=\"https:\/\/socialdesignmagazine.com\/mag\/wp-content\/uploads\/2023\/06\/Architettura-universitaria-a-Santa-Cruz.-Sobrieta-e-vitalita-si-fondono.-Joao-Nuno-Macedo-002-1024x1536.jpg 1024w, https:\/\/socialdesignmagazine.com\/mag\/wp-content\/uploads\/2023\/06\/Architettura-universitaria-a-Santa-Cruz.-Sobrieta-e-vitalita-si-fondono.-Joao-Nuno-Macedo-002-768x1152.jpg 768w, https:\/\/socialdesignmagazine.com\/mag\/wp-content\/uploads\/2023\/06\/Architettura-universitaria-a-Santa-Cruz.-Sobrieta-e-vitalita-si-fondono.-Joao-Nuno-Macedo-002-1366x2048.jpg 1366w, https:\/\/socialdesignmagazine.com\/mag\/wp-content\/uploads\/2023\/06\/Architettura-universitaria-a-Santa-Cruz.-Sobrieta-e-vitalita-si-fondono.-Joao-Nuno-Macedo-002-scaled.jpg 1707w\" sizes=\"auto, (max-width: 1024px) 100vw, 1024px\" \/><\/figure>\n\n\n\n<figure class=\"wp-block-image size-large\"><img loading=\"lazy\" decoding=\"async\" width=\"1024\" height=\"803\" data-attachment-id=\"53450\" data-permalink=\"https:\/\/socialdesignmagazine.com\/mag\/architettura\/architettura-universitaria-a-santa-cruz-sobrieta-e-vitalita-si-fondono\/attachment\/architettura-universitaria-a-santa-cruz-sobrieta-e-vitalita-si-fondono-joao-nuno-macedo-003\/#content\" data-orig-file=\"https:\/\/socialdesignmagazine.com\/mag\/wp-content\/uploads\/2023\/06\/Architettura-universitaria-a-Santa-Cruz.-Sobrieta-e-vitalita-si-fondono.-Joao-Nuno-Macedo-003-scaled.jpg\" data-orig-size=\"2560,2007\" data-comments-opened=\"1\" data-image-meta=\"{&quot;aperture&quot;:&quot;0&quot;,&quot;credit&quot;:&quot;&quot;,&quot;camera&quot;:&quot;&quot;,&quot;caption&quot;:&quot;&quot;,&quot;created_timestamp&quot;:&quot;0&quot;,&quot;copyright&quot;:&quot;&quot;,&quot;focal_length&quot;:&quot;0&quot;,&quot;iso&quot;:&quot;0&quot;,&quot;shutter_speed&quot;:&quot;0&quot;,&quot;title&quot;:&quot;&quot;,&quot;orientation&quot;:&quot;0&quot;}\" data-image-title=\"Architettura universitaria a Santa Cruz. Sobrieta e vitalita si fondono. Joao Nuno Macedo\" data-image-description=\"\" data-image-caption=\"\" data-medium-file=\"https:\/\/socialdesignmagazine.com\/mag\/wp-content\/uploads\/2023\/06\/Architettura-universitaria-a-Santa-Cruz.-Sobrieta-e-vitalita-si-fondono.-Joao-Nuno-Macedo-003-438x283.jpg\" data-large-file=\"https:\/\/socialdesignmagazine.com\/mag\/wp-content\/uploads\/2023\/06\/Architettura-universitaria-a-Santa-Cruz.-Sobrieta-e-vitalita-si-fondono.-Joao-Nuno-Macedo-003-1024x803.jpg\" data-id=\"53450\" src=\"https:\/\/socialdesignmagazine.com\/mag\/wp-content\/uploads\/2023\/06\/Architettura-universitaria-a-Santa-Cruz.-Sobrieta-e-vitalita-si-fondono.-Joao-Nuno-Macedo-003-1024x803.jpg\" alt=\"Architettura universitaria a Santa Cruz. Sobrieta e vitalita si fondono. Joao Nuno Macedo\" class=\"wp-image-53450\" srcset=\"https:\/\/socialdesignmagazine.com\/mag\/wp-content\/uploads\/2023\/06\/Architettura-universitaria-a-Santa-Cruz.-Sobrieta-e-vitalita-si-fondono.-Joao-Nuno-Macedo-003-1024x803.jpg 1024w, https:\/\/socialdesignmagazine.com\/mag\/wp-content\/uploads\/2023\/06\/Architettura-universitaria-a-Santa-Cruz.-Sobrieta-e-vitalita-si-fondono.-Joao-Nuno-Macedo-003-768x602.jpg 768w, https:\/\/socialdesignmagazine.com\/mag\/wp-content\/uploads\/2023\/06\/Architettura-universitaria-a-Santa-Cruz.-Sobrieta-e-vitalita-si-fondono.-Joao-Nuno-Macedo-003-1536x1204.jpg 1536w, https:\/\/socialdesignmagazine.com\/mag\/wp-content\/uploads\/2023\/06\/Architettura-universitaria-a-Santa-Cruz.-Sobrieta-e-vitalita-si-fondono.-Joao-Nuno-Macedo-003-2048x1605.jpg 2048w\" sizes=\"auto, (max-width: 1024px) 100vw, 1024px\" \/><\/figure>\n\n\n\n<figure class=\"wp-block-image size-large\"><img loading=\"lazy\" decoding=\"async\" width=\"1024\" height=\"1533\" data-attachment-id=\"53455\" data-permalink=\"https:\/\/socialdesignmagazine.com\/mag\/architettura\/architettura-universitaria-a-santa-cruz-sobrieta-e-vitalita-si-fondono\/attachment\/architettura-universitaria-a-santa-cruz-sobrieta-e-vitalita-si-fondono-joao-nuno-macedo-004\/#content\" data-orig-file=\"https:\/\/socialdesignmagazine.com\/mag\/wp-content\/uploads\/2023\/06\/Architettura-universitaria-a-Santa-Cruz.-Sobrieta-e-vitalita-si-fondono.-Joao-Nuno-Macedo-004-scaled.jpg\" data-orig-size=\"1710,2560\" data-comments-opened=\"1\" data-image-meta=\"{&quot;aperture&quot;:&quot;0&quot;,&quot;credit&quot;:&quot;&quot;,&quot;camera&quot;:&quot;&quot;,&quot;caption&quot;:&quot;&quot;,&quot;created_timestamp&quot;:&quot;0&quot;,&quot;copyright&quot;:&quot;&quot;,&quot;focal_length&quot;:&quot;0&quot;,&quot;iso&quot;:&quot;0&quot;,&quot;shutter_speed&quot;:&quot;0&quot;,&quot;title&quot;:&quot;&quot;,&quot;orientation&quot;:&quot;0&quot;}\" data-image-title=\"Architettura universitaria a Santa Cruz. Sobrieta e vitalita si fondono. Joao Nuno Macedo\" data-image-description=\"\" data-image-caption=\"\" data-medium-file=\"https:\/\/socialdesignmagazine.com\/mag\/wp-content\/uploads\/2023\/06\/Architettura-universitaria-a-Santa-Cruz.-Sobrieta-e-vitalita-si-fondono.-Joao-Nuno-Macedo-004-438x283.jpg\" data-large-file=\"https:\/\/socialdesignmagazine.com\/mag\/wp-content\/uploads\/2023\/06\/Architettura-universitaria-a-Santa-Cruz.-Sobrieta-e-vitalita-si-fondono.-Joao-Nuno-Macedo-004-1024x1533.jpg\" data-id=\"53455\" src=\"https:\/\/socialdesignmagazine.com\/mag\/wp-content\/uploads\/2023\/06\/Architettura-universitaria-a-Santa-Cruz.-Sobrieta-e-vitalita-si-fondono.-Joao-Nuno-Macedo-004-1024x1533.jpg\" alt=\"Architettura universitaria a Santa Cruz. Sobrieta e vitalita si fondono. Joao Nuno Macedo\" class=\"wp-image-53455\" srcset=\"https:\/\/socialdesignmagazine.com\/mag\/wp-content\/uploads\/2023\/06\/Architettura-universitaria-a-Santa-Cruz.-Sobrieta-e-vitalita-si-fondono.-Joao-Nuno-Macedo-004-1024x1533.jpg 1024w, https:\/\/socialdesignmagazine.com\/mag\/wp-content\/uploads\/2023\/06\/Architettura-universitaria-a-Santa-Cruz.-Sobrieta-e-vitalita-si-fondono.-Joao-Nuno-Macedo-004-768x1150.jpg 768w, https:\/\/socialdesignmagazine.com\/mag\/wp-content\/uploads\/2023\/06\/Architettura-universitaria-a-Santa-Cruz.-Sobrieta-e-vitalita-si-fondono.-Joao-Nuno-Macedo-004-1026x1536.jpg 1026w, https:\/\/socialdesignmagazine.com\/mag\/wp-content\/uploads\/2023\/06\/Architettura-universitaria-a-Santa-Cruz.-Sobrieta-e-vitalita-si-fondono.-Joao-Nuno-Macedo-004-1368x2048.jpg 1368w, https:\/\/socialdesignmagazine.com\/mag\/wp-content\/uploads\/2023\/06\/Architettura-universitaria-a-Santa-Cruz.-Sobrieta-e-vitalita-si-fondono.-Joao-Nuno-Macedo-004-scaled.jpg 1710w\" sizes=\"auto, (max-width: 1024px) 100vw, 1024px\" \/><\/figure>\n\n\n\n<figure class=\"wp-block-image size-large\"><img loading=\"lazy\" decoding=\"async\" width=\"1024\" height=\"683\" data-attachment-id=\"53453\" data-permalink=\"https:\/\/socialdesignmagazine.com\/mag\/architettura\/architettura-universitaria-a-santa-cruz-sobrieta-e-vitalita-si-fondono\/attachment\/architettura-universitaria-a-santa-cruz-sobrieta-e-vitalita-si-fondono-joao-nuno-macedo-005\/#content\" data-orig-file=\"https:\/\/socialdesignmagazine.com\/mag\/wp-content\/uploads\/2023\/06\/Architettura-universitaria-a-Santa-Cruz.-Sobrieta-e-vitalita-si-fondono.-Joao-Nuno-Macedo-005-scaled.jpg\" data-orig-size=\"2560,1707\" data-comments-opened=\"1\" data-image-meta=\"{&quot;aperture&quot;:&quot;0&quot;,&quot;credit&quot;:&quot;&quot;,&quot;camera&quot;:&quot;&quot;,&quot;caption&quot;:&quot;&quot;,&quot;created_timestamp&quot;:&quot;0&quot;,&quot;copyright&quot;:&quot;&quot;,&quot;focal_length&quot;:&quot;0&quot;,&quot;iso&quot;:&quot;0&quot;,&quot;shutter_speed&quot;:&quot;0&quot;,&quot;title&quot;:&quot;&quot;,&quot;orientation&quot;:&quot;0&quot;}\" data-image-title=\"Architettura universitaria a Santa Cruz. Sobrieta e vitalita si fondono. Joao Nuno Macedo\" data-image-description=\"\" data-image-caption=\"\" data-medium-file=\"https:\/\/socialdesignmagazine.com\/mag\/wp-content\/uploads\/2023\/06\/Architettura-universitaria-a-Santa-Cruz.-Sobrieta-e-vitalita-si-fondono.-Joao-Nuno-Macedo-005-438x283.jpg\" data-large-file=\"https:\/\/socialdesignmagazine.com\/mag\/wp-content\/uploads\/2023\/06\/Architettura-universitaria-a-Santa-Cruz.-Sobrieta-e-vitalita-si-fondono.-Joao-Nuno-Macedo-005-1024x683.jpg\" data-id=\"53453\" src=\"https:\/\/socialdesignmagazine.com\/mag\/wp-content\/uploads\/2023\/06\/Architettura-universitaria-a-Santa-Cruz.-Sobrieta-e-vitalita-si-fondono.-Joao-Nuno-Macedo-005-1024x683.jpg\" alt=\"Architettura universitaria a Santa Cruz. Sobrieta e vitalita si fondono. Joao Nuno Macedo\" class=\"wp-image-53453\" srcset=\"https:\/\/socialdesignmagazine.com\/mag\/wp-content\/uploads\/2023\/06\/Architettura-universitaria-a-Santa-Cruz.-Sobrieta-e-vitalita-si-fondono.-Joao-Nuno-Macedo-005-1024x683.jpg 1024w, https:\/\/socialdesignmagazine.com\/mag\/wp-content\/uploads\/2023\/06\/Architettura-universitaria-a-Santa-Cruz.-Sobrieta-e-vitalita-si-fondono.-Joao-Nuno-Macedo-005-100x66.jpg 100w, https:\/\/socialdesignmagazine.com\/mag\/wp-content\/uploads\/2023\/06\/Architettura-universitaria-a-Santa-Cruz.-Sobrieta-e-vitalita-si-fondono.-Joao-Nuno-Macedo-005-768x512.jpg 768w, https:\/\/socialdesignmagazine.com\/mag\/wp-content\/uploads\/2023\/06\/Architettura-universitaria-a-Santa-Cruz.-Sobrieta-e-vitalita-si-fondono.-Joao-Nuno-Macedo-005-1536x1024.jpg 1536w, https:\/\/socialdesignmagazine.com\/mag\/wp-content\/uploads\/2023\/06\/Architettura-universitaria-a-Santa-Cruz.-Sobrieta-e-vitalita-si-fondono.-Joao-Nuno-Macedo-005-2048x1366.jpg 2048w\" sizes=\"auto, (max-width: 1024px) 100vw, 1024px\" \/><\/figure>\n\n\n\n<figure class=\"wp-block-image size-large\"><img loading=\"lazy\" decoding=\"async\" width=\"1024\" height=\"1536\" data-attachment-id=\"53470\" data-permalink=\"https:\/\/socialdesignmagazine.com\/mag\/architettura\/architettura-universitaria-a-santa-cruz-sobrieta-e-vitalita-si-fondono\/attachment\/architettura-universitaria-a-santa-cruz-sobrieta-e-vitalita-si-fondono-joao-nuno-macedo-006\/#content\" data-orig-file=\"https:\/\/socialdesignmagazine.com\/mag\/wp-content\/uploads\/2023\/06\/Architettura-universitaria-a-Santa-Cruz.-Sobrieta-e-vitalita-si-fondono.-Joao-Nuno-Macedo-006-scaled.jpg\" data-orig-size=\"1707,2560\" data-comments-opened=\"1\" data-image-meta=\"{&quot;aperture&quot;:&quot;0&quot;,&quot;credit&quot;:&quot;&quot;,&quot;camera&quot;:&quot;&quot;,&quot;caption&quot;:&quot;&quot;,&quot;created_timestamp&quot;:&quot;0&quot;,&quot;copyright&quot;:&quot;&quot;,&quot;focal_length&quot;:&quot;0&quot;,&quot;iso&quot;:&quot;0&quot;,&quot;shutter_speed&quot;:&quot;0&quot;,&quot;title&quot;:&quot;&quot;,&quot;orientation&quot;:&quot;0&quot;}\" data-image-title=\"Architettura universitaria a Santa Cruz. Sobrieta e vitalita si fondono. Joao Nuno Macedo\" data-image-description=\"\" data-image-caption=\"\" data-medium-file=\"https:\/\/socialdesignmagazine.com\/mag\/wp-content\/uploads\/2023\/06\/Architettura-universitaria-a-Santa-Cruz.-Sobrieta-e-vitalita-si-fondono.-Joao-Nuno-Macedo-006-438x283.jpg\" data-large-file=\"https:\/\/socialdesignmagazine.com\/mag\/wp-content\/uploads\/2023\/06\/Architettura-universitaria-a-Santa-Cruz.-Sobrieta-e-vitalita-si-fondono.-Joao-Nuno-Macedo-006-1024x1536.jpg\" data-id=\"53470\" src=\"https:\/\/socialdesignmagazine.com\/mag\/wp-content\/uploads\/2023\/06\/Architettura-universitaria-a-Santa-Cruz.-Sobrieta-e-vitalita-si-fondono.-Joao-Nuno-Macedo-006-1024x1536.jpg\" alt=\"Architettura universitaria a Santa Cruz. Sobrieta e vitalita si fondono. Joao Nuno Macedo\" class=\"wp-image-53470\" srcset=\"https:\/\/socialdesignmagazine.com\/mag\/wp-content\/uploads\/2023\/06\/Architettura-universitaria-a-Santa-Cruz.-Sobrieta-e-vitalita-si-fondono.-Joao-Nuno-Macedo-006-1024x1536.jpg 1024w, https:\/\/socialdesignmagazine.com\/mag\/wp-content\/uploads\/2023\/06\/Architettura-universitaria-a-Santa-Cruz.-Sobrieta-e-vitalita-si-fondono.-Joao-Nuno-Macedo-006-768x1152.jpg 768w, https:\/\/socialdesignmagazine.com\/mag\/wp-content\/uploads\/2023\/06\/Architettura-universitaria-a-Santa-Cruz.-Sobrieta-e-vitalita-si-fondono.-Joao-Nuno-Macedo-006-1366x2048.jpg 1366w, https:\/\/socialdesignmagazine.com\/mag\/wp-content\/uploads\/2023\/06\/Architettura-universitaria-a-Santa-Cruz.-Sobrieta-e-vitalita-si-fondono.-Joao-Nuno-Macedo-006-scaled.jpg 1707w\" sizes=\"auto, (max-width: 1024px) 100vw, 1024px\" \/><\/figure>\n\n\n\n<figure class=\"wp-block-image size-large\"><img loading=\"lazy\" decoding=\"async\" width=\"1024\" height=\"1045\" data-attachment-id=\"53483\" data-permalink=\"https:\/\/socialdesignmagazine.com\/mag\/architettura\/architettura-universitaria-a-santa-cruz-sobrieta-e-vitalita-si-fondono\/attachment\/architettura-universitaria-a-santa-cruz-sobrieta-e-vitalita-si-fondono-joao-nuno-macedo-007\/#content\" data-orig-file=\"https:\/\/socialdesignmagazine.com\/mag\/wp-content\/uploads\/2023\/06\/Architettura-universitaria-a-Santa-Cruz.-Sobrieta-e-vitalita-si-fondono.-Joao-Nuno-Macedo-007-scaled.jpg\" data-orig-size=\"2509,2560\" data-comments-opened=\"1\" data-image-meta=\"{&quot;aperture&quot;:&quot;0&quot;,&quot;credit&quot;:&quot;&quot;,&quot;camera&quot;:&quot;&quot;,&quot;caption&quot;:&quot;&quot;,&quot;created_timestamp&quot;:&quot;0&quot;,&quot;copyright&quot;:&quot;&quot;,&quot;focal_length&quot;:&quot;0&quot;,&quot;iso&quot;:&quot;0&quot;,&quot;shutter_speed&quot;:&quot;0&quot;,&quot;title&quot;:&quot;&quot;,&quot;orientation&quot;:&quot;0&quot;}\" data-image-title=\"Architettura universitaria a Santa Cruz. Sobrieta e vitalita si fondono. Joao Nuno Macedo\" data-image-description=\"\" data-image-caption=\"\" data-medium-file=\"https:\/\/socialdesignmagazine.com\/mag\/wp-content\/uploads\/2023\/06\/Architettura-universitaria-a-Santa-Cruz.-Sobrieta-e-vitalita-si-fondono.-Joao-Nuno-Macedo-007-438x283.jpg\" data-large-file=\"https:\/\/socialdesignmagazine.com\/mag\/wp-content\/uploads\/2023\/06\/Architettura-universitaria-a-Santa-Cruz.-Sobrieta-e-vitalita-si-fondono.-Joao-Nuno-Macedo-007-1024x1045.jpg\" data-id=\"53483\" src=\"https:\/\/socialdesignmagazine.com\/mag\/wp-content\/uploads\/2023\/06\/Architettura-universitaria-a-Santa-Cruz.-Sobrieta-e-vitalita-si-fondono.-Joao-Nuno-Macedo-007-1024x1045.jpg\" alt=\"Architettura universitaria a Santa Cruz. Sobrieta e vitalita si fondono. Joao Nuno Macedo\" class=\"wp-image-53483\" srcset=\"https:\/\/socialdesignmagazine.com\/mag\/wp-content\/uploads\/2023\/06\/Architettura-universitaria-a-Santa-Cruz.-Sobrieta-e-vitalita-si-fondono.-Joao-Nuno-Macedo-007-1024x1045.jpg 1024w, https:\/\/socialdesignmagazine.com\/mag\/wp-content\/uploads\/2023\/06\/Architettura-universitaria-a-Santa-Cruz.-Sobrieta-e-vitalita-si-fondono.-Joao-Nuno-Macedo-007-768x784.jpg 768w, https:\/\/socialdesignmagazine.com\/mag\/wp-content\/uploads\/2023\/06\/Architettura-universitaria-a-Santa-Cruz.-Sobrieta-e-vitalita-si-fondono.-Joao-Nuno-Macedo-007-1505x1536.jpg 1505w, https:\/\/socialdesignmagazine.com\/mag\/wp-content\/uploads\/2023\/06\/Architettura-universitaria-a-Santa-Cruz.-Sobrieta-e-vitalita-si-fondono.-Joao-Nuno-Macedo-007-2007x2048.jpg 2007w\" sizes=\"auto, (max-width: 1024px) 100vw, 1024px\" \/><\/figure>\n\n\n\n<figure class=\"wp-block-image size-large\"><img loading=\"lazy\" decoding=\"async\" width=\"1024\" height=\"1536\" data-attachment-id=\"53448\" data-permalink=\"https:\/\/socialdesignmagazine.com\/mag\/architettura\/architettura-universitaria-a-santa-cruz-sobrieta-e-vitalita-si-fondono\/attachment\/architettura-universitaria-a-santa-cruz-sobrieta-e-vitalita-si-fondono-joao-nuno-macedo-008\/#content\" data-orig-file=\"https:\/\/socialdesignmagazine.com\/mag\/wp-content\/uploads\/2023\/06\/Architettura-universitaria-a-Santa-Cruz.-Sobrieta-e-vitalita-si-fondono.-Joao-Nuno-Macedo-008-scaled.jpg\" data-orig-size=\"1707,2560\" data-comments-opened=\"1\" data-image-meta=\"{&quot;aperture&quot;:&quot;0&quot;,&quot;credit&quot;:&quot;&quot;,&quot;camera&quot;:&quot;&quot;,&quot;caption&quot;:&quot;&quot;,&quot;created_timestamp&quot;:&quot;0&quot;,&quot;copyright&quot;:&quot;&quot;,&quot;focal_length&quot;:&quot;0&quot;,&quot;iso&quot;:&quot;0&quot;,&quot;shutter_speed&quot;:&quot;0&quot;,&quot;title&quot;:&quot;&quot;,&quot;orientation&quot;:&quot;0&quot;}\" data-image-title=\"Architettura universitaria a Santa Cruz. Sobrieta e vitalita si fondono. Joao Nuno Macedo\" data-image-description=\"\" data-image-caption=\"\" data-medium-file=\"https:\/\/socialdesignmagazine.com\/mag\/wp-content\/uploads\/2023\/06\/Architettura-universitaria-a-Santa-Cruz.-Sobrieta-e-vitalita-si-fondono.-Joao-Nuno-Macedo-008-438x283.jpg\" data-large-file=\"https:\/\/socialdesignmagazine.com\/mag\/wp-content\/uploads\/2023\/06\/Architettura-universitaria-a-Santa-Cruz.-Sobrieta-e-vitalita-si-fondono.-Joao-Nuno-Macedo-008-1024x1536.jpg\" data-id=\"53448\" src=\"https:\/\/socialdesignmagazine.com\/mag\/wp-content\/uploads\/2023\/06\/Architettura-universitaria-a-Santa-Cruz.-Sobrieta-e-vitalita-si-fondono.-Joao-Nuno-Macedo-008-1024x1536.jpg\" alt=\"Architettura universitaria a Santa Cruz. Sobrieta e vitalita si fondono. Joao Nuno Macedo\" class=\"wp-image-53448\" srcset=\"https:\/\/socialdesignmagazine.com\/mag\/wp-content\/uploads\/2023\/06\/Architettura-universitaria-a-Santa-Cruz.-Sobrieta-e-vitalita-si-fondono.-Joao-Nuno-Macedo-008-1024x1536.jpg 1024w, https:\/\/socialdesignmagazine.com\/mag\/wp-content\/uploads\/2023\/06\/Architettura-universitaria-a-Santa-Cruz.-Sobrieta-e-vitalita-si-fondono.-Joao-Nuno-Macedo-008-768x1152.jpg 768w, https:\/\/socialdesignmagazine.com\/mag\/wp-content\/uploads\/2023\/06\/Architettura-universitaria-a-Santa-Cruz.-Sobrieta-e-vitalita-si-fondono.-Joao-Nuno-Macedo-008-1366x2048.jpg 1366w, https:\/\/socialdesignmagazine.com\/mag\/wp-content\/uploads\/2023\/06\/Architettura-universitaria-a-Santa-Cruz.-Sobrieta-e-vitalita-si-fondono.-Joao-Nuno-Macedo-008-scaled.jpg 1707w\" sizes=\"auto, (max-width: 1024px) 100vw, 1024px\" \/><\/figure>\n\n\n\n<figure class=\"wp-block-image size-large\"><img loading=\"lazy\" decoding=\"async\" width=\"1024\" height=\"1536\" data-attachment-id=\"53449\" data-permalink=\"https:\/\/socialdesignmagazine.com\/mag\/architettura\/architettura-universitaria-a-santa-cruz-sobrieta-e-vitalita-si-fondono\/attachment\/architettura-universitaria-a-santa-cruz-sobrieta-e-vitalita-si-fondono-joao-nuno-macedo-009\/#content\" data-orig-file=\"https:\/\/socialdesignmagazine.com\/mag\/wp-content\/uploads\/2023\/06\/Architettura-universitaria-a-Santa-Cruz.-Sobrieta-e-vitalita-si-fondono.-Joao-Nuno-Macedo-009-scaled.jpg\" data-orig-size=\"1707,2560\" data-comments-opened=\"1\" data-image-meta=\"{&quot;aperture&quot;:&quot;0&quot;,&quot;credit&quot;:&quot;&quot;,&quot;camera&quot;:&quot;&quot;,&quot;caption&quot;:&quot;&quot;,&quot;created_timestamp&quot;:&quot;0&quot;,&quot;copyright&quot;:&quot;&quot;,&quot;focal_length&quot;:&quot;0&quot;,&quot;iso&quot;:&quot;0&quot;,&quot;shutter_speed&quot;:&quot;0&quot;,&quot;title&quot;:&quot;&quot;,&quot;orientation&quot;:&quot;0&quot;}\" data-image-title=\"Architettura universitaria a Santa Cruz. Sobrieta e vitalita si fondono. Joao Nuno Macedo\" data-image-description=\"\" data-image-caption=\"\" data-medium-file=\"https:\/\/socialdesignmagazine.com\/mag\/wp-content\/uploads\/2023\/06\/Architettura-universitaria-a-Santa-Cruz.-Sobrieta-e-vitalita-si-fondono.-Joao-Nuno-Macedo-009-438x283.jpg\" data-large-file=\"https:\/\/socialdesignmagazine.com\/mag\/wp-content\/uploads\/2023\/06\/Architettura-universitaria-a-Santa-Cruz.-Sobrieta-e-vitalita-si-fondono.-Joao-Nuno-Macedo-009-1024x1536.jpg\" data-id=\"53449\" src=\"https:\/\/socialdesignmagazine.com\/mag\/wp-content\/uploads\/2023\/06\/Architettura-universitaria-a-Santa-Cruz.-Sobrieta-e-vitalita-si-fondono.-Joao-Nuno-Macedo-009-1024x1536.jpg\" alt=\"Architettura universitaria a Santa Cruz. Sobrieta e vitalita si fondono. Joao Nuno Macedo\" class=\"wp-image-53449\" srcset=\"https:\/\/socialdesignmagazine.com\/mag\/wp-content\/uploads\/2023\/06\/Architettura-universitaria-a-Santa-Cruz.-Sobrieta-e-vitalita-si-fondono.-Joao-Nuno-Macedo-009-1024x1536.jpg 1024w, https:\/\/socialdesignmagazine.com\/mag\/wp-content\/uploads\/2023\/06\/Architettura-universitaria-a-Santa-Cruz.-Sobrieta-e-vitalita-si-fondono.-Joao-Nuno-Macedo-009-768x1152.jpg 768w, https:\/\/socialdesignmagazine.com\/mag\/wp-content\/uploads\/2023\/06\/Architettura-universitaria-a-Santa-Cruz.-Sobrieta-e-vitalita-si-fondono.-Joao-Nuno-Macedo-009-1366x2048.jpg 1366w, https:\/\/socialdesignmagazine.com\/mag\/wp-content\/uploads\/2023\/06\/Architettura-universitaria-a-Santa-Cruz.-Sobrieta-e-vitalita-si-fondono.-Joao-Nuno-Macedo-009-scaled.jpg 1707w\" sizes=\"auto, (max-width: 1024px) 100vw, 1024px\" \/><\/figure>\n\n\n\n<figure class=\"wp-block-image size-large\"><img loading=\"lazy\" decoding=\"async\" width=\"1024\" height=\"1536\" data-attachment-id=\"53446\" data-permalink=\"https:\/\/socialdesignmagazine.com\/mag\/architettura\/architettura-universitaria-a-santa-cruz-sobrieta-e-vitalita-si-fondono\/attachment\/architettura-universitaria-a-santa-cruz-sobrieta-e-vitalita-si-fondono-joao-nuno-macedo-010\/#content\" data-orig-file=\"https:\/\/socialdesignmagazine.com\/mag\/wp-content\/uploads\/2023\/06\/Architettura-universitaria-a-Santa-Cruz.-Sobrieta-e-vitalita-si-fondono.-Joao-Nuno-Macedo-010-scaled.jpg\" data-orig-size=\"1707,2560\" data-comments-opened=\"1\" data-image-meta=\"{&quot;aperture&quot;:&quot;0&quot;,&quot;credit&quot;:&quot;&quot;,&quot;camera&quot;:&quot;&quot;,&quot;caption&quot;:&quot;&quot;,&quot;created_timestamp&quot;:&quot;0&quot;,&quot;copyright&quot;:&quot;&quot;,&quot;focal_length&quot;:&quot;0&quot;,&quot;iso&quot;:&quot;0&quot;,&quot;shutter_speed&quot;:&quot;0&quot;,&quot;title&quot;:&quot;&quot;,&quot;orientation&quot;:&quot;0&quot;}\" data-image-title=\"Architettura universitaria a Santa Cruz. Sobrieta e vitalita si fondono. Joao Nuno Macedo\" data-image-description=\"\" data-image-caption=\"\" data-medium-file=\"https:\/\/socialdesignmagazine.com\/mag\/wp-content\/uploads\/2023\/06\/Architettura-universitaria-a-Santa-Cruz.-Sobrieta-e-vitalita-si-fondono.-Joao-Nuno-Macedo-010-438x283.jpg\" data-large-file=\"https:\/\/socialdesignmagazine.com\/mag\/wp-content\/uploads\/2023\/06\/Architettura-universitaria-a-Santa-Cruz.-Sobrieta-e-vitalita-si-fondono.-Joao-Nuno-Macedo-010-1024x1536.jpg\" data-id=\"53446\" src=\"https:\/\/socialdesignmagazine.com\/mag\/wp-content\/uploads\/2023\/06\/Architettura-universitaria-a-Santa-Cruz.-Sobrieta-e-vitalita-si-fondono.-Joao-Nuno-Macedo-010-1024x1536.jpg\" alt=\"Architettura universitaria a Santa Cruz. Sobrieta e vitalita si fondono. Joao Nuno Macedo\" class=\"wp-image-53446\" srcset=\"https:\/\/socialdesignmagazine.com\/mag\/wp-content\/uploads\/2023\/06\/Architettura-universitaria-a-Santa-Cruz.-Sobrieta-e-vitalita-si-fondono.-Joao-Nuno-Macedo-010-1024x1536.jpg 1024w, https:\/\/socialdesignmagazine.com\/mag\/wp-content\/uploads\/2023\/06\/Architettura-universitaria-a-Santa-Cruz.-Sobrieta-e-vitalita-si-fondono.-Joao-Nuno-Macedo-010-768x1152.jpg 768w, https:\/\/socialdesignmagazine.com\/mag\/wp-content\/uploads\/2023\/06\/Architettura-universitaria-a-Santa-Cruz.-Sobrieta-e-vitalita-si-fondono.-Joao-Nuno-Macedo-010-1366x2048.jpg 1366w, https:\/\/socialdesignmagazine.com\/mag\/wp-content\/uploads\/2023\/06\/Architettura-universitaria-a-Santa-Cruz.-Sobrieta-e-vitalita-si-fondono.-Joao-Nuno-Macedo-010-scaled.jpg 1707w\" sizes=\"auto, (max-width: 1024px) 100vw, 1024px\" \/><\/figure>\n\n\n\n<figure class=\"wp-block-image size-large\"><img loading=\"lazy\" decoding=\"async\" width=\"1024\" height=\"1536\" data-attachment-id=\"53458\" data-permalink=\"https:\/\/socialdesignmagazine.com\/mag\/architettura\/architettura-universitaria-a-santa-cruz-sobrieta-e-vitalita-si-fondono\/attachment\/architettura-universitaria-a-santa-cruz-sobrieta-e-vitalita-si-fondono-joao-nuno-macedo-011\/#content\" data-orig-file=\"https:\/\/socialdesignmagazine.com\/mag\/wp-content\/uploads\/2023\/06\/Architettura-universitaria-a-Santa-Cruz.-Sobrieta-e-vitalita-si-fondono.-Joao-Nuno-Macedo-011-scaled.jpg\" data-orig-size=\"1707,2560\" data-comments-opened=\"1\" data-image-meta=\"{&quot;aperture&quot;:&quot;0&quot;,&quot;credit&quot;:&quot;&quot;,&quot;camera&quot;:&quot;&quot;,&quot;caption&quot;:&quot;&quot;,&quot;created_timestamp&quot;:&quot;0&quot;,&quot;copyright&quot;:&quot;&quot;,&quot;focal_length&quot;:&quot;0&quot;,&quot;iso&quot;:&quot;0&quot;,&quot;shutter_speed&quot;:&quot;0&quot;,&quot;title&quot;:&quot;&quot;,&quot;orientation&quot;:&quot;0&quot;}\" data-image-title=\"Architettura universitaria a Santa Cruz. Sobrieta e vitalita si fondono. Joao Nuno Macedo\" data-image-description=\"\" data-image-caption=\"\" data-medium-file=\"https:\/\/socialdesignmagazine.com\/mag\/wp-content\/uploads\/2023\/06\/Architettura-universitaria-a-Santa-Cruz.-Sobrieta-e-vitalita-si-fondono.-Joao-Nuno-Macedo-011-438x283.jpg\" data-large-file=\"https:\/\/socialdesignmagazine.com\/mag\/wp-content\/uploads\/2023\/06\/Architettura-universitaria-a-Santa-Cruz.-Sobrieta-e-vitalita-si-fondono.-Joao-Nuno-Macedo-011-1024x1536.jpg\" data-id=\"53458\" src=\"https:\/\/socialdesignmagazine.com\/mag\/wp-content\/uploads\/2023\/06\/Architettura-universitaria-a-Santa-Cruz.-Sobrieta-e-vitalita-si-fondono.-Joao-Nuno-Macedo-011-1024x1536.jpg\" alt=\"Architettura universitaria a Santa Cruz. Sobrieta e vitalita si fondono. Joao Nuno Macedo\" class=\"wp-image-53458\" srcset=\"https:\/\/socialdesignmagazine.com\/mag\/wp-content\/uploads\/2023\/06\/Architettura-universitaria-a-Santa-Cruz.-Sobrieta-e-vitalita-si-fondono.-Joao-Nuno-Macedo-011-1024x1536.jpg 1024w, https:\/\/socialdesignmagazine.com\/mag\/wp-content\/uploads\/2023\/06\/Architettura-universitaria-a-Santa-Cruz.-Sobrieta-e-vitalita-si-fondono.-Joao-Nuno-Macedo-011-768x1152.jpg 768w, https:\/\/socialdesignmagazine.com\/mag\/wp-content\/uploads\/2023\/06\/Architettura-universitaria-a-Santa-Cruz.-Sobrieta-e-vitalita-si-fondono.-Joao-Nuno-Macedo-011-1366x2048.jpg 1366w, https:\/\/socialdesignmagazine.com\/mag\/wp-content\/uploads\/2023\/06\/Architettura-universitaria-a-Santa-Cruz.-Sobrieta-e-vitalita-si-fondono.-Joao-Nuno-Macedo-011-scaled.jpg 1707w\" sizes=\"auto, (max-width: 1024px) 100vw, 1024px\" \/><\/figure>\n\n\n\n<figure class=\"wp-block-image size-large\"><img loading=\"lazy\" decoding=\"async\" width=\"1024\" height=\"1536\" data-attachment-id=\"53451\" data-permalink=\"https:\/\/socialdesignmagazine.com\/mag\/architettura\/architettura-universitaria-a-santa-cruz-sobrieta-e-vitalita-si-fondono\/attachment\/architettura-universitaria-a-santa-cruz-sobrieta-e-vitalita-si-fondono-joao-nuno-macedo-012\/#content\" data-orig-file=\"https:\/\/socialdesignmagazine.com\/mag\/wp-content\/uploads\/2023\/06\/Architettura-universitaria-a-Santa-Cruz.-Sobrieta-e-vitalita-si-fondono.-Joao-Nuno-Macedo-012-scaled.jpg\" data-orig-size=\"1707,2560\" data-comments-opened=\"1\" data-image-meta=\"{&quot;aperture&quot;:&quot;0&quot;,&quot;credit&quot;:&quot;&quot;,&quot;camera&quot;:&quot;&quot;,&quot;caption&quot;:&quot;&quot;,&quot;created_timestamp&quot;:&quot;0&quot;,&quot;copyright&quot;:&quot;&quot;,&quot;focal_length&quot;:&quot;0&quot;,&quot;iso&quot;:&quot;0&quot;,&quot;shutter_speed&quot;:&quot;0&quot;,&quot;title&quot;:&quot;&quot;,&quot;orientation&quot;:&quot;0&quot;}\" data-image-title=\"Architettura universitaria a Santa Cruz. Sobrieta e vitalita si fondono. Joao Nuno Macedo\" data-image-description=\"\" data-image-caption=\"\" data-medium-file=\"https:\/\/socialdesignmagazine.com\/mag\/wp-content\/uploads\/2023\/06\/Architettura-universitaria-a-Santa-Cruz.-Sobrieta-e-vitalita-si-fondono.-Joao-Nuno-Macedo-012-438x283.jpg\" data-large-file=\"https:\/\/socialdesignmagazine.com\/mag\/wp-content\/uploads\/2023\/06\/Architettura-universitaria-a-Santa-Cruz.-Sobrieta-e-vitalita-si-fondono.-Joao-Nuno-Macedo-012-1024x1536.jpg\" data-id=\"53451\" src=\"https:\/\/socialdesignmagazine.com\/mag\/wp-content\/uploads\/2023\/06\/Architettura-universitaria-a-Santa-Cruz.-Sobrieta-e-vitalita-si-fondono.-Joao-Nuno-Macedo-012-1024x1536.jpg\" alt=\"Architettura universitaria a Santa Cruz. Sobrieta e vitalita si fondono. Joao Nuno Macedo\" class=\"wp-image-53451\" srcset=\"https:\/\/socialdesignmagazine.com\/mag\/wp-content\/uploads\/2023\/06\/Architettura-universitaria-a-Santa-Cruz.-Sobrieta-e-vitalita-si-fondono.-Joao-Nuno-Macedo-012-1024x1536.jpg 1024w, https:\/\/socialdesignmagazine.com\/mag\/wp-content\/uploads\/2023\/06\/Architettura-universitaria-a-Santa-Cruz.-Sobrieta-e-vitalita-si-fondono.-Joao-Nuno-Macedo-012-768x1152.jpg 768w, https:\/\/socialdesignmagazine.com\/mag\/wp-content\/uploads\/2023\/06\/Architettura-universitaria-a-Santa-Cruz.-Sobrieta-e-vitalita-si-fondono.-Joao-Nuno-Macedo-012-1366x2048.jpg 1366w, https:\/\/socialdesignmagazine.com\/mag\/wp-content\/uploads\/2023\/06\/Architettura-universitaria-a-Santa-Cruz.-Sobrieta-e-vitalita-si-fondono.-Joao-Nuno-Macedo-012-scaled.jpg 1707w\" sizes=\"auto, (max-width: 1024px) 100vw, 1024px\" \/><\/figure>\n\n\n\n<figure class=\"wp-block-image size-large\"><img loading=\"lazy\" decoding=\"async\" width=\"1024\" height=\"1536\" data-attachment-id=\"53452\" data-permalink=\"https:\/\/socialdesignmagazine.com\/mag\/architettura\/architettura-universitaria-a-santa-cruz-sobrieta-e-vitalita-si-fondono\/attachment\/architettura-universitaria-a-santa-cruz-sobrieta-e-vitalita-si-fondono-joao-nuno-macedo-013\/#content\" data-orig-file=\"https:\/\/socialdesignmagazine.com\/mag\/wp-content\/uploads\/2023\/06\/Architettura-universitaria-a-Santa-Cruz.-Sobrieta-e-vitalita-si-fondono.-Joao-Nuno-Macedo-013-scaled.jpg\" data-orig-size=\"1707,2560\" data-comments-opened=\"1\" data-image-meta=\"{&quot;aperture&quot;:&quot;0&quot;,&quot;credit&quot;:&quot;&quot;,&quot;camera&quot;:&quot;&quot;,&quot;caption&quot;:&quot;&quot;,&quot;created_timestamp&quot;:&quot;0&quot;,&quot;copyright&quot;:&quot;&quot;,&quot;focal_length&quot;:&quot;0&quot;,&quot;iso&quot;:&quot;0&quot;,&quot;shutter_speed&quot;:&quot;0&quot;,&quot;title&quot;:&quot;&quot;,&quot;orientation&quot;:&quot;0&quot;}\" data-image-title=\"Architettura universitaria a Santa Cruz. Sobrieta e vitalita si fondono. Joao Nuno Macedo\" data-image-description=\"\" data-image-caption=\"\" data-medium-file=\"https:\/\/socialdesignmagazine.com\/mag\/wp-content\/uploads\/2023\/06\/Architettura-universitaria-a-Santa-Cruz.-Sobrieta-e-vitalita-si-fondono.-Joao-Nuno-Macedo-013-438x283.jpg\" data-large-file=\"https:\/\/socialdesignmagazine.com\/mag\/wp-content\/uploads\/2023\/06\/Architettura-universitaria-a-Santa-Cruz.-Sobrieta-e-vitalita-si-fondono.-Joao-Nuno-Macedo-013-1024x1536.jpg\" data-id=\"53452\" src=\"https:\/\/socialdesignmagazine.com\/mag\/wp-content\/uploads\/2023\/06\/Architettura-universitaria-a-Santa-Cruz.-Sobrieta-e-vitalita-si-fondono.-Joao-Nuno-Macedo-013-1024x1536.jpg\" alt=\"Architettura universitaria a Santa Cruz. Sobrieta e vitalita si fondono. Joao Nuno Macedo\" class=\"wp-image-53452\" srcset=\"https:\/\/socialdesignmagazine.com\/mag\/wp-content\/uploads\/2023\/06\/Architettura-universitaria-a-Santa-Cruz.-Sobrieta-e-vitalita-si-fondono.-Joao-Nuno-Macedo-013-1024x1536.jpg 1024w, https:\/\/socialdesignmagazine.com\/mag\/wp-content\/uploads\/2023\/06\/Architettura-universitaria-a-Santa-Cruz.-Sobrieta-e-vitalita-si-fondono.-Joao-Nuno-Macedo-013-768x1152.jpg 768w, https:\/\/socialdesignmagazine.com\/mag\/wp-content\/uploads\/2023\/06\/Architettura-universitaria-a-Santa-Cruz.-Sobrieta-e-vitalita-si-fondono.-Joao-Nuno-Macedo-013-1366x2048.jpg 1366w, https:\/\/socialdesignmagazine.com\/mag\/wp-content\/uploads\/2023\/06\/Architettura-universitaria-a-Santa-Cruz.-Sobrieta-e-vitalita-si-fondono.-Joao-Nuno-Macedo-013-scaled.jpg 1707w\" sizes=\"auto, (max-width: 1024px) 100vw, 1024px\" \/><\/figure>\n\n\n\n<figure class=\"wp-block-image size-large\"><img loading=\"lazy\" decoding=\"async\" width=\"1024\" height=\"1536\" data-attachment-id=\"53468\" data-permalink=\"https:\/\/socialdesignmagazine.com\/mag\/architettura\/architettura-universitaria-a-santa-cruz-sobrieta-e-vitalita-si-fondono\/attachment\/architettura-universitaria-a-santa-cruz-sobrieta-e-vitalita-si-fondono-joao-nuno-macedo-014\/#content\" data-orig-file=\"https:\/\/socialdesignmagazine.com\/mag\/wp-content\/uploads\/2023\/06\/Architettura-universitaria-a-Santa-Cruz.-Sobrieta-e-vitalita-si-fondono.-Joao-Nuno-Macedo-014-scaled.jpg\" data-orig-size=\"1707,2560\" data-comments-opened=\"1\" data-image-meta=\"{&quot;aperture&quot;:&quot;0&quot;,&quot;credit&quot;:&quot;&quot;,&quot;camera&quot;:&quot;&quot;,&quot;caption&quot;:&quot;&quot;,&quot;created_timestamp&quot;:&quot;0&quot;,&quot;copyright&quot;:&quot;&quot;,&quot;focal_length&quot;:&quot;0&quot;,&quot;iso&quot;:&quot;0&quot;,&quot;shutter_speed&quot;:&quot;0&quot;,&quot;title&quot;:&quot;&quot;,&quot;orientation&quot;:&quot;0&quot;}\" data-image-title=\"Architettura universitaria a Santa Cruz. Sobrieta e vitalita si fondono. Joao Nuno Macedo\" data-image-description=\"\" data-image-caption=\"\" data-medium-file=\"https:\/\/socialdesignmagazine.com\/mag\/wp-content\/uploads\/2023\/06\/Architettura-universitaria-a-Santa-Cruz.-Sobrieta-e-vitalita-si-fondono.-Joao-Nuno-Macedo-014-438x283.jpg\" data-large-file=\"https:\/\/socialdesignmagazine.com\/mag\/wp-content\/uploads\/2023\/06\/Architettura-universitaria-a-Santa-Cruz.-Sobrieta-e-vitalita-si-fondono.-Joao-Nuno-Macedo-014-1024x1536.jpg\" data-id=\"53468\" src=\"https:\/\/socialdesignmagazine.com\/mag\/wp-content\/uploads\/2023\/06\/Architettura-universitaria-a-Santa-Cruz.-Sobrieta-e-vitalita-si-fondono.-Joao-Nuno-Macedo-014-1024x1536.jpg\" alt=\"Architettura universitaria a Santa Cruz. Sobrieta e vitalita si fondono. Joao Nuno Macedo\" class=\"wp-image-53468\" srcset=\"https:\/\/socialdesignmagazine.com\/mag\/wp-content\/uploads\/2023\/06\/Architettura-universitaria-a-Santa-Cruz.-Sobrieta-e-vitalita-si-fondono.-Joao-Nuno-Macedo-014-1024x1536.jpg 1024w, https:\/\/socialdesignmagazine.com\/mag\/wp-content\/uploads\/2023\/06\/Architettura-universitaria-a-Santa-Cruz.-Sobrieta-e-vitalita-si-fondono.-Joao-Nuno-Macedo-014-768x1152.jpg 768w, https:\/\/socialdesignmagazine.com\/mag\/wp-content\/uploads\/2023\/06\/Architettura-universitaria-a-Santa-Cruz.-Sobrieta-e-vitalita-si-fondono.-Joao-Nuno-Macedo-014-1366x2048.jpg 1366w, https:\/\/socialdesignmagazine.com\/mag\/wp-content\/uploads\/2023\/06\/Architettura-universitaria-a-Santa-Cruz.-Sobrieta-e-vitalita-si-fondono.-Joao-Nuno-Macedo-014-scaled.jpg 1707w\" sizes=\"auto, (max-width: 1024px) 100vw, 1024px\" \/><\/figure>\n\n\n\n<figure class=\"wp-block-image size-large\"><img loading=\"lazy\" decoding=\"async\" width=\"1024\" height=\"1536\" data-attachment-id=\"53462\" data-permalink=\"https:\/\/socialdesignmagazine.com\/mag\/architettura\/architettura-universitaria-a-santa-cruz-sobrieta-e-vitalita-si-fondono\/attachment\/architettura-universitaria-a-santa-cruz-sobrieta-e-vitalita-si-fondono-joao-nuno-macedo-015\/#content\" data-orig-file=\"https:\/\/socialdesignmagazine.com\/mag\/wp-content\/uploads\/2023\/06\/Architettura-universitaria-a-Santa-Cruz.-Sobrieta-e-vitalita-si-fondono.-Joao-Nuno-Macedo-015-scaled.jpg\" data-orig-size=\"1707,2560\" data-comments-opened=\"1\" data-image-meta=\"{&quot;aperture&quot;:&quot;0&quot;,&quot;credit&quot;:&quot;&quot;,&quot;camera&quot;:&quot;&quot;,&quot;caption&quot;:&quot;&quot;,&quot;created_timestamp&quot;:&quot;0&quot;,&quot;copyright&quot;:&quot;&quot;,&quot;focal_length&quot;:&quot;0&quot;,&quot;iso&quot;:&quot;0&quot;,&quot;shutter_speed&quot;:&quot;0&quot;,&quot;title&quot;:&quot;&quot;,&quot;orientation&quot;:&quot;0&quot;}\" data-image-title=\"Architettura universitaria a Santa Cruz. Sobrieta e vitalita si fondono. Joao Nuno Macedo\" data-image-description=\"\" data-image-caption=\"\" data-medium-file=\"https:\/\/socialdesignmagazine.com\/mag\/wp-content\/uploads\/2023\/06\/Architettura-universitaria-a-Santa-Cruz.-Sobrieta-e-vitalita-si-fondono.-Joao-Nuno-Macedo-015-438x283.jpg\" data-large-file=\"https:\/\/socialdesignmagazine.com\/mag\/wp-content\/uploads\/2023\/06\/Architettura-universitaria-a-Santa-Cruz.-Sobrieta-e-vitalita-si-fondono.-Joao-Nuno-Macedo-015-1024x1536.jpg\" data-id=\"53462\" src=\"https:\/\/socialdesignmagazine.com\/mag\/wp-content\/uploads\/2023\/06\/Architettura-universitaria-a-Santa-Cruz.-Sobrieta-e-vitalita-si-fondono.-Joao-Nuno-Macedo-015-1024x1536.jpg\" alt=\"Architettura universitaria a Santa Cruz. Sobrieta e vitalita si fondono. Joao Nuno Macedo\" class=\"wp-image-53462\" srcset=\"https:\/\/socialdesignmagazine.com\/mag\/wp-content\/uploads\/2023\/06\/Architettura-universitaria-a-Santa-Cruz.-Sobrieta-e-vitalita-si-fondono.-Joao-Nuno-Macedo-015-1024x1536.jpg 1024w, https:\/\/socialdesignmagazine.com\/mag\/wp-content\/uploads\/2023\/06\/Architettura-universitaria-a-Santa-Cruz.-Sobrieta-e-vitalita-si-fondono.-Joao-Nuno-Macedo-015-768x1152.jpg 768w, https:\/\/socialdesignmagazine.com\/mag\/wp-content\/uploads\/2023\/06\/Architettura-universitaria-a-Santa-Cruz.-Sobrieta-e-vitalita-si-fondono.-Joao-Nuno-Macedo-015-1366x2048.jpg 1366w, https:\/\/socialdesignmagazine.com\/mag\/wp-content\/uploads\/2023\/06\/Architettura-universitaria-a-Santa-Cruz.-Sobrieta-e-vitalita-si-fondono.-Joao-Nuno-Macedo-015-scaled.jpg 1707w\" sizes=\"auto, (max-width: 1024px) 100vw, 1024px\" \/><\/figure>\n\n\n\n<figure class=\"wp-block-image size-large\"><img loading=\"lazy\" decoding=\"async\" width=\"1024\" height=\"683\" data-attachment-id=\"53469\" data-permalink=\"https:\/\/socialdesignmagazine.com\/mag\/architettura\/architettura-universitaria-a-santa-cruz-sobrieta-e-vitalita-si-fondono\/attachment\/architettura-universitaria-a-santa-cruz-sobrieta-e-vitalita-si-fondono-joao-nuno-macedo-016\/#content\" data-orig-file=\"https:\/\/socialdesignmagazine.com\/mag\/wp-content\/uploads\/2023\/06\/Architettura-universitaria-a-Santa-Cruz.-Sobrieta-e-vitalita-si-fondono.-Joao-Nuno-Macedo-016-scaled.jpg\" data-orig-size=\"2560,1707\" data-comments-opened=\"1\" data-image-meta=\"{&quot;aperture&quot;:&quot;0&quot;,&quot;credit&quot;:&quot;&quot;,&quot;camera&quot;:&quot;&quot;,&quot;caption&quot;:&quot;&quot;,&quot;created_timestamp&quot;:&quot;0&quot;,&quot;copyright&quot;:&quot;&quot;,&quot;focal_length&quot;:&quot;0&quot;,&quot;iso&quot;:&quot;0&quot;,&quot;shutter_speed&quot;:&quot;0&quot;,&quot;title&quot;:&quot;&quot;,&quot;orientation&quot;:&quot;0&quot;}\" data-image-title=\"Architettura universitaria a Santa Cruz. Sobrieta e vitalita si fondono. Joao Nuno Macedo\" data-image-description=\"\" data-image-caption=\"\" data-medium-file=\"https:\/\/socialdesignmagazine.com\/mag\/wp-content\/uploads\/2023\/06\/Architettura-universitaria-a-Santa-Cruz.-Sobrieta-e-vitalita-si-fondono.-Joao-Nuno-Macedo-016-438x283.jpg\" data-large-file=\"https:\/\/socialdesignmagazine.com\/mag\/wp-content\/uploads\/2023\/06\/Architettura-universitaria-a-Santa-Cruz.-Sobrieta-e-vitalita-si-fondono.-Joao-Nuno-Macedo-016-1024x683.jpg\" data-id=\"53469\" src=\"https:\/\/socialdesignmagazine.com\/mag\/wp-content\/uploads\/2023\/06\/Architettura-universitaria-a-Santa-Cruz.-Sobrieta-e-vitalita-si-fondono.-Joao-Nuno-Macedo-016-1024x683.jpg\" alt=\"Architettura universitaria a Santa Cruz. Sobrieta e vitalita si fondono. Joao Nuno Macedo\" class=\"wp-image-53469\" srcset=\"https:\/\/socialdesignmagazine.com\/mag\/wp-content\/uploads\/2023\/06\/Architettura-universitaria-a-Santa-Cruz.-Sobrieta-e-vitalita-si-fondono.-Joao-Nuno-Macedo-016-1024x683.jpg 1024w, https:\/\/socialdesignmagazine.com\/mag\/wp-content\/uploads\/2023\/06\/Architettura-universitaria-a-Santa-Cruz.-Sobrieta-e-vitalita-si-fondono.-Joao-Nuno-Macedo-016-100x66.jpg 100w, https:\/\/socialdesignmagazine.com\/mag\/wp-content\/uploads\/2023\/06\/Architettura-universitaria-a-Santa-Cruz.-Sobrieta-e-vitalita-si-fondono.-Joao-Nuno-Macedo-016-768x512.jpg 768w, https:\/\/socialdesignmagazine.com\/mag\/wp-content\/uploads\/2023\/06\/Architettura-universitaria-a-Santa-Cruz.-Sobrieta-e-vitalita-si-fondono.-Joao-Nuno-Macedo-016-1536x1024.jpg 1536w, https:\/\/socialdesignmagazine.com\/mag\/wp-content\/uploads\/2023\/06\/Architettura-universitaria-a-Santa-Cruz.-Sobrieta-e-vitalita-si-fondono.-Joao-Nuno-Macedo-016-2048x1366.jpg 2048w\" sizes=\"auto, (max-width: 1024px) 100vw, 1024px\" \/><\/figure>\n\n\n\n<figure class=\"wp-block-image size-large\"><img loading=\"lazy\" decoding=\"async\" width=\"1024\" height=\"1536\" data-attachment-id=\"53473\" data-permalink=\"https:\/\/socialdesignmagazine.com\/mag\/architettura\/architettura-universitaria-a-santa-cruz-sobrieta-e-vitalita-si-fondono\/attachment\/architettura-universitaria-a-santa-cruz-sobrieta-e-vitalita-si-fondono-joao-nuno-macedo-017\/#content\" data-orig-file=\"https:\/\/socialdesignmagazine.com\/mag\/wp-content\/uploads\/2023\/06\/Architettura-universitaria-a-Santa-Cruz.-Sobrieta-e-vitalita-si-fondono.-Joao-Nuno-Macedo-017-scaled.jpg\" data-orig-size=\"1707,2560\" data-comments-opened=\"1\" data-image-meta=\"{&quot;aperture&quot;:&quot;0&quot;,&quot;credit&quot;:&quot;&quot;,&quot;camera&quot;:&quot;&quot;,&quot;caption&quot;:&quot;&quot;,&quot;created_timestamp&quot;:&quot;0&quot;,&quot;copyright&quot;:&quot;&quot;,&quot;focal_length&quot;:&quot;0&quot;,&quot;iso&quot;:&quot;0&quot;,&quot;shutter_speed&quot;:&quot;0&quot;,&quot;title&quot;:&quot;&quot;,&quot;orientation&quot;:&quot;0&quot;}\" data-image-title=\"Architettura universitaria a Santa Cruz. Sobrieta e vitalita si fondono. Joao Nuno Macedo\" data-image-description=\"\" data-image-caption=\"\" data-medium-file=\"https:\/\/socialdesignmagazine.com\/mag\/wp-content\/uploads\/2023\/06\/Architettura-universitaria-a-Santa-Cruz.-Sobrieta-e-vitalita-si-fondono.-Joao-Nuno-Macedo-017-438x283.jpg\" data-large-file=\"https:\/\/socialdesignmagazine.com\/mag\/wp-content\/uploads\/2023\/06\/Architettura-universitaria-a-Santa-Cruz.-Sobrieta-e-vitalita-si-fondono.-Joao-Nuno-Macedo-017-1024x1536.jpg\" data-id=\"53473\" src=\"https:\/\/socialdesignmagazine.com\/mag\/wp-content\/uploads\/2023\/06\/Architettura-universitaria-a-Santa-Cruz.-Sobrieta-e-vitalita-si-fondono.-Joao-Nuno-Macedo-017-1024x1536.jpg\" alt=\"Architettura universitaria a Santa Cruz. Sobrieta e vitalita si fondono. Joao Nuno Macedo\" class=\"wp-image-53473\" srcset=\"https:\/\/socialdesignmagazine.com\/mag\/wp-content\/uploads\/2023\/06\/Architettura-universitaria-a-Santa-Cruz.-Sobrieta-e-vitalita-si-fondono.-Joao-Nuno-Macedo-017-1024x1536.jpg 1024w, https:\/\/socialdesignmagazine.com\/mag\/wp-content\/uploads\/2023\/06\/Architettura-universitaria-a-Santa-Cruz.-Sobrieta-e-vitalita-si-fondono.-Joao-Nuno-Macedo-017-768x1152.jpg 768w, https:\/\/socialdesignmagazine.com\/mag\/wp-content\/uploads\/2023\/06\/Architettura-universitaria-a-Santa-Cruz.-Sobrieta-e-vitalita-si-fondono.-Joao-Nuno-Macedo-017-1366x2048.jpg 1366w, https:\/\/socialdesignmagazine.com\/mag\/wp-content\/uploads\/2023\/06\/Architettura-universitaria-a-Santa-Cruz.-Sobrieta-e-vitalita-si-fondono.-Joao-Nuno-Macedo-017-scaled.jpg 1707w\" sizes=\"auto, (max-width: 1024px) 100vw, 1024px\" \/><\/figure>\n\n\n\n<figure class=\"wp-block-image size-large\"><img loading=\"lazy\" decoding=\"async\" width=\"1024\" height=\"1536\" data-attachment-id=\"53456\" data-permalink=\"https:\/\/socialdesignmagazine.com\/mag\/architettura\/architettura-universitaria-a-santa-cruz-sobrieta-e-vitalita-si-fondono\/attachment\/architettura-universitaria-a-santa-cruz-sobrieta-e-vitalita-si-fondono-joao-nuno-macedo-018\/#content\" data-orig-file=\"https:\/\/socialdesignmagazine.com\/mag\/wp-content\/uploads\/2023\/06\/Architettura-universitaria-a-Santa-Cruz.-Sobrieta-e-vitalita-si-fondono.-Joao-Nuno-Macedo-018-scaled.jpg\" data-orig-size=\"1707,2560\" data-comments-opened=\"1\" data-image-meta=\"{&quot;aperture&quot;:&quot;0&quot;,&quot;credit&quot;:&quot;&quot;,&quot;camera&quot;:&quot;&quot;,&quot;caption&quot;:&quot;&quot;,&quot;created_timestamp&quot;:&quot;0&quot;,&quot;copyright&quot;:&quot;&quot;,&quot;focal_length&quot;:&quot;0&quot;,&quot;iso&quot;:&quot;0&quot;,&quot;shutter_speed&quot;:&quot;0&quot;,&quot;title&quot;:&quot;&quot;,&quot;orientation&quot;:&quot;0&quot;}\" data-image-title=\"Architettura universitaria a Santa Cruz. Sobrieta e vitalita si fondono. Joao Nuno Macedo\" data-image-description=\"\" data-image-caption=\"\" data-medium-file=\"https:\/\/socialdesignmagazine.com\/mag\/wp-content\/uploads\/2023\/06\/Architettura-universitaria-a-Santa-Cruz.-Sobrieta-e-vitalita-si-fondono.-Joao-Nuno-Macedo-018-438x283.jpg\" data-large-file=\"https:\/\/socialdesignmagazine.com\/mag\/wp-content\/uploads\/2023\/06\/Architettura-universitaria-a-Santa-Cruz.-Sobrieta-e-vitalita-si-fondono.-Joao-Nuno-Macedo-018-1024x1536.jpg\" data-id=\"53456\" src=\"https:\/\/socialdesignmagazine.com\/mag\/wp-content\/uploads\/2023\/06\/Architettura-universitaria-a-Santa-Cruz.-Sobrieta-e-vitalita-si-fondono.-Joao-Nuno-Macedo-018-1024x1536.jpg\" alt=\"Architettura universitaria a Santa Cruz. Sobrieta e vitalita si fondono. Joao Nuno Macedo\" class=\"wp-image-53456\" srcset=\"https:\/\/socialdesignmagazine.com\/mag\/wp-content\/uploads\/2023\/06\/Architettura-universitaria-a-Santa-Cruz.-Sobrieta-e-vitalita-si-fondono.-Joao-Nuno-Macedo-018-1024x1536.jpg 1024w, https:\/\/socialdesignmagazine.com\/mag\/wp-content\/uploads\/2023\/06\/Architettura-universitaria-a-Santa-Cruz.-Sobrieta-e-vitalita-si-fondono.-Joao-Nuno-Macedo-018-768x1152.jpg 768w, https:\/\/socialdesignmagazine.com\/mag\/wp-content\/uploads\/2023\/06\/Architettura-universitaria-a-Santa-Cruz.-Sobrieta-e-vitalita-si-fondono.-Joao-Nuno-Macedo-018-1366x2048.jpg 1366w, https:\/\/socialdesignmagazine.com\/mag\/wp-content\/uploads\/2023\/06\/Architettura-universitaria-a-Santa-Cruz.-Sobrieta-e-vitalita-si-fondono.-Joao-Nuno-Macedo-018-scaled.jpg 1707w\" sizes=\"auto, (max-width: 1024px) 100vw, 1024px\" \/><\/figure>\n\n\n\n<figure class=\"wp-block-image size-large\"><img loading=\"lazy\" decoding=\"async\" width=\"1024\" height=\"1536\" data-attachment-id=\"53459\" data-permalink=\"https:\/\/socialdesignmagazine.com\/mag\/architettura\/architettura-universitaria-a-santa-cruz-sobrieta-e-vitalita-si-fondono\/attachment\/architettura-universitaria-a-santa-cruz-sobrieta-e-vitalita-si-fondono-joao-nuno-macedo-019\/#content\" data-orig-file=\"https:\/\/socialdesignmagazine.com\/mag\/wp-content\/uploads\/2023\/06\/Architettura-universitaria-a-Santa-Cruz.-Sobrieta-e-vitalita-si-fondono.-Joao-Nuno-Macedo-019-scaled.jpg\" data-orig-size=\"1707,2560\" data-comments-opened=\"1\" data-image-meta=\"{&quot;aperture&quot;:&quot;0&quot;,&quot;credit&quot;:&quot;&quot;,&quot;camera&quot;:&quot;&quot;,&quot;caption&quot;:&quot;&quot;,&quot;created_timestamp&quot;:&quot;0&quot;,&quot;copyright&quot;:&quot;&quot;,&quot;focal_length&quot;:&quot;0&quot;,&quot;iso&quot;:&quot;0&quot;,&quot;shutter_speed&quot;:&quot;0&quot;,&quot;title&quot;:&quot;&quot;,&quot;orientation&quot;:&quot;0&quot;}\" data-image-title=\"Architettura universitaria a Santa Cruz. Sobrieta e vitalita si fondono. Joao Nuno Macedo\" data-image-description=\"\" data-image-caption=\"\" data-medium-file=\"https:\/\/socialdesignmagazine.com\/mag\/wp-content\/uploads\/2023\/06\/Architettura-universitaria-a-Santa-Cruz.-Sobrieta-e-vitalita-si-fondono.-Joao-Nuno-Macedo-019-438x283.jpg\" data-large-file=\"https:\/\/socialdesignmagazine.com\/mag\/wp-content\/uploads\/2023\/06\/Architettura-universitaria-a-Santa-Cruz.-Sobrieta-e-vitalita-si-fondono.-Joao-Nuno-Macedo-019-1024x1536.jpg\" data-id=\"53459\" src=\"https:\/\/socialdesignmagazine.com\/mag\/wp-content\/uploads\/2023\/06\/Architettura-universitaria-a-Santa-Cruz.-Sobrieta-e-vitalita-si-fondono.-Joao-Nuno-Macedo-019-1024x1536.jpg\" alt=\"Architettura universitaria a Santa Cruz. Sobrieta e vitalita si fondono. Joao Nuno Macedo\" class=\"wp-image-53459\" srcset=\"https:\/\/socialdesignmagazine.com\/mag\/wp-content\/uploads\/2023\/06\/Architettura-universitaria-a-Santa-Cruz.-Sobrieta-e-vitalita-si-fondono.-Joao-Nuno-Macedo-019-1024x1536.jpg 1024w, https:\/\/socialdesignmagazine.com\/mag\/wp-content\/uploads\/2023\/06\/Architettura-universitaria-a-Santa-Cruz.-Sobrieta-e-vitalita-si-fondono.-Joao-Nuno-Macedo-019-768x1152.jpg 768w, https:\/\/socialdesignmagazine.com\/mag\/wp-content\/uploads\/2023\/06\/Architettura-universitaria-a-Santa-Cruz.-Sobrieta-e-vitalita-si-fondono.-Joao-Nuno-Macedo-019-1366x2048.jpg 1366w, https:\/\/socialdesignmagazine.com\/mag\/wp-content\/uploads\/2023\/06\/Architettura-universitaria-a-Santa-Cruz.-Sobrieta-e-vitalita-si-fondono.-Joao-Nuno-Macedo-019-scaled.jpg 1707w\" sizes=\"auto, (max-width: 1024px) 100vw, 1024px\" \/><\/figure>\n\n\n\n<figure class=\"wp-block-image size-large\"><img loading=\"lazy\" decoding=\"async\" width=\"1024\" height=\"683\" data-attachment-id=\"53465\" data-permalink=\"https:\/\/socialdesignmagazine.com\/mag\/architettura\/architettura-universitaria-a-santa-cruz-sobrieta-e-vitalita-si-fondono\/attachment\/architettura-universitaria-a-santa-cruz-sobrieta-e-vitalita-si-fondono-joao-nuno-macedo-020\/#content\" data-orig-file=\"https:\/\/socialdesignmagazine.com\/mag\/wp-content\/uploads\/2023\/06\/Architettura-universitaria-a-Santa-Cruz.-Sobrieta-e-vitalita-si-fondono.-Joao-Nuno-Macedo-020-scaled.jpg\" data-orig-size=\"2560,1707\" data-comments-opened=\"1\" data-image-meta=\"{&quot;aperture&quot;:&quot;0&quot;,&quot;credit&quot;:&quot;&quot;,&quot;camera&quot;:&quot;&quot;,&quot;caption&quot;:&quot;&quot;,&quot;created_timestamp&quot;:&quot;0&quot;,&quot;copyright&quot;:&quot;&quot;,&quot;focal_length&quot;:&quot;0&quot;,&quot;iso&quot;:&quot;0&quot;,&quot;shutter_speed&quot;:&quot;0&quot;,&quot;title&quot;:&quot;&quot;,&quot;orientation&quot;:&quot;0&quot;}\" data-image-title=\"Architettura universitaria a Santa Cruz. Sobrieta e vitalita si fondono. Joao Nuno Macedo\" data-image-description=\"\" data-image-caption=\"\" data-medium-file=\"https:\/\/socialdesignmagazine.com\/mag\/wp-content\/uploads\/2023\/06\/Architettura-universitaria-a-Santa-Cruz.-Sobrieta-e-vitalita-si-fondono.-Joao-Nuno-Macedo-020-438x283.jpg\" data-large-file=\"https:\/\/socialdesignmagazine.com\/mag\/wp-content\/uploads\/2023\/06\/Architettura-universitaria-a-Santa-Cruz.-Sobrieta-e-vitalita-si-fondono.-Joao-Nuno-Macedo-020-1024x683.jpg\" data-id=\"53465\" src=\"https:\/\/socialdesignmagazine.com\/mag\/wp-content\/uploads\/2023\/06\/Architettura-universitaria-a-Santa-Cruz.-Sobrieta-e-vitalita-si-fondono.-Joao-Nuno-Macedo-020-1024x683.jpg\" alt=\"Architettura universitaria a Santa Cruz. Sobrieta e vitalita si fondono. Joao Nuno Macedo\" class=\"wp-image-53465\" srcset=\"https:\/\/socialdesignmagazine.com\/mag\/wp-content\/uploads\/2023\/06\/Architettura-universitaria-a-Santa-Cruz.-Sobrieta-e-vitalita-si-fondono.-Joao-Nuno-Macedo-020-1024x683.jpg 1024w, https:\/\/socialdesignmagazine.com\/mag\/wp-content\/uploads\/2023\/06\/Architettura-universitaria-a-Santa-Cruz.-Sobrieta-e-vitalita-si-fondono.-Joao-Nuno-Macedo-020-100x66.jpg 100w, https:\/\/socialdesignmagazine.com\/mag\/wp-content\/uploads\/2023\/06\/Architettura-universitaria-a-Santa-Cruz.-Sobrieta-e-vitalita-si-fondono.-Joao-Nuno-Macedo-020-768x512.jpg 768w, https:\/\/socialdesignmagazine.com\/mag\/wp-content\/uploads\/2023\/06\/Architettura-universitaria-a-Santa-Cruz.-Sobrieta-e-vitalita-si-fondono.-Joao-Nuno-Macedo-020-1536x1024.jpg 1536w, https:\/\/socialdesignmagazine.com\/mag\/wp-content\/uploads\/2023\/06\/Architettura-universitaria-a-Santa-Cruz.-Sobrieta-e-vitalita-si-fondono.-Joao-Nuno-Macedo-020-2048x1366.jpg 2048w\" sizes=\"auto, (max-width: 1024px) 100vw, 1024px\" \/><\/figure>\n\n\n\n<figure class=\"wp-block-image size-large\"><img loading=\"lazy\" decoding=\"async\" width=\"1024\" height=\"683\" data-attachment-id=\"53474\" data-permalink=\"https:\/\/socialdesignmagazine.com\/mag\/architettura\/architettura-universitaria-a-santa-cruz-sobrieta-e-vitalita-si-fondono\/attachment\/architettura-universitaria-a-santa-cruz-sobrieta-e-vitalita-si-fondono-joao-nuno-macedo-021\/#content\" data-orig-file=\"https:\/\/socialdesignmagazine.com\/mag\/wp-content\/uploads\/2023\/06\/Architettura-universitaria-a-Santa-Cruz.-Sobrieta-e-vitalita-si-fondono.-Joao-Nuno-Macedo-021-scaled.jpg\" data-orig-size=\"2560,1707\" data-comments-opened=\"1\" data-image-meta=\"{&quot;aperture&quot;:&quot;0&quot;,&quot;credit&quot;:&quot;&quot;,&quot;camera&quot;:&quot;&quot;,&quot;caption&quot;:&quot;&quot;,&quot;created_timestamp&quot;:&quot;0&quot;,&quot;copyright&quot;:&quot;&quot;,&quot;focal_length&quot;:&quot;0&quot;,&quot;iso&quot;:&quot;0&quot;,&quot;shutter_speed&quot;:&quot;0&quot;,&quot;title&quot;:&quot;&quot;,&quot;orientation&quot;:&quot;0&quot;}\" data-image-title=\"Architettura universitaria a Santa Cruz. Sobrieta e vitalita si fondono. Joao Nuno Macedo\" data-image-description=\"\" data-image-caption=\"\" data-medium-file=\"https:\/\/socialdesignmagazine.com\/mag\/wp-content\/uploads\/2023\/06\/Architettura-universitaria-a-Santa-Cruz.-Sobrieta-e-vitalita-si-fondono.-Joao-Nuno-Macedo-021-438x283.jpg\" data-large-file=\"https:\/\/socialdesignmagazine.com\/mag\/wp-content\/uploads\/2023\/06\/Architettura-universitaria-a-Santa-Cruz.-Sobrieta-e-vitalita-si-fondono.-Joao-Nuno-Macedo-021-1024x683.jpg\" data-id=\"53474\" src=\"https:\/\/socialdesignmagazine.com\/mag\/wp-content\/uploads\/2023\/06\/Architettura-universitaria-a-Santa-Cruz.-Sobrieta-e-vitalita-si-fondono.-Joao-Nuno-Macedo-021-1024x683.jpg\" alt=\"Architettura universitaria a Santa Cruz. Sobrieta e vitalita si fondono. Joao Nuno Macedo\" class=\"wp-image-53474\" srcset=\"https:\/\/socialdesignmagazine.com\/mag\/wp-content\/uploads\/2023\/06\/Architettura-universitaria-a-Santa-Cruz.-Sobrieta-e-vitalita-si-fondono.-Joao-Nuno-Macedo-021-1024x683.jpg 1024w, https:\/\/socialdesignmagazine.com\/mag\/wp-content\/uploads\/2023\/06\/Architettura-universitaria-a-Santa-Cruz.-Sobrieta-e-vitalita-si-fondono.-Joao-Nuno-Macedo-021-100x66.jpg 100w, https:\/\/socialdesignmagazine.com\/mag\/wp-content\/uploads\/2023\/06\/Architettura-universitaria-a-Santa-Cruz.-Sobrieta-e-vitalita-si-fondono.-Joao-Nuno-Macedo-021-768x512.jpg 768w, https:\/\/socialdesignmagazine.com\/mag\/wp-content\/uploads\/2023\/06\/Architettura-universitaria-a-Santa-Cruz.-Sobrieta-e-vitalita-si-fondono.-Joao-Nuno-Macedo-021-1536x1024.jpg 1536w, https:\/\/socialdesignmagazine.com\/mag\/wp-content\/uploads\/2023\/06\/Architettura-universitaria-a-Santa-Cruz.-Sobrieta-e-vitalita-si-fondono.-Joao-Nuno-Macedo-021-2048x1366.jpg 2048w\" sizes=\"auto, (max-width: 1024px) 100vw, 1024px\" \/><\/figure>\n\n\n\n<figure class=\"wp-block-image size-large\"><img loading=\"lazy\" decoding=\"async\" width=\"1024\" height=\"1536\" data-attachment-id=\"53457\" data-permalink=\"https:\/\/socialdesignmagazine.com\/mag\/architettura\/architettura-universitaria-a-santa-cruz-sobrieta-e-vitalita-si-fondono\/attachment\/architettura-universitaria-a-santa-cruz-sobrieta-e-vitalita-si-fondono-joao-nuno-macedo-022\/#content\" data-orig-file=\"https:\/\/socialdesignmagazine.com\/mag\/wp-content\/uploads\/2023\/06\/Architettura-universitaria-a-Santa-Cruz.-Sobrieta-e-vitalita-si-fondono.-Joao-Nuno-Macedo-022-scaled.jpg\" data-orig-size=\"1707,2560\" data-comments-opened=\"1\" data-image-meta=\"{&quot;aperture&quot;:&quot;0&quot;,&quot;credit&quot;:&quot;&quot;,&quot;camera&quot;:&quot;&quot;,&quot;caption&quot;:&quot;&quot;,&quot;created_timestamp&quot;:&quot;0&quot;,&quot;copyright&quot;:&quot;&quot;,&quot;focal_length&quot;:&quot;0&quot;,&quot;iso&quot;:&quot;0&quot;,&quot;shutter_speed&quot;:&quot;0&quot;,&quot;title&quot;:&quot;&quot;,&quot;orientation&quot;:&quot;0&quot;}\" data-image-title=\"Architettura universitaria a Santa Cruz. Sobrieta e vitalita si fondono. Joao Nuno Macedo\" data-image-description=\"\" data-image-caption=\"\" data-medium-file=\"https:\/\/socialdesignmagazine.com\/mag\/wp-content\/uploads\/2023\/06\/Architettura-universitaria-a-Santa-Cruz.-Sobrieta-e-vitalita-si-fondono.-Joao-Nuno-Macedo-022-438x283.jpg\" data-large-file=\"https:\/\/socialdesignmagazine.com\/mag\/wp-content\/uploads\/2023\/06\/Architettura-universitaria-a-Santa-Cruz.-Sobrieta-e-vitalita-si-fondono.-Joao-Nuno-Macedo-022-1024x1536.jpg\" data-id=\"53457\" src=\"https:\/\/socialdesignmagazine.com\/mag\/wp-content\/uploads\/2023\/06\/Architettura-universitaria-a-Santa-Cruz.-Sobrieta-e-vitalita-si-fondono.-Joao-Nuno-Macedo-022-1024x1536.jpg\" alt=\"Architettura universitaria a Santa Cruz. Sobrieta e vitalita si fondono. Joao Nuno Macedo\" class=\"wp-image-53457\" srcset=\"https:\/\/socialdesignmagazine.com\/mag\/wp-content\/uploads\/2023\/06\/Architettura-universitaria-a-Santa-Cruz.-Sobrieta-e-vitalita-si-fondono.-Joao-Nuno-Macedo-022-1024x1536.jpg 1024w, https:\/\/socialdesignmagazine.com\/mag\/wp-content\/uploads\/2023\/06\/Architettura-universitaria-a-Santa-Cruz.-Sobrieta-e-vitalita-si-fondono.-Joao-Nuno-Macedo-022-768x1152.jpg 768w, https:\/\/socialdesignmagazine.com\/mag\/wp-content\/uploads\/2023\/06\/Architettura-universitaria-a-Santa-Cruz.-Sobrieta-e-vitalita-si-fondono.-Joao-Nuno-Macedo-022-1366x2048.jpg 1366w, https:\/\/socialdesignmagazine.com\/mag\/wp-content\/uploads\/2023\/06\/Architettura-universitaria-a-Santa-Cruz.-Sobrieta-e-vitalita-si-fondono.-Joao-Nuno-Macedo-022-scaled.jpg 1707w\" sizes=\"auto, (max-width: 1024px) 100vw, 1024px\" \/><\/figure>\n\n\n\n<figure class=\"wp-block-image size-large\"><img loading=\"lazy\" decoding=\"async\" width=\"1024\" height=\"683\" data-attachment-id=\"53472\" data-permalink=\"https:\/\/socialdesignmagazine.com\/mag\/architettura\/architettura-universitaria-a-santa-cruz-sobrieta-e-vitalita-si-fondono\/attachment\/architettura-universitaria-a-santa-cruz-sobrieta-e-vitalita-si-fondono-joao-nuno-macedo-023\/#content\" data-orig-file=\"https:\/\/socialdesignmagazine.com\/mag\/wp-content\/uploads\/2023\/06\/Architettura-universitaria-a-Santa-Cruz.-Sobrieta-e-vitalita-si-fondono.-Joao-Nuno-Macedo-023-scaled.jpg\" data-orig-size=\"2560,1707\" data-comments-opened=\"1\" data-image-meta=\"{&quot;aperture&quot;:&quot;0&quot;,&quot;credit&quot;:&quot;&quot;,&quot;camera&quot;:&quot;&quot;,&quot;caption&quot;:&quot;&quot;,&quot;created_timestamp&quot;:&quot;0&quot;,&quot;copyright&quot;:&quot;&quot;,&quot;focal_length&quot;:&quot;0&quot;,&quot;iso&quot;:&quot;0&quot;,&quot;shutter_speed&quot;:&quot;0&quot;,&quot;title&quot;:&quot;&quot;,&quot;orientation&quot;:&quot;0&quot;}\" data-image-title=\"Architettura universitaria a Santa Cruz. Sobrieta e vitalita si fondono. Joao Nuno Macedo\" data-image-description=\"\" data-image-caption=\"\" data-medium-file=\"https:\/\/socialdesignmagazine.com\/mag\/wp-content\/uploads\/2023\/06\/Architettura-universitaria-a-Santa-Cruz.-Sobrieta-e-vitalita-si-fondono.-Joao-Nuno-Macedo-023-438x283.jpg\" data-large-file=\"https:\/\/socialdesignmagazine.com\/mag\/wp-content\/uploads\/2023\/06\/Architettura-universitaria-a-Santa-Cruz.-Sobrieta-e-vitalita-si-fondono.-Joao-Nuno-Macedo-023-1024x683.jpg\" data-id=\"53472\" src=\"https:\/\/socialdesignmagazine.com\/mag\/wp-content\/uploads\/2023\/06\/Architettura-universitaria-a-Santa-Cruz.-Sobrieta-e-vitalita-si-fondono.-Joao-Nuno-Macedo-023-1024x683.jpg\" alt=\"Architettura universitaria a Santa Cruz. Sobrieta e vitalita si fondono. Joao Nuno Macedo\" class=\"wp-image-53472\" srcset=\"https:\/\/socialdesignmagazine.com\/mag\/wp-content\/uploads\/2023\/06\/Architettura-universitaria-a-Santa-Cruz.-Sobrieta-e-vitalita-si-fondono.-Joao-Nuno-Macedo-023-1024x683.jpg 1024w, https:\/\/socialdesignmagazine.com\/mag\/wp-content\/uploads\/2023\/06\/Architettura-universitaria-a-Santa-Cruz.-Sobrieta-e-vitalita-si-fondono.-Joao-Nuno-Macedo-023-100x66.jpg 100w, https:\/\/socialdesignmagazine.com\/mag\/wp-content\/uploads\/2023\/06\/Architettura-universitaria-a-Santa-Cruz.-Sobrieta-e-vitalita-si-fondono.-Joao-Nuno-Macedo-023-768x512.jpg 768w, https:\/\/socialdesignmagazine.com\/mag\/wp-content\/uploads\/2023\/06\/Architettura-universitaria-a-Santa-Cruz.-Sobrieta-e-vitalita-si-fondono.-Joao-Nuno-Macedo-023-1536x1024.jpg 1536w, https:\/\/socialdesignmagazine.com\/mag\/wp-content\/uploads\/2023\/06\/Architettura-universitaria-a-Santa-Cruz.-Sobrieta-e-vitalita-si-fondono.-Joao-Nuno-Macedo-023-2048x1366.jpg 2048w\" sizes=\"auto, (max-width: 1024px) 100vw, 1024px\" \/><\/figure>\n\n\n\n<figure class=\"wp-block-image size-large\"><img loading=\"lazy\" decoding=\"async\" width=\"1024\" height=\"1536\" data-attachment-id=\"53444\" data-permalink=\"https:\/\/socialdesignmagazine.com\/mag\/architettura\/architettura-universitaria-a-santa-cruz-sobrieta-e-vitalita-si-fondono\/attachment\/architettura-universitaria-a-santa-cruz-sobrieta-e-vitalita-si-fondono-joao-nuno-macedo-024\/#content\" data-orig-file=\"https:\/\/socialdesignmagazine.com\/mag\/wp-content\/uploads\/2023\/06\/Architettura-universitaria-a-Santa-Cruz.-Sobrieta-e-vitalita-si-fondono.-Joao-Nuno-Macedo-024-scaled.jpg\" data-orig-size=\"1707,2560\" data-comments-opened=\"1\" data-image-meta=\"{&quot;aperture&quot;:&quot;0&quot;,&quot;credit&quot;:&quot;&quot;,&quot;camera&quot;:&quot;&quot;,&quot;caption&quot;:&quot;&quot;,&quot;created_timestamp&quot;:&quot;0&quot;,&quot;copyright&quot;:&quot;&quot;,&quot;focal_length&quot;:&quot;0&quot;,&quot;iso&quot;:&quot;0&quot;,&quot;shutter_speed&quot;:&quot;0&quot;,&quot;title&quot;:&quot;&quot;,&quot;orientation&quot;:&quot;0&quot;}\" data-image-title=\"Architettura universitaria a Santa Cruz. Sobrieta e vitalita si fondono. Joao Nuno Macedo\" data-image-description=\"\" data-image-caption=\"\" data-medium-file=\"https:\/\/socialdesignmagazine.com\/mag\/wp-content\/uploads\/2023\/06\/Architettura-universitaria-a-Santa-Cruz.-Sobrieta-e-vitalita-si-fondono.-Joao-Nuno-Macedo-024-438x283.jpg\" data-large-file=\"https:\/\/socialdesignmagazine.com\/mag\/wp-content\/uploads\/2023\/06\/Architettura-universitaria-a-Santa-Cruz.-Sobrieta-e-vitalita-si-fondono.-Joao-Nuno-Macedo-024-1024x1536.jpg\" data-id=\"53444\" src=\"https:\/\/socialdesignmagazine.com\/mag\/wp-content\/uploads\/2023\/06\/Architettura-universitaria-a-Santa-Cruz.-Sobrieta-e-vitalita-si-fondono.-Joao-Nuno-Macedo-024-1024x1536.jpg\" alt=\"Architettura universitaria a Santa Cruz. Sobrieta e vitalita si fondono. Joao Nuno Macedo\" class=\"wp-image-53444\" srcset=\"https:\/\/socialdesignmagazine.com\/mag\/wp-content\/uploads\/2023\/06\/Architettura-universitaria-a-Santa-Cruz.-Sobrieta-e-vitalita-si-fondono.-Joao-Nuno-Macedo-024-1024x1536.jpg 1024w, https:\/\/socialdesignmagazine.com\/mag\/wp-content\/uploads\/2023\/06\/Architettura-universitaria-a-Santa-Cruz.-Sobrieta-e-vitalita-si-fondono.-Joao-Nuno-Macedo-024-768x1152.jpg 768w, https:\/\/socialdesignmagazine.com\/mag\/wp-content\/uploads\/2023\/06\/Architettura-universitaria-a-Santa-Cruz.-Sobrieta-e-vitalita-si-fondono.-Joao-Nuno-Macedo-024-1366x2048.jpg 1366w, https:\/\/socialdesignmagazine.com\/mag\/wp-content\/uploads\/2023\/06\/Architettura-universitaria-a-Santa-Cruz.-Sobrieta-e-vitalita-si-fondono.-Joao-Nuno-Macedo-024-scaled.jpg 1707w\" sizes=\"auto, (max-width: 1024px) 100vw, 1024px\" \/><\/figure>\n\n\n\n<figure class=\"wp-block-image size-large\"><img loading=\"lazy\" decoding=\"async\" width=\"1024\" height=\"1536\" data-attachment-id=\"53445\" data-permalink=\"https:\/\/socialdesignmagazine.com\/mag\/architettura\/architettura-universitaria-a-santa-cruz-sobrieta-e-vitalita-si-fondono\/attachment\/architettura-universitaria-a-santa-cruz-sobrieta-e-vitalita-si-fondono-joao-nuno-macedo-025\/#content\" data-orig-file=\"https:\/\/socialdesignmagazine.com\/mag\/wp-content\/uploads\/2023\/06\/Architettura-universitaria-a-Santa-Cruz.-Sobrieta-e-vitalita-si-fondono.-Joao-Nuno-Macedo-025-scaled.jpg\" data-orig-size=\"1707,2560\" data-comments-opened=\"1\" data-image-meta=\"{&quot;aperture&quot;:&quot;0&quot;,&quot;credit&quot;:&quot;&quot;,&quot;camera&quot;:&quot;&quot;,&quot;caption&quot;:&quot;&quot;,&quot;created_timestamp&quot;:&quot;0&quot;,&quot;copyright&quot;:&quot;&quot;,&quot;focal_length&quot;:&quot;0&quot;,&quot;iso&quot;:&quot;0&quot;,&quot;shutter_speed&quot;:&quot;0&quot;,&quot;title&quot;:&quot;&quot;,&quot;orientation&quot;:&quot;0&quot;}\" data-image-title=\"Architettura universitaria a Santa Cruz. Sobrieta e vitalita si fondono. Joao Nuno Macedo\" data-image-description=\"\" data-image-caption=\"\" data-medium-file=\"https:\/\/socialdesignmagazine.com\/mag\/wp-content\/uploads\/2023\/06\/Architettura-universitaria-a-Santa-Cruz.-Sobrieta-e-vitalita-si-fondono.-Joao-Nuno-Macedo-025-438x283.jpg\" data-large-file=\"https:\/\/socialdesignmagazine.com\/mag\/wp-content\/uploads\/2023\/06\/Architettura-universitaria-a-Santa-Cruz.-Sobrieta-e-vitalita-si-fondono.-Joao-Nuno-Macedo-025-1024x1536.jpg\" data-id=\"53445\" src=\"https:\/\/socialdesignmagazine.com\/mag\/wp-content\/uploads\/2023\/06\/Architettura-universitaria-a-Santa-Cruz.-Sobrieta-e-vitalita-si-fondono.-Joao-Nuno-Macedo-025-1024x1536.jpg\" alt=\"Architettura universitaria a Santa Cruz. Sobrieta e vitalita si fondono. Joao Nuno Macedo\" class=\"wp-image-53445\" srcset=\"https:\/\/socialdesignmagazine.com\/mag\/wp-content\/uploads\/2023\/06\/Architettura-universitaria-a-Santa-Cruz.-Sobrieta-e-vitalita-si-fondono.-Joao-Nuno-Macedo-025-1024x1536.jpg 1024w, https:\/\/socialdesignmagazine.com\/mag\/wp-content\/uploads\/2023\/06\/Architettura-universitaria-a-Santa-Cruz.-Sobrieta-e-vitalita-si-fondono.-Joao-Nuno-Macedo-025-768x1152.jpg 768w, https:\/\/socialdesignmagazine.com\/mag\/wp-content\/uploads\/2023\/06\/Architettura-universitaria-a-Santa-Cruz.-Sobrieta-e-vitalita-si-fondono.-Joao-Nuno-Macedo-025-1366x2048.jpg 1366w, https:\/\/socialdesignmagazine.com\/mag\/wp-content\/uploads\/2023\/06\/Architettura-universitaria-a-Santa-Cruz.-Sobrieta-e-vitalita-si-fondono.-Joao-Nuno-Macedo-025-scaled.jpg 1707w\" sizes=\"auto, (max-width: 1024px) 100vw, 1024px\" \/><\/figure>\n\n\n\n<figure class=\"wp-block-image size-large\"><img loading=\"lazy\" decoding=\"async\" width=\"1024\" height=\"1536\" data-attachment-id=\"53447\" data-permalink=\"https:\/\/socialdesignmagazine.com\/mag\/architettura\/architettura-universitaria-a-santa-cruz-sobrieta-e-vitalita-si-fondono\/attachment\/architettura-universitaria-a-santa-cruz-sobrieta-e-vitalita-si-fondono-joao-nuno-macedo-026\/#content\" data-orig-file=\"https:\/\/socialdesignmagazine.com\/mag\/wp-content\/uploads\/2023\/06\/Architettura-universitaria-a-Santa-Cruz.-Sobrieta-e-vitalita-si-fondono.-Joao-Nuno-Macedo-026-scaled.jpg\" data-orig-size=\"1707,2560\" data-comments-opened=\"1\" data-image-meta=\"{&quot;aperture&quot;:&quot;0&quot;,&quot;credit&quot;:&quot;&quot;,&quot;camera&quot;:&quot;&quot;,&quot;caption&quot;:&quot;&quot;,&quot;created_timestamp&quot;:&quot;0&quot;,&quot;copyright&quot;:&quot;&quot;,&quot;focal_length&quot;:&quot;0&quot;,&quot;iso&quot;:&quot;0&quot;,&quot;shutter_speed&quot;:&quot;0&quot;,&quot;title&quot;:&quot;&quot;,&quot;orientation&quot;:&quot;0&quot;}\" data-image-title=\"Architettura universitaria a Santa Cruz. Sobrieta e vitalita si fondono. Joao Nuno Macedo\" data-image-description=\"\" data-image-caption=\"\" data-medium-file=\"https:\/\/socialdesignmagazine.com\/mag\/wp-content\/uploads\/2023\/06\/Architettura-universitaria-a-Santa-Cruz.-Sobrieta-e-vitalita-si-fondono.-Joao-Nuno-Macedo-026-438x283.jpg\" data-large-file=\"https:\/\/socialdesignmagazine.com\/mag\/wp-content\/uploads\/2023\/06\/Architettura-universitaria-a-Santa-Cruz.-Sobrieta-e-vitalita-si-fondono.-Joao-Nuno-Macedo-026-1024x1536.jpg\" data-id=\"53447\" src=\"https:\/\/socialdesignmagazine.com\/mag\/wp-content\/uploads\/2023\/06\/Architettura-universitaria-a-Santa-Cruz.-Sobrieta-e-vitalita-si-fondono.-Joao-Nuno-Macedo-026-1024x1536.jpg\" alt=\"Architettura universitaria a Santa Cruz. Sobrieta e vitalita si fondono. Joao Nuno Macedo\" class=\"wp-image-53447\" srcset=\"https:\/\/socialdesignmagazine.com\/mag\/wp-content\/uploads\/2023\/06\/Architettura-universitaria-a-Santa-Cruz.-Sobrieta-e-vitalita-si-fondono.-Joao-Nuno-Macedo-026-1024x1536.jpg 1024w, https:\/\/socialdesignmagazine.com\/mag\/wp-content\/uploads\/2023\/06\/Architettura-universitaria-a-Santa-Cruz.-Sobrieta-e-vitalita-si-fondono.-Joao-Nuno-Macedo-026-768x1152.jpg 768w, https:\/\/socialdesignmagazine.com\/mag\/wp-content\/uploads\/2023\/06\/Architettura-universitaria-a-Santa-Cruz.-Sobrieta-e-vitalita-si-fondono.-Joao-Nuno-Macedo-026-1366x2048.jpg 1366w, https:\/\/socialdesignmagazine.com\/mag\/wp-content\/uploads\/2023\/06\/Architettura-universitaria-a-Santa-Cruz.-Sobrieta-e-vitalita-si-fondono.-Joao-Nuno-Macedo-026-scaled.jpg 1707w\" sizes=\"auto, (max-width: 1024px) 100vw, 1024px\" \/><\/figure>\n\n\n\n<figure class=\"wp-block-image size-large\"><img loading=\"lazy\" decoding=\"async\" width=\"1024\" height=\"1021\" data-attachment-id=\"53489\" data-permalink=\"https:\/\/socialdesignmagazine.com\/mag\/architettura\/architettura-universitaria-a-santa-cruz-sobrieta-e-vitalita-si-fondono\/attachment\/architettura-universitaria-a-santa-cruz-sobrieta-e-vitalita-si-fondono-joao-nuno-macedo-027\/#content\" data-orig-file=\"https:\/\/socialdesignmagazine.com\/mag\/wp-content\/uploads\/2023\/06\/Architettura-universitaria-a-Santa-Cruz.-Sobrieta-e-vitalita-si-fondono.-Joao-Nuno-Macedo-027-scaled.jpg\" data-orig-size=\"2560,2552\" data-comments-opened=\"1\" data-image-meta=\"{&quot;aperture&quot;:&quot;0&quot;,&quot;credit&quot;:&quot;&quot;,&quot;camera&quot;:&quot;&quot;,&quot;caption&quot;:&quot;&quot;,&quot;created_timestamp&quot;:&quot;0&quot;,&quot;copyright&quot;:&quot;&quot;,&quot;focal_length&quot;:&quot;0&quot;,&quot;iso&quot;:&quot;0&quot;,&quot;shutter_speed&quot;:&quot;0&quot;,&quot;title&quot;:&quot;&quot;,&quot;orientation&quot;:&quot;0&quot;}\" data-image-title=\"Architettura universitaria a Santa Cruz. Sobrieta e vitalita si fondono. Joao Nuno Macedo\" data-image-description=\"\" data-image-caption=\"\" data-medium-file=\"https:\/\/socialdesignmagazine.com\/mag\/wp-content\/uploads\/2023\/06\/Architettura-universitaria-a-Santa-Cruz.-Sobrieta-e-vitalita-si-fondono.-Joao-Nuno-Macedo-027-438x283.jpg\" data-large-file=\"https:\/\/socialdesignmagazine.com\/mag\/wp-content\/uploads\/2023\/06\/Architettura-universitaria-a-Santa-Cruz.-Sobrieta-e-vitalita-si-fondono.-Joao-Nuno-Macedo-027-1024x1021.jpg\" data-id=\"53489\" src=\"https:\/\/socialdesignmagazine.com\/mag\/wp-content\/uploads\/2023\/06\/Architettura-universitaria-a-Santa-Cruz.-Sobrieta-e-vitalita-si-fondono.-Joao-Nuno-Macedo-027-1024x1021.jpg\" alt=\"Architettura universitaria a Santa Cruz. Sobrieta e vitalita si fondono. Joao Nuno Macedo\" class=\"wp-image-53489\" srcset=\"https:\/\/socialdesignmagazine.com\/mag\/wp-content\/uploads\/2023\/06\/Architettura-universitaria-a-Santa-Cruz.-Sobrieta-e-vitalita-si-fondono.-Joao-Nuno-Macedo-027-1024x1021.jpg 1024w, https:\/\/socialdesignmagazine.com\/mag\/wp-content\/uploads\/2023\/06\/Architettura-universitaria-a-Santa-Cruz.-Sobrieta-e-vitalita-si-fondono.-Joao-Nuno-Macedo-027-768x766.jpg 768w, https:\/\/socialdesignmagazine.com\/mag\/wp-content\/uploads\/2023\/06\/Architettura-universitaria-a-Santa-Cruz.-Sobrieta-e-vitalita-si-fondono.-Joao-Nuno-Macedo-027-1536x1531.jpg 1536w, https:\/\/socialdesignmagazine.com\/mag\/wp-content\/uploads\/2023\/06\/Architettura-universitaria-a-Santa-Cruz.-Sobrieta-e-vitalita-si-fondono.-Joao-Nuno-Macedo-027-2048x2041.jpg 2048w\" sizes=\"auto, (max-width: 1024px) 100vw, 1024px\" \/><\/figure>\n\n\n\n<figure class=\"wp-block-image size-large\"><img loading=\"lazy\" decoding=\"async\" width=\"1024\" height=\"1536\" data-attachment-id=\"53463\" data-permalink=\"https:\/\/socialdesignmagazine.com\/mag\/architettura\/architettura-universitaria-a-santa-cruz-sobrieta-e-vitalita-si-fondono\/attachment\/architettura-universitaria-a-santa-cruz-sobrieta-e-vitalita-si-fondono-joao-nuno-macedo-028\/#content\" data-orig-file=\"https:\/\/socialdesignmagazine.com\/mag\/wp-content\/uploads\/2023\/06\/Architettura-universitaria-a-Santa-Cruz.-Sobrieta-e-vitalita-si-fondono.-Joao-Nuno-Macedo-028-scaled.jpg\" data-orig-size=\"1707,2560\" data-comments-opened=\"1\" data-image-meta=\"{&quot;aperture&quot;:&quot;0&quot;,&quot;credit&quot;:&quot;&quot;,&quot;camera&quot;:&quot;&quot;,&quot;caption&quot;:&quot;&quot;,&quot;created_timestamp&quot;:&quot;0&quot;,&quot;copyright&quot;:&quot;&quot;,&quot;focal_length&quot;:&quot;0&quot;,&quot;iso&quot;:&quot;0&quot;,&quot;shutter_speed&quot;:&quot;0&quot;,&quot;title&quot;:&quot;&quot;,&quot;orientation&quot;:&quot;0&quot;}\" data-image-title=\"Architettura universitaria a Santa Cruz. Sobrieta e vitalita si fondono. Joao Nuno Macedo\" data-image-description=\"\" data-image-caption=\"\" data-medium-file=\"https:\/\/socialdesignmagazine.com\/mag\/wp-content\/uploads\/2023\/06\/Architettura-universitaria-a-Santa-Cruz.-Sobrieta-e-vitalita-si-fondono.-Joao-Nuno-Macedo-028-438x283.jpg\" data-large-file=\"https:\/\/socialdesignmagazine.com\/mag\/wp-content\/uploads\/2023\/06\/Architettura-universitaria-a-Santa-Cruz.-Sobrieta-e-vitalita-si-fondono.-Joao-Nuno-Macedo-028-1024x1536.jpg\" data-id=\"53463\" src=\"https:\/\/socialdesignmagazine.com\/mag\/wp-content\/uploads\/2023\/06\/Architettura-universitaria-a-Santa-Cruz.-Sobrieta-e-vitalita-si-fondono.-Joao-Nuno-Macedo-028-1024x1536.jpg\" alt=\"Architettura universitaria a Santa Cruz. Sobrieta e vitalita si fondono. Joao Nuno Macedo\" class=\"wp-image-53463\" srcset=\"https:\/\/socialdesignmagazine.com\/mag\/wp-content\/uploads\/2023\/06\/Architettura-universitaria-a-Santa-Cruz.-Sobrieta-e-vitalita-si-fondono.-Joao-Nuno-Macedo-028-1024x1536.jpg 1024w, https:\/\/socialdesignmagazine.com\/mag\/wp-content\/uploads\/2023\/06\/Architettura-universitaria-a-Santa-Cruz.-Sobrieta-e-vitalita-si-fondono.-Joao-Nuno-Macedo-028-768x1152.jpg 768w, https:\/\/socialdesignmagazine.com\/mag\/wp-content\/uploads\/2023\/06\/Architettura-universitaria-a-Santa-Cruz.-Sobrieta-e-vitalita-si-fondono.-Joao-Nuno-Macedo-028-1366x2048.jpg 1366w, https:\/\/socialdesignmagazine.com\/mag\/wp-content\/uploads\/2023\/06\/Architettura-universitaria-a-Santa-Cruz.-Sobrieta-e-vitalita-si-fondono.-Joao-Nuno-Macedo-028-scaled.jpg 1707w\" sizes=\"auto, (max-width: 1024px) 100vw, 1024px\" \/><\/figure>\n\n\n\n<figure class=\"wp-block-image size-large\"><img loading=\"lazy\" decoding=\"async\" width=\"1024\" height=\"839\" data-attachment-id=\"53480\" data-permalink=\"https:\/\/socialdesignmagazine.com\/mag\/architettura\/architettura-universitaria-a-santa-cruz-sobrieta-e-vitalita-si-fondono\/attachment\/architettura-universitaria-a-santa-cruz-sobrieta-e-vitalita-si-fondono-joao-nuno-macedo-029\/#content\" data-orig-file=\"https:\/\/socialdesignmagazine.com\/mag\/wp-content\/uploads\/2023\/06\/Architettura-universitaria-a-Santa-Cruz.-Sobrieta-e-vitalita-si-fondono.-Joao-Nuno-Macedo-029-scaled.jpg\" data-orig-size=\"2560,2096\" data-comments-opened=\"1\" data-image-meta=\"{&quot;aperture&quot;:&quot;0&quot;,&quot;credit&quot;:&quot;&quot;,&quot;camera&quot;:&quot;&quot;,&quot;caption&quot;:&quot;&quot;,&quot;created_timestamp&quot;:&quot;0&quot;,&quot;copyright&quot;:&quot;&quot;,&quot;focal_length&quot;:&quot;0&quot;,&quot;iso&quot;:&quot;0&quot;,&quot;shutter_speed&quot;:&quot;0&quot;,&quot;title&quot;:&quot;&quot;,&quot;orientation&quot;:&quot;0&quot;}\" data-image-title=\"Architettura universitaria a Santa Cruz. Sobrieta e vitalita si fondono. Joao Nuno Macedo\" data-image-description=\"\" data-image-caption=\"\" data-medium-file=\"https:\/\/socialdesignmagazine.com\/mag\/wp-content\/uploads\/2023\/06\/Architettura-universitaria-a-Santa-Cruz.-Sobrieta-e-vitalita-si-fondono.-Joao-Nuno-Macedo-029-438x283.jpg\" data-large-file=\"https:\/\/socialdesignmagazine.com\/mag\/wp-content\/uploads\/2023\/06\/Architettura-universitaria-a-Santa-Cruz.-Sobrieta-e-vitalita-si-fondono.-Joao-Nuno-Macedo-029-1024x839.jpg\" data-id=\"53480\" src=\"https:\/\/socialdesignmagazine.com\/mag\/wp-content\/uploads\/2023\/06\/Architettura-universitaria-a-Santa-Cruz.-Sobrieta-e-vitalita-si-fondono.-Joao-Nuno-Macedo-029-1024x839.jpg\" alt=\"Architettura universitaria a Santa Cruz. Sobrieta e vitalita si fondono. Joao Nuno Macedo\" class=\"wp-image-53480\" srcset=\"https:\/\/socialdesignmagazine.com\/mag\/wp-content\/uploads\/2023\/06\/Architettura-universitaria-a-Santa-Cruz.-Sobrieta-e-vitalita-si-fondono.-Joao-Nuno-Macedo-029-1024x839.jpg 1024w, https:\/\/socialdesignmagazine.com\/mag\/wp-content\/uploads\/2023\/06\/Architettura-universitaria-a-Santa-Cruz.-Sobrieta-e-vitalita-si-fondono.-Joao-Nuno-Macedo-029-768x629.jpg 768w, https:\/\/socialdesignmagazine.com\/mag\/wp-content\/uploads\/2023\/06\/Architettura-universitaria-a-Santa-Cruz.-Sobrieta-e-vitalita-si-fondono.-Joao-Nuno-Macedo-029-1536x1258.jpg 1536w, https:\/\/socialdesignmagazine.com\/mag\/wp-content\/uploads\/2023\/06\/Architettura-universitaria-a-Santa-Cruz.-Sobrieta-e-vitalita-si-fondono.-Joao-Nuno-Macedo-029-2048x1677.jpg 2048w\" sizes=\"auto, (max-width: 1024px) 100vw, 1024px\" \/><\/figure>\n\n\n\n<figure class=\"wp-block-image size-large\"><img loading=\"lazy\" decoding=\"async\" width=\"1024\" height=\"1536\" data-attachment-id=\"53460\" data-permalink=\"https:\/\/socialdesignmagazine.com\/mag\/architettura\/architettura-universitaria-a-santa-cruz-sobrieta-e-vitalita-si-fondono\/attachment\/architettura-universitaria-a-santa-cruz-sobrieta-e-vitalita-si-fondono-joao-nuno-macedo-030\/#content\" data-orig-file=\"https:\/\/socialdesignmagazine.com\/mag\/wp-content\/uploads\/2023\/06\/Architettura-universitaria-a-Santa-Cruz.-Sobrieta-e-vitalita-si-fondono.-Joao-Nuno-Macedo-030-scaled.jpg\" data-orig-size=\"1707,2560\" data-comments-opened=\"1\" data-image-meta=\"{&quot;aperture&quot;:&quot;0&quot;,&quot;credit&quot;:&quot;&quot;,&quot;camera&quot;:&quot;&quot;,&quot;caption&quot;:&quot;&quot;,&quot;created_timestamp&quot;:&quot;0&quot;,&quot;copyright&quot;:&quot;&quot;,&quot;focal_length&quot;:&quot;0&quot;,&quot;iso&quot;:&quot;0&quot;,&quot;shutter_speed&quot;:&quot;0&quot;,&quot;title&quot;:&quot;&quot;,&quot;orientation&quot;:&quot;0&quot;}\" data-image-title=\"Architettura universitaria a Santa Cruz. Sobrieta e vitalita si fondono. Joao Nuno Macedo\" data-image-description=\"\" data-image-caption=\"\" data-medium-file=\"https:\/\/socialdesignmagazine.com\/mag\/wp-content\/uploads\/2023\/06\/Architettura-universitaria-a-Santa-Cruz.-Sobrieta-e-vitalita-si-fondono.-Joao-Nuno-Macedo-030-438x283.jpg\" data-large-file=\"https:\/\/socialdesignmagazine.com\/mag\/wp-content\/uploads\/2023\/06\/Architettura-universitaria-a-Santa-Cruz.-Sobrieta-e-vitalita-si-fondono.-Joao-Nuno-Macedo-030-1024x1536.jpg\" data-id=\"53460\" src=\"https:\/\/socialdesignmagazine.com\/mag\/wp-content\/uploads\/2023\/06\/Architettura-universitaria-a-Santa-Cruz.-Sobrieta-e-vitalita-si-fondono.-Joao-Nuno-Macedo-030-1024x1536.jpg\" alt=\"Architettura universitaria a Santa Cruz. Sobrieta e vitalita si fondono. Joao Nuno Macedo\" class=\"wp-image-53460\" srcset=\"https:\/\/socialdesignmagazine.com\/mag\/wp-content\/uploads\/2023\/06\/Architettura-universitaria-a-Santa-Cruz.-Sobrieta-e-vitalita-si-fondono.-Joao-Nuno-Macedo-030-1024x1536.jpg 1024w, https:\/\/socialdesignmagazine.com\/mag\/wp-content\/uploads\/2023\/06\/Architettura-universitaria-a-Santa-Cruz.-Sobrieta-e-vitalita-si-fondono.-Joao-Nuno-Macedo-030-768x1152.jpg 768w, https:\/\/socialdesignmagazine.com\/mag\/wp-content\/uploads\/2023\/06\/Architettura-universitaria-a-Santa-Cruz.-Sobrieta-e-vitalita-si-fondono.-Joao-Nuno-Macedo-030-1366x2048.jpg 1366w, https:\/\/socialdesignmagazine.com\/mag\/wp-content\/uploads\/2023\/06\/Architettura-universitaria-a-Santa-Cruz.-Sobrieta-e-vitalita-si-fondono.-Joao-Nuno-Macedo-030-scaled.jpg 1707w\" sizes=\"auto, (max-width: 1024px) 100vw, 1024px\" \/><\/figure>\n\n\n\n<figure class=\"wp-block-image size-large\"><img loading=\"lazy\" decoding=\"async\" width=\"1024\" height=\"1507\" data-attachment-id=\"53471\" data-permalink=\"https:\/\/socialdesignmagazine.com\/mag\/architettura\/architettura-universitaria-a-santa-cruz-sobrieta-e-vitalita-si-fondono\/attachment\/architettura-universitaria-a-santa-cruz-sobrieta-e-vitalita-si-fondono-joao-nuno-macedo-031\/#content\" data-orig-file=\"https:\/\/socialdesignmagazine.com\/mag\/wp-content\/uploads\/2023\/06\/Architettura-universitaria-a-Santa-Cruz.-Sobrieta-e-vitalita-si-fondono.-Joao-Nuno-Macedo-031-scaled.jpg\" data-orig-size=\"1739,2560\" data-comments-opened=\"1\" data-image-meta=\"{&quot;aperture&quot;:&quot;0&quot;,&quot;credit&quot;:&quot;&quot;,&quot;camera&quot;:&quot;&quot;,&quot;caption&quot;:&quot;&quot;,&quot;created_timestamp&quot;:&quot;0&quot;,&quot;copyright&quot;:&quot;&quot;,&quot;focal_length&quot;:&quot;0&quot;,&quot;iso&quot;:&quot;0&quot;,&quot;shutter_speed&quot;:&quot;0&quot;,&quot;title&quot;:&quot;&quot;,&quot;orientation&quot;:&quot;0&quot;}\" data-image-title=\"Architettura universitaria a Santa Cruz. Sobrieta e vitalita si fondono. Joao Nuno Macedo\" data-image-description=\"\" data-image-caption=\"\" data-medium-file=\"https:\/\/socialdesignmagazine.com\/mag\/wp-content\/uploads\/2023\/06\/Architettura-universitaria-a-Santa-Cruz.-Sobrieta-e-vitalita-si-fondono.-Joao-Nuno-Macedo-031-438x283.jpg\" data-large-file=\"https:\/\/socialdesignmagazine.com\/mag\/wp-content\/uploads\/2023\/06\/Architettura-universitaria-a-Santa-Cruz.-Sobrieta-e-vitalita-si-fondono.-Joao-Nuno-Macedo-031-1024x1507.jpg\" data-id=\"53471\" src=\"https:\/\/socialdesignmagazine.com\/mag\/wp-content\/uploads\/2023\/06\/Architettura-universitaria-a-Santa-Cruz.-Sobrieta-e-vitalita-si-fondono.-Joao-Nuno-Macedo-031-1024x1507.jpg\" alt=\"Architettura universitaria a Santa Cruz. Sobrieta e vitalita si fondono. Joao Nuno Macedo\" class=\"wp-image-53471\" srcset=\"https:\/\/socialdesignmagazine.com\/mag\/wp-content\/uploads\/2023\/06\/Architettura-universitaria-a-Santa-Cruz.-Sobrieta-e-vitalita-si-fondono.-Joao-Nuno-Macedo-031-1024x1507.jpg 1024w, https:\/\/socialdesignmagazine.com\/mag\/wp-content\/uploads\/2023\/06\/Architettura-universitaria-a-Santa-Cruz.-Sobrieta-e-vitalita-si-fondono.-Joao-Nuno-Macedo-031-768x1131.jpg 768w, https:\/\/socialdesignmagazine.com\/mag\/wp-content\/uploads\/2023\/06\/Architettura-universitaria-a-Santa-Cruz.-Sobrieta-e-vitalita-si-fondono.-Joao-Nuno-Macedo-031-1043x1536.jpg 1043w, https:\/\/socialdesignmagazine.com\/mag\/wp-content\/uploads\/2023\/06\/Architettura-universitaria-a-Santa-Cruz.-Sobrieta-e-vitalita-si-fondono.-Joao-Nuno-Macedo-031-1391x2048.jpg 1391w, https:\/\/socialdesignmagazine.com\/mag\/wp-content\/uploads\/2023\/06\/Architettura-universitaria-a-Santa-Cruz.-Sobrieta-e-vitalita-si-fondono.-Joao-Nuno-Macedo-031-scaled.jpg 1739w\" sizes=\"auto, (max-width: 1024px) 100vw, 1024px\" \/><\/figure>\n\n\n\n<figure class=\"wp-block-image size-large\"><img loading=\"lazy\" decoding=\"async\" width=\"1024\" height=\"810\" data-attachment-id=\"53476\" data-permalink=\"https:\/\/socialdesignmagazine.com\/mag\/architettura\/architettura-universitaria-a-santa-cruz-sobrieta-e-vitalita-si-fondono\/attachment\/architettura-universitaria-a-santa-cruz-sobrieta-e-vitalita-si-fondono-joao-nuno-macedo-032\/#content\" data-orig-file=\"https:\/\/socialdesignmagazine.com\/mag\/wp-content\/uploads\/2023\/06\/Architettura-universitaria-a-Santa-Cruz.-Sobrieta-e-vitalita-si-fondono.-Joao-Nuno-Macedo-032-scaled.jpg\" data-orig-size=\"2560,2025\" data-comments-opened=\"1\" data-image-meta=\"{&quot;aperture&quot;:&quot;0&quot;,&quot;credit&quot;:&quot;&quot;,&quot;camera&quot;:&quot;&quot;,&quot;caption&quot;:&quot;&quot;,&quot;created_timestamp&quot;:&quot;0&quot;,&quot;copyright&quot;:&quot;&quot;,&quot;focal_length&quot;:&quot;0&quot;,&quot;iso&quot;:&quot;0&quot;,&quot;shutter_speed&quot;:&quot;0&quot;,&quot;title&quot;:&quot;&quot;,&quot;orientation&quot;:&quot;0&quot;}\" data-image-title=\"Architettura universitaria a Santa Cruz. Sobrieta e vitalita si fondono. Joao Nuno Macedo\" data-image-description=\"\" data-image-caption=\"\" data-medium-file=\"https:\/\/socialdesignmagazine.com\/mag\/wp-content\/uploads\/2023\/06\/Architettura-universitaria-a-Santa-Cruz.-Sobrieta-e-vitalita-si-fondono.-Joao-Nuno-Macedo-032-438x283.jpg\" data-large-file=\"https:\/\/socialdesignmagazine.com\/mag\/wp-content\/uploads\/2023\/06\/Architettura-universitaria-a-Santa-Cruz.-Sobrieta-e-vitalita-si-fondono.-Joao-Nuno-Macedo-032-1024x810.jpg\" data-id=\"53476\" src=\"https:\/\/socialdesignmagazine.com\/mag\/wp-content\/uploads\/2023\/06\/Architettura-universitaria-a-Santa-Cruz.-Sobrieta-e-vitalita-si-fondono.-Joao-Nuno-Macedo-032-1024x810.jpg\" alt=\"Architettura universitaria a Santa Cruz. Sobrieta e vitalita si fondono. Joao Nuno Macedo\" class=\"wp-image-53476\" srcset=\"https:\/\/socialdesignmagazine.com\/mag\/wp-content\/uploads\/2023\/06\/Architettura-universitaria-a-Santa-Cruz.-Sobrieta-e-vitalita-si-fondono.-Joao-Nuno-Macedo-032-1024x810.jpg 1024w, https:\/\/socialdesignmagazine.com\/mag\/wp-content\/uploads\/2023\/06\/Architettura-universitaria-a-Santa-Cruz.-Sobrieta-e-vitalita-si-fondono.-Joao-Nuno-Macedo-032-768x608.jpg 768w, https:\/\/socialdesignmagazine.com\/mag\/wp-content\/uploads\/2023\/06\/Architettura-universitaria-a-Santa-Cruz.-Sobrieta-e-vitalita-si-fondono.-Joao-Nuno-Macedo-032-1536x1215.jpg 1536w, https:\/\/socialdesignmagazine.com\/mag\/wp-content\/uploads\/2023\/06\/Architettura-universitaria-a-Santa-Cruz.-Sobrieta-e-vitalita-si-fondono.-Joao-Nuno-Macedo-032-2048x1620.jpg 2048w\" sizes=\"auto, (max-width: 1024px) 100vw, 1024px\" \/><\/figure>\n\n\n\n<figure class=\"wp-block-image size-large\"><img loading=\"lazy\" decoding=\"async\" width=\"1024\" height=\"1024\" data-attachment-id=\"53479\" data-permalink=\"https:\/\/socialdesignmagazine.com\/mag\/architettura\/architettura-universitaria-a-santa-cruz-sobrieta-e-vitalita-si-fondono\/attachment\/architettura-universitaria-a-santa-cruz-sobrieta-e-vitalita-si-fondono-joao-nuno-macedo-033\/#content\" data-orig-file=\"https:\/\/socialdesignmagazine.com\/mag\/wp-content\/uploads\/2023\/06\/Architettura-universitaria-a-Santa-Cruz.-Sobrieta-e-vitalita-si-fondono.-Joao-Nuno-Macedo-033-scaled.jpg\" data-orig-size=\"2560,2560\" data-comments-opened=\"1\" data-image-meta=\"{&quot;aperture&quot;:&quot;0&quot;,&quot;credit&quot;:&quot;&quot;,&quot;camera&quot;:&quot;&quot;,&quot;caption&quot;:&quot;&quot;,&quot;created_timestamp&quot;:&quot;0&quot;,&quot;copyright&quot;:&quot;&quot;,&quot;focal_length&quot;:&quot;0&quot;,&quot;iso&quot;:&quot;0&quot;,&quot;shutter_speed&quot;:&quot;0&quot;,&quot;title&quot;:&quot;&quot;,&quot;orientation&quot;:&quot;0&quot;}\" data-image-title=\"Architettura universitaria a Santa Cruz. Sobrieta e vitalita si fondono. Joao Nuno Macedo\" data-image-description=\"\" data-image-caption=\"\" data-medium-file=\"https:\/\/socialdesignmagazine.com\/mag\/wp-content\/uploads\/2023\/06\/Architettura-universitaria-a-Santa-Cruz.-Sobrieta-e-vitalita-si-fondono.-Joao-Nuno-Macedo-033-438x283.jpg\" data-large-file=\"https:\/\/socialdesignmagazine.com\/mag\/wp-content\/uploads\/2023\/06\/Architettura-universitaria-a-Santa-Cruz.-Sobrieta-e-vitalita-si-fondono.-Joao-Nuno-Macedo-033-1024x1024.jpg\" data-id=\"53479\" src=\"https:\/\/socialdesignmagazine.com\/mag\/wp-content\/uploads\/2023\/06\/Architettura-universitaria-a-Santa-Cruz.-Sobrieta-e-vitalita-si-fondono.-Joao-Nuno-Macedo-033-1024x1024.jpg\" alt=\"Architettura universitaria a Santa Cruz. Sobrieta e vitalita si fondono. Joao Nuno Macedo\" class=\"wp-image-53479\" srcset=\"https:\/\/socialdesignmagazine.com\/mag\/wp-content\/uploads\/2023\/06\/Architettura-universitaria-a-Santa-Cruz.-Sobrieta-e-vitalita-si-fondono.-Joao-Nuno-Macedo-033-1024x1024.jpg 1024w, https:\/\/socialdesignmagazine.com\/mag\/wp-content\/uploads\/2023\/06\/Architettura-universitaria-a-Santa-Cruz.-Sobrieta-e-vitalita-si-fondono.-Joao-Nuno-Macedo-033-768x768.jpg 768w, https:\/\/socialdesignmagazine.com\/mag\/wp-content\/uploads\/2023\/06\/Architettura-universitaria-a-Santa-Cruz.-Sobrieta-e-vitalita-si-fondono.-Joao-Nuno-Macedo-033-1536x1536.jpg 1536w, https:\/\/socialdesignmagazine.com\/mag\/wp-content\/uploads\/2023\/06\/Architettura-universitaria-a-Santa-Cruz.-Sobrieta-e-vitalita-si-fondono.-Joao-Nuno-Macedo-033-2048x2048.jpg 2048w\" sizes=\"auto, (max-width: 1024px) 100vw, 1024px\" \/><\/figure>\n\n\n\n<figure class=\"wp-block-image size-large\"><img loading=\"lazy\" decoding=\"async\" width=\"1024\" height=\"841\" data-attachment-id=\"53481\" data-permalink=\"https:\/\/socialdesignmagazine.com\/mag\/architettura\/architettura-universitaria-a-santa-cruz-sobrieta-e-vitalita-si-fondono\/attachment\/architettura-universitaria-a-santa-cruz-sobrieta-e-vitalita-si-fondono-joao-nuno-macedo-034\/#content\" data-orig-file=\"https:\/\/socialdesignmagazine.com\/mag\/wp-content\/uploads\/2023\/06\/Architettura-universitaria-a-Santa-Cruz.-Sobrieta-e-vitalita-si-fondono.-Joao-Nuno-Macedo-034-scaled.jpg\" data-orig-size=\"2560,2103\" data-comments-opened=\"1\" data-image-meta=\"{&quot;aperture&quot;:&quot;0&quot;,&quot;credit&quot;:&quot;&quot;,&quot;camera&quot;:&quot;&quot;,&quot;caption&quot;:&quot;&quot;,&quot;created_timestamp&quot;:&quot;0&quot;,&quot;copyright&quot;:&quot;&quot;,&quot;focal_length&quot;:&quot;0&quot;,&quot;iso&quot;:&quot;0&quot;,&quot;shutter_speed&quot;:&quot;0&quot;,&quot;title&quot;:&quot;&quot;,&quot;orientation&quot;:&quot;0&quot;}\" data-image-title=\"Architettura universitaria a Santa Cruz. Sobrieta e vitalita si fondono. Joao Nuno Macedo\" data-image-description=\"\" data-image-caption=\"\" data-medium-file=\"https:\/\/socialdesignmagazine.com\/mag\/wp-content\/uploads\/2023\/06\/Architettura-universitaria-a-Santa-Cruz.-Sobrieta-e-vitalita-si-fondono.-Joao-Nuno-Macedo-034-438x283.jpg\" data-large-file=\"https:\/\/socialdesignmagazine.com\/mag\/wp-content\/uploads\/2023\/06\/Architettura-universitaria-a-Santa-Cruz.-Sobrieta-e-vitalita-si-fondono.-Joao-Nuno-Macedo-034-1024x841.jpg\" data-id=\"53481\" src=\"https:\/\/socialdesignmagazine.com\/mag\/wp-content\/uploads\/2023\/06\/Architettura-universitaria-a-Santa-Cruz.-Sobrieta-e-vitalita-si-fondono.-Joao-Nuno-Macedo-034-1024x841.jpg\" alt=\"Architettura universitaria a Santa Cruz. Sobrieta e vitalita si fondono. Joao Nuno Macedo\" class=\"wp-image-53481\" srcset=\"https:\/\/socialdesignmagazine.com\/mag\/wp-content\/uploads\/2023\/06\/Architettura-universitaria-a-Santa-Cruz.-Sobrieta-e-vitalita-si-fondono.-Joao-Nuno-Macedo-034-1024x841.jpg 1024w, https:\/\/socialdesignmagazine.com\/mag\/wp-content\/uploads\/2023\/06\/Architettura-universitaria-a-Santa-Cruz.-Sobrieta-e-vitalita-si-fondono.-Joao-Nuno-Macedo-034-768x631.jpg 768w, https:\/\/socialdesignmagazine.com\/mag\/wp-content\/uploads\/2023\/06\/Architettura-universitaria-a-Santa-Cruz.-Sobrieta-e-vitalita-si-fondono.-Joao-Nuno-Macedo-034-1536x1262.jpg 1536w, https:\/\/socialdesignmagazine.com\/mag\/wp-content\/uploads\/2023\/06\/Architettura-universitaria-a-Santa-Cruz.-Sobrieta-e-vitalita-si-fondono.-Joao-Nuno-Macedo-034-2048x1682.jpg 2048w\" sizes=\"auto, (max-width: 1024px) 100vw, 1024px\" \/><\/figure>\n\n\n\n<figure class=\"wp-block-image size-large\"><img loading=\"lazy\" decoding=\"async\" width=\"1024\" height=\"1536\" data-attachment-id=\"53464\" data-permalink=\"https:\/\/socialdesignmagazine.com\/mag\/architettura\/architettura-universitaria-a-santa-cruz-sobrieta-e-vitalita-si-fondono\/attachment\/architettura-universitaria-a-santa-cruz-sobrieta-e-vitalita-si-fondono-joao-nuno-macedo-035\/#content\" data-orig-file=\"https:\/\/socialdesignmagazine.com\/mag\/wp-content\/uploads\/2023\/06\/Architettura-universitaria-a-Santa-Cruz.-Sobrieta-e-vitalita-si-fondono.-Joao-Nuno-Macedo-035-scaled.jpg\" data-orig-size=\"1707,2560\" data-comments-opened=\"1\" data-image-meta=\"{&quot;aperture&quot;:&quot;0&quot;,&quot;credit&quot;:&quot;&quot;,&quot;camera&quot;:&quot;&quot;,&quot;caption&quot;:&quot;&quot;,&quot;created_timestamp&quot;:&quot;0&quot;,&quot;copyright&quot;:&quot;&quot;,&quot;focal_length&quot;:&quot;0&quot;,&quot;iso&quot;:&quot;0&quot;,&quot;shutter_speed&quot;:&quot;0&quot;,&quot;title&quot;:&quot;&quot;,&quot;orientation&quot;:&quot;0&quot;}\" data-image-title=\"Architettura universitaria a Santa Cruz. Sobrieta e vitalita si fondono. Joao Nuno Macedo\" data-image-description=\"\" data-image-caption=\"\" data-medium-file=\"https:\/\/socialdesignmagazine.com\/mag\/wp-content\/uploads\/2023\/06\/Architettura-universitaria-a-Santa-Cruz.-Sobrieta-e-vitalita-si-fondono.-Joao-Nuno-Macedo-035-438x283.jpg\" data-large-file=\"https:\/\/socialdesignmagazine.com\/mag\/wp-content\/uploads\/2023\/06\/Architettura-universitaria-a-Santa-Cruz.-Sobrieta-e-vitalita-si-fondono.-Joao-Nuno-Macedo-035-1024x1536.jpg\" data-id=\"53464\" src=\"https:\/\/socialdesignmagazine.com\/mag\/wp-content\/uploads\/2023\/06\/Architettura-universitaria-a-Santa-Cruz.-Sobrieta-e-vitalita-si-fondono.-Joao-Nuno-Macedo-035-1024x1536.jpg\" alt=\"Architettura universitaria a Santa Cruz. Sobrieta e vitalita si fondono. Joao Nuno Macedo\" class=\"wp-image-53464\" srcset=\"https:\/\/socialdesignmagazine.com\/mag\/wp-content\/uploads\/2023\/06\/Architettura-universitaria-a-Santa-Cruz.-Sobrieta-e-vitalita-si-fondono.-Joao-Nuno-Macedo-035-1024x1536.jpg 1024w, https:\/\/socialdesignmagazine.com\/mag\/wp-content\/uploads\/2023\/06\/Architettura-universitaria-a-Santa-Cruz.-Sobrieta-e-vitalita-si-fondono.-Joao-Nuno-Macedo-035-768x1152.jpg 768w, https:\/\/socialdesignmagazine.com\/mag\/wp-content\/uploads\/2023\/06\/Architettura-universitaria-a-Santa-Cruz.-Sobrieta-e-vitalita-si-fondono.-Joao-Nuno-Macedo-035-1366x2048.jpg 1366w, https:\/\/socialdesignmagazine.com\/mag\/wp-content\/uploads\/2023\/06\/Architettura-universitaria-a-Santa-Cruz.-Sobrieta-e-vitalita-si-fondono.-Joao-Nuno-Macedo-035-scaled.jpg 1707w\" sizes=\"auto, (max-width: 1024px) 100vw, 1024px\" \/><\/figure>\n\n\n\n<figure class=\"wp-block-image size-large\"><img loading=\"lazy\" decoding=\"async\" width=\"1024\" height=\"1536\" data-attachment-id=\"53485\" data-permalink=\"https:\/\/socialdesignmagazine.com\/mag\/architettura\/architettura-universitaria-a-santa-cruz-sobrieta-e-vitalita-si-fondono\/attachment\/architettura-universitaria-a-santa-cruz-sobrieta-e-vitalita-si-fondono-joao-nuno-macedo-036\/#content\" data-orig-file=\"https:\/\/socialdesignmagazine.com\/mag\/wp-content\/uploads\/2023\/06\/Architettura-universitaria-a-Santa-Cruz.-Sobrieta-e-vitalita-si-fondono.-Joao-Nuno-Macedo-036-scaled.jpg\" data-orig-size=\"1707,2560\" data-comments-opened=\"1\" data-image-meta=\"{&quot;aperture&quot;:&quot;0&quot;,&quot;credit&quot;:&quot;&quot;,&quot;camera&quot;:&quot;&quot;,&quot;caption&quot;:&quot;&quot;,&quot;created_timestamp&quot;:&quot;0&quot;,&quot;copyright&quot;:&quot;&quot;,&quot;focal_length&quot;:&quot;0&quot;,&quot;iso&quot;:&quot;0&quot;,&quot;shutter_speed&quot;:&quot;0&quot;,&quot;title&quot;:&quot;&quot;,&quot;orientation&quot;:&quot;0&quot;}\" data-image-title=\"Architettura universitaria a Santa Cruz. Sobrieta e vitalita si fondono. Joao Nuno Macedo\" data-image-description=\"\" data-image-caption=\"\" data-medium-file=\"https:\/\/socialdesignmagazine.com\/mag\/wp-content\/uploads\/2023\/06\/Architettura-universitaria-a-Santa-Cruz.-Sobrieta-e-vitalita-si-fondono.-Joao-Nuno-Macedo-036-438x283.jpg\" data-large-file=\"https:\/\/socialdesignmagazine.com\/mag\/wp-content\/uploads\/2023\/06\/Architettura-universitaria-a-Santa-Cruz.-Sobrieta-e-vitalita-si-fondono.-Joao-Nuno-Macedo-036-1024x1536.jpg\" data-id=\"53485\" src=\"https:\/\/socialdesignmagazine.com\/mag\/wp-content\/uploads\/2023\/06\/Architettura-universitaria-a-Santa-Cruz.-Sobrieta-e-vitalita-si-fondono.-Joao-Nuno-Macedo-036-1024x1536.jpg\" alt=\"Architettura universitaria a Santa Cruz. Sobrieta e vitalita si fondono. Joao Nuno Macedo\" class=\"wp-image-53485\" srcset=\"https:\/\/socialdesignmagazine.com\/mag\/wp-content\/uploads\/2023\/06\/Architettura-universitaria-a-Santa-Cruz.-Sobrieta-e-vitalita-si-fondono.-Joao-Nuno-Macedo-036-1024x1536.jpg 1024w, https:\/\/socialdesignmagazine.com\/mag\/wp-content\/uploads\/2023\/06\/Architettura-universitaria-a-Santa-Cruz.-Sobrieta-e-vitalita-si-fondono.-Joao-Nuno-Macedo-036-768x1152.jpg 768w, https:\/\/socialdesignmagazine.com\/mag\/wp-content\/uploads\/2023\/06\/Architettura-universitaria-a-Santa-Cruz.-Sobrieta-e-vitalita-si-fondono.-Joao-Nuno-Macedo-036-1366x2048.jpg 1366w, https:\/\/socialdesignmagazine.com\/mag\/wp-content\/uploads\/2023\/06\/Architettura-universitaria-a-Santa-Cruz.-Sobrieta-e-vitalita-si-fondono.-Joao-Nuno-Macedo-036-scaled.jpg 1707w\" sizes=\"auto, (max-width: 1024px) 100vw, 1024px\" \/><\/figure>\n\n\n\n<figure class=\"wp-block-image size-large\"><img loading=\"lazy\" decoding=\"async\" width=\"1024\" height=\"683\" data-attachment-id=\"53490\" data-permalink=\"https:\/\/socialdesignmagazine.com\/mag\/architettura\/architettura-universitaria-a-santa-cruz-sobrieta-e-vitalita-si-fondono\/attachment\/architettura-universitaria-a-santa-cruz-sobrieta-e-vitalita-si-fondono-joao-nuno-macedo-037\/#content\" data-orig-file=\"https:\/\/socialdesignmagazine.com\/mag\/wp-content\/uploads\/2023\/06\/Architettura-universitaria-a-Santa-Cruz.-Sobrieta-e-vitalita-si-fondono.-Joao-Nuno-Macedo-037-scaled.jpg\" data-orig-size=\"2560,1707\" data-comments-opened=\"1\" data-image-meta=\"{&quot;aperture&quot;:&quot;0&quot;,&quot;credit&quot;:&quot;&quot;,&quot;camera&quot;:&quot;&quot;,&quot;caption&quot;:&quot;&quot;,&quot;created_timestamp&quot;:&quot;0&quot;,&quot;copyright&quot;:&quot;&quot;,&quot;focal_length&quot;:&quot;0&quot;,&quot;iso&quot;:&quot;0&quot;,&quot;shutter_speed&quot;:&quot;0&quot;,&quot;title&quot;:&quot;&quot;,&quot;orientation&quot;:&quot;0&quot;}\" data-image-title=\"Architettura universitaria a Santa Cruz. Sobrieta e vitalita si fondono. Joao Nuno Macedo\" data-image-description=\"\" data-image-caption=\"\" data-medium-file=\"https:\/\/socialdesignmagazine.com\/mag\/wp-content\/uploads\/2023\/06\/Architettura-universitaria-a-Santa-Cruz.-Sobrieta-e-vitalita-si-fondono.-Joao-Nuno-Macedo-037-438x283.jpg\" data-large-file=\"https:\/\/socialdesignmagazine.com\/mag\/wp-content\/uploads\/2023\/06\/Architettura-universitaria-a-Santa-Cruz.-Sobrieta-e-vitalita-si-fondono.-Joao-Nuno-Macedo-037-1024x683.jpg\" data-id=\"53490\" src=\"https:\/\/socialdesignmagazine.com\/mag\/wp-content\/uploads\/2023\/06\/Architettura-universitaria-a-Santa-Cruz.-Sobrieta-e-vitalita-si-fondono.-Joao-Nuno-Macedo-037-1024x683.jpg\" alt=\"Architettura universitaria a Santa Cruz. Sobrieta e vitalita si fondono. Joao Nuno Macedo\" class=\"wp-image-53490\" srcset=\"https:\/\/socialdesignmagazine.com\/mag\/wp-content\/uploads\/2023\/06\/Architettura-universitaria-a-Santa-Cruz.-Sobrieta-e-vitalita-si-fondono.-Joao-Nuno-Macedo-037-1024x683.jpg 1024w, https:\/\/socialdesignmagazine.com\/mag\/wp-content\/uploads\/2023\/06\/Architettura-universitaria-a-Santa-Cruz.-Sobrieta-e-vitalita-si-fondono.-Joao-Nuno-Macedo-037-100x66.jpg 100w, https:\/\/socialdesignmagazine.com\/mag\/wp-content\/uploads\/2023\/06\/Architettura-universitaria-a-Santa-Cruz.-Sobrieta-e-vitalita-si-fondono.-Joao-Nuno-Macedo-037-768x512.jpg 768w, https:\/\/socialdesignmagazine.com\/mag\/wp-content\/uploads\/2023\/06\/Architettura-universitaria-a-Santa-Cruz.-Sobrieta-e-vitalita-si-fondono.-Joao-Nuno-Macedo-037-1536x1024.jpg 1536w, https:\/\/socialdesignmagazine.com\/mag\/wp-content\/uploads\/2023\/06\/Architettura-universitaria-a-Santa-Cruz.-Sobrieta-e-vitalita-si-fondono.-Joao-Nuno-Macedo-037-2048x1366.jpg 2048w\" sizes=\"auto, (max-width: 1024px) 100vw, 1024px\" \/><\/figure>\n\n\n\n<figure class=\"wp-block-image size-large\"><img loading=\"lazy\" decoding=\"async\" width=\"1024\" height=\"1536\" data-attachment-id=\"53487\" data-permalink=\"https:\/\/socialdesignmagazine.com\/mag\/architettura\/architettura-universitaria-a-santa-cruz-sobrieta-e-vitalita-si-fondono\/attachment\/architettura-universitaria-a-santa-cruz-sobrieta-e-vitalita-si-fondono-joao-nuno-macedo-038\/#content\" data-orig-file=\"https:\/\/socialdesignmagazine.com\/mag\/wp-content\/uploads\/2023\/06\/Architettura-universitaria-a-Santa-Cruz.-Sobrieta-e-vitalita-si-fondono.-Joao-Nuno-Macedo-038-scaled.jpg\" data-orig-size=\"1707,2560\" data-comments-opened=\"1\" data-image-meta=\"{&quot;aperture&quot;:&quot;0&quot;,&quot;credit&quot;:&quot;&quot;,&quot;camera&quot;:&quot;&quot;,&quot;caption&quot;:&quot;&quot;,&quot;created_timestamp&quot;:&quot;0&quot;,&quot;copyright&quot;:&quot;&quot;,&quot;focal_length&quot;:&quot;0&quot;,&quot;iso&quot;:&quot;0&quot;,&quot;shutter_speed&quot;:&quot;0&quot;,&quot;title&quot;:&quot;&quot;,&quot;orientation&quot;:&quot;0&quot;}\" data-image-title=\"Architettura universitaria a Santa Cruz. Sobrieta e vitalita si fondono. Joao Nuno Macedo\" data-image-description=\"\" data-image-caption=\"\" data-medium-file=\"https:\/\/socialdesignmagazine.com\/mag\/wp-content\/uploads\/2023\/06\/Architettura-universitaria-a-Santa-Cruz.-Sobrieta-e-vitalita-si-fondono.-Joao-Nuno-Macedo-038-438x283.jpg\" data-large-file=\"https:\/\/socialdesignmagazine.com\/mag\/wp-content\/uploads\/2023\/06\/Architettura-universitaria-a-Santa-Cruz.-Sobrieta-e-vitalita-si-fondono.-Joao-Nuno-Macedo-038-1024x1536.jpg\" data-id=\"53487\" src=\"https:\/\/socialdesignmagazine.com\/mag\/wp-content\/uploads\/2023\/06\/Architettura-universitaria-a-Santa-Cruz.-Sobrieta-e-vitalita-si-fondono.-Joao-Nuno-Macedo-038-1024x1536.jpg\" alt=\"Architettura universitaria a Santa Cruz. Sobrieta e vitalita si fondono. Joao Nuno Macedo\" class=\"wp-image-53487\" srcset=\"https:\/\/socialdesignmagazine.com\/mag\/wp-content\/uploads\/2023\/06\/Architettura-universitaria-a-Santa-Cruz.-Sobrieta-e-vitalita-si-fondono.-Joao-Nuno-Macedo-038-1024x1536.jpg 1024w, https:\/\/socialdesignmagazine.com\/mag\/wp-content\/uploads\/2023\/06\/Architettura-universitaria-a-Santa-Cruz.-Sobrieta-e-vitalita-si-fondono.-Joao-Nuno-Macedo-038-768x1152.jpg 768w, https:\/\/socialdesignmagazine.com\/mag\/wp-content\/uploads\/2023\/06\/Architettura-universitaria-a-Santa-Cruz.-Sobrieta-e-vitalita-si-fondono.-Joao-Nuno-Macedo-038-1366x2048.jpg 1366w, https:\/\/socialdesignmagazine.com\/mag\/wp-content\/uploads\/2023\/06\/Architettura-universitaria-a-Santa-Cruz.-Sobrieta-e-vitalita-si-fondono.-Joao-Nuno-Macedo-038-scaled.jpg 1707w\" sizes=\"auto, (max-width: 1024px) 100vw, 1024px\" \/><\/figure>\n\n\n\n<figure class=\"wp-block-image size-large\"><img loading=\"lazy\" decoding=\"async\" width=\"1024\" height=\"1536\" data-attachment-id=\"53491\" data-permalink=\"https:\/\/socialdesignmagazine.com\/mag\/architettura\/architettura-universitaria-a-santa-cruz-sobrieta-e-vitalita-si-fondono\/attachment\/architettura-universitaria-a-santa-cruz-sobrieta-e-vitalita-si-fondono-joao-nuno-macedo-039\/#content\" data-orig-file=\"https:\/\/socialdesignmagazine.com\/mag\/wp-content\/uploads\/2023\/06\/Architettura-universitaria-a-Santa-Cruz.-Sobrieta-e-vitalita-si-fondono.-Joao-Nuno-Macedo-039-scaled.jpg\" data-orig-size=\"1707,2560\" data-comments-opened=\"1\" data-image-meta=\"{&quot;aperture&quot;:&quot;0&quot;,&quot;credit&quot;:&quot;&quot;,&quot;camera&quot;:&quot;&quot;,&quot;caption&quot;:&quot;&quot;,&quot;created_timestamp&quot;:&quot;0&quot;,&quot;copyright&quot;:&quot;&quot;,&quot;focal_length&quot;:&quot;0&quot;,&quot;iso&quot;:&quot;0&quot;,&quot;shutter_speed&quot;:&quot;0&quot;,&quot;title&quot;:&quot;&quot;,&quot;orientation&quot;:&quot;0&quot;}\" data-image-title=\"Architettura universitaria a Santa Cruz. Sobrieta e vitalita si fondono. Joao Nuno Macedo\" data-image-description=\"\" data-image-caption=\"\" data-medium-file=\"https:\/\/socialdesignmagazine.com\/mag\/wp-content\/uploads\/2023\/06\/Architettura-universitaria-a-Santa-Cruz.-Sobrieta-e-vitalita-si-fondono.-Joao-Nuno-Macedo-039-438x283.jpg\" data-large-file=\"https:\/\/socialdesignmagazine.com\/mag\/wp-content\/uploads\/2023\/06\/Architettura-universitaria-a-Santa-Cruz.-Sobrieta-e-vitalita-si-fondono.-Joao-Nuno-Macedo-039-1024x1536.jpg\" data-id=\"53491\" src=\"https:\/\/socialdesignmagazine.com\/mag\/wp-content\/uploads\/2023\/06\/Architettura-universitaria-a-Santa-Cruz.-Sobrieta-e-vitalita-si-fondono.-Joao-Nuno-Macedo-039-1024x1536.jpg\" alt=\"Architettura universitaria a Santa Cruz. Sobrieta e vitalita si fondono. Joao Nuno Macedo\" class=\"wp-image-53491\" srcset=\"https:\/\/socialdesignmagazine.com\/mag\/wp-content\/uploads\/2023\/06\/Architettura-universitaria-a-Santa-Cruz.-Sobrieta-e-vitalita-si-fondono.-Joao-Nuno-Macedo-039-1024x1536.jpg 1024w, https:\/\/socialdesignmagazine.com\/mag\/wp-content\/uploads\/2023\/06\/Architettura-universitaria-a-Santa-Cruz.-Sobrieta-e-vitalita-si-fondono.-Joao-Nuno-Macedo-039-768x1152.jpg 768w, https:\/\/socialdesignmagazine.com\/mag\/wp-content\/uploads\/2023\/06\/Architettura-universitaria-a-Santa-Cruz.-Sobrieta-e-vitalita-si-fondono.-Joao-Nuno-Macedo-039-1366x2048.jpg 1366w, https:\/\/socialdesignmagazine.com\/mag\/wp-content\/uploads\/2023\/06\/Architettura-universitaria-a-Santa-Cruz.-Sobrieta-e-vitalita-si-fondono.-Joao-Nuno-Macedo-039-scaled.jpg 1707w\" sizes=\"auto, (max-width: 1024px) 100vw, 1024px\" \/><\/figure>\n\n\n\n<figure class=\"wp-block-image size-large\"><img loading=\"lazy\" decoding=\"async\" width=\"1024\" height=\"1536\" data-attachment-id=\"53486\" data-permalink=\"https:\/\/socialdesignmagazine.com\/mag\/architettura\/architettura-universitaria-a-santa-cruz-sobrieta-e-vitalita-si-fondono\/attachment\/architettura-universitaria-a-santa-cruz-sobrieta-e-vitalita-si-fondono-joao-nuno-macedo-040\/#content\" data-orig-file=\"https:\/\/socialdesignmagazine.com\/mag\/wp-content\/uploads\/2023\/06\/Architettura-universitaria-a-Santa-Cruz.-Sobrieta-e-vitalita-si-fondono.-Joao-Nuno-Macedo-040-scaled.jpg\" data-orig-size=\"1707,2560\" data-comments-opened=\"1\" data-image-meta=\"{&quot;aperture&quot;:&quot;0&quot;,&quot;credit&quot;:&quot;&quot;,&quot;camera&quot;:&quot;&quot;,&quot;caption&quot;:&quot;&quot;,&quot;created_timestamp&quot;:&quot;0&quot;,&quot;copyright&quot;:&quot;&quot;,&quot;focal_length&quot;:&quot;0&quot;,&quot;iso&quot;:&quot;0&quot;,&quot;shutter_speed&quot;:&quot;0&quot;,&quot;title&quot;:&quot;&quot;,&quot;orientation&quot;:&quot;0&quot;}\" data-image-title=\"Architettura universitaria a Santa Cruz. Sobrieta e vitalita si fondono. Joao Nuno Macedo\" data-image-description=\"\" data-image-caption=\"\" data-medium-file=\"https:\/\/socialdesignmagazine.com\/mag\/wp-content\/uploads\/2023\/06\/Architettura-universitaria-a-Santa-Cruz.-Sobrieta-e-vitalita-si-fondono.-Joao-Nuno-Macedo-040-438x283.jpg\" data-large-file=\"https:\/\/socialdesignmagazine.com\/mag\/wp-content\/uploads\/2023\/06\/Architettura-universitaria-a-Santa-Cruz.-Sobrieta-e-vitalita-si-fondono.-Joao-Nuno-Macedo-040-1024x1536.jpg\" data-id=\"53486\" src=\"https:\/\/socialdesignmagazine.com\/mag\/wp-content\/uploads\/2023\/06\/Architettura-universitaria-a-Santa-Cruz.-Sobrieta-e-vitalita-si-fondono.-Joao-Nuno-Macedo-040-1024x1536.jpg\" alt=\"Architettura universitaria a Santa Cruz. Sobrieta e vitalita si fondono. Joao Nuno Macedo\" class=\"wp-image-53486\" srcset=\"https:\/\/socialdesignmagazine.com\/mag\/wp-content\/uploads\/2023\/06\/Architettura-universitaria-a-Santa-Cruz.-Sobrieta-e-vitalita-si-fondono.-Joao-Nuno-Macedo-040-1024x1536.jpg 1024w, https:\/\/socialdesignmagazine.com\/mag\/wp-content\/uploads\/2023\/06\/Architettura-universitaria-a-Santa-Cruz.-Sobrieta-e-vitalita-si-fondono.-Joao-Nuno-Macedo-040-768x1152.jpg 768w, https:\/\/socialdesignmagazine.com\/mag\/wp-content\/uploads\/2023\/06\/Architettura-universitaria-a-Santa-Cruz.-Sobrieta-e-vitalita-si-fondono.-Joao-Nuno-Macedo-040-1366x2048.jpg 1366w, https:\/\/socialdesignmagazine.com\/mag\/wp-content\/uploads\/2023\/06\/Architettura-universitaria-a-Santa-Cruz.-Sobrieta-e-vitalita-si-fondono.-Joao-Nuno-Macedo-040-scaled.jpg 1707w\" sizes=\"auto, (max-width: 1024px) 100vw, 1024px\" \/><\/figure>\n\n\n\n<figure class=\"wp-block-image size-large\"><img loading=\"lazy\" decoding=\"async\" width=\"1024\" height=\"1536\" data-attachment-id=\"53488\" data-permalink=\"https:\/\/socialdesignmagazine.com\/mag\/architettura\/architettura-universitaria-a-santa-cruz-sobrieta-e-vitalita-si-fondono\/attachment\/architettura-universitaria-a-santa-cruz-sobrieta-e-vitalita-si-fondono-joao-nuno-macedo-041\/#content\" data-orig-file=\"https:\/\/socialdesignmagazine.com\/mag\/wp-content\/uploads\/2023\/06\/Architettura-universitaria-a-Santa-Cruz.-Sobrieta-e-vitalita-si-fondono.-Joao-Nuno-Macedo-041-scaled.jpg\" data-orig-size=\"1707,2560\" data-comments-opened=\"1\" data-image-meta=\"{&quot;aperture&quot;:&quot;0&quot;,&quot;credit&quot;:&quot;&quot;,&quot;camera&quot;:&quot;&quot;,&quot;caption&quot;:&quot;&quot;,&quot;created_timestamp&quot;:&quot;0&quot;,&quot;copyright&quot;:&quot;&quot;,&quot;focal_length&quot;:&quot;0&quot;,&quot;iso&quot;:&quot;0&quot;,&quot;shutter_speed&quot;:&quot;0&quot;,&quot;title&quot;:&quot;&quot;,&quot;orientation&quot;:&quot;0&quot;}\" data-image-title=\"Architettura universitaria a Santa Cruz. Sobrieta e vitalita si fondono. Joao Nuno Macedo\" data-image-description=\"\" data-image-caption=\"\" data-medium-file=\"https:\/\/socialdesignmagazine.com\/mag\/wp-content\/uploads\/2023\/06\/Architettura-universitaria-a-Santa-Cruz.-Sobrieta-e-vitalita-si-fondono.-Joao-Nuno-Macedo-041-438x283.jpg\" data-large-file=\"https:\/\/socialdesignmagazine.com\/mag\/wp-content\/uploads\/2023\/06\/Architettura-universitaria-a-Santa-Cruz.-Sobrieta-e-vitalita-si-fondono.-Joao-Nuno-Macedo-041-1024x1536.jpg\" data-id=\"53488\" src=\"https:\/\/socialdesignmagazine.com\/mag\/wp-content\/uploads\/2023\/06\/Architettura-universitaria-a-Santa-Cruz.-Sobrieta-e-vitalita-si-fondono.-Joao-Nuno-Macedo-041-1024x1536.jpg\" alt=\"Architettura universitaria a Santa Cruz. Sobrieta e vitalita si fondono. Joao Nuno Macedo\" class=\"wp-image-53488\" srcset=\"https:\/\/socialdesignmagazine.com\/mag\/wp-content\/uploads\/2023\/06\/Architettura-universitaria-a-Santa-Cruz.-Sobrieta-e-vitalita-si-fondono.-Joao-Nuno-Macedo-041-1024x1536.jpg 1024w, https:\/\/socialdesignmagazine.com\/mag\/wp-content\/uploads\/2023\/06\/Architettura-universitaria-a-Santa-Cruz.-Sobrieta-e-vitalita-si-fondono.-Joao-Nuno-Macedo-041-768x1152.jpg 768w, https:\/\/socialdesignmagazine.com\/mag\/wp-content\/uploads\/2023\/06\/Architettura-universitaria-a-Santa-Cruz.-Sobrieta-e-vitalita-si-fondono.-Joao-Nuno-Macedo-041-1366x2048.jpg 1366w, https:\/\/socialdesignmagazine.com\/mag\/wp-content\/uploads\/2023\/06\/Architettura-universitaria-a-Santa-Cruz.-Sobrieta-e-vitalita-si-fondono.-Joao-Nuno-Macedo-041-scaled.jpg 1707w\" sizes=\"auto, (max-width: 1024px) 100vw, 1024px\" \/><\/figure>\n\n\n\n<figure class=\"wp-block-image size-large\"><img loading=\"lazy\" decoding=\"async\" width=\"1024\" height=\"683\" data-attachment-id=\"53454\" data-permalink=\"https:\/\/socialdesignmagazine.com\/mag\/architettura\/architettura-universitaria-a-santa-cruz-sobrieta-e-vitalita-si-fondono\/attachment\/architettura-universitaria-a-santa-cruz-sobrieta-e-vitalita-si-fondono-joao-nuno-macedo-042\/#content\" data-orig-file=\"https:\/\/socialdesignmagazine.com\/mag\/wp-content\/uploads\/2023\/06\/Architettura-universitaria-a-Santa-Cruz.-Sobrieta-e-vitalita-si-fondono.-Joao-Nuno-Macedo-042-scaled.jpg\" data-orig-size=\"2560,1707\" data-comments-opened=\"1\" data-image-meta=\"{&quot;aperture&quot;:&quot;0&quot;,&quot;credit&quot;:&quot;&quot;,&quot;camera&quot;:&quot;&quot;,&quot;caption&quot;:&quot;&quot;,&quot;created_timestamp&quot;:&quot;0&quot;,&quot;copyright&quot;:&quot;&quot;,&quot;focal_length&quot;:&quot;0&quot;,&quot;iso&quot;:&quot;0&quot;,&quot;shutter_speed&quot;:&quot;0&quot;,&quot;title&quot;:&quot;&quot;,&quot;orientation&quot;:&quot;0&quot;}\" data-image-title=\"Architettura universitaria a Santa Cruz. Sobrieta e vitalita si fondono. Joao Nuno Macedo\" data-image-description=\"\" data-image-caption=\"\" data-medium-file=\"https:\/\/socialdesignmagazine.com\/mag\/wp-content\/uploads\/2023\/06\/Architettura-universitaria-a-Santa-Cruz.-Sobrieta-e-vitalita-si-fondono.-Joao-Nuno-Macedo-042-438x283.jpg\" data-large-file=\"https:\/\/socialdesignmagazine.com\/mag\/wp-content\/uploads\/2023\/06\/Architettura-universitaria-a-Santa-Cruz.-Sobrieta-e-vitalita-si-fondono.-Joao-Nuno-Macedo-042-1024x683.jpg\" data-id=\"53454\" src=\"https:\/\/socialdesignmagazine.com\/mag\/wp-content\/uploads\/2023\/06\/Architettura-universitaria-a-Santa-Cruz.-Sobrieta-e-vitalita-si-fondono.-Joao-Nuno-Macedo-042-1024x683.jpg\" alt=\"Architettura universitaria a Santa Cruz. Sobrieta e vitalita si fondono. Joao Nuno Macedo\" class=\"wp-image-53454\" srcset=\"https:\/\/socialdesignmagazine.com\/mag\/wp-content\/uploads\/2023\/06\/Architettura-universitaria-a-Santa-Cruz.-Sobrieta-e-vitalita-si-fondono.-Joao-Nuno-Macedo-042-1024x683.jpg 1024w, https:\/\/socialdesignmagazine.com\/mag\/wp-content\/uploads\/2023\/06\/Architettura-universitaria-a-Santa-Cruz.-Sobrieta-e-vitalita-si-fondono.-Joao-Nuno-Macedo-042-100x66.jpg 100w, https:\/\/socialdesignmagazine.com\/mag\/wp-content\/uploads\/2023\/06\/Architettura-universitaria-a-Santa-Cruz.-Sobrieta-e-vitalita-si-fondono.-Joao-Nuno-Macedo-042-768x512.jpg 768w, https:\/\/socialdesignmagazine.com\/mag\/wp-content\/uploads\/2023\/06\/Architettura-universitaria-a-Santa-Cruz.-Sobrieta-e-vitalita-si-fondono.-Joao-Nuno-Macedo-042-1536x1024.jpg 1536w, https:\/\/socialdesignmagazine.com\/mag\/wp-content\/uploads\/2023\/06\/Architettura-universitaria-a-Santa-Cruz.-Sobrieta-e-vitalita-si-fondono.-Joao-Nuno-Macedo-042-2048x1366.jpg 2048w\" sizes=\"auto, (max-width: 1024px) 100vw, 1024px\" \/><\/figure>\n\n\n\n<figure class=\"wp-block-image size-large\"><img loading=\"lazy\" decoding=\"async\" width=\"1024\" height=\"683\" data-attachment-id=\"53461\" data-permalink=\"https:\/\/socialdesignmagazine.com\/mag\/architettura\/architettura-universitaria-a-santa-cruz-sobrieta-e-vitalita-si-fondono\/attachment\/architettura-universitaria-a-santa-cruz-sobrieta-e-vitalita-si-fondono-joao-nuno-macedo-043\/#content\" data-orig-file=\"https:\/\/socialdesignmagazine.com\/mag\/wp-content\/uploads\/2023\/06\/Architettura-universitaria-a-Santa-Cruz.-Sobrieta-e-vitalita-si-fondono.-Joao-Nuno-Macedo-043-scaled.jpg\" data-orig-size=\"2560,1707\" data-comments-opened=\"1\" data-image-meta=\"{&quot;aperture&quot;:&quot;0&quot;,&quot;credit&quot;:&quot;&quot;,&quot;camera&quot;:&quot;&quot;,&quot;caption&quot;:&quot;&quot;,&quot;created_timestamp&quot;:&quot;0&quot;,&quot;copyright&quot;:&quot;&quot;,&quot;focal_length&quot;:&quot;0&quot;,&quot;iso&quot;:&quot;0&quot;,&quot;shutter_speed&quot;:&quot;0&quot;,&quot;title&quot;:&quot;&quot;,&quot;orientation&quot;:&quot;0&quot;}\" data-image-title=\"Architettura universitaria a Santa Cruz. Sobrieta e vitalita si fondono. Joao Nuno Macedo\" data-image-description=\"\" data-image-caption=\"\" data-medium-file=\"https:\/\/socialdesignmagazine.com\/mag\/wp-content\/uploads\/2023\/06\/Architettura-universitaria-a-Santa-Cruz.-Sobrieta-e-vitalita-si-fondono.-Joao-Nuno-Macedo-043-438x283.jpg\" data-large-file=\"https:\/\/socialdesignmagazine.com\/mag\/wp-content\/uploads\/2023\/06\/Architettura-universitaria-a-Santa-Cruz.-Sobrieta-e-vitalita-si-fondono.-Joao-Nuno-Macedo-043-1024x683.jpg\" data-id=\"53461\" src=\"https:\/\/socialdesignmagazine.com\/mag\/wp-content\/uploads\/2023\/06\/Architettura-universitaria-a-Santa-Cruz.-Sobrieta-e-vitalita-si-fondono.-Joao-Nuno-Macedo-043-1024x683.jpg\" alt=\"Architettura universitaria a Santa Cruz. Sobrieta e vitalita si fondono. Joao Nuno Macedo\" class=\"wp-image-53461\" srcset=\"https:\/\/socialdesignmagazine.com\/mag\/wp-content\/uploads\/2023\/06\/Architettura-universitaria-a-Santa-Cruz.-Sobrieta-e-vitalita-si-fondono.-Joao-Nuno-Macedo-043-1024x683.jpg 1024w, https:\/\/socialdesignmagazine.com\/mag\/wp-content\/uploads\/2023\/06\/Architettura-universitaria-a-Santa-Cruz.-Sobrieta-e-vitalita-si-fondono.-Joao-Nuno-Macedo-043-100x66.jpg 100w, https:\/\/socialdesignmagazine.com\/mag\/wp-content\/uploads\/2023\/06\/Architettura-universitaria-a-Santa-Cruz.-Sobrieta-e-vitalita-si-fondono.-Joao-Nuno-Macedo-043-768x512.jpg 768w, https:\/\/socialdesignmagazine.com\/mag\/wp-content\/uploads\/2023\/06\/Architettura-universitaria-a-Santa-Cruz.-Sobrieta-e-vitalita-si-fondono.-Joao-Nuno-Macedo-043-1536x1024.jpg 1536w, https:\/\/socialdesignmagazine.com\/mag\/wp-content\/uploads\/2023\/06\/Architettura-universitaria-a-Santa-Cruz.-Sobrieta-e-vitalita-si-fondono.-Joao-Nuno-Macedo-043-2048x1366.jpg 2048w\" sizes=\"auto, (max-width: 1024px) 100vw, 1024px\" \/><\/figure>\n\n\n\n<figure class=\"wp-block-image size-large\"><img loading=\"lazy\" decoding=\"async\" width=\"1024\" height=\"1536\" data-attachment-id=\"53467\" data-permalink=\"https:\/\/socialdesignmagazine.com\/mag\/architettura\/architettura-universitaria-a-santa-cruz-sobrieta-e-vitalita-si-fondono\/attachment\/architettura-universitaria-a-santa-cruz-sobrieta-e-vitalita-si-fondono-joao-nuno-macedo-044\/#content\" data-orig-file=\"https:\/\/socialdesignmagazine.com\/mag\/wp-content\/uploads\/2023\/06\/Architettura-universitaria-a-Santa-Cruz.-Sobrieta-e-vitalita-si-fondono.-Joao-Nuno-Macedo-044-scaled.jpg\" data-orig-size=\"1707,2560\" data-comments-opened=\"1\" data-image-meta=\"{&quot;aperture&quot;:&quot;0&quot;,&quot;credit&quot;:&quot;&quot;,&quot;camera&quot;:&quot;&quot;,&quot;caption&quot;:&quot;&quot;,&quot;created_timestamp&quot;:&quot;0&quot;,&quot;copyright&quot;:&quot;&quot;,&quot;focal_length&quot;:&quot;0&quot;,&quot;iso&quot;:&quot;0&quot;,&quot;shutter_speed&quot;:&quot;0&quot;,&quot;title&quot;:&quot;&quot;,&quot;orientation&quot;:&quot;0&quot;}\" data-image-title=\"Architettura universitaria a Santa Cruz. Sobrieta e vitalita si fondono. Joao Nuno Macedo\" data-image-description=\"\" data-image-caption=\"\" data-medium-file=\"https:\/\/socialdesignmagazine.com\/mag\/wp-content\/uploads\/2023\/06\/Architettura-universitaria-a-Santa-Cruz.-Sobrieta-e-vitalita-si-fondono.-Joao-Nuno-Macedo-044-438x283.jpg\" data-large-file=\"https:\/\/socialdesignmagazine.com\/mag\/wp-content\/uploads\/2023\/06\/Architettura-universitaria-a-Santa-Cruz.-Sobrieta-e-vitalita-si-fondono.-Joao-Nuno-Macedo-044-1024x1536.jpg\" data-id=\"53467\" src=\"https:\/\/socialdesignmagazine.com\/mag\/wp-content\/uploads\/2023\/06\/Architettura-universitaria-a-Santa-Cruz.-Sobrieta-e-vitalita-si-fondono.-Joao-Nuno-Macedo-044-1024x1536.jpg\" alt=\"Architettura universitaria a Santa Cruz. Sobrieta e vitalita si fondono. Joao Nuno Macedo\" class=\"wp-image-53467\" srcset=\"https:\/\/socialdesignmagazine.com\/mag\/wp-content\/uploads\/2023\/06\/Architettura-universitaria-a-Santa-Cruz.-Sobrieta-e-vitalita-si-fondono.-Joao-Nuno-Macedo-044-1024x1536.jpg 1024w, https:\/\/socialdesignmagazine.com\/mag\/wp-content\/uploads\/2023\/06\/Architettura-universitaria-a-Santa-Cruz.-Sobrieta-e-vitalita-si-fondono.-Joao-Nuno-Macedo-044-768x1152.jpg 768w, https:\/\/socialdesignmagazine.com\/mag\/wp-content\/uploads\/2023\/06\/Architettura-universitaria-a-Santa-Cruz.-Sobrieta-e-vitalita-si-fondono.-Joao-Nuno-Macedo-044-1366x2048.jpg 1366w, https:\/\/socialdesignmagazine.com\/mag\/wp-content\/uploads\/2023\/06\/Architettura-universitaria-a-Santa-Cruz.-Sobrieta-e-vitalita-si-fondono.-Joao-Nuno-Macedo-044-scaled.jpg 1707w\" sizes=\"auto, (max-width: 1024px) 100vw, 1024px\" \/><\/figure>\n\n\n\n<figure class=\"wp-block-image size-large\"><img loading=\"lazy\" decoding=\"async\" width=\"1024\" height=\"1536\" data-attachment-id=\"53478\" data-permalink=\"https:\/\/socialdesignmagazine.com\/mag\/architettura\/architettura-universitaria-a-santa-cruz-sobrieta-e-vitalita-si-fondono\/attachment\/architettura-universitaria-a-santa-cruz-sobrieta-e-vitalita-si-fondono-joao-nuno-macedo-045\/#content\" data-orig-file=\"https:\/\/socialdesignmagazine.com\/mag\/wp-content\/uploads\/2023\/06\/Architettura-universitaria-a-Santa-Cruz.-Sobrieta-e-vitalita-si-fondono.-Joao-Nuno-Macedo-045-scaled.jpg\" data-orig-size=\"1707,2560\" data-comments-opened=\"1\" data-image-meta=\"{&quot;aperture&quot;:&quot;0&quot;,&quot;credit&quot;:&quot;&quot;,&quot;camera&quot;:&quot;&quot;,&quot;caption&quot;:&quot;&quot;,&quot;created_timestamp&quot;:&quot;0&quot;,&quot;copyright&quot;:&quot;&quot;,&quot;focal_length&quot;:&quot;0&quot;,&quot;iso&quot;:&quot;0&quot;,&quot;shutter_speed&quot;:&quot;0&quot;,&quot;title&quot;:&quot;&quot;,&quot;orientation&quot;:&quot;0&quot;}\" data-image-title=\"Architettura universitaria a Santa Cruz. Sobrieta e vitalita si fondono. Joao Nuno Macedo\" data-image-description=\"\" data-image-caption=\"\" data-medium-file=\"https:\/\/socialdesignmagazine.com\/mag\/wp-content\/uploads\/2023\/06\/Architettura-universitaria-a-Santa-Cruz.-Sobrieta-e-vitalita-si-fondono.-Joao-Nuno-Macedo-045-438x283.jpg\" data-large-file=\"https:\/\/socialdesignmagazine.com\/mag\/wp-content\/uploads\/2023\/06\/Architettura-universitaria-a-Santa-Cruz.-Sobrieta-e-vitalita-si-fondono.-Joao-Nuno-Macedo-045-1024x1536.jpg\" data-id=\"53478\" src=\"https:\/\/socialdesignmagazine.com\/mag\/wp-content\/uploads\/2023\/06\/Architettura-universitaria-a-Santa-Cruz.-Sobrieta-e-vitalita-si-fondono.-Joao-Nuno-Macedo-045-1024x1536.jpg\" alt=\"Architettura universitaria a Santa Cruz. Sobrieta e vitalita si fondono. Joao Nuno Macedo\" class=\"wp-image-53478\" srcset=\"https:\/\/socialdesignmagazine.com\/mag\/wp-content\/uploads\/2023\/06\/Architettura-universitaria-a-Santa-Cruz.-Sobrieta-e-vitalita-si-fondono.-Joao-Nuno-Macedo-045-1024x1536.jpg 1024w, https:\/\/socialdesignmagazine.com\/mag\/wp-content\/uploads\/2023\/06\/Architettura-universitaria-a-Santa-Cruz.-Sobrieta-e-vitalita-si-fondono.-Joao-Nuno-Macedo-045-768x1152.jpg 768w, https:\/\/socialdesignmagazine.com\/mag\/wp-content\/uploads\/2023\/06\/Architettura-universitaria-a-Santa-Cruz.-Sobrieta-e-vitalita-si-fondono.-Joao-Nuno-Macedo-045-1366x2048.jpg 1366w, https:\/\/socialdesignmagazine.com\/mag\/wp-content\/uploads\/2023\/06\/Architettura-universitaria-a-Santa-Cruz.-Sobrieta-e-vitalita-si-fondono.-Joao-Nuno-Macedo-045-scaled.jpg 1707w\" sizes=\"auto, (max-width: 1024px) 100vw, 1024px\" \/><\/figure>\n\n\n\n<figure class=\"wp-block-image size-large\"><img loading=\"lazy\" decoding=\"async\" width=\"1024\" height=\"1536\" data-attachment-id=\"53475\" data-permalink=\"https:\/\/socialdesignmagazine.com\/mag\/architettura\/architettura-universitaria-a-santa-cruz-sobrieta-e-vitalita-si-fondono\/attachment\/architettura-universitaria-a-santa-cruz-sobrieta-e-vitalita-si-fondono-joao-nuno-macedo-046\/#content\" data-orig-file=\"https:\/\/socialdesignmagazine.com\/mag\/wp-content\/uploads\/2023\/06\/Architettura-universitaria-a-Santa-Cruz.-Sobrieta-e-vitalita-si-fondono.-Joao-Nuno-Macedo-046-scaled.jpg\" data-orig-size=\"1707,2560\" data-comments-opened=\"1\" data-image-meta=\"{&quot;aperture&quot;:&quot;0&quot;,&quot;credit&quot;:&quot;&quot;,&quot;camera&quot;:&quot;&quot;,&quot;caption&quot;:&quot;&quot;,&quot;created_timestamp&quot;:&quot;0&quot;,&quot;copyright&quot;:&quot;&quot;,&quot;focal_length&quot;:&quot;0&quot;,&quot;iso&quot;:&quot;0&quot;,&quot;shutter_speed&quot;:&quot;0&quot;,&quot;title&quot;:&quot;&quot;,&quot;orientation&quot;:&quot;0&quot;}\" data-image-title=\"Architettura universitaria a Santa Cruz. Sobrieta e vitalita si fondono. Joao Nuno Macedo\" data-image-description=\"\" data-image-caption=\"\" data-medium-file=\"https:\/\/socialdesignmagazine.com\/mag\/wp-content\/uploads\/2023\/06\/Architettura-universitaria-a-Santa-Cruz.-Sobrieta-e-vitalita-si-fondono.-Joao-Nuno-Macedo-046-438x283.jpg\" data-large-file=\"https:\/\/socialdesignmagazine.com\/mag\/wp-content\/uploads\/2023\/06\/Architettura-universitaria-a-Santa-Cruz.-Sobrieta-e-vitalita-si-fondono.-Joao-Nuno-Macedo-046-1024x1536.jpg\" data-id=\"53475\" src=\"https:\/\/socialdesignmagazine.com\/mag\/wp-content\/uploads\/2023\/06\/Architettura-universitaria-a-Santa-Cruz.-Sobrieta-e-vitalita-si-fondono.-Joao-Nuno-Macedo-046-1024x1536.jpg\" alt=\"Architettura universitaria a Santa Cruz. Sobrieta e vitalita si fondono. Joao Nuno Macedo\" class=\"wp-image-53475\" srcset=\"https:\/\/socialdesignmagazine.com\/mag\/wp-content\/uploads\/2023\/06\/Architettura-universitaria-a-Santa-Cruz.-Sobrieta-e-vitalita-si-fondono.-Joao-Nuno-Macedo-046-1024x1536.jpg 1024w, https:\/\/socialdesignmagazine.com\/mag\/wp-content\/uploads\/2023\/06\/Architettura-universitaria-a-Santa-Cruz.-Sobrieta-e-vitalita-si-fondono.-Joao-Nuno-Macedo-046-768x1152.jpg 768w, https:\/\/socialdesignmagazine.com\/mag\/wp-content\/uploads\/2023\/06\/Architettura-universitaria-a-Santa-Cruz.-Sobrieta-e-vitalita-si-fondono.-Joao-Nuno-Macedo-046-1366x2048.jpg 1366w, https:\/\/socialdesignmagazine.com\/mag\/wp-content\/uploads\/2023\/06\/Architettura-universitaria-a-Santa-Cruz.-Sobrieta-e-vitalita-si-fondono.-Joao-Nuno-Macedo-046-scaled.jpg 1707w\" sizes=\"auto, (max-width: 1024px) 100vw, 1024px\" \/><\/figure>\n\n\n\n<figure class=\"wp-block-image size-large\"><img loading=\"lazy\" decoding=\"async\" width=\"1024\" height=\"1536\" data-attachment-id=\"53466\" data-permalink=\"https:\/\/socialdesignmagazine.com\/mag\/architettura\/architettura-universitaria-a-santa-cruz-sobrieta-e-vitalita-si-fondono\/attachment\/architettura-universitaria-a-santa-cruz-sobrieta-e-vitalita-si-fondono-joao-nuno-macedo-047\/#content\" data-orig-file=\"https:\/\/socialdesignmagazine.com\/mag\/wp-content\/uploads\/2023\/06\/Architettura-universitaria-a-Santa-Cruz.-Sobrieta-e-vitalita-si-fondono.-Joao-Nuno-Macedo-047-scaled.jpg\" data-orig-size=\"1707,2560\" data-comments-opened=\"1\" data-image-meta=\"{&quot;aperture&quot;:&quot;0&quot;,&quot;credit&quot;:&quot;&quot;,&quot;camera&quot;:&quot;&quot;,&quot;caption&quot;:&quot;&quot;,&quot;created_timestamp&quot;:&quot;0&quot;,&quot;copyright&quot;:&quot;&quot;,&quot;focal_length&quot;:&quot;0&quot;,&quot;iso&quot;:&quot;0&quot;,&quot;shutter_speed&quot;:&quot;0&quot;,&quot;title&quot;:&quot;&quot;,&quot;orientation&quot;:&quot;0&quot;}\" data-image-title=\"Architettura universitaria a Santa Cruz. Sobrieta e vitalita si fondono. Joao Nuno Macedo\" data-image-description=\"\" data-image-caption=\"\" data-medium-file=\"https:\/\/socialdesignmagazine.com\/mag\/wp-content\/uploads\/2023\/06\/Architettura-universitaria-a-Santa-Cruz.-Sobrieta-e-vitalita-si-fondono.-Joao-Nuno-Macedo-047-438x283.jpg\" data-large-file=\"https:\/\/socialdesignmagazine.com\/mag\/wp-content\/uploads\/2023\/06\/Architettura-universitaria-a-Santa-Cruz.-Sobrieta-e-vitalita-si-fondono.-Joao-Nuno-Macedo-047-1024x1536.jpg\" data-id=\"53466\" src=\"https:\/\/socialdesignmagazine.com\/mag\/wp-content\/uploads\/2023\/06\/Architettura-universitaria-a-Santa-Cruz.-Sobrieta-e-vitalita-si-fondono.-Joao-Nuno-Macedo-047-1024x1536.jpg\" alt=\"Architettura universitaria a Santa Cruz. Sobrieta e vitalita si fondono. Joao Nuno Macedo\" class=\"wp-image-53466\" srcset=\"https:\/\/socialdesignmagazine.com\/mag\/wp-content\/uploads\/2023\/06\/Architettura-universitaria-a-Santa-Cruz.-Sobrieta-e-vitalita-si-fondono.-Joao-Nuno-Macedo-047-1024x1536.jpg 1024w, https:\/\/socialdesignmagazine.com\/mag\/wp-content\/uploads\/2023\/06\/Architettura-universitaria-a-Santa-Cruz.-Sobrieta-e-vitalita-si-fondono.-Joao-Nuno-Macedo-047-768x1152.jpg 768w, https:\/\/socialdesignmagazine.com\/mag\/wp-content\/uploads\/2023\/06\/Architettura-universitaria-a-Santa-Cruz.-Sobrieta-e-vitalita-si-fondono.-Joao-Nuno-Macedo-047-1366x2048.jpg 1366w, https:\/\/socialdesignmagazine.com\/mag\/wp-content\/uploads\/2023\/06\/Architettura-universitaria-a-Santa-Cruz.-Sobrieta-e-vitalita-si-fondono.-Joao-Nuno-Macedo-047-scaled.jpg 1707w\" sizes=\"auto, (max-width: 1024px) 100vw, 1024px\" \/><\/figure>\n\n\n\n<figure class=\"wp-block-image size-large\"><img loading=\"lazy\" decoding=\"async\" width=\"1024\" height=\"1536\" data-attachment-id=\"53477\" data-permalink=\"https:\/\/socialdesignmagazine.com\/mag\/architettura\/architettura-universitaria-a-santa-cruz-sobrieta-e-vitalita-si-fondono\/attachment\/architettura-universitaria-a-santa-cruz-sobrieta-e-vitalita-si-fondono-joao-nuno-macedo-048\/#content\" data-orig-file=\"https:\/\/socialdesignmagazine.com\/mag\/wp-content\/uploads\/2023\/06\/Architettura-universitaria-a-Santa-Cruz.-Sobrieta-e-vitalita-si-fondono.-Joao-Nuno-Macedo-048-scaled.jpg\" data-orig-size=\"1707,2560\" data-comments-opened=\"1\" data-image-meta=\"{&quot;aperture&quot;:&quot;0&quot;,&quot;credit&quot;:&quot;&quot;,&quot;camera&quot;:&quot;&quot;,&quot;caption&quot;:&quot;&quot;,&quot;created_timestamp&quot;:&quot;0&quot;,&quot;copyright&quot;:&quot;&quot;,&quot;focal_length&quot;:&quot;0&quot;,&quot;iso&quot;:&quot;0&quot;,&quot;shutter_speed&quot;:&quot;0&quot;,&quot;title&quot;:&quot;&quot;,&quot;orientation&quot;:&quot;0&quot;}\" data-image-title=\"Architettura universitaria a Santa Cruz. Sobrieta e vitalita si fondono. Joao Nuno Macedo\" data-image-description=\"\" data-image-caption=\"\" data-medium-file=\"https:\/\/socialdesignmagazine.com\/mag\/wp-content\/uploads\/2023\/06\/Architettura-universitaria-a-Santa-Cruz.-Sobrieta-e-vitalita-si-fondono.-Joao-Nuno-Macedo-048-438x283.jpg\" data-large-file=\"https:\/\/socialdesignmagazine.com\/mag\/wp-content\/uploads\/2023\/06\/Architettura-universitaria-a-Santa-Cruz.-Sobrieta-e-vitalita-si-fondono.-Joao-Nuno-Macedo-048-1024x1536.jpg\" data-id=\"53477\" src=\"https:\/\/socialdesignmagazine.com\/mag\/wp-content\/uploads\/2023\/06\/Architettura-universitaria-a-Santa-Cruz.-Sobrieta-e-vitalita-si-fondono.-Joao-Nuno-Macedo-048-1024x1536.jpg\" alt=\"Architettura universitaria a Santa Cruz. Sobrieta e vitalita si fondono. Joao Nuno Macedo\" class=\"wp-image-53477\" srcset=\"https:\/\/socialdesignmagazine.com\/mag\/wp-content\/uploads\/2023\/06\/Architettura-universitaria-a-Santa-Cruz.-Sobrieta-e-vitalita-si-fondono.-Joao-Nuno-Macedo-048-1024x1536.jpg 1024w, https:\/\/socialdesignmagazine.com\/mag\/wp-content\/uploads\/2023\/06\/Architettura-universitaria-a-Santa-Cruz.-Sobrieta-e-vitalita-si-fondono.-Joao-Nuno-Macedo-048-768x1152.jpg 768w, https:\/\/socialdesignmagazine.com\/mag\/wp-content\/uploads\/2023\/06\/Architettura-universitaria-a-Santa-Cruz.-Sobrieta-e-vitalita-si-fondono.-Joao-Nuno-Macedo-048-1366x2048.jpg 1366w, https:\/\/socialdesignmagazine.com\/mag\/wp-content\/uploads\/2023\/06\/Architettura-universitaria-a-Santa-Cruz.-Sobrieta-e-vitalita-si-fondono.-Joao-Nuno-Macedo-048-scaled.jpg 1707w\" sizes=\"auto, (max-width: 1024px) 100vw, 1024px\" \/><\/figure>\n\n\n\n<figure class=\"wp-block-image size-large\"><img loading=\"lazy\" decoding=\"async\" width=\"1024\" height=\"1120\" data-attachment-id=\"53484\" data-permalink=\"https:\/\/socialdesignmagazine.com\/mag\/architettura\/architettura-universitaria-a-santa-cruz-sobrieta-e-vitalita-si-fondono\/attachment\/architettura-universitaria-a-santa-cruz-sobrieta-e-vitalita-si-fondono-joao-nuno-macedo-049\/#content\" data-orig-file=\"https:\/\/socialdesignmagazine.com\/mag\/wp-content\/uploads\/2023\/06\/Architettura-universitaria-a-Santa-Cruz.-Sobrieta-e-vitalita-si-fondono.-Joao-Nuno-Macedo-049-scaled.jpg\" data-orig-size=\"2341,2560\" data-comments-opened=\"1\" data-image-meta=\"{&quot;aperture&quot;:&quot;0&quot;,&quot;credit&quot;:&quot;&quot;,&quot;camera&quot;:&quot;&quot;,&quot;caption&quot;:&quot;&quot;,&quot;created_timestamp&quot;:&quot;0&quot;,&quot;copyright&quot;:&quot;&quot;,&quot;focal_length&quot;:&quot;0&quot;,&quot;iso&quot;:&quot;0&quot;,&quot;shutter_speed&quot;:&quot;0&quot;,&quot;title&quot;:&quot;&quot;,&quot;orientation&quot;:&quot;0&quot;}\" data-image-title=\"Architettura universitaria a Santa Cruz. Sobrieta e vitalita si fondono. Joao Nuno Macedo\" data-image-description=\"\" data-image-caption=\"\" data-medium-file=\"https:\/\/socialdesignmagazine.com\/mag\/wp-content\/uploads\/2023\/06\/Architettura-universitaria-a-Santa-Cruz.-Sobrieta-e-vitalita-si-fondono.-Joao-Nuno-Macedo-049-438x283.jpg\" data-large-file=\"https:\/\/socialdesignmagazine.com\/mag\/wp-content\/uploads\/2023\/06\/Architettura-universitaria-a-Santa-Cruz.-Sobrieta-e-vitalita-si-fondono.-Joao-Nuno-Macedo-049-1024x1120.jpg\" data-id=\"53484\" src=\"https:\/\/socialdesignmagazine.com\/mag\/wp-content\/uploads\/2023\/06\/Architettura-universitaria-a-Santa-Cruz.-Sobrieta-e-vitalita-si-fondono.-Joao-Nuno-Macedo-049-1024x1120.jpg\" alt=\"Architettura universitaria a Santa Cruz. Sobrieta e vitalita si fondono. Joao Nuno Macedo\" class=\"wp-image-53484\" srcset=\"https:\/\/socialdesignmagazine.com\/mag\/wp-content\/uploads\/2023\/06\/Architettura-universitaria-a-Santa-Cruz.-Sobrieta-e-vitalita-si-fondono.-Joao-Nuno-Macedo-049-1024x1120.jpg 1024w, https:\/\/socialdesignmagazine.com\/mag\/wp-content\/uploads\/2023\/06\/Architettura-universitaria-a-Santa-Cruz.-Sobrieta-e-vitalita-si-fondono.-Joao-Nuno-Macedo-049-768x840.jpg 768w, https:\/\/socialdesignmagazine.com\/mag\/wp-content\/uploads\/2023\/06\/Architettura-universitaria-a-Santa-Cruz.-Sobrieta-e-vitalita-si-fondono.-Joao-Nuno-Macedo-049-1404x1536.jpg 1404w, https:\/\/socialdesignmagazine.com\/mag\/wp-content\/uploads\/2023\/06\/Architettura-universitaria-a-Santa-Cruz.-Sobrieta-e-vitalita-si-fondono.-Joao-Nuno-Macedo-049-1872x2048.jpg 1872w\" sizes=\"auto, (max-width: 1024px) 100vw, 1024px\" \/><\/figure>\n\n\n\n<figure class=\"wp-block-image size-large\"><img loading=\"lazy\" decoding=\"async\" width=\"1024\" height=\"1536\" data-attachment-id=\"53482\" data-permalink=\"https:\/\/socialdesignmagazine.com\/mag\/architettura\/architettura-universitaria-a-santa-cruz-sobrieta-e-vitalita-si-fondono\/attachment\/architettura-universitaria-a-santa-cruz-sobrieta-e-vitalita-si-fondono-joao-nuno-macedo-050\/#content\" data-orig-file=\"https:\/\/socialdesignmagazine.com\/mag\/wp-content\/uploads\/2023\/06\/Architettura-universitaria-a-Santa-Cruz.-Sobrieta-e-vitalita-si-fondono.-Joao-Nuno-Macedo-050-scaled.jpg\" data-orig-size=\"1707,2560\" data-comments-opened=\"1\" data-image-meta=\"{&quot;aperture&quot;:&quot;0&quot;,&quot;credit&quot;:&quot;&quot;,&quot;camera&quot;:&quot;&quot;,&quot;caption&quot;:&quot;&quot;,&quot;created_timestamp&quot;:&quot;0&quot;,&quot;copyright&quot;:&quot;&quot;,&quot;focal_length&quot;:&quot;0&quot;,&quot;iso&quot;:&quot;0&quot;,&quot;shutter_speed&quot;:&quot;0&quot;,&quot;title&quot;:&quot;&quot;,&quot;orientation&quot;:&quot;0&quot;}\" data-image-title=\"Architettura universitaria a Santa Cruz. Sobrieta e vitalita si fondono. Joao Nuno Macedo\" data-image-description=\"\" data-image-caption=\"\" data-medium-file=\"https:\/\/socialdesignmagazine.com\/mag\/wp-content\/uploads\/2023\/06\/Architettura-universitaria-a-Santa-Cruz.-Sobrieta-e-vitalita-si-fondono.-Joao-Nuno-Macedo-050-438x283.jpg\" data-large-file=\"https:\/\/socialdesignmagazine.com\/mag\/wp-content\/uploads\/2023\/06\/Architettura-universitaria-a-Santa-Cruz.-Sobrieta-e-vitalita-si-fondono.-Joao-Nuno-Macedo-050-1024x1536.jpg\" data-id=\"53482\" src=\"https:\/\/socialdesignmagazine.com\/mag\/wp-content\/uploads\/2023\/06\/Architettura-universitaria-a-Santa-Cruz.-Sobrieta-e-vitalita-si-fondono.-Joao-Nuno-Macedo-050-1024x1536.jpg\" alt=\"Architettura universitaria a Santa Cruz. Sobrieta e vitalita si fondono. Joao Nuno Macedo\" class=\"wp-image-53482\" srcset=\"https:\/\/socialdesignmagazine.com\/mag\/wp-content\/uploads\/2023\/06\/Architettura-universitaria-a-Santa-Cruz.-Sobrieta-e-vitalita-si-fondono.-Joao-Nuno-Macedo-050-1024x1536.jpg 1024w, https:\/\/socialdesignmagazine.com\/mag\/wp-content\/uploads\/2023\/06\/Architettura-universitaria-a-Santa-Cruz.-Sobrieta-e-vitalita-si-fondono.-Joao-Nuno-Macedo-050-768x1152.jpg 768w, https:\/\/socialdesignmagazine.com\/mag\/wp-content\/uploads\/2023\/06\/Architettura-universitaria-a-Santa-Cruz.-Sobrieta-e-vitalita-si-fondono.-Joao-Nuno-Macedo-050-1366x2048.jpg 1366w, https:\/\/socialdesignmagazine.com\/mag\/wp-content\/uploads\/2023\/06\/Architettura-universitaria-a-Santa-Cruz.-Sobrieta-e-vitalita-si-fondono.-Joao-Nuno-Macedo-050-scaled.jpg 1707w\" sizes=\"auto, (max-width: 1024px) 100vw, 1024px\" \/><\/figure>\n\n\n\n<figure class=\"wp-block-image size-large\"><img loading=\"lazy\" decoding=\"async\" width=\"1024\" height=\"683\" data-attachment-id=\"53492\" data-permalink=\"https:\/\/socialdesignmagazine.com\/mag\/architettura\/architettura-universitaria-a-santa-cruz-sobrieta-e-vitalita-si-fondono\/attachment\/architettura-universitaria-a-santa-cruz-sobrieta-e-vitalita-si-fondono-joao-nuno-macedo-056\/#content\" data-orig-file=\"https:\/\/socialdesignmagazine.com\/mag\/wp-content\/uploads\/2023\/06\/Architettura-universitaria-a-Santa-Cruz.-Sobrieta-e-vitalita-si-fondono.-Joao-Nuno-Macedo-056-scaled.jpg\" data-orig-size=\"2560,1707\" data-comments-opened=\"1\" data-image-meta=\"{&quot;aperture&quot;:&quot;0&quot;,&quot;credit&quot;:&quot;&quot;,&quot;camera&quot;:&quot;&quot;,&quot;caption&quot;:&quot;&quot;,&quot;created_timestamp&quot;:&quot;0&quot;,&quot;copyright&quot;:&quot;&quot;,&quot;focal_length&quot;:&quot;0&quot;,&quot;iso&quot;:&quot;0&quot;,&quot;shutter_speed&quot;:&quot;0&quot;,&quot;title&quot;:&quot;&quot;,&quot;orientation&quot;:&quot;0&quot;}\" data-image-title=\"Architettura universitaria a Santa Cruz. Sobrieta e vitalita si fondono. Joao Nuno Macedo\" data-image-description=\"\" data-image-caption=\"\" data-medium-file=\"https:\/\/socialdesignmagazine.com\/mag\/wp-content\/uploads\/2023\/06\/Architettura-universitaria-a-Santa-Cruz.-Sobrieta-e-vitalita-si-fondono.-Joao-Nuno-Macedo-056-438x283.jpg\" data-large-file=\"https:\/\/socialdesignmagazine.com\/mag\/wp-content\/uploads\/2023\/06\/Architettura-universitaria-a-Santa-Cruz.-Sobrieta-e-vitalita-si-fondono.-Joao-Nuno-Macedo-056-1024x683.jpg\" data-id=\"53492\" src=\"https:\/\/socialdesignmagazine.com\/mag\/wp-content\/uploads\/2023\/06\/Architettura-universitaria-a-Santa-Cruz.-Sobrieta-e-vitalita-si-fondono.-Joao-Nuno-Macedo-056-1024x683.jpg\" alt=\"Architettura universitaria a Santa Cruz. Sobrieta e vitalita si fondono. Joao Nuno Macedo\" class=\"wp-image-53492\" srcset=\"https:\/\/socialdesignmagazine.com\/mag\/wp-content\/uploads\/2023\/06\/Architettura-universitaria-a-Santa-Cruz.-Sobrieta-e-vitalita-si-fondono.-Joao-Nuno-Macedo-056-1024x683.jpg 1024w, https:\/\/socialdesignmagazine.com\/mag\/wp-content\/uploads\/2023\/06\/Architettura-universitaria-a-Santa-Cruz.-Sobrieta-e-vitalita-si-fondono.-Joao-Nuno-Macedo-056-100x66.jpg 100w, https:\/\/socialdesignmagazine.com\/mag\/wp-content\/uploads\/2023\/06\/Architettura-universitaria-a-Santa-Cruz.-Sobrieta-e-vitalita-si-fondono.-Joao-Nuno-Macedo-056-768x512.jpg 768w, https:\/\/socialdesignmagazine.com\/mag\/wp-content\/uploads\/2023\/06\/Architettura-universitaria-a-Santa-Cruz.-Sobrieta-e-vitalita-si-fondono.-Joao-Nuno-Macedo-056-1536x1024.jpg 1536w, https:\/\/socialdesignmagazine.com\/mag\/wp-content\/uploads\/2023\/06\/Architettura-universitaria-a-Santa-Cruz.-Sobrieta-e-vitalita-si-fondono.-Joao-Nuno-Macedo-056-2048x1366.jpg 2048w\" sizes=\"auto, (max-width: 1024px) 100vw, 1024px\" \/><\/figure>\n\n\n\n<figure class=\"wp-block-image size-large\"><img loading=\"lazy\" decoding=\"async\" width=\"1024\" height=\"1536\" data-attachment-id=\"53493\" data-permalink=\"https:\/\/socialdesignmagazine.com\/mag\/architettura\/architettura-universitaria-a-santa-cruz-sobrieta-e-vitalita-si-fondono\/attachment\/architettura-universitaria-a-santa-cruz-sobrieta-e-vitalita-si-fondono-joao-nuno-macedo-057\/#content\" data-orig-file=\"https:\/\/socialdesignmagazine.com\/mag\/wp-content\/uploads\/2023\/06\/Architettura-universitaria-a-Santa-Cruz.-Sobrieta-e-vitalita-si-fondono.-Joao-Nuno-Macedo-057-scaled.jpg\" data-orig-size=\"1707,2560\" data-comments-opened=\"1\" data-image-meta=\"{&quot;aperture&quot;:&quot;0&quot;,&quot;credit&quot;:&quot;&quot;,&quot;camera&quot;:&quot;&quot;,&quot;caption&quot;:&quot;&quot;,&quot;created_timestamp&quot;:&quot;0&quot;,&quot;copyright&quot;:&quot;&quot;,&quot;focal_length&quot;:&quot;0&quot;,&quot;iso&quot;:&quot;0&quot;,&quot;shutter_speed&quot;:&quot;0&quot;,&quot;title&quot;:&quot;&quot;,&quot;orientation&quot;:&quot;0&quot;}\" data-image-title=\"Architettura universitaria a Santa Cruz. Sobrieta e vitalita si fondono. Joao Nuno Macedo\" data-image-description=\"\" data-image-caption=\"\" data-medium-file=\"https:\/\/socialdesignmagazine.com\/mag\/wp-content\/uploads\/2023\/06\/Architettura-universitaria-a-Santa-Cruz.-Sobrieta-e-vitalita-si-fondono.-Joao-Nuno-Macedo-057-438x283.jpg\" data-large-file=\"https:\/\/socialdesignmagazine.com\/mag\/wp-content\/uploads\/2023\/06\/Architettura-universitaria-a-Santa-Cruz.-Sobrieta-e-vitalita-si-fondono.-Joao-Nuno-Macedo-057-1024x1536.jpg\" data-id=\"53493\" src=\"https:\/\/socialdesignmagazine.com\/mag\/wp-content\/uploads\/2023\/06\/Architettura-universitaria-a-Santa-Cruz.-Sobrieta-e-vitalita-si-fondono.-Joao-Nuno-Macedo-057-1024x1536.jpg\" alt=\"Architettura universitaria a Santa Cruz. Sobrieta e vitalita si fondono. Joao Nuno Macedo\" class=\"wp-image-53493\" srcset=\"https:\/\/socialdesignmagazine.com\/mag\/wp-content\/uploads\/2023\/06\/Architettura-universitaria-a-Santa-Cruz.-Sobrieta-e-vitalita-si-fondono.-Joao-Nuno-Macedo-057-1024x1536.jpg 1024w, https:\/\/socialdesignmagazine.com\/mag\/wp-content\/uploads\/2023\/06\/Architettura-universitaria-a-Santa-Cruz.-Sobrieta-e-vitalita-si-fondono.-Joao-Nuno-Macedo-057-768x1152.jpg 768w, https:\/\/socialdesignmagazine.com\/mag\/wp-content\/uploads\/2023\/06\/Architettura-universitaria-a-Santa-Cruz.-Sobrieta-e-vitalita-si-fondono.-Joao-Nuno-Macedo-057-1366x2048.jpg 1366w, https:\/\/socialdesignmagazine.com\/mag\/wp-content\/uploads\/2023\/06\/Architettura-universitaria-a-Santa-Cruz.-Sobrieta-e-vitalita-si-fondono.-Joao-Nuno-Macedo-057-scaled.jpg 1707w\" sizes=\"auto, (max-width: 1024px) 100vw, 1024px\" \/><\/figure>\n\n\n\n<figure class=\"wp-block-image size-large\"><img loading=\"lazy\" decoding=\"async\" width=\"1024\" height=\"1536\" data-attachment-id=\"53494\" data-permalink=\"https:\/\/socialdesignmagazine.com\/mag\/architettura\/architettura-universitaria-a-santa-cruz-sobrieta-e-vitalita-si-fondono\/attachment\/architettura-universitaria-a-santa-cruz-sobrieta-e-vitalita-si-fondono-joao-nuno-macedo-058\/#content\" data-orig-file=\"https:\/\/socialdesignmagazine.com\/mag\/wp-content\/uploads\/2023\/06\/Architettura-universitaria-a-Santa-Cruz.-Sobrieta-e-vitalita-si-fondono.-Joao-Nuno-Macedo-058-scaled.jpg\" data-orig-size=\"1707,2560\" data-comments-opened=\"1\" data-image-meta=\"{&quot;aperture&quot;:&quot;0&quot;,&quot;credit&quot;:&quot;&quot;,&quot;camera&quot;:&quot;&quot;,&quot;caption&quot;:&quot;&quot;,&quot;created_timestamp&quot;:&quot;0&quot;,&quot;copyright&quot;:&quot;&quot;,&quot;focal_length&quot;:&quot;0&quot;,&quot;iso&quot;:&quot;0&quot;,&quot;shutter_speed&quot;:&quot;0&quot;,&quot;title&quot;:&quot;&quot;,&quot;orientation&quot;:&quot;0&quot;}\" data-image-title=\"Architettura universitaria a Santa Cruz. Sobrieta e vitalita si fondono. Joao Nuno Macedo\" data-image-description=\"\" data-image-caption=\"\" data-medium-file=\"https:\/\/socialdesignmagazine.com\/mag\/wp-content\/uploads\/2023\/06\/Architettura-universitaria-a-Santa-Cruz.-Sobrieta-e-vitalita-si-fondono.-Joao-Nuno-Macedo-058-438x283.jpg\" data-large-file=\"https:\/\/socialdesignmagazine.com\/mag\/wp-content\/uploads\/2023\/06\/Architettura-universitaria-a-Santa-Cruz.-Sobrieta-e-vitalita-si-fondono.-Joao-Nuno-Macedo-058-1024x1536.jpg\" data-id=\"53494\" src=\"https:\/\/socialdesignmagazine.com\/mag\/wp-content\/uploads\/2023\/06\/Architettura-universitaria-a-Santa-Cruz.-Sobrieta-e-vitalita-si-fondono.-Joao-Nuno-Macedo-058-1024x1536.jpg\" alt=\"Architettura universitaria a Santa Cruz. Sobrieta e vitalita si fondono. Joao Nuno Macedo\" class=\"wp-image-53494\" srcset=\"https:\/\/socialdesignmagazine.com\/mag\/wp-content\/uploads\/2023\/06\/Architettura-universitaria-a-Santa-Cruz.-Sobrieta-e-vitalita-si-fondono.-Joao-Nuno-Macedo-058-1024x1536.jpg 1024w, https:\/\/socialdesignmagazine.com\/mag\/wp-content\/uploads\/2023\/06\/Architettura-universitaria-a-Santa-Cruz.-Sobrieta-e-vitalita-si-fondono.-Joao-Nuno-Macedo-058-768x1152.jpg 768w, https:\/\/socialdesignmagazine.com\/mag\/wp-content\/uploads\/2023\/06\/Architettura-universitaria-a-Santa-Cruz.-Sobrieta-e-vitalita-si-fondono.-Joao-Nuno-Macedo-058-1366x2048.jpg 1366w, https:\/\/socialdesignmagazine.com\/mag\/wp-content\/uploads\/2023\/06\/Architettura-universitaria-a-Santa-Cruz.-Sobrieta-e-vitalita-si-fondono.-Joao-Nuno-Macedo-058-scaled.jpg 1707w\" sizes=\"auto, (max-width: 1024px) 100vw, 1024px\" \/><\/figure>\n\n\n\n<figure class=\"wp-block-image size-large\"><img loading=\"lazy\" decoding=\"async\" width=\"1024\" height=\"1536\" data-attachment-id=\"53495\" data-permalink=\"https:\/\/socialdesignmagazine.com\/mag\/architettura\/architettura-universitaria-a-santa-cruz-sobrieta-e-vitalita-si-fondono\/attachment\/architettura-universitaria-a-santa-cruz-sobrieta-e-vitalita-si-fondono-joao-nuno-macedo-059\/#content\" data-orig-file=\"https:\/\/socialdesignmagazine.com\/mag\/wp-content\/uploads\/2023\/06\/Architettura-universitaria-a-Santa-Cruz.-Sobrieta-e-vitalita-si-fondono.-Joao-Nuno-Macedo-059-scaled.jpg\" data-orig-size=\"1707,2560\" data-comments-opened=\"1\" data-image-meta=\"{&quot;aperture&quot;:&quot;0&quot;,&quot;credit&quot;:&quot;&quot;,&quot;camera&quot;:&quot;&quot;,&quot;caption&quot;:&quot;&quot;,&quot;created_timestamp&quot;:&quot;0&quot;,&quot;copyright&quot;:&quot;&quot;,&quot;focal_length&quot;:&quot;0&quot;,&quot;iso&quot;:&quot;0&quot;,&quot;shutter_speed&quot;:&quot;0&quot;,&quot;title&quot;:&quot;&quot;,&quot;orientation&quot;:&quot;0&quot;}\" data-image-title=\"Architettura universitaria a Santa Cruz. Sobrieta e vitalita si fondono. Joao Nuno Macedo\" data-image-description=\"\" data-image-caption=\"\" data-medium-file=\"https:\/\/socialdesignmagazine.com\/mag\/wp-content\/uploads\/2023\/06\/Architettura-universitaria-a-Santa-Cruz.-Sobrieta-e-vitalita-si-fondono.-Joao-Nuno-Macedo-059-438x283.jpg\" data-large-file=\"https:\/\/socialdesignmagazine.com\/mag\/wp-content\/uploads\/2023\/06\/Architettura-universitaria-a-Santa-Cruz.-Sobrieta-e-vitalita-si-fondono.-Joao-Nuno-Macedo-059-1024x1536.jpg\" data-id=\"53495\" src=\"https:\/\/socialdesignmagazine.com\/mag\/wp-content\/uploads\/2023\/06\/Architettura-universitaria-a-Santa-Cruz.-Sobrieta-e-vitalita-si-fondono.-Joao-Nuno-Macedo-059-1024x1536.jpg\" alt=\"Architettura universitaria a Santa Cruz. Sobrieta e vitalita si fondono. Joao Nuno Macedo\" class=\"wp-image-53495\" srcset=\"https:\/\/socialdesignmagazine.com\/mag\/wp-content\/uploads\/2023\/06\/Architettura-universitaria-a-Santa-Cruz.-Sobrieta-e-vitalita-si-fondono.-Joao-Nuno-Macedo-059-1024x1536.jpg 1024w, https:\/\/socialdesignmagazine.com\/mag\/wp-content\/uploads\/2023\/06\/Architettura-universitaria-a-Santa-Cruz.-Sobrieta-e-vitalita-si-fondono.-Joao-Nuno-Macedo-059-768x1152.jpg 768w, https:\/\/socialdesignmagazine.com\/mag\/wp-content\/uploads\/2023\/06\/Architettura-universitaria-a-Santa-Cruz.-Sobrieta-e-vitalita-si-fondono.-Joao-Nuno-Macedo-059-1366x2048.jpg 1366w, https:\/\/socialdesignmagazine.com\/mag\/wp-content\/uploads\/2023\/06\/Architettura-universitaria-a-Santa-Cruz.-Sobrieta-e-vitalita-si-fondono.-Joao-Nuno-Macedo-059-scaled.jpg 1707w\" sizes=\"auto, (max-width: 1024px) 100vw, 1024px\" \/><\/figure>\n\n\n\n<figure class=\"wp-block-image size-large\"><img loading=\"lazy\" decoding=\"async\" width=\"1024\" height=\"1536\" data-attachment-id=\"53496\" data-permalink=\"https:\/\/socialdesignmagazine.com\/mag\/architettura\/architettura-universitaria-a-santa-cruz-sobrieta-e-vitalita-si-fondono\/attachment\/architettura-universitaria-a-santa-cruz-sobrieta-e-vitalita-si-fondono-joao-nuno-macedo-060\/#content\" data-orig-file=\"https:\/\/socialdesignmagazine.com\/mag\/wp-content\/uploads\/2023\/06\/Architettura-universitaria-a-Santa-Cruz.-Sobrieta-e-vitalita-si-fondono.-Joao-Nuno-Macedo-060-scaled.jpg\" data-orig-size=\"1707,2560\" data-comments-opened=\"1\" data-image-meta=\"{&quot;aperture&quot;:&quot;0&quot;,&quot;credit&quot;:&quot;&quot;,&quot;camera&quot;:&quot;&quot;,&quot;caption&quot;:&quot;&quot;,&quot;created_timestamp&quot;:&quot;0&quot;,&quot;copyright&quot;:&quot;&quot;,&quot;focal_length&quot;:&quot;0&quot;,&quot;iso&quot;:&quot;0&quot;,&quot;shutter_speed&quot;:&quot;0&quot;,&quot;title&quot;:&quot;&quot;,&quot;orientation&quot;:&quot;0&quot;}\" data-image-title=\"Architettura universitaria a Santa Cruz. Sobrieta e vitalita si fondono. Joao Nuno Macedo\" data-image-description=\"\" data-image-caption=\"\" data-medium-file=\"https:\/\/socialdesignmagazine.com\/mag\/wp-content\/uploads\/2023\/06\/Architettura-universitaria-a-Santa-Cruz.-Sobrieta-e-vitalita-si-fondono.-Joao-Nuno-Macedo-060-438x283.jpg\" data-large-file=\"https:\/\/socialdesignmagazine.com\/mag\/wp-content\/uploads\/2023\/06\/Architettura-universitaria-a-Santa-Cruz.-Sobrieta-e-vitalita-si-fondono.-Joao-Nuno-Macedo-060-1024x1536.jpg\" data-id=\"53496\" src=\"https:\/\/socialdesignmagazine.com\/mag\/wp-content\/uploads\/2023\/06\/Architettura-universitaria-a-Santa-Cruz.-Sobrieta-e-vitalita-si-fondono.-Joao-Nuno-Macedo-060-1024x1536.jpg\" alt=\"Architettura universitaria a Santa Cruz. Sobrieta e vitalita si fondono. Joao Nuno Macedo\" class=\"wp-image-53496\" srcset=\"https:\/\/socialdesignmagazine.com\/mag\/wp-content\/uploads\/2023\/06\/Architettura-universitaria-a-Santa-Cruz.-Sobrieta-e-vitalita-si-fondono.-Joao-Nuno-Macedo-060-1024x1536.jpg 1024w, https:\/\/socialdesignmagazine.com\/mag\/wp-content\/uploads\/2023\/06\/Architettura-universitaria-a-Santa-Cruz.-Sobrieta-e-vitalita-si-fondono.-Joao-Nuno-Macedo-060-768x1152.jpg 768w, https:\/\/socialdesignmagazine.com\/mag\/wp-content\/uploads\/2023\/06\/Architettura-universitaria-a-Santa-Cruz.-Sobrieta-e-vitalita-si-fondono.-Joao-Nuno-Macedo-060-1366x2048.jpg 1366w, https:\/\/socialdesignmagazine.com\/mag\/wp-content\/uploads\/2023\/06\/Architettura-universitaria-a-Santa-Cruz.-Sobrieta-e-vitalita-si-fondono.-Joao-Nuno-Macedo-060-scaled.jpg 1707w\" sizes=\"auto, (max-width: 1024px) 100vw, 1024px\" \/><\/figure>\n\n\n\n<figure class=\"wp-block-image size-large\"><img loading=\"lazy\" decoding=\"async\" width=\"1024\" height=\"1536\" data-attachment-id=\"53497\" data-permalink=\"https:\/\/socialdesignmagazine.com\/mag\/architettura\/architettura-universitaria-a-santa-cruz-sobrieta-e-vitalita-si-fondono\/attachment\/architettura-universitaria-a-santa-cruz-sobrieta-e-vitalita-si-fondono-joao-nuno-macedo-061\/#content\" data-orig-file=\"https:\/\/socialdesignmagazine.com\/mag\/wp-content\/uploads\/2023\/06\/Architettura-universitaria-a-Santa-Cruz.-Sobrieta-e-vitalita-si-fondono.-Joao-Nuno-Macedo-061-scaled.jpg\" data-orig-size=\"1707,2560\" data-comments-opened=\"1\" data-image-meta=\"{&quot;aperture&quot;:&quot;0&quot;,&quot;credit&quot;:&quot;&quot;,&quot;camera&quot;:&quot;&quot;,&quot;caption&quot;:&quot;&quot;,&quot;created_timestamp&quot;:&quot;0&quot;,&quot;copyright&quot;:&quot;&quot;,&quot;focal_length&quot;:&quot;0&quot;,&quot;iso&quot;:&quot;0&quot;,&quot;shutter_speed&quot;:&quot;0&quot;,&quot;title&quot;:&quot;&quot;,&quot;orientation&quot;:&quot;0&quot;}\" data-image-title=\"Architettura universitaria a Santa Cruz. Sobrieta e vitalita si fondono. Joao Nuno Macedo\" data-image-description=\"\" data-image-caption=\"\" data-medium-file=\"https:\/\/socialdesignmagazine.com\/mag\/wp-content\/uploads\/2023\/06\/Architettura-universitaria-a-Santa-Cruz.-Sobrieta-e-vitalita-si-fondono.-Joao-Nuno-Macedo-061-438x283.jpg\" data-large-file=\"https:\/\/socialdesignmagazine.com\/mag\/wp-content\/uploads\/2023\/06\/Architettura-universitaria-a-Santa-Cruz.-Sobrieta-e-vitalita-si-fondono.-Joao-Nuno-Macedo-061-1024x1536.jpg\" data-id=\"53497\" src=\"https:\/\/socialdesignmagazine.com\/mag\/wp-content\/uploads\/2023\/06\/Architettura-universitaria-a-Santa-Cruz.-Sobrieta-e-vitalita-si-fondono.-Joao-Nuno-Macedo-061-1024x1536.jpg\" alt=\"Architettura universitaria a Santa Cruz. Sobrieta e vitalita si fondono. Joao Nuno Macedo\" class=\"wp-image-53497\" srcset=\"https:\/\/socialdesignmagazine.com\/mag\/wp-content\/uploads\/2023\/06\/Architettura-universitaria-a-Santa-Cruz.-Sobrieta-e-vitalita-si-fondono.-Joao-Nuno-Macedo-061-1024x1536.jpg 1024w, https:\/\/socialdesignmagazine.com\/mag\/wp-content\/uploads\/2023\/06\/Architettura-universitaria-a-Santa-Cruz.-Sobrieta-e-vitalita-si-fondono.-Joao-Nuno-Macedo-061-768x1152.jpg 768w, https:\/\/socialdesignmagazine.com\/mag\/wp-content\/uploads\/2023\/06\/Architettura-universitaria-a-Santa-Cruz.-Sobrieta-e-vitalita-si-fondono.-Joao-Nuno-Macedo-061-1366x2048.jpg 1366w, https:\/\/socialdesignmagazine.com\/mag\/wp-content\/uploads\/2023\/06\/Architettura-universitaria-a-Santa-Cruz.-Sobrieta-e-vitalita-si-fondono.-Joao-Nuno-Macedo-061-scaled.jpg 1707w\" sizes=\"auto, (max-width: 1024px) 100vw, 1024px\" \/><\/figure>\n<\/figure>\n\n\n\n<figure class=\"wp-block-gallery has-nested-images columns-1 is-cropped wp-block-gallery-2 is-layout-flex wp-block-gallery-is-layout-flex\">\n<figure class=\"wp-block-image size-large\"><img loading=\"lazy\" decoding=\"async\" width=\"1024\" height=\"724\" data-attachment-id=\"53429\" data-permalink=\"https:\/\/socialdesignmagazine.com\/mag\/architettura\/architettura-universitaria-a-santa-cruz-sobrieta-e-vitalita-si-fondono\/attachment\/00-cave\/#content\" data-orig-file=\"https:\/\/socialdesignmagazine.com\/mag\/wp-content\/uploads\/2023\/06\/00.-CAVE-scaled.jpg\" data-orig-size=\"2560,1810\" data-comments-opened=\"1\" data-image-meta=\"{&quot;aperture&quot;:&quot;0&quot;,&quot;credit&quot;:&quot;&quot;,&quot;camera&quot;:&quot;&quot;,&quot;caption&quot;:&quot;&quot;,&quot;created_timestamp&quot;:&quot;0&quot;,&quot;copyright&quot;:&quot;&quot;,&quot;focal_length&quot;:&quot;0&quot;,&quot;iso&quot;:&quot;0&quot;,&quot;shutter_speed&quot;:&quot;0&quot;,&quot;title&quot;:&quot;&quot;,&quot;orientation&quot;:&quot;0&quot;}\" data-image-title=\". CAVE\" data-image-description=\"\" data-image-caption=\"\" data-medium-file=\"https:\/\/socialdesignmagazine.com\/mag\/wp-content\/uploads\/2023\/06\/00.-CAVE-438x283.jpg\" data-large-file=\"https:\/\/socialdesignmagazine.com\/mag\/wp-content\/uploads\/2023\/06\/00.-CAVE-1024x724.jpg\" data-id=\"53429\" src=\"https:\/\/socialdesignmagazine.com\/mag\/wp-content\/uploads\/2023\/06\/00.-CAVE-1024x724.jpg\" alt=\". CAVE\" class=\"wp-image-53429\" srcset=\"https:\/\/socialdesignmagazine.com\/mag\/wp-content\/uploads\/2023\/06\/00.-CAVE-1024x724.jpg 1024w, https:\/\/socialdesignmagazine.com\/mag\/wp-content\/uploads\/2023\/06\/00.-CAVE-768x543.jpg 768w, https:\/\/socialdesignmagazine.com\/mag\/wp-content\/uploads\/2023\/06\/00.-CAVE-1536x1086.jpg 1536w, https:\/\/socialdesignmagazine.com\/mag\/wp-content\/uploads\/2023\/06\/00.-CAVE-2048x1448.jpg 2048w\" sizes=\"auto, (max-width: 1024px) 100vw, 1024px\" \/><\/figure>\n\n\n\n<figure class=\"wp-block-image size-large\"><img loading=\"lazy\" decoding=\"async\" width=\"1024\" height=\"724\" data-attachment-id=\"53431\" data-permalink=\"https:\/\/socialdesignmagazine.com\/mag\/architettura\/architettura-universitaria-a-santa-cruz-sobrieta-e-vitalita-si-fondono\/attachment\/01-piso-00\/#content\" data-orig-file=\"https:\/\/socialdesignmagazine.com\/mag\/wp-content\/uploads\/2023\/06\/01.-PISO-00-scaled.jpg\" data-orig-size=\"2560,1810\" data-comments-opened=\"1\" data-image-meta=\"{&quot;aperture&quot;:&quot;0&quot;,&quot;credit&quot;:&quot;&quot;,&quot;camera&quot;:&quot;&quot;,&quot;caption&quot;:&quot;&quot;,&quot;created_timestamp&quot;:&quot;0&quot;,&quot;copyright&quot;:&quot;&quot;,&quot;focal_length&quot;:&quot;0&quot;,&quot;iso&quot;:&quot;0&quot;,&quot;shutter_speed&quot;:&quot;0&quot;,&quot;title&quot;:&quot;&quot;,&quot;orientation&quot;:&quot;0&quot;}\" data-image-title=\". PISO\" data-image-description=\"\" data-image-caption=\"\" data-medium-file=\"https:\/\/socialdesignmagazine.com\/mag\/wp-content\/uploads\/2023\/06\/01.-PISO-00-438x283.jpg\" data-large-file=\"https:\/\/socialdesignmagazine.com\/mag\/wp-content\/uploads\/2023\/06\/01.-PISO-00-1024x724.jpg\" data-id=\"53431\" src=\"https:\/\/socialdesignmagazine.com\/mag\/wp-content\/uploads\/2023\/06\/01.-PISO-00-1024x724.jpg\" alt=\". PISO\" class=\"wp-image-53431\" srcset=\"https:\/\/socialdesignmagazine.com\/mag\/wp-content\/uploads\/2023\/06\/01.-PISO-00-1024x724.jpg 1024w, https:\/\/socialdesignmagazine.com\/mag\/wp-content\/uploads\/2023\/06\/01.-PISO-00-768x543.jpg 768w, https:\/\/socialdesignmagazine.com\/mag\/wp-content\/uploads\/2023\/06\/01.-PISO-00-1536x1086.jpg 1536w, https:\/\/socialdesignmagazine.com\/mag\/wp-content\/uploads\/2023\/06\/01.-PISO-00-2048x1448.jpg 2048w\" sizes=\"auto, (max-width: 1024px) 100vw, 1024px\" \/><\/figure>\n\n\n\n<figure class=\"wp-block-image size-large\"><img loading=\"lazy\" decoding=\"async\" width=\"1024\" height=\"724\" data-attachment-id=\"53430\" data-permalink=\"https:\/\/socialdesignmagazine.com\/mag\/architettura\/architettura-universitaria-a-santa-cruz-sobrieta-e-vitalita-si-fondono\/attachment\/02-piso-01-e-piso-02\/#content\" data-orig-file=\"https:\/\/socialdesignmagazine.com\/mag\/wp-content\/uploads\/2023\/06\/02.-PISO-01-E-PISO-02-scaled.jpg\" data-orig-size=\"2560,1810\" data-comments-opened=\"1\" data-image-meta=\"{&quot;aperture&quot;:&quot;0&quot;,&quot;credit&quot;:&quot;&quot;,&quot;camera&quot;:&quot;&quot;,&quot;caption&quot;:&quot;&quot;,&quot;created_timestamp&quot;:&quot;0&quot;,&quot;copyright&quot;:&quot;&quot;,&quot;focal_length&quot;:&quot;0&quot;,&quot;iso&quot;:&quot;0&quot;,&quot;shutter_speed&quot;:&quot;0&quot;,&quot;title&quot;:&quot;&quot;,&quot;orientation&quot;:&quot;0&quot;}\" data-image-title=\". PISO E PISO\" data-image-description=\"\" data-image-caption=\"\" data-medium-file=\"https:\/\/socialdesignmagazine.com\/mag\/wp-content\/uploads\/2023\/06\/02.-PISO-01-E-PISO-02-438x283.jpg\" data-large-file=\"https:\/\/socialdesignmagazine.com\/mag\/wp-content\/uploads\/2023\/06\/02.-PISO-01-E-PISO-02-1024x724.jpg\" data-id=\"53430\" src=\"https:\/\/socialdesignmagazine.com\/mag\/wp-content\/uploads\/2023\/06\/02.-PISO-01-E-PISO-02-1024x724.jpg\" alt=\". PISO E PISO\" class=\"wp-image-53430\" srcset=\"https:\/\/socialdesignmagazine.com\/mag\/wp-content\/uploads\/2023\/06\/02.-PISO-01-E-PISO-02-1024x724.jpg 1024w, https:\/\/socialdesignmagazine.com\/mag\/wp-content\/uploads\/2023\/06\/02.-PISO-01-E-PISO-02-768x543.jpg 768w, https:\/\/socialdesignmagazine.com\/mag\/wp-content\/uploads\/2023\/06\/02.-PISO-01-E-PISO-02-1536x1086.jpg 1536w, https:\/\/socialdesignmagazine.com\/mag\/wp-content\/uploads\/2023\/06\/02.-PISO-01-E-PISO-02-2048x1448.jpg 2048w\" sizes=\"auto, (max-width: 1024px) 100vw, 1024px\" \/><\/figure>\n\n\n\n<figure class=\"wp-block-image size-large\"><img loading=\"lazy\" decoding=\"async\" width=\"1024\" height=\"724\" data-attachment-id=\"53432\" data-permalink=\"https:\/\/socialdesignmagazine.com\/mag\/architettura\/architettura-universitaria-a-santa-cruz-sobrieta-e-vitalita-si-fondono\/attachment\/03-piso-03\/#content\" data-orig-file=\"https:\/\/socialdesignmagazine.com\/mag\/wp-content\/uploads\/2023\/06\/03.-PISO-03-scaled.jpg\" data-orig-size=\"2560,1810\" data-comments-opened=\"1\" data-image-meta=\"{&quot;aperture&quot;:&quot;0&quot;,&quot;credit&quot;:&quot;&quot;,&quot;camera&quot;:&quot;&quot;,&quot;caption&quot;:&quot;&quot;,&quot;created_timestamp&quot;:&quot;0&quot;,&quot;copyright&quot;:&quot;&quot;,&quot;focal_length&quot;:&quot;0&quot;,&quot;iso&quot;:&quot;0&quot;,&quot;shutter_speed&quot;:&quot;0&quot;,&quot;title&quot;:&quot;&quot;,&quot;orientation&quot;:&quot;0&quot;}\" data-image-title=\". PISO\" data-image-description=\"\" data-image-caption=\"\" data-medium-file=\"https:\/\/socialdesignmagazine.com\/mag\/wp-content\/uploads\/2023\/06\/03.-PISO-03-438x283.jpg\" data-large-file=\"https:\/\/socialdesignmagazine.com\/mag\/wp-content\/uploads\/2023\/06\/03.-PISO-03-1024x724.jpg\" data-id=\"53432\" src=\"https:\/\/socialdesignmagazine.com\/mag\/wp-content\/uploads\/2023\/06\/03.-PISO-03-1024x724.jpg\" alt=\". PISO\" class=\"wp-image-53432\" srcset=\"https:\/\/socialdesignmagazine.com\/mag\/wp-content\/uploads\/2023\/06\/03.-PISO-03-1024x724.jpg 1024w, https:\/\/socialdesignmagazine.com\/mag\/wp-content\/uploads\/2023\/06\/03.-PISO-03-768x543.jpg 768w, https:\/\/socialdesignmagazine.com\/mag\/wp-content\/uploads\/2023\/06\/03.-PISO-03-1536x1086.jpg 1536w, https:\/\/socialdesignmagazine.com\/mag\/wp-content\/uploads\/2023\/06\/03.-PISO-03-2048x1448.jpg 2048w\" sizes=\"auto, (max-width: 1024px) 100vw, 1024px\" \/><\/figure>\n\n\n\n<figure class=\"wp-block-image size-large\"><img loading=\"lazy\" decoding=\"async\" width=\"1024\" height=\"724\" data-attachment-id=\"53435\" data-permalink=\"https:\/\/socialdesignmagazine.com\/mag\/architettura\/architettura-universitaria-a-santa-cruz-sobrieta-e-vitalita-si-fondono\/attachment\/04-piso-04\/#content\" data-orig-file=\"https:\/\/socialdesignmagazine.com\/mag\/wp-content\/uploads\/2023\/06\/04.-PISO-04-scaled.jpg\" data-orig-size=\"2560,1810\" data-comments-opened=\"1\" data-image-meta=\"{&quot;aperture&quot;:&quot;0&quot;,&quot;credit&quot;:&quot;&quot;,&quot;camera&quot;:&quot;&quot;,&quot;caption&quot;:&quot;&quot;,&quot;created_timestamp&quot;:&quot;0&quot;,&quot;copyright&quot;:&quot;&quot;,&quot;focal_length&quot;:&quot;0&quot;,&quot;iso&quot;:&quot;0&quot;,&quot;shutter_speed&quot;:&quot;0&quot;,&quot;title&quot;:&quot;&quot;,&quot;orientation&quot;:&quot;0&quot;}\" data-image-title=\". PISO\" data-image-description=\"\" data-image-caption=\"\" data-medium-file=\"https:\/\/socialdesignmagazine.com\/mag\/wp-content\/uploads\/2023\/06\/04.-PISO-04-438x283.jpg\" data-large-file=\"https:\/\/socialdesignmagazine.com\/mag\/wp-content\/uploads\/2023\/06\/04.-PISO-04-1024x724.jpg\" data-id=\"53435\" src=\"https:\/\/socialdesignmagazine.com\/mag\/wp-content\/uploads\/2023\/06\/04.-PISO-04-1024x724.jpg\" alt=\". PISO\" class=\"wp-image-53435\" srcset=\"https:\/\/socialdesignmagazine.com\/mag\/wp-content\/uploads\/2023\/06\/04.-PISO-04-1024x724.jpg 1024w, https:\/\/socialdesignmagazine.com\/mag\/wp-content\/uploads\/2023\/06\/04.-PISO-04-768x543.jpg 768w, https:\/\/socialdesignmagazine.com\/mag\/wp-content\/uploads\/2023\/06\/04.-PISO-04-1536x1086.jpg 1536w, https:\/\/socialdesignmagazine.com\/mag\/wp-content\/uploads\/2023\/06\/04.-PISO-04-2048x1448.jpg 2048w\" sizes=\"auto, (max-width: 1024px) 100vw, 1024px\" \/><\/figure>\n\n\n\n<figure class=\"wp-block-image size-large\"><img loading=\"lazy\" decoding=\"async\" width=\"1024\" height=\"724\" data-attachment-id=\"53436\" data-permalink=\"https:\/\/socialdesignmagazine.com\/mag\/architettura\/architettura-universitaria-a-santa-cruz-sobrieta-e-vitalita-si-fondono\/attachment\/05-cobertura\/#content\" data-orig-file=\"https:\/\/socialdesignmagazine.com\/mag\/wp-content\/uploads\/2023\/06\/05.-COBERTURA-scaled.jpg\" data-orig-size=\"2560,1810\" data-comments-opened=\"1\" data-image-meta=\"{&quot;aperture&quot;:&quot;0&quot;,&quot;credit&quot;:&quot;&quot;,&quot;camera&quot;:&quot;&quot;,&quot;caption&quot;:&quot;&quot;,&quot;created_timestamp&quot;:&quot;0&quot;,&quot;copyright&quot;:&quot;&quot;,&quot;focal_length&quot;:&quot;0&quot;,&quot;iso&quot;:&quot;0&quot;,&quot;shutter_speed&quot;:&quot;0&quot;,&quot;title&quot;:&quot;&quot;,&quot;orientation&quot;:&quot;0&quot;}\" data-image-title=\". COBERTURA\" data-image-description=\"\" data-image-caption=\"\" data-medium-file=\"https:\/\/socialdesignmagazine.com\/mag\/wp-content\/uploads\/2023\/06\/05.-COBERTURA-438x283.jpg\" data-large-file=\"https:\/\/socialdesignmagazine.com\/mag\/wp-content\/uploads\/2023\/06\/05.-COBERTURA-1024x724.jpg\" data-id=\"53436\" src=\"https:\/\/socialdesignmagazine.com\/mag\/wp-content\/uploads\/2023\/06\/05.-COBERTURA-1024x724.jpg\" alt=\". COBERTURA\" class=\"wp-image-53436\" srcset=\"https:\/\/socialdesignmagazine.com\/mag\/wp-content\/uploads\/2023\/06\/05.-COBERTURA-1024x724.jpg 1024w, https:\/\/socialdesignmagazine.com\/mag\/wp-content\/uploads\/2023\/06\/05.-COBERTURA-768x543.jpg 768w, https:\/\/socialdesignmagazine.com\/mag\/wp-content\/uploads\/2023\/06\/05.-COBERTURA-1536x1086.jpg 1536w, https:\/\/socialdesignmagazine.com\/mag\/wp-content\/uploads\/2023\/06\/05.-COBERTURA-2048x1448.jpg 2048w\" sizes=\"auto, (max-width: 1024px) 100vw, 1024px\" \/><\/figure>\n\n\n\n<figure class=\"wp-block-image size-large\"><img loading=\"lazy\" decoding=\"async\" width=\"1024\" height=\"724\" data-attachment-id=\"53433\" data-permalink=\"https:\/\/socialdesignmagazine.com\/mag\/architettura\/architettura-universitaria-a-santa-cruz-sobrieta-e-vitalita-si-fondono\/attachment\/06-alcado-frontal\/#content\" data-orig-file=\"https:\/\/socialdesignmagazine.com\/mag\/wp-content\/uploads\/2023\/06\/06.-ALCADO-FRONTAL-scaled.jpg\" data-orig-size=\"2560,1810\" data-comments-opened=\"1\" data-image-meta=\"{&quot;aperture&quot;:&quot;0&quot;,&quot;credit&quot;:&quot;&quot;,&quot;camera&quot;:&quot;&quot;,&quot;caption&quot;:&quot;&quot;,&quot;created_timestamp&quot;:&quot;0&quot;,&quot;copyright&quot;:&quot;&quot;,&quot;focal_length&quot;:&quot;0&quot;,&quot;iso&quot;:&quot;0&quot;,&quot;shutter_speed&quot;:&quot;0&quot;,&quot;title&quot;:&quot;&quot;,&quot;orientation&quot;:&quot;0&quot;}\" data-image-title=\". ALCADO FRONTAL\" data-image-description=\"\" data-image-caption=\"\" data-medium-file=\"https:\/\/socialdesignmagazine.com\/mag\/wp-content\/uploads\/2023\/06\/06.-ALCADO-FRONTAL-438x283.jpg\" data-large-file=\"https:\/\/socialdesignmagazine.com\/mag\/wp-content\/uploads\/2023\/06\/06.-ALCADO-FRONTAL-1024x724.jpg\" data-id=\"53433\" src=\"https:\/\/socialdesignmagazine.com\/mag\/wp-content\/uploads\/2023\/06\/06.-ALCADO-FRONTAL-1024x724.jpg\" alt=\". ALCADO FRONTAL\" class=\"wp-image-53433\" srcset=\"https:\/\/socialdesignmagazine.com\/mag\/wp-content\/uploads\/2023\/06\/06.-ALCADO-FRONTAL-1024x724.jpg 1024w, https:\/\/socialdesignmagazine.com\/mag\/wp-content\/uploads\/2023\/06\/06.-ALCADO-FRONTAL-768x543.jpg 768w, https:\/\/socialdesignmagazine.com\/mag\/wp-content\/uploads\/2023\/06\/06.-ALCADO-FRONTAL-1536x1086.jpg 1536w, https:\/\/socialdesignmagazine.com\/mag\/wp-content\/uploads\/2023\/06\/06.-ALCADO-FRONTAL-2048x1448.jpg 2048w\" sizes=\"auto, (max-width: 1024px) 100vw, 1024px\" \/><\/figure>\n\n\n\n<figure class=\"wp-block-image size-large\"><img loading=\"lazy\" decoding=\"async\" width=\"1024\" height=\"724\" data-attachment-id=\"53434\" data-permalink=\"https:\/\/socialdesignmagazine.com\/mag\/architettura\/architettura-universitaria-a-santa-cruz-sobrieta-e-vitalita-si-fondono\/attachment\/07-alcado-posterior\/#content\" data-orig-file=\"https:\/\/socialdesignmagazine.com\/mag\/wp-content\/uploads\/2023\/06\/07.-ALCADO-POSTERIOR-scaled.jpg\" data-orig-size=\"2560,1810\" data-comments-opened=\"1\" data-image-meta=\"{&quot;aperture&quot;:&quot;0&quot;,&quot;credit&quot;:&quot;&quot;,&quot;camera&quot;:&quot;&quot;,&quot;caption&quot;:&quot;&quot;,&quot;created_timestamp&quot;:&quot;0&quot;,&quot;copyright&quot;:&quot;&quot;,&quot;focal_length&quot;:&quot;0&quot;,&quot;iso&quot;:&quot;0&quot;,&quot;shutter_speed&quot;:&quot;0&quot;,&quot;title&quot;:&quot;&quot;,&quot;orientation&quot;:&quot;0&quot;}\" data-image-title=\". ALCADO POSTERIOR\" data-image-description=\"\" data-image-caption=\"\" data-medium-file=\"https:\/\/socialdesignmagazine.com\/mag\/wp-content\/uploads\/2023\/06\/07.-ALCADO-POSTERIOR-438x283.jpg\" data-large-file=\"https:\/\/socialdesignmagazine.com\/mag\/wp-content\/uploads\/2023\/06\/07.-ALCADO-POSTERIOR-1024x724.jpg\" data-id=\"53434\" src=\"https:\/\/socialdesignmagazine.com\/mag\/wp-content\/uploads\/2023\/06\/07.-ALCADO-POSTERIOR-1024x724.jpg\" alt=\". ALCADO POSTERIOR\" class=\"wp-image-53434\" srcset=\"https:\/\/socialdesignmagazine.com\/mag\/wp-content\/uploads\/2023\/06\/07.-ALCADO-POSTERIOR-1024x724.jpg 1024w, https:\/\/socialdesignmagazine.com\/mag\/wp-content\/uploads\/2023\/06\/07.-ALCADO-POSTERIOR-768x543.jpg 768w, https:\/\/socialdesignmagazine.com\/mag\/wp-content\/uploads\/2023\/06\/07.-ALCADO-POSTERIOR-1536x1086.jpg 1536w, https:\/\/socialdesignmagazine.com\/mag\/wp-content\/uploads\/2023\/06\/07.-ALCADO-POSTERIOR-2048x1448.jpg 2048w\" sizes=\"auto, (max-width: 1024px) 100vw, 1024px\" \/><\/figure>\n<\/figure>\n\n\n\n<h2 class=\"wp-block-heading\">Project info<\/h2>\n\n\n\n<p><strong>Project name:<\/strong> Santa Cruz<br><strong>Office:<\/strong> jo\u00e3o nuno macedo, arquitectos<br><strong>Architects:<\/strong> Jo\u00e3o Nuno Macedo<br><strong>Website:<\/strong> www.joaonunomacedo.com<br><strong>Mail:<\/strong> geral@joaonunomacedo.com<br><strong>Facebook:<\/strong> www.facebook.com\/joaonunomacedo<br><strong>Instagram:<\/strong> www.instagram.com\/joaonunomacedoarquitectos<br><strong>Location:<\/strong> Braga<br><strong>Conclusion year:<\/strong> 2019<br><strong>Build Area (m2):<\/strong> 1296.60<br><strong>Client:<\/strong> Privado<br><strong>Photographer:<\/strong> Ivo Tavares Studio<br><strong>Website:<\/strong> <a rel=\"nofollow\" href=\"http:\/\/www.ivotavares.net\">www.ivotavares.net<\/a><br><strong>Facebook:<\/strong> www.facebook.com\/ivotavaresstudio<br><strong>Instagram:<\/strong> www.instagram.com\/ivotavaresstudio<\/p>\n","protected":false,"gt_translate_keys":[{"key":"rendered","format":"html"}]},"excerpt":{"rendered":"<p>Jo\u00e3o Nuno Macedo ha progettato l&#8217;edificio Santa Cruz, caratterizzato da linee pulite e sobrie, che si fonde armoniosamente nel contesto urbano. <\/p>\n","protected":false,"gt_translate_keys":[{"key":"rendered","format":"html"}]},"author":1,"featured_media":53490,"comment_status":"open","ping_status":"open","sticky":false,"template":"","format":"standard","meta":{"jetpack_post_was_ever_published":false,"_jetpack_newsletter_access":"","_jetpack_dont_email_post_to_subs":false,"_jetpack_newsletter_tier_id":0,"_jetpack_memberships_contains_paywalled_content":false,"_jetpack_memberships_contains_paid_content":false,"footnotes":"","_wpscppro_dont_share_socialmedia":false,"_wpscppro_custom_social_share_image":0,"_facebook_share_type":"","_twitter_share_type":"","_linkedin_share_type":"","_pinterest_share_type":"","_linkedin_share_type_page":"","_instagram_share_type":"","_medium_share_type":"","_threads_share_type":"","_google_business_share_type":"","_selected_social_profile":[],"_wpsp_enable_custom_social_template":false,"_wpsp_social_scheduling":{"enabled":false,"datetime":null,"platforms":[],"status":"template_only","dateOption":"today","timeOption":"now","customDays":"","customHours":"","customDate":"","customTime":"","schedulingType":"absolute"},"_wpsp_active_default_template":true},"categories":[15],"tags":[5451,2292,6185],"class_list":["post-53428","post","type-post","status-publish","format-standard","has-post-thumbnail","hentry","category-architettura","tag-architettura","tag-interior-design","tag-ivo-tavares-architectural-photographer"],"yoast_head":"<!-- This site is optimized with the Yoast SEO plugin v27.2 - https:\/\/yoast.com\/product\/yoast-seo-wordpress\/ -->\n<title>Architettura universitaria a Santa Cruz: Sobriet\u00e0 e vitalit\u00e0 si fondono - Social Design Magazine<\/title>\n<meta name=\"description\" content=\"Jo\u00e3o Nuno Macedo ha progettato l&#039;edificio Santa Cruz, caratterizzato da linee pulite e sobrie, che si fonde armoniosamente nel contesto urbano.\" \/>\n<meta name=\"robots\" content=\"index, follow, max-snippet:-1, max-image-preview:large, max-video-preview:-1\" \/>\n<link rel=\"canonical\" href=\"https:\/\/socialdesignmagazine.com\/mag\/architettura\/architettura-universitaria-a-santa-cruz-sobrieta-e-vitalita-si-fondono\/\" \/>\n<meta property=\"og:locale\" content=\"it_IT\" \/>\n<meta property=\"og:type\" content=\"article\" \/>\n<meta property=\"og:title\" content=\"Architettura universitaria a Santa Cruz: Sobriet\u00e0 e vitalit\u00e0 si fondono - Social Design Magazine\" \/>\n<meta property=\"og:description\" content=\"Jo\u00e3o Nuno Macedo ha progettato l&#039;edificio Santa Cruz, caratterizzato da linee pulite e sobrie, che si fonde armoniosamente nel contesto urbano.\" \/>\n<meta property=\"og:url\" content=\"http:\/\/socialdesignmagazine.com\/mag\/architettura\/architettura-universitaria-a-santa-cruz-sobrieta-e-vitalita-si-fondono\/\" \/>\n<meta property=\"og:site_name\" content=\"Social Design Magazine\" \/>\n<meta property=\"article:publisher\" content=\"https:\/\/www.facebook.com\/socialdesignmag\" \/>\n<meta property=\"article:author\" content=\"https:\/\/www.facebook.com\/benedettofiori\" \/>\n<meta property=\"article:published_time\" content=\"2023-07-03T18:00:00+00:00\" \/>\n<meta property=\"og:image\" content=\"https:\/\/socialdesignmagazine.com\/mag\/wp-content\/uploads\/2023\/06\/Architettura-universitaria-a-Santa-Cruz.-Sobrieta-e-vitalita-si-fondono.-Joao-Nuno-Macedo-037-scaled.jpg\" \/>\n\t<meta property=\"og:image:width\" content=\"2560\" \/>\n\t<meta property=\"og:image:height\" content=\"1707\" \/>\n\t<meta property=\"og:image:type\" content=\"image\/jpeg\" \/>\n<meta name=\"author\" content=\"Benedetto Fiori\" \/>\n<meta name=\"twitter:card\" content=\"summary_large_image\" \/>\n<meta name=\"twitter:creator\" content=\"@benedettofiori\" \/>\n<meta name=\"twitter:site\" content=\"@socialdesignmag\" \/>\n<meta name=\"twitter:label1\" content=\"Scritto da\" \/>\n\t<meta name=\"twitter:data1\" content=\"Benedetto Fiori\" \/>\n\t<meta name=\"twitter:label2\" content=\"Tempo di lettura stimato\" \/>\n\t<meta name=\"twitter:data2\" content=\"16 minuti\" \/>\n<script type=\"application\/ld+json\" class=\"yoast-schema-graph\">{\"@context\":\"https:\/\/schema.org\",\"@graph\":[{\"@type\":\"Article\",\"@id\":\"https:\/\/socialdesignmagazine.com\/mag\/architettura\/architettura-universitaria-a-santa-cruz-sobrieta-e-vitalita-si-fondono\/#article\",\"isPartOf\":{\"@id\":\"https:\/\/socialdesignmagazine.com\/mag\/architettura\/architettura-universitaria-a-santa-cruz-sobrieta-e-vitalita-si-fondono\/\"},\"author\":{\"name\":\"Benedetto Fiori\",\"@id\":\"https:\/\/socialdesignmagazine.com\/mag\/#\/schema\/person\/61e20205cc363c315e6aabd33a045846\"},\"headline\":\"Architettura universitaria a Santa Cruz: Sobriet\u00e0 e vitalit\u00e0 si fondono\",\"datePublished\":\"2023-07-03T18:00:00+00:00\",\"mainEntityOfPage\":{\"@id\":\"https:\/\/socialdesignmagazine.com\/mag\/architettura\/architettura-universitaria-a-santa-cruz-sobrieta-e-vitalita-si-fondono\/\"},\"wordCount\":369,\"commentCount\":0,\"publisher\":{\"@id\":\"https:\/\/socialdesignmagazine.com\/mag\/#organization\"},\"image\":{\"@id\":\"https:\/\/socialdesignmagazine.com\/mag\/architettura\/architettura-universitaria-a-santa-cruz-sobrieta-e-vitalita-si-fondono\/#primaryimage\"},\"thumbnailUrl\":\"https:\/\/socialdesignmagazine.com\/mag\/wp-content\/uploads\/2023\/06\/Architettura-universitaria-a-Santa-Cruz.-Sobrieta-e-vitalita-si-fondono.-Joao-Nuno-Macedo-037-scaled.jpg\",\"keywords\":[\"architettura\",\"interior design\",\"ivo tavares architectural photographer\"],\"articleSection\":[\"Architettura\"],\"inLanguage\":\"it-IT\",\"potentialAction\":[{\"@type\":\"CommentAction\",\"name\":\"Comment\",\"target\":[\"https:\/\/socialdesignmagazine.com\/mag\/architettura\/architettura-universitaria-a-santa-cruz-sobrieta-e-vitalita-si-fondono\/#respond\"]}]},{\"@type\":\"WebPage\",\"@id\":\"https:\/\/socialdesignmagazine.com\/mag\/architettura\/architettura-universitaria-a-santa-cruz-sobrieta-e-vitalita-si-fondono\/\",\"url\":\"https:\/\/socialdesignmagazine.com\/mag\/architettura\/architettura-universitaria-a-santa-cruz-sobrieta-e-vitalita-si-fondono\/\",\"name\":\"Architettura universitaria a Santa Cruz: Sobriet\u00e0 e vitalit\u00e0 si fondono - Social Design Magazine\",\"isPartOf\":{\"@id\":\"https:\/\/socialdesignmagazine.com\/mag\/#website\"},\"primaryImageOfPage\":{\"@id\":\"https:\/\/socialdesignmagazine.com\/mag\/architettura\/architettura-universitaria-a-santa-cruz-sobrieta-e-vitalita-si-fondono\/#primaryimage\"},\"image\":{\"@id\":\"https:\/\/socialdesignmagazine.com\/mag\/architettura\/architettura-universitaria-a-santa-cruz-sobrieta-e-vitalita-si-fondono\/#primaryimage\"},\"thumbnailUrl\":\"https:\/\/socialdesignmagazine.com\/mag\/wp-content\/uploads\/2023\/06\/Architettura-universitaria-a-Santa-Cruz.-Sobrieta-e-vitalita-si-fondono.-Joao-Nuno-Macedo-037-scaled.jpg\",\"datePublished\":\"2023-07-03T18:00:00+00:00\",\"description\":\"Jo\u00e3o Nuno Macedo ha progettato l'edificio Santa Cruz, caratterizzato da linee pulite e sobrie, che si fonde armoniosamente nel contesto urbano.\",\"breadcrumb\":{\"@id\":\"https:\/\/socialdesignmagazine.com\/mag\/architettura\/architettura-universitaria-a-santa-cruz-sobrieta-e-vitalita-si-fondono\/#breadcrumb\"},\"inLanguage\":\"it-IT\",\"potentialAction\":[{\"@type\":\"ReadAction\",\"target\":[\"https:\/\/socialdesignmagazine.com\/mag\/architettura\/architettura-universitaria-a-santa-cruz-sobrieta-e-vitalita-si-fondono\/\"]}]},{\"@type\":\"ImageObject\",\"inLanguage\":\"it-IT\",\"@id\":\"https:\/\/socialdesignmagazine.com\/mag\/architettura\/architettura-universitaria-a-santa-cruz-sobrieta-e-vitalita-si-fondono\/#primaryimage\",\"url\":\"https:\/\/socialdesignmagazine.com\/mag\/wp-content\/uploads\/2023\/06\/Architettura-universitaria-a-Santa-Cruz.-Sobrieta-e-vitalita-si-fondono.-Joao-Nuno-Macedo-037-scaled.jpg\",\"contentUrl\":\"https:\/\/socialdesignmagazine.com\/mag\/wp-content\/uploads\/2023\/06\/Architettura-universitaria-a-Santa-Cruz.-Sobrieta-e-vitalita-si-fondono.-Joao-Nuno-Macedo-037-scaled.jpg\",\"width\":2560,\"height\":1707,\"caption\":\"Architettura universitaria a Santa Cruz. Sobrieta e vitalita si fondono. Joao Nuno Macedo\"},{\"@type\":\"BreadcrumbList\",\"@id\":\"https:\/\/socialdesignmagazine.com\/mag\/architettura\/architettura-universitaria-a-santa-cruz-sobrieta-e-vitalita-si-fondono\/#breadcrumb\",\"itemListElement\":[{\"@type\":\"ListItem\",\"position\":1,\"name\":\"Home\",\"item\":\"https:\/\/socialdesignmagazine.com\/mag\/\"},{\"@type\":\"ListItem\",\"position\":2,\"name\":\"Architettura\",\"item\":\"https:\/\/socialdesignmagazine.com\/mag\/architettura\/\"},{\"@type\":\"ListItem\",\"position\":3,\"name\":\"Architettura universitaria a Santa Cruz: Sobriet\u00e0 e vitalit\u00e0 si fondono\"}]},{\"@type\":\"WebSite\",\"@id\":\"https:\/\/socialdesignmagazine.com\/mag\/#website\",\"url\":\"https:\/\/socialdesignmagazine.com\/mag\/\",\"name\":\"Social Design Magazine\",\"description\":\"Social Magazine su Design, Architettura, Arte, Grafica\",\"publisher\":{\"@id\":\"https:\/\/socialdesignmagazine.com\/mag\/#organization\"},\"potentialAction\":[{\"@type\":\"SearchAction\",\"target\":{\"@type\":\"EntryPoint\",\"urlTemplate\":\"https:\/\/socialdesignmagazine.com\/mag\/?s={search_term_string}\"},\"query-input\":{\"@type\":\"PropertyValueSpecification\",\"valueRequired\":true,\"valueName\":\"search_term_string\"}}],\"inLanguage\":\"it-IT\"},{\"@type\":\"Organization\",\"@id\":\"https:\/\/socialdesignmagazine.com\/mag\/#organization\",\"name\":\"Social Design Magazine\",\"url\":\"https:\/\/socialdesignmagazine.com\/mag\/\",\"logo\":{\"@type\":\"ImageObject\",\"inLanguage\":\"it-IT\",\"@id\":\"https:\/\/socialdesignmagazine.com\/mag\/#\/schema\/logo\/image\/\",\"url\":\"https:\/\/socialdesignmagazine.com\/mag\/wp-content\/uploads\/2017\/01\/logo_favicon_11.png\",\"contentUrl\":\"https:\/\/socialdesignmagazine.com\/mag\/wp-content\/uploads\/2017\/01\/logo_favicon_11.png\",\"width\":1024,\"height\":1024,\"caption\":\"Social Design Magazine\"},\"image\":{\"@id\":\"https:\/\/socialdesignmagazine.com\/mag\/#\/schema\/logo\/image\/\"},\"sameAs\":[\"https:\/\/www.facebook.com\/socialdesignmag\",\"https:\/\/x.com\/socialdesignmag\",\"http:\/\/instagram.com\/social_design_magazine\/\",\"http:\/\/pinterest.com\/socialdesignmag\/\",\"http:\/\/www.youtube.com\/user\/socialdesignmagazine\"]},{\"@type\":\"Person\",\"@id\":\"https:\/\/socialdesignmagazine.com\/mag\/#\/schema\/person\/61e20205cc363c315e6aabd33a045846\",\"name\":\"Benedetto Fiori\",\"image\":{\"@type\":\"ImageObject\",\"inLanguage\":\"it-IT\",\"@id\":\"https:\/\/secure.gravatar.com\/avatar\/450a48cefa36da63d920ad70aa660bd10725b1c6093800242e5efdb397759033?s=96&d=mm&r=g\",\"url\":\"https:\/\/secure.gravatar.com\/avatar\/450a48cefa36da63d920ad70aa660bd10725b1c6093800242e5efdb397759033?s=96&d=mm&r=g\",\"contentUrl\":\"https:\/\/secure.gravatar.com\/avatar\/450a48cefa36da63d920ad70aa660bd10725b1c6093800242e5efdb397759033?s=96&d=mm&r=g\",\"caption\":\"Benedetto Fiori\"},\"description\":\"Web | Twitter | Facebook | Shutterstock Founder &amp; Editor in Chief di Social Design Magazine. Attratto da sempre da tutto ci\u00f2 che \u00e8 creativit\u00e0, design, architettura. Dopo aver studiato Architettura all'Universit\u00e0 di Firenze, si \u00e8 impegnato in molteplici campi: comunicazione grafica, progettazione di allestimenti fieristici, brand design, Interior Design.\",\"sameAs\":[\"http:\/\/benedettofiori.com\",\"https:\/\/www.facebook.com\/benedettofiori\",\"https:\/\/x.com\/benedettofiori\"],\"url\":\"https:\/\/socialdesignmagazine.com\/mag\/author\/benedetto\/\"}]}<\/script>\n<!-- \/ Yoast SEO plugin. -->","yoast_head_json":{"title":"Architettura universitaria a Santa Cruz: Sobriet\u00e0 e vitalit\u00e0 si fondono - Social Design Magazine","description":"Jo\u00e3o Nuno Macedo ha progettato l'edificio Santa Cruz, caratterizzato da linee pulite e sobrie, che si fonde armoniosamente nel contesto urbano.","robots":{"index":"index","follow":"follow","max-snippet":"max-snippet:-1","max-image-preview":"max-image-preview:large","max-video-preview":"max-video-preview:-1"},"canonical":"https:\/\/socialdesignmagazine.com\/mag\/architettura\/architettura-universitaria-a-santa-cruz-sobrieta-e-vitalita-si-fondono\/","og_locale":"it_IT","og_type":"article","og_title":"Architettura universitaria a Santa Cruz: Sobriet\u00e0 e vitalit\u00e0 si fondono - Social Design Magazine","og_description":"Jo\u00e3o Nuno Macedo ha progettato l'edificio Santa Cruz, caratterizzato da linee pulite e sobrie, che si fonde armoniosamente nel contesto urbano.","og_url":"http:\/\/socialdesignmagazine.com\/mag\/architettura\/architettura-universitaria-a-santa-cruz-sobrieta-e-vitalita-si-fondono\/","og_site_name":"Social Design Magazine","article_publisher":"https:\/\/www.facebook.com\/socialdesignmag","article_author":"https:\/\/www.facebook.com\/benedettofiori","article_published_time":"2023-07-03T18:00:00+00:00","og_image":[{"width":2560,"height":1707,"url":"https:\/\/socialdesignmagazine.com\/mag\/wp-content\/uploads\/2023\/06\/Architettura-universitaria-a-Santa-Cruz.-Sobrieta-e-vitalita-si-fondono.-Joao-Nuno-Macedo-037-scaled.jpg","type":"image\/jpeg"}],"author":"Benedetto Fiori","twitter_card":"summary_large_image","twitter_creator":"@benedettofiori","twitter_site":"@socialdesignmag","twitter_misc":{"Scritto da":"Benedetto Fiori","Tempo di lettura stimato":"16 minuti"},"schema":{"@context":"https:\/\/schema.org","@graph":[{"@type":"Article","@id":"https:\/\/socialdesignmagazine.com\/mag\/architettura\/architettura-universitaria-a-santa-cruz-sobrieta-e-vitalita-si-fondono\/#article","isPartOf":{"@id":"https:\/\/socialdesignmagazine.com\/mag\/architettura\/architettura-universitaria-a-santa-cruz-sobrieta-e-vitalita-si-fondono\/"},"author":{"name":"Benedetto Fiori","@id":"https:\/\/socialdesignmagazine.com\/mag\/#\/schema\/person\/61e20205cc363c315e6aabd33a045846"},"headline":"Architettura universitaria a Santa Cruz: Sobriet\u00e0 e vitalit\u00e0 si fondono","datePublished":"2023-07-03T18:00:00+00:00","mainEntityOfPage":{"@id":"https:\/\/socialdesignmagazine.com\/mag\/architettura\/architettura-universitaria-a-santa-cruz-sobrieta-e-vitalita-si-fondono\/"},"wordCount":369,"commentCount":0,"publisher":{"@id":"https:\/\/socialdesignmagazine.com\/mag\/#organization"},"image":{"@id":"https:\/\/socialdesignmagazine.com\/mag\/architettura\/architettura-universitaria-a-santa-cruz-sobrieta-e-vitalita-si-fondono\/#primaryimage"},"thumbnailUrl":"https:\/\/socialdesignmagazine.com\/mag\/wp-content\/uploads\/2023\/06\/Architettura-universitaria-a-Santa-Cruz.-Sobrieta-e-vitalita-si-fondono.-Joao-Nuno-Macedo-037-scaled.jpg","keywords":["architettura","interior design","ivo tavares architectural photographer"],"articleSection":["Architettura"],"inLanguage":"it-IT","potentialAction":[{"@type":"CommentAction","name":"Comment","target":["https:\/\/socialdesignmagazine.com\/mag\/architettura\/architettura-universitaria-a-santa-cruz-sobrieta-e-vitalita-si-fondono\/#respond"]}]},{"@type":"WebPage","@id":"https:\/\/socialdesignmagazine.com\/mag\/architettura\/architettura-universitaria-a-santa-cruz-sobrieta-e-vitalita-si-fondono\/","url":"https:\/\/socialdesignmagazine.com\/mag\/architettura\/architettura-universitaria-a-santa-cruz-sobrieta-e-vitalita-si-fondono\/","name":"Architettura universitaria a Santa Cruz: Sobriet\u00e0 e vitalit\u00e0 si fondono - Social Design Magazine","isPartOf":{"@id":"https:\/\/socialdesignmagazine.com\/mag\/#website"},"primaryImageOfPage":{"@id":"https:\/\/socialdesignmagazine.com\/mag\/architettura\/architettura-universitaria-a-santa-cruz-sobrieta-e-vitalita-si-fondono\/#primaryimage"},"image":{"@id":"https:\/\/socialdesignmagazine.com\/mag\/architettura\/architettura-universitaria-a-santa-cruz-sobrieta-e-vitalita-si-fondono\/#primaryimage"},"thumbnailUrl":"https:\/\/socialdesignmagazine.com\/mag\/wp-content\/uploads\/2023\/06\/Architettura-universitaria-a-Santa-Cruz.-Sobrieta-e-vitalita-si-fondono.-Joao-Nuno-Macedo-037-scaled.jpg","datePublished":"2023-07-03T18:00:00+00:00","description":"Jo\u00e3o Nuno Macedo ha progettato l'edificio Santa Cruz, caratterizzato da linee pulite e sobrie, che si fonde armoniosamente nel contesto urbano.","breadcrumb":{"@id":"https:\/\/socialdesignmagazine.com\/mag\/architettura\/architettura-universitaria-a-santa-cruz-sobrieta-e-vitalita-si-fondono\/#breadcrumb"},"inLanguage":"it-IT","potentialAction":[{"@type":"ReadAction","target":["https:\/\/socialdesignmagazine.com\/mag\/architettura\/architettura-universitaria-a-santa-cruz-sobrieta-e-vitalita-si-fondono\/"]}]},{"@type":"ImageObject","inLanguage":"it-IT","@id":"https:\/\/socialdesignmagazine.com\/mag\/architettura\/architettura-universitaria-a-santa-cruz-sobrieta-e-vitalita-si-fondono\/#primaryimage","url":"https:\/\/socialdesignmagazine.com\/mag\/wp-content\/uploads\/2023\/06\/Architettura-universitaria-a-Santa-Cruz.-Sobrieta-e-vitalita-si-fondono.-Joao-Nuno-Macedo-037-scaled.jpg","contentUrl":"https:\/\/socialdesignmagazine.com\/mag\/wp-content\/uploads\/2023\/06\/Architettura-universitaria-a-Santa-Cruz.-Sobrieta-e-vitalita-si-fondono.-Joao-Nuno-Macedo-037-scaled.jpg","width":2560,"height":1707,"caption":"Architettura universitaria a Santa Cruz. Sobrieta e vitalita si fondono. Joao Nuno Macedo"},{"@type":"BreadcrumbList","@id":"https:\/\/socialdesignmagazine.com\/mag\/architettura\/architettura-universitaria-a-santa-cruz-sobrieta-e-vitalita-si-fondono\/#breadcrumb","itemListElement":[{"@type":"ListItem","position":1,"name":"Home","item":"https:\/\/socialdesignmagazine.com\/mag\/"},{"@type":"ListItem","position":2,"name":"Architettura","item":"https:\/\/socialdesignmagazine.com\/mag\/architettura\/"},{"@type":"ListItem","position":3,"name":"Architettura universitaria a Santa Cruz: Sobriet\u00e0 e vitalit\u00e0 si fondono"}]},{"@type":"WebSite","@id":"https:\/\/socialdesignmagazine.com\/mag\/#website","url":"https:\/\/socialdesignmagazine.com\/mag\/","name":"Social Design Magazine","description":"Social Magazine su Design, Architettura, Arte, Grafica","publisher":{"@id":"https:\/\/socialdesignmagazine.com\/mag\/#organization"},"potentialAction":[{"@type":"SearchAction","target":{"@type":"EntryPoint","urlTemplate":"https:\/\/socialdesignmagazine.com\/mag\/?s={search_term_string}"},"query-input":{"@type":"PropertyValueSpecification","valueRequired":true,"valueName":"search_term_string"}}],"inLanguage":"it-IT"},{"@type":"Organization","@id":"https:\/\/socialdesignmagazine.com\/mag\/#organization","name":"Social Design Magazine","url":"https:\/\/socialdesignmagazine.com\/mag\/","logo":{"@type":"ImageObject","inLanguage":"it-IT","@id":"https:\/\/socialdesignmagazine.com\/mag\/#\/schema\/logo\/image\/","url":"https:\/\/socialdesignmagazine.com\/mag\/wp-content\/uploads\/2017\/01\/logo_favicon_11.png","contentUrl":"https:\/\/socialdesignmagazine.com\/mag\/wp-content\/uploads\/2017\/01\/logo_favicon_11.png","width":1024,"height":1024,"caption":"Social Design Magazine"},"image":{"@id":"https:\/\/socialdesignmagazine.com\/mag\/#\/schema\/logo\/image\/"},"sameAs":["https:\/\/www.facebook.com\/socialdesignmag","https:\/\/x.com\/socialdesignmag","http:\/\/instagram.com\/social_design_magazine\/","http:\/\/pinterest.com\/socialdesignmag\/","http:\/\/www.youtube.com\/user\/socialdesignmagazine"]},{"@type":"Person","@id":"https:\/\/socialdesignmagazine.com\/mag\/#\/schema\/person\/61e20205cc363c315e6aabd33a045846","name":"Benedetto Fiori","image":{"@type":"ImageObject","inLanguage":"it-IT","@id":"https:\/\/secure.gravatar.com\/avatar\/450a48cefa36da63d920ad70aa660bd10725b1c6093800242e5efdb397759033?s=96&d=mm&r=g","url":"https:\/\/secure.gravatar.com\/avatar\/450a48cefa36da63d920ad70aa660bd10725b1c6093800242e5efdb397759033?s=96&d=mm&r=g","contentUrl":"https:\/\/secure.gravatar.com\/avatar\/450a48cefa36da63d920ad70aa660bd10725b1c6093800242e5efdb397759033?s=96&d=mm&r=g","caption":"Benedetto Fiori"},"description":"Web | Twitter | Facebook | Shutterstock Founder &amp; Editor in Chief di Social Design Magazine. Attratto da sempre da tutto ci\u00f2 che \u00e8 creativit\u00e0, design, architettura. Dopo aver studiato Architettura all'Universit\u00e0 di Firenze, si \u00e8 impegnato in molteplici campi: comunicazione grafica, progettazione di allestimenti fieristici, brand design, Interior Design.","sameAs":["http:\/\/benedettofiori.com","https:\/\/www.facebook.com\/benedettofiori","https:\/\/x.com\/benedettofiori"],"url":"https:\/\/socialdesignmagazine.com\/mag\/author\/benedetto\/"}]}},"jetpack_featured_media_url":"https:\/\/socialdesignmagazine.com\/mag\/wp-content\/uploads\/2023\/06\/Architettura-universitaria-a-Santa-Cruz.-Sobrieta-e-vitalita-si-fondono.-Joao-Nuno-Macedo-037-scaled.jpg","jetpack_sharing_enabled":true,"jetpack_shortlink":"https:\/\/wp.me\/p6cV7V-dTK","gt_translate_keys":[{"key":"link","format":"url"}],"_links":{"self":[{"href":"https:\/\/socialdesignmagazine.com\/mag\/wp-json\/wp\/v2\/posts\/53428","targetHints":{"allow":["GET"]}}],"collection":[{"href":"https:\/\/socialdesignmagazine.com\/mag\/wp-json\/wp\/v2\/posts"}],"about":[{"href":"https:\/\/socialdesignmagazine.com\/mag\/wp-json\/wp\/v2\/types\/post"}],"author":[{"embeddable":true,"href":"https:\/\/socialdesignmagazine.com\/mag\/wp-json\/wp\/v2\/users\/1"}],"replies":[{"embeddable":true,"href":"https:\/\/socialdesignmagazine.com\/mag\/wp-json\/wp\/v2\/comments?post=53428"}],"version-history":[{"count":1,"href":"https:\/\/socialdesignmagazine.com\/mag\/wp-json\/wp\/v2\/posts\/53428\/revisions"}],"predecessor-version":[{"id":53498,"href":"https:\/\/socialdesignmagazine.com\/mag\/wp-json\/wp\/v2\/posts\/53428\/revisions\/53498"}],"wp:featuredmedia":[{"embeddable":true,"href":"https:\/\/socialdesignmagazine.com\/mag\/wp-json\/wp\/v2\/media\/53490"}],"wp:attachment":[{"href":"https:\/\/socialdesignmagazine.com\/mag\/wp-json\/wp\/v2\/media?parent=53428"}],"wp:term":[{"taxonomy":"category","embeddable":true,"href":"https:\/\/socialdesignmagazine.com\/mag\/wp-json\/wp\/v2\/categories?post=53428"},{"taxonomy":"post_tag","embeddable":true,"href":"https:\/\/socialdesignmagazine.com\/mag\/wp-json\/wp\/v2\/tags?post=53428"}],"curies":[{"name":"wp","href":"https:\/\/api.w.org\/{rel}","templated":true}]}}