{"id":541,"date":"2012-02-15T14:38:25","date_gmt":"2012-02-15T13:38:25","guid":{"rendered":"https:\/\/socialdesignmagazine.com\/mag\/s8-visual\/c38-visual\/zimbabwian-children-on-street-emanuele-spano\/"},"modified":"2024-05-10T16:19:41","modified_gmt":"2024-05-10T14:19:41","slug":"zimbabwian-children-on-street-emanuele-spano","status":"publish","type":"post","link":"https:\/\/socialdesignmagazine.com\/mag\/visual\/zimbabwian-children-on-street-emanuele-spano\/","title":{"rendered":"Zimbabwian Children on Street \/ Emanuele Spano","gt_translate_keys":[{"key":"rendered","format":"text"}]},"content":{"rendered":"\n<p>Emanuele Spano, fotoreportage &#8220;Zimbabwian Children on Street&#8221;<\/p>\n\n\n\n<p>Emanuele Spano ha conseguito il Master in Photography e Visual Design, dopo aver vinto la Borsa di Studio Internazionale del FORMA_International Center of Photography e dell\u2019accademia di design NABA; e dopo essere stato assegnatario della Borsa di Studio \u201cRitorno al Futuro\u201d messa in palio dalla Regione Puglia.<br>Il suo background nasce e si sviluppa a partire da esperienze ad alto potenziale di \u201ccreativit\u00e0\u201d, eterogenee e qualificanti: la progettazione con l\u2019architetto franco-ungherese Yona Friedman di soluzioni e installazioni interattive per il MART di Rovereto; la promozione e la curatela di eventi per La Biennale di Venezia e la Regione Puglia.<br>Recentemente ha elaborato con Cesvi il progetto di comunicazione \u201cKeep The Promise_Mantieni la promessa\u201d in partnership con Canon: per tale progetto \u00e8 stato visiting researcher del Cesvi in Zimbabwe.<\/p>\n\n\n<div class=\"wp-block-image\">\n<figure class=\"aligncenter\"><img loading=\"lazy\" decoding=\"async\" width=\"720\" height=\"480\" data-attachment-id=\"7107\" data-permalink=\"https:\/\/socialdesignmagazine.com\/mag\/visual\/zimbabwian-children-on-street-emanuele-spano\/attachment\/01_emanuele_spano_zimbabwian_children_on_street\/#content\" data-orig-file=\"https:\/\/socialdesignmagazine.com\/mag\/wp-content\/uploads\/2012\/02\/benedetto_emanuele_spano_Zimbabwian_Children_on_Street_01_Emanuele_Spano_Zimbabwian_Children_on_Street.jpg\" data-orig-size=\"720,480\" data-comments-opened=\"1\" data-image-meta=\"{&quot;aperture&quot;:&quot;0&quot;,&quot;credit&quot;:&quot;&quot;,&quot;camera&quot;:&quot;&quot;,&quot;caption&quot;:&quot;&quot;,&quot;created_timestamp&quot;:&quot;0&quot;,&quot;copyright&quot;:&quot;&quot;,&quot;focal_length&quot;:&quot;0&quot;,&quot;iso&quot;:&quot;0&quot;,&quot;shutter_speed&quot;:&quot;0&quot;,&quot;title&quot;:&quot;&quot;,&quot;orientation&quot;:&quot;0&quot;}\" data-image-title=\"01_Emanuele_Spano_Zimbabwian_Children_on_Street\" data-image-description=\"\" data-image-caption=\"\" data-medium-file=\"https:\/\/socialdesignmagazine.com\/mag\/wp-content\/uploads\/2012\/02\/benedetto_emanuele_spano_Zimbabwian_Children_on_Street_01_Emanuele_Spano_Zimbabwian_Children_on_Street-396x256.jpg\" data-large-file=\"https:\/\/socialdesignmagazine.com\/mag\/wp-content\/uploads\/2012\/02\/benedetto_emanuele_spano_Zimbabwian_Children_on_Street_01_Emanuele_Spano_Zimbabwian_Children_on_Street.jpg\" src=\"https:\/\/socialdesignmagazine.com\/mag\/wp-content\/uploads\/2012\/02\/benedetto_emanuele_spano_Zimbabwian_Children_on_Street_01_Emanuele_Spano_Zimbabwian_Children_on_Street.jpg\" alt=\"01_Emanuele_Spano_Zimbabwian_Children_on_Street\" class=\"wp-image-7107\" srcset=\"https:\/\/socialdesignmagazine.com\/mag\/wp-content\/uploads\/2012\/02\/benedetto_emanuele_spano_Zimbabwian_Children_on_Street_01_Emanuele_Spano_Zimbabwian_Children_on_Street.jpg 720w, https:\/\/socialdesignmagazine.com\/mag\/wp-content\/uploads\/2012\/02\/benedetto_emanuele_spano_Zimbabwian_Children_on_Street_01_Emanuele_Spano_Zimbabwian_Children_on_Street-100x66.jpg 100w\" sizes=\"auto, (max-width: 720px) 100vw, 720px\" \/><\/figure>\n<\/div>\n\n<div class=\"wp-block-image\">\n<figure class=\"aligncenter\"><img loading=\"lazy\" decoding=\"async\" width=\"720\" height=\"480\" data-attachment-id=\"7108\" data-permalink=\"https:\/\/socialdesignmagazine.com\/mag\/visual\/zimbabwian-children-on-street-emanuele-spano\/attachment\/06_emanuele_spano_zimbabwian_children_on_street\/#content\" data-orig-file=\"https:\/\/socialdesignmagazine.com\/mag\/wp-content\/uploads\/2012\/02\/benedetto_emanuele_spano_Zimbabwian_Children_on_Street_06_Emanuele_Spano_Zimbabwian_Children_on_Street.jpg\" data-orig-size=\"720,480\" data-comments-opened=\"1\" data-image-meta=\"{&quot;aperture&quot;:&quot;0&quot;,&quot;credit&quot;:&quot;&quot;,&quot;camera&quot;:&quot;&quot;,&quot;caption&quot;:&quot;&quot;,&quot;created_timestamp&quot;:&quot;0&quot;,&quot;copyright&quot;:&quot;&quot;,&quot;focal_length&quot;:&quot;0&quot;,&quot;iso&quot;:&quot;0&quot;,&quot;shutter_speed&quot;:&quot;0&quot;,&quot;title&quot;:&quot;&quot;,&quot;orientation&quot;:&quot;0&quot;}\" data-image-title=\"06_Emanuele_Spano_Zimbabwian_Children_on_Street\" data-image-description=\"\" data-image-caption=\"\" data-medium-file=\"https:\/\/socialdesignmagazine.com\/mag\/wp-content\/uploads\/2012\/02\/benedetto_emanuele_spano_Zimbabwian_Children_on_Street_06_Emanuele_Spano_Zimbabwian_Children_on_Street-396x256.jpg\" data-large-file=\"https:\/\/socialdesignmagazine.com\/mag\/wp-content\/uploads\/2012\/02\/benedetto_emanuele_spano_Zimbabwian_Children_on_Street_06_Emanuele_Spano_Zimbabwian_Children_on_Street.jpg\" src=\"https:\/\/socialdesignmagazine.com\/mag\/wp-content\/uploads\/2012\/02\/benedetto_emanuele_spano_Zimbabwian_Children_on_Street_06_Emanuele_Spano_Zimbabwian_Children_on_Street.jpg\" alt=\"06_Emanuele_Spano_Zimbabwian_Children_on_Street\" class=\"wp-image-7108\" srcset=\"https:\/\/socialdesignmagazine.com\/mag\/wp-content\/uploads\/2012\/02\/benedetto_emanuele_spano_Zimbabwian_Children_on_Street_06_Emanuele_Spano_Zimbabwian_Children_on_Street.jpg 720w, https:\/\/socialdesignmagazine.com\/mag\/wp-content\/uploads\/2012\/02\/benedetto_emanuele_spano_Zimbabwian_Children_on_Street_06_Emanuele_Spano_Zimbabwian_Children_on_Street-100x66.jpg 100w\" sizes=\"auto, (max-width: 720px) 100vw, 720px\" \/><\/figure>\n<\/div>\n\n<div class=\"wp-block-image\">\n<figure class=\"aligncenter\"><img loading=\"lazy\" decoding=\"async\" width=\"720\" height=\"480\" data-attachment-id=\"7109\" data-permalink=\"https:\/\/socialdesignmagazine.com\/mag\/visual\/zimbabwian-children-on-street-emanuele-spano\/attachment\/07_emanuele_spano_zimbabwian_children_on_street\/#content\" data-orig-file=\"https:\/\/socialdesignmagazine.com\/mag\/wp-content\/uploads\/2012\/02\/benedetto_emanuele_spano_Zimbabwian_Children_on_Street_07_Emanuele_Spano_Zimbabwian_Children_on_Street.jpg\" data-orig-size=\"720,480\" data-comments-opened=\"1\" data-image-meta=\"{&quot;aperture&quot;:&quot;0&quot;,&quot;credit&quot;:&quot;&quot;,&quot;camera&quot;:&quot;&quot;,&quot;caption&quot;:&quot;&quot;,&quot;created_timestamp&quot;:&quot;0&quot;,&quot;copyright&quot;:&quot;&quot;,&quot;focal_length&quot;:&quot;0&quot;,&quot;iso&quot;:&quot;0&quot;,&quot;shutter_speed&quot;:&quot;0&quot;,&quot;title&quot;:&quot;&quot;,&quot;orientation&quot;:&quot;0&quot;}\" data-image-title=\"07_Emanuele_Spano_Zimbabwian_Children_on_Street\" data-image-description=\"\" data-image-caption=\"\" data-medium-file=\"https:\/\/socialdesignmagazine.com\/mag\/wp-content\/uploads\/2012\/02\/benedetto_emanuele_spano_Zimbabwian_Children_on_Street_07_Emanuele_Spano_Zimbabwian_Children_on_Street-396x256.jpg\" data-large-file=\"https:\/\/socialdesignmagazine.com\/mag\/wp-content\/uploads\/2012\/02\/benedetto_emanuele_spano_Zimbabwian_Children_on_Street_07_Emanuele_Spano_Zimbabwian_Children_on_Street.jpg\" src=\"https:\/\/socialdesignmagazine.com\/mag\/wp-content\/uploads\/2012\/02\/benedetto_emanuele_spano_Zimbabwian_Children_on_Street_07_Emanuele_Spano_Zimbabwian_Children_on_Street.jpg\" alt=\"07_Emanuele_Spano_Zimbabwian_Children_on_Street\" class=\"wp-image-7109\" srcset=\"https:\/\/socialdesignmagazine.com\/mag\/wp-content\/uploads\/2012\/02\/benedetto_emanuele_spano_Zimbabwian_Children_on_Street_07_Emanuele_Spano_Zimbabwian_Children_on_Street.jpg 720w, https:\/\/socialdesignmagazine.com\/mag\/wp-content\/uploads\/2012\/02\/benedetto_emanuele_spano_Zimbabwian_Children_on_Street_07_Emanuele_Spano_Zimbabwian_Children_on_Street-100x66.jpg 100w\" sizes=\"auto, (max-width: 720px) 100vw, 720px\" \/><\/figure>\n<\/div>\n\n<div class=\"wp-block-image\">\n<figure class=\"aligncenter\"><img loading=\"lazy\" decoding=\"async\" width=\"720\" height=\"480\" data-attachment-id=\"7110\" data-permalink=\"https:\/\/socialdesignmagazine.com\/mag\/visual\/zimbabwian-children-on-street-emanuele-spano\/attachment\/08_emanuele_spano_zimbabwian_children_on_street\/#content\" data-orig-file=\"https:\/\/socialdesignmagazine.com\/mag\/wp-content\/uploads\/2012\/02\/benedetto_emanuele_spano_Zimbabwian_Children_on_Street_08_Emanuele_Spano_Zimbabwian_Children_on_Street.jpg\" data-orig-size=\"720,480\" data-comments-opened=\"1\" data-image-meta=\"{&quot;aperture&quot;:&quot;0&quot;,&quot;credit&quot;:&quot;&quot;,&quot;camera&quot;:&quot;&quot;,&quot;caption&quot;:&quot;&quot;,&quot;created_timestamp&quot;:&quot;0&quot;,&quot;copyright&quot;:&quot;&quot;,&quot;focal_length&quot;:&quot;0&quot;,&quot;iso&quot;:&quot;0&quot;,&quot;shutter_speed&quot;:&quot;0&quot;,&quot;title&quot;:&quot;&quot;,&quot;orientation&quot;:&quot;0&quot;}\" data-image-title=\"08_Emanuele_Spano_Zimbabwian_Children_on_Street\" data-image-description=\"\" data-image-caption=\"\" data-medium-file=\"https:\/\/socialdesignmagazine.com\/mag\/wp-content\/uploads\/2012\/02\/benedetto_emanuele_spano_Zimbabwian_Children_on_Street_08_Emanuele_Spano_Zimbabwian_Children_on_Street-396x256.jpg\" data-large-file=\"https:\/\/socialdesignmagazine.com\/mag\/wp-content\/uploads\/2012\/02\/benedetto_emanuele_spano_Zimbabwian_Children_on_Street_08_Emanuele_Spano_Zimbabwian_Children_on_Street.jpg\" src=\"https:\/\/socialdesignmagazine.com\/mag\/wp-content\/uploads\/2012\/02\/benedetto_emanuele_spano_Zimbabwian_Children_on_Street_08_Emanuele_Spano_Zimbabwian_Children_on_Street.jpg\" alt=\"08_Emanuele_Spano_Zimbabwian_Children_on_Street\" class=\"wp-image-7110\" srcset=\"https:\/\/socialdesignmagazine.com\/mag\/wp-content\/uploads\/2012\/02\/benedetto_emanuele_spano_Zimbabwian_Children_on_Street_08_Emanuele_Spano_Zimbabwian_Children_on_Street.jpg 720w, https:\/\/socialdesignmagazine.com\/mag\/wp-content\/uploads\/2012\/02\/benedetto_emanuele_spano_Zimbabwian_Children_on_Street_08_Emanuele_Spano_Zimbabwian_Children_on_Street-100x66.jpg 100w\" sizes=\"auto, (max-width: 720px) 100vw, 720px\" \/><\/figure>\n<\/div>\n\n<div class=\"wp-block-image\">\n<figure class=\"aligncenter\"><img loading=\"lazy\" decoding=\"async\" width=\"720\" height=\"480\" data-attachment-id=\"7111\" data-permalink=\"https:\/\/socialdesignmagazine.com\/mag\/visual\/zimbabwian-children-on-street-emanuele-spano\/attachment\/11_emanuele_spano_zimbabwian_children_on_street\/#content\" data-orig-file=\"https:\/\/socialdesignmagazine.com\/mag\/wp-content\/uploads\/2012\/02\/benedetto_emanuele_spano_Zimbabwian_Children_on_Street_11_Emanuele_Spano_Zimbabwian_Children_on_Street.jpg\" data-orig-size=\"720,480\" data-comments-opened=\"1\" data-image-meta=\"{&quot;aperture&quot;:&quot;0&quot;,&quot;credit&quot;:&quot;&quot;,&quot;camera&quot;:&quot;&quot;,&quot;caption&quot;:&quot;&quot;,&quot;created_timestamp&quot;:&quot;0&quot;,&quot;copyright&quot;:&quot;&quot;,&quot;focal_length&quot;:&quot;0&quot;,&quot;iso&quot;:&quot;0&quot;,&quot;shutter_speed&quot;:&quot;0&quot;,&quot;title&quot;:&quot;&quot;,&quot;orientation&quot;:&quot;0&quot;}\" data-image-title=\"11_Emanuele_Spano_Zimbabwian_Children_on_Street\" data-image-description=\"\" data-image-caption=\"\" data-medium-file=\"https:\/\/socialdesignmagazine.com\/mag\/wp-content\/uploads\/2012\/02\/benedetto_emanuele_spano_Zimbabwian_Children_on_Street_11_Emanuele_Spano_Zimbabwian_Children_on_Street-396x256.jpg\" data-large-file=\"https:\/\/socialdesignmagazine.com\/mag\/wp-content\/uploads\/2012\/02\/benedetto_emanuele_spano_Zimbabwian_Children_on_Street_11_Emanuele_Spano_Zimbabwian_Children_on_Street.jpg\" src=\"https:\/\/socialdesignmagazine.com\/mag\/wp-content\/uploads\/2012\/02\/benedetto_emanuele_spano_Zimbabwian_Children_on_Street_11_Emanuele_Spano_Zimbabwian_Children_on_Street.jpg\" alt=\"11_Emanuele_Spano_Zimbabwian_Children_on_Street\" class=\"wp-image-7111\" srcset=\"https:\/\/socialdesignmagazine.com\/mag\/wp-content\/uploads\/2012\/02\/benedetto_emanuele_spano_Zimbabwian_Children_on_Street_11_Emanuele_Spano_Zimbabwian_Children_on_Street.jpg 720w, https:\/\/socialdesignmagazine.com\/mag\/wp-content\/uploads\/2012\/02\/benedetto_emanuele_spano_Zimbabwian_Children_on_Street_11_Emanuele_Spano_Zimbabwian_Children_on_Street-100x66.jpg 100w\" sizes=\"auto, (max-width: 720px) 100vw, 720px\" \/><\/figure>\n<\/div>\n\n<div class=\"wp-block-image\">\n<figure class=\"aligncenter\"><img loading=\"lazy\" decoding=\"async\" width=\"720\" height=\"480\" data-attachment-id=\"7112\" data-permalink=\"https:\/\/socialdesignmagazine.com\/mag\/visual\/zimbabwian-children-on-street-emanuele-spano\/attachment\/12_emanuele_spano_zimbabwian_children_on_street\/#content\" data-orig-file=\"https:\/\/socialdesignmagazine.com\/mag\/wp-content\/uploads\/2012\/02\/benedetto_emanuele_spano_Zimbabwian_Children_on_Street_12_Emanuele_Spano_Zimbabwian_Children_on_Street.jpg\" data-orig-size=\"720,480\" data-comments-opened=\"1\" data-image-meta=\"{&quot;aperture&quot;:&quot;0&quot;,&quot;credit&quot;:&quot;&quot;,&quot;camera&quot;:&quot;&quot;,&quot;caption&quot;:&quot;&quot;,&quot;created_timestamp&quot;:&quot;0&quot;,&quot;copyright&quot;:&quot;&quot;,&quot;focal_length&quot;:&quot;0&quot;,&quot;iso&quot;:&quot;0&quot;,&quot;shutter_speed&quot;:&quot;0&quot;,&quot;title&quot;:&quot;&quot;,&quot;orientation&quot;:&quot;0&quot;}\" data-image-title=\"12_Emanuele_Spano_Zimbabwian_Children_on_Street\" data-image-description=\"\" data-image-caption=\"\" data-medium-file=\"https:\/\/socialdesignmagazine.com\/mag\/wp-content\/uploads\/2012\/02\/benedetto_emanuele_spano_Zimbabwian_Children_on_Street_12_Emanuele_Spano_Zimbabwian_Children_on_Street-396x256.jpg\" data-large-file=\"https:\/\/socialdesignmagazine.com\/mag\/wp-content\/uploads\/2012\/02\/benedetto_emanuele_spano_Zimbabwian_Children_on_Street_12_Emanuele_Spano_Zimbabwian_Children_on_Street.jpg\" src=\"https:\/\/socialdesignmagazine.com\/mag\/wp-content\/uploads\/2012\/02\/benedetto_emanuele_spano_Zimbabwian_Children_on_Street_12_Emanuele_Spano_Zimbabwian_Children_on_Street.jpg\" alt=\"12_Emanuele_Spano_Zimbabwian_Children_on_Street\" class=\"wp-image-7112\" srcset=\"https:\/\/socialdesignmagazine.com\/mag\/wp-content\/uploads\/2012\/02\/benedetto_emanuele_spano_Zimbabwian_Children_on_Street_12_Emanuele_Spano_Zimbabwian_Children_on_Street.jpg 720w, https:\/\/socialdesignmagazine.com\/mag\/wp-content\/uploads\/2012\/02\/benedetto_emanuele_spano_Zimbabwian_Children_on_Street_12_Emanuele_Spano_Zimbabwian_Children_on_Street-100x66.jpg 100w\" sizes=\"auto, (max-width: 720px) 100vw, 720px\" \/><\/figure>\n<\/div>\n\n<div class=\"wp-block-image\">\n<figure class=\"aligncenter\"><img loading=\"lazy\" decoding=\"async\" width=\"720\" height=\"480\" data-attachment-id=\"7113\" data-permalink=\"https:\/\/socialdesignmagazine.com\/mag\/visual\/zimbabwian-children-on-street-emanuele-spano\/attachment\/15_emanuele_spano_zimbabwian_children_on_street\/#content\" data-orig-file=\"https:\/\/socialdesignmagazine.com\/mag\/wp-content\/uploads\/2012\/02\/benedetto_emanuele_spano_Zimbabwian_Children_on_Street_15_Emanuele_Spano_Zimbabwian_Children_on_Street.jpg\" data-orig-size=\"720,480\" data-comments-opened=\"1\" data-image-meta=\"{&quot;aperture&quot;:&quot;0&quot;,&quot;credit&quot;:&quot;&quot;,&quot;camera&quot;:&quot;&quot;,&quot;caption&quot;:&quot;&quot;,&quot;created_timestamp&quot;:&quot;0&quot;,&quot;copyright&quot;:&quot;&quot;,&quot;focal_length&quot;:&quot;0&quot;,&quot;iso&quot;:&quot;0&quot;,&quot;shutter_speed&quot;:&quot;0&quot;,&quot;title&quot;:&quot;&quot;,&quot;orientation&quot;:&quot;0&quot;}\" data-image-title=\"15_Emanuele_Spano_Zimbabwian_Children_on_Street\" data-image-description=\"\" data-image-caption=\"\" data-medium-file=\"https:\/\/socialdesignmagazine.com\/mag\/wp-content\/uploads\/2012\/02\/benedetto_emanuele_spano_Zimbabwian_Children_on_Street_15_Emanuele_Spano_Zimbabwian_Children_on_Street-396x256.jpg\" data-large-file=\"https:\/\/socialdesignmagazine.com\/mag\/wp-content\/uploads\/2012\/02\/benedetto_emanuele_spano_Zimbabwian_Children_on_Street_15_Emanuele_Spano_Zimbabwian_Children_on_Street.jpg\" src=\"https:\/\/socialdesignmagazine.com\/mag\/wp-content\/uploads\/2012\/02\/benedetto_emanuele_spano_Zimbabwian_Children_on_Street_15_Emanuele_Spano_Zimbabwian_Children_on_Street.jpg\" alt=\"15_Emanuele_Spano_Zimbabwian_Children_on_Street\" class=\"wp-image-7113\" srcset=\"https:\/\/socialdesignmagazine.com\/mag\/wp-content\/uploads\/2012\/02\/benedetto_emanuele_spano_Zimbabwian_Children_on_Street_15_Emanuele_Spano_Zimbabwian_Children_on_Street.jpg 720w, https:\/\/socialdesignmagazine.com\/mag\/wp-content\/uploads\/2012\/02\/benedetto_emanuele_spano_Zimbabwian_Children_on_Street_15_Emanuele_Spano_Zimbabwian_Children_on_Street-100x66.jpg 100w\" sizes=\"auto, (max-width: 720px) 100vw, 720px\" \/><\/figure>\n<\/div>\n\n<div class=\"wp-block-image\">\n<figure class=\"aligncenter\"><img loading=\"lazy\" decoding=\"async\" width=\"720\" height=\"480\" data-attachment-id=\"7114\" data-permalink=\"https:\/\/socialdesignmagazine.com\/mag\/visual\/zimbabwian-children-on-street-emanuele-spano\/attachment\/16_emanuele_spano_zimbabwian_children_on_street\/#content\" data-orig-file=\"https:\/\/socialdesignmagazine.com\/mag\/wp-content\/uploads\/2012\/02\/benedetto_emanuele_spano_Zimbabwian_Children_on_Street_16_Emanuele_Spano_Zimbabwian_Children_on_Street.jpg\" data-orig-size=\"720,480\" data-comments-opened=\"1\" data-image-meta=\"{&quot;aperture&quot;:&quot;0&quot;,&quot;credit&quot;:&quot;&quot;,&quot;camera&quot;:&quot;&quot;,&quot;caption&quot;:&quot;&quot;,&quot;created_timestamp&quot;:&quot;0&quot;,&quot;copyright&quot;:&quot;&quot;,&quot;focal_length&quot;:&quot;0&quot;,&quot;iso&quot;:&quot;0&quot;,&quot;shutter_speed&quot;:&quot;0&quot;,&quot;title&quot;:&quot;&quot;,&quot;orientation&quot;:&quot;0&quot;}\" data-image-title=\"16_Emanuele_Spano_Zimbabwian_Children_on_Street\" data-image-description=\"\" data-image-caption=\"\" data-medium-file=\"https:\/\/socialdesignmagazine.com\/mag\/wp-content\/uploads\/2012\/02\/benedetto_emanuele_spano_Zimbabwian_Children_on_Street_16_Emanuele_Spano_Zimbabwian_Children_on_Street-396x256.jpg\" data-large-file=\"https:\/\/socialdesignmagazine.com\/mag\/wp-content\/uploads\/2012\/02\/benedetto_emanuele_spano_Zimbabwian_Children_on_Street_16_Emanuele_Spano_Zimbabwian_Children_on_Street.jpg\" src=\"https:\/\/socialdesignmagazine.com\/mag\/wp-content\/uploads\/2012\/02\/benedetto_emanuele_spano_Zimbabwian_Children_on_Street_16_Emanuele_Spano_Zimbabwian_Children_on_Street.jpg\" alt=\"16_Emanuele_Spano_Zimbabwian_Children_on_Street\" class=\"wp-image-7114\" srcset=\"https:\/\/socialdesignmagazine.com\/mag\/wp-content\/uploads\/2012\/02\/benedetto_emanuele_spano_Zimbabwian_Children_on_Street_16_Emanuele_Spano_Zimbabwian_Children_on_Street.jpg 720w, https:\/\/socialdesignmagazine.com\/mag\/wp-content\/uploads\/2012\/02\/benedetto_emanuele_spano_Zimbabwian_Children_on_Street_16_Emanuele_Spano_Zimbabwian_Children_on_Street-100x66.jpg 100w\" sizes=\"auto, (max-width: 720px) 100vw, 720px\" \/><\/figure>\n<\/div>\n\n<div class=\"wp-block-image\">\n<figure class=\"aligncenter\"><img loading=\"lazy\" decoding=\"async\" width=\"720\" height=\"480\" data-attachment-id=\"7115\" data-permalink=\"https:\/\/socialdesignmagazine.com\/mag\/visual\/zimbabwian-children-on-street-emanuele-spano\/attachment\/18_emanuele_spano_zimbabwian_children_on_street\/#content\" data-orig-file=\"https:\/\/socialdesignmagazine.com\/mag\/wp-content\/uploads\/2012\/02\/benedetto_emanuele_spano_Zimbabwian_Children_on_Street_18_Emanuele_Spano_Zimbabwian_Children_on_Street.jpg\" data-orig-size=\"720,480\" data-comments-opened=\"1\" data-image-meta=\"{&quot;aperture&quot;:&quot;0&quot;,&quot;credit&quot;:&quot;&quot;,&quot;camera&quot;:&quot;&quot;,&quot;caption&quot;:&quot;&quot;,&quot;created_timestamp&quot;:&quot;0&quot;,&quot;copyright&quot;:&quot;&quot;,&quot;focal_length&quot;:&quot;0&quot;,&quot;iso&quot;:&quot;0&quot;,&quot;shutter_speed&quot;:&quot;0&quot;,&quot;title&quot;:&quot;&quot;,&quot;orientation&quot;:&quot;0&quot;}\" data-image-title=\"18_Emanuele_Spano_Zimbabwian_Children_on_Street\" data-image-description=\"\" data-image-caption=\"\" data-medium-file=\"https:\/\/socialdesignmagazine.com\/mag\/wp-content\/uploads\/2012\/02\/benedetto_emanuele_spano_Zimbabwian_Children_on_Street_18_Emanuele_Spano_Zimbabwian_Children_on_Street-396x256.jpg\" data-large-file=\"https:\/\/socialdesignmagazine.com\/mag\/wp-content\/uploads\/2012\/02\/benedetto_emanuele_spano_Zimbabwian_Children_on_Street_18_Emanuele_Spano_Zimbabwian_Children_on_Street.jpg\" src=\"https:\/\/socialdesignmagazine.com\/mag\/wp-content\/uploads\/2012\/02\/benedetto_emanuele_spano_Zimbabwian_Children_on_Street_18_Emanuele_Spano_Zimbabwian_Children_on_Street.jpg\" alt=\"18_Emanuele_Spano_Zimbabwian_Children_on_Street\" class=\"wp-image-7115\" srcset=\"https:\/\/socialdesignmagazine.com\/mag\/wp-content\/uploads\/2012\/02\/benedetto_emanuele_spano_Zimbabwian_Children_on_Street_18_Emanuele_Spano_Zimbabwian_Children_on_Street.jpg 720w, https:\/\/socialdesignmagazine.com\/mag\/wp-content\/uploads\/2012\/02\/benedetto_emanuele_spano_Zimbabwian_Children_on_Street_18_Emanuele_Spano_Zimbabwian_Children_on_Street-100x66.jpg 100w\" sizes=\"auto, (max-width: 720px) 100vw, 720px\" \/><\/figure>\n<\/div>\n\n<div class=\"wp-block-image\">\n<figure class=\"aligncenter\"><img loading=\"lazy\" decoding=\"async\" width=\"720\" height=\"480\" data-attachment-id=\"7116\" data-permalink=\"https:\/\/socialdesignmagazine.com\/mag\/visual\/zimbabwian-children-on-street-emanuele-spano\/attachment\/20_emanuele_spano_zimbabwian_children_on_street\/#content\" data-orig-file=\"https:\/\/socialdesignmagazine.com\/mag\/wp-content\/uploads\/2012\/02\/benedetto_emanuele_spano_Zimbabwian_Children_on_Street_20_Emanuele_Spano_Zimbabwian_Children_on_Street.jpg\" data-orig-size=\"720,480\" data-comments-opened=\"1\" data-image-meta=\"{&quot;aperture&quot;:&quot;0&quot;,&quot;credit&quot;:&quot;&quot;,&quot;camera&quot;:&quot;&quot;,&quot;caption&quot;:&quot;&quot;,&quot;created_timestamp&quot;:&quot;0&quot;,&quot;copyright&quot;:&quot;&quot;,&quot;focal_length&quot;:&quot;0&quot;,&quot;iso&quot;:&quot;0&quot;,&quot;shutter_speed&quot;:&quot;0&quot;,&quot;title&quot;:&quot;&quot;,&quot;orientation&quot;:&quot;0&quot;}\" data-image-title=\"20_Emanuele_Spano_Zimbabwian_Children_on_Street\" data-image-description=\"\" data-image-caption=\"\" data-medium-file=\"https:\/\/socialdesignmagazine.com\/mag\/wp-content\/uploads\/2012\/02\/benedetto_emanuele_spano_Zimbabwian_Children_on_Street_20_Emanuele_Spano_Zimbabwian_Children_on_Street-396x256.jpg\" data-large-file=\"https:\/\/socialdesignmagazine.com\/mag\/wp-content\/uploads\/2012\/02\/benedetto_emanuele_spano_Zimbabwian_Children_on_Street_20_Emanuele_Spano_Zimbabwian_Children_on_Street.jpg\" src=\"https:\/\/socialdesignmagazine.com\/mag\/wp-content\/uploads\/2012\/02\/benedetto_emanuele_spano_Zimbabwian_Children_on_Street_20_Emanuele_Spano_Zimbabwian_Children_on_Street.jpg\" alt=\"20_Emanuele_Spano_Zimbabwian_Children_on_Street\" class=\"wp-image-7116\" srcset=\"https:\/\/socialdesignmagazine.com\/mag\/wp-content\/uploads\/2012\/02\/benedetto_emanuele_spano_Zimbabwian_Children_on_Street_20_Emanuele_Spano_Zimbabwian_Children_on_Street.jpg 720w, https:\/\/socialdesignmagazine.com\/mag\/wp-content\/uploads\/2012\/02\/benedetto_emanuele_spano_Zimbabwian_Children_on_Street_20_Emanuele_Spano_Zimbabwian_Children_on_Street-100x66.jpg 100w\" sizes=\"auto, (max-width: 720px) 100vw, 720px\" \/><\/figure>\n<\/div>\n\n<div class=\"wp-block-image\">\n<figure class=\"aligncenter\"><img loading=\"lazy\" decoding=\"async\" width=\"720\" height=\"480\" data-attachment-id=\"7117\" data-permalink=\"https:\/\/socialdesignmagazine.com\/mag\/visual\/zimbabwian-children-on-street-emanuele-spano\/attachment\/21_emanuele_spano_zimbabwian_children_on_street\/#content\" data-orig-file=\"https:\/\/socialdesignmagazine.com\/mag\/wp-content\/uploads\/2012\/02\/benedetto_emanuele_spano_Zimbabwian_Children_on_Street_21_Emanuele_Spano_Zimbabwian_Children_on_Street.jpg\" data-orig-size=\"720,480\" data-comments-opened=\"1\" data-image-meta=\"{&quot;aperture&quot;:&quot;0&quot;,&quot;credit&quot;:&quot;&quot;,&quot;camera&quot;:&quot;&quot;,&quot;caption&quot;:&quot;&quot;,&quot;created_timestamp&quot;:&quot;0&quot;,&quot;copyright&quot;:&quot;&quot;,&quot;focal_length&quot;:&quot;0&quot;,&quot;iso&quot;:&quot;0&quot;,&quot;shutter_speed&quot;:&quot;0&quot;,&quot;title&quot;:&quot;&quot;,&quot;orientation&quot;:&quot;0&quot;}\" data-image-title=\"21_Emanuele_Spano_Zimbabwian_Children_on_Street\" data-image-description=\"\" data-image-caption=\"\" data-medium-file=\"https:\/\/socialdesignmagazine.com\/mag\/wp-content\/uploads\/2012\/02\/benedetto_emanuele_spano_Zimbabwian_Children_on_Street_21_Emanuele_Spano_Zimbabwian_Children_on_Street-396x256.jpg\" data-large-file=\"https:\/\/socialdesignmagazine.com\/mag\/wp-content\/uploads\/2012\/02\/benedetto_emanuele_spano_Zimbabwian_Children_on_Street_21_Emanuele_Spano_Zimbabwian_Children_on_Street.jpg\" src=\"https:\/\/socialdesignmagazine.com\/mag\/wp-content\/uploads\/2012\/02\/benedetto_emanuele_spano_Zimbabwian_Children_on_Street_21_Emanuele_Spano_Zimbabwian_Children_on_Street.jpg\" alt=\"21_Emanuele_Spano_Zimbabwian_Children_on_Street\" class=\"wp-image-7117\" srcset=\"https:\/\/socialdesignmagazine.com\/mag\/wp-content\/uploads\/2012\/02\/benedetto_emanuele_spano_Zimbabwian_Children_on_Street_21_Emanuele_Spano_Zimbabwian_Children_on_Street.jpg 720w, https:\/\/socialdesignmagazine.com\/mag\/wp-content\/uploads\/2012\/02\/benedetto_emanuele_spano_Zimbabwian_Children_on_Street_21_Emanuele_Spano_Zimbabwian_Children_on_Street-100x66.jpg 100w\" sizes=\"auto, (max-width: 720px) 100vw, 720px\" \/><\/figure>\n<\/div>\n\n<div class=\"wp-block-image\">\n<figure class=\"aligncenter\"><img loading=\"lazy\" decoding=\"async\" width=\"720\" height=\"480\" data-attachment-id=\"7118\" data-permalink=\"https:\/\/socialdesignmagazine.com\/mag\/visual\/zimbabwian-children-on-street-emanuele-spano\/attachment\/26_emanuele_spano_zimbabwian_children_on_street\/#content\" data-orig-file=\"https:\/\/socialdesignmagazine.com\/mag\/wp-content\/uploads\/2012\/02\/benedetto_emanuele_spano_Zimbabwian_Children_on_Street_26_Emanuele_Spano_Zimbabwian_Children_on_Street.jpg\" data-orig-size=\"720,480\" data-comments-opened=\"1\" data-image-meta=\"{&quot;aperture&quot;:&quot;0&quot;,&quot;credit&quot;:&quot;&quot;,&quot;camera&quot;:&quot;&quot;,&quot;caption&quot;:&quot;&quot;,&quot;created_timestamp&quot;:&quot;0&quot;,&quot;copyright&quot;:&quot;&quot;,&quot;focal_length&quot;:&quot;0&quot;,&quot;iso&quot;:&quot;0&quot;,&quot;shutter_speed&quot;:&quot;0&quot;,&quot;title&quot;:&quot;&quot;,&quot;orientation&quot;:&quot;0&quot;}\" data-image-title=\"26_Emanuele_Spano_Zimbabwian_Children_on_Street\" data-image-description=\"\" data-image-caption=\"\" data-medium-file=\"https:\/\/socialdesignmagazine.com\/mag\/wp-content\/uploads\/2012\/02\/benedetto_emanuele_spano_Zimbabwian_Children_on_Street_26_Emanuele_Spano_Zimbabwian_Children_on_Street-396x256.jpg\" data-large-file=\"https:\/\/socialdesignmagazine.com\/mag\/wp-content\/uploads\/2012\/02\/benedetto_emanuele_spano_Zimbabwian_Children_on_Street_26_Emanuele_Spano_Zimbabwian_Children_on_Street.jpg\" src=\"https:\/\/socialdesignmagazine.com\/mag\/wp-content\/uploads\/2012\/02\/benedetto_emanuele_spano_Zimbabwian_Children_on_Street_26_Emanuele_Spano_Zimbabwian_Children_on_Street.jpg\" alt=\"26_Emanuele_Spano_Zimbabwian_Children_on_Street\" class=\"wp-image-7118\" srcset=\"https:\/\/socialdesignmagazine.com\/mag\/wp-content\/uploads\/2012\/02\/benedetto_emanuele_spano_Zimbabwian_Children_on_Street_26_Emanuele_Spano_Zimbabwian_Children_on_Street.jpg 720w, https:\/\/socialdesignmagazine.com\/mag\/wp-content\/uploads\/2012\/02\/benedetto_emanuele_spano_Zimbabwian_Children_on_Street_26_Emanuele_Spano_Zimbabwian_Children_on_Street-100x66.jpg 100w\" sizes=\"auto, (max-width: 720px) 100vw, 720px\" \/><\/figure>\n<\/div>\n\n<div class=\"wp-block-image\">\n<figure class=\"aligncenter\"><img loading=\"lazy\" decoding=\"async\" width=\"720\" height=\"480\" data-attachment-id=\"7119\" data-permalink=\"https:\/\/socialdesignmagazine.com\/mag\/visual\/zimbabwian-children-on-street-emanuele-spano\/attachment\/27_emanuele_spano_zimbabwian_children_on_street\/#content\" data-orig-file=\"https:\/\/socialdesignmagazine.com\/mag\/wp-content\/uploads\/2012\/02\/benedetto_emanuele_spano_Zimbabwian_Children_on_Street_27_Emanuele_Spano_Zimbabwian_Children_on_Street.jpg\" data-orig-size=\"720,480\" data-comments-opened=\"1\" data-image-meta=\"{&quot;aperture&quot;:&quot;0&quot;,&quot;credit&quot;:&quot;&quot;,&quot;camera&quot;:&quot;&quot;,&quot;caption&quot;:&quot;&quot;,&quot;created_timestamp&quot;:&quot;0&quot;,&quot;copyright&quot;:&quot;&quot;,&quot;focal_length&quot;:&quot;0&quot;,&quot;iso&quot;:&quot;0&quot;,&quot;shutter_speed&quot;:&quot;0&quot;,&quot;title&quot;:&quot;&quot;,&quot;orientation&quot;:&quot;0&quot;}\" data-image-title=\"27_Emanuele_Spano_Zimbabwian_Children_on_Street\" data-image-description=\"\" data-image-caption=\"\" data-medium-file=\"https:\/\/socialdesignmagazine.com\/mag\/wp-content\/uploads\/2012\/02\/benedetto_emanuele_spano_Zimbabwian_Children_on_Street_27_Emanuele_Spano_Zimbabwian_Children_on_Street-396x256.jpg\" data-large-file=\"https:\/\/socialdesignmagazine.com\/mag\/wp-content\/uploads\/2012\/02\/benedetto_emanuele_spano_Zimbabwian_Children_on_Street_27_Emanuele_Spano_Zimbabwian_Children_on_Street.jpg\" src=\"https:\/\/socialdesignmagazine.com\/mag\/wp-content\/uploads\/2012\/02\/benedetto_emanuele_spano_Zimbabwian_Children_on_Street_27_Emanuele_Spano_Zimbabwian_Children_on_Street.jpg\" alt=\"27_Emanuele_Spano_Zimbabwian_Children_on_Street\" class=\"wp-image-7119\" srcset=\"https:\/\/socialdesignmagazine.com\/mag\/wp-content\/uploads\/2012\/02\/benedetto_emanuele_spano_Zimbabwian_Children_on_Street_27_Emanuele_Spano_Zimbabwian_Children_on_Street.jpg 720w, https:\/\/socialdesignmagazine.com\/mag\/wp-content\/uploads\/2012\/02\/benedetto_emanuele_spano_Zimbabwian_Children_on_Street_27_Emanuele_Spano_Zimbabwian_Children_on_Street-100x66.jpg 100w\" sizes=\"auto, (max-width: 720px) 100vw, 720px\" \/><\/figure>\n<\/div>\n\n<div class=\"wp-block-image\">\n<figure class=\"aligncenter\"><img loading=\"lazy\" decoding=\"async\" width=\"720\" height=\"480\" data-attachment-id=\"7120\" data-permalink=\"https:\/\/socialdesignmagazine.com\/mag\/visual\/zimbabwian-children-on-street-emanuele-spano\/attachment\/28_emanuele_spano_zimbabwian_children_on_street\/#content\" data-orig-file=\"https:\/\/socialdesignmagazine.com\/mag\/wp-content\/uploads\/2012\/02\/benedetto_emanuele_spano_Zimbabwian_Children_on_Street_28_Emanuele_Spano_Zimbabwian_Children_on_Street.jpg\" data-orig-size=\"720,480\" data-comments-opened=\"1\" data-image-meta=\"{&quot;aperture&quot;:&quot;0&quot;,&quot;credit&quot;:&quot;&quot;,&quot;camera&quot;:&quot;&quot;,&quot;caption&quot;:&quot;&quot;,&quot;created_timestamp&quot;:&quot;0&quot;,&quot;copyright&quot;:&quot;&quot;,&quot;focal_length&quot;:&quot;0&quot;,&quot;iso&quot;:&quot;0&quot;,&quot;shutter_speed&quot;:&quot;0&quot;,&quot;title&quot;:&quot;&quot;,&quot;orientation&quot;:&quot;0&quot;}\" data-image-title=\"28_Emanuele_Spano_Zimbabwian_Children_on_Street\" data-image-description=\"\" data-image-caption=\"\" data-medium-file=\"https:\/\/socialdesignmagazine.com\/mag\/wp-content\/uploads\/2012\/02\/benedetto_emanuele_spano_Zimbabwian_Children_on_Street_28_Emanuele_Spano_Zimbabwian_Children_on_Street-396x256.jpg\" data-large-file=\"https:\/\/socialdesignmagazine.com\/mag\/wp-content\/uploads\/2012\/02\/benedetto_emanuele_spano_Zimbabwian_Children_on_Street_28_Emanuele_Spano_Zimbabwian_Children_on_Street.jpg\" src=\"https:\/\/socialdesignmagazine.com\/mag\/wp-content\/uploads\/2012\/02\/benedetto_emanuele_spano_Zimbabwian_Children_on_Street_28_Emanuele_Spano_Zimbabwian_Children_on_Street.jpg\" alt=\"28_Emanuele_Spano_Zimbabwian_Children_on_Street\" class=\"wp-image-7120\" srcset=\"https:\/\/socialdesignmagazine.com\/mag\/wp-content\/uploads\/2012\/02\/benedetto_emanuele_spano_Zimbabwian_Children_on_Street_28_Emanuele_Spano_Zimbabwian_Children_on_Street.jpg 720w, https:\/\/socialdesignmagazine.com\/mag\/wp-content\/uploads\/2012\/02\/benedetto_emanuele_spano_Zimbabwian_Children_on_Street_28_Emanuele_Spano_Zimbabwian_Children_on_Street-100x66.jpg 100w\" sizes=\"auto, (max-width: 720px) 100vw, 720px\" \/><\/figure>\n<\/div>\n\n<div class=\"wp-block-image\">\n<figure class=\"aligncenter\"><img loading=\"lazy\" decoding=\"async\" width=\"720\" height=\"480\" data-attachment-id=\"7121\" data-permalink=\"https:\/\/socialdesignmagazine.com\/mag\/visual\/zimbabwian-children-on-street-emanuele-spano\/attachment\/29_emanuele_spano_zimbabwian_children_on_street\/#content\" data-orig-file=\"https:\/\/socialdesignmagazine.com\/mag\/wp-content\/uploads\/2012\/02\/benedetto_emanuele_spano_Zimbabwian_Children_on_Street_29_Emanuele_Spano_Zimbabwian_Children_on_Street.jpg\" data-orig-size=\"720,480\" data-comments-opened=\"1\" data-image-meta=\"{&quot;aperture&quot;:&quot;0&quot;,&quot;credit&quot;:&quot;&quot;,&quot;camera&quot;:&quot;&quot;,&quot;caption&quot;:&quot;&quot;,&quot;created_timestamp&quot;:&quot;0&quot;,&quot;copyright&quot;:&quot;&quot;,&quot;focal_length&quot;:&quot;0&quot;,&quot;iso&quot;:&quot;0&quot;,&quot;shutter_speed&quot;:&quot;0&quot;,&quot;title&quot;:&quot;&quot;,&quot;orientation&quot;:&quot;0&quot;}\" data-image-title=\"29_Emanuele_Spano_Zimbabwian_Children_on_Street\" data-image-description=\"\" data-image-caption=\"\" data-medium-file=\"https:\/\/socialdesignmagazine.com\/mag\/wp-content\/uploads\/2012\/02\/benedetto_emanuele_spano_Zimbabwian_Children_on_Street_29_Emanuele_Spano_Zimbabwian_Children_on_Street-396x256.jpg\" data-large-file=\"https:\/\/socialdesignmagazine.com\/mag\/wp-content\/uploads\/2012\/02\/benedetto_emanuele_spano_Zimbabwian_Children_on_Street_29_Emanuele_Spano_Zimbabwian_Children_on_Street.jpg\" src=\"https:\/\/socialdesignmagazine.com\/mag\/wp-content\/uploads\/2012\/02\/benedetto_emanuele_spano_Zimbabwian_Children_on_Street_29_Emanuele_Spano_Zimbabwian_Children_on_Street.jpg\" alt=\"29_Emanuele_Spano_Zimbabwian_Children_on_Street\" class=\"wp-image-7121\" srcset=\"https:\/\/socialdesignmagazine.com\/mag\/wp-content\/uploads\/2012\/02\/benedetto_emanuele_spano_Zimbabwian_Children_on_Street_29_Emanuele_Spano_Zimbabwian_Children_on_Street.jpg 720w, https:\/\/socialdesignmagazine.com\/mag\/wp-content\/uploads\/2012\/02\/benedetto_emanuele_spano_Zimbabwian_Children_on_Street_29_Emanuele_Spano_Zimbabwian_Children_on_Street-100x66.jpg 100w\" sizes=\"auto, (max-width: 720px) 100vw, 720px\" \/><\/figure>\n<\/div>","protected":false,"gt_translate_keys":[{"key":"rendered","format":"html"}]},"excerpt":{"rendered":"<p>Emanuele Spano ha conseguito il Master in Photography e Visual Design, dopo aver vinto la Borsa di Studio Internazionale del FORMA_International Center of Photography e dell\u2019accademia di design NABA; e dopo essere stato assegnatario della Borsa di Studio \u201cRitorno al Futuro\u201d messa in palio dalla Regione Puglia.<\/p>\n","protected":false,"gt_translate_keys":[{"key":"rendered","format":"html"}]},"author":1,"featured_media":7106,"comment_status":"open","ping_status":"open","sticky":false,"template":"","format":"standard","meta":{"jetpack_post_was_ever_published":false,"_jetpack_newsletter_access":"","_jetpack_dont_email_post_to_subs":false,"_jetpack_newsletter_tier_id":0,"_jetpack_memberships_contains_paywalled_content":false,"_jetpack_memberships_contains_paid_content":false,"footnotes":"","_wpscppro_dont_share_socialmedia":false,"_wpscppro_custom_social_share_image":0,"_facebook_share_type":"","_twitter_share_type":"","_linkedin_share_type":"","_pinterest_share_type":"","_linkedin_share_type_page":"","_instagram_share_type":"","_medium_share_type":"","_threads_share_type":"","_google_business_share_type":"","_selected_social_profile":[],"_wpsp_enable_custom_social_template":false,"_wpsp_social_scheduling":{"enabled":false,"datetime":null,"platforms":[],"status":"template_only","dateOption":"today","timeOption":"now","customDays":"","customHours":"","customDate":"","customTime":"","schedulingType":"absolute"},"_wpsp_active_default_template":true},"categories":[12],"tags":[1852,339,1681],"class_list":["post-541","post","type-post","status-publish","format-standard","has-post-thumbnail","hentry","category-visual","tag-emanuele-spano","tag-fotografia","tag-photography"],"yoast_head":"<!-- This site is optimized with the Yoast SEO plugin v27.2 - https:\/\/yoast.com\/product\/yoast-seo-wordpress\/ -->\n<title>Zimbabwian Children on Street \/ Emanuele Spano - Social Design Magazine<\/title>\n<meta name=\"description\" content=\"Emanuele Spano ha conseguito il Master in Photography e Visual Design, dopo aver vinto la Borsa di Studio Internazionale del FORMA_International Center of Photography e dell\u2019accademia di design NABA; e dopo essere stato assegnatario della Borsa di Studio \u201cRitorno al Futuro\u201d messa in palio dalla Regione Puglia.\" \/>\n<meta name=\"robots\" content=\"index, follow, max-snippet:-1, max-image-preview:large, max-video-preview:-1\" \/>\n<link rel=\"canonical\" href=\"https:\/\/socialdesignmagazine.com\/mag\/visual\/zimbabwian-children-on-street-emanuele-spano\/\" \/>\n<meta property=\"og:locale\" content=\"it_IT\" \/>\n<meta property=\"og:type\" content=\"article\" \/>\n<meta property=\"og:title\" content=\"Zimbabwian Children on Street \/ Emanuele Spano - Social Design Magazine\" \/>\n<meta property=\"og:description\" content=\"Emanuele Spano ha conseguito il Master in Photography e Visual Design, dopo aver vinto la Borsa di Studio Internazionale del FORMA_International Center of Photography e dell\u2019accademia di design NABA; e dopo essere stato assegnatario della Borsa di Studio \u201cRitorno al Futuro\u201d messa in palio dalla Regione Puglia.\" \/>\n<meta property=\"og:url\" content=\"http:\/\/socialdesignmagazine.com\/mag\/visual\/zimbabwian-children-on-street-emanuele-spano\/\" \/>\n<meta property=\"og:site_name\" content=\"Social Design Magazine\" \/>\n<meta property=\"article:publisher\" content=\"https:\/\/www.facebook.com\/socialdesignmag\" \/>\n<meta property=\"article:author\" content=\"https:\/\/www.facebook.com\/benedettofiori\" \/>\n<meta property=\"article:published_time\" content=\"2012-02-15T13:38:25+00:00\" \/>\n<meta property=\"article:modified_time\" content=\"2024-05-10T14:19:41+00:00\" \/>\n<meta property=\"og:image\" content=\"https:\/\/socialdesignmagazine.com\/mag\/wp-content\/uploads\/2012\/02\/benedetto_emanuele_spano_Zimbabwian_Children_on_Street_02_Emanuele_Spano_Zimbabwian_Children_on_Street.jpg\" \/>\n\t<meta property=\"og:image:width\" content=\"720\" \/>\n\t<meta property=\"og:image:height\" content=\"480\" \/>\n\t<meta property=\"og:image:type\" content=\"image\/jpeg\" \/>\n<meta name=\"author\" content=\"Benedetto Fiori\" \/>\n<meta name=\"twitter:card\" content=\"summary_large_image\" \/>\n<meta name=\"twitter:creator\" content=\"@benedettofiori\" \/>\n<meta name=\"twitter:site\" content=\"@socialdesignmag\" \/>\n<meta name=\"twitter:label1\" content=\"Scritto da\" \/>\n\t<meta name=\"twitter:data1\" content=\"Benedetto Fiori\" \/>\n\t<meta name=\"twitter:label2\" content=\"Tempo di lettura stimato\" \/>\n\t<meta name=\"twitter:data2\" content=\"4 minuti\" \/>\n<script type=\"application\/ld+json\" class=\"yoast-schema-graph\">{\"@context\":\"https:\/\/schema.org\",\"@graph\":[{\"@type\":\"Article\",\"@id\":\"https:\/\/socialdesignmagazine.com\/mag\/visual\/zimbabwian-children-on-street-emanuele-spano\/#article\",\"isPartOf\":{\"@id\":\"https:\/\/socialdesignmagazine.com\/mag\/visual\/zimbabwian-children-on-street-emanuele-spano\/\"},\"author\":{\"name\":\"Benedetto Fiori\",\"@id\":\"https:\/\/socialdesignmagazine.com\/mag\/#\/schema\/person\/61e20205cc363c315e6aabd33a045846\"},\"headline\":\"Zimbabwian Children on Street \/ Emanuele Spano\",\"datePublished\":\"2012-02-15T13:38:25+00:00\",\"dateModified\":\"2024-05-10T14:19:41+00:00\",\"mainEntityOfPage\":{\"@id\":\"https:\/\/socialdesignmagazine.com\/mag\/visual\/zimbabwian-children-on-street-emanuele-spano\/\"},\"wordCount\":144,\"commentCount\":0,\"publisher\":{\"@id\":\"https:\/\/socialdesignmagazine.com\/mag\/#organization\"},\"image\":{\"@id\":\"https:\/\/socialdesignmagazine.com\/mag\/visual\/zimbabwian-children-on-street-emanuele-spano\/#primaryimage\"},\"thumbnailUrl\":\"https:\/\/socialdesignmagazine.com\/mag\/wp-content\/uploads\/2012\/02\/benedetto_emanuele_spano_Zimbabwian_Children_on_Street_02_Emanuele_Spano_Zimbabwian_Children_on_Street.jpg\",\"keywords\":[\"emanuele spano\",\"fotografia\",\"photography\"],\"articleSection\":[\"Visual\"],\"inLanguage\":\"it-IT\",\"potentialAction\":[{\"@type\":\"CommentAction\",\"name\":\"Comment\",\"target\":[\"https:\/\/socialdesignmagazine.com\/mag\/visual\/zimbabwian-children-on-street-emanuele-spano\/#respond\"]}]},{\"@type\":\"WebPage\",\"@id\":\"https:\/\/socialdesignmagazine.com\/mag\/visual\/zimbabwian-children-on-street-emanuele-spano\/\",\"url\":\"https:\/\/socialdesignmagazine.com\/mag\/visual\/zimbabwian-children-on-street-emanuele-spano\/\",\"name\":\"Zimbabwian Children on Street \/ Emanuele Spano - Social Design Magazine\",\"isPartOf\":{\"@id\":\"https:\/\/socialdesignmagazine.com\/mag\/#website\"},\"primaryImageOfPage\":{\"@id\":\"https:\/\/socialdesignmagazine.com\/mag\/visual\/zimbabwian-children-on-street-emanuele-spano\/#primaryimage\"},\"image\":{\"@id\":\"https:\/\/socialdesignmagazine.com\/mag\/visual\/zimbabwian-children-on-street-emanuele-spano\/#primaryimage\"},\"thumbnailUrl\":\"https:\/\/socialdesignmagazine.com\/mag\/wp-content\/uploads\/2012\/02\/benedetto_emanuele_spano_Zimbabwian_Children_on_Street_02_Emanuele_Spano_Zimbabwian_Children_on_Street.jpg\",\"datePublished\":\"2012-02-15T13:38:25+00:00\",\"dateModified\":\"2024-05-10T14:19:41+00:00\",\"description\":\"Emanuele Spano ha conseguito il Master in Photography e Visual Design, dopo aver vinto la Borsa di Studio Internazionale del FORMA_International Center of Photography e dell\u2019accademia di design NABA; e dopo essere stato assegnatario della Borsa di Studio \u201cRitorno al Futuro\u201d messa in palio dalla Regione Puglia.\",\"breadcrumb\":{\"@id\":\"https:\/\/socialdesignmagazine.com\/mag\/visual\/zimbabwian-children-on-street-emanuele-spano\/#breadcrumb\"},\"inLanguage\":\"it-IT\",\"potentialAction\":[{\"@type\":\"ReadAction\",\"target\":[\"https:\/\/socialdesignmagazine.com\/mag\/visual\/zimbabwian-children-on-street-emanuele-spano\/\"]}]},{\"@type\":\"ImageObject\",\"inLanguage\":\"it-IT\",\"@id\":\"https:\/\/socialdesignmagazine.com\/mag\/visual\/zimbabwian-children-on-street-emanuele-spano\/#primaryimage\",\"url\":\"https:\/\/socialdesignmagazine.com\/mag\/wp-content\/uploads\/2012\/02\/benedetto_emanuele_spano_Zimbabwian_Children_on_Street_02_Emanuele_Spano_Zimbabwian_Children_on_Street.jpg\",\"contentUrl\":\"https:\/\/socialdesignmagazine.com\/mag\/wp-content\/uploads\/2012\/02\/benedetto_emanuele_spano_Zimbabwian_Children_on_Street_02_Emanuele_Spano_Zimbabwian_Children_on_Street.jpg\",\"width\":720,\"height\":480,\"caption\":\"02_Emanuele_Spano_Zimbabwian_Children_on_Street\"},{\"@type\":\"BreadcrumbList\",\"@id\":\"https:\/\/socialdesignmagazine.com\/mag\/visual\/zimbabwian-children-on-street-emanuele-spano\/#breadcrumb\",\"itemListElement\":[{\"@type\":\"ListItem\",\"position\":1,\"name\":\"Home\",\"item\":\"https:\/\/socialdesignmagazine.com\/mag\/\"},{\"@type\":\"ListItem\",\"position\":2,\"name\":\"Visual\",\"item\":\"https:\/\/socialdesignmagazine.com\/mag\/visual\/\"},{\"@type\":\"ListItem\",\"position\":3,\"name\":\"Zimbabwian Children on Street \/ Emanuele Spano\"}]},{\"@type\":\"WebSite\",\"@id\":\"https:\/\/socialdesignmagazine.com\/mag\/#website\",\"url\":\"https:\/\/socialdesignmagazine.com\/mag\/\",\"name\":\"Social Design Magazine\",\"description\":\"Social Magazine su Design, Architettura, Arte, Grafica\",\"publisher\":{\"@id\":\"https:\/\/socialdesignmagazine.com\/mag\/#organization\"},\"potentialAction\":[{\"@type\":\"SearchAction\",\"target\":{\"@type\":\"EntryPoint\",\"urlTemplate\":\"https:\/\/socialdesignmagazine.com\/mag\/?s={search_term_string}\"},\"query-input\":{\"@type\":\"PropertyValueSpecification\",\"valueRequired\":true,\"valueName\":\"search_term_string\"}}],\"inLanguage\":\"it-IT\"},{\"@type\":\"Organization\",\"@id\":\"https:\/\/socialdesignmagazine.com\/mag\/#organization\",\"name\":\"Social Design Magazine\",\"url\":\"https:\/\/socialdesignmagazine.com\/mag\/\",\"logo\":{\"@type\":\"ImageObject\",\"inLanguage\":\"it-IT\",\"@id\":\"https:\/\/socialdesignmagazine.com\/mag\/#\/schema\/logo\/image\/\",\"url\":\"https:\/\/socialdesignmagazine.com\/mag\/wp-content\/uploads\/2017\/01\/logo_favicon_11.png\",\"contentUrl\":\"https:\/\/socialdesignmagazine.com\/mag\/wp-content\/uploads\/2017\/01\/logo_favicon_11.png\",\"width\":1024,\"height\":1024,\"caption\":\"Social Design Magazine\"},\"image\":{\"@id\":\"https:\/\/socialdesignmagazine.com\/mag\/#\/schema\/logo\/image\/\"},\"sameAs\":[\"https:\/\/www.facebook.com\/socialdesignmag\",\"https:\/\/x.com\/socialdesignmag\",\"http:\/\/instagram.com\/social_design_magazine\/\",\"http:\/\/pinterest.com\/socialdesignmag\/\",\"http:\/\/www.youtube.com\/user\/socialdesignmagazine\"]},{\"@type\":\"Person\",\"@id\":\"https:\/\/socialdesignmagazine.com\/mag\/#\/schema\/person\/61e20205cc363c315e6aabd33a045846\",\"name\":\"Benedetto Fiori\",\"image\":{\"@type\":\"ImageObject\",\"inLanguage\":\"it-IT\",\"@id\":\"https:\/\/secure.gravatar.com\/avatar\/450a48cefa36da63d920ad70aa660bd10725b1c6093800242e5efdb397759033?s=96&d=mm&r=g\",\"url\":\"https:\/\/secure.gravatar.com\/avatar\/450a48cefa36da63d920ad70aa660bd10725b1c6093800242e5efdb397759033?s=96&d=mm&r=g\",\"contentUrl\":\"https:\/\/secure.gravatar.com\/avatar\/450a48cefa36da63d920ad70aa660bd10725b1c6093800242e5efdb397759033?s=96&d=mm&r=g\",\"caption\":\"Benedetto Fiori\"},\"description\":\"Web | Twitter | Facebook | Shutterstock Founder &amp; Editor in Chief di Social Design Magazine. Attratto da sempre da tutto ci\u00f2 che \u00e8 creativit\u00e0, design, architettura. Dopo aver studiato Architettura all'Universit\u00e0 di Firenze, si \u00e8 impegnato in molteplici campi: comunicazione grafica, progettazione di allestimenti fieristici, brand design, Interior Design.\",\"sameAs\":[\"http:\/\/benedettofiori.com\",\"https:\/\/www.facebook.com\/benedettofiori\",\"https:\/\/x.com\/benedettofiori\"],\"url\":\"https:\/\/socialdesignmagazine.com\/mag\/author\/benedetto\/\"}]}<\/script>\n<!-- \/ Yoast SEO plugin. -->","yoast_head_json":{"title":"Zimbabwian Children on Street \/ Emanuele Spano - Social Design Magazine","description":"Emanuele Spano ha conseguito il Master in Photography e Visual Design, dopo aver vinto la Borsa di Studio Internazionale del FORMA_International Center of Photography e dell\u2019accademia di design NABA; e dopo essere stato assegnatario della Borsa di Studio \u201cRitorno al Futuro\u201d messa in palio dalla Regione Puglia.","robots":{"index":"index","follow":"follow","max-snippet":"max-snippet:-1","max-image-preview":"max-image-preview:large","max-video-preview":"max-video-preview:-1"},"canonical":"https:\/\/socialdesignmagazine.com\/mag\/visual\/zimbabwian-children-on-street-emanuele-spano\/","og_locale":"it_IT","og_type":"article","og_title":"Zimbabwian Children on Street \/ Emanuele Spano - Social Design Magazine","og_description":"Emanuele Spano ha conseguito il Master in Photography e Visual Design, dopo aver vinto la Borsa di Studio Internazionale del FORMA_International Center of Photography e dell\u2019accademia di design NABA; e dopo essere stato assegnatario della Borsa di Studio \u201cRitorno al Futuro\u201d messa in palio dalla Regione Puglia.","og_url":"http:\/\/socialdesignmagazine.com\/mag\/visual\/zimbabwian-children-on-street-emanuele-spano\/","og_site_name":"Social Design Magazine","article_publisher":"https:\/\/www.facebook.com\/socialdesignmag","article_author":"https:\/\/www.facebook.com\/benedettofiori","article_published_time":"2012-02-15T13:38:25+00:00","article_modified_time":"2024-05-10T14:19:41+00:00","og_image":[{"width":720,"height":480,"url":"https:\/\/socialdesignmagazine.com\/mag\/wp-content\/uploads\/2012\/02\/benedetto_emanuele_spano_Zimbabwian_Children_on_Street_02_Emanuele_Spano_Zimbabwian_Children_on_Street.jpg","type":"image\/jpeg"}],"author":"Benedetto Fiori","twitter_card":"summary_large_image","twitter_creator":"@benedettofiori","twitter_site":"@socialdesignmag","twitter_misc":{"Scritto da":"Benedetto Fiori","Tempo di lettura stimato":"4 minuti"},"schema":{"@context":"https:\/\/schema.org","@graph":[{"@type":"Article","@id":"https:\/\/socialdesignmagazine.com\/mag\/visual\/zimbabwian-children-on-street-emanuele-spano\/#article","isPartOf":{"@id":"https:\/\/socialdesignmagazine.com\/mag\/visual\/zimbabwian-children-on-street-emanuele-spano\/"},"author":{"name":"Benedetto Fiori","@id":"https:\/\/socialdesignmagazine.com\/mag\/#\/schema\/person\/61e20205cc363c315e6aabd33a045846"},"headline":"Zimbabwian Children on Street \/ Emanuele Spano","datePublished":"2012-02-15T13:38:25+00:00","dateModified":"2024-05-10T14:19:41+00:00","mainEntityOfPage":{"@id":"https:\/\/socialdesignmagazine.com\/mag\/visual\/zimbabwian-children-on-street-emanuele-spano\/"},"wordCount":144,"commentCount":0,"publisher":{"@id":"https:\/\/socialdesignmagazine.com\/mag\/#organization"},"image":{"@id":"https:\/\/socialdesignmagazine.com\/mag\/visual\/zimbabwian-children-on-street-emanuele-spano\/#primaryimage"},"thumbnailUrl":"https:\/\/socialdesignmagazine.com\/mag\/wp-content\/uploads\/2012\/02\/benedetto_emanuele_spano_Zimbabwian_Children_on_Street_02_Emanuele_Spano_Zimbabwian_Children_on_Street.jpg","keywords":["emanuele spano","fotografia","photography"],"articleSection":["Visual"],"inLanguage":"it-IT","potentialAction":[{"@type":"CommentAction","name":"Comment","target":["https:\/\/socialdesignmagazine.com\/mag\/visual\/zimbabwian-children-on-street-emanuele-spano\/#respond"]}]},{"@type":"WebPage","@id":"https:\/\/socialdesignmagazine.com\/mag\/visual\/zimbabwian-children-on-street-emanuele-spano\/","url":"https:\/\/socialdesignmagazine.com\/mag\/visual\/zimbabwian-children-on-street-emanuele-spano\/","name":"Zimbabwian Children on Street \/ Emanuele Spano - Social Design Magazine","isPartOf":{"@id":"https:\/\/socialdesignmagazine.com\/mag\/#website"},"primaryImageOfPage":{"@id":"https:\/\/socialdesignmagazine.com\/mag\/visual\/zimbabwian-children-on-street-emanuele-spano\/#primaryimage"},"image":{"@id":"https:\/\/socialdesignmagazine.com\/mag\/visual\/zimbabwian-children-on-street-emanuele-spano\/#primaryimage"},"thumbnailUrl":"https:\/\/socialdesignmagazine.com\/mag\/wp-content\/uploads\/2012\/02\/benedetto_emanuele_spano_Zimbabwian_Children_on_Street_02_Emanuele_Spano_Zimbabwian_Children_on_Street.jpg","datePublished":"2012-02-15T13:38:25+00:00","dateModified":"2024-05-10T14:19:41+00:00","description":"Emanuele Spano ha conseguito il Master in Photography e Visual Design, dopo aver vinto la Borsa di Studio Internazionale del FORMA_International Center of Photography e dell\u2019accademia di design NABA; e dopo essere stato assegnatario della Borsa di Studio \u201cRitorno al Futuro\u201d messa in palio dalla Regione Puglia.","breadcrumb":{"@id":"https:\/\/socialdesignmagazine.com\/mag\/visual\/zimbabwian-children-on-street-emanuele-spano\/#breadcrumb"},"inLanguage":"it-IT","potentialAction":[{"@type":"ReadAction","target":["https:\/\/socialdesignmagazine.com\/mag\/visual\/zimbabwian-children-on-street-emanuele-spano\/"]}]},{"@type":"ImageObject","inLanguage":"it-IT","@id":"https:\/\/socialdesignmagazine.com\/mag\/visual\/zimbabwian-children-on-street-emanuele-spano\/#primaryimage","url":"https:\/\/socialdesignmagazine.com\/mag\/wp-content\/uploads\/2012\/02\/benedetto_emanuele_spano_Zimbabwian_Children_on_Street_02_Emanuele_Spano_Zimbabwian_Children_on_Street.jpg","contentUrl":"https:\/\/socialdesignmagazine.com\/mag\/wp-content\/uploads\/2012\/02\/benedetto_emanuele_spano_Zimbabwian_Children_on_Street_02_Emanuele_Spano_Zimbabwian_Children_on_Street.jpg","width":720,"height":480,"caption":"02_Emanuele_Spano_Zimbabwian_Children_on_Street"},{"@type":"BreadcrumbList","@id":"https:\/\/socialdesignmagazine.com\/mag\/visual\/zimbabwian-children-on-street-emanuele-spano\/#breadcrumb","itemListElement":[{"@type":"ListItem","position":1,"name":"Home","item":"https:\/\/socialdesignmagazine.com\/mag\/"},{"@type":"ListItem","position":2,"name":"Visual","item":"https:\/\/socialdesignmagazine.com\/mag\/visual\/"},{"@type":"ListItem","position":3,"name":"Zimbabwian Children on Street \/ Emanuele Spano"}]},{"@type":"WebSite","@id":"https:\/\/socialdesignmagazine.com\/mag\/#website","url":"https:\/\/socialdesignmagazine.com\/mag\/","name":"Social Design Magazine","description":"Social Magazine su Design, Architettura, Arte, Grafica","publisher":{"@id":"https:\/\/socialdesignmagazine.com\/mag\/#organization"},"potentialAction":[{"@type":"SearchAction","target":{"@type":"EntryPoint","urlTemplate":"https:\/\/socialdesignmagazine.com\/mag\/?s={search_term_string}"},"query-input":{"@type":"PropertyValueSpecification","valueRequired":true,"valueName":"search_term_string"}}],"inLanguage":"it-IT"},{"@type":"Organization","@id":"https:\/\/socialdesignmagazine.com\/mag\/#organization","name":"Social Design Magazine","url":"https:\/\/socialdesignmagazine.com\/mag\/","logo":{"@type":"ImageObject","inLanguage":"it-IT","@id":"https:\/\/socialdesignmagazine.com\/mag\/#\/schema\/logo\/image\/","url":"https:\/\/socialdesignmagazine.com\/mag\/wp-content\/uploads\/2017\/01\/logo_favicon_11.png","contentUrl":"https:\/\/socialdesignmagazine.com\/mag\/wp-content\/uploads\/2017\/01\/logo_favicon_11.png","width":1024,"height":1024,"caption":"Social Design Magazine"},"image":{"@id":"https:\/\/socialdesignmagazine.com\/mag\/#\/schema\/logo\/image\/"},"sameAs":["https:\/\/www.facebook.com\/socialdesignmag","https:\/\/x.com\/socialdesignmag","http:\/\/instagram.com\/social_design_magazine\/","http:\/\/pinterest.com\/socialdesignmag\/","http:\/\/www.youtube.com\/user\/socialdesignmagazine"]},{"@type":"Person","@id":"https:\/\/socialdesignmagazine.com\/mag\/#\/schema\/person\/61e20205cc363c315e6aabd33a045846","name":"Benedetto Fiori","image":{"@type":"ImageObject","inLanguage":"it-IT","@id":"https:\/\/secure.gravatar.com\/avatar\/450a48cefa36da63d920ad70aa660bd10725b1c6093800242e5efdb397759033?s=96&d=mm&r=g","url":"https:\/\/secure.gravatar.com\/avatar\/450a48cefa36da63d920ad70aa660bd10725b1c6093800242e5efdb397759033?s=96&d=mm&r=g","contentUrl":"https:\/\/secure.gravatar.com\/avatar\/450a48cefa36da63d920ad70aa660bd10725b1c6093800242e5efdb397759033?s=96&d=mm&r=g","caption":"Benedetto Fiori"},"description":"Web | Twitter | Facebook | Shutterstock Founder &amp; Editor in Chief di Social Design Magazine. Attratto da sempre da tutto ci\u00f2 che \u00e8 creativit\u00e0, design, architettura. Dopo aver studiato Architettura all'Universit\u00e0 di Firenze, si \u00e8 impegnato in molteplici campi: comunicazione grafica, progettazione di allestimenti fieristici, brand design, Interior Design.","sameAs":["http:\/\/benedettofiori.com","https:\/\/www.facebook.com\/benedettofiori","https:\/\/x.com\/benedettofiori"],"url":"https:\/\/socialdesignmagazine.com\/mag\/author\/benedetto\/"}]}},"jetpack_featured_media_url":"https:\/\/socialdesignmagazine.com\/mag\/wp-content\/uploads\/2012\/02\/benedetto_emanuele_spano_Zimbabwian_Children_on_Street_02_Emanuele_Spano_Zimbabwian_Children_on_Street.jpg","jetpack_sharing_enabled":true,"jetpack_shortlink":"https:\/\/wp.me\/p6cV7V-8J","gt_translate_keys":[{"key":"link","format":"url"}],"_links":{"self":[{"href":"https:\/\/socialdesignmagazine.com\/mag\/wp-json\/wp\/v2\/posts\/541","targetHints":{"allow":["GET"]}}],"collection":[{"href":"https:\/\/socialdesignmagazine.com\/mag\/wp-json\/wp\/v2\/posts"}],"about":[{"href":"https:\/\/socialdesignmagazine.com\/mag\/wp-json\/wp\/v2\/types\/post"}],"author":[{"embeddable":true,"href":"https:\/\/socialdesignmagazine.com\/mag\/wp-json\/wp\/v2\/users\/1"}],"replies":[{"embeddable":true,"href":"https:\/\/socialdesignmagazine.com\/mag\/wp-json\/wp\/v2\/comments?post=541"}],"version-history":[{"count":1,"href":"https:\/\/socialdesignmagazine.com\/mag\/wp-json\/wp\/v2\/posts\/541\/revisions"}],"predecessor-version":[{"id":59596,"href":"https:\/\/socialdesignmagazine.com\/mag\/wp-json\/wp\/v2\/posts\/541\/revisions\/59596"}],"wp:featuredmedia":[{"embeddable":true,"href":"https:\/\/socialdesignmagazine.com\/mag\/wp-json\/wp\/v2\/media\/7106"}],"wp:attachment":[{"href":"https:\/\/socialdesignmagazine.com\/mag\/wp-json\/wp\/v2\/media?parent=541"}],"wp:term":[{"taxonomy":"category","embeddable":true,"href":"https:\/\/socialdesignmagazine.com\/mag\/wp-json\/wp\/v2\/categories?post=541"},{"taxonomy":"post_tag","embeddable":true,"href":"https:\/\/socialdesignmagazine.com\/mag\/wp-json\/wp\/v2\/tags?post=541"}],"curies":[{"name":"wp","href":"https:\/\/api.w.org\/{rel}","templated":true}]}}