{"id":55173,"date":"2023-08-21T10:52:10","date_gmt":"2023-08-21T08:52:10","guid":{"rendered":"https:\/\/socialdesignmagazine.com\/mag\/?p=55173"},"modified":"2023-08-18T11:02:02","modified_gmt":"2023-08-18T09:02:02","slug":"il-ponte-pedonale-onda-atlantica-unicona-di-leggerezza-e-innovazione-urbana","status":"publish","type":"post","link":"https:\/\/socialdesignmagazine.com\/mag\/architettura\/il-ponte-pedonale-onda-atlantica-unicona-di-leggerezza-e-innovazione-urbana\/","title":{"rendered":"Il Ponte Pedonale Onda Atl\u00e1ntica: Un&#8217;Icona di Leggerezza e Innovazione Urbana","gt_translate_keys":[{"key":"rendered","format":"text"}]},"content":{"rendered":"\n<h2 class=\"wp-block-heading\">Il Ponte Pedonale Onda Atl\u00e1ntica a Las Palmas de Gran Canaria rappresenta un&#8217;opera d&#8217;arte architettonica e ingegneristica unica. Lungo 283 metri, si distingue per le sue tre campate senza supporto intermedio, creando una sensazione di leggerezza e apertura.<\/h2>\n\n\n\n<p>Nel cuore della citt\u00e0 di Las Palmas de Gran Canaria, sorge un&#8217;opera architettonica che cattura lo sguardo e l&#8217;immaginazione dei visitatori: il ponte pedonale Onda Atl\u00e1ntica. Progettato da Onda Arquitectura e Checa Arquitectura, questo ponte si distingue come un&#8217;incarnazione di leggerezza, innovazione e bellezza strutturale.<\/p>\n\n\n\n<p>Con una lunghezza imponente di 283 metri, il ponte pedonale Onda Atl\u00e1ntica si erge sopra gli spazi pubblici con una grazia apparentemente senza sforzo. Ci\u00f2 che affascina all&#8217;istante \u00e8 la presenza di tre maestose campate di 63 metri ciascuna, che si estendono senza supporto intermedio, creando un senso di leggerezza e apertura che sfida le aspettative. La sua forma sinuosa, nata dalla necessit\u00e0 di rispondere alle sfide del sito, non solo si integra splendidamente con gli alberi circostanti, ma migliora anche le prestazioni strutturali, consentendo un design senza giunti di dilatazione.<\/p>\n\n\n\n<p>La caratteristica forma a V del ponte non \u00e8 solo un&#8217;espressione di estetica, ma anche di funzionalit\u00e0. Questa forma \u00e8 stata concepita per mitigare l&#8217;impatto acustico dell&#8217;autostrada sottostante, offrendo al contempo spettacolari viste panoramiche sulla citt\u00e0 sovrastante e permettendo la penetrazione di luce naturale lungo tutto il percorso. La struttura stessa, vista da certi angoli, sembra quasi bidimensionale, creando un&#8217;illusione ottica di un foglio di carta curvato. Questo risultato \u00e8 il frutto di un approccio strutturale altamente innovativo, basato su un profilo triangolare estremamente efficiente e inusuale nel mondo dell&#8217;ingegneria dei ponti. Questo profilo consente al ponte di attraversare curve e distanze con sorprendente efficacia, dando vita a un&#8217;estetica minimalista di grande impatto visivo.<\/p>\n\n\n\n<p>La funzionalit\u00e0 \u00e8 altrettanto essenziale quanto l&#8217;estetica. Il ponte Onda Atl\u00e1ntica \u00e8 stato progettato per rispondere alle diverse esigenze dei pedoni, dei ciclisti e degli utenti con mobilit\u00e0 ridotta, il tutto in un design unico e senza elementi differenziati come scale o ascensori ausiliari. Questa infrastruttura unifica e semplifica, rendendo il ponte non solo una struttura di connessione, ma una scultura urbana di grande rilevanza. Le due piazze che accolgono gli approdi del ponte sono state ridisegnate in modo da integrarsi armoniosamente nella struttura urbana, trasformandosi in spazi pubblici accoglienti e suggestivi.<\/p>\n\n\n\n<p>Ma il ponte Onda Atl\u00e1ntica \u00e8 molto pi\u00f9 di una semplice opera d&#8217;arte architettonica. Esso rappresenta un passo avanti per la citt\u00e0 di Las Palmas de Gran Canaria nella sua ambizione di sviluppare la zona costiera, connettendo la spiaggia di Las Canteras con l&#8217;area portuale. Questo ponte rappresenta il primo passo verso un nuovo sviluppo cittadino, trasformando una necessit\u00e0 di connessione in un&#8217;opportunit\u00e0 di creare spazi pubblici emozionanti e funzionali.<\/p>\n\n\n\n<p>Non si tratta solo di forma e design, ma anche di ingegneria e costruzione. La struttura stessa \u00e8 frutto di un approccio ispirato all&#8217;ingegneria navale, con costole e telai disposti strategicamente e collegati da piastre d&#8217;acciaio. Questo metodo ha consentito l&#8217;assemblaggio di 18 elementi strutturali, ognuno pesante fino a 40 tonnellate, presso una fonderia metallurgica e il loro trasporto via nave sul sito. Questa struttura, ad eccezione delle ringhiere, offre una performance strutturale eccezionale, mentre uno speciale rivestimento a tre strati con finitura metallica non solo conferisce al ponte una protezione contro l&#8217;ambiente marino corrosivo ma contribuisce anche a sfumarlo armoniosamente con l&#8217;ambiente circostante.<\/p>\n\n\n\n<p>Onda Arquitectura e il Direttore del Progetto, Javier Haddad, sono stati le menti creative dietro questa meraviglia architettonica. Javier Haddad, con la sua vasta esperienza e il suo passato lavorativo presso aziende e studi architettonici di fama internazionale, ha contribuito a portare alla luce un ponte che \u00e8 molto pi\u00f9 di una semplice struttura di connessione. \u00c8 diventato un simbolo di innovazione, bellezza e ambizione urbana, un punto panoramico che offre una nuova prospettiva sulla citt\u00e0 e una nuova esperienza di attraversamento.<\/p>\n\n\n\n<p>In conclusione, il ponte pedonale Onda Atl\u00e1ntica rappresenta il perfetto connubio tra architettura, ingegneria e design urbano. La sua leggerezza apparente, la sua forma sinuosa e le sue soluzioni funzionali si fondono in un&#8217;opera che non solo connette spazi fisici, ma anche idee e emozioni. Questo ponte non \u00e8 solo una struttura, ma un&#8217;affermazione di ci\u00f2 che l&#8217;architettura pu\u00f2 realizzare quando si fonde con la visione, l&#8217;innovazione e la passione.<\/p>\n\n\n\n<figure class=\"wp-block-gallery has-nested-images columns-1 is-cropped wp-block-gallery-1 is-layout-flex wp-block-gallery-is-layout-flex\">\n<figure class=\"wp-block-image size-large\"><img loading=\"lazy\" decoding=\"async\" width=\"1024\" height=\"682\" data-attachment-id=\"55211\" data-permalink=\"https:\/\/socialdesignmagazine.com\/mag\/architettura\/il-ponte-pedonale-onda-atlantica-unicona-di-leggerezza-e-innovazione-urbana\/attachment\/ponte-pedonale-onda-atlantica-unicona-di-leggerezza-e-innovazione-urbana-onda-arquitectura-checa-arquitectura-002\/#content\" data-orig-file=\"https:\/\/socialdesignmagazine.com\/mag\/wp-content\/uploads\/2023\/08\/Ponte-Pedonale-Onda-Atlantica-UnIcona-di-Leggerezza-e-Innovazione-Urbana.-Onda-Arquitectura.-Checa-Arquitectura-002.jpg\" data-orig-size=\"1801,1200\" data-comments-opened=\"1\" data-image-meta=\"{&quot;aperture&quot;:&quot;2.8&quot;,&quot;credit&quot;:&quot;&quot;,&quot;camera&quot;:&quot;&quot;,&quot;caption&quot;:&quot;&quot;,&quot;created_timestamp&quot;:&quot;1615575984&quot;,&quot;copyright&quot;:&quot;&quot;,&quot;focal_length&quot;:&quot;10.26&quot;,&quot;iso&quot;:&quot;400&quot;,&quot;shutter_speed&quot;:&quot;0.025&quot;,&quot;title&quot;:&quot;&quot;,&quot;orientation&quot;:&quot;1&quot;}\" data-image-title=\"Ponte Pedonale Onda Atlantica UnIcona di Leggerezza e Innovazione Urbana. Onda Arquitectura. Checa Arquitectura\" data-image-description=\"\" data-image-caption=\"\" data-medium-file=\"https:\/\/socialdesignmagazine.com\/mag\/wp-content\/uploads\/2023\/08\/Ponte-Pedonale-Onda-Atlantica-UnIcona-di-Leggerezza-e-Innovazione-Urbana.-Onda-Arquitectura.-Checa-Arquitectura-002-438x283.jpg\" data-large-file=\"https:\/\/socialdesignmagazine.com\/mag\/wp-content\/uploads\/2023\/08\/Ponte-Pedonale-Onda-Atlantica-UnIcona-di-Leggerezza-e-Innovazione-Urbana.-Onda-Arquitectura.-Checa-Arquitectura-002-1024x682.jpg\" data-id=\"55211\" src=\"https:\/\/socialdesignmagazine.com\/mag\/wp-content\/uploads\/2023\/08\/Ponte-Pedonale-Onda-Atlantica-UnIcona-di-Leggerezza-e-Innovazione-Urbana.-Onda-Arquitectura.-Checa-Arquitectura-002-1024x682.jpg\" alt=\"Ponte Pedonale Onda Atlantica UnIcona di Leggerezza e Innovazione Urbana. Onda Arquitectura. Checa Arquitectura\" class=\"wp-image-55211\" srcset=\"https:\/\/socialdesignmagazine.com\/mag\/wp-content\/uploads\/2023\/08\/Ponte-Pedonale-Onda-Atlantica-UnIcona-di-Leggerezza-e-Innovazione-Urbana.-Onda-Arquitectura.-Checa-Arquitectura-002-1024x682.jpg 1024w, https:\/\/socialdesignmagazine.com\/mag\/wp-content\/uploads\/2023\/08\/Ponte-Pedonale-Onda-Atlantica-UnIcona-di-Leggerezza-e-Innovazione-Urbana.-Onda-Arquitectura.-Checa-Arquitectura-002-100x66.jpg 100w, https:\/\/socialdesignmagazine.com\/mag\/wp-content\/uploads\/2023\/08\/Ponte-Pedonale-Onda-Atlantica-UnIcona-di-Leggerezza-e-Innovazione-Urbana.-Onda-Arquitectura.-Checa-Arquitectura-002-768x512.jpg 768w, https:\/\/socialdesignmagazine.com\/mag\/wp-content\/uploads\/2023\/08\/Ponte-Pedonale-Onda-Atlantica-UnIcona-di-Leggerezza-e-Innovazione-Urbana.-Onda-Arquitectura.-Checa-Arquitectura-002-1536x1023.jpg 1536w, https:\/\/socialdesignmagazine.com\/mag\/wp-content\/uploads\/2023\/08\/Ponte-Pedonale-Onda-Atlantica-UnIcona-di-Leggerezza-e-Innovazione-Urbana.-Onda-Arquitectura.-Checa-Arquitectura-002.jpg 1801w\" sizes=\"auto, (max-width: 1024px) 100vw, 1024px\" \/><\/figure>\n\n\n\n<figure class=\"wp-block-image size-large\"><img loading=\"lazy\" decoding=\"async\" width=\"1024\" height=\"682\" data-attachment-id=\"55208\" data-permalink=\"https:\/\/socialdesignmagazine.com\/mag\/architettura\/il-ponte-pedonale-onda-atlantica-unicona-di-leggerezza-e-innovazione-urbana\/attachment\/ponte-pedonale-onda-atlantica-unicona-di-leggerezza-e-innovazione-urbana-onda-arquitectura-checa-arquitectura-003\/#content\" data-orig-file=\"https:\/\/socialdesignmagazine.com\/mag\/wp-content\/uploads\/2023\/08\/Ponte-Pedonale-Onda-Atlantica-UnIcona-di-Leggerezza-e-Innovazione-Urbana.-Onda-Arquitectura.-Checa-Arquitectura-003.jpg\" data-orig-size=\"1801,1200\" data-comments-opened=\"1\" data-image-meta=\"{&quot;aperture&quot;:&quot;5.6&quot;,&quot;credit&quot;:&quot;&quot;,&quot;camera&quot;:&quot;&quot;,&quot;caption&quot;:&quot;&quot;,&quot;created_timestamp&quot;:&quot;1615712478&quot;,&quot;copyright&quot;:&quot;&quot;,&quot;focal_length&quot;:&quot;10.26&quot;,&quot;iso&quot;:&quot;100&quot;,&quot;shutter_speed&quot;:&quot;0.0025&quot;,&quot;title&quot;:&quot;&quot;,&quot;orientation&quot;:&quot;1&quot;}\" data-image-title=\"Ponte Pedonale Onda Atlantica UnIcona di Leggerezza e Innovazione Urbana. Onda Arquitectura. Checa Arquitectura\" data-image-description=\"\" data-image-caption=\"\" data-medium-file=\"https:\/\/socialdesignmagazine.com\/mag\/wp-content\/uploads\/2023\/08\/Ponte-Pedonale-Onda-Atlantica-UnIcona-di-Leggerezza-e-Innovazione-Urbana.-Onda-Arquitectura.-Checa-Arquitectura-003-438x283.jpg\" data-large-file=\"https:\/\/socialdesignmagazine.com\/mag\/wp-content\/uploads\/2023\/08\/Ponte-Pedonale-Onda-Atlantica-UnIcona-di-Leggerezza-e-Innovazione-Urbana.-Onda-Arquitectura.-Checa-Arquitectura-003-1024x682.jpg\" data-id=\"55208\" src=\"https:\/\/socialdesignmagazine.com\/mag\/wp-content\/uploads\/2023\/08\/Ponte-Pedonale-Onda-Atlantica-UnIcona-di-Leggerezza-e-Innovazione-Urbana.-Onda-Arquitectura.-Checa-Arquitectura-003-1024x682.jpg\" alt=\"Ponte Pedonale Onda Atlantica UnIcona di Leggerezza e Innovazione Urbana. Onda Arquitectura. Checa Arquitectura\" class=\"wp-image-55208\" srcset=\"https:\/\/socialdesignmagazine.com\/mag\/wp-content\/uploads\/2023\/08\/Ponte-Pedonale-Onda-Atlantica-UnIcona-di-Leggerezza-e-Innovazione-Urbana.-Onda-Arquitectura.-Checa-Arquitectura-003-1024x682.jpg 1024w, https:\/\/socialdesignmagazine.com\/mag\/wp-content\/uploads\/2023\/08\/Ponte-Pedonale-Onda-Atlantica-UnIcona-di-Leggerezza-e-Innovazione-Urbana.-Onda-Arquitectura.-Checa-Arquitectura-003-100x66.jpg 100w, https:\/\/socialdesignmagazine.com\/mag\/wp-content\/uploads\/2023\/08\/Ponte-Pedonale-Onda-Atlantica-UnIcona-di-Leggerezza-e-Innovazione-Urbana.-Onda-Arquitectura.-Checa-Arquitectura-003-768x512.jpg 768w, https:\/\/socialdesignmagazine.com\/mag\/wp-content\/uploads\/2023\/08\/Ponte-Pedonale-Onda-Atlantica-UnIcona-di-Leggerezza-e-Innovazione-Urbana.-Onda-Arquitectura.-Checa-Arquitectura-003-1536x1023.jpg 1536w, https:\/\/socialdesignmagazine.com\/mag\/wp-content\/uploads\/2023\/08\/Ponte-Pedonale-Onda-Atlantica-UnIcona-di-Leggerezza-e-Innovazione-Urbana.-Onda-Arquitectura.-Checa-Arquitectura-003.jpg 1801w\" sizes=\"auto, (max-width: 1024px) 100vw, 1024px\" \/><\/figure>\n\n\n\n<figure class=\"wp-block-image size-large\"><img loading=\"lazy\" decoding=\"async\" width=\"1024\" height=\"682\" data-attachment-id=\"55209\" data-permalink=\"https:\/\/socialdesignmagazine.com\/mag\/architettura\/il-ponte-pedonale-onda-atlantica-unicona-di-leggerezza-e-innovazione-urbana\/attachment\/ponte-pedonale-onda-atlantica-unicona-di-leggerezza-e-innovazione-urbana-onda-arquitectura-checa-arquitectura-006\/#content\" data-orig-file=\"https:\/\/socialdesignmagazine.com\/mag\/wp-content\/uploads\/2023\/08\/Ponte-Pedonale-Onda-Atlantica-UnIcona-di-Leggerezza-e-Innovazione-Urbana.-Onda-Arquitectura.-Checa-Arquitectura-006.jpg\" data-orig-size=\"1801,1200\" data-comments-opened=\"1\" data-image-meta=\"{&quot;aperture&quot;:&quot;5.6&quot;,&quot;credit&quot;:&quot;&quot;,&quot;camera&quot;:&quot;&quot;,&quot;caption&quot;:&quot;&quot;,&quot;created_timestamp&quot;:&quot;1615798187&quot;,&quot;copyright&quot;:&quot;&quot;,&quot;focal_length&quot;:&quot;10.26&quot;,&quot;iso&quot;:&quot;100&quot;,&quot;shutter_speed&quot;:&quot;0.003125&quot;,&quot;title&quot;:&quot;&quot;,&quot;orientation&quot;:&quot;1&quot;}\" data-image-title=\"Ponte Pedonale Onda Atlantica UnIcona di Leggerezza e Innovazione Urbana. Onda Arquitectura. Checa Arquitectura\" data-image-description=\"\" data-image-caption=\"\" data-medium-file=\"https:\/\/socialdesignmagazine.com\/mag\/wp-content\/uploads\/2023\/08\/Ponte-Pedonale-Onda-Atlantica-UnIcona-di-Leggerezza-e-Innovazione-Urbana.-Onda-Arquitectura.-Checa-Arquitectura-006-438x283.jpg\" data-large-file=\"https:\/\/socialdesignmagazine.com\/mag\/wp-content\/uploads\/2023\/08\/Ponte-Pedonale-Onda-Atlantica-UnIcona-di-Leggerezza-e-Innovazione-Urbana.-Onda-Arquitectura.-Checa-Arquitectura-006-1024x682.jpg\" data-id=\"55209\" src=\"https:\/\/socialdesignmagazine.com\/mag\/wp-content\/uploads\/2023\/08\/Ponte-Pedonale-Onda-Atlantica-UnIcona-di-Leggerezza-e-Innovazione-Urbana.-Onda-Arquitectura.-Checa-Arquitectura-006-1024x682.jpg\" alt=\"Ponte Pedonale Onda Atlantica UnIcona di Leggerezza e Innovazione Urbana. Onda Arquitectura. Checa Arquitectura\" class=\"wp-image-55209\" srcset=\"https:\/\/socialdesignmagazine.com\/mag\/wp-content\/uploads\/2023\/08\/Ponte-Pedonale-Onda-Atlantica-UnIcona-di-Leggerezza-e-Innovazione-Urbana.-Onda-Arquitectura.-Checa-Arquitectura-006-1024x682.jpg 1024w, https:\/\/socialdesignmagazine.com\/mag\/wp-content\/uploads\/2023\/08\/Ponte-Pedonale-Onda-Atlantica-UnIcona-di-Leggerezza-e-Innovazione-Urbana.-Onda-Arquitectura.-Checa-Arquitectura-006-100x66.jpg 100w, https:\/\/socialdesignmagazine.com\/mag\/wp-content\/uploads\/2023\/08\/Ponte-Pedonale-Onda-Atlantica-UnIcona-di-Leggerezza-e-Innovazione-Urbana.-Onda-Arquitectura.-Checa-Arquitectura-006-768x512.jpg 768w, https:\/\/socialdesignmagazine.com\/mag\/wp-content\/uploads\/2023\/08\/Ponte-Pedonale-Onda-Atlantica-UnIcona-di-Leggerezza-e-Innovazione-Urbana.-Onda-Arquitectura.-Checa-Arquitectura-006-1536x1023.jpg 1536w, https:\/\/socialdesignmagazine.com\/mag\/wp-content\/uploads\/2023\/08\/Ponte-Pedonale-Onda-Atlantica-UnIcona-di-Leggerezza-e-Innovazione-Urbana.-Onda-Arquitectura.-Checa-Arquitectura-006.jpg 1801w\" sizes=\"auto, (max-width: 1024px) 100vw, 1024px\" \/><\/figure>\n\n\n\n<figure class=\"wp-block-image size-large\"><img loading=\"lazy\" decoding=\"async\" width=\"1024\" height=\"683\" data-attachment-id=\"55210\" data-permalink=\"https:\/\/socialdesignmagazine.com\/mag\/architettura\/il-ponte-pedonale-onda-atlantica-unicona-di-leggerezza-e-innovazione-urbana\/attachment\/ponte-pedonale-onda-atlantica-unicona-di-leggerezza-e-innovazione-urbana-onda-arquitectura-checa-arquitectura-012\/#content\" data-orig-file=\"https:\/\/socialdesignmagazine.com\/mag\/wp-content\/uploads\/2023\/08\/Ponte-Pedonale-Onda-Atlantica-UnIcona-di-Leggerezza-e-Innovazione-Urbana.-Onda-Arquitectura.-Checa-Arquitectura-012.jpg\" data-orig-size=\"1799,1200\" data-comments-opened=\"1\" data-image-meta=\"{&quot;aperture&quot;:&quot;14&quot;,&quot;credit&quot;:&quot;&quot;,&quot;camera&quot;:&quot;&quot;,&quot;caption&quot;:&quot;&quot;,&quot;created_timestamp&quot;:&quot;1617875098&quot;,&quot;copyright&quot;:&quot;&quot;,&quot;focal_length&quot;:&quot;25&quot;,&quot;iso&quot;:&quot;100&quot;,&quot;shutter_speed&quot;:&quot;0.01&quot;,&quot;title&quot;:&quot;&quot;,&quot;orientation&quot;:&quot;1&quot;}\" data-image-title=\"Ponte Pedonale Onda Atlantica UnIcona di Leggerezza e Innovazione Urbana. Onda Arquitectura. Checa Arquitectura\" data-image-description=\"\" data-image-caption=\"\" data-medium-file=\"https:\/\/socialdesignmagazine.com\/mag\/wp-content\/uploads\/2023\/08\/Ponte-Pedonale-Onda-Atlantica-UnIcona-di-Leggerezza-e-Innovazione-Urbana.-Onda-Arquitectura.-Checa-Arquitectura-012-438x283.jpg\" data-large-file=\"https:\/\/socialdesignmagazine.com\/mag\/wp-content\/uploads\/2023\/08\/Ponte-Pedonale-Onda-Atlantica-UnIcona-di-Leggerezza-e-Innovazione-Urbana.-Onda-Arquitectura.-Checa-Arquitectura-012-1024x683.jpg\" data-id=\"55210\" src=\"https:\/\/socialdesignmagazine.com\/mag\/wp-content\/uploads\/2023\/08\/Ponte-Pedonale-Onda-Atlantica-UnIcona-di-Leggerezza-e-Innovazione-Urbana.-Onda-Arquitectura.-Checa-Arquitectura-012-1024x683.jpg\" alt=\"Ponte Pedonale Onda Atlantica UnIcona di Leggerezza e Innovazione Urbana. Onda Arquitectura. Checa Arquitectura\" class=\"wp-image-55210\" srcset=\"https:\/\/socialdesignmagazine.com\/mag\/wp-content\/uploads\/2023\/08\/Ponte-Pedonale-Onda-Atlantica-UnIcona-di-Leggerezza-e-Innovazione-Urbana.-Onda-Arquitectura.-Checa-Arquitectura-012-1024x683.jpg 1024w, https:\/\/socialdesignmagazine.com\/mag\/wp-content\/uploads\/2023\/08\/Ponte-Pedonale-Onda-Atlantica-UnIcona-di-Leggerezza-e-Innovazione-Urbana.-Onda-Arquitectura.-Checa-Arquitectura-012-100x66.jpg 100w, https:\/\/socialdesignmagazine.com\/mag\/wp-content\/uploads\/2023\/08\/Ponte-Pedonale-Onda-Atlantica-UnIcona-di-Leggerezza-e-Innovazione-Urbana.-Onda-Arquitectura.-Checa-Arquitectura-012-768x512.jpg 768w, https:\/\/socialdesignmagazine.com\/mag\/wp-content\/uploads\/2023\/08\/Ponte-Pedonale-Onda-Atlantica-UnIcona-di-Leggerezza-e-Innovazione-Urbana.-Onda-Arquitectura.-Checa-Arquitectura-012-1536x1025.jpg 1536w, https:\/\/socialdesignmagazine.com\/mag\/wp-content\/uploads\/2023\/08\/Ponte-Pedonale-Onda-Atlantica-UnIcona-di-Leggerezza-e-Innovazione-Urbana.-Onda-Arquitectura.-Checa-Arquitectura-012.jpg 1799w\" sizes=\"auto, (max-width: 1024px) 100vw, 1024px\" \/><\/figure>\n\n\n\n<figure class=\"wp-block-image size-large\"><img loading=\"lazy\" decoding=\"async\" width=\"1024\" height=\"675\" data-attachment-id=\"55202\" data-permalink=\"https:\/\/socialdesignmagazine.com\/mag\/architettura\/il-ponte-pedonale-onda-atlantica-unicona-di-leggerezza-e-innovazione-urbana\/attachment\/ponte-pedonale-onda-atlantica-unicona-di-leggerezza-e-innovazione-urbana-onda-arquitectura-checa-arquitectura-013\/#content\" data-orig-file=\"https:\/\/socialdesignmagazine.com\/mag\/wp-content\/uploads\/2023\/08\/Ponte-Pedonale-Onda-Atlantica-UnIcona-di-Leggerezza-e-Innovazione-Urbana.-Onda-Arquitectura.-Checa-Arquitectura-013.jpg\" data-orig-size=\"1821,1200\" data-comments-opened=\"1\" data-image-meta=\"{&quot;aperture&quot;:&quot;22&quot;,&quot;credit&quot;:&quot;&quot;,&quot;camera&quot;:&quot;&quot;,&quot;caption&quot;:&quot;&quot;,&quot;created_timestamp&quot;:&quot;1617876299&quot;,&quot;copyright&quot;:&quot;&quot;,&quot;focal_length&quot;:&quot;35&quot;,&quot;iso&quot;:&quot;100&quot;,&quot;shutter_speed&quot;:&quot;0.0125&quot;,&quot;title&quot;:&quot;&quot;,&quot;orientation&quot;:&quot;1&quot;}\" data-image-title=\"Ponte Pedonale Onda Atlantica UnIcona di Leggerezza e Innovazione Urbana. Onda Arquitectura. Checa Arquitectura\" data-image-description=\"\" data-image-caption=\"\" data-medium-file=\"https:\/\/socialdesignmagazine.com\/mag\/wp-content\/uploads\/2023\/08\/Ponte-Pedonale-Onda-Atlantica-UnIcona-di-Leggerezza-e-Innovazione-Urbana.-Onda-Arquitectura.-Checa-Arquitectura-013-438x283.jpg\" data-large-file=\"https:\/\/socialdesignmagazine.com\/mag\/wp-content\/uploads\/2023\/08\/Ponte-Pedonale-Onda-Atlantica-UnIcona-di-Leggerezza-e-Innovazione-Urbana.-Onda-Arquitectura.-Checa-Arquitectura-013-1024x675.jpg\" data-id=\"55202\" src=\"https:\/\/socialdesignmagazine.com\/mag\/wp-content\/uploads\/2023\/08\/Ponte-Pedonale-Onda-Atlantica-UnIcona-di-Leggerezza-e-Innovazione-Urbana.-Onda-Arquitectura.-Checa-Arquitectura-013-1024x675.jpg\" alt=\"Ponte Pedonale Onda Atlantica UnIcona di Leggerezza e Innovazione Urbana. Onda Arquitectura. Checa Arquitectura\" class=\"wp-image-55202\" srcset=\"https:\/\/socialdesignmagazine.com\/mag\/wp-content\/uploads\/2023\/08\/Ponte-Pedonale-Onda-Atlantica-UnIcona-di-Leggerezza-e-Innovazione-Urbana.-Onda-Arquitectura.-Checa-Arquitectura-013-1024x675.jpg 1024w, https:\/\/socialdesignmagazine.com\/mag\/wp-content\/uploads\/2023\/08\/Ponte-Pedonale-Onda-Atlantica-UnIcona-di-Leggerezza-e-Innovazione-Urbana.-Onda-Arquitectura.-Checa-Arquitectura-013-100x66.jpg 100w, https:\/\/socialdesignmagazine.com\/mag\/wp-content\/uploads\/2023\/08\/Ponte-Pedonale-Onda-Atlantica-UnIcona-di-Leggerezza-e-Innovazione-Urbana.-Onda-Arquitectura.-Checa-Arquitectura-013-768x506.jpg 768w, https:\/\/socialdesignmagazine.com\/mag\/wp-content\/uploads\/2023\/08\/Ponte-Pedonale-Onda-Atlantica-UnIcona-di-Leggerezza-e-Innovazione-Urbana.-Onda-Arquitectura.-Checa-Arquitectura-013-1536x1012.jpg 1536w, https:\/\/socialdesignmagazine.com\/mag\/wp-content\/uploads\/2023\/08\/Ponte-Pedonale-Onda-Atlantica-UnIcona-di-Leggerezza-e-Innovazione-Urbana.-Onda-Arquitectura.-Checa-Arquitectura-013.jpg 1821w\" sizes=\"auto, (max-width: 1024px) 100vw, 1024px\" \/><\/figure>\n\n\n\n<figure class=\"wp-block-image size-large\"><img loading=\"lazy\" decoding=\"async\" width=\"1024\" height=\"784\" data-attachment-id=\"55199\" data-permalink=\"https:\/\/socialdesignmagazine.com\/mag\/architettura\/il-ponte-pedonale-onda-atlantica-unicona-di-leggerezza-e-innovazione-urbana\/attachment\/ponte-pedonale-onda-atlantica-unicona-di-leggerezza-e-innovazione-urbana-onda-arquitectura-checa-arquitectura-008\/#content\" data-orig-file=\"https:\/\/socialdesignmagazine.com\/mag\/wp-content\/uploads\/2023\/08\/Ponte-Pedonale-Onda-Atlantica-UnIcona-di-Leggerezza-e-Innovazione-Urbana.-Onda-Arquitectura.-Checa-Arquitectura-008.jpg\" data-orig-size=\"1567,1200\" data-comments-opened=\"1\" data-image-meta=\"{&quot;aperture&quot;:&quot;18&quot;,&quot;credit&quot;:&quot;&quot;,&quot;camera&quot;:&quot;&quot;,&quot;caption&quot;:&quot;&quot;,&quot;created_timestamp&quot;:&quot;1613914635&quot;,&quot;copyright&quot;:&quot;&quot;,&quot;focal_length&quot;:&quot;16&quot;,&quot;iso&quot;:&quot;100&quot;,&quot;shutter_speed&quot;:&quot;0.125&quot;,&quot;title&quot;:&quot;&quot;,&quot;orientation&quot;:&quot;1&quot;}\" data-image-title=\"Ponte Pedonale Onda Atlantica UnIcona di Leggerezza e Innovazione Urbana. Onda Arquitectura. Checa Arquitectura\" data-image-description=\"\" data-image-caption=\"\" data-medium-file=\"https:\/\/socialdesignmagazine.com\/mag\/wp-content\/uploads\/2023\/08\/Ponte-Pedonale-Onda-Atlantica-UnIcona-di-Leggerezza-e-Innovazione-Urbana.-Onda-Arquitectura.-Checa-Arquitectura-008-438x283.jpg\" data-large-file=\"https:\/\/socialdesignmagazine.com\/mag\/wp-content\/uploads\/2023\/08\/Ponte-Pedonale-Onda-Atlantica-UnIcona-di-Leggerezza-e-Innovazione-Urbana.-Onda-Arquitectura.-Checa-Arquitectura-008-1024x784.jpg\" data-id=\"55199\" src=\"https:\/\/socialdesignmagazine.com\/mag\/wp-content\/uploads\/2023\/08\/Ponte-Pedonale-Onda-Atlantica-UnIcona-di-Leggerezza-e-Innovazione-Urbana.-Onda-Arquitectura.-Checa-Arquitectura-008-1024x784.jpg\" alt=\"Ponte Pedonale Onda Atlantica UnIcona di Leggerezza e Innovazione Urbana. Onda Arquitectura. Checa Arquitectura\" class=\"wp-image-55199\" srcset=\"https:\/\/socialdesignmagazine.com\/mag\/wp-content\/uploads\/2023\/08\/Ponte-Pedonale-Onda-Atlantica-UnIcona-di-Leggerezza-e-Innovazione-Urbana.-Onda-Arquitectura.-Checa-Arquitectura-008-1024x784.jpg 1024w, https:\/\/socialdesignmagazine.com\/mag\/wp-content\/uploads\/2023\/08\/Ponte-Pedonale-Onda-Atlantica-UnIcona-di-Leggerezza-e-Innovazione-Urbana.-Onda-Arquitectura.-Checa-Arquitectura-008-768x588.jpg 768w, https:\/\/socialdesignmagazine.com\/mag\/wp-content\/uploads\/2023\/08\/Ponte-Pedonale-Onda-Atlantica-UnIcona-di-Leggerezza-e-Innovazione-Urbana.-Onda-Arquitectura.-Checa-Arquitectura-008-1536x1176.jpg 1536w, https:\/\/socialdesignmagazine.com\/mag\/wp-content\/uploads\/2023\/08\/Ponte-Pedonale-Onda-Atlantica-UnIcona-di-Leggerezza-e-Innovazione-Urbana.-Onda-Arquitectura.-Checa-Arquitectura-008.jpg 1567w\" sizes=\"auto, (max-width: 1024px) 100vw, 1024px\" \/><\/figure>\n\n\n\n<figure class=\"wp-block-image size-large\"><img loading=\"lazy\" decoding=\"async\" width=\"1024\" height=\"683\" data-attachment-id=\"55200\" data-permalink=\"https:\/\/socialdesignmagazine.com\/mag\/architettura\/il-ponte-pedonale-onda-atlantica-unicona-di-leggerezza-e-innovazione-urbana\/attachment\/ponte-pedonale-onda-atlantica-unicona-di-leggerezza-e-innovazione-urbana-onda-arquitectura-checa-arquitectura-007\/#content\" data-orig-file=\"https:\/\/socialdesignmagazine.com\/mag\/wp-content\/uploads\/2023\/08\/Ponte-Pedonale-Onda-Atlantica-UnIcona-di-Leggerezza-e-Innovazione-Urbana.-Onda-Arquitectura.-Checa-Arquitectura-007.jpg\" data-orig-size=\"1800,1200\" data-comments-opened=\"1\" data-image-meta=\"{&quot;aperture&quot;:&quot;18&quot;,&quot;credit&quot;:&quot;&quot;,&quot;camera&quot;:&quot;&quot;,&quot;caption&quot;:&quot;&quot;,&quot;created_timestamp&quot;:&quot;1613914617&quot;,&quot;copyright&quot;:&quot;&quot;,&quot;focal_length&quot;:&quot;16&quot;,&quot;iso&quot;:&quot;100&quot;,&quot;shutter_speed&quot;:&quot;0.076923076923077&quot;,&quot;title&quot;:&quot;&quot;,&quot;orientation&quot;:&quot;1&quot;}\" data-image-title=\"Ponte Pedonale Onda Atlantica UnIcona di Leggerezza e Innovazione Urbana. Onda Arquitectura. Checa Arquitectura\" data-image-description=\"\" data-image-caption=\"\" data-medium-file=\"https:\/\/socialdesignmagazine.com\/mag\/wp-content\/uploads\/2023\/08\/Ponte-Pedonale-Onda-Atlantica-UnIcona-di-Leggerezza-e-Innovazione-Urbana.-Onda-Arquitectura.-Checa-Arquitectura-007-438x283.jpg\" data-large-file=\"https:\/\/socialdesignmagazine.com\/mag\/wp-content\/uploads\/2023\/08\/Ponte-Pedonale-Onda-Atlantica-UnIcona-di-Leggerezza-e-Innovazione-Urbana.-Onda-Arquitectura.-Checa-Arquitectura-007-1024x683.jpg\" data-id=\"55200\" src=\"https:\/\/socialdesignmagazine.com\/mag\/wp-content\/uploads\/2023\/08\/Ponte-Pedonale-Onda-Atlantica-UnIcona-di-Leggerezza-e-Innovazione-Urbana.-Onda-Arquitectura.-Checa-Arquitectura-007-1024x683.jpg\" alt=\"Ponte Pedonale Onda Atlantica UnIcona di Leggerezza e Innovazione Urbana. Onda Arquitectura. Checa Arquitectura\" class=\"wp-image-55200\" srcset=\"https:\/\/socialdesignmagazine.com\/mag\/wp-content\/uploads\/2023\/08\/Ponte-Pedonale-Onda-Atlantica-UnIcona-di-Leggerezza-e-Innovazione-Urbana.-Onda-Arquitectura.-Checa-Arquitectura-007-1024x683.jpg 1024w, https:\/\/socialdesignmagazine.com\/mag\/wp-content\/uploads\/2023\/08\/Ponte-Pedonale-Onda-Atlantica-UnIcona-di-Leggerezza-e-Innovazione-Urbana.-Onda-Arquitectura.-Checa-Arquitectura-007-100x66.jpg 100w, https:\/\/socialdesignmagazine.com\/mag\/wp-content\/uploads\/2023\/08\/Ponte-Pedonale-Onda-Atlantica-UnIcona-di-Leggerezza-e-Innovazione-Urbana.-Onda-Arquitectura.-Checa-Arquitectura-007-768x512.jpg 768w, https:\/\/socialdesignmagazine.com\/mag\/wp-content\/uploads\/2023\/08\/Ponte-Pedonale-Onda-Atlantica-UnIcona-di-Leggerezza-e-Innovazione-Urbana.-Onda-Arquitectura.-Checa-Arquitectura-007-1536x1024.jpg 1536w, https:\/\/socialdesignmagazine.com\/mag\/wp-content\/uploads\/2023\/08\/Ponte-Pedonale-Onda-Atlantica-UnIcona-di-Leggerezza-e-Innovazione-Urbana.-Onda-Arquitectura.-Checa-Arquitectura-007.jpg 1800w\" sizes=\"auto, (max-width: 1024px) 100vw, 1024px\" \/><\/figure>\n\n\n\n<figure class=\"wp-block-image size-large\"><img loading=\"lazy\" decoding=\"async\" width=\"1024\" height=\"765\" data-attachment-id=\"55203\" data-permalink=\"https:\/\/socialdesignmagazine.com\/mag\/architettura\/il-ponte-pedonale-onda-atlantica-unicona-di-leggerezza-e-innovazione-urbana\/attachment\/ponte-pedonale-onda-atlantica-unicona-di-leggerezza-e-innovazione-urbana-onda-arquitectura-checa-arquitectura-009\/#content\" data-orig-file=\"https:\/\/socialdesignmagazine.com\/mag\/wp-content\/uploads\/2023\/08\/Ponte-Pedonale-Onda-Atlantica-UnIcona-di-Leggerezza-e-Innovazione-Urbana.-Onda-Arquitectura.-Checa-Arquitectura-009.jpg\" data-orig-size=\"1606,1200\" data-comments-opened=\"1\" data-image-meta=\"{&quot;aperture&quot;:&quot;10&quot;,&quot;credit&quot;:&quot;&quot;,&quot;camera&quot;:&quot;&quot;,&quot;caption&quot;:&quot;&quot;,&quot;created_timestamp&quot;:&quot;1613914733&quot;,&quot;copyright&quot;:&quot;&quot;,&quot;focal_length&quot;:&quot;16&quot;,&quot;iso&quot;:&quot;100&quot;,&quot;shutter_speed&quot;:&quot;0.025&quot;,&quot;title&quot;:&quot;&quot;,&quot;orientation&quot;:&quot;1&quot;}\" data-image-title=\"Ponte Pedonale Onda Atlantica UnIcona di Leggerezza e Innovazione Urbana. Onda Arquitectura. Checa Arquitectura\" data-image-description=\"\" data-image-caption=\"\" data-medium-file=\"https:\/\/socialdesignmagazine.com\/mag\/wp-content\/uploads\/2023\/08\/Ponte-Pedonale-Onda-Atlantica-UnIcona-di-Leggerezza-e-Innovazione-Urbana.-Onda-Arquitectura.-Checa-Arquitectura-009-438x283.jpg\" data-large-file=\"https:\/\/socialdesignmagazine.com\/mag\/wp-content\/uploads\/2023\/08\/Ponte-Pedonale-Onda-Atlantica-UnIcona-di-Leggerezza-e-Innovazione-Urbana.-Onda-Arquitectura.-Checa-Arquitectura-009-1024x765.jpg\" data-id=\"55203\" src=\"https:\/\/socialdesignmagazine.com\/mag\/wp-content\/uploads\/2023\/08\/Ponte-Pedonale-Onda-Atlantica-UnIcona-di-Leggerezza-e-Innovazione-Urbana.-Onda-Arquitectura.-Checa-Arquitectura-009-1024x765.jpg\" alt=\"Ponte Pedonale Onda Atlantica UnIcona di Leggerezza e Innovazione Urbana. Onda Arquitectura. Checa Arquitectura\" class=\"wp-image-55203\" srcset=\"https:\/\/socialdesignmagazine.com\/mag\/wp-content\/uploads\/2023\/08\/Ponte-Pedonale-Onda-Atlantica-UnIcona-di-Leggerezza-e-Innovazione-Urbana.-Onda-Arquitectura.-Checa-Arquitectura-009-1024x765.jpg 1024w, https:\/\/socialdesignmagazine.com\/mag\/wp-content\/uploads\/2023\/08\/Ponte-Pedonale-Onda-Atlantica-UnIcona-di-Leggerezza-e-Innovazione-Urbana.-Onda-Arquitectura.-Checa-Arquitectura-009-768x574.jpg 768w, https:\/\/socialdesignmagazine.com\/mag\/wp-content\/uploads\/2023\/08\/Ponte-Pedonale-Onda-Atlantica-UnIcona-di-Leggerezza-e-Innovazione-Urbana.-Onda-Arquitectura.-Checa-Arquitectura-009-1536x1148.jpg 1536w, https:\/\/socialdesignmagazine.com\/mag\/wp-content\/uploads\/2023\/08\/Ponte-Pedonale-Onda-Atlantica-UnIcona-di-Leggerezza-e-Innovazione-Urbana.-Onda-Arquitectura.-Checa-Arquitectura-009.jpg 1606w\" sizes=\"auto, (max-width: 1024px) 100vw, 1024px\" \/><\/figure>\n\n\n\n<figure class=\"wp-block-image size-large\"><img loading=\"lazy\" decoding=\"async\" width=\"1024\" height=\"682\" data-attachment-id=\"55204\" data-permalink=\"https:\/\/socialdesignmagazine.com\/mag\/architettura\/il-ponte-pedonale-onda-atlantica-unicona-di-leggerezza-e-innovazione-urbana\/attachment\/ponte-pedonale-onda-atlantica-unicona-di-leggerezza-e-innovazione-urbana-onda-arquitectura-checa-arquitectura-004\/#content\" data-orig-file=\"https:\/\/socialdesignmagazine.com\/mag\/wp-content\/uploads\/2023\/08\/Ponte-Pedonale-Onda-Atlantica-UnIcona-di-Leggerezza-e-Innovazione-Urbana.-Onda-Arquitectura.-Checa-Arquitectura-004.jpg\" data-orig-size=\"1801,1200\" data-comments-opened=\"1\" data-image-meta=\"{&quot;aperture&quot;:&quot;5&quot;,&quot;credit&quot;:&quot;&quot;,&quot;camera&quot;:&quot;&quot;,&quot;caption&quot;:&quot;&quot;,&quot;created_timestamp&quot;:&quot;1615714161&quot;,&quot;copyright&quot;:&quot;&quot;,&quot;focal_length&quot;:&quot;10.26&quot;,&quot;iso&quot;:&quot;100&quot;,&quot;shutter_speed&quot;:&quot;0.0025&quot;,&quot;title&quot;:&quot;&quot;,&quot;orientation&quot;:&quot;1&quot;}\" data-image-title=\"Ponte Pedonale Onda Atlantica UnIcona di Leggerezza e Innovazione Urbana. Onda Arquitectura. Checa Arquitectura\" data-image-description=\"\" data-image-caption=\"\" data-medium-file=\"https:\/\/socialdesignmagazine.com\/mag\/wp-content\/uploads\/2023\/08\/Ponte-Pedonale-Onda-Atlantica-UnIcona-di-Leggerezza-e-Innovazione-Urbana.-Onda-Arquitectura.-Checa-Arquitectura-004-438x283.jpg\" data-large-file=\"https:\/\/socialdesignmagazine.com\/mag\/wp-content\/uploads\/2023\/08\/Ponte-Pedonale-Onda-Atlantica-UnIcona-di-Leggerezza-e-Innovazione-Urbana.-Onda-Arquitectura.-Checa-Arquitectura-004-1024x682.jpg\" data-id=\"55204\" src=\"https:\/\/socialdesignmagazine.com\/mag\/wp-content\/uploads\/2023\/08\/Ponte-Pedonale-Onda-Atlantica-UnIcona-di-Leggerezza-e-Innovazione-Urbana.-Onda-Arquitectura.-Checa-Arquitectura-004-1024x682.jpg\" alt=\"Ponte Pedonale Onda Atlantica UnIcona di Leggerezza e Innovazione Urbana. Onda Arquitectura. Checa Arquitectura\" class=\"wp-image-55204\" srcset=\"https:\/\/socialdesignmagazine.com\/mag\/wp-content\/uploads\/2023\/08\/Ponte-Pedonale-Onda-Atlantica-UnIcona-di-Leggerezza-e-Innovazione-Urbana.-Onda-Arquitectura.-Checa-Arquitectura-004-1024x682.jpg 1024w, https:\/\/socialdesignmagazine.com\/mag\/wp-content\/uploads\/2023\/08\/Ponte-Pedonale-Onda-Atlantica-UnIcona-di-Leggerezza-e-Innovazione-Urbana.-Onda-Arquitectura.-Checa-Arquitectura-004-100x66.jpg 100w, https:\/\/socialdesignmagazine.com\/mag\/wp-content\/uploads\/2023\/08\/Ponte-Pedonale-Onda-Atlantica-UnIcona-di-Leggerezza-e-Innovazione-Urbana.-Onda-Arquitectura.-Checa-Arquitectura-004-768x512.jpg 768w, https:\/\/socialdesignmagazine.com\/mag\/wp-content\/uploads\/2023\/08\/Ponte-Pedonale-Onda-Atlantica-UnIcona-di-Leggerezza-e-Innovazione-Urbana.-Onda-Arquitectura.-Checa-Arquitectura-004-1536x1023.jpg 1536w, https:\/\/socialdesignmagazine.com\/mag\/wp-content\/uploads\/2023\/08\/Ponte-Pedonale-Onda-Atlantica-UnIcona-di-Leggerezza-e-Innovazione-Urbana.-Onda-Arquitectura.-Checa-Arquitectura-004.jpg 1801w\" sizes=\"auto, (max-width: 1024px) 100vw, 1024px\" \/><\/figure>\n\n\n\n<figure class=\"wp-block-image size-large\"><img loading=\"lazy\" decoding=\"async\" width=\"1024\" height=\"683\" data-attachment-id=\"55212\" data-permalink=\"https:\/\/socialdesignmagazine.com\/mag\/architettura\/il-ponte-pedonale-onda-atlantica-unicona-di-leggerezza-e-innovazione-urbana\/attachment\/ponte-pedonale-onda-atlantica-unicona-di-leggerezza-e-innovazione-urbana-onda-arquitectura-checa-arquitectura-005\/#content\" data-orig-file=\"https:\/\/socialdesignmagazine.com\/mag\/wp-content\/uploads\/2023\/08\/Ponte-Pedonale-Onda-Atlantica-UnIcona-di-Leggerezza-e-Innovazione-Urbana.-Onda-Arquitectura.-Checa-Arquitectura-005.jpg\" data-orig-size=\"1799,1200\" data-comments-opened=\"1\" data-image-meta=\"{&quot;aperture&quot;:&quot;9&quot;,&quot;credit&quot;:&quot;&quot;,&quot;camera&quot;:&quot;&quot;,&quot;caption&quot;:&quot;&quot;,&quot;created_timestamp&quot;:&quot;1615803473&quot;,&quot;copyright&quot;:&quot;&quot;,&quot;focal_length&quot;:&quot;50&quot;,&quot;iso&quot;:&quot;500&quot;,&quot;shutter_speed&quot;:&quot;0.002&quot;,&quot;title&quot;:&quot;&quot;,&quot;orientation&quot;:&quot;1&quot;}\" data-image-title=\"Ponte Pedonale Onda Atlantica UnIcona di Leggerezza e Innovazione Urbana. Onda Arquitectura. Checa Arquitectura\" data-image-description=\"\" data-image-caption=\"\" data-medium-file=\"https:\/\/socialdesignmagazine.com\/mag\/wp-content\/uploads\/2023\/08\/Ponte-Pedonale-Onda-Atlantica-UnIcona-di-Leggerezza-e-Innovazione-Urbana.-Onda-Arquitectura.-Checa-Arquitectura-005-438x283.jpg\" data-large-file=\"https:\/\/socialdesignmagazine.com\/mag\/wp-content\/uploads\/2023\/08\/Ponte-Pedonale-Onda-Atlantica-UnIcona-di-Leggerezza-e-Innovazione-Urbana.-Onda-Arquitectura.-Checa-Arquitectura-005-1024x683.jpg\" data-id=\"55212\" src=\"https:\/\/socialdesignmagazine.com\/mag\/wp-content\/uploads\/2023\/08\/Ponte-Pedonale-Onda-Atlantica-UnIcona-di-Leggerezza-e-Innovazione-Urbana.-Onda-Arquitectura.-Checa-Arquitectura-005-1024x683.jpg\" alt=\"Ponte Pedonale Onda Atlantica UnIcona di Leggerezza e Innovazione Urbana. Onda Arquitectura. Checa Arquitectura\" class=\"wp-image-55212\" srcset=\"https:\/\/socialdesignmagazine.com\/mag\/wp-content\/uploads\/2023\/08\/Ponte-Pedonale-Onda-Atlantica-UnIcona-di-Leggerezza-e-Innovazione-Urbana.-Onda-Arquitectura.-Checa-Arquitectura-005-1024x683.jpg 1024w, https:\/\/socialdesignmagazine.com\/mag\/wp-content\/uploads\/2023\/08\/Ponte-Pedonale-Onda-Atlantica-UnIcona-di-Leggerezza-e-Innovazione-Urbana.-Onda-Arquitectura.-Checa-Arquitectura-005-100x66.jpg 100w, https:\/\/socialdesignmagazine.com\/mag\/wp-content\/uploads\/2023\/08\/Ponte-Pedonale-Onda-Atlantica-UnIcona-di-Leggerezza-e-Innovazione-Urbana.-Onda-Arquitectura.-Checa-Arquitectura-005-768x512.jpg 768w, https:\/\/socialdesignmagazine.com\/mag\/wp-content\/uploads\/2023\/08\/Ponte-Pedonale-Onda-Atlantica-UnIcona-di-Leggerezza-e-Innovazione-Urbana.-Onda-Arquitectura.-Checa-Arquitectura-005-1536x1025.jpg 1536w, https:\/\/socialdesignmagazine.com\/mag\/wp-content\/uploads\/2023\/08\/Ponte-Pedonale-Onda-Atlantica-UnIcona-di-Leggerezza-e-Innovazione-Urbana.-Onda-Arquitectura.-Checa-Arquitectura-005.jpg 1799w\" sizes=\"auto, (max-width: 1024px) 100vw, 1024px\" \/><\/figure>\n\n\n\n<figure class=\"wp-block-image size-large\"><img loading=\"lazy\" decoding=\"async\" width=\"1024\" height=\"651\" data-attachment-id=\"55206\" data-permalink=\"https:\/\/socialdesignmagazine.com\/mag\/architettura\/il-ponte-pedonale-onda-atlantica-unicona-di-leggerezza-e-innovazione-urbana\/attachment\/ponte-pedonale-onda-atlantica-unicona-di-leggerezza-e-innovazione-urbana-onda-arquitectura-checa-arquitectura-010\/#content\" data-orig-file=\"https:\/\/socialdesignmagazine.com\/mag\/wp-content\/uploads\/2023\/08\/Ponte-Pedonale-Onda-Atlantica-UnIcona-di-Leggerezza-e-Innovazione-Urbana.-Onda-Arquitectura.-Checa-Arquitectura-010.jpg\" data-orig-size=\"1887,1200\" data-comments-opened=\"1\" data-image-meta=\"{&quot;aperture&quot;:&quot;10&quot;,&quot;credit&quot;:&quot;&quot;,&quot;camera&quot;:&quot;&quot;,&quot;caption&quot;:&quot;&quot;,&quot;created_timestamp&quot;:&quot;1616836988&quot;,&quot;copyright&quot;:&quot;&quot;,&quot;focal_length&quot;:&quot;21&quot;,&quot;iso&quot;:&quot;200&quot;,&quot;shutter_speed&quot;:&quot;0.008&quot;,&quot;title&quot;:&quot;&quot;,&quot;orientation&quot;:&quot;1&quot;}\" data-image-title=\"Ponte Pedonale Onda Atlantica UnIcona di Leggerezza e Innovazione Urbana. Onda Arquitectura. Checa Arquitectura\" data-image-description=\"\" data-image-caption=\"\" data-medium-file=\"https:\/\/socialdesignmagazine.com\/mag\/wp-content\/uploads\/2023\/08\/Ponte-Pedonale-Onda-Atlantica-UnIcona-di-Leggerezza-e-Innovazione-Urbana.-Onda-Arquitectura.-Checa-Arquitectura-010-438x283.jpg\" data-large-file=\"https:\/\/socialdesignmagazine.com\/mag\/wp-content\/uploads\/2023\/08\/Ponte-Pedonale-Onda-Atlantica-UnIcona-di-Leggerezza-e-Innovazione-Urbana.-Onda-Arquitectura.-Checa-Arquitectura-010-1024x651.jpg\" data-id=\"55206\" src=\"https:\/\/socialdesignmagazine.com\/mag\/wp-content\/uploads\/2023\/08\/Ponte-Pedonale-Onda-Atlantica-UnIcona-di-Leggerezza-e-Innovazione-Urbana.-Onda-Arquitectura.-Checa-Arquitectura-010-1024x651.jpg\" alt=\"Ponte Pedonale Onda Atlantica UnIcona di Leggerezza e Innovazione Urbana. Onda Arquitectura. Checa Arquitectura\" class=\"wp-image-55206\" srcset=\"https:\/\/socialdesignmagazine.com\/mag\/wp-content\/uploads\/2023\/08\/Ponte-Pedonale-Onda-Atlantica-UnIcona-di-Leggerezza-e-Innovazione-Urbana.-Onda-Arquitectura.-Checa-Arquitectura-010-1024x651.jpg 1024w, https:\/\/socialdesignmagazine.com\/mag\/wp-content\/uploads\/2023\/08\/Ponte-Pedonale-Onda-Atlantica-UnIcona-di-Leggerezza-e-Innovazione-Urbana.-Onda-Arquitectura.-Checa-Arquitectura-010-768x488.jpg 768w, https:\/\/socialdesignmagazine.com\/mag\/wp-content\/uploads\/2023\/08\/Ponte-Pedonale-Onda-Atlantica-UnIcona-di-Leggerezza-e-Innovazione-Urbana.-Onda-Arquitectura.-Checa-Arquitectura-010-1536x977.jpg 1536w, https:\/\/socialdesignmagazine.com\/mag\/wp-content\/uploads\/2023\/08\/Ponte-Pedonale-Onda-Atlantica-UnIcona-di-Leggerezza-e-Innovazione-Urbana.-Onda-Arquitectura.-Checa-Arquitectura-010.jpg 1887w\" sizes=\"auto, (max-width: 1024px) 100vw, 1024px\" \/><\/figure>\n\n\n\n<figure class=\"wp-block-image size-large\"><img loading=\"lazy\" decoding=\"async\" width=\"1024\" height=\"686\" data-attachment-id=\"55201\" data-permalink=\"https:\/\/socialdesignmagazine.com\/mag\/architettura\/il-ponte-pedonale-onda-atlantica-unicona-di-leggerezza-e-innovazione-urbana\/attachment\/ponte-pedonale-onda-atlantica-unicona-di-leggerezza-e-innovazione-urbana-onda-arquitectura-checa-arquitectura-011\/#content\" data-orig-file=\"https:\/\/socialdesignmagazine.com\/mag\/wp-content\/uploads\/2023\/08\/Ponte-Pedonale-Onda-Atlantica-UnIcona-di-Leggerezza-e-Innovazione-Urbana.-Onda-Arquitectura.-Checa-Arquitectura-011.jpg\" data-orig-size=\"1792,1200\" data-comments-opened=\"1\" data-image-meta=\"{&quot;aperture&quot;:&quot;5.6&quot;,&quot;credit&quot;:&quot;&quot;,&quot;camera&quot;:&quot;&quot;,&quot;caption&quot;:&quot;&quot;,&quot;created_timestamp&quot;:&quot;1105876268&quot;,&quot;copyright&quot;:&quot;&quot;,&quot;focal_length&quot;:&quot;70&quot;,&quot;iso&quot;:&quot;100&quot;,&quot;shutter_speed&quot;:&quot;0.0055555555555556&quot;,&quot;title&quot;:&quot;&quot;,&quot;orientation&quot;:&quot;1&quot;}\" data-image-title=\"Ponte Pedonale Onda Atlantica UnIcona di Leggerezza e Innovazione Urbana. Onda Arquitectura. Checa Arquitectura\" data-image-description=\"\" data-image-caption=\"\" data-medium-file=\"https:\/\/socialdesignmagazine.com\/mag\/wp-content\/uploads\/2023\/08\/Ponte-Pedonale-Onda-Atlantica-UnIcona-di-Leggerezza-e-Innovazione-Urbana.-Onda-Arquitectura.-Checa-Arquitectura-011-438x283.jpg\" data-large-file=\"https:\/\/socialdesignmagazine.com\/mag\/wp-content\/uploads\/2023\/08\/Ponte-Pedonale-Onda-Atlantica-UnIcona-di-Leggerezza-e-Innovazione-Urbana.-Onda-Arquitectura.-Checa-Arquitectura-011-1024x686.jpg\" data-id=\"55201\" src=\"https:\/\/socialdesignmagazine.com\/mag\/wp-content\/uploads\/2023\/08\/Ponte-Pedonale-Onda-Atlantica-UnIcona-di-Leggerezza-e-Innovazione-Urbana.-Onda-Arquitectura.-Checa-Arquitectura-011-1024x686.jpg\" alt=\"Ponte Pedonale Onda Atlantica UnIcona di Leggerezza e Innovazione Urbana. Onda Arquitectura. Checa Arquitectura\" class=\"wp-image-55201\" srcset=\"https:\/\/socialdesignmagazine.com\/mag\/wp-content\/uploads\/2023\/08\/Ponte-Pedonale-Onda-Atlantica-UnIcona-di-Leggerezza-e-Innovazione-Urbana.-Onda-Arquitectura.-Checa-Arquitectura-011-1024x686.jpg 1024w, https:\/\/socialdesignmagazine.com\/mag\/wp-content\/uploads\/2023\/08\/Ponte-Pedonale-Onda-Atlantica-UnIcona-di-Leggerezza-e-Innovazione-Urbana.-Onda-Arquitectura.-Checa-Arquitectura-011-100x66.jpg 100w, https:\/\/socialdesignmagazine.com\/mag\/wp-content\/uploads\/2023\/08\/Ponte-Pedonale-Onda-Atlantica-UnIcona-di-Leggerezza-e-Innovazione-Urbana.-Onda-Arquitectura.-Checa-Arquitectura-011-768x514.jpg 768w, https:\/\/socialdesignmagazine.com\/mag\/wp-content\/uploads\/2023\/08\/Ponte-Pedonale-Onda-Atlantica-UnIcona-di-Leggerezza-e-Innovazione-Urbana.-Onda-Arquitectura.-Checa-Arquitectura-011-1536x1029.jpg 1536w, https:\/\/socialdesignmagazine.com\/mag\/wp-content\/uploads\/2023\/08\/Ponte-Pedonale-Onda-Atlantica-UnIcona-di-Leggerezza-e-Innovazione-Urbana.-Onda-Arquitectura.-Checa-Arquitectura-011.jpg 1792w\" sizes=\"auto, (max-width: 1024px) 100vw, 1024px\" \/><\/figure>\n\n\n\n<figure class=\"wp-block-image size-large\"><img loading=\"lazy\" decoding=\"async\" width=\"1024\" height=\"588\" data-attachment-id=\"55205\" data-permalink=\"https:\/\/socialdesignmagazine.com\/mag\/architettura\/il-ponte-pedonale-onda-atlantica-unicona-di-leggerezza-e-innovazione-urbana\/attachment\/ponte-pedonale-onda-atlantica-unicona-di-leggerezza-e-innovazione-urbana-onda-arquitectura-checa-arquitectura-015\/#content\" data-orig-file=\"https:\/\/socialdesignmagazine.com\/mag\/wp-content\/uploads\/2023\/08\/Ponte-Pedonale-Onda-Atlantica-UnIcona-di-Leggerezza-e-Innovazione-Urbana.-Onda-Arquitectura.-Checa-Arquitectura-015.jpg\" data-orig-size=\"2090,1200\" data-comments-opened=\"1\" data-image-meta=\"{&quot;aperture&quot;:&quot;22&quot;,&quot;credit&quot;:&quot;&quot;,&quot;camera&quot;:&quot;&quot;,&quot;caption&quot;:&quot;&quot;,&quot;created_timestamp&quot;:&quot;1617309975&quot;,&quot;copyright&quot;:&quot;&quot;,&quot;focal_length&quot;:&quot;35&quot;,&quot;iso&quot;:&quot;4000&quot;,&quot;shutter_speed&quot;:&quot;2&quot;,&quot;title&quot;:&quot;&quot;,&quot;orientation&quot;:&quot;1&quot;}\" data-image-title=\"Ponte Pedonale Onda Atlantica UnIcona di Leggerezza e Innovazione Urbana. Onda Arquitectura. Checa Arquitectura\" data-image-description=\"\" data-image-caption=\"\" data-medium-file=\"https:\/\/socialdesignmagazine.com\/mag\/wp-content\/uploads\/2023\/08\/Ponte-Pedonale-Onda-Atlantica-UnIcona-di-Leggerezza-e-Innovazione-Urbana.-Onda-Arquitectura.-Checa-Arquitectura-015-438x283.jpg\" data-large-file=\"https:\/\/socialdesignmagazine.com\/mag\/wp-content\/uploads\/2023\/08\/Ponte-Pedonale-Onda-Atlantica-UnIcona-di-Leggerezza-e-Innovazione-Urbana.-Onda-Arquitectura.-Checa-Arquitectura-015-1024x588.jpg\" data-id=\"55205\" src=\"https:\/\/socialdesignmagazine.com\/mag\/wp-content\/uploads\/2023\/08\/Ponte-Pedonale-Onda-Atlantica-UnIcona-di-Leggerezza-e-Innovazione-Urbana.-Onda-Arquitectura.-Checa-Arquitectura-015-1024x588.jpg\" alt=\"Ponte Pedonale Onda Atlantica UnIcona di Leggerezza e Innovazione Urbana. Onda Arquitectura. Checa Arquitectura\" class=\"wp-image-55205\" srcset=\"https:\/\/socialdesignmagazine.com\/mag\/wp-content\/uploads\/2023\/08\/Ponte-Pedonale-Onda-Atlantica-UnIcona-di-Leggerezza-e-Innovazione-Urbana.-Onda-Arquitectura.-Checa-Arquitectura-015-1024x588.jpg 1024w, https:\/\/socialdesignmagazine.com\/mag\/wp-content\/uploads\/2023\/08\/Ponte-Pedonale-Onda-Atlantica-UnIcona-di-Leggerezza-e-Innovazione-Urbana.-Onda-Arquitectura.-Checa-Arquitectura-015-768x441.jpg 768w, https:\/\/socialdesignmagazine.com\/mag\/wp-content\/uploads\/2023\/08\/Ponte-Pedonale-Onda-Atlantica-UnIcona-di-Leggerezza-e-Innovazione-Urbana.-Onda-Arquitectura.-Checa-Arquitectura-015-1536x882.jpg 1536w, https:\/\/socialdesignmagazine.com\/mag\/wp-content\/uploads\/2023\/08\/Ponte-Pedonale-Onda-Atlantica-UnIcona-di-Leggerezza-e-Innovazione-Urbana.-Onda-Arquitectura.-Checa-Arquitectura-015-2048x1176.jpg 2048w\" sizes=\"auto, (max-width: 1024px) 100vw, 1024px\" \/><\/figure>\n\n\n\n<figure class=\"wp-block-image size-large\"><img loading=\"lazy\" decoding=\"async\" width=\"1024\" height=\"589\" data-attachment-id=\"55207\" data-permalink=\"https:\/\/socialdesignmagazine.com\/mag\/architettura\/il-ponte-pedonale-onda-atlantica-unicona-di-leggerezza-e-innovazione-urbana\/attachment\/ponte-pedonale-onda-atlantica-unicona-di-leggerezza-e-innovazione-urbana-onda-arquitectura-checa-arquitectura-014\/#content\" data-orig-file=\"https:\/\/socialdesignmagazine.com\/mag\/wp-content\/uploads\/2023\/08\/Ponte-Pedonale-Onda-Atlantica-UnIcona-di-Leggerezza-e-Innovazione-Urbana.-Onda-Arquitectura.-Checa-Arquitectura-014.jpg\" data-orig-size=\"2085,1200\" data-comments-opened=\"1\" data-image-meta=\"{&quot;aperture&quot;:&quot;9&quot;,&quot;credit&quot;:&quot;&quot;,&quot;camera&quot;:&quot;&quot;,&quot;caption&quot;:&quot;&quot;,&quot;created_timestamp&quot;:&quot;1617309342&quot;,&quot;copyright&quot;:&quot;&quot;,&quot;focal_length&quot;:&quot;35&quot;,&quot;iso&quot;:&quot;1600&quot;,&quot;shutter_speed&quot;:&quot;2&quot;,&quot;title&quot;:&quot;&quot;,&quot;orientation&quot;:&quot;1&quot;}\" data-image-title=\"Ponte Pedonale Onda Atlantica UnIcona di Leggerezza e Innovazione Urbana. Onda Arquitectura. Checa Arquitectura\" data-image-description=\"\" data-image-caption=\"\" data-medium-file=\"https:\/\/socialdesignmagazine.com\/mag\/wp-content\/uploads\/2023\/08\/Ponte-Pedonale-Onda-Atlantica-UnIcona-di-Leggerezza-e-Innovazione-Urbana.-Onda-Arquitectura.-Checa-Arquitectura-014-438x283.jpg\" data-large-file=\"https:\/\/socialdesignmagazine.com\/mag\/wp-content\/uploads\/2023\/08\/Ponte-Pedonale-Onda-Atlantica-UnIcona-di-Leggerezza-e-Innovazione-Urbana.-Onda-Arquitectura.-Checa-Arquitectura-014-1024x589.jpg\" data-id=\"55207\" src=\"https:\/\/socialdesignmagazine.com\/mag\/wp-content\/uploads\/2023\/08\/Ponte-Pedonale-Onda-Atlantica-UnIcona-di-Leggerezza-e-Innovazione-Urbana.-Onda-Arquitectura.-Checa-Arquitectura-014-1024x589.jpg\" alt=\"Ponte Pedonale Onda Atlantica UnIcona di Leggerezza e Innovazione Urbana. Onda Arquitectura. Checa Arquitectura\" class=\"wp-image-55207\" srcset=\"https:\/\/socialdesignmagazine.com\/mag\/wp-content\/uploads\/2023\/08\/Ponte-Pedonale-Onda-Atlantica-UnIcona-di-Leggerezza-e-Innovazione-Urbana.-Onda-Arquitectura.-Checa-Arquitectura-014-1024x589.jpg 1024w, https:\/\/socialdesignmagazine.com\/mag\/wp-content\/uploads\/2023\/08\/Ponte-Pedonale-Onda-Atlantica-UnIcona-di-Leggerezza-e-Innovazione-Urbana.-Onda-Arquitectura.-Checa-Arquitectura-014-768x442.jpg 768w, https:\/\/socialdesignmagazine.com\/mag\/wp-content\/uploads\/2023\/08\/Ponte-Pedonale-Onda-Atlantica-UnIcona-di-Leggerezza-e-Innovazione-Urbana.-Onda-Arquitectura.-Checa-Arquitectura-014-1536x884.jpg 1536w, https:\/\/socialdesignmagazine.com\/mag\/wp-content\/uploads\/2023\/08\/Ponte-Pedonale-Onda-Atlantica-UnIcona-di-Leggerezza-e-Innovazione-Urbana.-Onda-Arquitectura.-Checa-Arquitectura-014-2048x1179.jpg 2048w\" sizes=\"auto, (max-width: 1024px) 100vw, 1024px\" \/><\/figure>\n<\/figure>\n\n\n\n<figure class=\"wp-block-embed is-type-video is-provider-youtube wp-block-embed-youtube wp-embed-aspect-16-9 wp-has-aspect-ratio\"><div class=\"wp-block-embed__wrapper\">\n<iframe loading=\"lazy\" title=\"Il Ponte Pedonale Onda Atl\u00e1ntica: Un&#039;Icona di Leggerezza e Innovazione Urbana.\" width=\"500\" height=\"281\" src=\"https:\/\/www.youtube.com\/embed\/ezBnc5kQL2k?feature=oembed\" frameborder=\"0\" allow=\"accelerometer; autoplay; clipboard-write; encrypted-media; gyroscope; picture-in-picture; web-share\" referrerpolicy=\"strict-origin-when-cross-origin\" allowfullscreen><\/iframe>\n<\/div><\/figure>\n\n\n\n<figure class=\"wp-block-gallery has-nested-images columns-1 is-cropped wp-block-gallery-2 is-layout-flex wp-block-gallery-is-layout-flex\">\n<figure class=\"wp-block-image size-large\"><img loading=\"lazy\" decoding=\"async\" width=\"1024\" height=\"364\" data-attachment-id=\"55214\" data-permalink=\"https:\/\/socialdesignmagazine.com\/mag\/architettura\/il-ponte-pedonale-onda-atlantica-unicona-di-leggerezza-e-innovazione-urbana\/attachment\/ponte-pedonale-onda-atlantica-unicona-di-leggerezza-e-innovazione-urbana-disegni-tecnici-002\/#content\" data-orig-file=\"https:\/\/socialdesignmagazine.com\/mag\/wp-content\/uploads\/2023\/08\/Ponte-Pedonale-Onda-Atlantica-UnIcona-di-Leggerezza-e-Innovazione-Urbana.-Disegni-tecnici-002-scaled.jpg\" data-orig-size=\"2560,909\" data-comments-opened=\"1\" data-image-meta=\"{&quot;aperture&quot;:&quot;0&quot;,&quot;credit&quot;:&quot;&quot;,&quot;camera&quot;:&quot;&quot;,&quot;caption&quot;:&quot;&quot;,&quot;created_timestamp&quot;:&quot;0&quot;,&quot;copyright&quot;:&quot;&quot;,&quot;focal_length&quot;:&quot;0&quot;,&quot;iso&quot;:&quot;0&quot;,&quot;shutter_speed&quot;:&quot;0&quot;,&quot;title&quot;:&quot;&quot;,&quot;orientation&quot;:&quot;1&quot;}\" data-image-title=\"Ponte Pedonale Onda Atlantica UnIcona di Leggerezza e Innovazione Urbana. Disegni tecnici\" data-image-description=\"\" data-image-caption=\"\" data-medium-file=\"https:\/\/socialdesignmagazine.com\/mag\/wp-content\/uploads\/2023\/08\/Ponte-Pedonale-Onda-Atlantica-UnIcona-di-Leggerezza-e-Innovazione-Urbana.-Disegni-tecnici-002-438x283.jpg\" data-large-file=\"https:\/\/socialdesignmagazine.com\/mag\/wp-content\/uploads\/2023\/08\/Ponte-Pedonale-Onda-Atlantica-UnIcona-di-Leggerezza-e-Innovazione-Urbana.-Disegni-tecnici-002-1024x364.jpg\" data-id=\"55214\" src=\"https:\/\/socialdesignmagazine.com\/mag\/wp-content\/uploads\/2023\/08\/Ponte-Pedonale-Onda-Atlantica-UnIcona-di-Leggerezza-e-Innovazione-Urbana.-Disegni-tecnici-002-1024x364.jpg\" alt=\"Ponte Pedonale Onda Atlantica UnIcona di Leggerezza e Innovazione Urbana. Disegni tecnici\" class=\"wp-image-55214\" srcset=\"https:\/\/socialdesignmagazine.com\/mag\/wp-content\/uploads\/2023\/08\/Ponte-Pedonale-Onda-Atlantica-UnIcona-di-Leggerezza-e-Innovazione-Urbana.-Disegni-tecnici-002-1024x364.jpg 1024w, https:\/\/socialdesignmagazine.com\/mag\/wp-content\/uploads\/2023\/08\/Ponte-Pedonale-Onda-Atlantica-UnIcona-di-Leggerezza-e-Innovazione-Urbana.-Disegni-tecnici-002-768x273.jpg 768w, https:\/\/socialdesignmagazine.com\/mag\/wp-content\/uploads\/2023\/08\/Ponte-Pedonale-Onda-Atlantica-UnIcona-di-Leggerezza-e-Innovazione-Urbana.-Disegni-tecnici-002-1536x545.jpg 1536w, https:\/\/socialdesignmagazine.com\/mag\/wp-content\/uploads\/2023\/08\/Ponte-Pedonale-Onda-Atlantica-UnIcona-di-Leggerezza-e-Innovazione-Urbana.-Disegni-tecnici-002-2048x727.jpg 2048w\" sizes=\"auto, (max-width: 1024px) 100vw, 1024px\" \/><\/figure>\n\n\n\n<figure class=\"wp-block-image size-large\"><img loading=\"lazy\" decoding=\"async\" width=\"1024\" height=\"1147\" data-attachment-id=\"55220\" data-permalink=\"https:\/\/socialdesignmagazine.com\/mag\/architettura\/il-ponte-pedonale-onda-atlantica-unicona-di-leggerezza-e-innovazione-urbana\/attachment\/ponte-pedonale-onda-atlantica-unicona-di-leggerezza-e-innovazione-urbana-disegni-tecnici-004\/#content\" data-orig-file=\"https:\/\/socialdesignmagazine.com\/mag\/wp-content\/uploads\/2023\/08\/Ponte-Pedonale-Onda-Atlantica-UnIcona-di-Leggerezza-e-Innovazione-Urbana.-Disegni-tecnici-004-scaled.jpg\" data-orig-size=\"2285,2560\" data-comments-opened=\"1\" data-image-meta=\"{&quot;aperture&quot;:&quot;0&quot;,&quot;credit&quot;:&quot;&quot;,&quot;camera&quot;:&quot;&quot;,&quot;caption&quot;:&quot;&quot;,&quot;created_timestamp&quot;:&quot;0&quot;,&quot;copyright&quot;:&quot;&quot;,&quot;focal_length&quot;:&quot;0&quot;,&quot;iso&quot;:&quot;0&quot;,&quot;shutter_speed&quot;:&quot;0&quot;,&quot;title&quot;:&quot;&quot;,&quot;orientation&quot;:&quot;1&quot;}\" data-image-title=\"Ponte Pedonale Onda Atlantica UnIcona di Leggerezza e Innovazione Urbana. Disegni tecnici\" data-image-description=\"\" data-image-caption=\"\" data-medium-file=\"https:\/\/socialdesignmagazine.com\/mag\/wp-content\/uploads\/2023\/08\/Ponte-Pedonale-Onda-Atlantica-UnIcona-di-Leggerezza-e-Innovazione-Urbana.-Disegni-tecnici-004-438x283.jpg\" data-large-file=\"https:\/\/socialdesignmagazine.com\/mag\/wp-content\/uploads\/2023\/08\/Ponte-Pedonale-Onda-Atlantica-UnIcona-di-Leggerezza-e-Innovazione-Urbana.-Disegni-tecnici-004-1024x1147.jpg\" data-id=\"55220\" src=\"https:\/\/socialdesignmagazine.com\/mag\/wp-content\/uploads\/2023\/08\/Ponte-Pedonale-Onda-Atlantica-UnIcona-di-Leggerezza-e-Innovazione-Urbana.-Disegni-tecnici-004-1024x1147.jpg\" alt=\"Ponte Pedonale Onda Atlantica UnIcona di Leggerezza e Innovazione Urbana. Disegni tecnici\" class=\"wp-image-55220\" srcset=\"https:\/\/socialdesignmagazine.com\/mag\/wp-content\/uploads\/2023\/08\/Ponte-Pedonale-Onda-Atlantica-UnIcona-di-Leggerezza-e-Innovazione-Urbana.-Disegni-tecnici-004-1024x1147.jpg 1024w, https:\/\/socialdesignmagazine.com\/mag\/wp-content\/uploads\/2023\/08\/Ponte-Pedonale-Onda-Atlantica-UnIcona-di-Leggerezza-e-Innovazione-Urbana.-Disegni-tecnici-004-768x861.jpg 768w, https:\/\/socialdesignmagazine.com\/mag\/wp-content\/uploads\/2023\/08\/Ponte-Pedonale-Onda-Atlantica-UnIcona-di-Leggerezza-e-Innovazione-Urbana.-Disegni-tecnici-004-1371x1536.jpg 1371w, https:\/\/socialdesignmagazine.com\/mag\/wp-content\/uploads\/2023\/08\/Ponte-Pedonale-Onda-Atlantica-UnIcona-di-Leggerezza-e-Innovazione-Urbana.-Disegni-tecnici-004-1828x2048.jpg 1828w\" sizes=\"auto, (max-width: 1024px) 100vw, 1024px\" \/><\/figure>\n\n\n\n<figure class=\"wp-block-image size-large\"><img loading=\"lazy\" decoding=\"async\" width=\"1024\" height=\"379\" data-attachment-id=\"55215\" data-permalink=\"https:\/\/socialdesignmagazine.com\/mag\/architettura\/il-ponte-pedonale-onda-atlantica-unicona-di-leggerezza-e-innovazione-urbana\/attachment\/ponte-pedonale-onda-atlantica-unicona-di-leggerezza-e-innovazione-urbana-disegni-tecnici-006\/#content\" data-orig-file=\"https:\/\/socialdesignmagazine.com\/mag\/wp-content\/uploads\/2023\/08\/Ponte-Pedonale-Onda-Atlantica-UnIcona-di-Leggerezza-e-Innovazione-Urbana.-Disegni-tecnici-006-scaled.jpg\" data-orig-size=\"2560,947\" data-comments-opened=\"1\" data-image-meta=\"{&quot;aperture&quot;:&quot;0&quot;,&quot;credit&quot;:&quot;&quot;,&quot;camera&quot;:&quot;&quot;,&quot;caption&quot;:&quot;&quot;,&quot;created_timestamp&quot;:&quot;0&quot;,&quot;copyright&quot;:&quot;&quot;,&quot;focal_length&quot;:&quot;0&quot;,&quot;iso&quot;:&quot;0&quot;,&quot;shutter_speed&quot;:&quot;0&quot;,&quot;title&quot;:&quot;&quot;,&quot;orientation&quot;:&quot;1&quot;}\" data-image-title=\"Ponte Pedonale Onda Atlantica UnIcona di Leggerezza e Innovazione Urbana. Disegni tecnici\" data-image-description=\"\" data-image-caption=\"\" data-medium-file=\"https:\/\/socialdesignmagazine.com\/mag\/wp-content\/uploads\/2023\/08\/Ponte-Pedonale-Onda-Atlantica-UnIcona-di-Leggerezza-e-Innovazione-Urbana.-Disegni-tecnici-006-438x283.jpg\" data-large-file=\"https:\/\/socialdesignmagazine.com\/mag\/wp-content\/uploads\/2023\/08\/Ponte-Pedonale-Onda-Atlantica-UnIcona-di-Leggerezza-e-Innovazione-Urbana.-Disegni-tecnici-006-1024x379.jpg\" data-id=\"55215\" src=\"https:\/\/socialdesignmagazine.com\/mag\/wp-content\/uploads\/2023\/08\/Ponte-Pedonale-Onda-Atlantica-UnIcona-di-Leggerezza-e-Innovazione-Urbana.-Disegni-tecnici-006-1024x379.jpg\" alt=\"Ponte Pedonale Onda Atlantica UnIcona di Leggerezza e Innovazione Urbana. Disegni tecnici\" class=\"wp-image-55215\" srcset=\"https:\/\/socialdesignmagazine.com\/mag\/wp-content\/uploads\/2023\/08\/Ponte-Pedonale-Onda-Atlantica-UnIcona-di-Leggerezza-e-Innovazione-Urbana.-Disegni-tecnici-006-1024x379.jpg 1024w, https:\/\/socialdesignmagazine.com\/mag\/wp-content\/uploads\/2023\/08\/Ponte-Pedonale-Onda-Atlantica-UnIcona-di-Leggerezza-e-Innovazione-Urbana.-Disegni-tecnici-006-768x284.jpg 768w, https:\/\/socialdesignmagazine.com\/mag\/wp-content\/uploads\/2023\/08\/Ponte-Pedonale-Onda-Atlantica-UnIcona-di-Leggerezza-e-Innovazione-Urbana.-Disegni-tecnici-006-1536x568.jpg 1536w, https:\/\/socialdesignmagazine.com\/mag\/wp-content\/uploads\/2023\/08\/Ponte-Pedonale-Onda-Atlantica-UnIcona-di-Leggerezza-e-Innovazione-Urbana.-Disegni-tecnici-006-2048x757.jpg 2048w\" sizes=\"auto, (max-width: 1024px) 100vw, 1024px\" \/><\/figure>\n\n\n\n<figure class=\"wp-block-image size-large\"><img loading=\"lazy\" decoding=\"async\" width=\"1024\" height=\"331\" data-attachment-id=\"55213\" data-permalink=\"https:\/\/socialdesignmagazine.com\/mag\/architettura\/il-ponte-pedonale-onda-atlantica-unicona-di-leggerezza-e-innovazione-urbana\/attachment\/ponte-pedonale-onda-atlantica-unicona-di-leggerezza-e-innovazione-urbana-disegni-tecnici-009\/#content\" data-orig-file=\"https:\/\/socialdesignmagazine.com\/mag\/wp-content\/uploads\/2023\/08\/Ponte-Pedonale-Onda-Atlantica-UnIcona-di-Leggerezza-e-Innovazione-Urbana.-Disegni-tecnici-009-scaled.jpg\" data-orig-size=\"2560,828\" data-comments-opened=\"1\" data-image-meta=\"{&quot;aperture&quot;:&quot;0&quot;,&quot;credit&quot;:&quot;&quot;,&quot;camera&quot;:&quot;&quot;,&quot;caption&quot;:&quot;&quot;,&quot;created_timestamp&quot;:&quot;0&quot;,&quot;copyright&quot;:&quot;&quot;,&quot;focal_length&quot;:&quot;0&quot;,&quot;iso&quot;:&quot;0&quot;,&quot;shutter_speed&quot;:&quot;0&quot;,&quot;title&quot;:&quot;&quot;,&quot;orientation&quot;:&quot;1&quot;}\" data-image-title=\"Ponte Pedonale Onda Atlantica UnIcona di Leggerezza e Innovazione Urbana. Disegni tecnici\" data-image-description=\"\" data-image-caption=\"\" data-medium-file=\"https:\/\/socialdesignmagazine.com\/mag\/wp-content\/uploads\/2023\/08\/Ponte-Pedonale-Onda-Atlantica-UnIcona-di-Leggerezza-e-Innovazione-Urbana.-Disegni-tecnici-009-438x283.jpg\" data-large-file=\"https:\/\/socialdesignmagazine.com\/mag\/wp-content\/uploads\/2023\/08\/Ponte-Pedonale-Onda-Atlantica-UnIcona-di-Leggerezza-e-Innovazione-Urbana.-Disegni-tecnici-009-1024x331.jpg\" data-id=\"55213\" src=\"https:\/\/socialdesignmagazine.com\/mag\/wp-content\/uploads\/2023\/08\/Ponte-Pedonale-Onda-Atlantica-UnIcona-di-Leggerezza-e-Innovazione-Urbana.-Disegni-tecnici-009-1024x331.jpg\" alt=\"Ponte Pedonale Onda Atlantica UnIcona di Leggerezza e Innovazione Urbana. Disegni tecnici\" class=\"wp-image-55213\" srcset=\"https:\/\/socialdesignmagazine.com\/mag\/wp-content\/uploads\/2023\/08\/Ponte-Pedonale-Onda-Atlantica-UnIcona-di-Leggerezza-e-Innovazione-Urbana.-Disegni-tecnici-009-1024x331.jpg 1024w, https:\/\/socialdesignmagazine.com\/mag\/wp-content\/uploads\/2023\/08\/Ponte-Pedonale-Onda-Atlantica-UnIcona-di-Leggerezza-e-Innovazione-Urbana.-Disegni-tecnici-009-768x248.jpg 768w, https:\/\/socialdesignmagazine.com\/mag\/wp-content\/uploads\/2023\/08\/Ponte-Pedonale-Onda-Atlantica-UnIcona-di-Leggerezza-e-Innovazione-Urbana.-Disegni-tecnici-009-1536x497.jpg 1536w, https:\/\/socialdesignmagazine.com\/mag\/wp-content\/uploads\/2023\/08\/Ponte-Pedonale-Onda-Atlantica-UnIcona-di-Leggerezza-e-Innovazione-Urbana.-Disegni-tecnici-009-2048x662.jpg 2048w\" sizes=\"auto, (max-width: 1024px) 100vw, 1024px\" \/><\/figure>\n\n\n\n<figure class=\"wp-block-image size-large\"><img loading=\"lazy\" decoding=\"async\" width=\"1024\" height=\"847\" data-attachment-id=\"55216\" data-permalink=\"https:\/\/socialdesignmagazine.com\/mag\/architettura\/il-ponte-pedonale-onda-atlantica-unicona-di-leggerezza-e-innovazione-urbana\/attachment\/ponte-pedonale-onda-atlantica-unicona-di-leggerezza-e-innovazione-urbana-disegni-tecnici-003\/#content\" data-orig-file=\"https:\/\/socialdesignmagazine.com\/mag\/wp-content\/uploads\/2023\/08\/Ponte-Pedonale-Onda-Atlantica-UnIcona-di-Leggerezza-e-Innovazione-Urbana.-Disegni-tecnici-003-scaled.jpg\" data-orig-size=\"2560,2117\" data-comments-opened=\"1\" data-image-meta=\"{&quot;aperture&quot;:&quot;0&quot;,&quot;credit&quot;:&quot;&quot;,&quot;camera&quot;:&quot;&quot;,&quot;caption&quot;:&quot;&quot;,&quot;created_timestamp&quot;:&quot;0&quot;,&quot;copyright&quot;:&quot;&quot;,&quot;focal_length&quot;:&quot;0&quot;,&quot;iso&quot;:&quot;0&quot;,&quot;shutter_speed&quot;:&quot;0&quot;,&quot;title&quot;:&quot;&quot;,&quot;orientation&quot;:&quot;1&quot;}\" data-image-title=\"Ponte Pedonale Onda Atlantica UnIcona di Leggerezza e Innovazione Urbana. Disegni tecnici\" data-image-description=\"\" data-image-caption=\"\" data-medium-file=\"https:\/\/socialdesignmagazine.com\/mag\/wp-content\/uploads\/2023\/08\/Ponte-Pedonale-Onda-Atlantica-UnIcona-di-Leggerezza-e-Innovazione-Urbana.-Disegni-tecnici-003-438x283.jpg\" data-large-file=\"https:\/\/socialdesignmagazine.com\/mag\/wp-content\/uploads\/2023\/08\/Ponte-Pedonale-Onda-Atlantica-UnIcona-di-Leggerezza-e-Innovazione-Urbana.-Disegni-tecnici-003-1024x847.jpg\" data-id=\"55216\" src=\"https:\/\/socialdesignmagazine.com\/mag\/wp-content\/uploads\/2023\/08\/Ponte-Pedonale-Onda-Atlantica-UnIcona-di-Leggerezza-e-Innovazione-Urbana.-Disegni-tecnici-003-1024x847.jpg\" alt=\"Ponte Pedonale Onda Atlantica UnIcona di Leggerezza e Innovazione Urbana. Disegni tecnici\" class=\"wp-image-55216\" srcset=\"https:\/\/socialdesignmagazine.com\/mag\/wp-content\/uploads\/2023\/08\/Ponte-Pedonale-Onda-Atlantica-UnIcona-di-Leggerezza-e-Innovazione-Urbana.-Disegni-tecnici-003-1024x847.jpg 1024w, https:\/\/socialdesignmagazine.com\/mag\/wp-content\/uploads\/2023\/08\/Ponte-Pedonale-Onda-Atlantica-UnIcona-di-Leggerezza-e-Innovazione-Urbana.-Disegni-tecnici-003-768x635.jpg 768w, https:\/\/socialdesignmagazine.com\/mag\/wp-content\/uploads\/2023\/08\/Ponte-Pedonale-Onda-Atlantica-UnIcona-di-Leggerezza-e-Innovazione-Urbana.-Disegni-tecnici-003-1536x1270.jpg 1536w, https:\/\/socialdesignmagazine.com\/mag\/wp-content\/uploads\/2023\/08\/Ponte-Pedonale-Onda-Atlantica-UnIcona-di-Leggerezza-e-Innovazione-Urbana.-Disegni-tecnici-003-2048x1694.jpg 2048w\" sizes=\"auto, (max-width: 1024px) 100vw, 1024px\" \/><\/figure>\n\n\n\n<figure class=\"wp-block-image size-large\"><img loading=\"lazy\" decoding=\"async\" width=\"1024\" height=\"1377\" data-attachment-id=\"55219\" data-permalink=\"https:\/\/socialdesignmagazine.com\/mag\/architettura\/il-ponte-pedonale-onda-atlantica-unicona-di-leggerezza-e-innovazione-urbana\/attachment\/ponte-pedonale-onda-atlantica-unicona-di-leggerezza-e-innovazione-urbana-disegni-tecnici-005\/#content\" data-orig-file=\"https:\/\/socialdesignmagazine.com\/mag\/wp-content\/uploads\/2023\/08\/Ponte-Pedonale-Onda-Atlantica-UnIcona-di-Leggerezza-e-Innovazione-Urbana.-Disegni-tecnici-005-scaled.jpg\" data-orig-size=\"1903,2560\" data-comments-opened=\"1\" data-image-meta=\"{&quot;aperture&quot;:&quot;0&quot;,&quot;credit&quot;:&quot;&quot;,&quot;camera&quot;:&quot;&quot;,&quot;caption&quot;:&quot;&quot;,&quot;created_timestamp&quot;:&quot;0&quot;,&quot;copyright&quot;:&quot;&quot;,&quot;focal_length&quot;:&quot;0&quot;,&quot;iso&quot;:&quot;0&quot;,&quot;shutter_speed&quot;:&quot;0&quot;,&quot;title&quot;:&quot;&quot;,&quot;orientation&quot;:&quot;1&quot;}\" data-image-title=\"Ponte Pedonale Onda Atlantica UnIcona di Leggerezza e Innovazione Urbana. Disegni tecnici\" data-image-description=\"\" data-image-caption=\"\" data-medium-file=\"https:\/\/socialdesignmagazine.com\/mag\/wp-content\/uploads\/2023\/08\/Ponte-Pedonale-Onda-Atlantica-UnIcona-di-Leggerezza-e-Innovazione-Urbana.-Disegni-tecnici-005-438x283.jpg\" data-large-file=\"https:\/\/socialdesignmagazine.com\/mag\/wp-content\/uploads\/2023\/08\/Ponte-Pedonale-Onda-Atlantica-UnIcona-di-Leggerezza-e-Innovazione-Urbana.-Disegni-tecnici-005-1024x1377.jpg\" data-id=\"55219\" src=\"https:\/\/socialdesignmagazine.com\/mag\/wp-content\/uploads\/2023\/08\/Ponte-Pedonale-Onda-Atlantica-UnIcona-di-Leggerezza-e-Innovazione-Urbana.-Disegni-tecnici-005-1024x1377.jpg\" alt=\"Ponte Pedonale Onda Atlantica UnIcona di Leggerezza e Innovazione Urbana. Disegni tecnici\" class=\"wp-image-55219\" srcset=\"https:\/\/socialdesignmagazine.com\/mag\/wp-content\/uploads\/2023\/08\/Ponte-Pedonale-Onda-Atlantica-UnIcona-di-Leggerezza-e-Innovazione-Urbana.-Disegni-tecnici-005-1024x1377.jpg 1024w, https:\/\/socialdesignmagazine.com\/mag\/wp-content\/uploads\/2023\/08\/Ponte-Pedonale-Onda-Atlantica-UnIcona-di-Leggerezza-e-Innovazione-Urbana.-Disegni-tecnici-005-768x1033.jpg 768w, https:\/\/socialdesignmagazine.com\/mag\/wp-content\/uploads\/2023\/08\/Ponte-Pedonale-Onda-Atlantica-UnIcona-di-Leggerezza-e-Innovazione-Urbana.-Disegni-tecnici-005-1142x1536.jpg 1142w, https:\/\/socialdesignmagazine.com\/mag\/wp-content\/uploads\/2023\/08\/Ponte-Pedonale-Onda-Atlantica-UnIcona-di-Leggerezza-e-Innovazione-Urbana.-Disegni-tecnici-005-1523x2048.jpg 1523w, https:\/\/socialdesignmagazine.com\/mag\/wp-content\/uploads\/2023\/08\/Ponte-Pedonale-Onda-Atlantica-UnIcona-di-Leggerezza-e-Innovazione-Urbana.-Disegni-tecnici-005-scaled.jpg 1903w\" sizes=\"auto, (max-width: 1024px) 100vw, 1024px\" \/><\/figure>\n\n\n\n<figure class=\"wp-block-image size-large\"><img loading=\"lazy\" decoding=\"async\" width=\"1024\" height=\"529\" data-attachment-id=\"55218\" data-permalink=\"https:\/\/socialdesignmagazine.com\/mag\/architettura\/il-ponte-pedonale-onda-atlantica-unicona-di-leggerezza-e-innovazione-urbana\/attachment\/ponte-pedonale-onda-atlantica-unicona-di-leggerezza-e-innovazione-urbana-disegni-tecnici-008\/#content\" data-orig-file=\"https:\/\/socialdesignmagazine.com\/mag\/wp-content\/uploads\/2023\/08\/Ponte-Pedonale-Onda-Atlantica-UnIcona-di-Leggerezza-e-Innovazione-Urbana.-Disegni-tecnici-008-scaled.jpg\" data-orig-size=\"2560,1322\" data-comments-opened=\"1\" data-image-meta=\"{&quot;aperture&quot;:&quot;0&quot;,&quot;credit&quot;:&quot;&quot;,&quot;camera&quot;:&quot;&quot;,&quot;caption&quot;:&quot;&quot;,&quot;created_timestamp&quot;:&quot;0&quot;,&quot;copyright&quot;:&quot;&quot;,&quot;focal_length&quot;:&quot;0&quot;,&quot;iso&quot;:&quot;0&quot;,&quot;shutter_speed&quot;:&quot;0&quot;,&quot;title&quot;:&quot;&quot;,&quot;orientation&quot;:&quot;1&quot;}\" data-image-title=\"Ponte Pedonale Onda Atlantica UnIcona di Leggerezza e Innovazione Urbana. Disegni tecnici\" data-image-description=\"\" data-image-caption=\"\" data-medium-file=\"https:\/\/socialdesignmagazine.com\/mag\/wp-content\/uploads\/2023\/08\/Ponte-Pedonale-Onda-Atlantica-UnIcona-di-Leggerezza-e-Innovazione-Urbana.-Disegni-tecnici-008-438x283.jpg\" data-large-file=\"https:\/\/socialdesignmagazine.com\/mag\/wp-content\/uploads\/2023\/08\/Ponte-Pedonale-Onda-Atlantica-UnIcona-di-Leggerezza-e-Innovazione-Urbana.-Disegni-tecnici-008-1024x529.jpg\" data-id=\"55218\" src=\"https:\/\/socialdesignmagazine.com\/mag\/wp-content\/uploads\/2023\/08\/Ponte-Pedonale-Onda-Atlantica-UnIcona-di-Leggerezza-e-Innovazione-Urbana.-Disegni-tecnici-008-1024x529.jpg\" alt=\"Ponte Pedonale Onda Atlantica UnIcona di Leggerezza e Innovazione Urbana. Disegni tecnici\" class=\"wp-image-55218\" srcset=\"https:\/\/socialdesignmagazine.com\/mag\/wp-content\/uploads\/2023\/08\/Ponte-Pedonale-Onda-Atlantica-UnIcona-di-Leggerezza-e-Innovazione-Urbana.-Disegni-tecnici-008-1024x529.jpg 1024w, https:\/\/socialdesignmagazine.com\/mag\/wp-content\/uploads\/2023\/08\/Ponte-Pedonale-Onda-Atlantica-UnIcona-di-Leggerezza-e-Innovazione-Urbana.-Disegni-tecnici-008-768x397.jpg 768w, https:\/\/socialdesignmagazine.com\/mag\/wp-content\/uploads\/2023\/08\/Ponte-Pedonale-Onda-Atlantica-UnIcona-di-Leggerezza-e-Innovazione-Urbana.-Disegni-tecnici-008-1536x793.jpg 1536w, https:\/\/socialdesignmagazine.com\/mag\/wp-content\/uploads\/2023\/08\/Ponte-Pedonale-Onda-Atlantica-UnIcona-di-Leggerezza-e-Innovazione-Urbana.-Disegni-tecnici-008-2048x1057.jpg 2048w\" sizes=\"auto, (max-width: 1024px) 100vw, 1024px\" \/><\/figure>\n\n\n\n<figure class=\"wp-block-image size-large\"><img loading=\"lazy\" decoding=\"async\" width=\"1024\" height=\"697\" data-attachment-id=\"55217\" data-permalink=\"https:\/\/socialdesignmagazine.com\/mag\/architettura\/il-ponte-pedonale-onda-atlantica-unicona-di-leggerezza-e-innovazione-urbana\/attachment\/ponte-pedonale-onda-atlantica-unicona-di-leggerezza-e-innovazione-urbana-disegni-tecnici-007\/#content\" data-orig-file=\"https:\/\/socialdesignmagazine.com\/mag\/wp-content\/uploads\/2023\/08\/Ponte-Pedonale-Onda-Atlantica-UnIcona-di-Leggerezza-e-Innovazione-Urbana.-Disegni-tecnici-007-scaled.jpg\" data-orig-size=\"2560,1742\" data-comments-opened=\"1\" data-image-meta=\"{&quot;aperture&quot;:&quot;0&quot;,&quot;credit&quot;:&quot;&quot;,&quot;camera&quot;:&quot;&quot;,&quot;caption&quot;:&quot;&quot;,&quot;created_timestamp&quot;:&quot;0&quot;,&quot;copyright&quot;:&quot;&quot;,&quot;focal_length&quot;:&quot;0&quot;,&quot;iso&quot;:&quot;0&quot;,&quot;shutter_speed&quot;:&quot;0&quot;,&quot;title&quot;:&quot;&quot;,&quot;orientation&quot;:&quot;1&quot;}\" data-image-title=\"Ponte Pedonale Onda Atlantica UnIcona di Leggerezza e Innovazione Urbana. Disegni tecnici\" data-image-description=\"\" data-image-caption=\"\" data-medium-file=\"https:\/\/socialdesignmagazine.com\/mag\/wp-content\/uploads\/2023\/08\/Ponte-Pedonale-Onda-Atlantica-UnIcona-di-Leggerezza-e-Innovazione-Urbana.-Disegni-tecnici-007-438x283.jpg\" data-large-file=\"https:\/\/socialdesignmagazine.com\/mag\/wp-content\/uploads\/2023\/08\/Ponte-Pedonale-Onda-Atlantica-UnIcona-di-Leggerezza-e-Innovazione-Urbana.-Disegni-tecnici-007-1024x697.jpg\" data-id=\"55217\" src=\"https:\/\/socialdesignmagazine.com\/mag\/wp-content\/uploads\/2023\/08\/Ponte-Pedonale-Onda-Atlantica-UnIcona-di-Leggerezza-e-Innovazione-Urbana.-Disegni-tecnici-007-1024x697.jpg\" alt=\"Ponte Pedonale Onda Atlantica UnIcona di Leggerezza e Innovazione Urbana. Disegni tecnici\" class=\"wp-image-55217\" srcset=\"https:\/\/socialdesignmagazine.com\/mag\/wp-content\/uploads\/2023\/08\/Ponte-Pedonale-Onda-Atlantica-UnIcona-di-Leggerezza-e-Innovazione-Urbana.-Disegni-tecnici-007-1024x697.jpg 1024w, https:\/\/socialdesignmagazine.com\/mag\/wp-content\/uploads\/2023\/08\/Ponte-Pedonale-Onda-Atlantica-UnIcona-di-Leggerezza-e-Innovazione-Urbana.-Disegni-tecnici-007-768x523.jpg 768w, https:\/\/socialdesignmagazine.com\/mag\/wp-content\/uploads\/2023\/08\/Ponte-Pedonale-Onda-Atlantica-UnIcona-di-Leggerezza-e-Innovazione-Urbana.-Disegni-tecnici-007-1536x1045.jpg 1536w, https:\/\/socialdesignmagazine.com\/mag\/wp-content\/uploads\/2023\/08\/Ponte-Pedonale-Onda-Atlantica-UnIcona-di-Leggerezza-e-Innovazione-Urbana.-Disegni-tecnici-007-2048x1394.jpg 2048w\" sizes=\"auto, (max-width: 1024px) 100vw, 1024px\" \/><\/figure>\n<\/figure>\n\n\n\n<h2 class=\"wp-block-heading\">Project info<\/h2>\n\n\n\n<p><strong>Project:<\/strong> Onda Atl\u00e1ntica Footbridge<br><strong>Location:<\/strong> Las Palmas de Gran Canaria, SPAIN<br><strong>Promoter:<\/strong> City Council of Las Palmas de Gran Canaria<br><strong>Architect:<\/strong> Onda Arquitectura + Checa Arquitectura<br><strong>Web:<\/strong> www.onda-arquitectura.com<br><strong>Team:<\/strong> Javier Haddad, Ram\u00f3n Checa, Luis Gonz\u00e1lez, Carlos Fuente<br><strong>Structural Engineer:<\/strong> IngZero &#8211; Ingenieri\u00ed Zero<br><strong>Structural Design Consultant:<\/strong> Feroher<br><strong>Metallurgical Shop:<\/strong> Megusa<br><strong>Budget:<\/strong> 3,054,000 euros (Footbridge) 876,307 euros (Plaza)<br><strong>Length:<\/strong> 283 m<br><strong>Photo credits:<\/strong> Iwan Baan, Javier Haddad<\/p>\n","protected":false,"gt_translate_keys":[{"key":"rendered","format":"html"}]},"excerpt":{"rendered":"<p>Il Ponte Pedonale Onda Atl\u00e1ntica a Las Palmas de Gran Canaria rappresenta un&#8217;opera d&#8217;arte architettonica e ingegneristica unica. <\/p>\n","protected":false,"gt_translate_keys":[{"key":"rendered","format":"html"}]},"author":1,"featured_media":55200,"comment_status":"open","ping_status":"open","sticky":false,"template":"","format":"standard","meta":{"jetpack_post_was_ever_published":false,"_jetpack_newsletter_access":"","_jetpack_dont_email_post_to_subs":false,"_jetpack_newsletter_tier_id":0,"_jetpack_memberships_contains_paywalled_content":false,"_jetpack_memberships_contains_paid_content":false,"footnotes":"","_wpscppro_dont_share_socialmedia":false,"_wpscppro_custom_social_share_image":0,"_facebook_share_type":"","_twitter_share_type":"","_linkedin_share_type":"","_pinterest_share_type":"","_linkedin_share_type_page":"","_instagram_share_type":"","_medium_share_type":"","_threads_share_type":"","_google_business_share_type":"","_selected_social_profile":[],"_wpsp_enable_custom_social_template":false,"_wpsp_social_scheduling":{"enabled":false,"datetime":null,"platforms":[],"status":"template_only","dateOption":"today","timeOption":"now","customDays":"","customHours":"","customDate":"","customTime":"","schedulingType":"absolute"},"_wpsp_active_default_template":true},"categories":[15],"tags":[5451,6624,6626,552,1307,6625],"class_list":["post-55173","post","type-post","status-publish","format-standard","has-post-thumbnail","hentry","category-architettura","tag-architettura","tag-footbridge","tag-onda-arquitectura","tag-ponte","tag-urban","tag-waterfront"],"yoast_head":"<!-- This site is optimized with the Yoast SEO plugin v27.2 - https:\/\/yoast.com\/product\/yoast-seo-wordpress\/ -->\n<title>Il Ponte Pedonale Onda Atl\u00e1ntica: Un&#039;Icona di Leggerezza e Innovazione Urbana - Social Design Magazine<\/title>\n<meta name=\"description\" content=\"Il Ponte Pedonale Onda Atl\u00e1ntica a Las Palmas de Gran Canaria rappresenta un&#039;opera d&#039;arte architettonica e ingegneristica unica.\" \/>\n<meta name=\"robots\" content=\"index, follow, max-snippet:-1, max-image-preview:large, max-video-preview:-1\" \/>\n<link rel=\"canonical\" href=\"https:\/\/socialdesignmagazine.com\/mag\/architettura\/il-ponte-pedonale-onda-atlantica-unicona-di-leggerezza-e-innovazione-urbana\/\" \/>\n<meta property=\"og:locale\" content=\"it_IT\" \/>\n<meta property=\"og:type\" content=\"article\" \/>\n<meta property=\"og:title\" content=\"Il Ponte Pedonale Onda Atl\u00e1ntica: Un&#039;Icona di Leggerezza e Innovazione Urbana - Social Design Magazine\" \/>\n<meta property=\"og:description\" content=\"Il Ponte Pedonale Onda Atl\u00e1ntica a Las Palmas de Gran Canaria rappresenta un&#039;opera d&#039;arte architettonica e ingegneristica unica.\" \/>\n<meta property=\"og:url\" content=\"http:\/\/socialdesignmagazine.com\/mag\/architettura\/il-ponte-pedonale-onda-atlantica-unicona-di-leggerezza-e-innovazione-urbana\/\" \/>\n<meta property=\"og:site_name\" content=\"Social Design Magazine\" \/>\n<meta property=\"article:publisher\" content=\"https:\/\/www.facebook.com\/socialdesignmag\" \/>\n<meta property=\"article:author\" content=\"https:\/\/www.facebook.com\/benedettofiori\" \/>\n<meta property=\"article:published_time\" content=\"2023-08-21T08:52:10+00:00\" \/>\n<meta property=\"og:image\" content=\"https:\/\/socialdesignmagazine.com\/mag\/wp-content\/uploads\/2023\/08\/Ponte-Pedonale-Onda-Atlantica-UnIcona-di-Leggerezza-e-Innovazione-Urbana.-Onda-Arquitectura.-Checa-Arquitectura-007.jpg\" \/>\n\t<meta property=\"og:image:width\" content=\"1800\" \/>\n\t<meta property=\"og:image:height\" content=\"1200\" \/>\n\t<meta property=\"og:image:type\" content=\"image\/jpeg\" \/>\n<meta name=\"author\" content=\"Benedetto Fiori\" \/>\n<meta name=\"twitter:card\" content=\"summary_large_image\" \/>\n<meta name=\"twitter:creator\" content=\"@benedettofiori\" \/>\n<meta name=\"twitter:site\" content=\"@socialdesignmag\" \/>\n<meta name=\"twitter:label1\" content=\"Scritto da\" \/>\n\t<meta name=\"twitter:data1\" content=\"Benedetto Fiori\" \/>\n\t<meta name=\"twitter:label2\" content=\"Tempo di lettura stimato\" \/>\n\t<meta name=\"twitter:data2\" content=\"9 minuti\" \/>\n<script type=\"application\/ld+json\" class=\"yoast-schema-graph\">{\"@context\":\"https:\/\/schema.org\",\"@graph\":[{\"@type\":\"Article\",\"@id\":\"https:\/\/socialdesignmagazine.com\/mag\/architettura\/il-ponte-pedonale-onda-atlantica-unicona-di-leggerezza-e-innovazione-urbana\/#article\",\"isPartOf\":{\"@id\":\"https:\/\/socialdesignmagazine.com\/mag\/architettura\/il-ponte-pedonale-onda-atlantica-unicona-di-leggerezza-e-innovazione-urbana\/\"},\"author\":{\"name\":\"Benedetto Fiori\",\"@id\":\"https:\/\/socialdesignmagazine.com\/mag\/#\/schema\/person\/61e20205cc363c315e6aabd33a045846\"},\"headline\":\"Il Ponte Pedonale Onda Atl\u00e1ntica: Un&#8217;Icona di Leggerezza e Innovazione Urbana\",\"datePublished\":\"2023-08-21T08:52:10+00:00\",\"mainEntityOfPage\":{\"@id\":\"https:\/\/socialdesignmagazine.com\/mag\/architettura\/il-ponte-pedonale-onda-atlantica-unicona-di-leggerezza-e-innovazione-urbana\/\"},\"wordCount\":809,\"commentCount\":0,\"publisher\":{\"@id\":\"https:\/\/socialdesignmagazine.com\/mag\/#organization\"},\"image\":{\"@id\":\"https:\/\/socialdesignmagazine.com\/mag\/architettura\/il-ponte-pedonale-onda-atlantica-unicona-di-leggerezza-e-innovazione-urbana\/#primaryimage\"},\"thumbnailUrl\":\"https:\/\/socialdesignmagazine.com\/mag\/wp-content\/uploads\/2023\/08\/Ponte-Pedonale-Onda-Atlantica-UnIcona-di-Leggerezza-e-Innovazione-Urbana.-Onda-Arquitectura.-Checa-Arquitectura-007.jpg\",\"keywords\":[\"architettura\",\"footbridge\",\"Onda Arquitectura\",\"ponte\",\"urban\",\"waterfront\"],\"articleSection\":[\"Architettura\"],\"inLanguage\":\"it-IT\",\"potentialAction\":[{\"@type\":\"CommentAction\",\"name\":\"Comment\",\"target\":[\"https:\/\/socialdesignmagazine.com\/mag\/architettura\/il-ponte-pedonale-onda-atlantica-unicona-di-leggerezza-e-innovazione-urbana\/#respond\"]}]},{\"@type\":\"WebPage\",\"@id\":\"https:\/\/socialdesignmagazine.com\/mag\/architettura\/il-ponte-pedonale-onda-atlantica-unicona-di-leggerezza-e-innovazione-urbana\/\",\"url\":\"https:\/\/socialdesignmagazine.com\/mag\/architettura\/il-ponte-pedonale-onda-atlantica-unicona-di-leggerezza-e-innovazione-urbana\/\",\"name\":\"Il Ponte Pedonale Onda Atl\u00e1ntica: Un'Icona di Leggerezza e Innovazione Urbana - Social Design Magazine\",\"isPartOf\":{\"@id\":\"https:\/\/socialdesignmagazine.com\/mag\/#website\"},\"primaryImageOfPage\":{\"@id\":\"https:\/\/socialdesignmagazine.com\/mag\/architettura\/il-ponte-pedonale-onda-atlantica-unicona-di-leggerezza-e-innovazione-urbana\/#primaryimage\"},\"image\":{\"@id\":\"https:\/\/socialdesignmagazine.com\/mag\/architettura\/il-ponte-pedonale-onda-atlantica-unicona-di-leggerezza-e-innovazione-urbana\/#primaryimage\"},\"thumbnailUrl\":\"https:\/\/socialdesignmagazine.com\/mag\/wp-content\/uploads\/2023\/08\/Ponte-Pedonale-Onda-Atlantica-UnIcona-di-Leggerezza-e-Innovazione-Urbana.-Onda-Arquitectura.-Checa-Arquitectura-007.jpg\",\"datePublished\":\"2023-08-21T08:52:10+00:00\",\"description\":\"Il Ponte Pedonale Onda Atl\u00e1ntica a Las Palmas de Gran Canaria rappresenta un'opera d'arte architettonica e ingegneristica unica.\",\"breadcrumb\":{\"@id\":\"https:\/\/socialdesignmagazine.com\/mag\/architettura\/il-ponte-pedonale-onda-atlantica-unicona-di-leggerezza-e-innovazione-urbana\/#breadcrumb\"},\"inLanguage\":\"it-IT\",\"potentialAction\":[{\"@type\":\"ReadAction\",\"target\":[\"https:\/\/socialdesignmagazine.com\/mag\/architettura\/il-ponte-pedonale-onda-atlantica-unicona-di-leggerezza-e-innovazione-urbana\/\"]}]},{\"@type\":\"ImageObject\",\"inLanguage\":\"it-IT\",\"@id\":\"https:\/\/socialdesignmagazine.com\/mag\/architettura\/il-ponte-pedonale-onda-atlantica-unicona-di-leggerezza-e-innovazione-urbana\/#primaryimage\",\"url\":\"https:\/\/socialdesignmagazine.com\/mag\/wp-content\/uploads\/2023\/08\/Ponte-Pedonale-Onda-Atlantica-UnIcona-di-Leggerezza-e-Innovazione-Urbana.-Onda-Arquitectura.-Checa-Arquitectura-007.jpg\",\"contentUrl\":\"https:\/\/socialdesignmagazine.com\/mag\/wp-content\/uploads\/2023\/08\/Ponte-Pedonale-Onda-Atlantica-UnIcona-di-Leggerezza-e-Innovazione-Urbana.-Onda-Arquitectura.-Checa-Arquitectura-007.jpg\",\"width\":1800,\"height\":1200,\"caption\":\"Ponte Pedonale Onda Atlantica UnIcona di Leggerezza e Innovazione Urbana. Onda Arquitectura. Checa Arquitectura\"},{\"@type\":\"BreadcrumbList\",\"@id\":\"https:\/\/socialdesignmagazine.com\/mag\/architettura\/il-ponte-pedonale-onda-atlantica-unicona-di-leggerezza-e-innovazione-urbana\/#breadcrumb\",\"itemListElement\":[{\"@type\":\"ListItem\",\"position\":1,\"name\":\"Home\",\"item\":\"https:\/\/socialdesignmagazine.com\/mag\/\"},{\"@type\":\"ListItem\",\"position\":2,\"name\":\"Architettura\",\"item\":\"https:\/\/socialdesignmagazine.com\/mag\/architettura\/\"},{\"@type\":\"ListItem\",\"position\":3,\"name\":\"Il Ponte Pedonale Onda Atl\u00e1ntica: Un&#8217;Icona di Leggerezza e Innovazione Urbana\"}]},{\"@type\":\"WebSite\",\"@id\":\"https:\/\/socialdesignmagazine.com\/mag\/#website\",\"url\":\"https:\/\/socialdesignmagazine.com\/mag\/\",\"name\":\"Social Design Magazine\",\"description\":\"Social Magazine su Design, Architettura, Arte, Grafica\",\"publisher\":{\"@id\":\"https:\/\/socialdesignmagazine.com\/mag\/#organization\"},\"potentialAction\":[{\"@type\":\"SearchAction\",\"target\":{\"@type\":\"EntryPoint\",\"urlTemplate\":\"https:\/\/socialdesignmagazine.com\/mag\/?s={search_term_string}\"},\"query-input\":{\"@type\":\"PropertyValueSpecification\",\"valueRequired\":true,\"valueName\":\"search_term_string\"}}],\"inLanguage\":\"it-IT\"},{\"@type\":\"Organization\",\"@id\":\"https:\/\/socialdesignmagazine.com\/mag\/#organization\",\"name\":\"Social Design Magazine\",\"url\":\"https:\/\/socialdesignmagazine.com\/mag\/\",\"logo\":{\"@type\":\"ImageObject\",\"inLanguage\":\"it-IT\",\"@id\":\"https:\/\/socialdesignmagazine.com\/mag\/#\/schema\/logo\/image\/\",\"url\":\"https:\/\/socialdesignmagazine.com\/mag\/wp-content\/uploads\/2017\/01\/logo_favicon_11.png\",\"contentUrl\":\"https:\/\/socialdesignmagazine.com\/mag\/wp-content\/uploads\/2017\/01\/logo_favicon_11.png\",\"width\":1024,\"height\":1024,\"caption\":\"Social Design Magazine\"},\"image\":{\"@id\":\"https:\/\/socialdesignmagazine.com\/mag\/#\/schema\/logo\/image\/\"},\"sameAs\":[\"https:\/\/www.facebook.com\/socialdesignmag\",\"https:\/\/x.com\/socialdesignmag\",\"http:\/\/instagram.com\/social_design_magazine\/\",\"http:\/\/pinterest.com\/socialdesignmag\/\",\"http:\/\/www.youtube.com\/user\/socialdesignmagazine\"]},{\"@type\":\"Person\",\"@id\":\"https:\/\/socialdesignmagazine.com\/mag\/#\/schema\/person\/61e20205cc363c315e6aabd33a045846\",\"name\":\"Benedetto Fiori\",\"image\":{\"@type\":\"ImageObject\",\"inLanguage\":\"it-IT\",\"@id\":\"https:\/\/secure.gravatar.com\/avatar\/450a48cefa36da63d920ad70aa660bd10725b1c6093800242e5efdb397759033?s=96&d=mm&r=g\",\"url\":\"https:\/\/secure.gravatar.com\/avatar\/450a48cefa36da63d920ad70aa660bd10725b1c6093800242e5efdb397759033?s=96&d=mm&r=g\",\"contentUrl\":\"https:\/\/secure.gravatar.com\/avatar\/450a48cefa36da63d920ad70aa660bd10725b1c6093800242e5efdb397759033?s=96&d=mm&r=g\",\"caption\":\"Benedetto Fiori\"},\"description\":\"Web | Twitter | Facebook | Shutterstock Founder &amp; Editor in Chief di Social Design Magazine. Attratto da sempre da tutto ci\u00f2 che \u00e8 creativit\u00e0, design, architettura. Dopo aver studiato Architettura all'Universit\u00e0 di Firenze, si \u00e8 impegnato in molteplici campi: comunicazione grafica, progettazione di allestimenti fieristici, brand design, Interior Design.\",\"sameAs\":[\"http:\/\/benedettofiori.com\",\"https:\/\/www.facebook.com\/benedettofiori\",\"https:\/\/x.com\/benedettofiori\"],\"url\":\"https:\/\/socialdesignmagazine.com\/mag\/author\/benedetto\/\"}]}<\/script>\n<!-- \/ Yoast SEO plugin. -->","yoast_head_json":{"title":"Il Ponte Pedonale Onda Atl\u00e1ntica: Un'Icona di Leggerezza e Innovazione Urbana - Social Design Magazine","description":"Il Ponte Pedonale Onda Atl\u00e1ntica a Las Palmas de Gran Canaria rappresenta un'opera d'arte architettonica e ingegneristica unica.","robots":{"index":"index","follow":"follow","max-snippet":"max-snippet:-1","max-image-preview":"max-image-preview:large","max-video-preview":"max-video-preview:-1"},"canonical":"https:\/\/socialdesignmagazine.com\/mag\/architettura\/il-ponte-pedonale-onda-atlantica-unicona-di-leggerezza-e-innovazione-urbana\/","og_locale":"it_IT","og_type":"article","og_title":"Il Ponte Pedonale Onda Atl\u00e1ntica: Un'Icona di Leggerezza e Innovazione Urbana - Social Design Magazine","og_description":"Il Ponte Pedonale Onda Atl\u00e1ntica a Las Palmas de Gran Canaria rappresenta un'opera d'arte architettonica e ingegneristica unica.","og_url":"http:\/\/socialdesignmagazine.com\/mag\/architettura\/il-ponte-pedonale-onda-atlantica-unicona-di-leggerezza-e-innovazione-urbana\/","og_site_name":"Social Design Magazine","article_publisher":"https:\/\/www.facebook.com\/socialdesignmag","article_author":"https:\/\/www.facebook.com\/benedettofiori","article_published_time":"2023-08-21T08:52:10+00:00","og_image":[{"width":1800,"height":1200,"url":"https:\/\/socialdesignmagazine.com\/mag\/wp-content\/uploads\/2023\/08\/Ponte-Pedonale-Onda-Atlantica-UnIcona-di-Leggerezza-e-Innovazione-Urbana.-Onda-Arquitectura.-Checa-Arquitectura-007.jpg","type":"image\/jpeg"}],"author":"Benedetto Fiori","twitter_card":"summary_large_image","twitter_creator":"@benedettofiori","twitter_site":"@socialdesignmag","twitter_misc":{"Scritto da":"Benedetto Fiori","Tempo di lettura stimato":"9 minuti"},"schema":{"@context":"https:\/\/schema.org","@graph":[{"@type":"Article","@id":"https:\/\/socialdesignmagazine.com\/mag\/architettura\/il-ponte-pedonale-onda-atlantica-unicona-di-leggerezza-e-innovazione-urbana\/#article","isPartOf":{"@id":"https:\/\/socialdesignmagazine.com\/mag\/architettura\/il-ponte-pedonale-onda-atlantica-unicona-di-leggerezza-e-innovazione-urbana\/"},"author":{"name":"Benedetto Fiori","@id":"https:\/\/socialdesignmagazine.com\/mag\/#\/schema\/person\/61e20205cc363c315e6aabd33a045846"},"headline":"Il Ponte Pedonale Onda Atl\u00e1ntica: Un&#8217;Icona di Leggerezza e Innovazione Urbana","datePublished":"2023-08-21T08:52:10+00:00","mainEntityOfPage":{"@id":"https:\/\/socialdesignmagazine.com\/mag\/architettura\/il-ponte-pedonale-onda-atlantica-unicona-di-leggerezza-e-innovazione-urbana\/"},"wordCount":809,"commentCount":0,"publisher":{"@id":"https:\/\/socialdesignmagazine.com\/mag\/#organization"},"image":{"@id":"https:\/\/socialdesignmagazine.com\/mag\/architettura\/il-ponte-pedonale-onda-atlantica-unicona-di-leggerezza-e-innovazione-urbana\/#primaryimage"},"thumbnailUrl":"https:\/\/socialdesignmagazine.com\/mag\/wp-content\/uploads\/2023\/08\/Ponte-Pedonale-Onda-Atlantica-UnIcona-di-Leggerezza-e-Innovazione-Urbana.-Onda-Arquitectura.-Checa-Arquitectura-007.jpg","keywords":["architettura","footbridge","Onda Arquitectura","ponte","urban","waterfront"],"articleSection":["Architettura"],"inLanguage":"it-IT","potentialAction":[{"@type":"CommentAction","name":"Comment","target":["https:\/\/socialdesignmagazine.com\/mag\/architettura\/il-ponte-pedonale-onda-atlantica-unicona-di-leggerezza-e-innovazione-urbana\/#respond"]}]},{"@type":"WebPage","@id":"https:\/\/socialdesignmagazine.com\/mag\/architettura\/il-ponte-pedonale-onda-atlantica-unicona-di-leggerezza-e-innovazione-urbana\/","url":"https:\/\/socialdesignmagazine.com\/mag\/architettura\/il-ponte-pedonale-onda-atlantica-unicona-di-leggerezza-e-innovazione-urbana\/","name":"Il Ponte Pedonale Onda Atl\u00e1ntica: Un'Icona di Leggerezza e Innovazione Urbana - Social Design Magazine","isPartOf":{"@id":"https:\/\/socialdesignmagazine.com\/mag\/#website"},"primaryImageOfPage":{"@id":"https:\/\/socialdesignmagazine.com\/mag\/architettura\/il-ponte-pedonale-onda-atlantica-unicona-di-leggerezza-e-innovazione-urbana\/#primaryimage"},"image":{"@id":"https:\/\/socialdesignmagazine.com\/mag\/architettura\/il-ponte-pedonale-onda-atlantica-unicona-di-leggerezza-e-innovazione-urbana\/#primaryimage"},"thumbnailUrl":"https:\/\/socialdesignmagazine.com\/mag\/wp-content\/uploads\/2023\/08\/Ponte-Pedonale-Onda-Atlantica-UnIcona-di-Leggerezza-e-Innovazione-Urbana.-Onda-Arquitectura.-Checa-Arquitectura-007.jpg","datePublished":"2023-08-21T08:52:10+00:00","description":"Il Ponte Pedonale Onda Atl\u00e1ntica a Las Palmas de Gran Canaria rappresenta un'opera d'arte architettonica e ingegneristica unica.","breadcrumb":{"@id":"https:\/\/socialdesignmagazine.com\/mag\/architettura\/il-ponte-pedonale-onda-atlantica-unicona-di-leggerezza-e-innovazione-urbana\/#breadcrumb"},"inLanguage":"it-IT","potentialAction":[{"@type":"ReadAction","target":["https:\/\/socialdesignmagazine.com\/mag\/architettura\/il-ponte-pedonale-onda-atlantica-unicona-di-leggerezza-e-innovazione-urbana\/"]}]},{"@type":"ImageObject","inLanguage":"it-IT","@id":"https:\/\/socialdesignmagazine.com\/mag\/architettura\/il-ponte-pedonale-onda-atlantica-unicona-di-leggerezza-e-innovazione-urbana\/#primaryimage","url":"https:\/\/socialdesignmagazine.com\/mag\/wp-content\/uploads\/2023\/08\/Ponte-Pedonale-Onda-Atlantica-UnIcona-di-Leggerezza-e-Innovazione-Urbana.-Onda-Arquitectura.-Checa-Arquitectura-007.jpg","contentUrl":"https:\/\/socialdesignmagazine.com\/mag\/wp-content\/uploads\/2023\/08\/Ponte-Pedonale-Onda-Atlantica-UnIcona-di-Leggerezza-e-Innovazione-Urbana.-Onda-Arquitectura.-Checa-Arquitectura-007.jpg","width":1800,"height":1200,"caption":"Ponte Pedonale Onda Atlantica UnIcona di Leggerezza e Innovazione Urbana. Onda Arquitectura. Checa Arquitectura"},{"@type":"BreadcrumbList","@id":"https:\/\/socialdesignmagazine.com\/mag\/architettura\/il-ponte-pedonale-onda-atlantica-unicona-di-leggerezza-e-innovazione-urbana\/#breadcrumb","itemListElement":[{"@type":"ListItem","position":1,"name":"Home","item":"https:\/\/socialdesignmagazine.com\/mag\/"},{"@type":"ListItem","position":2,"name":"Architettura","item":"https:\/\/socialdesignmagazine.com\/mag\/architettura\/"},{"@type":"ListItem","position":3,"name":"Il Ponte Pedonale Onda Atl\u00e1ntica: Un&#8217;Icona di Leggerezza e Innovazione Urbana"}]},{"@type":"WebSite","@id":"https:\/\/socialdesignmagazine.com\/mag\/#website","url":"https:\/\/socialdesignmagazine.com\/mag\/","name":"Social Design Magazine","description":"Social Magazine su Design, Architettura, Arte, Grafica","publisher":{"@id":"https:\/\/socialdesignmagazine.com\/mag\/#organization"},"potentialAction":[{"@type":"SearchAction","target":{"@type":"EntryPoint","urlTemplate":"https:\/\/socialdesignmagazine.com\/mag\/?s={search_term_string}"},"query-input":{"@type":"PropertyValueSpecification","valueRequired":true,"valueName":"search_term_string"}}],"inLanguage":"it-IT"},{"@type":"Organization","@id":"https:\/\/socialdesignmagazine.com\/mag\/#organization","name":"Social Design Magazine","url":"https:\/\/socialdesignmagazine.com\/mag\/","logo":{"@type":"ImageObject","inLanguage":"it-IT","@id":"https:\/\/socialdesignmagazine.com\/mag\/#\/schema\/logo\/image\/","url":"https:\/\/socialdesignmagazine.com\/mag\/wp-content\/uploads\/2017\/01\/logo_favicon_11.png","contentUrl":"https:\/\/socialdesignmagazine.com\/mag\/wp-content\/uploads\/2017\/01\/logo_favicon_11.png","width":1024,"height":1024,"caption":"Social Design Magazine"},"image":{"@id":"https:\/\/socialdesignmagazine.com\/mag\/#\/schema\/logo\/image\/"},"sameAs":["https:\/\/www.facebook.com\/socialdesignmag","https:\/\/x.com\/socialdesignmag","http:\/\/instagram.com\/social_design_magazine\/","http:\/\/pinterest.com\/socialdesignmag\/","http:\/\/www.youtube.com\/user\/socialdesignmagazine"]},{"@type":"Person","@id":"https:\/\/socialdesignmagazine.com\/mag\/#\/schema\/person\/61e20205cc363c315e6aabd33a045846","name":"Benedetto Fiori","image":{"@type":"ImageObject","inLanguage":"it-IT","@id":"https:\/\/secure.gravatar.com\/avatar\/450a48cefa36da63d920ad70aa660bd10725b1c6093800242e5efdb397759033?s=96&d=mm&r=g","url":"https:\/\/secure.gravatar.com\/avatar\/450a48cefa36da63d920ad70aa660bd10725b1c6093800242e5efdb397759033?s=96&d=mm&r=g","contentUrl":"https:\/\/secure.gravatar.com\/avatar\/450a48cefa36da63d920ad70aa660bd10725b1c6093800242e5efdb397759033?s=96&d=mm&r=g","caption":"Benedetto Fiori"},"description":"Web | Twitter | Facebook | Shutterstock Founder &amp; Editor in Chief di Social Design Magazine. Attratto da sempre da tutto ci\u00f2 che \u00e8 creativit\u00e0, design, architettura. Dopo aver studiato Architettura all'Universit\u00e0 di Firenze, si \u00e8 impegnato in molteplici campi: comunicazione grafica, progettazione di allestimenti fieristici, brand design, Interior Design.","sameAs":["http:\/\/benedettofiori.com","https:\/\/www.facebook.com\/benedettofiori","https:\/\/x.com\/benedettofiori"],"url":"https:\/\/socialdesignmagazine.com\/mag\/author\/benedetto\/"}]}},"jetpack_featured_media_url":"https:\/\/socialdesignmagazine.com\/mag\/wp-content\/uploads\/2023\/08\/Ponte-Pedonale-Onda-Atlantica-UnIcona-di-Leggerezza-e-Innovazione-Urbana.-Onda-Arquitectura.-Checa-Arquitectura-007.jpg","jetpack_sharing_enabled":true,"jetpack_shortlink":"https:\/\/wp.me\/p6cV7V-elT","gt_translate_keys":[{"key":"link","format":"url"}],"_links":{"self":[{"href":"https:\/\/socialdesignmagazine.com\/mag\/wp-json\/wp\/v2\/posts\/55173","targetHints":{"allow":["GET"]}}],"collection":[{"href":"https:\/\/socialdesignmagazine.com\/mag\/wp-json\/wp\/v2\/posts"}],"about":[{"href":"https:\/\/socialdesignmagazine.com\/mag\/wp-json\/wp\/v2\/types\/post"}],"author":[{"embeddable":true,"href":"https:\/\/socialdesignmagazine.com\/mag\/wp-json\/wp\/v2\/users\/1"}],"replies":[{"embeddable":true,"href":"https:\/\/socialdesignmagazine.com\/mag\/wp-json\/wp\/v2\/comments?post=55173"}],"version-history":[{"count":3,"href":"https:\/\/socialdesignmagazine.com\/mag\/wp-json\/wp\/v2\/posts\/55173\/revisions"}],"predecessor-version":[{"id":55223,"href":"https:\/\/socialdesignmagazine.com\/mag\/wp-json\/wp\/v2\/posts\/55173\/revisions\/55223"}],"wp:featuredmedia":[{"embeddable":true,"href":"https:\/\/socialdesignmagazine.com\/mag\/wp-json\/wp\/v2\/media\/55200"}],"wp:attachment":[{"href":"https:\/\/socialdesignmagazine.com\/mag\/wp-json\/wp\/v2\/media?parent=55173"}],"wp:term":[{"taxonomy":"category","embeddable":true,"href":"https:\/\/socialdesignmagazine.com\/mag\/wp-json\/wp\/v2\/categories?post=55173"},{"taxonomy":"post_tag","embeddable":true,"href":"https:\/\/socialdesignmagazine.com\/mag\/wp-json\/wp\/v2\/tags?post=55173"}],"curies":[{"name":"wp","href":"https:\/\/api.w.org\/{rel}","templated":true}]}}