{"id":561,"date":"2012-02-23T16:30:00","date_gmt":"2012-02-23T15:30:00","guid":{"rendered":"https:\/\/socialdesignmagazine.com\/mag\/s5-architettura\/c34-architettura\/clei-partnership-con-eurosky-tower-per-larredo-dei-monolocali-del-primo-grattacielo-ecocompatibile-di-roma\/"},"modified":"2024-05-12T11:25:01","modified_gmt":"2024-05-12T09:25:01","slug":"clei-partnership-con-eurosky-tower-per-larredo-dei-monolocali-del-primo-grattacielo-ecocompatibile-di-roma","status":"publish","type":"post","link":"https:\/\/socialdesignmagazine.com\/mag\/architettura\/clei-partnership-con-eurosky-tower-per-larredo-dei-monolocali-del-primo-grattacielo-ecocompatibile-di-roma\/","title":{"rendered":"Clei: partnership con Eurosky Tower per l&#8217;arredo dei monolocali del primo grattacielo ecocompatibile di Roma","gt_translate_keys":[{"key":"rendered","format":"text"}]},"content":{"rendered":"\n<h2 class=\"wp-block-heading\">Eurosky Tower \u00e8 il primo grattacielo residenziale ecosostenibile di Roma EUR, la sua costruzione \u00e8 iniziata circa un anno fa e gi\u00e0 sono state presentate le prime unit\u00e0 abitative campione.<\/h2>\n\n\n\n<p>CLEI \u00e8 stata scelta come partner di Eurosky Tower per arredare i monolocali per la sua leadership nei sistemi trasformabili,<\/p>\n\n\n\n<p>soluzioni d&#8217;arredo modulari, versatili e polifunzionali ad elevato contenuto tecnologico. Le collezioni scelte sono <strong>SWING <\/strong>e<strong> HOME OFFICE INTEGRATO<\/strong>.<\/p>\n\n\n\n<p>SWING \u00e8 un sistema che integra il divano con un letto a scomparsa: bastano semplici movimenti e la zona giorno si trasforma in zona notte, con un comodo letto sempre pronto e di varie dimensioni. <strong>HOME OFFICE INTEGRATO<\/strong> \u00e8 una colonna armadio attrezzata da postazione lavoro per PC. Le ante inferiori contengono uno spazio dedicato all\u2019alloggio della tower, l\u2019anta centrale con apertura a ribalta si trasforma in un piano scrittoio. La parete \u00e8 completata da due cassetti bassi che fungono anche da piano d\u2019appoggio e alcune mensole. Questi due prodotti, entrambi inseriti nella collezione <strong>Living System<\/strong>, determinano vantaggi esclusivi rispetto alle soluzioni standard tradizionali, moltiplicando il valore dello spazio.<\/p>\n\n\n<div class=\"wp-block-image\">\n<figure class=\"aligncenter\"><img decoding=\"async\" src=\"https:\/\/socialdesignmagazine.com\/mag\/wp-content\/uploads\/2012\/02\/benedetto_clei_eurosky_tower_CLEI_-_Eurosky_Tower_-_Swing.jpg\" alt=\"CLEI_-_Eurosky_Tower_-_Swing\"\/><\/figure>\n<\/div>\n\n\n<p><strong>Living system,<\/strong> disegnato da pierluigi colombo \u00e8 un programma componibile integrato con sistemi trasformabili brevettati per l\u2019arredamento dello spazio giorno e notte. La versatilit\u00e0 dei sistemi trasformabili coordinati per prestazioni permette di progettare soluzioni di elevato contenuto estetico e multifunzionali per stili di vita. Tutti i modelli sono disponibili in tutte le finiture e nella gamma Clei colour system.<\/p>\n\n\n\n<p><strong>SWING<\/strong><br>\nDesign: Pierluigi Colombo\/r&amp;c cleiPatent pending.<br>\nDivano con uno o due braccioli e con penisola scorrevole in 3 posizioni, con schienale reclinabile e con contenitore sotto la seduta.Integrato con sistema componibile parete giorno si trasforma in letto matrimoniale sempre pronto e dispone di innovativa rete a doghe con telaio in alluminio e sistema di regolazione (rete CF 07).<\/p>\n\n\n<div class=\"wp-block-image\">\n<figure class=\"aligncenter\"><img decoding=\"async\" src=\"https:\/\/socialdesignmagazine.com\/mag\/wp-content\/uploads\/2012\/02\/benedetto_clei_eurosky_tower_CLEI-NUOVO_LIOLAHome_Office_5.jpg\" alt=\"CLEI-NUOVO_LIOLAHome_Office_5\"\/><\/figure>\n<\/div>\n\n\n<p><strong>Home Office<br>\n<\/strong>design: Pierluigi Colombo<br>\nColonna armadio attrezzata da postazione lavoro per PC. Le ante inferiori contengono uno spazio dedicato all\u2019alloggio della Tower, l\u2019anta centrale con apertura a ribalta si trasforma in un piano scrittoio.<\/p>\n\n\n\n<p><strong>Nuovoliola\u2019 10<\/strong><br>\ndesign pierluigi colombo\/ r&amp;s Clei<br>\nSistema trasformabile con letto verticale ad apertura abbattibile e con divano e mensola libreria. Il divano dispone di un vano contenitore. Il mobile con un semplice movimento si trasforma in un letto matrimoniale pronto all\u2019uso, dotato di una rete innovativa a doghe e con telaio in alluminio con sistema di regolazione (CF97).<\/p>\n\n\n<div class=\"wp-block-image\">\n<figure class=\"aligncenter\"><img decoding=\"async\" src=\"https:\/\/socialdesignmagazine.com\/mag\/wp-content\/uploads\/2012\/02\/benedetto_clei_eurosky_tower_CLEI-NUOVO_LIOLAHome_Office__6.jpg\" alt=\"CLEI-NUOVO_LIOLAHome_Office__6\"\/><\/figure>\n<\/div>\n\n<div class=\"wp-block-image\">\n<figure class=\"aligncenter\"><img decoding=\"async\" src=\"https:\/\/socialdesignmagazine.com\/mag\/wp-content\/uploads\/2012\/02\/benedetto_clei_eurosky_tower_CLEI_-_Eurosky_Tower.jpg\" alt=\"CLEI_-_Eurosky_Tower\"\/><\/figure>\n<\/div>","protected":false,"gt_translate_keys":[{"key":"rendered","format":"html"}]},"excerpt":{"rendered":"<p>Eurosky Tower \u00e8 il primo grattacielo residenziale ecosostenibile di Roma EUR, la sua costruzione \u00e8 iniziata circa un anno fa e gi\u00e0 sono state presentate le prime unit\u00e0 abitative campione.<\/p>\n","protected":false,"gt_translate_keys":[{"key":"rendered","format":"html"}]},"author":1,"featured_media":7196,"comment_status":"open","ping_status":"open","sticky":false,"template":"","format":"standard","meta":{"jetpack_post_was_ever_published":false,"_jetpack_newsletter_access":"","_jetpack_dont_email_post_to_subs":false,"_jetpack_newsletter_tier_id":0,"_jetpack_memberships_contains_paywalled_content":false,"_jetpack_memberships_contains_paid_content":false,"footnotes":"","_wpscppro_dont_share_socialmedia":false,"_wpscppro_custom_social_share_image":0,"_facebook_share_type":"","_twitter_share_type":"","_linkedin_share_type":"","_pinterest_share_type":"","_linkedin_share_type_page":"","_instagram_share_type":"","_medium_share_type":"","_threads_share_type":"","_google_business_share_type":"","_selected_social_profile":[],"_wpsp_enable_custom_social_template":false,"_wpsp_social_scheduling":{"enabled":false,"datetime":null,"platforms":[],"status":"template_only","dateOption":"today","timeOption":"now","customDays":"","customHours":"","customDate":"","customTime":"","schedulingType":"absolute"},"_wpsp_active_default_template":true},"categories":[15],"tags":[279,1887,1436,583,1886,1534],"class_list":["post-561","post","type-post","status-publish","format-standard","has-post-thumbnail","hentry","category-architettura","tag-arredo","tag-clei","tag-interior","tag-interni","tag-monolocale","tag-roma"],"yoast_head":"<!-- This site is optimized with the Yoast SEO plugin v27.2 - https:\/\/yoast.com\/product\/yoast-seo-wordpress\/ -->\n<title>Clei: partnership con Eurosky Tower per l&#039;arredo dei monolocali del primo grattacielo ecocompatibile di Roma - Social Design Magazine<\/title>\n<meta name=\"description\" content=\"Eurosky Tower \u00e8 il primo grattacielo residenziale ecosostenibile di Roma EUR, la sua costruzione \u00e8 iniziata circa un anno fa e gi\u00e0 sono state presentate le prime unit\u00e0 abitative campione.\" \/>\n<meta name=\"robots\" content=\"index, follow, max-snippet:-1, max-image-preview:large, max-video-preview:-1\" \/>\n<link rel=\"canonical\" href=\"https:\/\/socialdesignmagazine.com\/mag\/architettura\/clei-partnership-con-eurosky-tower-per-larredo-dei-monolocali-del-primo-grattacielo-ecocompatibile-di-roma\/\" \/>\n<meta property=\"og:locale\" content=\"it_IT\" \/>\n<meta property=\"og:type\" content=\"article\" \/>\n<meta property=\"og:title\" content=\"Clei: partnership con Eurosky Tower per l&#039;arredo dei monolocali del primo grattacielo ecocompatibile di Roma - Social Design Magazine\" \/>\n<meta property=\"og:description\" content=\"Eurosky Tower \u00e8 il primo grattacielo residenziale ecosostenibile di Roma EUR, la sua costruzione \u00e8 iniziata circa un anno fa e gi\u00e0 sono state presentate le prime unit\u00e0 abitative campione.\" \/>\n<meta property=\"og:url\" content=\"http:\/\/socialdesignmagazine.com\/mag\/architettura\/clei-partnership-con-eurosky-tower-per-larredo-dei-monolocali-del-primo-grattacielo-ecocompatibile-di-roma\/\" \/>\n<meta property=\"og:site_name\" content=\"Social Design Magazine\" \/>\n<meta property=\"article:publisher\" content=\"https:\/\/www.facebook.com\/socialdesignmag\" \/>\n<meta property=\"article:author\" content=\"https:\/\/www.facebook.com\/benedettofiori\" \/>\n<meta property=\"article:published_time\" content=\"2012-02-23T15:30:00+00:00\" \/>\n<meta property=\"article:modified_time\" content=\"2024-05-12T09:25:01+00:00\" \/>\n<meta property=\"og:image\" content=\"https:\/\/socialdesignmagazine.com\/mag\/wp-content\/uploads\/2012\/02\/benedetto_clei_eurosky_tower_CLEI_-_Eurosky_Tower_-_Home_Office.jpg\" \/>\n\t<meta property=\"og:image:width\" content=\"720\" \/>\n\t<meta property=\"og:image:height\" content=\"479\" \/>\n\t<meta property=\"og:image:type\" content=\"image\/jpeg\" \/>\n<meta name=\"author\" content=\"Benedetto Fiori\" \/>\n<meta name=\"twitter:card\" content=\"summary_large_image\" \/>\n<meta name=\"twitter:creator\" content=\"@benedettofiori\" \/>\n<meta name=\"twitter:site\" content=\"@socialdesignmag\" \/>\n<meta name=\"twitter:label1\" content=\"Scritto da\" \/>\n\t<meta name=\"twitter:data1\" content=\"Benedetto Fiori\" \/>\n\t<meta name=\"twitter:label2\" content=\"Tempo di lettura stimato\" \/>\n\t<meta name=\"twitter:data2\" content=\"4 minuti\" \/>\n<script type=\"application\/ld+json\" class=\"yoast-schema-graph\">{\"@context\":\"https:\/\/schema.org\",\"@graph\":[{\"@type\":\"Article\",\"@id\":\"https:\/\/socialdesignmagazine.com\/mag\/architettura\/clei-partnership-con-eurosky-tower-per-larredo-dei-monolocali-del-primo-grattacielo-ecocompatibile-di-roma\/#article\",\"isPartOf\":{\"@id\":\"https:\/\/socialdesignmagazine.com\/mag\/architettura\/clei-partnership-con-eurosky-tower-per-larredo-dei-monolocali-del-primo-grattacielo-ecocompatibile-di-roma\/\"},\"author\":{\"name\":\"Benedetto Fiori\",\"@id\":\"https:\/\/socialdesignmagazine.com\/mag\/#\/schema\/person\/61e20205cc363c315e6aabd33a045846\"},\"headline\":\"Clei: partnership con Eurosky Tower per l&#8217;arredo dei monolocali del primo grattacielo ecocompatibile di Roma\",\"datePublished\":\"2012-02-23T15:30:00+00:00\",\"dateModified\":\"2024-05-12T09:25:01+00:00\",\"mainEntityOfPage\":{\"@id\":\"https:\/\/socialdesignmagazine.com\/mag\/architettura\/clei-partnership-con-eurosky-tower-per-larredo-dei-monolocali-del-primo-grattacielo-ecocompatibile-di-roma\/\"},\"wordCount\":409,\"commentCount\":0,\"publisher\":{\"@id\":\"https:\/\/socialdesignmagazine.com\/mag\/#organization\"},\"image\":{\"@id\":\"https:\/\/socialdesignmagazine.com\/mag\/architettura\/clei-partnership-con-eurosky-tower-per-larredo-dei-monolocali-del-primo-grattacielo-ecocompatibile-di-roma\/#primaryimage\"},\"thumbnailUrl\":\"https:\/\/socialdesignmagazine.com\/mag\/wp-content\/uploads\/2012\/02\/benedetto_clei_eurosky_tower_CLEI_-_Eurosky_Tower_-_Home_Office.jpg\",\"keywords\":[\"arredo\",\"clei\",\"interior\",\"interni\",\"monolocale\",\"roma\"],\"articleSection\":[\"Architettura\"],\"inLanguage\":\"it-IT\",\"potentialAction\":[{\"@type\":\"CommentAction\",\"name\":\"Comment\",\"target\":[\"https:\/\/socialdesignmagazine.com\/mag\/architettura\/clei-partnership-con-eurosky-tower-per-larredo-dei-monolocali-del-primo-grattacielo-ecocompatibile-di-roma\/#respond\"]}]},{\"@type\":\"WebPage\",\"@id\":\"https:\/\/socialdesignmagazine.com\/mag\/architettura\/clei-partnership-con-eurosky-tower-per-larredo-dei-monolocali-del-primo-grattacielo-ecocompatibile-di-roma\/\",\"url\":\"https:\/\/socialdesignmagazine.com\/mag\/architettura\/clei-partnership-con-eurosky-tower-per-larredo-dei-monolocali-del-primo-grattacielo-ecocompatibile-di-roma\/\",\"name\":\"Clei: partnership con Eurosky Tower per l'arredo dei monolocali del primo grattacielo ecocompatibile di Roma - Social Design Magazine\",\"isPartOf\":{\"@id\":\"https:\/\/socialdesignmagazine.com\/mag\/#website\"},\"primaryImageOfPage\":{\"@id\":\"https:\/\/socialdesignmagazine.com\/mag\/architettura\/clei-partnership-con-eurosky-tower-per-larredo-dei-monolocali-del-primo-grattacielo-ecocompatibile-di-roma\/#primaryimage\"},\"image\":{\"@id\":\"https:\/\/socialdesignmagazine.com\/mag\/architettura\/clei-partnership-con-eurosky-tower-per-larredo-dei-monolocali-del-primo-grattacielo-ecocompatibile-di-roma\/#primaryimage\"},\"thumbnailUrl\":\"https:\/\/socialdesignmagazine.com\/mag\/wp-content\/uploads\/2012\/02\/benedetto_clei_eurosky_tower_CLEI_-_Eurosky_Tower_-_Home_Office.jpg\",\"datePublished\":\"2012-02-23T15:30:00+00:00\",\"dateModified\":\"2024-05-12T09:25:01+00:00\",\"description\":\"Eurosky Tower \u00e8 il primo grattacielo residenziale ecosostenibile di Roma EUR, la sua costruzione \u00e8 iniziata circa un anno fa e gi\u00e0 sono state presentate le prime unit\u00e0 abitative campione.\",\"breadcrumb\":{\"@id\":\"https:\/\/socialdesignmagazine.com\/mag\/architettura\/clei-partnership-con-eurosky-tower-per-larredo-dei-monolocali-del-primo-grattacielo-ecocompatibile-di-roma\/#breadcrumb\"},\"inLanguage\":\"it-IT\",\"potentialAction\":[{\"@type\":\"ReadAction\",\"target\":[\"https:\/\/socialdesignmagazine.com\/mag\/architettura\/clei-partnership-con-eurosky-tower-per-larredo-dei-monolocali-del-primo-grattacielo-ecocompatibile-di-roma\/\"]}]},{\"@type\":\"ImageObject\",\"inLanguage\":\"it-IT\",\"@id\":\"https:\/\/socialdesignmagazine.com\/mag\/architettura\/clei-partnership-con-eurosky-tower-per-larredo-dei-monolocali-del-primo-grattacielo-ecocompatibile-di-roma\/#primaryimage\",\"url\":\"https:\/\/socialdesignmagazine.com\/mag\/wp-content\/uploads\/2012\/02\/benedetto_clei_eurosky_tower_CLEI_-_Eurosky_Tower_-_Home_Office.jpg\",\"contentUrl\":\"https:\/\/socialdesignmagazine.com\/mag\/wp-content\/uploads\/2012\/02\/benedetto_clei_eurosky_tower_CLEI_-_Eurosky_Tower_-_Home_Office.jpg\",\"width\":720,\"height\":479,\"caption\":\"CLEI_-_Eurosky_Tower_-_Home_Office\"},{\"@type\":\"BreadcrumbList\",\"@id\":\"https:\/\/socialdesignmagazine.com\/mag\/architettura\/clei-partnership-con-eurosky-tower-per-larredo-dei-monolocali-del-primo-grattacielo-ecocompatibile-di-roma\/#breadcrumb\",\"itemListElement\":[{\"@type\":\"ListItem\",\"position\":1,\"name\":\"Home\",\"item\":\"https:\/\/socialdesignmagazine.com\/mag\/\"},{\"@type\":\"ListItem\",\"position\":2,\"name\":\"Architettura\",\"item\":\"https:\/\/socialdesignmagazine.com\/mag\/architettura\/\"},{\"@type\":\"ListItem\",\"position\":3,\"name\":\"Clei: partnership con Eurosky Tower per l&#8217;arredo dei monolocali del primo grattacielo ecocompatibile di Roma\"}]},{\"@type\":\"WebSite\",\"@id\":\"https:\/\/socialdesignmagazine.com\/mag\/#website\",\"url\":\"https:\/\/socialdesignmagazine.com\/mag\/\",\"name\":\"Social Design Magazine\",\"description\":\"Social Magazine su Design, Architettura, Arte, Grafica\",\"publisher\":{\"@id\":\"https:\/\/socialdesignmagazine.com\/mag\/#organization\"},\"potentialAction\":[{\"@type\":\"SearchAction\",\"target\":{\"@type\":\"EntryPoint\",\"urlTemplate\":\"https:\/\/socialdesignmagazine.com\/mag\/?s={search_term_string}\"},\"query-input\":{\"@type\":\"PropertyValueSpecification\",\"valueRequired\":true,\"valueName\":\"search_term_string\"}}],\"inLanguage\":\"it-IT\"},{\"@type\":\"Organization\",\"@id\":\"https:\/\/socialdesignmagazine.com\/mag\/#organization\",\"name\":\"Social Design Magazine\",\"url\":\"https:\/\/socialdesignmagazine.com\/mag\/\",\"logo\":{\"@type\":\"ImageObject\",\"inLanguage\":\"it-IT\",\"@id\":\"https:\/\/socialdesignmagazine.com\/mag\/#\/schema\/logo\/image\/\",\"url\":\"https:\/\/socialdesignmagazine.com\/mag\/wp-content\/uploads\/2017\/01\/logo_favicon_11.png\",\"contentUrl\":\"https:\/\/socialdesignmagazine.com\/mag\/wp-content\/uploads\/2017\/01\/logo_favicon_11.png\",\"width\":1024,\"height\":1024,\"caption\":\"Social Design Magazine\"},\"image\":{\"@id\":\"https:\/\/socialdesignmagazine.com\/mag\/#\/schema\/logo\/image\/\"},\"sameAs\":[\"https:\/\/www.facebook.com\/socialdesignmag\",\"https:\/\/x.com\/socialdesignmag\",\"http:\/\/instagram.com\/social_design_magazine\/\",\"http:\/\/pinterest.com\/socialdesignmag\/\",\"http:\/\/www.youtube.com\/user\/socialdesignmagazine\"]},{\"@type\":\"Person\",\"@id\":\"https:\/\/socialdesignmagazine.com\/mag\/#\/schema\/person\/61e20205cc363c315e6aabd33a045846\",\"name\":\"Benedetto Fiori\",\"image\":{\"@type\":\"ImageObject\",\"inLanguage\":\"it-IT\",\"@id\":\"https:\/\/secure.gravatar.com\/avatar\/450a48cefa36da63d920ad70aa660bd10725b1c6093800242e5efdb397759033?s=96&d=mm&r=g\",\"url\":\"https:\/\/secure.gravatar.com\/avatar\/450a48cefa36da63d920ad70aa660bd10725b1c6093800242e5efdb397759033?s=96&d=mm&r=g\",\"contentUrl\":\"https:\/\/secure.gravatar.com\/avatar\/450a48cefa36da63d920ad70aa660bd10725b1c6093800242e5efdb397759033?s=96&d=mm&r=g\",\"caption\":\"Benedetto Fiori\"},\"description\":\"Web | Twitter | Facebook | Shutterstock Founder &amp; Editor in Chief di Social Design Magazine. Attratto da sempre da tutto ci\u00f2 che \u00e8 creativit\u00e0, design, architettura. Dopo aver studiato Architettura all'Universit\u00e0 di Firenze, si \u00e8 impegnato in molteplici campi: comunicazione grafica, progettazione di allestimenti fieristici, brand design, Interior Design.\",\"sameAs\":[\"http:\/\/benedettofiori.com\",\"https:\/\/www.facebook.com\/benedettofiori\",\"https:\/\/x.com\/benedettofiori\"],\"url\":\"https:\/\/socialdesignmagazine.com\/mag\/author\/benedetto\/\"}]}<\/script>\n<!-- \/ Yoast SEO plugin. -->","yoast_head_json":{"title":"Clei: partnership con Eurosky Tower per l'arredo dei monolocali del primo grattacielo ecocompatibile di Roma - Social Design Magazine","description":"Eurosky Tower \u00e8 il primo grattacielo residenziale ecosostenibile di Roma EUR, la sua costruzione \u00e8 iniziata circa un anno fa e gi\u00e0 sono state presentate le prime unit\u00e0 abitative campione.","robots":{"index":"index","follow":"follow","max-snippet":"max-snippet:-1","max-image-preview":"max-image-preview:large","max-video-preview":"max-video-preview:-1"},"canonical":"https:\/\/socialdesignmagazine.com\/mag\/architettura\/clei-partnership-con-eurosky-tower-per-larredo-dei-monolocali-del-primo-grattacielo-ecocompatibile-di-roma\/","og_locale":"it_IT","og_type":"article","og_title":"Clei: partnership con Eurosky Tower per l'arredo dei monolocali del primo grattacielo ecocompatibile di Roma - Social Design Magazine","og_description":"Eurosky Tower \u00e8 il primo grattacielo residenziale ecosostenibile di Roma EUR, la sua costruzione \u00e8 iniziata circa un anno fa e gi\u00e0 sono state presentate le prime unit\u00e0 abitative campione.","og_url":"http:\/\/socialdesignmagazine.com\/mag\/architettura\/clei-partnership-con-eurosky-tower-per-larredo-dei-monolocali-del-primo-grattacielo-ecocompatibile-di-roma\/","og_site_name":"Social Design Magazine","article_publisher":"https:\/\/www.facebook.com\/socialdesignmag","article_author":"https:\/\/www.facebook.com\/benedettofiori","article_published_time":"2012-02-23T15:30:00+00:00","article_modified_time":"2024-05-12T09:25:01+00:00","og_image":[{"width":720,"height":479,"url":"https:\/\/socialdesignmagazine.com\/mag\/wp-content\/uploads\/2012\/02\/benedetto_clei_eurosky_tower_CLEI_-_Eurosky_Tower_-_Home_Office.jpg","type":"image\/jpeg"}],"author":"Benedetto Fiori","twitter_card":"summary_large_image","twitter_creator":"@benedettofiori","twitter_site":"@socialdesignmag","twitter_misc":{"Scritto da":"Benedetto Fiori","Tempo di lettura stimato":"4 minuti"},"schema":{"@context":"https:\/\/schema.org","@graph":[{"@type":"Article","@id":"https:\/\/socialdesignmagazine.com\/mag\/architettura\/clei-partnership-con-eurosky-tower-per-larredo-dei-monolocali-del-primo-grattacielo-ecocompatibile-di-roma\/#article","isPartOf":{"@id":"https:\/\/socialdesignmagazine.com\/mag\/architettura\/clei-partnership-con-eurosky-tower-per-larredo-dei-monolocali-del-primo-grattacielo-ecocompatibile-di-roma\/"},"author":{"name":"Benedetto Fiori","@id":"https:\/\/socialdesignmagazine.com\/mag\/#\/schema\/person\/61e20205cc363c315e6aabd33a045846"},"headline":"Clei: partnership con Eurosky Tower per l&#8217;arredo dei monolocali del primo grattacielo ecocompatibile di Roma","datePublished":"2012-02-23T15:30:00+00:00","dateModified":"2024-05-12T09:25:01+00:00","mainEntityOfPage":{"@id":"https:\/\/socialdesignmagazine.com\/mag\/architettura\/clei-partnership-con-eurosky-tower-per-larredo-dei-monolocali-del-primo-grattacielo-ecocompatibile-di-roma\/"},"wordCount":409,"commentCount":0,"publisher":{"@id":"https:\/\/socialdesignmagazine.com\/mag\/#organization"},"image":{"@id":"https:\/\/socialdesignmagazine.com\/mag\/architettura\/clei-partnership-con-eurosky-tower-per-larredo-dei-monolocali-del-primo-grattacielo-ecocompatibile-di-roma\/#primaryimage"},"thumbnailUrl":"https:\/\/socialdesignmagazine.com\/mag\/wp-content\/uploads\/2012\/02\/benedetto_clei_eurosky_tower_CLEI_-_Eurosky_Tower_-_Home_Office.jpg","keywords":["arredo","clei","interior","interni","monolocale","roma"],"articleSection":["Architettura"],"inLanguage":"it-IT","potentialAction":[{"@type":"CommentAction","name":"Comment","target":["https:\/\/socialdesignmagazine.com\/mag\/architettura\/clei-partnership-con-eurosky-tower-per-larredo-dei-monolocali-del-primo-grattacielo-ecocompatibile-di-roma\/#respond"]}]},{"@type":"WebPage","@id":"https:\/\/socialdesignmagazine.com\/mag\/architettura\/clei-partnership-con-eurosky-tower-per-larredo-dei-monolocali-del-primo-grattacielo-ecocompatibile-di-roma\/","url":"https:\/\/socialdesignmagazine.com\/mag\/architettura\/clei-partnership-con-eurosky-tower-per-larredo-dei-monolocali-del-primo-grattacielo-ecocompatibile-di-roma\/","name":"Clei: partnership con Eurosky Tower per l'arredo dei monolocali del primo grattacielo ecocompatibile di Roma - Social Design Magazine","isPartOf":{"@id":"https:\/\/socialdesignmagazine.com\/mag\/#website"},"primaryImageOfPage":{"@id":"https:\/\/socialdesignmagazine.com\/mag\/architettura\/clei-partnership-con-eurosky-tower-per-larredo-dei-monolocali-del-primo-grattacielo-ecocompatibile-di-roma\/#primaryimage"},"image":{"@id":"https:\/\/socialdesignmagazine.com\/mag\/architettura\/clei-partnership-con-eurosky-tower-per-larredo-dei-monolocali-del-primo-grattacielo-ecocompatibile-di-roma\/#primaryimage"},"thumbnailUrl":"https:\/\/socialdesignmagazine.com\/mag\/wp-content\/uploads\/2012\/02\/benedetto_clei_eurosky_tower_CLEI_-_Eurosky_Tower_-_Home_Office.jpg","datePublished":"2012-02-23T15:30:00+00:00","dateModified":"2024-05-12T09:25:01+00:00","description":"Eurosky Tower \u00e8 il primo grattacielo residenziale ecosostenibile di Roma EUR, la sua costruzione \u00e8 iniziata circa un anno fa e gi\u00e0 sono state presentate le prime unit\u00e0 abitative campione.","breadcrumb":{"@id":"https:\/\/socialdesignmagazine.com\/mag\/architettura\/clei-partnership-con-eurosky-tower-per-larredo-dei-monolocali-del-primo-grattacielo-ecocompatibile-di-roma\/#breadcrumb"},"inLanguage":"it-IT","potentialAction":[{"@type":"ReadAction","target":["https:\/\/socialdesignmagazine.com\/mag\/architettura\/clei-partnership-con-eurosky-tower-per-larredo-dei-monolocali-del-primo-grattacielo-ecocompatibile-di-roma\/"]}]},{"@type":"ImageObject","inLanguage":"it-IT","@id":"https:\/\/socialdesignmagazine.com\/mag\/architettura\/clei-partnership-con-eurosky-tower-per-larredo-dei-monolocali-del-primo-grattacielo-ecocompatibile-di-roma\/#primaryimage","url":"https:\/\/socialdesignmagazine.com\/mag\/wp-content\/uploads\/2012\/02\/benedetto_clei_eurosky_tower_CLEI_-_Eurosky_Tower_-_Home_Office.jpg","contentUrl":"https:\/\/socialdesignmagazine.com\/mag\/wp-content\/uploads\/2012\/02\/benedetto_clei_eurosky_tower_CLEI_-_Eurosky_Tower_-_Home_Office.jpg","width":720,"height":479,"caption":"CLEI_-_Eurosky_Tower_-_Home_Office"},{"@type":"BreadcrumbList","@id":"https:\/\/socialdesignmagazine.com\/mag\/architettura\/clei-partnership-con-eurosky-tower-per-larredo-dei-monolocali-del-primo-grattacielo-ecocompatibile-di-roma\/#breadcrumb","itemListElement":[{"@type":"ListItem","position":1,"name":"Home","item":"https:\/\/socialdesignmagazine.com\/mag\/"},{"@type":"ListItem","position":2,"name":"Architettura","item":"https:\/\/socialdesignmagazine.com\/mag\/architettura\/"},{"@type":"ListItem","position":3,"name":"Clei: partnership con Eurosky Tower per l&#8217;arredo dei monolocali del primo grattacielo ecocompatibile di Roma"}]},{"@type":"WebSite","@id":"https:\/\/socialdesignmagazine.com\/mag\/#website","url":"https:\/\/socialdesignmagazine.com\/mag\/","name":"Social Design Magazine","description":"Social Magazine su Design, Architettura, Arte, Grafica","publisher":{"@id":"https:\/\/socialdesignmagazine.com\/mag\/#organization"},"potentialAction":[{"@type":"SearchAction","target":{"@type":"EntryPoint","urlTemplate":"https:\/\/socialdesignmagazine.com\/mag\/?s={search_term_string}"},"query-input":{"@type":"PropertyValueSpecification","valueRequired":true,"valueName":"search_term_string"}}],"inLanguage":"it-IT"},{"@type":"Organization","@id":"https:\/\/socialdesignmagazine.com\/mag\/#organization","name":"Social Design Magazine","url":"https:\/\/socialdesignmagazine.com\/mag\/","logo":{"@type":"ImageObject","inLanguage":"it-IT","@id":"https:\/\/socialdesignmagazine.com\/mag\/#\/schema\/logo\/image\/","url":"https:\/\/socialdesignmagazine.com\/mag\/wp-content\/uploads\/2017\/01\/logo_favicon_11.png","contentUrl":"https:\/\/socialdesignmagazine.com\/mag\/wp-content\/uploads\/2017\/01\/logo_favicon_11.png","width":1024,"height":1024,"caption":"Social Design Magazine"},"image":{"@id":"https:\/\/socialdesignmagazine.com\/mag\/#\/schema\/logo\/image\/"},"sameAs":["https:\/\/www.facebook.com\/socialdesignmag","https:\/\/x.com\/socialdesignmag","http:\/\/instagram.com\/social_design_magazine\/","http:\/\/pinterest.com\/socialdesignmag\/","http:\/\/www.youtube.com\/user\/socialdesignmagazine"]},{"@type":"Person","@id":"https:\/\/socialdesignmagazine.com\/mag\/#\/schema\/person\/61e20205cc363c315e6aabd33a045846","name":"Benedetto Fiori","image":{"@type":"ImageObject","inLanguage":"it-IT","@id":"https:\/\/secure.gravatar.com\/avatar\/450a48cefa36da63d920ad70aa660bd10725b1c6093800242e5efdb397759033?s=96&d=mm&r=g","url":"https:\/\/secure.gravatar.com\/avatar\/450a48cefa36da63d920ad70aa660bd10725b1c6093800242e5efdb397759033?s=96&d=mm&r=g","contentUrl":"https:\/\/secure.gravatar.com\/avatar\/450a48cefa36da63d920ad70aa660bd10725b1c6093800242e5efdb397759033?s=96&d=mm&r=g","caption":"Benedetto Fiori"},"description":"Web | Twitter | Facebook | Shutterstock Founder &amp; Editor in Chief di Social Design Magazine. Attratto da sempre da tutto ci\u00f2 che \u00e8 creativit\u00e0, design, architettura. Dopo aver studiato Architettura all'Universit\u00e0 di Firenze, si \u00e8 impegnato in molteplici campi: comunicazione grafica, progettazione di allestimenti fieristici, brand design, Interior Design.","sameAs":["http:\/\/benedettofiori.com","https:\/\/www.facebook.com\/benedettofiori","https:\/\/x.com\/benedettofiori"],"url":"https:\/\/socialdesignmagazine.com\/mag\/author\/benedetto\/"}]}},"jetpack_featured_media_url":"https:\/\/socialdesignmagazine.com\/mag\/wp-content\/uploads\/2012\/02\/benedetto_clei_eurosky_tower_CLEI_-_Eurosky_Tower_-_Home_Office.jpg","jetpack_sharing_enabled":true,"jetpack_shortlink":"https:\/\/wp.me\/p6cV7V-93","gt_translate_keys":[{"key":"link","format":"url"}],"_links":{"self":[{"href":"https:\/\/socialdesignmagazine.com\/mag\/wp-json\/wp\/v2\/posts\/561","targetHints":{"allow":["GET"]}}],"collection":[{"href":"https:\/\/socialdesignmagazine.com\/mag\/wp-json\/wp\/v2\/posts"}],"about":[{"href":"https:\/\/socialdesignmagazine.com\/mag\/wp-json\/wp\/v2\/types\/post"}],"author":[{"embeddable":true,"href":"https:\/\/socialdesignmagazine.com\/mag\/wp-json\/wp\/v2\/users\/1"}],"replies":[{"embeddable":true,"href":"https:\/\/socialdesignmagazine.com\/mag\/wp-json\/wp\/v2\/comments?post=561"}],"version-history":[{"count":2,"href":"https:\/\/socialdesignmagazine.com\/mag\/wp-json\/wp\/v2\/posts\/561\/revisions"}],"predecessor-version":[{"id":59655,"href":"https:\/\/socialdesignmagazine.com\/mag\/wp-json\/wp\/v2\/posts\/561\/revisions\/59655"}],"wp:featuredmedia":[{"embeddable":true,"href":"https:\/\/socialdesignmagazine.com\/mag\/wp-json\/wp\/v2\/media\/7196"}],"wp:attachment":[{"href":"https:\/\/socialdesignmagazine.com\/mag\/wp-json\/wp\/v2\/media?parent=561"}],"wp:term":[{"taxonomy":"category","embeddable":true,"href":"https:\/\/socialdesignmagazine.com\/mag\/wp-json\/wp\/v2\/categories?post=561"},{"taxonomy":"post_tag","embeddable":true,"href":"https:\/\/socialdesignmagazine.com\/mag\/wp-json\/wp\/v2\/tags?post=561"}],"curies":[{"name":"wp","href":"https:\/\/api.w.org\/{rel}","templated":true}]}}