{"id":562,"date":"2012-02-22T16:00:00","date_gmt":"2012-02-22T15:00:00","guid":{"rendered":"https:\/\/socialdesignmagazine.com\/mag\/s6-design\/c35-design\/calligaris-sedia-skin-anteprima-del-salone-del-mobile-2012-di-milano\/"},"modified":"2024-05-12T11:21:18","modified_gmt":"2024-05-12T09:21:18","slug":"calligaris-sedia-skin-anteprima-del-salone-del-mobile-2012-di-milano","status":"publish","type":"post","link":"https:\/\/socialdesignmagazine.com\/mag\/design\/calligaris-sedia-skin-anteprima-del-salone-del-mobile-2012-di-milano\/","title":{"rendered":"Calligaris \/ sedia SKIN, anteprima del Salone del Mobile 2012 di Milano","gt_translate_keys":[{"key":"rendered","format":"text"}]},"content":{"rendered":"\n<p>Skin \u00e8 una sedia in polipropilene disegnata da Archirivolto per Calligaris e\u00a0realizzata in coiniezione di polipropilene a carica differenziata con l\u2019ausilio di tecnologia airmoulding.\u00a0<\/p>\n\n\n\n<p>Pu\u00f2 essere utilizzata sia all&#8217;interno che all&#8217;esterno da un design funzionale e minimalista, \u00e8 impilabile e pu\u00f2 essere abbinata sia a tavoli moderni che d&#8217;epoca.<\/p>\n\n\n<div class=\"wp-block-image\">\n<figure class=\"aligncenter\"><img loading=\"lazy\" decoding=\"async\" width=\"720\" height=\"477\" data-attachment-id=\"7202\" data-permalink=\"https:\/\/socialdesignmagazine.com\/mag\/design\/calligaris-sedia-skin-anteprima-del-salone-del-mobile-2012-di-milano\/attachment\/calligaris_-_sedia_skin_bianca_-_amb-_x_web\/#content\" data-orig-file=\"https:\/\/socialdesignmagazine.com\/mag\/wp-content\/uploads\/2012\/02\/benedetto_calligaris_skin_Calligaris_-_sedia_SKIN_bianca_-_amb._x_web.jpg\" data-orig-size=\"720,477\" data-comments-opened=\"1\" data-image-meta=\"{&quot;aperture&quot;:&quot;0&quot;,&quot;credit&quot;:&quot;&quot;,&quot;camera&quot;:&quot;&quot;,&quot;caption&quot;:&quot;&quot;,&quot;created_timestamp&quot;:&quot;0&quot;,&quot;copyright&quot;:&quot;&quot;,&quot;focal_length&quot;:&quot;0&quot;,&quot;iso&quot;:&quot;0&quot;,&quot;shutter_speed&quot;:&quot;0&quot;,&quot;title&quot;:&quot;&quot;,&quot;orientation&quot;:&quot;0&quot;}\" data-image-title=\"Calligaris_-_sedia_SKIN_bianca_-_amb._x_web\" data-image-description=\"\" data-image-caption=\"\" data-medium-file=\"https:\/\/socialdesignmagazine.com\/mag\/wp-content\/uploads\/2012\/02\/benedetto_calligaris_skin_Calligaris_-_sedia_SKIN_bianca_-_amb._x_web-396x256.jpg\" data-large-file=\"https:\/\/socialdesignmagazine.com\/mag\/wp-content\/uploads\/2012\/02\/benedetto_calligaris_skin_Calligaris_-_sedia_SKIN_bianca_-_amb._x_web.jpg\" src=\"https:\/\/socialdesignmagazine.com\/mag\/wp-content\/uploads\/2012\/02\/benedetto_calligaris_skin_Calligaris_-_sedia_SKIN_bianca_-_amb._x_web.jpg\" alt=\"Calligaris_-_sedia_SKIN_bianca_-_amb._x_web\" class=\"wp-image-7202\" srcset=\"https:\/\/socialdesignmagazine.com\/mag\/wp-content\/uploads\/2012\/02\/benedetto_calligaris_skin_Calligaris_-_sedia_SKIN_bianca_-_amb._x_web.jpg 720w, https:\/\/socialdesignmagazine.com\/mag\/wp-content\/uploads\/2012\/02\/benedetto_calligaris_skin_Calligaris_-_sedia_SKIN_bianca_-_amb._x_web-100x66.jpg 100w\" sizes=\"auto, (max-width: 720px) 100vw, 720px\" \/><\/figure>\n<\/div>\n\n\n<p><strong>Sedia:<\/strong> <span style=\"white-space: pre;\"> <\/span>SKIN<br><strong>Design:<\/strong> <span style=\"white-space: pre;\"> <\/span>Archirivolto<br><strong>Misure:<\/strong> <span style=\"white-space: pre;\"> <\/span>in cm L 51,5 \u2013 P 47 \u2013 H 78 \u2013 Hseduta 45&nbsp;<br><strong>Monoscocca:<\/strong> polipropilene<br><strong>Colori:<\/strong> <span style=\"white-space: pre;\"> <\/span>Bianco opaco \u2013 Senape \u2013 Tortora \u2013 Rosso \u2013 Nero<\/p>\n","protected":false,"gt_translate_keys":[{"key":"rendered","format":"html"}]},"excerpt":{"rendered":"<p>Skin \u00e8 una sedia in polipropilene disegnata da Archirivolto per Calligaris e\u00a0realizzata in coiniezione di polipropilene a carica differenziata con l\u2019ausilio di tecnologia airmoulding.\u00a0<\/p>\n","protected":false,"gt_translate_keys":[{"key":"rendered","format":"html"}]},"author":1,"featured_media":7201,"comment_status":"open","ping_status":"open","sticky":false,"template":"","format":"standard","meta":{"jetpack_post_was_ever_published":false,"_jetpack_newsletter_access":"","_jetpack_dont_email_post_to_subs":false,"_jetpack_newsletter_tier_id":0,"_jetpack_memberships_contains_paywalled_content":false,"_jetpack_memberships_contains_paid_content":false,"footnotes":"","_wpscppro_dont_share_socialmedia":false,"_wpscppro_custom_social_share_image":0,"_facebook_share_type":"","_twitter_share_type":"","_linkedin_share_type":"","_pinterest_share_type":"","_linkedin_share_type_page":"","_instagram_share_type":"","_medium_share_type":"","_threads_share_type":"","_google_business_share_type":"","_selected_social_profile":[],"_wpsp_enable_custom_social_template":false,"_wpsp_social_scheduling":{"enabled":false,"datetime":null,"platforms":[],"status":"template_only","dateOption":"today","timeOption":"now","customDays":"","customHours":"","customDate":"","customTime":"","schedulingType":"absolute"},"_wpsp_active_default_template":true},"categories":[13],"tags":[1867,1888,1866,118],"class_list":["post-562","post","type-post","status-publish","format-standard","has-post-thumbnail","hentry","category-design","tag-calligaris","tag-polipropilene","tag-salone-del-mobile-2012-milano","tag-sedia"],"yoast_head":"<!-- This site is optimized with the Yoast SEO plugin v27.2 - https:\/\/yoast.com\/product\/yoast-seo-wordpress\/ -->\n<title>Calligaris \/ sedia SKIN, anteprima del Salone del Mobile 2012 di Milano - Social Design Magazine<\/title>\n<meta name=\"description\" content=\"Skin \u00e8 una sedia in polipropilene disegnata da Archirivolto per Calligaris e\u00a0realizzata in coiniezione di polipropilene a carica differenziata con l\u2019ausilio di tecnologia airmoulding.\u00a0\" \/>\n<meta name=\"robots\" content=\"index, follow, max-snippet:-1, max-image-preview:large, max-video-preview:-1\" \/>\n<link rel=\"canonical\" href=\"https:\/\/socialdesignmagazine.com\/mag\/design\/calligaris-sedia-skin-anteprima-del-salone-del-mobile-2012-di-milano\/\" \/>\n<meta property=\"og:locale\" content=\"it_IT\" \/>\n<meta property=\"og:type\" content=\"article\" \/>\n<meta property=\"og:title\" content=\"Calligaris \/ sedia SKIN, anteprima del Salone del Mobile 2012 di Milano - Social Design Magazine\" \/>\n<meta property=\"og:description\" content=\"Skin \u00e8 una sedia in polipropilene disegnata da Archirivolto per Calligaris e\u00a0realizzata in coiniezione di polipropilene a carica differenziata con l\u2019ausilio di tecnologia airmoulding.\u00a0\" \/>\n<meta property=\"og:url\" content=\"http:\/\/socialdesignmagazine.com\/mag\/design\/calligaris-sedia-skin-anteprima-del-salone-del-mobile-2012-di-milano\/\" \/>\n<meta property=\"og:site_name\" content=\"Social Design Magazine\" \/>\n<meta property=\"article:publisher\" content=\"https:\/\/www.facebook.com\/socialdesignmag\" \/>\n<meta property=\"article:author\" content=\"https:\/\/www.facebook.com\/benedettofiori\" \/>\n<meta property=\"article:published_time\" content=\"2012-02-22T15:00:00+00:00\" \/>\n<meta property=\"article:modified_time\" content=\"2024-05-12T09:21:18+00:00\" \/>\n<meta property=\"og:image\" content=\"https:\/\/socialdesignmagazine.com\/mag\/wp-content\/uploads\/2012\/02\/benedetto_calligaris_skin_Calligaris_-_sedia_SKIN_nera_x_web.jpg\" \/>\n\t<meta property=\"og:image:width\" content=\"720\" \/>\n\t<meta property=\"og:image:height\" content=\"510\" \/>\n\t<meta property=\"og:image:type\" content=\"image\/jpeg\" \/>\n<meta name=\"author\" content=\"Benedetto Fiori\" \/>\n<meta name=\"twitter:card\" content=\"summary_large_image\" \/>\n<meta name=\"twitter:creator\" content=\"@benedettofiori\" \/>\n<meta name=\"twitter:site\" content=\"@socialdesignmag\" \/>\n<meta name=\"twitter:label1\" content=\"Scritto da\" \/>\n\t<meta name=\"twitter:data1\" content=\"Benedetto Fiori\" \/>\n\t<meta name=\"twitter:label2\" content=\"Tempo di lettura stimato\" \/>\n\t<meta name=\"twitter:data2\" content=\"1 minuto\" \/>\n<script type=\"application\/ld+json\" class=\"yoast-schema-graph\">{\"@context\":\"https:\/\/schema.org\",\"@graph\":[{\"@type\":\"Article\",\"@id\":\"https:\/\/socialdesignmagazine.com\/mag\/design\/calligaris-sedia-skin-anteprima-del-salone-del-mobile-2012-di-milano\/#article\",\"isPartOf\":{\"@id\":\"https:\/\/socialdesignmagazine.com\/mag\/design\/calligaris-sedia-skin-anteprima-del-salone-del-mobile-2012-di-milano\/\"},\"author\":{\"name\":\"Benedetto Fiori\",\"@id\":\"https:\/\/socialdesignmagazine.com\/mag\/#\/schema\/person\/61e20205cc363c315e6aabd33a045846\"},\"headline\":\"Calligaris \/ sedia SKIN, anteprima del Salone del Mobile 2012 di Milano\",\"datePublished\":\"2012-02-22T15:00:00+00:00\",\"dateModified\":\"2024-05-12T09:21:18+00:00\",\"mainEntityOfPage\":{\"@id\":\"https:\/\/socialdesignmagazine.com\/mag\/design\/calligaris-sedia-skin-anteprima-del-salone-del-mobile-2012-di-milano\/\"},\"wordCount\":83,\"commentCount\":0,\"publisher\":{\"@id\":\"https:\/\/socialdesignmagazine.com\/mag\/#organization\"},\"image\":{\"@id\":\"https:\/\/socialdesignmagazine.com\/mag\/design\/calligaris-sedia-skin-anteprima-del-salone-del-mobile-2012-di-milano\/#primaryimage\"},\"thumbnailUrl\":\"https:\/\/socialdesignmagazine.com\/mag\/wp-content\/uploads\/2012\/02\/benedetto_calligaris_skin_Calligaris_-_sedia_SKIN_nera_x_web.jpg\",\"keywords\":[\"calligaris\",\"polipropilene\",\"salone del mobile 2012 milano\",\"sedia\"],\"articleSection\":[\"Design\"],\"inLanguage\":\"it-IT\",\"potentialAction\":[{\"@type\":\"CommentAction\",\"name\":\"Comment\",\"target\":[\"https:\/\/socialdesignmagazine.com\/mag\/design\/calligaris-sedia-skin-anteprima-del-salone-del-mobile-2012-di-milano\/#respond\"]}]},{\"@type\":\"WebPage\",\"@id\":\"https:\/\/socialdesignmagazine.com\/mag\/design\/calligaris-sedia-skin-anteprima-del-salone-del-mobile-2012-di-milano\/\",\"url\":\"https:\/\/socialdesignmagazine.com\/mag\/design\/calligaris-sedia-skin-anteprima-del-salone-del-mobile-2012-di-milano\/\",\"name\":\"Calligaris \/ sedia SKIN, anteprima del Salone del Mobile 2012 di Milano - Social Design Magazine\",\"isPartOf\":{\"@id\":\"https:\/\/socialdesignmagazine.com\/mag\/#website\"},\"primaryImageOfPage\":{\"@id\":\"https:\/\/socialdesignmagazine.com\/mag\/design\/calligaris-sedia-skin-anteprima-del-salone-del-mobile-2012-di-milano\/#primaryimage\"},\"image\":{\"@id\":\"https:\/\/socialdesignmagazine.com\/mag\/design\/calligaris-sedia-skin-anteprima-del-salone-del-mobile-2012-di-milano\/#primaryimage\"},\"thumbnailUrl\":\"https:\/\/socialdesignmagazine.com\/mag\/wp-content\/uploads\/2012\/02\/benedetto_calligaris_skin_Calligaris_-_sedia_SKIN_nera_x_web.jpg\",\"datePublished\":\"2012-02-22T15:00:00+00:00\",\"dateModified\":\"2024-05-12T09:21:18+00:00\",\"description\":\"Skin \u00e8 una sedia in polipropilene disegnata da Archirivolto per Calligaris e\u00a0realizzata in coiniezione di polipropilene a carica differenziata con l\u2019ausilio di tecnologia airmoulding.\u00a0\",\"breadcrumb\":{\"@id\":\"https:\/\/socialdesignmagazine.com\/mag\/design\/calligaris-sedia-skin-anteprima-del-salone-del-mobile-2012-di-milano\/#breadcrumb\"},\"inLanguage\":\"it-IT\",\"potentialAction\":[{\"@type\":\"ReadAction\",\"target\":[\"https:\/\/socialdesignmagazine.com\/mag\/design\/calligaris-sedia-skin-anteprima-del-salone-del-mobile-2012-di-milano\/\"]}]},{\"@type\":\"ImageObject\",\"inLanguage\":\"it-IT\",\"@id\":\"https:\/\/socialdesignmagazine.com\/mag\/design\/calligaris-sedia-skin-anteprima-del-salone-del-mobile-2012-di-milano\/#primaryimage\",\"url\":\"https:\/\/socialdesignmagazine.com\/mag\/wp-content\/uploads\/2012\/02\/benedetto_calligaris_skin_Calligaris_-_sedia_SKIN_nera_x_web.jpg\",\"contentUrl\":\"https:\/\/socialdesignmagazine.com\/mag\/wp-content\/uploads\/2012\/02\/benedetto_calligaris_skin_Calligaris_-_sedia_SKIN_nera_x_web.jpg\",\"width\":720,\"height\":510,\"caption\":\"Calligaris_-_sedia_SKIN_nera_x_web\"},{\"@type\":\"BreadcrumbList\",\"@id\":\"https:\/\/socialdesignmagazine.com\/mag\/design\/calligaris-sedia-skin-anteprima-del-salone-del-mobile-2012-di-milano\/#breadcrumb\",\"itemListElement\":[{\"@type\":\"ListItem\",\"position\":1,\"name\":\"Home\",\"item\":\"https:\/\/socialdesignmagazine.com\/mag\/\"},{\"@type\":\"ListItem\",\"position\":2,\"name\":\"Design\",\"item\":\"https:\/\/socialdesignmagazine.com\/mag\/design\/\"},{\"@type\":\"ListItem\",\"position\":3,\"name\":\"Calligaris \/ sedia SKIN, anteprima del Salone del Mobile 2012 di Milano\"}]},{\"@type\":\"WebSite\",\"@id\":\"https:\/\/socialdesignmagazine.com\/mag\/#website\",\"url\":\"https:\/\/socialdesignmagazine.com\/mag\/\",\"name\":\"Social Design Magazine\",\"description\":\"Social Magazine su Design, Architettura, Arte, Grafica\",\"publisher\":{\"@id\":\"https:\/\/socialdesignmagazine.com\/mag\/#organization\"},\"potentialAction\":[{\"@type\":\"SearchAction\",\"target\":{\"@type\":\"EntryPoint\",\"urlTemplate\":\"https:\/\/socialdesignmagazine.com\/mag\/?s={search_term_string}\"},\"query-input\":{\"@type\":\"PropertyValueSpecification\",\"valueRequired\":true,\"valueName\":\"search_term_string\"}}],\"inLanguage\":\"it-IT\"},{\"@type\":\"Organization\",\"@id\":\"https:\/\/socialdesignmagazine.com\/mag\/#organization\",\"name\":\"Social Design Magazine\",\"url\":\"https:\/\/socialdesignmagazine.com\/mag\/\",\"logo\":{\"@type\":\"ImageObject\",\"inLanguage\":\"it-IT\",\"@id\":\"https:\/\/socialdesignmagazine.com\/mag\/#\/schema\/logo\/image\/\",\"url\":\"https:\/\/socialdesignmagazine.com\/mag\/wp-content\/uploads\/2017\/01\/logo_favicon_11.png\",\"contentUrl\":\"https:\/\/socialdesignmagazine.com\/mag\/wp-content\/uploads\/2017\/01\/logo_favicon_11.png\",\"width\":1024,\"height\":1024,\"caption\":\"Social Design Magazine\"},\"image\":{\"@id\":\"https:\/\/socialdesignmagazine.com\/mag\/#\/schema\/logo\/image\/\"},\"sameAs\":[\"https:\/\/www.facebook.com\/socialdesignmag\",\"https:\/\/x.com\/socialdesignmag\",\"http:\/\/instagram.com\/social_design_magazine\/\",\"http:\/\/pinterest.com\/socialdesignmag\/\",\"http:\/\/www.youtube.com\/user\/socialdesignmagazine\"]},{\"@type\":\"Person\",\"@id\":\"https:\/\/socialdesignmagazine.com\/mag\/#\/schema\/person\/61e20205cc363c315e6aabd33a045846\",\"name\":\"Benedetto Fiori\",\"image\":{\"@type\":\"ImageObject\",\"inLanguage\":\"it-IT\",\"@id\":\"https:\/\/secure.gravatar.com\/avatar\/450a48cefa36da63d920ad70aa660bd10725b1c6093800242e5efdb397759033?s=96&d=mm&r=g\",\"url\":\"https:\/\/secure.gravatar.com\/avatar\/450a48cefa36da63d920ad70aa660bd10725b1c6093800242e5efdb397759033?s=96&d=mm&r=g\",\"contentUrl\":\"https:\/\/secure.gravatar.com\/avatar\/450a48cefa36da63d920ad70aa660bd10725b1c6093800242e5efdb397759033?s=96&d=mm&r=g\",\"caption\":\"Benedetto Fiori\"},\"description\":\"Web | Twitter | Facebook | Shutterstock Founder &amp; Editor in Chief di Social Design Magazine. Attratto da sempre da tutto ci\u00f2 che \u00e8 creativit\u00e0, design, architettura. Dopo aver studiato Architettura all'Universit\u00e0 di Firenze, si \u00e8 impegnato in molteplici campi: comunicazione grafica, progettazione di allestimenti fieristici, brand design, Interior Design.\",\"sameAs\":[\"http:\/\/benedettofiori.com\",\"https:\/\/www.facebook.com\/benedettofiori\",\"https:\/\/x.com\/benedettofiori\"],\"url\":\"https:\/\/socialdesignmagazine.com\/mag\/author\/benedetto\/\"}]}<\/script>\n<!-- \/ Yoast SEO plugin. -->","yoast_head_json":{"title":"Calligaris \/ sedia SKIN, anteprima del Salone del Mobile 2012 di Milano - Social Design Magazine","description":"Skin \u00e8 una sedia in polipropilene disegnata da Archirivolto per Calligaris e\u00a0realizzata in coiniezione di polipropilene a carica differenziata con l\u2019ausilio di tecnologia airmoulding.\u00a0","robots":{"index":"index","follow":"follow","max-snippet":"max-snippet:-1","max-image-preview":"max-image-preview:large","max-video-preview":"max-video-preview:-1"},"canonical":"https:\/\/socialdesignmagazine.com\/mag\/design\/calligaris-sedia-skin-anteprima-del-salone-del-mobile-2012-di-milano\/","og_locale":"it_IT","og_type":"article","og_title":"Calligaris \/ sedia SKIN, anteprima del Salone del Mobile 2012 di Milano - Social Design Magazine","og_description":"Skin \u00e8 una sedia in polipropilene disegnata da Archirivolto per Calligaris e\u00a0realizzata in coiniezione di polipropilene a carica differenziata con l\u2019ausilio di tecnologia airmoulding.\u00a0","og_url":"http:\/\/socialdesignmagazine.com\/mag\/design\/calligaris-sedia-skin-anteprima-del-salone-del-mobile-2012-di-milano\/","og_site_name":"Social Design Magazine","article_publisher":"https:\/\/www.facebook.com\/socialdesignmag","article_author":"https:\/\/www.facebook.com\/benedettofiori","article_published_time":"2012-02-22T15:00:00+00:00","article_modified_time":"2024-05-12T09:21:18+00:00","og_image":[{"width":720,"height":510,"url":"https:\/\/socialdesignmagazine.com\/mag\/wp-content\/uploads\/2012\/02\/benedetto_calligaris_skin_Calligaris_-_sedia_SKIN_nera_x_web.jpg","type":"image\/jpeg"}],"author":"Benedetto Fiori","twitter_card":"summary_large_image","twitter_creator":"@benedettofiori","twitter_site":"@socialdesignmag","twitter_misc":{"Scritto da":"Benedetto Fiori","Tempo di lettura stimato":"1 minuto"},"schema":{"@context":"https:\/\/schema.org","@graph":[{"@type":"Article","@id":"https:\/\/socialdesignmagazine.com\/mag\/design\/calligaris-sedia-skin-anteprima-del-salone-del-mobile-2012-di-milano\/#article","isPartOf":{"@id":"https:\/\/socialdesignmagazine.com\/mag\/design\/calligaris-sedia-skin-anteprima-del-salone-del-mobile-2012-di-milano\/"},"author":{"name":"Benedetto Fiori","@id":"https:\/\/socialdesignmagazine.com\/mag\/#\/schema\/person\/61e20205cc363c315e6aabd33a045846"},"headline":"Calligaris \/ sedia SKIN, anteprima del Salone del Mobile 2012 di Milano","datePublished":"2012-02-22T15:00:00+00:00","dateModified":"2024-05-12T09:21:18+00:00","mainEntityOfPage":{"@id":"https:\/\/socialdesignmagazine.com\/mag\/design\/calligaris-sedia-skin-anteprima-del-salone-del-mobile-2012-di-milano\/"},"wordCount":83,"commentCount":0,"publisher":{"@id":"https:\/\/socialdesignmagazine.com\/mag\/#organization"},"image":{"@id":"https:\/\/socialdesignmagazine.com\/mag\/design\/calligaris-sedia-skin-anteprima-del-salone-del-mobile-2012-di-milano\/#primaryimage"},"thumbnailUrl":"https:\/\/socialdesignmagazine.com\/mag\/wp-content\/uploads\/2012\/02\/benedetto_calligaris_skin_Calligaris_-_sedia_SKIN_nera_x_web.jpg","keywords":["calligaris","polipropilene","salone del mobile 2012 milano","sedia"],"articleSection":["Design"],"inLanguage":"it-IT","potentialAction":[{"@type":"CommentAction","name":"Comment","target":["https:\/\/socialdesignmagazine.com\/mag\/design\/calligaris-sedia-skin-anteprima-del-salone-del-mobile-2012-di-milano\/#respond"]}]},{"@type":"WebPage","@id":"https:\/\/socialdesignmagazine.com\/mag\/design\/calligaris-sedia-skin-anteprima-del-salone-del-mobile-2012-di-milano\/","url":"https:\/\/socialdesignmagazine.com\/mag\/design\/calligaris-sedia-skin-anteprima-del-salone-del-mobile-2012-di-milano\/","name":"Calligaris \/ sedia SKIN, anteprima del Salone del Mobile 2012 di Milano - Social Design Magazine","isPartOf":{"@id":"https:\/\/socialdesignmagazine.com\/mag\/#website"},"primaryImageOfPage":{"@id":"https:\/\/socialdesignmagazine.com\/mag\/design\/calligaris-sedia-skin-anteprima-del-salone-del-mobile-2012-di-milano\/#primaryimage"},"image":{"@id":"https:\/\/socialdesignmagazine.com\/mag\/design\/calligaris-sedia-skin-anteprima-del-salone-del-mobile-2012-di-milano\/#primaryimage"},"thumbnailUrl":"https:\/\/socialdesignmagazine.com\/mag\/wp-content\/uploads\/2012\/02\/benedetto_calligaris_skin_Calligaris_-_sedia_SKIN_nera_x_web.jpg","datePublished":"2012-02-22T15:00:00+00:00","dateModified":"2024-05-12T09:21:18+00:00","description":"Skin \u00e8 una sedia in polipropilene disegnata da Archirivolto per Calligaris e\u00a0realizzata in coiniezione di polipropilene a carica differenziata con l\u2019ausilio di tecnologia airmoulding.\u00a0","breadcrumb":{"@id":"https:\/\/socialdesignmagazine.com\/mag\/design\/calligaris-sedia-skin-anteprima-del-salone-del-mobile-2012-di-milano\/#breadcrumb"},"inLanguage":"it-IT","potentialAction":[{"@type":"ReadAction","target":["https:\/\/socialdesignmagazine.com\/mag\/design\/calligaris-sedia-skin-anteprima-del-salone-del-mobile-2012-di-milano\/"]}]},{"@type":"ImageObject","inLanguage":"it-IT","@id":"https:\/\/socialdesignmagazine.com\/mag\/design\/calligaris-sedia-skin-anteprima-del-salone-del-mobile-2012-di-milano\/#primaryimage","url":"https:\/\/socialdesignmagazine.com\/mag\/wp-content\/uploads\/2012\/02\/benedetto_calligaris_skin_Calligaris_-_sedia_SKIN_nera_x_web.jpg","contentUrl":"https:\/\/socialdesignmagazine.com\/mag\/wp-content\/uploads\/2012\/02\/benedetto_calligaris_skin_Calligaris_-_sedia_SKIN_nera_x_web.jpg","width":720,"height":510,"caption":"Calligaris_-_sedia_SKIN_nera_x_web"},{"@type":"BreadcrumbList","@id":"https:\/\/socialdesignmagazine.com\/mag\/design\/calligaris-sedia-skin-anteprima-del-salone-del-mobile-2012-di-milano\/#breadcrumb","itemListElement":[{"@type":"ListItem","position":1,"name":"Home","item":"https:\/\/socialdesignmagazine.com\/mag\/"},{"@type":"ListItem","position":2,"name":"Design","item":"https:\/\/socialdesignmagazine.com\/mag\/design\/"},{"@type":"ListItem","position":3,"name":"Calligaris \/ sedia SKIN, anteprima del Salone del Mobile 2012 di Milano"}]},{"@type":"WebSite","@id":"https:\/\/socialdesignmagazine.com\/mag\/#website","url":"https:\/\/socialdesignmagazine.com\/mag\/","name":"Social Design Magazine","description":"Social Magazine su Design, Architettura, Arte, Grafica","publisher":{"@id":"https:\/\/socialdesignmagazine.com\/mag\/#organization"},"potentialAction":[{"@type":"SearchAction","target":{"@type":"EntryPoint","urlTemplate":"https:\/\/socialdesignmagazine.com\/mag\/?s={search_term_string}"},"query-input":{"@type":"PropertyValueSpecification","valueRequired":true,"valueName":"search_term_string"}}],"inLanguage":"it-IT"},{"@type":"Organization","@id":"https:\/\/socialdesignmagazine.com\/mag\/#organization","name":"Social Design Magazine","url":"https:\/\/socialdesignmagazine.com\/mag\/","logo":{"@type":"ImageObject","inLanguage":"it-IT","@id":"https:\/\/socialdesignmagazine.com\/mag\/#\/schema\/logo\/image\/","url":"https:\/\/socialdesignmagazine.com\/mag\/wp-content\/uploads\/2017\/01\/logo_favicon_11.png","contentUrl":"https:\/\/socialdesignmagazine.com\/mag\/wp-content\/uploads\/2017\/01\/logo_favicon_11.png","width":1024,"height":1024,"caption":"Social Design Magazine"},"image":{"@id":"https:\/\/socialdesignmagazine.com\/mag\/#\/schema\/logo\/image\/"},"sameAs":["https:\/\/www.facebook.com\/socialdesignmag","https:\/\/x.com\/socialdesignmag","http:\/\/instagram.com\/social_design_magazine\/","http:\/\/pinterest.com\/socialdesignmag\/","http:\/\/www.youtube.com\/user\/socialdesignmagazine"]},{"@type":"Person","@id":"https:\/\/socialdesignmagazine.com\/mag\/#\/schema\/person\/61e20205cc363c315e6aabd33a045846","name":"Benedetto Fiori","image":{"@type":"ImageObject","inLanguage":"it-IT","@id":"https:\/\/secure.gravatar.com\/avatar\/450a48cefa36da63d920ad70aa660bd10725b1c6093800242e5efdb397759033?s=96&d=mm&r=g","url":"https:\/\/secure.gravatar.com\/avatar\/450a48cefa36da63d920ad70aa660bd10725b1c6093800242e5efdb397759033?s=96&d=mm&r=g","contentUrl":"https:\/\/secure.gravatar.com\/avatar\/450a48cefa36da63d920ad70aa660bd10725b1c6093800242e5efdb397759033?s=96&d=mm&r=g","caption":"Benedetto Fiori"},"description":"Web | Twitter | Facebook | Shutterstock Founder &amp; Editor in Chief di Social Design Magazine. Attratto da sempre da tutto ci\u00f2 che \u00e8 creativit\u00e0, design, architettura. Dopo aver studiato Architettura all'Universit\u00e0 di Firenze, si \u00e8 impegnato in molteplici campi: comunicazione grafica, progettazione di allestimenti fieristici, brand design, Interior Design.","sameAs":["http:\/\/benedettofiori.com","https:\/\/www.facebook.com\/benedettofiori","https:\/\/x.com\/benedettofiori"],"url":"https:\/\/socialdesignmagazine.com\/mag\/author\/benedetto\/"}]}},"jetpack_featured_media_url":"https:\/\/socialdesignmagazine.com\/mag\/wp-content\/uploads\/2012\/02\/benedetto_calligaris_skin_Calligaris_-_sedia_SKIN_nera_x_web.jpg","jetpack_sharing_enabled":true,"jetpack_shortlink":"https:\/\/wp.me\/p6cV7V-94","gt_translate_keys":[{"key":"link","format":"url"}],"_links":{"self":[{"href":"https:\/\/socialdesignmagazine.com\/mag\/wp-json\/wp\/v2\/posts\/562","targetHints":{"allow":["GET"]}}],"collection":[{"href":"https:\/\/socialdesignmagazine.com\/mag\/wp-json\/wp\/v2\/posts"}],"about":[{"href":"https:\/\/socialdesignmagazine.com\/mag\/wp-json\/wp\/v2\/types\/post"}],"author":[{"embeddable":true,"href":"https:\/\/socialdesignmagazine.com\/mag\/wp-json\/wp\/v2\/users\/1"}],"replies":[{"embeddable":true,"href":"https:\/\/socialdesignmagazine.com\/mag\/wp-json\/wp\/v2\/comments?post=562"}],"version-history":[{"count":1,"href":"https:\/\/socialdesignmagazine.com\/mag\/wp-json\/wp\/v2\/posts\/562\/revisions"}],"predecessor-version":[{"id":59652,"href":"https:\/\/socialdesignmagazine.com\/mag\/wp-json\/wp\/v2\/posts\/562\/revisions\/59652"}],"wp:featuredmedia":[{"embeddable":true,"href":"https:\/\/socialdesignmagazine.com\/mag\/wp-json\/wp\/v2\/media\/7201"}],"wp:attachment":[{"href":"https:\/\/socialdesignmagazine.com\/mag\/wp-json\/wp\/v2\/media?parent=562"}],"wp:term":[{"taxonomy":"category","embeddable":true,"href":"https:\/\/socialdesignmagazine.com\/mag\/wp-json\/wp\/v2\/categories?post=562"},{"taxonomy":"post_tag","embeddable":true,"href":"https:\/\/socialdesignmagazine.com\/mag\/wp-json\/wp\/v2\/tags?post=562"}],"curies":[{"name":"wp","href":"https:\/\/api.w.org\/{rel}","templated":true}]}}