{"id":563,"date":"2012-02-22T11:20:00","date_gmt":"2012-02-22T10:20:00","guid":{"rendered":"https:\/\/socialdesignmagazine.com\/mag\/s6-design\/c35-design\/patina-glamour-collection-e-le-cadre-collection-al-salone-del-mobile-2012\/"},"modified":"2024-05-12T11:20:25","modified_gmt":"2024-05-12T09:20:25","slug":"patina-glamour-collection-e-le-cadre-collection-al-salone-del-mobile-2012","status":"publish","type":"post","link":"https:\/\/socialdesignmagazine.com\/mag\/design\/patina-glamour-collection-e-le-cadre-collection-al-salone-del-mobile-2012\/","title":{"rendered":"Patina \/ Glamour Collection e Le Cadre Collection al Salone del Mobile 2012","gt_translate_keys":[{"key":"rendered","format":"text"}]},"content":{"rendered":"\n<p>In occasione del Salone del Mobile 2012 <strong>Patina<\/strong> presenta due nuove collezioni che sono il risultato di un processo di evoluzione importante.<\/p>\n\n\n\n<p>Dal 1985 Patina crea mobili ispirati alla tradizione del mobile italiano, affidandosi ad artigiani e decoratori capaci di riprodurre e ricreare capolavori in stile veneziano, usando tecniche e materiali rimasti immutati nel tempo. Negli anni l\u2019azienda ha ampliato le sue collezioni mantenendo per\u00f2 la passione per il \u201cbello e fatto ad arte\u201d, qualit\u00e0 riconosciuta da un numero sempre maggiore di estimatori nel mondo.<\/p>\n\n\n\n<p>Oggi Patina, con la direzione artistica dell\u2019Arch. <strong>Marco Conti<\/strong>, presenta una serie di nuove collezioni coerenti con la filosofia dell\u2019azienda in termini di qualit\u00e0, ma ispirate a suggestioni diverse.&nbsp;Mobili e complementi pieni di fascino, perfetti in ambientazioni classiche e adatti, anche a spazi pi\u00f9 semplici e minimali. Le due nuove linee si chiamano <strong>Glamour Collection e Le Cadre Collection<\/strong>.<\/p>\n\n\n\n<p><strong>Glamour Collection<\/strong> \u00e8 composta da tavoli, consolle, divani, poltrone, poltroncine da tavolo e complementi.&nbsp;Le proporzioni sono morbide e generose. Gli stilemi classici sono miscelati con una leggerezza e un\u2019ironia molto contemporanea.&nbsp;I colori, le patine e le laccature accurate e accattivanti rimandano a un mondo poetico, incantato e senza tempo.<\/p>\n\n\n<div class=\"wp-block-image\">\n<figure class=\"aligncenter\"><img loading=\"lazy\" decoding=\"async\" width=\"720\" height=\"540\" data-attachment-id=\"7204\" data-permalink=\"https:\/\/socialdesignmagazine.com\/mag\/design\/patina-glamour-collection-e-le-cadre-collection-al-salone-del-mobile-2012\/attachment\/glamour_poltroncina\/#content\" data-orig-file=\"https:\/\/socialdesignmagazine.com\/mag\/wp-content\/uploads\/2012\/02\/benedetto_patina_GLAMOUR_poltroncina.jpg\" data-orig-size=\"720,540\" data-comments-opened=\"1\" data-image-meta=\"{&quot;aperture&quot;:&quot;0&quot;,&quot;credit&quot;:&quot;&quot;,&quot;camera&quot;:&quot;&quot;,&quot;caption&quot;:&quot;&quot;,&quot;created_timestamp&quot;:&quot;0&quot;,&quot;copyright&quot;:&quot;&quot;,&quot;focal_length&quot;:&quot;0&quot;,&quot;iso&quot;:&quot;0&quot;,&quot;shutter_speed&quot;:&quot;0&quot;,&quot;title&quot;:&quot;&quot;,&quot;orientation&quot;:&quot;0&quot;}\" data-image-title=\"GLAMOUR_poltroncina\" data-image-description=\"\" data-image-caption=\"\" data-medium-file=\"https:\/\/socialdesignmagazine.com\/mag\/wp-content\/uploads\/2012\/02\/benedetto_patina_GLAMOUR_poltroncina-396x256.jpg\" data-large-file=\"https:\/\/socialdesignmagazine.com\/mag\/wp-content\/uploads\/2012\/02\/benedetto_patina_GLAMOUR_poltroncina.jpg\" src=\"https:\/\/socialdesignmagazine.com\/mag\/wp-content\/uploads\/2012\/02\/benedetto_patina_GLAMOUR_poltroncina.jpg\" alt=\"GLAMOUR_poltroncina\" class=\"wp-image-7204\"\/><\/figure>\n<\/div>\n\n<div class=\"wp-block-image\">\n<figure class=\"aligncenter\"><img loading=\"lazy\" decoding=\"async\" width=\"720\" height=\"540\" data-attachment-id=\"7205\" data-permalink=\"https:\/\/socialdesignmagazine.com\/mag\/design\/patina-glamour-collection-e-le-cadre-collection-al-salone-del-mobile-2012\/attachment\/glamour_consolle_con_specchio1\/#content\" data-orig-file=\"https:\/\/socialdesignmagazine.com\/mag\/wp-content\/uploads\/2012\/02\/benedetto_patina_GLAMOUR_consolle_con_specchio1.jpg\" data-orig-size=\"720,540\" data-comments-opened=\"1\" data-image-meta=\"{&quot;aperture&quot;:&quot;0&quot;,&quot;credit&quot;:&quot;&quot;,&quot;camera&quot;:&quot;&quot;,&quot;caption&quot;:&quot;&quot;,&quot;created_timestamp&quot;:&quot;0&quot;,&quot;copyright&quot;:&quot;&quot;,&quot;focal_length&quot;:&quot;0&quot;,&quot;iso&quot;:&quot;0&quot;,&quot;shutter_speed&quot;:&quot;0&quot;,&quot;title&quot;:&quot;&quot;,&quot;orientation&quot;:&quot;0&quot;}\" data-image-title=\"GLAMOUR_consolle_con_specchio1\" data-image-description=\"\" data-image-caption=\"\" data-medium-file=\"https:\/\/socialdesignmagazine.com\/mag\/wp-content\/uploads\/2012\/02\/benedetto_patina_GLAMOUR_consolle_con_specchio1-396x256.jpg\" data-large-file=\"https:\/\/socialdesignmagazine.com\/mag\/wp-content\/uploads\/2012\/02\/benedetto_patina_GLAMOUR_consolle_con_specchio1.jpg\" src=\"https:\/\/socialdesignmagazine.com\/mag\/wp-content\/uploads\/2012\/02\/benedetto_patina_GLAMOUR_consolle_con_specchio1.jpg\" alt=\"GLAMOUR_consolle_con_specchio1\" class=\"wp-image-7205\"\/><\/figure>\n<\/div>\n\n<div class=\"wp-block-image\">\n<figure class=\"aligncenter\"><img loading=\"lazy\" decoding=\"async\" width=\"720\" height=\"540\" data-attachment-id=\"7206\" data-permalink=\"https:\/\/socialdesignmagazine.com\/mag\/design\/patina-glamour-collection-e-le-cadre-collection-al-salone-del-mobile-2012\/attachment\/le_cadre_madia\/#content\" data-orig-file=\"https:\/\/socialdesignmagazine.com\/mag\/wp-content\/uploads\/2012\/02\/benedetto_patina_LE_CADRE_madia.jpg\" data-orig-size=\"720,540\" data-comments-opened=\"1\" data-image-meta=\"{&quot;aperture&quot;:&quot;0&quot;,&quot;credit&quot;:&quot;&quot;,&quot;camera&quot;:&quot;&quot;,&quot;caption&quot;:&quot;&quot;,&quot;created_timestamp&quot;:&quot;0&quot;,&quot;copyright&quot;:&quot;&quot;,&quot;focal_length&quot;:&quot;0&quot;,&quot;iso&quot;:&quot;0&quot;,&quot;shutter_speed&quot;:&quot;0&quot;,&quot;title&quot;:&quot;&quot;,&quot;orientation&quot;:&quot;0&quot;}\" data-image-title=\"LE_CADRE_madia\" data-image-description=\"\" data-image-caption=\"\" data-medium-file=\"https:\/\/socialdesignmagazine.com\/mag\/wp-content\/uploads\/2012\/02\/benedetto_patina_LE_CADRE_madia-396x256.jpg\" data-large-file=\"https:\/\/socialdesignmagazine.com\/mag\/wp-content\/uploads\/2012\/02\/benedetto_patina_LE_CADRE_madia.jpg\" src=\"https:\/\/socialdesignmagazine.com\/mag\/wp-content\/uploads\/2012\/02\/benedetto_patina_LE_CADRE_madia.jpg\" alt=\"LE_CADRE_madia\" class=\"wp-image-7206\"\/><\/figure>\n<\/div>\n\n\n<p><strong>Le Cadre Collection <\/strong>si ispira alla sofisticata epoca art dec\u00f2 ed \u00e8 composta da contenitori per la zona giorno e per la zona notte, tra cui una sofisticata e femminile petineuse, letti e complementi.&nbsp;La struttura dei mobili \u00e8 realizzata in legno naturale di Larice e pu\u00f2 essere laccata in diversi colori e finiture. Le forme sono arrotondate. I decori richiamano i fantasiosi e spettacolari motivi floreali delle decorazioni liberty.<\/p>\n\n\n<div class=\"wp-block-image\">\n<figure class=\"aligncenter\"><img loading=\"lazy\" decoding=\"async\" width=\"720\" height=\"540\" data-attachment-id=\"7207\" data-permalink=\"https:\/\/socialdesignmagazine.com\/mag\/design\/patina-glamour-collection-e-le-cadre-collection-al-salone-del-mobile-2012\/attachment\/le_cadre_petineuse\/#content\" data-orig-file=\"https:\/\/socialdesignmagazine.com\/mag\/wp-content\/uploads\/2012\/02\/benedetto_patina_LE_CADRE_petineuse.jpg\" data-orig-size=\"720,540\" data-comments-opened=\"1\" data-image-meta=\"{&quot;aperture&quot;:&quot;0&quot;,&quot;credit&quot;:&quot;&quot;,&quot;camera&quot;:&quot;&quot;,&quot;caption&quot;:&quot;&quot;,&quot;created_timestamp&quot;:&quot;0&quot;,&quot;copyright&quot;:&quot;&quot;,&quot;focal_length&quot;:&quot;0&quot;,&quot;iso&quot;:&quot;0&quot;,&quot;shutter_speed&quot;:&quot;0&quot;,&quot;title&quot;:&quot;&quot;,&quot;orientation&quot;:&quot;0&quot;}\" data-image-title=\"LE_CADRE_petineuse\" data-image-description=\"\" data-image-caption=\"\" data-medium-file=\"https:\/\/socialdesignmagazine.com\/mag\/wp-content\/uploads\/2012\/02\/benedetto_patina_LE_CADRE_petineuse-396x256.jpg\" data-large-file=\"https:\/\/socialdesignmagazine.com\/mag\/wp-content\/uploads\/2012\/02\/benedetto_patina_LE_CADRE_petineuse.jpg\" src=\"https:\/\/socialdesignmagazine.com\/mag\/wp-content\/uploads\/2012\/02\/benedetto_patina_LE_CADRE_petineuse.jpg\" alt=\"LE_CADRE_petineuse\" class=\"wp-image-7207\"\/><\/figure>\n<\/div>","protected":false,"gt_translate_keys":[{"key":"rendered","format":"html"}]},"excerpt":{"rendered":"<p>In occasione del Salone del Mobile 2012 Patina presenta due nuove collezioni che sono il risultato di un processo di evoluzione importante.<\/p>\n","protected":false,"gt_translate_keys":[{"key":"rendered","format":"html"}]},"author":1,"featured_media":7203,"comment_status":"open","ping_status":"open","sticky":false,"template":"","format":"standard","meta":{"jetpack_post_was_ever_published":false,"_jetpack_newsletter_access":"","_jetpack_dont_email_post_to_subs":false,"_jetpack_newsletter_tier_id":0,"_jetpack_memberships_contains_paywalled_content":false,"_jetpack_memberships_contains_paid_content":false,"footnotes":"","_wpscppro_dont_share_socialmedia":false,"_wpscppro_custom_social_share_image":0,"_facebook_share_type":"","_twitter_share_type":"","_linkedin_share_type":"","_pinterest_share_type":"","_linkedin_share_type_page":"","_instagram_share_type":"","_medium_share_type":"","_threads_share_type":"","_google_business_share_type":"","_selected_social_profile":[],"_wpsp_enable_custom_social_template":false,"_wpsp_social_scheduling":{"enabled":false,"datetime":null,"platforms":[],"status":"template_only","dateOption":"today","timeOption":"now","customDays":"","customHours":"","customDate":"","customTime":"","schedulingType":"absolute"},"_wpsp_active_default_template":true},"categories":[13],"tags":[1890,742,1889,1062,1866],"class_list":["post-563","post","type-post","status-publish","format-standard","has-post-thumbnail","hentry","category-design","tag-marco-conti","tag-mobili","tag-patina","tag-poltrona","tag-salone-del-mobile-2012-milano"],"yoast_head":"<!-- This site is optimized with the Yoast SEO plugin v27.2 - https:\/\/yoast.com\/product\/yoast-seo-wordpress\/ -->\n<title>Patina \/ Glamour Collection e Le Cadre Collection al Salone del Mobile 2012 - Social Design Magazine<\/title>\n<meta name=\"description\" content=\"In occasione del Salone del Mobile 2012 Patina presenta due nuove collezioni che sono il risultato di un processo di evoluzione importante.\" \/>\n<meta name=\"robots\" content=\"index, follow, max-snippet:-1, max-image-preview:large, max-video-preview:-1\" \/>\n<link rel=\"canonical\" href=\"https:\/\/socialdesignmagazine.com\/mag\/design\/patina-glamour-collection-e-le-cadre-collection-al-salone-del-mobile-2012\/\" \/>\n<meta property=\"og:locale\" content=\"it_IT\" \/>\n<meta property=\"og:type\" content=\"article\" \/>\n<meta property=\"og:title\" content=\"Patina \/ Glamour Collection e Le Cadre Collection al Salone del Mobile 2012 - Social Design Magazine\" \/>\n<meta property=\"og:description\" content=\"In occasione del Salone del Mobile 2012 Patina presenta due nuove collezioni che sono il risultato di un processo di evoluzione importante.\" \/>\n<meta property=\"og:url\" content=\"http:\/\/socialdesignmagazine.com\/mag\/design\/patina-glamour-collection-e-le-cadre-collection-al-salone-del-mobile-2012\/\" \/>\n<meta property=\"og:site_name\" content=\"Social Design Magazine\" \/>\n<meta property=\"article:publisher\" content=\"https:\/\/www.facebook.com\/socialdesignmag\" \/>\n<meta property=\"article:author\" content=\"https:\/\/www.facebook.com\/benedettofiori\" \/>\n<meta property=\"article:published_time\" content=\"2012-02-22T10:20:00+00:00\" \/>\n<meta property=\"article:modified_time\" content=\"2024-05-12T09:20:25+00:00\" \/>\n<meta property=\"og:image\" content=\"https:\/\/socialdesignmagazine.com\/mag\/wp-content\/uploads\/2012\/02\/benedetto_patina_GLAMOUR_divano.jpg\" \/>\n\t<meta property=\"og:image:width\" content=\"720\" \/>\n\t<meta property=\"og:image:height\" content=\"540\" \/>\n\t<meta property=\"og:image:type\" content=\"image\/jpeg\" \/>\n<meta name=\"author\" content=\"Benedetto Fiori\" \/>\n<meta name=\"twitter:card\" content=\"summary_large_image\" \/>\n<meta name=\"twitter:creator\" content=\"@benedettofiori\" \/>\n<meta name=\"twitter:site\" content=\"@socialdesignmag\" \/>\n<meta name=\"twitter:label1\" content=\"Scritto da\" \/>\n\t<meta name=\"twitter:data1\" content=\"Benedetto Fiori\" \/>\n\t<meta name=\"twitter:label2\" content=\"Tempo di lettura stimato\" \/>\n\t<meta name=\"twitter:data2\" content=\"3 minuti\" \/>\n<script type=\"application\/ld+json\" class=\"yoast-schema-graph\">{\"@context\":\"https:\/\/schema.org\",\"@graph\":[{\"@type\":\"Article\",\"@id\":\"https:\/\/socialdesignmagazine.com\/mag\/design\/patina-glamour-collection-e-le-cadre-collection-al-salone-del-mobile-2012\/#article\",\"isPartOf\":{\"@id\":\"https:\/\/socialdesignmagazine.com\/mag\/design\/patina-glamour-collection-e-le-cadre-collection-al-salone-del-mobile-2012\/\"},\"author\":{\"name\":\"Benedetto Fiori\",\"@id\":\"https:\/\/socialdesignmagazine.com\/mag\/#\/schema\/person\/61e20205cc363c315e6aabd33a045846\"},\"headline\":\"Patina \/ Glamour Collection e Le Cadre Collection al Salone del Mobile 2012\",\"datePublished\":\"2012-02-22T10:20:00+00:00\",\"dateModified\":\"2024-05-12T09:20:25+00:00\",\"mainEntityOfPage\":{\"@id\":\"https:\/\/socialdesignmagazine.com\/mag\/design\/patina-glamour-collection-e-le-cadre-collection-al-salone-del-mobile-2012\/\"},\"wordCount\":280,\"commentCount\":0,\"publisher\":{\"@id\":\"https:\/\/socialdesignmagazine.com\/mag\/#organization\"},\"image\":{\"@id\":\"https:\/\/socialdesignmagazine.com\/mag\/design\/patina-glamour-collection-e-le-cadre-collection-al-salone-del-mobile-2012\/#primaryimage\"},\"thumbnailUrl\":\"https:\/\/socialdesignmagazine.com\/mag\/wp-content\/uploads\/2012\/02\/benedetto_patina_GLAMOUR_divano.jpg\",\"keywords\":[\"marco conti\",\"mobili\",\"patina\",\"poltrona\",\"salone del mobile 2012 milano\"],\"articleSection\":[\"Design\"],\"inLanguage\":\"it-IT\",\"potentialAction\":[{\"@type\":\"CommentAction\",\"name\":\"Comment\",\"target\":[\"https:\/\/socialdesignmagazine.com\/mag\/design\/patina-glamour-collection-e-le-cadre-collection-al-salone-del-mobile-2012\/#respond\"]}]},{\"@type\":\"WebPage\",\"@id\":\"https:\/\/socialdesignmagazine.com\/mag\/design\/patina-glamour-collection-e-le-cadre-collection-al-salone-del-mobile-2012\/\",\"url\":\"https:\/\/socialdesignmagazine.com\/mag\/design\/patina-glamour-collection-e-le-cadre-collection-al-salone-del-mobile-2012\/\",\"name\":\"Patina \/ Glamour Collection e Le Cadre Collection al Salone del Mobile 2012 - Social Design Magazine\",\"isPartOf\":{\"@id\":\"https:\/\/socialdesignmagazine.com\/mag\/#website\"},\"primaryImageOfPage\":{\"@id\":\"https:\/\/socialdesignmagazine.com\/mag\/design\/patina-glamour-collection-e-le-cadre-collection-al-salone-del-mobile-2012\/#primaryimage\"},\"image\":{\"@id\":\"https:\/\/socialdesignmagazine.com\/mag\/design\/patina-glamour-collection-e-le-cadre-collection-al-salone-del-mobile-2012\/#primaryimage\"},\"thumbnailUrl\":\"https:\/\/socialdesignmagazine.com\/mag\/wp-content\/uploads\/2012\/02\/benedetto_patina_GLAMOUR_divano.jpg\",\"datePublished\":\"2012-02-22T10:20:00+00:00\",\"dateModified\":\"2024-05-12T09:20:25+00:00\",\"description\":\"In occasione del Salone del Mobile 2012 Patina presenta due nuove collezioni che sono il risultato di un processo di evoluzione importante.\",\"breadcrumb\":{\"@id\":\"https:\/\/socialdesignmagazine.com\/mag\/design\/patina-glamour-collection-e-le-cadre-collection-al-salone-del-mobile-2012\/#breadcrumb\"},\"inLanguage\":\"it-IT\",\"potentialAction\":[{\"@type\":\"ReadAction\",\"target\":[\"https:\/\/socialdesignmagazine.com\/mag\/design\/patina-glamour-collection-e-le-cadre-collection-al-salone-del-mobile-2012\/\"]}]},{\"@type\":\"ImageObject\",\"inLanguage\":\"it-IT\",\"@id\":\"https:\/\/socialdesignmagazine.com\/mag\/design\/patina-glamour-collection-e-le-cadre-collection-al-salone-del-mobile-2012\/#primaryimage\",\"url\":\"https:\/\/socialdesignmagazine.com\/mag\/wp-content\/uploads\/2012\/02\/benedetto_patina_GLAMOUR_divano.jpg\",\"contentUrl\":\"https:\/\/socialdesignmagazine.com\/mag\/wp-content\/uploads\/2012\/02\/benedetto_patina_GLAMOUR_divano.jpg\",\"width\":720,\"height\":540,\"caption\":\"GLAMOUR_divano\"},{\"@type\":\"BreadcrumbList\",\"@id\":\"https:\/\/socialdesignmagazine.com\/mag\/design\/patina-glamour-collection-e-le-cadre-collection-al-salone-del-mobile-2012\/#breadcrumb\",\"itemListElement\":[{\"@type\":\"ListItem\",\"position\":1,\"name\":\"Home\",\"item\":\"https:\/\/socialdesignmagazine.com\/mag\/\"},{\"@type\":\"ListItem\",\"position\":2,\"name\":\"Design\",\"item\":\"https:\/\/socialdesignmagazine.com\/mag\/design\/\"},{\"@type\":\"ListItem\",\"position\":3,\"name\":\"Patina \/ Glamour Collection e Le Cadre Collection al Salone del Mobile 2012\"}]},{\"@type\":\"WebSite\",\"@id\":\"https:\/\/socialdesignmagazine.com\/mag\/#website\",\"url\":\"https:\/\/socialdesignmagazine.com\/mag\/\",\"name\":\"Social Design Magazine\",\"description\":\"Social Magazine su Design, Architettura, Arte, Grafica\",\"publisher\":{\"@id\":\"https:\/\/socialdesignmagazine.com\/mag\/#organization\"},\"potentialAction\":[{\"@type\":\"SearchAction\",\"target\":{\"@type\":\"EntryPoint\",\"urlTemplate\":\"https:\/\/socialdesignmagazine.com\/mag\/?s={search_term_string}\"},\"query-input\":{\"@type\":\"PropertyValueSpecification\",\"valueRequired\":true,\"valueName\":\"search_term_string\"}}],\"inLanguage\":\"it-IT\"},{\"@type\":\"Organization\",\"@id\":\"https:\/\/socialdesignmagazine.com\/mag\/#organization\",\"name\":\"Social Design Magazine\",\"url\":\"https:\/\/socialdesignmagazine.com\/mag\/\",\"logo\":{\"@type\":\"ImageObject\",\"inLanguage\":\"it-IT\",\"@id\":\"https:\/\/socialdesignmagazine.com\/mag\/#\/schema\/logo\/image\/\",\"url\":\"https:\/\/socialdesignmagazine.com\/mag\/wp-content\/uploads\/2017\/01\/logo_favicon_11.png\",\"contentUrl\":\"https:\/\/socialdesignmagazine.com\/mag\/wp-content\/uploads\/2017\/01\/logo_favicon_11.png\",\"width\":1024,\"height\":1024,\"caption\":\"Social Design Magazine\"},\"image\":{\"@id\":\"https:\/\/socialdesignmagazine.com\/mag\/#\/schema\/logo\/image\/\"},\"sameAs\":[\"https:\/\/www.facebook.com\/socialdesignmag\",\"https:\/\/x.com\/socialdesignmag\",\"http:\/\/instagram.com\/social_design_magazine\/\",\"http:\/\/pinterest.com\/socialdesignmag\/\",\"http:\/\/www.youtube.com\/user\/socialdesignmagazine\"]},{\"@type\":\"Person\",\"@id\":\"https:\/\/socialdesignmagazine.com\/mag\/#\/schema\/person\/61e20205cc363c315e6aabd33a045846\",\"name\":\"Benedetto Fiori\",\"image\":{\"@type\":\"ImageObject\",\"inLanguage\":\"it-IT\",\"@id\":\"https:\/\/secure.gravatar.com\/avatar\/450a48cefa36da63d920ad70aa660bd10725b1c6093800242e5efdb397759033?s=96&d=mm&r=g\",\"url\":\"https:\/\/secure.gravatar.com\/avatar\/450a48cefa36da63d920ad70aa660bd10725b1c6093800242e5efdb397759033?s=96&d=mm&r=g\",\"contentUrl\":\"https:\/\/secure.gravatar.com\/avatar\/450a48cefa36da63d920ad70aa660bd10725b1c6093800242e5efdb397759033?s=96&d=mm&r=g\",\"caption\":\"Benedetto Fiori\"},\"description\":\"Web | Twitter | Facebook | Shutterstock Founder &amp; Editor in Chief di Social Design Magazine. Attratto da sempre da tutto ci\u00f2 che \u00e8 creativit\u00e0, design, architettura. Dopo aver studiato Architettura all'Universit\u00e0 di Firenze, si \u00e8 impegnato in molteplici campi: comunicazione grafica, progettazione di allestimenti fieristici, brand design, Interior Design.\",\"sameAs\":[\"http:\/\/benedettofiori.com\",\"https:\/\/www.facebook.com\/benedettofiori\",\"https:\/\/x.com\/benedettofiori\"],\"url\":\"https:\/\/socialdesignmagazine.com\/mag\/author\/benedetto\/\"}]}<\/script>\n<!-- \/ Yoast SEO plugin. -->","yoast_head_json":{"title":"Patina \/ Glamour Collection e Le Cadre Collection al Salone del Mobile 2012 - Social Design Magazine","description":"In occasione del Salone del Mobile 2012 Patina presenta due nuove collezioni che sono il risultato di un processo di evoluzione importante.","robots":{"index":"index","follow":"follow","max-snippet":"max-snippet:-1","max-image-preview":"max-image-preview:large","max-video-preview":"max-video-preview:-1"},"canonical":"https:\/\/socialdesignmagazine.com\/mag\/design\/patina-glamour-collection-e-le-cadre-collection-al-salone-del-mobile-2012\/","og_locale":"it_IT","og_type":"article","og_title":"Patina \/ Glamour Collection e Le Cadre Collection al Salone del Mobile 2012 - Social Design Magazine","og_description":"In occasione del Salone del Mobile 2012 Patina presenta due nuove collezioni che sono il risultato di un processo di evoluzione importante.","og_url":"http:\/\/socialdesignmagazine.com\/mag\/design\/patina-glamour-collection-e-le-cadre-collection-al-salone-del-mobile-2012\/","og_site_name":"Social Design Magazine","article_publisher":"https:\/\/www.facebook.com\/socialdesignmag","article_author":"https:\/\/www.facebook.com\/benedettofiori","article_published_time":"2012-02-22T10:20:00+00:00","article_modified_time":"2024-05-12T09:20:25+00:00","og_image":[{"width":720,"height":540,"url":"https:\/\/socialdesignmagazine.com\/mag\/wp-content\/uploads\/2012\/02\/benedetto_patina_GLAMOUR_divano.jpg","type":"image\/jpeg"}],"author":"Benedetto Fiori","twitter_card":"summary_large_image","twitter_creator":"@benedettofiori","twitter_site":"@socialdesignmag","twitter_misc":{"Scritto da":"Benedetto Fiori","Tempo di lettura stimato":"3 minuti"},"schema":{"@context":"https:\/\/schema.org","@graph":[{"@type":"Article","@id":"https:\/\/socialdesignmagazine.com\/mag\/design\/patina-glamour-collection-e-le-cadre-collection-al-salone-del-mobile-2012\/#article","isPartOf":{"@id":"https:\/\/socialdesignmagazine.com\/mag\/design\/patina-glamour-collection-e-le-cadre-collection-al-salone-del-mobile-2012\/"},"author":{"name":"Benedetto Fiori","@id":"https:\/\/socialdesignmagazine.com\/mag\/#\/schema\/person\/61e20205cc363c315e6aabd33a045846"},"headline":"Patina \/ Glamour Collection e Le Cadre Collection al Salone del Mobile 2012","datePublished":"2012-02-22T10:20:00+00:00","dateModified":"2024-05-12T09:20:25+00:00","mainEntityOfPage":{"@id":"https:\/\/socialdesignmagazine.com\/mag\/design\/patina-glamour-collection-e-le-cadre-collection-al-salone-del-mobile-2012\/"},"wordCount":280,"commentCount":0,"publisher":{"@id":"https:\/\/socialdesignmagazine.com\/mag\/#organization"},"image":{"@id":"https:\/\/socialdesignmagazine.com\/mag\/design\/patina-glamour-collection-e-le-cadre-collection-al-salone-del-mobile-2012\/#primaryimage"},"thumbnailUrl":"https:\/\/socialdesignmagazine.com\/mag\/wp-content\/uploads\/2012\/02\/benedetto_patina_GLAMOUR_divano.jpg","keywords":["marco conti","mobili","patina","poltrona","salone del mobile 2012 milano"],"articleSection":["Design"],"inLanguage":"it-IT","potentialAction":[{"@type":"CommentAction","name":"Comment","target":["https:\/\/socialdesignmagazine.com\/mag\/design\/patina-glamour-collection-e-le-cadre-collection-al-salone-del-mobile-2012\/#respond"]}]},{"@type":"WebPage","@id":"https:\/\/socialdesignmagazine.com\/mag\/design\/patina-glamour-collection-e-le-cadre-collection-al-salone-del-mobile-2012\/","url":"https:\/\/socialdesignmagazine.com\/mag\/design\/patina-glamour-collection-e-le-cadre-collection-al-salone-del-mobile-2012\/","name":"Patina \/ Glamour Collection e Le Cadre Collection al Salone del Mobile 2012 - Social Design Magazine","isPartOf":{"@id":"https:\/\/socialdesignmagazine.com\/mag\/#website"},"primaryImageOfPage":{"@id":"https:\/\/socialdesignmagazine.com\/mag\/design\/patina-glamour-collection-e-le-cadre-collection-al-salone-del-mobile-2012\/#primaryimage"},"image":{"@id":"https:\/\/socialdesignmagazine.com\/mag\/design\/patina-glamour-collection-e-le-cadre-collection-al-salone-del-mobile-2012\/#primaryimage"},"thumbnailUrl":"https:\/\/socialdesignmagazine.com\/mag\/wp-content\/uploads\/2012\/02\/benedetto_patina_GLAMOUR_divano.jpg","datePublished":"2012-02-22T10:20:00+00:00","dateModified":"2024-05-12T09:20:25+00:00","description":"In occasione del Salone del Mobile 2012 Patina presenta due nuove collezioni che sono il risultato di un processo di evoluzione importante.","breadcrumb":{"@id":"https:\/\/socialdesignmagazine.com\/mag\/design\/patina-glamour-collection-e-le-cadre-collection-al-salone-del-mobile-2012\/#breadcrumb"},"inLanguage":"it-IT","potentialAction":[{"@type":"ReadAction","target":["https:\/\/socialdesignmagazine.com\/mag\/design\/patina-glamour-collection-e-le-cadre-collection-al-salone-del-mobile-2012\/"]}]},{"@type":"ImageObject","inLanguage":"it-IT","@id":"https:\/\/socialdesignmagazine.com\/mag\/design\/patina-glamour-collection-e-le-cadre-collection-al-salone-del-mobile-2012\/#primaryimage","url":"https:\/\/socialdesignmagazine.com\/mag\/wp-content\/uploads\/2012\/02\/benedetto_patina_GLAMOUR_divano.jpg","contentUrl":"https:\/\/socialdesignmagazine.com\/mag\/wp-content\/uploads\/2012\/02\/benedetto_patina_GLAMOUR_divano.jpg","width":720,"height":540,"caption":"GLAMOUR_divano"},{"@type":"BreadcrumbList","@id":"https:\/\/socialdesignmagazine.com\/mag\/design\/patina-glamour-collection-e-le-cadre-collection-al-salone-del-mobile-2012\/#breadcrumb","itemListElement":[{"@type":"ListItem","position":1,"name":"Home","item":"https:\/\/socialdesignmagazine.com\/mag\/"},{"@type":"ListItem","position":2,"name":"Design","item":"https:\/\/socialdesignmagazine.com\/mag\/design\/"},{"@type":"ListItem","position":3,"name":"Patina \/ Glamour Collection e Le Cadre Collection al Salone del Mobile 2012"}]},{"@type":"WebSite","@id":"https:\/\/socialdesignmagazine.com\/mag\/#website","url":"https:\/\/socialdesignmagazine.com\/mag\/","name":"Social Design Magazine","description":"Social Magazine su Design, Architettura, Arte, Grafica","publisher":{"@id":"https:\/\/socialdesignmagazine.com\/mag\/#organization"},"potentialAction":[{"@type":"SearchAction","target":{"@type":"EntryPoint","urlTemplate":"https:\/\/socialdesignmagazine.com\/mag\/?s={search_term_string}"},"query-input":{"@type":"PropertyValueSpecification","valueRequired":true,"valueName":"search_term_string"}}],"inLanguage":"it-IT"},{"@type":"Organization","@id":"https:\/\/socialdesignmagazine.com\/mag\/#organization","name":"Social Design Magazine","url":"https:\/\/socialdesignmagazine.com\/mag\/","logo":{"@type":"ImageObject","inLanguage":"it-IT","@id":"https:\/\/socialdesignmagazine.com\/mag\/#\/schema\/logo\/image\/","url":"https:\/\/socialdesignmagazine.com\/mag\/wp-content\/uploads\/2017\/01\/logo_favicon_11.png","contentUrl":"https:\/\/socialdesignmagazine.com\/mag\/wp-content\/uploads\/2017\/01\/logo_favicon_11.png","width":1024,"height":1024,"caption":"Social Design Magazine"},"image":{"@id":"https:\/\/socialdesignmagazine.com\/mag\/#\/schema\/logo\/image\/"},"sameAs":["https:\/\/www.facebook.com\/socialdesignmag","https:\/\/x.com\/socialdesignmag","http:\/\/instagram.com\/social_design_magazine\/","http:\/\/pinterest.com\/socialdesignmag\/","http:\/\/www.youtube.com\/user\/socialdesignmagazine"]},{"@type":"Person","@id":"https:\/\/socialdesignmagazine.com\/mag\/#\/schema\/person\/61e20205cc363c315e6aabd33a045846","name":"Benedetto Fiori","image":{"@type":"ImageObject","inLanguage":"it-IT","@id":"https:\/\/secure.gravatar.com\/avatar\/450a48cefa36da63d920ad70aa660bd10725b1c6093800242e5efdb397759033?s=96&d=mm&r=g","url":"https:\/\/secure.gravatar.com\/avatar\/450a48cefa36da63d920ad70aa660bd10725b1c6093800242e5efdb397759033?s=96&d=mm&r=g","contentUrl":"https:\/\/secure.gravatar.com\/avatar\/450a48cefa36da63d920ad70aa660bd10725b1c6093800242e5efdb397759033?s=96&d=mm&r=g","caption":"Benedetto Fiori"},"description":"Web | Twitter | Facebook | Shutterstock Founder &amp; Editor in Chief di Social Design Magazine. Attratto da sempre da tutto ci\u00f2 che \u00e8 creativit\u00e0, design, architettura. Dopo aver studiato Architettura all'Universit\u00e0 di Firenze, si \u00e8 impegnato in molteplici campi: comunicazione grafica, progettazione di allestimenti fieristici, brand design, Interior Design.","sameAs":["http:\/\/benedettofiori.com","https:\/\/www.facebook.com\/benedettofiori","https:\/\/x.com\/benedettofiori"],"url":"https:\/\/socialdesignmagazine.com\/mag\/author\/benedetto\/"}]}},"jetpack_featured_media_url":"https:\/\/socialdesignmagazine.com\/mag\/wp-content\/uploads\/2012\/02\/benedetto_patina_GLAMOUR_divano.jpg","jetpack_sharing_enabled":true,"jetpack_shortlink":"https:\/\/wp.me\/p6cV7V-95","gt_translate_keys":[{"key":"link","format":"url"}],"_links":{"self":[{"href":"https:\/\/socialdesignmagazine.com\/mag\/wp-json\/wp\/v2\/posts\/563","targetHints":{"allow":["GET"]}}],"collection":[{"href":"https:\/\/socialdesignmagazine.com\/mag\/wp-json\/wp\/v2\/posts"}],"about":[{"href":"https:\/\/socialdesignmagazine.com\/mag\/wp-json\/wp\/v2\/types\/post"}],"author":[{"embeddable":true,"href":"https:\/\/socialdesignmagazine.com\/mag\/wp-json\/wp\/v2\/users\/1"}],"replies":[{"embeddable":true,"href":"https:\/\/socialdesignmagazine.com\/mag\/wp-json\/wp\/v2\/comments?post=563"}],"version-history":[{"count":1,"href":"https:\/\/socialdesignmagazine.com\/mag\/wp-json\/wp\/v2\/posts\/563\/revisions"}],"predecessor-version":[{"id":59651,"href":"https:\/\/socialdesignmagazine.com\/mag\/wp-json\/wp\/v2\/posts\/563\/revisions\/59651"}],"wp:featuredmedia":[{"embeddable":true,"href":"https:\/\/socialdesignmagazine.com\/mag\/wp-json\/wp\/v2\/media\/7203"}],"wp:attachment":[{"href":"https:\/\/socialdesignmagazine.com\/mag\/wp-json\/wp\/v2\/media?parent=563"}],"wp:term":[{"taxonomy":"category","embeddable":true,"href":"https:\/\/socialdesignmagazine.com\/mag\/wp-json\/wp\/v2\/categories?post=563"},{"taxonomy":"post_tag","embeddable":true,"href":"https:\/\/socialdesignmagazine.com\/mag\/wp-json\/wp\/v2\/tags?post=563"}],"curies":[{"name":"wp","href":"https:\/\/api.w.org\/{rel}","templated":true}]}}