{"id":58304,"date":"2024-04-25T12:13:00","date_gmt":"2024-04-25T10:13:00","guid":{"rendered":"https:\/\/socialdesignmagazine.com\/mag\/?p=58304"},"modified":"2024-04-23T15:23:46","modified_gmt":"2024-04-23T13:23:46","slug":"casa-ulia-lincontro-tra-tradizione-e-modernita-sostenibile-nel-cuore-del-salento","status":"publish","type":"post","link":"https:\/\/socialdesignmagazine.com\/mag\/architettura\/casa-ulia-lincontro-tra-tradizione-e-modernita-sostenibile-nel-cuore-del-salento\/","title":{"rendered":"Casa Ul\u00eca: L&#8217;incontro tra tradizione e modernit\u00e0 sostenibile nel cuore del Salento","gt_translate_keys":[{"key":"rendered","format":"text"}]},"content":{"rendered":"\n<h2 class=\"wp-block-heading\">Nel cuore della suggestiva campagna salentina, dove gli ulivi secolari e la tradizione agricola si fondono armoniosamente con le esigenze della vita moderna, sorge Casa Ul\u00eca, un&#8217;autentica casa-scrigno immersa nel paesaggio rurale, presentata da Margine.<\/h2>\n\n\n\n<p>Situata in un&#8217;area rinomata per la produzione di olio e l&#8217;allevamento di ovini, Casa Ul\u00eca \u00e8 il risultato di un progetto mirato a offrire una residenza unifamiliare in stile mediterraneo, pensata per una giovane coppia: lui imprenditore edile, lei professoressa. La loro aspirazione era quella di creare un&#8217;oasi di pace, dotata di tutti i comfort, a pochi chilometri da Lecce.<\/p>\n\n\n\n<p>La villa si distingue per il suo design che si integra perfettamente con il paesaggio circostante. Il volume scultoreo bianco della casa, accostato agli ulivi secolari, si apre al panorama attraverso ampie vetrate, fondendo gli interni con l&#8217;esterno in un connubio armonioso. La scelta della pietra locale Leccese per la pavimentazione esterna e le finiture dei prospetti richiama la tradizione architettonica della regione, conferendo un carattere autentico e vernacolare alla dimora.<\/p>\n\n\n\n<p>Casa Ul\u00eca si sviluppa su due livelli, sfruttando uno spazio ipogeo per mantenere una distribuzione orizzontale. Il piano terra accoglie la zona giorno, caratterizzata da uno spazio aperto, luminoso e accogliente, mentre l&#8217;interrato ospita una sala per eventi privati, una SPA, il garage e un locale tecnico, illuminati da due patii ribassati.<\/p>\n\n\n\n<p>Gli interni della zona giorno sono caratterizzati da boiserie in legno di rovere che conferiscono calore agli ambienti. La cucina, definita da un&#8217;isola e da una vetrata incisa nella boiserie che inquadra il paesaggio, sembra immergersi nella natura circostante. Grandi vetrate panoramiche permettono un facile accesso al giardino, mentre un pergolato scherma la veranda esterna, ideale per pranzi all&#8217;aperto durante l&#8217;estate.<\/p>\n\n\n\n<p>Il cuore della casa \u00e8 rappresentato da un grande camino centrale che unisce la zona pranzo e living, creando un&#8217;atmosfera accogliente e conviviale. La zona notte, separata dalla zona giorno da un disimpegno attrezzato con un elegante armadio a muro, offre una camera padronale caratterizzata dalle stesse boiserie in rovere, che integrano funzionalit\u00e0 e design con discrezione ed eleganza.<\/p>\n\n\n\n<p>Gli interni di Casa Ul\u00eca si distinguono per le linee essenziali e l&#8217;uso raffinato dei materiali, con intonaci bianchi e pavimenti in gres effetto pietra che conferiscono un&#8217;atmosfera contemporanea e luminosa agli ambienti. Le falegnamerie su misura, realizzate da artigiani locali, presentano pannellature in rovere che contribuiscono a riscaldare gli ambienti interni.<\/p>\n\n\n\n<p>Gli arredi, attentamente selezionati per integrarsi armoniosamente con lo stile della casa, contribuiscono a creare un ambiente accogliente e raffinato. La scelta di soluzioni tecnologiche avanzate, come l&#8217;impianto fotovoltaico con batterie di accumulo e l&#8217;utilizzo di pompe di calore per il riscaldamento e il raffrescamento, testimonia l&#8217;impegno di Casa Ul\u00eca verso l&#8217;efficienza energetica e l&#8217;uso delle energie rinnovabili, rispondendo alle pi\u00f9 recenti direttive europee sull&#8217;edilizia sostenibile.<\/p>\n\n\n\n<p>In definitiva, Casa Ul\u00eca rappresenta un esempio di come sia possibile coniugare tradizione e modernit\u00e0, creando una dimora che si integra perfettamente nel contesto naturale e culturale del Salento, reinterpretando in chiave contemporanea il concetto di architettura vernacolare. Un vero e proprio scrigno di bellezza e comfort, immerso nella suggestiva campagna salentina.<\/p>\n\n\n\n<figure class=\"wp-block-gallery has-nested-images columns-1 is-cropped wp-block-gallery-1 is-layout-flex wp-block-gallery-is-layout-flex\">\n<figure class=\"wp-block-image size-large\"><img loading=\"lazy\" decoding=\"async\" width=\"1024\" height=\"794\" data-attachment-id=\"58356\" data-permalink=\"https:\/\/socialdesignmagazine.com\/mag\/architettura\/casa-ulia-lincontro-tra-tradizione-e-modernita-sostenibile-nel-cuore-del-salento\/attachment\/vista-esterna-prospetto-sud-est-marcello-mariana\/#content\" data-orig-file=\"https:\/\/socialdesignmagazine.com\/mag\/wp-content\/uploads\/2024\/04\/01_Margine_Casa-Ulia-\u00a9Marcello-Mariana.jpg\" data-orig-size=\"1200,930\" data-comments-opened=\"1\" data-image-meta=\"{&quot;aperture&quot;:&quot;0&quot;,&quot;credit&quot;:&quot;&quot;,&quot;camera&quot;:&quot;&quot;,&quot;caption&quot;:&quot;Vista esterna, prospetto Sud \/ Est.\\n\\u00a9Marcello Mariana&quot;,&quot;created_timestamp&quot;:&quot;0&quot;,&quot;copyright&quot;:&quot;&quot;,&quot;focal_length&quot;:&quot;0&quot;,&quot;iso&quot;:&quot;0&quot;,&quot;shutter_speed&quot;:&quot;0&quot;,&quot;title&quot;:&quot;Vista esterna, prospetto Sud \/ Est.\\n\\u00a9Marcello Mariana&quot;,&quot;orientation&quot;:&quot;0&quot;}\" data-image-title=\"Vista esterna, prospetto Sud \/ Est.\u00a9Marcello Mariana\" data-image-description=\"\" data-image-caption=\"&lt;p&gt;Vista esterna, prospetto Sud \/ Est.&lt;br \/&gt;\n\u00a9Marcello Mariana&lt;\/p&gt;\n\" data-medium-file=\"https:\/\/socialdesignmagazine.com\/mag\/wp-content\/uploads\/2024\/04\/01_Margine_Casa-Ulia-\u00a9Marcello-Mariana-438x283.jpg\" data-large-file=\"https:\/\/socialdesignmagazine.com\/mag\/wp-content\/uploads\/2024\/04\/01_Margine_Casa-Ulia-\u00a9Marcello-Mariana-1024x794.jpg\" data-id=\"58356\" src=\"https:\/\/socialdesignmagazine.com\/mag\/wp-content\/uploads\/2024\/04\/01_Margine_Casa-Ulia-\u00a9Marcello-Mariana-1024x794.jpg\" alt=\"Vista esterna, prospetto Sud \/ Est.\n\u00a9Marcello Mariana\" class=\"wp-image-58356\" srcset=\"https:\/\/socialdesignmagazine.com\/mag\/wp-content\/uploads\/2024\/04\/01_Margine_Casa-Ulia-\u00a9Marcello-Mariana-1024x794.jpg 1024w, https:\/\/socialdesignmagazine.com\/mag\/wp-content\/uploads\/2024\/04\/01_Margine_Casa-Ulia-\u00a9Marcello-Mariana-768x595.jpg 768w, https:\/\/socialdesignmagazine.com\/mag\/wp-content\/uploads\/2024\/04\/01_Margine_Casa-Ulia-\u00a9Marcello-Mariana.jpg 1200w\" sizes=\"auto, (max-width: 1024px) 100vw, 1024px\" \/><figcaption class=\"wp-element-caption\">Vista esterna, prospetto Sud \/ Est.\n\u00a9Marcello Mariana<\/figcaption><\/figure>\n\n\n\n<figure class=\"wp-block-image size-large\"><img loading=\"lazy\" decoding=\"async\" width=\"1024\" height=\"819\" data-attachment-id=\"58359\" data-permalink=\"https:\/\/socialdesignmagazine.com\/mag\/architettura\/casa-ulia-lincontro-tra-tradizione-e-modernita-sostenibile-nel-cuore-del-salento\/attachment\/vista-esterna-serale-prospetto-sud-est-marcello-mariana\/#content\" data-orig-file=\"https:\/\/socialdesignmagazine.com\/mag\/wp-content\/uploads\/2024\/04\/02_Margine_Casa-Ulia-\u00a9Marcello-Mariana.jpg\" data-orig-size=\"1200,960\" data-comments-opened=\"1\" data-image-meta=\"{&quot;aperture&quot;:&quot;0&quot;,&quot;credit&quot;:&quot;&quot;,&quot;camera&quot;:&quot;&quot;,&quot;caption&quot;:&quot;Vista esterna serale, prospetto Sud \/ Est.\\n\\u00a9Marcello Mariana&quot;,&quot;created_timestamp&quot;:&quot;0&quot;,&quot;copyright&quot;:&quot;&quot;,&quot;focal_length&quot;:&quot;0&quot;,&quot;iso&quot;:&quot;0&quot;,&quot;shutter_speed&quot;:&quot;0&quot;,&quot;title&quot;:&quot;Vista esterna serale, prospetto Sud \/ Est.\\n\\u00a9Marcello Mariana&quot;,&quot;orientation&quot;:&quot;0&quot;}\" data-image-title=\"Vista esterna serale, prospetto Sud \/ Est.\u00a9Marcello Mariana\" data-image-description=\"\" data-image-caption=\"&lt;p&gt;Vista esterna serale, prospetto Sud \/ Est.&lt;br \/&gt;\n\u00a9Marcello Mariana&lt;\/p&gt;\n\" data-medium-file=\"https:\/\/socialdesignmagazine.com\/mag\/wp-content\/uploads\/2024\/04\/02_Margine_Casa-Ulia-\u00a9Marcello-Mariana-438x283.jpg\" data-large-file=\"https:\/\/socialdesignmagazine.com\/mag\/wp-content\/uploads\/2024\/04\/02_Margine_Casa-Ulia-\u00a9Marcello-Mariana-1024x819.jpg\" data-id=\"58359\" src=\"https:\/\/socialdesignmagazine.com\/mag\/wp-content\/uploads\/2024\/04\/02_Margine_Casa-Ulia-\u00a9Marcello-Mariana-1024x819.jpg\" alt=\"Vista esterna serale, prospetto Sud \/ Est.\n\u00a9Marcello Mariana\" class=\"wp-image-58359\" srcset=\"https:\/\/socialdesignmagazine.com\/mag\/wp-content\/uploads\/2024\/04\/02_Margine_Casa-Ulia-\u00a9Marcello-Mariana-1024x819.jpg 1024w, https:\/\/socialdesignmagazine.com\/mag\/wp-content\/uploads\/2024\/04\/02_Margine_Casa-Ulia-\u00a9Marcello-Mariana-768x614.jpg 768w, https:\/\/socialdesignmagazine.com\/mag\/wp-content\/uploads\/2024\/04\/02_Margine_Casa-Ulia-\u00a9Marcello-Mariana.jpg 1200w\" sizes=\"auto, (max-width: 1024px) 100vw, 1024px\" \/><figcaption class=\"wp-element-caption\">Vista esterna serale, prospetto Sud \/ Est.\n\u00a9Marcello Mariana<\/figcaption><\/figure>\n\n\n\n<figure class=\"wp-block-image size-large\"><img loading=\"lazy\" decoding=\"async\" width=\"1024\" height=\"1237\" data-attachment-id=\"58374\" data-permalink=\"https:\/\/socialdesignmagazine.com\/mag\/architettura\/casa-ulia-lincontro-tra-tradizione-e-modernita-sostenibile-nel-cuore-del-salento\/attachment\/vista-esterna-prospetto-sud-est-marcello-mariana-2\/#content\" data-orig-file=\"https:\/\/socialdesignmagazine.com\/mag\/wp-content\/uploads\/2024\/04\/03_Margine_Casa-Ulia-\u00a9Marcello-Mariana.jpg\" data-orig-size=\"1200,1450\" data-comments-opened=\"1\" data-image-meta=\"{&quot;aperture&quot;:&quot;0&quot;,&quot;credit&quot;:&quot;&quot;,&quot;camera&quot;:&quot;&quot;,&quot;caption&quot;:&quot;Vista esterna, prospetto Sud \/ Est.\\n\\u00a9Marcello Mariana&quot;,&quot;created_timestamp&quot;:&quot;0&quot;,&quot;copyright&quot;:&quot;&quot;,&quot;focal_length&quot;:&quot;0&quot;,&quot;iso&quot;:&quot;0&quot;,&quot;shutter_speed&quot;:&quot;0&quot;,&quot;title&quot;:&quot;Vista esterna, prospetto Sud \/ Est.\\n\\u00a9Marcello Mariana&quot;,&quot;orientation&quot;:&quot;0&quot;}\" data-image-title=\"Vista esterna, prospetto Sud \/ Est.\n\u00a9Marcello Mariana\" data-image-description=\"\" data-image-caption=\"&lt;p&gt;Vista esterna, prospetto Sud \/ Est.&lt;br \/&gt;\n\u00a9Marcello Mariana&lt;\/p&gt;\n\" data-medium-file=\"https:\/\/socialdesignmagazine.com\/mag\/wp-content\/uploads\/2024\/04\/03_Margine_Casa-Ulia-\u00a9Marcello-Mariana-438x283.jpg\" data-large-file=\"https:\/\/socialdesignmagazine.com\/mag\/wp-content\/uploads\/2024\/04\/03_Margine_Casa-Ulia-\u00a9Marcello-Mariana-1024x1237.jpg\" data-id=\"58374\" src=\"https:\/\/socialdesignmagazine.com\/mag\/wp-content\/uploads\/2024\/04\/03_Margine_Casa-Ulia-\u00a9Marcello-Mariana-1024x1237.jpg\" alt=\"Vista esterna, prospetto Sud \/ Est.\n\u00a9Marcello Mariana\" class=\"wp-image-58374\" srcset=\"https:\/\/socialdesignmagazine.com\/mag\/wp-content\/uploads\/2024\/04\/03_Margine_Casa-Ulia-\u00a9Marcello-Mariana-1024x1237.jpg 1024w, https:\/\/socialdesignmagazine.com\/mag\/wp-content\/uploads\/2024\/04\/03_Margine_Casa-Ulia-\u00a9Marcello-Mariana-768x928.jpg 768w, https:\/\/socialdesignmagazine.com\/mag\/wp-content\/uploads\/2024\/04\/03_Margine_Casa-Ulia-\u00a9Marcello-Mariana.jpg 1200w\" sizes=\"auto, (max-width: 1024px) 100vw, 1024px\" \/><figcaption class=\"wp-element-caption\">Vista esterna, prospetto Sud \/ Est.\n\u00a9Marcello Mariana<\/figcaption><\/figure>\n\n\n\n<figure class=\"wp-block-image size-large\"><img loading=\"lazy\" decoding=\"async\" width=\"1024\" height=\"1258\" data-attachment-id=\"58372\" data-permalink=\"https:\/\/socialdesignmagazine.com\/mag\/architettura\/casa-ulia-lincontro-tra-tradizione-e-modernita-sostenibile-nel-cuore-del-salento\/attachment\/vista-esterna-prospetto-sud-est-gelosia-e-ingresso-marcello-mariana-2\/#content\" data-orig-file=\"https:\/\/socialdesignmagazine.com\/mag\/wp-content\/uploads\/2024\/04\/04_Margine_Casa-Ulia-\u00a9Marcello-Mariana.jpg\" data-orig-size=\"1200,1474\" data-comments-opened=\"1\" data-image-meta=\"{&quot;aperture&quot;:&quot;0&quot;,&quot;credit&quot;:&quot;&quot;,&quot;camera&quot;:&quot;&quot;,&quot;caption&quot;:&quot;Vista esterna, prospetto Sud \/ Est, gelosia e ingresso.\\n\\u00a9Marcello Mariana&quot;,&quot;created_timestamp&quot;:&quot;0&quot;,&quot;copyright&quot;:&quot;&quot;,&quot;focal_length&quot;:&quot;0&quot;,&quot;iso&quot;:&quot;0&quot;,&quot;shutter_speed&quot;:&quot;0&quot;,&quot;title&quot;:&quot;Vista esterna, prospetto Sud \/ Est, gelosia e ingresso.\\n\\u00a9Marcello Mariana&quot;,&quot;orientation&quot;:&quot;0&quot;}\" data-image-title=\"Vista esterna, prospetto Sud \/ Est, gelosia e ingresso.\u00a9Marcello Mariana\" data-image-description=\"\" data-image-caption=\"&lt;p&gt;Vista esterna, prospetto Sud \/ Est, gelosia e ingresso.&lt;br \/&gt;\n\u00a9Marcello Mariana&lt;\/p&gt;\n\" data-medium-file=\"https:\/\/socialdesignmagazine.com\/mag\/wp-content\/uploads\/2024\/04\/04_Margine_Casa-Ulia-\u00a9Marcello-Mariana-438x283.jpg\" data-large-file=\"https:\/\/socialdesignmagazine.com\/mag\/wp-content\/uploads\/2024\/04\/04_Margine_Casa-Ulia-\u00a9Marcello-Mariana-1024x1258.jpg\" data-id=\"58372\" src=\"https:\/\/socialdesignmagazine.com\/mag\/wp-content\/uploads\/2024\/04\/04_Margine_Casa-Ulia-\u00a9Marcello-Mariana-1024x1258.jpg\" alt=\"Vista esterna, prospetto Sud \/ Est, gelosia e ingresso.\n\u00a9Marcello Mariana\" class=\"wp-image-58372\" srcset=\"https:\/\/socialdesignmagazine.com\/mag\/wp-content\/uploads\/2024\/04\/04_Margine_Casa-Ulia-\u00a9Marcello-Mariana-1024x1258.jpg 1024w, https:\/\/socialdesignmagazine.com\/mag\/wp-content\/uploads\/2024\/04\/04_Margine_Casa-Ulia-\u00a9Marcello-Mariana-768x943.jpg 768w, https:\/\/socialdesignmagazine.com\/mag\/wp-content\/uploads\/2024\/04\/04_Margine_Casa-Ulia-\u00a9Marcello-Mariana.jpg 1200w\" sizes=\"auto, (max-width: 1024px) 100vw, 1024px\" \/><figcaption class=\"wp-element-caption\">Vista esterna, prospetto Sud \/ Est, gelosia e ingresso.\n\u00a9Marcello Mariana<\/figcaption><\/figure>\n\n\n\n<figure class=\"wp-block-image size-large\"><img loading=\"lazy\" decoding=\"async\" width=\"1024\" height=\"1242\" data-attachment-id=\"58369\" data-permalink=\"https:\/\/socialdesignmagazine.com\/mag\/architettura\/casa-ulia-lincontro-tra-tradizione-e-modernita-sostenibile-nel-cuore-del-salento\/attachment\/vista-esterna-prospetto-sud-est-gelosia-e-ingresso-marcello-mariana\/#content\" data-orig-file=\"https:\/\/socialdesignmagazine.com\/mag\/wp-content\/uploads\/2024\/04\/05_Margine_Casa-Ulia-\u00a9Marcello-Mariana.jpg\" data-orig-size=\"1200,1455\" data-comments-opened=\"1\" data-image-meta=\"{&quot;aperture&quot;:&quot;0&quot;,&quot;credit&quot;:&quot;&quot;,&quot;camera&quot;:&quot;&quot;,&quot;caption&quot;:&quot;Vista esterna, prospetto Sud \/ Est, gelosia e ingresso.\\n\\u00a9Marcello Mariana&quot;,&quot;created_timestamp&quot;:&quot;0&quot;,&quot;copyright&quot;:&quot;&quot;,&quot;focal_length&quot;:&quot;0&quot;,&quot;iso&quot;:&quot;0&quot;,&quot;shutter_speed&quot;:&quot;0&quot;,&quot;title&quot;:&quot;Vista esterna, prospetto Sud \/ Est, gelosia e ingresso.\\n\\u00a9Marcello Mariana&quot;,&quot;orientation&quot;:&quot;0&quot;}\" data-image-title=\"Vista esterna, prospetto Sud \/ Est, gelosia e ingresso.\u00a9Marcello Mariana\" data-image-description=\"\" data-image-caption=\"&lt;p&gt;Vista esterna, prospetto Sud \/ Est, gelosia e ingresso.&lt;br \/&gt;\n\u00a9Marcello Mariana&lt;\/p&gt;\n\" data-medium-file=\"https:\/\/socialdesignmagazine.com\/mag\/wp-content\/uploads\/2024\/04\/05_Margine_Casa-Ulia-\u00a9Marcello-Mariana-438x283.jpg\" data-large-file=\"https:\/\/socialdesignmagazine.com\/mag\/wp-content\/uploads\/2024\/04\/05_Margine_Casa-Ulia-\u00a9Marcello-Mariana-1024x1242.jpg\" data-id=\"58369\" src=\"https:\/\/socialdesignmagazine.com\/mag\/wp-content\/uploads\/2024\/04\/05_Margine_Casa-Ulia-\u00a9Marcello-Mariana-1024x1242.jpg\" alt=\"Vista esterna, prospetto Sud \/ Est, gelosia e ingresso.\n\u00a9Marcello Mariana\" class=\"wp-image-58369\" srcset=\"https:\/\/socialdesignmagazine.com\/mag\/wp-content\/uploads\/2024\/04\/05_Margine_Casa-Ulia-\u00a9Marcello-Mariana-1024x1242.jpg 1024w, https:\/\/socialdesignmagazine.com\/mag\/wp-content\/uploads\/2024\/04\/05_Margine_Casa-Ulia-\u00a9Marcello-Mariana-768x931.jpg 768w, https:\/\/socialdesignmagazine.com\/mag\/wp-content\/uploads\/2024\/04\/05_Margine_Casa-Ulia-\u00a9Marcello-Mariana.jpg 1200w\" sizes=\"auto, (max-width: 1024px) 100vw, 1024px\" \/><figcaption class=\"wp-element-caption\">Vista esterna, prospetto Sud \/ Est, gelosia e ingresso.\n\u00a9Marcello Mariana<\/figcaption><\/figure>\n\n\n\n<figure class=\"wp-block-image size-large\"><img loading=\"lazy\" decoding=\"async\" width=\"1024\" height=\"1236\" data-attachment-id=\"58364\" data-permalink=\"https:\/\/socialdesignmagazine.com\/mag\/architettura\/casa-ulia-lincontro-tra-tradizione-e-modernita-sostenibile-nel-cuore-del-salento\/attachment\/dettaglio-della-gelosia-marcello-mariana\/#content\" data-orig-file=\"https:\/\/socialdesignmagazine.com\/mag\/wp-content\/uploads\/2024\/04\/06_Margine_Casa-Ulia-\u00a9Marcello-Mariana.jpg\" data-orig-size=\"1200,1448\" data-comments-opened=\"1\" data-image-meta=\"{&quot;aperture&quot;:&quot;0&quot;,&quot;credit&quot;:&quot;&quot;,&quot;camera&quot;:&quot;&quot;,&quot;caption&quot;:&quot;Dettaglio della gelosia.\\n\\u00a9Marcello Mariana&quot;,&quot;created_timestamp&quot;:&quot;0&quot;,&quot;copyright&quot;:&quot;&quot;,&quot;focal_length&quot;:&quot;0&quot;,&quot;iso&quot;:&quot;0&quot;,&quot;shutter_speed&quot;:&quot;0&quot;,&quot;title&quot;:&quot;Dettaglio della gelosia.\\n\\u00a9Marcello Mariana&quot;,&quot;orientation&quot;:&quot;0&quot;}\" data-image-title=\"Dettaglio della gelosia.\n\u00a9Marcello Mariana\" data-image-description=\"\" data-image-caption=\"&lt;p&gt;Dettaglio della gelosia.&lt;br \/&gt;\n\u00a9Marcello Mariana&lt;\/p&gt;\n\" data-medium-file=\"https:\/\/socialdesignmagazine.com\/mag\/wp-content\/uploads\/2024\/04\/06_Margine_Casa-Ulia-\u00a9Marcello-Mariana-438x283.jpg\" data-large-file=\"https:\/\/socialdesignmagazine.com\/mag\/wp-content\/uploads\/2024\/04\/06_Margine_Casa-Ulia-\u00a9Marcello-Mariana-1024x1236.jpg\" data-id=\"58364\" src=\"https:\/\/socialdesignmagazine.com\/mag\/wp-content\/uploads\/2024\/04\/06_Margine_Casa-Ulia-\u00a9Marcello-Mariana-1024x1236.jpg\" alt=\"Dettaglio della gelosia.\n\u00a9Marcello Mariana\" class=\"wp-image-58364\" srcset=\"https:\/\/socialdesignmagazine.com\/mag\/wp-content\/uploads\/2024\/04\/06_Margine_Casa-Ulia-\u00a9Marcello-Mariana-1024x1236.jpg 1024w, https:\/\/socialdesignmagazine.com\/mag\/wp-content\/uploads\/2024\/04\/06_Margine_Casa-Ulia-\u00a9Marcello-Mariana-768x927.jpg 768w, https:\/\/socialdesignmagazine.com\/mag\/wp-content\/uploads\/2024\/04\/06_Margine_Casa-Ulia-\u00a9Marcello-Mariana.jpg 1200w\" sizes=\"auto, (max-width: 1024px) 100vw, 1024px\" \/><figcaption class=\"wp-element-caption\">Dettaglio della gelosia.\n\u00a9Marcello Mariana<\/figcaption><\/figure>\n\n\n\n<figure class=\"wp-block-image size-large\"><img loading=\"lazy\" decoding=\"async\" width=\"1024\" height=\"1247\" data-attachment-id=\"58377\" data-permalink=\"https:\/\/socialdesignmagazine.com\/mag\/architettura\/casa-ulia-lincontro-tra-tradizione-e-modernita-sostenibile-nel-cuore-del-salento\/attachment\/vista-esterna-su-gelosia-e-ingresso-marcello-mariana\/#content\" data-orig-file=\"https:\/\/socialdesignmagazine.com\/mag\/wp-content\/uploads\/2024\/04\/07_Margine_Casa-Ulia-\u00a9Marcello-Mariana.jpg\" data-orig-size=\"1200,1461\" data-comments-opened=\"1\" data-image-meta=\"{&quot;aperture&quot;:&quot;0&quot;,&quot;credit&quot;:&quot;&quot;,&quot;camera&quot;:&quot;&quot;,&quot;caption&quot;:&quot;Vista esterna su gelosia e ingresso.\\n\\u00a9Marcello Mariana&quot;,&quot;created_timestamp&quot;:&quot;0&quot;,&quot;copyright&quot;:&quot;&quot;,&quot;focal_length&quot;:&quot;0&quot;,&quot;iso&quot;:&quot;0&quot;,&quot;shutter_speed&quot;:&quot;0&quot;,&quot;title&quot;:&quot;Vista esterna su gelosia e ingresso.\\n\\u00a9Marcello Mariana&quot;,&quot;orientation&quot;:&quot;0&quot;}\" data-image-title=\"Vista esterna su gelosia e ingresso.\u00a9Marcello Mariana\" data-image-description=\"\" data-image-caption=\"&lt;p&gt;Vista esterna su gelosia e ingresso.&lt;br \/&gt;\n\u00a9Marcello Mariana&lt;\/p&gt;\n\" data-medium-file=\"https:\/\/socialdesignmagazine.com\/mag\/wp-content\/uploads\/2024\/04\/07_Margine_Casa-Ulia-\u00a9Marcello-Mariana-438x283.jpg\" data-large-file=\"https:\/\/socialdesignmagazine.com\/mag\/wp-content\/uploads\/2024\/04\/07_Margine_Casa-Ulia-\u00a9Marcello-Mariana-1024x1247.jpg\" data-id=\"58377\" src=\"https:\/\/socialdesignmagazine.com\/mag\/wp-content\/uploads\/2024\/04\/07_Margine_Casa-Ulia-\u00a9Marcello-Mariana-1024x1247.jpg\" alt=\"Vista esterna su gelosia e ingresso.\n\u00a9Marcello Mariana\" class=\"wp-image-58377\" srcset=\"https:\/\/socialdesignmagazine.com\/mag\/wp-content\/uploads\/2024\/04\/07_Margine_Casa-Ulia-\u00a9Marcello-Mariana-1024x1247.jpg 1024w, https:\/\/socialdesignmagazine.com\/mag\/wp-content\/uploads\/2024\/04\/07_Margine_Casa-Ulia-\u00a9Marcello-Mariana-768x935.jpg 768w, https:\/\/socialdesignmagazine.com\/mag\/wp-content\/uploads\/2024\/04\/07_Margine_Casa-Ulia-\u00a9Marcello-Mariana.jpg 1200w\" sizes=\"auto, (max-width: 1024px) 100vw, 1024px\" \/><figcaption class=\"wp-element-caption\">Vista esterna su gelosia e ingresso.\n\u00a9Marcello Mariana<\/figcaption><\/figure>\n\n\n\n<figure class=\"wp-block-image size-large\"><img loading=\"lazy\" decoding=\"async\" width=\"1024\" height=\"819\" data-attachment-id=\"58353\" data-permalink=\"https:\/\/socialdesignmagazine.com\/mag\/architettura\/casa-ulia-lincontro-tra-tradizione-e-modernita-sostenibile-nel-cuore-del-salento\/attachment\/vista-esterna-prospetto-sud-ovest-marcello-mariana\/#content\" data-orig-file=\"https:\/\/socialdesignmagazine.com\/mag\/wp-content\/uploads\/2024\/04\/08_Margine_Casa-Ulia-\u00a9Marcello-Mariana.jpg\" data-orig-size=\"1200,960\" data-comments-opened=\"1\" data-image-meta=\"{&quot;aperture&quot;:&quot;0&quot;,&quot;credit&quot;:&quot;&quot;,&quot;camera&quot;:&quot;&quot;,&quot;caption&quot;:&quot;Vista esterna, prospetto Sud \/ Ovest.\\n\\u00a9Marcello Mariana&quot;,&quot;created_timestamp&quot;:&quot;0&quot;,&quot;copyright&quot;:&quot;&quot;,&quot;focal_length&quot;:&quot;0&quot;,&quot;iso&quot;:&quot;0&quot;,&quot;shutter_speed&quot;:&quot;0&quot;,&quot;title&quot;:&quot;Vista esterna, prospetto Sud \/ Ovest.\\n\\u00a9Marcello Mariana&quot;,&quot;orientation&quot;:&quot;0&quot;}\" data-image-title=\"Vista esterna, prospetto Sud \/ Ovest.\u00a9Marcello Mariana\" data-image-description=\"\" data-image-caption=\"&lt;p&gt;Vista esterna, prospetto Sud \/ Ovest.&lt;br \/&gt;\n\u00a9Marcello Mariana&lt;\/p&gt;\n\" data-medium-file=\"https:\/\/socialdesignmagazine.com\/mag\/wp-content\/uploads\/2024\/04\/08_Margine_Casa-Ulia-\u00a9Marcello-Mariana-438x283.jpg\" data-large-file=\"https:\/\/socialdesignmagazine.com\/mag\/wp-content\/uploads\/2024\/04\/08_Margine_Casa-Ulia-\u00a9Marcello-Mariana-1024x819.jpg\" data-id=\"58353\" src=\"https:\/\/socialdesignmagazine.com\/mag\/wp-content\/uploads\/2024\/04\/08_Margine_Casa-Ulia-\u00a9Marcello-Mariana-1024x819.jpg\" alt=\"Vista esterna, prospetto Sud \/ Ovest.\n\u00a9Marcello Mariana\" class=\"wp-image-58353\" srcset=\"https:\/\/socialdesignmagazine.com\/mag\/wp-content\/uploads\/2024\/04\/08_Margine_Casa-Ulia-\u00a9Marcello-Mariana-1024x819.jpg 1024w, https:\/\/socialdesignmagazine.com\/mag\/wp-content\/uploads\/2024\/04\/08_Margine_Casa-Ulia-\u00a9Marcello-Mariana-768x614.jpg 768w, https:\/\/socialdesignmagazine.com\/mag\/wp-content\/uploads\/2024\/04\/08_Margine_Casa-Ulia-\u00a9Marcello-Mariana.jpg 1200w\" sizes=\"auto, (max-width: 1024px) 100vw, 1024px\" \/><figcaption class=\"wp-element-caption\">Vista esterna, prospetto Sud \/ Ovest.\n\u00a9Marcello Mariana<\/figcaption><\/figure>\n\n\n\n<figure class=\"wp-block-image size-large\"><img loading=\"lazy\" decoding=\"async\" width=\"1024\" height=\"819\" data-attachment-id=\"58362\" data-permalink=\"https:\/\/socialdesignmagazine.com\/mag\/architettura\/casa-ulia-lincontro-tra-tradizione-e-modernita-sostenibile-nel-cuore-del-salento\/attachment\/vista-esterna-prospetto-nord-ovest-marcello-mariana\/#content\" data-orig-file=\"https:\/\/socialdesignmagazine.com\/mag\/wp-content\/uploads\/2024\/04\/09_Margine_Casa-Ulia-\u00a9Marcello-Mariana.jpg\" data-orig-size=\"1200,960\" data-comments-opened=\"1\" data-image-meta=\"{&quot;aperture&quot;:&quot;0&quot;,&quot;credit&quot;:&quot;&quot;,&quot;camera&quot;:&quot;ScanMate F6&quot;,&quot;caption&quot;:&quot;Vista esterna, prospetto Nord \/ Ovest.\\n\\u00a9Marcello Mariana&quot;,&quot;created_timestamp&quot;:&quot;0&quot;,&quot;copyright&quot;:&quot;&quot;,&quot;focal_length&quot;:&quot;0&quot;,&quot;iso&quot;:&quot;0&quot;,&quot;shutter_speed&quot;:&quot;0&quot;,&quot;title&quot;:&quot;Vista esterna, prospetto Nord \/ Ovest.\\n\\u00a9Marcello Mariana&quot;,&quot;orientation&quot;:&quot;1&quot;}\" data-image-title=\"Vista esterna, prospetto Nord \/ Ovest.\u00a9Marcello Mariana\" data-image-description=\"\" data-image-caption=\"&lt;p&gt;Vista esterna, prospetto Nord \/ Ovest.&lt;br \/&gt;\n\u00a9Marcello Mariana&lt;\/p&gt;\n\" data-medium-file=\"https:\/\/socialdesignmagazine.com\/mag\/wp-content\/uploads\/2024\/04\/09_Margine_Casa-Ulia-\u00a9Marcello-Mariana-438x283.jpg\" data-large-file=\"https:\/\/socialdesignmagazine.com\/mag\/wp-content\/uploads\/2024\/04\/09_Margine_Casa-Ulia-\u00a9Marcello-Mariana-1024x819.jpg\" data-id=\"58362\" src=\"https:\/\/socialdesignmagazine.com\/mag\/wp-content\/uploads\/2024\/04\/09_Margine_Casa-Ulia-\u00a9Marcello-Mariana-1024x819.jpg\" alt=\"Vista esterna, prospetto Nord \/ Ovest.\n\u00a9Marcello Mariana\" class=\"wp-image-58362\" srcset=\"https:\/\/socialdesignmagazine.com\/mag\/wp-content\/uploads\/2024\/04\/09_Margine_Casa-Ulia-\u00a9Marcello-Mariana-1024x819.jpg 1024w, https:\/\/socialdesignmagazine.com\/mag\/wp-content\/uploads\/2024\/04\/09_Margine_Casa-Ulia-\u00a9Marcello-Mariana-768x614.jpg 768w, https:\/\/socialdesignmagazine.com\/mag\/wp-content\/uploads\/2024\/04\/09_Margine_Casa-Ulia-\u00a9Marcello-Mariana.jpg 1200w\" sizes=\"auto, (max-width: 1024px) 100vw, 1024px\" \/><figcaption class=\"wp-element-caption\">Vista esterna, prospetto Nord \/ Ovest.\n\u00a9Marcello Mariana<\/figcaption><\/figure>\n\n\n\n<figure class=\"wp-block-image size-large\"><img loading=\"lazy\" decoding=\"async\" width=\"1024\" height=\"829\" data-attachment-id=\"58365\" data-permalink=\"https:\/\/socialdesignmagazine.com\/mag\/architettura\/casa-ulia-lincontro-tra-tradizione-e-modernita-sostenibile-nel-cuore-del-salento\/attachment\/vista-esterna-da-strada-d%c2%92accesso-principalemarcello-mariana\/#content\" data-orig-file=\"https:\/\/socialdesignmagazine.com\/mag\/wp-content\/uploads\/2024\/04\/010_Margine_Casa-Ulia-\u00a9Marcello-Mariana.jpg\" data-orig-size=\"1200,972\" data-comments-opened=\"1\" data-image-meta=\"{&quot;aperture&quot;:&quot;0&quot;,&quot;credit&quot;:&quot;&quot;,&quot;camera&quot;:&quot;ScanMate F6&quot;,&quot;caption&quot;:&quot;Vista esterna da strada d\\u0092accesso principale\\n\\u00a9Marcello Mariana&quot;,&quot;created_timestamp&quot;:&quot;0&quot;,&quot;copyright&quot;:&quot;&quot;,&quot;focal_length&quot;:&quot;0&quot;,&quot;iso&quot;:&quot;0&quot;,&quot;shutter_speed&quot;:&quot;0&quot;,&quot;title&quot;:&quot;Vista esterna da strada d\\u0092accesso principale\\n\\u00a9Marcello Mariana&quot;,&quot;orientation&quot;:&quot;1&quot;}\" data-image-title=\"Vista esterna da strada d\u0092accesso principale\u00a9Marcello Mariana\" data-image-description=\"\" data-image-caption=\"&lt;p&gt;Vista esterna da strada d\u0092accesso principale&lt;br \/&gt;\n\u00a9Marcello Mariana&lt;\/p&gt;\n\" data-medium-file=\"https:\/\/socialdesignmagazine.com\/mag\/wp-content\/uploads\/2024\/04\/010_Margine_Casa-Ulia-\u00a9Marcello-Mariana-438x283.jpg\" data-large-file=\"https:\/\/socialdesignmagazine.com\/mag\/wp-content\/uploads\/2024\/04\/010_Margine_Casa-Ulia-\u00a9Marcello-Mariana-1024x829.jpg\" data-id=\"58365\" src=\"https:\/\/socialdesignmagazine.com\/mag\/wp-content\/uploads\/2024\/04\/010_Margine_Casa-Ulia-\u00a9Marcello-Mariana-1024x829.jpg\" alt=\"Vista esterna da strada d\u0092accesso principale\n\u00a9Marcello Mariana\" class=\"wp-image-58365\" srcset=\"https:\/\/socialdesignmagazine.com\/mag\/wp-content\/uploads\/2024\/04\/010_Margine_Casa-Ulia-\u00a9Marcello-Mariana-1024x829.jpg 1024w, https:\/\/socialdesignmagazine.com\/mag\/wp-content\/uploads\/2024\/04\/010_Margine_Casa-Ulia-\u00a9Marcello-Mariana-768x622.jpg 768w, https:\/\/socialdesignmagazine.com\/mag\/wp-content\/uploads\/2024\/04\/010_Margine_Casa-Ulia-\u00a9Marcello-Mariana.jpg 1200w\" sizes=\"auto, (max-width: 1024px) 100vw, 1024px\" \/><figcaption class=\"wp-element-caption\">Vista esterna da strada d\u0092accesso principale\n\u00a9Marcello Mariana<\/figcaption><\/figure>\n\n\n\n<figure class=\"wp-block-image size-large\"><img loading=\"lazy\" decoding=\"async\" width=\"1024\" height=\"1246\" data-attachment-id=\"58368\" data-permalink=\"https:\/\/socialdesignmagazine.com\/mag\/architettura\/casa-ulia-lincontro-tra-tradizione-e-modernita-sostenibile-nel-cuore-del-salento\/attachment\/vista-esterna-prospetto-nord-ovest-marcello-mariana-2\/#content\" data-orig-file=\"https:\/\/socialdesignmagazine.com\/mag\/wp-content\/uploads\/2024\/04\/011_Margine_Casa-Ulia-\u00a9Marcello-Mariana.jpg\" data-orig-size=\"1200,1460\" data-comments-opened=\"1\" data-image-meta=\"{&quot;aperture&quot;:&quot;0&quot;,&quot;credit&quot;:&quot;&quot;,&quot;camera&quot;:&quot;&quot;,&quot;caption&quot;:&quot;Vista esterna, prospetto Nord \/ Ovest.\\n\\u00a9Marcello Mariana&quot;,&quot;created_timestamp&quot;:&quot;0&quot;,&quot;copyright&quot;:&quot;&quot;,&quot;focal_length&quot;:&quot;0&quot;,&quot;iso&quot;:&quot;0&quot;,&quot;shutter_speed&quot;:&quot;0&quot;,&quot;title&quot;:&quot;Vista esterna, prospetto Nord \/ Ovest.\\n\\u00a9Marcello Mariana&quot;,&quot;orientation&quot;:&quot;0&quot;}\" data-image-title=\"Vista esterna, prospetto Nord \/ Ovest.\n\u00a9Marcello Mariana\" data-image-description=\"\" data-image-caption=\"&lt;p&gt;Vista esterna, prospetto Nord \/ Ovest.&lt;br \/&gt;\n\u00a9Marcello Mariana&lt;\/p&gt;\n\" data-medium-file=\"https:\/\/socialdesignmagazine.com\/mag\/wp-content\/uploads\/2024\/04\/011_Margine_Casa-Ulia-\u00a9Marcello-Mariana-438x283.jpg\" data-large-file=\"https:\/\/socialdesignmagazine.com\/mag\/wp-content\/uploads\/2024\/04\/011_Margine_Casa-Ulia-\u00a9Marcello-Mariana-1024x1246.jpg\" data-id=\"58368\" src=\"https:\/\/socialdesignmagazine.com\/mag\/wp-content\/uploads\/2024\/04\/011_Margine_Casa-Ulia-\u00a9Marcello-Mariana-1024x1246.jpg\" alt=\"Vista esterna, prospetto Nord \/ Ovest.\n\u00a9Marcello Mariana\" class=\"wp-image-58368\" srcset=\"https:\/\/socialdesignmagazine.com\/mag\/wp-content\/uploads\/2024\/04\/011_Margine_Casa-Ulia-\u00a9Marcello-Mariana-1024x1246.jpg 1024w, https:\/\/socialdesignmagazine.com\/mag\/wp-content\/uploads\/2024\/04\/011_Margine_Casa-Ulia-\u00a9Marcello-Mariana-768x934.jpg 768w, https:\/\/socialdesignmagazine.com\/mag\/wp-content\/uploads\/2024\/04\/011_Margine_Casa-Ulia-\u00a9Marcello-Mariana.jpg 1200w\" sizes=\"auto, (max-width: 1024px) 100vw, 1024px\" \/><figcaption class=\"wp-element-caption\">Vista esterna, prospetto Nord \/ Ovest.\n\u00a9Marcello Mariana<\/figcaption><\/figure>\n\n\n\n<figure class=\"wp-block-image size-large\"><img loading=\"lazy\" decoding=\"async\" width=\"1024\" height=\"1253\" data-attachment-id=\"58367\" data-permalink=\"https:\/\/socialdesignmagazine.com\/mag\/architettura\/casa-ulia-lincontro-tra-tradizione-e-modernita-sostenibile-nel-cuore-del-salento\/attachment\/012_margine_casa-ulia-marcello-mariana\/#content\" data-orig-file=\"https:\/\/socialdesignmagazine.com\/mag\/wp-content\/uploads\/2024\/04\/012_Margine_Casa-Ulia-\u00a9Marcello-Mariana.jpg\" data-orig-size=\"1200,1468\" data-comments-opened=\"1\" data-image-meta=\"{&quot;aperture&quot;:&quot;0&quot;,&quot;credit&quot;:&quot;&quot;,&quot;camera&quot;:&quot;ScanMate F6&quot;,&quot;caption&quot;:&quot;Vista esterna su pergolato e corpo scala, prospetto Nord \/ Ovest.\\n\\u00a9Marcello Mariana&quot;,&quot;created_timestamp&quot;:&quot;0&quot;,&quot;copyright&quot;:&quot;&quot;,&quot;focal_length&quot;:&quot;0&quot;,&quot;iso&quot;:&quot;0&quot;,&quot;shutter_speed&quot;:&quot;0&quot;,&quot;title&quot;:&quot;&quot;,&quot;orientation&quot;:&quot;1&quot;}\" data-image-title=\"Margine Casa Ulia \u00a9Marcello Mariana\" data-image-description=\"\" data-image-caption=\"&lt;p&gt;Vista esterna su pergolato e corpo scala, prospetto Nord \/ Ovest.&lt;br \/&gt;\n\u00a9Marcello Mariana&lt;\/p&gt;\n\" data-medium-file=\"https:\/\/socialdesignmagazine.com\/mag\/wp-content\/uploads\/2024\/04\/012_Margine_Casa-Ulia-\u00a9Marcello-Mariana-438x283.jpg\" data-large-file=\"https:\/\/socialdesignmagazine.com\/mag\/wp-content\/uploads\/2024\/04\/012_Margine_Casa-Ulia-\u00a9Marcello-Mariana-1024x1253.jpg\" data-id=\"58367\" src=\"https:\/\/socialdesignmagazine.com\/mag\/wp-content\/uploads\/2024\/04\/012_Margine_Casa-Ulia-\u00a9Marcello-Mariana-1024x1253.jpg\" alt=\"Margine Casa Ulia \u00a9Marcello Mariana\" class=\"wp-image-58367\" srcset=\"https:\/\/socialdesignmagazine.com\/mag\/wp-content\/uploads\/2024\/04\/012_Margine_Casa-Ulia-\u00a9Marcello-Mariana-1024x1253.jpg 1024w, https:\/\/socialdesignmagazine.com\/mag\/wp-content\/uploads\/2024\/04\/012_Margine_Casa-Ulia-\u00a9Marcello-Mariana-768x940.jpg 768w, https:\/\/socialdesignmagazine.com\/mag\/wp-content\/uploads\/2024\/04\/012_Margine_Casa-Ulia-\u00a9Marcello-Mariana.jpg 1200w\" sizes=\"auto, (max-width: 1024px) 100vw, 1024px\" \/><figcaption class=\"wp-element-caption\">Vista esterna su pergolato e corpo scala, prospetto Nord \/ Ovest.\n\u00a9Marcello Mariana<\/figcaption><\/figure>\n\n\n\n<figure class=\"wp-block-image size-large\"><img loading=\"lazy\" decoding=\"async\" width=\"1024\" height=\"816\" data-attachment-id=\"58357\" data-permalink=\"https:\/\/socialdesignmagazine.com\/mag\/architettura\/casa-ulia-lincontro-tra-tradizione-e-modernita-sostenibile-nel-cuore-del-salento\/attachment\/vista-dell%c2%92esterno-dal-patio-con-dettaglio-del-pergolato-marcello-mariana\/#content\" data-orig-file=\"https:\/\/socialdesignmagazine.com\/mag\/wp-content\/uploads\/2024\/04\/013_Margine_Casa-Ulia-\u00a9Marcello-Mariana.jpg\" data-orig-size=\"1200,956\" data-comments-opened=\"1\" data-image-meta=\"{&quot;aperture&quot;:&quot;0&quot;,&quot;credit&quot;:&quot;&quot;,&quot;camera&quot;:&quot;&quot;,&quot;caption&quot;:&quot;Vista dell\\u0092esterno dal patio con dettaglio del pergolato.\\n\\u00a9Marcello Mariana&quot;,&quot;created_timestamp&quot;:&quot;0&quot;,&quot;copyright&quot;:&quot;&quot;,&quot;focal_length&quot;:&quot;0&quot;,&quot;iso&quot;:&quot;0&quot;,&quot;shutter_speed&quot;:&quot;0&quot;,&quot;title&quot;:&quot;Vista dell\\u0092esterno dal patio con dettaglio del pergolato.\\n\\u00a9Marcello Mariana&quot;,&quot;orientation&quot;:&quot;0&quot;}\" data-image-title=\"Vista dell\u0092esterno dal patio con dettaglio del pergolato.\n\u00a9Marcello Mariana\" data-image-description=\"\" data-image-caption=\"&lt;p&gt;Vista dell\u0092esterno dal patio con dettaglio del pergolato.&lt;br \/&gt;\n\u00a9Marcello Mariana&lt;\/p&gt;\n\" data-medium-file=\"https:\/\/socialdesignmagazine.com\/mag\/wp-content\/uploads\/2024\/04\/013_Margine_Casa-Ulia-\u00a9Marcello-Mariana-438x283.jpg\" data-large-file=\"https:\/\/socialdesignmagazine.com\/mag\/wp-content\/uploads\/2024\/04\/013_Margine_Casa-Ulia-\u00a9Marcello-Mariana-1024x816.jpg\" data-id=\"58357\" src=\"https:\/\/socialdesignmagazine.com\/mag\/wp-content\/uploads\/2024\/04\/013_Margine_Casa-Ulia-\u00a9Marcello-Mariana-1024x816.jpg\" alt=\"Vista dell\u0092esterno dal patio con dettaglio del pergolato.\n\u00a9Marcello Mariana\" class=\"wp-image-58357\" srcset=\"https:\/\/socialdesignmagazine.com\/mag\/wp-content\/uploads\/2024\/04\/013_Margine_Casa-Ulia-\u00a9Marcello-Mariana-1024x816.jpg 1024w, https:\/\/socialdesignmagazine.com\/mag\/wp-content\/uploads\/2024\/04\/013_Margine_Casa-Ulia-\u00a9Marcello-Mariana-768x612.jpg 768w, https:\/\/socialdesignmagazine.com\/mag\/wp-content\/uploads\/2024\/04\/013_Margine_Casa-Ulia-\u00a9Marcello-Mariana.jpg 1200w\" sizes=\"auto, (max-width: 1024px) 100vw, 1024px\" \/><figcaption class=\"wp-element-caption\">Vista dell\u0092esterno dal patio con dettaglio del pergolato.\n\u00a9Marcello Mariana<\/figcaption><\/figure>\n\n\n\n<figure class=\"wp-block-image size-large\"><img loading=\"lazy\" decoding=\"async\" width=\"1024\" height=\"835\" data-attachment-id=\"58352\" data-permalink=\"https:\/\/socialdesignmagazine.com\/mag\/architettura\/casa-ulia-lincontro-tra-tradizione-e-modernita-sostenibile-nel-cuore-del-salento\/attachment\/corpo-scala-esterno-marcello-mariana\/#content\" data-orig-file=\"https:\/\/socialdesignmagazine.com\/mag\/wp-content\/uploads\/2024\/04\/014_Margine_Casa-Ulia-\u00a9Marcello-Mariana.jpg\" data-orig-size=\"1200,979\" data-comments-opened=\"1\" data-image-meta=\"{&quot;aperture&quot;:&quot;0&quot;,&quot;credit&quot;:&quot;&quot;,&quot;camera&quot;:&quot;&quot;,&quot;caption&quot;:&quot;Corpo scala esterno.\\n\\u00a9Marcello Mariana&quot;,&quot;created_timestamp&quot;:&quot;0&quot;,&quot;copyright&quot;:&quot;&quot;,&quot;focal_length&quot;:&quot;0&quot;,&quot;iso&quot;:&quot;0&quot;,&quot;shutter_speed&quot;:&quot;0&quot;,&quot;title&quot;:&quot;Corpo scala esterno.\\n\\u00a9Marcello Mariana&quot;,&quot;orientation&quot;:&quot;0&quot;}\" data-image-title=\"Corpo scala esterno.\n\u00a9Marcello Mariana\" data-image-description=\"\" data-image-caption=\"&lt;p&gt;Corpo scala esterno.&lt;br \/&gt;\n\u00a9Marcello Mariana&lt;\/p&gt;\n\" data-medium-file=\"https:\/\/socialdesignmagazine.com\/mag\/wp-content\/uploads\/2024\/04\/014_Margine_Casa-Ulia-\u00a9Marcello-Mariana-438x283.jpg\" data-large-file=\"https:\/\/socialdesignmagazine.com\/mag\/wp-content\/uploads\/2024\/04\/014_Margine_Casa-Ulia-\u00a9Marcello-Mariana-1024x835.jpg\" data-id=\"58352\" src=\"https:\/\/socialdesignmagazine.com\/mag\/wp-content\/uploads\/2024\/04\/014_Margine_Casa-Ulia-\u00a9Marcello-Mariana-1024x835.jpg\" alt=\"Corpo scala esterno.\n\u00a9Marcello Mariana\" class=\"wp-image-58352\" srcset=\"https:\/\/socialdesignmagazine.com\/mag\/wp-content\/uploads\/2024\/04\/014_Margine_Casa-Ulia-\u00a9Marcello-Mariana-1024x835.jpg 1024w, https:\/\/socialdesignmagazine.com\/mag\/wp-content\/uploads\/2024\/04\/014_Margine_Casa-Ulia-\u00a9Marcello-Mariana-768x627.jpg 768w, https:\/\/socialdesignmagazine.com\/mag\/wp-content\/uploads\/2024\/04\/014_Margine_Casa-Ulia-\u00a9Marcello-Mariana.jpg 1200w\" sizes=\"auto, (max-width: 1024px) 100vw, 1024px\" \/><figcaption class=\"wp-element-caption\">Corpo scala esterno.\n\u00a9Marcello Mariana<\/figcaption><\/figure>\n\n\n\n<figure class=\"wp-block-image size-large\"><img loading=\"lazy\" decoding=\"async\" width=\"1024\" height=\"1313\" data-attachment-id=\"58373\" data-permalink=\"https:\/\/socialdesignmagazine.com\/mag\/architettura\/casa-ulia-lincontro-tra-tradizione-e-modernita-sostenibile-nel-cuore-del-salento\/attachment\/dettaglio-della-gelosia-vista-interna-marcello-mariana\/#content\" data-orig-file=\"https:\/\/socialdesignmagazine.com\/mag\/wp-content\/uploads\/2024\/04\/015_Margine_Casa-Ulia-\u00a9Marcello-Mariana.jpg\" data-orig-size=\"1200,1539\" data-comments-opened=\"1\" data-image-meta=\"{&quot;aperture&quot;:&quot;0&quot;,&quot;credit&quot;:&quot;&quot;,&quot;camera&quot;:&quot;&quot;,&quot;caption&quot;:&quot;Dettaglio della gelosia, vista interna.\\n\\u00a9Marcello Mariana&quot;,&quot;created_timestamp&quot;:&quot;0&quot;,&quot;copyright&quot;:&quot;&quot;,&quot;focal_length&quot;:&quot;0&quot;,&quot;iso&quot;:&quot;0&quot;,&quot;shutter_speed&quot;:&quot;0&quot;,&quot;title&quot;:&quot;Dettaglio della gelosia, vista interna.\\n\\u00a9Marcello Mariana&quot;,&quot;orientation&quot;:&quot;0&quot;}\" data-image-title=\"Dettaglio della gelosia, vista interna.\n\u00a9Marcello Mariana\" data-image-description=\"\" data-image-caption=\"&lt;p&gt;Dettaglio della gelosia, vista interna.&lt;br \/&gt;\n\u00a9Marcello Mariana&lt;\/p&gt;\n\" data-medium-file=\"https:\/\/socialdesignmagazine.com\/mag\/wp-content\/uploads\/2024\/04\/015_Margine_Casa-Ulia-\u00a9Marcello-Mariana-438x283.jpg\" data-large-file=\"https:\/\/socialdesignmagazine.com\/mag\/wp-content\/uploads\/2024\/04\/015_Margine_Casa-Ulia-\u00a9Marcello-Mariana-1024x1313.jpg\" data-id=\"58373\" src=\"https:\/\/socialdesignmagazine.com\/mag\/wp-content\/uploads\/2024\/04\/015_Margine_Casa-Ulia-\u00a9Marcello-Mariana-1024x1313.jpg\" alt=\"Dettaglio della gelosia, vista interna.\n\u00a9Marcello Mariana\" class=\"wp-image-58373\" srcset=\"https:\/\/socialdesignmagazine.com\/mag\/wp-content\/uploads\/2024\/04\/015_Margine_Casa-Ulia-\u00a9Marcello-Mariana-1024x1313.jpg 1024w, https:\/\/socialdesignmagazine.com\/mag\/wp-content\/uploads\/2024\/04\/015_Margine_Casa-Ulia-\u00a9Marcello-Mariana-768x985.jpg 768w, https:\/\/socialdesignmagazine.com\/mag\/wp-content\/uploads\/2024\/04\/015_Margine_Casa-Ulia-\u00a9Marcello-Mariana-1198x1536.jpg 1198w, https:\/\/socialdesignmagazine.com\/mag\/wp-content\/uploads\/2024\/04\/015_Margine_Casa-Ulia-\u00a9Marcello-Mariana.jpg 1200w\" sizes=\"auto, (max-width: 1024px) 100vw, 1024px\" \/><figcaption class=\"wp-element-caption\">Dettaglio della gelosia, vista interna.\n\u00a9Marcello Mariana<\/figcaption><\/figure>\n\n\n\n<figure class=\"wp-block-image size-large\"><img loading=\"lazy\" decoding=\"async\" width=\"1024\" height=\"1276\" data-attachment-id=\"58363\" data-permalink=\"https:\/\/socialdesignmagazine.com\/mag\/architettura\/casa-ulia-lincontro-tra-tradizione-e-modernita-sostenibile-nel-cuore-del-salento\/attachment\/016_margine_casa-ulia-marcello-mariana\/#content\" data-orig-file=\"https:\/\/socialdesignmagazine.com\/mag\/wp-content\/uploads\/2024\/04\/016_Margine_Casa-Ulia-\u00a9Marcello-Mariana.jpg\" data-orig-size=\"1200,1495\" data-comments-opened=\"1\" data-image-meta=\"{&quot;aperture&quot;:&quot;0&quot;,&quot;credit&quot;:&quot;&quot;,&quot;camera&quot;:&quot;&quot;,&quot;caption&quot;:&quot;Vista dell\\u0092ingresso dalla zona giorno.\\nBoiserie: Legno Rovere su misura \\u0096 Design Margine \\u0096 Realizzazione Tuttolegno SRL\\nPavimento: Sant&#039;Agostino Themar mod. Crema Marfil\\n\\u00a9Marcello Mariana&quot;,&quot;created_timestamp&quot;:&quot;0&quot;,&quot;copyright&quot;:&quot;&quot;,&quot;focal_length&quot;:&quot;0&quot;,&quot;iso&quot;:&quot;0&quot;,&quot;shutter_speed&quot;:&quot;0&quot;,&quot;title&quot;:&quot;&quot;,&quot;orientation&quot;:&quot;0&quot;}\" data-image-title=\"Margine Casa Ulia \u00a9Marcello Mariana\" data-image-description=\"\" data-image-caption=\"&lt;p&gt;Vista dell\u0092ingresso dalla zona giorno.&lt;br \/&gt;\nBoiserie: Legno Rovere su misura \u0096 Design Margine \u0096 Realizzazione Tuttolegno SRL&lt;br \/&gt;\nPavimento: Sant&amp;#8217;Agostino Themar mod. Crema Marfil&lt;br \/&gt;\n\u00a9Marcello Mariana&lt;\/p&gt;\n\" data-medium-file=\"https:\/\/socialdesignmagazine.com\/mag\/wp-content\/uploads\/2024\/04\/016_Margine_Casa-Ulia-\u00a9Marcello-Mariana-438x283.jpg\" data-large-file=\"https:\/\/socialdesignmagazine.com\/mag\/wp-content\/uploads\/2024\/04\/016_Margine_Casa-Ulia-\u00a9Marcello-Mariana-1024x1276.jpg\" data-id=\"58363\" src=\"https:\/\/socialdesignmagazine.com\/mag\/wp-content\/uploads\/2024\/04\/016_Margine_Casa-Ulia-\u00a9Marcello-Mariana-1024x1276.jpg\" alt=\"Margine Casa Ulia \u00a9Marcello Mariana\" class=\"wp-image-58363\" srcset=\"https:\/\/socialdesignmagazine.com\/mag\/wp-content\/uploads\/2024\/04\/016_Margine_Casa-Ulia-\u00a9Marcello-Mariana-1024x1276.jpg 1024w, https:\/\/socialdesignmagazine.com\/mag\/wp-content\/uploads\/2024\/04\/016_Margine_Casa-Ulia-\u00a9Marcello-Mariana-768x957.jpg 768w, https:\/\/socialdesignmagazine.com\/mag\/wp-content\/uploads\/2024\/04\/016_Margine_Casa-Ulia-\u00a9Marcello-Mariana.jpg 1200w\" sizes=\"auto, (max-width: 1024px) 100vw, 1024px\" \/><figcaption class=\"wp-element-caption\">Vista dell\u0092ingresso dalla zona giorno.\nBoiserie: Legno Rovere su misura \u0096 Design Margine \u0096 Realizzazione Tuttolegno SRL\nPavimento: Sant&#8217;Agostino Themar mod. Crema Marfil\n\u00a9Marcello Mariana<\/figcaption><\/figure>\n\n\n\n<figure class=\"wp-block-image size-large\"><img loading=\"lazy\" decoding=\"async\" width=\"1024\" height=\"835\" data-attachment-id=\"58358\" data-permalink=\"https:\/\/socialdesignmagazine.com\/mag\/architettura\/casa-ulia-lincontro-tra-tradizione-e-modernita-sostenibile-nel-cuore-del-salento\/attachment\/017_margine_casa-ulia-marcello-mariana\/#content\" data-orig-file=\"https:\/\/socialdesignmagazine.com\/mag\/wp-content\/uploads\/2024\/04\/017_Margine_Casa-Ulia-\u00a9Marcello-Mariana.jpg\" data-orig-size=\"1200,978\" data-comments-opened=\"1\" data-image-meta=\"{&quot;aperture&quot;:&quot;0&quot;,&quot;credit&quot;:&quot;&quot;,&quot;camera&quot;:&quot;&quot;,&quot;caption&quot;:&quot;Area sof\\u00e0.\\nBoiserie: Legno Rovere su misura \\u0096 Design Margine \\u0096 Realizzazione Tuttolegno SRL\\nPavimento: Sant&#039;Agostino Themar mod. Crema Marfil\\nArredi: Divano Curve di Artnova, Console Design Margine - Realizzazione Tuttolegno SRL\\n\\u00a9Marcello Mariana&quot;,&quot;created_timestamp&quot;:&quot;0&quot;,&quot;copyright&quot;:&quot;&quot;,&quot;focal_length&quot;:&quot;0&quot;,&quot;iso&quot;:&quot;0&quot;,&quot;shutter_speed&quot;:&quot;0&quot;,&quot;title&quot;:&quot;&quot;,&quot;orientation&quot;:&quot;0&quot;}\" data-image-title=\"Margine Casa Ulia \u00a9Marcello Mariana\" data-image-description=\"\" data-image-caption=\"&lt;p&gt;Area sof\u00e0.&lt;br \/&gt;\nBoiserie: Legno Rovere su misura \u0096 Design Margine \u0096 Realizzazione Tuttolegno SRL&lt;br \/&gt;\nPavimento: Sant&amp;#8217;Agostino Themar mod. Crema Marfil&lt;br \/&gt;\nArredi: Divano Curve di Artnova, Console Design Margine &amp;#8211; Realizzazione Tuttolegno SRL&lt;br \/&gt;\n\u00a9Marcello Mariana&lt;\/p&gt;\n\" data-medium-file=\"https:\/\/socialdesignmagazine.com\/mag\/wp-content\/uploads\/2024\/04\/017_Margine_Casa-Ulia-\u00a9Marcello-Mariana-438x283.jpg\" data-large-file=\"https:\/\/socialdesignmagazine.com\/mag\/wp-content\/uploads\/2024\/04\/017_Margine_Casa-Ulia-\u00a9Marcello-Mariana-1024x835.jpg\" data-id=\"58358\" src=\"https:\/\/socialdesignmagazine.com\/mag\/wp-content\/uploads\/2024\/04\/017_Margine_Casa-Ulia-\u00a9Marcello-Mariana-1024x835.jpg\" alt=\"Margine Casa Ulia \u00a9Marcello Mariana\" class=\"wp-image-58358\" srcset=\"https:\/\/socialdesignmagazine.com\/mag\/wp-content\/uploads\/2024\/04\/017_Margine_Casa-Ulia-\u00a9Marcello-Mariana-1024x835.jpg 1024w, https:\/\/socialdesignmagazine.com\/mag\/wp-content\/uploads\/2024\/04\/017_Margine_Casa-Ulia-\u00a9Marcello-Mariana-768x626.jpg 768w, https:\/\/socialdesignmagazine.com\/mag\/wp-content\/uploads\/2024\/04\/017_Margine_Casa-Ulia-\u00a9Marcello-Mariana.jpg 1200w\" sizes=\"auto, (max-width: 1024px) 100vw, 1024px\" \/><figcaption class=\"wp-element-caption\">Area sof\u00e0.\nBoiserie: Legno Rovere su misura \u0096 Design Margine \u0096 Realizzazione Tuttolegno SRL\nPavimento: Sant&#8217;Agostino Themar mod. Crema Marfil\nArredi: Divano Curve di Artnova, Console Design Margine &#8211; Realizzazione Tuttolegno SRL\n\u00a9Marcello Mariana<\/figcaption><\/figure>\n\n\n\n<figure class=\"wp-block-image size-large\"><img loading=\"lazy\" decoding=\"async\" width=\"1024\" height=\"835\" data-attachment-id=\"58355\" data-permalink=\"https:\/\/socialdesignmagazine.com\/mag\/architettura\/casa-ulia-lincontro-tra-tradizione-e-modernita-sostenibile-nel-cuore-del-salento\/attachment\/018_margine_casa-ulia-marcello-mariana\/#content\" data-orig-file=\"https:\/\/socialdesignmagazine.com\/mag\/wp-content\/uploads\/2024\/04\/018_Margine_Casa-Ulia-\u00a9Marcello-Mariana.jpg\" data-orig-size=\"1200,978\" data-comments-opened=\"1\" data-image-meta=\"{&quot;aperture&quot;:&quot;0&quot;,&quot;credit&quot;:&quot;&quot;,&quot;camera&quot;:&quot;&quot;,&quot;caption&quot;:&quot;Cucina: Legno Rovere su misura \\u0096 Design Margine \\u0096 Realizzazione Tuttolegno SRL\\nPavimento: Sant&#039;Agostino Themar mod. Crema Marfil\\nArredi: Tavolo M3 di Devina Nais con sedie Lea di Midj\\n\\u00a9Marcello Mariana&quot;,&quot;created_timestamp&quot;:&quot;0&quot;,&quot;copyright&quot;:&quot;&quot;,&quot;focal_length&quot;:&quot;0&quot;,&quot;iso&quot;:&quot;0&quot;,&quot;shutter_speed&quot;:&quot;0&quot;,&quot;title&quot;:&quot;&quot;,&quot;orientation&quot;:&quot;0&quot;}\" data-image-title=\"Margine Casa Ulia \u00a9Marcello Mariana\" data-image-description=\"\" data-image-caption=\"&lt;p&gt;Cucina: Legno Rovere su misura \u0096 Design Margine \u0096 Realizzazione Tuttolegno SRL&lt;br \/&gt;\nPavimento: Sant&amp;#8217;Agostino Themar mod. Crema Marfil&lt;br \/&gt;\nArredi: Tavolo M3 di Devina Nais con sedie Lea di Midj&lt;br \/&gt;\n\u00a9Marcello Mariana&lt;\/p&gt;\n\" data-medium-file=\"https:\/\/socialdesignmagazine.com\/mag\/wp-content\/uploads\/2024\/04\/018_Margine_Casa-Ulia-\u00a9Marcello-Mariana-438x283.jpg\" data-large-file=\"https:\/\/socialdesignmagazine.com\/mag\/wp-content\/uploads\/2024\/04\/018_Margine_Casa-Ulia-\u00a9Marcello-Mariana-1024x835.jpg\" data-id=\"58355\" src=\"https:\/\/socialdesignmagazine.com\/mag\/wp-content\/uploads\/2024\/04\/018_Margine_Casa-Ulia-\u00a9Marcello-Mariana-1024x835.jpg\" alt=\"Margine Casa Ulia \u00a9Marcello Mariana\" class=\"wp-image-58355\" srcset=\"https:\/\/socialdesignmagazine.com\/mag\/wp-content\/uploads\/2024\/04\/018_Margine_Casa-Ulia-\u00a9Marcello-Mariana-1024x835.jpg 1024w, https:\/\/socialdesignmagazine.com\/mag\/wp-content\/uploads\/2024\/04\/018_Margine_Casa-Ulia-\u00a9Marcello-Mariana-768x626.jpg 768w, https:\/\/socialdesignmagazine.com\/mag\/wp-content\/uploads\/2024\/04\/018_Margine_Casa-Ulia-\u00a9Marcello-Mariana.jpg 1200w\" sizes=\"auto, (max-width: 1024px) 100vw, 1024px\" \/><figcaption class=\"wp-element-caption\">Cucina: Legno Rovere su misura \u0096 Design Margine \u0096 Realizzazione Tuttolegno SRL\nPavimento: Sant&#8217;Agostino Themar mod. Crema Marfil\nArredi: Tavolo M3 di Devina Nais con sedie Lea di Midj\n\u00a9Marcello Mariana<\/figcaption><\/figure>\n\n\n\n<figure class=\"wp-block-image size-large\"><img loading=\"lazy\" decoding=\"async\" width=\"1024\" height=\"824\" data-attachment-id=\"58360\" data-permalink=\"https:\/\/socialdesignmagazine.com\/mag\/architettura\/casa-ulia-lincontro-tra-tradizione-e-modernita-sostenibile-nel-cuore-del-salento\/attachment\/019_margine_casa-ulia-marcello-mariana\/#content\" data-orig-file=\"https:\/\/socialdesignmagazine.com\/mag\/wp-content\/uploads\/2024\/04\/019_Margine_Casa-Ulia-\u00a9Marcello-Mariana.jpg\" data-orig-size=\"1200,966\" data-comments-opened=\"1\" data-image-meta=\"{&quot;aperture&quot;:&quot;0&quot;,&quot;credit&quot;:&quot;&quot;,&quot;camera&quot;:&quot;&quot;,&quot;caption&quot;:&quot;Zona giorno, camino.\\nPavimento: Sant&#039;Agostino Themar mod. Crema Marfil\\nArredi: Divano Curve di Artnova\\n\\u00a9Marcello Mariana&quot;,&quot;created_timestamp&quot;:&quot;0&quot;,&quot;copyright&quot;:&quot;&quot;,&quot;focal_length&quot;:&quot;0&quot;,&quot;iso&quot;:&quot;0&quot;,&quot;shutter_speed&quot;:&quot;0&quot;,&quot;title&quot;:&quot;&quot;,&quot;orientation&quot;:&quot;0&quot;}\" data-image-title=\"Margine Casa Ulia \u00a9Marcello Mariana\" data-image-description=\"\" data-image-caption=\"&lt;p&gt;Zona giorno, camino.&lt;br \/&gt;\nPavimento: Sant&amp;#8217;Agostino Themar mod. Crema Marfil&lt;br \/&gt;\nArredi: Divano Curve di Artnova&lt;br \/&gt;\n\u00a9Marcello Mariana&lt;\/p&gt;\n\" data-medium-file=\"https:\/\/socialdesignmagazine.com\/mag\/wp-content\/uploads\/2024\/04\/019_Margine_Casa-Ulia-\u00a9Marcello-Mariana-438x283.jpg\" data-large-file=\"https:\/\/socialdesignmagazine.com\/mag\/wp-content\/uploads\/2024\/04\/019_Margine_Casa-Ulia-\u00a9Marcello-Mariana-1024x824.jpg\" data-id=\"58360\" src=\"https:\/\/socialdesignmagazine.com\/mag\/wp-content\/uploads\/2024\/04\/019_Margine_Casa-Ulia-\u00a9Marcello-Mariana-1024x824.jpg\" alt=\"Margine Casa Ulia \u00a9Marcello Mariana\" class=\"wp-image-58360\" srcset=\"https:\/\/socialdesignmagazine.com\/mag\/wp-content\/uploads\/2024\/04\/019_Margine_Casa-Ulia-\u00a9Marcello-Mariana-1024x824.jpg 1024w, https:\/\/socialdesignmagazine.com\/mag\/wp-content\/uploads\/2024\/04\/019_Margine_Casa-Ulia-\u00a9Marcello-Mariana-768x618.jpg 768w, https:\/\/socialdesignmagazine.com\/mag\/wp-content\/uploads\/2024\/04\/019_Margine_Casa-Ulia-\u00a9Marcello-Mariana.jpg 1200w\" sizes=\"auto, (max-width: 1024px) 100vw, 1024px\" \/><figcaption class=\"wp-element-caption\">Zona giorno, camino.\nPavimento: Sant&#8217;Agostino Themar mod. Crema Marfil\nArredi: Divano Curve di Artnova\n\u00a9Marcello Mariana<\/figcaption><\/figure>\n\n\n\n<figure class=\"wp-block-image size-large\"><img loading=\"lazy\" decoding=\"async\" width=\"1024\" height=\"1272\" data-attachment-id=\"58370\" data-permalink=\"https:\/\/socialdesignmagazine.com\/mag\/architettura\/casa-ulia-lincontro-tra-tradizione-e-modernita-sostenibile-nel-cuore-del-salento\/attachment\/020_-margine_casa-ulia-marcello-mariana\/#content\" data-orig-file=\"https:\/\/socialdesignmagazine.com\/mag\/wp-content\/uploads\/2024\/04\/020_-Margine_Casa-Ulia-\u00a9Marcello-Mariana.jpg\" data-orig-size=\"1200,1491\" data-comments-opened=\"1\" data-image-meta=\"{&quot;aperture&quot;:&quot;0&quot;,&quot;credit&quot;:&quot;&quot;,&quot;camera&quot;:&quot;&quot;,&quot;caption&quot;:&quot;Zona giorno, camino.\\nPavimento: Sant&#039;Agostino Themar mod. Crema Marfil\\nArredi: Divano Curve di Artnova\\n\\u00a9Marcello Mariana&quot;,&quot;created_timestamp&quot;:&quot;0&quot;,&quot;copyright&quot;:&quot;&quot;,&quot;focal_length&quot;:&quot;0&quot;,&quot;iso&quot;:&quot;0&quot;,&quot;shutter_speed&quot;:&quot;0&quot;,&quot;title&quot;:&quot;&quot;,&quot;orientation&quot;:&quot;0&quot;}\" data-image-title=\"Margine Casa Ulia \u00a9Marcello Mariana\" data-image-description=\"\" data-image-caption=\"&lt;p&gt;Zona giorno, camino.&lt;br \/&gt;\nPavimento: Sant&amp;#8217;Agostino Themar mod. Crema Marfil&lt;br \/&gt;\nArredi: Divano Curve di Artnova&lt;br \/&gt;\n\u00a9Marcello Mariana&lt;\/p&gt;\n\" data-medium-file=\"https:\/\/socialdesignmagazine.com\/mag\/wp-content\/uploads\/2024\/04\/020_-Margine_Casa-Ulia-\u00a9Marcello-Mariana-438x283.jpg\" data-large-file=\"https:\/\/socialdesignmagazine.com\/mag\/wp-content\/uploads\/2024\/04\/020_-Margine_Casa-Ulia-\u00a9Marcello-Mariana-1024x1272.jpg\" data-id=\"58370\" src=\"https:\/\/socialdesignmagazine.com\/mag\/wp-content\/uploads\/2024\/04\/020_-Margine_Casa-Ulia-\u00a9Marcello-Mariana-1024x1272.jpg\" alt=\"Margine Casa Ulia \u00a9Marcello Mariana\" class=\"wp-image-58370\" srcset=\"https:\/\/socialdesignmagazine.com\/mag\/wp-content\/uploads\/2024\/04\/020_-Margine_Casa-Ulia-\u00a9Marcello-Mariana-1024x1272.jpg 1024w, https:\/\/socialdesignmagazine.com\/mag\/wp-content\/uploads\/2024\/04\/020_-Margine_Casa-Ulia-\u00a9Marcello-Mariana-768x954.jpg 768w, https:\/\/socialdesignmagazine.com\/mag\/wp-content\/uploads\/2024\/04\/020_-Margine_Casa-Ulia-\u00a9Marcello-Mariana.jpg 1200w\" sizes=\"auto, (max-width: 1024px) 100vw, 1024px\" \/><figcaption class=\"wp-element-caption\">Zona giorno, camino.\nPavimento: Sant&#8217;Agostino Themar mod. Crema Marfil\nArredi: Divano Curve di Artnova\n\u00a9Marcello Mariana<\/figcaption><\/figure>\n\n\n\n<figure class=\"wp-block-image size-large\"><img loading=\"lazy\" decoding=\"async\" width=\"1024\" height=\"829\" data-attachment-id=\"58361\" data-permalink=\"https:\/\/socialdesignmagazine.com\/mag\/architettura\/casa-ulia-lincontro-tra-tradizione-e-modernita-sostenibile-nel-cuore-del-salento\/attachment\/021_margine_casa-ulia-marcello-mariana\/#content\" data-orig-file=\"https:\/\/socialdesignmagazine.com\/mag\/wp-content\/uploads\/2024\/04\/021_Margine_Casa-Ulia-\u00a9Marcello-Mariana.jpg\" data-orig-size=\"1200,971\" data-comments-opened=\"1\" data-image-meta=\"{&quot;aperture&quot;:&quot;0&quot;,&quot;credit&quot;:&quot;&quot;,&quot;camera&quot;:&quot;ScanMate F6&quot;,&quot;caption&quot;:&quot;Cucina: Legno Rovere su misura \\u0096 Design Margine \\u0096 Realizzazione Tuttolegno SRL\\nRivestimento: Laminam SPA Ardesia nera a spacco\\nPavimento: Sant&#039;Agostino Themar mod. Crema Marfil\\n\\u00a9Marcello Mariana&quot;,&quot;created_timestamp&quot;:&quot;0&quot;,&quot;copyright&quot;:&quot;&quot;,&quot;focal_length&quot;:&quot;0&quot;,&quot;iso&quot;:&quot;0&quot;,&quot;shutter_speed&quot;:&quot;0&quot;,&quot;title&quot;:&quot;&quot;,&quot;orientation&quot;:&quot;1&quot;}\" data-image-title=\"Margine Casa Ulia \u00a9Marcello Mariana\" data-image-description=\"\" data-image-caption=\"&lt;p&gt;Cucina: Legno Rovere su misura \u0096 Design Margine \u0096 Realizzazione Tuttolegno SRL&lt;br \/&gt;\nRivestimento: Laminam SPA Ardesia nera a spacco&lt;br \/&gt;\nPavimento: Sant&amp;#8217;Agostino Themar mod. Crema Marfil&lt;br \/&gt;\n\u00a9Marcello Mariana&lt;\/p&gt;\n\" data-medium-file=\"https:\/\/socialdesignmagazine.com\/mag\/wp-content\/uploads\/2024\/04\/021_Margine_Casa-Ulia-\u00a9Marcello-Mariana-438x283.jpg\" data-large-file=\"https:\/\/socialdesignmagazine.com\/mag\/wp-content\/uploads\/2024\/04\/021_Margine_Casa-Ulia-\u00a9Marcello-Mariana-1024x829.jpg\" data-id=\"58361\" src=\"https:\/\/socialdesignmagazine.com\/mag\/wp-content\/uploads\/2024\/04\/021_Margine_Casa-Ulia-\u00a9Marcello-Mariana-1024x829.jpg\" alt=\"Margine Casa Ulia \u00a9Marcello Mariana\" class=\"wp-image-58361\" srcset=\"https:\/\/socialdesignmagazine.com\/mag\/wp-content\/uploads\/2024\/04\/021_Margine_Casa-Ulia-\u00a9Marcello-Mariana-1024x829.jpg 1024w, https:\/\/socialdesignmagazine.com\/mag\/wp-content\/uploads\/2024\/04\/021_Margine_Casa-Ulia-\u00a9Marcello-Mariana-768x621.jpg 768w, https:\/\/socialdesignmagazine.com\/mag\/wp-content\/uploads\/2024\/04\/021_Margine_Casa-Ulia-\u00a9Marcello-Mariana.jpg 1200w\" sizes=\"auto, (max-width: 1024px) 100vw, 1024px\" \/><figcaption class=\"wp-element-caption\">Cucina: Legno Rovere su misura \u0096 Design Margine \u0096 Realizzazione Tuttolegno SRL\nRivestimento: Laminam SPA Ardesia nera a spacco\nPavimento: Sant&#8217;Agostino Themar mod. Crema Marfil\n\u00a9Marcello Mariana<\/figcaption><\/figure>\n\n\n\n<figure class=\"wp-block-image size-large\"><img loading=\"lazy\" decoding=\"async\" width=\"1024\" height=\"1240\" data-attachment-id=\"58366\" data-permalink=\"https:\/\/socialdesignmagazine.com\/mag\/architettura\/casa-ulia-lincontro-tra-tradizione-e-modernita-sostenibile-nel-cuore-del-salento\/attachment\/022_margine_casa-ulia-marcello-mariana\/#content\" data-orig-file=\"https:\/\/socialdesignmagazine.com\/mag\/wp-content\/uploads\/2024\/04\/022_Margine_Casa-Ulia-\u00a9Marcello-Mariana.jpg\" data-orig-size=\"1200,1453\" data-comments-opened=\"1\" data-image-meta=\"{&quot;aperture&quot;:&quot;0&quot;,&quot;credit&quot;:&quot;&quot;,&quot;camera&quot;:&quot;&quot;,&quot;caption&quot;:&quot;Cucina: Legno Rovere su misura \\u0096 Design Margine \\u0096 Realizzazione Tuttolegno SRL\\nRivestimento: Laminam SPA Ardesia nera a spacco\\n\\u00a9Marcello Mariana&quot;,&quot;created_timestamp&quot;:&quot;0&quot;,&quot;copyright&quot;:&quot;&quot;,&quot;focal_length&quot;:&quot;0&quot;,&quot;iso&quot;:&quot;0&quot;,&quot;shutter_speed&quot;:&quot;0&quot;,&quot;title&quot;:&quot;&quot;,&quot;orientation&quot;:&quot;0&quot;}\" data-image-title=\"Margine Casa Ulia \u00a9Marcello Mariana\" data-image-description=\"\" data-image-caption=\"&lt;p&gt;Cucina: Legno Rovere su misura \u0096 Design Margine \u0096 Realizzazione Tuttolegno SRL&lt;br \/&gt;\nRivestimento: Laminam SPA Ardesia nera a spacco&lt;br \/&gt;\n\u00a9Marcello Mariana&lt;\/p&gt;\n\" data-medium-file=\"https:\/\/socialdesignmagazine.com\/mag\/wp-content\/uploads\/2024\/04\/022_Margine_Casa-Ulia-\u00a9Marcello-Mariana-438x283.jpg\" data-large-file=\"https:\/\/socialdesignmagazine.com\/mag\/wp-content\/uploads\/2024\/04\/022_Margine_Casa-Ulia-\u00a9Marcello-Mariana-1024x1240.jpg\" data-id=\"58366\" src=\"https:\/\/socialdesignmagazine.com\/mag\/wp-content\/uploads\/2024\/04\/022_Margine_Casa-Ulia-\u00a9Marcello-Mariana-1024x1240.jpg\" alt=\"Margine Casa Ulia \u00a9Marcello Mariana\" class=\"wp-image-58366\" srcset=\"https:\/\/socialdesignmagazine.com\/mag\/wp-content\/uploads\/2024\/04\/022_Margine_Casa-Ulia-\u00a9Marcello-Mariana-1024x1240.jpg 1024w, https:\/\/socialdesignmagazine.com\/mag\/wp-content\/uploads\/2024\/04\/022_Margine_Casa-Ulia-\u00a9Marcello-Mariana-768x930.jpg 768w, https:\/\/socialdesignmagazine.com\/mag\/wp-content\/uploads\/2024\/04\/022_Margine_Casa-Ulia-\u00a9Marcello-Mariana.jpg 1200w\" sizes=\"auto, (max-width: 1024px) 100vw, 1024px\" \/><figcaption class=\"wp-element-caption\">Cucina: Legno Rovere su misura \u0096 Design Margine \u0096 Realizzazione Tuttolegno SRL\nRivestimento: Laminam SPA Ardesia nera a spacco\n\u00a9Marcello Mariana<\/figcaption><\/figure>\n\n\n\n<figure class=\"wp-block-image size-large\"><img loading=\"lazy\" decoding=\"async\" width=\"1024\" height=\"1225\" data-attachment-id=\"58375\" data-permalink=\"https:\/\/socialdesignmagazine.com\/mag\/architettura\/casa-ulia-lincontro-tra-tradizione-e-modernita-sostenibile-nel-cuore-del-salento\/attachment\/023_margine_casa-ulia-marcello-mariana\/#content\" data-orig-file=\"https:\/\/socialdesignmagazine.com\/mag\/wp-content\/uploads\/2024\/04\/023_Margine_Casa-Ulia-\u00a9Marcello-Mariana.jpg\" data-orig-size=\"1200,1436\" data-comments-opened=\"1\" data-image-meta=\"{&quot;aperture&quot;:&quot;0&quot;,&quot;credit&quot;:&quot;&quot;,&quot;camera&quot;:&quot;&quot;,&quot;caption&quot;:&quot;Zona giorno, ingresso bagno.\\nBoiserie porta: Legno Rovere su misura \\u0096 Design Margine \\u0096 Realizzazione Tuttolegno SRL\\nPavimento: Sant&#039;Agostino Themar mod. Crema Marfil\\n\\u00a9Marcello Mariana&quot;,&quot;created_timestamp&quot;:&quot;0&quot;,&quot;copyright&quot;:&quot;&quot;,&quot;focal_length&quot;:&quot;0&quot;,&quot;iso&quot;:&quot;0&quot;,&quot;shutter_speed&quot;:&quot;0&quot;,&quot;title&quot;:&quot;&quot;,&quot;orientation&quot;:&quot;0&quot;}\" data-image-title=\"Margine Casa Ulia \u00a9Marcello Mariana\" data-image-description=\"\" data-image-caption=\"&lt;p&gt;Zona giorno, ingresso bagno.&lt;br \/&gt;\nBoiserie porta: Legno Rovere su misura \u0096 Design Margine \u0096 Realizzazione Tuttolegno SRL&lt;br \/&gt;\nPavimento: Sant&amp;#8217;Agostino Themar mod. Crema Marfil&lt;br \/&gt;\n\u00a9Marcello Mariana&lt;\/p&gt;\n\" data-medium-file=\"https:\/\/socialdesignmagazine.com\/mag\/wp-content\/uploads\/2024\/04\/023_Margine_Casa-Ulia-\u00a9Marcello-Mariana-438x283.jpg\" data-large-file=\"https:\/\/socialdesignmagazine.com\/mag\/wp-content\/uploads\/2024\/04\/023_Margine_Casa-Ulia-\u00a9Marcello-Mariana-1024x1225.jpg\" data-id=\"58375\" src=\"https:\/\/socialdesignmagazine.com\/mag\/wp-content\/uploads\/2024\/04\/023_Margine_Casa-Ulia-\u00a9Marcello-Mariana-1024x1225.jpg\" alt=\"Margine Casa Ulia \u00a9Marcello Mariana\" class=\"wp-image-58375\" srcset=\"https:\/\/socialdesignmagazine.com\/mag\/wp-content\/uploads\/2024\/04\/023_Margine_Casa-Ulia-\u00a9Marcello-Mariana-1024x1225.jpg 1024w, https:\/\/socialdesignmagazine.com\/mag\/wp-content\/uploads\/2024\/04\/023_Margine_Casa-Ulia-\u00a9Marcello-Mariana-768x919.jpg 768w, https:\/\/socialdesignmagazine.com\/mag\/wp-content\/uploads\/2024\/04\/023_Margine_Casa-Ulia-\u00a9Marcello-Mariana.jpg 1200w\" sizes=\"auto, (max-width: 1024px) 100vw, 1024px\" \/><figcaption class=\"wp-element-caption\">Zona giorno, ingresso bagno.\nBoiserie porta: Legno Rovere su misura \u0096 Design Margine \u0096 Realizzazione Tuttolegno SRL\nPavimento: Sant&#8217;Agostino Themar mod. Crema Marfil\n\u00a9Marcello Mariana<\/figcaption><\/figure>\n\n\n\n<figure class=\"wp-block-image size-large\"><img loading=\"lazy\" decoding=\"async\" width=\"1024\" height=\"1253\" data-attachment-id=\"58376\" data-permalink=\"https:\/\/socialdesignmagazine.com\/mag\/architettura\/casa-ulia-lincontro-tra-tradizione-e-modernita-sostenibile-nel-cuore-del-salento\/attachment\/024_margine_casa-ulia-marcello-mariana\/#content\" data-orig-file=\"https:\/\/socialdesignmagazine.com\/mag\/wp-content\/uploads\/2024\/04\/024_Margine_Casa-Ulia-\u00a9Marcello-Mariana.jpg\" data-orig-size=\"1200,1468\" data-comments-opened=\"1\" data-image-meta=\"{&quot;aperture&quot;:&quot;0&quot;,&quot;credit&quot;:&quot;&quot;,&quot;camera&quot;:&quot;&quot;,&quot;caption&quot;:&quot;Camera da letto, dettaglio mensola\/comodino.\\nBoiserie camera da letto: Legno Rovere su misura \\u0096 Design Margine \\u0096 Realizzazione Tuttolegno SRL&quot;,&quot;created_timestamp&quot;:&quot;0&quot;,&quot;copyright&quot;:&quot;&quot;,&quot;focal_length&quot;:&quot;0&quot;,&quot;iso&quot;:&quot;0&quot;,&quot;shutter_speed&quot;:&quot;0&quot;,&quot;title&quot;:&quot;&quot;,&quot;orientation&quot;:&quot;0&quot;}\" data-image-title=\"Margine Casa Ulia \u00a9Marcello Mariana\" data-image-description=\"\" data-image-caption=\"&lt;p&gt;Camera da letto, dettaglio mensola\/comodino.&lt;br \/&gt;\nBoiserie camera da letto: Legno Rovere su misura \u0096 Design Margine \u0096 Realizzazione Tuttolegno SRL&lt;\/p&gt;\n\" data-medium-file=\"https:\/\/socialdesignmagazine.com\/mag\/wp-content\/uploads\/2024\/04\/024_Margine_Casa-Ulia-\u00a9Marcello-Mariana-438x283.jpg\" data-large-file=\"https:\/\/socialdesignmagazine.com\/mag\/wp-content\/uploads\/2024\/04\/024_Margine_Casa-Ulia-\u00a9Marcello-Mariana-1024x1253.jpg\" data-id=\"58376\" src=\"https:\/\/socialdesignmagazine.com\/mag\/wp-content\/uploads\/2024\/04\/024_Margine_Casa-Ulia-\u00a9Marcello-Mariana-1024x1253.jpg\" alt=\"Margine Casa Ulia \u00a9Marcello Mariana\" class=\"wp-image-58376\" srcset=\"https:\/\/socialdesignmagazine.com\/mag\/wp-content\/uploads\/2024\/04\/024_Margine_Casa-Ulia-\u00a9Marcello-Mariana-1024x1253.jpg 1024w, https:\/\/socialdesignmagazine.com\/mag\/wp-content\/uploads\/2024\/04\/024_Margine_Casa-Ulia-\u00a9Marcello-Mariana-768x940.jpg 768w, https:\/\/socialdesignmagazine.com\/mag\/wp-content\/uploads\/2024\/04\/024_Margine_Casa-Ulia-\u00a9Marcello-Mariana.jpg 1200w\" sizes=\"auto, (max-width: 1024px) 100vw, 1024px\" \/><figcaption class=\"wp-element-caption\">Camera da letto, dettaglio mensola\/comodino.\nBoiserie camera da letto: Legno Rovere su misura \u0096 Design Margine \u0096 Realizzazione Tuttolegno SRL<\/figcaption><\/figure>\n\n\n\n<figure class=\"wp-block-image size-large\"><img loading=\"lazy\" decoding=\"async\" width=\"1024\" height=\"843\" data-attachment-id=\"58354\" data-permalink=\"https:\/\/socialdesignmagazine.com\/mag\/architettura\/casa-ulia-lincontro-tra-tradizione-e-modernita-sostenibile-nel-cuore-del-salento\/attachment\/025_margine_casa-ulia-marcello-mariana\/#content\" data-orig-file=\"https:\/\/socialdesignmagazine.com\/mag\/wp-content\/uploads\/2024\/04\/025_Margine_Casa-Ulia-\u00a9Marcello-Mariana.jpg\" data-orig-size=\"1200,988\" data-comments-opened=\"1\" data-image-meta=\"{&quot;aperture&quot;:&quot;0&quot;,&quot;credit&quot;:&quot;&quot;,&quot;camera&quot;:&quot;&quot;,&quot;caption&quot;:&quot;Piano interrato, sala eventi.\\nPavimento: Sant&#039;Agostino Themar mod. Crema Marfil\\nArredi: Tavolo \\u0096 Design Margine \\u0096 Realizzazione Tuttolegno SRL e Potenza e Greco SRL, sedia Thonet\\n\\u00a9Marcello Mariana&quot;,&quot;created_timestamp&quot;:&quot;0&quot;,&quot;copyright&quot;:&quot;&quot;,&quot;focal_length&quot;:&quot;0&quot;,&quot;iso&quot;:&quot;0&quot;,&quot;shutter_speed&quot;:&quot;0&quot;,&quot;title&quot;:&quot;&quot;,&quot;orientation&quot;:&quot;0&quot;}\" data-image-title=\"Margine Casa Ulia \u00a9Marcello Mariana\" data-image-description=\"\" data-image-caption=\"&lt;p&gt;Piano interrato, sala eventi.&lt;br \/&gt;\nPavimento: Sant&amp;#8217;Agostino Themar mod. Crema Marfil&lt;br \/&gt;\nArredi: Tavolo \u0096 Design Margine \u0096 Realizzazione Tuttolegno SRL e Potenza e Greco SRL, sedia Thonet&lt;br \/&gt;\n\u00a9Marcello Mariana&lt;\/p&gt;\n\" data-medium-file=\"https:\/\/socialdesignmagazine.com\/mag\/wp-content\/uploads\/2024\/04\/025_Margine_Casa-Ulia-\u00a9Marcello-Mariana-438x283.jpg\" data-large-file=\"https:\/\/socialdesignmagazine.com\/mag\/wp-content\/uploads\/2024\/04\/025_Margine_Casa-Ulia-\u00a9Marcello-Mariana-1024x843.jpg\" data-id=\"58354\" src=\"https:\/\/socialdesignmagazine.com\/mag\/wp-content\/uploads\/2024\/04\/025_Margine_Casa-Ulia-\u00a9Marcello-Mariana-1024x843.jpg\" alt=\"Margine Casa Ulia \u00a9Marcello Mariana\" class=\"wp-image-58354\" srcset=\"https:\/\/socialdesignmagazine.com\/mag\/wp-content\/uploads\/2024\/04\/025_Margine_Casa-Ulia-\u00a9Marcello-Mariana-1024x843.jpg 1024w, https:\/\/socialdesignmagazine.com\/mag\/wp-content\/uploads\/2024\/04\/025_Margine_Casa-Ulia-\u00a9Marcello-Mariana-768x632.jpg 768w, https:\/\/socialdesignmagazine.com\/mag\/wp-content\/uploads\/2024\/04\/025_Margine_Casa-Ulia-\u00a9Marcello-Mariana.jpg 1200w\" sizes=\"auto, (max-width: 1024px) 100vw, 1024px\" \/><figcaption class=\"wp-element-caption\">Piano interrato, sala eventi.\nPavimento: Sant&#8217;Agostino Themar mod. Crema Marfil\nArredi: Tavolo \u0096 Design Margine \u0096 Realizzazione Tuttolegno SRL e Potenza e Greco SRL, sedia Thonet\n\u00a9Marcello Mariana<\/figcaption><\/figure>\n\n\n\n<figure class=\"wp-block-image size-large\"><img loading=\"lazy\" decoding=\"async\" width=\"1024\" height=\"1262\" data-attachment-id=\"58371\" data-permalink=\"https:\/\/socialdesignmagazine.com\/mag\/architettura\/casa-ulia-lincontro-tra-tradizione-e-modernita-sostenibile-nel-cuore-del-salento\/attachment\/bagno-rivestimento-laminam-spa-mod-pietra-di-savoia-avorio\/#content\" data-orig-file=\"https:\/\/socialdesignmagazine.com\/mag\/wp-content\/uploads\/2024\/04\/026_Margine_Casa-Ulia-\u00a9Marcello-Mariana.jpg\" data-orig-size=\"1200,1479\" data-comments-opened=\"1\" data-image-meta=\"{&quot;aperture&quot;:&quot;0&quot;,&quot;credit&quot;:&quot;&quot;,&quot;camera&quot;:&quot;&quot;,&quot;caption&quot;:&quot;Bagno.\\nRivestimento: Laminam SPA mod. Pietra di Savoia Avorio&quot;,&quot;created_timestamp&quot;:&quot;0&quot;,&quot;copyright&quot;:&quot;&quot;,&quot;focal_length&quot;:&quot;0&quot;,&quot;iso&quot;:&quot;0&quot;,&quot;shutter_speed&quot;:&quot;0&quot;,&quot;title&quot;:&quot;Bagno.\\nRivestimento: Laminam SPA mod. Pietra di Savoia Avorio&quot;,&quot;orientation&quot;:&quot;0&quot;}\" data-image-title=\"Bagno.\nRivestimento: Laminam SPA mod. Pietra di Savoia Avorio\" data-image-description=\"\" data-image-caption=\"&lt;p&gt;Bagno.&lt;br \/&gt;\nRivestimento: Laminam SPA mod. Pietra di Savoia Avorio&lt;\/p&gt;\n\" data-medium-file=\"https:\/\/socialdesignmagazine.com\/mag\/wp-content\/uploads\/2024\/04\/026_Margine_Casa-Ulia-\u00a9Marcello-Mariana-438x283.jpg\" data-large-file=\"https:\/\/socialdesignmagazine.com\/mag\/wp-content\/uploads\/2024\/04\/026_Margine_Casa-Ulia-\u00a9Marcello-Mariana-1024x1262.jpg\" data-id=\"58371\" src=\"https:\/\/socialdesignmagazine.com\/mag\/wp-content\/uploads\/2024\/04\/026_Margine_Casa-Ulia-\u00a9Marcello-Mariana-1024x1262.jpg\" alt=\"Bagno.\nRivestimento: Laminam SPA mod. Pietra di Savoia Avorio\" class=\"wp-image-58371\" srcset=\"https:\/\/socialdesignmagazine.com\/mag\/wp-content\/uploads\/2024\/04\/026_Margine_Casa-Ulia-\u00a9Marcello-Mariana-1024x1262.jpg 1024w, https:\/\/socialdesignmagazine.com\/mag\/wp-content\/uploads\/2024\/04\/026_Margine_Casa-Ulia-\u00a9Marcello-Mariana-768x947.jpg 768w, https:\/\/socialdesignmagazine.com\/mag\/wp-content\/uploads\/2024\/04\/026_Margine_Casa-Ulia-\u00a9Marcello-Mariana.jpg 1200w\" sizes=\"auto, (max-width: 1024px) 100vw, 1024px\" \/><figcaption class=\"wp-element-caption\">Bagno.\nRivestimento: Laminam SPA mod. Pietra di Savoia Avorio<\/figcaption><\/figure>\n<\/figure>\n\n\n\n<figure class=\"wp-block-gallery has-nested-images columns-1 is-cropped wp-block-gallery-2 is-layout-flex wp-block-gallery-is-layout-flex\">\n<figure class=\"wp-block-image size-large\"><img loading=\"lazy\" decoding=\"async\" width=\"596\" height=\"843\" data-attachment-id=\"58378\" data-permalink=\"https:\/\/socialdesignmagazine.com\/mag\/architettura\/casa-ulia-lincontro-tra-tradizione-e-modernita-sostenibile-nel-cuore-del-salento\/attachment\/01_margine_casa-ulia_basement-floor\/#content\" data-orig-file=\"https:\/\/socialdesignmagazine.com\/mag\/wp-content\/uploads\/2024\/04\/01_Margine_Casa-Ulia_basement-floor.jpg\" data-orig-size=\"596,843\" data-comments-opened=\"1\" data-image-meta=\"{&quot;aperture&quot;:&quot;0&quot;,&quot;credit&quot;:&quot;&quot;,&quot;camera&quot;:&quot;&quot;,&quot;caption&quot;:&quot;&quot;,&quot;created_timestamp&quot;:&quot;0&quot;,&quot;copyright&quot;:&quot;&quot;,&quot;focal_length&quot;:&quot;0&quot;,&quot;iso&quot;:&quot;0&quot;,&quot;shutter_speed&quot;:&quot;0&quot;,&quot;title&quot;:&quot;&quot;,&quot;orientation&quot;:&quot;0&quot;}\" data-image-title=\"Margine Casa Ulia basement floor\" data-image-description=\"\" data-image-caption=\"\" data-medium-file=\"https:\/\/socialdesignmagazine.com\/mag\/wp-content\/uploads\/2024\/04\/01_Margine_Casa-Ulia_basement-floor-438x283.jpg\" data-large-file=\"https:\/\/socialdesignmagazine.com\/mag\/wp-content\/uploads\/2024\/04\/01_Margine_Casa-Ulia_basement-floor.jpg\" data-id=\"58378\" src=\"https:\/\/socialdesignmagazine.com\/mag\/wp-content\/uploads\/2024\/04\/01_Margine_Casa-Ulia_basement-floor.jpg\" alt=\"Margine Casa Ulia basement floor\" class=\"wp-image-58378\"\/><\/figure>\n\n\n\n<figure class=\"wp-block-image size-large\"><img loading=\"lazy\" decoding=\"async\" width=\"596\" height=\"843\" data-attachment-id=\"58380\" data-permalink=\"https:\/\/socialdesignmagazine.com\/mag\/architettura\/casa-ulia-lincontro-tra-tradizione-e-modernita-sostenibile-nel-cuore-del-salento\/attachment\/02_margine_casa-ulia__floor-plan\/#content\" data-orig-file=\"https:\/\/socialdesignmagazine.com\/mag\/wp-content\/uploads\/2024\/04\/02_Margine_Casa-Ulia__floor-plan.jpg\" data-orig-size=\"596,843\" data-comments-opened=\"1\" data-image-meta=\"{&quot;aperture&quot;:&quot;0&quot;,&quot;credit&quot;:&quot;&quot;,&quot;camera&quot;:&quot;&quot;,&quot;caption&quot;:&quot;&quot;,&quot;created_timestamp&quot;:&quot;0&quot;,&quot;copyright&quot;:&quot;&quot;,&quot;focal_length&quot;:&quot;0&quot;,&quot;iso&quot;:&quot;0&quot;,&quot;shutter_speed&quot;:&quot;0&quot;,&quot;title&quot;:&quot;&quot;,&quot;orientation&quot;:&quot;0&quot;}\" data-image-title=\"Margine Casa Ulia floor plan\" data-image-description=\"\" data-image-caption=\"\" data-medium-file=\"https:\/\/socialdesignmagazine.com\/mag\/wp-content\/uploads\/2024\/04\/02_Margine_Casa-Ulia__floor-plan-438x283.jpg\" data-large-file=\"https:\/\/socialdesignmagazine.com\/mag\/wp-content\/uploads\/2024\/04\/02_Margine_Casa-Ulia__floor-plan.jpg\" data-id=\"58380\" src=\"https:\/\/socialdesignmagazine.com\/mag\/wp-content\/uploads\/2024\/04\/02_Margine_Casa-Ulia__floor-plan.jpg\" alt=\"Margine Casa Ulia floor plan\" class=\"wp-image-58380\"\/><\/figure>\n\n\n\n<figure class=\"wp-block-image size-large\"><img loading=\"lazy\" decoding=\"async\" width=\"596\" height=\"843\" data-attachment-id=\"58379\" data-permalink=\"https:\/\/socialdesignmagazine.com\/mag\/architettura\/casa-ulia-lincontro-tra-tradizione-e-modernita-sostenibile-nel-cuore-del-salento\/attachment\/03_margine_casa-ulia__elevation-a\/#content\" data-orig-file=\"https:\/\/socialdesignmagazine.com\/mag\/wp-content\/uploads\/2024\/04\/03_Margine_Casa-Ulia__elevation-A.jpg\" data-orig-size=\"596,843\" data-comments-opened=\"1\" data-image-meta=\"{&quot;aperture&quot;:&quot;0&quot;,&quot;credit&quot;:&quot;&quot;,&quot;camera&quot;:&quot;&quot;,&quot;caption&quot;:&quot;&quot;,&quot;created_timestamp&quot;:&quot;0&quot;,&quot;copyright&quot;:&quot;&quot;,&quot;focal_length&quot;:&quot;0&quot;,&quot;iso&quot;:&quot;0&quot;,&quot;shutter_speed&quot;:&quot;0&quot;,&quot;title&quot;:&quot;&quot;,&quot;orientation&quot;:&quot;0&quot;}\" data-image-title=\"Margine Casa Ulia elevation A\" data-image-description=\"\" data-image-caption=\"\" data-medium-file=\"https:\/\/socialdesignmagazine.com\/mag\/wp-content\/uploads\/2024\/04\/03_Margine_Casa-Ulia__elevation-A-438x283.jpg\" data-large-file=\"https:\/\/socialdesignmagazine.com\/mag\/wp-content\/uploads\/2024\/04\/03_Margine_Casa-Ulia__elevation-A.jpg\" data-id=\"58379\" src=\"https:\/\/socialdesignmagazine.com\/mag\/wp-content\/uploads\/2024\/04\/03_Margine_Casa-Ulia__elevation-A.jpg\" alt=\"Margine Casa Ulia elevation A\" class=\"wp-image-58379\"\/><\/figure>\n\n\n\n<figure class=\"wp-block-image size-large\"><img loading=\"lazy\" decoding=\"async\" width=\"596\" height=\"843\" data-attachment-id=\"58381\" data-permalink=\"https:\/\/socialdesignmagazine.com\/mag\/architettura\/casa-ulia-lincontro-tra-tradizione-e-modernita-sostenibile-nel-cuore-del-salento\/attachment\/04_margine_casa-ulia__elevation-b\/#content\" data-orig-file=\"https:\/\/socialdesignmagazine.com\/mag\/wp-content\/uploads\/2024\/04\/04_Margine_Casa-Ulia__elevation-B.jpg\" data-orig-size=\"596,843\" data-comments-opened=\"1\" data-image-meta=\"{&quot;aperture&quot;:&quot;0&quot;,&quot;credit&quot;:&quot;&quot;,&quot;camera&quot;:&quot;&quot;,&quot;caption&quot;:&quot;&quot;,&quot;created_timestamp&quot;:&quot;0&quot;,&quot;copyright&quot;:&quot;&quot;,&quot;focal_length&quot;:&quot;0&quot;,&quot;iso&quot;:&quot;0&quot;,&quot;shutter_speed&quot;:&quot;0&quot;,&quot;title&quot;:&quot;&quot;,&quot;orientation&quot;:&quot;0&quot;}\" data-image-title=\"Margine Casa Ulia elevation B\" data-image-description=\"\" data-image-caption=\"\" data-medium-file=\"https:\/\/socialdesignmagazine.com\/mag\/wp-content\/uploads\/2024\/04\/04_Margine_Casa-Ulia__elevation-B-438x283.jpg\" data-large-file=\"https:\/\/socialdesignmagazine.com\/mag\/wp-content\/uploads\/2024\/04\/04_Margine_Casa-Ulia__elevation-B.jpg\" data-id=\"58381\" src=\"https:\/\/socialdesignmagazine.com\/mag\/wp-content\/uploads\/2024\/04\/04_Margine_Casa-Ulia__elevation-B.jpg\" alt=\"Margine Casa Ulia elevation B\" class=\"wp-image-58381\"\/><\/figure>\n\n\n\n<figure class=\"wp-block-image size-large\"><img loading=\"lazy\" decoding=\"async\" width=\"597\" height=\"843\" data-attachment-id=\"58382\" data-permalink=\"https:\/\/socialdesignmagazine.com\/mag\/architettura\/casa-ulia-lincontro-tra-tradizione-e-modernita-sostenibile-nel-cuore-del-salento\/attachment\/05_margine_casa-ulia__elevation-c\/#content\" data-orig-file=\"https:\/\/socialdesignmagazine.com\/mag\/wp-content\/uploads\/2024\/04\/05_Margine_Casa-Ulia__elevation-C.jpg\" data-orig-size=\"597,843\" data-comments-opened=\"1\" data-image-meta=\"{&quot;aperture&quot;:&quot;0&quot;,&quot;credit&quot;:&quot;&quot;,&quot;camera&quot;:&quot;&quot;,&quot;caption&quot;:&quot;&quot;,&quot;created_timestamp&quot;:&quot;0&quot;,&quot;copyright&quot;:&quot;&quot;,&quot;focal_length&quot;:&quot;0&quot;,&quot;iso&quot;:&quot;0&quot;,&quot;shutter_speed&quot;:&quot;0&quot;,&quot;title&quot;:&quot;&quot;,&quot;orientation&quot;:&quot;0&quot;}\" data-image-title=\"Margine Casa Ulia elevation C\" data-image-description=\"\" data-image-caption=\"\" data-medium-file=\"https:\/\/socialdesignmagazine.com\/mag\/wp-content\/uploads\/2024\/04\/05_Margine_Casa-Ulia__elevation-C-438x283.jpg\" data-large-file=\"https:\/\/socialdesignmagazine.com\/mag\/wp-content\/uploads\/2024\/04\/05_Margine_Casa-Ulia__elevation-C.jpg\" data-id=\"58382\" src=\"https:\/\/socialdesignmagazine.com\/mag\/wp-content\/uploads\/2024\/04\/05_Margine_Casa-Ulia__elevation-C.jpg\" alt=\"Margine Casa Ulia elevation C\" class=\"wp-image-58382\"\/><\/figure>\n\n\n\n<figure class=\"wp-block-image size-large\"><img loading=\"lazy\" decoding=\"async\" width=\"596\" height=\"844\" data-attachment-id=\"58383\" data-permalink=\"https:\/\/socialdesignmagazine.com\/mag\/architettura\/casa-ulia-lincontro-tra-tradizione-e-modernita-sostenibile-nel-cuore-del-salento\/attachment\/06_margine_casa-ulia_elevation-d\/#content\" data-orig-file=\"https:\/\/socialdesignmagazine.com\/mag\/wp-content\/uploads\/2024\/04\/06_Margine_Casa-Ulia_elevation-D.jpg\" data-orig-size=\"596,844\" data-comments-opened=\"1\" data-image-meta=\"{&quot;aperture&quot;:&quot;0&quot;,&quot;credit&quot;:&quot;&quot;,&quot;camera&quot;:&quot;&quot;,&quot;caption&quot;:&quot;&quot;,&quot;created_timestamp&quot;:&quot;0&quot;,&quot;copyright&quot;:&quot;&quot;,&quot;focal_length&quot;:&quot;0&quot;,&quot;iso&quot;:&quot;0&quot;,&quot;shutter_speed&quot;:&quot;0&quot;,&quot;title&quot;:&quot;&quot;,&quot;orientation&quot;:&quot;0&quot;}\" data-image-title=\"Margine Casa Ulia elevation D\" data-image-description=\"\" data-image-caption=\"\" data-medium-file=\"https:\/\/socialdesignmagazine.com\/mag\/wp-content\/uploads\/2024\/04\/06_Margine_Casa-Ulia_elevation-D-438x283.jpg\" data-large-file=\"https:\/\/socialdesignmagazine.com\/mag\/wp-content\/uploads\/2024\/04\/06_Margine_Casa-Ulia_elevation-D.jpg\" data-id=\"58383\" src=\"https:\/\/socialdesignmagazine.com\/mag\/wp-content\/uploads\/2024\/04\/06_Margine_Casa-Ulia_elevation-D.jpg\" alt=\"Margine Casa Ulia elevation D\" class=\"wp-image-58383\"\/><\/figure>\n<\/figure>\n\n\n\n<h2 class=\"wp-block-heading\">Project info<\/h2>\n\n\n\n<p><strong>NOME PROGETTO:<\/strong> Casa Ul\u00eca<br><strong>INDIRIZZO:<\/strong> Caprarica di Lecce, LE<br><strong>ARCHITETTO:<\/strong> Margine (Giulio Ciccarese, Valentina Pontieri)<br><strong>PROJECT TEAM:<\/strong> Enrico Durante<br><strong>CLIENTE:<\/strong> Privato<br><strong>DATA:<\/strong> Dicembre 2023<br><strong>AREA DI PROGETTO:<\/strong> 480 mq<br><strong>IMPRESA:<\/strong> Aurora Costruzioni SAS<br><strong>IMPIANTI:<\/strong> Greco &#8211; Idrotermoclima SRL<br><strong>FOTOGRAFO:<\/strong> \u00a9Marcello Mariana<\/p>\n\n\n\n<h3 class=\"wp-block-heading\">FORNITORI<\/h3>\n\n\n\n<p>Forniture rivestimenti e pavimenti: FRATA SRL<br>Marchi rivestimenti e pavimenti: Laminam SPA, Sant&#8217;Agostino<br>Posatore rivestimenti e pavimenti: Panico SRL<br>Vetri e specchi: Vetreria Calasso SRL<br>Infissi: Potenza e Greco SRL<br>Componenti: Bticino, Antonio Lupi, Olivari, Siemens, Cielo.<br>Arredi: Artnova; Sangiacomo, Midj, Devina Nais<br>Arredi su misura e porte: Tuttolegno SRL<\/p>\n\n\n\n<h3 class=\"wp-block-heading\">MATERIALI<\/h3>\n\n\n\n<p>Struttura di elevazione in c.a., chiusure verticali opache in blocchi di laterizio alveolare, partizioni interne in blocchi di calcestruzzo cellulare espanso, serramenti in alluminio, rivestimenti esterni in intonaco su strato di coibentazione in EPS, gelosie in pietra leccese, soglie e davanzali in pietra di apricena, rivestimenti interni in intonaco e gres.<\/p>\n","protected":false,"gt_translate_keys":[{"key":"rendered","format":"html"}]},"excerpt":{"rendered":"<p>Casa Ul\u00eca, disegnata da Margine nel cuore della campagna salentina, unisce tradizione e modernit\u00e0. Caratterizzata da un design mediterraneo e materiali locali, offre comfort contemporanei e efficienza energetica avanzata. Gli interni accoglienti e luminosi si fondono con il paesaggio, creando un rifugio minimalista e sostenibile.<\/p>\n","protected":false,"gt_translate_keys":[{"key":"rendered","format":"html"}]},"author":1,"featured_media":58359,"comment_status":"open","ping_status":"open","sticky":false,"template":"","format":"standard","meta":{"jetpack_post_was_ever_published":false,"_jetpack_newsletter_access":"","_jetpack_dont_email_post_to_subs":false,"_jetpack_newsletter_tier_id":0,"_jetpack_memberships_contains_paywalled_content":false,"_jetpack_memberships_contains_paid_content":false,"footnotes":"","_wpscppro_dont_share_socialmedia":false,"_wpscppro_custom_social_share_image":0,"_facebook_share_type":"","_twitter_share_type":"","_linkedin_share_type":"","_pinterest_share_type":"","_linkedin_share_type_page":"","_instagram_share_type":"","_medium_share_type":"","_threads_share_type":"","_google_business_share_type":"","_selected_social_profile":[],"_wpsp_enable_custom_social_template":false,"_wpsp_social_scheduling":{"enabled":false,"datetime":null,"platforms":[],"status":"template_only","dateOption":"today","timeOption":"now","customDays":"","customHours":"","customDate":"","customTime":"","schedulingType":"absolute"},"_wpsp_active_default_template":true},"categories":[15],"tags":[223,5451,4993,111,2292,6738],"class_list":["post-58304","post","type-post","status-publish","format-standard","has-post-thumbnail","hentry","category-architettura","tag-architecture","tag-architettura","tag-featured","tag-house","tag-interior-design","tag-margine"],"yoast_head":"<!-- This site is optimized with the Yoast SEO plugin v27.2 - https:\/\/yoast.com\/product\/yoast-seo-wordpress\/ -->\n<title>Casa Ul\u00eca: L&#039;incontro tra tradizione e modernit\u00e0 sostenibile nel cuore del Salento - Social Design Magazine<\/title>\n<meta name=\"description\" content=\"Casa Ul\u00eca, disegnata da Margine nel cuore della campagna salentina, unisce tradizione e modernit\u00e0 sostenibile.\" \/>\n<meta name=\"robots\" content=\"index, follow, max-snippet:-1, max-image-preview:large, max-video-preview:-1\" \/>\n<link rel=\"canonical\" href=\"https:\/\/socialdesignmagazine.com\/mag\/architettura\/casa-ulia-lincontro-tra-tradizione-e-modernita-sostenibile-nel-cuore-del-salento\/\" \/>\n<meta property=\"og:locale\" content=\"it_IT\" \/>\n<meta property=\"og:type\" content=\"article\" \/>\n<meta property=\"og:title\" content=\"Casa Ul\u00eca: L&#039;incontro tra tradizione e modernit\u00e0 sostenibile nel cuore del Salento - Social Design Magazine\" \/>\n<meta property=\"og:description\" content=\"Casa Ul\u00eca, disegnata da Margine nel cuore della campagna salentina, unisce tradizione e modernit\u00e0 sostenibile.\" \/>\n<meta property=\"og:url\" content=\"https:\/\/socialdesignmagazine.com\/mag\/architettura\/casa-ulia-lincontro-tra-tradizione-e-modernita-sostenibile-nel-cuore-del-salento\/\" \/>\n<meta property=\"og:site_name\" content=\"Social Design Magazine\" \/>\n<meta property=\"article:publisher\" content=\"https:\/\/www.facebook.com\/socialdesignmag\" \/>\n<meta property=\"article:author\" content=\"https:\/\/www.facebook.com\/benedettofiori\" \/>\n<meta property=\"article:published_time\" content=\"2024-04-25T10:13:00+00:00\" \/>\n<meta property=\"og:image\" content=\"https:\/\/socialdesignmagazine.com\/mag\/wp-content\/uploads\/2024\/04\/02_Margine_Casa-Ulia-\u00a9Marcello-Mariana.jpg\" \/>\n\t<meta property=\"og:image:width\" content=\"1200\" \/>\n\t<meta property=\"og:image:height\" content=\"960\" \/>\n\t<meta property=\"og:image:type\" content=\"image\/jpeg\" \/>\n<meta name=\"author\" content=\"Benedetto Fiori\" \/>\n<meta name=\"twitter:card\" content=\"summary_large_image\" \/>\n<meta name=\"twitter:creator\" content=\"@benedettofiori\" \/>\n<meta name=\"twitter:site\" content=\"@socialdesignmag\" \/>\n<meta name=\"twitter:label1\" content=\"Scritto da\" \/>\n\t<meta name=\"twitter:data1\" content=\"Benedetto Fiori\" \/>\n\t<meta name=\"twitter:label2\" content=\"Tempo di lettura stimato\" \/>\n\t<meta name=\"twitter:data2\" content=\"13 minuti\" \/>\n<script type=\"application\/ld+json\" class=\"yoast-schema-graph\">{\"@context\":\"https:\/\/schema.org\",\"@graph\":[{\"@type\":\"Article\",\"@id\":\"https:\/\/socialdesignmagazine.com\/mag\/architettura\/casa-ulia-lincontro-tra-tradizione-e-modernita-sostenibile-nel-cuore-del-salento\/#article\",\"isPartOf\":{\"@id\":\"https:\/\/socialdesignmagazine.com\/mag\/architettura\/casa-ulia-lincontro-tra-tradizione-e-modernita-sostenibile-nel-cuore-del-salento\/\"},\"author\":{\"name\":\"Benedetto Fiori\",\"@id\":\"https:\/\/socialdesignmagazine.com\/mag\/#\/schema\/person\/61e20205cc363c315e6aabd33a045846\"},\"headline\":\"Casa Ul\u00eca: L&#8217;incontro tra tradizione e modernit\u00e0 sostenibile nel cuore del Salento\",\"datePublished\":\"2024-04-25T10:13:00+00:00\",\"mainEntityOfPage\":{\"@id\":\"https:\/\/socialdesignmagazine.com\/mag\/architettura\/casa-ulia-lincontro-tra-tradizione-e-modernita-sostenibile-nel-cuore-del-salento\/\"},\"wordCount\":1051,\"commentCount\":1,\"publisher\":{\"@id\":\"https:\/\/socialdesignmagazine.com\/mag\/#organization\"},\"image\":{\"@id\":\"https:\/\/socialdesignmagazine.com\/mag\/architettura\/casa-ulia-lincontro-tra-tradizione-e-modernita-sostenibile-nel-cuore-del-salento\/#primaryimage\"},\"thumbnailUrl\":\"https:\/\/socialdesignmagazine.com\/mag\/wp-content\/uploads\/2024\/04\/02_Margine_Casa-Ulia-\u00a9Marcello-Mariana.jpg\",\"keywords\":[\"architecture\",\"architettura\",\"featured\",\"house\",\"interior design\",\"margine\"],\"articleSection\":[\"Architettura\"],\"inLanguage\":\"it-IT\",\"potentialAction\":[{\"@type\":\"CommentAction\",\"name\":\"Comment\",\"target\":[\"https:\/\/socialdesignmagazine.com\/mag\/architettura\/casa-ulia-lincontro-tra-tradizione-e-modernita-sostenibile-nel-cuore-del-salento\/#respond\"]}]},{\"@type\":\"WebPage\",\"@id\":\"https:\/\/socialdesignmagazine.com\/mag\/architettura\/casa-ulia-lincontro-tra-tradizione-e-modernita-sostenibile-nel-cuore-del-salento\/\",\"url\":\"https:\/\/socialdesignmagazine.com\/mag\/architettura\/casa-ulia-lincontro-tra-tradizione-e-modernita-sostenibile-nel-cuore-del-salento\/\",\"name\":\"Casa Ul\u00eca: L'incontro tra tradizione e modernit\u00e0 sostenibile nel cuore del Salento - Social Design Magazine\",\"isPartOf\":{\"@id\":\"https:\/\/socialdesignmagazine.com\/mag\/#website\"},\"primaryImageOfPage\":{\"@id\":\"https:\/\/socialdesignmagazine.com\/mag\/architettura\/casa-ulia-lincontro-tra-tradizione-e-modernita-sostenibile-nel-cuore-del-salento\/#primaryimage\"},\"image\":{\"@id\":\"https:\/\/socialdesignmagazine.com\/mag\/architettura\/casa-ulia-lincontro-tra-tradizione-e-modernita-sostenibile-nel-cuore-del-salento\/#primaryimage\"},\"thumbnailUrl\":\"https:\/\/socialdesignmagazine.com\/mag\/wp-content\/uploads\/2024\/04\/02_Margine_Casa-Ulia-\u00a9Marcello-Mariana.jpg\",\"datePublished\":\"2024-04-25T10:13:00+00:00\",\"description\":\"Casa Ul\u00eca, disegnata da Margine nel cuore della campagna salentina, unisce tradizione e modernit\u00e0 sostenibile.\",\"breadcrumb\":{\"@id\":\"https:\/\/socialdesignmagazine.com\/mag\/architettura\/casa-ulia-lincontro-tra-tradizione-e-modernita-sostenibile-nel-cuore-del-salento\/#breadcrumb\"},\"inLanguage\":\"it-IT\",\"potentialAction\":[{\"@type\":\"ReadAction\",\"target\":[\"https:\/\/socialdesignmagazine.com\/mag\/architettura\/casa-ulia-lincontro-tra-tradizione-e-modernita-sostenibile-nel-cuore-del-salento\/\"]}]},{\"@type\":\"ImageObject\",\"inLanguage\":\"it-IT\",\"@id\":\"https:\/\/socialdesignmagazine.com\/mag\/architettura\/casa-ulia-lincontro-tra-tradizione-e-modernita-sostenibile-nel-cuore-del-salento\/#primaryimage\",\"url\":\"https:\/\/socialdesignmagazine.com\/mag\/wp-content\/uploads\/2024\/04\/02_Margine_Casa-Ulia-\u00a9Marcello-Mariana.jpg\",\"contentUrl\":\"https:\/\/socialdesignmagazine.com\/mag\/wp-content\/uploads\/2024\/04\/02_Margine_Casa-Ulia-\u00a9Marcello-Mariana.jpg\",\"width\":1200,\"height\":960,\"caption\":\"Vista esterna serale, prospetto Sud \/ Est. \u00a9Marcello Mariana\"},{\"@type\":\"BreadcrumbList\",\"@id\":\"https:\/\/socialdesignmagazine.com\/mag\/architettura\/casa-ulia-lincontro-tra-tradizione-e-modernita-sostenibile-nel-cuore-del-salento\/#breadcrumb\",\"itemListElement\":[{\"@type\":\"ListItem\",\"position\":1,\"name\":\"Home\",\"item\":\"https:\/\/socialdesignmagazine.com\/mag\/\"},{\"@type\":\"ListItem\",\"position\":2,\"name\":\"Architettura\",\"item\":\"https:\/\/socialdesignmagazine.com\/mag\/architettura\/\"},{\"@type\":\"ListItem\",\"position\":3,\"name\":\"Casa Ul\u00eca: L&#8217;incontro tra tradizione e modernit\u00e0 sostenibile nel cuore del Salento\"}]},{\"@type\":\"WebSite\",\"@id\":\"https:\/\/socialdesignmagazine.com\/mag\/#website\",\"url\":\"https:\/\/socialdesignmagazine.com\/mag\/\",\"name\":\"Social Design Magazine\",\"description\":\"Social Magazine su Design, Architettura, Arte, Grafica\",\"publisher\":{\"@id\":\"https:\/\/socialdesignmagazine.com\/mag\/#organization\"},\"potentialAction\":[{\"@type\":\"SearchAction\",\"target\":{\"@type\":\"EntryPoint\",\"urlTemplate\":\"https:\/\/socialdesignmagazine.com\/mag\/?s={search_term_string}\"},\"query-input\":{\"@type\":\"PropertyValueSpecification\",\"valueRequired\":true,\"valueName\":\"search_term_string\"}}],\"inLanguage\":\"it-IT\"},{\"@type\":\"Organization\",\"@id\":\"https:\/\/socialdesignmagazine.com\/mag\/#organization\",\"name\":\"Social Design Magazine\",\"url\":\"https:\/\/socialdesignmagazine.com\/mag\/\",\"logo\":{\"@type\":\"ImageObject\",\"inLanguage\":\"it-IT\",\"@id\":\"https:\/\/socialdesignmagazine.com\/mag\/#\/schema\/logo\/image\/\",\"url\":\"https:\/\/socialdesignmagazine.com\/mag\/wp-content\/uploads\/2017\/01\/logo_favicon_11.png\",\"contentUrl\":\"https:\/\/socialdesignmagazine.com\/mag\/wp-content\/uploads\/2017\/01\/logo_favicon_11.png\",\"width\":1024,\"height\":1024,\"caption\":\"Social Design Magazine\"},\"image\":{\"@id\":\"https:\/\/socialdesignmagazine.com\/mag\/#\/schema\/logo\/image\/\"},\"sameAs\":[\"https:\/\/www.facebook.com\/socialdesignmag\",\"https:\/\/x.com\/socialdesignmag\",\"http:\/\/instagram.com\/social_design_magazine\/\",\"http:\/\/pinterest.com\/socialdesignmag\/\",\"http:\/\/www.youtube.com\/user\/socialdesignmagazine\"]},{\"@type\":\"Person\",\"@id\":\"https:\/\/socialdesignmagazine.com\/mag\/#\/schema\/person\/61e20205cc363c315e6aabd33a045846\",\"name\":\"Benedetto Fiori\",\"image\":{\"@type\":\"ImageObject\",\"inLanguage\":\"it-IT\",\"@id\":\"https:\/\/secure.gravatar.com\/avatar\/450a48cefa36da63d920ad70aa660bd10725b1c6093800242e5efdb397759033?s=96&d=mm&r=g\",\"url\":\"https:\/\/secure.gravatar.com\/avatar\/450a48cefa36da63d920ad70aa660bd10725b1c6093800242e5efdb397759033?s=96&d=mm&r=g\",\"contentUrl\":\"https:\/\/secure.gravatar.com\/avatar\/450a48cefa36da63d920ad70aa660bd10725b1c6093800242e5efdb397759033?s=96&d=mm&r=g\",\"caption\":\"Benedetto Fiori\"},\"description\":\"Web | Twitter | Facebook | Shutterstock Founder &amp; Editor in Chief di Social Design Magazine. Attratto da sempre da tutto ci\u00f2 che \u00e8 creativit\u00e0, design, architettura. Dopo aver studiato Architettura all'Universit\u00e0 di Firenze, si \u00e8 impegnato in molteplici campi: comunicazione grafica, progettazione di allestimenti fieristici, brand design, Interior Design.\",\"sameAs\":[\"http:\/\/benedettofiori.com\",\"https:\/\/www.facebook.com\/benedettofiori\",\"https:\/\/x.com\/benedettofiori\"],\"url\":\"https:\/\/socialdesignmagazine.com\/mag\/author\/benedetto\/\"}]}<\/script>\n<!-- \/ Yoast SEO plugin. -->","yoast_head_json":{"title":"Casa Ul\u00eca: L'incontro tra tradizione e modernit\u00e0 sostenibile nel cuore del Salento - Social Design Magazine","description":"Casa Ul\u00eca, disegnata da Margine nel cuore della campagna salentina, unisce tradizione e modernit\u00e0 sostenibile.","robots":{"index":"index","follow":"follow","max-snippet":"max-snippet:-1","max-image-preview":"max-image-preview:large","max-video-preview":"max-video-preview:-1"},"canonical":"https:\/\/socialdesignmagazine.com\/mag\/architettura\/casa-ulia-lincontro-tra-tradizione-e-modernita-sostenibile-nel-cuore-del-salento\/","og_locale":"it_IT","og_type":"article","og_title":"Casa Ul\u00eca: L'incontro tra tradizione e modernit\u00e0 sostenibile nel cuore del Salento - Social Design Magazine","og_description":"Casa Ul\u00eca, disegnata da Margine nel cuore della campagna salentina, unisce tradizione e modernit\u00e0 sostenibile.","og_url":"https:\/\/socialdesignmagazine.com\/mag\/architettura\/casa-ulia-lincontro-tra-tradizione-e-modernita-sostenibile-nel-cuore-del-salento\/","og_site_name":"Social Design Magazine","article_publisher":"https:\/\/www.facebook.com\/socialdesignmag","article_author":"https:\/\/www.facebook.com\/benedettofiori","article_published_time":"2024-04-25T10:13:00+00:00","og_image":[{"width":1200,"height":960,"url":"https:\/\/socialdesignmagazine.com\/mag\/wp-content\/uploads\/2024\/04\/02_Margine_Casa-Ulia-\u00a9Marcello-Mariana.jpg","type":"image\/jpeg"}],"author":"Benedetto Fiori","twitter_card":"summary_large_image","twitter_creator":"@benedettofiori","twitter_site":"@socialdesignmag","twitter_misc":{"Scritto da":"Benedetto Fiori","Tempo di lettura stimato":"13 minuti"},"schema":{"@context":"https:\/\/schema.org","@graph":[{"@type":"Article","@id":"https:\/\/socialdesignmagazine.com\/mag\/architettura\/casa-ulia-lincontro-tra-tradizione-e-modernita-sostenibile-nel-cuore-del-salento\/#article","isPartOf":{"@id":"https:\/\/socialdesignmagazine.com\/mag\/architettura\/casa-ulia-lincontro-tra-tradizione-e-modernita-sostenibile-nel-cuore-del-salento\/"},"author":{"name":"Benedetto Fiori","@id":"https:\/\/socialdesignmagazine.com\/mag\/#\/schema\/person\/61e20205cc363c315e6aabd33a045846"},"headline":"Casa Ul\u00eca: L&#8217;incontro tra tradizione e modernit\u00e0 sostenibile nel cuore del Salento","datePublished":"2024-04-25T10:13:00+00:00","mainEntityOfPage":{"@id":"https:\/\/socialdesignmagazine.com\/mag\/architettura\/casa-ulia-lincontro-tra-tradizione-e-modernita-sostenibile-nel-cuore-del-salento\/"},"wordCount":1051,"commentCount":1,"publisher":{"@id":"https:\/\/socialdesignmagazine.com\/mag\/#organization"},"image":{"@id":"https:\/\/socialdesignmagazine.com\/mag\/architettura\/casa-ulia-lincontro-tra-tradizione-e-modernita-sostenibile-nel-cuore-del-salento\/#primaryimage"},"thumbnailUrl":"https:\/\/socialdesignmagazine.com\/mag\/wp-content\/uploads\/2024\/04\/02_Margine_Casa-Ulia-\u00a9Marcello-Mariana.jpg","keywords":["architecture","architettura","featured","house","interior design","margine"],"articleSection":["Architettura"],"inLanguage":"it-IT","potentialAction":[{"@type":"CommentAction","name":"Comment","target":["https:\/\/socialdesignmagazine.com\/mag\/architettura\/casa-ulia-lincontro-tra-tradizione-e-modernita-sostenibile-nel-cuore-del-salento\/#respond"]}]},{"@type":"WebPage","@id":"https:\/\/socialdesignmagazine.com\/mag\/architettura\/casa-ulia-lincontro-tra-tradizione-e-modernita-sostenibile-nel-cuore-del-salento\/","url":"https:\/\/socialdesignmagazine.com\/mag\/architettura\/casa-ulia-lincontro-tra-tradizione-e-modernita-sostenibile-nel-cuore-del-salento\/","name":"Casa Ul\u00eca: L'incontro tra tradizione e modernit\u00e0 sostenibile nel cuore del Salento - Social Design Magazine","isPartOf":{"@id":"https:\/\/socialdesignmagazine.com\/mag\/#website"},"primaryImageOfPage":{"@id":"https:\/\/socialdesignmagazine.com\/mag\/architettura\/casa-ulia-lincontro-tra-tradizione-e-modernita-sostenibile-nel-cuore-del-salento\/#primaryimage"},"image":{"@id":"https:\/\/socialdesignmagazine.com\/mag\/architettura\/casa-ulia-lincontro-tra-tradizione-e-modernita-sostenibile-nel-cuore-del-salento\/#primaryimage"},"thumbnailUrl":"https:\/\/socialdesignmagazine.com\/mag\/wp-content\/uploads\/2024\/04\/02_Margine_Casa-Ulia-\u00a9Marcello-Mariana.jpg","datePublished":"2024-04-25T10:13:00+00:00","description":"Casa Ul\u00eca, disegnata da Margine nel cuore della campagna salentina, unisce tradizione e modernit\u00e0 sostenibile.","breadcrumb":{"@id":"https:\/\/socialdesignmagazine.com\/mag\/architettura\/casa-ulia-lincontro-tra-tradizione-e-modernita-sostenibile-nel-cuore-del-salento\/#breadcrumb"},"inLanguage":"it-IT","potentialAction":[{"@type":"ReadAction","target":["https:\/\/socialdesignmagazine.com\/mag\/architettura\/casa-ulia-lincontro-tra-tradizione-e-modernita-sostenibile-nel-cuore-del-salento\/"]}]},{"@type":"ImageObject","inLanguage":"it-IT","@id":"https:\/\/socialdesignmagazine.com\/mag\/architettura\/casa-ulia-lincontro-tra-tradizione-e-modernita-sostenibile-nel-cuore-del-salento\/#primaryimage","url":"https:\/\/socialdesignmagazine.com\/mag\/wp-content\/uploads\/2024\/04\/02_Margine_Casa-Ulia-\u00a9Marcello-Mariana.jpg","contentUrl":"https:\/\/socialdesignmagazine.com\/mag\/wp-content\/uploads\/2024\/04\/02_Margine_Casa-Ulia-\u00a9Marcello-Mariana.jpg","width":1200,"height":960,"caption":"Vista esterna serale, prospetto Sud \/ Est. \u00a9Marcello Mariana"},{"@type":"BreadcrumbList","@id":"https:\/\/socialdesignmagazine.com\/mag\/architettura\/casa-ulia-lincontro-tra-tradizione-e-modernita-sostenibile-nel-cuore-del-salento\/#breadcrumb","itemListElement":[{"@type":"ListItem","position":1,"name":"Home","item":"https:\/\/socialdesignmagazine.com\/mag\/"},{"@type":"ListItem","position":2,"name":"Architettura","item":"https:\/\/socialdesignmagazine.com\/mag\/architettura\/"},{"@type":"ListItem","position":3,"name":"Casa Ul\u00eca: L&#8217;incontro tra tradizione e modernit\u00e0 sostenibile nel cuore del Salento"}]},{"@type":"WebSite","@id":"https:\/\/socialdesignmagazine.com\/mag\/#website","url":"https:\/\/socialdesignmagazine.com\/mag\/","name":"Social Design Magazine","description":"Social Magazine su Design, Architettura, Arte, Grafica","publisher":{"@id":"https:\/\/socialdesignmagazine.com\/mag\/#organization"},"potentialAction":[{"@type":"SearchAction","target":{"@type":"EntryPoint","urlTemplate":"https:\/\/socialdesignmagazine.com\/mag\/?s={search_term_string}"},"query-input":{"@type":"PropertyValueSpecification","valueRequired":true,"valueName":"search_term_string"}}],"inLanguage":"it-IT"},{"@type":"Organization","@id":"https:\/\/socialdesignmagazine.com\/mag\/#organization","name":"Social Design Magazine","url":"https:\/\/socialdesignmagazine.com\/mag\/","logo":{"@type":"ImageObject","inLanguage":"it-IT","@id":"https:\/\/socialdesignmagazine.com\/mag\/#\/schema\/logo\/image\/","url":"https:\/\/socialdesignmagazine.com\/mag\/wp-content\/uploads\/2017\/01\/logo_favicon_11.png","contentUrl":"https:\/\/socialdesignmagazine.com\/mag\/wp-content\/uploads\/2017\/01\/logo_favicon_11.png","width":1024,"height":1024,"caption":"Social Design Magazine"},"image":{"@id":"https:\/\/socialdesignmagazine.com\/mag\/#\/schema\/logo\/image\/"},"sameAs":["https:\/\/www.facebook.com\/socialdesignmag","https:\/\/x.com\/socialdesignmag","http:\/\/instagram.com\/social_design_magazine\/","http:\/\/pinterest.com\/socialdesignmag\/","http:\/\/www.youtube.com\/user\/socialdesignmagazine"]},{"@type":"Person","@id":"https:\/\/socialdesignmagazine.com\/mag\/#\/schema\/person\/61e20205cc363c315e6aabd33a045846","name":"Benedetto Fiori","image":{"@type":"ImageObject","inLanguage":"it-IT","@id":"https:\/\/secure.gravatar.com\/avatar\/450a48cefa36da63d920ad70aa660bd10725b1c6093800242e5efdb397759033?s=96&d=mm&r=g","url":"https:\/\/secure.gravatar.com\/avatar\/450a48cefa36da63d920ad70aa660bd10725b1c6093800242e5efdb397759033?s=96&d=mm&r=g","contentUrl":"https:\/\/secure.gravatar.com\/avatar\/450a48cefa36da63d920ad70aa660bd10725b1c6093800242e5efdb397759033?s=96&d=mm&r=g","caption":"Benedetto Fiori"},"description":"Web | Twitter | Facebook | Shutterstock Founder &amp; Editor in Chief di Social Design Magazine. Attratto da sempre da tutto ci\u00f2 che \u00e8 creativit\u00e0, design, architettura. Dopo aver studiato Architettura all'Universit\u00e0 di Firenze, si \u00e8 impegnato in molteplici campi: comunicazione grafica, progettazione di allestimenti fieristici, brand design, Interior Design.","sameAs":["http:\/\/benedettofiori.com","https:\/\/www.facebook.com\/benedettofiori","https:\/\/x.com\/benedettofiori"],"url":"https:\/\/socialdesignmagazine.com\/mag\/author\/benedetto\/"}]}},"jetpack_featured_media_url":"https:\/\/socialdesignmagazine.com\/mag\/wp-content\/uploads\/2024\/04\/02_Margine_Casa-Ulia-\u00a9Marcello-Mariana.jpg","jetpack_sharing_enabled":true,"jetpack_shortlink":"https:\/\/wp.me\/p6cV7V-fao","gt_translate_keys":[{"key":"link","format":"url"}],"_links":{"self":[{"href":"https:\/\/socialdesignmagazine.com\/mag\/wp-json\/wp\/v2\/posts\/58304","targetHints":{"allow":["GET"]}}],"collection":[{"href":"https:\/\/socialdesignmagazine.com\/mag\/wp-json\/wp\/v2\/posts"}],"about":[{"href":"https:\/\/socialdesignmagazine.com\/mag\/wp-json\/wp\/v2\/types\/post"}],"author":[{"embeddable":true,"href":"https:\/\/socialdesignmagazine.com\/mag\/wp-json\/wp\/v2\/users\/1"}],"replies":[{"embeddable":true,"href":"https:\/\/socialdesignmagazine.com\/mag\/wp-json\/wp\/v2\/comments?post=58304"}],"version-history":[{"count":3,"href":"https:\/\/socialdesignmagazine.com\/mag\/wp-json\/wp\/v2\/posts\/58304\/revisions"}],"predecessor-version":[{"id":58386,"href":"https:\/\/socialdesignmagazine.com\/mag\/wp-json\/wp\/v2\/posts\/58304\/revisions\/58386"}],"wp:featuredmedia":[{"embeddable":true,"href":"https:\/\/socialdesignmagazine.com\/mag\/wp-json\/wp\/v2\/media\/58359"}],"wp:attachment":[{"href":"https:\/\/socialdesignmagazine.com\/mag\/wp-json\/wp\/v2\/media?parent=58304"}],"wp:term":[{"taxonomy":"category","embeddable":true,"href":"https:\/\/socialdesignmagazine.com\/mag\/wp-json\/wp\/v2\/categories?post=58304"},{"taxonomy":"post_tag","embeddable":true,"href":"https:\/\/socialdesignmagazine.com\/mag\/wp-json\/wp\/v2\/tags?post=58304"}],"curies":[{"name":"wp","href":"https:\/\/api.w.org\/{rel}","templated":true}]}}