{"id":589,"date":"2012-03-10T21:00:00","date_gmt":"2012-03-10T20:00:00","guid":{"rendered":"https:\/\/socialdesignmagazine.com\/mag\/s8-visual\/c38-visual\/openartmarket-larte-contemporanea-tra-promozione-culturale-e-mercato\/"},"modified":"2024-05-12T13:30:12","modified_gmt":"2024-05-12T11:30:12","slug":"openartmarket-larte-contemporanea-tra-promozione-culturale-e-mercato","status":"publish","type":"post","link":"https:\/\/socialdesignmagazine.com\/mag\/visual\/openartmarket-larte-contemporanea-tra-promozione-culturale-e-mercato\/","title":{"rendered":"openARTmarket, L\u2019arte contemporanea tra promozione culturale e mercato","gt_translate_keys":[{"key":"rendered","format":"text"}]},"content":{"rendered":"\n<p>In seguito al grande successo delle prime due edizioni di openARTmarket a Roma in pieno centro, rione Regola, si inaugura sabato 17 marzo il terzo appuntamento presso spazio MostrArti. openARTmarket \u00e8 un\u2019esposizione-mercato per l\u2019incontro di estimatori ed artisti emergenti.<\/p>\n\n\n\n<p>Dare all\u2019arte contemporanea la capacit\u00e0 di aprirsi a nuovi spazi di dialogo e d\u2019incontro con un pubblico sensibile di estimatori, anche se di limitate possibilit\u00e0 economiche, \u00e8 la finalit\u00e0 con cui si presenta openARTmarket, un progetto innovativo nel quale \u2018opera e artista\u2019 escono dalla logica dell\u2019eccezionalit\u00e0 e del collezionismo d\u2019\u00e9lite per diventare mezzo di comunicazione sociale, oltrech\u00e9 estetico. L\u2019idea del progetto \u00e8 quella di realizzare nel centro di Roma un\u2019esposizione-mercato permanente, dove il pubblico possa iniziare a scegliere opere per la propria collezione, e sia aiutato a prendere l\u2019arte con un po\u2019 pi\u00f9 di leggerezza, avvicinandosi alle tematiche ed agli stili espressivi seguendo anche il proprio istinto. Nell\u2019intento della sua ideatrice, Antonietta Campilongo \u2013 architetto e curatrice di eventi, da anni attiva nel settore organizzativo dell\u2019arte contemporanea in Italia e all\u2019estero \u2013 c\u2019\u00e8 infatti l\u2019esigenza di creare un luogo, dove stabilire un contatto diretto tra l\u2019artista emergente ed il pubblico che si affaccia all\u2019arte contemporanea; un vero e proprio \u2018market\u2019 dove guardare, discutere, scegliere e, soprattutto, comperare opere d\u2019arte contemporanee a costi decisamente contenuti (tra i 49 e i 999 euro); un punto d\u2019incontro dove poter dare visibilit\u00e0 e riconoscere all\u2019artista la sua dignit\u00e0 e qualit\u00e0 di creatore d\u2019arte, retribuito per il suo lavoro e per la sua funzione sociale, e dove consentire ad un pubblico di utenti, interessati all\u2019arte contemporanea, la possibilit\u00e0 di acquisire opere di autentico valore artistico.<\/p>\n\n\n<div class=\"wp-block-image\">\n<figure class=\"aligncenter\"><img loading=\"lazy\" decoding=\"async\" width=\"720\" height=\"535\" data-attachment-id=\"7361\" data-permalink=\"https:\/\/socialdesignmagazine.com\/mag\/visual\/openartmarket-larte-contemporanea-tra-promozione-culturale-e-mercato\/attachment\/vendetta\/#content\" data-orig-file=\"https:\/\/socialdesignmagazine.com\/mag\/wp-content\/uploads\/2012\/03\/benedetto_antonietta_campilongo_openart_market_Vendetta.jpg\" data-orig-size=\"720,535\" data-comments-opened=\"1\" data-image-meta=\"{&quot;aperture&quot;:&quot;0&quot;,&quot;credit&quot;:&quot;&quot;,&quot;camera&quot;:&quot;&quot;,&quot;caption&quot;:&quot;&quot;,&quot;created_timestamp&quot;:&quot;0&quot;,&quot;copyright&quot;:&quot;&quot;,&quot;focal_length&quot;:&quot;0&quot;,&quot;iso&quot;:&quot;0&quot;,&quot;shutter_speed&quot;:&quot;0&quot;,&quot;title&quot;:&quot;&quot;,&quot;orientation&quot;:&quot;0&quot;}\" data-image-title=\"Vendetta\" data-image-description=\"\" data-image-caption=\"\" data-medium-file=\"https:\/\/socialdesignmagazine.com\/mag\/wp-content\/uploads\/2012\/03\/benedetto_antonietta_campilongo_openart_market_Vendetta-396x256.jpg\" data-large-file=\"https:\/\/socialdesignmagazine.com\/mag\/wp-content\/uploads\/2012\/03\/benedetto_antonietta_campilongo_openart_market_Vendetta.jpg\" src=\"https:\/\/socialdesignmagazine.com\/mag\/wp-content\/uploads\/2012\/03\/benedetto_antonietta_campilongo_openart_market_Vendetta.jpg\" alt=\"Vendetta\" class=\"wp-image-7361\"\/><\/figure>\n<\/div>\n\n\n<p>Un concetto dell\u2019arte moderna alternativo a quello degli \u2018arti-star\u2019 arrivati alla notoriet\u00e0, supervalutati nei circuiti internazionali del grande collezionismo, difficilmente raggiungibili dal grande pubblico, e alternativo soprattutto a quello di \u201carte di riproduzione e replica\u201d che, insieme ad una produzione diffusa di minore qualit\u00e0, \u00e8 una delle realt\u00e0 surrogato cui attinge una considerevole fetta di pubblico. Un potenziale mercato che se re-indirizzato potrebbe recepire e rivitalizzare il lavoro degli artisti emergenti riconoscendo loro un ruolo ed un valore di produzione creativo. Lo spazio espositivo sar\u00e0 realizzato presso MostrArti, in via Santa Maria in Monticelli 66 (largo Argentina), dove si potranno trovare i lavori di artisti emergenti a livello nazionale ed internazionale con cataloghi e materiali di presentazione, e dove inoltre saranno realizzate periodicamente rassegne, in cui saranno presentati al pubblico nuovi talenti. Ad affiancare l\u2019ideatrice del progetto vi saranno partner di consolidata competenza nell\u2019area dell\u2019art-marketing.<\/p>\n\n\n<div class=\"wp-block-image\">\n<figure class=\"aligncenter\"><img loading=\"lazy\" decoding=\"async\" width=\"720\" height=\"591\" data-attachment-id=\"7362\" data-permalink=\"https:\/\/socialdesignmagazine.com\/mag\/visual\/openartmarket-larte-contemporanea-tra-promozione-culturale-e-mercato\/attachment\/spot-poltrona_cartone_riciclato\/#content\" data-orig-file=\"https:\/\/socialdesignmagazine.com\/mag\/wp-content\/uploads\/2012\/03\/benedetto_antonietta_campilongo_openart_market_Spot-poltrona_cartone_riciclato.jpg\" data-orig-size=\"720,591\" data-comments-opened=\"1\" data-image-meta=\"{&quot;aperture&quot;:&quot;0&quot;,&quot;credit&quot;:&quot;&quot;,&quot;camera&quot;:&quot;&quot;,&quot;caption&quot;:&quot;&quot;,&quot;created_timestamp&quot;:&quot;0&quot;,&quot;copyright&quot;:&quot;&quot;,&quot;focal_length&quot;:&quot;0&quot;,&quot;iso&quot;:&quot;0&quot;,&quot;shutter_speed&quot;:&quot;0&quot;,&quot;title&quot;:&quot;&quot;,&quot;orientation&quot;:&quot;0&quot;}\" data-image-title=\"Spot-poltrona_cartone_riciclato\" data-image-description=\"\" data-image-caption=\"\" data-medium-file=\"https:\/\/socialdesignmagazine.com\/mag\/wp-content\/uploads\/2012\/03\/benedetto_antonietta_campilongo_openart_market_Spot-poltrona_cartone_riciclato-396x256.jpg\" data-large-file=\"https:\/\/socialdesignmagazine.com\/mag\/wp-content\/uploads\/2012\/03\/benedetto_antonietta_campilongo_openart_market_Spot-poltrona_cartone_riciclato.jpg\" src=\"https:\/\/socialdesignmagazine.com\/mag\/wp-content\/uploads\/2012\/03\/benedetto_antonietta_campilongo_openart_market_Spot-poltrona_cartone_riciclato.jpg\" alt=\"Spot-poltrona_cartone_riciclato\" class=\"wp-image-7362\"\/><\/figure>\n<\/div>\n\n\n<p><strong>LA SEZIONE SPECIALE<\/strong><br>Una particolare sezione sar\u00e0 rivolta all\u2019Arte del riciclo per promuovere un nuovo modo di pensare i nostri stili di vita consumistici. Attraverso la valorizzazione degli \u201cscarti\u201d come oggetti utili a vivere un\u2019esperienza creativa ed educativa che rispetta l\u2019ambiente, si conferir\u00e0 nuova vita a materiali che altrimenti verrebbero buttati via perch\u00e9 apparentemente senza valore. Al frequente interrogativo sulle diverse strade e finalit\u00e0 dell&#8217;espressione artistica, l\u2019esposizione risponde con il preciso intento di sensibilizzare artisti e pubblico alle criticit\u00e0 ecologiche, sostenendo ogni percorso utile ad investire risorse ed energie nei processi di riutilizzo degli oggetti e dei materiali dismessi. <br>Partner per l\u2019Arte del riciclo sar\u00e0 <strong>NWart<\/strong>, sezione dell\u2019Associazione <strong>NEWORLD<\/strong> da sempre presente nel panorama artistico, con la finalit\u00e0 di seguire le problematiche sociali ed ecologiche del nostro tempo.<\/p>\n\n\n<div class=\"wp-block-image\">\n<figure class=\"aligncenter\"><img loading=\"lazy\" decoding=\"async\" width=\"720\" height=\"726\" data-attachment-id=\"7363\" data-permalink=\"https:\/\/socialdesignmagazine.com\/mag\/visual\/openartmarket-larte-contemporanea-tra-promozione-culturale-e-mercato\/attachment\/i_can\/#content\" data-orig-file=\"https:\/\/socialdesignmagazine.com\/mag\/wp-content\/uploads\/2012\/03\/benedetto_antonietta_campilongo_openart_market_I_can.jpg\" data-orig-size=\"720,726\" data-comments-opened=\"1\" data-image-meta=\"{&quot;aperture&quot;:&quot;0&quot;,&quot;credit&quot;:&quot;&quot;,&quot;camera&quot;:&quot;&quot;,&quot;caption&quot;:&quot;&quot;,&quot;created_timestamp&quot;:&quot;0&quot;,&quot;copyright&quot;:&quot;&quot;,&quot;focal_length&quot;:&quot;0&quot;,&quot;iso&quot;:&quot;0&quot;,&quot;shutter_speed&quot;:&quot;0&quot;,&quot;title&quot;:&quot;&quot;,&quot;orientation&quot;:&quot;0&quot;}\" data-image-title=\"I_can\" data-image-description=\"\" data-image-caption=\"\" data-medium-file=\"https:\/\/socialdesignmagazine.com\/mag\/wp-content\/uploads\/2012\/03\/benedetto_antonietta_campilongo_openart_market_I_can-396x256.jpg\" data-large-file=\"https:\/\/socialdesignmagazine.com\/mag\/wp-content\/uploads\/2012\/03\/benedetto_antonietta_campilongo_openart_market_I_can.jpg\" src=\"https:\/\/socialdesignmagazine.com\/mag\/wp-content\/uploads\/2012\/03\/benedetto_antonietta_campilongo_openart_market_I_can.jpg\" alt=\"I_can\" class=\"wp-image-7363\" srcset=\"https:\/\/socialdesignmagazine.com\/mag\/wp-content\/uploads\/2012\/03\/benedetto_antonietta_campilongo_openart_market_I_can.jpg 720w, https:\/\/socialdesignmagazine.com\/mag\/wp-content\/uploads\/2012\/03\/benedetto_antonietta_campilongo_openart_market_I_can-65x65.jpg 65w\" sizes=\"auto, (max-width: 720px) 100vw, 720px\" \/><\/figure>\n<\/div>\n\n<div class=\"wp-block-image\">\n<figure class=\"aligncenter\"><img loading=\"lazy\" decoding=\"async\" width=\"720\" height=\"536\" data-attachment-id=\"7364\" data-permalink=\"https:\/\/socialdesignmagazine.com\/mag\/visual\/openartmarket-larte-contemporanea-tra-promozione-culturale-e-mercato\/attachment\/zanzurlo\/#content\" data-orig-file=\"https:\/\/socialdesignmagazine.com\/mag\/wp-content\/uploads\/2012\/03\/benedetto_antonietta_campilongo_openart_market_zanzurlo.jpg\" data-orig-size=\"720,536\" data-comments-opened=\"1\" data-image-meta=\"{&quot;aperture&quot;:&quot;0&quot;,&quot;credit&quot;:&quot;&quot;,&quot;camera&quot;:&quot;&quot;,&quot;caption&quot;:&quot;&quot;,&quot;created_timestamp&quot;:&quot;0&quot;,&quot;copyright&quot;:&quot;&quot;,&quot;focal_length&quot;:&quot;0&quot;,&quot;iso&quot;:&quot;0&quot;,&quot;shutter_speed&quot;:&quot;0&quot;,&quot;title&quot;:&quot;&quot;,&quot;orientation&quot;:&quot;0&quot;}\" data-image-title=\"zanzurlo\" data-image-description=\"\" data-image-caption=\"\" data-medium-file=\"https:\/\/socialdesignmagazine.com\/mag\/wp-content\/uploads\/2012\/03\/benedetto_antonietta_campilongo_openart_market_zanzurlo-396x256.jpg\" data-large-file=\"https:\/\/socialdesignmagazine.com\/mag\/wp-content\/uploads\/2012\/03\/benedetto_antonietta_campilongo_openart_market_zanzurlo.jpg\" src=\"https:\/\/socialdesignmagazine.com\/mag\/wp-content\/uploads\/2012\/03\/benedetto_antonietta_campilongo_openart_market_zanzurlo.jpg\" alt=\"zanzurlo\" class=\"wp-image-7364\"\/><\/figure>\n<\/div>\n\n\n<p><strong>Titolo della manifestazione:<\/strong> Terza edizione openARTmarket \u2013 L\u2019arte contemporanea tra promozione culturale e mercato \u2013 Opere da 49 a 999 \u20acuro\u00a0<br><strong>Genere:<\/strong> Arte contemporanea Concept a cura di Antonietta Campilongo <br><strong>Organizzazione \u2013 Ufficio Stampa:<\/strong> nwart\u00a0<br><strong>Periodo:<\/strong> dal 17 marzo 2012 al 28 aprile 2012\u00a0<br><strong>Sede:<\/strong> Mostrarti\u00a0<br><strong>Indirizzo:<\/strong> Via Santa Maria in Monticelli 66\u00a0<br><strong>Citt\u00e0:<\/strong> 00186 Roma\u00a0<br><strong>Vernissage: <\/strong>sabato 17 marzo 212 ore 18.00\u00a0<br><strong>Orario di apertura:<\/strong>\u00a0dal luned\u00ec al sabato 15.30 \u2013 19.30\u00a0<br><strong>Ingresso:<\/strong> libero\u00a0<br><strong>Artisti:<\/strong><br>Sarah Arensi, Rosella Barretta, Mauro Benedetti, Bruno Bufalino, Adriana Cappelli, Antonella Catini, Patrizia Di Poce, Ecocentriche (Annarita Mameli e Violetta Canitano), Pier Maurizio Greco, Sante Muro, Francesco Rosicarelli, Matteo Rosicarelli, Angela Scappaticci.\u00a0<br>Special guests:\u00a0<br>Titolo: Roma o Morte\u00a0<br>Artista: JPT (James Philip Thompson)\u00a0<br>Info: <a class=\"jcepopup\" href=\"http:\/\/www.openartmarket.it\" rel=\"nofollow\">www.openartmarket.it<\/a><a class=\"jcepopup\" href=\"http:\/\/www.mostrarti.it\" rel=\"nofollow\">www.mostrarti.it<\/a><a class=\"jcepopup\" href=\"http:\/\/www.nwart.it\" rel=\"nofollow\">www.nwart.it<\/a> anto.camp@fastwebnet.it Tel. 339 4394399 &#8211; 392 0861275<\/p>\n","protected":false,"gt_translate_keys":[{"key":"rendered","format":"html"}]},"excerpt":{"rendered":"<p>In seguito al grande successo delle prime due edizioni di openARTmarket a Roma in pieno centro, rione Regola, si inaugura sabato 17 marzo il terzo appuntamento presso spazio MostrArti. openARTmarket \u00e8 un\u2019esposizione-mercato per l\u2019incontro di estimatori ed artisti emergenti.<\/p>\n","protected":false,"gt_translate_keys":[{"key":"rendered","format":"html"}]},"author":32,"featured_media":7360,"comment_status":"open","ping_status":"open","sticky":false,"template":"","format":"standard","meta":{"jetpack_post_was_ever_published":false,"_jetpack_newsletter_access":"","_jetpack_dont_email_post_to_subs":false,"_jetpack_newsletter_tier_id":0,"_jetpack_memberships_contains_paywalled_content":false,"_jetpack_memberships_contains_paid_content":false,"footnotes":"","_wpscppro_dont_share_socialmedia":false,"_wpscppro_custom_social_share_image":0,"_facebook_share_type":"","_twitter_share_type":"","_linkedin_share_type":"","_pinterest_share_type":"","_linkedin_share_type_page":"","_instagram_share_type":"","_medium_share_type":"","_threads_share_type":"","_google_business_share_type":"","_selected_social_profile":[],"_wpsp_enable_custom_social_template":false,"_wpsp_social_scheduling":{"enabled":false,"datetime":null,"platforms":[],"status":"template_only","dateOption":"today","timeOption":"now","customDays":"","customHours":"","customDate":"","customTime":"","schedulingType":"absolute"},"_wpsp_active_default_template":true},"categories":[12],"tags":[102,639,1929,1931,1534,1930],"class_list":["post-589","post","type-post","status-publish","format-standard","has-post-thumbnail","hentry","category-visual","tag-art","tag-arte","tag-market","tag-mostrarti","tag-roma","tag-shop"],"yoast_head":"<!-- This site is optimized with the Yoast SEO plugin v27.2 - https:\/\/yoast.com\/product\/yoast-seo-wordpress\/ -->\n<title>openARTmarket, L\u2019arte contemporanea tra promozione culturale e mercato - Social Design Magazine<\/title>\n<meta name=\"description\" content=\"In seguito al grande successo delle prime due edizioni di openARTmarket a Roma in pieno centro, rione Regola, si inaugura sabato 17 marzo il terzo appuntamento presso spazio MostrArti. openARTmarket \u00e8 un\u2019esposizione-mercato per l\u2019incontro di estimatori ed artisti emergenti.\" \/>\n<meta name=\"robots\" content=\"index, follow, max-snippet:-1, max-image-preview:large, max-video-preview:-1\" \/>\n<link rel=\"canonical\" href=\"https:\/\/socialdesignmagazine.com\/mag\/visual\/openartmarket-larte-contemporanea-tra-promozione-culturale-e-mercato\/\" \/>\n<meta property=\"og:locale\" content=\"it_IT\" \/>\n<meta property=\"og:type\" content=\"article\" \/>\n<meta property=\"og:title\" content=\"openARTmarket, L\u2019arte contemporanea tra promozione culturale e mercato - Social Design Magazine\" \/>\n<meta property=\"og:description\" content=\"In seguito al grande successo delle prime due edizioni di openARTmarket a Roma in pieno centro, rione Regola, si inaugura sabato 17 marzo il terzo appuntamento presso spazio MostrArti. openARTmarket \u00e8 un\u2019esposizione-mercato per l\u2019incontro di estimatori ed artisti emergenti.\" \/>\n<meta property=\"og:url\" content=\"http:\/\/socialdesignmagazine.com\/mag\/visual\/openartmarket-larte-contemporanea-tra-promozione-culturale-e-mercato\/\" \/>\n<meta property=\"og:site_name\" content=\"Social Design Magazine\" \/>\n<meta property=\"article:publisher\" content=\"https:\/\/www.facebook.com\/socialdesignmag\" \/>\n<meta property=\"article:published_time\" content=\"2012-03-10T20:00:00+00:00\" \/>\n<meta property=\"article:modified_time\" content=\"2024-05-12T11:30:12+00:00\" \/>\n<meta property=\"og:image\" content=\"https:\/\/socialdesignmagazine.com\/mag\/wp-content\/uploads\/2012\/03\/benedetto_antonietta_campilongo_openart_market_730-Locandina-55x100.jpg\" \/>\n\t<meta property=\"og:image:width\" content=\"720\" \/>\n\t<meta property=\"og:image:height\" content=\"1308\" \/>\n\t<meta property=\"og:image:type\" content=\"image\/jpeg\" \/>\n<meta name=\"author\" content=\"Antonietta Campilongo\" \/>\n<meta name=\"twitter:card\" content=\"summary_large_image\" \/>\n<meta name=\"twitter:creator\" content=\"@socialdesignmag\" \/>\n<meta name=\"twitter:site\" content=\"@socialdesignmag\" \/>\n<meta name=\"twitter:label1\" content=\"Scritto da\" \/>\n\t<meta name=\"twitter:data1\" content=\"Antonietta Campilongo\" \/>\n\t<meta name=\"twitter:label2\" content=\"Tempo di lettura stimato\" \/>\n\t<meta name=\"twitter:data2\" content=\"5 minuti\" \/>\n<script type=\"application\/ld+json\" class=\"yoast-schema-graph\">{\"@context\":\"https:\/\/schema.org\",\"@graph\":[{\"@type\":\"Article\",\"@id\":\"https:\/\/socialdesignmagazine.com\/mag\/visual\/openartmarket-larte-contemporanea-tra-promozione-culturale-e-mercato\/#article\",\"isPartOf\":{\"@id\":\"https:\/\/socialdesignmagazine.com\/mag\/visual\/openartmarket-larte-contemporanea-tra-promozione-culturale-e-mercato\/\"},\"author\":{\"name\":\"Antonietta Campilongo\",\"@id\":\"https:\/\/socialdesignmagazine.com\/mag\/#\/schema\/person\/264232f0a0a76552823b80a20c7a9357\"},\"headline\":\"openARTmarket, L\u2019arte contemporanea tra promozione culturale e mercato\",\"datePublished\":\"2012-03-10T20:00:00+00:00\",\"dateModified\":\"2024-05-12T11:30:12+00:00\",\"mainEntityOfPage\":{\"@id\":\"https:\/\/socialdesignmagazine.com\/mag\/visual\/openartmarket-larte-contemporanea-tra-promozione-culturale-e-mercato\/\"},\"wordCount\":691,\"commentCount\":0,\"publisher\":{\"@id\":\"https:\/\/socialdesignmagazine.com\/mag\/#organization\"},\"image\":{\"@id\":\"https:\/\/socialdesignmagazine.com\/mag\/visual\/openartmarket-larte-contemporanea-tra-promozione-culturale-e-mercato\/#primaryimage\"},\"thumbnailUrl\":\"https:\/\/socialdesignmagazine.com\/mag\/wp-content\/uploads\/2012\/03\/benedetto_antonietta_campilongo_openart_market_730-Locandina-55x100.jpg\",\"keywords\":[\"art\",\"arte\",\"market\",\"mostrarti\",\"roma\",\"shop\"],\"articleSection\":[\"Visual\"],\"inLanguage\":\"it-IT\",\"potentialAction\":[{\"@type\":\"CommentAction\",\"name\":\"Comment\",\"target\":[\"https:\/\/socialdesignmagazine.com\/mag\/visual\/openartmarket-larte-contemporanea-tra-promozione-culturale-e-mercato\/#respond\"]}]},{\"@type\":\"WebPage\",\"@id\":\"https:\/\/socialdesignmagazine.com\/mag\/visual\/openartmarket-larte-contemporanea-tra-promozione-culturale-e-mercato\/\",\"url\":\"https:\/\/socialdesignmagazine.com\/mag\/visual\/openartmarket-larte-contemporanea-tra-promozione-culturale-e-mercato\/\",\"name\":\"openARTmarket, L\u2019arte contemporanea tra promozione culturale e mercato - Social Design Magazine\",\"isPartOf\":{\"@id\":\"https:\/\/socialdesignmagazine.com\/mag\/#website\"},\"primaryImageOfPage\":{\"@id\":\"https:\/\/socialdesignmagazine.com\/mag\/visual\/openartmarket-larte-contemporanea-tra-promozione-culturale-e-mercato\/#primaryimage\"},\"image\":{\"@id\":\"https:\/\/socialdesignmagazine.com\/mag\/visual\/openartmarket-larte-contemporanea-tra-promozione-culturale-e-mercato\/#primaryimage\"},\"thumbnailUrl\":\"https:\/\/socialdesignmagazine.com\/mag\/wp-content\/uploads\/2012\/03\/benedetto_antonietta_campilongo_openart_market_730-Locandina-55x100.jpg\",\"datePublished\":\"2012-03-10T20:00:00+00:00\",\"dateModified\":\"2024-05-12T11:30:12+00:00\",\"description\":\"In seguito al grande successo delle prime due edizioni di openARTmarket a Roma in pieno centro, rione Regola, si inaugura sabato 17 marzo il terzo appuntamento presso spazio MostrArti. openARTmarket \u00e8 un\u2019esposizione-mercato per l\u2019incontro di estimatori ed artisti emergenti.\",\"breadcrumb\":{\"@id\":\"https:\/\/socialdesignmagazine.com\/mag\/visual\/openartmarket-larte-contemporanea-tra-promozione-culturale-e-mercato\/#breadcrumb\"},\"inLanguage\":\"it-IT\",\"potentialAction\":[{\"@type\":\"ReadAction\",\"target\":[\"https:\/\/socialdesignmagazine.com\/mag\/visual\/openartmarket-larte-contemporanea-tra-promozione-culturale-e-mercato\/\"]}]},{\"@type\":\"ImageObject\",\"inLanguage\":\"it-IT\",\"@id\":\"https:\/\/socialdesignmagazine.com\/mag\/visual\/openartmarket-larte-contemporanea-tra-promozione-culturale-e-mercato\/#primaryimage\",\"url\":\"https:\/\/socialdesignmagazine.com\/mag\/wp-content\/uploads\/2012\/03\/benedetto_antonietta_campilongo_openart_market_730-Locandina-55x100.jpg\",\"contentUrl\":\"https:\/\/socialdesignmagazine.com\/mag\/wp-content\/uploads\/2012\/03\/benedetto_antonietta_campilongo_openart_market_730-Locandina-55x100.jpg\",\"width\":720,\"height\":1308,\"caption\":\"730-Locandina-55x100\"},{\"@type\":\"BreadcrumbList\",\"@id\":\"https:\/\/socialdesignmagazine.com\/mag\/visual\/openartmarket-larte-contemporanea-tra-promozione-culturale-e-mercato\/#breadcrumb\",\"itemListElement\":[{\"@type\":\"ListItem\",\"position\":1,\"name\":\"Home\",\"item\":\"https:\/\/socialdesignmagazine.com\/mag\/\"},{\"@type\":\"ListItem\",\"position\":2,\"name\":\"Visual\",\"item\":\"https:\/\/socialdesignmagazine.com\/mag\/visual\/\"},{\"@type\":\"ListItem\",\"position\":3,\"name\":\"openARTmarket, L\u2019arte contemporanea tra promozione culturale e mercato\"}]},{\"@type\":\"WebSite\",\"@id\":\"https:\/\/socialdesignmagazine.com\/mag\/#website\",\"url\":\"https:\/\/socialdesignmagazine.com\/mag\/\",\"name\":\"Social Design Magazine\",\"description\":\"Social Magazine su Design, Architettura, Arte, Grafica\",\"publisher\":{\"@id\":\"https:\/\/socialdesignmagazine.com\/mag\/#organization\"},\"potentialAction\":[{\"@type\":\"SearchAction\",\"target\":{\"@type\":\"EntryPoint\",\"urlTemplate\":\"https:\/\/socialdesignmagazine.com\/mag\/?s={search_term_string}\"},\"query-input\":{\"@type\":\"PropertyValueSpecification\",\"valueRequired\":true,\"valueName\":\"search_term_string\"}}],\"inLanguage\":\"it-IT\"},{\"@type\":\"Organization\",\"@id\":\"https:\/\/socialdesignmagazine.com\/mag\/#organization\",\"name\":\"Social Design Magazine\",\"url\":\"https:\/\/socialdesignmagazine.com\/mag\/\",\"logo\":{\"@type\":\"ImageObject\",\"inLanguage\":\"it-IT\",\"@id\":\"https:\/\/socialdesignmagazine.com\/mag\/#\/schema\/logo\/image\/\",\"url\":\"https:\/\/socialdesignmagazine.com\/mag\/wp-content\/uploads\/2017\/01\/logo_favicon_11.png\",\"contentUrl\":\"https:\/\/socialdesignmagazine.com\/mag\/wp-content\/uploads\/2017\/01\/logo_favicon_11.png\",\"width\":1024,\"height\":1024,\"caption\":\"Social Design Magazine\"},\"image\":{\"@id\":\"https:\/\/socialdesignmagazine.com\/mag\/#\/schema\/logo\/image\/\"},\"sameAs\":[\"https:\/\/www.facebook.com\/socialdesignmag\",\"https:\/\/x.com\/socialdesignmag\",\"http:\/\/instagram.com\/social_design_magazine\/\",\"http:\/\/pinterest.com\/socialdesignmag\/\",\"http:\/\/www.youtube.com\/user\/socialdesignmagazine\"]},{\"@type\":\"Person\",\"@id\":\"https:\/\/socialdesignmagazine.com\/mag\/#\/schema\/person\/264232f0a0a76552823b80a20c7a9357\",\"name\":\"Antonietta Campilongo\",\"image\":{\"@type\":\"ImageObject\",\"inLanguage\":\"it-IT\",\"@id\":\"https:\/\/secure.gravatar.com\/avatar\/d43986d66dc090156215939d72bc7abcca1b0f89ba3a307af36b9f847b068a14?s=96&d=mm&r=g\",\"url\":\"https:\/\/secure.gravatar.com\/avatar\/d43986d66dc090156215939d72bc7abcca1b0f89ba3a307af36b9f847b068a14?s=96&d=mm&r=g\",\"contentUrl\":\"https:\/\/secure.gravatar.com\/avatar\/d43986d66dc090156215939d72bc7abcca1b0f89ba3a307af36b9f847b068a14?s=96&d=mm&r=g\",\"caption\":\"Antonietta Campilongo\"},\"url\":\"https:\/\/socialdesignmagazine.com\/mag\/author\/nwart\/\"}]}<\/script>\n<!-- \/ Yoast SEO plugin. -->","yoast_head_json":{"title":"openARTmarket, L\u2019arte contemporanea tra promozione culturale e mercato - Social Design Magazine","description":"In seguito al grande successo delle prime due edizioni di openARTmarket a Roma in pieno centro, rione Regola, si inaugura sabato 17 marzo il terzo appuntamento presso spazio MostrArti. openARTmarket \u00e8 un\u2019esposizione-mercato per l\u2019incontro di estimatori ed artisti emergenti.","robots":{"index":"index","follow":"follow","max-snippet":"max-snippet:-1","max-image-preview":"max-image-preview:large","max-video-preview":"max-video-preview:-1"},"canonical":"https:\/\/socialdesignmagazine.com\/mag\/visual\/openartmarket-larte-contemporanea-tra-promozione-culturale-e-mercato\/","og_locale":"it_IT","og_type":"article","og_title":"openARTmarket, L\u2019arte contemporanea tra promozione culturale e mercato - Social Design Magazine","og_description":"In seguito al grande successo delle prime due edizioni di openARTmarket a Roma in pieno centro, rione Regola, si inaugura sabato 17 marzo il terzo appuntamento presso spazio MostrArti. openARTmarket \u00e8 un\u2019esposizione-mercato per l\u2019incontro di estimatori ed artisti emergenti.","og_url":"http:\/\/socialdesignmagazine.com\/mag\/visual\/openartmarket-larte-contemporanea-tra-promozione-culturale-e-mercato\/","og_site_name":"Social Design Magazine","article_publisher":"https:\/\/www.facebook.com\/socialdesignmag","article_published_time":"2012-03-10T20:00:00+00:00","article_modified_time":"2024-05-12T11:30:12+00:00","og_image":[{"width":720,"height":1308,"url":"https:\/\/socialdesignmagazine.com\/mag\/wp-content\/uploads\/2012\/03\/benedetto_antonietta_campilongo_openart_market_730-Locandina-55x100.jpg","type":"image\/jpeg"}],"author":"Antonietta Campilongo","twitter_card":"summary_large_image","twitter_creator":"@socialdesignmag","twitter_site":"@socialdesignmag","twitter_misc":{"Scritto da":"Antonietta Campilongo","Tempo di lettura stimato":"5 minuti"},"schema":{"@context":"https:\/\/schema.org","@graph":[{"@type":"Article","@id":"https:\/\/socialdesignmagazine.com\/mag\/visual\/openartmarket-larte-contemporanea-tra-promozione-culturale-e-mercato\/#article","isPartOf":{"@id":"https:\/\/socialdesignmagazine.com\/mag\/visual\/openartmarket-larte-contemporanea-tra-promozione-culturale-e-mercato\/"},"author":{"name":"Antonietta Campilongo","@id":"https:\/\/socialdesignmagazine.com\/mag\/#\/schema\/person\/264232f0a0a76552823b80a20c7a9357"},"headline":"openARTmarket, L\u2019arte contemporanea tra promozione culturale e mercato","datePublished":"2012-03-10T20:00:00+00:00","dateModified":"2024-05-12T11:30:12+00:00","mainEntityOfPage":{"@id":"https:\/\/socialdesignmagazine.com\/mag\/visual\/openartmarket-larte-contemporanea-tra-promozione-culturale-e-mercato\/"},"wordCount":691,"commentCount":0,"publisher":{"@id":"https:\/\/socialdesignmagazine.com\/mag\/#organization"},"image":{"@id":"https:\/\/socialdesignmagazine.com\/mag\/visual\/openartmarket-larte-contemporanea-tra-promozione-culturale-e-mercato\/#primaryimage"},"thumbnailUrl":"https:\/\/socialdesignmagazine.com\/mag\/wp-content\/uploads\/2012\/03\/benedetto_antonietta_campilongo_openart_market_730-Locandina-55x100.jpg","keywords":["art","arte","market","mostrarti","roma","shop"],"articleSection":["Visual"],"inLanguage":"it-IT","potentialAction":[{"@type":"CommentAction","name":"Comment","target":["https:\/\/socialdesignmagazine.com\/mag\/visual\/openartmarket-larte-contemporanea-tra-promozione-culturale-e-mercato\/#respond"]}]},{"@type":"WebPage","@id":"https:\/\/socialdesignmagazine.com\/mag\/visual\/openartmarket-larte-contemporanea-tra-promozione-culturale-e-mercato\/","url":"https:\/\/socialdesignmagazine.com\/mag\/visual\/openartmarket-larte-contemporanea-tra-promozione-culturale-e-mercato\/","name":"openARTmarket, L\u2019arte contemporanea tra promozione culturale e mercato - Social Design Magazine","isPartOf":{"@id":"https:\/\/socialdesignmagazine.com\/mag\/#website"},"primaryImageOfPage":{"@id":"https:\/\/socialdesignmagazine.com\/mag\/visual\/openartmarket-larte-contemporanea-tra-promozione-culturale-e-mercato\/#primaryimage"},"image":{"@id":"https:\/\/socialdesignmagazine.com\/mag\/visual\/openartmarket-larte-contemporanea-tra-promozione-culturale-e-mercato\/#primaryimage"},"thumbnailUrl":"https:\/\/socialdesignmagazine.com\/mag\/wp-content\/uploads\/2012\/03\/benedetto_antonietta_campilongo_openart_market_730-Locandina-55x100.jpg","datePublished":"2012-03-10T20:00:00+00:00","dateModified":"2024-05-12T11:30:12+00:00","description":"In seguito al grande successo delle prime due edizioni di openARTmarket a Roma in pieno centro, rione Regola, si inaugura sabato 17 marzo il terzo appuntamento presso spazio MostrArti. openARTmarket \u00e8 un\u2019esposizione-mercato per l\u2019incontro di estimatori ed artisti emergenti.","breadcrumb":{"@id":"https:\/\/socialdesignmagazine.com\/mag\/visual\/openartmarket-larte-contemporanea-tra-promozione-culturale-e-mercato\/#breadcrumb"},"inLanguage":"it-IT","potentialAction":[{"@type":"ReadAction","target":["https:\/\/socialdesignmagazine.com\/mag\/visual\/openartmarket-larte-contemporanea-tra-promozione-culturale-e-mercato\/"]}]},{"@type":"ImageObject","inLanguage":"it-IT","@id":"https:\/\/socialdesignmagazine.com\/mag\/visual\/openartmarket-larte-contemporanea-tra-promozione-culturale-e-mercato\/#primaryimage","url":"https:\/\/socialdesignmagazine.com\/mag\/wp-content\/uploads\/2012\/03\/benedetto_antonietta_campilongo_openart_market_730-Locandina-55x100.jpg","contentUrl":"https:\/\/socialdesignmagazine.com\/mag\/wp-content\/uploads\/2012\/03\/benedetto_antonietta_campilongo_openart_market_730-Locandina-55x100.jpg","width":720,"height":1308,"caption":"730-Locandina-55x100"},{"@type":"BreadcrumbList","@id":"https:\/\/socialdesignmagazine.com\/mag\/visual\/openartmarket-larte-contemporanea-tra-promozione-culturale-e-mercato\/#breadcrumb","itemListElement":[{"@type":"ListItem","position":1,"name":"Home","item":"https:\/\/socialdesignmagazine.com\/mag\/"},{"@type":"ListItem","position":2,"name":"Visual","item":"https:\/\/socialdesignmagazine.com\/mag\/visual\/"},{"@type":"ListItem","position":3,"name":"openARTmarket, L\u2019arte contemporanea tra promozione culturale e mercato"}]},{"@type":"WebSite","@id":"https:\/\/socialdesignmagazine.com\/mag\/#website","url":"https:\/\/socialdesignmagazine.com\/mag\/","name":"Social Design Magazine","description":"Social Magazine su Design, Architettura, Arte, Grafica","publisher":{"@id":"https:\/\/socialdesignmagazine.com\/mag\/#organization"},"potentialAction":[{"@type":"SearchAction","target":{"@type":"EntryPoint","urlTemplate":"https:\/\/socialdesignmagazine.com\/mag\/?s={search_term_string}"},"query-input":{"@type":"PropertyValueSpecification","valueRequired":true,"valueName":"search_term_string"}}],"inLanguage":"it-IT"},{"@type":"Organization","@id":"https:\/\/socialdesignmagazine.com\/mag\/#organization","name":"Social Design Magazine","url":"https:\/\/socialdesignmagazine.com\/mag\/","logo":{"@type":"ImageObject","inLanguage":"it-IT","@id":"https:\/\/socialdesignmagazine.com\/mag\/#\/schema\/logo\/image\/","url":"https:\/\/socialdesignmagazine.com\/mag\/wp-content\/uploads\/2017\/01\/logo_favicon_11.png","contentUrl":"https:\/\/socialdesignmagazine.com\/mag\/wp-content\/uploads\/2017\/01\/logo_favicon_11.png","width":1024,"height":1024,"caption":"Social Design Magazine"},"image":{"@id":"https:\/\/socialdesignmagazine.com\/mag\/#\/schema\/logo\/image\/"},"sameAs":["https:\/\/www.facebook.com\/socialdesignmag","https:\/\/x.com\/socialdesignmag","http:\/\/instagram.com\/social_design_magazine\/","http:\/\/pinterest.com\/socialdesignmag\/","http:\/\/www.youtube.com\/user\/socialdesignmagazine"]},{"@type":"Person","@id":"https:\/\/socialdesignmagazine.com\/mag\/#\/schema\/person\/264232f0a0a76552823b80a20c7a9357","name":"Antonietta Campilongo","image":{"@type":"ImageObject","inLanguage":"it-IT","@id":"https:\/\/secure.gravatar.com\/avatar\/d43986d66dc090156215939d72bc7abcca1b0f89ba3a307af36b9f847b068a14?s=96&d=mm&r=g","url":"https:\/\/secure.gravatar.com\/avatar\/d43986d66dc090156215939d72bc7abcca1b0f89ba3a307af36b9f847b068a14?s=96&d=mm&r=g","contentUrl":"https:\/\/secure.gravatar.com\/avatar\/d43986d66dc090156215939d72bc7abcca1b0f89ba3a307af36b9f847b068a14?s=96&d=mm&r=g","caption":"Antonietta Campilongo"},"url":"https:\/\/socialdesignmagazine.com\/mag\/author\/nwart\/"}]}},"jetpack_featured_media_url":"https:\/\/socialdesignmagazine.com\/mag\/wp-content\/uploads\/2012\/03\/benedetto_antonietta_campilongo_openart_market_730-Locandina-55x100.jpg","jetpack_sharing_enabled":true,"jetpack_shortlink":"https:\/\/wp.me\/p6cV7V-9v","gt_translate_keys":[{"key":"link","format":"url"}],"_links":{"self":[{"href":"https:\/\/socialdesignmagazine.com\/mag\/wp-json\/wp\/v2\/posts\/589","targetHints":{"allow":["GET"]}}],"collection":[{"href":"https:\/\/socialdesignmagazine.com\/mag\/wp-json\/wp\/v2\/posts"}],"about":[{"href":"https:\/\/socialdesignmagazine.com\/mag\/wp-json\/wp\/v2\/types\/post"}],"author":[{"embeddable":true,"href":"https:\/\/socialdesignmagazine.com\/mag\/wp-json\/wp\/v2\/users\/32"}],"replies":[{"embeddable":true,"href":"https:\/\/socialdesignmagazine.com\/mag\/wp-json\/wp\/v2\/comments?post=589"}],"version-history":[{"count":1,"href":"https:\/\/socialdesignmagazine.com\/mag\/wp-json\/wp\/v2\/posts\/589\/revisions"}],"predecessor-version":[{"id":59695,"href":"https:\/\/socialdesignmagazine.com\/mag\/wp-json\/wp\/v2\/posts\/589\/revisions\/59695"}],"wp:featuredmedia":[{"embeddable":true,"href":"https:\/\/socialdesignmagazine.com\/mag\/wp-json\/wp\/v2\/media\/7360"}],"wp:attachment":[{"href":"https:\/\/socialdesignmagazine.com\/mag\/wp-json\/wp\/v2\/media?parent=589"}],"wp:term":[{"taxonomy":"category","embeddable":true,"href":"https:\/\/socialdesignmagazine.com\/mag\/wp-json\/wp\/v2\/categories?post=589"},{"taxonomy":"post_tag","embeddable":true,"href":"https:\/\/socialdesignmagazine.com\/mag\/wp-json\/wp\/v2\/tags?post=589"}],"curies":[{"name":"wp","href":"https:\/\/api.w.org\/{rel}","templated":true}]}}