{"id":599,"date":"2012-03-15T09:50:21","date_gmt":"2012-03-15T08:50:21","guid":{"rendered":"https:\/\/socialdesignmagazine.com\/mag\/s6-design\/c35-design\/cole-italian-design-label-anteprime-fuorisalone-2012\/"},"modified":"2024-05-12T13:47:01","modified_gmt":"2024-05-12T11:47:01","slug":"cole-italian-design-label-anteprime-fuorisalone-2012","status":"publish","type":"post","link":"https:\/\/socialdesignmagazine.com\/mag\/design\/cole-italian-design-label-anteprime-fuorisalone-2012\/","title":{"rendered":"Col\u00e9 italian design label \/ anteprime Fuorisalone 2012","gt_translate_keys":[{"key":"rendered","format":"text"}]},"content":{"rendered":"\n<p>Lo scorso anno abbiamo presentato in anteprima il neonato brand <strong>Col\u00e8\u00a0<\/strong>che, ad un anno dalla nascita, si presenta al <strong>Fuorisalone 2012<\/strong> dimostrando tutta la sua vitalit\u00e0, sia con una ricca serie di novit\u00e0, che esprimono gli sforzi di ricerca di un nuovo mood del design italiano, sia confermando il successo della linea <strong>Tria<\/strong>, di <strong>Lorenz e Kaz,<\/strong> completata con un tavolo.<\/p>\n\n\n\n<p><strong>Tapparelle,<\/strong> design <strong>Emmanuel Gallina<\/strong><br>Con Emmanuel Gallina nasce <strong>Tapparelle<\/strong>, una collezione di elementi in rovere naturale e lacca opaca che esplorano la tradizionale tecnica dei mobili da ufficio a tapparella, ora non pi\u00f9 in uso, facendoli diventare mobili per la casa, morbidi e inusuali. Dai &#8220;classici&#8221; contenitori con tapparella in massello di rovere, spiazzati dall&#8217;utilizzo del colore sulla struttura, allo scrittoio, tutto in rovere, che contrappone la tapparella &#8211; che anticamente conteneva piuma e calamaio &#8211; al moderno uso per celare telefono, tablet e laptop. Gli accessori in ferro rivestiti in pelle sono funzionali: un piano di scrittura e una lavagnetta magnetica per appendere memo.<\/p>\n\n\n<div class=\"wp-block-image\">\n<figure class=\"aligncenter\"><img loading=\"lazy\" decoding=\"async\" width=\"720\" height=\"509\" data-attachment-id=\"7429\" data-permalink=\"https:\/\/socialdesignmagazine.com\/mag\/design\/cole-italian-design-label-anteprime-fuorisalone-2012\/attachment\/cole_tapparelle_e_gallina-2\/#content\" data-orig-file=\"https:\/\/socialdesignmagazine.com\/mag\/wp-content\/uploads\/2012\/03\/benedetto_Cole_salone_2012_Cole_Tapparelle_E_Gallina.jpg\" data-orig-size=\"720,509\" data-comments-opened=\"1\" data-image-meta=\"{&quot;aperture&quot;:&quot;0&quot;,&quot;credit&quot;:&quot;&quot;,&quot;camera&quot;:&quot;&quot;,&quot;caption&quot;:&quot;&quot;,&quot;created_timestamp&quot;:&quot;0&quot;,&quot;copyright&quot;:&quot;&quot;,&quot;focal_length&quot;:&quot;0&quot;,&quot;iso&quot;:&quot;0&quot;,&quot;shutter_speed&quot;:&quot;0&quot;,&quot;title&quot;:&quot;&quot;,&quot;orientation&quot;:&quot;0&quot;}\" data-image-title=\"Cole_Tapparelle_E_Gallina\" data-image-description=\"\" data-image-caption=\"\" data-medium-file=\"https:\/\/socialdesignmagazine.com\/mag\/wp-content\/uploads\/2012\/03\/benedetto_Cole_salone_2012_Cole_Tapparelle_E_Gallina-396x256.jpg\" data-large-file=\"https:\/\/socialdesignmagazine.com\/mag\/wp-content\/uploads\/2012\/03\/benedetto_Cole_salone_2012_Cole_Tapparelle_E_Gallina.jpg\" src=\"https:\/\/socialdesignmagazine.com\/mag\/wp-content\/uploads\/2012\/03\/benedetto_Cole_salone_2012_Cole_Tapparelle_E_Gallina.jpg\" alt=\"Cole_Tapparelle_E_Gallina\" class=\"wp-image-7429\"\/><\/figure>\n<\/div>\n\n<div class=\"wp-block-image\">\n<figure class=\"aligncenter\"><img loading=\"lazy\" decoding=\"async\" width=\"720\" height=\"1089\" data-attachment-id=\"7430\" data-permalink=\"https:\/\/socialdesignmagazine.com\/mag\/design\/cole-italian-design-label-anteprime-fuorisalone-2012\/attachment\/cole_aline_h_pincovici\/#content\" data-orig-file=\"https:\/\/socialdesignmagazine.com\/mag\/wp-content\/uploads\/2012\/03\/benedetto_Cole_salone_2012_Cole_Aline_H_Pincovici.jpg\" data-orig-size=\"720,1089\" data-comments-opened=\"1\" data-image-meta=\"{&quot;aperture&quot;:&quot;0&quot;,&quot;credit&quot;:&quot;&quot;,&quot;camera&quot;:&quot;&quot;,&quot;caption&quot;:&quot;&quot;,&quot;created_timestamp&quot;:&quot;0&quot;,&quot;copyright&quot;:&quot;&quot;,&quot;focal_length&quot;:&quot;0&quot;,&quot;iso&quot;:&quot;0&quot;,&quot;shutter_speed&quot;:&quot;0&quot;,&quot;title&quot;:&quot;&quot;,&quot;orientation&quot;:&quot;0&quot;}\" data-image-title=\"Cole_Aline_H_Pincovici\" data-image-description=\"\" data-image-caption=\"\" data-medium-file=\"https:\/\/socialdesignmagazine.com\/mag\/wp-content\/uploads\/2012\/03\/benedetto_Cole_salone_2012_Cole_Aline_H_Pincovici-396x256.jpg\" data-large-file=\"https:\/\/socialdesignmagazine.com\/mag\/wp-content\/uploads\/2012\/03\/benedetto_Cole_salone_2012_Cole_Aline_H_Pincovici.jpg\" src=\"https:\/\/socialdesignmagazine.com\/mag\/wp-content\/uploads\/2012\/03\/benedetto_Cole_salone_2012_Cole_Aline_H_Pincovici.jpg\" alt=\"Cole_Aline_H_Pincovici\" class=\"wp-image-7430\"\/><\/figure>\n<\/div>\n\n\n<p><strong>Aline,<\/strong> design <strong>Hagit Pincovici<\/strong><br><em>&#8220;E bianca neve scender senza venti&#8221;<\/em>\u2026 (Dante Alighieri). Con il suo stile leggero e sofisticato, la designer\/artista israeliana <strong>Hagit Pincovici<\/strong> concepisce un mobile dall\u2019aspetto slanciato e onirico. Le maniglie a mo\u2019 di fasciatura danno l\u2019illusione di legare i cassetti, in sovrapposizione apparentemente casuale, e sono realizzate in un materiale sottoposto a un inedito trattamento che conferisce loro la qualit\u00e0 opalescente e materica della pasta di vetro. Aline pi\u00f9 che una piccola cassettiera potrebbe essere la versione contemporanea di un carico prezioso fasciato insieme per non disperdere i nostri piccoli tesori sulla nuova via della seta.<\/p>\n\n\n<div class=\"wp-block-image\">\n<figure class=\"aligncenter\"><img loading=\"lazy\" decoding=\"async\" width=\"360\" height=\"542\" data-attachment-id=\"7431\" data-permalink=\"https:\/\/socialdesignmagazine.com\/mag\/design\/cole-italian-design-label-anteprime-fuorisalone-2012\/attachment\/cole_tria-simple_lorenz-kaz-01\/#content\" data-orig-file=\"https:\/\/socialdesignmagazine.com\/mag\/wp-content\/uploads\/2012\/03\/benedetto_Cole_salone_2012_Cole_Tria-simple_Lorenz-Kaz-01.jpg\" data-orig-size=\"360,542\" data-comments-opened=\"1\" data-image-meta=\"{&quot;aperture&quot;:&quot;0&quot;,&quot;credit&quot;:&quot;&quot;,&quot;camera&quot;:&quot;&quot;,&quot;caption&quot;:&quot;&quot;,&quot;created_timestamp&quot;:&quot;0&quot;,&quot;copyright&quot;:&quot;EMILIO TREMOLADA&quot;,&quot;focal_length&quot;:&quot;0&quot;,&quot;iso&quot;:&quot;0&quot;,&quot;shutter_speed&quot;:&quot;0&quot;,&quot;title&quot;:&quot;&quot;,&quot;orientation&quot;:&quot;0&quot;}\" data-image-title=\"Cole_Tria-simple_Lorenz-Kaz-01\" data-image-description=\"\" data-image-caption=\"\" data-medium-file=\"https:\/\/socialdesignmagazine.com\/mag\/wp-content\/uploads\/2012\/03\/benedetto_Cole_salone_2012_Cole_Tria-simple_Lorenz-Kaz-01-360x256.jpg\" data-large-file=\"https:\/\/socialdesignmagazine.com\/mag\/wp-content\/uploads\/2012\/03\/benedetto_Cole_salone_2012_Cole_Tria-simple_Lorenz-Kaz-01.jpg\" src=\"https:\/\/socialdesignmagazine.com\/mag\/wp-content\/uploads\/2012\/03\/benedetto_Cole_salone_2012_Cole_Tria-simple_Lorenz-Kaz-01.jpg\" alt=\"Cole_Tria-simple_Lorenz-Kaz-01\" class=\"wp-image-7431\"\/><\/figure>\n<\/div>\n\n<div class=\"wp-block-image\">\n<figure class=\"aligncenter\"><img loading=\"lazy\" decoding=\"async\" width=\"360\" height=\"542\" data-attachment-id=\"7432\" data-permalink=\"https:\/\/socialdesignmagazine.com\/mag\/design\/cole-italian-design-label-anteprime-fuorisalone-2012\/attachment\/cole_tria-simple_lorenz-kaz-02\/#content\" data-orig-file=\"https:\/\/socialdesignmagazine.com\/mag\/wp-content\/uploads\/2012\/03\/benedetto_Cole_salone_2012_Cole_Tria-simple_Lorenz-Kaz-02.jpg\" data-orig-size=\"360,542\" data-comments-opened=\"1\" data-image-meta=\"{&quot;aperture&quot;:&quot;0&quot;,&quot;credit&quot;:&quot;&quot;,&quot;camera&quot;:&quot;&quot;,&quot;caption&quot;:&quot;&quot;,&quot;created_timestamp&quot;:&quot;0&quot;,&quot;copyright&quot;:&quot;EMILIO TREMOLADA&quot;,&quot;focal_length&quot;:&quot;0&quot;,&quot;iso&quot;:&quot;0&quot;,&quot;shutter_speed&quot;:&quot;0&quot;,&quot;title&quot;:&quot;&quot;,&quot;orientation&quot;:&quot;0&quot;}\" data-image-title=\"Cole_Tria-simple_Lorenz-Kaz-02\" data-image-description=\"\" data-image-caption=\"\" data-medium-file=\"https:\/\/socialdesignmagazine.com\/mag\/wp-content\/uploads\/2012\/03\/benedetto_Cole_salone_2012_Cole_Tria-simple_Lorenz-Kaz-02-360x256.jpg\" data-large-file=\"https:\/\/socialdesignmagazine.com\/mag\/wp-content\/uploads\/2012\/03\/benedetto_Cole_salone_2012_Cole_Tria-simple_Lorenz-Kaz-02.jpg\" src=\"https:\/\/socialdesignmagazine.com\/mag\/wp-content\/uploads\/2012\/03\/benedetto_Cole_salone_2012_Cole_Tria-simple_Lorenz-Kaz-02.jpg\" alt=\"Cole_Tria-simple_Lorenz-Kaz-02\" class=\"wp-image-7432\"\/><\/figure>\n<\/div>\n\n\n<p><strong>Tria Simple,<\/strong> design <strong>Lorenz \/ Kaz<\/strong><br>Nasce da una costola della Tria e ne riprende la curva, per nuove composizioni inusuali. Da sola \u00e8 una semplicissima seduta, comoda ed essenziale, con il basamento in legno massello sorretto dalle ormai &#8220;classiche&#8221; 4 gambe triangolari. Combinata alle Tria Wood suggerisce interessanti e dinamici effetti di seduta,che possono risolversi attorno ad un tavolo o arrivare ad ottenere l\u2019effetto di una panca.<\/p>\n\n\n<div class=\"wp-block-image\">\n<figure class=\"aligncenter\"><img loading=\"lazy\" decoding=\"async\" width=\"720\" height=\"557\" data-attachment-id=\"7433\" data-permalink=\"https:\/\/socialdesignmagazine.com\/mag\/design\/cole-italian-design-label-anteprime-fuorisalone-2012\/attachment\/cole_tria_render-01\/#content\" data-orig-file=\"https:\/\/socialdesignmagazine.com\/mag\/wp-content\/uploads\/2012\/03\/benedetto_Cole_salone_2012_Cole_Tria_render-01.jpg\" data-orig-size=\"720,557\" data-comments-opened=\"1\" data-image-meta=\"{&quot;aperture&quot;:&quot;0&quot;,&quot;credit&quot;:&quot;&quot;,&quot;camera&quot;:&quot;&quot;,&quot;caption&quot;:&quot;&quot;,&quot;created_timestamp&quot;:&quot;0&quot;,&quot;copyright&quot;:&quot;&quot;,&quot;focal_length&quot;:&quot;0&quot;,&quot;iso&quot;:&quot;0&quot;,&quot;shutter_speed&quot;:&quot;0&quot;,&quot;title&quot;:&quot;&quot;,&quot;orientation&quot;:&quot;0&quot;}\" data-image-title=\"Cole_Tria_render-01\" data-image-description=\"\" data-image-caption=\"\" data-medium-file=\"https:\/\/socialdesignmagazine.com\/mag\/wp-content\/uploads\/2012\/03\/benedetto_Cole_salone_2012_Cole_Tria_render-01-396x256.jpg\" data-large-file=\"https:\/\/socialdesignmagazine.com\/mag\/wp-content\/uploads\/2012\/03\/benedetto_Cole_salone_2012_Cole_Tria_render-01.jpg\" src=\"https:\/\/socialdesignmagazine.com\/mag\/wp-content\/uploads\/2012\/03\/benedetto_Cole_salone_2012_Cole_Tria_render-01.jpg\" alt=\"Cole_Tria_render-01\" class=\"wp-image-7433\"\/><\/figure>\n<\/div>\n\n\n<p><strong>Tria Table,&nbsp;<\/strong>design <strong>Lorenz \/ Kaz<\/strong><br>Col\u00e9 completa la gamma <strong>Tria<\/strong> con un tavolo dotato di 3 o 4 gambe triangolari in massello di rovere e un piano tondo o &#8220;pentagonale&#8221; che ospita naturalmente le sinuose scocche delle sedute.<\/p>\n\n\n<div class=\"wp-block-image\">\n<figure class=\"aligncenter\"><img loading=\"lazy\" decoding=\"async\" width=\"720\" height=\"631\" data-attachment-id=\"7434\" data-permalink=\"https:\/\/socialdesignmagazine.com\/mag\/design\/cole-italian-design-label-anteprime-fuorisalone-2012\/attachment\/cole_tria_render-02\/#content\" data-orig-file=\"https:\/\/socialdesignmagazine.com\/mag\/wp-content\/uploads\/2012\/03\/benedetto_Cole_salone_2012_Cole_Tria_render-02.jpg\" data-orig-size=\"720,631\" data-comments-opened=\"1\" data-image-meta=\"{&quot;aperture&quot;:&quot;0&quot;,&quot;credit&quot;:&quot;&quot;,&quot;camera&quot;:&quot;&quot;,&quot;caption&quot;:&quot;&quot;,&quot;created_timestamp&quot;:&quot;0&quot;,&quot;copyright&quot;:&quot;&quot;,&quot;focal_length&quot;:&quot;0&quot;,&quot;iso&quot;:&quot;0&quot;,&quot;shutter_speed&quot;:&quot;0&quot;,&quot;title&quot;:&quot;&quot;,&quot;orientation&quot;:&quot;0&quot;}\" data-image-title=\"Cole_Tria_render-02\" data-image-description=\"\" data-image-caption=\"\" data-medium-file=\"https:\/\/socialdesignmagazine.com\/mag\/wp-content\/uploads\/2012\/03\/benedetto_Cole_salone_2012_Cole_Tria_render-02-396x256.jpg\" data-large-file=\"https:\/\/socialdesignmagazine.com\/mag\/wp-content\/uploads\/2012\/03\/benedetto_Cole_salone_2012_Cole_Tria_render-02.jpg\" src=\"https:\/\/socialdesignmagazine.com\/mag\/wp-content\/uploads\/2012\/03\/benedetto_Cole_salone_2012_Cole_Tria_render-02.jpg\" alt=\"Cole_Tria_render-02\" class=\"wp-image-7434\"\/><\/figure>\n<\/div>","protected":false,"gt_translate_keys":[{"key":"rendered","format":"html"}]},"excerpt":{"rendered":"<p>Lo scorso anno abbiamo presentato in anteprima il neonato brand Col\u00e8\u00a0che, ad un anno dalla nascita, si presenta al Fuorisalone 2012 dimostrando tutta la sua vitalit\u00e0, sia con una ricca serie di novit\u00e0<\/p>\n","protected":false,"gt_translate_keys":[{"key":"rendered","format":"html"}]},"author":1,"featured_media":7428,"comment_status":"open","ping_status":"open","sticky":false,"template":"","format":"standard","meta":{"jetpack_post_was_ever_published":false,"_jetpack_newsletter_access":"","_jetpack_dont_email_post_to_subs":false,"_jetpack_newsletter_tier_id":0,"_jetpack_memberships_contains_paywalled_content":false,"_jetpack_memberships_contains_paid_content":false,"footnotes":"","_wpscppro_dont_share_socialmedia":false,"_wpscppro_custom_social_share_image":0,"_facebook_share_type":"","_twitter_share_type":"","_linkedin_share_type":"","_pinterest_share_type":"","_linkedin_share_type_page":"","_instagram_share_type":"","_medium_share_type":"","_threads_share_type":"","_google_business_share_type":"","_selected_social_profile":[],"_wpsp_enable_custom_social_template":false,"_wpsp_social_scheduling":{"enabled":false,"datetime":null,"platforms":[],"status":"template_only","dateOption":"today","timeOption":"now","customDays":"","customHours":"","customDate":"","customTime":"","schedulingType":"absolute"},"_wpsp_active_default_template":true},"categories":[13],"tags":[1040,1918,179,1198],"class_list":["post-599","post","type-post","status-publish","format-standard","has-post-thumbnail","hentry","category-design","tag-cole","tag-fuorisalone-2012","tag-legno","tag-wood"],"yoast_head":"<!-- This site is optimized with the Yoast SEO plugin v27.2 - https:\/\/yoast.com\/product\/yoast-seo-wordpress\/ -->\n<title>Col\u00e9 italian design label \/ anteprime Fuorisalone 2012 - Social Design Magazine<\/title>\n<meta name=\"description\" content=\"Lo scorso anno abbiamo presentato in anteprima il neonato brand Col\u00e8\u00a0che, ad un anno dalla nascita, si presenta al Fuorisalone 2012 dimostrando tutta la sua vitalit\u00e0, sia con una ricca serie di novit\u00e0\" \/>\n<meta name=\"robots\" content=\"index, follow, max-snippet:-1, max-image-preview:large, max-video-preview:-1\" \/>\n<link rel=\"canonical\" href=\"https:\/\/socialdesignmagazine.com\/mag\/design\/cole-italian-design-label-anteprime-fuorisalone-2012\/\" \/>\n<meta property=\"og:locale\" content=\"it_IT\" \/>\n<meta property=\"og:type\" content=\"article\" \/>\n<meta property=\"og:title\" content=\"Col\u00e9 italian design label \/ anteprime Fuorisalone 2012 - Social Design Magazine\" \/>\n<meta property=\"og:description\" content=\"Lo scorso anno abbiamo presentato in anteprima il neonato brand Col\u00e8\u00a0che, ad un anno dalla nascita, si presenta al Fuorisalone 2012 dimostrando tutta la sua vitalit\u00e0, sia con una ricca serie di novit\u00e0\" \/>\n<meta property=\"og:url\" content=\"http:\/\/socialdesignmagazine.com\/mag\/design\/cole-italian-design-label-anteprime-fuorisalone-2012\/\" \/>\n<meta property=\"og:site_name\" content=\"Social Design Magazine\" \/>\n<meta property=\"article:publisher\" content=\"https:\/\/www.facebook.com\/socialdesignmag\" \/>\n<meta property=\"article:author\" content=\"https:\/\/www.facebook.com\/benedettofiori\" \/>\n<meta property=\"article:published_time\" content=\"2012-03-15T08:50:21+00:00\" \/>\n<meta property=\"article:modified_time\" content=\"2024-05-12T11:47:01+00:00\" \/>\n<meta property=\"og:image\" content=\"https:\/\/socialdesignmagazine.com\/mag\/wp-content\/uploads\/2012\/03\/benedetto_Cole_salone_2012_Cole_Tapparelle_E_gallina.jpg\" \/>\n\t<meta property=\"og:image:width\" content=\"720\" \/>\n\t<meta property=\"og:image:height\" content=\"509\" \/>\n\t<meta property=\"og:image:type\" content=\"image\/jpeg\" \/>\n<meta name=\"author\" content=\"Benedetto Fiori\" \/>\n<meta name=\"twitter:card\" content=\"summary_large_image\" \/>\n<meta name=\"twitter:creator\" content=\"@benedettofiori\" \/>\n<meta name=\"twitter:site\" content=\"@socialdesignmag\" \/>\n<meta name=\"twitter:label1\" content=\"Scritto da\" \/>\n\t<meta name=\"twitter:data1\" content=\"Benedetto Fiori\" \/>\n\t<meta name=\"twitter:label2\" content=\"Tempo di lettura stimato\" \/>\n\t<meta name=\"twitter:data2\" content=\"4 minuti\" \/>\n<script type=\"application\/ld+json\" class=\"yoast-schema-graph\">{\"@context\":\"https:\/\/schema.org\",\"@graph\":[{\"@type\":\"Article\",\"@id\":\"https:\/\/socialdesignmagazine.com\/mag\/design\/cole-italian-design-label-anteprime-fuorisalone-2012\/#article\",\"isPartOf\":{\"@id\":\"https:\/\/socialdesignmagazine.com\/mag\/design\/cole-italian-design-label-anteprime-fuorisalone-2012\/\"},\"author\":{\"name\":\"Benedetto Fiori\",\"@id\":\"https:\/\/socialdesignmagazine.com\/mag\/#\/schema\/person\/61e20205cc363c315e6aabd33a045846\"},\"headline\":\"Col\u00e9 italian design label \/ anteprime Fuorisalone 2012\",\"datePublished\":\"2012-03-15T08:50:21+00:00\",\"dateModified\":\"2024-05-12T11:47:01+00:00\",\"mainEntityOfPage\":{\"@id\":\"https:\/\/socialdesignmagazine.com\/mag\/design\/cole-italian-design-label-anteprime-fuorisalone-2012\/\"},\"wordCount\":379,\"commentCount\":0,\"publisher\":{\"@id\":\"https:\/\/socialdesignmagazine.com\/mag\/#organization\"},\"image\":{\"@id\":\"https:\/\/socialdesignmagazine.com\/mag\/design\/cole-italian-design-label-anteprime-fuorisalone-2012\/#primaryimage\"},\"thumbnailUrl\":\"https:\/\/socialdesignmagazine.com\/mag\/wp-content\/uploads\/2012\/03\/benedetto_Cole_salone_2012_Cole_Tapparelle_E_gallina.jpg\",\"keywords\":[\"col\u00e9\",\"fuorisalone 2012\",\"legno\",\"wood\"],\"articleSection\":[\"Design\"],\"inLanguage\":\"it-IT\",\"potentialAction\":[{\"@type\":\"CommentAction\",\"name\":\"Comment\",\"target\":[\"https:\/\/socialdesignmagazine.com\/mag\/design\/cole-italian-design-label-anteprime-fuorisalone-2012\/#respond\"]}]},{\"@type\":\"WebPage\",\"@id\":\"https:\/\/socialdesignmagazine.com\/mag\/design\/cole-italian-design-label-anteprime-fuorisalone-2012\/\",\"url\":\"https:\/\/socialdesignmagazine.com\/mag\/design\/cole-italian-design-label-anteprime-fuorisalone-2012\/\",\"name\":\"Col\u00e9 italian design label \/ anteprime Fuorisalone 2012 - Social Design Magazine\",\"isPartOf\":{\"@id\":\"https:\/\/socialdesignmagazine.com\/mag\/#website\"},\"primaryImageOfPage\":{\"@id\":\"https:\/\/socialdesignmagazine.com\/mag\/design\/cole-italian-design-label-anteprime-fuorisalone-2012\/#primaryimage\"},\"image\":{\"@id\":\"https:\/\/socialdesignmagazine.com\/mag\/design\/cole-italian-design-label-anteprime-fuorisalone-2012\/#primaryimage\"},\"thumbnailUrl\":\"https:\/\/socialdesignmagazine.com\/mag\/wp-content\/uploads\/2012\/03\/benedetto_Cole_salone_2012_Cole_Tapparelle_E_gallina.jpg\",\"datePublished\":\"2012-03-15T08:50:21+00:00\",\"dateModified\":\"2024-05-12T11:47:01+00:00\",\"description\":\"Lo scorso anno abbiamo presentato in anteprima il neonato brand Col\u00e8\u00a0che, ad un anno dalla nascita, si presenta al Fuorisalone 2012 dimostrando tutta la sua vitalit\u00e0, sia con una ricca serie di novit\u00e0\",\"breadcrumb\":{\"@id\":\"https:\/\/socialdesignmagazine.com\/mag\/design\/cole-italian-design-label-anteprime-fuorisalone-2012\/#breadcrumb\"},\"inLanguage\":\"it-IT\",\"potentialAction\":[{\"@type\":\"ReadAction\",\"target\":[\"https:\/\/socialdesignmagazine.com\/mag\/design\/cole-italian-design-label-anteprime-fuorisalone-2012\/\"]}]},{\"@type\":\"ImageObject\",\"inLanguage\":\"it-IT\",\"@id\":\"https:\/\/socialdesignmagazine.com\/mag\/design\/cole-italian-design-label-anteprime-fuorisalone-2012\/#primaryimage\",\"url\":\"https:\/\/socialdesignmagazine.com\/mag\/wp-content\/uploads\/2012\/03\/benedetto_Cole_salone_2012_Cole_Tapparelle_E_gallina.jpg\",\"contentUrl\":\"https:\/\/socialdesignmagazine.com\/mag\/wp-content\/uploads\/2012\/03\/benedetto_Cole_salone_2012_Cole_Tapparelle_E_gallina.jpg\",\"width\":720,\"height\":509,\"caption\":\"Cole_Tapparelle_E_gallina\"},{\"@type\":\"BreadcrumbList\",\"@id\":\"https:\/\/socialdesignmagazine.com\/mag\/design\/cole-italian-design-label-anteprime-fuorisalone-2012\/#breadcrumb\",\"itemListElement\":[{\"@type\":\"ListItem\",\"position\":1,\"name\":\"Home\",\"item\":\"https:\/\/socialdesignmagazine.com\/mag\/\"},{\"@type\":\"ListItem\",\"position\":2,\"name\":\"Design\",\"item\":\"https:\/\/socialdesignmagazine.com\/mag\/design\/\"},{\"@type\":\"ListItem\",\"position\":3,\"name\":\"Col\u00e9 italian design label \/ anteprime Fuorisalone 2012\"}]},{\"@type\":\"WebSite\",\"@id\":\"https:\/\/socialdesignmagazine.com\/mag\/#website\",\"url\":\"https:\/\/socialdesignmagazine.com\/mag\/\",\"name\":\"Social Design Magazine\",\"description\":\"Social Magazine su Design, Architettura, Arte, Grafica\",\"publisher\":{\"@id\":\"https:\/\/socialdesignmagazine.com\/mag\/#organization\"},\"potentialAction\":[{\"@type\":\"SearchAction\",\"target\":{\"@type\":\"EntryPoint\",\"urlTemplate\":\"https:\/\/socialdesignmagazine.com\/mag\/?s={search_term_string}\"},\"query-input\":{\"@type\":\"PropertyValueSpecification\",\"valueRequired\":true,\"valueName\":\"search_term_string\"}}],\"inLanguage\":\"it-IT\"},{\"@type\":\"Organization\",\"@id\":\"https:\/\/socialdesignmagazine.com\/mag\/#organization\",\"name\":\"Social Design Magazine\",\"url\":\"https:\/\/socialdesignmagazine.com\/mag\/\",\"logo\":{\"@type\":\"ImageObject\",\"inLanguage\":\"it-IT\",\"@id\":\"https:\/\/socialdesignmagazine.com\/mag\/#\/schema\/logo\/image\/\",\"url\":\"https:\/\/socialdesignmagazine.com\/mag\/wp-content\/uploads\/2017\/01\/logo_favicon_11.png\",\"contentUrl\":\"https:\/\/socialdesignmagazine.com\/mag\/wp-content\/uploads\/2017\/01\/logo_favicon_11.png\",\"width\":1024,\"height\":1024,\"caption\":\"Social Design Magazine\"},\"image\":{\"@id\":\"https:\/\/socialdesignmagazine.com\/mag\/#\/schema\/logo\/image\/\"},\"sameAs\":[\"https:\/\/www.facebook.com\/socialdesignmag\",\"https:\/\/x.com\/socialdesignmag\",\"http:\/\/instagram.com\/social_design_magazine\/\",\"http:\/\/pinterest.com\/socialdesignmag\/\",\"http:\/\/www.youtube.com\/user\/socialdesignmagazine\"]},{\"@type\":\"Person\",\"@id\":\"https:\/\/socialdesignmagazine.com\/mag\/#\/schema\/person\/61e20205cc363c315e6aabd33a045846\",\"name\":\"Benedetto Fiori\",\"image\":{\"@type\":\"ImageObject\",\"inLanguage\":\"it-IT\",\"@id\":\"https:\/\/secure.gravatar.com\/avatar\/450a48cefa36da63d920ad70aa660bd10725b1c6093800242e5efdb397759033?s=96&d=mm&r=g\",\"url\":\"https:\/\/secure.gravatar.com\/avatar\/450a48cefa36da63d920ad70aa660bd10725b1c6093800242e5efdb397759033?s=96&d=mm&r=g\",\"contentUrl\":\"https:\/\/secure.gravatar.com\/avatar\/450a48cefa36da63d920ad70aa660bd10725b1c6093800242e5efdb397759033?s=96&d=mm&r=g\",\"caption\":\"Benedetto Fiori\"},\"description\":\"Web | Twitter | Facebook | Shutterstock Founder &amp; Editor in Chief di Social Design Magazine. Attratto da sempre da tutto ci\u00f2 che \u00e8 creativit\u00e0, design, architettura. Dopo aver studiato Architettura all'Universit\u00e0 di Firenze, si \u00e8 impegnato in molteplici campi: comunicazione grafica, progettazione di allestimenti fieristici, brand design, Interior Design.\",\"sameAs\":[\"http:\/\/benedettofiori.com\",\"https:\/\/www.facebook.com\/benedettofiori\",\"https:\/\/x.com\/benedettofiori\"],\"url\":\"https:\/\/socialdesignmagazine.com\/mag\/author\/benedetto\/\"}]}<\/script>\n<!-- \/ Yoast SEO plugin. -->","yoast_head_json":{"title":"Col\u00e9 italian design label \/ anteprime Fuorisalone 2012 - Social Design Magazine","description":"Lo scorso anno abbiamo presentato in anteprima il neonato brand Col\u00e8\u00a0che, ad un anno dalla nascita, si presenta al Fuorisalone 2012 dimostrando tutta la sua vitalit\u00e0, sia con una ricca serie di novit\u00e0","robots":{"index":"index","follow":"follow","max-snippet":"max-snippet:-1","max-image-preview":"max-image-preview:large","max-video-preview":"max-video-preview:-1"},"canonical":"https:\/\/socialdesignmagazine.com\/mag\/design\/cole-italian-design-label-anteprime-fuorisalone-2012\/","og_locale":"it_IT","og_type":"article","og_title":"Col\u00e9 italian design label \/ anteprime Fuorisalone 2012 - Social Design Magazine","og_description":"Lo scorso anno abbiamo presentato in anteprima il neonato brand Col\u00e8\u00a0che, ad un anno dalla nascita, si presenta al Fuorisalone 2012 dimostrando tutta la sua vitalit\u00e0, sia con una ricca serie di novit\u00e0","og_url":"http:\/\/socialdesignmagazine.com\/mag\/design\/cole-italian-design-label-anteprime-fuorisalone-2012\/","og_site_name":"Social Design Magazine","article_publisher":"https:\/\/www.facebook.com\/socialdesignmag","article_author":"https:\/\/www.facebook.com\/benedettofiori","article_published_time":"2012-03-15T08:50:21+00:00","article_modified_time":"2024-05-12T11:47:01+00:00","og_image":[{"width":720,"height":509,"url":"https:\/\/socialdesignmagazine.com\/mag\/wp-content\/uploads\/2012\/03\/benedetto_Cole_salone_2012_Cole_Tapparelle_E_gallina.jpg","type":"image\/jpeg"}],"author":"Benedetto Fiori","twitter_card":"summary_large_image","twitter_creator":"@benedettofiori","twitter_site":"@socialdesignmag","twitter_misc":{"Scritto da":"Benedetto Fiori","Tempo di lettura stimato":"4 minuti"},"schema":{"@context":"https:\/\/schema.org","@graph":[{"@type":"Article","@id":"https:\/\/socialdesignmagazine.com\/mag\/design\/cole-italian-design-label-anteprime-fuorisalone-2012\/#article","isPartOf":{"@id":"https:\/\/socialdesignmagazine.com\/mag\/design\/cole-italian-design-label-anteprime-fuorisalone-2012\/"},"author":{"name":"Benedetto Fiori","@id":"https:\/\/socialdesignmagazine.com\/mag\/#\/schema\/person\/61e20205cc363c315e6aabd33a045846"},"headline":"Col\u00e9 italian design label \/ anteprime Fuorisalone 2012","datePublished":"2012-03-15T08:50:21+00:00","dateModified":"2024-05-12T11:47:01+00:00","mainEntityOfPage":{"@id":"https:\/\/socialdesignmagazine.com\/mag\/design\/cole-italian-design-label-anteprime-fuorisalone-2012\/"},"wordCount":379,"commentCount":0,"publisher":{"@id":"https:\/\/socialdesignmagazine.com\/mag\/#organization"},"image":{"@id":"https:\/\/socialdesignmagazine.com\/mag\/design\/cole-italian-design-label-anteprime-fuorisalone-2012\/#primaryimage"},"thumbnailUrl":"https:\/\/socialdesignmagazine.com\/mag\/wp-content\/uploads\/2012\/03\/benedetto_Cole_salone_2012_Cole_Tapparelle_E_gallina.jpg","keywords":["col\u00e9","fuorisalone 2012","legno","wood"],"articleSection":["Design"],"inLanguage":"it-IT","potentialAction":[{"@type":"CommentAction","name":"Comment","target":["https:\/\/socialdesignmagazine.com\/mag\/design\/cole-italian-design-label-anteprime-fuorisalone-2012\/#respond"]}]},{"@type":"WebPage","@id":"https:\/\/socialdesignmagazine.com\/mag\/design\/cole-italian-design-label-anteprime-fuorisalone-2012\/","url":"https:\/\/socialdesignmagazine.com\/mag\/design\/cole-italian-design-label-anteprime-fuorisalone-2012\/","name":"Col\u00e9 italian design label \/ anteprime Fuorisalone 2012 - Social Design Magazine","isPartOf":{"@id":"https:\/\/socialdesignmagazine.com\/mag\/#website"},"primaryImageOfPage":{"@id":"https:\/\/socialdesignmagazine.com\/mag\/design\/cole-italian-design-label-anteprime-fuorisalone-2012\/#primaryimage"},"image":{"@id":"https:\/\/socialdesignmagazine.com\/mag\/design\/cole-italian-design-label-anteprime-fuorisalone-2012\/#primaryimage"},"thumbnailUrl":"https:\/\/socialdesignmagazine.com\/mag\/wp-content\/uploads\/2012\/03\/benedetto_Cole_salone_2012_Cole_Tapparelle_E_gallina.jpg","datePublished":"2012-03-15T08:50:21+00:00","dateModified":"2024-05-12T11:47:01+00:00","description":"Lo scorso anno abbiamo presentato in anteprima il neonato brand Col\u00e8\u00a0che, ad un anno dalla nascita, si presenta al Fuorisalone 2012 dimostrando tutta la sua vitalit\u00e0, sia con una ricca serie di novit\u00e0","breadcrumb":{"@id":"https:\/\/socialdesignmagazine.com\/mag\/design\/cole-italian-design-label-anteprime-fuorisalone-2012\/#breadcrumb"},"inLanguage":"it-IT","potentialAction":[{"@type":"ReadAction","target":["https:\/\/socialdesignmagazine.com\/mag\/design\/cole-italian-design-label-anteprime-fuorisalone-2012\/"]}]},{"@type":"ImageObject","inLanguage":"it-IT","@id":"https:\/\/socialdesignmagazine.com\/mag\/design\/cole-italian-design-label-anteprime-fuorisalone-2012\/#primaryimage","url":"https:\/\/socialdesignmagazine.com\/mag\/wp-content\/uploads\/2012\/03\/benedetto_Cole_salone_2012_Cole_Tapparelle_E_gallina.jpg","contentUrl":"https:\/\/socialdesignmagazine.com\/mag\/wp-content\/uploads\/2012\/03\/benedetto_Cole_salone_2012_Cole_Tapparelle_E_gallina.jpg","width":720,"height":509,"caption":"Cole_Tapparelle_E_gallina"},{"@type":"BreadcrumbList","@id":"https:\/\/socialdesignmagazine.com\/mag\/design\/cole-italian-design-label-anteprime-fuorisalone-2012\/#breadcrumb","itemListElement":[{"@type":"ListItem","position":1,"name":"Home","item":"https:\/\/socialdesignmagazine.com\/mag\/"},{"@type":"ListItem","position":2,"name":"Design","item":"https:\/\/socialdesignmagazine.com\/mag\/design\/"},{"@type":"ListItem","position":3,"name":"Col\u00e9 italian design label \/ anteprime Fuorisalone 2012"}]},{"@type":"WebSite","@id":"https:\/\/socialdesignmagazine.com\/mag\/#website","url":"https:\/\/socialdesignmagazine.com\/mag\/","name":"Social Design Magazine","description":"Social Magazine su Design, Architettura, Arte, Grafica","publisher":{"@id":"https:\/\/socialdesignmagazine.com\/mag\/#organization"},"potentialAction":[{"@type":"SearchAction","target":{"@type":"EntryPoint","urlTemplate":"https:\/\/socialdesignmagazine.com\/mag\/?s={search_term_string}"},"query-input":{"@type":"PropertyValueSpecification","valueRequired":true,"valueName":"search_term_string"}}],"inLanguage":"it-IT"},{"@type":"Organization","@id":"https:\/\/socialdesignmagazine.com\/mag\/#organization","name":"Social Design Magazine","url":"https:\/\/socialdesignmagazine.com\/mag\/","logo":{"@type":"ImageObject","inLanguage":"it-IT","@id":"https:\/\/socialdesignmagazine.com\/mag\/#\/schema\/logo\/image\/","url":"https:\/\/socialdesignmagazine.com\/mag\/wp-content\/uploads\/2017\/01\/logo_favicon_11.png","contentUrl":"https:\/\/socialdesignmagazine.com\/mag\/wp-content\/uploads\/2017\/01\/logo_favicon_11.png","width":1024,"height":1024,"caption":"Social Design Magazine"},"image":{"@id":"https:\/\/socialdesignmagazine.com\/mag\/#\/schema\/logo\/image\/"},"sameAs":["https:\/\/www.facebook.com\/socialdesignmag","https:\/\/x.com\/socialdesignmag","http:\/\/instagram.com\/social_design_magazine\/","http:\/\/pinterest.com\/socialdesignmag\/","http:\/\/www.youtube.com\/user\/socialdesignmagazine"]},{"@type":"Person","@id":"https:\/\/socialdesignmagazine.com\/mag\/#\/schema\/person\/61e20205cc363c315e6aabd33a045846","name":"Benedetto Fiori","image":{"@type":"ImageObject","inLanguage":"it-IT","@id":"https:\/\/secure.gravatar.com\/avatar\/450a48cefa36da63d920ad70aa660bd10725b1c6093800242e5efdb397759033?s=96&d=mm&r=g","url":"https:\/\/secure.gravatar.com\/avatar\/450a48cefa36da63d920ad70aa660bd10725b1c6093800242e5efdb397759033?s=96&d=mm&r=g","contentUrl":"https:\/\/secure.gravatar.com\/avatar\/450a48cefa36da63d920ad70aa660bd10725b1c6093800242e5efdb397759033?s=96&d=mm&r=g","caption":"Benedetto Fiori"},"description":"Web | Twitter | Facebook | Shutterstock Founder &amp; Editor in Chief di Social Design Magazine. Attratto da sempre da tutto ci\u00f2 che \u00e8 creativit\u00e0, design, architettura. Dopo aver studiato Architettura all'Universit\u00e0 di Firenze, si \u00e8 impegnato in molteplici campi: comunicazione grafica, progettazione di allestimenti fieristici, brand design, Interior Design.","sameAs":["http:\/\/benedettofiori.com","https:\/\/www.facebook.com\/benedettofiori","https:\/\/x.com\/benedettofiori"],"url":"https:\/\/socialdesignmagazine.com\/mag\/author\/benedetto\/"}]}},"jetpack_featured_media_url":"https:\/\/socialdesignmagazine.com\/mag\/wp-content\/uploads\/2012\/03\/benedetto_Cole_salone_2012_Cole_Tapparelle_E_gallina.jpg","jetpack_sharing_enabled":true,"jetpack_shortlink":"https:\/\/wp.me\/p6cV7V-9F","gt_translate_keys":[{"key":"link","format":"url"}],"_links":{"self":[{"href":"https:\/\/socialdesignmagazine.com\/mag\/wp-json\/wp\/v2\/posts\/599","targetHints":{"allow":["GET"]}}],"collection":[{"href":"https:\/\/socialdesignmagazine.com\/mag\/wp-json\/wp\/v2\/posts"}],"about":[{"href":"https:\/\/socialdesignmagazine.com\/mag\/wp-json\/wp\/v2\/types\/post"}],"author":[{"embeddable":true,"href":"https:\/\/socialdesignmagazine.com\/mag\/wp-json\/wp\/v2\/users\/1"}],"replies":[{"embeddable":true,"href":"https:\/\/socialdesignmagazine.com\/mag\/wp-json\/wp\/v2\/comments?post=599"}],"version-history":[{"count":1,"href":"https:\/\/socialdesignmagazine.com\/mag\/wp-json\/wp\/v2\/posts\/599\/revisions"}],"predecessor-version":[{"id":59705,"href":"https:\/\/socialdesignmagazine.com\/mag\/wp-json\/wp\/v2\/posts\/599\/revisions\/59705"}],"wp:featuredmedia":[{"embeddable":true,"href":"https:\/\/socialdesignmagazine.com\/mag\/wp-json\/wp\/v2\/media\/7428"}],"wp:attachment":[{"href":"https:\/\/socialdesignmagazine.com\/mag\/wp-json\/wp\/v2\/media?parent=599"}],"wp:term":[{"taxonomy":"category","embeddable":true,"href":"https:\/\/socialdesignmagazine.com\/mag\/wp-json\/wp\/v2\/categories?post=599"},{"taxonomy":"post_tag","embeddable":true,"href":"https:\/\/socialdesignmagazine.com\/mag\/wp-json\/wp\/v2\/tags?post=599"}],"curies":[{"name":"wp","href":"https:\/\/api.w.org\/{rel}","templated":true}]}}