{"id":600,"date":"2012-03-15T14:30:00","date_gmt":"2012-03-15T13:30:00","guid":{"rendered":"https:\/\/socialdesignmagazine.com\/mag\/s6-design\/c35-design\/emilio-nanni-per-billiani-anteprima-salone-del-mobile-2012\/"},"modified":"2024-05-12T13:50:33","modified_gmt":"2024-05-12T11:50:33","slug":"emilio-nanni-per-billiani-anteprima-salone-del-mobile-2012","status":"publish","type":"post","link":"https:\/\/socialdesignmagazine.com\/mag\/design\/emilio-nanni-per-billiani-anteprima-salone-del-mobile-2012\/","title":{"rendered":"Emilio Nanni per Billiani, anteprima Salone del Mobile 2012","gt_translate_keys":[{"key":"rendered","format":"text"}]},"content":{"rendered":"\n<p>L&#8217;architetto <strong>Emilio Nanni<\/strong> dopo il successo della seduta Croissant, consolida la sua collaborazione con <strong>Billiani<\/strong>. In occasione del salone del mobile 2012 saranno presentate alcuni nuovi prodotti e un ampliamento della collezione Croissant stessa con un tavolo, disponibile sia tondo che quadrato.<\/p>\n\n\n\n<figure class=\"wp-block-image size-large\"><img loading=\"lazy\" decoding=\"async\" width=\"720\" height=\"1080\" data-attachment-id=\"7435\" data-permalink=\"https:\/\/socialdesignmagazine.com\/mag\/design\/emilio-nanni-per-billiani-anteprima-salone-del-mobile-2012\/attachment\/billiani_baseball-sgabello_design-emilio-nanni-2012\/#content\" data-orig-file=\"https:\/\/socialdesignmagazine.com\/mag\/wp-content\/uploads\/2012\/03\/benedetto_Emilio_Nanni_per_billiani_BILLIANI_Baseball-sgabello_design-Emilio-Nanni-2012.jpg\" data-orig-size=\"720,1080\" data-comments-opened=\"1\" data-image-meta=\"{&quot;aperture&quot;:&quot;0&quot;,&quot;credit&quot;:&quot;&quot;,&quot;camera&quot;:&quot;&quot;,&quot;caption&quot;:&quot;&quot;,&quot;created_timestamp&quot;:&quot;0&quot;,&quot;copyright&quot;:&quot;&quot;,&quot;focal_length&quot;:&quot;0&quot;,&quot;iso&quot;:&quot;0&quot;,&quot;shutter_speed&quot;:&quot;0&quot;,&quot;title&quot;:&quot;&quot;,&quot;orientation&quot;:&quot;0&quot;}\" data-image-title=\"BILLIANI_Baseball-sgabello_design-Emilio-Nanni-2012\" data-image-description=\"\" data-image-caption=\"\" data-medium-file=\"https:\/\/socialdesignmagazine.com\/mag\/wp-content\/uploads\/2012\/03\/benedetto_Emilio_Nanni_per_billiani_BILLIANI_Baseball-sgabello_design-Emilio-Nanni-2012-396x256.jpg\" data-large-file=\"https:\/\/socialdesignmagazine.com\/mag\/wp-content\/uploads\/2012\/03\/benedetto_Emilio_Nanni_per_billiani_BILLIANI_Baseball-sgabello_design-Emilio-Nanni-2012.jpg\" src=\"https:\/\/socialdesignmagazine.com\/mag\/wp-content\/uploads\/2012\/03\/benedetto_Emilio_Nanni_per_billiani_BILLIANI_Baseball-sgabello_design-Emilio-Nanni-2012.jpg\" alt=\"BILLIANI_Baseball-sgabello_design-Emilio-Nanni-2012\" class=\"wp-image-7435\"\/><\/figure>\n\n\n\n<p><strong>Baseball stool<\/strong><br>Sgabello in faggio e scocca in multistrato. Finitura: naturale sbiancato, laccato nero, bianco, rosso, arancione, giallo, ottanio. &nbsp;E\u2019 un omaggio al Baseball : lo sgabello richiama nelle gambe la mazza &nbsp;e la forma asimmetrica della scossa di seduta, il guantone . E\u2019 un oggetto friendly adatto per caratterizzare ogni ambiente: dal Lounge Bar al bancone cucina di casa. La collezione comprende varie altezze di sgabello da 45 cm, 68, 78 cm. Dimensioni L 42 x P 36 x 84 h cm.<\/p>\n\n\n<div class=\"wp-block-image\">\n<figure class=\"aligncenter\"><img loading=\"lazy\" decoding=\"async\" width=\"720\" height=\"540\" data-attachment-id=\"7436\" data-permalink=\"https:\/\/socialdesignmagazine.com\/mag\/design\/emilio-nanni-per-billiani-anteprima-salone-del-mobile-2012\/attachment\/billiani_croissant-tavoli_design-emilio-nanni-2012\/#content\" data-orig-file=\"https:\/\/socialdesignmagazine.com\/mag\/wp-content\/uploads\/2012\/03\/benedetto_Emilio_Nanni_per_billiani_BILLIANI_Croissant-tavoli_design-Emilio-Nanni-2012.jpg\" data-orig-size=\"720,540\" data-comments-opened=\"1\" data-image-meta=\"{&quot;aperture&quot;:&quot;0&quot;,&quot;credit&quot;:&quot;&quot;,&quot;camera&quot;:&quot;&quot;,&quot;caption&quot;:&quot;&quot;,&quot;created_timestamp&quot;:&quot;0&quot;,&quot;copyright&quot;:&quot;&quot;,&quot;focal_length&quot;:&quot;0&quot;,&quot;iso&quot;:&quot;0&quot;,&quot;shutter_speed&quot;:&quot;0&quot;,&quot;title&quot;:&quot;&quot;,&quot;orientation&quot;:&quot;0&quot;}\" data-image-title=\"BILLIANI_Croissant-tavoli_design-Emilio-Nanni-2012\" data-image-description=\"\" data-image-caption=\"\" data-medium-file=\"https:\/\/socialdesignmagazine.com\/mag\/wp-content\/uploads\/2012\/03\/benedetto_Emilio_Nanni_per_billiani_BILLIANI_Croissant-tavoli_design-Emilio-Nanni-2012-396x256.jpg\" data-large-file=\"https:\/\/socialdesignmagazine.com\/mag\/wp-content\/uploads\/2012\/03\/benedetto_Emilio_Nanni_per_billiani_BILLIANI_Croissant-tavoli_design-Emilio-Nanni-2012.jpg\" src=\"https:\/\/socialdesignmagazine.com\/mag\/wp-content\/uploads\/2012\/03\/benedetto_Emilio_Nanni_per_billiani_BILLIANI_Croissant-tavoli_design-Emilio-Nanni-2012.jpg\" alt=\"BILLIANI_Croissant-tavoli_design-Emilio-Nanni-2012\" class=\"wp-image-7436\"\/><\/figure>\n<\/div>\n\n\n<p><strong>Croissant table<\/strong><br>Tavoli con struttura in faggio e piano in MDF laccato. Varie misure e soluzioni di finitura. E\u2019 prevista con e senza crociera &nbsp;di collegamento delle gambe.In entrambi i casi la collezione di tavoli Croissant abbina ad una chiara tipicit\u00e0 progettuale anche il &nbsp;perfetto abbinamento con la sedia\/poltroncina Croissant conferendo al contempo una percezione di leggerezza e solidit\u00e0 formale.<\/p>\n\n\n<div class=\"wp-block-image\">\n<figure class=\"aligncenter\"><img loading=\"lazy\" decoding=\"async\" width=\"720\" height=\"960\" data-attachment-id=\"7437\" data-permalink=\"https:\/\/socialdesignmagazine.com\/mag\/design\/emilio-nanni-per-billiani-anteprima-salone-del-mobile-2012\/attachment\/billiani_braid_design-emilio-nanni-2012_01\/#content\" data-orig-file=\"https:\/\/socialdesignmagazine.com\/mag\/wp-content\/uploads\/2012\/03\/benedetto_Emilio_Nanni_per_billiani_BILLIANI_Braid_design-Emilio-Nanni-2012_01.jpg\" data-orig-size=\"720,960\" data-comments-opened=\"1\" data-image-meta=\"{&quot;aperture&quot;:&quot;0&quot;,&quot;credit&quot;:&quot;&quot;,&quot;camera&quot;:&quot;&quot;,&quot;caption&quot;:&quot;&quot;,&quot;created_timestamp&quot;:&quot;0&quot;,&quot;copyright&quot;:&quot;&quot;,&quot;focal_length&quot;:&quot;0&quot;,&quot;iso&quot;:&quot;0&quot;,&quot;shutter_speed&quot;:&quot;0&quot;,&quot;title&quot;:&quot;&quot;,&quot;orientation&quot;:&quot;0&quot;}\" data-image-title=\"BILLIANI_Braid_design-Emilio-Nanni-2012_01\" data-image-description=\"\" data-image-caption=\"\" data-medium-file=\"https:\/\/socialdesignmagazine.com\/mag\/wp-content\/uploads\/2012\/03\/benedetto_Emilio_Nanni_per_billiani_BILLIANI_Braid_design-Emilio-Nanni-2012_01-396x256.jpg\" data-large-file=\"https:\/\/socialdesignmagazine.com\/mag\/wp-content\/uploads\/2012\/03\/benedetto_Emilio_Nanni_per_billiani_BILLIANI_Braid_design-Emilio-Nanni-2012_01.jpg\" src=\"https:\/\/socialdesignmagazine.com\/mag\/wp-content\/uploads\/2012\/03\/benedetto_Emilio_Nanni_per_billiani_BILLIANI_Braid_design-Emilio-Nanni-2012_01.jpg\" alt=\"BILLIANI_Braid_design-Emilio-Nanni-2012_01\" class=\"wp-image-7437\"\/><\/figure>\n<\/div>\n\n\n<p><strong>Braid<\/strong><br>Poltroncina in faggio con imbottitura e rivestimento in tessuto, panno o pelle.Il disegno del bracciolo che diventa elegante sostegno strutturale dello schienale attraverso un abile &nbsp;disegno di incastri, accorda perfettamente i temi della funzionalit\u00e0 e della particolarit\u00e0 del design. Una pregevole reinterpretazione della poltroncina imbottita elegante da pranzo per una collocazione in un ambiente &nbsp;di pregio nel quale il valore del dettaglio rappresenta un plus &nbsp;imprescindibile.<\/p>\n\n\n<div class=\"wp-block-image\">\n<figure class=\"aligncenter\"><img loading=\"lazy\" decoding=\"async\" width=\"720\" height=\"960\" data-attachment-id=\"7438\" data-permalink=\"https:\/\/socialdesignmagazine.com\/mag\/design\/emilio-nanni-per-billiani-anteprima-salone-del-mobile-2012\/attachment\/billiani_take_design-emilio-nanni-2012_01\/#content\" data-orig-file=\"https:\/\/socialdesignmagazine.com\/mag\/wp-content\/uploads\/2012\/03\/benedetto_Emilio_Nanni_per_billiani_BILLIANI_Take_design-Emilio-Nanni-2012_01.jpg\" data-orig-size=\"720,960\" data-comments-opened=\"1\" data-image-meta=\"{&quot;aperture&quot;:&quot;0&quot;,&quot;credit&quot;:&quot;&quot;,&quot;camera&quot;:&quot;&quot;,&quot;caption&quot;:&quot;&quot;,&quot;created_timestamp&quot;:&quot;0&quot;,&quot;copyright&quot;:&quot;&quot;,&quot;focal_length&quot;:&quot;0&quot;,&quot;iso&quot;:&quot;0&quot;,&quot;shutter_speed&quot;:&quot;0&quot;,&quot;title&quot;:&quot;&quot;,&quot;orientation&quot;:&quot;0&quot;}\" data-image-title=\"BILLIANI_Take_design-Emilio-Nanni-2012_01\" data-image-description=\"\" data-image-caption=\"\" data-medium-file=\"https:\/\/socialdesignmagazine.com\/mag\/wp-content\/uploads\/2012\/03\/benedetto_Emilio_Nanni_per_billiani_BILLIANI_Take_design-Emilio-Nanni-2012_01-396x256.jpg\" data-large-file=\"https:\/\/socialdesignmagazine.com\/mag\/wp-content\/uploads\/2012\/03\/benedetto_Emilio_Nanni_per_billiani_BILLIANI_Take_design-Emilio-Nanni-2012_01.jpg\" src=\"https:\/\/socialdesignmagazine.com\/mag\/wp-content\/uploads\/2012\/03\/benedetto_Emilio_Nanni_per_billiani_BILLIANI_Take_design-Emilio-Nanni-2012_01.jpg\" alt=\"BILLIANI_Take_design-Emilio-Nanni-2012_01\" class=\"wp-image-7438\"\/><\/figure>\n<\/div>\n\n\n<p><strong>Take<\/strong><br>Sedia impilabile in faggio. Le richieste prestazionali e funzionali non ha impedito di realizzare un oggetto di grande eleganza e leggerezza formale. Un accorto e sapiente approfondimento dei dettagli ne esaltano il carattere inconfondibile per connotare l\u2019ambiente di un oggetto di particolare sensibilit\u00e0 progettuale. E\u2019 possibile dotare la seduta di un leggero cuscino imbottito con rivestimento in panno o pelle.<\/p>\n\n\n<div class=\"wp-block-image\">\n<figure class=\"aligncenter\"><img loading=\"lazy\" decoding=\"async\" width=\"720\" height=\"865\" data-attachment-id=\"7439\" data-permalink=\"https:\/\/socialdesignmagazine.com\/mag\/design\/emilio-nanni-per-billiani-anteprima-salone-del-mobile-2012\/attachment\/billiani_take_design-emilio-nanni-2012_02\/#content\" data-orig-file=\"https:\/\/socialdesignmagazine.com\/mag\/wp-content\/uploads\/2012\/03\/benedetto_Emilio_Nanni_per_billiani_BILLIANI_Take_design-Emilio-Nanni-2012_02.jpg\" data-orig-size=\"720,865\" data-comments-opened=\"1\" data-image-meta=\"{&quot;aperture&quot;:&quot;0&quot;,&quot;credit&quot;:&quot;&quot;,&quot;camera&quot;:&quot;&quot;,&quot;caption&quot;:&quot;&quot;,&quot;created_timestamp&quot;:&quot;0&quot;,&quot;copyright&quot;:&quot;&quot;,&quot;focal_length&quot;:&quot;0&quot;,&quot;iso&quot;:&quot;0&quot;,&quot;shutter_speed&quot;:&quot;0&quot;,&quot;title&quot;:&quot;&quot;,&quot;orientation&quot;:&quot;0&quot;}\" data-image-title=\"BILLIANI_Take_design-Emilio-Nanni-2012_02\" data-image-description=\"\" data-image-caption=\"\" data-medium-file=\"https:\/\/socialdesignmagazine.com\/mag\/wp-content\/uploads\/2012\/03\/benedetto_Emilio_Nanni_per_billiani_BILLIANI_Take_design-Emilio-Nanni-2012_02-396x256.jpg\" data-large-file=\"https:\/\/socialdesignmagazine.com\/mag\/wp-content\/uploads\/2012\/03\/benedetto_Emilio_Nanni_per_billiani_BILLIANI_Take_design-Emilio-Nanni-2012_02.jpg\" src=\"https:\/\/socialdesignmagazine.com\/mag\/wp-content\/uploads\/2012\/03\/benedetto_Emilio_Nanni_per_billiani_BILLIANI_Take_design-Emilio-Nanni-2012_02.jpg\" alt=\"BILLIANI_Take_design-Emilio-Nanni-2012_02\" class=\"wp-image-7439\"\/><\/figure>\n<\/div>","protected":false,"gt_translate_keys":[{"key":"rendered","format":"html"}]},"excerpt":{"rendered":"<p>L&#8217;architetto Emilio Nanni dopo il successo della seduta Croissant, consolida la sua collaborazione con Billiani.<\/p>\n","protected":false,"gt_translate_keys":[{"key":"rendered","format":"html"}]},"author":1,"featured_media":7436,"comment_status":"open","ping_status":"open","sticky":false,"template":"","format":"standard","meta":{"jetpack_post_was_ever_published":false,"_jetpack_newsletter_access":"","_jetpack_dont_email_post_to_subs":false,"_jetpack_newsletter_tier_id":0,"_jetpack_memberships_contains_paywalled_content":false,"_jetpack_memberships_contains_paid_content":false,"footnotes":"","_wpscppro_dont_share_socialmedia":false,"_wpscppro_custom_social_share_image":0,"_facebook_share_type":"","_twitter_share_type":"","_linkedin_share_type":"","_pinterest_share_type":"","_linkedin_share_type_page":"","_instagram_share_type":"","_medium_share_type":"","_threads_share_type":"","_google_business_share_type":"","_selected_social_profile":[],"_wpsp_enable_custom_social_template":false,"_wpsp_social_scheduling":{"enabled":false,"datetime":null,"platforms":[],"status":"template_only","dateOption":"today","timeOption":"now","customDays":"","customHours":"","customDate":"","customTime":"","schedulingType":"absolute"},"_wpsp_active_default_template":true},"categories":[13],"tags":[1688,1860,1866,118,582],"class_list":["post-600","post","type-post","status-publish","format-standard","has-post-thumbnail","hentry","category-design","tag-emilio-nanni","tag-poltroncina","tag-salone-del-mobile-2012-milano","tag-sedia","tag-tavolo"],"yoast_head":"<!-- This site is optimized with the Yoast SEO plugin v27.2 - https:\/\/yoast.com\/product\/yoast-seo-wordpress\/ -->\n<title>Emilio Nanni per Billiani, anteprima Salone del Mobile 2012 - Social Design Magazine<\/title>\n<meta name=\"description\" content=\"L&#039;architetto Emilio Nanni dopo il successo della seduta Croissant, consolida la sua collaborazione con Billiani.\" \/>\n<meta name=\"robots\" content=\"index, follow, max-snippet:-1, max-image-preview:large, max-video-preview:-1\" \/>\n<link rel=\"canonical\" href=\"https:\/\/socialdesignmagazine.com\/mag\/design\/emilio-nanni-per-billiani-anteprima-salone-del-mobile-2012\/\" \/>\n<meta property=\"og:locale\" content=\"it_IT\" \/>\n<meta property=\"og:type\" content=\"article\" \/>\n<meta property=\"og:title\" content=\"Emilio Nanni per Billiani, anteprima Salone del Mobile 2012 - Social Design Magazine\" \/>\n<meta property=\"og:description\" content=\"L&#039;architetto Emilio Nanni dopo il successo della seduta Croissant, consolida la sua collaborazione con Billiani.\" \/>\n<meta property=\"og:url\" content=\"http:\/\/socialdesignmagazine.com\/mag\/design\/emilio-nanni-per-billiani-anteprima-salone-del-mobile-2012\/\" \/>\n<meta property=\"og:site_name\" content=\"Social Design Magazine\" \/>\n<meta property=\"article:publisher\" content=\"https:\/\/www.facebook.com\/socialdesignmag\" \/>\n<meta property=\"article:author\" content=\"https:\/\/www.facebook.com\/benedettofiori\" \/>\n<meta property=\"article:published_time\" content=\"2012-03-15T13:30:00+00:00\" \/>\n<meta property=\"article:modified_time\" content=\"2024-05-12T11:50:33+00:00\" \/>\n<meta property=\"og:image\" content=\"https:\/\/socialdesignmagazine.com\/mag\/wp-content\/uploads\/2012\/03\/benedetto_Emilio_Nanni_per_billiani_BILLIANI_Croissant-tavoli_design-Emilio-Nanni-2012.jpg\" \/>\n\t<meta property=\"og:image:width\" content=\"720\" \/>\n\t<meta property=\"og:image:height\" content=\"540\" \/>\n\t<meta property=\"og:image:type\" content=\"image\/jpeg\" \/>\n<meta name=\"author\" content=\"Benedetto Fiori\" \/>\n<meta name=\"twitter:card\" content=\"summary_large_image\" \/>\n<meta name=\"twitter:creator\" content=\"@benedettofiori\" \/>\n<meta name=\"twitter:site\" content=\"@socialdesignmag\" \/>\n<meta name=\"twitter:label1\" content=\"Scritto da\" \/>\n\t<meta name=\"twitter:data1\" content=\"Benedetto Fiori\" \/>\n\t<meta name=\"twitter:label2\" content=\"Tempo di lettura stimato\" \/>\n\t<meta name=\"twitter:data2\" content=\"3 minuti\" \/>\n<script type=\"application\/ld+json\" class=\"yoast-schema-graph\">{\"@context\":\"https:\/\/schema.org\",\"@graph\":[{\"@type\":\"Article\",\"@id\":\"https:\/\/socialdesignmagazine.com\/mag\/design\/emilio-nanni-per-billiani-anteprima-salone-del-mobile-2012\/#article\",\"isPartOf\":{\"@id\":\"https:\/\/socialdesignmagazine.com\/mag\/design\/emilio-nanni-per-billiani-anteprima-salone-del-mobile-2012\/\"},\"author\":{\"name\":\"Benedetto Fiori\",\"@id\":\"https:\/\/socialdesignmagazine.com\/mag\/#\/schema\/person\/61e20205cc363c315e6aabd33a045846\"},\"headline\":\"Emilio Nanni per Billiani, anteprima Salone del Mobile 2012\",\"datePublished\":\"2012-03-15T13:30:00+00:00\",\"dateModified\":\"2024-05-12T11:50:33+00:00\",\"mainEntityOfPage\":{\"@id\":\"https:\/\/socialdesignmagazine.com\/mag\/design\/emilio-nanni-per-billiani-anteprima-salone-del-mobile-2012\/\"},\"wordCount\":324,\"commentCount\":0,\"publisher\":{\"@id\":\"https:\/\/socialdesignmagazine.com\/mag\/#organization\"},\"image\":{\"@id\":\"https:\/\/socialdesignmagazine.com\/mag\/design\/emilio-nanni-per-billiani-anteprima-salone-del-mobile-2012\/#primaryimage\"},\"thumbnailUrl\":\"https:\/\/socialdesignmagazine.com\/mag\/wp-content\/uploads\/2012\/03\/benedetto_Emilio_Nanni_per_billiani_BILLIANI_Croissant-tavoli_design-Emilio-Nanni-2012.jpg\",\"keywords\":[\"emilio nanni\",\"poltroncina\",\"salone del mobile 2012 milano\",\"sedia\",\"tavolo\"],\"articleSection\":[\"Design\"],\"inLanguage\":\"it-IT\",\"potentialAction\":[{\"@type\":\"CommentAction\",\"name\":\"Comment\",\"target\":[\"https:\/\/socialdesignmagazine.com\/mag\/design\/emilio-nanni-per-billiani-anteprima-salone-del-mobile-2012\/#respond\"]}]},{\"@type\":\"WebPage\",\"@id\":\"https:\/\/socialdesignmagazine.com\/mag\/design\/emilio-nanni-per-billiani-anteprima-salone-del-mobile-2012\/\",\"url\":\"https:\/\/socialdesignmagazine.com\/mag\/design\/emilio-nanni-per-billiani-anteprima-salone-del-mobile-2012\/\",\"name\":\"Emilio Nanni per Billiani, anteprima Salone del Mobile 2012 - Social Design Magazine\",\"isPartOf\":{\"@id\":\"https:\/\/socialdesignmagazine.com\/mag\/#website\"},\"primaryImageOfPage\":{\"@id\":\"https:\/\/socialdesignmagazine.com\/mag\/design\/emilio-nanni-per-billiani-anteprima-salone-del-mobile-2012\/#primaryimage\"},\"image\":{\"@id\":\"https:\/\/socialdesignmagazine.com\/mag\/design\/emilio-nanni-per-billiani-anteprima-salone-del-mobile-2012\/#primaryimage\"},\"thumbnailUrl\":\"https:\/\/socialdesignmagazine.com\/mag\/wp-content\/uploads\/2012\/03\/benedetto_Emilio_Nanni_per_billiani_BILLIANI_Croissant-tavoli_design-Emilio-Nanni-2012.jpg\",\"datePublished\":\"2012-03-15T13:30:00+00:00\",\"dateModified\":\"2024-05-12T11:50:33+00:00\",\"description\":\"L'architetto Emilio Nanni dopo il successo della seduta Croissant, consolida la sua collaborazione con Billiani.\",\"breadcrumb\":{\"@id\":\"https:\/\/socialdesignmagazine.com\/mag\/design\/emilio-nanni-per-billiani-anteprima-salone-del-mobile-2012\/#breadcrumb\"},\"inLanguage\":\"it-IT\",\"potentialAction\":[{\"@type\":\"ReadAction\",\"target\":[\"https:\/\/socialdesignmagazine.com\/mag\/design\/emilio-nanni-per-billiani-anteprima-salone-del-mobile-2012\/\"]}]},{\"@type\":\"ImageObject\",\"inLanguage\":\"it-IT\",\"@id\":\"https:\/\/socialdesignmagazine.com\/mag\/design\/emilio-nanni-per-billiani-anteprima-salone-del-mobile-2012\/#primaryimage\",\"url\":\"https:\/\/socialdesignmagazine.com\/mag\/wp-content\/uploads\/2012\/03\/benedetto_Emilio_Nanni_per_billiani_BILLIANI_Croissant-tavoli_design-Emilio-Nanni-2012.jpg\",\"contentUrl\":\"https:\/\/socialdesignmagazine.com\/mag\/wp-content\/uploads\/2012\/03\/benedetto_Emilio_Nanni_per_billiani_BILLIANI_Croissant-tavoli_design-Emilio-Nanni-2012.jpg\",\"width\":720,\"height\":540,\"caption\":\"BILLIANI_Croissant-tavoli_design-Emilio-Nanni-2012\"},{\"@type\":\"BreadcrumbList\",\"@id\":\"https:\/\/socialdesignmagazine.com\/mag\/design\/emilio-nanni-per-billiani-anteprima-salone-del-mobile-2012\/#breadcrumb\",\"itemListElement\":[{\"@type\":\"ListItem\",\"position\":1,\"name\":\"Home\",\"item\":\"https:\/\/socialdesignmagazine.com\/mag\/\"},{\"@type\":\"ListItem\",\"position\":2,\"name\":\"Design\",\"item\":\"https:\/\/socialdesignmagazine.com\/mag\/design\/\"},{\"@type\":\"ListItem\",\"position\":3,\"name\":\"Emilio Nanni per Billiani, anteprima Salone del Mobile 2012\"}]},{\"@type\":\"WebSite\",\"@id\":\"https:\/\/socialdesignmagazine.com\/mag\/#website\",\"url\":\"https:\/\/socialdesignmagazine.com\/mag\/\",\"name\":\"Social Design Magazine\",\"description\":\"Social Magazine su Design, Architettura, Arte, Grafica\",\"publisher\":{\"@id\":\"https:\/\/socialdesignmagazine.com\/mag\/#organization\"},\"potentialAction\":[{\"@type\":\"SearchAction\",\"target\":{\"@type\":\"EntryPoint\",\"urlTemplate\":\"https:\/\/socialdesignmagazine.com\/mag\/?s={search_term_string}\"},\"query-input\":{\"@type\":\"PropertyValueSpecification\",\"valueRequired\":true,\"valueName\":\"search_term_string\"}}],\"inLanguage\":\"it-IT\"},{\"@type\":\"Organization\",\"@id\":\"https:\/\/socialdesignmagazine.com\/mag\/#organization\",\"name\":\"Social Design Magazine\",\"url\":\"https:\/\/socialdesignmagazine.com\/mag\/\",\"logo\":{\"@type\":\"ImageObject\",\"inLanguage\":\"it-IT\",\"@id\":\"https:\/\/socialdesignmagazine.com\/mag\/#\/schema\/logo\/image\/\",\"url\":\"https:\/\/socialdesignmagazine.com\/mag\/wp-content\/uploads\/2017\/01\/logo_favicon_11.png\",\"contentUrl\":\"https:\/\/socialdesignmagazine.com\/mag\/wp-content\/uploads\/2017\/01\/logo_favicon_11.png\",\"width\":1024,\"height\":1024,\"caption\":\"Social Design Magazine\"},\"image\":{\"@id\":\"https:\/\/socialdesignmagazine.com\/mag\/#\/schema\/logo\/image\/\"},\"sameAs\":[\"https:\/\/www.facebook.com\/socialdesignmag\",\"https:\/\/x.com\/socialdesignmag\",\"http:\/\/instagram.com\/social_design_magazine\/\",\"http:\/\/pinterest.com\/socialdesignmag\/\",\"http:\/\/www.youtube.com\/user\/socialdesignmagazine\"]},{\"@type\":\"Person\",\"@id\":\"https:\/\/socialdesignmagazine.com\/mag\/#\/schema\/person\/61e20205cc363c315e6aabd33a045846\",\"name\":\"Benedetto Fiori\",\"image\":{\"@type\":\"ImageObject\",\"inLanguage\":\"it-IT\",\"@id\":\"https:\/\/secure.gravatar.com\/avatar\/450a48cefa36da63d920ad70aa660bd10725b1c6093800242e5efdb397759033?s=96&d=mm&r=g\",\"url\":\"https:\/\/secure.gravatar.com\/avatar\/450a48cefa36da63d920ad70aa660bd10725b1c6093800242e5efdb397759033?s=96&d=mm&r=g\",\"contentUrl\":\"https:\/\/secure.gravatar.com\/avatar\/450a48cefa36da63d920ad70aa660bd10725b1c6093800242e5efdb397759033?s=96&d=mm&r=g\",\"caption\":\"Benedetto Fiori\"},\"description\":\"Web | Twitter | Facebook | Shutterstock Founder &amp; Editor in Chief di Social Design Magazine. Attratto da sempre da tutto ci\u00f2 che \u00e8 creativit\u00e0, design, architettura. Dopo aver studiato Architettura all'Universit\u00e0 di Firenze, si \u00e8 impegnato in molteplici campi: comunicazione grafica, progettazione di allestimenti fieristici, brand design, Interior Design.\",\"sameAs\":[\"http:\/\/benedettofiori.com\",\"https:\/\/www.facebook.com\/benedettofiori\",\"https:\/\/x.com\/benedettofiori\"],\"url\":\"https:\/\/socialdesignmagazine.com\/mag\/author\/benedetto\/\"}]}<\/script>\n<!-- \/ Yoast SEO plugin. -->","yoast_head_json":{"title":"Emilio Nanni per Billiani, anteprima Salone del Mobile 2012 - Social Design Magazine","description":"L'architetto Emilio Nanni dopo il successo della seduta Croissant, consolida la sua collaborazione con Billiani.","robots":{"index":"index","follow":"follow","max-snippet":"max-snippet:-1","max-image-preview":"max-image-preview:large","max-video-preview":"max-video-preview:-1"},"canonical":"https:\/\/socialdesignmagazine.com\/mag\/design\/emilio-nanni-per-billiani-anteprima-salone-del-mobile-2012\/","og_locale":"it_IT","og_type":"article","og_title":"Emilio Nanni per Billiani, anteprima Salone del Mobile 2012 - Social Design Magazine","og_description":"L'architetto Emilio Nanni dopo il successo della seduta Croissant, consolida la sua collaborazione con Billiani.","og_url":"http:\/\/socialdesignmagazine.com\/mag\/design\/emilio-nanni-per-billiani-anteprima-salone-del-mobile-2012\/","og_site_name":"Social Design Magazine","article_publisher":"https:\/\/www.facebook.com\/socialdesignmag","article_author":"https:\/\/www.facebook.com\/benedettofiori","article_published_time":"2012-03-15T13:30:00+00:00","article_modified_time":"2024-05-12T11:50:33+00:00","og_image":[{"width":720,"height":540,"url":"https:\/\/socialdesignmagazine.com\/mag\/wp-content\/uploads\/2012\/03\/benedetto_Emilio_Nanni_per_billiani_BILLIANI_Croissant-tavoli_design-Emilio-Nanni-2012.jpg","type":"image\/jpeg"}],"author":"Benedetto Fiori","twitter_card":"summary_large_image","twitter_creator":"@benedettofiori","twitter_site":"@socialdesignmag","twitter_misc":{"Scritto da":"Benedetto Fiori","Tempo di lettura stimato":"3 minuti"},"schema":{"@context":"https:\/\/schema.org","@graph":[{"@type":"Article","@id":"https:\/\/socialdesignmagazine.com\/mag\/design\/emilio-nanni-per-billiani-anteprima-salone-del-mobile-2012\/#article","isPartOf":{"@id":"https:\/\/socialdesignmagazine.com\/mag\/design\/emilio-nanni-per-billiani-anteprima-salone-del-mobile-2012\/"},"author":{"name":"Benedetto Fiori","@id":"https:\/\/socialdesignmagazine.com\/mag\/#\/schema\/person\/61e20205cc363c315e6aabd33a045846"},"headline":"Emilio Nanni per Billiani, anteprima Salone del Mobile 2012","datePublished":"2012-03-15T13:30:00+00:00","dateModified":"2024-05-12T11:50:33+00:00","mainEntityOfPage":{"@id":"https:\/\/socialdesignmagazine.com\/mag\/design\/emilio-nanni-per-billiani-anteprima-salone-del-mobile-2012\/"},"wordCount":324,"commentCount":0,"publisher":{"@id":"https:\/\/socialdesignmagazine.com\/mag\/#organization"},"image":{"@id":"https:\/\/socialdesignmagazine.com\/mag\/design\/emilio-nanni-per-billiani-anteprima-salone-del-mobile-2012\/#primaryimage"},"thumbnailUrl":"https:\/\/socialdesignmagazine.com\/mag\/wp-content\/uploads\/2012\/03\/benedetto_Emilio_Nanni_per_billiani_BILLIANI_Croissant-tavoli_design-Emilio-Nanni-2012.jpg","keywords":["emilio nanni","poltroncina","salone del mobile 2012 milano","sedia","tavolo"],"articleSection":["Design"],"inLanguage":"it-IT","potentialAction":[{"@type":"CommentAction","name":"Comment","target":["https:\/\/socialdesignmagazine.com\/mag\/design\/emilio-nanni-per-billiani-anteprima-salone-del-mobile-2012\/#respond"]}]},{"@type":"WebPage","@id":"https:\/\/socialdesignmagazine.com\/mag\/design\/emilio-nanni-per-billiani-anteprima-salone-del-mobile-2012\/","url":"https:\/\/socialdesignmagazine.com\/mag\/design\/emilio-nanni-per-billiani-anteprima-salone-del-mobile-2012\/","name":"Emilio Nanni per Billiani, anteprima Salone del Mobile 2012 - Social Design Magazine","isPartOf":{"@id":"https:\/\/socialdesignmagazine.com\/mag\/#website"},"primaryImageOfPage":{"@id":"https:\/\/socialdesignmagazine.com\/mag\/design\/emilio-nanni-per-billiani-anteprima-salone-del-mobile-2012\/#primaryimage"},"image":{"@id":"https:\/\/socialdesignmagazine.com\/mag\/design\/emilio-nanni-per-billiani-anteprima-salone-del-mobile-2012\/#primaryimage"},"thumbnailUrl":"https:\/\/socialdesignmagazine.com\/mag\/wp-content\/uploads\/2012\/03\/benedetto_Emilio_Nanni_per_billiani_BILLIANI_Croissant-tavoli_design-Emilio-Nanni-2012.jpg","datePublished":"2012-03-15T13:30:00+00:00","dateModified":"2024-05-12T11:50:33+00:00","description":"L'architetto Emilio Nanni dopo il successo della seduta Croissant, consolida la sua collaborazione con Billiani.","breadcrumb":{"@id":"https:\/\/socialdesignmagazine.com\/mag\/design\/emilio-nanni-per-billiani-anteprima-salone-del-mobile-2012\/#breadcrumb"},"inLanguage":"it-IT","potentialAction":[{"@type":"ReadAction","target":["https:\/\/socialdesignmagazine.com\/mag\/design\/emilio-nanni-per-billiani-anteprima-salone-del-mobile-2012\/"]}]},{"@type":"ImageObject","inLanguage":"it-IT","@id":"https:\/\/socialdesignmagazine.com\/mag\/design\/emilio-nanni-per-billiani-anteprima-salone-del-mobile-2012\/#primaryimage","url":"https:\/\/socialdesignmagazine.com\/mag\/wp-content\/uploads\/2012\/03\/benedetto_Emilio_Nanni_per_billiani_BILLIANI_Croissant-tavoli_design-Emilio-Nanni-2012.jpg","contentUrl":"https:\/\/socialdesignmagazine.com\/mag\/wp-content\/uploads\/2012\/03\/benedetto_Emilio_Nanni_per_billiani_BILLIANI_Croissant-tavoli_design-Emilio-Nanni-2012.jpg","width":720,"height":540,"caption":"BILLIANI_Croissant-tavoli_design-Emilio-Nanni-2012"},{"@type":"BreadcrumbList","@id":"https:\/\/socialdesignmagazine.com\/mag\/design\/emilio-nanni-per-billiani-anteprima-salone-del-mobile-2012\/#breadcrumb","itemListElement":[{"@type":"ListItem","position":1,"name":"Home","item":"https:\/\/socialdesignmagazine.com\/mag\/"},{"@type":"ListItem","position":2,"name":"Design","item":"https:\/\/socialdesignmagazine.com\/mag\/design\/"},{"@type":"ListItem","position":3,"name":"Emilio Nanni per Billiani, anteprima Salone del Mobile 2012"}]},{"@type":"WebSite","@id":"https:\/\/socialdesignmagazine.com\/mag\/#website","url":"https:\/\/socialdesignmagazine.com\/mag\/","name":"Social Design Magazine","description":"Social Magazine su Design, Architettura, Arte, Grafica","publisher":{"@id":"https:\/\/socialdesignmagazine.com\/mag\/#organization"},"potentialAction":[{"@type":"SearchAction","target":{"@type":"EntryPoint","urlTemplate":"https:\/\/socialdesignmagazine.com\/mag\/?s={search_term_string}"},"query-input":{"@type":"PropertyValueSpecification","valueRequired":true,"valueName":"search_term_string"}}],"inLanguage":"it-IT"},{"@type":"Organization","@id":"https:\/\/socialdesignmagazine.com\/mag\/#organization","name":"Social Design Magazine","url":"https:\/\/socialdesignmagazine.com\/mag\/","logo":{"@type":"ImageObject","inLanguage":"it-IT","@id":"https:\/\/socialdesignmagazine.com\/mag\/#\/schema\/logo\/image\/","url":"https:\/\/socialdesignmagazine.com\/mag\/wp-content\/uploads\/2017\/01\/logo_favicon_11.png","contentUrl":"https:\/\/socialdesignmagazine.com\/mag\/wp-content\/uploads\/2017\/01\/logo_favicon_11.png","width":1024,"height":1024,"caption":"Social Design Magazine"},"image":{"@id":"https:\/\/socialdesignmagazine.com\/mag\/#\/schema\/logo\/image\/"},"sameAs":["https:\/\/www.facebook.com\/socialdesignmag","https:\/\/x.com\/socialdesignmag","http:\/\/instagram.com\/social_design_magazine\/","http:\/\/pinterest.com\/socialdesignmag\/","http:\/\/www.youtube.com\/user\/socialdesignmagazine"]},{"@type":"Person","@id":"https:\/\/socialdesignmagazine.com\/mag\/#\/schema\/person\/61e20205cc363c315e6aabd33a045846","name":"Benedetto Fiori","image":{"@type":"ImageObject","inLanguage":"it-IT","@id":"https:\/\/secure.gravatar.com\/avatar\/450a48cefa36da63d920ad70aa660bd10725b1c6093800242e5efdb397759033?s=96&d=mm&r=g","url":"https:\/\/secure.gravatar.com\/avatar\/450a48cefa36da63d920ad70aa660bd10725b1c6093800242e5efdb397759033?s=96&d=mm&r=g","contentUrl":"https:\/\/secure.gravatar.com\/avatar\/450a48cefa36da63d920ad70aa660bd10725b1c6093800242e5efdb397759033?s=96&d=mm&r=g","caption":"Benedetto Fiori"},"description":"Web | Twitter | Facebook | Shutterstock Founder &amp; Editor in Chief di Social Design Magazine. Attratto da sempre da tutto ci\u00f2 che \u00e8 creativit\u00e0, design, architettura. Dopo aver studiato Architettura all'Universit\u00e0 di Firenze, si \u00e8 impegnato in molteplici campi: comunicazione grafica, progettazione di allestimenti fieristici, brand design, Interior Design.","sameAs":["http:\/\/benedettofiori.com","https:\/\/www.facebook.com\/benedettofiori","https:\/\/x.com\/benedettofiori"],"url":"https:\/\/socialdesignmagazine.com\/mag\/author\/benedetto\/"}]}},"jetpack_featured_media_url":"https:\/\/socialdesignmagazine.com\/mag\/wp-content\/uploads\/2012\/03\/benedetto_Emilio_Nanni_per_billiani_BILLIANI_Croissant-tavoli_design-Emilio-Nanni-2012.jpg","jetpack_sharing_enabled":true,"jetpack_shortlink":"https:\/\/wp.me\/p6cV7V-9G","gt_translate_keys":[{"key":"link","format":"url"}],"_links":{"self":[{"href":"https:\/\/socialdesignmagazine.com\/mag\/wp-json\/wp\/v2\/posts\/600","targetHints":{"allow":["GET"]}}],"collection":[{"href":"https:\/\/socialdesignmagazine.com\/mag\/wp-json\/wp\/v2\/posts"}],"about":[{"href":"https:\/\/socialdesignmagazine.com\/mag\/wp-json\/wp\/v2\/types\/post"}],"author":[{"embeddable":true,"href":"https:\/\/socialdesignmagazine.com\/mag\/wp-json\/wp\/v2\/users\/1"}],"replies":[{"embeddable":true,"href":"https:\/\/socialdesignmagazine.com\/mag\/wp-json\/wp\/v2\/comments?post=600"}],"version-history":[{"count":1,"href":"https:\/\/socialdesignmagazine.com\/mag\/wp-json\/wp\/v2\/posts\/600\/revisions"}],"predecessor-version":[{"id":59707,"href":"https:\/\/socialdesignmagazine.com\/mag\/wp-json\/wp\/v2\/posts\/600\/revisions\/59707"}],"wp:featuredmedia":[{"embeddable":true,"href":"https:\/\/socialdesignmagazine.com\/mag\/wp-json\/wp\/v2\/media\/7436"}],"wp:attachment":[{"href":"https:\/\/socialdesignmagazine.com\/mag\/wp-json\/wp\/v2\/media?parent=600"}],"wp:term":[{"taxonomy":"category","embeddable":true,"href":"https:\/\/socialdesignmagazine.com\/mag\/wp-json\/wp\/v2\/categories?post=600"},{"taxonomy":"post_tag","embeddable":true,"href":"https:\/\/socialdesignmagazine.com\/mag\/wp-json\/wp\/v2\/tags?post=600"}],"curies":[{"name":"wp","href":"https:\/\/api.w.org\/{rel}","templated":true}]}}