{"id":602,"date":"2012-03-20T16:30:00","date_gmt":"2012-03-20T15:30:00","guid":{"rendered":"https:\/\/socialdesignmagazine.com\/mag\/s6-design\/c35-design\/haik-emilio-nanni-per-laboratorio-pesaro-anteprima-salone-del-mobile-2012\/"},"modified":"2024-05-12T15:26:14","modified_gmt":"2024-05-12T13:26:14","slug":"haik-emilio-nanni-per-laboratorio-pesaro-anteprima-salone-del-mobile-2012","status":"publish","type":"post","link":"https:\/\/socialdesignmagazine.com\/mag\/design\/haik-emilio-nanni-per-laboratorio-pesaro-anteprima-salone-del-mobile-2012\/","title":{"rendered":"Haik \/ Emilio Nanni per Laboratorio Pesaro, anteprima Salone del Mobile 2012","gt_translate_keys":[{"key":"rendered","format":"text"}]},"content":{"rendered":"\n<p><strong>Haik<\/strong> di <strong>Emilio Nanni<\/strong> per <strong>Laboratorio Pesaro&nbsp;<\/strong>\u00e8 un progetto&nbsp;che nasce in occasione &nbsp;della mostra di Emilio Nanni <strong><a rel=\"nofollow\" href=\"..\/en\/site\/design\/emilio-nanni-sign.html\">SIGN<sup>2<\/sup><\/a><\/strong> presso la Art To Design Gallery di Bologna. Un oggetto simbolico e una sintesi perfetta per il percorso di Emilio Nanni che rappresenta perfettamente la duplicit\u00e0 del suo lavoro di Designer e di Artista.<\/p>\n\n\n\n<p>Il disegno nasce da un\u2019interpolazione tra solidi geometrici e pone una duplicit\u00e0 di lettura \u00a0unendo semplicit\u00e0 e chiarezza compositiva ad una sottile complessit\u00e0 concettuale.\u00a0E\u2019 un ibrido tra scultura e design. Con questo prodotto nasce una collaborazione importante tra Laboratorio Pesaro, storica azienda marchigiana ed Emilio Nanni. <strong>HAIK<\/strong>, sgabello\/tavolino\/vaso, apre per Laboratorio Pesaro una nuova tipologia produttiva orientata al complemento d&#8217;arredo in ceramica per la casa e il contract \u00a0utilizzabile sia per l\u2019interno che per l\u2019outdoor.<br>E\u2019 prevista una collezione speciale numerata e firmata e il multiplo d\u2019arte orientata al collezionismo d\u2019arte.<\/p>\n\n\n<div class=\"wp-block-image\">\n<figure class=\"aligncenter\"><img loading=\"lazy\" decoding=\"async\" width=\"720\" height=\"480\" data-attachment-id=\"7446\" data-permalink=\"https:\/\/socialdesignmagazine.com\/mag\/design\/haik-emilio-nanni-per-laboratorio-pesaro-anteprima-salone-del-mobile-2012\/attachment\/haik_emilio-nanni-02\/#content\" data-orig-file=\"https:\/\/socialdesignmagazine.com\/mag\/wp-content\/uploads\/2012\/03\/benedetto_Emilio_Nanni_per_laboratorio_pesaro_Haik_Emilio-Nanni-02.jpg\" data-orig-size=\"720,480\" data-comments-opened=\"1\" data-image-meta=\"{&quot;aperture&quot;:&quot;0&quot;,&quot;credit&quot;:&quot;&quot;,&quot;camera&quot;:&quot;&quot;,&quot;caption&quot;:&quot;&quot;,&quot;created_timestamp&quot;:&quot;0&quot;,&quot;copyright&quot;:&quot;&quot;,&quot;focal_length&quot;:&quot;0&quot;,&quot;iso&quot;:&quot;0&quot;,&quot;shutter_speed&quot;:&quot;0&quot;,&quot;title&quot;:&quot;&quot;,&quot;orientation&quot;:&quot;0&quot;}\" data-image-title=\"Haik_Emilio-Nanni-02\" data-image-description=\"\" data-image-caption=\"\" data-medium-file=\"https:\/\/socialdesignmagazine.com\/mag\/wp-content\/uploads\/2012\/03\/benedetto_Emilio_Nanni_per_laboratorio_pesaro_Haik_Emilio-Nanni-02-396x256.jpg\" data-large-file=\"https:\/\/socialdesignmagazine.com\/mag\/wp-content\/uploads\/2012\/03\/benedetto_Emilio_Nanni_per_laboratorio_pesaro_Haik_Emilio-Nanni-02.jpg\" src=\"https:\/\/socialdesignmagazine.com\/mag\/wp-content\/uploads\/2012\/03\/benedetto_Emilio_Nanni_per_laboratorio_pesaro_Haik_Emilio-Nanni-02.jpg\" alt=\"Haik_Emilio-Nanni-02\" class=\"wp-image-7446\" srcset=\"https:\/\/socialdesignmagazine.com\/mag\/wp-content\/uploads\/2012\/03\/benedetto_Emilio_Nanni_per_laboratorio_pesaro_Haik_Emilio-Nanni-02.jpg 720w, https:\/\/socialdesignmagazine.com\/mag\/wp-content\/uploads\/2012\/03\/benedetto_Emilio_Nanni_per_laboratorio_pesaro_Haik_Emilio-Nanni-02-100x66.jpg 100w\" sizes=\"auto, (max-width: 720px) 100vw, 720px\" \/><\/figure>\n<\/div>","protected":false,"gt_translate_keys":[{"key":"rendered","format":"html"}]},"excerpt":{"rendered":"<p>Haik di Emilio Nanni per Laboratorio Pesaro\u00a0\u00e8 un progetto\u00a0che nasce in occasione \u00a0della mostra di Emilio Nanni SIGN2 presso la Art To Design Gallery di Bologna. Un oggetto simbolico e una sintesi perfetta per il percorso di Emilio Nanni che rappresenta perfettamente la duplicit\u00e0 del suo lavoro di Designer e di Artista.<\/p>\n","protected":false,"gt_translate_keys":[{"key":"rendered","format":"html"}]},"author":1,"featured_media":7445,"comment_status":"open","ping_status":"open","sticky":false,"template":"","format":"standard","meta":{"jetpack_post_was_ever_published":false,"_jetpack_newsletter_access":"","_jetpack_dont_email_post_to_subs":false,"_jetpack_newsletter_tier_id":0,"_jetpack_memberships_contains_paywalled_content":false,"_jetpack_memberships_contains_paid_content":false,"footnotes":"","_wpscppro_dont_share_socialmedia":false,"_wpscppro_custom_social_share_image":0,"_facebook_share_type":"","_twitter_share_type":"","_linkedin_share_type":"","_pinterest_share_type":"","_linkedin_share_type_page":"","_instagram_share_type":"","_medium_share_type":"","_threads_share_type":"","_google_business_share_type":"","_selected_social_profile":[],"_wpsp_enable_custom_social_template":false,"_wpsp_social_scheduling":{"enabled":false,"datetime":null,"platforms":[],"status":"template_only","dateOption":"today","timeOption":"now","customDays":"","customHours":"","customDate":"","customTime":"","schedulingType":"absolute"},"_wpsp_active_default_template":true},"categories":[13],"tags":[1599,1688,1866],"class_list":["post-602","post","type-post","status-publish","format-standard","has-post-thumbnail","hentry","category-design","tag-ceramica","tag-emilio-nanni","tag-salone-del-mobile-2012-milano"],"yoast_head":"<!-- This site is optimized with the Yoast SEO plugin v27.2 - https:\/\/yoast.com\/product\/yoast-seo-wordpress\/ -->\n<title>Haik \/ Emilio Nanni per Laboratorio Pesaro, anteprima Salone del Mobile 2012 - Social Design Magazine<\/title>\n<meta name=\"description\" content=\"Haik di Emilio Nanni per Laboratorio Pesaro\u00a0\u00e8 un progetto\u00a0che nasce in occasione \u00a0della mostra di Emilio Nanni SIGN2 presso la Art To Design Gallery di Bologna. Un oggetto simbolico e una sintesi perfetta per il percorso di Emilio Nanni che rappresenta perfettamente la duplicit\u00e0 del suo lavoro di Designer e di Artista.\" \/>\n<meta name=\"robots\" content=\"index, follow, max-snippet:-1, max-image-preview:large, max-video-preview:-1\" \/>\n<link rel=\"canonical\" href=\"https:\/\/socialdesignmagazine.com\/mag\/design\/haik-emilio-nanni-per-laboratorio-pesaro-anteprima-salone-del-mobile-2012\/\" \/>\n<meta property=\"og:locale\" content=\"it_IT\" \/>\n<meta property=\"og:type\" content=\"article\" \/>\n<meta property=\"og:title\" content=\"Haik \/ Emilio Nanni per Laboratorio Pesaro, anteprima Salone del Mobile 2012 - Social Design Magazine\" \/>\n<meta property=\"og:description\" content=\"Haik di Emilio Nanni per Laboratorio Pesaro\u00a0\u00e8 un progetto\u00a0che nasce in occasione \u00a0della mostra di Emilio Nanni SIGN2 presso la Art To Design Gallery di Bologna. Un oggetto simbolico e una sintesi perfetta per il percorso di Emilio Nanni che rappresenta perfettamente la duplicit\u00e0 del suo lavoro di Designer e di Artista.\" \/>\n<meta property=\"og:url\" content=\"http:\/\/socialdesignmagazine.com\/mag\/design\/haik-emilio-nanni-per-laboratorio-pesaro-anteprima-salone-del-mobile-2012\/\" \/>\n<meta property=\"og:site_name\" content=\"Social Design Magazine\" \/>\n<meta property=\"article:publisher\" content=\"https:\/\/www.facebook.com\/socialdesignmag\" \/>\n<meta property=\"article:author\" content=\"https:\/\/www.facebook.com\/benedettofiori\" \/>\n<meta property=\"article:published_time\" content=\"2012-03-20T15:30:00+00:00\" \/>\n<meta property=\"article:modified_time\" content=\"2024-05-12T13:26:14+00:00\" \/>\n<meta property=\"og:image\" content=\"https:\/\/socialdesignmagazine.com\/mag\/wp-content\/uploads\/2012\/03\/benedetto_Emilio_Nanni_per_laboratorio_pesaro_Haik_Emilio-Nanni-01.jpg\" \/>\n\t<meta property=\"og:image:width\" content=\"720\" \/>\n\t<meta property=\"og:image:height\" content=\"513\" \/>\n\t<meta property=\"og:image:type\" content=\"image\/jpeg\" \/>\n<meta name=\"author\" content=\"Benedetto Fiori\" \/>\n<meta name=\"twitter:card\" content=\"summary_large_image\" \/>\n<meta name=\"twitter:creator\" content=\"@benedettofiori\" \/>\n<meta name=\"twitter:site\" content=\"@socialdesignmag\" \/>\n<meta name=\"twitter:label1\" content=\"Scritto da\" \/>\n\t<meta name=\"twitter:data1\" content=\"Benedetto Fiori\" \/>\n\t<meta name=\"twitter:label2\" content=\"Tempo di lettura stimato\" \/>\n\t<meta name=\"twitter:data2\" content=\"2 minuti\" \/>\n<script type=\"application\/ld+json\" class=\"yoast-schema-graph\">{\"@context\":\"https:\/\/schema.org\",\"@graph\":[{\"@type\":\"Article\",\"@id\":\"https:\/\/socialdesignmagazine.com\/mag\/design\/haik-emilio-nanni-per-laboratorio-pesaro-anteprima-salone-del-mobile-2012\/#article\",\"isPartOf\":{\"@id\":\"https:\/\/socialdesignmagazine.com\/mag\/design\/haik-emilio-nanni-per-laboratorio-pesaro-anteprima-salone-del-mobile-2012\/\"},\"author\":{\"name\":\"Benedetto Fiori\",\"@id\":\"https:\/\/socialdesignmagazine.com\/mag\/#\/schema\/person\/61e20205cc363c315e6aabd33a045846\"},\"headline\":\"Haik \/ Emilio Nanni per Laboratorio Pesaro, anteprima Salone del Mobile 2012\",\"datePublished\":\"2012-03-20T15:30:00+00:00\",\"dateModified\":\"2024-05-12T13:26:14+00:00\",\"mainEntityOfPage\":{\"@id\":\"https:\/\/socialdesignmagazine.com\/mag\/design\/haik-emilio-nanni-per-laboratorio-pesaro-anteprima-salone-del-mobile-2012\/\"},\"wordCount\":166,\"commentCount\":0,\"publisher\":{\"@id\":\"https:\/\/socialdesignmagazine.com\/mag\/#organization\"},\"image\":{\"@id\":\"https:\/\/socialdesignmagazine.com\/mag\/design\/haik-emilio-nanni-per-laboratorio-pesaro-anteprima-salone-del-mobile-2012\/#primaryimage\"},\"thumbnailUrl\":\"https:\/\/socialdesignmagazine.com\/mag\/wp-content\/uploads\/2012\/03\/benedetto_Emilio_Nanni_per_laboratorio_pesaro_Haik_Emilio-Nanni-01.jpg\",\"keywords\":[\"ceramica\",\"emilio nanni\",\"salone del mobile 2012 milano\"],\"articleSection\":[\"Design\"],\"inLanguage\":\"it-IT\",\"potentialAction\":[{\"@type\":\"CommentAction\",\"name\":\"Comment\",\"target\":[\"https:\/\/socialdesignmagazine.com\/mag\/design\/haik-emilio-nanni-per-laboratorio-pesaro-anteprima-salone-del-mobile-2012\/#respond\"]}]},{\"@type\":\"WebPage\",\"@id\":\"https:\/\/socialdesignmagazine.com\/mag\/design\/haik-emilio-nanni-per-laboratorio-pesaro-anteprima-salone-del-mobile-2012\/\",\"url\":\"https:\/\/socialdesignmagazine.com\/mag\/design\/haik-emilio-nanni-per-laboratorio-pesaro-anteprima-salone-del-mobile-2012\/\",\"name\":\"Haik \/ Emilio Nanni per Laboratorio Pesaro, anteprima Salone del Mobile 2012 - Social Design Magazine\",\"isPartOf\":{\"@id\":\"https:\/\/socialdesignmagazine.com\/mag\/#website\"},\"primaryImageOfPage\":{\"@id\":\"https:\/\/socialdesignmagazine.com\/mag\/design\/haik-emilio-nanni-per-laboratorio-pesaro-anteprima-salone-del-mobile-2012\/#primaryimage\"},\"image\":{\"@id\":\"https:\/\/socialdesignmagazine.com\/mag\/design\/haik-emilio-nanni-per-laboratorio-pesaro-anteprima-salone-del-mobile-2012\/#primaryimage\"},\"thumbnailUrl\":\"https:\/\/socialdesignmagazine.com\/mag\/wp-content\/uploads\/2012\/03\/benedetto_Emilio_Nanni_per_laboratorio_pesaro_Haik_Emilio-Nanni-01.jpg\",\"datePublished\":\"2012-03-20T15:30:00+00:00\",\"dateModified\":\"2024-05-12T13:26:14+00:00\",\"description\":\"Haik di Emilio Nanni per Laboratorio Pesaro\u00a0\u00e8 un progetto\u00a0che nasce in occasione \u00a0della mostra di Emilio Nanni SIGN2 presso la Art To Design Gallery di Bologna. Un oggetto simbolico e una sintesi perfetta per il percorso di Emilio Nanni che rappresenta perfettamente la duplicit\u00e0 del suo lavoro di Designer e di Artista.\",\"breadcrumb\":{\"@id\":\"https:\/\/socialdesignmagazine.com\/mag\/design\/haik-emilio-nanni-per-laboratorio-pesaro-anteprima-salone-del-mobile-2012\/#breadcrumb\"},\"inLanguage\":\"it-IT\",\"potentialAction\":[{\"@type\":\"ReadAction\",\"target\":[\"https:\/\/socialdesignmagazine.com\/mag\/design\/haik-emilio-nanni-per-laboratorio-pesaro-anteprima-salone-del-mobile-2012\/\"]}]},{\"@type\":\"ImageObject\",\"inLanguage\":\"it-IT\",\"@id\":\"https:\/\/socialdesignmagazine.com\/mag\/design\/haik-emilio-nanni-per-laboratorio-pesaro-anteprima-salone-del-mobile-2012\/#primaryimage\",\"url\":\"https:\/\/socialdesignmagazine.com\/mag\/wp-content\/uploads\/2012\/03\/benedetto_Emilio_Nanni_per_laboratorio_pesaro_Haik_Emilio-Nanni-01.jpg\",\"contentUrl\":\"https:\/\/socialdesignmagazine.com\/mag\/wp-content\/uploads\/2012\/03\/benedetto_Emilio_Nanni_per_laboratorio_pesaro_Haik_Emilio-Nanni-01.jpg\",\"width\":720,\"height\":513,\"caption\":\"Haik_Emilio-Nanni-01\"},{\"@type\":\"BreadcrumbList\",\"@id\":\"https:\/\/socialdesignmagazine.com\/mag\/design\/haik-emilio-nanni-per-laboratorio-pesaro-anteprima-salone-del-mobile-2012\/#breadcrumb\",\"itemListElement\":[{\"@type\":\"ListItem\",\"position\":1,\"name\":\"Home\",\"item\":\"https:\/\/socialdesignmagazine.com\/mag\/\"},{\"@type\":\"ListItem\",\"position\":2,\"name\":\"Design\",\"item\":\"https:\/\/socialdesignmagazine.com\/mag\/design\/\"},{\"@type\":\"ListItem\",\"position\":3,\"name\":\"Haik \/ Emilio Nanni per Laboratorio Pesaro, anteprima Salone del Mobile 2012\"}]},{\"@type\":\"WebSite\",\"@id\":\"https:\/\/socialdesignmagazine.com\/mag\/#website\",\"url\":\"https:\/\/socialdesignmagazine.com\/mag\/\",\"name\":\"Social Design Magazine\",\"description\":\"Social Magazine su Design, Architettura, Arte, Grafica\",\"publisher\":{\"@id\":\"https:\/\/socialdesignmagazine.com\/mag\/#organization\"},\"potentialAction\":[{\"@type\":\"SearchAction\",\"target\":{\"@type\":\"EntryPoint\",\"urlTemplate\":\"https:\/\/socialdesignmagazine.com\/mag\/?s={search_term_string}\"},\"query-input\":{\"@type\":\"PropertyValueSpecification\",\"valueRequired\":true,\"valueName\":\"search_term_string\"}}],\"inLanguage\":\"it-IT\"},{\"@type\":\"Organization\",\"@id\":\"https:\/\/socialdesignmagazine.com\/mag\/#organization\",\"name\":\"Social Design Magazine\",\"url\":\"https:\/\/socialdesignmagazine.com\/mag\/\",\"logo\":{\"@type\":\"ImageObject\",\"inLanguage\":\"it-IT\",\"@id\":\"https:\/\/socialdesignmagazine.com\/mag\/#\/schema\/logo\/image\/\",\"url\":\"https:\/\/socialdesignmagazine.com\/mag\/wp-content\/uploads\/2017\/01\/logo_favicon_11.png\",\"contentUrl\":\"https:\/\/socialdesignmagazine.com\/mag\/wp-content\/uploads\/2017\/01\/logo_favicon_11.png\",\"width\":1024,\"height\":1024,\"caption\":\"Social Design Magazine\"},\"image\":{\"@id\":\"https:\/\/socialdesignmagazine.com\/mag\/#\/schema\/logo\/image\/\"},\"sameAs\":[\"https:\/\/www.facebook.com\/socialdesignmag\",\"https:\/\/x.com\/socialdesignmag\",\"http:\/\/instagram.com\/social_design_magazine\/\",\"http:\/\/pinterest.com\/socialdesignmag\/\",\"http:\/\/www.youtube.com\/user\/socialdesignmagazine\"]},{\"@type\":\"Person\",\"@id\":\"https:\/\/socialdesignmagazine.com\/mag\/#\/schema\/person\/61e20205cc363c315e6aabd33a045846\",\"name\":\"Benedetto Fiori\",\"image\":{\"@type\":\"ImageObject\",\"inLanguage\":\"it-IT\",\"@id\":\"https:\/\/secure.gravatar.com\/avatar\/450a48cefa36da63d920ad70aa660bd10725b1c6093800242e5efdb397759033?s=96&d=mm&r=g\",\"url\":\"https:\/\/secure.gravatar.com\/avatar\/450a48cefa36da63d920ad70aa660bd10725b1c6093800242e5efdb397759033?s=96&d=mm&r=g\",\"contentUrl\":\"https:\/\/secure.gravatar.com\/avatar\/450a48cefa36da63d920ad70aa660bd10725b1c6093800242e5efdb397759033?s=96&d=mm&r=g\",\"caption\":\"Benedetto Fiori\"},\"description\":\"Web | Twitter | Facebook | Shutterstock Founder &amp; Editor in Chief di Social Design Magazine. Attratto da sempre da tutto ci\u00f2 che \u00e8 creativit\u00e0, design, architettura. Dopo aver studiato Architettura all'Universit\u00e0 di Firenze, si \u00e8 impegnato in molteplici campi: comunicazione grafica, progettazione di allestimenti fieristici, brand design, Interior Design.\",\"sameAs\":[\"http:\/\/benedettofiori.com\",\"https:\/\/www.facebook.com\/benedettofiori\",\"https:\/\/x.com\/benedettofiori\"],\"url\":\"https:\/\/socialdesignmagazine.com\/mag\/author\/benedetto\/\"}]}<\/script>\n<!-- \/ Yoast SEO plugin. -->","yoast_head_json":{"title":"Haik \/ Emilio Nanni per Laboratorio Pesaro, anteprima Salone del Mobile 2012 - Social Design Magazine","description":"Haik di Emilio Nanni per Laboratorio Pesaro\u00a0\u00e8 un progetto\u00a0che nasce in occasione \u00a0della mostra di Emilio Nanni SIGN2 presso la Art To Design Gallery di Bologna. Un oggetto simbolico e una sintesi perfetta per il percorso di Emilio Nanni che rappresenta perfettamente la duplicit\u00e0 del suo lavoro di Designer e di Artista.","robots":{"index":"index","follow":"follow","max-snippet":"max-snippet:-1","max-image-preview":"max-image-preview:large","max-video-preview":"max-video-preview:-1"},"canonical":"https:\/\/socialdesignmagazine.com\/mag\/design\/haik-emilio-nanni-per-laboratorio-pesaro-anteprima-salone-del-mobile-2012\/","og_locale":"it_IT","og_type":"article","og_title":"Haik \/ Emilio Nanni per Laboratorio Pesaro, anteprima Salone del Mobile 2012 - Social Design Magazine","og_description":"Haik di Emilio Nanni per Laboratorio Pesaro\u00a0\u00e8 un progetto\u00a0che nasce in occasione \u00a0della mostra di Emilio Nanni SIGN2 presso la Art To Design Gallery di Bologna. Un oggetto simbolico e una sintesi perfetta per il percorso di Emilio Nanni che rappresenta perfettamente la duplicit\u00e0 del suo lavoro di Designer e di Artista.","og_url":"http:\/\/socialdesignmagazine.com\/mag\/design\/haik-emilio-nanni-per-laboratorio-pesaro-anteprima-salone-del-mobile-2012\/","og_site_name":"Social Design Magazine","article_publisher":"https:\/\/www.facebook.com\/socialdesignmag","article_author":"https:\/\/www.facebook.com\/benedettofiori","article_published_time":"2012-03-20T15:30:00+00:00","article_modified_time":"2024-05-12T13:26:14+00:00","og_image":[{"width":720,"height":513,"url":"https:\/\/socialdesignmagazine.com\/mag\/wp-content\/uploads\/2012\/03\/benedetto_Emilio_Nanni_per_laboratorio_pesaro_Haik_Emilio-Nanni-01.jpg","type":"image\/jpeg"}],"author":"Benedetto Fiori","twitter_card":"summary_large_image","twitter_creator":"@benedettofiori","twitter_site":"@socialdesignmag","twitter_misc":{"Scritto da":"Benedetto Fiori","Tempo di lettura stimato":"2 minuti"},"schema":{"@context":"https:\/\/schema.org","@graph":[{"@type":"Article","@id":"https:\/\/socialdesignmagazine.com\/mag\/design\/haik-emilio-nanni-per-laboratorio-pesaro-anteprima-salone-del-mobile-2012\/#article","isPartOf":{"@id":"https:\/\/socialdesignmagazine.com\/mag\/design\/haik-emilio-nanni-per-laboratorio-pesaro-anteprima-salone-del-mobile-2012\/"},"author":{"name":"Benedetto Fiori","@id":"https:\/\/socialdesignmagazine.com\/mag\/#\/schema\/person\/61e20205cc363c315e6aabd33a045846"},"headline":"Haik \/ Emilio Nanni per Laboratorio Pesaro, anteprima Salone del Mobile 2012","datePublished":"2012-03-20T15:30:00+00:00","dateModified":"2024-05-12T13:26:14+00:00","mainEntityOfPage":{"@id":"https:\/\/socialdesignmagazine.com\/mag\/design\/haik-emilio-nanni-per-laboratorio-pesaro-anteprima-salone-del-mobile-2012\/"},"wordCount":166,"commentCount":0,"publisher":{"@id":"https:\/\/socialdesignmagazine.com\/mag\/#organization"},"image":{"@id":"https:\/\/socialdesignmagazine.com\/mag\/design\/haik-emilio-nanni-per-laboratorio-pesaro-anteprima-salone-del-mobile-2012\/#primaryimage"},"thumbnailUrl":"https:\/\/socialdesignmagazine.com\/mag\/wp-content\/uploads\/2012\/03\/benedetto_Emilio_Nanni_per_laboratorio_pesaro_Haik_Emilio-Nanni-01.jpg","keywords":["ceramica","emilio nanni","salone del mobile 2012 milano"],"articleSection":["Design"],"inLanguage":"it-IT","potentialAction":[{"@type":"CommentAction","name":"Comment","target":["https:\/\/socialdesignmagazine.com\/mag\/design\/haik-emilio-nanni-per-laboratorio-pesaro-anteprima-salone-del-mobile-2012\/#respond"]}]},{"@type":"WebPage","@id":"https:\/\/socialdesignmagazine.com\/mag\/design\/haik-emilio-nanni-per-laboratorio-pesaro-anteprima-salone-del-mobile-2012\/","url":"https:\/\/socialdesignmagazine.com\/mag\/design\/haik-emilio-nanni-per-laboratorio-pesaro-anteprima-salone-del-mobile-2012\/","name":"Haik \/ Emilio Nanni per Laboratorio Pesaro, anteprima Salone del Mobile 2012 - Social Design Magazine","isPartOf":{"@id":"https:\/\/socialdesignmagazine.com\/mag\/#website"},"primaryImageOfPage":{"@id":"https:\/\/socialdesignmagazine.com\/mag\/design\/haik-emilio-nanni-per-laboratorio-pesaro-anteprima-salone-del-mobile-2012\/#primaryimage"},"image":{"@id":"https:\/\/socialdesignmagazine.com\/mag\/design\/haik-emilio-nanni-per-laboratorio-pesaro-anteprima-salone-del-mobile-2012\/#primaryimage"},"thumbnailUrl":"https:\/\/socialdesignmagazine.com\/mag\/wp-content\/uploads\/2012\/03\/benedetto_Emilio_Nanni_per_laboratorio_pesaro_Haik_Emilio-Nanni-01.jpg","datePublished":"2012-03-20T15:30:00+00:00","dateModified":"2024-05-12T13:26:14+00:00","description":"Haik di Emilio Nanni per Laboratorio Pesaro\u00a0\u00e8 un progetto\u00a0che nasce in occasione \u00a0della mostra di Emilio Nanni SIGN2 presso la Art To Design Gallery di Bologna. Un oggetto simbolico e una sintesi perfetta per il percorso di Emilio Nanni che rappresenta perfettamente la duplicit\u00e0 del suo lavoro di Designer e di Artista.","breadcrumb":{"@id":"https:\/\/socialdesignmagazine.com\/mag\/design\/haik-emilio-nanni-per-laboratorio-pesaro-anteprima-salone-del-mobile-2012\/#breadcrumb"},"inLanguage":"it-IT","potentialAction":[{"@type":"ReadAction","target":["https:\/\/socialdesignmagazine.com\/mag\/design\/haik-emilio-nanni-per-laboratorio-pesaro-anteprima-salone-del-mobile-2012\/"]}]},{"@type":"ImageObject","inLanguage":"it-IT","@id":"https:\/\/socialdesignmagazine.com\/mag\/design\/haik-emilio-nanni-per-laboratorio-pesaro-anteprima-salone-del-mobile-2012\/#primaryimage","url":"https:\/\/socialdesignmagazine.com\/mag\/wp-content\/uploads\/2012\/03\/benedetto_Emilio_Nanni_per_laboratorio_pesaro_Haik_Emilio-Nanni-01.jpg","contentUrl":"https:\/\/socialdesignmagazine.com\/mag\/wp-content\/uploads\/2012\/03\/benedetto_Emilio_Nanni_per_laboratorio_pesaro_Haik_Emilio-Nanni-01.jpg","width":720,"height":513,"caption":"Haik_Emilio-Nanni-01"},{"@type":"BreadcrumbList","@id":"https:\/\/socialdesignmagazine.com\/mag\/design\/haik-emilio-nanni-per-laboratorio-pesaro-anteprima-salone-del-mobile-2012\/#breadcrumb","itemListElement":[{"@type":"ListItem","position":1,"name":"Home","item":"https:\/\/socialdesignmagazine.com\/mag\/"},{"@type":"ListItem","position":2,"name":"Design","item":"https:\/\/socialdesignmagazine.com\/mag\/design\/"},{"@type":"ListItem","position":3,"name":"Haik \/ Emilio Nanni per Laboratorio Pesaro, anteprima Salone del Mobile 2012"}]},{"@type":"WebSite","@id":"https:\/\/socialdesignmagazine.com\/mag\/#website","url":"https:\/\/socialdesignmagazine.com\/mag\/","name":"Social Design Magazine","description":"Social Magazine su Design, Architettura, Arte, Grafica","publisher":{"@id":"https:\/\/socialdesignmagazine.com\/mag\/#organization"},"potentialAction":[{"@type":"SearchAction","target":{"@type":"EntryPoint","urlTemplate":"https:\/\/socialdesignmagazine.com\/mag\/?s={search_term_string}"},"query-input":{"@type":"PropertyValueSpecification","valueRequired":true,"valueName":"search_term_string"}}],"inLanguage":"it-IT"},{"@type":"Organization","@id":"https:\/\/socialdesignmagazine.com\/mag\/#organization","name":"Social Design Magazine","url":"https:\/\/socialdesignmagazine.com\/mag\/","logo":{"@type":"ImageObject","inLanguage":"it-IT","@id":"https:\/\/socialdesignmagazine.com\/mag\/#\/schema\/logo\/image\/","url":"https:\/\/socialdesignmagazine.com\/mag\/wp-content\/uploads\/2017\/01\/logo_favicon_11.png","contentUrl":"https:\/\/socialdesignmagazine.com\/mag\/wp-content\/uploads\/2017\/01\/logo_favicon_11.png","width":1024,"height":1024,"caption":"Social Design Magazine"},"image":{"@id":"https:\/\/socialdesignmagazine.com\/mag\/#\/schema\/logo\/image\/"},"sameAs":["https:\/\/www.facebook.com\/socialdesignmag","https:\/\/x.com\/socialdesignmag","http:\/\/instagram.com\/social_design_magazine\/","http:\/\/pinterest.com\/socialdesignmag\/","http:\/\/www.youtube.com\/user\/socialdesignmagazine"]},{"@type":"Person","@id":"https:\/\/socialdesignmagazine.com\/mag\/#\/schema\/person\/61e20205cc363c315e6aabd33a045846","name":"Benedetto Fiori","image":{"@type":"ImageObject","inLanguage":"it-IT","@id":"https:\/\/secure.gravatar.com\/avatar\/450a48cefa36da63d920ad70aa660bd10725b1c6093800242e5efdb397759033?s=96&d=mm&r=g","url":"https:\/\/secure.gravatar.com\/avatar\/450a48cefa36da63d920ad70aa660bd10725b1c6093800242e5efdb397759033?s=96&d=mm&r=g","contentUrl":"https:\/\/secure.gravatar.com\/avatar\/450a48cefa36da63d920ad70aa660bd10725b1c6093800242e5efdb397759033?s=96&d=mm&r=g","caption":"Benedetto Fiori"},"description":"Web | Twitter | Facebook | Shutterstock Founder &amp; Editor in Chief di Social Design Magazine. Attratto da sempre da tutto ci\u00f2 che \u00e8 creativit\u00e0, design, architettura. Dopo aver studiato Architettura all'Universit\u00e0 di Firenze, si \u00e8 impegnato in molteplici campi: comunicazione grafica, progettazione di allestimenti fieristici, brand design, Interior Design.","sameAs":["http:\/\/benedettofiori.com","https:\/\/www.facebook.com\/benedettofiori","https:\/\/x.com\/benedettofiori"],"url":"https:\/\/socialdesignmagazine.com\/mag\/author\/benedetto\/"}]}},"jetpack_featured_media_url":"https:\/\/socialdesignmagazine.com\/mag\/wp-content\/uploads\/2012\/03\/benedetto_Emilio_Nanni_per_laboratorio_pesaro_Haik_Emilio-Nanni-01.jpg","jetpack_sharing_enabled":true,"jetpack_shortlink":"https:\/\/wp.me\/p6cV7V-9I","gt_translate_keys":[{"key":"link","format":"url"}],"_links":{"self":[{"href":"https:\/\/socialdesignmagazine.com\/mag\/wp-json\/wp\/v2\/posts\/602","targetHints":{"allow":["GET"]}}],"collection":[{"href":"https:\/\/socialdesignmagazine.com\/mag\/wp-json\/wp\/v2\/posts"}],"about":[{"href":"https:\/\/socialdesignmagazine.com\/mag\/wp-json\/wp\/v2\/types\/post"}],"author":[{"embeddable":true,"href":"https:\/\/socialdesignmagazine.com\/mag\/wp-json\/wp\/v2\/users\/1"}],"replies":[{"embeddable":true,"href":"https:\/\/socialdesignmagazine.com\/mag\/wp-json\/wp\/v2\/comments?post=602"}],"version-history":[{"count":1,"href":"https:\/\/socialdesignmagazine.com\/mag\/wp-json\/wp\/v2\/posts\/602\/revisions"}],"predecessor-version":[{"id":59717,"href":"https:\/\/socialdesignmagazine.com\/mag\/wp-json\/wp\/v2\/posts\/602\/revisions\/59717"}],"wp:featuredmedia":[{"embeddable":true,"href":"https:\/\/socialdesignmagazine.com\/mag\/wp-json\/wp\/v2\/media\/7445"}],"wp:attachment":[{"href":"https:\/\/socialdesignmagazine.com\/mag\/wp-json\/wp\/v2\/media?parent=602"}],"wp:term":[{"taxonomy":"category","embeddable":true,"href":"https:\/\/socialdesignmagazine.com\/mag\/wp-json\/wp\/v2\/categories?post=602"},{"taxonomy":"post_tag","embeddable":true,"href":"https:\/\/socialdesignmagazine.com\/mag\/wp-json\/wp\/v2\/tags?post=602"}],"curies":[{"name":"wp","href":"https:\/\/api.w.org\/{rel}","templated":true}]}}