{"id":604,"date":"2012-03-17T14:51:15","date_gmt":"2012-03-17T13:51:15","guid":{"rendered":"https:\/\/socialdesignmagazine.com\/mag\/s9-green\/c37-green\/laura-martini-e-alessandra-gruppillo-cobu-condominio-bucolico\/"},"modified":"2024-05-12T15:17:09","modified_gmt":"2024-05-12T13:17:09","slug":"laura-martini-e-alessandra-gruppillo-cobu-condominio-bucolico","status":"publish","type":"post","link":"https:\/\/socialdesignmagazine.com\/mag\/green\/laura-martini-e-alessandra-gruppillo-cobu-condominio-bucolico\/","title":{"rendered":"Laura Martini e Alessandra Gruppillo \/ Co.Bu. Condominio Bucolico","gt_translate_keys":[{"key":"rendered","format":"text"}]},"content":{"rendered":"\n<p>In occasione di Green Urbanity <strong>Laura Martini<\/strong> e <strong>Alessandra Gruppillo<\/strong>, designer da sempre attente ai cambiamentie alle inevitabili conseguenti necessit\u00e0 che questi comportano, intervengono presentando <strong>Co.Bu. condominio bucolico<\/strong>, un progetto che si propone di coinvolgere la collettivit\u00e0, in armonia con le tendenze ecosostenibili.\u00a0<\/p>\n\n\n\n<p>All&#8217;interno di un progressivo processo di espansione urbana, il verde viene ad assumere nuovi ruoli, non pi\u00f9 soltanto simbolici o decorativi ma anche igienici legati alla salubrit\u00e0 dell&#8217;aria. Pensando a tutte le abitazioni, tipiche della citt\u00e0, senza un balcone o un giardino, abbiamo voluto dare anche a loro la possibilit\u00e0 di creare una piccola oasi di natura e di relax, un passatempo che coinvolge i sentimenti pi\u00f9 profondi; veder crescere le piante, concimarle, proteggerle dai parassiti, coglierne i frutti&#8230; \u00e8 un\u2019occupazione che fa crescere la disponibilit\u00e0 verso gli altri e l\u2019autostima. L\u2019idea nasce quindi dall\u2019esigenza di vivere la quotidianit\u00e0 in maniera pi\u00f9 serena e rilassata, proprio come quando si \u00e8 in vacanza e ci si sente liberi e in un certo senso anche pi\u00f9 vitali.<\/p>\n\n\n\n<p>Da qui nasce <strong>Co.Bu.<\/strong> il condominio bucolico, dove le persiane, assolute protagoniste, daranno vita ad un vero e proprio giardino verticale, in questo modo anche la citt\u00e0 assume l\u2019aspetto di una lussureggiante collina, di un campo in fiore che ritempra il nostro spirito e la nostra mente. Il progetto consiste nella realizzazione di una persiana in alluminio con ante girevoli che ospita tasche contenentifibra di cocco (struttura ben areata e leggera, ottimo drenaggio, pH stabile, trattiene l&#8217;umidit\u00e0, \u00e8 ecologica e riciclabile) dove vengono piantati semi delle pi\u00f9 svariate specie di piante, fiori o anche verdure che, una voltacresciuti, renderanno vivo e dinamico il condominio.<\/p>\n\n\n<div class=\"wp-block-image\">\n<figure class=\"aligncenter\"><img loading=\"lazy\" decoding=\"async\" width=\"721\" height=\"322\" data-attachment-id=\"7458\" data-permalink=\"https:\/\/socialdesignmagazine.com\/mag\/green\/laura-martini-e-alessandra-gruppillo-cobu-condominio-bucolico\/attachment\/co-bu-_condominiobucolico720px\/#content\" data-orig-file=\"https:\/\/socialdesignmagazine.com\/mag\/wp-content\/uploads\/2012\/03\/benedetto_laura_martini_co_bu_condominio_bucolico_Co.Bu._CondominioBucolico720px.jpg\" data-orig-size=\"721,322\" data-comments-opened=\"1\" data-image-meta=\"{&quot;aperture&quot;:&quot;0&quot;,&quot;credit&quot;:&quot;&quot;,&quot;camera&quot;:&quot;&quot;,&quot;caption&quot;:&quot;&quot;,&quot;created_timestamp&quot;:&quot;0&quot;,&quot;copyright&quot;:&quot;&quot;,&quot;focal_length&quot;:&quot;0&quot;,&quot;iso&quot;:&quot;0&quot;,&quot;shutter_speed&quot;:&quot;0&quot;,&quot;title&quot;:&quot;&quot;,&quot;orientation&quot;:&quot;1&quot;}\" data-image-title=\"Co.Bu._CondominioBucolico720px\" data-image-description=\"\" data-image-caption=\"\" data-medium-file=\"https:\/\/socialdesignmagazine.com\/mag\/wp-content\/uploads\/2012\/03\/benedetto_laura_martini_co_bu_condominio_bucolico_Co.Bu._CondominioBucolico720px-396x256.jpg\" data-large-file=\"https:\/\/socialdesignmagazine.com\/mag\/wp-content\/uploads\/2012\/03\/benedetto_laura_martini_co_bu_condominio_bucolico_Co.Bu._CondominioBucolico720px.jpg\" src=\"https:\/\/socialdesignmagazine.com\/mag\/wp-content\/uploads\/2012\/03\/benedetto_laura_martini_co_bu_condominio_bucolico_Co.Bu._CondominioBucolico720px.jpg\" alt=\"Co.Bu._CondominioBucolico720px\" class=\"wp-image-7458\"\/><\/figure>\n<\/div>\n\n\n<p>Uno spruzzino nebulizzatore, sommandosi alla naturale umidit\u00e0 dell\u2019aria e alle precipitazioni concorrer\u00e0 all\u2019irrigazione e al benessere della pianta. Un\u2019idea semplice che pu\u00f2 rendere pi\u00f9 piacevole la vita sia all\u2019interno che all\u2019esterno del nostro condominio.<\/p>\n","protected":false,"gt_translate_keys":[{"key":"rendered","format":"html"}]},"excerpt":{"rendered":"<p>In occasione di Green Urbanity Laura Martini e Alessandra Gruppillo, designer da sempre attente ai cambiamentie alle inevitabili conseguenti necessit\u00e0 che questi comportano, intervengono presentando Co.Bu. condominio bucolico<\/p>\n","protected":false,"gt_translate_keys":[{"key":"rendered","format":"html"}]},"author":1,"featured_media":7457,"comment_status":"open","ping_status":"open","sticky":false,"template":"","format":"standard","meta":{"jetpack_post_was_ever_published":false,"_jetpack_newsletter_access":"","_jetpack_dont_email_post_to_subs":false,"_jetpack_newsletter_tier_id":0,"_jetpack_memberships_contains_paywalled_content":false,"_jetpack_memberships_contains_paid_content":false,"footnotes":"","_wpscppro_dont_share_socialmedia":false,"_wpscppro_custom_social_share_image":0,"_facebook_share_type":"","_twitter_share_type":"","_linkedin_share_type":"","_pinterest_share_type":"","_linkedin_share_type_page":"","_instagram_share_type":"","_medium_share_type":"","_threads_share_type":"","_google_business_share_type":"","_selected_social_profile":[],"_wpsp_enable_custom_social_template":false,"_wpsp_social_scheduling":{"enabled":false,"datetime":null,"platforms":[],"status":"template_only","dateOption":"today","timeOption":"now","customDays":"","customHours":"","customDate":"","customTime":"","schedulingType":"absolute"},"_wpsp_active_default_template":true},"categories":[11],"tags":[1358,81,1935],"class_list":["post-604","post","type-post","status-publish","format-standard","has-post-thumbnail","hentry","category-green","tag-ecosostenibile","tag-green","tag-laura-martini"],"yoast_head":"<!-- This site is optimized with the Yoast SEO plugin v27.2 - https:\/\/yoast.com\/product\/yoast-seo-wordpress\/ -->\n<title>Laura Martini e Alessandra Gruppillo \/ Co.Bu. Condominio Bucolico - Social Design Magazine<\/title>\n<meta name=\"description\" content=\"In occasione di Green Urbanity Laura Martini e Alessandra Gruppillo, presentano Co.Bu. condominio bucolico, un progetto che si propone di coinvolgere la collettivit\u00e0, in armonia con le tendenze ecosostenibili.\" \/>\n<meta name=\"robots\" content=\"index, follow, max-snippet:-1, max-image-preview:large, max-video-preview:-1\" \/>\n<link rel=\"canonical\" href=\"https:\/\/socialdesignmagazine.com\/mag\/green\/laura-martini-e-alessandra-gruppillo-cobu-condominio-bucolico\/\" \/>\n<meta property=\"og:locale\" content=\"it_IT\" \/>\n<meta property=\"og:type\" content=\"article\" \/>\n<meta property=\"og:title\" content=\"Laura Martini e Alessandra Gruppillo \/ Co.Bu. Condominio Bucolico - Social Design Magazine\" \/>\n<meta property=\"og:description\" content=\"In occasione di Green Urbanity Laura Martini e Alessandra Gruppillo, presentano Co.Bu. condominio bucolico, un progetto che si propone di coinvolgere la collettivit\u00e0, in armonia con le tendenze ecosostenibili.\" \/>\n<meta property=\"og:url\" content=\"http:\/\/socialdesignmagazine.com\/mag\/green\/laura-martini-e-alessandra-gruppillo-cobu-condominio-bucolico\/\" \/>\n<meta property=\"og:site_name\" content=\"Social Design Magazine\" \/>\n<meta property=\"article:publisher\" content=\"https:\/\/www.facebook.com\/socialdesignmag\" \/>\n<meta property=\"article:author\" content=\"https:\/\/www.facebook.com\/benedettofiori\" \/>\n<meta property=\"article:published_time\" content=\"2012-03-17T13:51:15+00:00\" \/>\n<meta property=\"article:modified_time\" content=\"2024-05-12T13:17:09+00:00\" \/>\n<meta property=\"og:image\" content=\"https:\/\/socialdesignmagazine.com\/mag\/wp-content\/uploads\/2012\/03\/benedetto_laura_martini_co_bu_condominio_bucolico_Co.Bu._TECNICO720px.jpg\" \/>\n\t<meta property=\"og:image:width\" content=\"721\" \/>\n\t<meta property=\"og:image:height\" content=\"322\" \/>\n\t<meta property=\"og:image:type\" content=\"image\/jpeg\" \/>\n<meta name=\"author\" content=\"Benedetto Fiori\" \/>\n<meta name=\"twitter:card\" content=\"summary_large_image\" \/>\n<meta name=\"twitter:creator\" content=\"@benedettofiori\" \/>\n<meta name=\"twitter:site\" content=\"@socialdesignmag\" \/>\n<meta name=\"twitter:label1\" content=\"Scritto da\" \/>\n\t<meta name=\"twitter:data1\" content=\"Benedetto Fiori\" \/>\n\t<meta name=\"twitter:label2\" content=\"Tempo di lettura stimato\" \/>\n\t<meta name=\"twitter:data2\" content=\"3 minuti\" \/>\n<script type=\"application\/ld+json\" class=\"yoast-schema-graph\">{\"@context\":\"https:\/\/schema.org\",\"@graph\":[{\"@type\":\"Article\",\"@id\":\"https:\/\/socialdesignmagazine.com\/mag\/green\/laura-martini-e-alessandra-gruppillo-cobu-condominio-bucolico\/#article\",\"isPartOf\":{\"@id\":\"https:\/\/socialdesignmagazine.com\/mag\/green\/laura-martini-e-alessandra-gruppillo-cobu-condominio-bucolico\/\"},\"author\":{\"name\":\"Benedetto Fiori\",\"@id\":\"https:\/\/socialdesignmagazine.com\/mag\/#\/schema\/person\/61e20205cc363c315e6aabd33a045846\"},\"headline\":\"Laura Martini e Alessandra Gruppillo \/ Co.Bu. Condominio Bucolico\",\"datePublished\":\"2012-03-17T13:51:15+00:00\",\"dateModified\":\"2024-05-12T13:17:09+00:00\",\"mainEntityOfPage\":{\"@id\":\"https:\/\/socialdesignmagazine.com\/mag\/green\/laura-martini-e-alessandra-gruppillo-cobu-condominio-bucolico\/\"},\"wordCount\":327,\"commentCount\":0,\"publisher\":{\"@id\":\"https:\/\/socialdesignmagazine.com\/mag\/#organization\"},\"image\":{\"@id\":\"https:\/\/socialdesignmagazine.com\/mag\/green\/laura-martini-e-alessandra-gruppillo-cobu-condominio-bucolico\/#primaryimage\"},\"thumbnailUrl\":\"https:\/\/socialdesignmagazine.com\/mag\/wp-content\/uploads\/2012\/03\/benedetto_laura_martini_co_bu_condominio_bucolico_Co.Bu._TECNICO720px.jpg\",\"keywords\":[\"ecosostenibile\",\"green\",\"laura martini\"],\"articleSection\":[\"Green\"],\"inLanguage\":\"it-IT\",\"potentialAction\":[{\"@type\":\"CommentAction\",\"name\":\"Comment\",\"target\":[\"https:\/\/socialdesignmagazine.com\/mag\/green\/laura-martini-e-alessandra-gruppillo-cobu-condominio-bucolico\/#respond\"]}]},{\"@type\":\"WebPage\",\"@id\":\"https:\/\/socialdesignmagazine.com\/mag\/green\/laura-martini-e-alessandra-gruppillo-cobu-condominio-bucolico\/\",\"url\":\"https:\/\/socialdesignmagazine.com\/mag\/green\/laura-martini-e-alessandra-gruppillo-cobu-condominio-bucolico\/\",\"name\":\"Laura Martini e Alessandra Gruppillo \/ Co.Bu. Condominio Bucolico - Social Design Magazine\",\"isPartOf\":{\"@id\":\"https:\/\/socialdesignmagazine.com\/mag\/#website\"},\"primaryImageOfPage\":{\"@id\":\"https:\/\/socialdesignmagazine.com\/mag\/green\/laura-martini-e-alessandra-gruppillo-cobu-condominio-bucolico\/#primaryimage\"},\"image\":{\"@id\":\"https:\/\/socialdesignmagazine.com\/mag\/green\/laura-martini-e-alessandra-gruppillo-cobu-condominio-bucolico\/#primaryimage\"},\"thumbnailUrl\":\"https:\/\/socialdesignmagazine.com\/mag\/wp-content\/uploads\/2012\/03\/benedetto_laura_martini_co_bu_condominio_bucolico_Co.Bu._TECNICO720px.jpg\",\"datePublished\":\"2012-03-17T13:51:15+00:00\",\"dateModified\":\"2024-05-12T13:17:09+00:00\",\"description\":\"In occasione di Green Urbanity Laura Martini e Alessandra Gruppillo, presentano Co.Bu. condominio bucolico, un progetto che si propone di coinvolgere la collettivit\u00e0, in armonia con le tendenze ecosostenibili.\",\"breadcrumb\":{\"@id\":\"https:\/\/socialdesignmagazine.com\/mag\/green\/laura-martini-e-alessandra-gruppillo-cobu-condominio-bucolico\/#breadcrumb\"},\"inLanguage\":\"it-IT\",\"potentialAction\":[{\"@type\":\"ReadAction\",\"target\":[\"https:\/\/socialdesignmagazine.com\/mag\/green\/laura-martini-e-alessandra-gruppillo-cobu-condominio-bucolico\/\"]}]},{\"@type\":\"ImageObject\",\"inLanguage\":\"it-IT\",\"@id\":\"https:\/\/socialdesignmagazine.com\/mag\/green\/laura-martini-e-alessandra-gruppillo-cobu-condominio-bucolico\/#primaryimage\",\"url\":\"https:\/\/socialdesignmagazine.com\/mag\/wp-content\/uploads\/2012\/03\/benedetto_laura_martini_co_bu_condominio_bucolico_Co.Bu._TECNICO720px.jpg\",\"contentUrl\":\"https:\/\/socialdesignmagazine.com\/mag\/wp-content\/uploads\/2012\/03\/benedetto_laura_martini_co_bu_condominio_bucolico_Co.Bu._TECNICO720px.jpg\",\"width\":721,\"height\":322,\"caption\":\"Co.Bu._TECNICO720px\"},{\"@type\":\"BreadcrumbList\",\"@id\":\"https:\/\/socialdesignmagazine.com\/mag\/green\/laura-martini-e-alessandra-gruppillo-cobu-condominio-bucolico\/#breadcrumb\",\"itemListElement\":[{\"@type\":\"ListItem\",\"position\":1,\"name\":\"Home\",\"item\":\"https:\/\/socialdesignmagazine.com\/mag\/\"},{\"@type\":\"ListItem\",\"position\":2,\"name\":\"Green\",\"item\":\"https:\/\/socialdesignmagazine.com\/mag\/green\/\"},{\"@type\":\"ListItem\",\"position\":3,\"name\":\"Laura Martini e Alessandra Gruppillo \/ Co.Bu. Condominio Bucolico\"}]},{\"@type\":\"WebSite\",\"@id\":\"https:\/\/socialdesignmagazine.com\/mag\/#website\",\"url\":\"https:\/\/socialdesignmagazine.com\/mag\/\",\"name\":\"Social Design Magazine\",\"description\":\"Social Magazine su Design, Architettura, Arte, Grafica\",\"publisher\":{\"@id\":\"https:\/\/socialdesignmagazine.com\/mag\/#organization\"},\"potentialAction\":[{\"@type\":\"SearchAction\",\"target\":{\"@type\":\"EntryPoint\",\"urlTemplate\":\"https:\/\/socialdesignmagazine.com\/mag\/?s={search_term_string}\"},\"query-input\":{\"@type\":\"PropertyValueSpecification\",\"valueRequired\":true,\"valueName\":\"search_term_string\"}}],\"inLanguage\":\"it-IT\"},{\"@type\":\"Organization\",\"@id\":\"https:\/\/socialdesignmagazine.com\/mag\/#organization\",\"name\":\"Social Design Magazine\",\"url\":\"https:\/\/socialdesignmagazine.com\/mag\/\",\"logo\":{\"@type\":\"ImageObject\",\"inLanguage\":\"it-IT\",\"@id\":\"https:\/\/socialdesignmagazine.com\/mag\/#\/schema\/logo\/image\/\",\"url\":\"https:\/\/socialdesignmagazine.com\/mag\/wp-content\/uploads\/2017\/01\/logo_favicon_11.png\",\"contentUrl\":\"https:\/\/socialdesignmagazine.com\/mag\/wp-content\/uploads\/2017\/01\/logo_favicon_11.png\",\"width\":1024,\"height\":1024,\"caption\":\"Social Design Magazine\"},\"image\":{\"@id\":\"https:\/\/socialdesignmagazine.com\/mag\/#\/schema\/logo\/image\/\"},\"sameAs\":[\"https:\/\/www.facebook.com\/socialdesignmag\",\"https:\/\/x.com\/socialdesignmag\",\"http:\/\/instagram.com\/social_design_magazine\/\",\"http:\/\/pinterest.com\/socialdesignmag\/\",\"http:\/\/www.youtube.com\/user\/socialdesignmagazine\"]},{\"@type\":\"Person\",\"@id\":\"https:\/\/socialdesignmagazine.com\/mag\/#\/schema\/person\/61e20205cc363c315e6aabd33a045846\",\"name\":\"Benedetto Fiori\",\"image\":{\"@type\":\"ImageObject\",\"inLanguage\":\"it-IT\",\"@id\":\"https:\/\/secure.gravatar.com\/avatar\/450a48cefa36da63d920ad70aa660bd10725b1c6093800242e5efdb397759033?s=96&d=mm&r=g\",\"url\":\"https:\/\/secure.gravatar.com\/avatar\/450a48cefa36da63d920ad70aa660bd10725b1c6093800242e5efdb397759033?s=96&d=mm&r=g\",\"contentUrl\":\"https:\/\/secure.gravatar.com\/avatar\/450a48cefa36da63d920ad70aa660bd10725b1c6093800242e5efdb397759033?s=96&d=mm&r=g\",\"caption\":\"Benedetto Fiori\"},\"description\":\"Web | Twitter | Facebook | Shutterstock Founder &amp; Editor in Chief di Social Design Magazine. Attratto da sempre da tutto ci\u00f2 che \u00e8 creativit\u00e0, design, architettura. Dopo aver studiato Architettura all'Universit\u00e0 di Firenze, si \u00e8 impegnato in molteplici campi: comunicazione grafica, progettazione di allestimenti fieristici, brand design, Interior Design.\",\"sameAs\":[\"http:\/\/benedettofiori.com\",\"https:\/\/www.facebook.com\/benedettofiori\",\"https:\/\/x.com\/benedettofiori\"],\"url\":\"https:\/\/socialdesignmagazine.com\/mag\/author\/benedetto\/\"}]}<\/script>\n<!-- \/ Yoast SEO plugin. -->","yoast_head_json":{"title":"Laura Martini e Alessandra Gruppillo \/ Co.Bu. Condominio Bucolico - Social Design Magazine","description":"In occasione di Green Urbanity Laura Martini e Alessandra Gruppillo, presentano Co.Bu. condominio bucolico, un progetto che si propone di coinvolgere la collettivit\u00e0, in armonia con le tendenze ecosostenibili.","robots":{"index":"index","follow":"follow","max-snippet":"max-snippet:-1","max-image-preview":"max-image-preview:large","max-video-preview":"max-video-preview:-1"},"canonical":"https:\/\/socialdesignmagazine.com\/mag\/green\/laura-martini-e-alessandra-gruppillo-cobu-condominio-bucolico\/","og_locale":"it_IT","og_type":"article","og_title":"Laura Martini e Alessandra Gruppillo \/ Co.Bu. Condominio Bucolico - Social Design Magazine","og_description":"In occasione di Green Urbanity Laura Martini e Alessandra Gruppillo, presentano Co.Bu. condominio bucolico, un progetto che si propone di coinvolgere la collettivit\u00e0, in armonia con le tendenze ecosostenibili.","og_url":"http:\/\/socialdesignmagazine.com\/mag\/green\/laura-martini-e-alessandra-gruppillo-cobu-condominio-bucolico\/","og_site_name":"Social Design Magazine","article_publisher":"https:\/\/www.facebook.com\/socialdesignmag","article_author":"https:\/\/www.facebook.com\/benedettofiori","article_published_time":"2012-03-17T13:51:15+00:00","article_modified_time":"2024-05-12T13:17:09+00:00","og_image":[{"width":721,"height":322,"url":"https:\/\/socialdesignmagazine.com\/mag\/wp-content\/uploads\/2012\/03\/benedetto_laura_martini_co_bu_condominio_bucolico_Co.Bu._TECNICO720px.jpg","type":"image\/jpeg"}],"author":"Benedetto Fiori","twitter_card":"summary_large_image","twitter_creator":"@benedettofiori","twitter_site":"@socialdesignmag","twitter_misc":{"Scritto da":"Benedetto Fiori","Tempo di lettura stimato":"3 minuti"},"schema":{"@context":"https:\/\/schema.org","@graph":[{"@type":"Article","@id":"https:\/\/socialdesignmagazine.com\/mag\/green\/laura-martini-e-alessandra-gruppillo-cobu-condominio-bucolico\/#article","isPartOf":{"@id":"https:\/\/socialdesignmagazine.com\/mag\/green\/laura-martini-e-alessandra-gruppillo-cobu-condominio-bucolico\/"},"author":{"name":"Benedetto Fiori","@id":"https:\/\/socialdesignmagazine.com\/mag\/#\/schema\/person\/61e20205cc363c315e6aabd33a045846"},"headline":"Laura Martini e Alessandra Gruppillo \/ Co.Bu. Condominio Bucolico","datePublished":"2012-03-17T13:51:15+00:00","dateModified":"2024-05-12T13:17:09+00:00","mainEntityOfPage":{"@id":"https:\/\/socialdesignmagazine.com\/mag\/green\/laura-martini-e-alessandra-gruppillo-cobu-condominio-bucolico\/"},"wordCount":327,"commentCount":0,"publisher":{"@id":"https:\/\/socialdesignmagazine.com\/mag\/#organization"},"image":{"@id":"https:\/\/socialdesignmagazine.com\/mag\/green\/laura-martini-e-alessandra-gruppillo-cobu-condominio-bucolico\/#primaryimage"},"thumbnailUrl":"https:\/\/socialdesignmagazine.com\/mag\/wp-content\/uploads\/2012\/03\/benedetto_laura_martini_co_bu_condominio_bucolico_Co.Bu._TECNICO720px.jpg","keywords":["ecosostenibile","green","laura martini"],"articleSection":["Green"],"inLanguage":"it-IT","potentialAction":[{"@type":"CommentAction","name":"Comment","target":["https:\/\/socialdesignmagazine.com\/mag\/green\/laura-martini-e-alessandra-gruppillo-cobu-condominio-bucolico\/#respond"]}]},{"@type":"WebPage","@id":"https:\/\/socialdesignmagazine.com\/mag\/green\/laura-martini-e-alessandra-gruppillo-cobu-condominio-bucolico\/","url":"https:\/\/socialdesignmagazine.com\/mag\/green\/laura-martini-e-alessandra-gruppillo-cobu-condominio-bucolico\/","name":"Laura Martini e Alessandra Gruppillo \/ Co.Bu. Condominio Bucolico - Social Design Magazine","isPartOf":{"@id":"https:\/\/socialdesignmagazine.com\/mag\/#website"},"primaryImageOfPage":{"@id":"https:\/\/socialdesignmagazine.com\/mag\/green\/laura-martini-e-alessandra-gruppillo-cobu-condominio-bucolico\/#primaryimage"},"image":{"@id":"https:\/\/socialdesignmagazine.com\/mag\/green\/laura-martini-e-alessandra-gruppillo-cobu-condominio-bucolico\/#primaryimage"},"thumbnailUrl":"https:\/\/socialdesignmagazine.com\/mag\/wp-content\/uploads\/2012\/03\/benedetto_laura_martini_co_bu_condominio_bucolico_Co.Bu._TECNICO720px.jpg","datePublished":"2012-03-17T13:51:15+00:00","dateModified":"2024-05-12T13:17:09+00:00","description":"In occasione di Green Urbanity Laura Martini e Alessandra Gruppillo, presentano Co.Bu. condominio bucolico, un progetto che si propone di coinvolgere la collettivit\u00e0, in armonia con le tendenze ecosostenibili.","breadcrumb":{"@id":"https:\/\/socialdesignmagazine.com\/mag\/green\/laura-martini-e-alessandra-gruppillo-cobu-condominio-bucolico\/#breadcrumb"},"inLanguage":"it-IT","potentialAction":[{"@type":"ReadAction","target":["https:\/\/socialdesignmagazine.com\/mag\/green\/laura-martini-e-alessandra-gruppillo-cobu-condominio-bucolico\/"]}]},{"@type":"ImageObject","inLanguage":"it-IT","@id":"https:\/\/socialdesignmagazine.com\/mag\/green\/laura-martini-e-alessandra-gruppillo-cobu-condominio-bucolico\/#primaryimage","url":"https:\/\/socialdesignmagazine.com\/mag\/wp-content\/uploads\/2012\/03\/benedetto_laura_martini_co_bu_condominio_bucolico_Co.Bu._TECNICO720px.jpg","contentUrl":"https:\/\/socialdesignmagazine.com\/mag\/wp-content\/uploads\/2012\/03\/benedetto_laura_martini_co_bu_condominio_bucolico_Co.Bu._TECNICO720px.jpg","width":721,"height":322,"caption":"Co.Bu._TECNICO720px"},{"@type":"BreadcrumbList","@id":"https:\/\/socialdesignmagazine.com\/mag\/green\/laura-martini-e-alessandra-gruppillo-cobu-condominio-bucolico\/#breadcrumb","itemListElement":[{"@type":"ListItem","position":1,"name":"Home","item":"https:\/\/socialdesignmagazine.com\/mag\/"},{"@type":"ListItem","position":2,"name":"Green","item":"https:\/\/socialdesignmagazine.com\/mag\/green\/"},{"@type":"ListItem","position":3,"name":"Laura Martini e Alessandra Gruppillo \/ Co.Bu. Condominio Bucolico"}]},{"@type":"WebSite","@id":"https:\/\/socialdesignmagazine.com\/mag\/#website","url":"https:\/\/socialdesignmagazine.com\/mag\/","name":"Social Design Magazine","description":"Social Magazine su Design, Architettura, Arte, Grafica","publisher":{"@id":"https:\/\/socialdesignmagazine.com\/mag\/#organization"},"potentialAction":[{"@type":"SearchAction","target":{"@type":"EntryPoint","urlTemplate":"https:\/\/socialdesignmagazine.com\/mag\/?s={search_term_string}"},"query-input":{"@type":"PropertyValueSpecification","valueRequired":true,"valueName":"search_term_string"}}],"inLanguage":"it-IT"},{"@type":"Organization","@id":"https:\/\/socialdesignmagazine.com\/mag\/#organization","name":"Social Design Magazine","url":"https:\/\/socialdesignmagazine.com\/mag\/","logo":{"@type":"ImageObject","inLanguage":"it-IT","@id":"https:\/\/socialdesignmagazine.com\/mag\/#\/schema\/logo\/image\/","url":"https:\/\/socialdesignmagazine.com\/mag\/wp-content\/uploads\/2017\/01\/logo_favicon_11.png","contentUrl":"https:\/\/socialdesignmagazine.com\/mag\/wp-content\/uploads\/2017\/01\/logo_favicon_11.png","width":1024,"height":1024,"caption":"Social Design Magazine"},"image":{"@id":"https:\/\/socialdesignmagazine.com\/mag\/#\/schema\/logo\/image\/"},"sameAs":["https:\/\/www.facebook.com\/socialdesignmag","https:\/\/x.com\/socialdesignmag","http:\/\/instagram.com\/social_design_magazine\/","http:\/\/pinterest.com\/socialdesignmag\/","http:\/\/www.youtube.com\/user\/socialdesignmagazine"]},{"@type":"Person","@id":"https:\/\/socialdesignmagazine.com\/mag\/#\/schema\/person\/61e20205cc363c315e6aabd33a045846","name":"Benedetto Fiori","image":{"@type":"ImageObject","inLanguage":"it-IT","@id":"https:\/\/secure.gravatar.com\/avatar\/450a48cefa36da63d920ad70aa660bd10725b1c6093800242e5efdb397759033?s=96&d=mm&r=g","url":"https:\/\/secure.gravatar.com\/avatar\/450a48cefa36da63d920ad70aa660bd10725b1c6093800242e5efdb397759033?s=96&d=mm&r=g","contentUrl":"https:\/\/secure.gravatar.com\/avatar\/450a48cefa36da63d920ad70aa660bd10725b1c6093800242e5efdb397759033?s=96&d=mm&r=g","caption":"Benedetto Fiori"},"description":"Web | Twitter | Facebook | Shutterstock Founder &amp; Editor in Chief di Social Design Magazine. Attratto da sempre da tutto ci\u00f2 che \u00e8 creativit\u00e0, design, architettura. Dopo aver studiato Architettura all'Universit\u00e0 di Firenze, si \u00e8 impegnato in molteplici campi: comunicazione grafica, progettazione di allestimenti fieristici, brand design, Interior Design.","sameAs":["http:\/\/benedettofiori.com","https:\/\/www.facebook.com\/benedettofiori","https:\/\/x.com\/benedettofiori"],"url":"https:\/\/socialdesignmagazine.com\/mag\/author\/benedetto\/"}]}},"jetpack_featured_media_url":"https:\/\/socialdesignmagazine.com\/mag\/wp-content\/uploads\/2012\/03\/benedetto_laura_martini_co_bu_condominio_bucolico_Co.Bu._TECNICO720px.jpg","jetpack_sharing_enabled":true,"jetpack_shortlink":"https:\/\/wp.me\/p6cV7V-9K","gt_translate_keys":[{"key":"link","format":"url"}],"_links":{"self":[{"href":"https:\/\/socialdesignmagazine.com\/mag\/wp-json\/wp\/v2\/posts\/604","targetHints":{"allow":["GET"]}}],"collection":[{"href":"https:\/\/socialdesignmagazine.com\/mag\/wp-json\/wp\/v2\/posts"}],"about":[{"href":"https:\/\/socialdesignmagazine.com\/mag\/wp-json\/wp\/v2\/types\/post"}],"author":[{"embeddable":true,"href":"https:\/\/socialdesignmagazine.com\/mag\/wp-json\/wp\/v2\/users\/1"}],"replies":[{"embeddable":true,"href":"https:\/\/socialdesignmagazine.com\/mag\/wp-json\/wp\/v2\/comments?post=604"}],"version-history":[{"count":1,"href":"https:\/\/socialdesignmagazine.com\/mag\/wp-json\/wp\/v2\/posts\/604\/revisions"}],"predecessor-version":[{"id":59709,"href":"https:\/\/socialdesignmagazine.com\/mag\/wp-json\/wp\/v2\/posts\/604\/revisions\/59709"}],"wp:featuredmedia":[{"embeddable":true,"href":"https:\/\/socialdesignmagazine.com\/mag\/wp-json\/wp\/v2\/media\/7457"}],"wp:attachment":[{"href":"https:\/\/socialdesignmagazine.com\/mag\/wp-json\/wp\/v2\/media?parent=604"}],"wp:term":[{"taxonomy":"category","embeddable":true,"href":"https:\/\/socialdesignmagazine.com\/mag\/wp-json\/wp\/v2\/categories?post=604"},{"taxonomy":"post_tag","embeddable":true,"href":"https:\/\/socialdesignmagazine.com\/mag\/wp-json\/wp\/v2\/tags?post=604"}],"curies":[{"name":"wp","href":"https:\/\/api.w.org\/{rel}","templated":true}]}}