{"id":626,"date":"2012-03-28T10:00:00","date_gmt":"2012-03-28T08:00:00","guid":{"rendered":"https:\/\/socialdesignmagazine.com\/mag\/s6-design\/c35-design\/ultraluce-alla-milano-design-week-2012-ecologia-eco-sostenibilita-e-risparmio-energetico\/"},"modified":"2024-05-12T15:49:16","modified_gmt":"2024-05-12T13:49:16","slug":"ultraluce-alla-milano-design-week-2012-ecologia-eco-sostenibilita-e-risparmio-energetico","status":"publish","type":"post","link":"https:\/\/socialdesignmagazine.com\/mag\/design\/ultraluce-alla-milano-design-week-2012-ecologia-eco-sostenibilita-e-risparmio-energetico\/","title":{"rendered":"Ultraluce alla Milano design Week 2012 \/ ecologia, eco-sostenibilit\u00e0 e risparmio energetico","gt_translate_keys":[{"key":"rendered","format":"text"}]},"content":{"rendered":"\n<p><strong>L\u2019ecologia, l\u2019eco-sostenibilit\u00e0 e il risparmio energetico<\/strong> sono in assoluto i punti fermi del marchio <strong>Ultraluce<\/strong>. Tutte le lampade Ultraluce coniugano perfettamente l\u2019estetica con l\u2019etica, grazie ad un alto potere di luminescenza associato ad un basso consumo energetico.<\/p>\n\n\n\n<p><strong>WASHI<\/strong> &#8211; Design Roberto Giacomucci<\/p>\n\n\n\n<p>Washi \u00e8 una collezione di lampade da appoggio e a sospensione realizzate in tecno-tessuto, materiale molto leggero che pu\u00f2 essere ripiegato all\u2019infinto e consente un ottimo filtraggio della luce caratterizzando gli oggetti per il suo effetto sgualcito.<\/p>\n\n\n<div class=\"wp-block-image\">\n<figure class=\"aligncenter\"><img loading=\"lazy\" decoding=\"async\" width=\"720\" height=\"960\" data-attachment-id=\"7553\" data-permalink=\"https:\/\/socialdesignmagazine.com\/mag\/design\/ultraluce-alla-milano-design-week-2012-ecologia-eco-sostenibilita-e-risparmio-energetico\/attachment\/ultraluce-apezzy_low\/#content\" data-orig-file=\"https:\/\/socialdesignmagazine.com\/mag\/wp-content\/uploads\/2012\/03\/benedetto_ultraluce_preview_salone_2012_ULTRALUCE---APEZZY_low.jpg\" data-orig-size=\"720,960\" data-comments-opened=\"1\" data-image-meta=\"{&quot;aperture&quot;:&quot;0&quot;,&quot;credit&quot;:&quot;&quot;,&quot;camera&quot;:&quot;&quot;,&quot;caption&quot;:&quot;&quot;,&quot;created_timestamp&quot;:&quot;0&quot;,&quot;copyright&quot;:&quot;&quot;,&quot;focal_length&quot;:&quot;0&quot;,&quot;iso&quot;:&quot;0&quot;,&quot;shutter_speed&quot;:&quot;0&quot;,&quot;title&quot;:&quot;&quot;,&quot;orientation&quot;:&quot;0&quot;}\" data-image-title=\"ULTRALUCE&amp;#8212;APEZZY_low\" data-image-description=\"\" data-image-caption=\"\" data-medium-file=\"https:\/\/socialdesignmagazine.com\/mag\/wp-content\/uploads\/2012\/03\/benedetto_ultraluce_preview_salone_2012_ULTRALUCE---APEZZY_low-396x256.jpg\" data-large-file=\"https:\/\/socialdesignmagazine.com\/mag\/wp-content\/uploads\/2012\/03\/benedetto_ultraluce_preview_salone_2012_ULTRALUCE---APEZZY_low.jpg\" src=\"https:\/\/socialdesignmagazine.com\/mag\/wp-content\/uploads\/2012\/03\/benedetto_ultraluce_preview_salone_2012_ULTRALUCE---APEZZY_low.jpg\" alt=\"ULTRALUCE---APEZZY_low\" class=\"wp-image-7553\"\/><\/figure>\n<\/div>\n\n\n<p><strong>APEZZY<\/strong> &#8211; Design Roberto Giacomucci<\/p>\n\n\n\n<p>Apezzy \u00e8 una lampada a sospensione molto ironica, la cui caratteristica \u00e8 quella di avere le sembianze di un tubo spezzato che sembra sempre essere sul punto di cadere da un momento all\u2019altro\u2026<\/p>\n\n\n<div class=\"wp-block-image\">\n<figure class=\"aligncenter\"><img loading=\"lazy\" decoding=\"async\" width=\"720\" height=\"540\" data-attachment-id=\"7554\" data-permalink=\"https:\/\/socialdesignmagazine.com\/mag\/design\/ultraluce-alla-milano-design-week-2012-ecologia-eco-sostenibilita-e-risparmio-energetico\/attachment\/ultraluce_-_coibuky\/#content\" data-orig-file=\"https:\/\/socialdesignmagazine.com\/mag\/wp-content\/uploads\/2012\/03\/benedetto_ultraluce_preview_salone_2012_ULTRALUCE_-_COIBUKY.jpg\" data-orig-size=\"720,540\" data-comments-opened=\"1\" data-image-meta=\"{&quot;aperture&quot;:&quot;0&quot;,&quot;credit&quot;:&quot;&quot;,&quot;camera&quot;:&quot;&quot;,&quot;caption&quot;:&quot;&quot;,&quot;created_timestamp&quot;:&quot;0&quot;,&quot;copyright&quot;:&quot;&quot;,&quot;focal_length&quot;:&quot;0&quot;,&quot;iso&quot;:&quot;0&quot;,&quot;shutter_speed&quot;:&quot;0&quot;,&quot;title&quot;:&quot;&quot;,&quot;orientation&quot;:&quot;0&quot;}\" data-image-title=\"ULTRALUCE_-_COIBUKY\" data-image-description=\"\" data-image-caption=\"\" data-medium-file=\"https:\/\/socialdesignmagazine.com\/mag\/wp-content\/uploads\/2012\/03\/benedetto_ultraluce_preview_salone_2012_ULTRALUCE_-_COIBUKY-396x256.jpg\" data-large-file=\"https:\/\/socialdesignmagazine.com\/mag\/wp-content\/uploads\/2012\/03\/benedetto_ultraluce_preview_salone_2012_ULTRALUCE_-_COIBUKY.jpg\" src=\"https:\/\/socialdesignmagazine.com\/mag\/wp-content\/uploads\/2012\/03\/benedetto_ultraluce_preview_salone_2012_ULTRALUCE_-_COIBUKY.jpg\" alt=\"ULTRALUCE_-_COIBUKY\" class=\"wp-image-7554\"\/><\/figure>\n<\/div>\n\n\n<p><strong>COIBUKY<\/strong> &#8211; Design Roberto Giacomucci<\/p>\n\n\n\n<p>Coibuky \u00e8 una lampada composta da un tubo estruso in PMMA nel colore bianco opalino.<br>La particolarit\u00e0 di questa sospensione \u00e8 data da fori disposti ordinatamente su tutta la lunghezza in grado di creare e proiettare sapienti giochi di luce su pareti e soffitto.<\/p>\n\n\n<div class=\"wp-block-image\">\n<figure class=\"aligncenter\"><img loading=\"lazy\" decoding=\"async\" width=\"720\" height=\"540\" data-attachment-id=\"7555\" data-permalink=\"https:\/\/socialdesignmagazine.com\/mag\/design\/ultraluce-alla-milano-design-week-2012-ecologia-eco-sostenibilita-e-risparmio-energetico\/attachment\/ultraluce_-_cartoon\/#content\" data-orig-file=\"https:\/\/socialdesignmagazine.com\/mag\/wp-content\/uploads\/2012\/03\/benedetto_ultraluce_preview_salone_2012_ULTRALUCE_-_CARTOON.jpg\" data-orig-size=\"720,540\" data-comments-opened=\"1\" data-image-meta=\"{&quot;aperture&quot;:&quot;0&quot;,&quot;credit&quot;:&quot;&quot;,&quot;camera&quot;:&quot;&quot;,&quot;caption&quot;:&quot;&quot;,&quot;created_timestamp&quot;:&quot;0&quot;,&quot;copyright&quot;:&quot;&quot;,&quot;focal_length&quot;:&quot;0&quot;,&quot;iso&quot;:&quot;0&quot;,&quot;shutter_speed&quot;:&quot;0&quot;,&quot;title&quot;:&quot;&quot;,&quot;orientation&quot;:&quot;0&quot;}\" data-image-title=\"ULTRALUCE_-_CARTOON\" data-image-description=\"\" data-image-caption=\"\" data-medium-file=\"https:\/\/socialdesignmagazine.com\/mag\/wp-content\/uploads\/2012\/03\/benedetto_ultraluce_preview_salone_2012_ULTRALUCE_-_CARTOON-396x256.jpg\" data-large-file=\"https:\/\/socialdesignmagazine.com\/mag\/wp-content\/uploads\/2012\/03\/benedetto_ultraluce_preview_salone_2012_ULTRALUCE_-_CARTOON.jpg\" src=\"https:\/\/socialdesignmagazine.com\/mag\/wp-content\/uploads\/2012\/03\/benedetto_ultraluce_preview_salone_2012_ULTRALUCE_-_CARTOON.jpg\" alt=\"ULTRALUCE_-_CARTOON\" class=\"wp-image-7555\"\/><\/figure>\n<\/div>\n\n\n<p><strong>CARTOON<\/strong> &#8211; Design Roberto Giacomucci<\/p>\n\n\n\n<p>Cartoon \u00e8 una serie di lampade dal design ironico e particolare. E\u2019 realizzata in cartone ignifugo e si presenta con una forma ottagonale che la rende ideale negli ambienti soggiorno e cucina.<\/p>\n\n\n<div class=\"wp-block-image\">\n<figure class=\"aligncenter\"><img loading=\"lazy\" decoding=\"async\" width=\"720\" height=\"960\" data-attachment-id=\"7556\" data-permalink=\"https:\/\/socialdesignmagazine.com\/mag\/design\/ultraluce-alla-milano-design-week-2012-ecologia-eco-sostenibilita-e-risparmio-energetico\/attachment\/ultraluce_-_cursore_\/#content\" data-orig-file=\"https:\/\/socialdesignmagazine.com\/mag\/wp-content\/uploads\/2012\/03\/benedetto_ultraluce_preview_salone_2012_ULTRALUCE_-_CURSORE_.jpg\" data-orig-size=\"720,960\" data-comments-opened=\"1\" data-image-meta=\"{&quot;aperture&quot;:&quot;0&quot;,&quot;credit&quot;:&quot;&quot;,&quot;camera&quot;:&quot;&quot;,&quot;caption&quot;:&quot;&quot;,&quot;created_timestamp&quot;:&quot;0&quot;,&quot;copyright&quot;:&quot;&quot;,&quot;focal_length&quot;:&quot;0&quot;,&quot;iso&quot;:&quot;0&quot;,&quot;shutter_speed&quot;:&quot;0&quot;,&quot;title&quot;:&quot;&quot;,&quot;orientation&quot;:&quot;0&quot;}\" data-image-title=\"ULTRALUCE_-_CURSORE_\" data-image-description=\"\" data-image-caption=\"\" data-medium-file=\"https:\/\/socialdesignmagazine.com\/mag\/wp-content\/uploads\/2012\/03\/benedetto_ultraluce_preview_salone_2012_ULTRALUCE_-_CURSORE_-396x256.jpg\" data-large-file=\"https:\/\/socialdesignmagazine.com\/mag\/wp-content\/uploads\/2012\/03\/benedetto_ultraluce_preview_salone_2012_ULTRALUCE_-_CURSORE_.jpg\" src=\"https:\/\/socialdesignmagazine.com\/mag\/wp-content\/uploads\/2012\/03\/benedetto_ultraluce_preview_salone_2012_ULTRALUCE_-_CURSORE_.jpg\" alt=\"ULTRALUCE_-_CURSORE_\" class=\"wp-image-7556\"\/><\/figure>\n<\/div>\n\n\n<p><strong>CURSORE<\/strong> &#8211; Design Roberto Giacomucci<\/p>\n\n\n\n<p>Cursore \u00e8 una lampada dal design contemporaneo in grado di creare atmosfera e valorizzare l\u2019arredamento.<br>Si presenta con un\u2019asta in fibra di vetro che, inserita all\u2019interno di un supporto da applicare a parete, pu\u00f2 essere spostata garantendo una rotazione di 180\u00b0. Questa particolarit\u00e0 consente di posizionare ove necessario e con estrema facilit\u00e0 il paralume realizzato in polietilene.<\/p>\n\n\n<div class=\"wp-block-image\">\n<figure class=\"aligncenter\"><img loading=\"lazy\" decoding=\"async\" width=\"720\" height=\"539\" data-attachment-id=\"7557\" data-permalink=\"https:\/\/socialdesignmagazine.com\/mag\/design\/ultraluce-alla-milano-design-week-2012-ecologia-eco-sostenibilita-e-risparmio-energetico\/attachment\/ultraluce_-_triot\/#content\" data-orig-file=\"https:\/\/socialdesignmagazine.com\/mag\/wp-content\/uploads\/2012\/03\/benedetto_ultraluce_preview_salone_2012_ULTRALUCE_-_TRIOT.jpg\" data-orig-size=\"720,539\" data-comments-opened=\"1\" data-image-meta=\"{&quot;aperture&quot;:&quot;0&quot;,&quot;credit&quot;:&quot;&quot;,&quot;camera&quot;:&quot;&quot;,&quot;caption&quot;:&quot;&quot;,&quot;created_timestamp&quot;:&quot;0&quot;,&quot;copyright&quot;:&quot;&quot;,&quot;focal_length&quot;:&quot;0&quot;,&quot;iso&quot;:&quot;0&quot;,&quot;shutter_speed&quot;:&quot;0&quot;,&quot;title&quot;:&quot;&quot;,&quot;orientation&quot;:&quot;0&quot;}\" data-image-title=\"ULTRALUCE_-_TRIOT\" data-image-description=\"\" data-image-caption=\"\" data-medium-file=\"https:\/\/socialdesignmagazine.com\/mag\/wp-content\/uploads\/2012\/03\/benedetto_ultraluce_preview_salone_2012_ULTRALUCE_-_TRIOT-396x256.jpg\" data-large-file=\"https:\/\/socialdesignmagazine.com\/mag\/wp-content\/uploads\/2012\/03\/benedetto_ultraluce_preview_salone_2012_ULTRALUCE_-_TRIOT.jpg\" src=\"https:\/\/socialdesignmagazine.com\/mag\/wp-content\/uploads\/2012\/03\/benedetto_ultraluce_preview_salone_2012_ULTRALUCE_-_TRIOT.jpg\" alt=\"ULTRALUCE_-_TRIOT\" class=\"wp-image-7557\"\/><\/figure>\n<\/div>\n\n\n<p><strong>TRIOT<\/strong> &#8211; Design Roberto Giacomucci<\/p>\n\n\n\n<p>Triot \u00e8 una sospensione composta da tre tubi estrusi in PMMA bianco opalino disposti su differenti altezze che si protendono nell\u2019aria realizzando giochi di luce molto caratteristici.<br>Ogni cilindro presenta sull\u2019estremit\u00e0 un elemento disponibile in pi\u00f9 varianti colore a seconda dell\u2019ambiente ove si voglia inserire.<\/p>\n\n\n<div class=\"wp-block-image\">\n<figure class=\"aligncenter\"><img loading=\"lazy\" decoding=\"async\" width=\"720\" height=\"540\" data-attachment-id=\"7558\" data-permalink=\"https:\/\/socialdesignmagazine.com\/mag\/design\/ultraluce-alla-milano-design-week-2012-ecologia-eco-sostenibilita-e-risparmio-energetico\/attachment\/ultraluce_-_trituby\/#content\" data-orig-file=\"https:\/\/socialdesignmagazine.com\/mag\/wp-content\/uploads\/2012\/03\/benedetto_ultraluce_preview_salone_2012_ULTRALUCE_-_TRITUBY.jpg\" data-orig-size=\"720,540\" data-comments-opened=\"1\" data-image-meta=\"{&quot;aperture&quot;:&quot;0&quot;,&quot;credit&quot;:&quot;&quot;,&quot;camera&quot;:&quot;&quot;,&quot;caption&quot;:&quot;&quot;,&quot;created_timestamp&quot;:&quot;0&quot;,&quot;copyright&quot;:&quot;&quot;,&quot;focal_length&quot;:&quot;0&quot;,&quot;iso&quot;:&quot;0&quot;,&quot;shutter_speed&quot;:&quot;0&quot;,&quot;title&quot;:&quot;&quot;,&quot;orientation&quot;:&quot;0&quot;}\" data-image-title=\"ULTRALUCE_-_TRITUBY\" data-image-description=\"\" data-image-caption=\"\" data-medium-file=\"https:\/\/socialdesignmagazine.com\/mag\/wp-content\/uploads\/2012\/03\/benedetto_ultraluce_preview_salone_2012_ULTRALUCE_-_TRITUBY-396x256.jpg\" data-large-file=\"https:\/\/socialdesignmagazine.com\/mag\/wp-content\/uploads\/2012\/03\/benedetto_ultraluce_preview_salone_2012_ULTRALUCE_-_TRITUBY.jpg\" src=\"https:\/\/socialdesignmagazine.com\/mag\/wp-content\/uploads\/2012\/03\/benedetto_ultraluce_preview_salone_2012_ULTRALUCE_-_TRITUBY.jpg\" alt=\"ULTRALUCE_-_TRITUBY\" class=\"wp-image-7558\"\/><\/figure>\n<\/div>\n\n\n<p><strong>TRITUTY<\/strong> &#8211; Design Roberto Giacomucci<\/p>\n\n\n\n<p>Tributy \u00e8 un vero e proprio tributo alla modernit\u00e0.&nbsp;Si tratta di una lampada a sospensione formata da tre elementi cilindrici (tubi estrusi in PMMA bianco opalino) che si intersecano tra loro ricordando il gioco dello Shanghai.&nbsp;Sulle estremit\u00e0 di ogni cilindro sono posti dei dischi in PMMA disponibili in diverse tonalit\u00e0 colore.<\/p>\n","protected":false,"gt_translate_keys":[{"key":"rendered","format":"html"}]},"excerpt":{"rendered":"<p>L\u2019ecologia, l\u2019eco-sostenibilit\u00e0 e il risparmio energetico sono in assoluto i punti fermi del marchio Ultraluce. Tutte le lampade Ultraluce coniugano perfettamente l\u2019estetica con l\u2019etica, grazie ad un alto potere di luminescenza associato ad un basso consumo energetico.<\/p>\n","protected":false,"gt_translate_keys":[{"key":"rendered","format":"html"}]},"author":1,"featured_media":7552,"comment_status":"open","ping_status":"open","sticky":false,"template":"","format":"standard","meta":{"jetpack_post_was_ever_published":false,"_jetpack_newsletter_access":"","_jetpack_dont_email_post_to_subs":false,"_jetpack_newsletter_tier_id":0,"_jetpack_memberships_contains_paywalled_content":false,"_jetpack_memberships_contains_paid_content":false,"footnotes":"","_wpscppro_dont_share_socialmedia":false,"_wpscppro_custom_social_share_image":0,"_facebook_share_type":"","_twitter_share_type":"","_linkedin_share_type":"","_pinterest_share_type":"","_linkedin_share_type_page":"","_instagram_share_type":"","_medium_share_type":"","_threads_share_type":"","_google_business_share_type":"","_selected_social_profile":[],"_wpsp_enable_custom_social_template":false,"_wpsp_social_scheduling":{"enabled":false,"datetime":null,"platforms":[],"status":"template_only","dateOption":"today","timeOption":"now","customDays":"","customHours":"","customDate":"","customTime":"","schedulingType":"absolute"},"_wpsp_active_default_template":true},"categories":[13],"tags":[297,1365,1218,956,1866,953],"class_list":["post-626","post","type-post","status-publish","format-standard","has-post-thumbnail","hentry","category-design","tag-eco-sostenibilita","tag-ecologia","tag-risparmio-energetico","tag-roberto-giacomucci","tag-salone-del-mobile-2012-milano","tag-ultraluce"],"yoast_head":"<!-- This site is optimized with the Yoast SEO plugin v27.2 - https:\/\/yoast.com\/product\/yoast-seo-wordpress\/ -->\n<title>Ultraluce alla Milano design Week 2012 \/ ecologia, eco-sostenibilit\u00e0 e risparmio energetico - Social Design Magazine<\/title>\n<meta name=\"description\" content=\"L\u2019ecologia, l\u2019eco-sostenibilit\u00e0 e il risparmio energetico sono in assoluto i punti fermi del marchio Ultraluce. Tutte le lampade Ultraluce coniugano perfettamente l\u2019estetica con l\u2019etica, grazie ad un alto potere di luminescenza associato ad un basso consumo energetico.\" \/>\n<meta name=\"robots\" content=\"index, follow, max-snippet:-1, max-image-preview:large, max-video-preview:-1\" \/>\n<link rel=\"canonical\" href=\"https:\/\/socialdesignmagazine.com\/mag\/design\/ultraluce-alla-milano-design-week-2012-ecologia-eco-sostenibilita-e-risparmio-energetico\/\" \/>\n<meta property=\"og:locale\" content=\"it_IT\" \/>\n<meta property=\"og:type\" content=\"article\" \/>\n<meta property=\"og:title\" content=\"Ultraluce alla Milano design Week 2012 \/ ecologia, eco-sostenibilit\u00e0 e risparmio energetico - Social Design Magazine\" \/>\n<meta property=\"og:description\" content=\"L\u2019ecologia, l\u2019eco-sostenibilit\u00e0 e il risparmio energetico sono in assoluto i punti fermi del marchio Ultraluce. Tutte le lampade Ultraluce coniugano perfettamente l\u2019estetica con l\u2019etica, grazie ad un alto potere di luminescenza associato ad un basso consumo energetico.\" \/>\n<meta property=\"og:url\" content=\"http:\/\/socialdesignmagazine.com\/mag\/design\/ultraluce-alla-milano-design-week-2012-ecologia-eco-sostenibilita-e-risparmio-energetico\/\" \/>\n<meta property=\"og:site_name\" content=\"Social Design Magazine\" \/>\n<meta property=\"article:publisher\" content=\"https:\/\/www.facebook.com\/socialdesignmag\" \/>\n<meta property=\"article:author\" content=\"https:\/\/www.facebook.com\/benedettofiori\" \/>\n<meta property=\"article:published_time\" content=\"2012-03-28T08:00:00+00:00\" \/>\n<meta property=\"article:modified_time\" content=\"2024-05-12T13:49:16+00:00\" \/>\n<meta property=\"og:image\" content=\"https:\/\/socialdesignmagazine.com\/mag\/wp-content\/uploads\/2012\/03\/benedetto_ultraluce_preview_salone_2012_ULTRALUCE_-_WASHI_LP-LG-LH.jpg\" \/>\n\t<meta property=\"og:image:width\" content=\"720\" \/>\n\t<meta property=\"og:image:height\" content=\"539\" \/>\n\t<meta property=\"og:image:type\" content=\"image\/jpeg\" \/>\n<meta name=\"author\" content=\"Benedetto Fiori\" \/>\n<meta name=\"twitter:card\" content=\"summary_large_image\" \/>\n<meta name=\"twitter:creator\" content=\"@benedettofiori\" \/>\n<meta name=\"twitter:site\" content=\"@socialdesignmag\" \/>\n<meta name=\"twitter:label1\" content=\"Scritto da\" \/>\n\t<meta name=\"twitter:data1\" content=\"Benedetto Fiori\" \/>\n\t<meta name=\"twitter:label2\" content=\"Tempo di lettura stimato\" \/>\n\t<meta name=\"twitter:data2\" content=\"4 minuti\" \/>\n<script type=\"application\/ld+json\" class=\"yoast-schema-graph\">{\"@context\":\"https:\/\/schema.org\",\"@graph\":[{\"@type\":\"Article\",\"@id\":\"https:\/\/socialdesignmagazine.com\/mag\/design\/ultraluce-alla-milano-design-week-2012-ecologia-eco-sostenibilita-e-risparmio-energetico\/#article\",\"isPartOf\":{\"@id\":\"https:\/\/socialdesignmagazine.com\/mag\/design\/ultraluce-alla-milano-design-week-2012-ecologia-eco-sostenibilita-e-risparmio-energetico\/\"},\"author\":{\"name\":\"Benedetto Fiori\",\"@id\":\"https:\/\/socialdesignmagazine.com\/mag\/#\/schema\/person\/61e20205cc363c315e6aabd33a045846\"},\"headline\":\"Ultraluce alla Milano design Week 2012 \/ ecologia, eco-sostenibilit\u00e0 e risparmio energetico\",\"datePublished\":\"2012-03-28T08:00:00+00:00\",\"dateModified\":\"2024-05-12T13:49:16+00:00\",\"mainEntityOfPage\":{\"@id\":\"https:\/\/socialdesignmagazine.com\/mag\/design\/ultraluce-alla-milano-design-week-2012-ecologia-eco-sostenibilita-e-risparmio-energetico\/\"},\"wordCount\":387,\"commentCount\":0,\"publisher\":{\"@id\":\"https:\/\/socialdesignmagazine.com\/mag\/#organization\"},\"image\":{\"@id\":\"https:\/\/socialdesignmagazine.com\/mag\/design\/ultraluce-alla-milano-design-week-2012-ecologia-eco-sostenibilita-e-risparmio-energetico\/#primaryimage\"},\"thumbnailUrl\":\"https:\/\/socialdesignmagazine.com\/mag\/wp-content\/uploads\/2012\/03\/benedetto_ultraluce_preview_salone_2012_ULTRALUCE_-_WASHI_LP-LG-LH.jpg\",\"keywords\":[\"eco sostenibilit\u00e0\",\"ecologia\",\"risparmio energetico\",\"roberto giacomucci\",\"salone del mobile 2012 milano\",\"ultraluce\"],\"articleSection\":[\"Design\"],\"inLanguage\":\"it-IT\",\"potentialAction\":[{\"@type\":\"CommentAction\",\"name\":\"Comment\",\"target\":[\"https:\/\/socialdesignmagazine.com\/mag\/design\/ultraluce-alla-milano-design-week-2012-ecologia-eco-sostenibilita-e-risparmio-energetico\/#respond\"]}]},{\"@type\":\"WebPage\",\"@id\":\"https:\/\/socialdesignmagazine.com\/mag\/design\/ultraluce-alla-milano-design-week-2012-ecologia-eco-sostenibilita-e-risparmio-energetico\/\",\"url\":\"https:\/\/socialdesignmagazine.com\/mag\/design\/ultraluce-alla-milano-design-week-2012-ecologia-eco-sostenibilita-e-risparmio-energetico\/\",\"name\":\"Ultraluce alla Milano design Week 2012 \/ ecologia, eco-sostenibilit\u00e0 e risparmio energetico - Social Design Magazine\",\"isPartOf\":{\"@id\":\"https:\/\/socialdesignmagazine.com\/mag\/#website\"},\"primaryImageOfPage\":{\"@id\":\"https:\/\/socialdesignmagazine.com\/mag\/design\/ultraluce-alla-milano-design-week-2012-ecologia-eco-sostenibilita-e-risparmio-energetico\/#primaryimage\"},\"image\":{\"@id\":\"https:\/\/socialdesignmagazine.com\/mag\/design\/ultraluce-alla-milano-design-week-2012-ecologia-eco-sostenibilita-e-risparmio-energetico\/#primaryimage\"},\"thumbnailUrl\":\"https:\/\/socialdesignmagazine.com\/mag\/wp-content\/uploads\/2012\/03\/benedetto_ultraluce_preview_salone_2012_ULTRALUCE_-_WASHI_LP-LG-LH.jpg\",\"datePublished\":\"2012-03-28T08:00:00+00:00\",\"dateModified\":\"2024-05-12T13:49:16+00:00\",\"description\":\"L\u2019ecologia, l\u2019eco-sostenibilit\u00e0 e il risparmio energetico sono in assoluto i punti fermi del marchio Ultraluce. Tutte le lampade Ultraluce coniugano perfettamente l\u2019estetica con l\u2019etica, grazie ad un alto potere di luminescenza associato ad un basso consumo energetico.\",\"breadcrumb\":{\"@id\":\"https:\/\/socialdesignmagazine.com\/mag\/design\/ultraluce-alla-milano-design-week-2012-ecologia-eco-sostenibilita-e-risparmio-energetico\/#breadcrumb\"},\"inLanguage\":\"it-IT\",\"potentialAction\":[{\"@type\":\"ReadAction\",\"target\":[\"https:\/\/socialdesignmagazine.com\/mag\/design\/ultraluce-alla-milano-design-week-2012-ecologia-eco-sostenibilita-e-risparmio-energetico\/\"]}]},{\"@type\":\"ImageObject\",\"inLanguage\":\"it-IT\",\"@id\":\"https:\/\/socialdesignmagazine.com\/mag\/design\/ultraluce-alla-milano-design-week-2012-ecologia-eco-sostenibilita-e-risparmio-energetico\/#primaryimage\",\"url\":\"https:\/\/socialdesignmagazine.com\/mag\/wp-content\/uploads\/2012\/03\/benedetto_ultraluce_preview_salone_2012_ULTRALUCE_-_WASHI_LP-LG-LH.jpg\",\"contentUrl\":\"https:\/\/socialdesignmagazine.com\/mag\/wp-content\/uploads\/2012\/03\/benedetto_ultraluce_preview_salone_2012_ULTRALUCE_-_WASHI_LP-LG-LH.jpg\",\"width\":720,\"height\":539,\"caption\":\"ULTRALUCE_-_WASHI_LP-LG-LH\"},{\"@type\":\"BreadcrumbList\",\"@id\":\"https:\/\/socialdesignmagazine.com\/mag\/design\/ultraluce-alla-milano-design-week-2012-ecologia-eco-sostenibilita-e-risparmio-energetico\/#breadcrumb\",\"itemListElement\":[{\"@type\":\"ListItem\",\"position\":1,\"name\":\"Home\",\"item\":\"https:\/\/socialdesignmagazine.com\/mag\/\"},{\"@type\":\"ListItem\",\"position\":2,\"name\":\"Design\",\"item\":\"https:\/\/socialdesignmagazine.com\/mag\/design\/\"},{\"@type\":\"ListItem\",\"position\":3,\"name\":\"Ultraluce alla Milano design Week 2012 \/ ecologia, eco-sostenibilit\u00e0 e risparmio energetico\"}]},{\"@type\":\"WebSite\",\"@id\":\"https:\/\/socialdesignmagazine.com\/mag\/#website\",\"url\":\"https:\/\/socialdesignmagazine.com\/mag\/\",\"name\":\"Social Design Magazine\",\"description\":\"Social Magazine su Design, Architettura, Arte, Grafica\",\"publisher\":{\"@id\":\"https:\/\/socialdesignmagazine.com\/mag\/#organization\"},\"potentialAction\":[{\"@type\":\"SearchAction\",\"target\":{\"@type\":\"EntryPoint\",\"urlTemplate\":\"https:\/\/socialdesignmagazine.com\/mag\/?s={search_term_string}\"},\"query-input\":{\"@type\":\"PropertyValueSpecification\",\"valueRequired\":true,\"valueName\":\"search_term_string\"}}],\"inLanguage\":\"it-IT\"},{\"@type\":\"Organization\",\"@id\":\"https:\/\/socialdesignmagazine.com\/mag\/#organization\",\"name\":\"Social Design Magazine\",\"url\":\"https:\/\/socialdesignmagazine.com\/mag\/\",\"logo\":{\"@type\":\"ImageObject\",\"inLanguage\":\"it-IT\",\"@id\":\"https:\/\/socialdesignmagazine.com\/mag\/#\/schema\/logo\/image\/\",\"url\":\"https:\/\/socialdesignmagazine.com\/mag\/wp-content\/uploads\/2017\/01\/logo_favicon_11.png\",\"contentUrl\":\"https:\/\/socialdesignmagazine.com\/mag\/wp-content\/uploads\/2017\/01\/logo_favicon_11.png\",\"width\":1024,\"height\":1024,\"caption\":\"Social Design Magazine\"},\"image\":{\"@id\":\"https:\/\/socialdesignmagazine.com\/mag\/#\/schema\/logo\/image\/\"},\"sameAs\":[\"https:\/\/www.facebook.com\/socialdesignmag\",\"https:\/\/x.com\/socialdesignmag\",\"http:\/\/instagram.com\/social_design_magazine\/\",\"http:\/\/pinterest.com\/socialdesignmag\/\",\"http:\/\/www.youtube.com\/user\/socialdesignmagazine\"]},{\"@type\":\"Person\",\"@id\":\"https:\/\/socialdesignmagazine.com\/mag\/#\/schema\/person\/61e20205cc363c315e6aabd33a045846\",\"name\":\"Benedetto Fiori\",\"image\":{\"@type\":\"ImageObject\",\"inLanguage\":\"it-IT\",\"@id\":\"https:\/\/secure.gravatar.com\/avatar\/450a48cefa36da63d920ad70aa660bd10725b1c6093800242e5efdb397759033?s=96&d=mm&r=g\",\"url\":\"https:\/\/secure.gravatar.com\/avatar\/450a48cefa36da63d920ad70aa660bd10725b1c6093800242e5efdb397759033?s=96&d=mm&r=g\",\"contentUrl\":\"https:\/\/secure.gravatar.com\/avatar\/450a48cefa36da63d920ad70aa660bd10725b1c6093800242e5efdb397759033?s=96&d=mm&r=g\",\"caption\":\"Benedetto Fiori\"},\"description\":\"Web | Twitter | Facebook | Shutterstock Founder &amp; Editor in Chief di Social Design Magazine. Attratto da sempre da tutto ci\u00f2 che \u00e8 creativit\u00e0, design, architettura. Dopo aver studiato Architettura all'Universit\u00e0 di Firenze, si \u00e8 impegnato in molteplici campi: comunicazione grafica, progettazione di allestimenti fieristici, brand design, Interior Design.\",\"sameAs\":[\"http:\/\/benedettofiori.com\",\"https:\/\/www.facebook.com\/benedettofiori\",\"https:\/\/x.com\/benedettofiori\"],\"url\":\"https:\/\/socialdesignmagazine.com\/mag\/author\/benedetto\/\"}]}<\/script>\n<!-- \/ Yoast SEO plugin. -->","yoast_head_json":{"title":"Ultraluce alla Milano design Week 2012 \/ ecologia, eco-sostenibilit\u00e0 e risparmio energetico - Social Design Magazine","description":"L\u2019ecologia, l\u2019eco-sostenibilit\u00e0 e il risparmio energetico sono in assoluto i punti fermi del marchio Ultraluce. Tutte le lampade Ultraluce coniugano perfettamente l\u2019estetica con l\u2019etica, grazie ad un alto potere di luminescenza associato ad un basso consumo energetico.","robots":{"index":"index","follow":"follow","max-snippet":"max-snippet:-1","max-image-preview":"max-image-preview:large","max-video-preview":"max-video-preview:-1"},"canonical":"https:\/\/socialdesignmagazine.com\/mag\/design\/ultraluce-alla-milano-design-week-2012-ecologia-eco-sostenibilita-e-risparmio-energetico\/","og_locale":"it_IT","og_type":"article","og_title":"Ultraluce alla Milano design Week 2012 \/ ecologia, eco-sostenibilit\u00e0 e risparmio energetico - Social Design Magazine","og_description":"L\u2019ecologia, l\u2019eco-sostenibilit\u00e0 e il risparmio energetico sono in assoluto i punti fermi del marchio Ultraluce. Tutte le lampade Ultraluce coniugano perfettamente l\u2019estetica con l\u2019etica, grazie ad un alto potere di luminescenza associato ad un basso consumo energetico.","og_url":"http:\/\/socialdesignmagazine.com\/mag\/design\/ultraluce-alla-milano-design-week-2012-ecologia-eco-sostenibilita-e-risparmio-energetico\/","og_site_name":"Social Design Magazine","article_publisher":"https:\/\/www.facebook.com\/socialdesignmag","article_author":"https:\/\/www.facebook.com\/benedettofiori","article_published_time":"2012-03-28T08:00:00+00:00","article_modified_time":"2024-05-12T13:49:16+00:00","og_image":[{"width":720,"height":539,"url":"https:\/\/socialdesignmagazine.com\/mag\/wp-content\/uploads\/2012\/03\/benedetto_ultraluce_preview_salone_2012_ULTRALUCE_-_WASHI_LP-LG-LH.jpg","type":"image\/jpeg"}],"author":"Benedetto Fiori","twitter_card":"summary_large_image","twitter_creator":"@benedettofiori","twitter_site":"@socialdesignmag","twitter_misc":{"Scritto da":"Benedetto Fiori","Tempo di lettura stimato":"4 minuti"},"schema":{"@context":"https:\/\/schema.org","@graph":[{"@type":"Article","@id":"https:\/\/socialdesignmagazine.com\/mag\/design\/ultraluce-alla-milano-design-week-2012-ecologia-eco-sostenibilita-e-risparmio-energetico\/#article","isPartOf":{"@id":"https:\/\/socialdesignmagazine.com\/mag\/design\/ultraluce-alla-milano-design-week-2012-ecologia-eco-sostenibilita-e-risparmio-energetico\/"},"author":{"name":"Benedetto Fiori","@id":"https:\/\/socialdesignmagazine.com\/mag\/#\/schema\/person\/61e20205cc363c315e6aabd33a045846"},"headline":"Ultraluce alla Milano design Week 2012 \/ ecologia, eco-sostenibilit\u00e0 e risparmio energetico","datePublished":"2012-03-28T08:00:00+00:00","dateModified":"2024-05-12T13:49:16+00:00","mainEntityOfPage":{"@id":"https:\/\/socialdesignmagazine.com\/mag\/design\/ultraluce-alla-milano-design-week-2012-ecologia-eco-sostenibilita-e-risparmio-energetico\/"},"wordCount":387,"commentCount":0,"publisher":{"@id":"https:\/\/socialdesignmagazine.com\/mag\/#organization"},"image":{"@id":"https:\/\/socialdesignmagazine.com\/mag\/design\/ultraluce-alla-milano-design-week-2012-ecologia-eco-sostenibilita-e-risparmio-energetico\/#primaryimage"},"thumbnailUrl":"https:\/\/socialdesignmagazine.com\/mag\/wp-content\/uploads\/2012\/03\/benedetto_ultraluce_preview_salone_2012_ULTRALUCE_-_WASHI_LP-LG-LH.jpg","keywords":["eco sostenibilit\u00e0","ecologia","risparmio energetico","roberto giacomucci","salone del mobile 2012 milano","ultraluce"],"articleSection":["Design"],"inLanguage":"it-IT","potentialAction":[{"@type":"CommentAction","name":"Comment","target":["https:\/\/socialdesignmagazine.com\/mag\/design\/ultraluce-alla-milano-design-week-2012-ecologia-eco-sostenibilita-e-risparmio-energetico\/#respond"]}]},{"@type":"WebPage","@id":"https:\/\/socialdesignmagazine.com\/mag\/design\/ultraluce-alla-milano-design-week-2012-ecologia-eco-sostenibilita-e-risparmio-energetico\/","url":"https:\/\/socialdesignmagazine.com\/mag\/design\/ultraluce-alla-milano-design-week-2012-ecologia-eco-sostenibilita-e-risparmio-energetico\/","name":"Ultraluce alla Milano design Week 2012 \/ ecologia, eco-sostenibilit\u00e0 e risparmio energetico - Social Design Magazine","isPartOf":{"@id":"https:\/\/socialdesignmagazine.com\/mag\/#website"},"primaryImageOfPage":{"@id":"https:\/\/socialdesignmagazine.com\/mag\/design\/ultraluce-alla-milano-design-week-2012-ecologia-eco-sostenibilita-e-risparmio-energetico\/#primaryimage"},"image":{"@id":"https:\/\/socialdesignmagazine.com\/mag\/design\/ultraluce-alla-milano-design-week-2012-ecologia-eco-sostenibilita-e-risparmio-energetico\/#primaryimage"},"thumbnailUrl":"https:\/\/socialdesignmagazine.com\/mag\/wp-content\/uploads\/2012\/03\/benedetto_ultraluce_preview_salone_2012_ULTRALUCE_-_WASHI_LP-LG-LH.jpg","datePublished":"2012-03-28T08:00:00+00:00","dateModified":"2024-05-12T13:49:16+00:00","description":"L\u2019ecologia, l\u2019eco-sostenibilit\u00e0 e il risparmio energetico sono in assoluto i punti fermi del marchio Ultraluce. Tutte le lampade Ultraluce coniugano perfettamente l\u2019estetica con l\u2019etica, grazie ad un alto potere di luminescenza associato ad un basso consumo energetico.","breadcrumb":{"@id":"https:\/\/socialdesignmagazine.com\/mag\/design\/ultraluce-alla-milano-design-week-2012-ecologia-eco-sostenibilita-e-risparmio-energetico\/#breadcrumb"},"inLanguage":"it-IT","potentialAction":[{"@type":"ReadAction","target":["https:\/\/socialdesignmagazine.com\/mag\/design\/ultraluce-alla-milano-design-week-2012-ecologia-eco-sostenibilita-e-risparmio-energetico\/"]}]},{"@type":"ImageObject","inLanguage":"it-IT","@id":"https:\/\/socialdesignmagazine.com\/mag\/design\/ultraluce-alla-milano-design-week-2012-ecologia-eco-sostenibilita-e-risparmio-energetico\/#primaryimage","url":"https:\/\/socialdesignmagazine.com\/mag\/wp-content\/uploads\/2012\/03\/benedetto_ultraluce_preview_salone_2012_ULTRALUCE_-_WASHI_LP-LG-LH.jpg","contentUrl":"https:\/\/socialdesignmagazine.com\/mag\/wp-content\/uploads\/2012\/03\/benedetto_ultraluce_preview_salone_2012_ULTRALUCE_-_WASHI_LP-LG-LH.jpg","width":720,"height":539,"caption":"ULTRALUCE_-_WASHI_LP-LG-LH"},{"@type":"BreadcrumbList","@id":"https:\/\/socialdesignmagazine.com\/mag\/design\/ultraluce-alla-milano-design-week-2012-ecologia-eco-sostenibilita-e-risparmio-energetico\/#breadcrumb","itemListElement":[{"@type":"ListItem","position":1,"name":"Home","item":"https:\/\/socialdesignmagazine.com\/mag\/"},{"@type":"ListItem","position":2,"name":"Design","item":"https:\/\/socialdesignmagazine.com\/mag\/design\/"},{"@type":"ListItem","position":3,"name":"Ultraluce alla Milano design Week 2012 \/ ecologia, eco-sostenibilit\u00e0 e risparmio energetico"}]},{"@type":"WebSite","@id":"https:\/\/socialdesignmagazine.com\/mag\/#website","url":"https:\/\/socialdesignmagazine.com\/mag\/","name":"Social Design Magazine","description":"Social Magazine su Design, Architettura, Arte, Grafica","publisher":{"@id":"https:\/\/socialdesignmagazine.com\/mag\/#organization"},"potentialAction":[{"@type":"SearchAction","target":{"@type":"EntryPoint","urlTemplate":"https:\/\/socialdesignmagazine.com\/mag\/?s={search_term_string}"},"query-input":{"@type":"PropertyValueSpecification","valueRequired":true,"valueName":"search_term_string"}}],"inLanguage":"it-IT"},{"@type":"Organization","@id":"https:\/\/socialdesignmagazine.com\/mag\/#organization","name":"Social Design Magazine","url":"https:\/\/socialdesignmagazine.com\/mag\/","logo":{"@type":"ImageObject","inLanguage":"it-IT","@id":"https:\/\/socialdesignmagazine.com\/mag\/#\/schema\/logo\/image\/","url":"https:\/\/socialdesignmagazine.com\/mag\/wp-content\/uploads\/2017\/01\/logo_favicon_11.png","contentUrl":"https:\/\/socialdesignmagazine.com\/mag\/wp-content\/uploads\/2017\/01\/logo_favicon_11.png","width":1024,"height":1024,"caption":"Social Design Magazine"},"image":{"@id":"https:\/\/socialdesignmagazine.com\/mag\/#\/schema\/logo\/image\/"},"sameAs":["https:\/\/www.facebook.com\/socialdesignmag","https:\/\/x.com\/socialdesignmag","http:\/\/instagram.com\/social_design_magazine\/","http:\/\/pinterest.com\/socialdesignmag\/","http:\/\/www.youtube.com\/user\/socialdesignmagazine"]},{"@type":"Person","@id":"https:\/\/socialdesignmagazine.com\/mag\/#\/schema\/person\/61e20205cc363c315e6aabd33a045846","name":"Benedetto Fiori","image":{"@type":"ImageObject","inLanguage":"it-IT","@id":"https:\/\/secure.gravatar.com\/avatar\/450a48cefa36da63d920ad70aa660bd10725b1c6093800242e5efdb397759033?s=96&d=mm&r=g","url":"https:\/\/secure.gravatar.com\/avatar\/450a48cefa36da63d920ad70aa660bd10725b1c6093800242e5efdb397759033?s=96&d=mm&r=g","contentUrl":"https:\/\/secure.gravatar.com\/avatar\/450a48cefa36da63d920ad70aa660bd10725b1c6093800242e5efdb397759033?s=96&d=mm&r=g","caption":"Benedetto Fiori"},"description":"Web | Twitter | Facebook | Shutterstock Founder &amp; Editor in Chief di Social Design Magazine. Attratto da sempre da tutto ci\u00f2 che \u00e8 creativit\u00e0, design, architettura. Dopo aver studiato Architettura all'Universit\u00e0 di Firenze, si \u00e8 impegnato in molteplici campi: comunicazione grafica, progettazione di allestimenti fieristici, brand design, Interior Design.","sameAs":["http:\/\/benedettofiori.com","https:\/\/www.facebook.com\/benedettofiori","https:\/\/x.com\/benedettofiori"],"url":"https:\/\/socialdesignmagazine.com\/mag\/author\/benedetto\/"}]}},"jetpack_featured_media_url":"https:\/\/socialdesignmagazine.com\/mag\/wp-content\/uploads\/2012\/03\/benedetto_ultraluce_preview_salone_2012_ULTRALUCE_-_WASHI_LP-LG-LH.jpg","jetpack_sharing_enabled":true,"jetpack_shortlink":"https:\/\/wp.me\/p6cV7V-a6","gt_translate_keys":[{"key":"link","format":"url"}],"_links":{"self":[{"href":"https:\/\/socialdesignmagazine.com\/mag\/wp-json\/wp\/v2\/posts\/626","targetHints":{"allow":["GET"]}}],"collection":[{"href":"https:\/\/socialdesignmagazine.com\/mag\/wp-json\/wp\/v2\/posts"}],"about":[{"href":"https:\/\/socialdesignmagazine.com\/mag\/wp-json\/wp\/v2\/types\/post"}],"author":[{"embeddable":true,"href":"https:\/\/socialdesignmagazine.com\/mag\/wp-json\/wp\/v2\/users\/1"}],"replies":[{"embeddable":true,"href":"https:\/\/socialdesignmagazine.com\/mag\/wp-json\/wp\/v2\/comments?post=626"}],"version-history":[{"count":1,"href":"https:\/\/socialdesignmagazine.com\/mag\/wp-json\/wp\/v2\/posts\/626\/revisions"}],"predecessor-version":[{"id":59735,"href":"https:\/\/socialdesignmagazine.com\/mag\/wp-json\/wp\/v2\/posts\/626\/revisions\/59735"}],"wp:featuredmedia":[{"embeddable":true,"href":"https:\/\/socialdesignmagazine.com\/mag\/wp-json\/wp\/v2\/media\/7552"}],"wp:attachment":[{"href":"https:\/\/socialdesignmagazine.com\/mag\/wp-json\/wp\/v2\/media?parent=626"}],"wp:term":[{"taxonomy":"category","embeddable":true,"href":"https:\/\/socialdesignmagazine.com\/mag\/wp-json\/wp\/v2\/categories?post=626"},{"taxonomy":"post_tag","embeddable":true,"href":"https:\/\/socialdesignmagazine.com\/mag\/wp-json\/wp\/v2\/tags?post=626"}],"curies":[{"name":"wp","href":"https:\/\/api.w.org\/{rel}","templated":true}]}}