{"id":654,"date":"2012-04-16T07:00:00","date_gmt":"2012-04-16T05:00:00","guid":{"rendered":"https:\/\/socialdesignmagazine.com\/mag\/s6-design\/c35-design\/inspire-foscarini-a-superstudio-piu-milano-design-week-2012\/"},"modified":"2024-05-12T21:19:21","modified_gmt":"2024-05-12T19:19:21","slug":"inspire-foscarini-a-superstudio-piu-milano-design-week-2012","status":"publish","type":"post","link":"https:\/\/socialdesignmagazine.com\/mag\/design\/inspire-foscarini-a-superstudio-piu-milano-design-week-2012\/","title":{"rendered":"Inspire \/ Foscarini a Superstudio Pi\u00f9, Milano Design Week 2012","gt_translate_keys":[{"key":"rendered","format":"text"}]},"content":{"rendered":"\n<p>Ascoltare, guardare, immaginare, sognare. Gocce d&#8217;acqua, un&#8217;eclisse, un&#8217;esplosione, il soffio del vento, fili d&#8217;erba che ondeggiano alla brezza, il mare del nord in tempesta. Atmosfere che svelano il linguaggio degli oggetti e la loro storia.<br>E&#8217; la natura il fil rouge di FOSCARINI INSPIRE, l\u2019emozionante e coinvolgente installazione proposta da Foscarini negli spazi di Superstudio Pi\u00f9 in occasione della Milano Design Week 2012.<\/p>\n\n\n\n<p>Frammenti di immagini e suoni si scompongono e ricompongono per raccontare attraverso suggestioni visive e sonore l&#8217;idea creativa, la sensibilit\u00e0, l&#8217;intuizione da cui nasce ogni progetto Foscarini.<br>Totalmente immerso in una nuova dimensione, il visitatore viene accolto e condotto in un percorso di scoperta dalle scenografie curate da Vicente Garcia Jimenez e dalle installazioni video di Massimo Gardone. I frame si susseguono e si completano in una coreografia che si snoda su grandi schermi e diventa narrazione, scandita dai suoni e dai rumori della natura, dove abitano come per magia i progetti pi\u00f9 noti e significativi di Foscarini. Concept e idee si intrecciano e prendono forma in un ambiente archetipico, in un ritorno all&#8217;essenza e all&#8217;origine della creativit\u00e0.<\/p>\n\n\n<div class=\"wp-block-image\">\n<figure class=\"aligncenter\"><img loading=\"lazy\" decoding=\"async\" width=\"720\" height=\"320\" data-attachment-id=\"7646\" data-permalink=\"https:\/\/socialdesignmagazine.com\/mag\/design\/inspire-foscarini-a-superstudio-piu-milano-design-week-2012\/attachment\/foscarini_inspire_allegro\/#content\" data-orig-file=\"https:\/\/socialdesignmagazine.com\/mag\/wp-content\/uploads\/2012\/04\/benedetto_foscarini_inspire_Foscarini_Inspire_Allegro.jpg\" data-orig-size=\"720,320\" data-comments-opened=\"1\" data-image-meta=\"{&quot;aperture&quot;:&quot;0&quot;,&quot;credit&quot;:&quot;&quot;,&quot;camera&quot;:&quot;&quot;,&quot;caption&quot;:&quot;&quot;,&quot;created_timestamp&quot;:&quot;0&quot;,&quot;copyright&quot;:&quot;&quot;,&quot;focal_length&quot;:&quot;0&quot;,&quot;iso&quot;:&quot;0&quot;,&quot;shutter_speed&quot;:&quot;0&quot;,&quot;title&quot;:&quot;&quot;,&quot;orientation&quot;:&quot;0&quot;}\" data-image-title=\"Foscarini_Inspire_Allegro\" data-image-description=\"\" data-image-caption=\"\" data-medium-file=\"https:\/\/socialdesignmagazine.com\/mag\/wp-content\/uploads\/2012\/04\/benedetto_foscarini_inspire_Foscarini_Inspire_Allegro-396x256.jpg\" data-large-file=\"https:\/\/socialdesignmagazine.com\/mag\/wp-content\/uploads\/2012\/04\/benedetto_foscarini_inspire_Foscarini_Inspire_Allegro.jpg\" src=\"https:\/\/socialdesignmagazine.com\/mag\/wp-content\/uploads\/2012\/04\/benedetto_foscarini_inspire_Foscarini_Inspire_Allegro.jpg\" alt=\"Foscarini_Inspire_Allegro\" class=\"wp-image-7646\"\/><\/figure>\n<\/div>\n\n<div class=\"wp-block-image\">\n<figure class=\"aligncenter\"><img loading=\"lazy\" decoding=\"async\" width=\"720\" height=\"480\" data-attachment-id=\"7647\" data-permalink=\"https:\/\/socialdesignmagazine.com\/mag\/design\/inspire-foscarini-a-superstudio-piu-milano-design-week-2012\/attachment\/foscarini_inspire_binic\/#content\" data-orig-file=\"https:\/\/socialdesignmagazine.com\/mag\/wp-content\/uploads\/2012\/04\/benedetto_foscarini_inspire_Foscarini_Inspire_Binic.jpg\" data-orig-size=\"720,480\" data-comments-opened=\"1\" data-image-meta=\"{&quot;aperture&quot;:&quot;0&quot;,&quot;credit&quot;:&quot;&quot;,&quot;camera&quot;:&quot;&quot;,&quot;caption&quot;:&quot;&quot;,&quot;created_timestamp&quot;:&quot;0&quot;,&quot;copyright&quot;:&quot;&quot;,&quot;focal_length&quot;:&quot;0&quot;,&quot;iso&quot;:&quot;0&quot;,&quot;shutter_speed&quot;:&quot;0&quot;,&quot;title&quot;:&quot;&quot;,&quot;orientation&quot;:&quot;0&quot;}\" data-image-title=\"Foscarini_Inspire_Binic\" data-image-description=\"\" data-image-caption=\"\" data-medium-file=\"https:\/\/socialdesignmagazine.com\/mag\/wp-content\/uploads\/2012\/04\/benedetto_foscarini_inspire_Foscarini_Inspire_Binic-396x256.jpg\" data-large-file=\"https:\/\/socialdesignmagazine.com\/mag\/wp-content\/uploads\/2012\/04\/benedetto_foscarini_inspire_Foscarini_Inspire_Binic.jpg\" src=\"https:\/\/socialdesignmagazine.com\/mag\/wp-content\/uploads\/2012\/04\/benedetto_foscarini_inspire_Foscarini_Inspire_Binic.jpg\" alt=\"Foscarini_Inspire_Binic\" class=\"wp-image-7647\" srcset=\"https:\/\/socialdesignmagazine.com\/mag\/wp-content\/uploads\/2012\/04\/benedetto_foscarini_inspire_Foscarini_Inspire_Binic.jpg 720w, https:\/\/socialdesignmagazine.com\/mag\/wp-content\/uploads\/2012\/04\/benedetto_foscarini_inspire_Foscarini_Inspire_Binic-100x66.jpg 100w\" sizes=\"auto, (max-width: 720px) 100vw, 720px\" \/><\/figure>\n<\/div>\n\n<div class=\"wp-block-image\">\n<figure class=\"aligncenter\"><img loading=\"lazy\" decoding=\"async\" width=\"720\" height=\"320\" data-attachment-id=\"7648\" data-permalink=\"https:\/\/socialdesignmagazine.com\/mag\/design\/inspire-foscarini-a-superstudio-piu-milano-design-week-2012\/attachment\/foscarini_inspire_caboche\/#content\" data-orig-file=\"https:\/\/socialdesignmagazine.com\/mag\/wp-content\/uploads\/2012\/04\/benedetto_foscarini_inspire_Foscarini_Inspire_Caboche.jpg\" data-orig-size=\"720,320\" data-comments-opened=\"1\" data-image-meta=\"{&quot;aperture&quot;:&quot;0&quot;,&quot;credit&quot;:&quot;&quot;,&quot;camera&quot;:&quot;&quot;,&quot;caption&quot;:&quot;&quot;,&quot;created_timestamp&quot;:&quot;0&quot;,&quot;copyright&quot;:&quot;&quot;,&quot;focal_length&quot;:&quot;0&quot;,&quot;iso&quot;:&quot;0&quot;,&quot;shutter_speed&quot;:&quot;0&quot;,&quot;title&quot;:&quot;&quot;,&quot;orientation&quot;:&quot;0&quot;}\" data-image-title=\"Foscarini_Inspire_Caboche\" data-image-description=\"\" data-image-caption=\"\" data-medium-file=\"https:\/\/socialdesignmagazine.com\/mag\/wp-content\/uploads\/2012\/04\/benedetto_foscarini_inspire_Foscarini_Inspire_Caboche-396x256.jpg\" data-large-file=\"https:\/\/socialdesignmagazine.com\/mag\/wp-content\/uploads\/2012\/04\/benedetto_foscarini_inspire_Foscarini_Inspire_Caboche.jpg\" src=\"https:\/\/socialdesignmagazine.com\/mag\/wp-content\/uploads\/2012\/04\/benedetto_foscarini_inspire_Foscarini_Inspire_Caboche.jpg\" alt=\"Foscarini_Inspire_Caboche\" class=\"wp-image-7648\"\/><\/figure>\n<\/div>\n\n<div class=\"wp-block-image\">\n<figure class=\"aligncenter\"><img loading=\"lazy\" decoding=\"async\" width=\"720\" height=\"320\" data-attachment-id=\"7649\" data-permalink=\"https:\/\/socialdesignmagazine.com\/mag\/design\/inspire-foscarini-a-superstudio-piu-milano-design-week-2012\/attachment\/foscarini_inspire_caboche_\/#content\" data-orig-file=\"https:\/\/socialdesignmagazine.com\/mag\/wp-content\/uploads\/2012\/04\/benedetto_foscarini_inspire_Foscarini_Inspire_Caboche_.jpg\" data-orig-size=\"720,320\" data-comments-opened=\"1\" data-image-meta=\"{&quot;aperture&quot;:&quot;0&quot;,&quot;credit&quot;:&quot;&quot;,&quot;camera&quot;:&quot;&quot;,&quot;caption&quot;:&quot;&quot;,&quot;created_timestamp&quot;:&quot;0&quot;,&quot;copyright&quot;:&quot;&quot;,&quot;focal_length&quot;:&quot;0&quot;,&quot;iso&quot;:&quot;0&quot;,&quot;shutter_speed&quot;:&quot;0&quot;,&quot;title&quot;:&quot;&quot;,&quot;orientation&quot;:&quot;0&quot;}\" data-image-title=\"Foscarini_Inspire_Caboche_\" data-image-description=\"\" data-image-caption=\"\" data-medium-file=\"https:\/\/socialdesignmagazine.com\/mag\/wp-content\/uploads\/2012\/04\/benedetto_foscarini_inspire_Foscarini_Inspire_Caboche_-396x256.jpg\" data-large-file=\"https:\/\/socialdesignmagazine.com\/mag\/wp-content\/uploads\/2012\/04\/benedetto_foscarini_inspire_Foscarini_Inspire_Caboche_.jpg\" src=\"https:\/\/socialdesignmagazine.com\/mag\/wp-content\/uploads\/2012\/04\/benedetto_foscarini_inspire_Foscarini_Inspire_Caboche_.jpg\" alt=\"Foscarini_Inspire_Caboche_\" class=\"wp-image-7649\"\/><\/figure>\n<\/div>\n\n<div class=\"wp-block-image\">\n<figure class=\"aligncenter\"><img loading=\"lazy\" decoding=\"async\" width=\"720\" height=\"320\" data-attachment-id=\"7650\" data-permalink=\"https:\/\/socialdesignmagazine.com\/mag\/design\/inspire-foscarini-a-superstudio-piu-milano-design-week-2012\/attachment\/foscarini_inspire_le_soleil\/#content\" data-orig-file=\"https:\/\/socialdesignmagazine.com\/mag\/wp-content\/uploads\/2012\/04\/benedetto_foscarini_inspire_Foscarini_Inspire_Le_Soleil.jpg\" data-orig-size=\"720,320\" data-comments-opened=\"1\" data-image-meta=\"{&quot;aperture&quot;:&quot;0&quot;,&quot;credit&quot;:&quot;&quot;,&quot;camera&quot;:&quot;&quot;,&quot;caption&quot;:&quot;&quot;,&quot;created_timestamp&quot;:&quot;0&quot;,&quot;copyright&quot;:&quot;&quot;,&quot;focal_length&quot;:&quot;0&quot;,&quot;iso&quot;:&quot;0&quot;,&quot;shutter_speed&quot;:&quot;0&quot;,&quot;title&quot;:&quot;&quot;,&quot;orientation&quot;:&quot;0&quot;}\" data-image-title=\"Foscarini_Inspire_Le_Soleil\" data-image-description=\"\" data-image-caption=\"\" data-medium-file=\"https:\/\/socialdesignmagazine.com\/mag\/wp-content\/uploads\/2012\/04\/benedetto_foscarini_inspire_Foscarini_Inspire_Le_Soleil-396x256.jpg\" data-large-file=\"https:\/\/socialdesignmagazine.com\/mag\/wp-content\/uploads\/2012\/04\/benedetto_foscarini_inspire_Foscarini_Inspire_Le_Soleil.jpg\" src=\"https:\/\/socialdesignmagazine.com\/mag\/wp-content\/uploads\/2012\/04\/benedetto_foscarini_inspire_Foscarini_Inspire_Le_Soleil.jpg\" alt=\"Foscarini_Inspire_Le_Soleil\" class=\"wp-image-7650\"\/><\/figure>\n<\/div>\n\n<div class=\"wp-block-image\">\n<figure class=\"aligncenter\"><img loading=\"lazy\" decoding=\"async\" width=\"720\" height=\"320\" data-attachment-id=\"7651\" data-permalink=\"https:\/\/socialdesignmagazine.com\/mag\/design\/inspire-foscarini-a-superstudio-piu-milano-design-week-2012\/attachment\/foscarini_inspire_le_soleil_\/#content\" data-orig-file=\"https:\/\/socialdesignmagazine.com\/mag\/wp-content\/uploads\/2012\/04\/benedetto_foscarini_inspire_Foscarini_Inspire_Le_Soleil_.jpg\" data-orig-size=\"720,320\" data-comments-opened=\"1\" data-image-meta=\"{&quot;aperture&quot;:&quot;0&quot;,&quot;credit&quot;:&quot;&quot;,&quot;camera&quot;:&quot;&quot;,&quot;caption&quot;:&quot;&quot;,&quot;created_timestamp&quot;:&quot;0&quot;,&quot;copyright&quot;:&quot;&quot;,&quot;focal_length&quot;:&quot;0&quot;,&quot;iso&quot;:&quot;0&quot;,&quot;shutter_speed&quot;:&quot;0&quot;,&quot;title&quot;:&quot;&quot;,&quot;orientation&quot;:&quot;0&quot;}\" data-image-title=\"Foscarini_Inspire_Le_Soleil_\" data-image-description=\"\" data-image-caption=\"\" data-medium-file=\"https:\/\/socialdesignmagazine.com\/mag\/wp-content\/uploads\/2012\/04\/benedetto_foscarini_inspire_Foscarini_Inspire_Le_Soleil_-396x256.jpg\" data-large-file=\"https:\/\/socialdesignmagazine.com\/mag\/wp-content\/uploads\/2012\/04\/benedetto_foscarini_inspire_Foscarini_Inspire_Le_Soleil_.jpg\" src=\"https:\/\/socialdesignmagazine.com\/mag\/wp-content\/uploads\/2012\/04\/benedetto_foscarini_inspire_Foscarini_Inspire_Le_Soleil_.jpg\" alt=\"Foscarini_Inspire_Le_Soleil_\" class=\"wp-image-7651\"\/><\/figure>\n<\/div>\n\n<div class=\"wp-block-image\">\n<figure class=\"aligncenter\"><img loading=\"lazy\" decoding=\"async\" width=\"720\" height=\"480\" data-attachment-id=\"7652\" data-permalink=\"https:\/\/socialdesignmagazine.com\/mag\/design\/inspire-foscarini-a-superstudio-piu-milano-design-week-2012\/attachment\/foscarini_inspire_twiggy\/#content\" data-orig-file=\"https:\/\/socialdesignmagazine.com\/mag\/wp-content\/uploads\/2012\/04\/benedetto_foscarini_inspire_Foscarini_Inspire_Twiggy.jpg\" data-orig-size=\"720,480\" data-comments-opened=\"1\" data-image-meta=\"{&quot;aperture&quot;:&quot;0&quot;,&quot;credit&quot;:&quot;&quot;,&quot;camera&quot;:&quot;&quot;,&quot;caption&quot;:&quot;&quot;,&quot;created_timestamp&quot;:&quot;0&quot;,&quot;copyright&quot;:&quot;&quot;,&quot;focal_length&quot;:&quot;0&quot;,&quot;iso&quot;:&quot;0&quot;,&quot;shutter_speed&quot;:&quot;0&quot;,&quot;title&quot;:&quot;&quot;,&quot;orientation&quot;:&quot;0&quot;}\" data-image-title=\"Foscarini_Inspire_Twiggy\" data-image-description=\"\" data-image-caption=\"\" data-medium-file=\"https:\/\/socialdesignmagazine.com\/mag\/wp-content\/uploads\/2012\/04\/benedetto_foscarini_inspire_Foscarini_Inspire_Twiggy-396x256.jpg\" data-large-file=\"https:\/\/socialdesignmagazine.com\/mag\/wp-content\/uploads\/2012\/04\/benedetto_foscarini_inspire_Foscarini_Inspire_Twiggy.jpg\" src=\"https:\/\/socialdesignmagazine.com\/mag\/wp-content\/uploads\/2012\/04\/benedetto_foscarini_inspire_Foscarini_Inspire_Twiggy.jpg\" alt=\"Foscarini_Inspire_Twiggy\" class=\"wp-image-7652\" srcset=\"https:\/\/socialdesignmagazine.com\/mag\/wp-content\/uploads\/2012\/04\/benedetto_foscarini_inspire_Foscarini_Inspire_Twiggy.jpg 720w, https:\/\/socialdesignmagazine.com\/mag\/wp-content\/uploads\/2012\/04\/benedetto_foscarini_inspire_Foscarini_Inspire_Twiggy-100x66.jpg 100w\" sizes=\"auto, (max-width: 720px) 100vw, 720px\" \/><\/figure>\n<\/div>","protected":false,"gt_translate_keys":[{"key":"rendered","format":"html"}]},"excerpt":{"rendered":"<p>Ascoltare, guardare, immaginare, sognare. Gocce d&#8217;acqua, un&#8217;eclisse, un&#8217;esplosione, il soffio del vento, fili d&#8217;erba che ondeggiano alla brezza, il mare del nord in tempesta. Atmosfere che svelano il linguaggio degli oggetti e la loro storia.<\/p>\n","protected":false,"gt_translate_keys":[{"key":"rendered","format":"html"}]},"author":1,"featured_media":7645,"comment_status":"open","ping_status":"open","sticky":false,"template":"","format":"standard","meta":{"jetpack_post_was_ever_published":false,"_jetpack_newsletter_access":"","_jetpack_dont_email_post_to_subs":false,"_jetpack_newsletter_tier_id":0,"_jetpack_memberships_contains_paywalled_content":false,"_jetpack_memberships_contains_paid_content":false,"footnotes":"","_wpscppro_dont_share_socialmedia":false,"_wpscppro_custom_social_share_image":0,"_facebook_share_type":"","_twitter_share_type":"","_linkedin_share_type":"","_pinterest_share_type":"","_linkedin_share_type_page":"","_instagram_share_type":"","_medium_share_type":"","_threads_share_type":"","_google_business_share_type":"","_selected_social_profile":[],"_wpsp_enable_custom_social_template":false,"_wpsp_social_scheduling":{"enabled":false,"datetime":null,"platforms":[],"status":"template_only","dateOption":"today","timeOption":"now","customDays":"","customHours":"","customDate":"","customTime":"","schedulingType":"absolute"},"_wpsp_active_default_template":true},"categories":[13],"tags":[2036,1918,991,1866,2039],"class_list":["post-654","post","type-post","status-publish","format-standard","has-post-thumbnail","hentry","category-design","tag-foscarini","tag-fuorisalone-2012","tag-illuminazione","tag-salone-del-mobile-2012-milano","tag-superstudio-piu"],"yoast_head":"<!-- This site is optimized with the Yoast SEO plugin v27.2 - https:\/\/yoast.com\/product\/yoast-seo-wordpress\/ -->\n<title>Inspire \/ Foscarini a Superstudio Pi\u00f9, Milano Design Week 2012 - Social Design Magazine<\/title>\n<meta name=\"description\" content=\"Ascoltare, guardare, immaginare, sognare. Gocce d&#039;acqua, un&#039;eclisse, un&#039;esplosione, il soffio del vento, fili d&#039;erba che ondeggiano alla brezza, il mare del nord in tempesta. Atmosfere che svelano il linguaggio degli oggetti e la loro storia.\" \/>\n<meta name=\"robots\" content=\"index, follow, max-snippet:-1, max-image-preview:large, max-video-preview:-1\" \/>\n<link rel=\"canonical\" href=\"https:\/\/socialdesignmagazine.com\/mag\/design\/inspire-foscarini-a-superstudio-piu-milano-design-week-2012\/\" \/>\n<meta property=\"og:locale\" content=\"it_IT\" \/>\n<meta property=\"og:type\" content=\"article\" \/>\n<meta property=\"og:title\" content=\"Inspire \/ Foscarini a Superstudio Pi\u00f9, Milano Design Week 2012 - Social Design Magazine\" \/>\n<meta property=\"og:description\" content=\"Ascoltare, guardare, immaginare, sognare. Gocce d&#039;acqua, un&#039;eclisse, un&#039;esplosione, il soffio del vento, fili d&#039;erba che ondeggiano alla brezza, il mare del nord in tempesta. Atmosfere che svelano il linguaggio degli oggetti e la loro storia.\" \/>\n<meta property=\"og:url\" content=\"https:\/\/socialdesignmagazine.com\/mag\/design\/inspire-foscarini-a-superstudio-piu-milano-design-week-2012\/\" \/>\n<meta property=\"og:site_name\" content=\"Social Design Magazine\" \/>\n<meta property=\"article:publisher\" content=\"https:\/\/www.facebook.com\/socialdesignmag\" \/>\n<meta property=\"article:author\" content=\"https:\/\/www.facebook.com\/benedettofiori\" \/>\n<meta property=\"article:published_time\" content=\"2012-04-16T05:00:00+00:00\" \/>\n<meta property=\"article:modified_time\" content=\"2024-05-12T19:19:21+00:00\" \/>\n<meta property=\"og:image\" content=\"https:\/\/socialdesignmagazine.com\/mag\/wp-content\/uploads\/2012\/04\/benedetto_foscarini_inspire_image001.jpg\" \/>\n\t<meta property=\"og:image:width\" content=\"720\" \/>\n\t<meta property=\"og:image:height\" content=\"457\" \/>\n\t<meta property=\"og:image:type\" content=\"image\/jpeg\" \/>\n<meta name=\"author\" content=\"Benedetto Fiori\" \/>\n<meta name=\"twitter:card\" content=\"summary_large_image\" \/>\n<meta name=\"twitter:creator\" content=\"@benedettofiori\" \/>\n<meta name=\"twitter:site\" content=\"@socialdesignmag\" \/>\n<meta name=\"twitter:label1\" content=\"Scritto da\" \/>\n\t<meta name=\"twitter:data1\" content=\"Benedetto Fiori\" \/>\n\t<meta name=\"twitter:label2\" content=\"Tempo di lettura stimato\" \/>\n\t<meta name=\"twitter:data2\" content=\"3 minuti\" \/>\n<script type=\"application\/ld+json\" class=\"yoast-schema-graph\">{\"@context\":\"https:\/\/schema.org\",\"@graph\":[{\"@type\":\"Article\",\"@id\":\"https:\/\/socialdesignmagazine.com\/mag\/design\/inspire-foscarini-a-superstudio-piu-milano-design-week-2012\/#article\",\"isPartOf\":{\"@id\":\"https:\/\/socialdesignmagazine.com\/mag\/design\/inspire-foscarini-a-superstudio-piu-milano-design-week-2012\/\"},\"author\":{\"name\":\"Benedetto Fiori\",\"@id\":\"https:\/\/socialdesignmagazine.com\/mag\/#\/schema\/person\/61e20205cc363c315e6aabd33a045846\"},\"headline\":\"Inspire \/ Foscarini a Superstudio Pi\u00f9, Milano Design Week 2012\",\"datePublished\":\"2012-04-16T05:00:00+00:00\",\"dateModified\":\"2024-05-12T19:19:21+00:00\",\"mainEntityOfPage\":{\"@id\":\"https:\/\/socialdesignmagazine.com\/mag\/design\/inspire-foscarini-a-superstudio-piu-milano-design-week-2012\/\"},\"wordCount\":197,\"commentCount\":0,\"publisher\":{\"@id\":\"https:\/\/socialdesignmagazine.com\/mag\/#organization\"},\"image\":{\"@id\":\"https:\/\/socialdesignmagazine.com\/mag\/design\/inspire-foscarini-a-superstudio-piu-milano-design-week-2012\/#primaryimage\"},\"thumbnailUrl\":\"https:\/\/socialdesignmagazine.com\/mag\/wp-content\/uploads\/2012\/04\/benedetto_foscarini_inspire_image001.jpg\",\"keywords\":[\"foscarini\",\"fuorisalone 2012\",\"illuminazione\",\"salone del mobile 2012 milano\",\"superstudio pi\u00f9\"],\"articleSection\":[\"Design\"],\"inLanguage\":\"it-IT\",\"potentialAction\":[{\"@type\":\"CommentAction\",\"name\":\"Comment\",\"target\":[\"https:\/\/socialdesignmagazine.com\/mag\/design\/inspire-foscarini-a-superstudio-piu-milano-design-week-2012\/#respond\"]}]},{\"@type\":\"WebPage\",\"@id\":\"https:\/\/socialdesignmagazine.com\/mag\/design\/inspire-foscarini-a-superstudio-piu-milano-design-week-2012\/\",\"url\":\"https:\/\/socialdesignmagazine.com\/mag\/design\/inspire-foscarini-a-superstudio-piu-milano-design-week-2012\/\",\"name\":\"Inspire \/ Foscarini a Superstudio Pi\u00f9, Milano Design Week 2012 - Social Design Magazine\",\"isPartOf\":{\"@id\":\"https:\/\/socialdesignmagazine.com\/mag\/#website\"},\"primaryImageOfPage\":{\"@id\":\"https:\/\/socialdesignmagazine.com\/mag\/design\/inspire-foscarini-a-superstudio-piu-milano-design-week-2012\/#primaryimage\"},\"image\":{\"@id\":\"https:\/\/socialdesignmagazine.com\/mag\/design\/inspire-foscarini-a-superstudio-piu-milano-design-week-2012\/#primaryimage\"},\"thumbnailUrl\":\"https:\/\/socialdesignmagazine.com\/mag\/wp-content\/uploads\/2012\/04\/benedetto_foscarini_inspire_image001.jpg\",\"datePublished\":\"2012-04-16T05:00:00+00:00\",\"dateModified\":\"2024-05-12T19:19:21+00:00\",\"description\":\"Ascoltare, guardare, immaginare, sognare. Gocce d'acqua, un'eclisse, un'esplosione, il soffio del vento, fili d'erba che ondeggiano alla brezza, il mare del nord in tempesta. Atmosfere che svelano il linguaggio degli oggetti e la loro storia.\",\"breadcrumb\":{\"@id\":\"https:\/\/socialdesignmagazine.com\/mag\/design\/inspire-foscarini-a-superstudio-piu-milano-design-week-2012\/#breadcrumb\"},\"inLanguage\":\"it-IT\",\"potentialAction\":[{\"@type\":\"ReadAction\",\"target\":[\"https:\/\/socialdesignmagazine.com\/mag\/design\/inspire-foscarini-a-superstudio-piu-milano-design-week-2012\/\"]}]},{\"@type\":\"ImageObject\",\"inLanguage\":\"it-IT\",\"@id\":\"https:\/\/socialdesignmagazine.com\/mag\/design\/inspire-foscarini-a-superstudio-piu-milano-design-week-2012\/#primaryimage\",\"url\":\"https:\/\/socialdesignmagazine.com\/mag\/wp-content\/uploads\/2012\/04\/benedetto_foscarini_inspire_image001.jpg\",\"contentUrl\":\"https:\/\/socialdesignmagazine.com\/mag\/wp-content\/uploads\/2012\/04\/benedetto_foscarini_inspire_image001.jpg\",\"width\":720,\"height\":457,\"caption\":\"image001\"},{\"@type\":\"BreadcrumbList\",\"@id\":\"https:\/\/socialdesignmagazine.com\/mag\/design\/inspire-foscarini-a-superstudio-piu-milano-design-week-2012\/#breadcrumb\",\"itemListElement\":[{\"@type\":\"ListItem\",\"position\":1,\"name\":\"Home\",\"item\":\"https:\/\/socialdesignmagazine.com\/mag\/\"},{\"@type\":\"ListItem\",\"position\":2,\"name\":\"Design\",\"item\":\"https:\/\/socialdesignmagazine.com\/mag\/design\/\"},{\"@type\":\"ListItem\",\"position\":3,\"name\":\"Inspire \/ Foscarini a Superstudio Pi\u00f9, Milano Design Week 2012\"}]},{\"@type\":\"WebSite\",\"@id\":\"https:\/\/socialdesignmagazine.com\/mag\/#website\",\"url\":\"https:\/\/socialdesignmagazine.com\/mag\/\",\"name\":\"Social Design Magazine\",\"description\":\"Social Magazine su Design, Architettura, Arte, Grafica\",\"publisher\":{\"@id\":\"https:\/\/socialdesignmagazine.com\/mag\/#organization\"},\"potentialAction\":[{\"@type\":\"SearchAction\",\"target\":{\"@type\":\"EntryPoint\",\"urlTemplate\":\"https:\/\/socialdesignmagazine.com\/mag\/?s={search_term_string}\"},\"query-input\":{\"@type\":\"PropertyValueSpecification\",\"valueRequired\":true,\"valueName\":\"search_term_string\"}}],\"inLanguage\":\"it-IT\"},{\"@type\":\"Organization\",\"@id\":\"https:\/\/socialdesignmagazine.com\/mag\/#organization\",\"name\":\"Social Design Magazine\",\"url\":\"https:\/\/socialdesignmagazine.com\/mag\/\",\"logo\":{\"@type\":\"ImageObject\",\"inLanguage\":\"it-IT\",\"@id\":\"https:\/\/socialdesignmagazine.com\/mag\/#\/schema\/logo\/image\/\",\"url\":\"https:\/\/socialdesignmagazine.com\/mag\/wp-content\/uploads\/2017\/01\/logo_favicon_11.png\",\"contentUrl\":\"https:\/\/socialdesignmagazine.com\/mag\/wp-content\/uploads\/2017\/01\/logo_favicon_11.png\",\"width\":1024,\"height\":1024,\"caption\":\"Social Design Magazine\"},\"image\":{\"@id\":\"https:\/\/socialdesignmagazine.com\/mag\/#\/schema\/logo\/image\/\"},\"sameAs\":[\"https:\/\/www.facebook.com\/socialdesignmag\",\"https:\/\/x.com\/socialdesignmag\",\"http:\/\/instagram.com\/social_design_magazine\/\",\"http:\/\/pinterest.com\/socialdesignmag\/\",\"http:\/\/www.youtube.com\/user\/socialdesignmagazine\"]},{\"@type\":\"Person\",\"@id\":\"https:\/\/socialdesignmagazine.com\/mag\/#\/schema\/person\/61e20205cc363c315e6aabd33a045846\",\"name\":\"Benedetto Fiori\",\"image\":{\"@type\":\"ImageObject\",\"inLanguage\":\"it-IT\",\"@id\":\"https:\/\/secure.gravatar.com\/avatar\/450a48cefa36da63d920ad70aa660bd10725b1c6093800242e5efdb397759033?s=96&d=mm&r=g\",\"url\":\"https:\/\/secure.gravatar.com\/avatar\/450a48cefa36da63d920ad70aa660bd10725b1c6093800242e5efdb397759033?s=96&d=mm&r=g\",\"contentUrl\":\"https:\/\/secure.gravatar.com\/avatar\/450a48cefa36da63d920ad70aa660bd10725b1c6093800242e5efdb397759033?s=96&d=mm&r=g\",\"caption\":\"Benedetto Fiori\"},\"description\":\"Web | Twitter | Facebook | Shutterstock Founder &amp; Editor in Chief di Social Design Magazine. Attratto da sempre da tutto ci\u00f2 che \u00e8 creativit\u00e0, design, architettura. Dopo aver studiato Architettura all'Universit\u00e0 di Firenze, si \u00e8 impegnato in molteplici campi: comunicazione grafica, progettazione di allestimenti fieristici, brand design, Interior Design.\",\"sameAs\":[\"http:\/\/benedettofiori.com\",\"https:\/\/www.facebook.com\/benedettofiori\",\"https:\/\/x.com\/benedettofiori\"],\"url\":\"https:\/\/socialdesignmagazine.com\/mag\/author\/benedetto\/\"}]}<\/script>\n<!-- \/ Yoast SEO plugin. -->","yoast_head_json":{"title":"Inspire \/ Foscarini a Superstudio Pi\u00f9, Milano Design Week 2012 - Social Design Magazine","description":"Ascoltare, guardare, immaginare, sognare. Gocce d'acqua, un'eclisse, un'esplosione, il soffio del vento, fili d'erba che ondeggiano alla brezza, il mare del nord in tempesta. Atmosfere che svelano il linguaggio degli oggetti e la loro storia.","robots":{"index":"index","follow":"follow","max-snippet":"max-snippet:-1","max-image-preview":"max-image-preview:large","max-video-preview":"max-video-preview:-1"},"canonical":"https:\/\/socialdesignmagazine.com\/mag\/design\/inspire-foscarini-a-superstudio-piu-milano-design-week-2012\/","og_locale":"it_IT","og_type":"article","og_title":"Inspire \/ Foscarini a Superstudio Pi\u00f9, Milano Design Week 2012 - Social Design Magazine","og_description":"Ascoltare, guardare, immaginare, sognare. Gocce d'acqua, un'eclisse, un'esplosione, il soffio del vento, fili d'erba che ondeggiano alla brezza, il mare del nord in tempesta. Atmosfere che svelano il linguaggio degli oggetti e la loro storia.","og_url":"https:\/\/socialdesignmagazine.com\/mag\/design\/inspire-foscarini-a-superstudio-piu-milano-design-week-2012\/","og_site_name":"Social Design Magazine","article_publisher":"https:\/\/www.facebook.com\/socialdesignmag","article_author":"https:\/\/www.facebook.com\/benedettofiori","article_published_time":"2012-04-16T05:00:00+00:00","article_modified_time":"2024-05-12T19:19:21+00:00","og_image":[{"width":720,"height":457,"url":"https:\/\/socialdesignmagazine.com\/mag\/wp-content\/uploads\/2012\/04\/benedetto_foscarini_inspire_image001.jpg","type":"image\/jpeg"}],"author":"Benedetto Fiori","twitter_card":"summary_large_image","twitter_creator":"@benedettofiori","twitter_site":"@socialdesignmag","twitter_misc":{"Scritto da":"Benedetto Fiori","Tempo di lettura stimato":"3 minuti"},"schema":{"@context":"https:\/\/schema.org","@graph":[{"@type":"Article","@id":"https:\/\/socialdesignmagazine.com\/mag\/design\/inspire-foscarini-a-superstudio-piu-milano-design-week-2012\/#article","isPartOf":{"@id":"https:\/\/socialdesignmagazine.com\/mag\/design\/inspire-foscarini-a-superstudio-piu-milano-design-week-2012\/"},"author":{"name":"Benedetto Fiori","@id":"https:\/\/socialdesignmagazine.com\/mag\/#\/schema\/person\/61e20205cc363c315e6aabd33a045846"},"headline":"Inspire \/ Foscarini a Superstudio Pi\u00f9, Milano Design Week 2012","datePublished":"2012-04-16T05:00:00+00:00","dateModified":"2024-05-12T19:19:21+00:00","mainEntityOfPage":{"@id":"https:\/\/socialdesignmagazine.com\/mag\/design\/inspire-foscarini-a-superstudio-piu-milano-design-week-2012\/"},"wordCount":197,"commentCount":0,"publisher":{"@id":"https:\/\/socialdesignmagazine.com\/mag\/#organization"},"image":{"@id":"https:\/\/socialdesignmagazine.com\/mag\/design\/inspire-foscarini-a-superstudio-piu-milano-design-week-2012\/#primaryimage"},"thumbnailUrl":"https:\/\/socialdesignmagazine.com\/mag\/wp-content\/uploads\/2012\/04\/benedetto_foscarini_inspire_image001.jpg","keywords":["foscarini","fuorisalone 2012","illuminazione","salone del mobile 2012 milano","superstudio pi\u00f9"],"articleSection":["Design"],"inLanguage":"it-IT","potentialAction":[{"@type":"CommentAction","name":"Comment","target":["https:\/\/socialdesignmagazine.com\/mag\/design\/inspire-foscarini-a-superstudio-piu-milano-design-week-2012\/#respond"]}]},{"@type":"WebPage","@id":"https:\/\/socialdesignmagazine.com\/mag\/design\/inspire-foscarini-a-superstudio-piu-milano-design-week-2012\/","url":"https:\/\/socialdesignmagazine.com\/mag\/design\/inspire-foscarini-a-superstudio-piu-milano-design-week-2012\/","name":"Inspire \/ Foscarini a Superstudio Pi\u00f9, Milano Design Week 2012 - Social Design Magazine","isPartOf":{"@id":"https:\/\/socialdesignmagazine.com\/mag\/#website"},"primaryImageOfPage":{"@id":"https:\/\/socialdesignmagazine.com\/mag\/design\/inspire-foscarini-a-superstudio-piu-milano-design-week-2012\/#primaryimage"},"image":{"@id":"https:\/\/socialdesignmagazine.com\/mag\/design\/inspire-foscarini-a-superstudio-piu-milano-design-week-2012\/#primaryimage"},"thumbnailUrl":"https:\/\/socialdesignmagazine.com\/mag\/wp-content\/uploads\/2012\/04\/benedetto_foscarini_inspire_image001.jpg","datePublished":"2012-04-16T05:00:00+00:00","dateModified":"2024-05-12T19:19:21+00:00","description":"Ascoltare, guardare, immaginare, sognare. Gocce d'acqua, un'eclisse, un'esplosione, il soffio del vento, fili d'erba che ondeggiano alla brezza, il mare del nord in tempesta. Atmosfere che svelano il linguaggio degli oggetti e la loro storia.","breadcrumb":{"@id":"https:\/\/socialdesignmagazine.com\/mag\/design\/inspire-foscarini-a-superstudio-piu-milano-design-week-2012\/#breadcrumb"},"inLanguage":"it-IT","potentialAction":[{"@type":"ReadAction","target":["https:\/\/socialdesignmagazine.com\/mag\/design\/inspire-foscarini-a-superstudio-piu-milano-design-week-2012\/"]}]},{"@type":"ImageObject","inLanguage":"it-IT","@id":"https:\/\/socialdesignmagazine.com\/mag\/design\/inspire-foscarini-a-superstudio-piu-milano-design-week-2012\/#primaryimage","url":"https:\/\/socialdesignmagazine.com\/mag\/wp-content\/uploads\/2012\/04\/benedetto_foscarini_inspire_image001.jpg","contentUrl":"https:\/\/socialdesignmagazine.com\/mag\/wp-content\/uploads\/2012\/04\/benedetto_foscarini_inspire_image001.jpg","width":720,"height":457,"caption":"image001"},{"@type":"BreadcrumbList","@id":"https:\/\/socialdesignmagazine.com\/mag\/design\/inspire-foscarini-a-superstudio-piu-milano-design-week-2012\/#breadcrumb","itemListElement":[{"@type":"ListItem","position":1,"name":"Home","item":"https:\/\/socialdesignmagazine.com\/mag\/"},{"@type":"ListItem","position":2,"name":"Design","item":"https:\/\/socialdesignmagazine.com\/mag\/design\/"},{"@type":"ListItem","position":3,"name":"Inspire \/ Foscarini a Superstudio Pi\u00f9, Milano Design Week 2012"}]},{"@type":"WebSite","@id":"https:\/\/socialdesignmagazine.com\/mag\/#website","url":"https:\/\/socialdesignmagazine.com\/mag\/","name":"Social Design Magazine","description":"Social Magazine su Design, Architettura, Arte, Grafica","publisher":{"@id":"https:\/\/socialdesignmagazine.com\/mag\/#organization"},"potentialAction":[{"@type":"SearchAction","target":{"@type":"EntryPoint","urlTemplate":"https:\/\/socialdesignmagazine.com\/mag\/?s={search_term_string}"},"query-input":{"@type":"PropertyValueSpecification","valueRequired":true,"valueName":"search_term_string"}}],"inLanguage":"it-IT"},{"@type":"Organization","@id":"https:\/\/socialdesignmagazine.com\/mag\/#organization","name":"Social Design Magazine","url":"https:\/\/socialdesignmagazine.com\/mag\/","logo":{"@type":"ImageObject","inLanguage":"it-IT","@id":"https:\/\/socialdesignmagazine.com\/mag\/#\/schema\/logo\/image\/","url":"https:\/\/socialdesignmagazine.com\/mag\/wp-content\/uploads\/2017\/01\/logo_favicon_11.png","contentUrl":"https:\/\/socialdesignmagazine.com\/mag\/wp-content\/uploads\/2017\/01\/logo_favicon_11.png","width":1024,"height":1024,"caption":"Social Design Magazine"},"image":{"@id":"https:\/\/socialdesignmagazine.com\/mag\/#\/schema\/logo\/image\/"},"sameAs":["https:\/\/www.facebook.com\/socialdesignmag","https:\/\/x.com\/socialdesignmag","http:\/\/instagram.com\/social_design_magazine\/","http:\/\/pinterest.com\/socialdesignmag\/","http:\/\/www.youtube.com\/user\/socialdesignmagazine"]},{"@type":"Person","@id":"https:\/\/socialdesignmagazine.com\/mag\/#\/schema\/person\/61e20205cc363c315e6aabd33a045846","name":"Benedetto Fiori","image":{"@type":"ImageObject","inLanguage":"it-IT","@id":"https:\/\/secure.gravatar.com\/avatar\/450a48cefa36da63d920ad70aa660bd10725b1c6093800242e5efdb397759033?s=96&d=mm&r=g","url":"https:\/\/secure.gravatar.com\/avatar\/450a48cefa36da63d920ad70aa660bd10725b1c6093800242e5efdb397759033?s=96&d=mm&r=g","contentUrl":"https:\/\/secure.gravatar.com\/avatar\/450a48cefa36da63d920ad70aa660bd10725b1c6093800242e5efdb397759033?s=96&d=mm&r=g","caption":"Benedetto Fiori"},"description":"Web | Twitter | Facebook | Shutterstock Founder &amp; Editor in Chief di Social Design Magazine. Attratto da sempre da tutto ci\u00f2 che \u00e8 creativit\u00e0, design, architettura. Dopo aver studiato Architettura all'Universit\u00e0 di Firenze, si \u00e8 impegnato in molteplici campi: comunicazione grafica, progettazione di allestimenti fieristici, brand design, Interior Design.","sameAs":["http:\/\/benedettofiori.com","https:\/\/www.facebook.com\/benedettofiori","https:\/\/x.com\/benedettofiori"],"url":"https:\/\/socialdesignmagazine.com\/mag\/author\/benedetto\/"}]}},"jetpack_featured_media_url":"https:\/\/socialdesignmagazine.com\/mag\/wp-content\/uploads\/2012\/04\/benedetto_foscarini_inspire_image001.jpg","jetpack_sharing_enabled":true,"jetpack_shortlink":"https:\/\/wp.me\/p6cV7V-ay","gt_translate_keys":[{"key":"link","format":"url"}],"_links":{"self":[{"href":"https:\/\/socialdesignmagazine.com\/mag\/wp-json\/wp\/v2\/posts\/654","targetHints":{"allow":["GET"]}}],"collection":[{"href":"https:\/\/socialdesignmagazine.com\/mag\/wp-json\/wp\/v2\/posts"}],"about":[{"href":"https:\/\/socialdesignmagazine.com\/mag\/wp-json\/wp\/v2\/types\/post"}],"author":[{"embeddable":true,"href":"https:\/\/socialdesignmagazine.com\/mag\/wp-json\/wp\/v2\/users\/1"}],"replies":[{"embeddable":true,"href":"https:\/\/socialdesignmagazine.com\/mag\/wp-json\/wp\/v2\/comments?post=654"}],"version-history":[{"count":1,"href":"https:\/\/socialdesignmagazine.com\/mag\/wp-json\/wp\/v2\/posts\/654\/revisions"}],"predecessor-version":[{"id":59778,"href":"https:\/\/socialdesignmagazine.com\/mag\/wp-json\/wp\/v2\/posts\/654\/revisions\/59778"}],"wp:featuredmedia":[{"embeddable":true,"href":"https:\/\/socialdesignmagazine.com\/mag\/wp-json\/wp\/v2\/media\/7645"}],"wp:attachment":[{"href":"https:\/\/socialdesignmagazine.com\/mag\/wp-json\/wp\/v2\/media?parent=654"}],"wp:term":[{"taxonomy":"category","embeddable":true,"href":"https:\/\/socialdesignmagazine.com\/mag\/wp-json\/wp\/v2\/categories?post=654"},{"taxonomy":"post_tag","embeddable":true,"href":"https:\/\/socialdesignmagazine.com\/mag\/wp-json\/wp\/v2\/tags?post=654"}],"curies":[{"name":"wp","href":"https:\/\/api.w.org\/{rel}","templated":true}]}}