{"id":660,"date":"2012-04-14T11:00:00","date_gmt":"2012-04-14T09:00:00","guid":{"rendered":"https:\/\/socialdesignmagazine.com\/mag\/s6-design\/c35-design\/design-of-mind-poliuretano-e-gli-studenti-dellaccademia-di-brera-e-del-naba-in-mostra-tra-arte-e-design-al-fuorisalone-2012\/"},"modified":"2024-05-12T21:10:57","modified_gmt":"2024-05-12T19:10:57","slug":"design-of-mind-poliuretano-e-gli-studenti-dellaccademia-di-brera-e-del-naba-in-mostra-tra-arte-e-design-al-fuorisalone-2012","status":"publish","type":"post","link":"https:\/\/socialdesignmagazine.com\/mag\/design\/design-of-mind-poliuretano-e-gli-studenti-dellaccademia-di-brera-e-del-naba-in-mostra-tra-arte-e-design-al-fuorisalone-2012\/","title":{"rendered":"Design of mind, poliuretano \u00e8. Gli studenti dell\u2019Accademia di Brera e del Naba in mostra tra arte e design al Fuorisalone 2012","gt_translate_keys":[{"key":"rendered","format":"text"}]},"content":{"rendered":"\n<p>\u201cDesign of Mind, Poliuretano \u00e8\u201d\u00a0 dal 17 al 22 Aprile 2012,\u00a0 una mostra di 11 studenti dell\u2019Accademia di Brera e del Naba, che si sono confrontati sul tema degli oggetti per la casa contemporanea, combinando arte e design, oggetti e dipinti, nonch\u00e9 ricerca sui materiali, creativit\u00e0 artistica ed innovazione progettuale.<br>L\u2019esposizione, che si tiene nella hall dell\u2019Hotel Nhow di via Tortona al centro di una delle zone pi\u00f9 importanti del Fuori Salone milanese, \u00e8 promossa dall&#8217;agenzia di comunicazione <a class=\"jcepopup\" href=\"http:\/\/www.encanto.biz\/\" rel=\"nofollow\">&#8220;Encanto&#8221;<\/a> e da <a class=\"jcepopup\" href=\"http:\/\/www.poliuretano-e.it\/\" rel=\"nofollow\">&#8220;Poliuretano \u00e9&#8221;<\/a> e presenta al pubblico sia oggetti di design sia sculture e dipinti in una scenografia sospesa e realizzata in poliuretano che accompagna i visitatori all\u2019interno di un percorso multimediale.<\/p>\n\n\n<div class=\"wp-block-image\">\n<figure class=\"aligncenter\"><img loading=\"lazy\" decoding=\"async\" width=\"720\" height=\"991\" data-attachment-id=\"7680\" data-permalink=\"https:\/\/socialdesignmagazine.com\/mag\/design\/design-of-mind-poliuretano-e-gli-studenti-dellaccademia-di-brera-e-del-naba-in-mostra-tra-arte-e-design-al-fuorisalone-2012\/attachment\/getinline2-3\/#content\" data-orig-file=\"https:\/\/socialdesignmagazine.com\/mag\/wp-content\/uploads\/2012\/04\/users_jessy_Design_of_mind_poliuretano_._Gli_studenti_dellAccademia_di_Brera_e_del_Naba_in_mostra_tra_arte_e_design_al_Fuorisalone_2012_GetInline2.jpg\" data-orig-size=\"720,991\" data-comments-opened=\"1\" data-image-meta=\"{&quot;aperture&quot;:&quot;0&quot;,&quot;credit&quot;:&quot;&quot;,&quot;camera&quot;:&quot;&quot;,&quot;caption&quot;:&quot;&quot;,&quot;created_timestamp&quot;:&quot;0&quot;,&quot;copyright&quot;:&quot;&quot;,&quot;focal_length&quot;:&quot;0&quot;,&quot;iso&quot;:&quot;0&quot;,&quot;shutter_speed&quot;:&quot;0&quot;,&quot;title&quot;:&quot;&quot;,&quot;orientation&quot;:&quot;0&quot;}\" data-image-title=\"GetInline2\" data-image-description=\"\" data-image-caption=\"\" data-medium-file=\"https:\/\/socialdesignmagazine.com\/mag\/wp-content\/uploads\/2012\/04\/users_jessy_Design_of_mind_poliuretano_._Gli_studenti_dellAccademia_di_Brera_e_del_Naba_in_mostra_tra_arte_e_design_al_Fuorisalone_2012_GetInline2-396x256.jpg\" data-large-file=\"https:\/\/socialdesignmagazine.com\/mag\/wp-content\/uploads\/2012\/04\/users_jessy_Design_of_mind_poliuretano_._Gli_studenti_dellAccademia_di_Brera_e_del_Naba_in_mostra_tra_arte_e_design_al_Fuorisalone_2012_GetInline2.jpg\" src=\"https:\/\/socialdesignmagazine.com\/mag\/wp-content\/uploads\/2012\/04\/users_jessy_Design_of_mind_poliuretano_._Gli_studenti_dellAccademia_di_Brera_e_del_Naba_in_mostra_tra_arte_e_design_al_Fuorisalone_2012_GetInline2.jpg\" alt=\"GetInline2\" class=\"wp-image-7680\"\/><\/figure>\n<\/div>\n\n\n<p>\u201cDesign Of Mind \u00e8 voglia di agire, di far parlare di s\u00e9 in questo caos che \u00e8 il mondo &#8211; spiega Karim Abdel, studente di design all&#8217;Accademia di Brera e promotore della mostra \u2013&nbsp; E questa iniziativa d\u00e0 la possibilit\u00e0 a me e ad altri giovani studenti di far conoscere al mondo le proprie espressioni artistiche senza esser criticati o giudicati. Il Fuori Salone predilige il design, ma io ho voluto creare le condizioni per far partecipare due processi creativi molto diversi tra loro: l\u2019arte e il design. L\u2019allestimento in poliuretano pone tutte le opere sullo stesso livello, perch\u00e9 il mio intento \u00e8 stato quello di realizzare un&#8217;atmosfera amorevole quasi a simboleggiare un abbraccio tra creativi provenienti da diversi indirizzi di studio, ma soprattutto da diverse nazioni e da diverse culture\u201d<\/p>\n\n\n\n<p>Design Of Mind prosegue la presenza di Poliuretano-\u00e8 all\u2019interno del Salone del Mobile 2012 che si completa con la partecipazione alla rassegna di Material Connexion presso Fiera Milano.<\/p>\n\n\n<div class=\"wp-block-image\">\n<figure class=\"aligncenter\"><img loading=\"lazy\" decoding=\"async\" width=\"720\" height=\"476\" data-attachment-id=\"7681\" data-permalink=\"https:\/\/socialdesignmagazine.com\/mag\/design\/design-of-mind-poliuretano-e-gli-studenti-dellaccademia-di-brera-e-del-naba-in-mostra-tra-arte-e-design-al-fuorisalone-2012\/attachment\/getinline3-3\/#content\" data-orig-file=\"https:\/\/socialdesignmagazine.com\/mag\/wp-content\/uploads\/2012\/04\/users_jessy_Design_of_mind_poliuretano_._Gli_studenti_dellAccademia_di_Brera_e_del_Naba_in_mostra_tra_arte_e_design_al_Fuorisalone_2012_GetInline3.jpg\" data-orig-size=\"720,476\" data-comments-opened=\"1\" data-image-meta=\"{&quot;aperture&quot;:&quot;0&quot;,&quot;credit&quot;:&quot;&quot;,&quot;camera&quot;:&quot;&quot;,&quot;caption&quot;:&quot;&quot;,&quot;created_timestamp&quot;:&quot;0&quot;,&quot;copyright&quot;:&quot;&quot;,&quot;focal_length&quot;:&quot;0&quot;,&quot;iso&quot;:&quot;0&quot;,&quot;shutter_speed&quot;:&quot;0&quot;,&quot;title&quot;:&quot;&quot;,&quot;orientation&quot;:&quot;0&quot;}\" data-image-title=\"GetInline3\" data-image-description=\"\" data-image-caption=\"\" data-medium-file=\"https:\/\/socialdesignmagazine.com\/mag\/wp-content\/uploads\/2012\/04\/users_jessy_Design_of_mind_poliuretano_._Gli_studenti_dellAccademia_di_Brera_e_del_Naba_in_mostra_tra_arte_e_design_al_Fuorisalone_2012_GetInline3-396x256.jpg\" data-large-file=\"https:\/\/socialdesignmagazine.com\/mag\/wp-content\/uploads\/2012\/04\/users_jessy_Design_of_mind_poliuretano_._Gli_studenti_dellAccademia_di_Brera_e_del_Naba_in_mostra_tra_arte_e_design_al_Fuorisalone_2012_GetInline3.jpg\" src=\"https:\/\/socialdesignmagazine.com\/mag\/wp-content\/uploads\/2012\/04\/users_jessy_Design_of_mind_poliuretano_._Gli_studenti_dellAccademia_di_Brera_e_del_Naba_in_mostra_tra_arte_e_design_al_Fuorisalone_2012_GetInline3.jpg\" alt=\"GetInline3\" class=\"wp-image-7681\" srcset=\"https:\/\/socialdesignmagazine.com\/mag\/wp-content\/uploads\/2012\/04\/users_jessy_Design_of_mind_poliuretano_._Gli_studenti_dellAccademia_di_Brera_e_del_Naba_in_mostra_tra_arte_e_design_al_Fuorisalone_2012_GetInline3.jpg 720w, https:\/\/socialdesignmagazine.com\/mag\/wp-content\/uploads\/2012\/04\/users_jessy_Design_of_mind_poliuretano_._Gli_studenti_dellAccademia_di_Brera_e_del_Naba_in_mostra_tra_arte_e_design_al_Fuorisalone_2012_GetInline3-100x66.jpg 100w\" sizes=\"auto, (max-width: 720px) 100vw, 720px\" \/><\/figure>\n<\/div>\n\n<div class=\"wp-block-image\">\n<figure class=\"aligncenter\"><img loading=\"lazy\" decoding=\"async\" width=\"720\" height=\"517\" data-attachment-id=\"7682\" data-permalink=\"https:\/\/socialdesignmagazine.com\/mag\/design\/design-of-mind-poliuretano-e-gli-studenti-dellaccademia-di-brera-e-del-naba-in-mostra-tra-arte-e-design-al-fuorisalone-2012\/attachment\/getinline4-3\/#content\" data-orig-file=\"https:\/\/socialdesignmagazine.com\/mag\/wp-content\/uploads\/2012\/04\/users_jessy_Design_of_mind_poliuretano_._Gli_studenti_dellAccademia_di_Brera_e_del_Naba_in_mostra_tra_arte_e_design_al_Fuorisalone_2012_GetInline4.jpg\" data-orig-size=\"720,517\" data-comments-opened=\"1\" data-image-meta=\"{&quot;aperture&quot;:&quot;0&quot;,&quot;credit&quot;:&quot;&quot;,&quot;camera&quot;:&quot;&quot;,&quot;caption&quot;:&quot;&quot;,&quot;created_timestamp&quot;:&quot;0&quot;,&quot;copyright&quot;:&quot;&quot;,&quot;focal_length&quot;:&quot;0&quot;,&quot;iso&quot;:&quot;0&quot;,&quot;shutter_speed&quot;:&quot;0&quot;,&quot;title&quot;:&quot;&quot;,&quot;orientation&quot;:&quot;0&quot;}\" data-image-title=\"GetInline4\" data-image-description=\"\" data-image-caption=\"\" data-medium-file=\"https:\/\/socialdesignmagazine.com\/mag\/wp-content\/uploads\/2012\/04\/users_jessy_Design_of_mind_poliuretano_._Gli_studenti_dellAccademia_di_Brera_e_del_Naba_in_mostra_tra_arte_e_design_al_Fuorisalone_2012_GetInline4-396x256.jpg\" data-large-file=\"https:\/\/socialdesignmagazine.com\/mag\/wp-content\/uploads\/2012\/04\/users_jessy_Design_of_mind_poliuretano_._Gli_studenti_dellAccademia_di_Brera_e_del_Naba_in_mostra_tra_arte_e_design_al_Fuorisalone_2012_GetInline4.jpg\" src=\"https:\/\/socialdesignmagazine.com\/mag\/wp-content\/uploads\/2012\/04\/users_jessy_Design_of_mind_poliuretano_._Gli_studenti_dellAccademia_di_Brera_e_del_Naba_in_mostra_tra_arte_e_design_al_Fuorisalone_2012_GetInline4.jpg\" alt=\"GetInline4\" class=\"wp-image-7682\"\/><\/figure>\n<\/div>\n\n<div class=\"wp-block-image\">\n<figure class=\"aligncenter\"><img loading=\"lazy\" decoding=\"async\" width=\"720\" height=\"404\" data-attachment-id=\"7683\" data-permalink=\"https:\/\/socialdesignmagazine.com\/mag\/design\/design-of-mind-poliuretano-e-gli-studenti-dellaccademia-di-brera-e-del-naba-in-mostra-tra-arte-e-design-al-fuorisalone-2012\/attachment\/getinline5-3\/#content\" data-orig-file=\"https:\/\/socialdesignmagazine.com\/mag\/wp-content\/uploads\/2012\/04\/users_jessy_Design_of_mind_poliuretano_._Gli_studenti_dellAccademia_di_Brera_e_del_Naba_in_mostra_tra_arte_e_design_al_Fuorisalone_2012_GetInline5.jpg\" data-orig-size=\"720,404\" data-comments-opened=\"1\" data-image-meta=\"{&quot;aperture&quot;:&quot;0&quot;,&quot;credit&quot;:&quot;&quot;,&quot;camera&quot;:&quot;&quot;,&quot;caption&quot;:&quot;&quot;,&quot;created_timestamp&quot;:&quot;0&quot;,&quot;copyright&quot;:&quot;&quot;,&quot;focal_length&quot;:&quot;0&quot;,&quot;iso&quot;:&quot;0&quot;,&quot;shutter_speed&quot;:&quot;0&quot;,&quot;title&quot;:&quot;&quot;,&quot;orientation&quot;:&quot;0&quot;}\" data-image-title=\"GetInline5\" data-image-description=\"\" data-image-caption=\"\" data-medium-file=\"https:\/\/socialdesignmagazine.com\/mag\/wp-content\/uploads\/2012\/04\/users_jessy_Design_of_mind_poliuretano_._Gli_studenti_dellAccademia_di_Brera_e_del_Naba_in_mostra_tra_arte_e_design_al_Fuorisalone_2012_GetInline5-396x256.jpg\" data-large-file=\"https:\/\/socialdesignmagazine.com\/mag\/wp-content\/uploads\/2012\/04\/users_jessy_Design_of_mind_poliuretano_._Gli_studenti_dellAccademia_di_Brera_e_del_Naba_in_mostra_tra_arte_e_design_al_Fuorisalone_2012_GetInline5.jpg\" src=\"https:\/\/socialdesignmagazine.com\/mag\/wp-content\/uploads\/2012\/04\/users_jessy_Design_of_mind_poliuretano_._Gli_studenti_dellAccademia_di_Brera_e_del_Naba_in_mostra_tra_arte_e_design_al_Fuorisalone_2012_GetInline5.jpg\" alt=\"GetInline5\" class=\"wp-image-7683\"\/><\/figure>\n<\/div>\n\n<div class=\"wp-block-image\">\n<figure class=\"aligncenter\"><img loading=\"lazy\" decoding=\"async\" width=\"720\" height=\"1138\" data-attachment-id=\"7684\" data-permalink=\"https:\/\/socialdesignmagazine.com\/mag\/design\/design-of-mind-poliuretano-e-gli-studenti-dellaccademia-di-brera-e-del-naba-in-mostra-tra-arte-e-design-al-fuorisalone-2012\/attachment\/getinline6-2\/#content\" data-orig-file=\"https:\/\/socialdesignmagazine.com\/mag\/wp-content\/uploads\/2012\/04\/users_jessy_Design_of_mind_poliuretano_._Gli_studenti_dellAccademia_di_Brera_e_del_Naba_in_mostra_tra_arte_e_design_al_Fuorisalone_2012_GetInline6.jpg\" data-orig-size=\"720,1138\" data-comments-opened=\"1\" data-image-meta=\"{&quot;aperture&quot;:&quot;0&quot;,&quot;credit&quot;:&quot;&quot;,&quot;camera&quot;:&quot;&quot;,&quot;caption&quot;:&quot;&quot;,&quot;created_timestamp&quot;:&quot;0&quot;,&quot;copyright&quot;:&quot;&quot;,&quot;focal_length&quot;:&quot;0&quot;,&quot;iso&quot;:&quot;0&quot;,&quot;shutter_speed&quot;:&quot;0&quot;,&quot;title&quot;:&quot;&quot;,&quot;orientation&quot;:&quot;0&quot;}\" data-image-title=\"GetInline6\" data-image-description=\"\" data-image-caption=\"\" data-medium-file=\"https:\/\/socialdesignmagazine.com\/mag\/wp-content\/uploads\/2012\/04\/users_jessy_Design_of_mind_poliuretano_._Gli_studenti_dellAccademia_di_Brera_e_del_Naba_in_mostra_tra_arte_e_design_al_Fuorisalone_2012_GetInline6-396x256.jpg\" data-large-file=\"https:\/\/socialdesignmagazine.com\/mag\/wp-content\/uploads\/2012\/04\/users_jessy_Design_of_mind_poliuretano_._Gli_studenti_dellAccademia_di_Brera_e_del_Naba_in_mostra_tra_arte_e_design_al_Fuorisalone_2012_GetInline6.jpg\" src=\"https:\/\/socialdesignmagazine.com\/mag\/wp-content\/uploads\/2012\/04\/users_jessy_Design_of_mind_poliuretano_._Gli_studenti_dellAccademia_di_Brera_e_del_Naba_in_mostra_tra_arte_e_design_al_Fuorisalone_2012_GetInline6.jpg\" alt=\"GetInline6\" class=\"wp-image-7684\"\/><\/figure>\n<\/div>\n\n<div class=\"wp-block-image\">\n<figure class=\"aligncenter\"><img loading=\"lazy\" decoding=\"async\" width=\"720\" height=\"479\" data-attachment-id=\"7685\" data-permalink=\"https:\/\/socialdesignmagazine.com\/mag\/design\/design-of-mind-poliuretano-e-gli-studenti-dellaccademia-di-brera-e-del-naba-in-mostra-tra-arte-e-design-al-fuorisalone-2012\/attachment\/getinline7\/#content\" data-orig-file=\"https:\/\/socialdesignmagazine.com\/mag\/wp-content\/uploads\/2012\/04\/users_jessy_Design_of_mind_poliuretano_._Gli_studenti_dellAccademia_di_Brera_e_del_Naba_in_mostra_tra_arte_e_design_al_Fuorisalone_2012_GetInline7.jpg\" data-orig-size=\"720,479\" data-comments-opened=\"1\" data-image-meta=\"{&quot;aperture&quot;:&quot;0&quot;,&quot;credit&quot;:&quot;&quot;,&quot;camera&quot;:&quot;&quot;,&quot;caption&quot;:&quot;&quot;,&quot;created_timestamp&quot;:&quot;0&quot;,&quot;copyright&quot;:&quot;&quot;,&quot;focal_length&quot;:&quot;0&quot;,&quot;iso&quot;:&quot;0&quot;,&quot;shutter_speed&quot;:&quot;0&quot;,&quot;title&quot;:&quot;&quot;,&quot;orientation&quot;:&quot;0&quot;}\" data-image-title=\"GetInline7\" data-image-description=\"\" data-image-caption=\"\" data-medium-file=\"https:\/\/socialdesignmagazine.com\/mag\/wp-content\/uploads\/2012\/04\/users_jessy_Design_of_mind_poliuretano_._Gli_studenti_dellAccademia_di_Brera_e_del_Naba_in_mostra_tra_arte_e_design_al_Fuorisalone_2012_GetInline7-396x256.jpg\" data-large-file=\"https:\/\/socialdesignmagazine.com\/mag\/wp-content\/uploads\/2012\/04\/users_jessy_Design_of_mind_poliuretano_._Gli_studenti_dellAccademia_di_Brera_e_del_Naba_in_mostra_tra_arte_e_design_al_Fuorisalone_2012_GetInline7.jpg\" src=\"https:\/\/socialdesignmagazine.com\/mag\/wp-content\/uploads\/2012\/04\/users_jessy_Design_of_mind_poliuretano_._Gli_studenti_dellAccademia_di_Brera_e_del_Naba_in_mostra_tra_arte_e_design_al_Fuorisalone_2012_GetInline7.jpg\" alt=\"GetInline7\" class=\"wp-image-7685\" srcset=\"https:\/\/socialdesignmagazine.com\/mag\/wp-content\/uploads\/2012\/04\/users_jessy_Design_of_mind_poliuretano_._Gli_studenti_dellAccademia_di_Brera_e_del_Naba_in_mostra_tra_arte_e_design_al_Fuorisalone_2012_GetInline7.jpg 720w, https:\/\/socialdesignmagazine.com\/mag\/wp-content\/uploads\/2012\/04\/users_jessy_Design_of_mind_poliuretano_._Gli_studenti_dellAccademia_di_Brera_e_del_Naba_in_mostra_tra_arte_e_design_al_Fuorisalone_2012_GetInline7-100x66.jpg 100w\" sizes=\"auto, (max-width: 720px) 100vw, 720px\" \/><\/figure>\n<\/div>\n\n<div class=\"wp-block-image\">\n<figure class=\"aligncenter\"><img loading=\"lazy\" decoding=\"async\" width=\"720\" height=\"480\" data-attachment-id=\"7686\" data-permalink=\"https:\/\/socialdesignmagazine.com\/mag\/design\/design-of-mind-poliuretano-e-gli-studenti-dellaccademia-di-brera-e-del-naba-in-mostra-tra-arte-e-design-al-fuorisalone-2012\/attachment\/getinline8\/#content\" data-orig-file=\"https:\/\/socialdesignmagazine.com\/mag\/wp-content\/uploads\/2012\/04\/users_jessy_Design_of_mind_poliuretano_._Gli_studenti_dellAccademia_di_Brera_e_del_Naba_in_mostra_tra_arte_e_design_al_Fuorisalone_2012_GetInline8.jpg\" data-orig-size=\"720,480\" data-comments-opened=\"1\" data-image-meta=\"{&quot;aperture&quot;:&quot;0&quot;,&quot;credit&quot;:&quot;&quot;,&quot;camera&quot;:&quot;&quot;,&quot;caption&quot;:&quot;&quot;,&quot;created_timestamp&quot;:&quot;0&quot;,&quot;copyright&quot;:&quot;&quot;,&quot;focal_length&quot;:&quot;0&quot;,&quot;iso&quot;:&quot;0&quot;,&quot;shutter_speed&quot;:&quot;0&quot;,&quot;title&quot;:&quot;&quot;,&quot;orientation&quot;:&quot;0&quot;}\" data-image-title=\"GetInline8\" data-image-description=\"\" data-image-caption=\"\" data-medium-file=\"https:\/\/socialdesignmagazine.com\/mag\/wp-content\/uploads\/2012\/04\/users_jessy_Design_of_mind_poliuretano_._Gli_studenti_dellAccademia_di_Brera_e_del_Naba_in_mostra_tra_arte_e_design_al_Fuorisalone_2012_GetInline8-396x256.jpg\" data-large-file=\"https:\/\/socialdesignmagazine.com\/mag\/wp-content\/uploads\/2012\/04\/users_jessy_Design_of_mind_poliuretano_._Gli_studenti_dellAccademia_di_Brera_e_del_Naba_in_mostra_tra_arte_e_design_al_Fuorisalone_2012_GetInline8.jpg\" src=\"https:\/\/socialdesignmagazine.com\/mag\/wp-content\/uploads\/2012\/04\/users_jessy_Design_of_mind_poliuretano_._Gli_studenti_dellAccademia_di_Brera_e_del_Naba_in_mostra_tra_arte_e_design_al_Fuorisalone_2012_GetInline8.jpg\" alt=\"GetInline8\" class=\"wp-image-7686\" srcset=\"https:\/\/socialdesignmagazine.com\/mag\/wp-content\/uploads\/2012\/04\/users_jessy_Design_of_mind_poliuretano_._Gli_studenti_dellAccademia_di_Brera_e_del_Naba_in_mostra_tra_arte_e_design_al_Fuorisalone_2012_GetInline8.jpg 720w, https:\/\/socialdesignmagazine.com\/mag\/wp-content\/uploads\/2012\/04\/users_jessy_Design_of_mind_poliuretano_._Gli_studenti_dellAccademia_di_Brera_e_del_Naba_in_mostra_tra_arte_e_design_al_Fuorisalone_2012_GetInline8-100x66.jpg 100w\" sizes=\"auto, (max-width: 720px) 100vw, 720px\" \/><\/figure>\n<\/div>","protected":false,"gt_translate_keys":[{"key":"rendered","format":"html"}]},"excerpt":{"rendered":"<p>\u201cDesign of Mind, Poliuretano \u00e8\u201d\u00a0 dal 17 al 22 Aprile 2012,\u00a0 una mostra di 11 studenti dell\u2019Accademia di Brera e del Naba, che si sono confrontati sul tema degli oggetti per la casa contemporanea, combinando arte e design, oggetti e dipinti, nonch\u00e9 ricerca sui materiali, creativit\u00e0 artistica ed innovazione progettuale.<\/p>\n","protected":false,"gt_translate_keys":[{"key":"rendered","format":"html"}]},"author":6,"featured_media":7679,"comment_status":"open","ping_status":"open","sticky":false,"template":"","format":"standard","meta":{"jetpack_post_was_ever_published":false,"_jetpack_newsletter_access":"","_jetpack_dont_email_post_to_subs":false,"_jetpack_newsletter_tier_id":0,"_jetpack_memberships_contains_paywalled_content":false,"_jetpack_memberships_contains_paid_content":false,"footnotes":"","_wpscppro_dont_share_socialmedia":false,"_wpscppro_custom_social_share_image":0,"_facebook_share_type":"","_twitter_share_type":"","_linkedin_share_type":"","_pinterest_share_type":"","_linkedin_share_type_page":"","_instagram_share_type":"","_medium_share_type":"","_threads_share_type":"","_google_business_share_type":"","_selected_social_profile":[],"_wpsp_enable_custom_social_template":false,"_wpsp_social_scheduling":{"enabled":false,"datetime":null,"platforms":[],"status":"template_only","dateOption":"today","timeOption":"now","customDays":"","customHours":"","customDate":"","customTime":"","schedulingType":"absolute"},"_wpsp_active_default_template":true},"categories":[13],"tags":[1879,1918,2053,1866],"class_list":["post-660","post","type-post","status-publish","format-standard","has-post-thumbnail","hentry","category-design","tag-exibition","tag-fuorisalone-2012","tag-poliuretano","tag-salone-del-mobile-2012-milano"],"yoast_head":"<!-- This site is optimized with the Yoast SEO plugin v27.2 - https:\/\/yoast.com\/product\/yoast-seo-wordpress\/ -->\n<title>Design of mind, poliuretano \u00e8. Gli studenti dell\u2019Accademia di Brera e del Naba in mostra tra arte e design al Fuorisalone 2012 - Social Design Magazine<\/title>\n<meta name=\"description\" content=\"\u201cDesign of Mind, Poliuretano \u00e8\u201d\u00a0 dal 17 al 22 Aprile 2012,\u00a0 una mostra di 11 studenti dell\u2019Accademia di Brera e del Naba, che si sono confrontati sul tema degli oggetti per la casa contemporanea, combinando arte e design, oggetti e dipinti, nonch\u00e9 ricerca sui materiali, creativit\u00e0 artistica ed innovazione progettuale.\" \/>\n<meta name=\"robots\" content=\"index, follow, max-snippet:-1, max-image-preview:large, max-video-preview:-1\" \/>\n<link rel=\"canonical\" href=\"https:\/\/socialdesignmagazine.com\/mag\/design\/design-of-mind-poliuretano-e-gli-studenti-dellaccademia-di-brera-e-del-naba-in-mostra-tra-arte-e-design-al-fuorisalone-2012\/\" \/>\n<meta property=\"og:locale\" content=\"it_IT\" \/>\n<meta property=\"og:type\" content=\"article\" \/>\n<meta property=\"og:title\" content=\"Design of mind, poliuretano \u00e8. Gli studenti dell\u2019Accademia di Brera e del Naba in mostra tra arte e design al Fuorisalone 2012 - Social Design Magazine\" \/>\n<meta property=\"og:description\" content=\"\u201cDesign of Mind, Poliuretano \u00e8\u201d\u00a0 dal 17 al 22 Aprile 2012,\u00a0 una mostra di 11 studenti dell\u2019Accademia di Brera e del Naba, che si sono confrontati sul tema degli oggetti per la casa contemporanea, combinando arte e design, oggetti e dipinti, nonch\u00e9 ricerca sui materiali, creativit\u00e0 artistica ed innovazione progettuale.\" \/>\n<meta property=\"og:url\" content=\"https:\/\/socialdesignmagazine.com\/mag\/design\/design-of-mind-poliuretano-e-gli-studenti-dellaccademia-di-brera-e-del-naba-in-mostra-tra-arte-e-design-al-fuorisalone-2012\/\" \/>\n<meta property=\"og:site_name\" content=\"Social Design Magazine\" \/>\n<meta property=\"article:publisher\" content=\"https:\/\/www.facebook.com\/socialdesignmag\" \/>\n<meta property=\"article:published_time\" content=\"2012-04-14T09:00:00+00:00\" \/>\n<meta property=\"article:modified_time\" content=\"2024-05-12T19:10:57+00:00\" \/>\n<meta property=\"og:image\" content=\"https:\/\/socialdesignmagazine.com\/mag\/wp-content\/uploads\/2012\/04\/users_jessy_Design_of_mind_poliuretano_._Gli_studenti_dellAccademia_di_Brera_e_del_Naba_in_mostra_tra_arte_e_design_al_Fuorisalone_2012_Design-Of-Mind-Poliuretano-E27---Salone-2012-low.jpg\" \/>\n\t<meta property=\"og:image:width\" content=\"720\" \/>\n\t<meta property=\"og:image:height\" content=\"458\" \/>\n\t<meta property=\"og:image:type\" content=\"image\/jpeg\" \/>\n<meta name=\"author\" content=\"jessica zannori\" \/>\n<meta name=\"twitter:card\" content=\"summary_large_image\" \/>\n<meta name=\"twitter:creator\" content=\"@socialdesignmag\" \/>\n<meta name=\"twitter:site\" content=\"@socialdesignmag\" \/>\n<meta name=\"twitter:label1\" content=\"Scritto da\" \/>\n\t<meta name=\"twitter:data1\" content=\"jessica zannori\" \/>\n\t<meta name=\"twitter:label2\" content=\"Tempo di lettura stimato\" \/>\n\t<meta name=\"twitter:data2\" content=\"4 minuti\" \/>\n<script type=\"application\/ld+json\" class=\"yoast-schema-graph\">{\"@context\":\"https:\/\/schema.org\",\"@graph\":[{\"@type\":\"Article\",\"@id\":\"https:\/\/socialdesignmagazine.com\/mag\/design\/design-of-mind-poliuretano-e-gli-studenti-dellaccademia-di-brera-e-del-naba-in-mostra-tra-arte-e-design-al-fuorisalone-2012\/#article\",\"isPartOf\":{\"@id\":\"https:\/\/socialdesignmagazine.com\/mag\/design\/design-of-mind-poliuretano-e-gli-studenti-dellaccademia-di-brera-e-del-naba-in-mostra-tra-arte-e-design-al-fuorisalone-2012\/\"},\"author\":{\"name\":\"jessica zannori\",\"@id\":\"https:\/\/socialdesignmagazine.com\/mag\/#\/schema\/person\/f26aea2d68a722d5ed3a1ee93c92aba9\"},\"headline\":\"Design of mind, poliuretano \u00e8. Gli studenti dell\u2019Accademia di Brera e del Naba in mostra tra arte e design al Fuorisalone 2012\",\"datePublished\":\"2012-04-14T09:00:00+00:00\",\"dateModified\":\"2024-05-12T19:10:57+00:00\",\"mainEntityOfPage\":{\"@id\":\"https:\/\/socialdesignmagazine.com\/mag\/design\/design-of-mind-poliuretano-e-gli-studenti-dellaccademia-di-brera-e-del-naba-in-mostra-tra-arte-e-design-al-fuorisalone-2012\/\"},\"wordCount\":291,\"commentCount\":0,\"publisher\":{\"@id\":\"https:\/\/socialdesignmagazine.com\/mag\/#organization\"},\"image\":{\"@id\":\"https:\/\/socialdesignmagazine.com\/mag\/design\/design-of-mind-poliuretano-e-gli-studenti-dellaccademia-di-brera-e-del-naba-in-mostra-tra-arte-e-design-al-fuorisalone-2012\/#primaryimage\"},\"thumbnailUrl\":\"https:\/\/socialdesignmagazine.com\/mag\/wp-content\/uploads\/2012\/04\/users_jessy_Design_of_mind_poliuretano_._Gli_studenti_dellAccademia_di_Brera_e_del_Naba_in_mostra_tra_arte_e_design_al_Fuorisalone_2012_Design-Of-Mind-Poliuretano-E27---Salone-2012-low.jpg\",\"keywords\":[\"exibition\",\"fuorisalone 2012\",\"poliuretano\",\"salone del mobile 2012 milano\"],\"articleSection\":[\"Design\"],\"inLanguage\":\"it-IT\",\"potentialAction\":[{\"@type\":\"CommentAction\",\"name\":\"Comment\",\"target\":[\"https:\/\/socialdesignmagazine.com\/mag\/design\/design-of-mind-poliuretano-e-gli-studenti-dellaccademia-di-brera-e-del-naba-in-mostra-tra-arte-e-design-al-fuorisalone-2012\/#respond\"]}]},{\"@type\":\"WebPage\",\"@id\":\"https:\/\/socialdesignmagazine.com\/mag\/design\/design-of-mind-poliuretano-e-gli-studenti-dellaccademia-di-brera-e-del-naba-in-mostra-tra-arte-e-design-al-fuorisalone-2012\/\",\"url\":\"https:\/\/socialdesignmagazine.com\/mag\/design\/design-of-mind-poliuretano-e-gli-studenti-dellaccademia-di-brera-e-del-naba-in-mostra-tra-arte-e-design-al-fuorisalone-2012\/\",\"name\":\"Design of mind, poliuretano \u00e8. Gli studenti dell\u2019Accademia di Brera e del Naba in mostra tra arte e design al Fuorisalone 2012 - Social Design Magazine\",\"isPartOf\":{\"@id\":\"https:\/\/socialdesignmagazine.com\/mag\/#website\"},\"primaryImageOfPage\":{\"@id\":\"https:\/\/socialdesignmagazine.com\/mag\/design\/design-of-mind-poliuretano-e-gli-studenti-dellaccademia-di-brera-e-del-naba-in-mostra-tra-arte-e-design-al-fuorisalone-2012\/#primaryimage\"},\"image\":{\"@id\":\"https:\/\/socialdesignmagazine.com\/mag\/design\/design-of-mind-poliuretano-e-gli-studenti-dellaccademia-di-brera-e-del-naba-in-mostra-tra-arte-e-design-al-fuorisalone-2012\/#primaryimage\"},\"thumbnailUrl\":\"https:\/\/socialdesignmagazine.com\/mag\/wp-content\/uploads\/2012\/04\/users_jessy_Design_of_mind_poliuretano_._Gli_studenti_dellAccademia_di_Brera_e_del_Naba_in_mostra_tra_arte_e_design_al_Fuorisalone_2012_Design-Of-Mind-Poliuretano-E27---Salone-2012-low.jpg\",\"datePublished\":\"2012-04-14T09:00:00+00:00\",\"dateModified\":\"2024-05-12T19:10:57+00:00\",\"description\":\"\u201cDesign of Mind, Poliuretano \u00e8\u201d\u00a0 dal 17 al 22 Aprile 2012,\u00a0 una mostra di 11 studenti dell\u2019Accademia di Brera e del Naba, che si sono confrontati sul tema degli oggetti per la casa contemporanea, combinando arte e design, oggetti e dipinti, nonch\u00e9 ricerca sui materiali, creativit\u00e0 artistica ed innovazione progettuale.\",\"breadcrumb\":{\"@id\":\"https:\/\/socialdesignmagazine.com\/mag\/design\/design-of-mind-poliuretano-e-gli-studenti-dellaccademia-di-brera-e-del-naba-in-mostra-tra-arte-e-design-al-fuorisalone-2012\/#breadcrumb\"},\"inLanguage\":\"it-IT\",\"potentialAction\":[{\"@type\":\"ReadAction\",\"target\":[\"https:\/\/socialdesignmagazine.com\/mag\/design\/design-of-mind-poliuretano-e-gli-studenti-dellaccademia-di-brera-e-del-naba-in-mostra-tra-arte-e-design-al-fuorisalone-2012\/\"]}]},{\"@type\":\"ImageObject\",\"inLanguage\":\"it-IT\",\"@id\":\"https:\/\/socialdesignmagazine.com\/mag\/design\/design-of-mind-poliuretano-e-gli-studenti-dellaccademia-di-brera-e-del-naba-in-mostra-tra-arte-e-design-al-fuorisalone-2012\/#primaryimage\",\"url\":\"https:\/\/socialdesignmagazine.com\/mag\/wp-content\/uploads\/2012\/04\/users_jessy_Design_of_mind_poliuretano_._Gli_studenti_dellAccademia_di_Brera_e_del_Naba_in_mostra_tra_arte_e_design_al_Fuorisalone_2012_Design-Of-Mind-Poliuretano-E27---Salone-2012-low.jpg\",\"contentUrl\":\"https:\/\/socialdesignmagazine.com\/mag\/wp-content\/uploads\/2012\/04\/users_jessy_Design_of_mind_poliuretano_._Gli_studenti_dellAccademia_di_Brera_e_del_Naba_in_mostra_tra_arte_e_design_al_Fuorisalone_2012_Design-Of-Mind-Poliuretano-E27---Salone-2012-low.jpg\",\"width\":720,\"height\":458,\"caption\":\"Design-Of-Mind-Poliuretano-E27---Salone-2012-low\"},{\"@type\":\"BreadcrumbList\",\"@id\":\"https:\/\/socialdesignmagazine.com\/mag\/design\/design-of-mind-poliuretano-e-gli-studenti-dellaccademia-di-brera-e-del-naba-in-mostra-tra-arte-e-design-al-fuorisalone-2012\/#breadcrumb\",\"itemListElement\":[{\"@type\":\"ListItem\",\"position\":1,\"name\":\"Home\",\"item\":\"https:\/\/socialdesignmagazine.com\/mag\/\"},{\"@type\":\"ListItem\",\"position\":2,\"name\":\"Design\",\"item\":\"https:\/\/socialdesignmagazine.com\/mag\/design\/\"},{\"@type\":\"ListItem\",\"position\":3,\"name\":\"Design of mind, poliuretano \u00e8. Gli studenti dell\u2019Accademia di Brera e del Naba in mostra tra arte e design al Fuorisalone 2012\"}]},{\"@type\":\"WebSite\",\"@id\":\"https:\/\/socialdesignmagazine.com\/mag\/#website\",\"url\":\"https:\/\/socialdesignmagazine.com\/mag\/\",\"name\":\"Social Design Magazine\",\"description\":\"Social Magazine su Design, Architettura, Arte, Grafica\",\"publisher\":{\"@id\":\"https:\/\/socialdesignmagazine.com\/mag\/#organization\"},\"potentialAction\":[{\"@type\":\"SearchAction\",\"target\":{\"@type\":\"EntryPoint\",\"urlTemplate\":\"https:\/\/socialdesignmagazine.com\/mag\/?s={search_term_string}\"},\"query-input\":{\"@type\":\"PropertyValueSpecification\",\"valueRequired\":true,\"valueName\":\"search_term_string\"}}],\"inLanguage\":\"it-IT\"},{\"@type\":\"Organization\",\"@id\":\"https:\/\/socialdesignmagazine.com\/mag\/#organization\",\"name\":\"Social Design Magazine\",\"url\":\"https:\/\/socialdesignmagazine.com\/mag\/\",\"logo\":{\"@type\":\"ImageObject\",\"inLanguage\":\"it-IT\",\"@id\":\"https:\/\/socialdesignmagazine.com\/mag\/#\/schema\/logo\/image\/\",\"url\":\"https:\/\/socialdesignmagazine.com\/mag\/wp-content\/uploads\/2017\/01\/logo_favicon_11.png\",\"contentUrl\":\"https:\/\/socialdesignmagazine.com\/mag\/wp-content\/uploads\/2017\/01\/logo_favicon_11.png\",\"width\":1024,\"height\":1024,\"caption\":\"Social Design Magazine\"},\"image\":{\"@id\":\"https:\/\/socialdesignmagazine.com\/mag\/#\/schema\/logo\/image\/\"},\"sameAs\":[\"https:\/\/www.facebook.com\/socialdesignmag\",\"https:\/\/x.com\/socialdesignmag\",\"http:\/\/instagram.com\/social_design_magazine\/\",\"http:\/\/pinterest.com\/socialdesignmag\/\",\"http:\/\/www.youtube.com\/user\/socialdesignmagazine\"]},{\"@type\":\"Person\",\"@id\":\"https:\/\/socialdesignmagazine.com\/mag\/#\/schema\/person\/f26aea2d68a722d5ed3a1ee93c92aba9\",\"name\":\"jessica zannori\",\"image\":{\"@type\":\"ImageObject\",\"inLanguage\":\"it-IT\",\"@id\":\"https:\/\/secure.gravatar.com\/avatar\/e338d2d30b98ee192f7c7708f51c9b6a0f135e3e3399a9bec7d00e0496a346c6?s=96&d=mm&r=g\",\"url\":\"https:\/\/secure.gravatar.com\/avatar\/e338d2d30b98ee192f7c7708f51c9b6a0f135e3e3399a9bec7d00e0496a346c6?s=96&d=mm&r=g\",\"contentUrl\":\"https:\/\/secure.gravatar.com\/avatar\/e338d2d30b98ee192f7c7708f51c9b6a0f135e3e3399a9bec7d00e0496a346c6?s=96&d=mm&r=g\",\"caption\":\"jessica zannori\"},\"url\":\"https:\/\/socialdesignmagazine.com\/mag\/author\/jessy\/\"}]}<\/script>\n<!-- \/ Yoast SEO plugin. -->","yoast_head_json":{"title":"Design of mind, poliuretano \u00e8. Gli studenti dell\u2019Accademia di Brera e del Naba in mostra tra arte e design al Fuorisalone 2012 - Social Design Magazine","description":"\u201cDesign of Mind, Poliuretano \u00e8\u201d\u00a0 dal 17 al 22 Aprile 2012,\u00a0 una mostra di 11 studenti dell\u2019Accademia di Brera e del Naba, che si sono confrontati sul tema degli oggetti per la casa contemporanea, combinando arte e design, oggetti e dipinti, nonch\u00e9 ricerca sui materiali, creativit\u00e0 artistica ed innovazione progettuale.","robots":{"index":"index","follow":"follow","max-snippet":"max-snippet:-1","max-image-preview":"max-image-preview:large","max-video-preview":"max-video-preview:-1"},"canonical":"https:\/\/socialdesignmagazine.com\/mag\/design\/design-of-mind-poliuretano-e-gli-studenti-dellaccademia-di-brera-e-del-naba-in-mostra-tra-arte-e-design-al-fuorisalone-2012\/","og_locale":"it_IT","og_type":"article","og_title":"Design of mind, poliuretano \u00e8. Gli studenti dell\u2019Accademia di Brera e del Naba in mostra tra arte e design al Fuorisalone 2012 - Social Design Magazine","og_description":"\u201cDesign of Mind, Poliuretano \u00e8\u201d\u00a0 dal 17 al 22 Aprile 2012,\u00a0 una mostra di 11 studenti dell\u2019Accademia di Brera e del Naba, che si sono confrontati sul tema degli oggetti per la casa contemporanea, combinando arte e design, oggetti e dipinti, nonch\u00e9 ricerca sui materiali, creativit\u00e0 artistica ed innovazione progettuale.","og_url":"https:\/\/socialdesignmagazine.com\/mag\/design\/design-of-mind-poliuretano-e-gli-studenti-dellaccademia-di-brera-e-del-naba-in-mostra-tra-arte-e-design-al-fuorisalone-2012\/","og_site_name":"Social Design Magazine","article_publisher":"https:\/\/www.facebook.com\/socialdesignmag","article_published_time":"2012-04-14T09:00:00+00:00","article_modified_time":"2024-05-12T19:10:57+00:00","og_image":[{"width":720,"height":458,"url":"https:\/\/socialdesignmagazine.com\/mag\/wp-content\/uploads\/2012\/04\/users_jessy_Design_of_mind_poliuretano_._Gli_studenti_dellAccademia_di_Brera_e_del_Naba_in_mostra_tra_arte_e_design_al_Fuorisalone_2012_Design-Of-Mind-Poliuretano-E27---Salone-2012-low.jpg","type":"image\/jpeg"}],"author":"jessica zannori","twitter_card":"summary_large_image","twitter_creator":"@socialdesignmag","twitter_site":"@socialdesignmag","twitter_misc":{"Scritto da":"jessica zannori","Tempo di lettura stimato":"4 minuti"},"schema":{"@context":"https:\/\/schema.org","@graph":[{"@type":"Article","@id":"https:\/\/socialdesignmagazine.com\/mag\/design\/design-of-mind-poliuretano-e-gli-studenti-dellaccademia-di-brera-e-del-naba-in-mostra-tra-arte-e-design-al-fuorisalone-2012\/#article","isPartOf":{"@id":"https:\/\/socialdesignmagazine.com\/mag\/design\/design-of-mind-poliuretano-e-gli-studenti-dellaccademia-di-brera-e-del-naba-in-mostra-tra-arte-e-design-al-fuorisalone-2012\/"},"author":{"name":"jessica zannori","@id":"https:\/\/socialdesignmagazine.com\/mag\/#\/schema\/person\/f26aea2d68a722d5ed3a1ee93c92aba9"},"headline":"Design of mind, poliuretano \u00e8. Gli studenti dell\u2019Accademia di Brera e del Naba in mostra tra arte e design al Fuorisalone 2012","datePublished":"2012-04-14T09:00:00+00:00","dateModified":"2024-05-12T19:10:57+00:00","mainEntityOfPage":{"@id":"https:\/\/socialdesignmagazine.com\/mag\/design\/design-of-mind-poliuretano-e-gli-studenti-dellaccademia-di-brera-e-del-naba-in-mostra-tra-arte-e-design-al-fuorisalone-2012\/"},"wordCount":291,"commentCount":0,"publisher":{"@id":"https:\/\/socialdesignmagazine.com\/mag\/#organization"},"image":{"@id":"https:\/\/socialdesignmagazine.com\/mag\/design\/design-of-mind-poliuretano-e-gli-studenti-dellaccademia-di-brera-e-del-naba-in-mostra-tra-arte-e-design-al-fuorisalone-2012\/#primaryimage"},"thumbnailUrl":"https:\/\/socialdesignmagazine.com\/mag\/wp-content\/uploads\/2012\/04\/users_jessy_Design_of_mind_poliuretano_._Gli_studenti_dellAccademia_di_Brera_e_del_Naba_in_mostra_tra_arte_e_design_al_Fuorisalone_2012_Design-Of-Mind-Poliuretano-E27---Salone-2012-low.jpg","keywords":["exibition","fuorisalone 2012","poliuretano","salone del mobile 2012 milano"],"articleSection":["Design"],"inLanguage":"it-IT","potentialAction":[{"@type":"CommentAction","name":"Comment","target":["https:\/\/socialdesignmagazine.com\/mag\/design\/design-of-mind-poliuretano-e-gli-studenti-dellaccademia-di-brera-e-del-naba-in-mostra-tra-arte-e-design-al-fuorisalone-2012\/#respond"]}]},{"@type":"WebPage","@id":"https:\/\/socialdesignmagazine.com\/mag\/design\/design-of-mind-poliuretano-e-gli-studenti-dellaccademia-di-brera-e-del-naba-in-mostra-tra-arte-e-design-al-fuorisalone-2012\/","url":"https:\/\/socialdesignmagazine.com\/mag\/design\/design-of-mind-poliuretano-e-gli-studenti-dellaccademia-di-brera-e-del-naba-in-mostra-tra-arte-e-design-al-fuorisalone-2012\/","name":"Design of mind, poliuretano \u00e8. Gli studenti dell\u2019Accademia di Brera e del Naba in mostra tra arte e design al Fuorisalone 2012 - Social Design Magazine","isPartOf":{"@id":"https:\/\/socialdesignmagazine.com\/mag\/#website"},"primaryImageOfPage":{"@id":"https:\/\/socialdesignmagazine.com\/mag\/design\/design-of-mind-poliuretano-e-gli-studenti-dellaccademia-di-brera-e-del-naba-in-mostra-tra-arte-e-design-al-fuorisalone-2012\/#primaryimage"},"image":{"@id":"https:\/\/socialdesignmagazine.com\/mag\/design\/design-of-mind-poliuretano-e-gli-studenti-dellaccademia-di-brera-e-del-naba-in-mostra-tra-arte-e-design-al-fuorisalone-2012\/#primaryimage"},"thumbnailUrl":"https:\/\/socialdesignmagazine.com\/mag\/wp-content\/uploads\/2012\/04\/users_jessy_Design_of_mind_poliuretano_._Gli_studenti_dellAccademia_di_Brera_e_del_Naba_in_mostra_tra_arte_e_design_al_Fuorisalone_2012_Design-Of-Mind-Poliuretano-E27---Salone-2012-low.jpg","datePublished":"2012-04-14T09:00:00+00:00","dateModified":"2024-05-12T19:10:57+00:00","description":"\u201cDesign of Mind, Poliuretano \u00e8\u201d\u00a0 dal 17 al 22 Aprile 2012,\u00a0 una mostra di 11 studenti dell\u2019Accademia di Brera e del Naba, che si sono confrontati sul tema degli oggetti per la casa contemporanea, combinando arte e design, oggetti e dipinti, nonch\u00e9 ricerca sui materiali, creativit\u00e0 artistica ed innovazione progettuale.","breadcrumb":{"@id":"https:\/\/socialdesignmagazine.com\/mag\/design\/design-of-mind-poliuretano-e-gli-studenti-dellaccademia-di-brera-e-del-naba-in-mostra-tra-arte-e-design-al-fuorisalone-2012\/#breadcrumb"},"inLanguage":"it-IT","potentialAction":[{"@type":"ReadAction","target":["https:\/\/socialdesignmagazine.com\/mag\/design\/design-of-mind-poliuretano-e-gli-studenti-dellaccademia-di-brera-e-del-naba-in-mostra-tra-arte-e-design-al-fuorisalone-2012\/"]}]},{"@type":"ImageObject","inLanguage":"it-IT","@id":"https:\/\/socialdesignmagazine.com\/mag\/design\/design-of-mind-poliuretano-e-gli-studenti-dellaccademia-di-brera-e-del-naba-in-mostra-tra-arte-e-design-al-fuorisalone-2012\/#primaryimage","url":"https:\/\/socialdesignmagazine.com\/mag\/wp-content\/uploads\/2012\/04\/users_jessy_Design_of_mind_poliuretano_._Gli_studenti_dellAccademia_di_Brera_e_del_Naba_in_mostra_tra_arte_e_design_al_Fuorisalone_2012_Design-Of-Mind-Poliuretano-E27---Salone-2012-low.jpg","contentUrl":"https:\/\/socialdesignmagazine.com\/mag\/wp-content\/uploads\/2012\/04\/users_jessy_Design_of_mind_poliuretano_._Gli_studenti_dellAccademia_di_Brera_e_del_Naba_in_mostra_tra_arte_e_design_al_Fuorisalone_2012_Design-Of-Mind-Poliuretano-E27---Salone-2012-low.jpg","width":720,"height":458,"caption":"Design-Of-Mind-Poliuretano-E27---Salone-2012-low"},{"@type":"BreadcrumbList","@id":"https:\/\/socialdesignmagazine.com\/mag\/design\/design-of-mind-poliuretano-e-gli-studenti-dellaccademia-di-brera-e-del-naba-in-mostra-tra-arte-e-design-al-fuorisalone-2012\/#breadcrumb","itemListElement":[{"@type":"ListItem","position":1,"name":"Home","item":"https:\/\/socialdesignmagazine.com\/mag\/"},{"@type":"ListItem","position":2,"name":"Design","item":"https:\/\/socialdesignmagazine.com\/mag\/design\/"},{"@type":"ListItem","position":3,"name":"Design of mind, poliuretano \u00e8. Gli studenti dell\u2019Accademia di Brera e del Naba in mostra tra arte e design al Fuorisalone 2012"}]},{"@type":"WebSite","@id":"https:\/\/socialdesignmagazine.com\/mag\/#website","url":"https:\/\/socialdesignmagazine.com\/mag\/","name":"Social Design Magazine","description":"Social Magazine su Design, Architettura, Arte, Grafica","publisher":{"@id":"https:\/\/socialdesignmagazine.com\/mag\/#organization"},"potentialAction":[{"@type":"SearchAction","target":{"@type":"EntryPoint","urlTemplate":"https:\/\/socialdesignmagazine.com\/mag\/?s={search_term_string}"},"query-input":{"@type":"PropertyValueSpecification","valueRequired":true,"valueName":"search_term_string"}}],"inLanguage":"it-IT"},{"@type":"Organization","@id":"https:\/\/socialdesignmagazine.com\/mag\/#organization","name":"Social Design Magazine","url":"https:\/\/socialdesignmagazine.com\/mag\/","logo":{"@type":"ImageObject","inLanguage":"it-IT","@id":"https:\/\/socialdesignmagazine.com\/mag\/#\/schema\/logo\/image\/","url":"https:\/\/socialdesignmagazine.com\/mag\/wp-content\/uploads\/2017\/01\/logo_favicon_11.png","contentUrl":"https:\/\/socialdesignmagazine.com\/mag\/wp-content\/uploads\/2017\/01\/logo_favicon_11.png","width":1024,"height":1024,"caption":"Social Design Magazine"},"image":{"@id":"https:\/\/socialdesignmagazine.com\/mag\/#\/schema\/logo\/image\/"},"sameAs":["https:\/\/www.facebook.com\/socialdesignmag","https:\/\/x.com\/socialdesignmag","http:\/\/instagram.com\/social_design_magazine\/","http:\/\/pinterest.com\/socialdesignmag\/","http:\/\/www.youtube.com\/user\/socialdesignmagazine"]},{"@type":"Person","@id":"https:\/\/socialdesignmagazine.com\/mag\/#\/schema\/person\/f26aea2d68a722d5ed3a1ee93c92aba9","name":"jessica zannori","image":{"@type":"ImageObject","inLanguage":"it-IT","@id":"https:\/\/secure.gravatar.com\/avatar\/e338d2d30b98ee192f7c7708f51c9b6a0f135e3e3399a9bec7d00e0496a346c6?s=96&d=mm&r=g","url":"https:\/\/secure.gravatar.com\/avatar\/e338d2d30b98ee192f7c7708f51c9b6a0f135e3e3399a9bec7d00e0496a346c6?s=96&d=mm&r=g","contentUrl":"https:\/\/secure.gravatar.com\/avatar\/e338d2d30b98ee192f7c7708f51c9b6a0f135e3e3399a9bec7d00e0496a346c6?s=96&d=mm&r=g","caption":"jessica zannori"},"url":"https:\/\/socialdesignmagazine.com\/mag\/author\/jessy\/"}]}},"jetpack_featured_media_url":"https:\/\/socialdesignmagazine.com\/mag\/wp-content\/uploads\/2012\/04\/users_jessy_Design_of_mind_poliuretano_._Gli_studenti_dellAccademia_di_Brera_e_del_Naba_in_mostra_tra_arte_e_design_al_Fuorisalone_2012_Design-Of-Mind-Poliuretano-E27---Salone-2012-low.jpg","jetpack_sharing_enabled":true,"jetpack_shortlink":"https:\/\/wp.me\/p6cV7V-aE","gt_translate_keys":[{"key":"link","format":"url"}],"_links":{"self":[{"href":"https:\/\/socialdesignmagazine.com\/mag\/wp-json\/wp\/v2\/posts\/660","targetHints":{"allow":["GET"]}}],"collection":[{"href":"https:\/\/socialdesignmagazine.com\/mag\/wp-json\/wp\/v2\/posts"}],"about":[{"href":"https:\/\/socialdesignmagazine.com\/mag\/wp-json\/wp\/v2\/types\/post"}],"author":[{"embeddable":true,"href":"https:\/\/socialdesignmagazine.com\/mag\/wp-json\/wp\/v2\/users\/6"}],"replies":[{"embeddable":true,"href":"https:\/\/socialdesignmagazine.com\/mag\/wp-json\/wp\/v2\/comments?post=660"}],"version-history":[{"count":1,"href":"https:\/\/socialdesignmagazine.com\/mag\/wp-json\/wp\/v2\/posts\/660\/revisions"}],"predecessor-version":[{"id":59770,"href":"https:\/\/socialdesignmagazine.com\/mag\/wp-json\/wp\/v2\/posts\/660\/revisions\/59770"}],"wp:featuredmedia":[{"embeddable":true,"href":"https:\/\/socialdesignmagazine.com\/mag\/wp-json\/wp\/v2\/media\/7679"}],"wp:attachment":[{"href":"https:\/\/socialdesignmagazine.com\/mag\/wp-json\/wp\/v2\/media?parent=660"}],"wp:term":[{"taxonomy":"category","embeddable":true,"href":"https:\/\/socialdesignmagazine.com\/mag\/wp-json\/wp\/v2\/categories?post=660"},{"taxonomy":"post_tag","embeddable":true,"href":"https:\/\/socialdesignmagazine.com\/mag\/wp-json\/wp\/v2\/tags?post=660"}],"curies":[{"name":"wp","href":"https:\/\/api.w.org\/{rel}","templated":true}]}}