{"id":676,"date":"2012-04-19T09:00:00","date_gmt":"2012-04-19T07:00:00","guid":{"rendered":"https:\/\/socialdesignmagazine.com\/mag\/s6-design\/c35-design\/kaldewei-nuove-maniglie-per-le-vasche-da-bagno-avantgarde-e-ambiente\/"},"modified":"2024-05-12T21:32:19","modified_gmt":"2024-05-12T19:32:19","slug":"kaldewei-nuove-maniglie-per-le-vasche-da-bagno-avantgarde-e-ambiente","status":"publish","type":"post","link":"https:\/\/socialdesignmagazine.com\/mag\/design\/kaldewei-nuove-maniglie-per-le-vasche-da-bagno-avantgarde-e-ambiente\/","title":{"rendered":"Kaldewei \/ nuove maniglie per le vasche da bagno Avantgarde e Ambiente","gt_translate_keys":[{"key":"rendered","format":"text"}]},"content":{"rendered":"\n<p>Una vasca da bagno di prestigio significa relax puro nei tempi frenetici in cui viviamo, immergersi nell\u2019acqua calda e lasciar svago ai pensieri \u00e8 un vero e benefico lusso. Perch\u00e9 tutti possano entrare ed uscire senza problemi nella vasca da bagno, <strong>Kaldewei<\/strong>, ha sviluppato quattro nuovi modelli di maniglie per vasche da bagno adattate perfettamente ai segmenti Avantgarde e Ambiente, installabili in modo facile e veloce. <\/p>\n\n\n\n<p>Le nuove maniglie di Kaldewei garantiscono una maggiore sicurezza durante il bagno e soddisfano qualsiasi esigenza in termini di estetica e modernit\u00e0 dello stile. Caratteristiche che corrispondono ai trend universalmente in voga nel design: secondo Marcus M\u00f6llers, responsabile delle pubbliche relazioni per Kaldewei GmbH &amp; Co. KG, la forma e la funzionalit\u00e0 sono gli elementi fondamentali di un prodotto. Ci\u00f2 implica lo sviluppo di accessori che migliorino il comfort, il cui design sia perfettamente in linea con gli eleganti look delle nostre vasche da bagno e da doccia e dei nostri piatti doccia smaltati.<\/p>\n\n\n\n<p>Design funzionale e premiato<br>Le nuove maniglie per vasche da bagno Kaldewei sono state disegnate dal rinomato studio <strong>Phoenix Design<\/strong>, recentemente premiato con il German Design Award 2012. Le quattro nuove maniglie per vasche da bagno sono realizzate in un pregiato metallo massiccio e presentano delle forme abbinate ai diversi design delle vasche da bagno di Kaldewei.&nbsp;<\/p>\n\n\n\n<p>Maggiori informazioni <a class=\"jcepopup\" rel=\"nofollow\" href=\"http:\/\/www.kaldewei.com\/\">qu\u00ec<\/a><\/p>\n","protected":false,"gt_translate_keys":[{"key":"rendered","format":"html"}]},"excerpt":{"rendered":"<p>Una vasca da bagno di prestigio significa relax puro nei tempi frenetici in cui viviamo, immergersi nell\u2019acqua calda e lasciar svago ai pensieri \u00e8 un vero e benefico lusso.<\/p>\n","protected":false,"gt_translate_keys":[{"key":"rendered","format":"html"}]},"author":6,"featured_media":7731,"comment_status":"open","ping_status":"open","sticky":false,"template":"","format":"standard","meta":{"jetpack_post_was_ever_published":false,"_jetpack_newsletter_access":"","_jetpack_dont_email_post_to_subs":false,"_jetpack_newsletter_tier_id":0,"_jetpack_memberships_contains_paywalled_content":false,"_jetpack_memberships_contains_paid_content":false,"footnotes":"","_wpscppro_dont_share_socialmedia":false,"_wpscppro_custom_social_share_image":0,"_facebook_share_type":"","_twitter_share_type":"","_linkedin_share_type":"","_pinterest_share_type":"","_linkedin_share_type_page":"","_instagram_share_type":"","_medium_share_type":"","_threads_share_type":"","_google_business_share_type":"","_selected_social_profile":[],"_wpsp_enable_custom_social_template":false,"_wpsp_social_scheduling":{"enabled":false,"datetime":null,"platforms":[],"status":"template_only","dateOption":"today","timeOption":"now","customDays":"","customHours":"","customDate":"","customTime":"","schedulingType":"absolute"},"_wpsp_active_default_template":true},"categories":[13],"tags":[306,2061,1439,1866,1880],"class_list":["post-676","post","type-post","status-publish","format-standard","has-post-thumbnail","hentry","category-design","tag-bagno","tag-kaldewei","tag-maniglia","tag-salone-del-mobile-2012-milano","tag-vasca"],"yoast_head":"<!-- This site is optimized with the Yoast SEO plugin v27.2 - https:\/\/yoast.com\/product\/yoast-seo-wordpress\/ -->\n<title>Kaldewei \/ nuove maniglie per le vasche da bagno Avantgarde e Ambiente - Social Design Magazine<\/title>\n<meta name=\"description\" content=\"Una vasca da bagno di prestigio significa relax puro nei tempi frenetici in cui viviamo, immergersi nell\u2019acqua calda e lasciar svago ai pensieri \u00e8 un vero e benefico lusso.\" \/>\n<meta name=\"robots\" content=\"index, follow, max-snippet:-1, max-image-preview:large, max-video-preview:-1\" \/>\n<link rel=\"canonical\" href=\"https:\/\/socialdesignmagazine.com\/mag\/design\/kaldewei-nuove-maniglie-per-le-vasche-da-bagno-avantgarde-e-ambiente\/\" \/>\n<meta property=\"og:locale\" content=\"it_IT\" \/>\n<meta property=\"og:type\" content=\"article\" \/>\n<meta property=\"og:title\" content=\"Kaldewei \/ nuove maniglie per le vasche da bagno Avantgarde e Ambiente - Social Design Magazine\" \/>\n<meta property=\"og:description\" content=\"Una vasca da bagno di prestigio significa relax puro nei tempi frenetici in cui viviamo, immergersi nell\u2019acqua calda e lasciar svago ai pensieri \u00e8 un vero e benefico lusso.\" \/>\n<meta property=\"og:url\" content=\"https:\/\/socialdesignmagazine.com\/mag\/design\/kaldewei-nuove-maniglie-per-le-vasche-da-bagno-avantgarde-e-ambiente\/\" \/>\n<meta property=\"og:site_name\" content=\"Social Design Magazine\" \/>\n<meta property=\"article:publisher\" content=\"https:\/\/www.facebook.com\/socialdesignmag\" \/>\n<meta property=\"article:published_time\" content=\"2012-04-19T07:00:00+00:00\" \/>\n<meta property=\"article:modified_time\" content=\"2024-05-12T19:32:19+00:00\" \/>\n<meta property=\"og:image\" content=\"https:\/\/socialdesignmagazine.com\/mag\/wp-content\/uploads\/2012\/04\/users_jessy_Kaldewei__nuove_maniglie_per_le_vasche_da_bagno_Avantgarde_e_Ambiente_4.1_-_Bath_handle_Noble_Purism_Avantgarde_from_Kaldewei_72.jpg\" \/>\n\t<meta property=\"og:image:width\" content=\"720\" \/>\n\t<meta property=\"og:image:height\" content=\"508\" \/>\n\t<meta property=\"og:image:type\" content=\"image\/jpeg\" \/>\n<meta name=\"author\" content=\"jessica zannori\" \/>\n<meta name=\"twitter:card\" content=\"summary_large_image\" \/>\n<meta name=\"twitter:creator\" content=\"@socialdesignmag\" \/>\n<meta name=\"twitter:site\" content=\"@socialdesignmag\" \/>\n<meta name=\"twitter:label1\" content=\"Scritto da\" \/>\n\t<meta name=\"twitter:data1\" content=\"jessica zannori\" \/>\n\t<meta name=\"twitter:label2\" content=\"Tempo di lettura stimato\" \/>\n\t<meta name=\"twitter:data2\" content=\"2 minuti\" \/>\n<script type=\"application\/ld+json\" class=\"yoast-schema-graph\">{\"@context\":\"https:\/\/schema.org\",\"@graph\":[{\"@type\":\"Article\",\"@id\":\"https:\/\/socialdesignmagazine.com\/mag\/design\/kaldewei-nuove-maniglie-per-le-vasche-da-bagno-avantgarde-e-ambiente\/#article\",\"isPartOf\":{\"@id\":\"https:\/\/socialdesignmagazine.com\/mag\/design\/kaldewei-nuove-maniglie-per-le-vasche-da-bagno-avantgarde-e-ambiente\/\"},\"author\":{\"name\":\"jessica zannori\",\"@id\":\"https:\/\/socialdesignmagazine.com\/mag\/#\/schema\/person\/f26aea2d68a722d5ed3a1ee93c92aba9\"},\"headline\":\"Kaldewei \/ nuove maniglie per le vasche da bagno Avantgarde e Ambiente\",\"datePublished\":\"2012-04-19T07:00:00+00:00\",\"dateModified\":\"2024-05-12T19:32:19+00:00\",\"mainEntityOfPage\":{\"@id\":\"https:\/\/socialdesignmagazine.com\/mag\/design\/kaldewei-nuove-maniglie-per-le-vasche-da-bagno-avantgarde-e-ambiente\/\"},\"wordCount\":231,\"commentCount\":0,\"publisher\":{\"@id\":\"https:\/\/socialdesignmagazine.com\/mag\/#organization\"},\"image\":{\"@id\":\"https:\/\/socialdesignmagazine.com\/mag\/design\/kaldewei-nuove-maniglie-per-le-vasche-da-bagno-avantgarde-e-ambiente\/#primaryimage\"},\"thumbnailUrl\":\"https:\/\/socialdesignmagazine.com\/mag\/wp-content\/uploads\/2012\/04\/users_jessy_Kaldewei__nuove_maniglie_per_le_vasche_da_bagno_Avantgarde_e_Ambiente_4.1_-_Bath_handle_Noble_Purism_Avantgarde_from_Kaldewei_72.jpg\",\"keywords\":[\"bagno\",\"kaldewei\",\"maniglia\",\"salone del mobile 2012 milano\",\"vasca\"],\"articleSection\":[\"Design\"],\"inLanguage\":\"it-IT\",\"potentialAction\":[{\"@type\":\"CommentAction\",\"name\":\"Comment\",\"target\":[\"https:\/\/socialdesignmagazine.com\/mag\/design\/kaldewei-nuove-maniglie-per-le-vasche-da-bagno-avantgarde-e-ambiente\/#respond\"]}]},{\"@type\":\"WebPage\",\"@id\":\"https:\/\/socialdesignmagazine.com\/mag\/design\/kaldewei-nuove-maniglie-per-le-vasche-da-bagno-avantgarde-e-ambiente\/\",\"url\":\"https:\/\/socialdesignmagazine.com\/mag\/design\/kaldewei-nuove-maniglie-per-le-vasche-da-bagno-avantgarde-e-ambiente\/\",\"name\":\"Kaldewei \/ nuove maniglie per le vasche da bagno Avantgarde e Ambiente - Social Design Magazine\",\"isPartOf\":{\"@id\":\"https:\/\/socialdesignmagazine.com\/mag\/#website\"},\"primaryImageOfPage\":{\"@id\":\"https:\/\/socialdesignmagazine.com\/mag\/design\/kaldewei-nuove-maniglie-per-le-vasche-da-bagno-avantgarde-e-ambiente\/#primaryimage\"},\"image\":{\"@id\":\"https:\/\/socialdesignmagazine.com\/mag\/design\/kaldewei-nuove-maniglie-per-le-vasche-da-bagno-avantgarde-e-ambiente\/#primaryimage\"},\"thumbnailUrl\":\"https:\/\/socialdesignmagazine.com\/mag\/wp-content\/uploads\/2012\/04\/users_jessy_Kaldewei__nuove_maniglie_per_le_vasche_da_bagno_Avantgarde_e_Ambiente_4.1_-_Bath_handle_Noble_Purism_Avantgarde_from_Kaldewei_72.jpg\",\"datePublished\":\"2012-04-19T07:00:00+00:00\",\"dateModified\":\"2024-05-12T19:32:19+00:00\",\"description\":\"Una vasca da bagno di prestigio significa relax puro nei tempi frenetici in cui viviamo, immergersi nell\u2019acqua calda e lasciar svago ai pensieri \u00e8 un vero e benefico lusso.\",\"breadcrumb\":{\"@id\":\"https:\/\/socialdesignmagazine.com\/mag\/design\/kaldewei-nuove-maniglie-per-le-vasche-da-bagno-avantgarde-e-ambiente\/#breadcrumb\"},\"inLanguage\":\"it-IT\",\"potentialAction\":[{\"@type\":\"ReadAction\",\"target\":[\"https:\/\/socialdesignmagazine.com\/mag\/design\/kaldewei-nuove-maniglie-per-le-vasche-da-bagno-avantgarde-e-ambiente\/\"]}]},{\"@type\":\"ImageObject\",\"inLanguage\":\"it-IT\",\"@id\":\"https:\/\/socialdesignmagazine.com\/mag\/design\/kaldewei-nuove-maniglie-per-le-vasche-da-bagno-avantgarde-e-ambiente\/#primaryimage\",\"url\":\"https:\/\/socialdesignmagazine.com\/mag\/wp-content\/uploads\/2012\/04\/users_jessy_Kaldewei__nuove_maniglie_per_le_vasche_da_bagno_Avantgarde_e_Ambiente_4.1_-_Bath_handle_Noble_Purism_Avantgarde_from_Kaldewei_72.jpg\",\"contentUrl\":\"https:\/\/socialdesignmagazine.com\/mag\/wp-content\/uploads\/2012\/04\/users_jessy_Kaldewei__nuove_maniglie_per_le_vasche_da_bagno_Avantgarde_e_Ambiente_4.1_-_Bath_handle_Noble_Purism_Avantgarde_from_Kaldewei_72.jpg\",\"width\":720,\"height\":508,\"caption\":\"4.1_-_Bath_handle_Noble_Purism_Avantgarde_from_Kaldewei_72\"},{\"@type\":\"BreadcrumbList\",\"@id\":\"https:\/\/socialdesignmagazine.com\/mag\/design\/kaldewei-nuove-maniglie-per-le-vasche-da-bagno-avantgarde-e-ambiente\/#breadcrumb\",\"itemListElement\":[{\"@type\":\"ListItem\",\"position\":1,\"name\":\"Home\",\"item\":\"https:\/\/socialdesignmagazine.com\/mag\/\"},{\"@type\":\"ListItem\",\"position\":2,\"name\":\"Design\",\"item\":\"https:\/\/socialdesignmagazine.com\/mag\/design\/\"},{\"@type\":\"ListItem\",\"position\":3,\"name\":\"Kaldewei \/ nuove maniglie per le vasche da bagno Avantgarde e Ambiente\"}]},{\"@type\":\"WebSite\",\"@id\":\"https:\/\/socialdesignmagazine.com\/mag\/#website\",\"url\":\"https:\/\/socialdesignmagazine.com\/mag\/\",\"name\":\"Social Design Magazine\",\"description\":\"Social Magazine su Design, Architettura, Arte, Grafica\",\"publisher\":{\"@id\":\"https:\/\/socialdesignmagazine.com\/mag\/#organization\"},\"potentialAction\":[{\"@type\":\"SearchAction\",\"target\":{\"@type\":\"EntryPoint\",\"urlTemplate\":\"https:\/\/socialdesignmagazine.com\/mag\/?s={search_term_string}\"},\"query-input\":{\"@type\":\"PropertyValueSpecification\",\"valueRequired\":true,\"valueName\":\"search_term_string\"}}],\"inLanguage\":\"it-IT\"},{\"@type\":\"Organization\",\"@id\":\"https:\/\/socialdesignmagazine.com\/mag\/#organization\",\"name\":\"Social Design Magazine\",\"url\":\"https:\/\/socialdesignmagazine.com\/mag\/\",\"logo\":{\"@type\":\"ImageObject\",\"inLanguage\":\"it-IT\",\"@id\":\"https:\/\/socialdesignmagazine.com\/mag\/#\/schema\/logo\/image\/\",\"url\":\"https:\/\/socialdesignmagazine.com\/mag\/wp-content\/uploads\/2017\/01\/logo_favicon_11.png\",\"contentUrl\":\"https:\/\/socialdesignmagazine.com\/mag\/wp-content\/uploads\/2017\/01\/logo_favicon_11.png\",\"width\":1024,\"height\":1024,\"caption\":\"Social Design Magazine\"},\"image\":{\"@id\":\"https:\/\/socialdesignmagazine.com\/mag\/#\/schema\/logo\/image\/\"},\"sameAs\":[\"https:\/\/www.facebook.com\/socialdesignmag\",\"https:\/\/x.com\/socialdesignmag\",\"http:\/\/instagram.com\/social_design_magazine\/\",\"http:\/\/pinterest.com\/socialdesignmag\/\",\"http:\/\/www.youtube.com\/user\/socialdesignmagazine\"]},{\"@type\":\"Person\",\"@id\":\"https:\/\/socialdesignmagazine.com\/mag\/#\/schema\/person\/f26aea2d68a722d5ed3a1ee93c92aba9\",\"name\":\"jessica zannori\",\"image\":{\"@type\":\"ImageObject\",\"inLanguage\":\"it-IT\",\"@id\":\"https:\/\/secure.gravatar.com\/avatar\/e338d2d30b98ee192f7c7708f51c9b6a0f135e3e3399a9bec7d00e0496a346c6?s=96&d=mm&r=g\",\"url\":\"https:\/\/secure.gravatar.com\/avatar\/e338d2d30b98ee192f7c7708f51c9b6a0f135e3e3399a9bec7d00e0496a346c6?s=96&d=mm&r=g\",\"contentUrl\":\"https:\/\/secure.gravatar.com\/avatar\/e338d2d30b98ee192f7c7708f51c9b6a0f135e3e3399a9bec7d00e0496a346c6?s=96&d=mm&r=g\",\"caption\":\"jessica zannori\"},\"url\":\"https:\/\/socialdesignmagazine.com\/mag\/author\/jessy\/\"}]}<\/script>\n<!-- \/ Yoast SEO plugin. -->","yoast_head_json":{"title":"Kaldewei \/ nuove maniglie per le vasche da bagno Avantgarde e Ambiente - Social Design Magazine","description":"Una vasca da bagno di prestigio significa relax puro nei tempi frenetici in cui viviamo, immergersi nell\u2019acqua calda e lasciar svago ai pensieri \u00e8 un vero e benefico lusso.","robots":{"index":"index","follow":"follow","max-snippet":"max-snippet:-1","max-image-preview":"max-image-preview:large","max-video-preview":"max-video-preview:-1"},"canonical":"https:\/\/socialdesignmagazine.com\/mag\/design\/kaldewei-nuove-maniglie-per-le-vasche-da-bagno-avantgarde-e-ambiente\/","og_locale":"it_IT","og_type":"article","og_title":"Kaldewei \/ nuove maniglie per le vasche da bagno Avantgarde e Ambiente - Social Design Magazine","og_description":"Una vasca da bagno di prestigio significa relax puro nei tempi frenetici in cui viviamo, immergersi nell\u2019acqua calda e lasciar svago ai pensieri \u00e8 un vero e benefico lusso.","og_url":"https:\/\/socialdesignmagazine.com\/mag\/design\/kaldewei-nuove-maniglie-per-le-vasche-da-bagno-avantgarde-e-ambiente\/","og_site_name":"Social Design Magazine","article_publisher":"https:\/\/www.facebook.com\/socialdesignmag","article_published_time":"2012-04-19T07:00:00+00:00","article_modified_time":"2024-05-12T19:32:19+00:00","og_image":[{"width":720,"height":508,"url":"https:\/\/socialdesignmagazine.com\/mag\/wp-content\/uploads\/2012\/04\/users_jessy_Kaldewei__nuove_maniglie_per_le_vasche_da_bagno_Avantgarde_e_Ambiente_4.1_-_Bath_handle_Noble_Purism_Avantgarde_from_Kaldewei_72.jpg","type":"image\/jpeg"}],"author":"jessica zannori","twitter_card":"summary_large_image","twitter_creator":"@socialdesignmag","twitter_site":"@socialdesignmag","twitter_misc":{"Scritto da":"jessica zannori","Tempo di lettura stimato":"2 minuti"},"schema":{"@context":"https:\/\/schema.org","@graph":[{"@type":"Article","@id":"https:\/\/socialdesignmagazine.com\/mag\/design\/kaldewei-nuove-maniglie-per-le-vasche-da-bagno-avantgarde-e-ambiente\/#article","isPartOf":{"@id":"https:\/\/socialdesignmagazine.com\/mag\/design\/kaldewei-nuove-maniglie-per-le-vasche-da-bagno-avantgarde-e-ambiente\/"},"author":{"name":"jessica zannori","@id":"https:\/\/socialdesignmagazine.com\/mag\/#\/schema\/person\/f26aea2d68a722d5ed3a1ee93c92aba9"},"headline":"Kaldewei \/ nuove maniglie per le vasche da bagno Avantgarde e Ambiente","datePublished":"2012-04-19T07:00:00+00:00","dateModified":"2024-05-12T19:32:19+00:00","mainEntityOfPage":{"@id":"https:\/\/socialdesignmagazine.com\/mag\/design\/kaldewei-nuove-maniglie-per-le-vasche-da-bagno-avantgarde-e-ambiente\/"},"wordCount":231,"commentCount":0,"publisher":{"@id":"https:\/\/socialdesignmagazine.com\/mag\/#organization"},"image":{"@id":"https:\/\/socialdesignmagazine.com\/mag\/design\/kaldewei-nuove-maniglie-per-le-vasche-da-bagno-avantgarde-e-ambiente\/#primaryimage"},"thumbnailUrl":"https:\/\/socialdesignmagazine.com\/mag\/wp-content\/uploads\/2012\/04\/users_jessy_Kaldewei__nuove_maniglie_per_le_vasche_da_bagno_Avantgarde_e_Ambiente_4.1_-_Bath_handle_Noble_Purism_Avantgarde_from_Kaldewei_72.jpg","keywords":["bagno","kaldewei","maniglia","salone del mobile 2012 milano","vasca"],"articleSection":["Design"],"inLanguage":"it-IT","potentialAction":[{"@type":"CommentAction","name":"Comment","target":["https:\/\/socialdesignmagazine.com\/mag\/design\/kaldewei-nuove-maniglie-per-le-vasche-da-bagno-avantgarde-e-ambiente\/#respond"]}]},{"@type":"WebPage","@id":"https:\/\/socialdesignmagazine.com\/mag\/design\/kaldewei-nuove-maniglie-per-le-vasche-da-bagno-avantgarde-e-ambiente\/","url":"https:\/\/socialdesignmagazine.com\/mag\/design\/kaldewei-nuove-maniglie-per-le-vasche-da-bagno-avantgarde-e-ambiente\/","name":"Kaldewei \/ nuove maniglie per le vasche da bagno Avantgarde e Ambiente - Social Design Magazine","isPartOf":{"@id":"https:\/\/socialdesignmagazine.com\/mag\/#website"},"primaryImageOfPage":{"@id":"https:\/\/socialdesignmagazine.com\/mag\/design\/kaldewei-nuove-maniglie-per-le-vasche-da-bagno-avantgarde-e-ambiente\/#primaryimage"},"image":{"@id":"https:\/\/socialdesignmagazine.com\/mag\/design\/kaldewei-nuove-maniglie-per-le-vasche-da-bagno-avantgarde-e-ambiente\/#primaryimage"},"thumbnailUrl":"https:\/\/socialdesignmagazine.com\/mag\/wp-content\/uploads\/2012\/04\/users_jessy_Kaldewei__nuove_maniglie_per_le_vasche_da_bagno_Avantgarde_e_Ambiente_4.1_-_Bath_handle_Noble_Purism_Avantgarde_from_Kaldewei_72.jpg","datePublished":"2012-04-19T07:00:00+00:00","dateModified":"2024-05-12T19:32:19+00:00","description":"Una vasca da bagno di prestigio significa relax puro nei tempi frenetici in cui viviamo, immergersi nell\u2019acqua calda e lasciar svago ai pensieri \u00e8 un vero e benefico lusso.","breadcrumb":{"@id":"https:\/\/socialdesignmagazine.com\/mag\/design\/kaldewei-nuove-maniglie-per-le-vasche-da-bagno-avantgarde-e-ambiente\/#breadcrumb"},"inLanguage":"it-IT","potentialAction":[{"@type":"ReadAction","target":["https:\/\/socialdesignmagazine.com\/mag\/design\/kaldewei-nuove-maniglie-per-le-vasche-da-bagno-avantgarde-e-ambiente\/"]}]},{"@type":"ImageObject","inLanguage":"it-IT","@id":"https:\/\/socialdesignmagazine.com\/mag\/design\/kaldewei-nuove-maniglie-per-le-vasche-da-bagno-avantgarde-e-ambiente\/#primaryimage","url":"https:\/\/socialdesignmagazine.com\/mag\/wp-content\/uploads\/2012\/04\/users_jessy_Kaldewei__nuove_maniglie_per_le_vasche_da_bagno_Avantgarde_e_Ambiente_4.1_-_Bath_handle_Noble_Purism_Avantgarde_from_Kaldewei_72.jpg","contentUrl":"https:\/\/socialdesignmagazine.com\/mag\/wp-content\/uploads\/2012\/04\/users_jessy_Kaldewei__nuove_maniglie_per_le_vasche_da_bagno_Avantgarde_e_Ambiente_4.1_-_Bath_handle_Noble_Purism_Avantgarde_from_Kaldewei_72.jpg","width":720,"height":508,"caption":"4.1_-_Bath_handle_Noble_Purism_Avantgarde_from_Kaldewei_72"},{"@type":"BreadcrumbList","@id":"https:\/\/socialdesignmagazine.com\/mag\/design\/kaldewei-nuove-maniglie-per-le-vasche-da-bagno-avantgarde-e-ambiente\/#breadcrumb","itemListElement":[{"@type":"ListItem","position":1,"name":"Home","item":"https:\/\/socialdesignmagazine.com\/mag\/"},{"@type":"ListItem","position":2,"name":"Design","item":"https:\/\/socialdesignmagazine.com\/mag\/design\/"},{"@type":"ListItem","position":3,"name":"Kaldewei \/ nuove maniglie per le vasche da bagno Avantgarde e Ambiente"}]},{"@type":"WebSite","@id":"https:\/\/socialdesignmagazine.com\/mag\/#website","url":"https:\/\/socialdesignmagazine.com\/mag\/","name":"Social Design Magazine","description":"Social Magazine su Design, Architettura, Arte, Grafica","publisher":{"@id":"https:\/\/socialdesignmagazine.com\/mag\/#organization"},"potentialAction":[{"@type":"SearchAction","target":{"@type":"EntryPoint","urlTemplate":"https:\/\/socialdesignmagazine.com\/mag\/?s={search_term_string}"},"query-input":{"@type":"PropertyValueSpecification","valueRequired":true,"valueName":"search_term_string"}}],"inLanguage":"it-IT"},{"@type":"Organization","@id":"https:\/\/socialdesignmagazine.com\/mag\/#organization","name":"Social Design Magazine","url":"https:\/\/socialdesignmagazine.com\/mag\/","logo":{"@type":"ImageObject","inLanguage":"it-IT","@id":"https:\/\/socialdesignmagazine.com\/mag\/#\/schema\/logo\/image\/","url":"https:\/\/socialdesignmagazine.com\/mag\/wp-content\/uploads\/2017\/01\/logo_favicon_11.png","contentUrl":"https:\/\/socialdesignmagazine.com\/mag\/wp-content\/uploads\/2017\/01\/logo_favicon_11.png","width":1024,"height":1024,"caption":"Social Design Magazine"},"image":{"@id":"https:\/\/socialdesignmagazine.com\/mag\/#\/schema\/logo\/image\/"},"sameAs":["https:\/\/www.facebook.com\/socialdesignmag","https:\/\/x.com\/socialdesignmag","http:\/\/instagram.com\/social_design_magazine\/","http:\/\/pinterest.com\/socialdesignmag\/","http:\/\/www.youtube.com\/user\/socialdesignmagazine"]},{"@type":"Person","@id":"https:\/\/socialdesignmagazine.com\/mag\/#\/schema\/person\/f26aea2d68a722d5ed3a1ee93c92aba9","name":"jessica zannori","image":{"@type":"ImageObject","inLanguage":"it-IT","@id":"https:\/\/secure.gravatar.com\/avatar\/e338d2d30b98ee192f7c7708f51c9b6a0f135e3e3399a9bec7d00e0496a346c6?s=96&d=mm&r=g","url":"https:\/\/secure.gravatar.com\/avatar\/e338d2d30b98ee192f7c7708f51c9b6a0f135e3e3399a9bec7d00e0496a346c6?s=96&d=mm&r=g","contentUrl":"https:\/\/secure.gravatar.com\/avatar\/e338d2d30b98ee192f7c7708f51c9b6a0f135e3e3399a9bec7d00e0496a346c6?s=96&d=mm&r=g","caption":"jessica zannori"},"url":"https:\/\/socialdesignmagazine.com\/mag\/author\/jessy\/"}]}},"jetpack_featured_media_url":"https:\/\/socialdesignmagazine.com\/mag\/wp-content\/uploads\/2012\/04\/users_jessy_Kaldewei__nuove_maniglie_per_le_vasche_da_bagno_Avantgarde_e_Ambiente_4.1_-_Bath_handle_Noble_Purism_Avantgarde_from_Kaldewei_72.jpg","jetpack_sharing_enabled":true,"jetpack_shortlink":"https:\/\/wp.me\/p6cV7V-aU","gt_translate_keys":[{"key":"link","format":"url"}],"_links":{"self":[{"href":"https:\/\/socialdesignmagazine.com\/mag\/wp-json\/wp\/v2\/posts\/676","targetHints":{"allow":["GET"]}}],"collection":[{"href":"https:\/\/socialdesignmagazine.com\/mag\/wp-json\/wp\/v2\/posts"}],"about":[{"href":"https:\/\/socialdesignmagazine.com\/mag\/wp-json\/wp\/v2\/types\/post"}],"author":[{"embeddable":true,"href":"https:\/\/socialdesignmagazine.com\/mag\/wp-json\/wp\/v2\/users\/6"}],"replies":[{"embeddable":true,"href":"https:\/\/socialdesignmagazine.com\/mag\/wp-json\/wp\/v2\/comments?post=676"}],"version-history":[{"count":1,"href":"https:\/\/socialdesignmagazine.com\/mag\/wp-json\/wp\/v2\/posts\/676\/revisions"}],"predecessor-version":[{"id":59791,"href":"https:\/\/socialdesignmagazine.com\/mag\/wp-json\/wp\/v2\/posts\/676\/revisions\/59791"}],"wp:featuredmedia":[{"embeddable":true,"href":"https:\/\/socialdesignmagazine.com\/mag\/wp-json\/wp\/v2\/media\/7731"}],"wp:attachment":[{"href":"https:\/\/socialdesignmagazine.com\/mag\/wp-json\/wp\/v2\/media?parent=676"}],"wp:term":[{"taxonomy":"category","embeddable":true,"href":"https:\/\/socialdesignmagazine.com\/mag\/wp-json\/wp\/v2\/categories?post=676"},{"taxonomy":"post_tag","embeddable":true,"href":"https:\/\/socialdesignmagazine.com\/mag\/wp-json\/wp\/v2\/tags?post=676"}],"curies":[{"name":"wp","href":"https:\/\/api.w.org\/{rel}","templated":true}]}}