{"id":690,"date":"2012-04-25T11:58:47","date_gmt":"2012-04-25T09:58:47","guid":{"rendered":"https:\/\/socialdesignmagazine.com\/mag\/s9-green\/c37-green\/panasonic-lampada-led-nostalgic-clear\/"},"modified":"2024-05-12T23:35:27","modified_gmt":"2024-05-12T21:35:27","slug":"panasonic-lampada-led-nostalgic-clear","status":"publish","type":"post","link":"https:\/\/socialdesignmagazine.com\/mag\/green\/panasonic-lampada-led-nostalgic-clear\/","title":{"rendered":"Panasonic \/ Lampada LED Nostalgic Clear","gt_translate_keys":[{"key":"rendered","format":"text"}]},"content":{"rendered":"\n<p><strong>Panasonic<\/strong> lancia in Europa le lampadine <strong>Nostalgic Clear<\/strong> la nuova lampadina <strong>LED<\/strong> ha lo stesso look e luminosit\u00e0 di una lampadina a incandescenza da 40 W e ne ricrea la medesima atmosfera, ma con un&#8217;efficienza energetica di gran lunga superiore.<\/p>\n\n\n\n<p>La nuova lampadina Nostalgic Clear \u00e8 stata annunciata al <a class=\"jcepopup\" rel=\"nofollow\" href=\"http:\/\/light-building.messefrankfurt.com\/frankfurt\/en\/besucher\/willkommen.html\">Light+Building 2012<\/a> di Francoforte emana la stessa luminosit\u00e0 di una lampadina a incandescenza da 40 Watt grazie alle tecnologie originali di Panasonic per la diffusione della luce e per la radiazione del calore. In pi\u00f9, rispetto alle lampadine a incandescenza vanta un risparmio energetico dell&#8217;84% e una durata approssimativa di 40.000 ore, circa 40 volte quella di una lampadina tradizionale. La nuova <strong>Nostalgic Clear<\/strong> sar\u00e0 disponibile in tutta Europa dalla met\u00e0 di luglio.<\/p>\n\n\n\n<p>Il lancio di una nuova lampadina LED segue l&#8217;ingresso su larga scala di Panasonic nel mercato europeo dell&#8217;illuminazione, dove il gruppo ha in programma di accrescere il proprio giro di affari nel settore dell&#8217;illuminazione LED portandolo a 15 miliardi di yen entro il 2015, con un incremento del 500% rispetto al 2010.<\/p>\n\n\n<div class=\"wp-block-image\">\n<figure class=\"aligncenter size-large\"><img loading=\"lazy\" decoding=\"async\" width=\"720\" height=\"1057\" data-attachment-id=\"7807\" data-permalink=\"https:\/\/socialdesignmagazine.com\/mag\/green\/panasonic-lampada-led-nostalgic-clear\/attachment\/ldahv4l27cg\/#content\" data-orig-file=\"https:\/\/socialdesignmagazine.com\/mag\/wp-content\/uploads\/2012\/04\/benedetto_panasonic_lampada_nostalgic_clear_LDAHV4L27CG.jpg\" data-orig-size=\"720,1057\" data-comments-opened=\"1\" data-image-meta=\"{&quot;aperture&quot;:&quot;0&quot;,&quot;credit&quot;:&quot;&quot;,&quot;camera&quot;:&quot;&quot;,&quot;caption&quot;:&quot;&quot;,&quot;created_timestamp&quot;:&quot;0&quot;,&quot;copyright&quot;:&quot;&quot;,&quot;focal_length&quot;:&quot;0&quot;,&quot;iso&quot;:&quot;0&quot;,&quot;shutter_speed&quot;:&quot;0&quot;,&quot;title&quot;:&quot;&quot;,&quot;orientation&quot;:&quot;0&quot;}\" data-image-title=\"LDAHV4L27CG\" data-image-description=\"\" data-image-caption=\"\" data-medium-file=\"https:\/\/socialdesignmagazine.com\/mag\/wp-content\/uploads\/2012\/04\/benedetto_panasonic_lampada_nostalgic_clear_LDAHV4L27CG-396x256.jpg\" data-large-file=\"https:\/\/socialdesignmagazine.com\/mag\/wp-content\/uploads\/2012\/04\/benedetto_panasonic_lampada_nostalgic_clear_LDAHV4L27CG.jpg\" src=\"https:\/\/socialdesignmagazine.com\/mag\/wp-content\/uploads\/2012\/04\/benedetto_panasonic_lampada_nostalgic_clear_LDAHV4L27CG.jpg\" alt=\"LDAHV4L27CG\" class=\"wp-image-7807\"\/><\/figure>\n<\/div>\n\n<div class=\"wp-block-image\">\n<figure class=\"aligncenter\"><img loading=\"lazy\" decoding=\"async\" width=\"720\" height=\"1080\" data-attachment-id=\"7754\" data-permalink=\"https:\/\/socialdesignmagazine.com\/mag\/green\/panasonic-lampada-led-nostalgic-clear\/attachment\/panasonic_photosyntesis_026\/#content\" data-orig-file=\"https:\/\/socialdesignmagazine.com\/mag\/wp-content\/uploads\/2012\/04\/benedetto_panasonic_photosyntesis_foto_panasonic_photosyntesis_026.jpg\" data-orig-size=\"720,1080\" data-comments-opened=\"1\" data-image-meta=\"{&quot;aperture&quot;:&quot;0&quot;,&quot;credit&quot;:&quot;&quot;,&quot;camera&quot;:&quot;&quot;,&quot;caption&quot;:&quot;&quot;,&quot;created_timestamp&quot;:&quot;0&quot;,&quot;copyright&quot;:&quot;&quot;,&quot;focal_length&quot;:&quot;0&quot;,&quot;iso&quot;:&quot;0&quot;,&quot;shutter_speed&quot;:&quot;0&quot;,&quot;title&quot;:&quot;&quot;,&quot;orientation&quot;:&quot;0&quot;}\" data-image-title=\"panasonic_photosyntesis_026\" data-image-description=\"\" data-image-caption=\"\" data-medium-file=\"https:\/\/socialdesignmagazine.com\/mag\/wp-content\/uploads\/2012\/04\/benedetto_panasonic_photosyntesis_foto_panasonic_photosyntesis_026-396x256.jpg\" data-large-file=\"https:\/\/socialdesignmagazine.com\/mag\/wp-content\/uploads\/2012\/04\/benedetto_panasonic_photosyntesis_foto_panasonic_photosyntesis_026.jpg\" src=\"https:\/\/socialdesignmagazine.com\/mag\/wp-content\/uploads\/2012\/04\/benedetto_panasonic_photosyntesis_foto_panasonic_photosyntesis_026.jpg\" alt=\"panasonic_photosyntesis_026\" class=\"wp-image-7754\"\/><\/figure>\n<\/div>\n\n\n<p>Le ultime novit\u00e0 di Panasonic per l\u2019illuminazione e i prodotti per il mercato europeo sono in mostra alla fiera Light+Building, stand B50, Hall 4.&nbsp;<\/p>\n","protected":false,"gt_translate_keys":[{"key":"rendered","format":"html"}]},"excerpt":{"rendered":"<p>Panasonic lancia in Europa le lampadine Nostalgic Clear la nuova lampadina LED ha lo stesso look e luminosit\u00e0 di una lampadina a incandescenza da 40 W e ne ricrea la medesima atmosfera, ma con un&#8217;efficienza energetica di gran lunga superiore.<\/p>\n","protected":false,"gt_translate_keys":[{"key":"rendered","format":"html"}]},"author":1,"featured_media":7807,"comment_status":"open","ping_status":"open","sticky":false,"template":"","format":"standard","meta":{"jetpack_post_was_ever_published":false,"_jetpack_newsletter_access":"","_jetpack_dont_email_post_to_subs":false,"_jetpack_newsletter_tier_id":0,"_jetpack_memberships_contains_paywalled_content":false,"_jetpack_memberships_contains_paid_content":false,"footnotes":"","_wpscppro_dont_share_socialmedia":false,"_wpscppro_custom_social_share_image":0,"_facebook_share_type":"","_twitter_share_type":"","_linkedin_share_type":"","_pinterest_share_type":"","_linkedin_share_type_page":"","_instagram_share_type":"","_medium_share_type":"","_threads_share_type":"","_google_business_share_type":"","_selected_social_profile":[],"_wpsp_enable_custom_social_template":false,"_wpsp_social_scheduling":{"enabled":false,"datetime":null,"platforms":[],"status":"template_only","dateOption":"today","timeOption":"now","customDays":"","customHours":"","customDate":"","customTime":"","schedulingType":"absolute"},"_wpsp_active_default_template":true},"categories":[11],"tags":[81,991,2092,2032,1218],"class_list":["post-690","post","type-post","status-publish","format-standard","has-post-thumbnail","hentry","category-green","tag-green","tag-illuminazione","tag-lampadina-led","tag-panasonic","tag-risparmio-energetico"],"yoast_head":"<!-- This site is optimized with the Yoast SEO plugin v27.2 - https:\/\/yoast.com\/product\/yoast-seo-wordpress\/ -->\n<title>Panasonic \/ Lampada LED Nostalgic Clear - Social Design Magazine<\/title>\n<meta name=\"description\" content=\"Panasonic lancia in Europa le lampadine Nostalgic Clear la nuova lampadina LED ha lo stesso look e luminosit\u00e0 di una lampadina a incandescenza da 40 W e ne ricrea la medesima atmosfera, ma con un&#039;efficienza energetica di gran lunga superiore.\" \/>\n<meta name=\"robots\" content=\"index, follow, max-snippet:-1, max-image-preview:large, max-video-preview:-1\" \/>\n<link rel=\"canonical\" href=\"https:\/\/socialdesignmagazine.com\/mag\/green\/panasonic-lampada-led-nostalgic-clear\/\" \/>\n<meta property=\"og:locale\" content=\"it_IT\" \/>\n<meta property=\"og:type\" content=\"article\" \/>\n<meta property=\"og:title\" content=\"Panasonic \/ Lampada LED Nostalgic Clear - Social Design Magazine\" \/>\n<meta property=\"og:description\" content=\"Panasonic lancia in Europa le lampadine Nostalgic Clear la nuova lampadina LED ha lo stesso look e luminosit\u00e0 di una lampadina a incandescenza da 40 W e ne ricrea la medesima atmosfera, ma con un&#039;efficienza energetica di gran lunga superiore.\" \/>\n<meta property=\"og:url\" content=\"https:\/\/socialdesignmagazine.com\/mag\/green\/panasonic-lampada-led-nostalgic-clear\/\" \/>\n<meta property=\"og:site_name\" content=\"Social Design Magazine\" \/>\n<meta property=\"article:publisher\" content=\"https:\/\/www.facebook.com\/socialdesignmag\" \/>\n<meta property=\"article:author\" content=\"https:\/\/www.facebook.com\/benedettofiori\" \/>\n<meta property=\"article:published_time\" content=\"2012-04-25T09:58:47+00:00\" \/>\n<meta property=\"article:modified_time\" content=\"2024-05-12T21:35:27+00:00\" \/>\n<meta property=\"og:image\" content=\"https:\/\/socialdesignmagazine.com\/mag\/wp-content\/uploads\/2012\/04\/benedetto_panasonic_lampada_nostalgic_clear_LDAHV4L27CG.jpg\" \/>\n\t<meta property=\"og:image:width\" content=\"720\" \/>\n\t<meta property=\"og:image:height\" content=\"1057\" \/>\n\t<meta property=\"og:image:type\" content=\"image\/jpeg\" \/>\n<meta name=\"author\" content=\"Benedetto Fiori\" \/>\n<meta name=\"twitter:card\" content=\"summary_large_image\" \/>\n<meta name=\"twitter:creator\" content=\"@benedettofiori\" \/>\n<meta name=\"twitter:site\" content=\"@socialdesignmag\" \/>\n<meta name=\"twitter:label1\" content=\"Scritto da\" \/>\n\t<meta name=\"twitter:data1\" content=\"Benedetto Fiori\" \/>\n\t<meta name=\"twitter:label2\" content=\"Tempo di lettura stimato\" \/>\n\t<meta name=\"twitter:data2\" content=\"2 minuti\" \/>\n<script type=\"application\/ld+json\" class=\"yoast-schema-graph\">{\"@context\":\"https:\/\/schema.org\",\"@graph\":[{\"@type\":\"Article\",\"@id\":\"https:\/\/socialdesignmagazine.com\/mag\/green\/panasonic-lampada-led-nostalgic-clear\/#article\",\"isPartOf\":{\"@id\":\"https:\/\/socialdesignmagazine.com\/mag\/green\/panasonic-lampada-led-nostalgic-clear\/\"},\"author\":{\"name\":\"Benedetto Fiori\",\"@id\":\"https:\/\/socialdesignmagazine.com\/mag\/#\/schema\/person\/61e20205cc363c315e6aabd33a045846\"},\"headline\":\"Panasonic \/ Lampada LED Nostalgic Clear\",\"datePublished\":\"2012-04-25T09:58:47+00:00\",\"dateModified\":\"2024-05-12T21:35:27+00:00\",\"mainEntityOfPage\":{\"@id\":\"https:\/\/socialdesignmagazine.com\/mag\/green\/panasonic-lampada-led-nostalgic-clear\/\"},\"wordCount\":200,\"commentCount\":0,\"publisher\":{\"@id\":\"https:\/\/socialdesignmagazine.com\/mag\/#organization\"},\"image\":{\"@id\":\"https:\/\/socialdesignmagazine.com\/mag\/green\/panasonic-lampada-led-nostalgic-clear\/#primaryimage\"},\"thumbnailUrl\":\"https:\/\/socialdesignmagazine.com\/mag\/wp-content\/uploads\/2012\/04\/benedetto_panasonic_lampada_nostalgic_clear_LDAHV4L27CG.jpg\",\"keywords\":[\"green\",\"illuminazione\",\"lampadina led\",\"panasonic\",\"risparmio energetico\"],\"articleSection\":[\"Green\"],\"inLanguage\":\"it-IT\",\"potentialAction\":[{\"@type\":\"CommentAction\",\"name\":\"Comment\",\"target\":[\"https:\/\/socialdesignmagazine.com\/mag\/green\/panasonic-lampada-led-nostalgic-clear\/#respond\"]}]},{\"@type\":\"WebPage\",\"@id\":\"https:\/\/socialdesignmagazine.com\/mag\/green\/panasonic-lampada-led-nostalgic-clear\/\",\"url\":\"https:\/\/socialdesignmagazine.com\/mag\/green\/panasonic-lampada-led-nostalgic-clear\/\",\"name\":\"Panasonic \/ Lampada LED Nostalgic Clear - Social Design Magazine\",\"isPartOf\":{\"@id\":\"https:\/\/socialdesignmagazine.com\/mag\/#website\"},\"primaryImageOfPage\":{\"@id\":\"https:\/\/socialdesignmagazine.com\/mag\/green\/panasonic-lampada-led-nostalgic-clear\/#primaryimage\"},\"image\":{\"@id\":\"https:\/\/socialdesignmagazine.com\/mag\/green\/panasonic-lampada-led-nostalgic-clear\/#primaryimage\"},\"thumbnailUrl\":\"https:\/\/socialdesignmagazine.com\/mag\/wp-content\/uploads\/2012\/04\/benedetto_panasonic_lampada_nostalgic_clear_LDAHV4L27CG.jpg\",\"datePublished\":\"2012-04-25T09:58:47+00:00\",\"dateModified\":\"2024-05-12T21:35:27+00:00\",\"description\":\"Panasonic lancia in Europa le lampadine Nostalgic Clear la nuova lampadina LED ha lo stesso look e luminosit\u00e0 di una lampadina a incandescenza da 40 W e ne ricrea la medesima atmosfera, ma con un'efficienza energetica di gran lunga superiore.\",\"breadcrumb\":{\"@id\":\"https:\/\/socialdesignmagazine.com\/mag\/green\/panasonic-lampada-led-nostalgic-clear\/#breadcrumb\"},\"inLanguage\":\"it-IT\",\"potentialAction\":[{\"@type\":\"ReadAction\",\"target\":[\"https:\/\/socialdesignmagazine.com\/mag\/green\/panasonic-lampada-led-nostalgic-clear\/\"]}]},{\"@type\":\"ImageObject\",\"inLanguage\":\"it-IT\",\"@id\":\"https:\/\/socialdesignmagazine.com\/mag\/green\/panasonic-lampada-led-nostalgic-clear\/#primaryimage\",\"url\":\"https:\/\/socialdesignmagazine.com\/mag\/wp-content\/uploads\/2012\/04\/benedetto_panasonic_lampada_nostalgic_clear_LDAHV4L27CG.jpg\",\"contentUrl\":\"https:\/\/socialdesignmagazine.com\/mag\/wp-content\/uploads\/2012\/04\/benedetto_panasonic_lampada_nostalgic_clear_LDAHV4L27CG.jpg\",\"width\":720,\"height\":1057,\"caption\":\"LDAHV4L27CG\"},{\"@type\":\"BreadcrumbList\",\"@id\":\"https:\/\/socialdesignmagazine.com\/mag\/green\/panasonic-lampada-led-nostalgic-clear\/#breadcrumb\",\"itemListElement\":[{\"@type\":\"ListItem\",\"position\":1,\"name\":\"Home\",\"item\":\"https:\/\/socialdesignmagazine.com\/mag\/\"},{\"@type\":\"ListItem\",\"position\":2,\"name\":\"Green\",\"item\":\"https:\/\/socialdesignmagazine.com\/mag\/green\/\"},{\"@type\":\"ListItem\",\"position\":3,\"name\":\"Panasonic \/ Lampada LED Nostalgic Clear\"}]},{\"@type\":\"WebSite\",\"@id\":\"https:\/\/socialdesignmagazine.com\/mag\/#website\",\"url\":\"https:\/\/socialdesignmagazine.com\/mag\/\",\"name\":\"Social Design Magazine\",\"description\":\"Social Magazine su Design, Architettura, Arte, Grafica\",\"publisher\":{\"@id\":\"https:\/\/socialdesignmagazine.com\/mag\/#organization\"},\"potentialAction\":[{\"@type\":\"SearchAction\",\"target\":{\"@type\":\"EntryPoint\",\"urlTemplate\":\"https:\/\/socialdesignmagazine.com\/mag\/?s={search_term_string}\"},\"query-input\":{\"@type\":\"PropertyValueSpecification\",\"valueRequired\":true,\"valueName\":\"search_term_string\"}}],\"inLanguage\":\"it-IT\"},{\"@type\":\"Organization\",\"@id\":\"https:\/\/socialdesignmagazine.com\/mag\/#organization\",\"name\":\"Social Design Magazine\",\"url\":\"https:\/\/socialdesignmagazine.com\/mag\/\",\"logo\":{\"@type\":\"ImageObject\",\"inLanguage\":\"it-IT\",\"@id\":\"https:\/\/socialdesignmagazine.com\/mag\/#\/schema\/logo\/image\/\",\"url\":\"https:\/\/socialdesignmagazine.com\/mag\/wp-content\/uploads\/2017\/01\/logo_favicon_11.png\",\"contentUrl\":\"https:\/\/socialdesignmagazine.com\/mag\/wp-content\/uploads\/2017\/01\/logo_favicon_11.png\",\"width\":1024,\"height\":1024,\"caption\":\"Social Design Magazine\"},\"image\":{\"@id\":\"https:\/\/socialdesignmagazine.com\/mag\/#\/schema\/logo\/image\/\"},\"sameAs\":[\"https:\/\/www.facebook.com\/socialdesignmag\",\"https:\/\/x.com\/socialdesignmag\",\"http:\/\/instagram.com\/social_design_magazine\/\",\"http:\/\/pinterest.com\/socialdesignmag\/\",\"http:\/\/www.youtube.com\/user\/socialdesignmagazine\"]},{\"@type\":\"Person\",\"@id\":\"https:\/\/socialdesignmagazine.com\/mag\/#\/schema\/person\/61e20205cc363c315e6aabd33a045846\",\"name\":\"Benedetto Fiori\",\"image\":{\"@type\":\"ImageObject\",\"inLanguage\":\"it-IT\",\"@id\":\"https:\/\/secure.gravatar.com\/avatar\/450a48cefa36da63d920ad70aa660bd10725b1c6093800242e5efdb397759033?s=96&d=mm&r=g\",\"url\":\"https:\/\/secure.gravatar.com\/avatar\/450a48cefa36da63d920ad70aa660bd10725b1c6093800242e5efdb397759033?s=96&d=mm&r=g\",\"contentUrl\":\"https:\/\/secure.gravatar.com\/avatar\/450a48cefa36da63d920ad70aa660bd10725b1c6093800242e5efdb397759033?s=96&d=mm&r=g\",\"caption\":\"Benedetto Fiori\"},\"description\":\"Web | Twitter | Facebook | Shutterstock Founder &amp; Editor in Chief di Social Design Magazine. Attratto da sempre da tutto ci\u00f2 che \u00e8 creativit\u00e0, design, architettura. Dopo aver studiato Architettura all'Universit\u00e0 di Firenze, si \u00e8 impegnato in molteplici campi: comunicazione grafica, progettazione di allestimenti fieristici, brand design, Interior Design.\",\"sameAs\":[\"http:\/\/benedettofiori.com\",\"https:\/\/www.facebook.com\/benedettofiori\",\"https:\/\/x.com\/benedettofiori\"],\"url\":\"https:\/\/socialdesignmagazine.com\/mag\/author\/benedetto\/\"}]}<\/script>\n<!-- \/ Yoast SEO plugin. -->","yoast_head_json":{"title":"Panasonic \/ Lampada LED Nostalgic Clear - Social Design Magazine","description":"Panasonic lancia in Europa le lampadine Nostalgic Clear la nuova lampadina LED ha lo stesso look e luminosit\u00e0 di una lampadina a incandescenza da 40 W e ne ricrea la medesima atmosfera, ma con un'efficienza energetica di gran lunga superiore.","robots":{"index":"index","follow":"follow","max-snippet":"max-snippet:-1","max-image-preview":"max-image-preview:large","max-video-preview":"max-video-preview:-1"},"canonical":"https:\/\/socialdesignmagazine.com\/mag\/green\/panasonic-lampada-led-nostalgic-clear\/","og_locale":"it_IT","og_type":"article","og_title":"Panasonic \/ Lampada LED Nostalgic Clear - Social Design Magazine","og_description":"Panasonic lancia in Europa le lampadine Nostalgic Clear la nuova lampadina LED ha lo stesso look e luminosit\u00e0 di una lampadina a incandescenza da 40 W e ne ricrea la medesima atmosfera, ma con un'efficienza energetica di gran lunga superiore.","og_url":"https:\/\/socialdesignmagazine.com\/mag\/green\/panasonic-lampada-led-nostalgic-clear\/","og_site_name":"Social Design Magazine","article_publisher":"https:\/\/www.facebook.com\/socialdesignmag","article_author":"https:\/\/www.facebook.com\/benedettofiori","article_published_time":"2012-04-25T09:58:47+00:00","article_modified_time":"2024-05-12T21:35:27+00:00","og_image":[{"width":720,"height":1057,"url":"https:\/\/socialdesignmagazine.com\/mag\/wp-content\/uploads\/2012\/04\/benedetto_panasonic_lampada_nostalgic_clear_LDAHV4L27CG.jpg","type":"image\/jpeg"}],"author":"Benedetto Fiori","twitter_card":"summary_large_image","twitter_creator":"@benedettofiori","twitter_site":"@socialdesignmag","twitter_misc":{"Scritto da":"Benedetto Fiori","Tempo di lettura stimato":"2 minuti"},"schema":{"@context":"https:\/\/schema.org","@graph":[{"@type":"Article","@id":"https:\/\/socialdesignmagazine.com\/mag\/green\/panasonic-lampada-led-nostalgic-clear\/#article","isPartOf":{"@id":"https:\/\/socialdesignmagazine.com\/mag\/green\/panasonic-lampada-led-nostalgic-clear\/"},"author":{"name":"Benedetto Fiori","@id":"https:\/\/socialdesignmagazine.com\/mag\/#\/schema\/person\/61e20205cc363c315e6aabd33a045846"},"headline":"Panasonic \/ Lampada LED Nostalgic Clear","datePublished":"2012-04-25T09:58:47+00:00","dateModified":"2024-05-12T21:35:27+00:00","mainEntityOfPage":{"@id":"https:\/\/socialdesignmagazine.com\/mag\/green\/panasonic-lampada-led-nostalgic-clear\/"},"wordCount":200,"commentCount":0,"publisher":{"@id":"https:\/\/socialdesignmagazine.com\/mag\/#organization"},"image":{"@id":"https:\/\/socialdesignmagazine.com\/mag\/green\/panasonic-lampada-led-nostalgic-clear\/#primaryimage"},"thumbnailUrl":"https:\/\/socialdesignmagazine.com\/mag\/wp-content\/uploads\/2012\/04\/benedetto_panasonic_lampada_nostalgic_clear_LDAHV4L27CG.jpg","keywords":["green","illuminazione","lampadina led","panasonic","risparmio energetico"],"articleSection":["Green"],"inLanguage":"it-IT","potentialAction":[{"@type":"CommentAction","name":"Comment","target":["https:\/\/socialdesignmagazine.com\/mag\/green\/panasonic-lampada-led-nostalgic-clear\/#respond"]}]},{"@type":"WebPage","@id":"https:\/\/socialdesignmagazine.com\/mag\/green\/panasonic-lampada-led-nostalgic-clear\/","url":"https:\/\/socialdesignmagazine.com\/mag\/green\/panasonic-lampada-led-nostalgic-clear\/","name":"Panasonic \/ Lampada LED Nostalgic Clear - Social Design Magazine","isPartOf":{"@id":"https:\/\/socialdesignmagazine.com\/mag\/#website"},"primaryImageOfPage":{"@id":"https:\/\/socialdesignmagazine.com\/mag\/green\/panasonic-lampada-led-nostalgic-clear\/#primaryimage"},"image":{"@id":"https:\/\/socialdesignmagazine.com\/mag\/green\/panasonic-lampada-led-nostalgic-clear\/#primaryimage"},"thumbnailUrl":"https:\/\/socialdesignmagazine.com\/mag\/wp-content\/uploads\/2012\/04\/benedetto_panasonic_lampada_nostalgic_clear_LDAHV4L27CG.jpg","datePublished":"2012-04-25T09:58:47+00:00","dateModified":"2024-05-12T21:35:27+00:00","description":"Panasonic lancia in Europa le lampadine Nostalgic Clear la nuova lampadina LED ha lo stesso look e luminosit\u00e0 di una lampadina a incandescenza da 40 W e ne ricrea la medesima atmosfera, ma con un'efficienza energetica di gran lunga superiore.","breadcrumb":{"@id":"https:\/\/socialdesignmagazine.com\/mag\/green\/panasonic-lampada-led-nostalgic-clear\/#breadcrumb"},"inLanguage":"it-IT","potentialAction":[{"@type":"ReadAction","target":["https:\/\/socialdesignmagazine.com\/mag\/green\/panasonic-lampada-led-nostalgic-clear\/"]}]},{"@type":"ImageObject","inLanguage":"it-IT","@id":"https:\/\/socialdesignmagazine.com\/mag\/green\/panasonic-lampada-led-nostalgic-clear\/#primaryimage","url":"https:\/\/socialdesignmagazine.com\/mag\/wp-content\/uploads\/2012\/04\/benedetto_panasonic_lampada_nostalgic_clear_LDAHV4L27CG.jpg","contentUrl":"https:\/\/socialdesignmagazine.com\/mag\/wp-content\/uploads\/2012\/04\/benedetto_panasonic_lampada_nostalgic_clear_LDAHV4L27CG.jpg","width":720,"height":1057,"caption":"LDAHV4L27CG"},{"@type":"BreadcrumbList","@id":"https:\/\/socialdesignmagazine.com\/mag\/green\/panasonic-lampada-led-nostalgic-clear\/#breadcrumb","itemListElement":[{"@type":"ListItem","position":1,"name":"Home","item":"https:\/\/socialdesignmagazine.com\/mag\/"},{"@type":"ListItem","position":2,"name":"Green","item":"https:\/\/socialdesignmagazine.com\/mag\/green\/"},{"@type":"ListItem","position":3,"name":"Panasonic \/ Lampada LED Nostalgic Clear"}]},{"@type":"WebSite","@id":"https:\/\/socialdesignmagazine.com\/mag\/#website","url":"https:\/\/socialdesignmagazine.com\/mag\/","name":"Social Design Magazine","description":"Social Magazine su Design, Architettura, Arte, Grafica","publisher":{"@id":"https:\/\/socialdesignmagazine.com\/mag\/#organization"},"potentialAction":[{"@type":"SearchAction","target":{"@type":"EntryPoint","urlTemplate":"https:\/\/socialdesignmagazine.com\/mag\/?s={search_term_string}"},"query-input":{"@type":"PropertyValueSpecification","valueRequired":true,"valueName":"search_term_string"}}],"inLanguage":"it-IT"},{"@type":"Organization","@id":"https:\/\/socialdesignmagazine.com\/mag\/#organization","name":"Social Design Magazine","url":"https:\/\/socialdesignmagazine.com\/mag\/","logo":{"@type":"ImageObject","inLanguage":"it-IT","@id":"https:\/\/socialdesignmagazine.com\/mag\/#\/schema\/logo\/image\/","url":"https:\/\/socialdesignmagazine.com\/mag\/wp-content\/uploads\/2017\/01\/logo_favicon_11.png","contentUrl":"https:\/\/socialdesignmagazine.com\/mag\/wp-content\/uploads\/2017\/01\/logo_favicon_11.png","width":1024,"height":1024,"caption":"Social Design Magazine"},"image":{"@id":"https:\/\/socialdesignmagazine.com\/mag\/#\/schema\/logo\/image\/"},"sameAs":["https:\/\/www.facebook.com\/socialdesignmag","https:\/\/x.com\/socialdesignmag","http:\/\/instagram.com\/social_design_magazine\/","http:\/\/pinterest.com\/socialdesignmag\/","http:\/\/www.youtube.com\/user\/socialdesignmagazine"]},{"@type":"Person","@id":"https:\/\/socialdesignmagazine.com\/mag\/#\/schema\/person\/61e20205cc363c315e6aabd33a045846","name":"Benedetto Fiori","image":{"@type":"ImageObject","inLanguage":"it-IT","@id":"https:\/\/secure.gravatar.com\/avatar\/450a48cefa36da63d920ad70aa660bd10725b1c6093800242e5efdb397759033?s=96&d=mm&r=g","url":"https:\/\/secure.gravatar.com\/avatar\/450a48cefa36da63d920ad70aa660bd10725b1c6093800242e5efdb397759033?s=96&d=mm&r=g","contentUrl":"https:\/\/secure.gravatar.com\/avatar\/450a48cefa36da63d920ad70aa660bd10725b1c6093800242e5efdb397759033?s=96&d=mm&r=g","caption":"Benedetto Fiori"},"description":"Web | Twitter | Facebook | Shutterstock Founder &amp; Editor in Chief di Social Design Magazine. Attratto da sempre da tutto ci\u00f2 che \u00e8 creativit\u00e0, design, architettura. Dopo aver studiato Architettura all'Universit\u00e0 di Firenze, si \u00e8 impegnato in molteplici campi: comunicazione grafica, progettazione di allestimenti fieristici, brand design, Interior Design.","sameAs":["http:\/\/benedettofiori.com","https:\/\/www.facebook.com\/benedettofiori","https:\/\/x.com\/benedettofiori"],"url":"https:\/\/socialdesignmagazine.com\/mag\/author\/benedetto\/"}]}},"jetpack_featured_media_url":"https:\/\/socialdesignmagazine.com\/mag\/wp-content\/uploads\/2012\/04\/benedetto_panasonic_lampada_nostalgic_clear_LDAHV4L27CG.jpg","jetpack_sharing_enabled":true,"jetpack_shortlink":"https:\/\/wp.me\/p6cV7V-b8","gt_translate_keys":[{"key":"link","format":"url"}],"_links":{"self":[{"href":"https:\/\/socialdesignmagazine.com\/mag\/wp-json\/wp\/v2\/posts\/690","targetHints":{"allow":["GET"]}}],"collection":[{"href":"https:\/\/socialdesignmagazine.com\/mag\/wp-json\/wp\/v2\/posts"}],"about":[{"href":"https:\/\/socialdesignmagazine.com\/mag\/wp-json\/wp\/v2\/types\/post"}],"author":[{"embeddable":true,"href":"https:\/\/socialdesignmagazine.com\/mag\/wp-json\/wp\/v2\/users\/1"}],"replies":[{"embeddable":true,"href":"https:\/\/socialdesignmagazine.com\/mag\/wp-json\/wp\/v2\/comments?post=690"}],"version-history":[{"count":2,"href":"https:\/\/socialdesignmagazine.com\/mag\/wp-json\/wp\/v2\/posts\/690\/revisions"}],"predecessor-version":[{"id":59842,"href":"https:\/\/socialdesignmagazine.com\/mag\/wp-json\/wp\/v2\/posts\/690\/revisions\/59842"}],"wp:featuredmedia":[{"embeddable":true,"href":"https:\/\/socialdesignmagazine.com\/mag\/wp-json\/wp\/v2\/media\/7807"}],"wp:attachment":[{"href":"https:\/\/socialdesignmagazine.com\/mag\/wp-json\/wp\/v2\/media?parent=690"}],"wp:term":[{"taxonomy":"category","embeddable":true,"href":"https:\/\/socialdesignmagazine.com\/mag\/wp-json\/wp\/v2\/categories?post=690"},{"taxonomy":"post_tag","embeddable":true,"href":"https:\/\/socialdesignmagazine.com\/mag\/wp-json\/wp\/v2\/tags?post=690"}],"curies":[{"name":"wp","href":"https:\/\/api.w.org\/{rel}","templated":true}]}}