{"id":698,"date":"2012-04-27T14:00:00","date_gmt":"2012-04-27T12:00:00","guid":{"rendered":"https:\/\/socialdesignmagazine.com\/mag\/s5-architettura\/c34-architettura\/lucio-serpagli-casa-privata-a-borgo-val-di-taro\/"},"modified":"2024-05-12T22:13:39","modified_gmt":"2024-05-12T20:13:39","slug":"lucio-serpagli-casa-privata-a-borgo-val-di-taro","status":"publish","type":"post","link":"https:\/\/socialdesignmagazine.com\/mag\/architettura\/lucio-serpagli-casa-privata-a-borgo-val-di-taro\/","title":{"rendered":"Lucio Serpagli \/ Casa Privata a Borgo Val di Taro","gt_translate_keys":[{"key":"rendered","format":"text"}]},"content":{"rendered":"\n<p>La nuova costruzione si trova sul margine dello sviluppo recente del paese di Borgo Val di Taro, in una vasta area residenziale in corso di urbanizzazione. L\u2019insediamento, inserito nella geografia dei monti della Val di Taro, si presenta come un nucleo racchiuso all\u2019interno di una conca naturale circondata da profili montuosi dell\u2019Appennino.<\/p>\n\n\n\n<p>L\u2019abitazione cerca e crea nuove relazioni visive con il contesto urbano del capoluogo montano.<br>La forma cubica della casa e il volume compatto consentono all\u2019architettura dell\u2019abitazione una autonomia visiva rispetto alla particolare topografia del sito montuoso in cui \u00e8 inserita; il patio collocato a piano terra, attorno al quale si trovano la cucina e il soggiorno, rompe la compattezza del corpo di fabbrica dando luce e aria agli ambienti.<\/p>\n\n\n<div class=\"wp-block-image\">\n<figure class=\"aligncenter\"><img loading=\"lazy\" decoding=\"async\" width=\"720\" height=\"479\" data-attachment-id=\"7858\" data-permalink=\"https:\/\/socialdesignmagazine.com\/mag\/architettura\/lucio-serpagli-casa-privata-a-borgo-val-di-taro\/attachment\/lucio_serpagli_casa_privata_a_borgo_val_di_taro_4\/#content\" data-orig-file=\"https:\/\/socialdesignmagazine.com\/mag\/wp-content\/uploads\/2012\/04\/benedetto_Lucio_Serpagli_casa_privata_a_Borgo_Val_di_Taro_Lucio_Serpagli_casa_privata_a_Borgo_Val_di_Taro_4.jpg\" data-orig-size=\"720,479\" data-comments-opened=\"1\" data-image-meta=\"{&quot;aperture&quot;:&quot;0&quot;,&quot;credit&quot;:&quot;&quot;,&quot;camera&quot;:&quot;&quot;,&quot;caption&quot;:&quot;&quot;,&quot;created_timestamp&quot;:&quot;0&quot;,&quot;copyright&quot;:&quot;&quot;,&quot;focal_length&quot;:&quot;0&quot;,&quot;iso&quot;:&quot;0&quot;,&quot;shutter_speed&quot;:&quot;0&quot;,&quot;title&quot;:&quot;&quot;,&quot;orientation&quot;:&quot;0&quot;}\" data-image-title=\"Lucio_Serpagli_casa_privata_a_Borgo_Val_di_Taro_4\" data-image-description=\"\" data-image-caption=\"\" data-medium-file=\"https:\/\/socialdesignmagazine.com\/mag\/wp-content\/uploads\/2012\/04\/benedetto_Lucio_Serpagli_casa_privata_a_Borgo_Val_di_Taro_Lucio_Serpagli_casa_privata_a_Borgo_Val_di_Taro_4-396x256.jpg\" data-large-file=\"https:\/\/socialdesignmagazine.com\/mag\/wp-content\/uploads\/2012\/04\/benedetto_Lucio_Serpagli_casa_privata_a_Borgo_Val_di_Taro_Lucio_Serpagli_casa_privata_a_Borgo_Val_di_Taro_4.jpg\" src=\"https:\/\/socialdesignmagazine.com\/mag\/wp-content\/uploads\/2012\/04\/benedetto_Lucio_Serpagli_casa_privata_a_Borgo_Val_di_Taro_Lucio_Serpagli_casa_privata_a_Borgo_Val_di_Taro_4.jpg\" alt=\"Lucio_Serpagli_casa_privata_a_Borgo_Val_di_Taro_4\" class=\"wp-image-7858\" srcset=\"https:\/\/socialdesignmagazine.com\/mag\/wp-content\/uploads\/2012\/04\/benedetto_Lucio_Serpagli_casa_privata_a_Borgo_Val_di_Taro_Lucio_Serpagli_casa_privata_a_Borgo_Val_di_Taro_4.jpg 720w, https:\/\/socialdesignmagazine.com\/mag\/wp-content\/uploads\/2012\/04\/benedetto_Lucio_Serpagli_casa_privata_a_Borgo_Val_di_Taro_Lucio_Serpagli_casa_privata_a_Borgo_Val_di_Taro_4-100x66.jpg 100w\" sizes=\"auto, (max-width: 720px) 100vw, 720px\" \/><\/figure>\n<\/div>\n\n\n<p>Il quadrato e le sue variazioni geometriche, la sua met\u00e0 e i suoi  multipli rappresentano la base e la forma originaria del progetto dal  punto di vista della conformazione planimetrica. La disposizione interna  della casa \u00e8 organizzata su tre livelli di cui uno interrato e adibito  alle aree di servizio (cantina, autorimessa e locali accessori). Il  piano terreno si presenta come un unico ambiente separato da pareti che  pi\u00f9 che dividere lo spazio cercano di delimitare zone destinate ad  attivit\u00e0 diverse (il living, la cucina a vista, l\u2019ingresso e lo studio).  Il primo piano della casa \u00e8 destinato alle stanze da letto.<br> Lo spazio esterno viene proiettato all\u2019interno della casa attraverso le  ampie vetrate del patio che consentono al paesaggio circostante di  proiettarsi all\u2019interno della casa.<\/p>\n\n\n<div class=\"wp-block-image\">\n<figure class=\"aligncenter\"><img loading=\"lazy\" decoding=\"async\" width=\"720\" height=\"1080\" data-attachment-id=\"7859\" data-permalink=\"https:\/\/socialdesignmagazine.com\/mag\/architettura\/lucio-serpagli-casa-privata-a-borgo-val-di-taro\/attachment\/lucio_serpagli_casa_privata_a_borgo_val_di_taro_5\/#content\" data-orig-file=\"https:\/\/socialdesignmagazine.com\/mag\/wp-content\/uploads\/2012\/04\/benedetto_Lucio_Serpagli_casa_privata_a_Borgo_Val_di_Taro_Lucio_Serpagli_casa_privata_a_Borgo_Val_di_Taro_5.jpg\" data-orig-size=\"720,1080\" data-comments-opened=\"1\" data-image-meta=\"{&quot;aperture&quot;:&quot;0&quot;,&quot;credit&quot;:&quot;&quot;,&quot;camera&quot;:&quot;&quot;,&quot;caption&quot;:&quot;&quot;,&quot;created_timestamp&quot;:&quot;0&quot;,&quot;copyright&quot;:&quot;&quot;,&quot;focal_length&quot;:&quot;0&quot;,&quot;iso&quot;:&quot;0&quot;,&quot;shutter_speed&quot;:&quot;0&quot;,&quot;title&quot;:&quot;&quot;,&quot;orientation&quot;:&quot;0&quot;}\" data-image-title=\"Lucio_Serpagli_casa_privata_a_Borgo_Val_di_Taro_5\" data-image-description=\"\" data-image-caption=\"\" data-medium-file=\"https:\/\/socialdesignmagazine.com\/mag\/wp-content\/uploads\/2012\/04\/benedetto_Lucio_Serpagli_casa_privata_a_Borgo_Val_di_Taro_Lucio_Serpagli_casa_privata_a_Borgo_Val_di_Taro_5-396x256.jpg\" data-large-file=\"https:\/\/socialdesignmagazine.com\/mag\/wp-content\/uploads\/2012\/04\/benedetto_Lucio_Serpagli_casa_privata_a_Borgo_Val_di_Taro_Lucio_Serpagli_casa_privata_a_Borgo_Val_di_Taro_5.jpg\" src=\"https:\/\/socialdesignmagazine.com\/mag\/wp-content\/uploads\/2012\/04\/benedetto_Lucio_Serpagli_casa_privata_a_Borgo_Val_di_Taro_Lucio_Serpagli_casa_privata_a_Borgo_Val_di_Taro_5.jpg\" alt=\"Lucio_Serpagli_casa_privata_a_Borgo_Val_di_Taro_5\" class=\"wp-image-7859\"\/><\/figure>\n<\/div>\n\n<div class=\"wp-block-image\">\n<figure class=\"aligncenter\"><img loading=\"lazy\" decoding=\"async\" width=\"720\" height=\"480\" data-attachment-id=\"7860\" data-permalink=\"https:\/\/socialdesignmagazine.com\/mag\/architettura\/lucio-serpagli-casa-privata-a-borgo-val-di-taro\/attachment\/lucio_serpagli_casa_privata_a_borgo_val_di_taro_9\/#content\" data-orig-file=\"https:\/\/socialdesignmagazine.com\/mag\/wp-content\/uploads\/2012\/04\/benedetto_Lucio_Serpagli_casa_privata_a_Borgo_Val_di_Taro_Lucio_Serpagli_casa_privata_a_Borgo_Val_di_Taro_9.jpg\" data-orig-size=\"720,480\" data-comments-opened=\"1\" data-image-meta=\"{&quot;aperture&quot;:&quot;0&quot;,&quot;credit&quot;:&quot;&quot;,&quot;camera&quot;:&quot;&quot;,&quot;caption&quot;:&quot;&quot;,&quot;created_timestamp&quot;:&quot;0&quot;,&quot;copyright&quot;:&quot;&quot;,&quot;focal_length&quot;:&quot;0&quot;,&quot;iso&quot;:&quot;0&quot;,&quot;shutter_speed&quot;:&quot;0&quot;,&quot;title&quot;:&quot;&quot;,&quot;orientation&quot;:&quot;0&quot;}\" data-image-title=\"Lucio_Serpagli_casa_privata_a_Borgo_Val_di_Taro_9\" data-image-description=\"\" data-image-caption=\"\" data-medium-file=\"https:\/\/socialdesignmagazine.com\/mag\/wp-content\/uploads\/2012\/04\/benedetto_Lucio_Serpagli_casa_privata_a_Borgo_Val_di_Taro_Lucio_Serpagli_casa_privata_a_Borgo_Val_di_Taro_9-396x256.jpg\" data-large-file=\"https:\/\/socialdesignmagazine.com\/mag\/wp-content\/uploads\/2012\/04\/benedetto_Lucio_Serpagli_casa_privata_a_Borgo_Val_di_Taro_Lucio_Serpagli_casa_privata_a_Borgo_Val_di_Taro_9.jpg\" src=\"https:\/\/socialdesignmagazine.com\/mag\/wp-content\/uploads\/2012\/04\/benedetto_Lucio_Serpagli_casa_privata_a_Borgo_Val_di_Taro_Lucio_Serpagli_casa_privata_a_Borgo_Val_di_Taro_9.jpg\" alt=\"Lucio_Serpagli_casa_privata_a_Borgo_Val_di_Taro_9\" class=\"wp-image-7860\" srcset=\"https:\/\/socialdesignmagazine.com\/mag\/wp-content\/uploads\/2012\/04\/benedetto_Lucio_Serpagli_casa_privata_a_Borgo_Val_di_Taro_Lucio_Serpagli_casa_privata_a_Borgo_Val_di_Taro_9.jpg 720w, https:\/\/socialdesignmagazine.com\/mag\/wp-content\/uploads\/2012\/04\/benedetto_Lucio_Serpagli_casa_privata_a_Borgo_Val_di_Taro_Lucio_Serpagli_casa_privata_a_Borgo_Val_di_Taro_9-100x66.jpg 100w\" sizes=\"auto, (max-width: 720px) 100vw, 720px\" \/><\/figure>\n<\/div>\n\n<div class=\"wp-block-image\">\n<figure class=\"aligncenter\"><img loading=\"lazy\" decoding=\"async\" width=\"720\" height=\"480\" data-attachment-id=\"7861\" data-permalink=\"https:\/\/socialdesignmagazine.com\/mag\/architettura\/lucio-serpagli-casa-privata-a-borgo-val-di-taro\/attachment\/lucio_serpagli_casa_privata_a_borgo_val_di_taro_10\/#content\" data-orig-file=\"https:\/\/socialdesignmagazine.com\/mag\/wp-content\/uploads\/2012\/04\/benedetto_Lucio_Serpagli_casa_privata_a_Borgo_Val_di_Taro_Lucio_Serpagli_casa_privata_a_Borgo_Val_di_Taro_10.jpg\" data-orig-size=\"720,480\" data-comments-opened=\"1\" data-image-meta=\"{&quot;aperture&quot;:&quot;0&quot;,&quot;credit&quot;:&quot;&quot;,&quot;camera&quot;:&quot;&quot;,&quot;caption&quot;:&quot;&quot;,&quot;created_timestamp&quot;:&quot;0&quot;,&quot;copyright&quot;:&quot;&quot;,&quot;focal_length&quot;:&quot;0&quot;,&quot;iso&quot;:&quot;0&quot;,&quot;shutter_speed&quot;:&quot;0&quot;,&quot;title&quot;:&quot;&quot;,&quot;orientation&quot;:&quot;0&quot;}\" data-image-title=\"Lucio_Serpagli_casa_privata_a_Borgo_Val_di_Taro_10\" data-image-description=\"\" data-image-caption=\"\" data-medium-file=\"https:\/\/socialdesignmagazine.com\/mag\/wp-content\/uploads\/2012\/04\/benedetto_Lucio_Serpagli_casa_privata_a_Borgo_Val_di_Taro_Lucio_Serpagli_casa_privata_a_Borgo_Val_di_Taro_10-396x256.jpg\" data-large-file=\"https:\/\/socialdesignmagazine.com\/mag\/wp-content\/uploads\/2012\/04\/benedetto_Lucio_Serpagli_casa_privata_a_Borgo_Val_di_Taro_Lucio_Serpagli_casa_privata_a_Borgo_Val_di_Taro_10.jpg\" src=\"https:\/\/socialdesignmagazine.com\/mag\/wp-content\/uploads\/2012\/04\/benedetto_Lucio_Serpagli_casa_privata_a_Borgo_Val_di_Taro_Lucio_Serpagli_casa_privata_a_Borgo_Val_di_Taro_10.jpg\" alt=\"Lucio_Serpagli_casa_privata_a_Borgo_Val_di_Taro_10\" class=\"wp-image-7861\" srcset=\"https:\/\/socialdesignmagazine.com\/mag\/wp-content\/uploads\/2012\/04\/benedetto_Lucio_Serpagli_casa_privata_a_Borgo_Val_di_Taro_Lucio_Serpagli_casa_privata_a_Borgo_Val_di_Taro_10.jpg 720w, https:\/\/socialdesignmagazine.com\/mag\/wp-content\/uploads\/2012\/04\/benedetto_Lucio_Serpagli_casa_privata_a_Borgo_Val_di_Taro_Lucio_Serpagli_casa_privata_a_Borgo_Val_di_Taro_10-100x66.jpg 100w\" sizes=\"auto, (max-width: 720px) 100vw, 720px\" \/><\/figure>\n<\/div>\n\n<div class=\"wp-block-image\">\n<figure class=\"aligncenter\"><img loading=\"lazy\" decoding=\"async\" width=\"720\" height=\"496\" data-attachment-id=\"7862\" data-permalink=\"https:\/\/socialdesignmagazine.com\/mag\/architettura\/lucio-serpagli-casa-privata-a-borgo-val-di-taro\/attachment\/lucio_serpagli_casa_privata_a_borgo_val_di_taro_piante\/#content\" data-orig-file=\"https:\/\/socialdesignmagazine.com\/mag\/wp-content\/uploads\/2012\/04\/benedetto_Lucio_Serpagli_casa_privata_a_Borgo_Val_di_Taro_Lucio_Serpagli_casa_privata_a_Borgo_Val_di_Taro_piante.jpg\" data-orig-size=\"720,496\" data-comments-opened=\"1\" data-image-meta=\"{&quot;aperture&quot;:&quot;0&quot;,&quot;credit&quot;:&quot;&quot;,&quot;camera&quot;:&quot;&quot;,&quot;caption&quot;:&quot;&quot;,&quot;created_timestamp&quot;:&quot;0&quot;,&quot;copyright&quot;:&quot;&quot;,&quot;focal_length&quot;:&quot;0&quot;,&quot;iso&quot;:&quot;0&quot;,&quot;shutter_speed&quot;:&quot;0&quot;,&quot;title&quot;:&quot;&quot;,&quot;orientation&quot;:&quot;0&quot;}\" data-image-title=\"Lucio_Serpagli_casa_privata_a_Borgo_Val_di_Taro_piante\" data-image-description=\"\" data-image-caption=\"\" data-medium-file=\"https:\/\/socialdesignmagazine.com\/mag\/wp-content\/uploads\/2012\/04\/benedetto_Lucio_Serpagli_casa_privata_a_Borgo_Val_di_Taro_Lucio_Serpagli_casa_privata_a_Borgo_Val_di_Taro_piante-396x256.jpg\" data-large-file=\"https:\/\/socialdesignmagazine.com\/mag\/wp-content\/uploads\/2012\/04\/benedetto_Lucio_Serpagli_casa_privata_a_Borgo_Val_di_Taro_Lucio_Serpagli_casa_privata_a_Borgo_Val_di_Taro_piante.jpg\" src=\"https:\/\/socialdesignmagazine.com\/mag\/wp-content\/uploads\/2012\/04\/benedetto_Lucio_Serpagli_casa_privata_a_Borgo_Val_di_Taro_Lucio_Serpagli_casa_privata_a_Borgo_Val_di_Taro_piante.jpg\" alt=\"Lucio_Serpagli_casa_privata_a_Borgo_Val_di_Taro_piante\" class=\"wp-image-7862\"\/><\/figure>\n<\/div>\n\n\n<p><strong>Casa Privata,\u00a0 Borgo Val di Taro (Parma)<\/strong><br><strong>Costruzione:<\/strong> 2007 <br> <strong>Progetto:<\/strong> Lucio Serpagli con: Romano Giliotti; <br><strong>collaboratori:<\/strong> Giuseppe Stefanini, Olinto Malpeli (fotografie)<\/p>\n","protected":false,"gt_translate_keys":[{"key":"rendered","format":"html"}]},"excerpt":{"rendered":"<p>La nuova costruzione si trova sul margine dello sviluppo recente del paese di Borgo Val di Taro, in una vasta area residenziale in corso di urbanizzazione.<\/p>\n","protected":false,"gt_translate_keys":[{"key":"rendered","format":"html"}]},"author":1,"featured_media":7857,"comment_status":"open","ping_status":"open","sticky":false,"template":"","format":"standard","meta":{"jetpack_post_was_ever_published":false,"_jetpack_newsletter_access":"","_jetpack_dont_email_post_to_subs":false,"_jetpack_newsletter_tier_id":0,"_jetpack_memberships_contains_paywalled_content":false,"_jetpack_memberships_contains_paid_content":false,"footnotes":"","_wpscppro_dont_share_socialmedia":false,"_wpscppro_custom_social_share_image":0,"_facebook_share_type":"","_twitter_share_type":"","_linkedin_share_type":"","_pinterest_share_type":"","_linkedin_share_type_page":"","_instagram_share_type":"","_medium_share_type":"","_threads_share_type":"","_google_business_share_type":"","_selected_social_profile":[],"_wpsp_enable_custom_social_template":false,"_wpsp_social_scheduling":{"enabled":false,"datetime":null,"platforms":[],"status":"template_only","dateOption":"today","timeOption":"now","customDays":"","customHours":"","customDate":"","customTime":"","schedulingType":"absolute"},"_wpsp_active_default_template":true},"categories":[15],"tags":[],"class_list":["post-698","post","type-post","status-publish","format-standard","has-post-thumbnail","hentry","category-architettura"],"yoast_head":"<!-- This site is optimized with the Yoast SEO plugin v27.2 - https:\/\/yoast.com\/product\/yoast-seo-wordpress\/ -->\n<title>Lucio Serpagli \/ Casa Privata a Borgo Val di Taro - Social Design Magazine<\/title>\n<meta name=\"description\" content=\"La nuova costruzione si trova sul margine dello sviluppo recente del paese di Borgo Val di Taro, in una vasta area residenziale in corso di urbanizzazione.\" \/>\n<meta name=\"robots\" content=\"index, follow, max-snippet:-1, max-image-preview:large, max-video-preview:-1\" \/>\n<link rel=\"canonical\" href=\"https:\/\/socialdesignmagazine.com\/mag\/architettura\/lucio-serpagli-casa-privata-a-borgo-val-di-taro\/\" \/>\n<meta property=\"og:locale\" content=\"it_IT\" \/>\n<meta property=\"og:type\" content=\"article\" \/>\n<meta property=\"og:title\" content=\"Lucio Serpagli \/ Casa Privata a Borgo Val di Taro - Social Design Magazine\" \/>\n<meta property=\"og:description\" content=\"La nuova costruzione si trova sul margine dello sviluppo recente del paese di Borgo Val di Taro, in una vasta area residenziale in corso di urbanizzazione.\" \/>\n<meta property=\"og:url\" content=\"https:\/\/socialdesignmagazine.com\/mag\/architettura\/lucio-serpagli-casa-privata-a-borgo-val-di-taro\/\" \/>\n<meta property=\"og:site_name\" content=\"Social Design Magazine\" \/>\n<meta property=\"article:publisher\" content=\"https:\/\/www.facebook.com\/socialdesignmag\" \/>\n<meta property=\"article:author\" content=\"https:\/\/www.facebook.com\/benedettofiori\" \/>\n<meta property=\"article:published_time\" content=\"2012-04-27T12:00:00+00:00\" \/>\n<meta property=\"article:modified_time\" content=\"2024-05-12T20:13:39+00:00\" \/>\n<meta property=\"og:image\" content=\"https:\/\/socialdesignmagazine.com\/mag\/wp-content\/uploads\/2012\/04\/benedetto_Lucio_Serpagli_casa_privata_a_Borgo_Val_di_Taro_Lucio_Serpagli_casa_privata_a_Borgo_Val_di_Taro_3.jpg\" \/>\n\t<meta property=\"og:image:width\" content=\"720\" \/>\n\t<meta property=\"og:image:height\" content=\"480\" \/>\n\t<meta property=\"og:image:type\" content=\"image\/jpeg\" \/>\n<meta name=\"author\" content=\"Benedetto Fiori\" \/>\n<meta name=\"twitter:card\" content=\"summary_large_image\" \/>\n<meta name=\"twitter:creator\" content=\"@benedettofiori\" \/>\n<meta name=\"twitter:site\" content=\"@socialdesignmag\" \/>\n<meta name=\"twitter:label1\" content=\"Scritto da\" \/>\n\t<meta name=\"twitter:data1\" content=\"Benedetto Fiori\" \/>\n\t<meta name=\"twitter:label2\" content=\"Tempo di lettura stimato\" \/>\n\t<meta name=\"twitter:data2\" content=\"3 minuti\" \/>\n<script type=\"application\/ld+json\" class=\"yoast-schema-graph\">{\"@context\":\"https:\/\/schema.org\",\"@graph\":[{\"@type\":\"Article\",\"@id\":\"https:\/\/socialdesignmagazine.com\/mag\/architettura\/lucio-serpagli-casa-privata-a-borgo-val-di-taro\/#article\",\"isPartOf\":{\"@id\":\"https:\/\/socialdesignmagazine.com\/mag\/architettura\/lucio-serpagli-casa-privata-a-borgo-val-di-taro\/\"},\"author\":{\"name\":\"Benedetto Fiori\",\"@id\":\"https:\/\/socialdesignmagazine.com\/mag\/#\/schema\/person\/61e20205cc363c315e6aabd33a045846\"},\"headline\":\"Lucio Serpagli \/ Casa Privata a Borgo Val di Taro\",\"datePublished\":\"2012-04-27T12:00:00+00:00\",\"dateModified\":\"2024-05-12T20:13:39+00:00\",\"mainEntityOfPage\":{\"@id\":\"https:\/\/socialdesignmagazine.com\/mag\/architettura\/lucio-serpagli-casa-privata-a-borgo-val-di-taro\/\"},\"wordCount\":282,\"commentCount\":0,\"publisher\":{\"@id\":\"https:\/\/socialdesignmagazine.com\/mag\/#organization\"},\"image\":{\"@id\":\"https:\/\/socialdesignmagazine.com\/mag\/architettura\/lucio-serpagli-casa-privata-a-borgo-val-di-taro\/#primaryimage\"},\"thumbnailUrl\":\"https:\/\/socialdesignmagazine.com\/mag\/wp-content\/uploads\/2012\/04\/benedetto_Lucio_Serpagli_casa_privata_a_Borgo_Val_di_Taro_Lucio_Serpagli_casa_privata_a_Borgo_Val_di_Taro_3.jpg\",\"articleSection\":[\"Architettura\"],\"inLanguage\":\"it-IT\",\"potentialAction\":[{\"@type\":\"CommentAction\",\"name\":\"Comment\",\"target\":[\"https:\/\/socialdesignmagazine.com\/mag\/architettura\/lucio-serpagli-casa-privata-a-borgo-val-di-taro\/#respond\"]}]},{\"@type\":\"WebPage\",\"@id\":\"https:\/\/socialdesignmagazine.com\/mag\/architettura\/lucio-serpagli-casa-privata-a-borgo-val-di-taro\/\",\"url\":\"https:\/\/socialdesignmagazine.com\/mag\/architettura\/lucio-serpagli-casa-privata-a-borgo-val-di-taro\/\",\"name\":\"Lucio Serpagli \/ Casa Privata a Borgo Val di Taro - Social Design Magazine\",\"isPartOf\":{\"@id\":\"https:\/\/socialdesignmagazine.com\/mag\/#website\"},\"primaryImageOfPage\":{\"@id\":\"https:\/\/socialdesignmagazine.com\/mag\/architettura\/lucio-serpagli-casa-privata-a-borgo-val-di-taro\/#primaryimage\"},\"image\":{\"@id\":\"https:\/\/socialdesignmagazine.com\/mag\/architettura\/lucio-serpagli-casa-privata-a-borgo-val-di-taro\/#primaryimage\"},\"thumbnailUrl\":\"https:\/\/socialdesignmagazine.com\/mag\/wp-content\/uploads\/2012\/04\/benedetto_Lucio_Serpagli_casa_privata_a_Borgo_Val_di_Taro_Lucio_Serpagli_casa_privata_a_Borgo_Val_di_Taro_3.jpg\",\"datePublished\":\"2012-04-27T12:00:00+00:00\",\"dateModified\":\"2024-05-12T20:13:39+00:00\",\"description\":\"La nuova costruzione si trova sul margine dello sviluppo recente del paese di Borgo Val di Taro, in una vasta area residenziale in corso di urbanizzazione.\",\"breadcrumb\":{\"@id\":\"https:\/\/socialdesignmagazine.com\/mag\/architettura\/lucio-serpagli-casa-privata-a-borgo-val-di-taro\/#breadcrumb\"},\"inLanguage\":\"it-IT\",\"potentialAction\":[{\"@type\":\"ReadAction\",\"target\":[\"https:\/\/socialdesignmagazine.com\/mag\/architettura\/lucio-serpagli-casa-privata-a-borgo-val-di-taro\/\"]}]},{\"@type\":\"ImageObject\",\"inLanguage\":\"it-IT\",\"@id\":\"https:\/\/socialdesignmagazine.com\/mag\/architettura\/lucio-serpagli-casa-privata-a-borgo-val-di-taro\/#primaryimage\",\"url\":\"https:\/\/socialdesignmagazine.com\/mag\/wp-content\/uploads\/2012\/04\/benedetto_Lucio_Serpagli_casa_privata_a_Borgo_Val_di_Taro_Lucio_Serpagli_casa_privata_a_Borgo_Val_di_Taro_3.jpg\",\"contentUrl\":\"https:\/\/socialdesignmagazine.com\/mag\/wp-content\/uploads\/2012\/04\/benedetto_Lucio_Serpagli_casa_privata_a_Borgo_Val_di_Taro_Lucio_Serpagli_casa_privata_a_Borgo_Val_di_Taro_3.jpg\",\"width\":720,\"height\":480,\"caption\":\"Lucio_Serpagli_casa_privata_a_Borgo_Val_di_Taro_3\"},{\"@type\":\"BreadcrumbList\",\"@id\":\"https:\/\/socialdesignmagazine.com\/mag\/architettura\/lucio-serpagli-casa-privata-a-borgo-val-di-taro\/#breadcrumb\",\"itemListElement\":[{\"@type\":\"ListItem\",\"position\":1,\"name\":\"Home\",\"item\":\"https:\/\/socialdesignmagazine.com\/mag\/\"},{\"@type\":\"ListItem\",\"position\":2,\"name\":\"Architettura\",\"item\":\"https:\/\/socialdesignmagazine.com\/mag\/architettura\/\"},{\"@type\":\"ListItem\",\"position\":3,\"name\":\"Lucio Serpagli \/ Casa Privata a Borgo Val di Taro\"}]},{\"@type\":\"WebSite\",\"@id\":\"https:\/\/socialdesignmagazine.com\/mag\/#website\",\"url\":\"https:\/\/socialdesignmagazine.com\/mag\/\",\"name\":\"Social Design Magazine\",\"description\":\"Social Magazine su Design, Architettura, Arte, Grafica\",\"publisher\":{\"@id\":\"https:\/\/socialdesignmagazine.com\/mag\/#organization\"},\"potentialAction\":[{\"@type\":\"SearchAction\",\"target\":{\"@type\":\"EntryPoint\",\"urlTemplate\":\"https:\/\/socialdesignmagazine.com\/mag\/?s={search_term_string}\"},\"query-input\":{\"@type\":\"PropertyValueSpecification\",\"valueRequired\":true,\"valueName\":\"search_term_string\"}}],\"inLanguage\":\"it-IT\"},{\"@type\":\"Organization\",\"@id\":\"https:\/\/socialdesignmagazine.com\/mag\/#organization\",\"name\":\"Social Design Magazine\",\"url\":\"https:\/\/socialdesignmagazine.com\/mag\/\",\"logo\":{\"@type\":\"ImageObject\",\"inLanguage\":\"it-IT\",\"@id\":\"https:\/\/socialdesignmagazine.com\/mag\/#\/schema\/logo\/image\/\",\"url\":\"https:\/\/socialdesignmagazine.com\/mag\/wp-content\/uploads\/2017\/01\/logo_favicon_11.png\",\"contentUrl\":\"https:\/\/socialdesignmagazine.com\/mag\/wp-content\/uploads\/2017\/01\/logo_favicon_11.png\",\"width\":1024,\"height\":1024,\"caption\":\"Social Design Magazine\"},\"image\":{\"@id\":\"https:\/\/socialdesignmagazine.com\/mag\/#\/schema\/logo\/image\/\"},\"sameAs\":[\"https:\/\/www.facebook.com\/socialdesignmag\",\"https:\/\/x.com\/socialdesignmag\",\"http:\/\/instagram.com\/social_design_magazine\/\",\"http:\/\/pinterest.com\/socialdesignmag\/\",\"http:\/\/www.youtube.com\/user\/socialdesignmagazine\"]},{\"@type\":\"Person\",\"@id\":\"https:\/\/socialdesignmagazine.com\/mag\/#\/schema\/person\/61e20205cc363c315e6aabd33a045846\",\"name\":\"Benedetto Fiori\",\"image\":{\"@type\":\"ImageObject\",\"inLanguage\":\"it-IT\",\"@id\":\"https:\/\/secure.gravatar.com\/avatar\/450a48cefa36da63d920ad70aa660bd10725b1c6093800242e5efdb397759033?s=96&d=mm&r=g\",\"url\":\"https:\/\/secure.gravatar.com\/avatar\/450a48cefa36da63d920ad70aa660bd10725b1c6093800242e5efdb397759033?s=96&d=mm&r=g\",\"contentUrl\":\"https:\/\/secure.gravatar.com\/avatar\/450a48cefa36da63d920ad70aa660bd10725b1c6093800242e5efdb397759033?s=96&d=mm&r=g\",\"caption\":\"Benedetto Fiori\"},\"description\":\"Web | Twitter | Facebook | Shutterstock Founder &amp; Editor in Chief di Social Design Magazine. Attratto da sempre da tutto ci\u00f2 che \u00e8 creativit\u00e0, design, architettura. Dopo aver studiato Architettura all'Universit\u00e0 di Firenze, si \u00e8 impegnato in molteplici campi: comunicazione grafica, progettazione di allestimenti fieristici, brand design, Interior Design.\",\"sameAs\":[\"http:\/\/benedettofiori.com\",\"https:\/\/www.facebook.com\/benedettofiori\",\"https:\/\/x.com\/benedettofiori\"],\"url\":\"https:\/\/socialdesignmagazine.com\/mag\/author\/benedetto\/\"}]}<\/script>\n<!-- \/ Yoast SEO plugin. -->","yoast_head_json":{"title":"Lucio Serpagli \/ Casa Privata a Borgo Val di Taro - Social Design Magazine","description":"La nuova costruzione si trova sul margine dello sviluppo recente del paese di Borgo Val di Taro, in una vasta area residenziale in corso di urbanizzazione.","robots":{"index":"index","follow":"follow","max-snippet":"max-snippet:-1","max-image-preview":"max-image-preview:large","max-video-preview":"max-video-preview:-1"},"canonical":"https:\/\/socialdesignmagazine.com\/mag\/architettura\/lucio-serpagli-casa-privata-a-borgo-val-di-taro\/","og_locale":"it_IT","og_type":"article","og_title":"Lucio Serpagli \/ Casa Privata a Borgo Val di Taro - Social Design Magazine","og_description":"La nuova costruzione si trova sul margine dello sviluppo recente del paese di Borgo Val di Taro, in una vasta area residenziale in corso di urbanizzazione.","og_url":"https:\/\/socialdesignmagazine.com\/mag\/architettura\/lucio-serpagli-casa-privata-a-borgo-val-di-taro\/","og_site_name":"Social Design Magazine","article_publisher":"https:\/\/www.facebook.com\/socialdesignmag","article_author":"https:\/\/www.facebook.com\/benedettofiori","article_published_time":"2012-04-27T12:00:00+00:00","article_modified_time":"2024-05-12T20:13:39+00:00","og_image":[{"width":720,"height":480,"url":"https:\/\/socialdesignmagazine.com\/mag\/wp-content\/uploads\/2012\/04\/benedetto_Lucio_Serpagli_casa_privata_a_Borgo_Val_di_Taro_Lucio_Serpagli_casa_privata_a_Borgo_Val_di_Taro_3.jpg","type":"image\/jpeg"}],"author":"Benedetto Fiori","twitter_card":"summary_large_image","twitter_creator":"@benedettofiori","twitter_site":"@socialdesignmag","twitter_misc":{"Scritto da":"Benedetto Fiori","Tempo di lettura stimato":"3 minuti"},"schema":{"@context":"https:\/\/schema.org","@graph":[{"@type":"Article","@id":"https:\/\/socialdesignmagazine.com\/mag\/architettura\/lucio-serpagli-casa-privata-a-borgo-val-di-taro\/#article","isPartOf":{"@id":"https:\/\/socialdesignmagazine.com\/mag\/architettura\/lucio-serpagli-casa-privata-a-borgo-val-di-taro\/"},"author":{"name":"Benedetto Fiori","@id":"https:\/\/socialdesignmagazine.com\/mag\/#\/schema\/person\/61e20205cc363c315e6aabd33a045846"},"headline":"Lucio Serpagli \/ Casa Privata a Borgo Val di Taro","datePublished":"2012-04-27T12:00:00+00:00","dateModified":"2024-05-12T20:13:39+00:00","mainEntityOfPage":{"@id":"https:\/\/socialdesignmagazine.com\/mag\/architettura\/lucio-serpagli-casa-privata-a-borgo-val-di-taro\/"},"wordCount":282,"commentCount":0,"publisher":{"@id":"https:\/\/socialdesignmagazine.com\/mag\/#organization"},"image":{"@id":"https:\/\/socialdesignmagazine.com\/mag\/architettura\/lucio-serpagli-casa-privata-a-borgo-val-di-taro\/#primaryimage"},"thumbnailUrl":"https:\/\/socialdesignmagazine.com\/mag\/wp-content\/uploads\/2012\/04\/benedetto_Lucio_Serpagli_casa_privata_a_Borgo_Val_di_Taro_Lucio_Serpagli_casa_privata_a_Borgo_Val_di_Taro_3.jpg","articleSection":["Architettura"],"inLanguage":"it-IT","potentialAction":[{"@type":"CommentAction","name":"Comment","target":["https:\/\/socialdesignmagazine.com\/mag\/architettura\/lucio-serpagli-casa-privata-a-borgo-val-di-taro\/#respond"]}]},{"@type":"WebPage","@id":"https:\/\/socialdesignmagazine.com\/mag\/architettura\/lucio-serpagli-casa-privata-a-borgo-val-di-taro\/","url":"https:\/\/socialdesignmagazine.com\/mag\/architettura\/lucio-serpagli-casa-privata-a-borgo-val-di-taro\/","name":"Lucio Serpagli \/ Casa Privata a Borgo Val di Taro - Social Design Magazine","isPartOf":{"@id":"https:\/\/socialdesignmagazine.com\/mag\/#website"},"primaryImageOfPage":{"@id":"https:\/\/socialdesignmagazine.com\/mag\/architettura\/lucio-serpagli-casa-privata-a-borgo-val-di-taro\/#primaryimage"},"image":{"@id":"https:\/\/socialdesignmagazine.com\/mag\/architettura\/lucio-serpagli-casa-privata-a-borgo-val-di-taro\/#primaryimage"},"thumbnailUrl":"https:\/\/socialdesignmagazine.com\/mag\/wp-content\/uploads\/2012\/04\/benedetto_Lucio_Serpagli_casa_privata_a_Borgo_Val_di_Taro_Lucio_Serpagli_casa_privata_a_Borgo_Val_di_Taro_3.jpg","datePublished":"2012-04-27T12:00:00+00:00","dateModified":"2024-05-12T20:13:39+00:00","description":"La nuova costruzione si trova sul margine dello sviluppo recente del paese di Borgo Val di Taro, in una vasta area residenziale in corso di urbanizzazione.","breadcrumb":{"@id":"https:\/\/socialdesignmagazine.com\/mag\/architettura\/lucio-serpagli-casa-privata-a-borgo-val-di-taro\/#breadcrumb"},"inLanguage":"it-IT","potentialAction":[{"@type":"ReadAction","target":["https:\/\/socialdesignmagazine.com\/mag\/architettura\/lucio-serpagli-casa-privata-a-borgo-val-di-taro\/"]}]},{"@type":"ImageObject","inLanguage":"it-IT","@id":"https:\/\/socialdesignmagazine.com\/mag\/architettura\/lucio-serpagli-casa-privata-a-borgo-val-di-taro\/#primaryimage","url":"https:\/\/socialdesignmagazine.com\/mag\/wp-content\/uploads\/2012\/04\/benedetto_Lucio_Serpagli_casa_privata_a_Borgo_Val_di_Taro_Lucio_Serpagli_casa_privata_a_Borgo_Val_di_Taro_3.jpg","contentUrl":"https:\/\/socialdesignmagazine.com\/mag\/wp-content\/uploads\/2012\/04\/benedetto_Lucio_Serpagli_casa_privata_a_Borgo_Val_di_Taro_Lucio_Serpagli_casa_privata_a_Borgo_Val_di_Taro_3.jpg","width":720,"height":480,"caption":"Lucio_Serpagli_casa_privata_a_Borgo_Val_di_Taro_3"},{"@type":"BreadcrumbList","@id":"https:\/\/socialdesignmagazine.com\/mag\/architettura\/lucio-serpagli-casa-privata-a-borgo-val-di-taro\/#breadcrumb","itemListElement":[{"@type":"ListItem","position":1,"name":"Home","item":"https:\/\/socialdesignmagazine.com\/mag\/"},{"@type":"ListItem","position":2,"name":"Architettura","item":"https:\/\/socialdesignmagazine.com\/mag\/architettura\/"},{"@type":"ListItem","position":3,"name":"Lucio Serpagli \/ Casa Privata a Borgo Val di Taro"}]},{"@type":"WebSite","@id":"https:\/\/socialdesignmagazine.com\/mag\/#website","url":"https:\/\/socialdesignmagazine.com\/mag\/","name":"Social Design Magazine","description":"Social Magazine su Design, Architettura, Arte, Grafica","publisher":{"@id":"https:\/\/socialdesignmagazine.com\/mag\/#organization"},"potentialAction":[{"@type":"SearchAction","target":{"@type":"EntryPoint","urlTemplate":"https:\/\/socialdesignmagazine.com\/mag\/?s={search_term_string}"},"query-input":{"@type":"PropertyValueSpecification","valueRequired":true,"valueName":"search_term_string"}}],"inLanguage":"it-IT"},{"@type":"Organization","@id":"https:\/\/socialdesignmagazine.com\/mag\/#organization","name":"Social Design Magazine","url":"https:\/\/socialdesignmagazine.com\/mag\/","logo":{"@type":"ImageObject","inLanguage":"it-IT","@id":"https:\/\/socialdesignmagazine.com\/mag\/#\/schema\/logo\/image\/","url":"https:\/\/socialdesignmagazine.com\/mag\/wp-content\/uploads\/2017\/01\/logo_favicon_11.png","contentUrl":"https:\/\/socialdesignmagazine.com\/mag\/wp-content\/uploads\/2017\/01\/logo_favicon_11.png","width":1024,"height":1024,"caption":"Social Design Magazine"},"image":{"@id":"https:\/\/socialdesignmagazine.com\/mag\/#\/schema\/logo\/image\/"},"sameAs":["https:\/\/www.facebook.com\/socialdesignmag","https:\/\/x.com\/socialdesignmag","http:\/\/instagram.com\/social_design_magazine\/","http:\/\/pinterest.com\/socialdesignmag\/","http:\/\/www.youtube.com\/user\/socialdesignmagazine"]},{"@type":"Person","@id":"https:\/\/socialdesignmagazine.com\/mag\/#\/schema\/person\/61e20205cc363c315e6aabd33a045846","name":"Benedetto Fiori","image":{"@type":"ImageObject","inLanguage":"it-IT","@id":"https:\/\/secure.gravatar.com\/avatar\/450a48cefa36da63d920ad70aa660bd10725b1c6093800242e5efdb397759033?s=96&d=mm&r=g","url":"https:\/\/secure.gravatar.com\/avatar\/450a48cefa36da63d920ad70aa660bd10725b1c6093800242e5efdb397759033?s=96&d=mm&r=g","contentUrl":"https:\/\/secure.gravatar.com\/avatar\/450a48cefa36da63d920ad70aa660bd10725b1c6093800242e5efdb397759033?s=96&d=mm&r=g","caption":"Benedetto Fiori"},"description":"Web | Twitter | Facebook | Shutterstock Founder &amp; Editor in Chief di Social Design Magazine. Attratto da sempre da tutto ci\u00f2 che \u00e8 creativit\u00e0, design, architettura. Dopo aver studiato Architettura all'Universit\u00e0 di Firenze, si \u00e8 impegnato in molteplici campi: comunicazione grafica, progettazione di allestimenti fieristici, brand design, Interior Design.","sameAs":["http:\/\/benedettofiori.com","https:\/\/www.facebook.com\/benedettofiori","https:\/\/x.com\/benedettofiori"],"url":"https:\/\/socialdesignmagazine.com\/mag\/author\/benedetto\/"}]}},"jetpack_featured_media_url":"https:\/\/socialdesignmagazine.com\/mag\/wp-content\/uploads\/2012\/04\/benedetto_Lucio_Serpagli_casa_privata_a_Borgo_Val_di_Taro_Lucio_Serpagli_casa_privata_a_Borgo_Val_di_Taro_3.jpg","jetpack_sharing_enabled":true,"jetpack_shortlink":"https:\/\/wp.me\/p6cV7V-bg","gt_translate_keys":[{"key":"link","format":"url"}],"_links":{"self":[{"href":"https:\/\/socialdesignmagazine.com\/mag\/wp-json\/wp\/v2\/posts\/698","targetHints":{"allow":["GET"]}}],"collection":[{"href":"https:\/\/socialdesignmagazine.com\/mag\/wp-json\/wp\/v2\/posts"}],"about":[{"href":"https:\/\/socialdesignmagazine.com\/mag\/wp-json\/wp\/v2\/types\/post"}],"author":[{"embeddable":true,"href":"https:\/\/socialdesignmagazine.com\/mag\/wp-json\/wp\/v2\/users\/1"}],"replies":[{"embeddable":true,"href":"https:\/\/socialdesignmagazine.com\/mag\/wp-json\/wp\/v2\/comments?post=698"}],"version-history":[{"count":1,"href":"https:\/\/socialdesignmagazine.com\/mag\/wp-json\/wp\/v2\/posts\/698\/revisions"}],"predecessor-version":[{"id":59822,"href":"https:\/\/socialdesignmagazine.com\/mag\/wp-json\/wp\/v2\/posts\/698\/revisions\/59822"}],"wp:featuredmedia":[{"embeddable":true,"href":"https:\/\/socialdesignmagazine.com\/mag\/wp-json\/wp\/v2\/media\/7857"}],"wp:attachment":[{"href":"https:\/\/socialdesignmagazine.com\/mag\/wp-json\/wp\/v2\/media?parent=698"}],"wp:term":[{"taxonomy":"category","embeddable":true,"href":"https:\/\/socialdesignmagazine.com\/mag\/wp-json\/wp\/v2\/categories?post=698"},{"taxonomy":"post_tag","embeddable":true,"href":"https:\/\/socialdesignmagazine.com\/mag\/wp-json\/wp\/v2\/tags?post=698"}],"curies":[{"name":"wp","href":"https:\/\/api.w.org\/{rel}","templated":true}]}}