{"id":705,"date":"2012-05-05T10:00:00","date_gmt":"2012-05-05T08:00:00","guid":{"rendered":"https:\/\/socialdesignmagazine.com\/mag\/s6-design\/c35-design\/un-evento-di-successo-per-la-nuova-generazione-del-design-americano-gli-oggetti-davanguardia-di-giovani-designer-dello-scad-sono-stati-presentati-a-milano\/"},"modified":"2024-05-12T22:38:39","modified_gmt":"2024-05-12T20:38:39","slug":"un-evento-di-successo-per-la-nuova-generazione-del-design-americano-gli-oggetti-davanguardia-di-giovani-designer-dello-scad-sono-stati-presentati-a-milano","status":"publish","type":"post","link":"https:\/\/socialdesignmagazine.com\/mag\/design\/un-evento-di-successo-per-la-nuova-generazione-del-design-americano-gli-oggetti-davanguardia-di-giovani-designer-dello-scad-sono-stati-presentati-a-milano\/","title":{"rendered":"Un evento di successo per la nuova generazione del design americano Gli oggetti d&#8217;avanguardia di giovani designer dello SCAD sono stati presentati a Milano","gt_translate_keys":[{"key":"rendered","format":"text"}]},"content":{"rendered":"\n<p>Pi\u00f9 di 150 persone hanno accolto l&#8217;invito dell&#8217;universit\u00e0 Savannah College of Art and Design (SCAD) che, in occasione del Salone del Mobile, ha organizzato una serata speciale per presentare i giovani talenti del programma di Furniture Design il 19 aprile, presso Design Library (Via Savona 11). L&#8217;evento ha avuto come ospite speciale il console generale degli Stati Uniti a Milano, Kyle R. Scott, che ha fatto un caloroso discorso di benvenuto ricordando maestri come Charles &amp; Ray Eames e Isamu Noguchi, oltre a ribadire l&#8217;importanza della manifestazione milanese come vetrina internazionale ed augurare tanta ispirazione e lunga vita agli esordienti.<\/p>\n\n\n\n<p>In mostra, creazioni di designers come Mark Leveno e John McMahon che interagivano col pubblico. Del primo, erano esposti due prodotti: la sedia Yeti, in acciaio, schiuma e lana naturale -il cui nome \u00e8 ispirato al leggendario \u201cAbominevole uomo delle nevi\u201c-in riferimento al suo inconsueto sedile; e lo sgabello Droid realizzato in acciaio, legno, schiuma e tessuto sportivo di alto disimpegno, che assomiglia ad un robot e si ispira al periodo in cui Leveno ha vissuto a Hong Kong, cercato da un\u2019infinit\u00e0 di prodotti elettronici.<\/p>\n\n\n\n<p>Di McMahon era in esposizione lo sgabello Colchone nelle versioni in noce, mogano e acero con sostegno in alluminio, che gioca con la percezione visiva grazie alla consistente superficie in legno e al disegno che evoca la morbidezza di un cuscino. La mostra era composta ancora dalla Fractal Bowl, di Amanda Kressler, fruttiera in metallo, accattivante nella sua forma asimmetrica e bordi frastagliati; dal vaso Labbra, di Thomas Fullmer, in plastica ABS, che risulta dalle funzionalit\u00e0 della stampa 3D a deposizione fusa e si scompone in altri recipienti; dalla lampada Ambar, di Joseph Willet, anch&#8217;essa in plastica ABS e prodotta con stampa 3D, che ricorda il frutto dell&#8217;albero Storace con le sue sporgenze appuntite.<\/p>\n\n\n\n<p>La speciale serata era anche  un&#8217;occasione per festeggiare lo studio PLZ DNT TCH, che ha debuttato al  Salone Satellite ed \u00e8 diretto da Bradley Bowers, Alejandro Figueredo e  Matt Gray, studenti del programma di Furniture Design dello SCAD. Il  trio ha presentato esclusivamente a Rho Fiera una serie di prodotti  innovativi. Portavano la firma di Bradley Bowers l&#8217;originale vaso Om  prodotto artigianalmente con carta di cotone e lattice, dotato di una  forte espressione artistica dovuta alla sua forma atipica. Il concetto  di questo oggetto esplora le idee di bellezza, decadimento, vita, morte e  permanenza: l&#8217;acqua non pu\u00f2 essere aggiunta al vaso senza la  conseguenza di distruggerlo in poco tempo; quindi l&#8217;utente deve  scegliere tra mantenere il vaso oppure adornarlo con fiori per una vita  breve.<\/p>\n\n\n\n<p>Dello stesso designer, Shell,  una specie di chaise longue che gioca con il senso di stabilit\u00e0, ed il  soprammobile Mona, che prende il vecchio nome inglese della Luna. La  luce gioca sulla superficie di questo pezzo dolcemente e gradualmente,  come accade con l&#8217;ombra della Terra sulla superficie della Luna. Mona ha  un declive leggero il che dimostra la sua dualit\u00e0: essere al tempo  stesso una ciotola e un piatto. Matt Gray ha partecipato con Li, un  tavolo che propone un contrasto tra il piano in legno bruciato e la base  bianca immacolata in Corian, e con Ante, una serie di oggetti a forma  di corna da fissare alla parete, utilizzabili come appendiabiti o  decorazioni artistiche, che creano una contrapposizione tra natura e  manufatti.<\/p>\n\n\n\n<p>Alejandro Figueredo ha esposto   due lampade: una da terra, Ligna, e un&#8217;altra a sospensione, Gira,   entrambe della sua linea di prodotti sul tema dell&#8217;equilibrio e della   tensione. Gira, ad esempio, esplora movimento e stabilit\u00e0, raggiungendo   armonia attraverso pezzi co-dipendenti legati ad un singolo punto. Gira   ruota nello spazio, attivando la luce per riscoprire le ombre.<\/p>\n\n\n\n<p>Il Savannah College of Art and   Design \u00e8 un&#8217;universit\u00e0 privata, ente no profit accreditato per diplomi   di laurea e master in diverse sedi e attraverso il programma e-learning,   che prepara gli studenti per le carriere professionali offrendo pi\u00f9 di   40 indirizzi di studio. Il corpo studentesco diversificato \u00e8 composto  da  persone provenienti da tutti gli stati americani e da pi\u00f9 di 100   nazioni. Il programma di Furniture Design di SCAD si basa   sull&#8217;insegnamento dei processi di progettazione attraverso i quali i   prodotti vengono concepiti, sviluppati, realizzati e commercializzati.   SCAD \u00e8 membro accademico del Consiglio per l\u2019Arredamento Sostenibile, un   gruppo no profit che promuove le pratiche ecologiche tra produttori,   rivenditori e consumatori. Gli studenti sono incoraggiati alla ricerca   di nuove applicazioni per le pratiche tradizionali,<br>dando importanza alla questione della sostenibilit\u00e0.<\/p>\n\n\n\n<figure class=\"wp-block-gallery has-nested-images columns-1 is-cropped wp-block-gallery-1 is-layout-flex wp-block-gallery-is-layout-flex\">\n<figure class=\"wp-block-image size-large\"><img loading=\"lazy\" decoding=\"async\" width=\"720\" height=\"479\" data-attachment-id=\"7897\" data-permalink=\"https:\/\/socialdesignmagazine.com\/mag\/design\/un-evento-di-successo-per-la-nuova-generazione-del-design-americano-gli-oggetti-davanguardia-di-giovani-designer-dello-scad-sono-stati-presentati-a-milano\/attachment\/savannah_college_of_art_and_design_fuorisalone_005\/#content\" data-orig-file=\"https:\/\/socialdesignmagazine.com\/mag\/wp-content\/uploads\/2012\/05\/benedetto_SCAD_foto_savannah_college_of_art_and_design_fuorisalone_005.jpg\" data-orig-size=\"720,479\" data-comments-opened=\"1\" data-image-meta=\"{&quot;aperture&quot;:&quot;9&quot;,&quot;credit&quot;:&quot;&quot;,&quot;camera&quot;:&quot;NIKON D700&quot;,&quot;caption&quot;:&quot;&quot;,&quot;created_timestamp&quot;:&quot;1334861689&quot;,&quot;copyright&quot;:&quot;THOMAS LIBIS&quot;,&quot;focal_length&quot;:&quot;29&quot;,&quot;iso&quot;:&quot;400&quot;,&quot;shutter_speed&quot;:&quot;0.5&quot;,&quot;title&quot;:&quot;&quot;,&quot;orientation&quot;:&quot;1&quot;}\" data-image-title=\"savannah_college_of_art_and_design_fuorisalone_005\" data-image-description=\"\" data-image-caption=\"\" data-medium-file=\"https:\/\/socialdesignmagazine.com\/mag\/wp-content\/uploads\/2012\/05\/benedetto_SCAD_foto_savannah_college_of_art_and_design_fuorisalone_005-396x256.jpg\" data-large-file=\"https:\/\/socialdesignmagazine.com\/mag\/wp-content\/uploads\/2012\/05\/benedetto_SCAD_foto_savannah_college_of_art_and_design_fuorisalone_005.jpg\" data-id=\"7897\" src=\"https:\/\/socialdesignmagazine.com\/mag\/wp-content\/uploads\/2012\/05\/benedetto_SCAD_foto_savannah_college_of_art_and_design_fuorisalone_005.jpg\" alt=\"savannah_college_of_art_and_design_fuorisalone_005\" class=\"wp-image-7897\" srcset=\"https:\/\/socialdesignmagazine.com\/mag\/wp-content\/uploads\/2012\/05\/benedetto_SCAD_foto_savannah_college_of_art_and_design_fuorisalone_005.jpg 720w, https:\/\/socialdesignmagazine.com\/mag\/wp-content\/uploads\/2012\/05\/benedetto_SCAD_foto_savannah_college_of_art_and_design_fuorisalone_005-100x66.jpg 100w\" sizes=\"auto, (max-width: 720px) 100vw, 720px\" \/><figcaption class=\"wp-element-caption\">Sgabelli Colchone, di John McMahon, sedia Yeti e sgabello Droid, di Mark Leveno.<\/figcaption><\/figure>\n\n\n\n<figure class=\"wp-block-image size-large\"><img loading=\"lazy\" decoding=\"async\" width=\"720\" height=\"479\" data-attachment-id=\"7898\" data-permalink=\"https:\/\/socialdesignmagazine.com\/mag\/design\/un-evento-di-successo-per-la-nuova-generazione-del-design-americano-gli-oggetti-davanguardia-di-giovani-designer-dello-scad-sono-stati-presentati-a-milano\/attachment\/savannah_college_of_art_and_design_fuorisalone_006\/#content\" data-orig-file=\"https:\/\/socialdesignmagazine.com\/mag\/wp-content\/uploads\/2012\/05\/benedetto_SCAD_foto_savannah_college_of_art_and_design_fuorisalone_006.jpg\" data-orig-size=\"720,479\" data-comments-opened=\"1\" data-image-meta=\"{&quot;aperture&quot;:&quot;9&quot;,&quot;credit&quot;:&quot;&quot;,&quot;camera&quot;:&quot;NIKON D700&quot;,&quot;caption&quot;:&quot;&quot;,&quot;created_timestamp&quot;:&quot;1334861747&quot;,&quot;copyright&quot;:&quot;THOMAS LIBIS&quot;,&quot;focal_length&quot;:&quot;44&quot;,&quot;iso&quot;:&quot;400&quot;,&quot;shutter_speed&quot;:&quot;0.333333333333&quot;,&quot;title&quot;:&quot;&quot;,&quot;orientation&quot;:&quot;1&quot;}\" data-image-title=\"savannah_college_of_art_and_design_fuorisalone_006\" data-image-description=\"\" data-image-caption=\"\" data-medium-file=\"https:\/\/socialdesignmagazine.com\/mag\/wp-content\/uploads\/2012\/05\/benedetto_SCAD_foto_savannah_college_of_art_and_design_fuorisalone_006-396x256.jpg\" data-large-file=\"https:\/\/socialdesignmagazine.com\/mag\/wp-content\/uploads\/2012\/05\/benedetto_SCAD_foto_savannah_college_of_art_and_design_fuorisalone_006.jpg\" data-id=\"7898\" src=\"https:\/\/socialdesignmagazine.com\/mag\/wp-content\/uploads\/2012\/05\/benedetto_SCAD_foto_savannah_college_of_art_and_design_fuorisalone_006.jpg\" alt=\"savannah_college_of_art_and_design_fuorisalone_006\" class=\"wp-image-7898\" srcset=\"https:\/\/socialdesignmagazine.com\/mag\/wp-content\/uploads\/2012\/05\/benedetto_SCAD_foto_savannah_college_of_art_and_design_fuorisalone_006.jpg 720w, https:\/\/socialdesignmagazine.com\/mag\/wp-content\/uploads\/2012\/05\/benedetto_SCAD_foto_savannah_college_of_art_and_design_fuorisalone_006-100x66.jpg 100w\" sizes=\"auto, (max-width: 720px) 100vw, 720px\" \/><figcaption class=\"wp-element-caption\">Fractal Bowl, di Amanda Kressler, lampada Ambar di Joseph Willet, vaso Labbra, di Thomas Fullmer<\/figcaption><\/figure>\n\n\n\n<figure class=\"wp-block-image size-large\"><img loading=\"lazy\" decoding=\"async\" width=\"720\" height=\"479\" data-attachment-id=\"7899\" data-permalink=\"https:\/\/socialdesignmagazine.com\/mag\/design\/un-evento-di-successo-per-la-nuova-generazione-del-design-americano-gli-oggetti-davanguardia-di-giovani-designer-dello-scad-sono-stati-presentati-a-milano\/attachment\/savannah_college_of_art_and_design_fuorisalone_011\/#content\" data-orig-file=\"https:\/\/socialdesignmagazine.com\/mag\/wp-content\/uploads\/2012\/05\/benedetto_SCAD_foto_savannah_college_of_art_and_design_fuorisalone_011.jpg\" data-orig-size=\"720,479\" data-comments-opened=\"1\" data-image-meta=\"{&quot;aperture&quot;:&quot;4&quot;,&quot;credit&quot;:&quot;&quot;,&quot;camera&quot;:&quot;NIKON D700&quot;,&quot;caption&quot;:&quot;&quot;,&quot;created_timestamp&quot;:&quot;1334868374&quot;,&quot;copyright&quot;:&quot;THOMAS LIBIS&quot;,&quot;focal_length&quot;:&quot;34&quot;,&quot;iso&quot;:&quot;800&quot;,&quot;shutter_speed&quot;:&quot;0.0333333333333&quot;,&quot;title&quot;:&quot;&quot;,&quot;orientation&quot;:&quot;1&quot;}\" data-image-title=\"savannah_college_of_art_and_design_fuorisalone_011\" data-image-description=\"\" data-image-caption=\"\" data-medium-file=\"https:\/\/socialdesignmagazine.com\/mag\/wp-content\/uploads\/2012\/05\/benedetto_SCAD_foto_savannah_college_of_art_and_design_fuorisalone_011-396x256.jpg\" data-large-file=\"https:\/\/socialdesignmagazine.com\/mag\/wp-content\/uploads\/2012\/05\/benedetto_SCAD_foto_savannah_college_of_art_and_design_fuorisalone_011.jpg\" data-id=\"7899\" src=\"https:\/\/socialdesignmagazine.com\/mag\/wp-content\/uploads\/2012\/05\/benedetto_SCAD_foto_savannah_college_of_art_and_design_fuorisalone_011.jpg\" alt=\"savannah_college_of_art_and_design_fuorisalone_011\" class=\"wp-image-7899\" srcset=\"https:\/\/socialdesignmagazine.com\/mag\/wp-content\/uploads\/2012\/05\/benedetto_SCAD_foto_savannah_college_of_art_and_design_fuorisalone_011.jpg 720w, https:\/\/socialdesignmagazine.com\/mag\/wp-content\/uploads\/2012\/05\/benedetto_SCAD_foto_savannah_college_of_art_and_design_fuorisalone_011-100x66.jpg 100w\" sizes=\"auto, (max-width: 720px) 100vw, 720px\" \/><figcaption class=\"wp-element-caption\">Il direttore del programma di Furniture Design dello SCAD, Tom Gattis, con i giovani designer Alejandro Figueredo, Bradley Bowers, Mark Leveno, Matt Gray e John McMahon.<\/figcaption><\/figure>\n\n\n\n<figure class=\"wp-block-image size-large\"><img loading=\"lazy\" decoding=\"async\" width=\"720\" height=\"479\" data-attachment-id=\"7900\" data-permalink=\"https:\/\/socialdesignmagazine.com\/mag\/design\/un-evento-di-successo-per-la-nuova-generazione-del-design-americano-gli-oggetti-davanguardia-di-giovani-designer-dello-scad-sono-stati-presentati-a-milano\/attachment\/savannah_college_of_art_and_design_fuorisalone_010\/#content\" data-orig-file=\"https:\/\/socialdesignmagazine.com\/mag\/wp-content\/uploads\/2012\/05\/benedetto_SCAD_foto_savannah_college_of_art_and_design_fuorisalone_010.jpg\" data-orig-size=\"720,479\" data-comments-opened=\"1\" data-image-meta=\"{&quot;aperture&quot;:&quot;4&quot;,&quot;credit&quot;:&quot;&quot;,&quot;camera&quot;:&quot;NIKON D700&quot;,&quot;caption&quot;:&quot;&quot;,&quot;created_timestamp&quot;:&quot;1334867134&quot;,&quot;copyright&quot;:&quot;THOMAS LIBIS&quot;,&quot;focal_length&quot;:&quot;48&quot;,&quot;iso&quot;:&quot;800&quot;,&quot;shutter_speed&quot;:&quot;0.0333333333333&quot;,&quot;title&quot;:&quot;&quot;,&quot;orientation&quot;:&quot;1&quot;}\" data-image-title=\"savannah_college_of_art_and_design_fuorisalone_010\" data-image-description=\"\" data-image-caption=\"\" data-medium-file=\"https:\/\/socialdesignmagazine.com\/mag\/wp-content\/uploads\/2012\/05\/benedetto_SCAD_foto_savannah_college_of_art_and_design_fuorisalone_010-396x256.jpg\" data-large-file=\"https:\/\/socialdesignmagazine.com\/mag\/wp-content\/uploads\/2012\/05\/benedetto_SCAD_foto_savannah_college_of_art_and_design_fuorisalone_010.jpg\" data-id=\"7900\" src=\"https:\/\/socialdesignmagazine.com\/mag\/wp-content\/uploads\/2012\/05\/benedetto_SCAD_foto_savannah_college_of_art_and_design_fuorisalone_010.jpg\" alt=\"savannah_college_of_art_and_design_fuorisalone_010\" class=\"wp-image-7900\" srcset=\"https:\/\/socialdesignmagazine.com\/mag\/wp-content\/uploads\/2012\/05\/benedetto_SCAD_foto_savannah_college_of_art_and_design_fuorisalone_010.jpg 720w, https:\/\/socialdesignmagazine.com\/mag\/wp-content\/uploads\/2012\/05\/benedetto_SCAD_foto_savannah_college_of_art_and_design_fuorisalone_010-100x66.jpg 100w\" sizes=\"auto, (max-width: 720px) 100vw, 720px\" \/><figcaption class=\"wp-element-caption\">Il console generale degli Stati Uniti a Milano, Kyle R. Scott, con i designer dello studio PLZ DNT TCH, Bradley Bowers, Alejandro Figueredo, e Matt Gray, studenti che esponevano al Salone Satellite.<\/figcaption><\/figure>\n\n\n\n<figure class=\"wp-block-image size-large\"><img loading=\"lazy\" decoding=\"async\" width=\"720\" height=\"479\" data-attachment-id=\"7901\" data-permalink=\"https:\/\/socialdesignmagazine.com\/mag\/design\/un-evento-di-successo-per-la-nuova-generazione-del-design-americano-gli-oggetti-davanguardia-di-giovani-designer-dello-scad-sono-stati-presentati-a-milano\/attachment\/savannah_college_of_art_and_design_fuorisalone_012\/#content\" data-orig-file=\"https:\/\/socialdesignmagazine.com\/mag\/wp-content\/uploads\/2012\/05\/benedetto_SCAD_foto_savannah_college_of_art_and_design_fuorisalone_012.jpg\" data-orig-size=\"720,479\" data-comments-opened=\"1\" data-image-meta=\"{&quot;aperture&quot;:&quot;4&quot;,&quot;credit&quot;:&quot;&quot;,&quot;camera&quot;:&quot;NIKON D700&quot;,&quot;caption&quot;:&quot;&quot;,&quot;created_timestamp&quot;:&quot;1334872080&quot;,&quot;copyright&quot;:&quot;THOMAS LIBIS&quot;,&quot;focal_length&quot;:&quot;52&quot;,&quot;iso&quot;:&quot;800&quot;,&quot;shutter_speed&quot;:&quot;0.025&quot;,&quot;title&quot;:&quot;&quot;,&quot;orientation&quot;:&quot;1&quot;}\" data-image-title=\"savannah_college_of_art_and_design_fuorisalone_012\" data-image-description=\"\" data-image-caption=\"\" data-medium-file=\"https:\/\/socialdesignmagazine.com\/mag\/wp-content\/uploads\/2012\/05\/benedetto_SCAD_foto_savannah_college_of_art_and_design_fuorisalone_012-396x256.jpg\" data-large-file=\"https:\/\/socialdesignmagazine.com\/mag\/wp-content\/uploads\/2012\/05\/benedetto_SCAD_foto_savannah_college_of_art_and_design_fuorisalone_012.jpg\" data-id=\"7901\" src=\"https:\/\/socialdesignmagazine.com\/mag\/wp-content\/uploads\/2012\/05\/benedetto_SCAD_foto_savannah_college_of_art_and_design_fuorisalone_012.jpg\" alt=\"savannah_college_of_art_and_design_fuorisalone_012\" class=\"wp-image-7901\" srcset=\"https:\/\/socialdesignmagazine.com\/mag\/wp-content\/uploads\/2012\/05\/benedetto_SCAD_foto_savannah_college_of_art_and_design_fuorisalone_012.jpg 720w, https:\/\/socialdesignmagazine.com\/mag\/wp-content\/uploads\/2012\/05\/benedetto_SCAD_foto_savannah_college_of_art_and_design_fuorisalone_012-100x66.jpg 100w\" sizes=\"auto, (max-width: 720px) 100vw, 720px\" \/><figcaption class=\"wp-element-caption\">Il direttore del programma di Furniture Design dello SCAD, Tom Gattis, insieme ai designer dello studio PLZ DNT TCH, Bradley Bowers, Alejandro Figueredo e Matt Gray, che esponevano al Salone Satellite.<\/figcaption><\/figure>\n\n\n\n<figure class=\"wp-block-image size-large\"><img loading=\"lazy\" decoding=\"async\" width=\"720\" height=\"479\" data-attachment-id=\"7902\" data-permalink=\"https:\/\/socialdesignmagazine.com\/mag\/design\/un-evento-di-successo-per-la-nuova-generazione-del-design-americano-gli-oggetti-davanguardia-di-giovani-designer-dello-scad-sono-stati-presentati-a-milano\/attachment\/savannah_college_of_art_and_design_fuorisalone_009\/#content\" data-orig-file=\"https:\/\/socialdesignmagazine.com\/mag\/wp-content\/uploads\/2012\/05\/benedetto_SCAD_foto_savannah_college_of_art_and_design_fuorisalone_009.jpg\" data-orig-size=\"720,479\" data-comments-opened=\"1\" data-image-meta=\"{&quot;aperture&quot;:&quot;5&quot;,&quot;credit&quot;:&quot;&quot;,&quot;camera&quot;:&quot;NIKON D700&quot;,&quot;caption&quot;:&quot;&quot;,&quot;created_timestamp&quot;:&quot;1334864700&quot;,&quot;copyright&quot;:&quot;THOMAS LIBIS&quot;,&quot;focal_length&quot;:&quot;29&quot;,&quot;iso&quot;:&quot;800&quot;,&quot;shutter_speed&quot;:&quot;0.025&quot;,&quot;title&quot;:&quot;&quot;,&quot;orientation&quot;:&quot;1&quot;}\" data-image-title=\"savannah_college_of_art_and_design_fuorisalone_009\" data-image-description=\"\" data-image-caption=\"\" data-medium-file=\"https:\/\/socialdesignmagazine.com\/mag\/wp-content\/uploads\/2012\/05\/benedetto_SCAD_foto_savannah_college_of_art_and_design_fuorisalone_009-396x256.jpg\" data-large-file=\"https:\/\/socialdesignmagazine.com\/mag\/wp-content\/uploads\/2012\/05\/benedetto_SCAD_foto_savannah_college_of_art_and_design_fuorisalone_009.jpg\" data-id=\"7902\" src=\"https:\/\/socialdesignmagazine.com\/mag\/wp-content\/uploads\/2012\/05\/benedetto_SCAD_foto_savannah_college_of_art_and_design_fuorisalone_009.jpg\" alt=\"savannah_college_of_art_and_design_fuorisalone_009\" class=\"wp-image-7902\" srcset=\"https:\/\/socialdesignmagazine.com\/mag\/wp-content\/uploads\/2012\/05\/benedetto_SCAD_foto_savannah_college_of_art_and_design_fuorisalone_009.jpg 720w, https:\/\/socialdesignmagazine.com\/mag\/wp-content\/uploads\/2012\/05\/benedetto_SCAD_foto_savannah_college_of_art_and_design_fuorisalone_009-100x66.jpg 100w\" sizes=\"auto, (max-width: 720px) 100vw, 720px\" \/><figcaption class=\"wp-element-caption\">Il console generale degli Stati Uniti a Milano, Kyle R. Scott, prova la sedia Yeti di Mark Leveno, accompagnato dalla moglie Nena, del Console per la Stampa e la Cultura Robert Palladino e del direttore del programma di Furniture Design dello SCAD, Tom Gattis, durante evento alla Design Library<\/figcaption><\/figure>\n\n\n\n<figure class=\"wp-block-image size-large\"><img loading=\"lazy\" decoding=\"async\" width=\"720\" height=\"1082\" data-attachment-id=\"7903\" data-permalink=\"https:\/\/socialdesignmagazine.com\/mag\/design\/un-evento-di-successo-per-la-nuova-generazione-del-design-americano-gli-oggetti-davanguardia-di-giovani-designer-dello-scad-sono-stati-presentati-a-milano\/attachment\/savannah_college_of_art_and_design_fuorisalone_003\/#content\" data-orig-file=\"https:\/\/socialdesignmagazine.com\/mag\/wp-content\/uploads\/2012\/05\/benedetto_SCAD_foto_savannah_college_of_art_and_design_fuorisalone_003.jpg\" data-orig-size=\"720,1082\" data-comments-opened=\"1\" data-image-meta=\"{&quot;aperture&quot;:&quot;4&quot;,&quot;credit&quot;:&quot;&quot;,&quot;camera&quot;:&quot;NIKON D700&quot;,&quot;caption&quot;:&quot;&quot;,&quot;created_timestamp&quot;:&quot;1334834817&quot;,&quot;copyright&quot;:&quot;THOMAS LIBIS&quot;,&quot;focal_length&quot;:&quot;38&quot;,&quot;iso&quot;:&quot;800&quot;,&quot;shutter_speed&quot;:&quot;0.02&quot;,&quot;title&quot;:&quot;&quot;,&quot;orientation&quot;:&quot;1&quot;}\" data-image-title=\"savannah_college_of_art_and_design_fuorisalone_003\" data-image-description=\"\" data-image-caption=\"\" data-medium-file=\"https:\/\/socialdesignmagazine.com\/mag\/wp-content\/uploads\/2012\/05\/benedetto_SCAD_foto_savannah_college_of_art_and_design_fuorisalone_003-396x256.jpg\" data-large-file=\"https:\/\/socialdesignmagazine.com\/mag\/wp-content\/uploads\/2012\/05\/benedetto_SCAD_foto_savannah_college_of_art_and_design_fuorisalone_003.jpg\" data-id=\"7903\" src=\"https:\/\/socialdesignmagazine.com\/mag\/wp-content\/uploads\/2012\/05\/benedetto_SCAD_foto_savannah_college_of_art_and_design_fuorisalone_003.jpg\" alt=\"savannah_college_of_art_and_design_fuorisalone_003\" class=\"wp-image-7903\"\/><figcaption class=\"wp-element-caption\">Vaso OM, di Bradley Bowers (Studio PLZ DNT TCH) in carta di cotone e lattice.<\/figcaption><\/figure>\n\n\n\n<figure class=\"wp-block-image size-large\"><img loading=\"lazy\" decoding=\"async\" width=\"720\" height=\"540\" data-attachment-id=\"7904\" data-permalink=\"https:\/\/socialdesignmagazine.com\/mag\/design\/un-evento-di-successo-per-la-nuova-generazione-del-design-americano-gli-oggetti-davanguardia-di-giovani-designer-dello-scad-sono-stati-presentati-a-milano\/attachment\/savannah_college_of_art_and_design_fuorisalone_001\/#content\" data-orig-file=\"https:\/\/socialdesignmagazine.com\/mag\/wp-content\/uploads\/2012\/05\/benedetto_SCAD_foto_savannah_college_of_art_and_design_fuorisalone_001.jpg\" data-orig-size=\"720,540\" data-comments-opened=\"1\" data-image-meta=\"{&quot;aperture&quot;:&quot;4&quot;,&quot;credit&quot;:&quot;&quot;,&quot;camera&quot;:&quot;NIKON D700&quot;,&quot;caption&quot;:&quot;&quot;,&quot;created_timestamp&quot;:&quot;1334843421&quot;,&quot;copyright&quot;:&quot;THOMAS LIBIS&quot;,&quot;focal_length&quot;:&quot;60&quot;,&quot;iso&quot;:&quot;800&quot;,&quot;shutter_speed&quot;:&quot;0.0125&quot;,&quot;title&quot;:&quot;&quot;,&quot;orientation&quot;:&quot;1&quot;}\" data-image-title=\"savannah_college_of_art_and_design_fuorisalone_001\" data-image-description=\"\" data-image-caption=\"\" data-medium-file=\"https:\/\/socialdesignmagazine.com\/mag\/wp-content\/uploads\/2012\/05\/benedetto_SCAD_foto_savannah_college_of_art_and_design_fuorisalone_001-396x256.jpg\" data-large-file=\"https:\/\/socialdesignmagazine.com\/mag\/wp-content\/uploads\/2012\/05\/benedetto_SCAD_foto_savannah_college_of_art_and_design_fuorisalone_001.jpg\" data-id=\"7904\" src=\"https:\/\/socialdesignmagazine.com\/mag\/wp-content\/uploads\/2012\/05\/benedetto_SCAD_foto_savannah_college_of_art_and_design_fuorisalone_001.jpg\" alt=\"savannah_college_of_art_and_design_fuorisalone_001\" class=\"wp-image-7904\"\/><figcaption class=\"wp-element-caption\">Bradley Bowers (Studio PLZ DNT TCH) con il suo vaso OM.<\/figcaption><\/figure>\n\n\n\n<figure class=\"wp-block-image size-large\"><img loading=\"lazy\" decoding=\"async\" width=\"720\" height=\"371\" data-attachment-id=\"7905\" data-permalink=\"https:\/\/socialdesignmagazine.com\/mag\/design\/un-evento-di-successo-per-la-nuova-generazione-del-design-americano-gli-oggetti-davanguardia-di-giovani-designer-dello-scad-sono-stati-presentati-a-milano\/attachment\/savannah_college_of_art_and_design_fuorisalone_004\/#content\" data-orig-file=\"https:\/\/socialdesignmagazine.com\/mag\/wp-content\/uploads\/2012\/05\/benedetto_SCAD_foto_savannah_college_of_art_and_design_fuorisalone_004.jpg\" data-orig-size=\"720,371\" data-comments-opened=\"1\" data-image-meta=\"{&quot;aperture&quot;:&quot;9&quot;,&quot;credit&quot;:&quot;&quot;,&quot;camera&quot;:&quot;NIKON D700&quot;,&quot;caption&quot;:&quot;&quot;,&quot;created_timestamp&quot;:&quot;1334842510&quot;,&quot;copyright&quot;:&quot;THOMAS LIBIS&quot;,&quot;focal_length&quot;:&quot;27&quot;,&quot;iso&quot;:&quot;200&quot;,&quot;shutter_speed&quot;:&quot;0.333333333333&quot;,&quot;title&quot;:&quot;&quot;,&quot;orientation&quot;:&quot;1&quot;}\" data-image-title=\"savannah_college_of_art_and_design_fuorisalone_004\" data-image-description=\"\" data-image-caption=\"\" data-medium-file=\"https:\/\/socialdesignmagazine.com\/mag\/wp-content\/uploads\/2012\/05\/benedetto_SCAD_foto_savannah_college_of_art_and_design_fuorisalone_004-396x256.jpg\" data-large-file=\"https:\/\/socialdesignmagazine.com\/mag\/wp-content\/uploads\/2012\/05\/benedetto_SCAD_foto_savannah_college_of_art_and_design_fuorisalone_004.jpg\" data-id=\"7905\" src=\"https:\/\/socialdesignmagazine.com\/mag\/wp-content\/uploads\/2012\/05\/benedetto_SCAD_foto_savannah_college_of_art_and_design_fuorisalone_004.jpg\" alt=\"savannah_college_of_art_and_design_fuorisalone_004\" class=\"wp-image-7905\"\/><figcaption class=\"wp-element-caption\">Tavoli Li di Matt Gray, top in legno bruciato e base in Corian.<\/figcaption><\/figure>\n\n\n\n<figure class=\"wp-block-image size-large\"><img loading=\"lazy\" decoding=\"async\" width=\"720\" height=\"1018\" data-attachment-id=\"7906\" data-permalink=\"https:\/\/socialdesignmagazine.com\/mag\/design\/un-evento-di-successo-per-la-nuova-generazione-del-design-americano-gli-oggetti-davanguardia-di-giovani-designer-dello-scad-sono-stati-presentati-a-milano\/attachment\/savannah_college_of_art_and_design_fuorisalone_002\/#content\" data-orig-file=\"https:\/\/socialdesignmagazine.com\/mag\/wp-content\/uploads\/2012\/05\/benedetto_SCAD_foto_savannah_college_of_art_and_design_fuorisalone_002.jpg\" data-orig-size=\"720,1018\" data-comments-opened=\"1\" data-image-meta=\"{&quot;aperture&quot;:&quot;3.5&quot;,&quot;credit&quot;:&quot;&quot;,&quot;camera&quot;:&quot;NIKON D700&quot;,&quot;caption&quot;:&quot;&quot;,&quot;created_timestamp&quot;:&quot;1334843598&quot;,&quot;copyright&quot;:&quot;THOMAS LIBIS&quot;,&quot;focal_length&quot;:&quot;70&quot;,&quot;iso&quot;:&quot;800&quot;,&quot;shutter_speed&quot;:&quot;0.0125&quot;,&quot;title&quot;:&quot;&quot;,&quot;orientation&quot;:&quot;1&quot;}\" data-image-title=\"savannah_college_of_art_and_design_fuorisalone_002\" data-image-description=\"\" data-image-caption=\"\" data-medium-file=\"https:\/\/socialdesignmagazine.com\/mag\/wp-content\/uploads\/2012\/05\/benedetto_SCAD_foto_savannah_college_of_art_and_design_fuorisalone_002-396x256.jpg\" data-large-file=\"https:\/\/socialdesignmagazine.com\/mag\/wp-content\/uploads\/2012\/05\/benedetto_SCAD_foto_savannah_college_of_art_and_design_fuorisalone_002.jpg\" data-id=\"7906\" src=\"https:\/\/socialdesignmagazine.com\/mag\/wp-content\/uploads\/2012\/05\/benedetto_SCAD_foto_savannah_college_of_art_and_design_fuorisalone_002.jpg\" alt=\"savannah_college_of_art_and_design_fuorisalone_002\" class=\"wp-image-7906\"\/><figcaption class=\"wp-element-caption\">Alejandro Figueredo e la sua lampada Gira.<\/figcaption><\/figure>\n<\/figure>\n\n\n\n<p>foto: Thomas Libis<\/p>\n\n\n\n<p>Per ulteriori informazioni, visitate <a class=\"jcepopup\" rel=\"nofollow\" href=\"http:\/\/www.scad.edu\">www.scad.edu<\/a><\/p>\n","protected":false,"gt_translate_keys":[{"key":"rendered","format":"html"}]},"excerpt":{"rendered":"<p>Pi\u00f9 di 150 persone hanno accolto l&#8217;invito dell&#8217;universit\u00e0 Savannah College of Art and Design (SCAD) che, in occasione del Salone del Mobile, ha organizzato una serata speciale per presentare i giovani talenti del programma di Furniture Design il 19 aprile, presso Design Library<\/p>\n","protected":false,"gt_translate_keys":[{"key":"rendered","format":"html"}]},"author":1,"featured_media":7897,"comment_status":"open","ping_status":"open","sticky":false,"template":"","format":"standard","meta":{"jetpack_post_was_ever_published":false,"_jetpack_newsletter_access":"","_jetpack_dont_email_post_to_subs":false,"_jetpack_newsletter_tier_id":0,"_jetpack_memberships_contains_paywalled_content":false,"_jetpack_memberships_contains_paid_content":false,"footnotes":"","_wpscppro_dont_share_socialmedia":false,"_wpscppro_custom_social_share_image":0,"_facebook_share_type":"","_twitter_share_type":"","_linkedin_share_type":"","_pinterest_share_type":"","_linkedin_share_type_page":"","_instagram_share_type":"","_medium_share_type":"","_threads_share_type":"","_google_business_share_type":"","_selected_social_profile":[],"_wpsp_enable_custom_social_template":false,"_wpsp_social_scheduling":{"enabled":false,"datetime":null,"platforms":[],"status":"template_only","dateOption":"today","timeOption":"now","customDays":"","customHours":"","customDate":"","customTime":"","schedulingType":"absolute"},"_wpsp_active_default_template":true},"categories":[13],"tags":[2096,56,1866,1940,118,71,993],"class_list":["post-705","post","type-post","status-publish","format-standard","has-post-thumbnail","hentry","category-design","tag-fuorisalone","tag-lampada","tag-salone-del-mobile-2012-milano","tag-scad","tag-sedia","tag-sgabello","tag-vaso"],"yoast_head":"<!-- This site is optimized with the Yoast SEO plugin v27.2 - https:\/\/yoast.com\/product\/yoast-seo-wordpress\/ -->\n<title>Un evento di successo per la nuova generazione del design americano Gli oggetti d&#039;avanguardia di giovani designer dello SCAD sono stati presentati a Milano - Social Design Magazine<\/title>\n<meta name=\"description\" content=\"Pi\u00f9 di 150 persone hanno accolto l&#039;invito dell&#039;universit\u00e0 Savannah College of Art and Design (SCAD) che, in occasione del Salone del Mobile, ha organizzato una serata speciale per presentare i giovani talenti del programma di Furniture Design il 19 aprile, presso Design Library\" \/>\n<meta name=\"robots\" content=\"index, follow, max-snippet:-1, max-image-preview:large, max-video-preview:-1\" \/>\n<link rel=\"canonical\" href=\"https:\/\/socialdesignmagazine.com\/mag\/design\/un-evento-di-successo-per-la-nuova-generazione-del-design-americano-gli-oggetti-davanguardia-di-giovani-designer-dello-scad-sono-stati-presentati-a-milano\/\" \/>\n<meta property=\"og:locale\" content=\"it_IT\" \/>\n<meta property=\"og:type\" content=\"article\" \/>\n<meta property=\"og:title\" content=\"Un evento di successo per la nuova generazione del design americano Gli oggetti d&#039;avanguardia di giovani designer dello SCAD sono stati presentati a Milano - Social Design Magazine\" \/>\n<meta property=\"og:description\" content=\"Pi\u00f9 di 150 persone hanno accolto l&#039;invito dell&#039;universit\u00e0 Savannah College of Art and Design (SCAD) che, in occasione del Salone del Mobile, ha organizzato una serata speciale per presentare i giovani talenti del programma di Furniture Design il 19 aprile, presso Design Library\" \/>\n<meta property=\"og:url\" content=\"http:\/\/socialdesignmagazine.com\/mag\/design\/un-evento-di-successo-per-la-nuova-generazione-del-design-americano-gli-oggetti-davanguardia-di-giovani-designer-dello-scad-sono-stati-presentati-a-milano\/\" \/>\n<meta property=\"og:site_name\" content=\"Social Design Magazine\" \/>\n<meta property=\"article:publisher\" content=\"https:\/\/www.facebook.com\/socialdesignmag\" \/>\n<meta property=\"article:author\" content=\"https:\/\/www.facebook.com\/benedettofiori\" \/>\n<meta property=\"article:published_time\" content=\"2012-05-05T08:00:00+00:00\" \/>\n<meta property=\"article:modified_time\" content=\"2024-05-12T20:38:39+00:00\" \/>\n<meta property=\"og:image\" content=\"https:\/\/socialdesignmagazine.com\/mag\/wp-content\/uploads\/2012\/05\/benedetto_SCAD_foto_savannah_college_of_art_and_design_fuorisalone_005.jpg\" \/>\n\t<meta property=\"og:image:width\" content=\"720\" \/>\n\t<meta property=\"og:image:height\" content=\"479\" \/>\n\t<meta property=\"og:image:type\" content=\"image\/jpeg\" \/>\n<meta name=\"author\" content=\"Benedetto Fiori\" \/>\n<meta name=\"twitter:card\" content=\"summary_large_image\" \/>\n<meta name=\"twitter:creator\" content=\"@benedettofiori\" \/>\n<meta name=\"twitter:site\" content=\"@socialdesignmag\" \/>\n<meta name=\"twitter:label1\" content=\"Scritto da\" \/>\n\t<meta name=\"twitter:data1\" content=\"Benedetto Fiori\" \/>\n\t<meta name=\"twitter:label2\" content=\"Tempo di lettura stimato\" \/>\n\t<meta name=\"twitter:data2\" content=\"8 minuti\" \/>\n<script type=\"application\/ld+json\" class=\"yoast-schema-graph\">{\"@context\":\"https:\/\/schema.org\",\"@graph\":[{\"@type\":\"Article\",\"@id\":\"https:\/\/socialdesignmagazine.com\/mag\/design\/un-evento-di-successo-per-la-nuova-generazione-del-design-americano-gli-oggetti-davanguardia-di-giovani-designer-dello-scad-sono-stati-presentati-a-milano\/#article\",\"isPartOf\":{\"@id\":\"https:\/\/socialdesignmagazine.com\/mag\/design\/un-evento-di-successo-per-la-nuova-generazione-del-design-americano-gli-oggetti-davanguardia-di-giovani-designer-dello-scad-sono-stati-presentati-a-milano\/\"},\"author\":{\"name\":\"Benedetto Fiori\",\"@id\":\"https:\/\/socialdesignmagazine.com\/mag\/#\/schema\/person\/61e20205cc363c315e6aabd33a045846\"},\"headline\":\"Un evento di successo per la nuova generazione del design americano Gli oggetti d&#8217;avanguardia di giovani designer dello SCAD sono stati presentati a Milano\",\"datePublished\":\"2012-05-05T08:00:00+00:00\",\"dateModified\":\"2024-05-12T20:38:39+00:00\",\"mainEntityOfPage\":{\"@id\":\"https:\/\/socialdesignmagazine.com\/mag\/design\/un-evento-di-successo-per-la-nuova-generazione-del-design-americano-gli-oggetti-davanguardia-di-giovani-designer-dello-scad-sono-stati-presentati-a-milano\/\"},\"wordCount\":987,\"commentCount\":0,\"publisher\":{\"@id\":\"https:\/\/socialdesignmagazine.com\/mag\/#organization\"},\"image\":{\"@id\":\"https:\/\/socialdesignmagazine.com\/mag\/design\/un-evento-di-successo-per-la-nuova-generazione-del-design-americano-gli-oggetti-davanguardia-di-giovani-designer-dello-scad-sono-stati-presentati-a-milano\/#primaryimage\"},\"thumbnailUrl\":\"https:\/\/socialdesignmagazine.com\/mag\/wp-content\/uploads\/2012\/05\/benedetto_SCAD_foto_savannah_college_of_art_and_design_fuorisalone_005.jpg\",\"keywords\":[\"fuorisalone\",\"lampada\",\"salone del mobile 2012 milano\",\"scad\",\"sedia\",\"sgabello\",\"vaso\"],\"articleSection\":[\"Design\"],\"inLanguage\":\"it-IT\",\"potentialAction\":[{\"@type\":\"CommentAction\",\"name\":\"Comment\",\"target\":[\"https:\/\/socialdesignmagazine.com\/mag\/design\/un-evento-di-successo-per-la-nuova-generazione-del-design-americano-gli-oggetti-davanguardia-di-giovani-designer-dello-scad-sono-stati-presentati-a-milano\/#respond\"]}]},{\"@type\":\"WebPage\",\"@id\":\"https:\/\/socialdesignmagazine.com\/mag\/design\/un-evento-di-successo-per-la-nuova-generazione-del-design-americano-gli-oggetti-davanguardia-di-giovani-designer-dello-scad-sono-stati-presentati-a-milano\/\",\"url\":\"https:\/\/socialdesignmagazine.com\/mag\/design\/un-evento-di-successo-per-la-nuova-generazione-del-design-americano-gli-oggetti-davanguardia-di-giovani-designer-dello-scad-sono-stati-presentati-a-milano\/\",\"name\":\"Un evento di successo per la nuova generazione del design americano Gli oggetti d'avanguardia di giovani designer dello SCAD sono stati presentati a Milano - Social Design Magazine\",\"isPartOf\":{\"@id\":\"https:\/\/socialdesignmagazine.com\/mag\/#website\"},\"primaryImageOfPage\":{\"@id\":\"https:\/\/socialdesignmagazine.com\/mag\/design\/un-evento-di-successo-per-la-nuova-generazione-del-design-americano-gli-oggetti-davanguardia-di-giovani-designer-dello-scad-sono-stati-presentati-a-milano\/#primaryimage\"},\"image\":{\"@id\":\"https:\/\/socialdesignmagazine.com\/mag\/design\/un-evento-di-successo-per-la-nuova-generazione-del-design-americano-gli-oggetti-davanguardia-di-giovani-designer-dello-scad-sono-stati-presentati-a-milano\/#primaryimage\"},\"thumbnailUrl\":\"https:\/\/socialdesignmagazine.com\/mag\/wp-content\/uploads\/2012\/05\/benedetto_SCAD_foto_savannah_college_of_art_and_design_fuorisalone_005.jpg\",\"datePublished\":\"2012-05-05T08:00:00+00:00\",\"dateModified\":\"2024-05-12T20:38:39+00:00\",\"description\":\"Pi\u00f9 di 150 persone hanno accolto l'invito dell'universit\u00e0 Savannah College of Art and Design (SCAD) che, in occasione del Salone del Mobile, ha organizzato una serata speciale per presentare i giovani talenti del programma di Furniture Design il 19 aprile, presso Design Library\",\"breadcrumb\":{\"@id\":\"https:\/\/socialdesignmagazine.com\/mag\/design\/un-evento-di-successo-per-la-nuova-generazione-del-design-americano-gli-oggetti-davanguardia-di-giovani-designer-dello-scad-sono-stati-presentati-a-milano\/#breadcrumb\"},\"inLanguage\":\"it-IT\",\"potentialAction\":[{\"@type\":\"ReadAction\",\"target\":[\"https:\/\/socialdesignmagazine.com\/mag\/design\/un-evento-di-successo-per-la-nuova-generazione-del-design-americano-gli-oggetti-davanguardia-di-giovani-designer-dello-scad-sono-stati-presentati-a-milano\/\"]}]},{\"@type\":\"ImageObject\",\"inLanguage\":\"it-IT\",\"@id\":\"https:\/\/socialdesignmagazine.com\/mag\/design\/un-evento-di-successo-per-la-nuova-generazione-del-design-americano-gli-oggetti-davanguardia-di-giovani-designer-dello-scad-sono-stati-presentati-a-milano\/#primaryimage\",\"url\":\"https:\/\/socialdesignmagazine.com\/mag\/wp-content\/uploads\/2012\/05\/benedetto_SCAD_foto_savannah_college_of_art_and_design_fuorisalone_005.jpg\",\"contentUrl\":\"https:\/\/socialdesignmagazine.com\/mag\/wp-content\/uploads\/2012\/05\/benedetto_SCAD_foto_savannah_college_of_art_and_design_fuorisalone_005.jpg\",\"width\":720,\"height\":479,\"caption\":\"savannah_college_of_art_and_design_fuorisalone_005\"},{\"@type\":\"BreadcrumbList\",\"@id\":\"https:\/\/socialdesignmagazine.com\/mag\/design\/un-evento-di-successo-per-la-nuova-generazione-del-design-americano-gli-oggetti-davanguardia-di-giovani-designer-dello-scad-sono-stati-presentati-a-milano\/#breadcrumb\",\"itemListElement\":[{\"@type\":\"ListItem\",\"position\":1,\"name\":\"Home\",\"item\":\"https:\/\/socialdesignmagazine.com\/mag\/\"},{\"@type\":\"ListItem\",\"position\":2,\"name\":\"Design\",\"item\":\"https:\/\/socialdesignmagazine.com\/mag\/design\/\"},{\"@type\":\"ListItem\",\"position\":3,\"name\":\"Un evento di successo per la nuova generazione del design americano Gli oggetti d&#8217;avanguardia di giovani designer dello SCAD sono stati presentati a Milano\"}]},{\"@type\":\"WebSite\",\"@id\":\"https:\/\/socialdesignmagazine.com\/mag\/#website\",\"url\":\"https:\/\/socialdesignmagazine.com\/mag\/\",\"name\":\"Social Design Magazine\",\"description\":\"Social Magazine su Design, Architettura, Arte, Grafica\",\"publisher\":{\"@id\":\"https:\/\/socialdesignmagazine.com\/mag\/#organization\"},\"potentialAction\":[{\"@type\":\"SearchAction\",\"target\":{\"@type\":\"EntryPoint\",\"urlTemplate\":\"https:\/\/socialdesignmagazine.com\/mag\/?s={search_term_string}\"},\"query-input\":{\"@type\":\"PropertyValueSpecification\",\"valueRequired\":true,\"valueName\":\"search_term_string\"}}],\"inLanguage\":\"it-IT\"},{\"@type\":\"Organization\",\"@id\":\"https:\/\/socialdesignmagazine.com\/mag\/#organization\",\"name\":\"Social Design Magazine\",\"url\":\"https:\/\/socialdesignmagazine.com\/mag\/\",\"logo\":{\"@type\":\"ImageObject\",\"inLanguage\":\"it-IT\",\"@id\":\"https:\/\/socialdesignmagazine.com\/mag\/#\/schema\/logo\/image\/\",\"url\":\"https:\/\/socialdesignmagazine.com\/mag\/wp-content\/uploads\/2017\/01\/logo_favicon_11.png\",\"contentUrl\":\"https:\/\/socialdesignmagazine.com\/mag\/wp-content\/uploads\/2017\/01\/logo_favicon_11.png\",\"width\":1024,\"height\":1024,\"caption\":\"Social Design Magazine\"},\"image\":{\"@id\":\"https:\/\/socialdesignmagazine.com\/mag\/#\/schema\/logo\/image\/\"},\"sameAs\":[\"https:\/\/www.facebook.com\/socialdesignmag\",\"https:\/\/x.com\/socialdesignmag\",\"http:\/\/instagram.com\/social_design_magazine\/\",\"http:\/\/pinterest.com\/socialdesignmag\/\",\"http:\/\/www.youtube.com\/user\/socialdesignmagazine\"]},{\"@type\":\"Person\",\"@id\":\"https:\/\/socialdesignmagazine.com\/mag\/#\/schema\/person\/61e20205cc363c315e6aabd33a045846\",\"name\":\"Benedetto Fiori\",\"image\":{\"@type\":\"ImageObject\",\"inLanguage\":\"it-IT\",\"@id\":\"https:\/\/secure.gravatar.com\/avatar\/450a48cefa36da63d920ad70aa660bd10725b1c6093800242e5efdb397759033?s=96&d=mm&r=g\",\"url\":\"https:\/\/secure.gravatar.com\/avatar\/450a48cefa36da63d920ad70aa660bd10725b1c6093800242e5efdb397759033?s=96&d=mm&r=g\",\"contentUrl\":\"https:\/\/secure.gravatar.com\/avatar\/450a48cefa36da63d920ad70aa660bd10725b1c6093800242e5efdb397759033?s=96&d=mm&r=g\",\"caption\":\"Benedetto Fiori\"},\"description\":\"Web | Twitter | Facebook | Shutterstock Founder &amp; Editor in Chief di Social Design Magazine. Attratto da sempre da tutto ci\u00f2 che \u00e8 creativit\u00e0, design, architettura. Dopo aver studiato Architettura all'Universit\u00e0 di Firenze, si \u00e8 impegnato in molteplici campi: comunicazione grafica, progettazione di allestimenti fieristici, brand design, Interior Design.\",\"sameAs\":[\"http:\/\/benedettofiori.com\",\"https:\/\/www.facebook.com\/benedettofiori\",\"https:\/\/x.com\/benedettofiori\"],\"url\":\"https:\/\/socialdesignmagazine.com\/mag\/author\/benedetto\/\"}]}<\/script>\n<!-- \/ Yoast SEO plugin. -->","yoast_head_json":{"title":"Un evento di successo per la nuova generazione del design americano Gli oggetti d'avanguardia di giovani designer dello SCAD sono stati presentati a Milano - Social Design Magazine","description":"Pi\u00f9 di 150 persone hanno accolto l'invito dell'universit\u00e0 Savannah College of Art and Design (SCAD) che, in occasione del Salone del Mobile, ha organizzato una serata speciale per presentare i giovani talenti del programma di Furniture Design il 19 aprile, presso Design Library","robots":{"index":"index","follow":"follow","max-snippet":"max-snippet:-1","max-image-preview":"max-image-preview:large","max-video-preview":"max-video-preview:-1"},"canonical":"https:\/\/socialdesignmagazine.com\/mag\/design\/un-evento-di-successo-per-la-nuova-generazione-del-design-americano-gli-oggetti-davanguardia-di-giovani-designer-dello-scad-sono-stati-presentati-a-milano\/","og_locale":"it_IT","og_type":"article","og_title":"Un evento di successo per la nuova generazione del design americano Gli oggetti d'avanguardia di giovani designer dello SCAD sono stati presentati a Milano - Social Design Magazine","og_description":"Pi\u00f9 di 150 persone hanno accolto l'invito dell'universit\u00e0 Savannah College of Art and Design (SCAD) che, in occasione del Salone del Mobile, ha organizzato una serata speciale per presentare i giovani talenti del programma di Furniture Design il 19 aprile, presso Design Library","og_url":"http:\/\/socialdesignmagazine.com\/mag\/design\/un-evento-di-successo-per-la-nuova-generazione-del-design-americano-gli-oggetti-davanguardia-di-giovani-designer-dello-scad-sono-stati-presentati-a-milano\/","og_site_name":"Social Design Magazine","article_publisher":"https:\/\/www.facebook.com\/socialdesignmag","article_author":"https:\/\/www.facebook.com\/benedettofiori","article_published_time":"2012-05-05T08:00:00+00:00","article_modified_time":"2024-05-12T20:38:39+00:00","og_image":[{"width":720,"height":479,"url":"https:\/\/socialdesignmagazine.com\/mag\/wp-content\/uploads\/2012\/05\/benedetto_SCAD_foto_savannah_college_of_art_and_design_fuorisalone_005.jpg","type":"image\/jpeg"}],"author":"Benedetto Fiori","twitter_card":"summary_large_image","twitter_creator":"@benedettofiori","twitter_site":"@socialdesignmag","twitter_misc":{"Scritto da":"Benedetto Fiori","Tempo di lettura stimato":"8 minuti"},"schema":{"@context":"https:\/\/schema.org","@graph":[{"@type":"Article","@id":"https:\/\/socialdesignmagazine.com\/mag\/design\/un-evento-di-successo-per-la-nuova-generazione-del-design-americano-gli-oggetti-davanguardia-di-giovani-designer-dello-scad-sono-stati-presentati-a-milano\/#article","isPartOf":{"@id":"https:\/\/socialdesignmagazine.com\/mag\/design\/un-evento-di-successo-per-la-nuova-generazione-del-design-americano-gli-oggetti-davanguardia-di-giovani-designer-dello-scad-sono-stati-presentati-a-milano\/"},"author":{"name":"Benedetto Fiori","@id":"https:\/\/socialdesignmagazine.com\/mag\/#\/schema\/person\/61e20205cc363c315e6aabd33a045846"},"headline":"Un evento di successo per la nuova generazione del design americano Gli oggetti d&#8217;avanguardia di giovani designer dello SCAD sono stati presentati a Milano","datePublished":"2012-05-05T08:00:00+00:00","dateModified":"2024-05-12T20:38:39+00:00","mainEntityOfPage":{"@id":"https:\/\/socialdesignmagazine.com\/mag\/design\/un-evento-di-successo-per-la-nuova-generazione-del-design-americano-gli-oggetti-davanguardia-di-giovani-designer-dello-scad-sono-stati-presentati-a-milano\/"},"wordCount":987,"commentCount":0,"publisher":{"@id":"https:\/\/socialdesignmagazine.com\/mag\/#organization"},"image":{"@id":"https:\/\/socialdesignmagazine.com\/mag\/design\/un-evento-di-successo-per-la-nuova-generazione-del-design-americano-gli-oggetti-davanguardia-di-giovani-designer-dello-scad-sono-stati-presentati-a-milano\/#primaryimage"},"thumbnailUrl":"https:\/\/socialdesignmagazine.com\/mag\/wp-content\/uploads\/2012\/05\/benedetto_SCAD_foto_savannah_college_of_art_and_design_fuorisalone_005.jpg","keywords":["fuorisalone","lampada","salone del mobile 2012 milano","scad","sedia","sgabello","vaso"],"articleSection":["Design"],"inLanguage":"it-IT","potentialAction":[{"@type":"CommentAction","name":"Comment","target":["https:\/\/socialdesignmagazine.com\/mag\/design\/un-evento-di-successo-per-la-nuova-generazione-del-design-americano-gli-oggetti-davanguardia-di-giovani-designer-dello-scad-sono-stati-presentati-a-milano\/#respond"]}]},{"@type":"WebPage","@id":"https:\/\/socialdesignmagazine.com\/mag\/design\/un-evento-di-successo-per-la-nuova-generazione-del-design-americano-gli-oggetti-davanguardia-di-giovani-designer-dello-scad-sono-stati-presentati-a-milano\/","url":"https:\/\/socialdesignmagazine.com\/mag\/design\/un-evento-di-successo-per-la-nuova-generazione-del-design-americano-gli-oggetti-davanguardia-di-giovani-designer-dello-scad-sono-stati-presentati-a-milano\/","name":"Un evento di successo per la nuova generazione del design americano Gli oggetti d'avanguardia di giovani designer dello SCAD sono stati presentati a Milano - Social Design Magazine","isPartOf":{"@id":"https:\/\/socialdesignmagazine.com\/mag\/#website"},"primaryImageOfPage":{"@id":"https:\/\/socialdesignmagazine.com\/mag\/design\/un-evento-di-successo-per-la-nuova-generazione-del-design-americano-gli-oggetti-davanguardia-di-giovani-designer-dello-scad-sono-stati-presentati-a-milano\/#primaryimage"},"image":{"@id":"https:\/\/socialdesignmagazine.com\/mag\/design\/un-evento-di-successo-per-la-nuova-generazione-del-design-americano-gli-oggetti-davanguardia-di-giovani-designer-dello-scad-sono-stati-presentati-a-milano\/#primaryimage"},"thumbnailUrl":"https:\/\/socialdesignmagazine.com\/mag\/wp-content\/uploads\/2012\/05\/benedetto_SCAD_foto_savannah_college_of_art_and_design_fuorisalone_005.jpg","datePublished":"2012-05-05T08:00:00+00:00","dateModified":"2024-05-12T20:38:39+00:00","description":"Pi\u00f9 di 150 persone hanno accolto l'invito dell'universit\u00e0 Savannah College of Art and Design (SCAD) che, in occasione del Salone del Mobile, ha organizzato una serata speciale per presentare i giovani talenti del programma di Furniture Design il 19 aprile, presso Design Library","breadcrumb":{"@id":"https:\/\/socialdesignmagazine.com\/mag\/design\/un-evento-di-successo-per-la-nuova-generazione-del-design-americano-gli-oggetti-davanguardia-di-giovani-designer-dello-scad-sono-stati-presentati-a-milano\/#breadcrumb"},"inLanguage":"it-IT","potentialAction":[{"@type":"ReadAction","target":["https:\/\/socialdesignmagazine.com\/mag\/design\/un-evento-di-successo-per-la-nuova-generazione-del-design-americano-gli-oggetti-davanguardia-di-giovani-designer-dello-scad-sono-stati-presentati-a-milano\/"]}]},{"@type":"ImageObject","inLanguage":"it-IT","@id":"https:\/\/socialdesignmagazine.com\/mag\/design\/un-evento-di-successo-per-la-nuova-generazione-del-design-americano-gli-oggetti-davanguardia-di-giovani-designer-dello-scad-sono-stati-presentati-a-milano\/#primaryimage","url":"https:\/\/socialdesignmagazine.com\/mag\/wp-content\/uploads\/2012\/05\/benedetto_SCAD_foto_savannah_college_of_art_and_design_fuorisalone_005.jpg","contentUrl":"https:\/\/socialdesignmagazine.com\/mag\/wp-content\/uploads\/2012\/05\/benedetto_SCAD_foto_savannah_college_of_art_and_design_fuorisalone_005.jpg","width":720,"height":479,"caption":"savannah_college_of_art_and_design_fuorisalone_005"},{"@type":"BreadcrumbList","@id":"https:\/\/socialdesignmagazine.com\/mag\/design\/un-evento-di-successo-per-la-nuova-generazione-del-design-americano-gli-oggetti-davanguardia-di-giovani-designer-dello-scad-sono-stati-presentati-a-milano\/#breadcrumb","itemListElement":[{"@type":"ListItem","position":1,"name":"Home","item":"https:\/\/socialdesignmagazine.com\/mag\/"},{"@type":"ListItem","position":2,"name":"Design","item":"https:\/\/socialdesignmagazine.com\/mag\/design\/"},{"@type":"ListItem","position":3,"name":"Un evento di successo per la nuova generazione del design americano Gli oggetti d&#8217;avanguardia di giovani designer dello SCAD sono stati presentati a Milano"}]},{"@type":"WebSite","@id":"https:\/\/socialdesignmagazine.com\/mag\/#website","url":"https:\/\/socialdesignmagazine.com\/mag\/","name":"Social Design Magazine","description":"Social Magazine su Design, Architettura, Arte, Grafica","publisher":{"@id":"https:\/\/socialdesignmagazine.com\/mag\/#organization"},"potentialAction":[{"@type":"SearchAction","target":{"@type":"EntryPoint","urlTemplate":"https:\/\/socialdesignmagazine.com\/mag\/?s={search_term_string}"},"query-input":{"@type":"PropertyValueSpecification","valueRequired":true,"valueName":"search_term_string"}}],"inLanguage":"it-IT"},{"@type":"Organization","@id":"https:\/\/socialdesignmagazine.com\/mag\/#organization","name":"Social Design Magazine","url":"https:\/\/socialdesignmagazine.com\/mag\/","logo":{"@type":"ImageObject","inLanguage":"it-IT","@id":"https:\/\/socialdesignmagazine.com\/mag\/#\/schema\/logo\/image\/","url":"https:\/\/socialdesignmagazine.com\/mag\/wp-content\/uploads\/2017\/01\/logo_favicon_11.png","contentUrl":"https:\/\/socialdesignmagazine.com\/mag\/wp-content\/uploads\/2017\/01\/logo_favicon_11.png","width":1024,"height":1024,"caption":"Social Design Magazine"},"image":{"@id":"https:\/\/socialdesignmagazine.com\/mag\/#\/schema\/logo\/image\/"},"sameAs":["https:\/\/www.facebook.com\/socialdesignmag","https:\/\/x.com\/socialdesignmag","http:\/\/instagram.com\/social_design_magazine\/","http:\/\/pinterest.com\/socialdesignmag\/","http:\/\/www.youtube.com\/user\/socialdesignmagazine"]},{"@type":"Person","@id":"https:\/\/socialdesignmagazine.com\/mag\/#\/schema\/person\/61e20205cc363c315e6aabd33a045846","name":"Benedetto Fiori","image":{"@type":"ImageObject","inLanguage":"it-IT","@id":"https:\/\/secure.gravatar.com\/avatar\/450a48cefa36da63d920ad70aa660bd10725b1c6093800242e5efdb397759033?s=96&d=mm&r=g","url":"https:\/\/secure.gravatar.com\/avatar\/450a48cefa36da63d920ad70aa660bd10725b1c6093800242e5efdb397759033?s=96&d=mm&r=g","contentUrl":"https:\/\/secure.gravatar.com\/avatar\/450a48cefa36da63d920ad70aa660bd10725b1c6093800242e5efdb397759033?s=96&d=mm&r=g","caption":"Benedetto Fiori"},"description":"Web | Twitter | Facebook | Shutterstock Founder &amp; Editor in Chief di Social Design Magazine. Attratto da sempre da tutto ci\u00f2 che \u00e8 creativit\u00e0, design, architettura. Dopo aver studiato Architettura all'Universit\u00e0 di Firenze, si \u00e8 impegnato in molteplici campi: comunicazione grafica, progettazione di allestimenti fieristici, brand design, Interior Design.","sameAs":["http:\/\/benedettofiori.com","https:\/\/www.facebook.com\/benedettofiori","https:\/\/x.com\/benedettofiori"],"url":"https:\/\/socialdesignmagazine.com\/mag\/author\/benedetto\/"}]}},"jetpack_featured_media_url":"https:\/\/socialdesignmagazine.com\/mag\/wp-content\/uploads\/2012\/05\/benedetto_SCAD_foto_savannah_college_of_art_and_design_fuorisalone_005.jpg","jetpack_sharing_enabled":true,"jetpack_shortlink":"https:\/\/wp.me\/p6cV7V-bn","gt_translate_keys":[{"key":"link","format":"url"}],"_links":{"self":[{"href":"https:\/\/socialdesignmagazine.com\/mag\/wp-json\/wp\/v2\/posts\/705","targetHints":{"allow":["GET"]}}],"collection":[{"href":"https:\/\/socialdesignmagazine.com\/mag\/wp-json\/wp\/v2\/posts"}],"about":[{"href":"https:\/\/socialdesignmagazine.com\/mag\/wp-json\/wp\/v2\/types\/post"}],"author":[{"embeddable":true,"href":"https:\/\/socialdesignmagazine.com\/mag\/wp-json\/wp\/v2\/users\/1"}],"replies":[{"embeddable":true,"href":"https:\/\/socialdesignmagazine.com\/mag\/wp-json\/wp\/v2\/comments?post=705"}],"version-history":[{"count":1,"href":"https:\/\/socialdesignmagazine.com\/mag\/wp-json\/wp\/v2\/posts\/705\/revisions"}],"predecessor-version":[{"id":59837,"href":"https:\/\/socialdesignmagazine.com\/mag\/wp-json\/wp\/v2\/posts\/705\/revisions\/59837"}],"wp:featuredmedia":[{"embeddable":true,"href":"https:\/\/socialdesignmagazine.com\/mag\/wp-json\/wp\/v2\/media\/7897"}],"wp:attachment":[{"href":"https:\/\/socialdesignmagazine.com\/mag\/wp-json\/wp\/v2\/media?parent=705"}],"wp:term":[{"taxonomy":"category","embeddable":true,"href":"https:\/\/socialdesignmagazine.com\/mag\/wp-json\/wp\/v2\/categories?post=705"},{"taxonomy":"post_tag","embeddable":true,"href":"https:\/\/socialdesignmagazine.com\/mag\/wp-json\/wp\/v2\/tags?post=705"}],"curies":[{"name":"wp","href":"https:\/\/api.w.org\/{rel}","templated":true}]}}