{"id":730,"date":"2012-05-11T13:30:00","date_gmt":"2012-05-11T11:30:00","guid":{"rendered":"https:\/\/socialdesignmagazine.com\/mag\/s8-visual\/c38-visual\/emanuele-spano-un-altro-premio-per-la-torre-saracena-qim-where-i-liveq-si-aggiudica-il-premio-internazionale-a-design-award\/"},"modified":"2024-05-13T16:44:51","modified_gmt":"2024-05-13T14:44:51","slug":"emanuele-spano-un-altro-premio-per-la-torre-saracena-qim-where-i-liveq-si-aggiudica-il-premio-internazionale-a-design-award","status":"publish","type":"post","link":"https:\/\/socialdesignmagazine.com\/mag\/visual\/emanuele-spano-un-altro-premio-per-la-torre-saracena-qim-where-i-liveq-si-aggiudica-il-premio-internazionale-a-design-award\/","title":{"rendered":"Emanuele Spano \/ Un altro premio per la \u201cTorre Saracena\u201d, &#8220;I\u2019m Where I Live&#8221; si aggiudica il premio internazionale A&#8217; Design Award","gt_translate_keys":[{"key":"rendered","format":"text"}]},"content":{"rendered":"\n<p>&#8220;I\u2019m Where I Live&#8221;, il progetto del designer leccese Emanuele Spano, villa-studio ispirata al modello della Torre Saracena situata nell\u2019antico borgo di Muro Leccese (LE), si aggiudica il Silver A&#8217; Design Award.<\/p>\n\n\n\n<p>Oltre 2500 i partecipanti al concorso, da tutto il mondo, e suddivisi in 40 categorie: Spano concorreva per l\u2019interior design. <br>A pochi mesi dalla vittoria del concorso indetto dal Sole 24 Ore, il progetto di Emanuele Spano riceve questa volta il riconoscimento da A\u2019 Design Award che, annualmente, premia le eccellenze nel design a livello internazionale. <br>A scegliere i vincitori una prestigiosa giuria internazionale composta da 30 esperti del settore, selezionati tra il mondo accademico (Politecnico di Milano; Kangnam University \u2013 Korea; Jiangnan University -Cina) e quello aziendale (Mercedes-Benz Italia, Sydney D Apparel &amp; Fashion &#8211; Cina; TSKC Architects USA). I lavori in concorso per la categoria interior design sono stati votati su aspetti quali funzionalit\u00e0, ergonomia, innovazione, dettagli e tecnologia.<\/p>\n\n\n<div class=\"wp-block-image\">\n<figure class=\"aligncenter\"><img loading=\"lazy\" decoding=\"async\" width=\"720\" height=\"720\" data-attachment-id=\"8017\" data-permalink=\"https:\/\/socialdesignmagazine.com\/mag\/visual\/emanuele-spano-un-altro-premio-per-la-torre-saracena-qim-where-i-liveq-si-aggiudica-il-premio-internazionale-a-design-award\/attachment\/emanuele_spano_ritratto\/#content\" data-orig-file=\"https:\/\/socialdesignmagazine.com\/mag\/wp-content\/uploads\/2012\/05\/benedetto_emanuele_spano_premio_a_design_Emanuele_Spano_Ritratto.jpg\" data-orig-size=\"720,720\" data-comments-opened=\"1\" data-image-meta=\"{&quot;aperture&quot;:&quot;0&quot;,&quot;credit&quot;:&quot;&quot;,&quot;camera&quot;:&quot;&quot;,&quot;caption&quot;:&quot;&quot;,&quot;created_timestamp&quot;:&quot;0&quot;,&quot;copyright&quot;:&quot;&quot;,&quot;focal_length&quot;:&quot;0&quot;,&quot;iso&quot;:&quot;0&quot;,&quot;shutter_speed&quot;:&quot;0&quot;,&quot;title&quot;:&quot;&quot;,&quot;orientation&quot;:&quot;0&quot;}\" data-image-title=\"Emanuele_Spano_Ritratto\" data-image-description=\"\" data-image-caption=\"\" data-medium-file=\"https:\/\/socialdesignmagazine.com\/mag\/wp-content\/uploads\/2012\/05\/benedetto_emanuele_spano_premio_a_design_Emanuele_Spano_Ritratto-396x256.jpg\" data-large-file=\"https:\/\/socialdesignmagazine.com\/mag\/wp-content\/uploads\/2012\/05\/benedetto_emanuele_spano_premio_a_design_Emanuele_Spano_Ritratto.jpg\" src=\"https:\/\/socialdesignmagazine.com\/mag\/wp-content\/uploads\/2012\/05\/benedetto_emanuele_spano_premio_a_design_Emanuele_Spano_Ritratto.jpg\" alt=\"Emanuele_Spano_Ritratto\" class=\"wp-image-8017\" srcset=\"https:\/\/socialdesignmagazine.com\/mag\/wp-content\/uploads\/2012\/05\/benedetto_emanuele_spano_premio_a_design_Emanuele_Spano_Ritratto.jpg 720w, https:\/\/socialdesignmagazine.com\/mag\/wp-content\/uploads\/2012\/05\/benedetto_emanuele_spano_premio_a_design_Emanuele_Spano_Ritratto-65x65.jpg 65w\" sizes=\"auto, (max-width: 720px) 100vw, 720px\" \/><\/figure>\n<\/div>\n\n\n<p><em>\u201cSono veramente emozionato \u2013 dichiara Emanuele Spano- per i riconoscimenti che sta ottenendo il mio progetto \u201cI\u2019m where I live\u201d, questo di A&#8217; Design in particolare che arriva da parte di una giura di esperti internazionali. Penso che l\u2019unione tra tradizione e innovazione sia fondamentale nel design ed \u00e8 quello che emerge nel mio lavoro: oggetti estremamente contemporanei uniti a un\u2019architettura che parla di tempi lontani ma soprattutto della mia terra, la Puglia\u201d.<\/em><br><em> &#8220;I\u2019m Where I Live&#8221; (Sono dove vivo) \u00e9 uno spazio di lavoro, uno studio, che include un\u2019ampia zona relax, costruito principalmente con pietra leccese e arredato con oggetti di design di importanti aziende. Una costruzione eco-friendly con soluzioni per il risparmio energetico e utilizzo di materiali a km zero, reperibili sul territorio stesso, e con un particolare sistema di ventilazione interamente naturale.<\/em><\/p>\n\n\n<div class=\"wp-block-image\">\n<figure class=\"aligncenter\"><img loading=\"lazy\" decoding=\"async\" width=\"720\" height=\"960\" data-attachment-id=\"8018\" data-permalink=\"https:\/\/socialdesignmagazine.com\/mag\/visual\/emanuele-spano-un-altro-premio-per-la-torre-saracena-qim-where-i-liveq-si-aggiudica-il-premio-internazionale-a-design-award\/attachment\/emanuele_spano_im_where_i_live_001\/#content\" data-orig-file=\"https:\/\/socialdesignmagazine.com\/mag\/wp-content\/uploads\/2012\/05\/benedetto_emanuele_spano_premio_a_design_emanuele_spano_im_where_i_live_001.jpg\" data-orig-size=\"720,960\" data-comments-opened=\"1\" data-image-meta=\"{&quot;aperture&quot;:&quot;9&quot;,&quot;credit&quot;:&quot;&quot;,&quot;camera&quot;:&quot;Hasselblad H3D II-50&quot;,&quot;caption&quot;:&quot;&quot;,&quot;created_timestamp&quot;:&quot;1263813083&quot;,&quot;copyright&quot;:&quot;&quot;,&quot;focal_length&quot;:&quot;28&quot;,&quot;iso&quot;:&quot;200&quot;,&quot;shutter_speed&quot;:&quot;0.00285714119659&quot;,&quot;title&quot;:&quot;&quot;,&quot;orientation&quot;:&quot;1&quot;}\" data-image-title=\"emanuele_spano_im_where_i_live_001\" data-image-description=\"\" data-image-caption=\"\" data-medium-file=\"https:\/\/socialdesignmagazine.com\/mag\/wp-content\/uploads\/2012\/05\/benedetto_emanuele_spano_premio_a_design_emanuele_spano_im_where_i_live_001-396x256.jpg\" data-large-file=\"https:\/\/socialdesignmagazine.com\/mag\/wp-content\/uploads\/2012\/05\/benedetto_emanuele_spano_premio_a_design_emanuele_spano_im_where_i_live_001.jpg\" src=\"https:\/\/socialdesignmagazine.com\/mag\/wp-content\/uploads\/2012\/05\/benedetto_emanuele_spano_premio_a_design_emanuele_spano_im_where_i_live_001.jpg\" alt=\"emanuele_spano_im_where_i_live_001\" class=\"wp-image-8018\"\/><\/figure>\n<\/div>\n\n<div class=\"wp-block-image\">\n<figure class=\"aligncenter\"><img loading=\"lazy\" decoding=\"async\" width=\"720\" height=\"540\" data-attachment-id=\"8019\" data-permalink=\"https:\/\/socialdesignmagazine.com\/mag\/visual\/emanuele-spano-un-altro-premio-per-la-torre-saracena-qim-where-i-liveq-si-aggiudica-il-premio-internazionale-a-design-award\/attachment\/emanuele_spano_im_where_i_live_005\/#content\" data-orig-file=\"https:\/\/socialdesignmagazine.com\/mag\/wp-content\/uploads\/2012\/05\/benedetto_emanuele_spano_premio_a_design_emanuele_spano_im_where_i_live_005.jpg\" data-orig-size=\"720,540\" data-comments-opened=\"1\" data-image-meta=\"{&quot;aperture&quot;:&quot;11&quot;,&quot;credit&quot;:&quot;&quot;,&quot;camera&quot;:&quot;Hasselblad H3D II-50&quot;,&quot;caption&quot;:&quot;&quot;,&quot;created_timestamp&quot;:&quot;1263900545&quot;,&quot;copyright&quot;:&quot;&quot;,&quot;focal_length&quot;:&quot;50&quot;,&quot;iso&quot;:&quot;200&quot;,&quot;shutter_speed&quot;:&quot;0.00133333168877&quot;,&quot;title&quot;:&quot;&quot;,&quot;orientation&quot;:&quot;1&quot;}\" data-image-title=\"emanuele_spano_im_where_i_live_005\" data-image-description=\"\" data-image-caption=\"\" data-medium-file=\"https:\/\/socialdesignmagazine.com\/mag\/wp-content\/uploads\/2012\/05\/benedetto_emanuele_spano_premio_a_design_emanuele_spano_im_where_i_live_005-396x256.jpg\" data-large-file=\"https:\/\/socialdesignmagazine.com\/mag\/wp-content\/uploads\/2012\/05\/benedetto_emanuele_spano_premio_a_design_emanuele_spano_im_where_i_live_005.jpg\" src=\"https:\/\/socialdesignmagazine.com\/mag\/wp-content\/uploads\/2012\/05\/benedetto_emanuele_spano_premio_a_design_emanuele_spano_im_where_i_live_005.jpg\" alt=\"emanuele_spano_im_where_i_live_005\" class=\"wp-image-8019\"\/><\/figure>\n<\/div>\n\n<div class=\"wp-block-image\">\n<figure class=\"aligncenter\"><img loading=\"lazy\" decoding=\"async\" width=\"720\" height=\"491\" data-attachment-id=\"8020\" data-permalink=\"https:\/\/socialdesignmagazine.com\/mag\/visual\/emanuele-spano-un-altro-premio-per-la-torre-saracena-qim-where-i-liveq-si-aggiudica-il-premio-internazionale-a-design-award\/attachment\/emanuele_spano_im_where_i_live_010\/#content\" data-orig-file=\"https:\/\/socialdesignmagazine.com\/mag\/wp-content\/uploads\/2012\/05\/benedetto_emanuele_spano_premio_a_design_emanuele_spano_im_where_i_live_010.jpg\" data-orig-size=\"720,491\" data-comments-opened=\"1\" data-image-meta=\"{&quot;aperture&quot;:&quot;4&quot;,&quot;credit&quot;:&quot;&quot;,&quot;camera&quot;:&quot;Hasselblad H3D II-50&quot;,&quot;caption&quot;:&quot;&quot;,&quot;created_timestamp&quot;:&quot;1263305696&quot;,&quot;copyright&quot;:&quot;&quot;,&quot;focal_length&quot;:&quot;28&quot;,&quot;iso&quot;:&quot;200&quot;,&quot;shutter_speed&quot;:&quot;0.0166666666667&quot;,&quot;title&quot;:&quot;&quot;,&quot;orientation&quot;:&quot;1&quot;}\" data-image-title=\"emanuele_spano_im_where_i_live_010\" data-image-description=\"\" data-image-caption=\"\" data-medium-file=\"https:\/\/socialdesignmagazine.com\/mag\/wp-content\/uploads\/2012\/05\/benedetto_emanuele_spano_premio_a_design_emanuele_spano_im_where_i_live_010-396x256.jpg\" data-large-file=\"https:\/\/socialdesignmagazine.com\/mag\/wp-content\/uploads\/2012\/05\/benedetto_emanuele_spano_premio_a_design_emanuele_spano_im_where_i_live_010.jpg\" src=\"https:\/\/socialdesignmagazine.com\/mag\/wp-content\/uploads\/2012\/05\/benedetto_emanuele_spano_premio_a_design_emanuele_spano_im_where_i_live_010.jpg\" alt=\"emanuele_spano_im_where_i_live_010\" class=\"wp-image-8020\"\/><\/figure>\n<\/div>\n\n<div class=\"wp-block-image\">\n<figure class=\"aligncenter\"><img loading=\"lazy\" decoding=\"async\" width=\"720\" height=\"540\" data-attachment-id=\"8021\" data-permalink=\"https:\/\/socialdesignmagazine.com\/mag\/visual\/emanuele-spano-un-altro-premio-per-la-torre-saracena-qim-where-i-liveq-si-aggiudica-il-premio-internazionale-a-design-award\/attachment\/emanuele_spano_im_where_i_live_022\/#content\" data-orig-file=\"https:\/\/socialdesignmagazine.com\/mag\/wp-content\/uploads\/2012\/05\/benedetto_emanuele_spano_premio_a_design_emanuele_spano_im_where_i_live_022.jpg\" data-orig-size=\"720,540\" data-comments-opened=\"1\" data-image-meta=\"{&quot;aperture&quot;:&quot;4&quot;,&quot;credit&quot;:&quot;&quot;,&quot;camera&quot;:&quot;Hasselblad H3D II-50&quot;,&quot;caption&quot;:&quot;&quot;,&quot;created_timestamp&quot;:&quot;1263169749&quot;,&quot;copyright&quot;:&quot;&quot;,&quot;focal_length&quot;:&quot;28&quot;,&quot;iso&quot;:&quot;200&quot;,&quot;shutter_speed&quot;:&quot;0.05&quot;,&quot;title&quot;:&quot;&quot;,&quot;orientation&quot;:&quot;1&quot;}\" data-image-title=\"emanuele_spano_im_where_i_live_022\" data-image-description=\"\" data-image-caption=\"\" data-medium-file=\"https:\/\/socialdesignmagazine.com\/mag\/wp-content\/uploads\/2012\/05\/benedetto_emanuele_spano_premio_a_design_emanuele_spano_im_where_i_live_022-396x256.jpg\" data-large-file=\"https:\/\/socialdesignmagazine.com\/mag\/wp-content\/uploads\/2012\/05\/benedetto_emanuele_spano_premio_a_design_emanuele_spano_im_where_i_live_022.jpg\" src=\"https:\/\/socialdesignmagazine.com\/mag\/wp-content\/uploads\/2012\/05\/benedetto_emanuele_spano_premio_a_design_emanuele_spano_im_where_i_live_022.jpg\" alt=\"emanuele_spano_im_where_i_live_022\" class=\"wp-image-8021\"\/><\/figure>\n<\/div>\n\n<div class=\"wp-block-image\">\n<figure class=\"aligncenter\"><img loading=\"lazy\" decoding=\"async\" width=\"720\" height=\"540\" data-attachment-id=\"8022\" data-permalink=\"https:\/\/socialdesignmagazine.com\/mag\/visual\/emanuele-spano-un-altro-premio-per-la-torre-saracena-qim-where-i-liveq-si-aggiudica-il-premio-internazionale-a-design-award\/attachment\/emanuele_spano_im_where_i_live_030\/#content\" data-orig-file=\"https:\/\/socialdesignmagazine.com\/mag\/wp-content\/uploads\/2012\/05\/benedetto_emanuele_spano_premio_a_design_emanuele_spano_im_where_i_live_030.jpg\" data-orig-size=\"720,540\" data-comments-opened=\"1\" data-image-meta=\"{&quot;aperture&quot;:&quot;3.5&quot;,&quot;credit&quot;:&quot;&quot;,&quot;camera&quot;:&quot;Hasselblad H3D II-50&quot;,&quot;caption&quot;:&quot;&quot;,&quot;created_timestamp&quot;:&quot;1263168001&quot;,&quot;copyright&quot;:&quot;&quot;,&quot;focal_length&quot;:&quot;50&quot;,&quot;iso&quot;:&quot;200&quot;,&quot;shutter_speed&quot;:&quot;0.0333333333333&quot;,&quot;title&quot;:&quot;&quot;,&quot;orientation&quot;:&quot;1&quot;}\" data-image-title=\"emanuele_spano_im_where_i_live_030\" data-image-description=\"\" data-image-caption=\"\" data-medium-file=\"https:\/\/socialdesignmagazine.com\/mag\/wp-content\/uploads\/2012\/05\/benedetto_emanuele_spano_premio_a_design_emanuele_spano_im_where_i_live_030-396x256.jpg\" data-large-file=\"https:\/\/socialdesignmagazine.com\/mag\/wp-content\/uploads\/2012\/05\/benedetto_emanuele_spano_premio_a_design_emanuele_spano_im_where_i_live_030.jpg\" src=\"https:\/\/socialdesignmagazine.com\/mag\/wp-content\/uploads\/2012\/05\/benedetto_emanuele_spano_premio_a_design_emanuele_spano_im_where_i_live_030.jpg\" alt=\"emanuele_spano_im_where_i_live_030\" class=\"wp-image-8022\"\/><\/figure>\n<\/div>\n\n<div class=\"wp-block-image\">\n<figure class=\"aligncenter\"><img loading=\"lazy\" decoding=\"async\" width=\"720\" height=\"480\" data-attachment-id=\"8023\" data-permalink=\"https:\/\/socialdesignmagazine.com\/mag\/visual\/emanuele-spano-un-altro-premio-per-la-torre-saracena-qim-where-i-liveq-si-aggiudica-il-premio-internazionale-a-design-award\/attachment\/emanuele_spano_im_where_i_live_031\/#content\" data-orig-file=\"https:\/\/socialdesignmagazine.com\/mag\/wp-content\/uploads\/2012\/05\/benedetto_emanuele_spano_premio_a_design_emanuele_spano_im_where_i_live_031.jpg\" data-orig-size=\"720,480\" data-comments-opened=\"1\" data-image-meta=\"{&quot;aperture&quot;:&quot;18&quot;,&quot;credit&quot;:&quot;&quot;,&quot;camera&quot;:&quot;NIKON D300S&quot;,&quot;caption&quot;:&quot;&quot;,&quot;created_timestamp&quot;:&quot;1269815037&quot;,&quot;copyright&quot;:&quot;&quot;,&quot;focal_length&quot;:&quot;62&quot;,&quot;iso&quot;:&quot;200&quot;,&quot;shutter_speed&quot;:&quot;0.003125&quot;,&quot;title&quot;:&quot;&quot;,&quot;orientation&quot;:&quot;1&quot;}\" data-image-title=\"emanuele_spano_im_where_i_live_031\" data-image-description=\"\" data-image-caption=\"\" data-medium-file=\"https:\/\/socialdesignmagazine.com\/mag\/wp-content\/uploads\/2012\/05\/benedetto_emanuele_spano_premio_a_design_emanuele_spano_im_where_i_live_031-396x256.jpg\" data-large-file=\"https:\/\/socialdesignmagazine.com\/mag\/wp-content\/uploads\/2012\/05\/benedetto_emanuele_spano_premio_a_design_emanuele_spano_im_where_i_live_031.jpg\" src=\"https:\/\/socialdesignmagazine.com\/mag\/wp-content\/uploads\/2012\/05\/benedetto_emanuele_spano_premio_a_design_emanuele_spano_im_where_i_live_031.jpg\" alt=\"emanuele_spano_im_where_i_live_031\" class=\"wp-image-8023\" srcset=\"https:\/\/socialdesignmagazine.com\/mag\/wp-content\/uploads\/2012\/05\/benedetto_emanuele_spano_premio_a_design_emanuele_spano_im_where_i_live_031.jpg 720w, https:\/\/socialdesignmagazine.com\/mag\/wp-content\/uploads\/2012\/05\/benedetto_emanuele_spano_premio_a_design_emanuele_spano_im_where_i_live_031-100x66.jpg 100w\" sizes=\"auto, (max-width: 720px) 100vw, 720px\" \/><\/figure>\n<\/div>\n\n<div class=\"wp-block-image\">\n<figure class=\"aligncenter\"><img loading=\"lazy\" decoding=\"async\" width=\"720\" height=\"540\" data-attachment-id=\"8024\" data-permalink=\"https:\/\/socialdesignmagazine.com\/mag\/visual\/emanuele-spano-un-altro-premio-per-la-torre-saracena-qim-where-i-liveq-si-aggiudica-il-premio-internazionale-a-design-award\/attachment\/emanuele_spano_im_where_i_live_058\/#content\" data-orig-file=\"https:\/\/socialdesignmagazine.com\/mag\/wp-content\/uploads\/2012\/05\/benedetto_emanuele_spano_premio_a_design_emanuele_spano_im_where_i_live_058.jpg\" data-orig-size=\"720,540\" data-comments-opened=\"1\" data-image-meta=\"{&quot;aperture&quot;:&quot;4&quot;,&quot;credit&quot;:&quot;&quot;,&quot;camera&quot;:&quot;Hasselblad H3D II-50&quot;,&quot;caption&quot;:&quot;&quot;,&quot;created_timestamp&quot;:&quot;1263810295&quot;,&quot;copyright&quot;:&quot;&quot;,&quot;focal_length&quot;:&quot;28&quot;,&quot;iso&quot;:&quot;200&quot;,&quot;shutter_speed&quot;:&quot;0.0166666666667&quot;,&quot;title&quot;:&quot;&quot;,&quot;orientation&quot;:&quot;1&quot;}\" data-image-title=\"emanuele_spano_im_where_i_live_058\" data-image-description=\"\" data-image-caption=\"\" data-medium-file=\"https:\/\/socialdesignmagazine.com\/mag\/wp-content\/uploads\/2012\/05\/benedetto_emanuele_spano_premio_a_design_emanuele_spano_im_where_i_live_058-396x256.jpg\" data-large-file=\"https:\/\/socialdesignmagazine.com\/mag\/wp-content\/uploads\/2012\/05\/benedetto_emanuele_spano_premio_a_design_emanuele_spano_im_where_i_live_058.jpg\" src=\"https:\/\/socialdesignmagazine.com\/mag\/wp-content\/uploads\/2012\/05\/benedetto_emanuele_spano_premio_a_design_emanuele_spano_im_where_i_live_058.jpg\" alt=\"emanuele_spano_im_where_i_live_058\" class=\"wp-image-8024\"\/><\/figure>\n<\/div>","protected":false,"gt_translate_keys":[{"key":"rendered","format":"html"}]},"excerpt":{"rendered":"<p>&#8220;I\u2019m Where I Live&#8221;, il progetto del designer leccese Emanuele Spano, villa-studio ispirata al modello della Torre Saracena situata nell\u2019antico borgo di Muro Leccese (LE), si aggiudica il Silver A&#8217; Design Award.<\/p>\n","protected":false,"gt_translate_keys":[{"key":"rendered","format":"html"}]},"author":1,"featured_media":8016,"comment_status":"open","ping_status":"open","sticky":false,"template":"","format":"standard","meta":{"jetpack_post_was_ever_published":false,"_jetpack_newsletter_access":"","_jetpack_dont_email_post_to_subs":false,"_jetpack_newsletter_tier_id":0,"_jetpack_memberships_contains_paywalled_content":false,"_jetpack_memberships_contains_paid_content":false,"footnotes":"","_wpscppro_dont_share_socialmedia":false,"_wpscppro_custom_social_share_image":0,"_facebook_share_type":"","_twitter_share_type":"","_linkedin_share_type":"","_pinterest_share_type":"","_linkedin_share_type_page":"","_instagram_share_type":"","_medium_share_type":"","_threads_share_type":"","_google_business_share_type":"","_selected_social_profile":[],"_wpsp_enable_custom_social_template":false,"_wpsp_social_scheduling":{"enabled":false,"datetime":null,"platforms":[],"status":"template_only","dateOption":"today","timeOption":"now","customDays":"","customHours":"","customDate":"","customTime":"","schedulingType":"absolute"},"_wpsp_active_default_template":true},"categories":[12],"tags":[1852],"class_list":["post-730","post","type-post","status-publish","format-standard","has-post-thumbnail","hentry","category-visual","tag-emanuele-spano"],"yoast_head":"<!-- This site is optimized with the Yoast SEO plugin v27.2 - https:\/\/yoast.com\/product\/yoast-seo-wordpress\/ -->\n<title>Emanuele Spano \/ Un altro premio per la \u201cTorre Saracena\u201d, &quot;I\u2019m Where I Live&quot; si aggiudica il premio internazionale A&#039; Design Award - Social Design Magazine<\/title>\n<meta name=\"description\" content=\"&quot;I\u2019m Where I Live&quot;, il progetto del designer leccese Emanuele Spano, villa-studio ispirata al modello della Torre Saracena situata nell\u2019antico borgo di Muro Leccese (LE), si aggiudica il Silver A&#039; Design Award.\" \/>\n<meta name=\"robots\" content=\"index, follow, max-snippet:-1, max-image-preview:large, max-video-preview:-1\" \/>\n<link rel=\"canonical\" href=\"https:\/\/socialdesignmagazine.com\/mag\/visual\/emanuele-spano-un-altro-premio-per-la-torre-saracena-qim-where-i-liveq-si-aggiudica-il-premio-internazionale-a-design-award\/\" \/>\n<meta property=\"og:locale\" content=\"it_IT\" \/>\n<meta property=\"og:type\" content=\"article\" \/>\n<meta property=\"og:title\" content=\"Emanuele Spano \/ Un altro premio per la \u201cTorre Saracena\u201d, &quot;I\u2019m Where I Live&quot; si aggiudica il premio internazionale A&#039; Design Award - Social Design Magazine\" \/>\n<meta property=\"og:description\" content=\"&quot;I\u2019m Where I Live&quot;, il progetto del designer leccese Emanuele Spano, villa-studio ispirata al modello della Torre Saracena situata nell\u2019antico borgo di Muro Leccese (LE), si aggiudica il Silver A&#039; Design Award.\" \/>\n<meta property=\"og:url\" content=\"http:\/\/socialdesignmagazine.com\/mag\/visual\/emanuele-spano-un-altro-premio-per-la-torre-saracena-qim-where-i-liveq-si-aggiudica-il-premio-internazionale-a-design-award\/\" \/>\n<meta property=\"og:site_name\" content=\"Social Design Magazine\" \/>\n<meta property=\"article:publisher\" content=\"https:\/\/www.facebook.com\/socialdesignmag\" \/>\n<meta property=\"article:author\" content=\"https:\/\/www.facebook.com\/benedettofiori\" \/>\n<meta property=\"article:published_time\" content=\"2012-05-11T11:30:00+00:00\" \/>\n<meta property=\"article:modified_time\" content=\"2024-05-13T14:44:51+00:00\" \/>\n<meta property=\"og:image\" content=\"https:\/\/socialdesignmagazine.com\/mag\/wp-content\/uploads\/2012\/05\/benedetto_emanuele_spano_premio_a_design_Im_where_I_live.jpg\" \/>\n\t<meta property=\"og:image:width\" content=\"720\" \/>\n\t<meta property=\"og:image:height\" content=\"720\" \/>\n\t<meta property=\"og:image:type\" content=\"image\/jpeg\" \/>\n<meta name=\"author\" content=\"Benedetto Fiori\" \/>\n<meta name=\"twitter:card\" content=\"summary_large_image\" \/>\n<meta name=\"twitter:creator\" content=\"@benedettofiori\" \/>\n<meta name=\"twitter:site\" content=\"@socialdesignmag\" \/>\n<meta name=\"twitter:label1\" content=\"Scritto da\" \/>\n\t<meta name=\"twitter:data1\" content=\"Benedetto Fiori\" \/>\n\t<meta name=\"twitter:label2\" content=\"Tempo di lettura stimato\" \/>\n\t<meta name=\"twitter:data2\" content=\"4 minuti\" \/>\n<script type=\"application\/ld+json\" class=\"yoast-schema-graph\">{\"@context\":\"https:\/\/schema.org\",\"@graph\":[{\"@type\":\"Article\",\"@id\":\"https:\/\/socialdesignmagazine.com\/mag\/visual\/emanuele-spano-un-altro-premio-per-la-torre-saracena-qim-where-i-liveq-si-aggiudica-il-premio-internazionale-a-design-award\/#article\",\"isPartOf\":{\"@id\":\"https:\/\/socialdesignmagazine.com\/mag\/visual\/emanuele-spano-un-altro-premio-per-la-torre-saracena-qim-where-i-liveq-si-aggiudica-il-premio-internazionale-a-design-award\/\"},\"author\":{\"name\":\"Benedetto Fiori\",\"@id\":\"https:\/\/socialdesignmagazine.com\/mag\/#\/schema\/person\/61e20205cc363c315e6aabd33a045846\"},\"headline\":\"Emanuele Spano \/ Un altro premio per la \u201cTorre Saracena\u201d, &#8220;I\u2019m Where I Live&#8221; si aggiudica il premio internazionale A&#8217; Design Award\",\"datePublished\":\"2012-05-11T11:30:00+00:00\",\"dateModified\":\"2024-05-13T14:44:51+00:00\",\"mainEntityOfPage\":{\"@id\":\"https:\/\/socialdesignmagazine.com\/mag\/visual\/emanuele-spano-un-altro-premio-per-la-torre-saracena-qim-where-i-liveq-si-aggiudica-il-premio-internazionale-a-design-award\/\"},\"wordCount\":310,\"commentCount\":0,\"publisher\":{\"@id\":\"https:\/\/socialdesignmagazine.com\/mag\/#organization\"},\"image\":{\"@id\":\"https:\/\/socialdesignmagazine.com\/mag\/visual\/emanuele-spano-un-altro-premio-per-la-torre-saracena-qim-where-i-liveq-si-aggiudica-il-premio-internazionale-a-design-award\/#primaryimage\"},\"thumbnailUrl\":\"https:\/\/socialdesignmagazine.com\/mag\/wp-content\/uploads\/2012\/05\/benedetto_emanuele_spano_premio_a_design_Im_where_I_live.jpg\",\"keywords\":[\"emanuele spano\"],\"articleSection\":[\"Visual\"],\"inLanguage\":\"it-IT\",\"potentialAction\":[{\"@type\":\"CommentAction\",\"name\":\"Comment\",\"target\":[\"https:\/\/socialdesignmagazine.com\/mag\/visual\/emanuele-spano-un-altro-premio-per-la-torre-saracena-qim-where-i-liveq-si-aggiudica-il-premio-internazionale-a-design-award\/#respond\"]}]},{\"@type\":\"WebPage\",\"@id\":\"https:\/\/socialdesignmagazine.com\/mag\/visual\/emanuele-spano-un-altro-premio-per-la-torre-saracena-qim-where-i-liveq-si-aggiudica-il-premio-internazionale-a-design-award\/\",\"url\":\"https:\/\/socialdesignmagazine.com\/mag\/visual\/emanuele-spano-un-altro-premio-per-la-torre-saracena-qim-where-i-liveq-si-aggiudica-il-premio-internazionale-a-design-award\/\",\"name\":\"Emanuele Spano \/ Un altro premio per la \u201cTorre Saracena\u201d, \\\"I\u2019m Where I Live\\\" si aggiudica il premio internazionale A' Design Award - Social Design Magazine\",\"isPartOf\":{\"@id\":\"https:\/\/socialdesignmagazine.com\/mag\/#website\"},\"primaryImageOfPage\":{\"@id\":\"https:\/\/socialdesignmagazine.com\/mag\/visual\/emanuele-spano-un-altro-premio-per-la-torre-saracena-qim-where-i-liveq-si-aggiudica-il-premio-internazionale-a-design-award\/#primaryimage\"},\"image\":{\"@id\":\"https:\/\/socialdesignmagazine.com\/mag\/visual\/emanuele-spano-un-altro-premio-per-la-torre-saracena-qim-where-i-liveq-si-aggiudica-il-premio-internazionale-a-design-award\/#primaryimage\"},\"thumbnailUrl\":\"https:\/\/socialdesignmagazine.com\/mag\/wp-content\/uploads\/2012\/05\/benedetto_emanuele_spano_premio_a_design_Im_where_I_live.jpg\",\"datePublished\":\"2012-05-11T11:30:00+00:00\",\"dateModified\":\"2024-05-13T14:44:51+00:00\",\"description\":\"\\\"I\u2019m Where I Live\\\", il progetto del designer leccese Emanuele Spano, villa-studio ispirata al modello della Torre Saracena situata nell\u2019antico borgo di Muro Leccese (LE), si aggiudica il Silver A' Design Award.\",\"breadcrumb\":{\"@id\":\"https:\/\/socialdesignmagazine.com\/mag\/visual\/emanuele-spano-un-altro-premio-per-la-torre-saracena-qim-where-i-liveq-si-aggiudica-il-premio-internazionale-a-design-award\/#breadcrumb\"},\"inLanguage\":\"it-IT\",\"potentialAction\":[{\"@type\":\"ReadAction\",\"target\":[\"https:\/\/socialdesignmagazine.com\/mag\/visual\/emanuele-spano-un-altro-premio-per-la-torre-saracena-qim-where-i-liveq-si-aggiudica-il-premio-internazionale-a-design-award\/\"]}]},{\"@type\":\"ImageObject\",\"inLanguage\":\"it-IT\",\"@id\":\"https:\/\/socialdesignmagazine.com\/mag\/visual\/emanuele-spano-un-altro-premio-per-la-torre-saracena-qim-where-i-liveq-si-aggiudica-il-premio-internazionale-a-design-award\/#primaryimage\",\"url\":\"https:\/\/socialdesignmagazine.com\/mag\/wp-content\/uploads\/2012\/05\/benedetto_emanuele_spano_premio_a_design_Im_where_I_live.jpg\",\"contentUrl\":\"https:\/\/socialdesignmagazine.com\/mag\/wp-content\/uploads\/2012\/05\/benedetto_emanuele_spano_premio_a_design_Im_where_I_live.jpg\",\"width\":720,\"height\":720,\"caption\":\"Im_where_I_live\"},{\"@type\":\"BreadcrumbList\",\"@id\":\"https:\/\/socialdesignmagazine.com\/mag\/visual\/emanuele-spano-un-altro-premio-per-la-torre-saracena-qim-where-i-liveq-si-aggiudica-il-premio-internazionale-a-design-award\/#breadcrumb\",\"itemListElement\":[{\"@type\":\"ListItem\",\"position\":1,\"name\":\"Home\",\"item\":\"https:\/\/socialdesignmagazine.com\/mag\/\"},{\"@type\":\"ListItem\",\"position\":2,\"name\":\"Visual\",\"item\":\"https:\/\/socialdesignmagazine.com\/mag\/visual\/\"},{\"@type\":\"ListItem\",\"position\":3,\"name\":\"Emanuele Spano \/ Un altro premio per la \u201cTorre Saracena\u201d, &#8220;I\u2019m Where I Live&#8221; si aggiudica il premio internazionale A&#8217; Design Award\"}]},{\"@type\":\"WebSite\",\"@id\":\"https:\/\/socialdesignmagazine.com\/mag\/#website\",\"url\":\"https:\/\/socialdesignmagazine.com\/mag\/\",\"name\":\"Social Design Magazine\",\"description\":\"Social Magazine su Design, Architettura, Arte, Grafica\",\"publisher\":{\"@id\":\"https:\/\/socialdesignmagazine.com\/mag\/#organization\"},\"potentialAction\":[{\"@type\":\"SearchAction\",\"target\":{\"@type\":\"EntryPoint\",\"urlTemplate\":\"https:\/\/socialdesignmagazine.com\/mag\/?s={search_term_string}\"},\"query-input\":{\"@type\":\"PropertyValueSpecification\",\"valueRequired\":true,\"valueName\":\"search_term_string\"}}],\"inLanguage\":\"it-IT\"},{\"@type\":\"Organization\",\"@id\":\"https:\/\/socialdesignmagazine.com\/mag\/#organization\",\"name\":\"Social Design Magazine\",\"url\":\"https:\/\/socialdesignmagazine.com\/mag\/\",\"logo\":{\"@type\":\"ImageObject\",\"inLanguage\":\"it-IT\",\"@id\":\"https:\/\/socialdesignmagazine.com\/mag\/#\/schema\/logo\/image\/\",\"url\":\"https:\/\/socialdesignmagazine.com\/mag\/wp-content\/uploads\/2017\/01\/logo_favicon_11.png\",\"contentUrl\":\"https:\/\/socialdesignmagazine.com\/mag\/wp-content\/uploads\/2017\/01\/logo_favicon_11.png\",\"width\":1024,\"height\":1024,\"caption\":\"Social Design Magazine\"},\"image\":{\"@id\":\"https:\/\/socialdesignmagazine.com\/mag\/#\/schema\/logo\/image\/\"},\"sameAs\":[\"https:\/\/www.facebook.com\/socialdesignmag\",\"https:\/\/x.com\/socialdesignmag\",\"http:\/\/instagram.com\/social_design_magazine\/\",\"http:\/\/pinterest.com\/socialdesignmag\/\",\"http:\/\/www.youtube.com\/user\/socialdesignmagazine\"]},{\"@type\":\"Person\",\"@id\":\"https:\/\/socialdesignmagazine.com\/mag\/#\/schema\/person\/61e20205cc363c315e6aabd33a045846\",\"name\":\"Benedetto Fiori\",\"image\":{\"@type\":\"ImageObject\",\"inLanguage\":\"it-IT\",\"@id\":\"https:\/\/secure.gravatar.com\/avatar\/450a48cefa36da63d920ad70aa660bd10725b1c6093800242e5efdb397759033?s=96&d=mm&r=g\",\"url\":\"https:\/\/secure.gravatar.com\/avatar\/450a48cefa36da63d920ad70aa660bd10725b1c6093800242e5efdb397759033?s=96&d=mm&r=g\",\"contentUrl\":\"https:\/\/secure.gravatar.com\/avatar\/450a48cefa36da63d920ad70aa660bd10725b1c6093800242e5efdb397759033?s=96&d=mm&r=g\",\"caption\":\"Benedetto Fiori\"},\"description\":\"Web | Twitter | Facebook | Shutterstock Founder &amp; Editor in Chief di Social Design Magazine. Attratto da sempre da tutto ci\u00f2 che \u00e8 creativit\u00e0, design, architettura. Dopo aver studiato Architettura all'Universit\u00e0 di Firenze, si \u00e8 impegnato in molteplici campi: comunicazione grafica, progettazione di allestimenti fieristici, brand design, Interior Design.\",\"sameAs\":[\"http:\/\/benedettofiori.com\",\"https:\/\/www.facebook.com\/benedettofiori\",\"https:\/\/x.com\/benedettofiori\"],\"url\":\"https:\/\/socialdesignmagazine.com\/mag\/author\/benedetto\/\"}]}<\/script>\n<!-- \/ Yoast SEO plugin. -->","yoast_head_json":{"title":"Emanuele Spano \/ Un altro premio per la \u201cTorre Saracena\u201d, \"I\u2019m Where I Live\" si aggiudica il premio internazionale A' Design Award - Social Design Magazine","description":"\"I\u2019m Where I Live\", il progetto del designer leccese Emanuele Spano, villa-studio ispirata al modello della Torre Saracena situata nell\u2019antico borgo di Muro Leccese (LE), si aggiudica il Silver A' Design Award.","robots":{"index":"index","follow":"follow","max-snippet":"max-snippet:-1","max-image-preview":"max-image-preview:large","max-video-preview":"max-video-preview:-1"},"canonical":"https:\/\/socialdesignmagazine.com\/mag\/visual\/emanuele-spano-un-altro-premio-per-la-torre-saracena-qim-where-i-liveq-si-aggiudica-il-premio-internazionale-a-design-award\/","og_locale":"it_IT","og_type":"article","og_title":"Emanuele Spano \/ Un altro premio per la \u201cTorre Saracena\u201d, \"I\u2019m Where I Live\" si aggiudica il premio internazionale A' Design Award - Social Design Magazine","og_description":"\"I\u2019m Where I Live\", il progetto del designer leccese Emanuele Spano, villa-studio ispirata al modello della Torre Saracena situata nell\u2019antico borgo di Muro Leccese (LE), si aggiudica il Silver A' Design Award.","og_url":"http:\/\/socialdesignmagazine.com\/mag\/visual\/emanuele-spano-un-altro-premio-per-la-torre-saracena-qim-where-i-liveq-si-aggiudica-il-premio-internazionale-a-design-award\/","og_site_name":"Social Design Magazine","article_publisher":"https:\/\/www.facebook.com\/socialdesignmag","article_author":"https:\/\/www.facebook.com\/benedettofiori","article_published_time":"2012-05-11T11:30:00+00:00","article_modified_time":"2024-05-13T14:44:51+00:00","og_image":[{"width":720,"height":720,"url":"https:\/\/socialdesignmagazine.com\/mag\/wp-content\/uploads\/2012\/05\/benedetto_emanuele_spano_premio_a_design_Im_where_I_live.jpg","type":"image\/jpeg"}],"author":"Benedetto Fiori","twitter_card":"summary_large_image","twitter_creator":"@benedettofiori","twitter_site":"@socialdesignmag","twitter_misc":{"Scritto da":"Benedetto Fiori","Tempo di lettura stimato":"4 minuti"},"schema":{"@context":"https:\/\/schema.org","@graph":[{"@type":"Article","@id":"https:\/\/socialdesignmagazine.com\/mag\/visual\/emanuele-spano-un-altro-premio-per-la-torre-saracena-qim-where-i-liveq-si-aggiudica-il-premio-internazionale-a-design-award\/#article","isPartOf":{"@id":"https:\/\/socialdesignmagazine.com\/mag\/visual\/emanuele-spano-un-altro-premio-per-la-torre-saracena-qim-where-i-liveq-si-aggiudica-il-premio-internazionale-a-design-award\/"},"author":{"name":"Benedetto Fiori","@id":"https:\/\/socialdesignmagazine.com\/mag\/#\/schema\/person\/61e20205cc363c315e6aabd33a045846"},"headline":"Emanuele Spano \/ Un altro premio per la \u201cTorre Saracena\u201d, &#8220;I\u2019m Where I Live&#8221; si aggiudica il premio internazionale A&#8217; Design Award","datePublished":"2012-05-11T11:30:00+00:00","dateModified":"2024-05-13T14:44:51+00:00","mainEntityOfPage":{"@id":"https:\/\/socialdesignmagazine.com\/mag\/visual\/emanuele-spano-un-altro-premio-per-la-torre-saracena-qim-where-i-liveq-si-aggiudica-il-premio-internazionale-a-design-award\/"},"wordCount":310,"commentCount":0,"publisher":{"@id":"https:\/\/socialdesignmagazine.com\/mag\/#organization"},"image":{"@id":"https:\/\/socialdesignmagazine.com\/mag\/visual\/emanuele-spano-un-altro-premio-per-la-torre-saracena-qim-where-i-liveq-si-aggiudica-il-premio-internazionale-a-design-award\/#primaryimage"},"thumbnailUrl":"https:\/\/socialdesignmagazine.com\/mag\/wp-content\/uploads\/2012\/05\/benedetto_emanuele_spano_premio_a_design_Im_where_I_live.jpg","keywords":["emanuele spano"],"articleSection":["Visual"],"inLanguage":"it-IT","potentialAction":[{"@type":"CommentAction","name":"Comment","target":["https:\/\/socialdesignmagazine.com\/mag\/visual\/emanuele-spano-un-altro-premio-per-la-torre-saracena-qim-where-i-liveq-si-aggiudica-il-premio-internazionale-a-design-award\/#respond"]}]},{"@type":"WebPage","@id":"https:\/\/socialdesignmagazine.com\/mag\/visual\/emanuele-spano-un-altro-premio-per-la-torre-saracena-qim-where-i-liveq-si-aggiudica-il-premio-internazionale-a-design-award\/","url":"https:\/\/socialdesignmagazine.com\/mag\/visual\/emanuele-spano-un-altro-premio-per-la-torre-saracena-qim-where-i-liveq-si-aggiudica-il-premio-internazionale-a-design-award\/","name":"Emanuele Spano \/ Un altro premio per la \u201cTorre Saracena\u201d, \"I\u2019m Where I Live\" si aggiudica il premio internazionale A' Design Award - Social Design Magazine","isPartOf":{"@id":"https:\/\/socialdesignmagazine.com\/mag\/#website"},"primaryImageOfPage":{"@id":"https:\/\/socialdesignmagazine.com\/mag\/visual\/emanuele-spano-un-altro-premio-per-la-torre-saracena-qim-where-i-liveq-si-aggiudica-il-premio-internazionale-a-design-award\/#primaryimage"},"image":{"@id":"https:\/\/socialdesignmagazine.com\/mag\/visual\/emanuele-spano-un-altro-premio-per-la-torre-saracena-qim-where-i-liveq-si-aggiudica-il-premio-internazionale-a-design-award\/#primaryimage"},"thumbnailUrl":"https:\/\/socialdesignmagazine.com\/mag\/wp-content\/uploads\/2012\/05\/benedetto_emanuele_spano_premio_a_design_Im_where_I_live.jpg","datePublished":"2012-05-11T11:30:00+00:00","dateModified":"2024-05-13T14:44:51+00:00","description":"\"I\u2019m Where I Live\", il progetto del designer leccese Emanuele Spano, villa-studio ispirata al modello della Torre Saracena situata nell\u2019antico borgo di Muro Leccese (LE), si aggiudica il Silver A' Design Award.","breadcrumb":{"@id":"https:\/\/socialdesignmagazine.com\/mag\/visual\/emanuele-spano-un-altro-premio-per-la-torre-saracena-qim-where-i-liveq-si-aggiudica-il-premio-internazionale-a-design-award\/#breadcrumb"},"inLanguage":"it-IT","potentialAction":[{"@type":"ReadAction","target":["https:\/\/socialdesignmagazine.com\/mag\/visual\/emanuele-spano-un-altro-premio-per-la-torre-saracena-qim-where-i-liveq-si-aggiudica-il-premio-internazionale-a-design-award\/"]}]},{"@type":"ImageObject","inLanguage":"it-IT","@id":"https:\/\/socialdesignmagazine.com\/mag\/visual\/emanuele-spano-un-altro-premio-per-la-torre-saracena-qim-where-i-liveq-si-aggiudica-il-premio-internazionale-a-design-award\/#primaryimage","url":"https:\/\/socialdesignmagazine.com\/mag\/wp-content\/uploads\/2012\/05\/benedetto_emanuele_spano_premio_a_design_Im_where_I_live.jpg","contentUrl":"https:\/\/socialdesignmagazine.com\/mag\/wp-content\/uploads\/2012\/05\/benedetto_emanuele_spano_premio_a_design_Im_where_I_live.jpg","width":720,"height":720,"caption":"Im_where_I_live"},{"@type":"BreadcrumbList","@id":"https:\/\/socialdesignmagazine.com\/mag\/visual\/emanuele-spano-un-altro-premio-per-la-torre-saracena-qim-where-i-liveq-si-aggiudica-il-premio-internazionale-a-design-award\/#breadcrumb","itemListElement":[{"@type":"ListItem","position":1,"name":"Home","item":"https:\/\/socialdesignmagazine.com\/mag\/"},{"@type":"ListItem","position":2,"name":"Visual","item":"https:\/\/socialdesignmagazine.com\/mag\/visual\/"},{"@type":"ListItem","position":3,"name":"Emanuele Spano \/ Un altro premio per la \u201cTorre Saracena\u201d, &#8220;I\u2019m Where I Live&#8221; si aggiudica il premio internazionale A&#8217; Design Award"}]},{"@type":"WebSite","@id":"https:\/\/socialdesignmagazine.com\/mag\/#website","url":"https:\/\/socialdesignmagazine.com\/mag\/","name":"Social Design Magazine","description":"Social Magazine su Design, Architettura, Arte, Grafica","publisher":{"@id":"https:\/\/socialdesignmagazine.com\/mag\/#organization"},"potentialAction":[{"@type":"SearchAction","target":{"@type":"EntryPoint","urlTemplate":"https:\/\/socialdesignmagazine.com\/mag\/?s={search_term_string}"},"query-input":{"@type":"PropertyValueSpecification","valueRequired":true,"valueName":"search_term_string"}}],"inLanguage":"it-IT"},{"@type":"Organization","@id":"https:\/\/socialdesignmagazine.com\/mag\/#organization","name":"Social Design Magazine","url":"https:\/\/socialdesignmagazine.com\/mag\/","logo":{"@type":"ImageObject","inLanguage":"it-IT","@id":"https:\/\/socialdesignmagazine.com\/mag\/#\/schema\/logo\/image\/","url":"https:\/\/socialdesignmagazine.com\/mag\/wp-content\/uploads\/2017\/01\/logo_favicon_11.png","contentUrl":"https:\/\/socialdesignmagazine.com\/mag\/wp-content\/uploads\/2017\/01\/logo_favicon_11.png","width":1024,"height":1024,"caption":"Social Design Magazine"},"image":{"@id":"https:\/\/socialdesignmagazine.com\/mag\/#\/schema\/logo\/image\/"},"sameAs":["https:\/\/www.facebook.com\/socialdesignmag","https:\/\/x.com\/socialdesignmag","http:\/\/instagram.com\/social_design_magazine\/","http:\/\/pinterest.com\/socialdesignmag\/","http:\/\/www.youtube.com\/user\/socialdesignmagazine"]},{"@type":"Person","@id":"https:\/\/socialdesignmagazine.com\/mag\/#\/schema\/person\/61e20205cc363c315e6aabd33a045846","name":"Benedetto Fiori","image":{"@type":"ImageObject","inLanguage":"it-IT","@id":"https:\/\/secure.gravatar.com\/avatar\/450a48cefa36da63d920ad70aa660bd10725b1c6093800242e5efdb397759033?s=96&d=mm&r=g","url":"https:\/\/secure.gravatar.com\/avatar\/450a48cefa36da63d920ad70aa660bd10725b1c6093800242e5efdb397759033?s=96&d=mm&r=g","contentUrl":"https:\/\/secure.gravatar.com\/avatar\/450a48cefa36da63d920ad70aa660bd10725b1c6093800242e5efdb397759033?s=96&d=mm&r=g","caption":"Benedetto Fiori"},"description":"Web | Twitter | Facebook | Shutterstock Founder &amp; Editor in Chief di Social Design Magazine. Attratto da sempre da tutto ci\u00f2 che \u00e8 creativit\u00e0, design, architettura. Dopo aver studiato Architettura all'Universit\u00e0 di Firenze, si \u00e8 impegnato in molteplici campi: comunicazione grafica, progettazione di allestimenti fieristici, brand design, Interior Design.","sameAs":["http:\/\/benedettofiori.com","https:\/\/www.facebook.com\/benedettofiori","https:\/\/x.com\/benedettofiori"],"url":"https:\/\/socialdesignmagazine.com\/mag\/author\/benedetto\/"}]}},"jetpack_featured_media_url":"https:\/\/socialdesignmagazine.com\/mag\/wp-content\/uploads\/2012\/05\/benedetto_emanuele_spano_premio_a_design_Im_where_I_live.jpg","jetpack_sharing_enabled":true,"jetpack_shortlink":"https:\/\/wp.me\/p6cV7V-bM","gt_translate_keys":[{"key":"link","format":"url"}],"_links":{"self":[{"href":"https:\/\/socialdesignmagazine.com\/mag\/wp-json\/wp\/v2\/posts\/730","targetHints":{"allow":["GET"]}}],"collection":[{"href":"https:\/\/socialdesignmagazine.com\/mag\/wp-json\/wp\/v2\/posts"}],"about":[{"href":"https:\/\/socialdesignmagazine.com\/mag\/wp-json\/wp\/v2\/types\/post"}],"author":[{"embeddable":true,"href":"https:\/\/socialdesignmagazine.com\/mag\/wp-json\/wp\/v2\/users\/1"}],"replies":[{"embeddable":true,"href":"https:\/\/socialdesignmagazine.com\/mag\/wp-json\/wp\/v2\/comments?post=730"}],"version-history":[{"count":1,"href":"https:\/\/socialdesignmagazine.com\/mag\/wp-json\/wp\/v2\/posts\/730\/revisions"}],"predecessor-version":[{"id":59867,"href":"https:\/\/socialdesignmagazine.com\/mag\/wp-json\/wp\/v2\/posts\/730\/revisions\/59867"}],"wp:featuredmedia":[{"embeddable":true,"href":"https:\/\/socialdesignmagazine.com\/mag\/wp-json\/wp\/v2\/media\/8016"}],"wp:attachment":[{"href":"https:\/\/socialdesignmagazine.com\/mag\/wp-json\/wp\/v2\/media?parent=730"}],"wp:term":[{"taxonomy":"category","embeddable":true,"href":"https:\/\/socialdesignmagazine.com\/mag\/wp-json\/wp\/v2\/categories?post=730"},{"taxonomy":"post_tag","embeddable":true,"href":"https:\/\/socialdesignmagazine.com\/mag\/wp-json\/wp\/v2\/tags?post=730"}],"curies":[{"name":"wp","href":"https:\/\/api.w.org\/{rel}","templated":true}]}}