{"id":740,"date":"2012-05-16T21:19:55","date_gmt":"2012-05-16T19:19:55","guid":{"rendered":"https:\/\/socialdesignmagazine.com\/mag\/s6-design\/c35-design\/bang-a-olufsen-beoplay-a3-lascia-che-il-tuo-ipad-si-faccia-sentire\/"},"modified":"2024-05-13T17:18:42","modified_gmt":"2024-05-13T15:18:42","slug":"bang-a-olufsen-beoplay-a3-lascia-che-il-tuo-ipad-si-faccia-sentire","status":"publish","type":"post","link":"https:\/\/socialdesignmagazine.com\/mag\/design\/bang-a-olufsen-beoplay-a3-lascia-che-il-tuo-ipad-si-faccia-sentire\/","title":{"rendered":"Bang &#038; Olufsen BeoPlay A3 \/ lascia che il tuo iPad si faccia sentire","gt_translate_keys":[{"key":"rendered","format":"text"}]},"content":{"rendered":"\n<p>Bang &amp; Olufsen \u00e8 un&#8217;azienda danese danese che da oltre 80 anni produce impianti audio-video ad alto contenuto tecnologico e dal design assolutamente unico. Il nuovo sistema audio BeoPlay A3 aggiunge uno straordinario panorama sonoro all&#8217;esperienza iPad sincronizzandosi con l&#8217;iPad stesso per tenerti aggiornato a ogni spostamento con un audio sempre straordinario.<\/p>\n\n\n\n<p>Il design apparentemente semplice di BeoPlay A3, ideato dal designer danese Steffen Schmelling, nasconde in modo elegante tutto quello di cui non ti devi preoccupare dietro a una cornice nera tagliata in alluminio. Dopo aver inserito l&#8217;iPad, BeoPlay A3 \u00e8 pronto a mostrarti l&#8217;ottima definizione audio e la separazione stereo se decidi di portarlo con te.<\/p>\n\n\n\n<p>BeoPlay A3 \u00e8 un dispositivo dalla forma sfaccettata che consente di usufruire di tutte le opzioni di portabilit\u00e0 dell&#8217;iPad. \u00c8 leggero e pu\u00f2 essere utilizzato seduti o sdraiati, i bordi arrotondati sono belli da vedere e da maneggiare. Appoggiato su un tavolo consente di passare dalla posizione orizzontale per rispondere alle e-mail a quella verticale per scorrere gli elenchi di riproduzione.<\/p>\n\n\n<div class=\"wp-block-image\">\n<figure class=\"aligncenter\"><img loading=\"lazy\" decoding=\"async\" width=\"720\" height=\"720\" data-attachment-id=\"8052\" data-permalink=\"https:\/\/socialdesignmagazine.com\/mag\/design\/bang-a-olufsen-beoplay-a3-lascia-che-il-tuo-ipad-si-faccia-sentire\/attachment\/bang-oulfsen-a3-12co-19\/#content\" data-orig-file=\"https:\/\/socialdesignmagazine.com\/mag\/wp-content\/uploads\/2012\/05\/benedetto_bang_e_oulfsen_beoplay_a3_A3-12CO-19.jpg\" data-orig-size=\"720,720\" data-comments-opened=\"1\" data-image-meta=\"{&quot;aperture&quot;:&quot;0&quot;,&quot;credit&quot;:&quot;&quot;,&quot;camera&quot;:&quot;&quot;,&quot;caption&quot;:&quot;&quot;,&quot;created_timestamp&quot;:&quot;0&quot;,&quot;copyright&quot;:&quot;&quot;,&quot;focal_length&quot;:&quot;0&quot;,&quot;iso&quot;:&quot;0&quot;,&quot;shutter_speed&quot;:&quot;0&quot;,&quot;title&quot;:&quot;&quot;,&quot;orientation&quot;:&quot;0&quot;}\" data-image-title=\"Bang &amp;amp; Oulfsen A3-12CO-19\" data-image-description=\"\" data-image-caption=\"\" data-medium-file=\"https:\/\/socialdesignmagazine.com\/mag\/wp-content\/uploads\/2012\/05\/benedetto_bang_e_oulfsen_beoplay_a3_A3-12CO-19-396x256.jpg\" data-large-file=\"https:\/\/socialdesignmagazine.com\/mag\/wp-content\/uploads\/2012\/05\/benedetto_bang_e_oulfsen_beoplay_a3_A3-12CO-19.jpg\" src=\"https:\/\/socialdesignmagazine.com\/mag\/wp-content\/uploads\/2012\/05\/benedetto_bang_e_oulfsen_beoplay_a3_A3-12CO-19.jpg\" alt=\"Bang &amp; Oulfsen A3-12CO-19\" class=\"wp-image-8052\" srcset=\"https:\/\/socialdesignmagazine.com\/mag\/wp-content\/uploads\/2012\/05\/benedetto_bang_e_oulfsen_beoplay_a3_A3-12CO-19.jpg 720w, https:\/\/socialdesignmagazine.com\/mag\/wp-content\/uploads\/2012\/05\/benedetto_bang_e_oulfsen_beoplay_a3_A3-12CO-19-65x65.jpg 65w\" sizes=\"auto, (max-width: 720px) 100vw, 720px\" \/><\/figure>\n<\/div>\n\n\n<p>Posizionando BeoPlay A3 su un tavolo o su una scrivania, l&#8217;iPad si trasforma in un teatro per vedere video da soli o con gli amici o condividere una presentazione multimediale con un collega.<br>Con BeoPlay A3, Bang &amp; Olufsen presenta l&#8217;Adaptive Stereo Orientation\u2122&nbsp; che riconosce i programmi trasmessi e seleziona quale dei quattro diffusori BeoPlay A3 attivare per offrire la migliore esperienza di ascolto in base al modo in cui viene utilizzato l&#8217;iPad in un dato momento.<\/p>\n\n\n<div class=\"wp-block-image\">\n<figure class=\"aligncenter\"><img loading=\"lazy\" decoding=\"async\" width=\"720\" height=\"960\" data-attachment-id=\"8053\" data-permalink=\"https:\/\/socialdesignmagazine.com\/mag\/design\/bang-a-olufsen-beoplay-a3-lascia-che-il-tuo-ipad-si-faccia-sentire\/attachment\/bang-oulfsen-a3-12co-16\/#content\" data-orig-file=\"https:\/\/socialdesignmagazine.com\/mag\/wp-content\/uploads\/2012\/05\/benedetto_bang_e_oulfsen_beoplay_a3_A3-12CO-16.jpg\" data-orig-size=\"720,960\" data-comments-opened=\"1\" data-image-meta=\"{&quot;aperture&quot;:&quot;0&quot;,&quot;credit&quot;:&quot;&quot;,&quot;camera&quot;:&quot;&quot;,&quot;caption&quot;:&quot;&quot;,&quot;created_timestamp&quot;:&quot;0&quot;,&quot;copyright&quot;:&quot;&quot;,&quot;focal_length&quot;:&quot;0&quot;,&quot;iso&quot;:&quot;0&quot;,&quot;shutter_speed&quot;:&quot;0&quot;,&quot;title&quot;:&quot;&quot;,&quot;orientation&quot;:&quot;0&quot;}\" data-image-title=\"Bang &amp;amp; Oulfsen A3-12CO-16\" data-image-description=\"\" data-image-caption=\"\" data-medium-file=\"https:\/\/socialdesignmagazine.com\/mag\/wp-content\/uploads\/2012\/05\/benedetto_bang_e_oulfsen_beoplay_a3_A3-12CO-16-396x256.jpg\" data-large-file=\"https:\/\/socialdesignmagazine.com\/mag\/wp-content\/uploads\/2012\/05\/benedetto_bang_e_oulfsen_beoplay_a3_A3-12CO-16.jpg\" src=\"https:\/\/socialdesignmagazine.com\/mag\/wp-content\/uploads\/2012\/05\/benedetto_bang_e_oulfsen_beoplay_a3_A3-12CO-16.jpg\" alt=\"Bang &amp; Oulfsen A3-12CO-16\" class=\"wp-image-8053\"\/><\/figure>\n<\/div>\n\n\n<p>Con un peso di soli 1,5 kg, BeoPlay A3 \u00e8 stato ideato per rendere mobile la musica. La batteria \u00e8 in grado di mantenere la sintonizzazione per cinque ore e si autoricarica quando l&#8217;iPad \u00e8 collegato alla rete di alimentazione.<br>BeoPlay A3 \u00e8 disponibile nel colore nero al prezzo di 549\u20ac presso i punti vendita Bang &amp; Olufsen, partner selezionati, o nello store online B&amp;O PLAY a partire da fine maggio 2012.<\/p>\n","protected":false,"gt_translate_keys":[{"key":"rendered","format":"html"}]},"excerpt":{"rendered":"<p>Bang &#038; Olufsen \u00e8 un&#8217;azienda danese danese che da oltre 80 anni produce impianti audio-video ad alto contenuto tecnologico e dal design assolutamente unico.<\/p>\n","protected":false,"gt_translate_keys":[{"key":"rendered","format":"html"}]},"author":1,"featured_media":8051,"comment_status":"open","ping_status":"open","sticky":false,"template":"","format":"standard","meta":{"jetpack_post_was_ever_published":false,"_jetpack_newsletter_access":"","_jetpack_dont_email_post_to_subs":false,"_jetpack_newsletter_tier_id":0,"_jetpack_memberships_contains_paywalled_content":false,"_jetpack_memberships_contains_paid_content":false,"footnotes":"","_wpscppro_dont_share_socialmedia":false,"_wpscppro_custom_social_share_image":0,"_facebook_share_type":"","_twitter_share_type":"","_linkedin_share_type":"","_pinterest_share_type":"","_linkedin_share_type_page":"","_instagram_share_type":"","_medium_share_type":"","_threads_share_type":"","_google_business_share_type":"","_selected_social_profile":[],"_wpsp_enable_custom_social_template":false,"_wpsp_social_scheduling":{"enabled":false,"datetime":null,"platforms":[],"status":"template_only","dateOption":"today","timeOption":"now","customDays":"","customHours":"","customDate":"","customTime":"","schedulingType":"absolute"},"_wpsp_active_default_template":true},"categories":[13],"tags":[346,2162,2161,972],"class_list":["post-740","post","type-post","status-publish","format-standard","has-post-thumbnail","hentry","category-design","tag-apple","tag-b-e-o-play","tag-bang-e-olufsen","tag-ipad"],"yoast_head":"<!-- This site is optimized with the Yoast SEO plugin v27.2 - https:\/\/yoast.com\/product\/yoast-seo-wordpress\/ -->\n<title>Bang &amp; Olufsen BeoPlay A3 \/ lascia che il tuo iPad si faccia sentire - Social Design Magazine<\/title>\n<meta name=\"description\" content=\"Bang &amp; Olufsen \u00e8 un&#039;azienda danese danese che da oltre 80 anni produce impianti audio-video ad alto contenuto tecnologico e dal design assolutamente unico.\" \/>\n<meta name=\"robots\" content=\"index, follow, max-snippet:-1, max-image-preview:large, max-video-preview:-1\" \/>\n<link rel=\"canonical\" href=\"https:\/\/socialdesignmagazine.com\/mag\/design\/bang-a-olufsen-beoplay-a3-lascia-che-il-tuo-ipad-si-faccia-sentire\/\" \/>\n<meta property=\"og:locale\" content=\"it_IT\" \/>\n<meta property=\"og:type\" content=\"article\" \/>\n<meta property=\"og:title\" content=\"Bang &amp; Olufsen BeoPlay A3 \/ lascia che il tuo iPad si faccia sentire - Social Design Magazine\" \/>\n<meta property=\"og:description\" content=\"Bang &amp; Olufsen \u00e8 un&#039;azienda danese danese che da oltre 80 anni produce impianti audio-video ad alto contenuto tecnologico e dal design assolutamente unico.\" \/>\n<meta property=\"og:url\" content=\"http:\/\/socialdesignmagazine.com\/mag\/design\/bang-a-olufsen-beoplay-a3-lascia-che-il-tuo-ipad-si-faccia-sentire\/\" \/>\n<meta property=\"og:site_name\" content=\"Social Design Magazine\" \/>\n<meta property=\"article:publisher\" content=\"https:\/\/www.facebook.com\/socialdesignmag\" \/>\n<meta property=\"article:author\" content=\"https:\/\/www.facebook.com\/benedettofiori\" \/>\n<meta property=\"article:published_time\" content=\"2012-05-16T19:19:55+00:00\" \/>\n<meta property=\"article:modified_time\" content=\"2024-05-13T15:18:42+00:00\" \/>\n<meta property=\"og:image\" content=\"https:\/\/socialdesignmagazine.com\/mag\/wp-content\/uploads\/2012\/05\/benedetto_bang_e_oulfsen_beoplay_a3_A3-12CO-18.jpg\" \/>\n\t<meta property=\"og:image:width\" content=\"720\" \/>\n\t<meta property=\"og:image:height\" content=\"479\" \/>\n\t<meta property=\"og:image:type\" content=\"image\/jpeg\" \/>\n<meta name=\"author\" content=\"Benedetto Fiori\" \/>\n<meta name=\"twitter:card\" content=\"summary_large_image\" \/>\n<meta name=\"twitter:creator\" content=\"@benedettofiori\" \/>\n<meta name=\"twitter:site\" content=\"@socialdesignmag\" \/>\n<meta name=\"twitter:label1\" content=\"Scritto da\" \/>\n\t<meta name=\"twitter:data1\" content=\"Benedetto Fiori\" \/>\n\t<meta name=\"twitter:label2\" content=\"Tempo di lettura stimato\" \/>\n\t<meta name=\"twitter:data2\" content=\"3 minuti\" \/>\n<script type=\"application\/ld+json\" class=\"yoast-schema-graph\">{\"@context\":\"https:\/\/schema.org\",\"@graph\":[{\"@type\":\"Article\",\"@id\":\"https:\/\/socialdesignmagazine.com\/mag\/design\/bang-a-olufsen-beoplay-a3-lascia-che-il-tuo-ipad-si-faccia-sentire\/#article\",\"isPartOf\":{\"@id\":\"https:\/\/socialdesignmagazine.com\/mag\/design\/bang-a-olufsen-beoplay-a3-lascia-che-il-tuo-ipad-si-faccia-sentire\/\"},\"author\":{\"name\":\"Benedetto Fiori\",\"@id\":\"https:\/\/socialdesignmagazine.com\/mag\/#\/schema\/person\/61e20205cc363c315e6aabd33a045846\"},\"headline\":\"Bang &#038; Olufsen BeoPlay A3 \/ lascia che il tuo iPad si faccia sentire\",\"datePublished\":\"2012-05-16T19:19:55+00:00\",\"dateModified\":\"2024-05-13T15:18:42+00:00\",\"mainEntityOfPage\":{\"@id\":\"https:\/\/socialdesignmagazine.com\/mag\/design\/bang-a-olufsen-beoplay-a3-lascia-che-il-tuo-ipad-si-faccia-sentire\/\"},\"wordCount\":331,\"commentCount\":0,\"publisher\":{\"@id\":\"https:\/\/socialdesignmagazine.com\/mag\/#organization\"},\"image\":{\"@id\":\"https:\/\/socialdesignmagazine.com\/mag\/design\/bang-a-olufsen-beoplay-a3-lascia-che-il-tuo-ipad-si-faccia-sentire\/#primaryimage\"},\"thumbnailUrl\":\"https:\/\/socialdesignmagazine.com\/mag\/wp-content\/uploads\/2012\/05\/benedetto_bang_e_oulfsen_beoplay_a3_A3-12CO-18.jpg\",\"keywords\":[\"apple\",\"b e o play\",\"bang e olufsen\",\"ipad\"],\"articleSection\":[\"Design\"],\"inLanguage\":\"it-IT\",\"potentialAction\":[{\"@type\":\"CommentAction\",\"name\":\"Comment\",\"target\":[\"https:\/\/socialdesignmagazine.com\/mag\/design\/bang-a-olufsen-beoplay-a3-lascia-che-il-tuo-ipad-si-faccia-sentire\/#respond\"]}]},{\"@type\":\"WebPage\",\"@id\":\"https:\/\/socialdesignmagazine.com\/mag\/design\/bang-a-olufsen-beoplay-a3-lascia-che-il-tuo-ipad-si-faccia-sentire\/\",\"url\":\"https:\/\/socialdesignmagazine.com\/mag\/design\/bang-a-olufsen-beoplay-a3-lascia-che-il-tuo-ipad-si-faccia-sentire\/\",\"name\":\"Bang & Olufsen BeoPlay A3 \/ lascia che il tuo iPad si faccia sentire - Social Design Magazine\",\"isPartOf\":{\"@id\":\"https:\/\/socialdesignmagazine.com\/mag\/#website\"},\"primaryImageOfPage\":{\"@id\":\"https:\/\/socialdesignmagazine.com\/mag\/design\/bang-a-olufsen-beoplay-a3-lascia-che-il-tuo-ipad-si-faccia-sentire\/#primaryimage\"},\"image\":{\"@id\":\"https:\/\/socialdesignmagazine.com\/mag\/design\/bang-a-olufsen-beoplay-a3-lascia-che-il-tuo-ipad-si-faccia-sentire\/#primaryimage\"},\"thumbnailUrl\":\"https:\/\/socialdesignmagazine.com\/mag\/wp-content\/uploads\/2012\/05\/benedetto_bang_e_oulfsen_beoplay_a3_A3-12CO-18.jpg\",\"datePublished\":\"2012-05-16T19:19:55+00:00\",\"dateModified\":\"2024-05-13T15:18:42+00:00\",\"description\":\"Bang & Olufsen \u00e8 un'azienda danese danese che da oltre 80 anni produce impianti audio-video ad alto contenuto tecnologico e dal design assolutamente unico.\",\"breadcrumb\":{\"@id\":\"https:\/\/socialdesignmagazine.com\/mag\/design\/bang-a-olufsen-beoplay-a3-lascia-che-il-tuo-ipad-si-faccia-sentire\/#breadcrumb\"},\"inLanguage\":\"it-IT\",\"potentialAction\":[{\"@type\":\"ReadAction\",\"target\":[\"https:\/\/socialdesignmagazine.com\/mag\/design\/bang-a-olufsen-beoplay-a3-lascia-che-il-tuo-ipad-si-faccia-sentire\/\"]}]},{\"@type\":\"ImageObject\",\"inLanguage\":\"it-IT\",\"@id\":\"https:\/\/socialdesignmagazine.com\/mag\/design\/bang-a-olufsen-beoplay-a3-lascia-che-il-tuo-ipad-si-faccia-sentire\/#primaryimage\",\"url\":\"https:\/\/socialdesignmagazine.com\/mag\/wp-content\/uploads\/2012\/05\/benedetto_bang_e_oulfsen_beoplay_a3_A3-12CO-18.jpg\",\"contentUrl\":\"https:\/\/socialdesignmagazine.com\/mag\/wp-content\/uploads\/2012\/05\/benedetto_bang_e_oulfsen_beoplay_a3_A3-12CO-18.jpg\",\"width\":720,\"height\":479,\"caption\":\"Bang &amp; Oulfsen A3-12CO-18\"},{\"@type\":\"BreadcrumbList\",\"@id\":\"https:\/\/socialdesignmagazine.com\/mag\/design\/bang-a-olufsen-beoplay-a3-lascia-che-il-tuo-ipad-si-faccia-sentire\/#breadcrumb\",\"itemListElement\":[{\"@type\":\"ListItem\",\"position\":1,\"name\":\"Home\",\"item\":\"https:\/\/socialdesignmagazine.com\/mag\/\"},{\"@type\":\"ListItem\",\"position\":2,\"name\":\"Design\",\"item\":\"https:\/\/socialdesignmagazine.com\/mag\/design\/\"},{\"@type\":\"ListItem\",\"position\":3,\"name\":\"Bang &#038; Olufsen BeoPlay A3 \/ lascia che il tuo iPad si faccia sentire\"}]},{\"@type\":\"WebSite\",\"@id\":\"https:\/\/socialdesignmagazine.com\/mag\/#website\",\"url\":\"https:\/\/socialdesignmagazine.com\/mag\/\",\"name\":\"Social Design Magazine\",\"description\":\"Social Magazine su Design, Architettura, Arte, Grafica\",\"publisher\":{\"@id\":\"https:\/\/socialdesignmagazine.com\/mag\/#organization\"},\"potentialAction\":[{\"@type\":\"SearchAction\",\"target\":{\"@type\":\"EntryPoint\",\"urlTemplate\":\"https:\/\/socialdesignmagazine.com\/mag\/?s={search_term_string}\"},\"query-input\":{\"@type\":\"PropertyValueSpecification\",\"valueRequired\":true,\"valueName\":\"search_term_string\"}}],\"inLanguage\":\"it-IT\"},{\"@type\":\"Organization\",\"@id\":\"https:\/\/socialdesignmagazine.com\/mag\/#organization\",\"name\":\"Social Design Magazine\",\"url\":\"https:\/\/socialdesignmagazine.com\/mag\/\",\"logo\":{\"@type\":\"ImageObject\",\"inLanguage\":\"it-IT\",\"@id\":\"https:\/\/socialdesignmagazine.com\/mag\/#\/schema\/logo\/image\/\",\"url\":\"https:\/\/socialdesignmagazine.com\/mag\/wp-content\/uploads\/2017\/01\/logo_favicon_11.png\",\"contentUrl\":\"https:\/\/socialdesignmagazine.com\/mag\/wp-content\/uploads\/2017\/01\/logo_favicon_11.png\",\"width\":1024,\"height\":1024,\"caption\":\"Social Design Magazine\"},\"image\":{\"@id\":\"https:\/\/socialdesignmagazine.com\/mag\/#\/schema\/logo\/image\/\"},\"sameAs\":[\"https:\/\/www.facebook.com\/socialdesignmag\",\"https:\/\/x.com\/socialdesignmag\",\"http:\/\/instagram.com\/social_design_magazine\/\",\"http:\/\/pinterest.com\/socialdesignmag\/\",\"http:\/\/www.youtube.com\/user\/socialdesignmagazine\"]},{\"@type\":\"Person\",\"@id\":\"https:\/\/socialdesignmagazine.com\/mag\/#\/schema\/person\/61e20205cc363c315e6aabd33a045846\",\"name\":\"Benedetto Fiori\",\"image\":{\"@type\":\"ImageObject\",\"inLanguage\":\"it-IT\",\"@id\":\"https:\/\/secure.gravatar.com\/avatar\/450a48cefa36da63d920ad70aa660bd10725b1c6093800242e5efdb397759033?s=96&d=mm&r=g\",\"url\":\"https:\/\/secure.gravatar.com\/avatar\/450a48cefa36da63d920ad70aa660bd10725b1c6093800242e5efdb397759033?s=96&d=mm&r=g\",\"contentUrl\":\"https:\/\/secure.gravatar.com\/avatar\/450a48cefa36da63d920ad70aa660bd10725b1c6093800242e5efdb397759033?s=96&d=mm&r=g\",\"caption\":\"Benedetto Fiori\"},\"description\":\"Web | Twitter | Facebook | Shutterstock Founder &amp; Editor in Chief di Social Design Magazine. Attratto da sempre da tutto ci\u00f2 che \u00e8 creativit\u00e0, design, architettura. Dopo aver studiato Architettura all'Universit\u00e0 di Firenze, si \u00e8 impegnato in molteplici campi: comunicazione grafica, progettazione di allestimenti fieristici, brand design, Interior Design.\",\"sameAs\":[\"http:\/\/benedettofiori.com\",\"https:\/\/www.facebook.com\/benedettofiori\",\"https:\/\/x.com\/benedettofiori\"],\"url\":\"https:\/\/socialdesignmagazine.com\/mag\/author\/benedetto\/\"}]}<\/script>\n<!-- \/ Yoast SEO plugin. -->","yoast_head_json":{"title":"Bang & Olufsen BeoPlay A3 \/ lascia che il tuo iPad si faccia sentire - Social Design Magazine","description":"Bang & Olufsen \u00e8 un'azienda danese danese che da oltre 80 anni produce impianti audio-video ad alto contenuto tecnologico e dal design assolutamente unico.","robots":{"index":"index","follow":"follow","max-snippet":"max-snippet:-1","max-image-preview":"max-image-preview:large","max-video-preview":"max-video-preview:-1"},"canonical":"https:\/\/socialdesignmagazine.com\/mag\/design\/bang-a-olufsen-beoplay-a3-lascia-che-il-tuo-ipad-si-faccia-sentire\/","og_locale":"it_IT","og_type":"article","og_title":"Bang & Olufsen BeoPlay A3 \/ lascia che il tuo iPad si faccia sentire - Social Design Magazine","og_description":"Bang & Olufsen \u00e8 un'azienda danese danese che da oltre 80 anni produce impianti audio-video ad alto contenuto tecnologico e dal design assolutamente unico.","og_url":"http:\/\/socialdesignmagazine.com\/mag\/design\/bang-a-olufsen-beoplay-a3-lascia-che-il-tuo-ipad-si-faccia-sentire\/","og_site_name":"Social Design Magazine","article_publisher":"https:\/\/www.facebook.com\/socialdesignmag","article_author":"https:\/\/www.facebook.com\/benedettofiori","article_published_time":"2012-05-16T19:19:55+00:00","article_modified_time":"2024-05-13T15:18:42+00:00","og_image":[{"width":720,"height":479,"url":"https:\/\/socialdesignmagazine.com\/mag\/wp-content\/uploads\/2012\/05\/benedetto_bang_e_oulfsen_beoplay_a3_A3-12CO-18.jpg","type":"image\/jpeg"}],"author":"Benedetto Fiori","twitter_card":"summary_large_image","twitter_creator":"@benedettofiori","twitter_site":"@socialdesignmag","twitter_misc":{"Scritto da":"Benedetto Fiori","Tempo di lettura stimato":"3 minuti"},"schema":{"@context":"https:\/\/schema.org","@graph":[{"@type":"Article","@id":"https:\/\/socialdesignmagazine.com\/mag\/design\/bang-a-olufsen-beoplay-a3-lascia-che-il-tuo-ipad-si-faccia-sentire\/#article","isPartOf":{"@id":"https:\/\/socialdesignmagazine.com\/mag\/design\/bang-a-olufsen-beoplay-a3-lascia-che-il-tuo-ipad-si-faccia-sentire\/"},"author":{"name":"Benedetto Fiori","@id":"https:\/\/socialdesignmagazine.com\/mag\/#\/schema\/person\/61e20205cc363c315e6aabd33a045846"},"headline":"Bang &#038; Olufsen BeoPlay A3 \/ lascia che il tuo iPad si faccia sentire","datePublished":"2012-05-16T19:19:55+00:00","dateModified":"2024-05-13T15:18:42+00:00","mainEntityOfPage":{"@id":"https:\/\/socialdesignmagazine.com\/mag\/design\/bang-a-olufsen-beoplay-a3-lascia-che-il-tuo-ipad-si-faccia-sentire\/"},"wordCount":331,"commentCount":0,"publisher":{"@id":"https:\/\/socialdesignmagazine.com\/mag\/#organization"},"image":{"@id":"https:\/\/socialdesignmagazine.com\/mag\/design\/bang-a-olufsen-beoplay-a3-lascia-che-il-tuo-ipad-si-faccia-sentire\/#primaryimage"},"thumbnailUrl":"https:\/\/socialdesignmagazine.com\/mag\/wp-content\/uploads\/2012\/05\/benedetto_bang_e_oulfsen_beoplay_a3_A3-12CO-18.jpg","keywords":["apple","b e o play","bang e olufsen","ipad"],"articleSection":["Design"],"inLanguage":"it-IT","potentialAction":[{"@type":"CommentAction","name":"Comment","target":["https:\/\/socialdesignmagazine.com\/mag\/design\/bang-a-olufsen-beoplay-a3-lascia-che-il-tuo-ipad-si-faccia-sentire\/#respond"]}]},{"@type":"WebPage","@id":"https:\/\/socialdesignmagazine.com\/mag\/design\/bang-a-olufsen-beoplay-a3-lascia-che-il-tuo-ipad-si-faccia-sentire\/","url":"https:\/\/socialdesignmagazine.com\/mag\/design\/bang-a-olufsen-beoplay-a3-lascia-che-il-tuo-ipad-si-faccia-sentire\/","name":"Bang & Olufsen BeoPlay A3 \/ lascia che il tuo iPad si faccia sentire - Social Design Magazine","isPartOf":{"@id":"https:\/\/socialdesignmagazine.com\/mag\/#website"},"primaryImageOfPage":{"@id":"https:\/\/socialdesignmagazine.com\/mag\/design\/bang-a-olufsen-beoplay-a3-lascia-che-il-tuo-ipad-si-faccia-sentire\/#primaryimage"},"image":{"@id":"https:\/\/socialdesignmagazine.com\/mag\/design\/bang-a-olufsen-beoplay-a3-lascia-che-il-tuo-ipad-si-faccia-sentire\/#primaryimage"},"thumbnailUrl":"https:\/\/socialdesignmagazine.com\/mag\/wp-content\/uploads\/2012\/05\/benedetto_bang_e_oulfsen_beoplay_a3_A3-12CO-18.jpg","datePublished":"2012-05-16T19:19:55+00:00","dateModified":"2024-05-13T15:18:42+00:00","description":"Bang & Olufsen \u00e8 un'azienda danese danese che da oltre 80 anni produce impianti audio-video ad alto contenuto tecnologico e dal design assolutamente unico.","breadcrumb":{"@id":"https:\/\/socialdesignmagazine.com\/mag\/design\/bang-a-olufsen-beoplay-a3-lascia-che-il-tuo-ipad-si-faccia-sentire\/#breadcrumb"},"inLanguage":"it-IT","potentialAction":[{"@type":"ReadAction","target":["https:\/\/socialdesignmagazine.com\/mag\/design\/bang-a-olufsen-beoplay-a3-lascia-che-il-tuo-ipad-si-faccia-sentire\/"]}]},{"@type":"ImageObject","inLanguage":"it-IT","@id":"https:\/\/socialdesignmagazine.com\/mag\/design\/bang-a-olufsen-beoplay-a3-lascia-che-il-tuo-ipad-si-faccia-sentire\/#primaryimage","url":"https:\/\/socialdesignmagazine.com\/mag\/wp-content\/uploads\/2012\/05\/benedetto_bang_e_oulfsen_beoplay_a3_A3-12CO-18.jpg","contentUrl":"https:\/\/socialdesignmagazine.com\/mag\/wp-content\/uploads\/2012\/05\/benedetto_bang_e_oulfsen_beoplay_a3_A3-12CO-18.jpg","width":720,"height":479,"caption":"Bang &amp; Oulfsen A3-12CO-18"},{"@type":"BreadcrumbList","@id":"https:\/\/socialdesignmagazine.com\/mag\/design\/bang-a-olufsen-beoplay-a3-lascia-che-il-tuo-ipad-si-faccia-sentire\/#breadcrumb","itemListElement":[{"@type":"ListItem","position":1,"name":"Home","item":"https:\/\/socialdesignmagazine.com\/mag\/"},{"@type":"ListItem","position":2,"name":"Design","item":"https:\/\/socialdesignmagazine.com\/mag\/design\/"},{"@type":"ListItem","position":3,"name":"Bang &#038; Olufsen BeoPlay A3 \/ lascia che il tuo iPad si faccia sentire"}]},{"@type":"WebSite","@id":"https:\/\/socialdesignmagazine.com\/mag\/#website","url":"https:\/\/socialdesignmagazine.com\/mag\/","name":"Social Design Magazine","description":"Social Magazine su Design, Architettura, Arte, Grafica","publisher":{"@id":"https:\/\/socialdesignmagazine.com\/mag\/#organization"},"potentialAction":[{"@type":"SearchAction","target":{"@type":"EntryPoint","urlTemplate":"https:\/\/socialdesignmagazine.com\/mag\/?s={search_term_string}"},"query-input":{"@type":"PropertyValueSpecification","valueRequired":true,"valueName":"search_term_string"}}],"inLanguage":"it-IT"},{"@type":"Organization","@id":"https:\/\/socialdesignmagazine.com\/mag\/#organization","name":"Social Design Magazine","url":"https:\/\/socialdesignmagazine.com\/mag\/","logo":{"@type":"ImageObject","inLanguage":"it-IT","@id":"https:\/\/socialdesignmagazine.com\/mag\/#\/schema\/logo\/image\/","url":"https:\/\/socialdesignmagazine.com\/mag\/wp-content\/uploads\/2017\/01\/logo_favicon_11.png","contentUrl":"https:\/\/socialdesignmagazine.com\/mag\/wp-content\/uploads\/2017\/01\/logo_favicon_11.png","width":1024,"height":1024,"caption":"Social Design Magazine"},"image":{"@id":"https:\/\/socialdesignmagazine.com\/mag\/#\/schema\/logo\/image\/"},"sameAs":["https:\/\/www.facebook.com\/socialdesignmag","https:\/\/x.com\/socialdesignmag","http:\/\/instagram.com\/social_design_magazine\/","http:\/\/pinterest.com\/socialdesignmag\/","http:\/\/www.youtube.com\/user\/socialdesignmagazine"]},{"@type":"Person","@id":"https:\/\/socialdesignmagazine.com\/mag\/#\/schema\/person\/61e20205cc363c315e6aabd33a045846","name":"Benedetto Fiori","image":{"@type":"ImageObject","inLanguage":"it-IT","@id":"https:\/\/secure.gravatar.com\/avatar\/450a48cefa36da63d920ad70aa660bd10725b1c6093800242e5efdb397759033?s=96&d=mm&r=g","url":"https:\/\/secure.gravatar.com\/avatar\/450a48cefa36da63d920ad70aa660bd10725b1c6093800242e5efdb397759033?s=96&d=mm&r=g","contentUrl":"https:\/\/secure.gravatar.com\/avatar\/450a48cefa36da63d920ad70aa660bd10725b1c6093800242e5efdb397759033?s=96&d=mm&r=g","caption":"Benedetto Fiori"},"description":"Web | Twitter | Facebook | Shutterstock Founder &amp; Editor in Chief di Social Design Magazine. Attratto da sempre da tutto ci\u00f2 che \u00e8 creativit\u00e0, design, architettura. Dopo aver studiato Architettura all'Universit\u00e0 di Firenze, si \u00e8 impegnato in molteplici campi: comunicazione grafica, progettazione di allestimenti fieristici, brand design, Interior Design.","sameAs":["http:\/\/benedettofiori.com","https:\/\/www.facebook.com\/benedettofiori","https:\/\/x.com\/benedettofiori"],"url":"https:\/\/socialdesignmagazine.com\/mag\/author\/benedetto\/"}]}},"jetpack_featured_media_url":"https:\/\/socialdesignmagazine.com\/mag\/wp-content\/uploads\/2012\/05\/benedetto_bang_e_oulfsen_beoplay_a3_A3-12CO-18.jpg","jetpack_sharing_enabled":true,"jetpack_shortlink":"https:\/\/wp.me\/p6cV7V-bW","gt_translate_keys":[{"key":"link","format":"url"}],"_links":{"self":[{"href":"https:\/\/socialdesignmagazine.com\/mag\/wp-json\/wp\/v2\/posts\/740","targetHints":{"allow":["GET"]}}],"collection":[{"href":"https:\/\/socialdesignmagazine.com\/mag\/wp-json\/wp\/v2\/posts"}],"about":[{"href":"https:\/\/socialdesignmagazine.com\/mag\/wp-json\/wp\/v2\/types\/post"}],"author":[{"embeddable":true,"href":"https:\/\/socialdesignmagazine.com\/mag\/wp-json\/wp\/v2\/users\/1"}],"replies":[{"embeddable":true,"href":"https:\/\/socialdesignmagazine.com\/mag\/wp-json\/wp\/v2\/comments?post=740"}],"version-history":[{"count":1,"href":"https:\/\/socialdesignmagazine.com\/mag\/wp-json\/wp\/v2\/posts\/740\/revisions"}],"predecessor-version":[{"id":59879,"href":"https:\/\/socialdesignmagazine.com\/mag\/wp-json\/wp\/v2\/posts\/740\/revisions\/59879"}],"wp:featuredmedia":[{"embeddable":true,"href":"https:\/\/socialdesignmagazine.com\/mag\/wp-json\/wp\/v2\/media\/8051"}],"wp:attachment":[{"href":"https:\/\/socialdesignmagazine.com\/mag\/wp-json\/wp\/v2\/media?parent=740"}],"wp:term":[{"taxonomy":"category","embeddable":true,"href":"https:\/\/socialdesignmagazine.com\/mag\/wp-json\/wp\/v2\/categories?post=740"},{"taxonomy":"post_tag","embeddable":true,"href":"https:\/\/socialdesignmagazine.com\/mag\/wp-json\/wp\/v2\/tags?post=740"}],"curies":[{"name":"wp","href":"https:\/\/api.w.org\/{rel}","templated":true}]}}