{"id":756,"date":"2012-05-21T10:00:00","date_gmt":"2012-05-21T08:00:00","guid":{"rendered":"https:\/\/socialdesignmagazine.com\/mag\/s5-architettura\/c55-tiny-houses\/una-micro-casa-finlandese-di-9mq\/"},"modified":"2024-05-13T17:35:30","modified_gmt":"2024-05-13T15:35:30","slug":"una-micro-casa-finlandese-di-9mq","status":"publish","type":"post","link":"https:\/\/socialdesignmagazine.com\/mag\/tiny-houses\/una-micro-casa-finlandese-di-9mq\/","title":{"rendered":"Una micro-casa finlandese di 9mq","gt_translate_keys":[{"key":"rendered","format":"text"}]},"content":{"rendered":"\n<p>I regolamenti edilizi finlandesi permettono di costruire una piccola &#8220;micro-casa&#8221; di circa 9mq (96sq.ft) senza alcuna autorizzazione, ed \u00e8 proprio sfruttando questa possibilit\u00e0 che \u00e8 stata realizzata questa piccola abitazione immersa nei boschi finlandesi.<\/p>\n\n\n\n<p>La micro-casa \u00e8 composta da due piani, al piano terra c&#8217;\u00e8 un piccolo soggiorno con cucina e bagno, mentre al piano superiore c&#8217;\u00e8 la zona notte con un armadio. Vista la bellezza dell&#8217;ambiente circostante non potevano mancare una grande finestra, che oltre ad offrire una splendida vista catturi pi\u00f9 luce possibile, ed uno spazio esterno, una sorta di pontile, per godere del contatto diretto con la natura.<\/p>\n\n\n<div class=\"wp-block-image\">\n<figure class=\"aligncenter\"><img loading=\"lazy\" decoding=\"async\" width=\"720\" height=\"480\" data-attachment-id=\"8102\" data-permalink=\"https:\/\/socialdesignmagazine.com\/mag\/tiny-houses\/una-micro-casa-finlandese-di-9mq\/attachment\/micro_casa_finlandese_di_9mq_2\/#content\" data-orig-file=\"https:\/\/socialdesignmagazine.com\/mag\/wp-content\/uploads\/2012\/05\/benedetto_micro_casa_finlandese_9mq_micro_casa_finlandese_di_9mq_2.jpg\" data-orig-size=\"720,480\" data-comments-opened=\"1\" data-image-meta=\"{&quot;aperture&quot;:&quot;0&quot;,&quot;credit&quot;:&quot;&quot;,&quot;camera&quot;:&quot;&quot;,&quot;caption&quot;:&quot;&quot;,&quot;created_timestamp&quot;:&quot;0&quot;,&quot;copyright&quot;:&quot;&quot;,&quot;focal_length&quot;:&quot;0&quot;,&quot;iso&quot;:&quot;0&quot;,&quot;shutter_speed&quot;:&quot;0&quot;,&quot;title&quot;:&quot;&quot;,&quot;orientation&quot;:&quot;0&quot;}\" data-image-title=\"micro_casa_finlandese_di_9mq_2\" data-image-description=\"\" data-image-caption=\"\" data-medium-file=\"https:\/\/socialdesignmagazine.com\/mag\/wp-content\/uploads\/2012\/05\/benedetto_micro_casa_finlandese_9mq_micro_casa_finlandese_di_9mq_2-396x256.jpg\" data-large-file=\"https:\/\/socialdesignmagazine.com\/mag\/wp-content\/uploads\/2012\/05\/benedetto_micro_casa_finlandese_9mq_micro_casa_finlandese_di_9mq_2.jpg\" src=\"https:\/\/socialdesignmagazine.com\/mag\/wp-content\/uploads\/2012\/05\/benedetto_micro_casa_finlandese_9mq_micro_casa_finlandese_di_9mq_2.jpg\" alt=\"micro_casa_finlandese_di_9mq_2\" class=\"wp-image-8102\" srcset=\"https:\/\/socialdesignmagazine.com\/mag\/wp-content\/uploads\/2012\/05\/benedetto_micro_casa_finlandese_9mq_micro_casa_finlandese_di_9mq_2.jpg 720w, https:\/\/socialdesignmagazine.com\/mag\/wp-content\/uploads\/2012\/05\/benedetto_micro_casa_finlandese_9mq_micro_casa_finlandese_di_9mq_2-100x66.jpg 100w\" sizes=\"auto, (max-width: 720px) 100vw, 720px\" \/><\/figure>\n<\/div>\n\n<div class=\"wp-block-image\">\n<figure class=\"aligncenter\"><img loading=\"lazy\" decoding=\"async\" width=\"720\" height=\"480\" data-attachment-id=\"8103\" data-permalink=\"https:\/\/socialdesignmagazine.com\/mag\/tiny-houses\/una-micro-casa-finlandese-di-9mq\/attachment\/micro_casa_finlandese_di_9mq_1\/#content\" data-orig-file=\"https:\/\/socialdesignmagazine.com\/mag\/wp-content\/uploads\/2012\/05\/benedetto_micro_casa_finlandese_9mq_micro_casa_finlandese_di_9mq_1.jpg\" data-orig-size=\"720,480\" data-comments-opened=\"1\" data-image-meta=\"{&quot;aperture&quot;:&quot;0&quot;,&quot;credit&quot;:&quot;&quot;,&quot;camera&quot;:&quot;&quot;,&quot;caption&quot;:&quot;&quot;,&quot;created_timestamp&quot;:&quot;0&quot;,&quot;copyright&quot;:&quot;&quot;,&quot;focal_length&quot;:&quot;0&quot;,&quot;iso&quot;:&quot;0&quot;,&quot;shutter_speed&quot;:&quot;0&quot;,&quot;title&quot;:&quot;&quot;,&quot;orientation&quot;:&quot;0&quot;}\" data-image-title=\"micro_casa_finlandese_di_9mq_1\" data-image-description=\"\" data-image-caption=\"\" data-medium-file=\"https:\/\/socialdesignmagazine.com\/mag\/wp-content\/uploads\/2012\/05\/benedetto_micro_casa_finlandese_9mq_micro_casa_finlandese_di_9mq_1-396x256.jpg\" data-large-file=\"https:\/\/socialdesignmagazine.com\/mag\/wp-content\/uploads\/2012\/05\/benedetto_micro_casa_finlandese_9mq_micro_casa_finlandese_di_9mq_1.jpg\" src=\"https:\/\/socialdesignmagazine.com\/mag\/wp-content\/uploads\/2012\/05\/benedetto_micro_casa_finlandese_9mq_micro_casa_finlandese_di_9mq_1.jpg\" alt=\"micro_casa_finlandese_di_9mq_1\" class=\"wp-image-8103\" srcset=\"https:\/\/socialdesignmagazine.com\/mag\/wp-content\/uploads\/2012\/05\/benedetto_micro_casa_finlandese_9mq_micro_casa_finlandese_di_9mq_1.jpg 720w, https:\/\/socialdesignmagazine.com\/mag\/wp-content\/uploads\/2012\/05\/benedetto_micro_casa_finlandese_9mq_micro_casa_finlandese_di_9mq_1-100x66.jpg 100w\" sizes=\"auto, (max-width: 720px) 100vw, 720px\" \/><\/figure>\n<\/div>\n\n<div class=\"wp-block-image\">\n<figure class=\"aligncenter\"><img loading=\"lazy\" decoding=\"async\" width=\"720\" height=\"480\" data-attachment-id=\"8104\" data-permalink=\"https:\/\/socialdesignmagazine.com\/mag\/tiny-houses\/una-micro-casa-finlandese-di-9mq\/attachment\/micro_casa_finlandese_di_9mq_5\/#content\" data-orig-file=\"https:\/\/socialdesignmagazine.com\/mag\/wp-content\/uploads\/2012\/05\/benedetto_micro_casa_finlandese_9mq_micro_casa_finlandese_di_9mq_5.jpg\" data-orig-size=\"720,480\" data-comments-opened=\"1\" data-image-meta=\"{&quot;aperture&quot;:&quot;0&quot;,&quot;credit&quot;:&quot;&quot;,&quot;camera&quot;:&quot;&quot;,&quot;caption&quot;:&quot;&quot;,&quot;created_timestamp&quot;:&quot;0&quot;,&quot;copyright&quot;:&quot;&quot;,&quot;focal_length&quot;:&quot;0&quot;,&quot;iso&quot;:&quot;0&quot;,&quot;shutter_speed&quot;:&quot;0&quot;,&quot;title&quot;:&quot;&quot;,&quot;orientation&quot;:&quot;0&quot;}\" data-image-title=\"micro_casa_finlandese_di_9mq_5\" data-image-description=\"\" data-image-caption=\"\" data-medium-file=\"https:\/\/socialdesignmagazine.com\/mag\/wp-content\/uploads\/2012\/05\/benedetto_micro_casa_finlandese_9mq_micro_casa_finlandese_di_9mq_5-396x256.jpg\" data-large-file=\"https:\/\/socialdesignmagazine.com\/mag\/wp-content\/uploads\/2012\/05\/benedetto_micro_casa_finlandese_9mq_micro_casa_finlandese_di_9mq_5.jpg\" src=\"https:\/\/socialdesignmagazine.com\/mag\/wp-content\/uploads\/2012\/05\/benedetto_micro_casa_finlandese_9mq_micro_casa_finlandese_di_9mq_5.jpg\" alt=\"micro_casa_finlandese_di_9mq_5\" class=\"wp-image-8104\" srcset=\"https:\/\/socialdesignmagazine.com\/mag\/wp-content\/uploads\/2012\/05\/benedetto_micro_casa_finlandese_9mq_micro_casa_finlandese_di_9mq_5.jpg 720w, https:\/\/socialdesignmagazine.com\/mag\/wp-content\/uploads\/2012\/05\/benedetto_micro_casa_finlandese_9mq_micro_casa_finlandese_di_9mq_5-100x66.jpg 100w\" sizes=\"auto, (max-width: 720px) 100vw, 720px\" \/><\/figure>\n<\/div>\n\n<div class=\"wp-block-image\">\n<figure class=\"aligncenter\"><img loading=\"lazy\" decoding=\"async\" width=\"720\" height=\"1080\" data-attachment-id=\"8105\" data-permalink=\"https:\/\/socialdesignmagazine.com\/mag\/tiny-houses\/una-micro-casa-finlandese-di-9mq\/attachment\/micro_casa_finlandese_di_9mq_3\/#content\" data-orig-file=\"https:\/\/socialdesignmagazine.com\/mag\/wp-content\/uploads\/2012\/05\/benedetto_micro_casa_finlandese_9mq_micro_casa_finlandese_di_9mq_3.jpg\" data-orig-size=\"720,1080\" data-comments-opened=\"1\" data-image-meta=\"{&quot;aperture&quot;:&quot;0&quot;,&quot;credit&quot;:&quot;&quot;,&quot;camera&quot;:&quot;&quot;,&quot;caption&quot;:&quot;&quot;,&quot;created_timestamp&quot;:&quot;0&quot;,&quot;copyright&quot;:&quot;&quot;,&quot;focal_length&quot;:&quot;0&quot;,&quot;iso&quot;:&quot;0&quot;,&quot;shutter_speed&quot;:&quot;0&quot;,&quot;title&quot;:&quot;&quot;,&quot;orientation&quot;:&quot;0&quot;}\" data-image-title=\"micro_casa_finlandese_di_9mq_3\" data-image-description=\"\" data-image-caption=\"\" data-medium-file=\"https:\/\/socialdesignmagazine.com\/mag\/wp-content\/uploads\/2012\/05\/benedetto_micro_casa_finlandese_9mq_micro_casa_finlandese_di_9mq_3-396x256.jpg\" data-large-file=\"https:\/\/socialdesignmagazine.com\/mag\/wp-content\/uploads\/2012\/05\/benedetto_micro_casa_finlandese_9mq_micro_casa_finlandese_di_9mq_3.jpg\" src=\"https:\/\/socialdesignmagazine.com\/mag\/wp-content\/uploads\/2012\/05\/benedetto_micro_casa_finlandese_9mq_micro_casa_finlandese_di_9mq_3.jpg\" alt=\"micro_casa_finlandese_di_9mq_3\" class=\"wp-image-8105\"\/><\/figure>\n<\/div>\n\n\n<p><a class=\"jcepopup\" href=\"http:\/\/www.homedit.com\/finnish-96-sq-ft-micro-cabin\/\" rel=\"nofollow\">Via<\/a><\/p>\n","protected":false,"gt_translate_keys":[{"key":"rendered","format":"html"}]},"excerpt":{"rendered":"<p>I regolamenti edilizi finlandesi permettono di costruire una piccola &#8220;micro-casa&#8221; di circa 9mq (96sq.ft) senza alcuna autorizzazione, ed \u00e8 proprio sfruttando questa possibilit\u00e0 che \u00e8 stata realizzata questa piccola abitazione immersa nei boschi finlandesi.<\/p>\n","protected":false,"gt_translate_keys":[{"key":"rendered","format":"html"}]},"author":1,"featured_media":8101,"comment_status":"open","ping_status":"open","sticky":false,"template":"","format":"standard","meta":{"jetpack_post_was_ever_published":false,"_jetpack_newsletter_access":"","_jetpack_dont_email_post_to_subs":false,"_jetpack_newsletter_tier_id":0,"_jetpack_memberships_contains_paywalled_content":false,"_jetpack_memberships_contains_paid_content":false,"footnotes":"","_wpscppro_dont_share_socialmedia":false,"_wpscppro_custom_social_share_image":0,"_facebook_share_type":"","_twitter_share_type":"","_linkedin_share_type":"","_pinterest_share_type":"","_linkedin_share_type_page":"","_instagram_share_type":"","_medium_share_type":"","_threads_share_type":"","_google_business_share_type":"","_selected_social_profile":[],"_wpsp_enable_custom_social_template":false,"_wpsp_social_scheduling":{"enabled":false,"datetime":null,"platforms":[],"status":"template_only","dateOption":"today","timeOption":"now","customDays":"","customHours":"","customDate":"","customTime":"","schedulingType":"absolute"},"_wpsp_active_default_template":true},"categories":[26],"tags":[81],"class_list":["post-756","post","type-post","status-publish","format-standard","has-post-thumbnail","hentry","category-tiny-houses","tag-green"],"yoast_head":"<!-- This site is optimized with the Yoast SEO plugin v27.2 - https:\/\/yoast.com\/product\/yoast-seo-wordpress\/ -->\n<title>Una micro-casa finlandese di 9mq - Social Design Magazine<\/title>\n<meta name=\"description\" content=\"I regolamenti edilizi finlandesi permettono di costruire una piccola &quot;micro-casa&quot; di circa 9mq (96sq.ft) senza alcuna autorizzazione, ed \u00e8 proprio sfruttando questa possibilit\u00e0 che \u00e8 stata realizzata questa piccola abitazione immersa nei boschi finlandesi.\" \/>\n<meta name=\"robots\" content=\"index, follow, max-snippet:-1, max-image-preview:large, max-video-preview:-1\" \/>\n<link rel=\"canonical\" href=\"https:\/\/socialdesignmagazine.com\/mag\/tiny-houses\/una-micro-casa-finlandese-di-9mq\/\" \/>\n<meta property=\"og:locale\" content=\"it_IT\" \/>\n<meta property=\"og:type\" content=\"article\" \/>\n<meta property=\"og:title\" content=\"Una micro-casa finlandese di 9mq - Social Design Magazine\" \/>\n<meta property=\"og:description\" content=\"I regolamenti edilizi finlandesi permettono di costruire una piccola &quot;micro-casa&quot; di circa 9mq (96sq.ft) senza alcuna autorizzazione, ed \u00e8 proprio sfruttando questa possibilit\u00e0 che \u00e8 stata realizzata questa piccola abitazione immersa nei boschi finlandesi.\" \/>\n<meta property=\"og:url\" content=\"http:\/\/socialdesignmagazine.com\/mag\/tiny-houses\/una-micro-casa-finlandese-di-9mq\/\" \/>\n<meta property=\"og:site_name\" content=\"Social Design Magazine\" \/>\n<meta property=\"article:publisher\" content=\"https:\/\/www.facebook.com\/socialdesignmag\" \/>\n<meta property=\"article:author\" content=\"https:\/\/www.facebook.com\/benedettofiori\" \/>\n<meta property=\"article:published_time\" content=\"2012-05-21T08:00:00+00:00\" \/>\n<meta property=\"article:modified_time\" content=\"2024-05-13T15:35:30+00:00\" \/>\n<meta property=\"og:image\" content=\"https:\/\/socialdesignmagazine.com\/mag\/wp-content\/uploads\/2012\/05\/benedetto_micro_casa_finlandese_9mq_micro_casa_finlandese_di_9mq_4.jpg\" \/>\n\t<meta property=\"og:image:width\" content=\"720\" \/>\n\t<meta property=\"og:image:height\" content=\"480\" \/>\n\t<meta property=\"og:image:type\" content=\"image\/jpeg\" \/>\n<meta name=\"author\" content=\"Benedetto Fiori\" \/>\n<meta name=\"twitter:card\" content=\"summary_large_image\" \/>\n<meta name=\"twitter:creator\" content=\"@benedettofiori\" \/>\n<meta name=\"twitter:site\" content=\"@socialdesignmag\" \/>\n<meta name=\"twitter:label1\" content=\"Scritto da\" \/>\n\t<meta name=\"twitter:data1\" content=\"Benedetto Fiori\" \/>\n\t<meta name=\"twitter:label2\" content=\"Tempo di lettura stimato\" \/>\n\t<meta name=\"twitter:data2\" content=\"2 minuti\" \/>\n<script type=\"application\/ld+json\" class=\"yoast-schema-graph\">{\"@context\":\"https:\/\/schema.org\",\"@graph\":[{\"@type\":\"Article\",\"@id\":\"https:\/\/socialdesignmagazine.com\/mag\/tiny-houses\/una-micro-casa-finlandese-di-9mq\/#article\",\"isPartOf\":{\"@id\":\"https:\/\/socialdesignmagazine.com\/mag\/tiny-houses\/una-micro-casa-finlandese-di-9mq\/\"},\"author\":{\"name\":\"Benedetto Fiori\",\"@id\":\"https:\/\/socialdesignmagazine.com\/mag\/#\/schema\/person\/61e20205cc363c315e6aabd33a045846\"},\"headline\":\"Una micro-casa finlandese di 9mq\",\"datePublished\":\"2012-05-21T08:00:00+00:00\",\"dateModified\":\"2024-05-13T15:35:30+00:00\",\"mainEntityOfPage\":{\"@id\":\"https:\/\/socialdesignmagazine.com\/mag\/tiny-houses\/una-micro-casa-finlandese-di-9mq\/\"},\"wordCount\":106,\"commentCount\":0,\"publisher\":{\"@id\":\"https:\/\/socialdesignmagazine.com\/mag\/#organization\"},\"image\":{\"@id\":\"https:\/\/socialdesignmagazine.com\/mag\/tiny-houses\/una-micro-casa-finlandese-di-9mq\/#primaryimage\"},\"thumbnailUrl\":\"https:\/\/socialdesignmagazine.com\/mag\/wp-content\/uploads\/2012\/05\/benedetto_micro_casa_finlandese_9mq_micro_casa_finlandese_di_9mq_4.jpg\",\"keywords\":[\"green\"],\"articleSection\":[\"Tiny Houses\"],\"inLanguage\":\"it-IT\",\"potentialAction\":[{\"@type\":\"CommentAction\",\"name\":\"Comment\",\"target\":[\"https:\/\/socialdesignmagazine.com\/mag\/tiny-houses\/una-micro-casa-finlandese-di-9mq\/#respond\"]}]},{\"@type\":\"WebPage\",\"@id\":\"https:\/\/socialdesignmagazine.com\/mag\/tiny-houses\/una-micro-casa-finlandese-di-9mq\/\",\"url\":\"https:\/\/socialdesignmagazine.com\/mag\/tiny-houses\/una-micro-casa-finlandese-di-9mq\/\",\"name\":\"Una micro-casa finlandese di 9mq - Social Design Magazine\",\"isPartOf\":{\"@id\":\"https:\/\/socialdesignmagazine.com\/mag\/#website\"},\"primaryImageOfPage\":{\"@id\":\"https:\/\/socialdesignmagazine.com\/mag\/tiny-houses\/una-micro-casa-finlandese-di-9mq\/#primaryimage\"},\"image\":{\"@id\":\"https:\/\/socialdesignmagazine.com\/mag\/tiny-houses\/una-micro-casa-finlandese-di-9mq\/#primaryimage\"},\"thumbnailUrl\":\"https:\/\/socialdesignmagazine.com\/mag\/wp-content\/uploads\/2012\/05\/benedetto_micro_casa_finlandese_9mq_micro_casa_finlandese_di_9mq_4.jpg\",\"datePublished\":\"2012-05-21T08:00:00+00:00\",\"dateModified\":\"2024-05-13T15:35:30+00:00\",\"description\":\"I regolamenti edilizi finlandesi permettono di costruire una piccola \\\"micro-casa\\\" di circa 9mq (96sq.ft) senza alcuna autorizzazione, ed \u00e8 proprio sfruttando questa possibilit\u00e0 che \u00e8 stata realizzata questa piccola abitazione immersa nei boschi finlandesi.\",\"breadcrumb\":{\"@id\":\"https:\/\/socialdesignmagazine.com\/mag\/tiny-houses\/una-micro-casa-finlandese-di-9mq\/#breadcrumb\"},\"inLanguage\":\"it-IT\",\"potentialAction\":[{\"@type\":\"ReadAction\",\"target\":[\"https:\/\/socialdesignmagazine.com\/mag\/tiny-houses\/una-micro-casa-finlandese-di-9mq\/\"]}]},{\"@type\":\"ImageObject\",\"inLanguage\":\"it-IT\",\"@id\":\"https:\/\/socialdesignmagazine.com\/mag\/tiny-houses\/una-micro-casa-finlandese-di-9mq\/#primaryimage\",\"url\":\"https:\/\/socialdesignmagazine.com\/mag\/wp-content\/uploads\/2012\/05\/benedetto_micro_casa_finlandese_9mq_micro_casa_finlandese_di_9mq_4.jpg\",\"contentUrl\":\"https:\/\/socialdesignmagazine.com\/mag\/wp-content\/uploads\/2012\/05\/benedetto_micro_casa_finlandese_9mq_micro_casa_finlandese_di_9mq_4.jpg\",\"width\":720,\"height\":480,\"caption\":\"micro_casa_finlandese_di_9mq_4\"},{\"@type\":\"BreadcrumbList\",\"@id\":\"https:\/\/socialdesignmagazine.com\/mag\/tiny-houses\/una-micro-casa-finlandese-di-9mq\/#breadcrumb\",\"itemListElement\":[{\"@type\":\"ListItem\",\"position\":1,\"name\":\"Home\",\"item\":\"https:\/\/socialdesignmagazine.com\/mag\/\"},{\"@type\":\"ListItem\",\"position\":2,\"name\":\"Tiny Houses\",\"item\":\"https:\/\/socialdesignmagazine.com\/mag\/tiny-houses\/\"},{\"@type\":\"ListItem\",\"position\":3,\"name\":\"Una micro-casa finlandese di 9mq\"}]},{\"@type\":\"WebSite\",\"@id\":\"https:\/\/socialdesignmagazine.com\/mag\/#website\",\"url\":\"https:\/\/socialdesignmagazine.com\/mag\/\",\"name\":\"Social Design Magazine\",\"description\":\"Social Magazine su Design, Architettura, Arte, Grafica\",\"publisher\":{\"@id\":\"https:\/\/socialdesignmagazine.com\/mag\/#organization\"},\"potentialAction\":[{\"@type\":\"SearchAction\",\"target\":{\"@type\":\"EntryPoint\",\"urlTemplate\":\"https:\/\/socialdesignmagazine.com\/mag\/?s={search_term_string}\"},\"query-input\":{\"@type\":\"PropertyValueSpecification\",\"valueRequired\":true,\"valueName\":\"search_term_string\"}}],\"inLanguage\":\"it-IT\"},{\"@type\":\"Organization\",\"@id\":\"https:\/\/socialdesignmagazine.com\/mag\/#organization\",\"name\":\"Social Design Magazine\",\"url\":\"https:\/\/socialdesignmagazine.com\/mag\/\",\"logo\":{\"@type\":\"ImageObject\",\"inLanguage\":\"it-IT\",\"@id\":\"https:\/\/socialdesignmagazine.com\/mag\/#\/schema\/logo\/image\/\",\"url\":\"https:\/\/socialdesignmagazine.com\/mag\/wp-content\/uploads\/2017\/01\/logo_favicon_11.png\",\"contentUrl\":\"https:\/\/socialdesignmagazine.com\/mag\/wp-content\/uploads\/2017\/01\/logo_favicon_11.png\",\"width\":1024,\"height\":1024,\"caption\":\"Social Design Magazine\"},\"image\":{\"@id\":\"https:\/\/socialdesignmagazine.com\/mag\/#\/schema\/logo\/image\/\"},\"sameAs\":[\"https:\/\/www.facebook.com\/socialdesignmag\",\"https:\/\/x.com\/socialdesignmag\",\"http:\/\/instagram.com\/social_design_magazine\/\",\"http:\/\/pinterest.com\/socialdesignmag\/\",\"http:\/\/www.youtube.com\/user\/socialdesignmagazine\"]},{\"@type\":\"Person\",\"@id\":\"https:\/\/socialdesignmagazine.com\/mag\/#\/schema\/person\/61e20205cc363c315e6aabd33a045846\",\"name\":\"Benedetto Fiori\",\"image\":{\"@type\":\"ImageObject\",\"inLanguage\":\"it-IT\",\"@id\":\"https:\/\/secure.gravatar.com\/avatar\/450a48cefa36da63d920ad70aa660bd10725b1c6093800242e5efdb397759033?s=96&d=mm&r=g\",\"url\":\"https:\/\/secure.gravatar.com\/avatar\/450a48cefa36da63d920ad70aa660bd10725b1c6093800242e5efdb397759033?s=96&d=mm&r=g\",\"contentUrl\":\"https:\/\/secure.gravatar.com\/avatar\/450a48cefa36da63d920ad70aa660bd10725b1c6093800242e5efdb397759033?s=96&d=mm&r=g\",\"caption\":\"Benedetto Fiori\"},\"description\":\"Web | Twitter | Facebook | Shutterstock Founder &amp; Editor in Chief di Social Design Magazine. Attratto da sempre da tutto ci\u00f2 che \u00e8 creativit\u00e0, design, architettura. Dopo aver studiato Architettura all'Universit\u00e0 di Firenze, si \u00e8 impegnato in molteplici campi: comunicazione grafica, progettazione di allestimenti fieristici, brand design, Interior Design.\",\"sameAs\":[\"http:\/\/benedettofiori.com\",\"https:\/\/www.facebook.com\/benedettofiori\",\"https:\/\/x.com\/benedettofiori\"],\"url\":\"https:\/\/socialdesignmagazine.com\/mag\/author\/benedetto\/\"}]}<\/script>\n<!-- \/ Yoast SEO plugin. -->","yoast_head_json":{"title":"Una micro-casa finlandese di 9mq - Social Design Magazine","description":"I regolamenti edilizi finlandesi permettono di costruire una piccola \"micro-casa\" di circa 9mq (96sq.ft) senza alcuna autorizzazione, ed \u00e8 proprio sfruttando questa possibilit\u00e0 che \u00e8 stata realizzata questa piccola abitazione immersa nei boschi finlandesi.","robots":{"index":"index","follow":"follow","max-snippet":"max-snippet:-1","max-image-preview":"max-image-preview:large","max-video-preview":"max-video-preview:-1"},"canonical":"https:\/\/socialdesignmagazine.com\/mag\/tiny-houses\/una-micro-casa-finlandese-di-9mq\/","og_locale":"it_IT","og_type":"article","og_title":"Una micro-casa finlandese di 9mq - Social Design Magazine","og_description":"I regolamenti edilizi finlandesi permettono di costruire una piccola \"micro-casa\" di circa 9mq (96sq.ft) senza alcuna autorizzazione, ed \u00e8 proprio sfruttando questa possibilit\u00e0 che \u00e8 stata realizzata questa piccola abitazione immersa nei boschi finlandesi.","og_url":"http:\/\/socialdesignmagazine.com\/mag\/tiny-houses\/una-micro-casa-finlandese-di-9mq\/","og_site_name":"Social Design Magazine","article_publisher":"https:\/\/www.facebook.com\/socialdesignmag","article_author":"https:\/\/www.facebook.com\/benedettofiori","article_published_time":"2012-05-21T08:00:00+00:00","article_modified_time":"2024-05-13T15:35:30+00:00","og_image":[{"width":720,"height":480,"url":"https:\/\/socialdesignmagazine.com\/mag\/wp-content\/uploads\/2012\/05\/benedetto_micro_casa_finlandese_9mq_micro_casa_finlandese_di_9mq_4.jpg","type":"image\/jpeg"}],"author":"Benedetto Fiori","twitter_card":"summary_large_image","twitter_creator":"@benedettofiori","twitter_site":"@socialdesignmag","twitter_misc":{"Scritto da":"Benedetto Fiori","Tempo di lettura stimato":"2 minuti"},"schema":{"@context":"https:\/\/schema.org","@graph":[{"@type":"Article","@id":"https:\/\/socialdesignmagazine.com\/mag\/tiny-houses\/una-micro-casa-finlandese-di-9mq\/#article","isPartOf":{"@id":"https:\/\/socialdesignmagazine.com\/mag\/tiny-houses\/una-micro-casa-finlandese-di-9mq\/"},"author":{"name":"Benedetto Fiori","@id":"https:\/\/socialdesignmagazine.com\/mag\/#\/schema\/person\/61e20205cc363c315e6aabd33a045846"},"headline":"Una micro-casa finlandese di 9mq","datePublished":"2012-05-21T08:00:00+00:00","dateModified":"2024-05-13T15:35:30+00:00","mainEntityOfPage":{"@id":"https:\/\/socialdesignmagazine.com\/mag\/tiny-houses\/una-micro-casa-finlandese-di-9mq\/"},"wordCount":106,"commentCount":0,"publisher":{"@id":"https:\/\/socialdesignmagazine.com\/mag\/#organization"},"image":{"@id":"https:\/\/socialdesignmagazine.com\/mag\/tiny-houses\/una-micro-casa-finlandese-di-9mq\/#primaryimage"},"thumbnailUrl":"https:\/\/socialdesignmagazine.com\/mag\/wp-content\/uploads\/2012\/05\/benedetto_micro_casa_finlandese_9mq_micro_casa_finlandese_di_9mq_4.jpg","keywords":["green"],"articleSection":["Tiny Houses"],"inLanguage":"it-IT","potentialAction":[{"@type":"CommentAction","name":"Comment","target":["https:\/\/socialdesignmagazine.com\/mag\/tiny-houses\/una-micro-casa-finlandese-di-9mq\/#respond"]}]},{"@type":"WebPage","@id":"https:\/\/socialdesignmagazine.com\/mag\/tiny-houses\/una-micro-casa-finlandese-di-9mq\/","url":"https:\/\/socialdesignmagazine.com\/mag\/tiny-houses\/una-micro-casa-finlandese-di-9mq\/","name":"Una micro-casa finlandese di 9mq - Social Design Magazine","isPartOf":{"@id":"https:\/\/socialdesignmagazine.com\/mag\/#website"},"primaryImageOfPage":{"@id":"https:\/\/socialdesignmagazine.com\/mag\/tiny-houses\/una-micro-casa-finlandese-di-9mq\/#primaryimage"},"image":{"@id":"https:\/\/socialdesignmagazine.com\/mag\/tiny-houses\/una-micro-casa-finlandese-di-9mq\/#primaryimage"},"thumbnailUrl":"https:\/\/socialdesignmagazine.com\/mag\/wp-content\/uploads\/2012\/05\/benedetto_micro_casa_finlandese_9mq_micro_casa_finlandese_di_9mq_4.jpg","datePublished":"2012-05-21T08:00:00+00:00","dateModified":"2024-05-13T15:35:30+00:00","description":"I regolamenti edilizi finlandesi permettono di costruire una piccola \"micro-casa\" di circa 9mq (96sq.ft) senza alcuna autorizzazione, ed \u00e8 proprio sfruttando questa possibilit\u00e0 che \u00e8 stata realizzata questa piccola abitazione immersa nei boschi finlandesi.","breadcrumb":{"@id":"https:\/\/socialdesignmagazine.com\/mag\/tiny-houses\/una-micro-casa-finlandese-di-9mq\/#breadcrumb"},"inLanguage":"it-IT","potentialAction":[{"@type":"ReadAction","target":["https:\/\/socialdesignmagazine.com\/mag\/tiny-houses\/una-micro-casa-finlandese-di-9mq\/"]}]},{"@type":"ImageObject","inLanguage":"it-IT","@id":"https:\/\/socialdesignmagazine.com\/mag\/tiny-houses\/una-micro-casa-finlandese-di-9mq\/#primaryimage","url":"https:\/\/socialdesignmagazine.com\/mag\/wp-content\/uploads\/2012\/05\/benedetto_micro_casa_finlandese_9mq_micro_casa_finlandese_di_9mq_4.jpg","contentUrl":"https:\/\/socialdesignmagazine.com\/mag\/wp-content\/uploads\/2012\/05\/benedetto_micro_casa_finlandese_9mq_micro_casa_finlandese_di_9mq_4.jpg","width":720,"height":480,"caption":"micro_casa_finlandese_di_9mq_4"},{"@type":"BreadcrumbList","@id":"https:\/\/socialdesignmagazine.com\/mag\/tiny-houses\/una-micro-casa-finlandese-di-9mq\/#breadcrumb","itemListElement":[{"@type":"ListItem","position":1,"name":"Home","item":"https:\/\/socialdesignmagazine.com\/mag\/"},{"@type":"ListItem","position":2,"name":"Tiny Houses","item":"https:\/\/socialdesignmagazine.com\/mag\/tiny-houses\/"},{"@type":"ListItem","position":3,"name":"Una micro-casa finlandese di 9mq"}]},{"@type":"WebSite","@id":"https:\/\/socialdesignmagazine.com\/mag\/#website","url":"https:\/\/socialdesignmagazine.com\/mag\/","name":"Social Design Magazine","description":"Social Magazine su Design, Architettura, Arte, Grafica","publisher":{"@id":"https:\/\/socialdesignmagazine.com\/mag\/#organization"},"potentialAction":[{"@type":"SearchAction","target":{"@type":"EntryPoint","urlTemplate":"https:\/\/socialdesignmagazine.com\/mag\/?s={search_term_string}"},"query-input":{"@type":"PropertyValueSpecification","valueRequired":true,"valueName":"search_term_string"}}],"inLanguage":"it-IT"},{"@type":"Organization","@id":"https:\/\/socialdesignmagazine.com\/mag\/#organization","name":"Social Design Magazine","url":"https:\/\/socialdesignmagazine.com\/mag\/","logo":{"@type":"ImageObject","inLanguage":"it-IT","@id":"https:\/\/socialdesignmagazine.com\/mag\/#\/schema\/logo\/image\/","url":"https:\/\/socialdesignmagazine.com\/mag\/wp-content\/uploads\/2017\/01\/logo_favicon_11.png","contentUrl":"https:\/\/socialdesignmagazine.com\/mag\/wp-content\/uploads\/2017\/01\/logo_favicon_11.png","width":1024,"height":1024,"caption":"Social Design Magazine"},"image":{"@id":"https:\/\/socialdesignmagazine.com\/mag\/#\/schema\/logo\/image\/"},"sameAs":["https:\/\/www.facebook.com\/socialdesignmag","https:\/\/x.com\/socialdesignmag","http:\/\/instagram.com\/social_design_magazine\/","http:\/\/pinterest.com\/socialdesignmag\/","http:\/\/www.youtube.com\/user\/socialdesignmagazine"]},{"@type":"Person","@id":"https:\/\/socialdesignmagazine.com\/mag\/#\/schema\/person\/61e20205cc363c315e6aabd33a045846","name":"Benedetto Fiori","image":{"@type":"ImageObject","inLanguage":"it-IT","@id":"https:\/\/secure.gravatar.com\/avatar\/450a48cefa36da63d920ad70aa660bd10725b1c6093800242e5efdb397759033?s=96&d=mm&r=g","url":"https:\/\/secure.gravatar.com\/avatar\/450a48cefa36da63d920ad70aa660bd10725b1c6093800242e5efdb397759033?s=96&d=mm&r=g","contentUrl":"https:\/\/secure.gravatar.com\/avatar\/450a48cefa36da63d920ad70aa660bd10725b1c6093800242e5efdb397759033?s=96&d=mm&r=g","caption":"Benedetto Fiori"},"description":"Web | Twitter | Facebook | Shutterstock Founder &amp; Editor in Chief di Social Design Magazine. Attratto da sempre da tutto ci\u00f2 che \u00e8 creativit\u00e0, design, architettura. Dopo aver studiato Architettura all'Universit\u00e0 di Firenze, si \u00e8 impegnato in molteplici campi: comunicazione grafica, progettazione di allestimenti fieristici, brand design, Interior Design.","sameAs":["http:\/\/benedettofiori.com","https:\/\/www.facebook.com\/benedettofiori","https:\/\/x.com\/benedettofiori"],"url":"https:\/\/socialdesignmagazine.com\/mag\/author\/benedetto\/"}]}},"jetpack_featured_media_url":"https:\/\/socialdesignmagazine.com\/mag\/wp-content\/uploads\/2012\/05\/benedetto_micro_casa_finlandese_9mq_micro_casa_finlandese_di_9mq_4.jpg","jetpack_sharing_enabled":true,"jetpack_shortlink":"https:\/\/wp.me\/p6cV7V-cc","gt_translate_keys":[{"key":"link","format":"url"}],"_links":{"self":[{"href":"https:\/\/socialdesignmagazine.com\/mag\/wp-json\/wp\/v2\/posts\/756","targetHints":{"allow":["GET"]}}],"collection":[{"href":"https:\/\/socialdesignmagazine.com\/mag\/wp-json\/wp\/v2\/posts"}],"about":[{"href":"https:\/\/socialdesignmagazine.com\/mag\/wp-json\/wp\/v2\/types\/post"}],"author":[{"embeddable":true,"href":"https:\/\/socialdesignmagazine.com\/mag\/wp-json\/wp\/v2\/users\/1"}],"replies":[{"embeddable":true,"href":"https:\/\/socialdesignmagazine.com\/mag\/wp-json\/wp\/v2\/comments?post=756"}],"version-history":[{"count":2,"href":"https:\/\/socialdesignmagazine.com\/mag\/wp-json\/wp\/v2\/posts\/756\/revisions"}],"predecessor-version":[{"id":59896,"href":"https:\/\/socialdesignmagazine.com\/mag\/wp-json\/wp\/v2\/posts\/756\/revisions\/59896"}],"wp:featuredmedia":[{"embeddable":true,"href":"https:\/\/socialdesignmagazine.com\/mag\/wp-json\/wp\/v2\/media\/8101"}],"wp:attachment":[{"href":"https:\/\/socialdesignmagazine.com\/mag\/wp-json\/wp\/v2\/media?parent=756"}],"wp:term":[{"taxonomy":"category","embeddable":true,"href":"https:\/\/socialdesignmagazine.com\/mag\/wp-json\/wp\/v2\/categories?post=756"},{"taxonomy":"post_tag","embeddable":true,"href":"https:\/\/socialdesignmagazine.com\/mag\/wp-json\/wp\/v2\/tags?post=756"}],"curies":[{"name":"wp","href":"https:\/\/api.w.org\/{rel}","templated":true}]}}