{"id":757,"date":"2011-06-15T11:00:06","date_gmt":"2011-06-15T09:00:06","guid":{"rendered":"https:\/\/socialdesignmagazine.com\/mag\/?p=757"},"modified":"2024-05-05T00:45:54","modified_gmt":"2024-05-04T22:45:54","slug":"exhibit-pavilion-zaha-hadid","status":"publish","type":"post","link":"https:\/\/socialdesignmagazine.com\/mag\/architettura\/exhibit-pavilion-zaha-hadid\/","title":{"rendered":"Exhibit Pavilion Zaha Hadid","gt_translate_keys":[{"key":"rendered","format":"text"}]},"content":{"rendered":"\n<h2 class=\"wp-block-heading\">Dal 2007 un padiglione mobile per mostre ed allestimenti sta viaggiando il mondo: da Hong Kong a Tokyo a New York.<\/h2>\n\n\n\n<p>Una delle sue caratteristiche \u00e8 la possibilit\u00e0 di essere montato e smontato in differenti luoghi e con una certa semplicit\u00e0, questo \u00e8 il progetto di <a rel=\"nofollow\" href=\"http:\/\/www.zaha-hadid.com\/\">Zaha Hadid Architects<\/a>. Questo museo in movimento include fra le sue opere dipinti, proiezioni e modellini che Zaha Hadid ha elaborato nei suoi anni di lavoro.<\/p>\n\n\n\n<p>Come ha dichiarato l\u2019archietto stesso: <em>\u201cPenso che attraverso la nostra architettura possiamo dare alla gente la possibilit\u00e0 di dare un\u2019occhiata ad un altro mondo, e renderli interessati ed eccitati nei confronti delle nuove prospettive. La nostra architettura \u00e8 intuitiva, radicale, internazionale e dinamica. Ci stiamo occupando di costruire edifici che evochino esperienze originali, sensazioni che siano simili ad andare in un nuovo mondo per la prima volta, un misto di novit\u00e0 e stranezze. Il Mobile Art Pavilion segue assolutamente i principi di queste inspirazioni.\u201d<\/em><\/p>\n\n\n<div class=\"wp-block-image\">\n<figure class=\"aligncenter\"><a href=\"https:\/\/socialdesignmagazine.com\/mag\/blog\/architettura\/exhibit-pavilion-zaha-hadid\/attachment\/zaha-hadid-mobile-art-pavilion-02\/#content\" rel=\"attachment wp-att-25253\"><img loading=\"lazy\" decoding=\"async\" width=\"880\" height=\"611\" data-attachment-id=\"25253\" data-permalink=\"https:\/\/socialdesignmagazine.com\/mag\/architettura\/exhibit-pavilion-zaha-hadid\/attachment\/zaha-hadid-mobile-art-pavilion-02\/#content\" data-orig-file=\"https:\/\/socialdesignmagazine.com\/mag\/wp-content\/uploads\/2012\/05\/Zaha-Hadid-Mobile-Art-Pavilion-02.jpg\" data-orig-size=\"880,611\" data-comments-opened=\"1\" data-image-meta=\"{&quot;aperture&quot;:&quot;0&quot;,&quot;credit&quot;:&quot;&quot;,&quot;camera&quot;:&quot;&quot;,&quot;caption&quot;:&quot;&quot;,&quot;created_timestamp&quot;:&quot;0&quot;,&quot;copyright&quot;:&quot;&quot;,&quot;focal_length&quot;:&quot;0&quot;,&quot;iso&quot;:&quot;0&quot;,&quot;shutter_speed&quot;:&quot;0&quot;,&quot;title&quot;:&quot;&quot;,&quot;orientation&quot;:&quot;0&quot;}\" data-image-title=\"Zaha Hadid Mobile Art Pavilion 02\" data-image-description=\"\" data-image-caption=\"\" data-medium-file=\"https:\/\/socialdesignmagazine.com\/mag\/wp-content\/uploads\/2012\/05\/Zaha-Hadid-Mobile-Art-Pavilion-02-396x256.jpg\" data-large-file=\"https:\/\/socialdesignmagazine.com\/mag\/wp-content\/uploads\/2012\/05\/Zaha-Hadid-Mobile-Art-Pavilion-02.jpg\" src=\"https:\/\/socialdesignmagazine.com\/mag\/wp-content\/uploads\/2012\/05\/Zaha-Hadid-Mobile-Art-Pavilion-02.jpg\" alt=\"Zaha Hadid Mobile Art Pavilion 02\" class=\"wp-image-25253\" srcset=\"https:\/\/socialdesignmagazine.com\/mag\/wp-content\/uploads\/2012\/05\/Zaha-Hadid-Mobile-Art-Pavilion-02.jpg 880w, https:\/\/socialdesignmagazine.com\/mag\/wp-content\/uploads\/2012\/05\/Zaha-Hadid-Mobile-Art-Pavilion-02-768x533.jpg 768w\" sizes=\"auto, (max-width: 880px) 100vw, 880px\" \/><\/a><\/figure>\n<\/div>\n\n<div class=\"wp-block-image\">\n<figure class=\"aligncenter\"><a href=\"https:\/\/socialdesignmagazine.com\/mag\/blog\/architettura\/exhibit-pavilion-zaha-hadid\/attachment\/zaha-hadid-mobile-art-pavilion-03\/#content\" rel=\"attachment wp-att-25254\"><img loading=\"lazy\" decoding=\"async\" width=\"880\" height=\"435\" data-attachment-id=\"25254\" data-permalink=\"https:\/\/socialdesignmagazine.com\/mag\/architettura\/exhibit-pavilion-zaha-hadid\/attachment\/zaha-hadid-mobile-art-pavilion-03\/#content\" data-orig-file=\"https:\/\/socialdesignmagazine.com\/mag\/wp-content\/uploads\/2012\/05\/Zaha-Hadid-Mobile-Art-Pavilion-03.jpg\" data-orig-size=\"880,435\" data-comments-opened=\"1\" data-image-meta=\"{&quot;aperture&quot;:&quot;0&quot;,&quot;credit&quot;:&quot;&quot;,&quot;camera&quot;:&quot;&quot;,&quot;caption&quot;:&quot;&quot;,&quot;created_timestamp&quot;:&quot;0&quot;,&quot;copyright&quot;:&quot;&quot;,&quot;focal_length&quot;:&quot;0&quot;,&quot;iso&quot;:&quot;0&quot;,&quot;shutter_speed&quot;:&quot;0&quot;,&quot;title&quot;:&quot;&quot;,&quot;orientation&quot;:&quot;0&quot;}\" data-image-title=\"Zaha Hadid Mobile Art Pavilion 03\" data-image-description=\"\" data-image-caption=\"\" data-medium-file=\"https:\/\/socialdesignmagazine.com\/mag\/wp-content\/uploads\/2012\/05\/Zaha-Hadid-Mobile-Art-Pavilion-03-396x256.jpg\" data-large-file=\"https:\/\/socialdesignmagazine.com\/mag\/wp-content\/uploads\/2012\/05\/Zaha-Hadid-Mobile-Art-Pavilion-03.jpg\" src=\"https:\/\/socialdesignmagazine.com\/mag\/wp-content\/uploads\/2012\/05\/Zaha-Hadid-Mobile-Art-Pavilion-03.jpg\" alt=\"Zaha Hadid Mobile Art Pavilion 03\" class=\"wp-image-25254\" srcset=\"https:\/\/socialdesignmagazine.com\/mag\/wp-content\/uploads\/2012\/05\/Zaha-Hadid-Mobile-Art-Pavilion-03.jpg 880w, https:\/\/socialdesignmagazine.com\/mag\/wp-content\/uploads\/2012\/05\/Zaha-Hadid-Mobile-Art-Pavilion-03-768x380.jpg 768w\" sizes=\"auto, (max-width: 880px) 100vw, 880px\" \/><\/a><\/figure>\n<\/div>\n\n<div class=\"wp-block-image\">\n<figure class=\"aligncenter\"><a href=\"https:\/\/socialdesignmagazine.com\/mag\/blog\/architettura\/exhibit-pavilion-zaha-hadid\/attachment\/zaha-hadid-mobile-art-pavilion-04\/#content\" rel=\"attachment wp-att-25255\"><img loading=\"lazy\" decoding=\"async\" width=\"880\" height=\"660\" data-attachment-id=\"25255\" data-permalink=\"https:\/\/socialdesignmagazine.com\/mag\/architettura\/exhibit-pavilion-zaha-hadid\/attachment\/zaha-hadid-mobile-art-pavilion-04\/#content\" data-orig-file=\"https:\/\/socialdesignmagazine.com\/mag\/wp-content\/uploads\/2012\/05\/Zaha-Hadid-Mobile-Art-Pavilion-04.jpg\" data-orig-size=\"880,660\" data-comments-opened=\"1\" data-image-meta=\"{&quot;aperture&quot;:&quot;0&quot;,&quot;credit&quot;:&quot;&quot;,&quot;camera&quot;:&quot;&quot;,&quot;caption&quot;:&quot;&quot;,&quot;created_timestamp&quot;:&quot;0&quot;,&quot;copyright&quot;:&quot;&quot;,&quot;focal_length&quot;:&quot;0&quot;,&quot;iso&quot;:&quot;0&quot;,&quot;shutter_speed&quot;:&quot;0&quot;,&quot;title&quot;:&quot;&quot;,&quot;orientation&quot;:&quot;0&quot;}\" data-image-title=\"Zaha Hadid Mobile Art Pavilion 04\" data-image-description=\"\" data-image-caption=\"\" data-medium-file=\"https:\/\/socialdesignmagazine.com\/mag\/wp-content\/uploads\/2012\/05\/Zaha-Hadid-Mobile-Art-Pavilion-04-396x256.jpg\" data-large-file=\"https:\/\/socialdesignmagazine.com\/mag\/wp-content\/uploads\/2012\/05\/Zaha-Hadid-Mobile-Art-Pavilion-04.jpg\" src=\"https:\/\/socialdesignmagazine.com\/mag\/wp-content\/uploads\/2012\/05\/Zaha-Hadid-Mobile-Art-Pavilion-04.jpg\" alt=\"Zaha Hadid Mobile Art Pavilion 04\" class=\"wp-image-25255\" srcset=\"https:\/\/socialdesignmagazine.com\/mag\/wp-content\/uploads\/2012\/05\/Zaha-Hadid-Mobile-Art-Pavilion-04.jpg 880w, https:\/\/socialdesignmagazine.com\/mag\/wp-content\/uploads\/2012\/05\/Zaha-Hadid-Mobile-Art-Pavilion-04-768x576.jpg 768w\" sizes=\"auto, (max-width: 880px) 100vw, 880px\" \/><\/a><\/figure>\n<\/div>\n\n<div class=\"wp-block-image\">\n<figure class=\"aligncenter\"><a href=\"https:\/\/socialdesignmagazine.com\/mag\/blog\/architettura\/exhibit-pavilion-zaha-hadid\/attachment\/zaha-hadid-mobile-art-pavilion-05\/#content\" rel=\"attachment wp-att-25256\"><img loading=\"lazy\" decoding=\"async\" width=\"880\" height=\"660\" data-attachment-id=\"25256\" data-permalink=\"https:\/\/socialdesignmagazine.com\/mag\/architettura\/exhibit-pavilion-zaha-hadid\/attachment\/zaha-hadid-mobile-art-pavilion-05\/#content\" data-orig-file=\"https:\/\/socialdesignmagazine.com\/mag\/wp-content\/uploads\/2012\/05\/Zaha-Hadid-Mobile-Art-Pavilion-05.jpg\" data-orig-size=\"880,660\" data-comments-opened=\"1\" data-image-meta=\"{&quot;aperture&quot;:&quot;0&quot;,&quot;credit&quot;:&quot;&quot;,&quot;camera&quot;:&quot;&quot;,&quot;caption&quot;:&quot;&quot;,&quot;created_timestamp&quot;:&quot;0&quot;,&quot;copyright&quot;:&quot;&quot;,&quot;focal_length&quot;:&quot;0&quot;,&quot;iso&quot;:&quot;0&quot;,&quot;shutter_speed&quot;:&quot;0&quot;,&quot;title&quot;:&quot;&quot;,&quot;orientation&quot;:&quot;0&quot;}\" data-image-title=\"Zaha Hadid Mobile Art Pavilion 05\" data-image-description=\"\" data-image-caption=\"\" data-medium-file=\"https:\/\/socialdesignmagazine.com\/mag\/wp-content\/uploads\/2012\/05\/Zaha-Hadid-Mobile-Art-Pavilion-05-396x256.jpg\" data-large-file=\"https:\/\/socialdesignmagazine.com\/mag\/wp-content\/uploads\/2012\/05\/Zaha-Hadid-Mobile-Art-Pavilion-05.jpg\" src=\"https:\/\/socialdesignmagazine.com\/mag\/wp-content\/uploads\/2012\/05\/Zaha-Hadid-Mobile-Art-Pavilion-05.jpg\" alt=\"Zaha Hadid Mobile Art Pavilion 05\" class=\"wp-image-25256\" srcset=\"https:\/\/socialdesignmagazine.com\/mag\/wp-content\/uploads\/2012\/05\/Zaha-Hadid-Mobile-Art-Pavilion-05.jpg 880w, https:\/\/socialdesignmagazine.com\/mag\/wp-content\/uploads\/2012\/05\/Zaha-Hadid-Mobile-Art-Pavilion-05-768x576.jpg 768w\" sizes=\"auto, (max-width: 880px) 100vw, 880px\" \/><\/a><\/figure>\n<\/div>\n\n<div class=\"wp-block-image\">\n<figure class=\"aligncenter\"><a href=\"https:\/\/socialdesignmagazine.com\/mag\/blog\/architettura\/exhibit-pavilion-zaha-hadid\/attachment\/zaha-hadid-mobile-art-pavilion-06\/#content\" rel=\"attachment wp-att-25257\"><img loading=\"lazy\" decoding=\"async\" width=\"880\" height=\"660\" data-attachment-id=\"25257\" data-permalink=\"https:\/\/socialdesignmagazine.com\/mag\/architettura\/exhibit-pavilion-zaha-hadid\/attachment\/zaha-hadid-mobile-art-pavilion-06\/#content\" data-orig-file=\"https:\/\/socialdesignmagazine.com\/mag\/wp-content\/uploads\/2012\/05\/Zaha-Hadid-Mobile-Art-Pavilion-06.jpg\" data-orig-size=\"880,660\" data-comments-opened=\"1\" data-image-meta=\"{&quot;aperture&quot;:&quot;0&quot;,&quot;credit&quot;:&quot;&quot;,&quot;camera&quot;:&quot;&quot;,&quot;caption&quot;:&quot;&quot;,&quot;created_timestamp&quot;:&quot;0&quot;,&quot;copyright&quot;:&quot;&quot;,&quot;focal_length&quot;:&quot;0&quot;,&quot;iso&quot;:&quot;0&quot;,&quot;shutter_speed&quot;:&quot;0&quot;,&quot;title&quot;:&quot;&quot;,&quot;orientation&quot;:&quot;0&quot;}\" data-image-title=\"Zaha Hadid Mobile Art Pavilion 06\" data-image-description=\"\" data-image-caption=\"\" data-medium-file=\"https:\/\/socialdesignmagazine.com\/mag\/wp-content\/uploads\/2012\/05\/Zaha-Hadid-Mobile-Art-Pavilion-06-396x256.jpg\" data-large-file=\"https:\/\/socialdesignmagazine.com\/mag\/wp-content\/uploads\/2012\/05\/Zaha-Hadid-Mobile-Art-Pavilion-06.jpg\" src=\"https:\/\/socialdesignmagazine.com\/mag\/wp-content\/uploads\/2012\/05\/Zaha-Hadid-Mobile-Art-Pavilion-06.jpg\" alt=\"Zaha Hadid Mobile Art Pavilion 06\" class=\"wp-image-25257\" srcset=\"https:\/\/socialdesignmagazine.com\/mag\/wp-content\/uploads\/2012\/05\/Zaha-Hadid-Mobile-Art-Pavilion-06.jpg 880w, https:\/\/socialdesignmagazine.com\/mag\/wp-content\/uploads\/2012\/05\/Zaha-Hadid-Mobile-Art-Pavilion-06-768x576.jpg 768w\" sizes=\"auto, (max-width: 880px) 100vw, 880px\" \/><\/a><\/figure>\n<\/div>\n\n<div class=\"wp-block-image\">\n<figure class=\"aligncenter\"><a href=\"https:\/\/socialdesignmagazine.com\/mag\/blog\/architettura\/exhibit-pavilion-zaha-hadid\/attachment\/zaha-hadid-mobile-art-pavilion-07\/#content\" rel=\"attachment wp-att-25258\"><img loading=\"lazy\" decoding=\"async\" width=\"880\" height=\"662\" data-attachment-id=\"25258\" data-permalink=\"https:\/\/socialdesignmagazine.com\/mag\/architettura\/exhibit-pavilion-zaha-hadid\/attachment\/zaha-hadid-mobile-art-pavilion-07\/#content\" data-orig-file=\"https:\/\/socialdesignmagazine.com\/mag\/wp-content\/uploads\/2012\/05\/Zaha-Hadid-Mobile-Art-Pavilion-07.jpg\" data-orig-size=\"880,662\" data-comments-opened=\"1\" data-image-meta=\"{&quot;aperture&quot;:&quot;0&quot;,&quot;credit&quot;:&quot;&quot;,&quot;camera&quot;:&quot;&quot;,&quot;caption&quot;:&quot;&quot;,&quot;created_timestamp&quot;:&quot;0&quot;,&quot;copyright&quot;:&quot;&quot;,&quot;focal_length&quot;:&quot;0&quot;,&quot;iso&quot;:&quot;0&quot;,&quot;shutter_speed&quot;:&quot;0&quot;,&quot;title&quot;:&quot;&quot;,&quot;orientation&quot;:&quot;0&quot;}\" data-image-title=\"Zaha Hadid Mobile Art Pavilion 07\" data-image-description=\"\" data-image-caption=\"\" data-medium-file=\"https:\/\/socialdesignmagazine.com\/mag\/wp-content\/uploads\/2012\/05\/Zaha-Hadid-Mobile-Art-Pavilion-07-396x256.jpg\" data-large-file=\"https:\/\/socialdesignmagazine.com\/mag\/wp-content\/uploads\/2012\/05\/Zaha-Hadid-Mobile-Art-Pavilion-07.jpg\" src=\"https:\/\/socialdesignmagazine.com\/mag\/wp-content\/uploads\/2012\/05\/Zaha-Hadid-Mobile-Art-Pavilion-07.jpg\" alt=\"Zaha Hadid Mobile Art Pavilion 07\" class=\"wp-image-25258\" srcset=\"https:\/\/socialdesignmagazine.com\/mag\/wp-content\/uploads\/2012\/05\/Zaha-Hadid-Mobile-Art-Pavilion-07.jpg 880w, https:\/\/socialdesignmagazine.com\/mag\/wp-content\/uploads\/2012\/05\/Zaha-Hadid-Mobile-Art-Pavilion-07-768x578.jpg 768w\" sizes=\"auto, (max-width: 880px) 100vw, 880px\" \/><\/a><\/figure>\n<\/div>\n\n<div class=\"wp-block-image\">\n<figure class=\"aligncenter\"><a href=\"https:\/\/socialdesignmagazine.com\/mag\/blog\/architettura\/exhibit-pavilion-zaha-hadid\/attachment\/zaha-hadid-mobile-art-pavilion-08\/#content\" rel=\"attachment wp-att-25259\"><img loading=\"lazy\" decoding=\"async\" width=\"880\" height=\"660\" data-attachment-id=\"25259\" data-permalink=\"https:\/\/socialdesignmagazine.com\/mag\/architettura\/exhibit-pavilion-zaha-hadid\/attachment\/zaha-hadid-mobile-art-pavilion-08\/#content\" data-orig-file=\"https:\/\/socialdesignmagazine.com\/mag\/wp-content\/uploads\/2012\/05\/Zaha-Hadid-Mobile-Art-Pavilion-08.jpg\" data-orig-size=\"880,660\" data-comments-opened=\"1\" data-image-meta=\"{&quot;aperture&quot;:&quot;0&quot;,&quot;credit&quot;:&quot;&quot;,&quot;camera&quot;:&quot;&quot;,&quot;caption&quot;:&quot;&quot;,&quot;created_timestamp&quot;:&quot;0&quot;,&quot;copyright&quot;:&quot;&quot;,&quot;focal_length&quot;:&quot;0&quot;,&quot;iso&quot;:&quot;0&quot;,&quot;shutter_speed&quot;:&quot;0&quot;,&quot;title&quot;:&quot;&quot;,&quot;orientation&quot;:&quot;0&quot;}\" data-image-title=\"Zaha Hadid Mobile Art Pavilion 08\" data-image-description=\"\" data-image-caption=\"\" data-medium-file=\"https:\/\/socialdesignmagazine.com\/mag\/wp-content\/uploads\/2012\/05\/Zaha-Hadid-Mobile-Art-Pavilion-08-396x256.jpg\" data-large-file=\"https:\/\/socialdesignmagazine.com\/mag\/wp-content\/uploads\/2012\/05\/Zaha-Hadid-Mobile-Art-Pavilion-08.jpg\" src=\"https:\/\/socialdesignmagazine.com\/mag\/wp-content\/uploads\/2012\/05\/Zaha-Hadid-Mobile-Art-Pavilion-08.jpg\" alt=\"Zaha Hadid Mobile Art Pavilion 08\" class=\"wp-image-25259\" srcset=\"https:\/\/socialdesignmagazine.com\/mag\/wp-content\/uploads\/2012\/05\/Zaha-Hadid-Mobile-Art-Pavilion-08.jpg 880w, https:\/\/socialdesignmagazine.com\/mag\/wp-content\/uploads\/2012\/05\/Zaha-Hadid-Mobile-Art-Pavilion-08-768x576.jpg 768w\" sizes=\"auto, (max-width: 880px) 100vw, 880px\" \/><\/a><\/figure>\n<\/div>\n\n<div class=\"wp-block-image\">\n<figure class=\"aligncenter\"><a href=\"https:\/\/socialdesignmagazine.com\/mag\/blog\/architettura\/exhibit-pavilion-zaha-hadid\/attachment\/zaha-hadid-mobile-art-pavilion-09\/#content\" rel=\"attachment wp-att-25260\"><img loading=\"lazy\" decoding=\"async\" width=\"880\" height=\"660\" data-attachment-id=\"25260\" data-permalink=\"https:\/\/socialdesignmagazine.com\/mag\/architettura\/exhibit-pavilion-zaha-hadid\/attachment\/zaha-hadid-mobile-art-pavilion-09\/#content\" data-orig-file=\"https:\/\/socialdesignmagazine.com\/mag\/wp-content\/uploads\/2012\/05\/Zaha-Hadid-Mobile-Art-Pavilion-09.jpg\" data-orig-size=\"880,660\" data-comments-opened=\"1\" data-image-meta=\"{&quot;aperture&quot;:&quot;0&quot;,&quot;credit&quot;:&quot;&quot;,&quot;camera&quot;:&quot;&quot;,&quot;caption&quot;:&quot;&quot;,&quot;created_timestamp&quot;:&quot;0&quot;,&quot;copyright&quot;:&quot;&quot;,&quot;focal_length&quot;:&quot;0&quot;,&quot;iso&quot;:&quot;0&quot;,&quot;shutter_speed&quot;:&quot;0&quot;,&quot;title&quot;:&quot;&quot;,&quot;orientation&quot;:&quot;0&quot;}\" data-image-title=\"Zaha Hadid Mobile Art Pavilion 09\" data-image-description=\"\" data-image-caption=\"\" data-medium-file=\"https:\/\/socialdesignmagazine.com\/mag\/wp-content\/uploads\/2012\/05\/Zaha-Hadid-Mobile-Art-Pavilion-09-396x256.jpg\" data-large-file=\"https:\/\/socialdesignmagazine.com\/mag\/wp-content\/uploads\/2012\/05\/Zaha-Hadid-Mobile-Art-Pavilion-09.jpg\" src=\"https:\/\/socialdesignmagazine.com\/mag\/wp-content\/uploads\/2012\/05\/Zaha-Hadid-Mobile-Art-Pavilion-09.jpg\" alt=\"Zaha Hadid Mobile Art Pavilion 09\" class=\"wp-image-25260\" srcset=\"https:\/\/socialdesignmagazine.com\/mag\/wp-content\/uploads\/2012\/05\/Zaha-Hadid-Mobile-Art-Pavilion-09.jpg 880w, https:\/\/socialdesignmagazine.com\/mag\/wp-content\/uploads\/2012\/05\/Zaha-Hadid-Mobile-Art-Pavilion-09-768x576.jpg 768w\" sizes=\"auto, (max-width: 880px) 100vw, 880px\" \/><\/a><\/figure>\n<\/div>\n\n<div class=\"wp-block-image\">\n<figure class=\"aligncenter\"><a href=\"https:\/\/socialdesignmagazine.com\/mag\/blog\/architettura\/exhibit-pavilion-zaha-hadid\/attachment\/zaha-hadid-mobile-art-pavilion-10\/#content\" rel=\"attachment wp-att-25261\"><img loading=\"lazy\" decoding=\"async\" width=\"880\" height=\"660\" data-attachment-id=\"25261\" data-permalink=\"https:\/\/socialdesignmagazine.com\/mag\/architettura\/exhibit-pavilion-zaha-hadid\/attachment\/zaha-hadid-mobile-art-pavilion-10\/#content\" data-orig-file=\"https:\/\/socialdesignmagazine.com\/mag\/wp-content\/uploads\/2012\/05\/Zaha-Hadid-Mobile-Art-Pavilion-10.jpg\" data-orig-size=\"880,660\" data-comments-opened=\"1\" data-image-meta=\"{&quot;aperture&quot;:&quot;0&quot;,&quot;credit&quot;:&quot;&quot;,&quot;camera&quot;:&quot;&quot;,&quot;caption&quot;:&quot;&quot;,&quot;created_timestamp&quot;:&quot;0&quot;,&quot;copyright&quot;:&quot;&quot;,&quot;focal_length&quot;:&quot;0&quot;,&quot;iso&quot;:&quot;0&quot;,&quot;shutter_speed&quot;:&quot;0&quot;,&quot;title&quot;:&quot;&quot;,&quot;orientation&quot;:&quot;0&quot;}\" data-image-title=\"Zaha Hadid Mobile Art Pavilion 10\" data-image-description=\"\" data-image-caption=\"\" data-medium-file=\"https:\/\/socialdesignmagazine.com\/mag\/wp-content\/uploads\/2012\/05\/Zaha-Hadid-Mobile-Art-Pavilion-10-396x256.jpg\" data-large-file=\"https:\/\/socialdesignmagazine.com\/mag\/wp-content\/uploads\/2012\/05\/Zaha-Hadid-Mobile-Art-Pavilion-10.jpg\" src=\"https:\/\/socialdesignmagazine.com\/mag\/wp-content\/uploads\/2012\/05\/Zaha-Hadid-Mobile-Art-Pavilion-10.jpg\" alt=\"Zaha Hadid Mobile Art Pavilion 10\" class=\"wp-image-25261\" srcset=\"https:\/\/socialdesignmagazine.com\/mag\/wp-content\/uploads\/2012\/05\/Zaha-Hadid-Mobile-Art-Pavilion-10.jpg 880w, https:\/\/socialdesignmagazine.com\/mag\/wp-content\/uploads\/2012\/05\/Zaha-Hadid-Mobile-Art-Pavilion-10-768x576.jpg 768w\" sizes=\"auto, (max-width: 880px) 100vw, 880px\" \/><\/a><\/figure>\n<\/div>\n\n<div class=\"wp-block-image\">\n<figure class=\"aligncenter\"><a href=\"https:\/\/socialdesignmagazine.com\/mag\/blog\/architettura\/exhibit-pavilion-zaha-hadid\/attachment\/zaha-hadid-mobile-art-pavilion-11\/#content\" rel=\"attachment wp-att-25262\"><img loading=\"lazy\" decoding=\"async\" width=\"880\" height=\"578\" data-attachment-id=\"25262\" data-permalink=\"https:\/\/socialdesignmagazine.com\/mag\/architettura\/exhibit-pavilion-zaha-hadid\/attachment\/zaha-hadid-mobile-art-pavilion-11\/#content\" data-orig-file=\"https:\/\/socialdesignmagazine.com\/mag\/wp-content\/uploads\/2012\/05\/Zaha-Hadid-Mobile-Art-Pavilion-11.jpg\" data-orig-size=\"880,578\" data-comments-opened=\"1\" data-image-meta=\"{&quot;aperture&quot;:&quot;0&quot;,&quot;credit&quot;:&quot;&quot;,&quot;camera&quot;:&quot;&quot;,&quot;caption&quot;:&quot;&quot;,&quot;created_timestamp&quot;:&quot;0&quot;,&quot;copyright&quot;:&quot;&quot;,&quot;focal_length&quot;:&quot;0&quot;,&quot;iso&quot;:&quot;0&quot;,&quot;shutter_speed&quot;:&quot;0&quot;,&quot;title&quot;:&quot;&quot;,&quot;orientation&quot;:&quot;0&quot;}\" data-image-title=\"Zaha Hadid Mobile Art Pavilion 11\" data-image-description=\"\" data-image-caption=\"\" data-medium-file=\"https:\/\/socialdesignmagazine.com\/mag\/wp-content\/uploads\/2012\/05\/Zaha-Hadid-Mobile-Art-Pavilion-11-396x256.jpg\" data-large-file=\"https:\/\/socialdesignmagazine.com\/mag\/wp-content\/uploads\/2012\/05\/Zaha-Hadid-Mobile-Art-Pavilion-11.jpg\" src=\"https:\/\/socialdesignmagazine.com\/mag\/wp-content\/uploads\/2012\/05\/Zaha-Hadid-Mobile-Art-Pavilion-11.jpg\" alt=\"Zaha Hadid Mobile Art Pavilion 11\" class=\"wp-image-25262\" srcset=\"https:\/\/socialdesignmagazine.com\/mag\/wp-content\/uploads\/2012\/05\/Zaha-Hadid-Mobile-Art-Pavilion-11.jpg 880w, https:\/\/socialdesignmagazine.com\/mag\/wp-content\/uploads\/2012\/05\/Zaha-Hadid-Mobile-Art-Pavilion-11-100x66.jpg 100w, https:\/\/socialdesignmagazine.com\/mag\/wp-content\/uploads\/2012\/05\/Zaha-Hadid-Mobile-Art-Pavilion-11-768x504.jpg 768w\" sizes=\"auto, (max-width: 880px) 100vw, 880px\" \/><\/a><\/figure>\n<\/div>\n\n<div class=\"wp-block-image\">\n<figure class=\"aligncenter\"><a href=\"https:\/\/socialdesignmagazine.com\/mag\/blog\/architettura\/exhibit-pavilion-zaha-hadid\/attachment\/zaha-hadid-mobile-art-pavilion-12\/#content\" rel=\"attachment wp-att-25263\"><img loading=\"lazy\" decoding=\"async\" width=\"880\" height=\"660\" data-attachment-id=\"25263\" data-permalink=\"https:\/\/socialdesignmagazine.com\/mag\/architettura\/exhibit-pavilion-zaha-hadid\/attachment\/zaha-hadid-mobile-art-pavilion-12\/#content\" data-orig-file=\"https:\/\/socialdesignmagazine.com\/mag\/wp-content\/uploads\/2012\/05\/Zaha-Hadid-Mobile-Art-Pavilion-12.jpg\" data-orig-size=\"880,660\" data-comments-opened=\"1\" data-image-meta=\"{&quot;aperture&quot;:&quot;0&quot;,&quot;credit&quot;:&quot;&quot;,&quot;camera&quot;:&quot;&quot;,&quot;caption&quot;:&quot;&quot;,&quot;created_timestamp&quot;:&quot;0&quot;,&quot;copyright&quot;:&quot;&quot;,&quot;focal_length&quot;:&quot;0&quot;,&quot;iso&quot;:&quot;0&quot;,&quot;shutter_speed&quot;:&quot;0&quot;,&quot;title&quot;:&quot;&quot;,&quot;orientation&quot;:&quot;0&quot;}\" data-image-title=\"Zaha Hadid Mobile Art Pavilion 12\" data-image-description=\"\" data-image-caption=\"\" data-medium-file=\"https:\/\/socialdesignmagazine.com\/mag\/wp-content\/uploads\/2012\/05\/Zaha-Hadid-Mobile-Art-Pavilion-12-396x256.jpg\" data-large-file=\"https:\/\/socialdesignmagazine.com\/mag\/wp-content\/uploads\/2012\/05\/Zaha-Hadid-Mobile-Art-Pavilion-12.jpg\" src=\"https:\/\/socialdesignmagazine.com\/mag\/wp-content\/uploads\/2012\/05\/Zaha-Hadid-Mobile-Art-Pavilion-12.jpg\" alt=\"Zaha Hadid Mobile Art Pavilion 12\" class=\"wp-image-25263\" srcset=\"https:\/\/socialdesignmagazine.com\/mag\/wp-content\/uploads\/2012\/05\/Zaha-Hadid-Mobile-Art-Pavilion-12.jpg 880w, https:\/\/socialdesignmagazine.com\/mag\/wp-content\/uploads\/2012\/05\/Zaha-Hadid-Mobile-Art-Pavilion-12-768x576.jpg 768w\" sizes=\"auto, (max-width: 880px) 100vw, 880px\" \/><\/a><\/figure>\n<\/div>\n\n<div class=\"wp-block-image\">\n<figure class=\"aligncenter\"><a href=\"https:\/\/socialdesignmagazine.com\/mag\/blog\/architettura\/exhibit-pavilion-zaha-hadid\/attachment\/zaha-hadid-mobile-art-pavilion-13\/#content\" rel=\"attachment wp-att-25264\"><img loading=\"lazy\" decoding=\"async\" width=\"880\" height=\"659\" data-attachment-id=\"25264\" data-permalink=\"https:\/\/socialdesignmagazine.com\/mag\/architettura\/exhibit-pavilion-zaha-hadid\/attachment\/zaha-hadid-mobile-art-pavilion-13\/#content\" data-orig-file=\"https:\/\/socialdesignmagazine.com\/mag\/wp-content\/uploads\/2012\/05\/Zaha-Hadid-Mobile-Art-Pavilion-13.jpg\" data-orig-size=\"880,659\" data-comments-opened=\"1\" data-image-meta=\"{&quot;aperture&quot;:&quot;0&quot;,&quot;credit&quot;:&quot;&quot;,&quot;camera&quot;:&quot;&quot;,&quot;caption&quot;:&quot;&quot;,&quot;created_timestamp&quot;:&quot;0&quot;,&quot;copyright&quot;:&quot;&quot;,&quot;focal_length&quot;:&quot;0&quot;,&quot;iso&quot;:&quot;0&quot;,&quot;shutter_speed&quot;:&quot;0&quot;,&quot;title&quot;:&quot;&quot;,&quot;orientation&quot;:&quot;0&quot;}\" data-image-title=\"Zaha Hadid Mobile Art Pavilion 13\" data-image-description=\"\" data-image-caption=\"\" data-medium-file=\"https:\/\/socialdesignmagazine.com\/mag\/wp-content\/uploads\/2012\/05\/Zaha-Hadid-Mobile-Art-Pavilion-13-396x256.jpg\" data-large-file=\"https:\/\/socialdesignmagazine.com\/mag\/wp-content\/uploads\/2012\/05\/Zaha-Hadid-Mobile-Art-Pavilion-13.jpg\" src=\"https:\/\/socialdesignmagazine.com\/mag\/wp-content\/uploads\/2012\/05\/Zaha-Hadid-Mobile-Art-Pavilion-13.jpg\" alt=\"Zaha Hadid Mobile Art Pavilion 13\" class=\"wp-image-25264\" srcset=\"https:\/\/socialdesignmagazine.com\/mag\/wp-content\/uploads\/2012\/05\/Zaha-Hadid-Mobile-Art-Pavilion-13.jpg 880w, https:\/\/socialdesignmagazine.com\/mag\/wp-content\/uploads\/2012\/05\/Zaha-Hadid-Mobile-Art-Pavilion-13-768x575.jpg 768w\" sizes=\"auto, (max-width: 880px) 100vw, 880px\" \/><\/a><\/figure>\n<\/div>\n\n<div class=\"wp-block-image\">\n<figure class=\"aligncenter\"><a href=\"https:\/\/socialdesignmagazine.com\/mag\/blog\/architettura\/exhibit-pavilion-zaha-hadid\/attachment\/zaha-hadid-mobile-art-pavilion-14\/#content\" rel=\"attachment wp-att-25265\"><img loading=\"lazy\" decoding=\"async\" width=\"880\" height=\"659\" data-attachment-id=\"25265\" data-permalink=\"https:\/\/socialdesignmagazine.com\/mag\/architettura\/exhibit-pavilion-zaha-hadid\/attachment\/zaha-hadid-mobile-art-pavilion-14\/#content\" data-orig-file=\"https:\/\/socialdesignmagazine.com\/mag\/wp-content\/uploads\/2012\/05\/Zaha-Hadid-Mobile-Art-Pavilion-14.jpg\" data-orig-size=\"880,659\" data-comments-opened=\"1\" data-image-meta=\"{&quot;aperture&quot;:&quot;0&quot;,&quot;credit&quot;:&quot;&quot;,&quot;camera&quot;:&quot;&quot;,&quot;caption&quot;:&quot;&quot;,&quot;created_timestamp&quot;:&quot;0&quot;,&quot;copyright&quot;:&quot;&quot;,&quot;focal_length&quot;:&quot;0&quot;,&quot;iso&quot;:&quot;0&quot;,&quot;shutter_speed&quot;:&quot;0&quot;,&quot;title&quot;:&quot;&quot;,&quot;orientation&quot;:&quot;0&quot;}\" data-image-title=\"Zaha Hadid Mobile Art Pavilion 14\" data-image-description=\"\" data-image-caption=\"\" data-medium-file=\"https:\/\/socialdesignmagazine.com\/mag\/wp-content\/uploads\/2012\/05\/Zaha-Hadid-Mobile-Art-Pavilion-14-396x256.jpg\" data-large-file=\"https:\/\/socialdesignmagazine.com\/mag\/wp-content\/uploads\/2012\/05\/Zaha-Hadid-Mobile-Art-Pavilion-14.jpg\" src=\"https:\/\/socialdesignmagazine.com\/mag\/wp-content\/uploads\/2012\/05\/Zaha-Hadid-Mobile-Art-Pavilion-14.jpg\" alt=\"Zaha Hadid Mobile Art Pavilion 14\" class=\"wp-image-25265\" srcset=\"https:\/\/socialdesignmagazine.com\/mag\/wp-content\/uploads\/2012\/05\/Zaha-Hadid-Mobile-Art-Pavilion-14.jpg 880w, https:\/\/socialdesignmagazine.com\/mag\/wp-content\/uploads\/2012\/05\/Zaha-Hadid-Mobile-Art-Pavilion-14-768x575.jpg 768w\" sizes=\"auto, (max-width: 880px) 100vw, 880px\" \/><\/a><\/figure>\n<\/div>\n\n<div class=\"wp-block-image\">\n<figure class=\"aligncenter\"><a href=\"https:\/\/socialdesignmagazine.com\/mag\/blog\/architettura\/exhibit-pavilion-zaha-hadid\/attachment\/zaha-hadid-mobile-art-pavilion-15\/#content\" rel=\"attachment wp-att-25266\"><img loading=\"lazy\" decoding=\"async\" width=\"880\" height=\"597\" data-attachment-id=\"25266\" data-permalink=\"https:\/\/socialdesignmagazine.com\/mag\/architettura\/exhibit-pavilion-zaha-hadid\/attachment\/zaha-hadid-mobile-art-pavilion-15\/#content\" data-orig-file=\"https:\/\/socialdesignmagazine.com\/mag\/wp-content\/uploads\/2012\/05\/Zaha-Hadid-Mobile-Art-Pavilion-15.jpg\" data-orig-size=\"880,597\" data-comments-opened=\"1\" data-image-meta=\"{&quot;aperture&quot;:&quot;0&quot;,&quot;credit&quot;:&quot;&quot;,&quot;camera&quot;:&quot;&quot;,&quot;caption&quot;:&quot;&quot;,&quot;created_timestamp&quot;:&quot;0&quot;,&quot;copyright&quot;:&quot;&quot;,&quot;focal_length&quot;:&quot;0&quot;,&quot;iso&quot;:&quot;0&quot;,&quot;shutter_speed&quot;:&quot;0&quot;,&quot;title&quot;:&quot;&quot;,&quot;orientation&quot;:&quot;0&quot;}\" data-image-title=\"Zaha Hadid Mobile Art Pavilion 15\" data-image-description=\"\" data-image-caption=\"\" data-medium-file=\"https:\/\/socialdesignmagazine.com\/mag\/wp-content\/uploads\/2012\/05\/Zaha-Hadid-Mobile-Art-Pavilion-15-396x256.jpg\" data-large-file=\"https:\/\/socialdesignmagazine.com\/mag\/wp-content\/uploads\/2012\/05\/Zaha-Hadid-Mobile-Art-Pavilion-15.jpg\" src=\"https:\/\/socialdesignmagazine.com\/mag\/wp-content\/uploads\/2012\/05\/Zaha-Hadid-Mobile-Art-Pavilion-15.jpg\" alt=\"Zaha Hadid Mobile Art Pavilion 15\" class=\"wp-image-25266\" srcset=\"https:\/\/socialdesignmagazine.com\/mag\/wp-content\/uploads\/2012\/05\/Zaha-Hadid-Mobile-Art-Pavilion-15.jpg 880w, https:\/\/socialdesignmagazine.com\/mag\/wp-content\/uploads\/2012\/05\/Zaha-Hadid-Mobile-Art-Pavilion-15-768x521.jpg 768w\" sizes=\"auto, (max-width: 880px) 100vw, 880px\" \/><\/a><\/figure>\n<\/div>\n\n<div class=\"wp-block-image\">\n<figure class=\"aligncenter\"><a href=\"https:\/\/socialdesignmagazine.com\/mag\/blog\/architettura\/exhibit-pavilion-zaha-hadid\/attachment\/zaha-hadid-mobile-art-pavilion-16\/#content\" rel=\"attachment wp-att-25267\"><img loading=\"lazy\" decoding=\"async\" width=\"880\" height=\"660\" data-attachment-id=\"25267\" data-permalink=\"https:\/\/socialdesignmagazine.com\/mag\/architettura\/exhibit-pavilion-zaha-hadid\/attachment\/zaha-hadid-mobile-art-pavilion-16\/#content\" data-orig-file=\"https:\/\/socialdesignmagazine.com\/mag\/wp-content\/uploads\/2012\/05\/Zaha-Hadid-Mobile-Art-Pavilion-16.jpg\" data-orig-size=\"880,660\" data-comments-opened=\"1\" data-image-meta=\"{&quot;aperture&quot;:&quot;0&quot;,&quot;credit&quot;:&quot;&quot;,&quot;camera&quot;:&quot;&quot;,&quot;caption&quot;:&quot;&quot;,&quot;created_timestamp&quot;:&quot;0&quot;,&quot;copyright&quot;:&quot;&quot;,&quot;focal_length&quot;:&quot;0&quot;,&quot;iso&quot;:&quot;0&quot;,&quot;shutter_speed&quot;:&quot;0&quot;,&quot;title&quot;:&quot;&quot;,&quot;orientation&quot;:&quot;0&quot;}\" data-image-title=\"Zaha Hadid Mobile Art Pavilion 16\" data-image-description=\"\" data-image-caption=\"\" data-medium-file=\"https:\/\/socialdesignmagazine.com\/mag\/wp-content\/uploads\/2012\/05\/Zaha-Hadid-Mobile-Art-Pavilion-16-396x256.jpg\" data-large-file=\"https:\/\/socialdesignmagazine.com\/mag\/wp-content\/uploads\/2012\/05\/Zaha-Hadid-Mobile-Art-Pavilion-16.jpg\" src=\"https:\/\/socialdesignmagazine.com\/mag\/wp-content\/uploads\/2012\/05\/Zaha-Hadid-Mobile-Art-Pavilion-16.jpg\" alt=\"Zaha Hadid Mobile Art Pavilion 16\" class=\"wp-image-25267\" srcset=\"https:\/\/socialdesignmagazine.com\/mag\/wp-content\/uploads\/2012\/05\/Zaha-Hadid-Mobile-Art-Pavilion-16.jpg 880w, https:\/\/socialdesignmagazine.com\/mag\/wp-content\/uploads\/2012\/05\/Zaha-Hadid-Mobile-Art-Pavilion-16-768x576.jpg 768w\" sizes=\"auto, (max-width: 880px) 100vw, 880px\" \/><\/a><\/figure>\n<\/div>\n\n<div class=\"wp-block-image\">\n<figure class=\"aligncenter\"><a href=\"https:\/\/socialdesignmagazine.com\/mag\/blog\/architettura\/exhibit-pavilion-zaha-hadid\/attachment\/zaha-hadid-mobile-art-pavilion-17\/#content\" rel=\"attachment wp-att-25268\"><img loading=\"lazy\" decoding=\"async\" width=\"880\" height=\"660\" data-attachment-id=\"25268\" data-permalink=\"https:\/\/socialdesignmagazine.com\/mag\/architettura\/exhibit-pavilion-zaha-hadid\/attachment\/zaha-hadid-mobile-art-pavilion-17\/#content\" data-orig-file=\"https:\/\/socialdesignmagazine.com\/mag\/wp-content\/uploads\/2012\/05\/Zaha-Hadid-Mobile-Art-Pavilion-17.jpg\" data-orig-size=\"880,660\" data-comments-opened=\"1\" data-image-meta=\"{&quot;aperture&quot;:&quot;0&quot;,&quot;credit&quot;:&quot;&quot;,&quot;camera&quot;:&quot;&quot;,&quot;caption&quot;:&quot;&quot;,&quot;created_timestamp&quot;:&quot;0&quot;,&quot;copyright&quot;:&quot;&quot;,&quot;focal_length&quot;:&quot;0&quot;,&quot;iso&quot;:&quot;0&quot;,&quot;shutter_speed&quot;:&quot;0&quot;,&quot;title&quot;:&quot;&quot;,&quot;orientation&quot;:&quot;0&quot;}\" data-image-title=\"Zaha Hadid Mobile Art Pavilion 17\" data-image-description=\"\" data-image-caption=\"\" data-medium-file=\"https:\/\/socialdesignmagazine.com\/mag\/wp-content\/uploads\/2012\/05\/Zaha-Hadid-Mobile-Art-Pavilion-17-396x256.jpg\" data-large-file=\"https:\/\/socialdesignmagazine.com\/mag\/wp-content\/uploads\/2012\/05\/Zaha-Hadid-Mobile-Art-Pavilion-17.jpg\" src=\"https:\/\/socialdesignmagazine.com\/mag\/wp-content\/uploads\/2012\/05\/Zaha-Hadid-Mobile-Art-Pavilion-17.jpg\" alt=\"Zaha Hadid Mobile Art Pavilion 17\" class=\"wp-image-25268\" srcset=\"https:\/\/socialdesignmagazine.com\/mag\/wp-content\/uploads\/2012\/05\/Zaha-Hadid-Mobile-Art-Pavilion-17.jpg 880w, https:\/\/socialdesignmagazine.com\/mag\/wp-content\/uploads\/2012\/05\/Zaha-Hadid-Mobile-Art-Pavilion-17-768x576.jpg 768w\" sizes=\"auto, (max-width: 880px) 100vw, 880px\" \/><\/a><\/figure>\n<\/div>","protected":false,"gt_translate_keys":[{"key":"rendered","format":"html"}]},"excerpt":{"rendered":"<p>Dal 2007 un padiglione mobile per mostre ed allestimenti sta viaggiando il mondo: da Hong Kong a Tokyo a New York. Una delle sue caratteristiche \u00e8 la possibilit\u00e0 di essere montato e smontato in differenti luoghi e con una certa semplicit\u00e0, questo \u00e8 il progetto di Zaha Hadid Architects.<\/p>\n","protected":false,"gt_translate_keys":[{"key":"rendered","format":"html"}]},"author":29,"featured_media":25251,"comment_status":"open","ping_status":"open","sticky":false,"template":"","format":"standard","meta":{"jetpack_post_was_ever_published":false,"_jetpack_newsletter_access":"","_jetpack_dont_email_post_to_subs":false,"_jetpack_newsletter_tier_id":0,"_jetpack_memberships_contains_paywalled_content":false,"_jetpack_memberships_contains_paid_content":false,"footnotes":"","_wpscppro_dont_share_socialmedia":false,"_wpscppro_custom_social_share_image":0,"_facebook_share_type":"","_twitter_share_type":"","_linkedin_share_type":"","_pinterest_share_type":"","_linkedin_share_type_page":"","_instagram_share_type":"","_medium_share_type":"","_threads_share_type":"","_google_business_share_type":"","_selected_social_profile":[],"_wpsp_enable_custom_social_template":false,"_wpsp_social_scheduling":{"enabled":false,"datetime":null,"platforms":[],"status":"template_only","dateOption":"today","timeOption":"now","customDays":"","customHours":"","customDate":"","customTime":"","schedulingType":"absolute"},"_wpsp_active_default_template":true},"categories":[15],"tags":[1879,1468,492],"class_list":["post-757","post","type-post","status-publish","format-standard","has-post-thumbnail","hentry","category-architettura","tag-exibition","tag-pavilion","tag-zaha-hadid"],"yoast_head":"<!-- This site is optimized with the Yoast SEO plugin v27.2 - https:\/\/yoast.com\/product\/yoast-seo-wordpress\/ -->\n<title>Exhibit Pavilion Zaha Hadid - Social Design Magazine<\/title>\n<meta name=\"description\" content=\"Dal 2007 un padiglione mobile per mostre ed allestimenti sta viaggiando il mondo: da Hong Kong a Tokyo a New York. Una delle sue caratteristiche \u00e8 la possibilit\u00e0 di essere montato e smontato in differenti luoghi e con una certa semplicit\u00e0, questo \u00e8 il progetto di Zaha Hadid Architects.\" \/>\n<meta name=\"robots\" content=\"index, follow, max-snippet:-1, max-image-preview:large, max-video-preview:-1\" \/>\n<link rel=\"canonical\" href=\"https:\/\/socialdesignmagazine.com\/mag\/architettura\/exhibit-pavilion-zaha-hadid\/\" \/>\n<meta property=\"og:locale\" content=\"it_IT\" \/>\n<meta property=\"og:type\" content=\"article\" \/>\n<meta property=\"og:title\" content=\"Exhibit Pavilion Zaha Hadid - Social Design Magazine\" \/>\n<meta property=\"og:description\" content=\"Dal 2007 un padiglione mobile per mostre ed allestimenti sta viaggiando il mondo: da Hong Kong a Tokyo a New York. Una delle sue caratteristiche \u00e8 la possibilit\u00e0 di essere montato e smontato in differenti luoghi e con una certa semplicit\u00e0, questo \u00e8 il progetto di Zaha Hadid Architects.\" \/>\n<meta property=\"og:url\" content=\"http:\/\/socialdesignmagazine.com\/mag\/architettura\/exhibit-pavilion-zaha-hadid\/\" \/>\n<meta property=\"og:site_name\" content=\"Social Design Magazine\" \/>\n<meta property=\"article:publisher\" content=\"https:\/\/www.facebook.com\/socialdesignmag\" \/>\n<meta property=\"article:published_time\" content=\"2011-06-15T09:00:06+00:00\" \/>\n<meta property=\"article:modified_time\" content=\"2024-05-04T22:45:54+00:00\" \/>\n<meta property=\"og:image\" content=\"https:\/\/socialdesignmagazine.com\/mag\/wp-content\/uploads\/2012\/05\/Zaha-Hadid-Mobile-Art-Pavilion-01.jpg\" \/>\n\t<meta property=\"og:image:width\" content=\"880\" \/>\n\t<meta property=\"og:image:height\" content=\"659\" \/>\n\t<meta property=\"og:image:type\" content=\"image\/jpeg\" \/>\n<meta name=\"author\" content=\"Social Design Magazine\" \/>\n<meta name=\"twitter:card\" content=\"summary_large_image\" \/>\n<meta name=\"twitter:creator\" content=\"@socialdesignmag\" \/>\n<meta name=\"twitter:site\" content=\"@socialdesignmag\" \/>\n<meta name=\"twitter:label1\" content=\"Scritto da\" \/>\n\t<meta name=\"twitter:data1\" content=\"Social Design Magazine\" \/>\n\t<meta name=\"twitter:label2\" content=\"Tempo di lettura stimato\" \/>\n\t<meta name=\"twitter:data2\" content=\"5 minuti\" \/>\n<script type=\"application\/ld+json\" class=\"yoast-schema-graph\">{\"@context\":\"https:\/\/schema.org\",\"@graph\":[{\"@type\":\"Article\",\"@id\":\"https:\/\/socialdesignmagazine.com\/mag\/architettura\/exhibit-pavilion-zaha-hadid\/#article\",\"isPartOf\":{\"@id\":\"https:\/\/socialdesignmagazine.com\/mag\/architettura\/exhibit-pavilion-zaha-hadid\/\"},\"author\":{\"name\":\"Social Design Magazine\",\"@id\":\"https:\/\/socialdesignmagazine.com\/mag\/#\/schema\/person\/a6504ba2c0a67a08787f38c0aac3f3dc\"},\"headline\":\"Exhibit Pavilion Zaha Hadid\",\"datePublished\":\"2011-06-15T09:00:06+00:00\",\"dateModified\":\"2024-05-04T22:45:54+00:00\",\"mainEntityOfPage\":{\"@id\":\"https:\/\/socialdesignmagazine.com\/mag\/architettura\/exhibit-pavilion-zaha-hadid\/\"},\"wordCount\":158,\"commentCount\":0,\"publisher\":{\"@id\":\"https:\/\/socialdesignmagazine.com\/mag\/#organization\"},\"image\":{\"@id\":\"https:\/\/socialdesignmagazine.com\/mag\/architettura\/exhibit-pavilion-zaha-hadid\/#primaryimage\"},\"thumbnailUrl\":\"https:\/\/socialdesignmagazine.com\/mag\/wp-content\/uploads\/2012\/05\/Zaha-Hadid-Mobile-Art-Pavilion-01.jpg\",\"keywords\":[\"exibition\",\"pavilion\",\"zaha hadid\"],\"articleSection\":[\"Architettura\"],\"inLanguage\":\"it-IT\",\"potentialAction\":[{\"@type\":\"CommentAction\",\"name\":\"Comment\",\"target\":[\"https:\/\/socialdesignmagazine.com\/mag\/architettura\/exhibit-pavilion-zaha-hadid\/#respond\"]}]},{\"@type\":\"WebPage\",\"@id\":\"https:\/\/socialdesignmagazine.com\/mag\/architettura\/exhibit-pavilion-zaha-hadid\/\",\"url\":\"https:\/\/socialdesignmagazine.com\/mag\/architettura\/exhibit-pavilion-zaha-hadid\/\",\"name\":\"Exhibit Pavilion Zaha Hadid - Social Design Magazine\",\"isPartOf\":{\"@id\":\"https:\/\/socialdesignmagazine.com\/mag\/#website\"},\"primaryImageOfPage\":{\"@id\":\"https:\/\/socialdesignmagazine.com\/mag\/architettura\/exhibit-pavilion-zaha-hadid\/#primaryimage\"},\"image\":{\"@id\":\"https:\/\/socialdesignmagazine.com\/mag\/architettura\/exhibit-pavilion-zaha-hadid\/#primaryimage\"},\"thumbnailUrl\":\"https:\/\/socialdesignmagazine.com\/mag\/wp-content\/uploads\/2012\/05\/Zaha-Hadid-Mobile-Art-Pavilion-01.jpg\",\"datePublished\":\"2011-06-15T09:00:06+00:00\",\"dateModified\":\"2024-05-04T22:45:54+00:00\",\"description\":\"Dal 2007 un padiglione mobile per mostre ed allestimenti sta viaggiando il mondo: da Hong Kong a Tokyo a New York. Una delle sue caratteristiche \u00e8 la possibilit\u00e0 di essere montato e smontato in differenti luoghi e con una certa semplicit\u00e0, questo \u00e8 il progetto di Zaha Hadid Architects.\",\"breadcrumb\":{\"@id\":\"https:\/\/socialdesignmagazine.com\/mag\/architettura\/exhibit-pavilion-zaha-hadid\/#breadcrumb\"},\"inLanguage\":\"it-IT\",\"potentialAction\":[{\"@type\":\"ReadAction\",\"target\":[\"https:\/\/socialdesignmagazine.com\/mag\/architettura\/exhibit-pavilion-zaha-hadid\/\"]}]},{\"@type\":\"ImageObject\",\"inLanguage\":\"it-IT\",\"@id\":\"https:\/\/socialdesignmagazine.com\/mag\/architettura\/exhibit-pavilion-zaha-hadid\/#primaryimage\",\"url\":\"https:\/\/socialdesignmagazine.com\/mag\/wp-content\/uploads\/2012\/05\/Zaha-Hadid-Mobile-Art-Pavilion-01.jpg\",\"contentUrl\":\"https:\/\/socialdesignmagazine.com\/mag\/wp-content\/uploads\/2012\/05\/Zaha-Hadid-Mobile-Art-Pavilion-01.jpg\",\"width\":880,\"height\":659,\"caption\":\"Zaha Hadid Mobile Art Pavilion\"},{\"@type\":\"BreadcrumbList\",\"@id\":\"https:\/\/socialdesignmagazine.com\/mag\/architettura\/exhibit-pavilion-zaha-hadid\/#breadcrumb\",\"itemListElement\":[{\"@type\":\"ListItem\",\"position\":1,\"name\":\"Home\",\"item\":\"https:\/\/socialdesignmagazine.com\/mag\/\"},{\"@type\":\"ListItem\",\"position\":2,\"name\":\"Architettura\",\"item\":\"https:\/\/socialdesignmagazine.com\/mag\/architettura\/\"},{\"@type\":\"ListItem\",\"position\":3,\"name\":\"Exhibit Pavilion Zaha Hadid\"}]},{\"@type\":\"WebSite\",\"@id\":\"https:\/\/socialdesignmagazine.com\/mag\/#website\",\"url\":\"https:\/\/socialdesignmagazine.com\/mag\/\",\"name\":\"Social Design Magazine\",\"description\":\"Social Magazine su Design, Architettura, Arte, Grafica\",\"publisher\":{\"@id\":\"https:\/\/socialdesignmagazine.com\/mag\/#organization\"},\"potentialAction\":[{\"@type\":\"SearchAction\",\"target\":{\"@type\":\"EntryPoint\",\"urlTemplate\":\"https:\/\/socialdesignmagazine.com\/mag\/?s={search_term_string}\"},\"query-input\":{\"@type\":\"PropertyValueSpecification\",\"valueRequired\":true,\"valueName\":\"search_term_string\"}}],\"inLanguage\":\"it-IT\"},{\"@type\":\"Organization\",\"@id\":\"https:\/\/socialdesignmagazine.com\/mag\/#organization\",\"name\":\"Social Design Magazine\",\"url\":\"https:\/\/socialdesignmagazine.com\/mag\/\",\"logo\":{\"@type\":\"ImageObject\",\"inLanguage\":\"it-IT\",\"@id\":\"https:\/\/socialdesignmagazine.com\/mag\/#\/schema\/logo\/image\/\",\"url\":\"https:\/\/socialdesignmagazine.com\/mag\/wp-content\/uploads\/2017\/01\/logo_favicon_11.png\",\"contentUrl\":\"https:\/\/socialdesignmagazine.com\/mag\/wp-content\/uploads\/2017\/01\/logo_favicon_11.png\",\"width\":1024,\"height\":1024,\"caption\":\"Social Design Magazine\"},\"image\":{\"@id\":\"https:\/\/socialdesignmagazine.com\/mag\/#\/schema\/logo\/image\/\"},\"sameAs\":[\"https:\/\/www.facebook.com\/socialdesignmag\",\"https:\/\/x.com\/socialdesignmag\",\"http:\/\/instagram.com\/social_design_magazine\/\",\"http:\/\/pinterest.com\/socialdesignmag\/\",\"http:\/\/www.youtube.com\/user\/socialdesignmagazine\"]},{\"@type\":\"Person\",\"@id\":\"https:\/\/socialdesignmagazine.com\/mag\/#\/schema\/person\/a6504ba2c0a67a08787f38c0aac3f3dc\",\"name\":\"Social Design Magazine\",\"image\":{\"@type\":\"ImageObject\",\"inLanguage\":\"it-IT\",\"@id\":\"https:\/\/socialdesignmagazine.com\/mag\/wp-content\/uploads\/2017\/01\/logo_favicon_11-768x768.png\",\"url\":\"https:\/\/socialdesignmagazine.com\/mag\/wp-content\/uploads\/2017\/01\/logo_favicon_11-768x768.png\",\"contentUrl\":\"https:\/\/socialdesignmagazine.com\/mag\/wp-content\/uploads\/2017\/01\/logo_favicon_11-768x768.png\",\"caption\":\"Social Design Magazine\"},\"description\":\"SOCIALDESIGNMAGAZINE.COM \u00c8 UN SOCIAL MAGAZINE ONLINE, UNO SPAZIO COLLABORATIVO APERTO A TUTTI I CREATIVI: DESIGNER, ARCHITETTI, GRAPHIC DESIGNER E ARTISTI, CON UN OCCHIO DI RIGUARDO PER I PROGETTISTI EMERGENTI.\",\"sameAs\":[\"https:\/\/socialdesignmagazine.com\/\",\"https:\/\/x.com\/socialdesignmag\",\"http:\/\/www.youtube.com\/user\/socialdesignmagazine\"],\"url\":\"https:\/\/socialdesignmagazine.com\/mag\/author\/socialdesignmagazine\/\"}]}<\/script>\n<!-- \/ Yoast SEO plugin. -->","yoast_head_json":{"title":"Exhibit Pavilion Zaha Hadid - Social Design Magazine","description":"Dal 2007 un padiglione mobile per mostre ed allestimenti sta viaggiando il mondo: da Hong Kong a Tokyo a New York. Una delle sue caratteristiche \u00e8 la possibilit\u00e0 di essere montato e smontato in differenti luoghi e con una certa semplicit\u00e0, questo \u00e8 il progetto di Zaha Hadid Architects.","robots":{"index":"index","follow":"follow","max-snippet":"max-snippet:-1","max-image-preview":"max-image-preview:large","max-video-preview":"max-video-preview:-1"},"canonical":"https:\/\/socialdesignmagazine.com\/mag\/architettura\/exhibit-pavilion-zaha-hadid\/","og_locale":"it_IT","og_type":"article","og_title":"Exhibit Pavilion Zaha Hadid - Social Design Magazine","og_description":"Dal 2007 un padiglione mobile per mostre ed allestimenti sta viaggiando il mondo: da Hong Kong a Tokyo a New York. Una delle sue caratteristiche \u00e8 la possibilit\u00e0 di essere montato e smontato in differenti luoghi e con una certa semplicit\u00e0, questo \u00e8 il progetto di Zaha Hadid Architects.","og_url":"http:\/\/socialdesignmagazine.com\/mag\/architettura\/exhibit-pavilion-zaha-hadid\/","og_site_name":"Social Design Magazine","article_publisher":"https:\/\/www.facebook.com\/socialdesignmag","article_published_time":"2011-06-15T09:00:06+00:00","article_modified_time":"2024-05-04T22:45:54+00:00","og_image":[{"width":880,"height":659,"url":"https:\/\/socialdesignmagazine.com\/mag\/wp-content\/uploads\/2012\/05\/Zaha-Hadid-Mobile-Art-Pavilion-01.jpg","type":"image\/jpeg"}],"author":"Social Design Magazine","twitter_card":"summary_large_image","twitter_creator":"@socialdesignmag","twitter_site":"@socialdesignmag","twitter_misc":{"Scritto da":"Social Design Magazine","Tempo di lettura stimato":"5 minuti"},"schema":{"@context":"https:\/\/schema.org","@graph":[{"@type":"Article","@id":"https:\/\/socialdesignmagazine.com\/mag\/architettura\/exhibit-pavilion-zaha-hadid\/#article","isPartOf":{"@id":"https:\/\/socialdesignmagazine.com\/mag\/architettura\/exhibit-pavilion-zaha-hadid\/"},"author":{"name":"Social Design Magazine","@id":"https:\/\/socialdesignmagazine.com\/mag\/#\/schema\/person\/a6504ba2c0a67a08787f38c0aac3f3dc"},"headline":"Exhibit Pavilion Zaha Hadid","datePublished":"2011-06-15T09:00:06+00:00","dateModified":"2024-05-04T22:45:54+00:00","mainEntityOfPage":{"@id":"https:\/\/socialdesignmagazine.com\/mag\/architettura\/exhibit-pavilion-zaha-hadid\/"},"wordCount":158,"commentCount":0,"publisher":{"@id":"https:\/\/socialdesignmagazine.com\/mag\/#organization"},"image":{"@id":"https:\/\/socialdesignmagazine.com\/mag\/architettura\/exhibit-pavilion-zaha-hadid\/#primaryimage"},"thumbnailUrl":"https:\/\/socialdesignmagazine.com\/mag\/wp-content\/uploads\/2012\/05\/Zaha-Hadid-Mobile-Art-Pavilion-01.jpg","keywords":["exibition","pavilion","zaha hadid"],"articleSection":["Architettura"],"inLanguage":"it-IT","potentialAction":[{"@type":"CommentAction","name":"Comment","target":["https:\/\/socialdesignmagazine.com\/mag\/architettura\/exhibit-pavilion-zaha-hadid\/#respond"]}]},{"@type":"WebPage","@id":"https:\/\/socialdesignmagazine.com\/mag\/architettura\/exhibit-pavilion-zaha-hadid\/","url":"https:\/\/socialdesignmagazine.com\/mag\/architettura\/exhibit-pavilion-zaha-hadid\/","name":"Exhibit Pavilion Zaha Hadid - Social Design Magazine","isPartOf":{"@id":"https:\/\/socialdesignmagazine.com\/mag\/#website"},"primaryImageOfPage":{"@id":"https:\/\/socialdesignmagazine.com\/mag\/architettura\/exhibit-pavilion-zaha-hadid\/#primaryimage"},"image":{"@id":"https:\/\/socialdesignmagazine.com\/mag\/architettura\/exhibit-pavilion-zaha-hadid\/#primaryimage"},"thumbnailUrl":"https:\/\/socialdesignmagazine.com\/mag\/wp-content\/uploads\/2012\/05\/Zaha-Hadid-Mobile-Art-Pavilion-01.jpg","datePublished":"2011-06-15T09:00:06+00:00","dateModified":"2024-05-04T22:45:54+00:00","description":"Dal 2007 un padiglione mobile per mostre ed allestimenti sta viaggiando il mondo: da Hong Kong a Tokyo a New York. Una delle sue caratteristiche \u00e8 la possibilit\u00e0 di essere montato e smontato in differenti luoghi e con una certa semplicit\u00e0, questo \u00e8 il progetto di Zaha Hadid Architects.","breadcrumb":{"@id":"https:\/\/socialdesignmagazine.com\/mag\/architettura\/exhibit-pavilion-zaha-hadid\/#breadcrumb"},"inLanguage":"it-IT","potentialAction":[{"@type":"ReadAction","target":["https:\/\/socialdesignmagazine.com\/mag\/architettura\/exhibit-pavilion-zaha-hadid\/"]}]},{"@type":"ImageObject","inLanguage":"it-IT","@id":"https:\/\/socialdesignmagazine.com\/mag\/architettura\/exhibit-pavilion-zaha-hadid\/#primaryimage","url":"https:\/\/socialdesignmagazine.com\/mag\/wp-content\/uploads\/2012\/05\/Zaha-Hadid-Mobile-Art-Pavilion-01.jpg","contentUrl":"https:\/\/socialdesignmagazine.com\/mag\/wp-content\/uploads\/2012\/05\/Zaha-Hadid-Mobile-Art-Pavilion-01.jpg","width":880,"height":659,"caption":"Zaha Hadid Mobile Art Pavilion"},{"@type":"BreadcrumbList","@id":"https:\/\/socialdesignmagazine.com\/mag\/architettura\/exhibit-pavilion-zaha-hadid\/#breadcrumb","itemListElement":[{"@type":"ListItem","position":1,"name":"Home","item":"https:\/\/socialdesignmagazine.com\/mag\/"},{"@type":"ListItem","position":2,"name":"Architettura","item":"https:\/\/socialdesignmagazine.com\/mag\/architettura\/"},{"@type":"ListItem","position":3,"name":"Exhibit Pavilion Zaha Hadid"}]},{"@type":"WebSite","@id":"https:\/\/socialdesignmagazine.com\/mag\/#website","url":"https:\/\/socialdesignmagazine.com\/mag\/","name":"Social Design Magazine","description":"Social Magazine su Design, Architettura, Arte, Grafica","publisher":{"@id":"https:\/\/socialdesignmagazine.com\/mag\/#organization"},"potentialAction":[{"@type":"SearchAction","target":{"@type":"EntryPoint","urlTemplate":"https:\/\/socialdesignmagazine.com\/mag\/?s={search_term_string}"},"query-input":{"@type":"PropertyValueSpecification","valueRequired":true,"valueName":"search_term_string"}}],"inLanguage":"it-IT"},{"@type":"Organization","@id":"https:\/\/socialdesignmagazine.com\/mag\/#organization","name":"Social Design Magazine","url":"https:\/\/socialdesignmagazine.com\/mag\/","logo":{"@type":"ImageObject","inLanguage":"it-IT","@id":"https:\/\/socialdesignmagazine.com\/mag\/#\/schema\/logo\/image\/","url":"https:\/\/socialdesignmagazine.com\/mag\/wp-content\/uploads\/2017\/01\/logo_favicon_11.png","contentUrl":"https:\/\/socialdesignmagazine.com\/mag\/wp-content\/uploads\/2017\/01\/logo_favicon_11.png","width":1024,"height":1024,"caption":"Social Design Magazine"},"image":{"@id":"https:\/\/socialdesignmagazine.com\/mag\/#\/schema\/logo\/image\/"},"sameAs":["https:\/\/www.facebook.com\/socialdesignmag","https:\/\/x.com\/socialdesignmag","http:\/\/instagram.com\/social_design_magazine\/","http:\/\/pinterest.com\/socialdesignmag\/","http:\/\/www.youtube.com\/user\/socialdesignmagazine"]},{"@type":"Person","@id":"https:\/\/socialdesignmagazine.com\/mag\/#\/schema\/person\/a6504ba2c0a67a08787f38c0aac3f3dc","name":"Social Design Magazine","image":{"@type":"ImageObject","inLanguage":"it-IT","@id":"https:\/\/socialdesignmagazine.com\/mag\/wp-content\/uploads\/2017\/01\/logo_favicon_11-768x768.png","url":"https:\/\/socialdesignmagazine.com\/mag\/wp-content\/uploads\/2017\/01\/logo_favicon_11-768x768.png","contentUrl":"https:\/\/socialdesignmagazine.com\/mag\/wp-content\/uploads\/2017\/01\/logo_favicon_11-768x768.png","caption":"Social Design Magazine"},"description":"SOCIALDESIGNMAGAZINE.COM \u00c8 UN SOCIAL MAGAZINE ONLINE, UNO SPAZIO COLLABORATIVO APERTO A TUTTI I CREATIVI: DESIGNER, ARCHITETTI, GRAPHIC DESIGNER E ARTISTI, CON UN OCCHIO DI RIGUARDO PER I PROGETTISTI EMERGENTI.","sameAs":["https:\/\/socialdesignmagazine.com\/","https:\/\/x.com\/socialdesignmag","http:\/\/www.youtube.com\/user\/socialdesignmagazine"],"url":"https:\/\/socialdesignmagazine.com\/mag\/author\/socialdesignmagazine\/"}]}},"jetpack_featured_media_url":"https:\/\/socialdesignmagazine.com\/mag\/wp-content\/uploads\/2012\/05\/Zaha-Hadid-Mobile-Art-Pavilion-01.jpg","jetpack_sharing_enabled":true,"jetpack_shortlink":"https:\/\/wp.me\/p6cV7V-cd","gt_translate_keys":[{"key":"link","format":"url"}],"_links":{"self":[{"href":"https:\/\/socialdesignmagazine.com\/mag\/wp-json\/wp\/v2\/posts\/757","targetHints":{"allow":["GET"]}}],"collection":[{"href":"https:\/\/socialdesignmagazine.com\/mag\/wp-json\/wp\/v2\/posts"}],"about":[{"href":"https:\/\/socialdesignmagazine.com\/mag\/wp-json\/wp\/v2\/types\/post"}],"author":[{"embeddable":true,"href":"https:\/\/socialdesignmagazine.com\/mag\/wp-json\/wp\/v2\/users\/29"}],"replies":[{"embeddable":true,"href":"https:\/\/socialdesignmagazine.com\/mag\/wp-json\/wp\/v2\/comments?post=757"}],"version-history":[{"count":4,"href":"https:\/\/socialdesignmagazine.com\/mag\/wp-json\/wp\/v2\/posts\/757\/revisions"}],"predecessor-version":[{"id":59114,"href":"https:\/\/socialdesignmagazine.com\/mag\/wp-json\/wp\/v2\/posts\/757\/revisions\/59114"}],"wp:featuredmedia":[{"embeddable":true,"href":"https:\/\/socialdesignmagazine.com\/mag\/wp-json\/wp\/v2\/media\/25251"}],"wp:attachment":[{"href":"https:\/\/socialdesignmagazine.com\/mag\/wp-json\/wp\/v2\/media?parent=757"}],"wp:term":[{"taxonomy":"category","embeddable":true,"href":"https:\/\/socialdesignmagazine.com\/mag\/wp-json\/wp\/v2\/categories?post=757"},{"taxonomy":"post_tag","embeddable":true,"href":"https:\/\/socialdesignmagazine.com\/mag\/wp-json\/wp\/v2\/tags?post=757"}],"curies":[{"name":"wp","href":"https:\/\/api.w.org\/{rel}","templated":true}]}}