{"id":809,"date":"2012-06-17T18:59:48","date_gmt":"2012-06-17T16:59:48","guid":{"rendered":"https:\/\/socialdesignmagazine.com\/mag\/s8-visual\/c38-visual\/utilita-manifesta-energy-for-all-designavideo-contest-internazionale\/"},"modified":"2024-05-15T22:41:35","modified_gmt":"2024-05-15T20:41:35","slug":"utilita-manifesta-energy-for-all-designavideo-contest-internazionale","status":"publish","type":"post","link":"https:\/\/socialdesignmagazine.com\/mag\/visual\/utilita-manifesta-energy-for-all-designavideo-contest-internazionale\/","title":{"rendered":"Utilit\u00e0 Manifesta \/ Energy for All, design&#038;video contest internazionale","gt_translate_keys":[{"key":"rendered","format":"text"}]},"content":{"rendered":"\n<p>Energy for All \u00e8 un design&amp;video contest internazionale dedicato alla promozione del diritto di accesso all&#8217;energia per tutti, in ogni parte del mondo.<\/p>\n\n\n\n<p><strong>Promosso da:<\/strong> Utilit\u00e0 Manifesta\/design for social<\/p>\n\n\n\n<p><strong>Patrocinato da:<\/strong><br>Icograda International Council of Graphic design associations, <br>AIAP Associazione Italiana Design della Comunicazione Visiva, <br>ADI Associazione per il Disegno Industriale, delegazione Umbria.<\/p>\n\n\n\n<p><strong>Il contest prevedere tre categorie di partecipazione:<\/strong><\/p>\n\n\n\n<ul class=\"wp-block-list\">\n<li>graphic design<\/li>\n\n\n\n<li>industrial design<\/li>\n\n\n\n<li>video<\/li>\n<\/ul>\n\n\n\n<p><strong>Dead-line: <br>-30 Novembre p.v.<br>-30 dicembre 2012 solo per le categorie INDUSTRIAL E VIDEO<\/strong><\/p>\n\n\n\n<p><strong>Sito web di riferimento:<\/strong> <a class=\"jcepopup\" rel=\"nofollow\" href=\"http:\/\/www.utilitamanifesta.it\">www.utilitamanifesta.it<\/a><br><strong>Info contatto:<\/strong> info@utilitamanifesta.it<\/p>\n","protected":false,"gt_translate_keys":[{"key":"rendered","format":"html"}]},"excerpt":{"rendered":"<p>Energy for All \u00e8 un design&#038;video contest internazionale dedicato alla promozione del diritto di accesso all&#8217;energia per tutti, in ogni parte del mondo.<\/p>\n","protected":false,"gt_translate_keys":[{"key":"rendered","format":"html"}]},"author":1,"featured_media":8355,"comment_status":"open","ping_status":"open","sticky":false,"template":"","format":"standard","meta":{"jetpack_post_was_ever_published":false,"_jetpack_newsletter_access":"","_jetpack_dont_email_post_to_subs":false,"_jetpack_newsletter_tier_id":0,"_jetpack_memberships_contains_paywalled_content":false,"_jetpack_memberships_contains_paid_content":false,"footnotes":"","_wpscppro_dont_share_socialmedia":false,"_wpscppro_custom_social_share_image":0,"_facebook_share_type":"","_twitter_share_type":"","_linkedin_share_type":"","_pinterest_share_type":"","_linkedin_share_type_page":"","_instagram_share_type":"","_medium_share_type":"","_threads_share_type":"","_google_business_share_type":"","_selected_social_profile":[],"_wpsp_enable_custom_social_template":false,"_wpsp_social_scheduling":{"enabled":false,"datetime":null,"platforms":[],"status":"template_only","dateOption":"today","timeOption":"now","customDays":"","customHours":"","customDate":"","customTime":"","schedulingType":"absolute"},"_wpsp_active_default_template":true},"categories":[12],"tags":[1552,1502],"class_list":["post-809","post","type-post","status-publish","format-standard","has-post-thumbnail","hentry","category-visual","tag-contest","tag-video"],"yoast_head":"<!-- This site is optimized with the Yoast SEO plugin v27.2 - https:\/\/yoast.com\/product\/yoast-seo-wordpress\/ -->\n<title>Utilit\u00e0 Manifesta \/ Energy for All, design&amp;video contest internazionale - Social Design Magazine<\/title>\n<meta name=\"description\" content=\"Energy for All \u00e8 un design&amp;video contest internazionale dedicato alla promozione del diritto di accesso all&#039;energia per tutti, in ogni parte del mondo.\" \/>\n<meta name=\"robots\" content=\"index, follow, max-snippet:-1, max-image-preview:large, max-video-preview:-1\" \/>\n<link rel=\"canonical\" href=\"https:\/\/socialdesignmagazine.com\/mag\/visual\/utilita-manifesta-energy-for-all-designavideo-contest-internazionale\/\" \/>\n<meta property=\"og:locale\" content=\"it_IT\" \/>\n<meta property=\"og:type\" content=\"article\" \/>\n<meta property=\"og:title\" content=\"Utilit\u00e0 Manifesta \/ Energy for All, design&amp;video contest internazionale - Social Design Magazine\" \/>\n<meta property=\"og:description\" content=\"Energy for All \u00e8 un design&amp;video contest internazionale dedicato alla promozione del diritto di accesso all&#039;energia per tutti, in ogni parte del mondo.\" \/>\n<meta property=\"og:url\" content=\"http:\/\/socialdesignmagazine.com\/mag\/visual\/utilita-manifesta-energy-for-all-designavideo-contest-internazionale\/\" \/>\n<meta property=\"og:site_name\" content=\"Social Design Magazine\" \/>\n<meta property=\"article:publisher\" content=\"https:\/\/www.facebook.com\/socialdesignmag\" \/>\n<meta property=\"article:author\" content=\"https:\/\/www.facebook.com\/benedettofiori\" \/>\n<meta property=\"article:published_time\" content=\"2012-06-17T16:59:48+00:00\" \/>\n<meta property=\"article:modified_time\" content=\"2024-05-15T20:41:35+00:00\" \/>\n<meta property=\"og:image\" content=\"https:\/\/socialdesignmagazine.com\/mag\/wp-content\/uploads\/2012\/06\/benedetto_utilita_manifesta_Utilit_manifesta.png\" \/>\n\t<meta property=\"og:image:width\" content=\"720\" \/>\n\t<meta property=\"og:image:height\" content=\"488\" \/>\n\t<meta property=\"og:image:type\" content=\"image\/png\" \/>\n<meta name=\"author\" content=\"Benedetto Fiori\" \/>\n<meta name=\"twitter:card\" content=\"summary_large_image\" \/>\n<meta name=\"twitter:creator\" content=\"@benedettofiori\" \/>\n<meta name=\"twitter:site\" content=\"@socialdesignmag\" \/>\n<meta name=\"twitter:label1\" content=\"Scritto da\" \/>\n\t<meta name=\"twitter:data1\" content=\"Benedetto Fiori\" \/>\n\t<meta name=\"twitter:label2\" content=\"Tempo di lettura stimato\" \/>\n\t<meta name=\"twitter:data2\" content=\"1 minuto\" \/>\n<script type=\"application\/ld+json\" class=\"yoast-schema-graph\">{\"@context\":\"https:\/\/schema.org\",\"@graph\":[{\"@type\":\"Article\",\"@id\":\"https:\/\/socialdesignmagazine.com\/mag\/visual\/utilita-manifesta-energy-for-all-designavideo-contest-internazionale\/#article\",\"isPartOf\":{\"@id\":\"https:\/\/socialdesignmagazine.com\/mag\/visual\/utilita-manifesta-energy-for-all-designavideo-contest-internazionale\/\"},\"author\":{\"name\":\"Benedetto Fiori\",\"@id\":\"https:\/\/socialdesignmagazine.com\/mag\/#\/schema\/person\/61e20205cc363c315e6aabd33a045846\"},\"headline\":\"Utilit\u00e0 Manifesta \/ Energy for All, design&#038;video contest internazionale\",\"datePublished\":\"2012-06-17T16:59:48+00:00\",\"dateModified\":\"2024-05-15T20:41:35+00:00\",\"mainEntityOfPage\":{\"@id\":\"https:\/\/socialdesignmagazine.com\/mag\/visual\/utilita-manifesta-energy-for-all-designavideo-contest-internazionale\/\"},\"wordCount\":103,\"commentCount\":0,\"publisher\":{\"@id\":\"https:\/\/socialdesignmagazine.com\/mag\/#organization\"},\"image\":{\"@id\":\"https:\/\/socialdesignmagazine.com\/mag\/visual\/utilita-manifesta-energy-for-all-designavideo-contest-internazionale\/#primaryimage\"},\"thumbnailUrl\":\"https:\/\/socialdesignmagazine.com\/mag\/wp-content\/uploads\/2012\/06\/benedetto_utilita_manifesta_Utilit_manifesta.png\",\"keywords\":[\"contest\",\"video\"],\"articleSection\":[\"Visual\"],\"inLanguage\":\"it-IT\",\"potentialAction\":[{\"@type\":\"CommentAction\",\"name\":\"Comment\",\"target\":[\"https:\/\/socialdesignmagazine.com\/mag\/visual\/utilita-manifesta-energy-for-all-designavideo-contest-internazionale\/#respond\"]}]},{\"@type\":\"WebPage\",\"@id\":\"https:\/\/socialdesignmagazine.com\/mag\/visual\/utilita-manifesta-energy-for-all-designavideo-contest-internazionale\/\",\"url\":\"https:\/\/socialdesignmagazine.com\/mag\/visual\/utilita-manifesta-energy-for-all-designavideo-contest-internazionale\/\",\"name\":\"Utilit\u00e0 Manifesta \/ Energy for All, design&video contest internazionale - Social Design Magazine\",\"isPartOf\":{\"@id\":\"https:\/\/socialdesignmagazine.com\/mag\/#website\"},\"primaryImageOfPage\":{\"@id\":\"https:\/\/socialdesignmagazine.com\/mag\/visual\/utilita-manifesta-energy-for-all-designavideo-contest-internazionale\/#primaryimage\"},\"image\":{\"@id\":\"https:\/\/socialdesignmagazine.com\/mag\/visual\/utilita-manifesta-energy-for-all-designavideo-contest-internazionale\/#primaryimage\"},\"thumbnailUrl\":\"https:\/\/socialdesignmagazine.com\/mag\/wp-content\/uploads\/2012\/06\/benedetto_utilita_manifesta_Utilit_manifesta.png\",\"datePublished\":\"2012-06-17T16:59:48+00:00\",\"dateModified\":\"2024-05-15T20:41:35+00:00\",\"description\":\"Energy for All \u00e8 un design&video contest internazionale dedicato alla promozione del diritto di accesso all'energia per tutti, in ogni parte del mondo.\",\"breadcrumb\":{\"@id\":\"https:\/\/socialdesignmagazine.com\/mag\/visual\/utilita-manifesta-energy-for-all-designavideo-contest-internazionale\/#breadcrumb\"},\"inLanguage\":\"it-IT\",\"potentialAction\":[{\"@type\":\"ReadAction\",\"target\":[\"https:\/\/socialdesignmagazine.com\/mag\/visual\/utilita-manifesta-energy-for-all-designavideo-contest-internazionale\/\"]}]},{\"@type\":\"ImageObject\",\"inLanguage\":\"it-IT\",\"@id\":\"https:\/\/socialdesignmagazine.com\/mag\/visual\/utilita-manifesta-energy-for-all-designavideo-contest-internazionale\/#primaryimage\",\"url\":\"https:\/\/socialdesignmagazine.com\/mag\/wp-content\/uploads\/2012\/06\/benedetto_utilita_manifesta_Utilit_manifesta.png\",\"contentUrl\":\"https:\/\/socialdesignmagazine.com\/mag\/wp-content\/uploads\/2012\/06\/benedetto_utilita_manifesta_Utilit_manifesta.png\",\"width\":720,\"height\":488,\"caption\":\"Utilit_manifesta\"},{\"@type\":\"BreadcrumbList\",\"@id\":\"https:\/\/socialdesignmagazine.com\/mag\/visual\/utilita-manifesta-energy-for-all-designavideo-contest-internazionale\/#breadcrumb\",\"itemListElement\":[{\"@type\":\"ListItem\",\"position\":1,\"name\":\"Home\",\"item\":\"https:\/\/socialdesignmagazine.com\/mag\/\"},{\"@type\":\"ListItem\",\"position\":2,\"name\":\"Visual\",\"item\":\"https:\/\/socialdesignmagazine.com\/mag\/visual\/\"},{\"@type\":\"ListItem\",\"position\":3,\"name\":\"Utilit\u00e0 Manifesta \/ Energy for All, design&#038;video contest internazionale\"}]},{\"@type\":\"WebSite\",\"@id\":\"https:\/\/socialdesignmagazine.com\/mag\/#website\",\"url\":\"https:\/\/socialdesignmagazine.com\/mag\/\",\"name\":\"Social Design Magazine\",\"description\":\"Social Magazine su Design, Architettura, Arte, Grafica\",\"publisher\":{\"@id\":\"https:\/\/socialdesignmagazine.com\/mag\/#organization\"},\"potentialAction\":[{\"@type\":\"SearchAction\",\"target\":{\"@type\":\"EntryPoint\",\"urlTemplate\":\"https:\/\/socialdesignmagazine.com\/mag\/?s={search_term_string}\"},\"query-input\":{\"@type\":\"PropertyValueSpecification\",\"valueRequired\":true,\"valueName\":\"search_term_string\"}}],\"inLanguage\":\"it-IT\"},{\"@type\":\"Organization\",\"@id\":\"https:\/\/socialdesignmagazine.com\/mag\/#organization\",\"name\":\"Social Design Magazine\",\"url\":\"https:\/\/socialdesignmagazine.com\/mag\/\",\"logo\":{\"@type\":\"ImageObject\",\"inLanguage\":\"it-IT\",\"@id\":\"https:\/\/socialdesignmagazine.com\/mag\/#\/schema\/logo\/image\/\",\"url\":\"https:\/\/socialdesignmagazine.com\/mag\/wp-content\/uploads\/2017\/01\/logo_favicon_11.png\",\"contentUrl\":\"https:\/\/socialdesignmagazine.com\/mag\/wp-content\/uploads\/2017\/01\/logo_favicon_11.png\",\"width\":1024,\"height\":1024,\"caption\":\"Social Design Magazine\"},\"image\":{\"@id\":\"https:\/\/socialdesignmagazine.com\/mag\/#\/schema\/logo\/image\/\"},\"sameAs\":[\"https:\/\/www.facebook.com\/socialdesignmag\",\"https:\/\/x.com\/socialdesignmag\",\"http:\/\/instagram.com\/social_design_magazine\/\",\"http:\/\/pinterest.com\/socialdesignmag\/\",\"http:\/\/www.youtube.com\/user\/socialdesignmagazine\"]},{\"@type\":\"Person\",\"@id\":\"https:\/\/socialdesignmagazine.com\/mag\/#\/schema\/person\/61e20205cc363c315e6aabd33a045846\",\"name\":\"Benedetto Fiori\",\"image\":{\"@type\":\"ImageObject\",\"inLanguage\":\"it-IT\",\"@id\":\"https:\/\/secure.gravatar.com\/avatar\/450a48cefa36da63d920ad70aa660bd10725b1c6093800242e5efdb397759033?s=96&d=mm&r=g\",\"url\":\"https:\/\/secure.gravatar.com\/avatar\/450a48cefa36da63d920ad70aa660bd10725b1c6093800242e5efdb397759033?s=96&d=mm&r=g\",\"contentUrl\":\"https:\/\/secure.gravatar.com\/avatar\/450a48cefa36da63d920ad70aa660bd10725b1c6093800242e5efdb397759033?s=96&d=mm&r=g\",\"caption\":\"Benedetto Fiori\"},\"description\":\"Web | Twitter | Facebook | Shutterstock Founder &amp; Editor in Chief di Social Design Magazine. Attratto da sempre da tutto ci\u00f2 che \u00e8 creativit\u00e0, design, architettura. Dopo aver studiato Architettura all'Universit\u00e0 di Firenze, si \u00e8 impegnato in molteplici campi: comunicazione grafica, progettazione di allestimenti fieristici, brand design, Interior Design.\",\"sameAs\":[\"http:\/\/benedettofiori.com\",\"https:\/\/www.facebook.com\/benedettofiori\",\"https:\/\/x.com\/benedettofiori\"],\"url\":\"https:\/\/socialdesignmagazine.com\/mag\/author\/benedetto\/\"}]}<\/script>\n<!-- \/ Yoast SEO plugin. -->","yoast_head_json":{"title":"Utilit\u00e0 Manifesta \/ Energy for All, design&video contest internazionale - Social Design Magazine","description":"Energy for All \u00e8 un design&video contest internazionale dedicato alla promozione del diritto di accesso all'energia per tutti, in ogni parte del mondo.","robots":{"index":"index","follow":"follow","max-snippet":"max-snippet:-1","max-image-preview":"max-image-preview:large","max-video-preview":"max-video-preview:-1"},"canonical":"https:\/\/socialdesignmagazine.com\/mag\/visual\/utilita-manifesta-energy-for-all-designavideo-contest-internazionale\/","og_locale":"it_IT","og_type":"article","og_title":"Utilit\u00e0 Manifesta \/ Energy for All, design&video contest internazionale - Social Design Magazine","og_description":"Energy for All \u00e8 un design&video contest internazionale dedicato alla promozione del diritto di accesso all'energia per tutti, in ogni parte del mondo.","og_url":"http:\/\/socialdesignmagazine.com\/mag\/visual\/utilita-manifesta-energy-for-all-designavideo-contest-internazionale\/","og_site_name":"Social Design Magazine","article_publisher":"https:\/\/www.facebook.com\/socialdesignmag","article_author":"https:\/\/www.facebook.com\/benedettofiori","article_published_time":"2012-06-17T16:59:48+00:00","article_modified_time":"2024-05-15T20:41:35+00:00","og_image":[{"width":720,"height":488,"url":"https:\/\/socialdesignmagazine.com\/mag\/wp-content\/uploads\/2012\/06\/benedetto_utilita_manifesta_Utilit_manifesta.png","type":"image\/png"}],"author":"Benedetto Fiori","twitter_card":"summary_large_image","twitter_creator":"@benedettofiori","twitter_site":"@socialdesignmag","twitter_misc":{"Scritto da":"Benedetto Fiori","Tempo di lettura stimato":"1 minuto"},"schema":{"@context":"https:\/\/schema.org","@graph":[{"@type":"Article","@id":"https:\/\/socialdesignmagazine.com\/mag\/visual\/utilita-manifesta-energy-for-all-designavideo-contest-internazionale\/#article","isPartOf":{"@id":"https:\/\/socialdesignmagazine.com\/mag\/visual\/utilita-manifesta-energy-for-all-designavideo-contest-internazionale\/"},"author":{"name":"Benedetto Fiori","@id":"https:\/\/socialdesignmagazine.com\/mag\/#\/schema\/person\/61e20205cc363c315e6aabd33a045846"},"headline":"Utilit\u00e0 Manifesta \/ Energy for All, design&#038;video contest internazionale","datePublished":"2012-06-17T16:59:48+00:00","dateModified":"2024-05-15T20:41:35+00:00","mainEntityOfPage":{"@id":"https:\/\/socialdesignmagazine.com\/mag\/visual\/utilita-manifesta-energy-for-all-designavideo-contest-internazionale\/"},"wordCount":103,"commentCount":0,"publisher":{"@id":"https:\/\/socialdesignmagazine.com\/mag\/#organization"},"image":{"@id":"https:\/\/socialdesignmagazine.com\/mag\/visual\/utilita-manifesta-energy-for-all-designavideo-contest-internazionale\/#primaryimage"},"thumbnailUrl":"https:\/\/socialdesignmagazine.com\/mag\/wp-content\/uploads\/2012\/06\/benedetto_utilita_manifesta_Utilit_manifesta.png","keywords":["contest","video"],"articleSection":["Visual"],"inLanguage":"it-IT","potentialAction":[{"@type":"CommentAction","name":"Comment","target":["https:\/\/socialdesignmagazine.com\/mag\/visual\/utilita-manifesta-energy-for-all-designavideo-contest-internazionale\/#respond"]}]},{"@type":"WebPage","@id":"https:\/\/socialdesignmagazine.com\/mag\/visual\/utilita-manifesta-energy-for-all-designavideo-contest-internazionale\/","url":"https:\/\/socialdesignmagazine.com\/mag\/visual\/utilita-manifesta-energy-for-all-designavideo-contest-internazionale\/","name":"Utilit\u00e0 Manifesta \/ Energy for All, design&video contest internazionale - Social Design Magazine","isPartOf":{"@id":"https:\/\/socialdesignmagazine.com\/mag\/#website"},"primaryImageOfPage":{"@id":"https:\/\/socialdesignmagazine.com\/mag\/visual\/utilita-manifesta-energy-for-all-designavideo-contest-internazionale\/#primaryimage"},"image":{"@id":"https:\/\/socialdesignmagazine.com\/mag\/visual\/utilita-manifesta-energy-for-all-designavideo-contest-internazionale\/#primaryimage"},"thumbnailUrl":"https:\/\/socialdesignmagazine.com\/mag\/wp-content\/uploads\/2012\/06\/benedetto_utilita_manifesta_Utilit_manifesta.png","datePublished":"2012-06-17T16:59:48+00:00","dateModified":"2024-05-15T20:41:35+00:00","description":"Energy for All \u00e8 un design&video contest internazionale dedicato alla promozione del diritto di accesso all'energia per tutti, in ogni parte del mondo.","breadcrumb":{"@id":"https:\/\/socialdesignmagazine.com\/mag\/visual\/utilita-manifesta-energy-for-all-designavideo-contest-internazionale\/#breadcrumb"},"inLanguage":"it-IT","potentialAction":[{"@type":"ReadAction","target":["https:\/\/socialdesignmagazine.com\/mag\/visual\/utilita-manifesta-energy-for-all-designavideo-contest-internazionale\/"]}]},{"@type":"ImageObject","inLanguage":"it-IT","@id":"https:\/\/socialdesignmagazine.com\/mag\/visual\/utilita-manifesta-energy-for-all-designavideo-contest-internazionale\/#primaryimage","url":"https:\/\/socialdesignmagazine.com\/mag\/wp-content\/uploads\/2012\/06\/benedetto_utilita_manifesta_Utilit_manifesta.png","contentUrl":"https:\/\/socialdesignmagazine.com\/mag\/wp-content\/uploads\/2012\/06\/benedetto_utilita_manifesta_Utilit_manifesta.png","width":720,"height":488,"caption":"Utilit_manifesta"},{"@type":"BreadcrumbList","@id":"https:\/\/socialdesignmagazine.com\/mag\/visual\/utilita-manifesta-energy-for-all-designavideo-contest-internazionale\/#breadcrumb","itemListElement":[{"@type":"ListItem","position":1,"name":"Home","item":"https:\/\/socialdesignmagazine.com\/mag\/"},{"@type":"ListItem","position":2,"name":"Visual","item":"https:\/\/socialdesignmagazine.com\/mag\/visual\/"},{"@type":"ListItem","position":3,"name":"Utilit\u00e0 Manifesta \/ Energy for All, design&#038;video contest internazionale"}]},{"@type":"WebSite","@id":"https:\/\/socialdesignmagazine.com\/mag\/#website","url":"https:\/\/socialdesignmagazine.com\/mag\/","name":"Social Design Magazine","description":"Social Magazine su Design, Architettura, Arte, Grafica","publisher":{"@id":"https:\/\/socialdesignmagazine.com\/mag\/#organization"},"potentialAction":[{"@type":"SearchAction","target":{"@type":"EntryPoint","urlTemplate":"https:\/\/socialdesignmagazine.com\/mag\/?s={search_term_string}"},"query-input":{"@type":"PropertyValueSpecification","valueRequired":true,"valueName":"search_term_string"}}],"inLanguage":"it-IT"},{"@type":"Organization","@id":"https:\/\/socialdesignmagazine.com\/mag\/#organization","name":"Social Design Magazine","url":"https:\/\/socialdesignmagazine.com\/mag\/","logo":{"@type":"ImageObject","inLanguage":"it-IT","@id":"https:\/\/socialdesignmagazine.com\/mag\/#\/schema\/logo\/image\/","url":"https:\/\/socialdesignmagazine.com\/mag\/wp-content\/uploads\/2017\/01\/logo_favicon_11.png","contentUrl":"https:\/\/socialdesignmagazine.com\/mag\/wp-content\/uploads\/2017\/01\/logo_favicon_11.png","width":1024,"height":1024,"caption":"Social Design Magazine"},"image":{"@id":"https:\/\/socialdesignmagazine.com\/mag\/#\/schema\/logo\/image\/"},"sameAs":["https:\/\/www.facebook.com\/socialdesignmag","https:\/\/x.com\/socialdesignmag","http:\/\/instagram.com\/social_design_magazine\/","http:\/\/pinterest.com\/socialdesignmag\/","http:\/\/www.youtube.com\/user\/socialdesignmagazine"]},{"@type":"Person","@id":"https:\/\/socialdesignmagazine.com\/mag\/#\/schema\/person\/61e20205cc363c315e6aabd33a045846","name":"Benedetto Fiori","image":{"@type":"ImageObject","inLanguage":"it-IT","@id":"https:\/\/secure.gravatar.com\/avatar\/450a48cefa36da63d920ad70aa660bd10725b1c6093800242e5efdb397759033?s=96&d=mm&r=g","url":"https:\/\/secure.gravatar.com\/avatar\/450a48cefa36da63d920ad70aa660bd10725b1c6093800242e5efdb397759033?s=96&d=mm&r=g","contentUrl":"https:\/\/secure.gravatar.com\/avatar\/450a48cefa36da63d920ad70aa660bd10725b1c6093800242e5efdb397759033?s=96&d=mm&r=g","caption":"Benedetto Fiori"},"description":"Web | Twitter | Facebook | Shutterstock Founder &amp; Editor in Chief di Social Design Magazine. Attratto da sempre da tutto ci\u00f2 che \u00e8 creativit\u00e0, design, architettura. Dopo aver studiato Architettura all'Universit\u00e0 di Firenze, si \u00e8 impegnato in molteplici campi: comunicazione grafica, progettazione di allestimenti fieristici, brand design, Interior Design.","sameAs":["http:\/\/benedettofiori.com","https:\/\/www.facebook.com\/benedettofiori","https:\/\/x.com\/benedettofiori"],"url":"https:\/\/socialdesignmagazine.com\/mag\/author\/benedetto\/"}]}},"jetpack_featured_media_url":"https:\/\/socialdesignmagazine.com\/mag\/wp-content\/uploads\/2012\/06\/benedetto_utilita_manifesta_Utilit_manifesta.png","jetpack_sharing_enabled":true,"jetpack_shortlink":"https:\/\/wp.me\/p6cV7V-d3","gt_translate_keys":[{"key":"link","format":"url"}],"_links":{"self":[{"href":"https:\/\/socialdesignmagazine.com\/mag\/wp-json\/wp\/v2\/posts\/809","targetHints":{"allow":["GET"]}}],"collection":[{"href":"https:\/\/socialdesignmagazine.com\/mag\/wp-json\/wp\/v2\/posts"}],"about":[{"href":"https:\/\/socialdesignmagazine.com\/mag\/wp-json\/wp\/v2\/types\/post"}],"author":[{"embeddable":true,"href":"https:\/\/socialdesignmagazine.com\/mag\/wp-json\/wp\/v2\/users\/1"}],"replies":[{"embeddable":true,"href":"https:\/\/socialdesignmagazine.com\/mag\/wp-json\/wp\/v2\/comments?post=809"}],"version-history":[{"count":1,"href":"https:\/\/socialdesignmagazine.com\/mag\/wp-json\/wp\/v2\/posts\/809\/revisions"}],"predecessor-version":[{"id":60227,"href":"https:\/\/socialdesignmagazine.com\/mag\/wp-json\/wp\/v2\/posts\/809\/revisions\/60227"}],"wp:featuredmedia":[{"embeddable":true,"href":"https:\/\/socialdesignmagazine.com\/mag\/wp-json\/wp\/v2\/media\/8355"}],"wp:attachment":[{"href":"https:\/\/socialdesignmagazine.com\/mag\/wp-json\/wp\/v2\/media?parent=809"}],"wp:term":[{"taxonomy":"category","embeddable":true,"href":"https:\/\/socialdesignmagazine.com\/mag\/wp-json\/wp\/v2\/categories?post=809"},{"taxonomy":"post_tag","embeddable":true,"href":"https:\/\/socialdesignmagazine.com\/mag\/wp-json\/wp\/v2\/tags?post=809"}],"curies":[{"name":"wp","href":"https:\/\/api.w.org\/{rel}","templated":true}]}}