{"id":825,"date":"2012-06-29T12:26:08","date_gmt":"2012-06-29T10:26:08","guid":{"rendered":"https:\/\/socialdesignmagazine.com\/mag\/s5-architettura\/c34-architettura\/sebastian-barlica-evolution-bar\/"},"modified":"2024-05-15T22:55:46","modified_gmt":"2024-05-15T20:55:46","slug":"sebastian-barlica-evolution-bar","status":"publish","type":"post","link":"https:\/\/socialdesignmagazine.com\/mag\/architettura\/sebastian-barlica-evolution-bar\/","title":{"rendered":"Sebastian Barlica \/ Evolution Bar","gt_translate_keys":[{"key":"rendered","format":"text"}]},"content":{"rendered":"\n<p><a class=\"jcepopup\" href=\"http:\/\/www.blogger.com\/profile\/09632810093375513046\" rel=\"nofollow\">Sebastian Barlica<\/a> ha progettato il &#8220;Bar Evolution&#8221; all&#8217;interno di un edificio neo-gotico del 18\u00b0 secolo a Bucarest, in Romania.<\/p>\n\n\n\n<p>Situato nel centro storico di Bucarest, noto come &#8220;Cafeneaua Veche&#8221; (Il Caf\u00e9 Vecchio), l&#8217;eclettico Bar Evolution \u00e8 stato realizzato con HI-MACS \u00ae, in contrasto con lo stile dell&#8217;edificio in cui \u00e8 inserito, portando uno stile fresco e contemporaneo per i nuovi interni.<\/p>\n\n\n\n<p>Bar Evolution, situato nel seminterrato del palazzo, \u00e8 parte di un progetto di ristrutturazione ad opera giovane designer Sebastian Barlica. Il desiderio dei proprietari era quello di progettare uno spazio con un ristorante mediterraneo al piano terra e un night club nel seminterrato. Il piano interrato \u00e8 caratterizzato da una volta a mattoni, con archi trasversali, ha una superficie relativamente piccola ed il compito di trasformarlo in uno spazio contemporaneo, club per l&#8217;intrattenimento e la vita notturna \u00e8 molto impegnativo.<\/p>\n\n\n\n<p>Questo \u00e8 il motivo per cui il progettista si \u00e8 approcciato con l&#8217;idea di armonizzare, da un lato, gli elementi decorativi bizantini classici e stilizzati, come i dipinti su l&#8217;arco trasversale principale, e, dall&#8217;altro, i mobili moderni e le decorazioni realizzate in HI-MACS \u00ae.<\/p>\n\n\n<div class=\"wp-block-image\">\n<figure class=\"aligncenter\"><img loading=\"lazy\" decoding=\"async\" width=\"720\" height=\"1080\" data-attachment-id=\"8401\" data-permalink=\"https:\/\/socialdesignmagazine.com\/mag\/architettura\/sebastian-barlica-evolution-bar\/attachment\/sebastian_barlica_evolution_bar_04\/#content\" data-orig-file=\"https:\/\/socialdesignmagazine.com\/mag\/wp-content\/uploads\/2012\/06\/benedetto_sebastian_barlica_evolution_bar_sebastian_barlica_evolution_bar_04.jpg\" data-orig-size=\"720,1080\" data-comments-opened=\"1\" data-image-meta=\"{&quot;aperture&quot;:&quot;0&quot;,&quot;credit&quot;:&quot;&quot;,&quot;camera&quot;:&quot;&quot;,&quot;caption&quot;:&quot;&quot;,&quot;created_timestamp&quot;:&quot;0&quot;,&quot;copyright&quot;:&quot;&quot;,&quot;focal_length&quot;:&quot;0&quot;,&quot;iso&quot;:&quot;0&quot;,&quot;shutter_speed&quot;:&quot;0&quot;,&quot;title&quot;:&quot;&quot;,&quot;orientation&quot;:&quot;0&quot;}\" data-image-title=\"sebastian_barlica_evolution_bar_04\" data-image-description=\"\" data-image-caption=\"\" data-medium-file=\"https:\/\/socialdesignmagazine.com\/mag\/wp-content\/uploads\/2012\/06\/benedetto_sebastian_barlica_evolution_bar_sebastian_barlica_evolution_bar_04-396x256.jpg\" data-large-file=\"https:\/\/socialdesignmagazine.com\/mag\/wp-content\/uploads\/2012\/06\/benedetto_sebastian_barlica_evolution_bar_sebastian_barlica_evolution_bar_04.jpg\" src=\"https:\/\/socialdesignmagazine.com\/mag\/wp-content\/uploads\/2012\/06\/benedetto_sebastian_barlica_evolution_bar_sebastian_barlica_evolution_bar_04.jpg\" alt=\"sebastian_barlica_evolution_bar_04\" class=\"wp-image-8401\"\/><\/figure>\n<\/div>\n\n<div class=\"wp-block-image\">\n<figure class=\"aligncenter\"><img loading=\"lazy\" decoding=\"async\" width=\"720\" height=\"1080\" data-attachment-id=\"8402\" data-permalink=\"https:\/\/socialdesignmagazine.com\/mag\/architettura\/sebastian-barlica-evolution-bar\/attachment\/sebastian_barlica_evolution_bar_05\/#content\" data-orig-file=\"https:\/\/socialdesignmagazine.com\/mag\/wp-content\/uploads\/2012\/06\/benedetto_sebastian_barlica_evolution_bar_sebastian_barlica_evolution_bar_05.jpg\" data-orig-size=\"720,1080\" data-comments-opened=\"1\" data-image-meta=\"{&quot;aperture&quot;:&quot;0&quot;,&quot;credit&quot;:&quot;&quot;,&quot;camera&quot;:&quot;&quot;,&quot;caption&quot;:&quot;&quot;,&quot;created_timestamp&quot;:&quot;0&quot;,&quot;copyright&quot;:&quot;&quot;,&quot;focal_length&quot;:&quot;0&quot;,&quot;iso&quot;:&quot;0&quot;,&quot;shutter_speed&quot;:&quot;0&quot;,&quot;title&quot;:&quot;&quot;,&quot;orientation&quot;:&quot;0&quot;}\" data-image-title=\"sebastian_barlica_evolution_bar_05\" data-image-description=\"\" data-image-caption=\"\" data-medium-file=\"https:\/\/socialdesignmagazine.com\/mag\/wp-content\/uploads\/2012\/06\/benedetto_sebastian_barlica_evolution_bar_sebastian_barlica_evolution_bar_05-396x256.jpg\" data-large-file=\"https:\/\/socialdesignmagazine.com\/mag\/wp-content\/uploads\/2012\/06\/benedetto_sebastian_barlica_evolution_bar_sebastian_barlica_evolution_bar_05.jpg\" src=\"https:\/\/socialdesignmagazine.com\/mag\/wp-content\/uploads\/2012\/06\/benedetto_sebastian_barlica_evolution_bar_sebastian_barlica_evolution_bar_05.jpg\" alt=\"sebastian_barlica_evolution_bar_05\" class=\"wp-image-8402\"\/><\/figure>\n<\/div>\n\n<div class=\"wp-block-image\">\n<figure class=\"aligncenter\"><img loading=\"lazy\" decoding=\"async\" width=\"720\" height=\"478\" data-attachment-id=\"8403\" data-permalink=\"https:\/\/socialdesignmagazine.com\/mag\/architettura\/sebastian-barlica-evolution-bar\/attachment\/sebastian_barlica_evolution_bar_06\/#content\" data-orig-file=\"https:\/\/socialdesignmagazine.com\/mag\/wp-content\/uploads\/2012\/06\/benedetto_sebastian_barlica_evolution_bar_sebastian_barlica_evolution_bar_06.jpg\" data-orig-size=\"720,478\" data-comments-opened=\"1\" data-image-meta=\"{&quot;aperture&quot;:&quot;0&quot;,&quot;credit&quot;:&quot;&quot;,&quot;camera&quot;:&quot;&quot;,&quot;caption&quot;:&quot;&quot;,&quot;created_timestamp&quot;:&quot;0&quot;,&quot;copyright&quot;:&quot;&quot;,&quot;focal_length&quot;:&quot;0&quot;,&quot;iso&quot;:&quot;0&quot;,&quot;shutter_speed&quot;:&quot;0&quot;,&quot;title&quot;:&quot;&quot;,&quot;orientation&quot;:&quot;0&quot;}\" data-image-title=\"sebastian_barlica_evolution_bar_06\" data-image-description=\"\" data-image-caption=\"\" data-medium-file=\"https:\/\/socialdesignmagazine.com\/mag\/wp-content\/uploads\/2012\/06\/benedetto_sebastian_barlica_evolution_bar_sebastian_barlica_evolution_bar_06-396x256.jpg\" data-large-file=\"https:\/\/socialdesignmagazine.com\/mag\/wp-content\/uploads\/2012\/06\/benedetto_sebastian_barlica_evolution_bar_sebastian_barlica_evolution_bar_06.jpg\" src=\"https:\/\/socialdesignmagazine.com\/mag\/wp-content\/uploads\/2012\/06\/benedetto_sebastian_barlica_evolution_bar_sebastian_barlica_evolution_bar_06.jpg\" alt=\"sebastian_barlica_evolution_bar_06\" class=\"wp-image-8403\" srcset=\"https:\/\/socialdesignmagazine.com\/mag\/wp-content\/uploads\/2012\/06\/benedetto_sebastian_barlica_evolution_bar_sebastian_barlica_evolution_bar_06.jpg 720w, https:\/\/socialdesignmagazine.com\/mag\/wp-content\/uploads\/2012\/06\/benedetto_sebastian_barlica_evolution_bar_sebastian_barlica_evolution_bar_06-100x66.jpg 100w\" sizes=\"auto, (max-width: 720px) 100vw, 720px\" \/><\/figure>\n<\/div>\n\n<div class=\"wp-block-image\">\n<figure class=\"aligncenter\"><img loading=\"lazy\" decoding=\"async\" width=\"720\" height=\"1080\" data-attachment-id=\"8404\" data-permalink=\"https:\/\/socialdesignmagazine.com\/mag\/architettura\/sebastian-barlica-evolution-bar\/attachment\/sebastian_barlica_evolution_bar_07\/#content\" data-orig-file=\"https:\/\/socialdesignmagazine.com\/mag\/wp-content\/uploads\/2012\/06\/benedetto_sebastian_barlica_evolution_bar_sebastian_barlica_evolution_bar_07.jpg\" data-orig-size=\"720,1080\" data-comments-opened=\"1\" data-image-meta=\"{&quot;aperture&quot;:&quot;0&quot;,&quot;credit&quot;:&quot;&quot;,&quot;camera&quot;:&quot;&quot;,&quot;caption&quot;:&quot;&quot;,&quot;created_timestamp&quot;:&quot;0&quot;,&quot;copyright&quot;:&quot;&quot;,&quot;focal_length&quot;:&quot;0&quot;,&quot;iso&quot;:&quot;0&quot;,&quot;shutter_speed&quot;:&quot;0&quot;,&quot;title&quot;:&quot;&quot;,&quot;orientation&quot;:&quot;0&quot;}\" data-image-title=\"sebastian_barlica_evolution_bar_07\" data-image-description=\"\" data-image-caption=\"\" data-medium-file=\"https:\/\/socialdesignmagazine.com\/mag\/wp-content\/uploads\/2012\/06\/benedetto_sebastian_barlica_evolution_bar_sebastian_barlica_evolution_bar_07-396x256.jpg\" data-large-file=\"https:\/\/socialdesignmagazine.com\/mag\/wp-content\/uploads\/2012\/06\/benedetto_sebastian_barlica_evolution_bar_sebastian_barlica_evolution_bar_07.jpg\" src=\"https:\/\/socialdesignmagazine.com\/mag\/wp-content\/uploads\/2012\/06\/benedetto_sebastian_barlica_evolution_bar_sebastian_barlica_evolution_bar_07.jpg\" alt=\"sebastian_barlica_evolution_bar_07\" class=\"wp-image-8404\"\/><\/figure>\n<\/div>\n\n<div class=\"wp-block-image\">\n<figure class=\"aligncenter\"><img loading=\"lazy\" decoding=\"async\" width=\"720\" height=\"1080\" data-attachment-id=\"8405\" data-permalink=\"https:\/\/socialdesignmagazine.com\/mag\/architettura\/sebastian-barlica-evolution-bar\/attachment\/sebastian_barlica_evolution_bar_08\/#content\" data-orig-file=\"https:\/\/socialdesignmagazine.com\/mag\/wp-content\/uploads\/2012\/06\/benedetto_sebastian_barlica_evolution_bar_sebastian_barlica_evolution_bar_08.jpg\" data-orig-size=\"720,1080\" data-comments-opened=\"1\" data-image-meta=\"{&quot;aperture&quot;:&quot;0&quot;,&quot;credit&quot;:&quot;&quot;,&quot;camera&quot;:&quot;&quot;,&quot;caption&quot;:&quot;&quot;,&quot;created_timestamp&quot;:&quot;0&quot;,&quot;copyright&quot;:&quot;&quot;,&quot;focal_length&quot;:&quot;0&quot;,&quot;iso&quot;:&quot;0&quot;,&quot;shutter_speed&quot;:&quot;0&quot;,&quot;title&quot;:&quot;&quot;,&quot;orientation&quot;:&quot;0&quot;}\" data-image-title=\"sebastian_barlica_evolution_bar_08\" data-image-description=\"\" data-image-caption=\"\" data-medium-file=\"https:\/\/socialdesignmagazine.com\/mag\/wp-content\/uploads\/2012\/06\/benedetto_sebastian_barlica_evolution_bar_sebastian_barlica_evolution_bar_08-396x256.jpg\" data-large-file=\"https:\/\/socialdesignmagazine.com\/mag\/wp-content\/uploads\/2012\/06\/benedetto_sebastian_barlica_evolution_bar_sebastian_barlica_evolution_bar_08.jpg\" src=\"https:\/\/socialdesignmagazine.com\/mag\/wp-content\/uploads\/2012\/06\/benedetto_sebastian_barlica_evolution_bar_sebastian_barlica_evolution_bar_08.jpg\" alt=\"sebastian_barlica_evolution_bar_08\" class=\"wp-image-8405\"\/><\/figure>\n<\/div>\n\n<div class=\"wp-block-image\">\n<figure class=\"aligncenter\"><img loading=\"lazy\" decoding=\"async\" width=\"720\" height=\"487\" data-attachment-id=\"8406\" data-permalink=\"https:\/\/socialdesignmagazine.com\/mag\/architettura\/sebastian-barlica-evolution-bar\/attachment\/sebastian_barlica_evolution_bar_09\/#content\" data-orig-file=\"https:\/\/socialdesignmagazine.com\/mag\/wp-content\/uploads\/2012\/06\/benedetto_sebastian_barlica_evolution_bar_sebastian_barlica_evolution_bar_09.jpg\" data-orig-size=\"720,487\" data-comments-opened=\"1\" data-image-meta=\"{&quot;aperture&quot;:&quot;0&quot;,&quot;credit&quot;:&quot;&quot;,&quot;camera&quot;:&quot;&quot;,&quot;caption&quot;:&quot;&quot;,&quot;created_timestamp&quot;:&quot;0&quot;,&quot;copyright&quot;:&quot;&quot;,&quot;focal_length&quot;:&quot;0&quot;,&quot;iso&quot;:&quot;0&quot;,&quot;shutter_speed&quot;:&quot;0&quot;,&quot;title&quot;:&quot;&quot;,&quot;orientation&quot;:&quot;0&quot;}\" data-image-title=\"sebastian_barlica_evolution_bar_09\" data-image-description=\"\" data-image-caption=\"\" data-medium-file=\"https:\/\/socialdesignmagazine.com\/mag\/wp-content\/uploads\/2012\/06\/benedetto_sebastian_barlica_evolution_bar_sebastian_barlica_evolution_bar_09-396x256.jpg\" data-large-file=\"https:\/\/socialdesignmagazine.com\/mag\/wp-content\/uploads\/2012\/06\/benedetto_sebastian_barlica_evolution_bar_sebastian_barlica_evolution_bar_09.jpg\" src=\"https:\/\/socialdesignmagazine.com\/mag\/wp-content\/uploads\/2012\/06\/benedetto_sebastian_barlica_evolution_bar_sebastian_barlica_evolution_bar_09.jpg\" alt=\"sebastian_barlica_evolution_bar_09\" class=\"wp-image-8406\"\/><\/figure>\n<\/div>\n\n<div class=\"wp-block-image\">\n<figure class=\"aligncenter\"><img loading=\"lazy\" decoding=\"async\" width=\"720\" height=\"1080\" data-attachment-id=\"8407\" data-permalink=\"https:\/\/socialdesignmagazine.com\/mag\/architettura\/sebastian-barlica-evolution-bar\/attachment\/sebastian_barlica_evolution_bar_10\/#content\" data-orig-file=\"https:\/\/socialdesignmagazine.com\/mag\/wp-content\/uploads\/2012\/06\/benedetto_sebastian_barlica_evolution_bar_sebastian_barlica_evolution_bar_10.jpg\" data-orig-size=\"720,1080\" data-comments-opened=\"1\" data-image-meta=\"{&quot;aperture&quot;:&quot;0&quot;,&quot;credit&quot;:&quot;&quot;,&quot;camera&quot;:&quot;&quot;,&quot;caption&quot;:&quot;&quot;,&quot;created_timestamp&quot;:&quot;0&quot;,&quot;copyright&quot;:&quot;&quot;,&quot;focal_length&quot;:&quot;0&quot;,&quot;iso&quot;:&quot;0&quot;,&quot;shutter_speed&quot;:&quot;0&quot;,&quot;title&quot;:&quot;&quot;,&quot;orientation&quot;:&quot;0&quot;}\" data-image-title=\"sebastian_barlica_evolution_bar_10\" data-image-description=\"\" data-image-caption=\"\" data-medium-file=\"https:\/\/socialdesignmagazine.com\/mag\/wp-content\/uploads\/2012\/06\/benedetto_sebastian_barlica_evolution_bar_sebastian_barlica_evolution_bar_10-396x256.jpg\" data-large-file=\"https:\/\/socialdesignmagazine.com\/mag\/wp-content\/uploads\/2012\/06\/benedetto_sebastian_barlica_evolution_bar_sebastian_barlica_evolution_bar_10.jpg\" src=\"https:\/\/socialdesignmagazine.com\/mag\/wp-content\/uploads\/2012\/06\/benedetto_sebastian_barlica_evolution_bar_sebastian_barlica_evolution_bar_10.jpg\" alt=\"sebastian_barlica_evolution_bar_10\" class=\"wp-image-8407\"\/><\/figure>\n<\/div>\n\n<div class=\"wp-block-image\">\n<figure class=\"aligncenter\"><img loading=\"lazy\" decoding=\"async\" width=\"720\" height=\"389\" data-attachment-id=\"8408\" data-permalink=\"https:\/\/socialdesignmagazine.com\/mag\/architettura\/sebastian-barlica-evolution-bar\/attachment\/sebastian_barlica_evolution_bar_11\/#content\" data-orig-file=\"https:\/\/socialdesignmagazine.com\/mag\/wp-content\/uploads\/2012\/06\/benedetto_sebastian_barlica_evolution_bar_sebastian_barlica_evolution_bar_11.jpg\" data-orig-size=\"720,389\" data-comments-opened=\"1\" data-image-meta=\"{&quot;aperture&quot;:&quot;0&quot;,&quot;credit&quot;:&quot;&quot;,&quot;camera&quot;:&quot;&quot;,&quot;caption&quot;:&quot;&quot;,&quot;created_timestamp&quot;:&quot;0&quot;,&quot;copyright&quot;:&quot;&quot;,&quot;focal_length&quot;:&quot;0&quot;,&quot;iso&quot;:&quot;0&quot;,&quot;shutter_speed&quot;:&quot;0&quot;,&quot;title&quot;:&quot;&quot;,&quot;orientation&quot;:&quot;0&quot;}\" data-image-title=\"sebastian_barlica_evolution_bar_11\" data-image-description=\"\" data-image-caption=\"\" data-medium-file=\"https:\/\/socialdesignmagazine.com\/mag\/wp-content\/uploads\/2012\/06\/benedetto_sebastian_barlica_evolution_bar_sebastian_barlica_evolution_bar_11-396x256.jpg\" data-large-file=\"https:\/\/socialdesignmagazine.com\/mag\/wp-content\/uploads\/2012\/06\/benedetto_sebastian_barlica_evolution_bar_sebastian_barlica_evolution_bar_11.jpg\" src=\"https:\/\/socialdesignmagazine.com\/mag\/wp-content\/uploads\/2012\/06\/benedetto_sebastian_barlica_evolution_bar_sebastian_barlica_evolution_bar_11.jpg\" alt=\"sebastian_barlica_evolution_bar_11\" class=\"wp-image-8408\"\/><\/figure>\n<\/div>\n\n\n<p><a class=\"jcepopup\" href=\"http:\/\/www.contemporist.com\/2012\/06\/04\/evolution-bar-by-sebastian-barlica\/\" rel=\"nofollow\">Via<\/a><\/p>\n","protected":false,"gt_translate_keys":[{"key":"rendered","format":"html"}]},"excerpt":{"rendered":"<p>Sebastian Barlica ha progettato il &#8220;Bar Evolution&#8221; all&#8217;interno di un edificio neo-gotico del 18\u00b0 secolo a Bucarest, in Romania.<\/p>\n","protected":false,"gt_translate_keys":[{"key":"rendered","format":"html"}]},"author":1,"featured_media":8400,"comment_status":"open","ping_status":"open","sticky":false,"template":"","format":"standard","meta":{"jetpack_post_was_ever_published":false,"_jetpack_newsletter_access":"","_jetpack_dont_email_post_to_subs":false,"_jetpack_newsletter_tier_id":0,"_jetpack_memberships_contains_paywalled_content":false,"_jetpack_memberships_contains_paid_content":false,"footnotes":"","_wpscppro_dont_share_socialmedia":false,"_wpscppro_custom_social_share_image":0,"_facebook_share_type":"","_twitter_share_type":"","_linkedin_share_type":"","_pinterest_share_type":"","_linkedin_share_type_page":"","_instagram_share_type":"","_medium_share_type":"","_threads_share_type":"","_google_business_share_type":"","_selected_social_profile":[],"_wpsp_enable_custom_social_template":false,"_wpsp_social_scheduling":{"enabled":false,"datetime":null,"platforms":[],"status":"template_only","dateOption":"today","timeOption":"now","customDays":"","customHours":"","customDate":"","customTime":"","schedulingType":"absolute"},"_wpsp_active_default_template":true},"categories":[15],"tags":[1922,1436],"class_list":["post-825","post","type-post","status-publish","format-standard","has-post-thumbnail","hentry","category-architettura","tag-entertainment-design","tag-interior"],"yoast_head":"<!-- This site is optimized with the Yoast SEO plugin v27.2 - https:\/\/yoast.com\/product\/yoast-seo-wordpress\/ -->\n<title>Sebastian Barlica \/ Evolution Bar - Social Design Magazine<\/title>\n<meta name=\"description\" content=\"Sebastian Barlica ha progettato il &quot;Bar Evolution&quot; all&#039;interno di un edificio neo-gotico del 18\u00b0 secolo a Bucarest, in Romania.\" \/>\n<meta name=\"robots\" content=\"index, follow, max-snippet:-1, max-image-preview:large, max-video-preview:-1\" \/>\n<link rel=\"canonical\" href=\"https:\/\/socialdesignmagazine.com\/mag\/architettura\/sebastian-barlica-evolution-bar\/\" \/>\n<meta property=\"og:locale\" content=\"it_IT\" \/>\n<meta property=\"og:type\" content=\"article\" \/>\n<meta property=\"og:title\" content=\"Sebastian Barlica \/ Evolution Bar - Social Design Magazine\" \/>\n<meta property=\"og:description\" content=\"Sebastian Barlica ha progettato il &quot;Bar Evolution&quot; all&#039;interno di un edificio neo-gotico del 18\u00b0 secolo a Bucarest, in Romania.\" \/>\n<meta property=\"og:url\" content=\"http:\/\/socialdesignmagazine.com\/mag\/architettura\/sebastian-barlica-evolution-bar\/\" \/>\n<meta property=\"og:site_name\" content=\"Social Design Magazine\" \/>\n<meta property=\"article:publisher\" content=\"https:\/\/www.facebook.com\/socialdesignmag\" \/>\n<meta property=\"article:author\" content=\"https:\/\/www.facebook.com\/benedettofiori\" \/>\n<meta property=\"article:published_time\" content=\"2012-06-29T10:26:08+00:00\" \/>\n<meta property=\"article:modified_time\" content=\"2024-05-15T20:55:46+00:00\" \/>\n<meta property=\"og:image\" content=\"https:\/\/socialdesignmagazine.com\/mag\/wp-content\/uploads\/2012\/06\/benedetto_sebastian_barlica_evolution_bar_sebastian_barlica_evolution_bar_03.jpg\" \/>\n\t<meta property=\"og:image:width\" content=\"720\" \/>\n\t<meta property=\"og:image:height\" content=\"479\" \/>\n\t<meta property=\"og:image:type\" content=\"image\/jpeg\" \/>\n<meta name=\"author\" content=\"Benedetto Fiori\" \/>\n<meta name=\"twitter:card\" content=\"summary_large_image\" \/>\n<meta name=\"twitter:creator\" content=\"@benedettofiori\" \/>\n<meta name=\"twitter:site\" content=\"@socialdesignmag\" \/>\n<meta name=\"twitter:label1\" content=\"Scritto da\" \/>\n\t<meta name=\"twitter:data1\" content=\"Benedetto Fiori\" \/>\n\t<meta name=\"twitter:label2\" content=\"Tempo di lettura stimato\" \/>\n\t<meta name=\"twitter:data2\" content=\"3 minuti\" \/>\n<script type=\"application\/ld+json\" class=\"yoast-schema-graph\">{\"@context\":\"https:\/\/schema.org\",\"@graph\":[{\"@type\":\"Article\",\"@id\":\"https:\/\/socialdesignmagazine.com\/mag\/architettura\/sebastian-barlica-evolution-bar\/#article\",\"isPartOf\":{\"@id\":\"https:\/\/socialdesignmagazine.com\/mag\/architettura\/sebastian-barlica-evolution-bar\/\"},\"author\":{\"name\":\"Benedetto Fiori\",\"@id\":\"https:\/\/socialdesignmagazine.com\/mag\/#\/schema\/person\/61e20205cc363c315e6aabd33a045846\"},\"headline\":\"Sebastian Barlica \/ Evolution Bar\",\"datePublished\":\"2012-06-29T10:26:08+00:00\",\"dateModified\":\"2024-05-15T20:55:46+00:00\",\"mainEntityOfPage\":{\"@id\":\"https:\/\/socialdesignmagazine.com\/mag\/architettura\/sebastian-barlica-evolution-bar\/\"},\"wordCount\":187,\"commentCount\":0,\"publisher\":{\"@id\":\"https:\/\/socialdesignmagazine.com\/mag\/#organization\"},\"image\":{\"@id\":\"https:\/\/socialdesignmagazine.com\/mag\/architettura\/sebastian-barlica-evolution-bar\/#primaryimage\"},\"thumbnailUrl\":\"https:\/\/socialdesignmagazine.com\/mag\/wp-content\/uploads\/2012\/06\/benedetto_sebastian_barlica_evolution_bar_sebastian_barlica_evolution_bar_03.jpg\",\"keywords\":[\"entertainment design\",\"interior\"],\"articleSection\":[\"Architettura\"],\"inLanguage\":\"it-IT\",\"potentialAction\":[{\"@type\":\"CommentAction\",\"name\":\"Comment\",\"target\":[\"https:\/\/socialdesignmagazine.com\/mag\/architettura\/sebastian-barlica-evolution-bar\/#respond\"]}]},{\"@type\":\"WebPage\",\"@id\":\"https:\/\/socialdesignmagazine.com\/mag\/architettura\/sebastian-barlica-evolution-bar\/\",\"url\":\"https:\/\/socialdesignmagazine.com\/mag\/architettura\/sebastian-barlica-evolution-bar\/\",\"name\":\"Sebastian Barlica \/ Evolution Bar - Social Design Magazine\",\"isPartOf\":{\"@id\":\"https:\/\/socialdesignmagazine.com\/mag\/#website\"},\"primaryImageOfPage\":{\"@id\":\"https:\/\/socialdesignmagazine.com\/mag\/architettura\/sebastian-barlica-evolution-bar\/#primaryimage\"},\"image\":{\"@id\":\"https:\/\/socialdesignmagazine.com\/mag\/architettura\/sebastian-barlica-evolution-bar\/#primaryimage\"},\"thumbnailUrl\":\"https:\/\/socialdesignmagazine.com\/mag\/wp-content\/uploads\/2012\/06\/benedetto_sebastian_barlica_evolution_bar_sebastian_barlica_evolution_bar_03.jpg\",\"datePublished\":\"2012-06-29T10:26:08+00:00\",\"dateModified\":\"2024-05-15T20:55:46+00:00\",\"description\":\"Sebastian Barlica ha progettato il \\\"Bar Evolution\\\" all'interno di un edificio neo-gotico del 18\u00b0 secolo a Bucarest, in Romania.\",\"breadcrumb\":{\"@id\":\"https:\/\/socialdesignmagazine.com\/mag\/architettura\/sebastian-barlica-evolution-bar\/#breadcrumb\"},\"inLanguage\":\"it-IT\",\"potentialAction\":[{\"@type\":\"ReadAction\",\"target\":[\"https:\/\/socialdesignmagazine.com\/mag\/architettura\/sebastian-barlica-evolution-bar\/\"]}]},{\"@type\":\"ImageObject\",\"inLanguage\":\"it-IT\",\"@id\":\"https:\/\/socialdesignmagazine.com\/mag\/architettura\/sebastian-barlica-evolution-bar\/#primaryimage\",\"url\":\"https:\/\/socialdesignmagazine.com\/mag\/wp-content\/uploads\/2012\/06\/benedetto_sebastian_barlica_evolution_bar_sebastian_barlica_evolution_bar_03.jpg\",\"contentUrl\":\"https:\/\/socialdesignmagazine.com\/mag\/wp-content\/uploads\/2012\/06\/benedetto_sebastian_barlica_evolution_bar_sebastian_barlica_evolution_bar_03.jpg\",\"width\":720,\"height\":479,\"caption\":\"sebastian_barlica_evolution_bar_03\"},{\"@type\":\"BreadcrumbList\",\"@id\":\"https:\/\/socialdesignmagazine.com\/mag\/architettura\/sebastian-barlica-evolution-bar\/#breadcrumb\",\"itemListElement\":[{\"@type\":\"ListItem\",\"position\":1,\"name\":\"Home\",\"item\":\"https:\/\/socialdesignmagazine.com\/mag\/\"},{\"@type\":\"ListItem\",\"position\":2,\"name\":\"Architettura\",\"item\":\"https:\/\/socialdesignmagazine.com\/mag\/architettura\/\"},{\"@type\":\"ListItem\",\"position\":3,\"name\":\"Sebastian Barlica \/ Evolution Bar\"}]},{\"@type\":\"WebSite\",\"@id\":\"https:\/\/socialdesignmagazine.com\/mag\/#website\",\"url\":\"https:\/\/socialdesignmagazine.com\/mag\/\",\"name\":\"Social Design Magazine\",\"description\":\"Social Magazine su Design, Architettura, Arte, Grafica\",\"publisher\":{\"@id\":\"https:\/\/socialdesignmagazine.com\/mag\/#organization\"},\"potentialAction\":[{\"@type\":\"SearchAction\",\"target\":{\"@type\":\"EntryPoint\",\"urlTemplate\":\"https:\/\/socialdesignmagazine.com\/mag\/?s={search_term_string}\"},\"query-input\":{\"@type\":\"PropertyValueSpecification\",\"valueRequired\":true,\"valueName\":\"search_term_string\"}}],\"inLanguage\":\"it-IT\"},{\"@type\":\"Organization\",\"@id\":\"https:\/\/socialdesignmagazine.com\/mag\/#organization\",\"name\":\"Social Design Magazine\",\"url\":\"https:\/\/socialdesignmagazine.com\/mag\/\",\"logo\":{\"@type\":\"ImageObject\",\"inLanguage\":\"it-IT\",\"@id\":\"https:\/\/socialdesignmagazine.com\/mag\/#\/schema\/logo\/image\/\",\"url\":\"https:\/\/socialdesignmagazine.com\/mag\/wp-content\/uploads\/2017\/01\/logo_favicon_11.png\",\"contentUrl\":\"https:\/\/socialdesignmagazine.com\/mag\/wp-content\/uploads\/2017\/01\/logo_favicon_11.png\",\"width\":1024,\"height\":1024,\"caption\":\"Social Design Magazine\"},\"image\":{\"@id\":\"https:\/\/socialdesignmagazine.com\/mag\/#\/schema\/logo\/image\/\"},\"sameAs\":[\"https:\/\/www.facebook.com\/socialdesignmag\",\"https:\/\/x.com\/socialdesignmag\",\"http:\/\/instagram.com\/social_design_magazine\/\",\"http:\/\/pinterest.com\/socialdesignmag\/\",\"http:\/\/www.youtube.com\/user\/socialdesignmagazine\"]},{\"@type\":\"Person\",\"@id\":\"https:\/\/socialdesignmagazine.com\/mag\/#\/schema\/person\/61e20205cc363c315e6aabd33a045846\",\"name\":\"Benedetto Fiori\",\"image\":{\"@type\":\"ImageObject\",\"inLanguage\":\"it-IT\",\"@id\":\"https:\/\/secure.gravatar.com\/avatar\/450a48cefa36da63d920ad70aa660bd10725b1c6093800242e5efdb397759033?s=96&d=mm&r=g\",\"url\":\"https:\/\/secure.gravatar.com\/avatar\/450a48cefa36da63d920ad70aa660bd10725b1c6093800242e5efdb397759033?s=96&d=mm&r=g\",\"contentUrl\":\"https:\/\/secure.gravatar.com\/avatar\/450a48cefa36da63d920ad70aa660bd10725b1c6093800242e5efdb397759033?s=96&d=mm&r=g\",\"caption\":\"Benedetto Fiori\"},\"description\":\"Web | Twitter | Facebook | Shutterstock Founder &amp; Editor in Chief di Social Design Magazine. Attratto da sempre da tutto ci\u00f2 che \u00e8 creativit\u00e0, design, architettura. Dopo aver studiato Architettura all'Universit\u00e0 di Firenze, si \u00e8 impegnato in molteplici campi: comunicazione grafica, progettazione di allestimenti fieristici, brand design, Interior Design.\",\"sameAs\":[\"http:\/\/benedettofiori.com\",\"https:\/\/www.facebook.com\/benedettofiori\",\"https:\/\/x.com\/benedettofiori\"],\"url\":\"https:\/\/socialdesignmagazine.com\/mag\/author\/benedetto\/\"}]}<\/script>\n<!-- \/ Yoast SEO plugin. -->","yoast_head_json":{"title":"Sebastian Barlica \/ Evolution Bar - Social Design Magazine","description":"Sebastian Barlica ha progettato il \"Bar Evolution\" all'interno di un edificio neo-gotico del 18\u00b0 secolo a Bucarest, in Romania.","robots":{"index":"index","follow":"follow","max-snippet":"max-snippet:-1","max-image-preview":"max-image-preview:large","max-video-preview":"max-video-preview:-1"},"canonical":"https:\/\/socialdesignmagazine.com\/mag\/architettura\/sebastian-barlica-evolution-bar\/","og_locale":"it_IT","og_type":"article","og_title":"Sebastian Barlica \/ Evolution Bar - Social Design Magazine","og_description":"Sebastian Barlica ha progettato il \"Bar Evolution\" all'interno di un edificio neo-gotico del 18\u00b0 secolo a Bucarest, in Romania.","og_url":"http:\/\/socialdesignmagazine.com\/mag\/architettura\/sebastian-barlica-evolution-bar\/","og_site_name":"Social Design Magazine","article_publisher":"https:\/\/www.facebook.com\/socialdesignmag","article_author":"https:\/\/www.facebook.com\/benedettofiori","article_published_time":"2012-06-29T10:26:08+00:00","article_modified_time":"2024-05-15T20:55:46+00:00","og_image":[{"width":720,"height":479,"url":"https:\/\/socialdesignmagazine.com\/mag\/wp-content\/uploads\/2012\/06\/benedetto_sebastian_barlica_evolution_bar_sebastian_barlica_evolution_bar_03.jpg","type":"image\/jpeg"}],"author":"Benedetto Fiori","twitter_card":"summary_large_image","twitter_creator":"@benedettofiori","twitter_site":"@socialdesignmag","twitter_misc":{"Scritto da":"Benedetto Fiori","Tempo di lettura stimato":"3 minuti"},"schema":{"@context":"https:\/\/schema.org","@graph":[{"@type":"Article","@id":"https:\/\/socialdesignmagazine.com\/mag\/architettura\/sebastian-barlica-evolution-bar\/#article","isPartOf":{"@id":"https:\/\/socialdesignmagazine.com\/mag\/architettura\/sebastian-barlica-evolution-bar\/"},"author":{"name":"Benedetto Fiori","@id":"https:\/\/socialdesignmagazine.com\/mag\/#\/schema\/person\/61e20205cc363c315e6aabd33a045846"},"headline":"Sebastian Barlica \/ Evolution Bar","datePublished":"2012-06-29T10:26:08+00:00","dateModified":"2024-05-15T20:55:46+00:00","mainEntityOfPage":{"@id":"https:\/\/socialdesignmagazine.com\/mag\/architettura\/sebastian-barlica-evolution-bar\/"},"wordCount":187,"commentCount":0,"publisher":{"@id":"https:\/\/socialdesignmagazine.com\/mag\/#organization"},"image":{"@id":"https:\/\/socialdesignmagazine.com\/mag\/architettura\/sebastian-barlica-evolution-bar\/#primaryimage"},"thumbnailUrl":"https:\/\/socialdesignmagazine.com\/mag\/wp-content\/uploads\/2012\/06\/benedetto_sebastian_barlica_evolution_bar_sebastian_barlica_evolution_bar_03.jpg","keywords":["entertainment design","interior"],"articleSection":["Architettura"],"inLanguage":"it-IT","potentialAction":[{"@type":"CommentAction","name":"Comment","target":["https:\/\/socialdesignmagazine.com\/mag\/architettura\/sebastian-barlica-evolution-bar\/#respond"]}]},{"@type":"WebPage","@id":"https:\/\/socialdesignmagazine.com\/mag\/architettura\/sebastian-barlica-evolution-bar\/","url":"https:\/\/socialdesignmagazine.com\/mag\/architettura\/sebastian-barlica-evolution-bar\/","name":"Sebastian Barlica \/ Evolution Bar - Social Design Magazine","isPartOf":{"@id":"https:\/\/socialdesignmagazine.com\/mag\/#website"},"primaryImageOfPage":{"@id":"https:\/\/socialdesignmagazine.com\/mag\/architettura\/sebastian-barlica-evolution-bar\/#primaryimage"},"image":{"@id":"https:\/\/socialdesignmagazine.com\/mag\/architettura\/sebastian-barlica-evolution-bar\/#primaryimage"},"thumbnailUrl":"https:\/\/socialdesignmagazine.com\/mag\/wp-content\/uploads\/2012\/06\/benedetto_sebastian_barlica_evolution_bar_sebastian_barlica_evolution_bar_03.jpg","datePublished":"2012-06-29T10:26:08+00:00","dateModified":"2024-05-15T20:55:46+00:00","description":"Sebastian Barlica ha progettato il \"Bar Evolution\" all'interno di un edificio neo-gotico del 18\u00b0 secolo a Bucarest, in Romania.","breadcrumb":{"@id":"https:\/\/socialdesignmagazine.com\/mag\/architettura\/sebastian-barlica-evolution-bar\/#breadcrumb"},"inLanguage":"it-IT","potentialAction":[{"@type":"ReadAction","target":["https:\/\/socialdesignmagazine.com\/mag\/architettura\/sebastian-barlica-evolution-bar\/"]}]},{"@type":"ImageObject","inLanguage":"it-IT","@id":"https:\/\/socialdesignmagazine.com\/mag\/architettura\/sebastian-barlica-evolution-bar\/#primaryimage","url":"https:\/\/socialdesignmagazine.com\/mag\/wp-content\/uploads\/2012\/06\/benedetto_sebastian_barlica_evolution_bar_sebastian_barlica_evolution_bar_03.jpg","contentUrl":"https:\/\/socialdesignmagazine.com\/mag\/wp-content\/uploads\/2012\/06\/benedetto_sebastian_barlica_evolution_bar_sebastian_barlica_evolution_bar_03.jpg","width":720,"height":479,"caption":"sebastian_barlica_evolution_bar_03"},{"@type":"BreadcrumbList","@id":"https:\/\/socialdesignmagazine.com\/mag\/architettura\/sebastian-barlica-evolution-bar\/#breadcrumb","itemListElement":[{"@type":"ListItem","position":1,"name":"Home","item":"https:\/\/socialdesignmagazine.com\/mag\/"},{"@type":"ListItem","position":2,"name":"Architettura","item":"https:\/\/socialdesignmagazine.com\/mag\/architettura\/"},{"@type":"ListItem","position":3,"name":"Sebastian Barlica \/ Evolution Bar"}]},{"@type":"WebSite","@id":"https:\/\/socialdesignmagazine.com\/mag\/#website","url":"https:\/\/socialdesignmagazine.com\/mag\/","name":"Social Design Magazine","description":"Social Magazine su Design, Architettura, Arte, Grafica","publisher":{"@id":"https:\/\/socialdesignmagazine.com\/mag\/#organization"},"potentialAction":[{"@type":"SearchAction","target":{"@type":"EntryPoint","urlTemplate":"https:\/\/socialdesignmagazine.com\/mag\/?s={search_term_string}"},"query-input":{"@type":"PropertyValueSpecification","valueRequired":true,"valueName":"search_term_string"}}],"inLanguage":"it-IT"},{"@type":"Organization","@id":"https:\/\/socialdesignmagazine.com\/mag\/#organization","name":"Social Design Magazine","url":"https:\/\/socialdesignmagazine.com\/mag\/","logo":{"@type":"ImageObject","inLanguage":"it-IT","@id":"https:\/\/socialdesignmagazine.com\/mag\/#\/schema\/logo\/image\/","url":"https:\/\/socialdesignmagazine.com\/mag\/wp-content\/uploads\/2017\/01\/logo_favicon_11.png","contentUrl":"https:\/\/socialdesignmagazine.com\/mag\/wp-content\/uploads\/2017\/01\/logo_favicon_11.png","width":1024,"height":1024,"caption":"Social Design Magazine"},"image":{"@id":"https:\/\/socialdesignmagazine.com\/mag\/#\/schema\/logo\/image\/"},"sameAs":["https:\/\/www.facebook.com\/socialdesignmag","https:\/\/x.com\/socialdesignmag","http:\/\/instagram.com\/social_design_magazine\/","http:\/\/pinterest.com\/socialdesignmag\/","http:\/\/www.youtube.com\/user\/socialdesignmagazine"]},{"@type":"Person","@id":"https:\/\/socialdesignmagazine.com\/mag\/#\/schema\/person\/61e20205cc363c315e6aabd33a045846","name":"Benedetto Fiori","image":{"@type":"ImageObject","inLanguage":"it-IT","@id":"https:\/\/secure.gravatar.com\/avatar\/450a48cefa36da63d920ad70aa660bd10725b1c6093800242e5efdb397759033?s=96&d=mm&r=g","url":"https:\/\/secure.gravatar.com\/avatar\/450a48cefa36da63d920ad70aa660bd10725b1c6093800242e5efdb397759033?s=96&d=mm&r=g","contentUrl":"https:\/\/secure.gravatar.com\/avatar\/450a48cefa36da63d920ad70aa660bd10725b1c6093800242e5efdb397759033?s=96&d=mm&r=g","caption":"Benedetto Fiori"},"description":"Web | Twitter | Facebook | Shutterstock Founder &amp; Editor in Chief di Social Design Magazine. Attratto da sempre da tutto ci\u00f2 che \u00e8 creativit\u00e0, design, architettura. Dopo aver studiato Architettura all'Universit\u00e0 di Firenze, si \u00e8 impegnato in molteplici campi: comunicazione grafica, progettazione di allestimenti fieristici, brand design, Interior Design.","sameAs":["http:\/\/benedettofiori.com","https:\/\/www.facebook.com\/benedettofiori","https:\/\/x.com\/benedettofiori"],"url":"https:\/\/socialdesignmagazine.com\/mag\/author\/benedetto\/"}]}},"jetpack_featured_media_url":"https:\/\/socialdesignmagazine.com\/mag\/wp-content\/uploads\/2012\/06\/benedetto_sebastian_barlica_evolution_bar_sebastian_barlica_evolution_bar_03.jpg","jetpack_sharing_enabled":true,"jetpack_shortlink":"https:\/\/wp.me\/p6cV7V-dj","gt_translate_keys":[{"key":"link","format":"url"}],"_links":{"self":[{"href":"https:\/\/socialdesignmagazine.com\/mag\/wp-json\/wp\/v2\/posts\/825","targetHints":{"allow":["GET"]}}],"collection":[{"href":"https:\/\/socialdesignmagazine.com\/mag\/wp-json\/wp\/v2\/posts"}],"about":[{"href":"https:\/\/socialdesignmagazine.com\/mag\/wp-json\/wp\/v2\/types\/post"}],"author":[{"embeddable":true,"href":"https:\/\/socialdesignmagazine.com\/mag\/wp-json\/wp\/v2\/users\/1"}],"replies":[{"embeddable":true,"href":"https:\/\/socialdesignmagazine.com\/mag\/wp-json\/wp\/v2\/comments?post=825"}],"version-history":[{"count":1,"href":"https:\/\/socialdesignmagazine.com\/mag\/wp-json\/wp\/v2\/posts\/825\/revisions"}],"predecessor-version":[{"id":60238,"href":"https:\/\/socialdesignmagazine.com\/mag\/wp-json\/wp\/v2\/posts\/825\/revisions\/60238"}],"wp:featuredmedia":[{"embeddable":true,"href":"https:\/\/socialdesignmagazine.com\/mag\/wp-json\/wp\/v2\/media\/8400"}],"wp:attachment":[{"href":"https:\/\/socialdesignmagazine.com\/mag\/wp-json\/wp\/v2\/media?parent=825"}],"wp:term":[{"taxonomy":"category","embeddable":true,"href":"https:\/\/socialdesignmagazine.com\/mag\/wp-json\/wp\/v2\/categories?post=825"},{"taxonomy":"post_tag","embeddable":true,"href":"https:\/\/socialdesignmagazine.com\/mag\/wp-json\/wp\/v2\/tags?post=825"}],"curies":[{"name":"wp","href":"https:\/\/api.w.org\/{rel}","templated":true}]}}