{"id":854,"date":"2012-07-14T08:00:00","date_gmt":"2012-07-14T06:00:00","guid":{"rendered":"https:\/\/socialdesignmagazine.com\/mag\/s5-architettura\/c34-architettura\/collezione-aurea-il-colore-nel-mondo-del-cotto\/"},"modified":"2024-05-15T23:29:51","modified_gmt":"2024-05-15T21:29:51","slug":"collezione-aurea-il-colore-nel-mondo-del-cotto","status":"publish","type":"post","link":"https:\/\/socialdesignmagazine.com\/mag\/architettura\/collezione-aurea-il-colore-nel-mondo-del-cotto\/","title":{"rendered":"Collezione Aurea, il colore nel mondo del cotto","gt_translate_keys":[{"key":"rendered","format":"text"}]},"content":{"rendered":"\n<p>Raccontare Collezione Aurea significa narrare la storia di come il colore\u00a0sia entrato a far parte del mondo delcotto, quello pi\u00f9 autentico e vero, amplificandone le prospettive e rendendolo ancora pi\u00f9 contemporaneo, riuscendo, per\u00f2, a preservarne la qualit\u00e0 e le prerogative di stile, resistenza e durevolezza.<\/p>\n\n\n\n<p>Da secoli, se non millenni, il cotto toscano \u00e8 stato, ed \u00e8 tutt\u2019oggi, la scelta costruttiva che racchiude cultura e tradizione senza tempo, inequivocabilmente associato alle colorazioni rosse ha sempre ottenuto un enorme successo e riconoscimento, basti pensare a quanti avvenimenti storici possono testimoniare le antiche pavimentazioni di strade, piazze ed illustri dimore diffuse in tutta Italia.<\/p>\n\n\n\n<p>La&nbsp;Cupola del Brunelleschi&nbsp;rappresenta il baluardo di una tradizione del costruire ancora oggi perseguita ed amata: chi sceglie l\u2019eleganza, lo stile, la distinzione e la naturalit\u00e0 non pu\u00f2 non prediligere il&nbsp;cotto imprunetino&nbsp;nelle sue molteplici sfumature che dal rosso fiorentino arrivano al rosato.<\/p>\n\n\n\n<p>Eppure,\u00a0Collezione Aurea\u00a0amplia ulteriormente, se possibile, gli orizzonti del cotto, aggiungendo sfumature di\u00a0grigi, bruni, rossi e\u00a0verdi\u00a0che si ispirano agli elementi terra, vento e fuoco o alle diverse fasi del giorno. Grazie ad un approfondito studio, svolto in collaborazione con l\u2019Arch. Mauricio Cardenas, e ad una ricerca su come argilla acqua e pigmenti naturali si possono fondere e amalgamare alla perfezione,\u00a0<a class=\"jcepopup\" href=\"http:\/\/www.vivaterra.it\/\" target=\"_blank\" rel=\"nofollow noopener\">VIVATERRA<\/a>\u00a0\u00e8 riuscita ad ottenere nuove colorazioni assolutamente naturali nella loro ispirazione e pi\u00f9 pura essenza.<\/p>\n\n\n\n<p>Collezione Aurea\u00a0riesce a lasciare stupefatto il XXI secolo ed apre l\u2019universo del cotto al colore e alla possibilit\u00e0 di viverlo in libert\u00e0 ed in accordo con il mondo interiore che ognuno porta in s\u00e9.<\/p>\n","protected":false,"gt_translate_keys":[{"key":"rendered","format":"html"}]},"excerpt":{"rendered":"<p>Raccontare Collezione Aurea significa narrare la storia di come il colore\u00a0sia entrato a far parte del mondo delcotto, quello pi\u00f9 autentico e vero, amplificandone le prospettive e rendendolo ancora pi\u00f9 contemporaneo, riuscendo, per\u00f2, a preservarne la qualit\u00e0 e le prerogative di stile, resistenza e durevolezza.<\/p>\n","protected":false,"gt_translate_keys":[{"key":"rendered","format":"html"}]},"author":1,"featured_media":8487,"comment_status":"open","ping_status":"open","sticky":false,"template":"","format":"standard","meta":{"jetpack_post_was_ever_published":false,"_jetpack_newsletter_access":"","_jetpack_dont_email_post_to_subs":false,"_jetpack_newsletter_tier_id":0,"_jetpack_memberships_contains_paywalled_content":false,"_jetpack_memberships_contains_paid_content":false,"footnotes":"","_wpscppro_dont_share_socialmedia":false,"_wpscppro_custom_social_share_image":0,"_facebook_share_type":"","_twitter_share_type":"","_linkedin_share_type":"","_pinterest_share_type":"","_linkedin_share_type_page":"","_instagram_share_type":"","_medium_share_type":"","_threads_share_type":"","_google_business_share_type":"","_selected_social_profile":[],"_wpsp_enable_custom_social_template":false,"_wpsp_social_scheduling":{"enabled":false,"datetime":null,"platforms":[],"status":"template_only","dateOption":"today","timeOption":"now","customDays":"","customHours":"","customDate":"","customTime":"","schedulingType":"absolute"},"_wpsp_active_default_template":true},"categories":[15],"tags":[303,1679],"class_list":["post-854","post","type-post","status-publish","format-standard","has-post-thumbnail","hentry","category-architettura","tag-colore","tag-materiali"],"yoast_head":"<!-- This site is optimized with the Yoast SEO plugin v27.2 - https:\/\/yoast.com\/product\/yoast-seo-wordpress\/ -->\n<title>Collezione Aurea, il colore nel mondo del cotto - Social Design Magazine<\/title>\n<meta name=\"description\" content=\"Raccontare Collezione Aurea significa narrare la storia di come il colore\u00a0sia entrato a far parte del mondo delcotto, quello pi\u00f9 autentico e vero, amplificandone le prospettive e rendendolo ancora pi\u00f9 contemporaneo, riuscendo, per\u00f2, a preservarne la qualit\u00e0 e le prerogative di stile, resistenza e durevolezza.\" \/>\n<meta name=\"robots\" content=\"index, follow, max-snippet:-1, max-image-preview:large, max-video-preview:-1\" \/>\n<link rel=\"canonical\" href=\"https:\/\/socialdesignmagazine.com\/mag\/architettura\/collezione-aurea-il-colore-nel-mondo-del-cotto\/\" \/>\n<meta property=\"og:locale\" content=\"it_IT\" \/>\n<meta property=\"og:type\" content=\"article\" \/>\n<meta property=\"og:title\" content=\"Collezione Aurea, il colore nel mondo del cotto - Social Design Magazine\" \/>\n<meta property=\"og:description\" content=\"Raccontare Collezione Aurea significa narrare la storia di come il colore\u00a0sia entrato a far parte del mondo delcotto, quello pi\u00f9 autentico e vero, amplificandone le prospettive e rendendolo ancora pi\u00f9 contemporaneo, riuscendo, per\u00f2, a preservarne la qualit\u00e0 e le prerogative di stile, resistenza e durevolezza.\" \/>\n<meta property=\"og:url\" content=\"http:\/\/socialdesignmagazine.com\/mag\/architettura\/collezione-aurea-il-colore-nel-mondo-del-cotto\/\" \/>\n<meta property=\"og:site_name\" content=\"Social Design Magazine\" \/>\n<meta property=\"article:publisher\" content=\"https:\/\/www.facebook.com\/socialdesignmag\" \/>\n<meta property=\"article:author\" content=\"https:\/\/www.facebook.com\/benedettofiori\" \/>\n<meta property=\"article:published_time\" content=\"2012-07-14T06:00:00+00:00\" \/>\n<meta property=\"article:modified_time\" content=\"2024-05-15T21:29:51+00:00\" \/>\n<meta property=\"og:image\" content=\"https:\/\/socialdesignmagazine.com\/mag\/wp-content\/uploads\/2012\/07\/benedetto_collezione_aurea_Aurea_Bagno_Realgar.jpg\" \/>\n\t<meta property=\"og:image:width\" content=\"720\" \/>\n\t<meta property=\"og:image:height\" content=\"954\" \/>\n\t<meta property=\"og:image:type\" content=\"image\/jpeg\" \/>\n<meta name=\"author\" content=\"Benedetto Fiori\" \/>\n<meta name=\"twitter:card\" content=\"summary_large_image\" \/>\n<meta name=\"twitter:creator\" content=\"@benedettofiori\" \/>\n<meta name=\"twitter:site\" content=\"@socialdesignmag\" \/>\n<meta name=\"twitter:label1\" content=\"Scritto da\" \/>\n\t<meta name=\"twitter:data1\" content=\"Benedetto Fiori\" \/>\n\t<meta name=\"twitter:label2\" content=\"Tempo di lettura stimato\" \/>\n\t<meta name=\"twitter:data2\" content=\"2 minuti\" \/>\n<script type=\"application\/ld+json\" class=\"yoast-schema-graph\">{\"@context\":\"https:\/\/schema.org\",\"@graph\":[{\"@type\":\"Article\",\"@id\":\"https:\/\/socialdesignmagazine.com\/mag\/architettura\/collezione-aurea-il-colore-nel-mondo-del-cotto\/#article\",\"isPartOf\":{\"@id\":\"https:\/\/socialdesignmagazine.com\/mag\/architettura\/collezione-aurea-il-colore-nel-mondo-del-cotto\/\"},\"author\":{\"name\":\"Benedetto Fiori\",\"@id\":\"https:\/\/socialdesignmagazine.com\/mag\/#\/schema\/person\/61e20205cc363c315e6aabd33a045846\"},\"headline\":\"Collezione Aurea, il colore nel mondo del cotto\",\"datePublished\":\"2012-07-14T06:00:00+00:00\",\"dateModified\":\"2024-05-15T21:29:51+00:00\",\"mainEntityOfPage\":{\"@id\":\"https:\/\/socialdesignmagazine.com\/mag\/architettura\/collezione-aurea-il-colore-nel-mondo-del-cotto\/\"},\"wordCount\":276,\"commentCount\":0,\"publisher\":{\"@id\":\"https:\/\/socialdesignmagazine.com\/mag\/#organization\"},\"image\":{\"@id\":\"https:\/\/socialdesignmagazine.com\/mag\/architettura\/collezione-aurea-il-colore-nel-mondo-del-cotto\/#primaryimage\"},\"thumbnailUrl\":\"https:\/\/socialdesignmagazine.com\/mag\/wp-content\/uploads\/2012\/07\/benedetto_collezione_aurea_Aurea_Bagno_Realgar.jpg\",\"keywords\":[\"colore\",\"materiali\"],\"articleSection\":[\"Architettura\"],\"inLanguage\":\"it-IT\",\"potentialAction\":[{\"@type\":\"CommentAction\",\"name\":\"Comment\",\"target\":[\"https:\/\/socialdesignmagazine.com\/mag\/architettura\/collezione-aurea-il-colore-nel-mondo-del-cotto\/#respond\"]}]},{\"@type\":\"WebPage\",\"@id\":\"https:\/\/socialdesignmagazine.com\/mag\/architettura\/collezione-aurea-il-colore-nel-mondo-del-cotto\/\",\"url\":\"https:\/\/socialdesignmagazine.com\/mag\/architettura\/collezione-aurea-il-colore-nel-mondo-del-cotto\/\",\"name\":\"Collezione Aurea, il colore nel mondo del cotto - Social Design Magazine\",\"isPartOf\":{\"@id\":\"https:\/\/socialdesignmagazine.com\/mag\/#website\"},\"primaryImageOfPage\":{\"@id\":\"https:\/\/socialdesignmagazine.com\/mag\/architettura\/collezione-aurea-il-colore-nel-mondo-del-cotto\/#primaryimage\"},\"image\":{\"@id\":\"https:\/\/socialdesignmagazine.com\/mag\/architettura\/collezione-aurea-il-colore-nel-mondo-del-cotto\/#primaryimage\"},\"thumbnailUrl\":\"https:\/\/socialdesignmagazine.com\/mag\/wp-content\/uploads\/2012\/07\/benedetto_collezione_aurea_Aurea_Bagno_Realgar.jpg\",\"datePublished\":\"2012-07-14T06:00:00+00:00\",\"dateModified\":\"2024-05-15T21:29:51+00:00\",\"description\":\"Raccontare Collezione Aurea significa narrare la storia di come il colore\u00a0sia entrato a far parte del mondo delcotto, quello pi\u00f9 autentico e vero, amplificandone le prospettive e rendendolo ancora pi\u00f9 contemporaneo, riuscendo, per\u00f2, a preservarne la qualit\u00e0 e le prerogative di stile, resistenza e durevolezza.\",\"breadcrumb\":{\"@id\":\"https:\/\/socialdesignmagazine.com\/mag\/architettura\/collezione-aurea-il-colore-nel-mondo-del-cotto\/#breadcrumb\"},\"inLanguage\":\"it-IT\",\"potentialAction\":[{\"@type\":\"ReadAction\",\"target\":[\"https:\/\/socialdesignmagazine.com\/mag\/architettura\/collezione-aurea-il-colore-nel-mondo-del-cotto\/\"]}]},{\"@type\":\"ImageObject\",\"inLanguage\":\"it-IT\",\"@id\":\"https:\/\/socialdesignmagazine.com\/mag\/architettura\/collezione-aurea-il-colore-nel-mondo-del-cotto\/#primaryimage\",\"url\":\"https:\/\/socialdesignmagazine.com\/mag\/wp-content\/uploads\/2012\/07\/benedetto_collezione_aurea_Aurea_Bagno_Realgar.jpg\",\"contentUrl\":\"https:\/\/socialdesignmagazine.com\/mag\/wp-content\/uploads\/2012\/07\/benedetto_collezione_aurea_Aurea_Bagno_Realgar.jpg\",\"width\":720,\"height\":954,\"caption\":\"Aurea Bagno Realgar\"},{\"@type\":\"BreadcrumbList\",\"@id\":\"https:\/\/socialdesignmagazine.com\/mag\/architettura\/collezione-aurea-il-colore-nel-mondo-del-cotto\/#breadcrumb\",\"itemListElement\":[{\"@type\":\"ListItem\",\"position\":1,\"name\":\"Home\",\"item\":\"https:\/\/socialdesignmagazine.com\/mag\/\"},{\"@type\":\"ListItem\",\"position\":2,\"name\":\"Architettura\",\"item\":\"https:\/\/socialdesignmagazine.com\/mag\/architettura\/\"},{\"@type\":\"ListItem\",\"position\":3,\"name\":\"Collezione Aurea, il colore nel mondo del cotto\"}]},{\"@type\":\"WebSite\",\"@id\":\"https:\/\/socialdesignmagazine.com\/mag\/#website\",\"url\":\"https:\/\/socialdesignmagazine.com\/mag\/\",\"name\":\"Social Design Magazine\",\"description\":\"Social Magazine su Design, Architettura, Arte, Grafica\",\"publisher\":{\"@id\":\"https:\/\/socialdesignmagazine.com\/mag\/#organization\"},\"potentialAction\":[{\"@type\":\"SearchAction\",\"target\":{\"@type\":\"EntryPoint\",\"urlTemplate\":\"https:\/\/socialdesignmagazine.com\/mag\/?s={search_term_string}\"},\"query-input\":{\"@type\":\"PropertyValueSpecification\",\"valueRequired\":true,\"valueName\":\"search_term_string\"}}],\"inLanguage\":\"it-IT\"},{\"@type\":\"Organization\",\"@id\":\"https:\/\/socialdesignmagazine.com\/mag\/#organization\",\"name\":\"Social Design Magazine\",\"url\":\"https:\/\/socialdesignmagazine.com\/mag\/\",\"logo\":{\"@type\":\"ImageObject\",\"inLanguage\":\"it-IT\",\"@id\":\"https:\/\/socialdesignmagazine.com\/mag\/#\/schema\/logo\/image\/\",\"url\":\"https:\/\/socialdesignmagazine.com\/mag\/wp-content\/uploads\/2017\/01\/logo_favicon_11.png\",\"contentUrl\":\"https:\/\/socialdesignmagazine.com\/mag\/wp-content\/uploads\/2017\/01\/logo_favicon_11.png\",\"width\":1024,\"height\":1024,\"caption\":\"Social Design Magazine\"},\"image\":{\"@id\":\"https:\/\/socialdesignmagazine.com\/mag\/#\/schema\/logo\/image\/\"},\"sameAs\":[\"https:\/\/www.facebook.com\/socialdesignmag\",\"https:\/\/x.com\/socialdesignmag\",\"http:\/\/instagram.com\/social_design_magazine\/\",\"http:\/\/pinterest.com\/socialdesignmag\/\",\"http:\/\/www.youtube.com\/user\/socialdesignmagazine\"]},{\"@type\":\"Person\",\"@id\":\"https:\/\/socialdesignmagazine.com\/mag\/#\/schema\/person\/61e20205cc363c315e6aabd33a045846\",\"name\":\"Benedetto Fiori\",\"image\":{\"@type\":\"ImageObject\",\"inLanguage\":\"it-IT\",\"@id\":\"https:\/\/secure.gravatar.com\/avatar\/450a48cefa36da63d920ad70aa660bd10725b1c6093800242e5efdb397759033?s=96&d=mm&r=g\",\"url\":\"https:\/\/secure.gravatar.com\/avatar\/450a48cefa36da63d920ad70aa660bd10725b1c6093800242e5efdb397759033?s=96&d=mm&r=g\",\"contentUrl\":\"https:\/\/secure.gravatar.com\/avatar\/450a48cefa36da63d920ad70aa660bd10725b1c6093800242e5efdb397759033?s=96&d=mm&r=g\",\"caption\":\"Benedetto Fiori\"},\"description\":\"Web | Twitter | Facebook | Shutterstock Founder &amp; Editor in Chief di Social Design Magazine. Attratto da sempre da tutto ci\u00f2 che \u00e8 creativit\u00e0, design, architettura. Dopo aver studiato Architettura all'Universit\u00e0 di Firenze, si \u00e8 impegnato in molteplici campi: comunicazione grafica, progettazione di allestimenti fieristici, brand design, Interior Design.\",\"sameAs\":[\"http:\/\/benedettofiori.com\",\"https:\/\/www.facebook.com\/benedettofiori\",\"https:\/\/x.com\/benedettofiori\"],\"url\":\"https:\/\/socialdesignmagazine.com\/mag\/author\/benedetto\/\"}]}<\/script>\n<!-- \/ Yoast SEO plugin. -->","yoast_head_json":{"title":"Collezione Aurea, il colore nel mondo del cotto - Social Design Magazine","description":"Raccontare Collezione Aurea significa narrare la storia di come il colore\u00a0sia entrato a far parte del mondo delcotto, quello pi\u00f9 autentico e vero, amplificandone le prospettive e rendendolo ancora pi\u00f9 contemporaneo, riuscendo, per\u00f2, a preservarne la qualit\u00e0 e le prerogative di stile, resistenza e durevolezza.","robots":{"index":"index","follow":"follow","max-snippet":"max-snippet:-1","max-image-preview":"max-image-preview:large","max-video-preview":"max-video-preview:-1"},"canonical":"https:\/\/socialdesignmagazine.com\/mag\/architettura\/collezione-aurea-il-colore-nel-mondo-del-cotto\/","og_locale":"it_IT","og_type":"article","og_title":"Collezione Aurea, il colore nel mondo del cotto - Social Design Magazine","og_description":"Raccontare Collezione Aurea significa narrare la storia di come il colore\u00a0sia entrato a far parte del mondo delcotto, quello pi\u00f9 autentico e vero, amplificandone le prospettive e rendendolo ancora pi\u00f9 contemporaneo, riuscendo, per\u00f2, a preservarne la qualit\u00e0 e le prerogative di stile, resistenza e durevolezza.","og_url":"http:\/\/socialdesignmagazine.com\/mag\/architettura\/collezione-aurea-il-colore-nel-mondo-del-cotto\/","og_site_name":"Social Design Magazine","article_publisher":"https:\/\/www.facebook.com\/socialdesignmag","article_author":"https:\/\/www.facebook.com\/benedettofiori","article_published_time":"2012-07-14T06:00:00+00:00","article_modified_time":"2024-05-15T21:29:51+00:00","og_image":[{"width":720,"height":954,"url":"https:\/\/socialdesignmagazine.com\/mag\/wp-content\/uploads\/2012\/07\/benedetto_collezione_aurea_Aurea_Bagno_Realgar.jpg","type":"image\/jpeg"}],"author":"Benedetto Fiori","twitter_card":"summary_large_image","twitter_creator":"@benedettofiori","twitter_site":"@socialdesignmag","twitter_misc":{"Scritto da":"Benedetto Fiori","Tempo di lettura stimato":"2 minuti"},"schema":{"@context":"https:\/\/schema.org","@graph":[{"@type":"Article","@id":"https:\/\/socialdesignmagazine.com\/mag\/architettura\/collezione-aurea-il-colore-nel-mondo-del-cotto\/#article","isPartOf":{"@id":"https:\/\/socialdesignmagazine.com\/mag\/architettura\/collezione-aurea-il-colore-nel-mondo-del-cotto\/"},"author":{"name":"Benedetto Fiori","@id":"https:\/\/socialdesignmagazine.com\/mag\/#\/schema\/person\/61e20205cc363c315e6aabd33a045846"},"headline":"Collezione Aurea, il colore nel mondo del cotto","datePublished":"2012-07-14T06:00:00+00:00","dateModified":"2024-05-15T21:29:51+00:00","mainEntityOfPage":{"@id":"https:\/\/socialdesignmagazine.com\/mag\/architettura\/collezione-aurea-il-colore-nel-mondo-del-cotto\/"},"wordCount":276,"commentCount":0,"publisher":{"@id":"https:\/\/socialdesignmagazine.com\/mag\/#organization"},"image":{"@id":"https:\/\/socialdesignmagazine.com\/mag\/architettura\/collezione-aurea-il-colore-nel-mondo-del-cotto\/#primaryimage"},"thumbnailUrl":"https:\/\/socialdesignmagazine.com\/mag\/wp-content\/uploads\/2012\/07\/benedetto_collezione_aurea_Aurea_Bagno_Realgar.jpg","keywords":["colore","materiali"],"articleSection":["Architettura"],"inLanguage":"it-IT","potentialAction":[{"@type":"CommentAction","name":"Comment","target":["https:\/\/socialdesignmagazine.com\/mag\/architettura\/collezione-aurea-il-colore-nel-mondo-del-cotto\/#respond"]}]},{"@type":"WebPage","@id":"https:\/\/socialdesignmagazine.com\/mag\/architettura\/collezione-aurea-il-colore-nel-mondo-del-cotto\/","url":"https:\/\/socialdesignmagazine.com\/mag\/architettura\/collezione-aurea-il-colore-nel-mondo-del-cotto\/","name":"Collezione Aurea, il colore nel mondo del cotto - Social Design Magazine","isPartOf":{"@id":"https:\/\/socialdesignmagazine.com\/mag\/#website"},"primaryImageOfPage":{"@id":"https:\/\/socialdesignmagazine.com\/mag\/architettura\/collezione-aurea-il-colore-nel-mondo-del-cotto\/#primaryimage"},"image":{"@id":"https:\/\/socialdesignmagazine.com\/mag\/architettura\/collezione-aurea-il-colore-nel-mondo-del-cotto\/#primaryimage"},"thumbnailUrl":"https:\/\/socialdesignmagazine.com\/mag\/wp-content\/uploads\/2012\/07\/benedetto_collezione_aurea_Aurea_Bagno_Realgar.jpg","datePublished":"2012-07-14T06:00:00+00:00","dateModified":"2024-05-15T21:29:51+00:00","description":"Raccontare Collezione Aurea significa narrare la storia di come il colore\u00a0sia entrato a far parte del mondo delcotto, quello pi\u00f9 autentico e vero, amplificandone le prospettive e rendendolo ancora pi\u00f9 contemporaneo, riuscendo, per\u00f2, a preservarne la qualit\u00e0 e le prerogative di stile, resistenza e durevolezza.","breadcrumb":{"@id":"https:\/\/socialdesignmagazine.com\/mag\/architettura\/collezione-aurea-il-colore-nel-mondo-del-cotto\/#breadcrumb"},"inLanguage":"it-IT","potentialAction":[{"@type":"ReadAction","target":["https:\/\/socialdesignmagazine.com\/mag\/architettura\/collezione-aurea-il-colore-nel-mondo-del-cotto\/"]}]},{"@type":"ImageObject","inLanguage":"it-IT","@id":"https:\/\/socialdesignmagazine.com\/mag\/architettura\/collezione-aurea-il-colore-nel-mondo-del-cotto\/#primaryimage","url":"https:\/\/socialdesignmagazine.com\/mag\/wp-content\/uploads\/2012\/07\/benedetto_collezione_aurea_Aurea_Bagno_Realgar.jpg","contentUrl":"https:\/\/socialdesignmagazine.com\/mag\/wp-content\/uploads\/2012\/07\/benedetto_collezione_aurea_Aurea_Bagno_Realgar.jpg","width":720,"height":954,"caption":"Aurea Bagno Realgar"},{"@type":"BreadcrumbList","@id":"https:\/\/socialdesignmagazine.com\/mag\/architettura\/collezione-aurea-il-colore-nel-mondo-del-cotto\/#breadcrumb","itemListElement":[{"@type":"ListItem","position":1,"name":"Home","item":"https:\/\/socialdesignmagazine.com\/mag\/"},{"@type":"ListItem","position":2,"name":"Architettura","item":"https:\/\/socialdesignmagazine.com\/mag\/architettura\/"},{"@type":"ListItem","position":3,"name":"Collezione Aurea, il colore nel mondo del cotto"}]},{"@type":"WebSite","@id":"https:\/\/socialdesignmagazine.com\/mag\/#website","url":"https:\/\/socialdesignmagazine.com\/mag\/","name":"Social Design Magazine","description":"Social Magazine su Design, Architettura, Arte, Grafica","publisher":{"@id":"https:\/\/socialdesignmagazine.com\/mag\/#organization"},"potentialAction":[{"@type":"SearchAction","target":{"@type":"EntryPoint","urlTemplate":"https:\/\/socialdesignmagazine.com\/mag\/?s={search_term_string}"},"query-input":{"@type":"PropertyValueSpecification","valueRequired":true,"valueName":"search_term_string"}}],"inLanguage":"it-IT"},{"@type":"Organization","@id":"https:\/\/socialdesignmagazine.com\/mag\/#organization","name":"Social Design Magazine","url":"https:\/\/socialdesignmagazine.com\/mag\/","logo":{"@type":"ImageObject","inLanguage":"it-IT","@id":"https:\/\/socialdesignmagazine.com\/mag\/#\/schema\/logo\/image\/","url":"https:\/\/socialdesignmagazine.com\/mag\/wp-content\/uploads\/2017\/01\/logo_favicon_11.png","contentUrl":"https:\/\/socialdesignmagazine.com\/mag\/wp-content\/uploads\/2017\/01\/logo_favicon_11.png","width":1024,"height":1024,"caption":"Social Design Magazine"},"image":{"@id":"https:\/\/socialdesignmagazine.com\/mag\/#\/schema\/logo\/image\/"},"sameAs":["https:\/\/www.facebook.com\/socialdesignmag","https:\/\/x.com\/socialdesignmag","http:\/\/instagram.com\/social_design_magazine\/","http:\/\/pinterest.com\/socialdesignmag\/","http:\/\/www.youtube.com\/user\/socialdesignmagazine"]},{"@type":"Person","@id":"https:\/\/socialdesignmagazine.com\/mag\/#\/schema\/person\/61e20205cc363c315e6aabd33a045846","name":"Benedetto Fiori","image":{"@type":"ImageObject","inLanguage":"it-IT","@id":"https:\/\/secure.gravatar.com\/avatar\/450a48cefa36da63d920ad70aa660bd10725b1c6093800242e5efdb397759033?s=96&d=mm&r=g","url":"https:\/\/secure.gravatar.com\/avatar\/450a48cefa36da63d920ad70aa660bd10725b1c6093800242e5efdb397759033?s=96&d=mm&r=g","contentUrl":"https:\/\/secure.gravatar.com\/avatar\/450a48cefa36da63d920ad70aa660bd10725b1c6093800242e5efdb397759033?s=96&d=mm&r=g","caption":"Benedetto Fiori"},"description":"Web | Twitter | Facebook | Shutterstock Founder &amp; Editor in Chief di Social Design Magazine. Attratto da sempre da tutto ci\u00f2 che \u00e8 creativit\u00e0, design, architettura. Dopo aver studiato Architettura all'Universit\u00e0 di Firenze, si \u00e8 impegnato in molteplici campi: comunicazione grafica, progettazione di allestimenti fieristici, brand design, Interior Design.","sameAs":["http:\/\/benedettofiori.com","https:\/\/www.facebook.com\/benedettofiori","https:\/\/x.com\/benedettofiori"],"url":"https:\/\/socialdesignmagazine.com\/mag\/author\/benedetto\/"}]}},"jetpack_featured_media_url":"https:\/\/socialdesignmagazine.com\/mag\/wp-content\/uploads\/2012\/07\/benedetto_collezione_aurea_Aurea_Bagno_Realgar.jpg","jetpack_sharing_enabled":true,"jetpack_shortlink":"https:\/\/wp.me\/p6cV7V-dM","gt_translate_keys":[{"key":"link","format":"url"}],"_links":{"self":[{"href":"https:\/\/socialdesignmagazine.com\/mag\/wp-json\/wp\/v2\/posts\/854","targetHints":{"allow":["GET"]}}],"collection":[{"href":"https:\/\/socialdesignmagazine.com\/mag\/wp-json\/wp\/v2\/posts"}],"about":[{"href":"https:\/\/socialdesignmagazine.com\/mag\/wp-json\/wp\/v2\/types\/post"}],"author":[{"embeddable":true,"href":"https:\/\/socialdesignmagazine.com\/mag\/wp-json\/wp\/v2\/users\/1"}],"replies":[{"embeddable":true,"href":"https:\/\/socialdesignmagazine.com\/mag\/wp-json\/wp\/v2\/comments?post=854"}],"version-history":[{"count":1,"href":"https:\/\/socialdesignmagazine.com\/mag\/wp-json\/wp\/v2\/posts\/854\/revisions"}],"predecessor-version":[{"id":60267,"href":"https:\/\/socialdesignmagazine.com\/mag\/wp-json\/wp\/v2\/posts\/854\/revisions\/60267"}],"wp:featuredmedia":[{"embeddable":true,"href":"https:\/\/socialdesignmagazine.com\/mag\/wp-json\/wp\/v2\/media\/8487"}],"wp:attachment":[{"href":"https:\/\/socialdesignmagazine.com\/mag\/wp-json\/wp\/v2\/media?parent=854"}],"wp:term":[{"taxonomy":"category","embeddable":true,"href":"https:\/\/socialdesignmagazine.com\/mag\/wp-json\/wp\/v2\/categories?post=854"},{"taxonomy":"post_tag","embeddable":true,"href":"https:\/\/socialdesignmagazine.com\/mag\/wp-json\/wp\/v2\/tags?post=854"}],"curies":[{"name":"wp","href":"https:\/\/api.w.org\/{rel}","templated":true}]}}