{"id":858,"date":"2012-07-15T16:00:00","date_gmt":"2012-07-15T14:00:00","guid":{"rendered":"https:\/\/socialdesignmagazine.com\/mag\/s6-design\/c35-design\/premium-cresce-e-raddoppia-anteprima-catalano-cersaie-2012\/"},"modified":"2024-05-15T23:39:49","modified_gmt":"2024-05-15T21:39:49","slug":"premium-cresce-e-raddoppia-anteprima-catalano-cersaie-2012","status":"publish","type":"post","link":"https:\/\/socialdesignmagazine.com\/mag\/design\/premium-cresce-e-raddoppia-anteprima-catalano-cersaie-2012\/","title":{"rendered":"PREMIUM cresce e raddoppia, anteprima Catalano, cersaie 2012","gt_translate_keys":[{"key":"rendered","format":"text"}]},"content":{"rendered":"\n<p>Premium espande al massimo la propria versatilit\u00e0 e raddoppia: in anteprima a Cersaie 2012 <a target=\"_blank\" class=\"jcepopup\" rel=\"nofollow noopener\" href=\"http:\/\/www.catalano.it\">Catalano<\/a> presenta una nuova declinazione del lavabo, che diventa doppio e contemporaneamente si amplia fino ai 150 cm. A questa nuova proposta si aggiunge anche una versione da 120 cm.<\/p>\n\n\n\n<p>Misure importanti che rispondono non semplicemente a canoni di gigantismo estetico contemporaneo bens\u00ec ad esigenze di funzionalit\u00e0 e ad una estrema praticit\u00e0 di utilizzo.<\/p>\n\n\n\n<p>&nbsp;La versione fuori scala (150&#215;2) e la nuova misura (120) arricchiscono Premium, la nuova famiglia di lavabi essenziale, dal carattere lineare e contemporaneo, presentata in occasione del Salone Internazionale del Bagno. Premium costituisce l&#8217;evoluzione del pensiero progettuale poliedrico, coerente e continuativo, da cui sono nati alcuni dei grandi successi dell&#8217;azienda, da Zero a Verso, per giungere fino a Proiezioni, e che oggi si combina sempre di pi\u00f9 con le tecnologie avanzate di cui la Catalano dispone.<\/p>\n\n\n\n<p>&nbsp;Come tutti i lavabi della collezione Premium, anche i nuovi formati sono pensati per un\u2019installazione a parete, su mobile o ad appoggio, e possono essere integrati con uno specifico portasciugamani.<\/p>\n","protected":false,"gt_translate_keys":[{"key":"rendered","format":"html"}]},"excerpt":{"rendered":"<p>Premium espande al massimo la propria versatilit\u00e0 e raddoppia: in anteprima a Cersaie 2012 Catalano presenta una nuova declinazione del lavabo, che diventa doppio e contemporaneamente si amplia fino ai 150 cm. A questa nuova proposta si aggiunge anche una versione da 120 cm.<\/p>\n","protected":false,"gt_translate_keys":[{"key":"rendered","format":"html"}]},"author":1,"featured_media":8498,"comment_status":"open","ping_status":"open","sticky":false,"template":"","format":"standard","meta":{"jetpack_post_was_ever_published":false,"_jetpack_newsletter_access":"","_jetpack_dont_email_post_to_subs":false,"_jetpack_newsletter_tier_id":0,"_jetpack_memberships_contains_paywalled_content":false,"_jetpack_memberships_contains_paid_content":false,"footnotes":"","_wpscppro_dont_share_socialmedia":false,"_wpscppro_custom_social_share_image":0,"_facebook_share_type":"","_twitter_share_type":"","_linkedin_share_type":"","_pinterest_share_type":"","_linkedin_share_type_page":"","_instagram_share_type":"","_medium_share_type":"","_threads_share_type":"","_google_business_share_type":"","_selected_social_profile":[],"_wpsp_enable_custom_social_template":false,"_wpsp_social_scheduling":{"enabled":false,"datetime":null,"platforms":[],"status":"template_only","dateOption":"today","timeOption":"now","customDays":"","customHours":"","customDate":"","customTime":"","schedulingType":"absolute"},"_wpsp_active_default_template":true},"categories":[13],"tags":[306,2067,2302,2303],"class_list":["post-858","post","type-post","status-publish","format-standard","has-post-thumbnail","hentry","category-design","tag-bagno","tag-catalano","tag-cersaie-2012","tag-lavabo"],"yoast_head":"<!-- This site is optimized with the Yoast SEO plugin v27.2 - https:\/\/yoast.com\/product\/yoast-seo-wordpress\/ -->\n<title>PREMIUM cresce e raddoppia, anteprima Catalano, cersaie 2012 - Social Design Magazine<\/title>\n<meta name=\"description\" content=\"Premium espande al massimo la propria versatilit\u00e0 e raddoppia: in anteprima a Cersaie 2012 Catalano presenta una nuova declinazione del lavabo, che diventa doppio e contemporaneamente si amplia fino ai 150 cm. A questa nuova proposta si aggiunge anche una versione da 120 cm.\" \/>\n<meta name=\"robots\" content=\"index, follow, max-snippet:-1, max-image-preview:large, max-video-preview:-1\" \/>\n<link rel=\"canonical\" href=\"https:\/\/socialdesignmagazine.com\/mag\/design\/premium-cresce-e-raddoppia-anteprima-catalano-cersaie-2012\/\" \/>\n<meta property=\"og:locale\" content=\"it_IT\" \/>\n<meta property=\"og:type\" content=\"article\" \/>\n<meta property=\"og:title\" content=\"PREMIUM cresce e raddoppia, anteprima Catalano, cersaie 2012 - Social Design Magazine\" \/>\n<meta property=\"og:description\" content=\"Premium espande al massimo la propria versatilit\u00e0 e raddoppia: in anteprima a Cersaie 2012 Catalano presenta una nuova declinazione del lavabo, che diventa doppio e contemporaneamente si amplia fino ai 150 cm. A questa nuova proposta si aggiunge anche una versione da 120 cm.\" \/>\n<meta property=\"og:url\" content=\"http:\/\/socialdesignmagazine.com\/mag\/design\/premium-cresce-e-raddoppia-anteprima-catalano-cersaie-2012\/\" \/>\n<meta property=\"og:site_name\" content=\"Social Design Magazine\" \/>\n<meta property=\"article:publisher\" content=\"https:\/\/www.facebook.com\/socialdesignmag\" \/>\n<meta property=\"article:author\" content=\"https:\/\/www.facebook.com\/benedettofiori\" \/>\n<meta property=\"article:published_time\" content=\"2012-07-15T14:00:00+00:00\" \/>\n<meta property=\"article:modified_time\" content=\"2024-05-15T21:39:49+00:00\" \/>\n<meta property=\"og:image\" content=\"https:\/\/socialdesignmagazine.com\/mag\/wp-content\/uploads\/2012\/07\/benedetto_catalano_premium_anteprima_cersaie_2012_CATALANO_anteprima_Cersaie_2012.jpg\" \/>\n\t<meta property=\"og:image:width\" content=\"720\" \/>\n\t<meta property=\"og:image:height\" content=\"997\" \/>\n\t<meta property=\"og:image:type\" content=\"image\/jpeg\" \/>\n<meta name=\"author\" content=\"Benedetto Fiori\" \/>\n<meta name=\"twitter:card\" content=\"summary_large_image\" \/>\n<meta name=\"twitter:creator\" content=\"@benedettofiori\" \/>\n<meta name=\"twitter:site\" content=\"@socialdesignmag\" \/>\n<meta name=\"twitter:label1\" content=\"Scritto da\" \/>\n\t<meta name=\"twitter:data1\" content=\"Benedetto Fiori\" \/>\n\t<meta name=\"twitter:label2\" content=\"Tempo di lettura stimato\" \/>\n\t<meta name=\"twitter:data2\" content=\"2 minuti\" \/>\n<script type=\"application\/ld+json\" class=\"yoast-schema-graph\">{\"@context\":\"https:\/\/schema.org\",\"@graph\":[{\"@type\":\"Article\",\"@id\":\"https:\/\/socialdesignmagazine.com\/mag\/design\/premium-cresce-e-raddoppia-anteprima-catalano-cersaie-2012\/#article\",\"isPartOf\":{\"@id\":\"https:\/\/socialdesignmagazine.com\/mag\/design\/premium-cresce-e-raddoppia-anteprima-catalano-cersaie-2012\/\"},\"author\":{\"name\":\"Benedetto Fiori\",\"@id\":\"https:\/\/socialdesignmagazine.com\/mag\/#\/schema\/person\/61e20205cc363c315e6aabd33a045846\"},\"headline\":\"PREMIUM cresce e raddoppia, anteprima Catalano, cersaie 2012\",\"datePublished\":\"2012-07-15T14:00:00+00:00\",\"dateModified\":\"2024-05-15T21:39:49+00:00\",\"mainEntityOfPage\":{\"@id\":\"https:\/\/socialdesignmagazine.com\/mag\/design\/premium-cresce-e-raddoppia-anteprima-catalano-cersaie-2012\/\"},\"wordCount\":182,\"commentCount\":0,\"publisher\":{\"@id\":\"https:\/\/socialdesignmagazine.com\/mag\/#organization\"},\"image\":{\"@id\":\"https:\/\/socialdesignmagazine.com\/mag\/design\/premium-cresce-e-raddoppia-anteprima-catalano-cersaie-2012\/#primaryimage\"},\"thumbnailUrl\":\"https:\/\/socialdesignmagazine.com\/mag\/wp-content\/uploads\/2012\/07\/benedetto_catalano_premium_anteprima_cersaie_2012_CATALANO_anteprima_Cersaie_2012.jpg\",\"keywords\":[\"bagno\",\"catalano\",\"cersaie 2012\",\"lavabo\"],\"articleSection\":[\"Design\"],\"inLanguage\":\"it-IT\",\"potentialAction\":[{\"@type\":\"CommentAction\",\"name\":\"Comment\",\"target\":[\"https:\/\/socialdesignmagazine.com\/mag\/design\/premium-cresce-e-raddoppia-anteprima-catalano-cersaie-2012\/#respond\"]}]},{\"@type\":\"WebPage\",\"@id\":\"https:\/\/socialdesignmagazine.com\/mag\/design\/premium-cresce-e-raddoppia-anteprima-catalano-cersaie-2012\/\",\"url\":\"https:\/\/socialdesignmagazine.com\/mag\/design\/premium-cresce-e-raddoppia-anteprima-catalano-cersaie-2012\/\",\"name\":\"PREMIUM cresce e raddoppia, anteprima Catalano, cersaie 2012 - Social Design Magazine\",\"isPartOf\":{\"@id\":\"https:\/\/socialdesignmagazine.com\/mag\/#website\"},\"primaryImageOfPage\":{\"@id\":\"https:\/\/socialdesignmagazine.com\/mag\/design\/premium-cresce-e-raddoppia-anteprima-catalano-cersaie-2012\/#primaryimage\"},\"image\":{\"@id\":\"https:\/\/socialdesignmagazine.com\/mag\/design\/premium-cresce-e-raddoppia-anteprima-catalano-cersaie-2012\/#primaryimage\"},\"thumbnailUrl\":\"https:\/\/socialdesignmagazine.com\/mag\/wp-content\/uploads\/2012\/07\/benedetto_catalano_premium_anteprima_cersaie_2012_CATALANO_anteprima_Cersaie_2012.jpg\",\"datePublished\":\"2012-07-15T14:00:00+00:00\",\"dateModified\":\"2024-05-15T21:39:49+00:00\",\"description\":\"Premium espande al massimo la propria versatilit\u00e0 e raddoppia: in anteprima a Cersaie 2012 Catalano presenta una nuova declinazione del lavabo, che diventa doppio e contemporaneamente si amplia fino ai 150 cm. A questa nuova proposta si aggiunge anche una versione da 120 cm.\",\"breadcrumb\":{\"@id\":\"https:\/\/socialdesignmagazine.com\/mag\/design\/premium-cresce-e-raddoppia-anteprima-catalano-cersaie-2012\/#breadcrumb\"},\"inLanguage\":\"it-IT\",\"potentialAction\":[{\"@type\":\"ReadAction\",\"target\":[\"https:\/\/socialdesignmagazine.com\/mag\/design\/premium-cresce-e-raddoppia-anteprima-catalano-cersaie-2012\/\"]}]},{\"@type\":\"ImageObject\",\"inLanguage\":\"it-IT\",\"@id\":\"https:\/\/socialdesignmagazine.com\/mag\/design\/premium-cresce-e-raddoppia-anteprima-catalano-cersaie-2012\/#primaryimage\",\"url\":\"https:\/\/socialdesignmagazine.com\/mag\/wp-content\/uploads\/2012\/07\/benedetto_catalano_premium_anteprima_cersaie_2012_CATALANO_anteprima_Cersaie_2012.jpg\",\"contentUrl\":\"https:\/\/socialdesignmagazine.com\/mag\/wp-content\/uploads\/2012\/07\/benedetto_catalano_premium_anteprima_cersaie_2012_CATALANO_anteprima_Cersaie_2012.jpg\",\"width\":720,\"height\":997,\"caption\":\"CATALANO anteprima Cersaie 2012\"},{\"@type\":\"BreadcrumbList\",\"@id\":\"https:\/\/socialdesignmagazine.com\/mag\/design\/premium-cresce-e-raddoppia-anteprima-catalano-cersaie-2012\/#breadcrumb\",\"itemListElement\":[{\"@type\":\"ListItem\",\"position\":1,\"name\":\"Home\",\"item\":\"https:\/\/socialdesignmagazine.com\/mag\/\"},{\"@type\":\"ListItem\",\"position\":2,\"name\":\"Design\",\"item\":\"https:\/\/socialdesignmagazine.com\/mag\/design\/\"},{\"@type\":\"ListItem\",\"position\":3,\"name\":\"PREMIUM cresce e raddoppia, anteprima Catalano, cersaie 2012\"}]},{\"@type\":\"WebSite\",\"@id\":\"https:\/\/socialdesignmagazine.com\/mag\/#website\",\"url\":\"https:\/\/socialdesignmagazine.com\/mag\/\",\"name\":\"Social Design Magazine\",\"description\":\"Social Magazine su Design, Architettura, Arte, Grafica\",\"publisher\":{\"@id\":\"https:\/\/socialdesignmagazine.com\/mag\/#organization\"},\"potentialAction\":[{\"@type\":\"SearchAction\",\"target\":{\"@type\":\"EntryPoint\",\"urlTemplate\":\"https:\/\/socialdesignmagazine.com\/mag\/?s={search_term_string}\"},\"query-input\":{\"@type\":\"PropertyValueSpecification\",\"valueRequired\":true,\"valueName\":\"search_term_string\"}}],\"inLanguage\":\"it-IT\"},{\"@type\":\"Organization\",\"@id\":\"https:\/\/socialdesignmagazine.com\/mag\/#organization\",\"name\":\"Social Design Magazine\",\"url\":\"https:\/\/socialdesignmagazine.com\/mag\/\",\"logo\":{\"@type\":\"ImageObject\",\"inLanguage\":\"it-IT\",\"@id\":\"https:\/\/socialdesignmagazine.com\/mag\/#\/schema\/logo\/image\/\",\"url\":\"https:\/\/socialdesignmagazine.com\/mag\/wp-content\/uploads\/2017\/01\/logo_favicon_11.png\",\"contentUrl\":\"https:\/\/socialdesignmagazine.com\/mag\/wp-content\/uploads\/2017\/01\/logo_favicon_11.png\",\"width\":1024,\"height\":1024,\"caption\":\"Social Design Magazine\"},\"image\":{\"@id\":\"https:\/\/socialdesignmagazine.com\/mag\/#\/schema\/logo\/image\/\"},\"sameAs\":[\"https:\/\/www.facebook.com\/socialdesignmag\",\"https:\/\/x.com\/socialdesignmag\",\"http:\/\/instagram.com\/social_design_magazine\/\",\"http:\/\/pinterest.com\/socialdesignmag\/\",\"http:\/\/www.youtube.com\/user\/socialdesignmagazine\"]},{\"@type\":\"Person\",\"@id\":\"https:\/\/socialdesignmagazine.com\/mag\/#\/schema\/person\/61e20205cc363c315e6aabd33a045846\",\"name\":\"Benedetto Fiori\",\"image\":{\"@type\":\"ImageObject\",\"inLanguage\":\"it-IT\",\"@id\":\"https:\/\/secure.gravatar.com\/avatar\/450a48cefa36da63d920ad70aa660bd10725b1c6093800242e5efdb397759033?s=96&d=mm&r=g\",\"url\":\"https:\/\/secure.gravatar.com\/avatar\/450a48cefa36da63d920ad70aa660bd10725b1c6093800242e5efdb397759033?s=96&d=mm&r=g\",\"contentUrl\":\"https:\/\/secure.gravatar.com\/avatar\/450a48cefa36da63d920ad70aa660bd10725b1c6093800242e5efdb397759033?s=96&d=mm&r=g\",\"caption\":\"Benedetto Fiori\"},\"description\":\"Web | Twitter | Facebook | Shutterstock Founder &amp; Editor in Chief di Social Design Magazine. Attratto da sempre da tutto ci\u00f2 che \u00e8 creativit\u00e0, design, architettura. Dopo aver studiato Architettura all'Universit\u00e0 di Firenze, si \u00e8 impegnato in molteplici campi: comunicazione grafica, progettazione di allestimenti fieristici, brand design, Interior Design.\",\"sameAs\":[\"http:\/\/benedettofiori.com\",\"https:\/\/www.facebook.com\/benedettofiori\",\"https:\/\/x.com\/benedettofiori\"],\"url\":\"https:\/\/socialdesignmagazine.com\/mag\/author\/benedetto\/\"}]}<\/script>\n<!-- \/ Yoast SEO plugin. -->","yoast_head_json":{"title":"PREMIUM cresce e raddoppia, anteprima Catalano, cersaie 2012 - Social Design Magazine","description":"Premium espande al massimo la propria versatilit\u00e0 e raddoppia: in anteprima a Cersaie 2012 Catalano presenta una nuova declinazione del lavabo, che diventa doppio e contemporaneamente si amplia fino ai 150 cm. A questa nuova proposta si aggiunge anche una versione da 120 cm.","robots":{"index":"index","follow":"follow","max-snippet":"max-snippet:-1","max-image-preview":"max-image-preview:large","max-video-preview":"max-video-preview:-1"},"canonical":"https:\/\/socialdesignmagazine.com\/mag\/design\/premium-cresce-e-raddoppia-anteprima-catalano-cersaie-2012\/","og_locale":"it_IT","og_type":"article","og_title":"PREMIUM cresce e raddoppia, anteprima Catalano, cersaie 2012 - Social Design Magazine","og_description":"Premium espande al massimo la propria versatilit\u00e0 e raddoppia: in anteprima a Cersaie 2012 Catalano presenta una nuova declinazione del lavabo, che diventa doppio e contemporaneamente si amplia fino ai 150 cm. A questa nuova proposta si aggiunge anche una versione da 120 cm.","og_url":"http:\/\/socialdesignmagazine.com\/mag\/design\/premium-cresce-e-raddoppia-anteprima-catalano-cersaie-2012\/","og_site_name":"Social Design Magazine","article_publisher":"https:\/\/www.facebook.com\/socialdesignmag","article_author":"https:\/\/www.facebook.com\/benedettofiori","article_published_time":"2012-07-15T14:00:00+00:00","article_modified_time":"2024-05-15T21:39:49+00:00","og_image":[{"width":720,"height":997,"url":"https:\/\/socialdesignmagazine.com\/mag\/wp-content\/uploads\/2012\/07\/benedetto_catalano_premium_anteprima_cersaie_2012_CATALANO_anteprima_Cersaie_2012.jpg","type":"image\/jpeg"}],"author":"Benedetto Fiori","twitter_card":"summary_large_image","twitter_creator":"@benedettofiori","twitter_site":"@socialdesignmag","twitter_misc":{"Scritto da":"Benedetto Fiori","Tempo di lettura stimato":"2 minuti"},"schema":{"@context":"https:\/\/schema.org","@graph":[{"@type":"Article","@id":"https:\/\/socialdesignmagazine.com\/mag\/design\/premium-cresce-e-raddoppia-anteprima-catalano-cersaie-2012\/#article","isPartOf":{"@id":"https:\/\/socialdesignmagazine.com\/mag\/design\/premium-cresce-e-raddoppia-anteprima-catalano-cersaie-2012\/"},"author":{"name":"Benedetto Fiori","@id":"https:\/\/socialdesignmagazine.com\/mag\/#\/schema\/person\/61e20205cc363c315e6aabd33a045846"},"headline":"PREMIUM cresce e raddoppia, anteprima Catalano, cersaie 2012","datePublished":"2012-07-15T14:00:00+00:00","dateModified":"2024-05-15T21:39:49+00:00","mainEntityOfPage":{"@id":"https:\/\/socialdesignmagazine.com\/mag\/design\/premium-cresce-e-raddoppia-anteprima-catalano-cersaie-2012\/"},"wordCount":182,"commentCount":0,"publisher":{"@id":"https:\/\/socialdesignmagazine.com\/mag\/#organization"},"image":{"@id":"https:\/\/socialdesignmagazine.com\/mag\/design\/premium-cresce-e-raddoppia-anteprima-catalano-cersaie-2012\/#primaryimage"},"thumbnailUrl":"https:\/\/socialdesignmagazine.com\/mag\/wp-content\/uploads\/2012\/07\/benedetto_catalano_premium_anteprima_cersaie_2012_CATALANO_anteprima_Cersaie_2012.jpg","keywords":["bagno","catalano","cersaie 2012","lavabo"],"articleSection":["Design"],"inLanguage":"it-IT","potentialAction":[{"@type":"CommentAction","name":"Comment","target":["https:\/\/socialdesignmagazine.com\/mag\/design\/premium-cresce-e-raddoppia-anteprima-catalano-cersaie-2012\/#respond"]}]},{"@type":"WebPage","@id":"https:\/\/socialdesignmagazine.com\/mag\/design\/premium-cresce-e-raddoppia-anteprima-catalano-cersaie-2012\/","url":"https:\/\/socialdesignmagazine.com\/mag\/design\/premium-cresce-e-raddoppia-anteprima-catalano-cersaie-2012\/","name":"PREMIUM cresce e raddoppia, anteprima Catalano, cersaie 2012 - Social Design Magazine","isPartOf":{"@id":"https:\/\/socialdesignmagazine.com\/mag\/#website"},"primaryImageOfPage":{"@id":"https:\/\/socialdesignmagazine.com\/mag\/design\/premium-cresce-e-raddoppia-anteprima-catalano-cersaie-2012\/#primaryimage"},"image":{"@id":"https:\/\/socialdesignmagazine.com\/mag\/design\/premium-cresce-e-raddoppia-anteprima-catalano-cersaie-2012\/#primaryimage"},"thumbnailUrl":"https:\/\/socialdesignmagazine.com\/mag\/wp-content\/uploads\/2012\/07\/benedetto_catalano_premium_anteprima_cersaie_2012_CATALANO_anteprima_Cersaie_2012.jpg","datePublished":"2012-07-15T14:00:00+00:00","dateModified":"2024-05-15T21:39:49+00:00","description":"Premium espande al massimo la propria versatilit\u00e0 e raddoppia: in anteprima a Cersaie 2012 Catalano presenta una nuova declinazione del lavabo, che diventa doppio e contemporaneamente si amplia fino ai 150 cm. A questa nuova proposta si aggiunge anche una versione da 120 cm.","breadcrumb":{"@id":"https:\/\/socialdesignmagazine.com\/mag\/design\/premium-cresce-e-raddoppia-anteprima-catalano-cersaie-2012\/#breadcrumb"},"inLanguage":"it-IT","potentialAction":[{"@type":"ReadAction","target":["https:\/\/socialdesignmagazine.com\/mag\/design\/premium-cresce-e-raddoppia-anteprima-catalano-cersaie-2012\/"]}]},{"@type":"ImageObject","inLanguage":"it-IT","@id":"https:\/\/socialdesignmagazine.com\/mag\/design\/premium-cresce-e-raddoppia-anteprima-catalano-cersaie-2012\/#primaryimage","url":"https:\/\/socialdesignmagazine.com\/mag\/wp-content\/uploads\/2012\/07\/benedetto_catalano_premium_anteprima_cersaie_2012_CATALANO_anteprima_Cersaie_2012.jpg","contentUrl":"https:\/\/socialdesignmagazine.com\/mag\/wp-content\/uploads\/2012\/07\/benedetto_catalano_premium_anteprima_cersaie_2012_CATALANO_anteprima_Cersaie_2012.jpg","width":720,"height":997,"caption":"CATALANO anteprima Cersaie 2012"},{"@type":"BreadcrumbList","@id":"https:\/\/socialdesignmagazine.com\/mag\/design\/premium-cresce-e-raddoppia-anteprima-catalano-cersaie-2012\/#breadcrumb","itemListElement":[{"@type":"ListItem","position":1,"name":"Home","item":"https:\/\/socialdesignmagazine.com\/mag\/"},{"@type":"ListItem","position":2,"name":"Design","item":"https:\/\/socialdesignmagazine.com\/mag\/design\/"},{"@type":"ListItem","position":3,"name":"PREMIUM cresce e raddoppia, anteprima Catalano, cersaie 2012"}]},{"@type":"WebSite","@id":"https:\/\/socialdesignmagazine.com\/mag\/#website","url":"https:\/\/socialdesignmagazine.com\/mag\/","name":"Social Design Magazine","description":"Social Magazine su Design, Architettura, Arte, Grafica","publisher":{"@id":"https:\/\/socialdesignmagazine.com\/mag\/#organization"},"potentialAction":[{"@type":"SearchAction","target":{"@type":"EntryPoint","urlTemplate":"https:\/\/socialdesignmagazine.com\/mag\/?s={search_term_string}"},"query-input":{"@type":"PropertyValueSpecification","valueRequired":true,"valueName":"search_term_string"}}],"inLanguage":"it-IT"},{"@type":"Organization","@id":"https:\/\/socialdesignmagazine.com\/mag\/#organization","name":"Social Design Magazine","url":"https:\/\/socialdesignmagazine.com\/mag\/","logo":{"@type":"ImageObject","inLanguage":"it-IT","@id":"https:\/\/socialdesignmagazine.com\/mag\/#\/schema\/logo\/image\/","url":"https:\/\/socialdesignmagazine.com\/mag\/wp-content\/uploads\/2017\/01\/logo_favicon_11.png","contentUrl":"https:\/\/socialdesignmagazine.com\/mag\/wp-content\/uploads\/2017\/01\/logo_favicon_11.png","width":1024,"height":1024,"caption":"Social Design Magazine"},"image":{"@id":"https:\/\/socialdesignmagazine.com\/mag\/#\/schema\/logo\/image\/"},"sameAs":["https:\/\/www.facebook.com\/socialdesignmag","https:\/\/x.com\/socialdesignmag","http:\/\/instagram.com\/social_design_magazine\/","http:\/\/pinterest.com\/socialdesignmag\/","http:\/\/www.youtube.com\/user\/socialdesignmagazine"]},{"@type":"Person","@id":"https:\/\/socialdesignmagazine.com\/mag\/#\/schema\/person\/61e20205cc363c315e6aabd33a045846","name":"Benedetto Fiori","image":{"@type":"ImageObject","inLanguage":"it-IT","@id":"https:\/\/secure.gravatar.com\/avatar\/450a48cefa36da63d920ad70aa660bd10725b1c6093800242e5efdb397759033?s=96&d=mm&r=g","url":"https:\/\/secure.gravatar.com\/avatar\/450a48cefa36da63d920ad70aa660bd10725b1c6093800242e5efdb397759033?s=96&d=mm&r=g","contentUrl":"https:\/\/secure.gravatar.com\/avatar\/450a48cefa36da63d920ad70aa660bd10725b1c6093800242e5efdb397759033?s=96&d=mm&r=g","caption":"Benedetto Fiori"},"description":"Web | Twitter | Facebook | Shutterstock Founder &amp; Editor in Chief di Social Design Magazine. Attratto da sempre da tutto ci\u00f2 che \u00e8 creativit\u00e0, design, architettura. Dopo aver studiato Architettura all'Universit\u00e0 di Firenze, si \u00e8 impegnato in molteplici campi: comunicazione grafica, progettazione di allestimenti fieristici, brand design, Interior Design.","sameAs":["http:\/\/benedettofiori.com","https:\/\/www.facebook.com\/benedettofiori","https:\/\/x.com\/benedettofiori"],"url":"https:\/\/socialdesignmagazine.com\/mag\/author\/benedetto\/"}]}},"jetpack_featured_media_url":"https:\/\/socialdesignmagazine.com\/mag\/wp-content\/uploads\/2012\/07\/benedetto_catalano_premium_anteprima_cersaie_2012_CATALANO_anteprima_Cersaie_2012.jpg","jetpack_sharing_enabled":true,"jetpack_shortlink":"https:\/\/wp.me\/p6cV7V-dQ","gt_translate_keys":[{"key":"link","format":"url"}],"_links":{"self":[{"href":"https:\/\/socialdesignmagazine.com\/mag\/wp-json\/wp\/v2\/posts\/858","targetHints":{"allow":["GET"]}}],"collection":[{"href":"https:\/\/socialdesignmagazine.com\/mag\/wp-json\/wp\/v2\/posts"}],"about":[{"href":"https:\/\/socialdesignmagazine.com\/mag\/wp-json\/wp\/v2\/types\/post"}],"author":[{"embeddable":true,"href":"https:\/\/socialdesignmagazine.com\/mag\/wp-json\/wp\/v2\/users\/1"}],"replies":[{"embeddable":true,"href":"https:\/\/socialdesignmagazine.com\/mag\/wp-json\/wp\/v2\/comments?post=858"}],"version-history":[{"count":1,"href":"https:\/\/socialdesignmagazine.com\/mag\/wp-json\/wp\/v2\/posts\/858\/revisions"}],"predecessor-version":[{"id":60279,"href":"https:\/\/socialdesignmagazine.com\/mag\/wp-json\/wp\/v2\/posts\/858\/revisions\/60279"}],"wp:featuredmedia":[{"embeddable":true,"href":"https:\/\/socialdesignmagazine.com\/mag\/wp-json\/wp\/v2\/media\/8498"}],"wp:attachment":[{"href":"https:\/\/socialdesignmagazine.com\/mag\/wp-json\/wp\/v2\/media?parent=858"}],"wp:term":[{"taxonomy":"category","embeddable":true,"href":"https:\/\/socialdesignmagazine.com\/mag\/wp-json\/wp\/v2\/categories?post=858"},{"taxonomy":"post_tag","embeddable":true,"href":"https:\/\/socialdesignmagazine.com\/mag\/wp-json\/wp\/v2\/tags?post=858"}],"curies":[{"name":"wp","href":"https:\/\/api.w.org\/{rel}","templated":true}]}}