{"id":859,"date":"2012-07-15T18:00:00","date_gmt":"2012-07-15T16:00:00","guid":{"rendered":"https:\/\/socialdesignmagazine.com\/mag\/s6-design\/c35-design\/agora-nicola-de-ponti-per-tubes-a-cersaie-2012\/"},"modified":"2024-05-15T23:40:45","modified_gmt":"2024-05-15T21:40:45","slug":"agora-nicola-de-ponti-per-tubes-a-cersaie-2012","status":"publish","type":"post","link":"https:\/\/socialdesignmagazine.com\/mag\/design\/agora-nicola-de-ponti-per-tubes-a-cersaie-2012\/","title":{"rendered":"AGORA&#8217;, Nicola De Ponti per TUBES A CERSAIE 2012","gt_translate_keys":[{"key":"rendered","format":"text"}]},"content":{"rendered":"\n<p>Classico e contemporaneo, unisce ricerca formale e innovazione tecnologica: Agor\u00e0 di Tubes \u00e8 la soluzione ideale per tutti gli ambienti della casa. Indicato per le nuove realizzazioni, \u00e8 perfetto per le ristrutturazioni: grazie alla sua versatilit\u00e0 pu\u00f2 essere collocato ex-novo o sostituire i vecchi caloriferi senza dover ricorrere ad interventi murari.<\/p>\n\n\n\n<p>&nbsp;Interamente realizzato in trafilato di alluminio, con interassi standard e differenti misure e versioni, Agor\u00e0 gioca sulla componibilit\u00e0 degli elementi modulari, piuttosto larghi (13,7 cm), ma anche sull&#8217;altezza, passando dalla leggerezza dei 40 cm alla monumentalit\u00e0 dei 280 cm.<\/p>\n\n\n\n<p>Ulteriore fattore di interesse, in particolare per i progetti di ristrutturazione, \u00e8 la possibilit\u00e0 di tagliare gli elementi su misura, ottenendo versioni personalizzate sulla base delle specifiche esigenze.<\/p>\n\n\n\n<p>A bassissimo contenuto di acqua ed elevato risparmio energetico, Agor\u00e0 presenta una superficie molto estesa, data da alette che si trovano all&#8217;interno del radiatore, per consentire una resa termica ottimale. Per mantenere inalterato il carattere scultoreo e la purezza delle linee, le valvole possono essere collegate in remoto, svincolate dal corpo scaldante o tradizionalmente collegate al calorifero.<\/p>\n\n\n\n<p>La versatilit\u00e0 estetica data dalla possibilit\u00e0 di giocare con finiture e colori, a partire dalla citazione del classico termosifone in ghisa, \u00e8 un ulteriore caratteristica di Agor\u00e0. Le feritoie che si aprono sulla parte frontale consentono numerose combinazioni tra il colore del radiatore e la parete di sfondo, che pu\u00f2 essere in tinta, a contrasto, oppure, soprattutto in caso di ristrutturazioni o ambienti d&#8217;epoca, al naturale.<\/p>\n","protected":false,"gt_translate_keys":[{"key":"rendered","format":"html"}]},"excerpt":{"rendered":"<p>Classico e contemporaneo, unisce ricerca formale e innovazione tecnologica: Agor\u00e0 di Tubes \u00e8 la soluzione ideale per tutti gli ambienti della casa. <\/p>\n","protected":false,"gt_translate_keys":[{"key":"rendered","format":"html"}]},"author":1,"featured_media":8499,"comment_status":"open","ping_status":"open","sticky":false,"template":"","format":"standard","meta":{"jetpack_post_was_ever_published":false,"_jetpack_newsletter_access":"","_jetpack_dont_email_post_to_subs":false,"_jetpack_newsletter_tier_id":0,"_jetpack_memberships_contains_paywalled_content":false,"_jetpack_memberships_contains_paid_content":false,"footnotes":"","_wpscppro_dont_share_socialmedia":false,"_wpscppro_custom_social_share_image":0,"_facebook_share_type":"","_twitter_share_type":"","_linkedin_share_type":"","_pinterest_share_type":"","_linkedin_share_type_page":"","_instagram_share_type":"","_medium_share_type":"","_threads_share_type":"","_google_business_share_type":"","_selected_social_profile":[],"_wpsp_enable_custom_social_template":false,"_wpsp_social_scheduling":{"enabled":false,"datetime":null,"platforms":[],"status":"template_only","dateOption":"today","timeOption":"now","customDays":"","customHours":"","customDate":"","customTime":"","schedulingType":"absolute"},"_wpsp_active_default_template":true},"categories":[13],"tags":[123,2302,2084,1622,2083],"class_list":["post-859","post","type-post","status-publish","format-standard","has-post-thumbnail","hentry","category-design","tag-alluminio","tag-cersaie-2012","tag-nicola-de-ponti","tag-radiatori","tag-tubes"],"yoast_head":"<!-- This site is optimized with the Yoast SEO plugin v27.2 - https:\/\/yoast.com\/product\/yoast-seo-wordpress\/ -->\n<title>AGORA&#039;, Nicola De Ponti per TUBES A CERSAIE 2012 - Social Design Magazine<\/title>\n<meta name=\"description\" content=\"Classico e contemporaneo, unisce ricerca formale e innovazione tecnologica: Agor\u00e0 di Tubes \u00e8 la soluzione ideale per tutti gli ambienti della casa.\" \/>\n<meta name=\"robots\" content=\"index, follow, max-snippet:-1, max-image-preview:large, max-video-preview:-1\" \/>\n<link rel=\"canonical\" href=\"https:\/\/socialdesignmagazine.com\/mag\/design\/agora-nicola-de-ponti-per-tubes-a-cersaie-2012\/\" \/>\n<meta property=\"og:locale\" content=\"it_IT\" \/>\n<meta property=\"og:type\" content=\"article\" \/>\n<meta property=\"og:title\" content=\"AGORA&#039;, Nicola De Ponti per TUBES A CERSAIE 2012 - Social Design Magazine\" \/>\n<meta property=\"og:description\" content=\"Classico e contemporaneo, unisce ricerca formale e innovazione tecnologica: Agor\u00e0 di Tubes \u00e8 la soluzione ideale per tutti gli ambienti della casa.\" \/>\n<meta property=\"og:url\" content=\"http:\/\/socialdesignmagazine.com\/mag\/design\/agora-nicola-de-ponti-per-tubes-a-cersaie-2012\/\" \/>\n<meta property=\"og:site_name\" content=\"Social Design Magazine\" \/>\n<meta property=\"article:publisher\" content=\"https:\/\/www.facebook.com\/socialdesignmag\" \/>\n<meta property=\"article:author\" content=\"https:\/\/www.facebook.com\/benedettofiori\" \/>\n<meta property=\"article:published_time\" content=\"2012-07-15T16:00:00+00:00\" \/>\n<meta property=\"article:modified_time\" content=\"2024-05-15T21:40:45+00:00\" \/>\n<meta property=\"og:image\" content=\"https:\/\/socialdesignmagazine.com\/mag\/wp-content\/uploads\/2012\/07\/benedetto_tubes_Tubes_Cersaie_2012.jpg\" \/>\n\t<meta property=\"og:image:width\" content=\"720\" \/>\n\t<meta property=\"og:image:height\" content=\"540\" \/>\n\t<meta property=\"og:image:type\" content=\"image\/jpeg\" \/>\n<meta name=\"author\" content=\"Benedetto Fiori\" \/>\n<meta name=\"twitter:card\" content=\"summary_large_image\" \/>\n<meta name=\"twitter:creator\" content=\"@benedettofiori\" \/>\n<meta name=\"twitter:site\" content=\"@socialdesignmag\" \/>\n<meta name=\"twitter:label1\" content=\"Scritto da\" \/>\n\t<meta name=\"twitter:data1\" content=\"Benedetto Fiori\" \/>\n\t<meta name=\"twitter:label2\" content=\"Tempo di lettura stimato\" \/>\n\t<meta name=\"twitter:data2\" content=\"2 minuti\" \/>\n<script type=\"application\/ld+json\" class=\"yoast-schema-graph\">{\"@context\":\"https:\/\/schema.org\",\"@graph\":[{\"@type\":\"Article\",\"@id\":\"https:\/\/socialdesignmagazine.com\/mag\/design\/agora-nicola-de-ponti-per-tubes-a-cersaie-2012\/#article\",\"isPartOf\":{\"@id\":\"https:\/\/socialdesignmagazine.com\/mag\/design\/agora-nicola-de-ponti-per-tubes-a-cersaie-2012\/\"},\"author\":{\"name\":\"Benedetto Fiori\",\"@id\":\"https:\/\/socialdesignmagazine.com\/mag\/#\/schema\/person\/61e20205cc363c315e6aabd33a045846\"},\"headline\":\"AGORA&#8217;, Nicola De Ponti per TUBES A CERSAIE 2012\",\"datePublished\":\"2012-07-15T16:00:00+00:00\",\"dateModified\":\"2024-05-15T21:40:45+00:00\",\"mainEntityOfPage\":{\"@id\":\"https:\/\/socialdesignmagazine.com\/mag\/design\/agora-nicola-de-ponti-per-tubes-a-cersaie-2012\/\"},\"wordCount\":246,\"commentCount\":0,\"publisher\":{\"@id\":\"https:\/\/socialdesignmagazine.com\/mag\/#organization\"},\"image\":{\"@id\":\"https:\/\/socialdesignmagazine.com\/mag\/design\/agora-nicola-de-ponti-per-tubes-a-cersaie-2012\/#primaryimage\"},\"thumbnailUrl\":\"https:\/\/socialdesignmagazine.com\/mag\/wp-content\/uploads\/2012\/07\/benedetto_tubes_Tubes_Cersaie_2012.jpg\",\"keywords\":[\"alluminio\",\"cersaie 2012\",\"nicola de ponti\",\"radiatori\",\"tubes\"],\"articleSection\":[\"Design\"],\"inLanguage\":\"it-IT\",\"potentialAction\":[{\"@type\":\"CommentAction\",\"name\":\"Comment\",\"target\":[\"https:\/\/socialdesignmagazine.com\/mag\/design\/agora-nicola-de-ponti-per-tubes-a-cersaie-2012\/#respond\"]}]},{\"@type\":\"WebPage\",\"@id\":\"https:\/\/socialdesignmagazine.com\/mag\/design\/agora-nicola-de-ponti-per-tubes-a-cersaie-2012\/\",\"url\":\"https:\/\/socialdesignmagazine.com\/mag\/design\/agora-nicola-de-ponti-per-tubes-a-cersaie-2012\/\",\"name\":\"AGORA', Nicola De Ponti per TUBES A CERSAIE 2012 - Social Design Magazine\",\"isPartOf\":{\"@id\":\"https:\/\/socialdesignmagazine.com\/mag\/#website\"},\"primaryImageOfPage\":{\"@id\":\"https:\/\/socialdesignmagazine.com\/mag\/design\/agora-nicola-de-ponti-per-tubes-a-cersaie-2012\/#primaryimage\"},\"image\":{\"@id\":\"https:\/\/socialdesignmagazine.com\/mag\/design\/agora-nicola-de-ponti-per-tubes-a-cersaie-2012\/#primaryimage\"},\"thumbnailUrl\":\"https:\/\/socialdesignmagazine.com\/mag\/wp-content\/uploads\/2012\/07\/benedetto_tubes_Tubes_Cersaie_2012.jpg\",\"datePublished\":\"2012-07-15T16:00:00+00:00\",\"dateModified\":\"2024-05-15T21:40:45+00:00\",\"description\":\"Classico e contemporaneo, unisce ricerca formale e innovazione tecnologica: Agor\u00e0 di Tubes \u00e8 la soluzione ideale per tutti gli ambienti della casa.\",\"breadcrumb\":{\"@id\":\"https:\/\/socialdesignmagazine.com\/mag\/design\/agora-nicola-de-ponti-per-tubes-a-cersaie-2012\/#breadcrumb\"},\"inLanguage\":\"it-IT\",\"potentialAction\":[{\"@type\":\"ReadAction\",\"target\":[\"https:\/\/socialdesignmagazine.com\/mag\/design\/agora-nicola-de-ponti-per-tubes-a-cersaie-2012\/\"]}]},{\"@type\":\"ImageObject\",\"inLanguage\":\"it-IT\",\"@id\":\"https:\/\/socialdesignmagazine.com\/mag\/design\/agora-nicola-de-ponti-per-tubes-a-cersaie-2012\/#primaryimage\",\"url\":\"https:\/\/socialdesignmagazine.com\/mag\/wp-content\/uploads\/2012\/07\/benedetto_tubes_Tubes_Cersaie_2012.jpg\",\"contentUrl\":\"https:\/\/socialdesignmagazine.com\/mag\/wp-content\/uploads\/2012\/07\/benedetto_tubes_Tubes_Cersaie_2012.jpg\",\"width\":720,\"height\":540,\"caption\":\"Tubes Cersaie 2012\"},{\"@type\":\"BreadcrumbList\",\"@id\":\"https:\/\/socialdesignmagazine.com\/mag\/design\/agora-nicola-de-ponti-per-tubes-a-cersaie-2012\/#breadcrumb\",\"itemListElement\":[{\"@type\":\"ListItem\",\"position\":1,\"name\":\"Home\",\"item\":\"https:\/\/socialdesignmagazine.com\/mag\/\"},{\"@type\":\"ListItem\",\"position\":2,\"name\":\"Design\",\"item\":\"https:\/\/socialdesignmagazine.com\/mag\/design\/\"},{\"@type\":\"ListItem\",\"position\":3,\"name\":\"AGORA&#8217;, Nicola De Ponti per TUBES A CERSAIE 2012\"}]},{\"@type\":\"WebSite\",\"@id\":\"https:\/\/socialdesignmagazine.com\/mag\/#website\",\"url\":\"https:\/\/socialdesignmagazine.com\/mag\/\",\"name\":\"Social Design Magazine\",\"description\":\"Social Magazine su Design, Architettura, Arte, Grafica\",\"publisher\":{\"@id\":\"https:\/\/socialdesignmagazine.com\/mag\/#organization\"},\"potentialAction\":[{\"@type\":\"SearchAction\",\"target\":{\"@type\":\"EntryPoint\",\"urlTemplate\":\"https:\/\/socialdesignmagazine.com\/mag\/?s={search_term_string}\"},\"query-input\":{\"@type\":\"PropertyValueSpecification\",\"valueRequired\":true,\"valueName\":\"search_term_string\"}}],\"inLanguage\":\"it-IT\"},{\"@type\":\"Organization\",\"@id\":\"https:\/\/socialdesignmagazine.com\/mag\/#organization\",\"name\":\"Social Design Magazine\",\"url\":\"https:\/\/socialdesignmagazine.com\/mag\/\",\"logo\":{\"@type\":\"ImageObject\",\"inLanguage\":\"it-IT\",\"@id\":\"https:\/\/socialdesignmagazine.com\/mag\/#\/schema\/logo\/image\/\",\"url\":\"https:\/\/socialdesignmagazine.com\/mag\/wp-content\/uploads\/2017\/01\/logo_favicon_11.png\",\"contentUrl\":\"https:\/\/socialdesignmagazine.com\/mag\/wp-content\/uploads\/2017\/01\/logo_favicon_11.png\",\"width\":1024,\"height\":1024,\"caption\":\"Social Design Magazine\"},\"image\":{\"@id\":\"https:\/\/socialdesignmagazine.com\/mag\/#\/schema\/logo\/image\/\"},\"sameAs\":[\"https:\/\/www.facebook.com\/socialdesignmag\",\"https:\/\/x.com\/socialdesignmag\",\"http:\/\/instagram.com\/social_design_magazine\/\",\"http:\/\/pinterest.com\/socialdesignmag\/\",\"http:\/\/www.youtube.com\/user\/socialdesignmagazine\"]},{\"@type\":\"Person\",\"@id\":\"https:\/\/socialdesignmagazine.com\/mag\/#\/schema\/person\/61e20205cc363c315e6aabd33a045846\",\"name\":\"Benedetto Fiori\",\"image\":{\"@type\":\"ImageObject\",\"inLanguage\":\"it-IT\",\"@id\":\"https:\/\/secure.gravatar.com\/avatar\/450a48cefa36da63d920ad70aa660bd10725b1c6093800242e5efdb397759033?s=96&d=mm&r=g\",\"url\":\"https:\/\/secure.gravatar.com\/avatar\/450a48cefa36da63d920ad70aa660bd10725b1c6093800242e5efdb397759033?s=96&d=mm&r=g\",\"contentUrl\":\"https:\/\/secure.gravatar.com\/avatar\/450a48cefa36da63d920ad70aa660bd10725b1c6093800242e5efdb397759033?s=96&d=mm&r=g\",\"caption\":\"Benedetto Fiori\"},\"description\":\"Web | Twitter | Facebook | Shutterstock Founder &amp; Editor in Chief di Social Design Magazine. Attratto da sempre da tutto ci\u00f2 che \u00e8 creativit\u00e0, design, architettura. Dopo aver studiato Architettura all'Universit\u00e0 di Firenze, si \u00e8 impegnato in molteplici campi: comunicazione grafica, progettazione di allestimenti fieristici, brand design, Interior Design.\",\"sameAs\":[\"http:\/\/benedettofiori.com\",\"https:\/\/www.facebook.com\/benedettofiori\",\"https:\/\/x.com\/benedettofiori\"],\"url\":\"https:\/\/socialdesignmagazine.com\/mag\/author\/benedetto\/\"}]}<\/script>\n<!-- \/ Yoast SEO plugin. -->","yoast_head_json":{"title":"AGORA', Nicola De Ponti per TUBES A CERSAIE 2012 - Social Design Magazine","description":"Classico e contemporaneo, unisce ricerca formale e innovazione tecnologica: Agor\u00e0 di Tubes \u00e8 la soluzione ideale per tutti gli ambienti della casa.","robots":{"index":"index","follow":"follow","max-snippet":"max-snippet:-1","max-image-preview":"max-image-preview:large","max-video-preview":"max-video-preview:-1"},"canonical":"https:\/\/socialdesignmagazine.com\/mag\/design\/agora-nicola-de-ponti-per-tubes-a-cersaie-2012\/","og_locale":"it_IT","og_type":"article","og_title":"AGORA', Nicola De Ponti per TUBES A CERSAIE 2012 - Social Design Magazine","og_description":"Classico e contemporaneo, unisce ricerca formale e innovazione tecnologica: Agor\u00e0 di Tubes \u00e8 la soluzione ideale per tutti gli ambienti della casa.","og_url":"http:\/\/socialdesignmagazine.com\/mag\/design\/agora-nicola-de-ponti-per-tubes-a-cersaie-2012\/","og_site_name":"Social Design Magazine","article_publisher":"https:\/\/www.facebook.com\/socialdesignmag","article_author":"https:\/\/www.facebook.com\/benedettofiori","article_published_time":"2012-07-15T16:00:00+00:00","article_modified_time":"2024-05-15T21:40:45+00:00","og_image":[{"width":720,"height":540,"url":"https:\/\/socialdesignmagazine.com\/mag\/wp-content\/uploads\/2012\/07\/benedetto_tubes_Tubes_Cersaie_2012.jpg","type":"image\/jpeg"}],"author":"Benedetto Fiori","twitter_card":"summary_large_image","twitter_creator":"@benedettofiori","twitter_site":"@socialdesignmag","twitter_misc":{"Scritto da":"Benedetto Fiori","Tempo di lettura stimato":"2 minuti"},"schema":{"@context":"https:\/\/schema.org","@graph":[{"@type":"Article","@id":"https:\/\/socialdesignmagazine.com\/mag\/design\/agora-nicola-de-ponti-per-tubes-a-cersaie-2012\/#article","isPartOf":{"@id":"https:\/\/socialdesignmagazine.com\/mag\/design\/agora-nicola-de-ponti-per-tubes-a-cersaie-2012\/"},"author":{"name":"Benedetto Fiori","@id":"https:\/\/socialdesignmagazine.com\/mag\/#\/schema\/person\/61e20205cc363c315e6aabd33a045846"},"headline":"AGORA&#8217;, Nicola De Ponti per TUBES A CERSAIE 2012","datePublished":"2012-07-15T16:00:00+00:00","dateModified":"2024-05-15T21:40:45+00:00","mainEntityOfPage":{"@id":"https:\/\/socialdesignmagazine.com\/mag\/design\/agora-nicola-de-ponti-per-tubes-a-cersaie-2012\/"},"wordCount":246,"commentCount":0,"publisher":{"@id":"https:\/\/socialdesignmagazine.com\/mag\/#organization"},"image":{"@id":"https:\/\/socialdesignmagazine.com\/mag\/design\/agora-nicola-de-ponti-per-tubes-a-cersaie-2012\/#primaryimage"},"thumbnailUrl":"https:\/\/socialdesignmagazine.com\/mag\/wp-content\/uploads\/2012\/07\/benedetto_tubes_Tubes_Cersaie_2012.jpg","keywords":["alluminio","cersaie 2012","nicola de ponti","radiatori","tubes"],"articleSection":["Design"],"inLanguage":"it-IT","potentialAction":[{"@type":"CommentAction","name":"Comment","target":["https:\/\/socialdesignmagazine.com\/mag\/design\/agora-nicola-de-ponti-per-tubes-a-cersaie-2012\/#respond"]}]},{"@type":"WebPage","@id":"https:\/\/socialdesignmagazine.com\/mag\/design\/agora-nicola-de-ponti-per-tubes-a-cersaie-2012\/","url":"https:\/\/socialdesignmagazine.com\/mag\/design\/agora-nicola-de-ponti-per-tubes-a-cersaie-2012\/","name":"AGORA', Nicola De Ponti per TUBES A CERSAIE 2012 - Social Design Magazine","isPartOf":{"@id":"https:\/\/socialdesignmagazine.com\/mag\/#website"},"primaryImageOfPage":{"@id":"https:\/\/socialdesignmagazine.com\/mag\/design\/agora-nicola-de-ponti-per-tubes-a-cersaie-2012\/#primaryimage"},"image":{"@id":"https:\/\/socialdesignmagazine.com\/mag\/design\/agora-nicola-de-ponti-per-tubes-a-cersaie-2012\/#primaryimage"},"thumbnailUrl":"https:\/\/socialdesignmagazine.com\/mag\/wp-content\/uploads\/2012\/07\/benedetto_tubes_Tubes_Cersaie_2012.jpg","datePublished":"2012-07-15T16:00:00+00:00","dateModified":"2024-05-15T21:40:45+00:00","description":"Classico e contemporaneo, unisce ricerca formale e innovazione tecnologica: Agor\u00e0 di Tubes \u00e8 la soluzione ideale per tutti gli ambienti della casa.","breadcrumb":{"@id":"https:\/\/socialdesignmagazine.com\/mag\/design\/agora-nicola-de-ponti-per-tubes-a-cersaie-2012\/#breadcrumb"},"inLanguage":"it-IT","potentialAction":[{"@type":"ReadAction","target":["https:\/\/socialdesignmagazine.com\/mag\/design\/agora-nicola-de-ponti-per-tubes-a-cersaie-2012\/"]}]},{"@type":"ImageObject","inLanguage":"it-IT","@id":"https:\/\/socialdesignmagazine.com\/mag\/design\/agora-nicola-de-ponti-per-tubes-a-cersaie-2012\/#primaryimage","url":"https:\/\/socialdesignmagazine.com\/mag\/wp-content\/uploads\/2012\/07\/benedetto_tubes_Tubes_Cersaie_2012.jpg","contentUrl":"https:\/\/socialdesignmagazine.com\/mag\/wp-content\/uploads\/2012\/07\/benedetto_tubes_Tubes_Cersaie_2012.jpg","width":720,"height":540,"caption":"Tubes Cersaie 2012"},{"@type":"BreadcrumbList","@id":"https:\/\/socialdesignmagazine.com\/mag\/design\/agora-nicola-de-ponti-per-tubes-a-cersaie-2012\/#breadcrumb","itemListElement":[{"@type":"ListItem","position":1,"name":"Home","item":"https:\/\/socialdesignmagazine.com\/mag\/"},{"@type":"ListItem","position":2,"name":"Design","item":"https:\/\/socialdesignmagazine.com\/mag\/design\/"},{"@type":"ListItem","position":3,"name":"AGORA&#8217;, Nicola De Ponti per TUBES A CERSAIE 2012"}]},{"@type":"WebSite","@id":"https:\/\/socialdesignmagazine.com\/mag\/#website","url":"https:\/\/socialdesignmagazine.com\/mag\/","name":"Social Design Magazine","description":"Social Magazine su Design, Architettura, Arte, Grafica","publisher":{"@id":"https:\/\/socialdesignmagazine.com\/mag\/#organization"},"potentialAction":[{"@type":"SearchAction","target":{"@type":"EntryPoint","urlTemplate":"https:\/\/socialdesignmagazine.com\/mag\/?s={search_term_string}"},"query-input":{"@type":"PropertyValueSpecification","valueRequired":true,"valueName":"search_term_string"}}],"inLanguage":"it-IT"},{"@type":"Organization","@id":"https:\/\/socialdesignmagazine.com\/mag\/#organization","name":"Social Design Magazine","url":"https:\/\/socialdesignmagazine.com\/mag\/","logo":{"@type":"ImageObject","inLanguage":"it-IT","@id":"https:\/\/socialdesignmagazine.com\/mag\/#\/schema\/logo\/image\/","url":"https:\/\/socialdesignmagazine.com\/mag\/wp-content\/uploads\/2017\/01\/logo_favicon_11.png","contentUrl":"https:\/\/socialdesignmagazine.com\/mag\/wp-content\/uploads\/2017\/01\/logo_favicon_11.png","width":1024,"height":1024,"caption":"Social Design Magazine"},"image":{"@id":"https:\/\/socialdesignmagazine.com\/mag\/#\/schema\/logo\/image\/"},"sameAs":["https:\/\/www.facebook.com\/socialdesignmag","https:\/\/x.com\/socialdesignmag","http:\/\/instagram.com\/social_design_magazine\/","http:\/\/pinterest.com\/socialdesignmag\/","http:\/\/www.youtube.com\/user\/socialdesignmagazine"]},{"@type":"Person","@id":"https:\/\/socialdesignmagazine.com\/mag\/#\/schema\/person\/61e20205cc363c315e6aabd33a045846","name":"Benedetto Fiori","image":{"@type":"ImageObject","inLanguage":"it-IT","@id":"https:\/\/secure.gravatar.com\/avatar\/450a48cefa36da63d920ad70aa660bd10725b1c6093800242e5efdb397759033?s=96&d=mm&r=g","url":"https:\/\/secure.gravatar.com\/avatar\/450a48cefa36da63d920ad70aa660bd10725b1c6093800242e5efdb397759033?s=96&d=mm&r=g","contentUrl":"https:\/\/secure.gravatar.com\/avatar\/450a48cefa36da63d920ad70aa660bd10725b1c6093800242e5efdb397759033?s=96&d=mm&r=g","caption":"Benedetto Fiori"},"description":"Web | Twitter | Facebook | Shutterstock Founder &amp; Editor in Chief di Social Design Magazine. Attratto da sempre da tutto ci\u00f2 che \u00e8 creativit\u00e0, design, architettura. Dopo aver studiato Architettura all'Universit\u00e0 di Firenze, si \u00e8 impegnato in molteplici campi: comunicazione grafica, progettazione di allestimenti fieristici, brand design, Interior Design.","sameAs":["http:\/\/benedettofiori.com","https:\/\/www.facebook.com\/benedettofiori","https:\/\/x.com\/benedettofiori"],"url":"https:\/\/socialdesignmagazine.com\/mag\/author\/benedetto\/"}]}},"jetpack_featured_media_url":"https:\/\/socialdesignmagazine.com\/mag\/wp-content\/uploads\/2012\/07\/benedetto_tubes_Tubes_Cersaie_2012.jpg","jetpack_sharing_enabled":true,"jetpack_shortlink":"https:\/\/wp.me\/p6cV7V-dR","gt_translate_keys":[{"key":"link","format":"url"}],"_links":{"self":[{"href":"https:\/\/socialdesignmagazine.com\/mag\/wp-json\/wp\/v2\/posts\/859","targetHints":{"allow":["GET"]}}],"collection":[{"href":"https:\/\/socialdesignmagazine.com\/mag\/wp-json\/wp\/v2\/posts"}],"about":[{"href":"https:\/\/socialdesignmagazine.com\/mag\/wp-json\/wp\/v2\/types\/post"}],"author":[{"embeddable":true,"href":"https:\/\/socialdesignmagazine.com\/mag\/wp-json\/wp\/v2\/users\/1"}],"replies":[{"embeddable":true,"href":"https:\/\/socialdesignmagazine.com\/mag\/wp-json\/wp\/v2\/comments?post=859"}],"version-history":[{"count":1,"href":"https:\/\/socialdesignmagazine.com\/mag\/wp-json\/wp\/v2\/posts\/859\/revisions"}],"predecessor-version":[{"id":60280,"href":"https:\/\/socialdesignmagazine.com\/mag\/wp-json\/wp\/v2\/posts\/859\/revisions\/60280"}],"wp:featuredmedia":[{"embeddable":true,"href":"https:\/\/socialdesignmagazine.com\/mag\/wp-json\/wp\/v2\/media\/8499"}],"wp:attachment":[{"href":"https:\/\/socialdesignmagazine.com\/mag\/wp-json\/wp\/v2\/media?parent=859"}],"wp:term":[{"taxonomy":"category","embeddable":true,"href":"https:\/\/socialdesignmagazine.com\/mag\/wp-json\/wp\/v2\/categories?post=859"},{"taxonomy":"post_tag","embeddable":true,"href":"https:\/\/socialdesignmagazine.com\/mag\/wp-json\/wp\/v2\/tags?post=859"}],"curies":[{"name":"wp","href":"https:\/\/api.w.org\/{rel}","templated":true}]}}